{"id":23668,"date":"2026-01-09T13:41:45","date_gmt":"2026-01-09T16:41:45","guid":{"rendered":"https:\/\/ubanews.com\/site\/?p=23668"},"modified":"2026-01-09T13:44:02","modified_gmt":"2026-01-09T16:44:02","slug":"sintese-das-ocorrencias-policiais-09-01-2026","status":"publish","type":"post","link":"https:\/\/ubanews.com\/site\/2026\/01\/09\/sintese-das-ocorrencias-policiais-09-01-2026\/","title":{"rendered":"Sintese-das-ocorrencias-policiais-09-01-2026"},"content":{"rendered":"<h2><strong>Sintese das ocorrencias policiais<\/strong><\/h2>\n<p><strong>2026-001005790-001 \u2013 POL\u00cdCIA MILITAR REGISTRA HOMIC\u00cdDIO NO BAIRRO JARDIM PRIMAVERA<\/strong><\/p>\n<p>UB\u00c1 \u2013 Rua D\u00e9lio Couto Malta, Jardim Primavera 08H05MIN<\/p>\n<p>A Pol\u00edcia Militar foi acionada ap\u00f3s ocorr\u00eancia de disparos de arma de fogo na Rua D\u00e9lio Couto Malta. No local, o SAMU havia constatado o \u00f3bito.<\/p>\n<p>Realizado contato com testemunhas, verificou-se que a v\u00edtima estava na porta de sua resid\u00eancia quando dois indiv\u00edduos em uma motocicleta preta se aproximaram, tendo o carona efetuado diversos disparos.<\/p>\n<p>A v\u00edtima, um homem de 36 anos, tentou fugir para o interior do im\u00f3vel, por\u00e9m foi atingida por tr\u00eas proj\u00e9teis calibre .38, vindo a \u00f3bito no local. Ap\u00f3s os disparos, os autores evadiram, momento em que perderam o controle da motocicleta, danificando a manete direita do freio.<\/p>\n<p>O ve\u00edculo foi encontrado abandonado em uma garagem na mesma rua, sendo removido pelo P\u00e1tio Credenciado.<\/p>\n<p>Rastreamentos prosseguem objetivando a pris\u00e3o dos autores.<\/p>\n<p><strong>2026-001029248-001 \u2013 POL\u00cdCIA MILITAR APREENDE DROGAS<\/strong><\/p>\n<p>VISCONDE DO RIO BRANCO &#8211; Rua Nicolau Candido, Dulcilia Carone 11H49MIN<\/p>\n<p><img decoding=\"async\" class=\"aligncenter size-medium wp-image-23670 lazyload\" data-src=\"https:\/\/ubanews.com\/site\/wp-content\/uploads\/2026\/01\/2026-01-08-VISCONDE-DO-RIO-BRANCO-POLICIA-MILITAR-APREENDE-DROGAS-240x300.jpg\" alt=\"\" width=\"240\" height=\"300\" data-srcset=\"https:\/\/ubanews.com\/site\/wp-content\/uploads\/2026\/01\/2026-01-08-VISCONDE-DO-RIO-BRANCO-POLICIA-MILITAR-APREENDE-DROGAS-240x300.jpg 240w, https:\/\/ubanews.com\/site\/wp-content\/uploads\/2026\/01\/2026-01-08-VISCONDE-DO-RIO-BRANCO-POLICIA-MILITAR-APREENDE-DROGAS-819x1024.jpg 819w, https:\/\/ubanews.com\/site\/wp-content\/uploads\/2026\/01\/2026-01-08-VISCONDE-DO-RIO-BRANCO-POLICIA-MILITAR-APREENDE-DROGAS-768x960.jpg 768w, https:\/\/ubanews.com\/site\/wp-content\/uploads\/2026\/01\/2026-01-08-VISCONDE-DO-RIO-BRANCO-POLICIA-MILITAR-APREENDE-DROGAS.jpg 1024w\" data-sizes=\"(max-width: 240px) 100vw, 240px\" src=\"data:image\/svg+xml;base64,PHN2ZyB3aWR0aD0iMSIgaGVpZ2h0PSIxIiB4bWxucz0iaHR0cDovL3d3dy53My5vcmcvMjAwMC9zdmciPjwvc3ZnPg==\" style=\"--smush-placeholder-width: 240px; --smush-placeholder-aspect-ratio: 240\/300;\" \/><\/p>\n<p>Durante patrulhamento em Visconde do Rio Branco, A Pol\u00edcia Militar visualizou, na Rua Nicolau C\u00e2ndido, um indiv\u00edduo que, ao perceber a presen\u00e7a policial apresentou comportamento suspeito, demonstrando intenso nervosismo.<\/p>\n<p>Realizada a abordagem, ap\u00f3s busca pessoal, foram encontrados 06 papelotes e 04 pinos de subst\u00e2ncia an\u00e1loga \u00e0 coca\u00edna e 01 bucha de subst\u00e2ncia esverdeada aparentando ser maconha, al\u00e9m de certa quantia em dinheiro.<\/p>\n<p>O menor foi apreendido e encaminhado \u00e0 Delegacia de Pol\u00edcia Judici\u00e1ria, juntamente ao material arrecadado.<\/p>\n<p><strong>2026-001077274-001 \u2013 POL\u00cdCIA MILITAR PRENDE AUTOR DE TR\u00c1FICO DE DROGAS NO BAIRRO S\u00c3O DOMINGOS<\/strong><\/p>\n<p>UB\u00c1 &#8211; Rua Coronel Otaviano da Rocha, S\u00e3o Domingos \u00a015H30MIN<\/p>\n<p>A Pol\u00edcia Militar, em cumprimento a um mandado de busca e apreens\u00e3o, compareceu a um im\u00f3vel localizado na Rua Coronel Otaviano da Rocha, bairro S\u00e3o Domingo, constantemente denunciado por ser utilizado para acondicionamento de entorpecentes.<\/p>\n<p>Ap\u00f3s ter a entrada franqueada pela moradora, durante as buscas foram localizadas 01 pedra maior e 09 pedras menores de subst\u00e2ncia semelhante a coca\u00edna, al\u00e9m de 02 balan\u00e7as de precis\u00e3o.<\/p>\n<p>O autor, um homem de 25 anos, foi preso e encaminhado \u00e0 Delegacia de Pol\u00edcia, juntamente ao material apreendido.<\/p>\n<p><strong>2026-000973040-001 \u2013 POL\u00cdCIA MILITAR PRENDE AUTOR POR PORTE ILEGAL DE ARMA DE FOGO<\/strong><\/p>\n<p>UB\u00c1 &#8211; \u00a0Rua Jos\u00e9 Betio, Mangueira Rural 20H27MIN<\/p>\n<p><img decoding=\"async\" class=\"aligncenter size-medium wp-image-23669 lazyload\" data-src=\"https:\/\/ubanews.com\/site\/wp-content\/uploads\/2026\/01\/2026-01-07-POLICIA-MILITAR-PRENDE-AUTOR-POR-PORTE-ILEGAL-DE-ARMA-DE-FOGO-264x300.jpg\" alt=\"\" width=\"264\" height=\"300\" data-srcset=\"https:\/\/ubanews.com\/site\/wp-content\/uploads\/2026\/01\/2026-01-07-POLICIA-MILITAR-PRENDE-AUTOR-POR-PORTE-ILEGAL-DE-ARMA-DE-FOGO-264x300.jpg 264w, https:\/\/ubanews.com\/site\/wp-content\/uploads\/2026\/01\/2026-01-07-POLICIA-MILITAR-PRENDE-AUTOR-POR-PORTE-ILEGAL-DE-ARMA-DE-FOGO-901x1024.jpg 901w, https:\/\/ubanews.com\/site\/wp-content\/uploads\/2026\/01\/2026-01-07-POLICIA-MILITAR-PRENDE-AUTOR-POR-PORTE-ILEGAL-DE-ARMA-DE-FOGO-768x873.jpg 768w, https:\/\/ubanews.com\/site\/wp-content\/uploads\/2026\/01\/2026-01-07-POLICIA-MILITAR-PRENDE-AUTOR-POR-PORTE-ILEGAL-DE-ARMA-DE-FOGO.jpg 1230w\" data-sizes=\"(max-width: 264px) 100vw, 264px\" src=\"data:image\/svg+xml;base64,PHN2ZyB3aWR0aD0iMSIgaGVpZ2h0PSIxIiB4bWxucz0iaHR0cDovL3d3dy53My5vcmcvMjAwMC9zdmciPjwvc3ZnPg==\" style=\"--smush-placeholder-width: 264px; --smush-placeholder-aspect-ratio: 264\/300;\" \/><\/p>\n<p>Na noite do dia 07 de Janeiro, a Pol\u00edcia Militar foi acionada via COPOM para atendimento de uma ocorr\u00eancia de disparo de arma de fogo na Rua Jos\u00e9 Betio, bairro Mangueira Rural. No local, foi encontrado um homem de 50 anos, ferido por disparo de arma de fogo na regi\u00e3o da virilha da perna esquerda, consciente e com vida.<\/p>\n<p>A v\u00edtima foi socorrida pelo SAMU e encaminhada ao hospital, onde recebeu atendimento m\u00e9dico, n\u00e3o correndo risco de morte.<\/p>\n<p>Em contato com testemunha, foi informado que a v\u00edtima havia sido notificada anteriormente sobre medida protetiva que o impedia de se aproximar dos pais, circunst\u00e2ncia que teria gerado desentendimento familiar com seu irm\u00e3o, autor dos disparos, vindo esse a alvej\u00e1-lo com um disparo de arma de fogo, acertando a virilha.<\/p>\n<p>Ap\u00f3s dilig\u00eancias, o autor dos disparos, um homem de 49 anos, foi preso e entregou voluntariamente a arma de fogo 9 mm Taurus PT92, al\u00e9m de 12 muni\u00e7\u00f5es 9 mm intactas e\u00a0 01 carregador.<\/p>\n<p>O autor foi preso e encaminhado \u00e0 Delegacia de Pol\u00edcia, juntamente ao material apreendido.<\/p>\n<p>&nbsp;<\/p>\n<p>&nbsp;<\/p>\n<p>&nbsp;<\/p>\n<p>&nbsp;<\/p>\n","protected":false},"excerpt":{"rendered":"<p>Sintese das ocorrencias policiais 2026-001005790-001 \u2013 POL\u00cdCIA MILITAR REGISTRA HOMIC\u00cdDIO<\/p>\n","protected":false},"author":4,"featured_media":0,"comment_status":"open","ping_status":"open","sticky":false,"template":"","format":"standard","meta":{"footnotes":""},"categories":[13],"tags":[59,222,289],"class_list":["post-23668","post","type-post","status-publish","format-standard","hentry","category-sintese-das-ocorrencias","tag-fala-sodre","tag-ocorrencia-policial","tag-sintese"],"yoast_head":"<!-- This site is optimized with the Yoast SEO plugin v27.2 - https:\/\/yoast.com\/product\/yoast-seo-wordpress\/ -->\n<title>Sintese-das-ocorrencias-policiais-09-01-2026 - Ub\u00e1 News<\/title>\n<meta name=\"description\" content=\"Sintese das ocorrencias policiais\" \/>\n<meta name=\"robots\" content=\"index, follow, max-snippet:-1, max-image-preview:large, max-video-preview:-1\" \/>\n<link rel=\"canonical\" href=\"https:\/\/ubanews.com\/site\/2026\/01\/09\/sintese-das-ocorrencias-policiais-09-01-2026\/\" \/>\n<meta property=\"og:locale\" content=\"pt_BR\" \/>\n<meta property=\"og:type\" content=\"article\" \/>\n<meta property=\"og:title\" content=\"Sintese-das-ocorrencias-policiais-09-01-2026 - Ub\u00e1 News\" \/>\n<meta property=\"og:description\" content=\"Sintese das ocorrencias policiais\" \/>\n<meta property=\"og:url\" content=\"https:\/\/ubanews.com\/site\/2026\/01\/09\/sintese-das-ocorrencias-policiais-09-01-2026\/\" \/>\n<meta property=\"og:site_name\" content=\"Ub\u00e1 News\" \/>\n<meta property=\"article:publisher\" content=\"https:\/\/www.facebook.com\/Ub%c3%a1News-Carlos-Roberto-Sodr%c3%a9-418778301977370\" \/>\n<meta property=\"article:published_time\" content=\"2026-01-09T16:41:45+00:00\" \/>\n<meta property=\"article:modified_time\" content=\"2026-01-09T16:44:02+00:00\" \/>\n<meta property=\"og:image\" content=\"https:\/\/ubanews.com\/site\/wp-content\/uploads\/2026\/01\/2026-01-08-VISCONDE-DO-RIO-BRANCO-POLICIA-MILITAR-APREENDE-DROGAS.jpg\" \/>\n\t<meta property=\"og:image:width\" content=\"1024\" \/>\n\t<meta property=\"og:image:height\" content=\"1280\" \/>\n\t<meta property=\"og:image:type\" content=\"image\/jpeg\" \/>\n<meta name=\"author\" content=\"Carlos Roberto Sodr\u00e9\" \/>\n<meta name=\"twitter:card\" content=\"summary_large_image\" \/>\n<meta name=\"twitter:label1\" content=\"Escrito por\" \/>\n\t<meta name=\"twitter:data1\" content=\"Carlos Roberto Sodr\u00e9\" \/>\n\t<meta name=\"twitter:label2\" content=\"Est. tempo de leitura\" \/>\n\t<meta name=\"twitter:data2\" content=\"4 minutos\" \/>\n<script type=\"application\/ld+json\" class=\"yoast-schema-graph\">{\"@context\":\"https:\/\/schema.org\",\"@graph\":[{\"@type\":\"Article\",\"@id\":\"https:\/\/ubanews.com\/site\/2026\/01\/09\/sintese-das-ocorrencias-policiais-09-01-2026\/#article\",\"isPartOf\":{\"@id\":\"https:\/\/ubanews.com\/site\/2026\/01\/09\/sintese-das-ocorrencias-policiais-09-01-2026\/\"},\"author\":{\"name\":\"Carlos Roberto Sodr\u00e9\",\"@id\":\"https:\/\/ubanews.com\/site\/#\/schema\/person\/9d8da9ec3c8d00640ab6e8c81e103310\"},\"headline\":\"Sintese-das-ocorrencias-policiais-09-01-2026\",\"datePublished\":\"2026-01-09T16:41:45+00:00\",\"dateModified\":\"2026-01-09T16:44:02+00:00\",\"mainEntityOfPage\":{\"@id\":\"https:\/\/ubanews.com\/site\/2026\/01\/09\/sintese-das-ocorrencias-policiais-09-01-2026\/\"},\"wordCount\":600,\"commentCount\":0,\"publisher\":{\"@id\":\"https:\/\/ubanews.com\/site\/#organization\"},\"image\":{\"@id\":\"https:\/\/ubanews.com\/site\/2026\/01\/09\/sintese-das-ocorrencias-policiais-09-01-2026\/#primaryimage\"},\"thumbnailUrl\":\"https:\/\/ubanews.com\/site\/wp-content\/uploads\/2026\/01\/2026-01-08-VISCONDE-DO-RIO-BRANCO-POLICIA-MILITAR-APREENDE-DROGAS-240x300.jpg\",\"keywords\":[\"Fala Sodr\u00e9\",\"Ocorr\u00eancia Policial\",\"Sintese\"],\"articleSection\":[\"S\u00edntese das Ocorr\u00eancias\"],\"inLanguage\":\"pt-BR\",\"potentialAction\":[{\"@type\":\"CommentAction\",\"name\":\"Comment\",\"target\":[\"https:\/\/ubanews.com\/site\/2026\/01\/09\/sintese-das-ocorrencias-policiais-09-01-2026\/#respond\"]}]},{\"@type\":\"WebPage\",\"@id\":\"https:\/\/ubanews.com\/site\/2026\/01\/09\/sintese-das-ocorrencias-policiais-09-01-2026\/\",\"url\":\"https:\/\/ubanews.com\/site\/2026\/01\/09\/sintese-das-ocorrencias-policiais-09-01-2026\/\",\"name\":\"Sintese-das-ocorrencias-policiais-09-01-2026 - Ub\u00e1 News\",\"isPartOf\":{\"@id\":\"https:\/\/ubanews.com\/site\/#website\"},\"primaryImageOfPage\":{\"@id\":\"https:\/\/ubanews.com\/site\/2026\/01\/09\/sintese-das-ocorrencias-policiais-09-01-2026\/#primaryimage\"},\"image\":{\"@id\":\"https:\/\/ubanews.com\/site\/2026\/01\/09\/sintese-das-ocorrencias-policiais-09-01-2026\/#primaryimage\"},\"thumbnailUrl\":\"https:\/\/ubanews.com\/site\/wp-content\/uploads\/2026\/01\/2026-01-08-VISCONDE-DO-RIO-BRANCO-POLICIA-MILITAR-APREENDE-DROGAS-240x300.jpg\",\"datePublished\":\"2026-01-09T16:41:45+00:00\",\"dateModified\":\"2026-01-09T16:44:02+00:00\",\"description\":\"Sintese das ocorrencias policiais\",\"breadcrumb\":{\"@id\":\"https:\/\/ubanews.com\/site\/2026\/01\/09\/sintese-das-ocorrencias-policiais-09-01-2026\/#breadcrumb\"},\"inLanguage\":\"pt-BR\",\"potentialAction\":[{\"@type\":\"ReadAction\",\"target\":[\"https:\/\/ubanews.com\/site\/2026\/01\/09\/sintese-das-ocorrencias-policiais-09-01-2026\/\"]}]},{\"@type\":\"ImageObject\",\"inLanguage\":\"pt-BR\",\"@id\":\"https:\/\/ubanews.com\/site\/2026\/01\/09\/sintese-das-ocorrencias-policiais-09-01-2026\/#primaryimage\",\"url\":\"https:\/\/ubanews.com\/site\/wp-content\/uploads\/2026\/01\/2026-01-08-VISCONDE-DO-RIO-BRANCO-POLICIA-MILITAR-APREENDE-DROGAS.jpg\",\"contentUrl\":\"https:\/\/ubanews.com\/site\/wp-content\/uploads\/2026\/01\/2026-01-08-VISCONDE-DO-RIO-BRANCO-POLICIA-MILITAR-APREENDE-DROGAS.jpg\",\"width\":1024,\"height\":1280},{\"@type\":\"BreadcrumbList\",\"@id\":\"https:\/\/ubanews.com\/site\/2026\/01\/09\/sintese-das-ocorrencias-policiais-09-01-2026\/#breadcrumb\",\"itemListElement\":[{\"@type\":\"ListItem\",\"position\":1,\"name\":\"Home\",\"item\":\"https:\/\/ubanews.com\/site\/\"},{\"@type\":\"ListItem\",\"position\":2,\"name\":\"Sintese-das-ocorrencias-policiais-09-01-2026\"}]},{\"@type\":\"WebSite\",\"@id\":\"https:\/\/ubanews.com\/site\/#website\",\"url\":\"https:\/\/ubanews.com\/site\/\",\"name\":\"Ub\u00e1 News\",\"description\":\"\",\"publisher\":{\"@id\":\"https:\/\/ubanews.com\/site\/#organization\"},\"potentialAction\":[{\"@type\":\"SearchAction\",\"target\":{\"@type\":\"EntryPoint\",\"urlTemplate\":\"https:\/\/ubanews.com\/site\/?s={search_term_string}\"},\"query-input\":{\"@type\":\"PropertyValueSpecification\",\"valueRequired\":true,\"valueName\":\"search_term_string\"}}],\"inLanguage\":\"pt-BR\"},{\"@type\":\"Organization\",\"@id\":\"https:\/\/ubanews.com\/site\/#organization\",\"name\":\"Ub\u00e1 News\",\"url\":\"https:\/\/ubanews.com\/site\/\",\"logo\":{\"@type\":\"ImageObject\",\"inLanguage\":\"pt-BR\",\"@id\":\"https:\/\/ubanews.com\/site\/#\/schema\/logo\/image\/\",\"url\":\"https:\/\/ubanews.com\/site\/wp-content\/uploads\/2018\/01\/logoubanews.png\",\"contentUrl\":\"https:\/\/ubanews.com\/site\/wp-content\/uploads\/2018\/01\/logoubanews.png\",\"width\":261,\"height\":99,\"caption\":\"Ub\u00e1 News\"},\"image\":{\"@id\":\"https:\/\/ubanews.com\/site\/#\/schema\/logo\/image\/\"},\"sameAs\":[\"https:\/\/www.facebook.com\/Ub\u00e1News-Carlos-Roberto-Sodr\u00e9-418778301977370\"]},{\"@type\":\"Person\",\"@id\":\"https:\/\/ubanews.com\/site\/#\/schema\/person\/9d8da9ec3c8d00640ab6e8c81e103310\",\"name\":\"Carlos Roberto Sodr\u00e9\",\"image\":{\"@type\":\"ImageObject\",\"inLanguage\":\"pt-BR\",\"@id\":\"https:\/\/secure.gravatar.com\/avatar\/aab322e8555b56c468614fafdab8a8f924e394cdc6cfd8232f77e9e4d123a133?s=96&d=mm&r=g\",\"url\":\"https:\/\/secure.gravatar.com\/avatar\/aab322e8555b56c468614fafdab8a8f924e394cdc6cfd8232f77e9e4d123a133?s=96&d=mm&r=g\",\"contentUrl\":\"https:\/\/secure.gravatar.com\/avatar\/aab322e8555b56c468614fafdab8a8f924e394cdc6cfd8232f77e9e4d123a133?s=96&d=mm&r=g\",\"caption\":\"Carlos Roberto Sodr\u00e9\"},\"url\":\"https:\/\/ubanews.com\/site\/author\/sodre\/\"}]}<\/script>\n<!-- \/ Yoast SEO plugin. -->","yoast_head_json":{"title":"Sintese-das-ocorrencias-policiais-09-01-2026 - Ub\u00e1 News","description":"Sintese das ocorrencias policiais","robots":{"index":"index","follow":"follow","max-snippet":"max-snippet:-1","max-image-preview":"max-image-preview:large","max-video-preview":"max-video-preview:-1"},"canonical":"https:\/\/ubanews.com\/site\/2026\/01\/09\/sintese-das-ocorrencias-policiais-09-01-2026\/","og_locale":"pt_BR","og_type":"article","og_title":"Sintese-das-ocorrencias-policiais-09-01-2026 - Ub\u00e1 News","og_description":"Sintese das ocorrencias policiais","og_url":"https:\/\/ubanews.com\/site\/2026\/01\/09\/sintese-das-ocorrencias-policiais-09-01-2026\/","og_site_name":"Ub\u00e1 News","article_publisher":"https:\/\/www.facebook.com\/Ub%c3%a1News-Carlos-Roberto-Sodr%c3%a9-418778301977370","article_published_time":"2026-01-09T16:41:45+00:00","article_modified_time":"2026-01-09T16:44:02+00:00","og_image":[{"width":1024,"height":1280,"url":"https:\/\/ubanews.com\/site\/wp-content\/uploads\/2026\/01\/2026-01-08-VISCONDE-DO-RIO-BRANCO-POLICIA-MILITAR-APREENDE-DROGAS.jpg","type":"image\/jpeg"}],"author":"Carlos Roberto Sodr\u00e9","twitter_card":"summary_large_image","twitter_misc":{"Escrito por":"Carlos Roberto Sodr\u00e9","Est. tempo de leitura":"4 minutos"},"schema":{"@context":"https:\/\/schema.org","@graph":[{"@type":"Article","@id":"https:\/\/ubanews.com\/site\/2026\/01\/09\/sintese-das-ocorrencias-policiais-09-01-2026\/#article","isPartOf":{"@id":"https:\/\/ubanews.com\/site\/2026\/01\/09\/sintese-das-ocorrencias-policiais-09-01-2026\/"},"author":{"name":"Carlos Roberto Sodr\u00e9","@id":"https:\/\/ubanews.com\/site\/#\/schema\/person\/9d8da9ec3c8d00640ab6e8c81e103310"},"headline":"Sintese-das-ocorrencias-policiais-09-01-2026","datePublished":"2026-01-09T16:41:45+00:00","dateModified":"2026-01-09T16:44:02+00:00","mainEntityOfPage":{"@id":"https:\/\/ubanews.com\/site\/2026\/01\/09\/sintese-das-ocorrencias-policiais-09-01-2026\/"},"wordCount":600,"commentCount":0,"publisher":{"@id":"https:\/\/ubanews.com\/site\/#organization"},"image":{"@id":"https:\/\/ubanews.com\/site\/2026\/01\/09\/sintese-das-ocorrencias-policiais-09-01-2026\/#primaryimage"},"thumbnailUrl":"https:\/\/ubanews.com\/site\/wp-content\/uploads\/2026\/01\/2026-01-08-VISCONDE-DO-RIO-BRANCO-POLICIA-MILITAR-APREENDE-DROGAS-240x300.jpg","keywords":["Fala Sodr\u00e9","Ocorr\u00eancia Policial","Sintese"],"articleSection":["S\u00edntese das Ocorr\u00eancias"],"inLanguage":"pt-BR","potentialAction":[{"@type":"CommentAction","name":"Comment","target":["https:\/\/ubanews.com\/site\/2026\/01\/09\/sintese-das-ocorrencias-policiais-09-01-2026\/#respond"]}]},{"@type":"WebPage","@id":"https:\/\/ubanews.com\/site\/2026\/01\/09\/sintese-das-ocorrencias-policiais-09-01-2026\/","url":"https:\/\/ubanews.com\/site\/2026\/01\/09\/sintese-das-ocorrencias-policiais-09-01-2026\/","name":"Sintese-das-ocorrencias-policiais-09-01-2026 - Ub\u00e1 News","isPartOf":{"@id":"https:\/\/ubanews.com\/site\/#website"},"primaryImageOfPage":{"@id":"https:\/\/ubanews.com\/site\/2026\/01\/09\/sintese-das-ocorrencias-policiais-09-01-2026\/#primaryimage"},"image":{"@id":"https:\/\/ubanews.com\/site\/2026\/01\/09\/sintese-das-ocorrencias-policiais-09-01-2026\/#primaryimage"},"thumbnailUrl":"https:\/\/ubanews.com\/site\/wp-content\/uploads\/2026\/01\/2026-01-08-VISCONDE-DO-RIO-BRANCO-POLICIA-MILITAR-APREENDE-DROGAS-240x300.jpg","datePublished":"2026-01-09T16:41:45+00:00","dateModified":"2026-01-09T16:44:02+00:00","description":"Sintese das ocorrencias policiais","breadcrumb":{"@id":"https:\/\/ubanews.com\/site\/2026\/01\/09\/sintese-das-ocorrencias-policiais-09-01-2026\/#breadcrumb"},"inLanguage":"pt-BR","potentialAction":[{"@type":"ReadAction","target":["https:\/\/ubanews.com\/site\/2026\/01\/09\/sintese-das-ocorrencias-policiais-09-01-2026\/"]}]},{"@type":"ImageObject","inLanguage":"pt-BR","@id":"https:\/\/ubanews.com\/site\/2026\/01\/09\/sintese-das-ocorrencias-policiais-09-01-2026\/#primaryimage","url":"https:\/\/ubanews.com\/site\/wp-content\/uploads\/2026\/01\/2026-01-08-VISCONDE-DO-RIO-BRANCO-POLICIA-MILITAR-APREENDE-DROGAS.jpg","contentUrl":"https:\/\/ubanews.com\/site\/wp-content\/uploads\/2026\/01\/2026-01-08-VISCONDE-DO-RIO-BRANCO-POLICIA-MILITAR-APREENDE-DROGAS.jpg","width":1024,"height":1280},{"@type":"BreadcrumbList","@id":"https:\/\/ubanews.com\/site\/2026\/01\/09\/sintese-das-ocorrencias-policiais-09-01-2026\/#breadcrumb","itemListElement":[{"@type":"ListItem","position":1,"name":"Home","item":"https:\/\/ubanews.com\/site\/"},{"@type":"ListItem","position":2,"name":"Sintese-das-ocorrencias-policiais-09-01-2026"}]},{"@type":"WebSite","@id":"https:\/\/ubanews.com\/site\/#website","url":"https:\/\/ubanews.com\/site\/","name":"Ub\u00e1 News","description":"","publisher":{"@id":"https:\/\/ubanews.com\/site\/#organization"},"potentialAction":[{"@type":"SearchAction","target":{"@type":"EntryPoint","urlTemplate":"https:\/\/ubanews.com\/site\/?s={search_term_string}"},"query-input":{"@type":"PropertyValueSpecification","valueRequired":true,"valueName":"search_term_string"}}],"inLanguage":"pt-BR"},{"@type":"Organization","@id":"https:\/\/ubanews.com\/site\/#organization","name":"Ub\u00e1 News","url":"https:\/\/ubanews.com\/site\/","logo":{"@type":"ImageObject","inLanguage":"pt-BR","@id":"https:\/\/ubanews.com\/site\/#\/schema\/logo\/image\/","url":"https:\/\/ubanews.com\/site\/wp-content\/uploads\/2018\/01\/logoubanews.png","contentUrl":"https:\/\/ubanews.com\/site\/wp-content\/uploads\/2018\/01\/logoubanews.png","width":261,"height":99,"caption":"Ub\u00e1 News"},"image":{"@id":"https:\/\/ubanews.com\/site\/#\/schema\/logo\/image\/"},"sameAs":["https:\/\/www.facebook.com\/Ub\u00e1News-Carlos-Roberto-Sodr\u00e9-418778301977370"]},{"@type":"Person","@id":"https:\/\/ubanews.com\/site\/#\/schema\/person\/9d8da9ec3c8d00640ab6e8c81e103310","name":"Carlos Roberto Sodr\u00e9","image":{"@type":"ImageObject","inLanguage":"pt-BR","@id":"https:\/\/secure.gravatar.com\/avatar\/aab322e8555b56c468614fafdab8a8f924e394cdc6cfd8232f77e9e4d123a133?s=96&d=mm&r=g","url":"https:\/\/secure.gravatar.com\/avatar\/aab322e8555b56c468614fafdab8a8f924e394cdc6cfd8232f77e9e4d123a133?s=96&d=mm&r=g","contentUrl":"https:\/\/secure.gravatar.com\/avatar\/aab322e8555b56c468614fafdab8a8f924e394cdc6cfd8232f77e9e4d123a133?s=96&d=mm&r=g","caption":"Carlos Roberto Sodr\u00e9"},"url":"https:\/\/ubanews.com\/site\/author\/sodre\/"}]}},"_links":{"self":[{"href":"https:\/\/ubanews.com\/site\/wp-json\/wp\/v2\/posts\/23668","targetHints":{"allow":["GET"]}}],"collection":[{"href":"https:\/\/ubanews.com\/site\/wp-json\/wp\/v2\/posts"}],"about":[{"href":"https:\/\/ubanews.com\/site\/wp-json\/wp\/v2\/types\/post"}],"author":[{"embeddable":true,"href":"https:\/\/ubanews.com\/site\/wp-json\/wp\/v2\/users\/4"}],"replies":[{"embeddable":true,"href":"https:\/\/ubanews.com\/site\/wp-json\/wp\/v2\/comments?post=23668"}],"version-history":[{"count":0,"href":"https:\/\/ubanews.com\/site\/wp-json\/wp\/v2\/posts\/23668\/revisions"}],"wp:attachment":[{"href":"https:\/\/ubanews.com\/site\/wp-json\/wp\/v2\/media?parent=23668"}],"wp:term":[{"taxonomy":"category","embeddable":true,"href":"https:\/\/ubanews.com\/site\/wp-json\/wp\/v2\/categories?post=23668"},{"taxonomy":"post_tag","embeddable":true,"href":"https:\/\/ubanews.com\/site\/wp-json\/wp\/v2\/tags?post=23668"}],"curies":[{"name":"wp","href":"https:\/\/api.w.org\/{rel}","templated":true}]}}