{"id":23663,"date":"2026-01-09T09:44:50","date_gmt":"2026-01-09T12:44:50","guid":{"rendered":"https:\/\/ubanews.com\/site\/?p=23663"},"modified":"2026-01-09T09:44:50","modified_gmt":"2026-01-09T12:44:50","slug":"feira-livre-municipal-de-uba-inovacoes-e-melhorias-para-2026","status":"publish","type":"post","link":"https:\/\/ubanews.com\/site\/2026\/01\/09\/feira-livre-municipal-de-uba-inovacoes-e-melhorias-para-2026\/","title":{"rendered":"Feira Livre Municipal de Ub\u00e1: Inova\u00e7\u00f5es e Melhorias para 2026"},"content":{"rendered":"<p><span style=\"font-size: 1.0625rem;\">Feira Livre Municipal de Ub\u00e1: Inova\u00e7\u00f5es e Melhorias para 2026. <\/span><span style=\"font-size: 1.0625rem;\">A Feira Municipal de Ub\u00e1 vive um novo momento. Em entrevista concedida ao rep\u00f3rter <\/span><strong style=\"font-size: 1.0625rem;\">Carlos Roberto Sodr\u00e9<\/strong><span style=\"font-size: 1.0625rem;\">, com imagens de <\/span><strong style=\"font-size: 1.0625rem;\">La\u00edsa Sodr\u00e9<\/strong><span style=\"font-size: 1.0625rem;\"> e conte\u00fado produzido por <\/span><strong style=\"font-size: 1.0625rem;\">Pedro Henriques (INDICCA.COM)<\/strong><span style=\"font-size: 1.0625rem;\">, o <\/span><strong style=\"font-size: 1.0625rem;\">Secret\u00e1rio de Governo, Salom\u00e3o Curi<\/strong><span style=\"font-size: 1.0625rem;\">, apresentou avan\u00e7os e projetos que prometem transformar a feira em um espa\u00e7o mais organizado, moderno e acolhedor.<\/span><\/p>\n<div>\n<h1>Feira Livre Municipal de Ub\u00e1: Inova\u00e7\u00f5es e Melhorias para 2026<\/h1>\n<p><img decoding=\"async\" class=\"aligncenter size-medium wp-image-23664 lazyload\" data-src=\"https:\/\/ubanews.com\/site\/wp-content\/uploads\/2026\/01\/Fala-Sodre-Solomao-Curi-Secretario-de-Governo-do-Municipio-de-Uba-300x167.jpg\" alt=\"Feira Livre Municipal de Ub\u00e1: Inova\u00e7\u00f5es e Melhorias para 2026\" width=\"300\" height=\"167\" data-srcset=\"https:\/\/ubanews.com\/site\/wp-content\/uploads\/2026\/01\/Fala-Sodre-Solomao-Curi-Secretario-de-Governo-do-Municipio-de-Uba-300x167.jpg 300w, https:\/\/ubanews.com\/site\/wp-content\/uploads\/2026\/01\/Fala-Sodre-Solomao-Curi-Secretario-de-Governo-do-Municipio-de-Uba-1024x570.jpg 1024w, https:\/\/ubanews.com\/site\/wp-content\/uploads\/2026\/01\/Fala-Sodre-Solomao-Curi-Secretario-de-Governo-do-Municipio-de-Uba-768x427.jpg 768w, https:\/\/ubanews.com\/site\/wp-content\/uploads\/2026\/01\/Fala-Sodre-Solomao-Curi-Secretario-de-Governo-do-Municipio-de-Uba-360x200.jpg 360w, https:\/\/ubanews.com\/site\/wp-content\/uploads\/2026\/01\/Fala-Sodre-Solomao-Curi-Secretario-de-Governo-do-Municipio-de-Uba.jpg 1064w\" data-sizes=\"(max-width: 300px) 100vw, 300px\" src=\"data:image\/svg+xml;base64,PHN2ZyB3aWR0aD0iMSIgaGVpZ2h0PSIxIiB4bWxucz0iaHR0cDovL3d3dy53My5vcmcvMjAwMC9zdmciPjwvc3ZnPg==\" style=\"--smush-placeholder-width: 300px; --smush-placeholder-aspect-ratio: 300\/167;\" \/><\/p>\n<p><img decoding=\"async\" class=\"aligncenter size-medium wp-image-23666 lazyload\" data-src=\"https:\/\/ubanews.com\/site\/wp-content\/uploads\/2026\/01\/Fala-Sodre-Uba-News-WEB-TV-Feira-Livre-Municipal-Secretario-Salomoao-Curi--300x225.jpeg\" alt=\"Feira Livre Municipal de Ub\u00e1: Inova\u00e7\u00f5es e Melhorias para 2026\n\" width=\"300\" height=\"225\" data-srcset=\"https:\/\/ubanews.com\/site\/wp-content\/uploads\/2026\/01\/Fala-Sodre-Uba-News-WEB-TV-Feira-Livre-Municipal-Secretario-Salomoao-Curi--300x225.jpeg 300w, https:\/\/ubanews.com\/site\/wp-content\/uploads\/2026\/01\/Fala-Sodre-Uba-News-WEB-TV-Feira-Livre-Municipal-Secretario-Salomoao-Curi--1024x768.jpeg 1024w, https:\/\/ubanews.com\/site\/wp-content\/uploads\/2026\/01\/Fala-Sodre-Uba-News-WEB-TV-Feira-Livre-Municipal-Secretario-Salomoao-Curi--768x576.jpeg 768w, https:\/\/ubanews.com\/site\/wp-content\/uploads\/2026\/01\/Fala-Sodre-Uba-News-WEB-TV-Feira-Livre-Municipal-Secretario-Salomoao-Curi-.jpeg 1280w\" data-sizes=\"(max-width: 300px) 100vw, 300px\" src=\"data:image\/svg+xml;base64,PHN2ZyB3aWR0aD0iMSIgaGVpZ2h0PSIxIiB4bWxucz0iaHR0cDovL3d3dy53My5vcmcvMjAwMC9zdmciPjwvc3ZnPg==\" style=\"--smush-placeholder-width: 300px; --smush-placeholder-aspect-ratio: 300\/225;\" \/><\/p>\n<h2>Reuni\u00e3o com Feirantes: Um Marco para a Organiza\u00e7\u00e3o<\/h2>\n<p>Na reuni\u00e3o realizada no Sal\u00e3o Azul do Centro Administrativo, Salom\u00e3o destacou a cria\u00e7\u00e3o de <strong>comiss\u00f5es para elaborar o regimento interno<\/strong> da feira. Esse documento ser\u00e1 essencial para estabelecer regras claras, direitos e deveres dos feirantes e frequentadores.<\/p>\n<blockquote><p>\u201cN\u00f3s criamos hoje uma comiss\u00e3o que vai estabelecer regras, deveres e tamb\u00e9m direitos para que os nossos feirantes e aqueles que frequentam a feira possam lidar com mais tranquilidade\u201d, afirmou Salom\u00e3o Curi.<\/p><\/blockquote>\n<p>Essa iniciativa busca dar sustenta\u00e7\u00e3o jur\u00eddica \u00e0s a\u00e7\u00f5es da Prefeitura e garantir um ambiente organizado e seguro.<\/p>\n<div style=\"width: 840px;\" class=\"wp-video\"><video class=\"wp-video-shortcode\" id=\"video-23663-1\" width=\"840\" height=\"475\" preload=\"metadata\" controls=\"controls\"><source type=\"video\/mp4\" src=\"https:\/\/ubanews.com\/site\/wp-content\/uploads\/2026\/01\/Fala-Sodre-Uba-News-WEB-TV-Feira-Livre-Municipal-Secretario-Salomoao-Curi-.mp4?_=1\" \/><a href=\"https:\/\/ubanews.com\/site\/wp-content\/uploads\/2026\/01\/Fala-Sodre-Uba-News-WEB-TV-Feira-Livre-Municipal-Secretario-Salomoao-Curi-.mp4\">https:\/\/ubanews.com\/site\/wp-content\/uploads\/2026\/01\/Fala-Sodre-Uba-News-WEB-TV-Feira-Livre-Municipal-Secretario-Salomoao-Curi-.mp4<\/a><\/video><\/div>\n<h2>Mudan\u00e7as Estruturais: Conforto e Higiene em Primeiro Lugar<\/h2>\n<p>Entre as melhorias anunciadas, duas se destacam:<\/p>\n<ul>\n<li><strong>Climatiza\u00e7\u00e3o da feira<\/strong>: uma necessidade urgente, considerando o clima quente de Ub\u00e1.<\/li>\n<li><strong>Instala\u00e7\u00e3o de pias em todos os boxes<\/strong>: medida que refor\u00e7a a higiene e a sa\u00fade dos consumidores.<\/li>\n<\/ul>\n<blockquote><p>\u201cA climatiza\u00e7\u00e3o \u00e9 fundamental. O clima de Ub\u00e1 demanda esse conforto t\u00e9rmico. E a \u00e1gua em cada box \u00e9 uma quest\u00e3o de higiene\u201d, ressaltou o secret\u00e1rio.<\/p><\/blockquote>\n<p>Al\u00e9m disso, a feira j\u00e1 conta com <strong>banheiros novos<\/strong>, elogiados pelos frequentadores, e uma <strong>rede de internet<\/strong> para facilitar pagamentos e comunica\u00e7\u00e3o.<\/p>\n<h2>Pintura e Est\u00e9tica: Um Ambiente Mais Atraente<\/h2>\n<p>Outro ponto importante \u00e9 a <strong>pintura do espa\u00e7o<\/strong>, que j\u00e1 come\u00e7ou. Essa mudan\u00e7a est\u00e9tica traz mais vida \u00e0 feira e valoriza o patrim\u00f4nio cultural da cidade.<\/p>\n<blockquote><p>\u201cEstamos fazendo uma pintura bonita l\u00e1, dando mais vida \u00e0quele ambiente\u201d, disse Salom\u00e3o.<\/p><\/blockquote>\n<h2>Regimento Interno: Regras Claras para Todos<\/h2>\n<p>O novo regimento ser\u00e1 constru\u00eddo coletivamente com os feirantes. Ele vai definir normas de funcionamento, hor\u00e1rios de entrada e sa\u00edda, organiza\u00e7\u00e3o das filas e log\u00edstica interna.<\/p>\n<blockquote><p>\u201cEu gosto de trabalhar com regras bem claras e estabelecidas. O regimento est\u00e1 a\u00ed, n\u00f3s vamos constru\u00ed-lo\u201d, afirmou o secret\u00e1rio.<\/p><\/blockquote>\n<p>Essa medida \u00e9 essencial para evitar improvisos e garantir que todos saibam exatamente como proceder.<\/p>\n<h2>Projetos Sociais: Agricultura Familiar e Combate \u00e0 Fome<\/h2>\n<p>Salom\u00e3o tamb\u00e9m revelou um projeto inovador: a cria\u00e7\u00e3o de um <strong>voucher para fam\u00edlias cadastradas no Cad\u00danico<\/strong>, permitindo acesso a produtos da feira ligados \u00e0 agricultura familiar.<\/p>\n<blockquote><p>\u201cN\u00f3s queremos transformar a feira em algo que fortale\u00e7a a agricultura familiar e reduza a quest\u00e3o da fome e da precariedade da alimenta\u00e7\u00e3o\u201d, explicou.<\/p><\/blockquote>\n<p>Esse programa ser\u00e1 desenvolvido em parceria com o <strong>Minist\u00e9rio do Desenvolvimento Agr\u00e1rio<\/strong> e a <strong>Secretaria de Desenvolvimento Social<\/strong>.<\/p>\n<h2>Quinta-feira \u00e0 Noite: Um Novo Formato para a Feira<\/h2>\n<p>Outra novidade \u00e9 a possibilidade de mudar o dia da feira noturna de quinta para sexta-feira. A ideia \u00e9 oferecer um hor\u00e1rio alternativo, com um ambiente mais descontra\u00eddo, ideal para quem busca lazer e gastronomia.<\/p>\n<blockquote><p>\u201cExiste a possibilidade da feira noturna passar para sexta-feira, se for da vontade da maioria dos feirantes\u201d, destacou Salom\u00e3o.<\/p><\/blockquote>\n<h2>Pr\u00f3ximos Passos: Comunica\u00e7\u00e3o e Participa\u00e7\u00e3o<\/h2>\n<p>A Prefeitura vai criar uma <strong>portaria<\/strong> para oficializar as comiss\u00f5es e dar in\u00edcio \u00e0 elabora\u00e7\u00e3o do regimento. Al\u00e9m disso, um <strong>grupo de WhatsApp<\/strong> ser\u00e1 formado para manter a comunica\u00e7\u00e3o direta com os feirantes.<\/p>\n<blockquote><p>\u201cComunica\u00e7\u00e3o \u00e9 o segredo. Quero estar pr\u00f3ximo, frequentar a feira e manter as portas abertas da Prefeitura\u201d, afirmou o secret\u00e1rio.<\/p><\/blockquote>\n<h2>Um Patrim\u00f4nio Cultural em Transforma\u00e7\u00e3o<\/h2>\n<p>A Feira Municipal de Ub\u00e1 \u00e9 muito mais que um espa\u00e7o de com\u00e9rcio. Ela \u00e9 um <strong>patrim\u00f4nio cultural<\/strong>, um ponto de encontro entre produtores e consumidores, e agora caminha para se tornar refer\u00eancia em organiza\u00e7\u00e3o, conforto e qualidade.<\/p>\n<p>Com a\u00e7\u00f5es concretas, como climatiza\u00e7\u00e3o, internet, higiene, regimento interno e projetos sociais, a gest\u00e3o atual promete devolver \u00e0 feira o protagonismo que ela merece.<\/p>\n<\/div>\n<p><iframe title=\"Secret\u00e1rio Salom\u00e3o Curi promete revolucionar a Feira Livre, levando muitas melhorias e inova\u00e7\u00f5es\" width=\"840\" height=\"630\" data-src=\"https:\/\/www.youtube.com\/embed\/eJduBjcalZE?feature=oembed\" frameborder=\"0\" allow=\"accelerometer; autoplay; clipboard-write; encrypted-media; gyroscope; picture-in-picture; web-share\" referrerpolicy=\"strict-origin-when-cross-origin\" allowfullscreen src=\"data:image\/svg+xml;base64,PHN2ZyB3aWR0aD0iMSIgaGVpZ2h0PSIxIiB4bWxucz0iaHR0cDovL3d3dy53My5vcmcvMjAwMC9zdmciPjwvc3ZnPg==\" class=\"lazyload\" data-load-mode=\"1\"><\/iframe><\/p>\n<p style=\"margin: 0in; font-size: 20.0pt;\"><span style=\"font-family: 'Segoe UI Emoji';\">&#x1f4da; <\/span><span style=\"font-weight: bold; font-family: Calibri;\">Cobertura:<\/span><span style=\"font-family: Calibri;\"> Carlos Roberto Sodr\u00e9 <\/span><a href=\"https:\/\/wa.me\/553298481334\"><span style=\"font-family: Calibri;\">WhatsApp<\/span><\/a><\/p>\n<p style=\"margin: 0in; font-size: 20.0pt;\"><span style=\"font-family: 'Segoe UI Emoji';\">&#x1f4f8; <\/span><span style=\"font-weight: bold; font-family: Calibri;\">Imagens:<\/span><span style=\"font-family: Calibri;\"> Laisa Sodr\u00e9 \/ Felipe Oliveira<\/span><\/p>\n<p style=\"margin: 0in; font-size: 20.0pt;\"><span style=\"font-family: 'Segoe UI Emoji';\">&#x1f4dd; <\/span><span style=\"font-weight: bold; font-family: Calibri;\">Conte\u00fado: <\/span><a href=\"https:\/\/www.linkedin.com\/in\/pedrohgf\/\"><span style=\"font-family: Calibri;\">Pedro Henriques<\/span><\/a><span style=\"font-family: Calibri;\"> \u2013 <\/span><a href=\"https:\/\/indicca.com.br\/blog\/\"><span style=\"font-family: Calibri;\">INDICCA.COM<\/span><\/a><span style=\"font-family: Calibri;\">\u00a0 <\/span><a href=\"https:\/\/wa.me\/5532988020057\"><span style=\"font-family: Calibri;\">WhatsApp<\/span><\/a><\/p>\n<p style=\"margin: 0in; font-size: 20.0pt;\"><span style=\"font-family: 'Segoe UI Emoji';\">&#x1f393; <\/span><span style=\"font-weight: bold; font-family: Calibri;\">Evento:<\/span>Feira Livre Municipal de Ub\u00e1: Inova\u00e7\u00f5es e Melhorias para 2026<\/p>\n<p>&nbsp;<\/p>\n","protected":false},"excerpt":{"rendered":"<p>Feira Livre Municipal de Ub\u00e1: Inova\u00e7\u00f5es e Melhorias para 2026.<\/p>\n","protected":false},"author":4,"featured_media":23666,"comment_status":"open","ping_status":"open","sticky":false,"template":"","format":"standard","meta":{"footnotes":""},"categories":[1,3],"tags":[286,287,139,288,109],"class_list":["post-23663","post","type-post","status-publish","format-standard","has-post-thumbnail","hentry","category-sem-categoria","category-slide","tag-feira-livre-municipal","tag-inovacao","tag-salomao-curi","tag-salomao-cury","tag-uba"],"yoast_head":"<!-- This site is optimized with the Yoast SEO plugin v27.2 - https:\/\/yoast.com\/product\/yoast-seo-wordpress\/ -->\n<title>Feira Livre Municipal de Ub\u00e1: Inova\u00e7\u00f5es e Melhorias para 2026 - Ub\u00e1 News<\/title>\n<meta name=\"description\" content=\"Feira Livre Municipal de Ub\u00e1: Inova\u00e7\u00f5es e Melhorias para 2026. A Feira Municipal de Ub\u00e1 vive um novo momento.\" \/>\n<meta name=\"robots\" content=\"index, follow, max-snippet:-1, max-image-preview:large, max-video-preview:-1\" \/>\n<link rel=\"canonical\" href=\"https:\/\/ubanews.com\/site\/2026\/01\/09\/feira-livre-municipal-de-uba-inovacoes-e-melhorias-para-2026\/\" \/>\n<meta property=\"og:locale\" content=\"pt_BR\" \/>\n<meta property=\"og:type\" content=\"article\" \/>\n<meta property=\"og:title\" content=\"Feira Livre Municipal de Ub\u00e1: Inova\u00e7\u00f5es e Melhorias para 2026 - Ub\u00e1 News\" \/>\n<meta property=\"og:description\" content=\"Feira Livre Municipal de Ub\u00e1: Inova\u00e7\u00f5es e Melhorias para 2026. A Feira Municipal de Ub\u00e1 vive um novo momento.\" \/>\n<meta property=\"og:url\" content=\"https:\/\/ubanews.com\/site\/2026\/01\/09\/feira-livre-municipal-de-uba-inovacoes-e-melhorias-para-2026\/\" \/>\n<meta property=\"og:site_name\" content=\"Ub\u00e1 News\" \/>\n<meta property=\"article:publisher\" content=\"https:\/\/www.facebook.com\/Ub%c3%a1News-Carlos-Roberto-Sodr%c3%a9-418778301977370\" \/>\n<meta property=\"article:published_time\" content=\"2026-01-09T12:44:50+00:00\" \/>\n<meta property=\"og:image\" content=\"https:\/\/ubanews.com\/site\/wp-content\/uploads\/2026\/01\/Fala-Sodre-Uba-News-WEB-TV-Feira-Livre-Municipal-Secretario-Salomoao-Curi-.jpeg\" \/>\n\t<meta property=\"og:image:width\" content=\"1280\" \/>\n\t<meta property=\"og:image:height\" content=\"960\" \/>\n\t<meta property=\"og:image:type\" content=\"image\/jpeg\" \/>\n<meta name=\"author\" content=\"Carlos Roberto Sodr\u00e9\" \/>\n<meta name=\"twitter:card\" content=\"summary_large_image\" \/>\n<meta name=\"twitter:label1\" content=\"Escrito por\" \/>\n\t<meta name=\"twitter:data1\" content=\"Carlos Roberto Sodr\u00e9\" \/>\n\t<meta name=\"twitter:label2\" content=\"Est. tempo de leitura\" \/>\n\t<meta name=\"twitter:data2\" content=\"4 minutos\" \/>\n<script type=\"application\/ld+json\" class=\"yoast-schema-graph\">{\"@context\":\"https:\/\/schema.org\",\"@graph\":[{\"@type\":\"Article\",\"@id\":\"https:\/\/ubanews.com\/site\/2026\/01\/09\/feira-livre-municipal-de-uba-inovacoes-e-melhorias-para-2026\/#article\",\"isPartOf\":{\"@id\":\"https:\/\/ubanews.com\/site\/2026\/01\/09\/feira-livre-municipal-de-uba-inovacoes-e-melhorias-para-2026\/\"},\"author\":{\"name\":\"Carlos Roberto Sodr\u00e9\",\"@id\":\"https:\/\/ubanews.com\/site\/#\/schema\/person\/9d8da9ec3c8d00640ab6e8c81e103310\"},\"headline\":\"Feira Livre Municipal de Ub\u00e1: Inova\u00e7\u00f5es e Melhorias para 2026\",\"datePublished\":\"2026-01-09T12:44:50+00:00\",\"mainEntityOfPage\":{\"@id\":\"https:\/\/ubanews.com\/site\/2026\/01\/09\/feira-livre-municipal-de-uba-inovacoes-e-melhorias-para-2026\/\"},\"wordCount\":776,\"commentCount\":0,\"publisher\":{\"@id\":\"https:\/\/ubanews.com\/site\/#organization\"},\"image\":{\"@id\":\"https:\/\/ubanews.com\/site\/2026\/01\/09\/feira-livre-municipal-de-uba-inovacoes-e-melhorias-para-2026\/#primaryimage\"},\"thumbnailUrl\":\"https:\/\/ubanews.com\/site\/wp-content\/uploads\/2026\/01\/Fala-Sodre-Uba-News-WEB-TV-Feira-Livre-Municipal-Secretario-Salomoao-Curi-.jpeg\",\"keywords\":[\"Feira Livre Municipal\",\"Inova\u00e7\u00e3o\",\"Salom\u00e3o Curi\",\"Salom\u00e3o Cury\",\"Ub\u00e1\"],\"articleSection\":[\"Geral\",\"Slide\"],\"inLanguage\":\"pt-BR\",\"potentialAction\":[{\"@type\":\"CommentAction\",\"name\":\"Comment\",\"target\":[\"https:\/\/ubanews.com\/site\/2026\/01\/09\/feira-livre-municipal-de-uba-inovacoes-e-melhorias-para-2026\/#respond\"]}]},{\"@type\":\"WebPage\",\"@id\":\"https:\/\/ubanews.com\/site\/2026\/01\/09\/feira-livre-municipal-de-uba-inovacoes-e-melhorias-para-2026\/\",\"url\":\"https:\/\/ubanews.com\/site\/2026\/01\/09\/feira-livre-municipal-de-uba-inovacoes-e-melhorias-para-2026\/\",\"name\":\"Feira Livre Municipal de Ub\u00e1: Inova\u00e7\u00f5es e Melhorias para 2026 - Ub\u00e1 News\",\"isPartOf\":{\"@id\":\"https:\/\/ubanews.com\/site\/#website\"},\"primaryImageOfPage\":{\"@id\":\"https:\/\/ubanews.com\/site\/2026\/01\/09\/feira-livre-municipal-de-uba-inovacoes-e-melhorias-para-2026\/#primaryimage\"},\"image\":{\"@id\":\"https:\/\/ubanews.com\/site\/2026\/01\/09\/feira-livre-municipal-de-uba-inovacoes-e-melhorias-para-2026\/#primaryimage\"},\"thumbnailUrl\":\"https:\/\/ubanews.com\/site\/wp-content\/uploads\/2026\/01\/Fala-Sodre-Uba-News-WEB-TV-Feira-Livre-Municipal-Secretario-Salomoao-Curi-.jpeg\",\"datePublished\":\"2026-01-09T12:44:50+00:00\",\"description\":\"Feira Livre Municipal de Ub\u00e1: Inova\u00e7\u00f5es e Melhorias para 2026. A Feira Municipal de Ub\u00e1 vive um novo momento.\",\"breadcrumb\":{\"@id\":\"https:\/\/ubanews.com\/site\/2026\/01\/09\/feira-livre-municipal-de-uba-inovacoes-e-melhorias-para-2026\/#breadcrumb\"},\"inLanguage\":\"pt-BR\",\"potentialAction\":[{\"@type\":\"ReadAction\",\"target\":[\"https:\/\/ubanews.com\/site\/2026\/01\/09\/feira-livre-municipal-de-uba-inovacoes-e-melhorias-para-2026\/\"]}]},{\"@type\":\"ImageObject\",\"inLanguage\":\"pt-BR\",\"@id\":\"https:\/\/ubanews.com\/site\/2026\/01\/09\/feira-livre-municipal-de-uba-inovacoes-e-melhorias-para-2026\/#primaryimage\",\"url\":\"https:\/\/ubanews.com\/site\/wp-content\/uploads\/2026\/01\/Fala-Sodre-Uba-News-WEB-TV-Feira-Livre-Municipal-Secretario-Salomoao-Curi-.jpeg\",\"contentUrl\":\"https:\/\/ubanews.com\/site\/wp-content\/uploads\/2026\/01\/Fala-Sodre-Uba-News-WEB-TV-Feira-Livre-Municipal-Secretario-Salomoao-Curi-.jpeg\",\"width\":1280,\"height\":960,\"caption\":\"Feira Municipal de Ub\u00e1: Inova\u00e7\u00f5es e Melhorias para 2026\"},{\"@type\":\"BreadcrumbList\",\"@id\":\"https:\/\/ubanews.com\/site\/2026\/01\/09\/feira-livre-municipal-de-uba-inovacoes-e-melhorias-para-2026\/#breadcrumb\",\"itemListElement\":[{\"@type\":\"ListItem\",\"position\":1,\"name\":\"Home\",\"item\":\"https:\/\/ubanews.com\/site\/\"},{\"@type\":\"ListItem\",\"position\":2,\"name\":\"Feira Livre Municipal de Ub\u00e1: Inova\u00e7\u00f5es e Melhorias para 2026\"}]},{\"@type\":\"WebSite\",\"@id\":\"https:\/\/ubanews.com\/site\/#website\",\"url\":\"https:\/\/ubanews.com\/site\/\",\"name\":\"Ub\u00e1 News\",\"description\":\"\",\"publisher\":{\"@id\":\"https:\/\/ubanews.com\/site\/#organization\"},\"potentialAction\":[{\"@type\":\"SearchAction\",\"target\":{\"@type\":\"EntryPoint\",\"urlTemplate\":\"https:\/\/ubanews.com\/site\/?s={search_term_string}\"},\"query-input\":{\"@type\":\"PropertyValueSpecification\",\"valueRequired\":true,\"valueName\":\"search_term_string\"}}],\"inLanguage\":\"pt-BR\"},{\"@type\":\"Organization\",\"@id\":\"https:\/\/ubanews.com\/site\/#organization\",\"name\":\"Ub\u00e1 News\",\"url\":\"https:\/\/ubanews.com\/site\/\",\"logo\":{\"@type\":\"ImageObject\",\"inLanguage\":\"pt-BR\",\"@id\":\"https:\/\/ubanews.com\/site\/#\/schema\/logo\/image\/\",\"url\":\"https:\/\/ubanews.com\/site\/wp-content\/uploads\/2018\/01\/logoubanews.png\",\"contentUrl\":\"https:\/\/ubanews.com\/site\/wp-content\/uploads\/2018\/01\/logoubanews.png\",\"width\":261,\"height\":99,\"caption\":\"Ub\u00e1 News\"},\"image\":{\"@id\":\"https:\/\/ubanews.com\/site\/#\/schema\/logo\/image\/\"},\"sameAs\":[\"https:\/\/www.facebook.com\/Ub\u00e1News-Carlos-Roberto-Sodr\u00e9-418778301977370\"]},{\"@type\":\"Person\",\"@id\":\"https:\/\/ubanews.com\/site\/#\/schema\/person\/9d8da9ec3c8d00640ab6e8c81e103310\",\"name\":\"Carlos Roberto Sodr\u00e9\",\"image\":{\"@type\":\"ImageObject\",\"inLanguage\":\"pt-BR\",\"@id\":\"https:\/\/secure.gravatar.com\/avatar\/aab322e8555b56c468614fafdab8a8f924e394cdc6cfd8232f77e9e4d123a133?s=96&d=mm&r=g\",\"url\":\"https:\/\/secure.gravatar.com\/avatar\/aab322e8555b56c468614fafdab8a8f924e394cdc6cfd8232f77e9e4d123a133?s=96&d=mm&r=g\",\"contentUrl\":\"https:\/\/secure.gravatar.com\/avatar\/aab322e8555b56c468614fafdab8a8f924e394cdc6cfd8232f77e9e4d123a133?s=96&d=mm&r=g\",\"caption\":\"Carlos Roberto Sodr\u00e9\"},\"url\":\"https:\/\/ubanews.com\/site\/author\/sodre\/\"}]}<\/script>\n<!-- \/ Yoast SEO plugin. -->","yoast_head_json":{"title":"Feira Livre Municipal de Ub\u00e1: Inova\u00e7\u00f5es e Melhorias para 2026 - Ub\u00e1 News","description":"Feira Livre Municipal de Ub\u00e1: Inova\u00e7\u00f5es e Melhorias para 2026. A Feira Municipal de Ub\u00e1 vive um novo momento.","robots":{"index":"index","follow":"follow","max-snippet":"max-snippet:-1","max-image-preview":"max-image-preview:large","max-video-preview":"max-video-preview:-1"},"canonical":"https:\/\/ubanews.com\/site\/2026\/01\/09\/feira-livre-municipal-de-uba-inovacoes-e-melhorias-para-2026\/","og_locale":"pt_BR","og_type":"article","og_title":"Feira Livre Municipal de Ub\u00e1: Inova\u00e7\u00f5es e Melhorias para 2026 - Ub\u00e1 News","og_description":"Feira Livre Municipal de Ub\u00e1: Inova\u00e7\u00f5es e Melhorias para 2026. A Feira Municipal de Ub\u00e1 vive um novo momento.","og_url":"https:\/\/ubanews.com\/site\/2026\/01\/09\/feira-livre-municipal-de-uba-inovacoes-e-melhorias-para-2026\/","og_site_name":"Ub\u00e1 News","article_publisher":"https:\/\/www.facebook.com\/Ub%c3%a1News-Carlos-Roberto-Sodr%c3%a9-418778301977370","article_published_time":"2026-01-09T12:44:50+00:00","og_image":[{"width":1280,"height":960,"url":"https:\/\/ubanews.com\/site\/wp-content\/uploads\/2026\/01\/Fala-Sodre-Uba-News-WEB-TV-Feira-Livre-Municipal-Secretario-Salomoao-Curi-.jpeg","type":"image\/jpeg"}],"author":"Carlos Roberto Sodr\u00e9","twitter_card":"summary_large_image","twitter_misc":{"Escrito por":"Carlos Roberto Sodr\u00e9","Est. tempo de leitura":"4 minutos"},"schema":{"@context":"https:\/\/schema.org","@graph":[{"@type":"Article","@id":"https:\/\/ubanews.com\/site\/2026\/01\/09\/feira-livre-municipal-de-uba-inovacoes-e-melhorias-para-2026\/#article","isPartOf":{"@id":"https:\/\/ubanews.com\/site\/2026\/01\/09\/feira-livre-municipal-de-uba-inovacoes-e-melhorias-para-2026\/"},"author":{"name":"Carlos Roberto Sodr\u00e9","@id":"https:\/\/ubanews.com\/site\/#\/schema\/person\/9d8da9ec3c8d00640ab6e8c81e103310"},"headline":"Feira Livre Municipal de Ub\u00e1: Inova\u00e7\u00f5es e Melhorias para 2026","datePublished":"2026-01-09T12:44:50+00:00","mainEntityOfPage":{"@id":"https:\/\/ubanews.com\/site\/2026\/01\/09\/feira-livre-municipal-de-uba-inovacoes-e-melhorias-para-2026\/"},"wordCount":776,"commentCount":0,"publisher":{"@id":"https:\/\/ubanews.com\/site\/#organization"},"image":{"@id":"https:\/\/ubanews.com\/site\/2026\/01\/09\/feira-livre-municipal-de-uba-inovacoes-e-melhorias-para-2026\/#primaryimage"},"thumbnailUrl":"https:\/\/ubanews.com\/site\/wp-content\/uploads\/2026\/01\/Fala-Sodre-Uba-News-WEB-TV-Feira-Livre-Municipal-Secretario-Salomoao-Curi-.jpeg","keywords":["Feira Livre Municipal","Inova\u00e7\u00e3o","Salom\u00e3o Curi","Salom\u00e3o Cury","Ub\u00e1"],"articleSection":["Geral","Slide"],"inLanguage":"pt-BR","potentialAction":[{"@type":"CommentAction","name":"Comment","target":["https:\/\/ubanews.com\/site\/2026\/01\/09\/feira-livre-municipal-de-uba-inovacoes-e-melhorias-para-2026\/#respond"]}]},{"@type":"WebPage","@id":"https:\/\/ubanews.com\/site\/2026\/01\/09\/feira-livre-municipal-de-uba-inovacoes-e-melhorias-para-2026\/","url":"https:\/\/ubanews.com\/site\/2026\/01\/09\/feira-livre-municipal-de-uba-inovacoes-e-melhorias-para-2026\/","name":"Feira Livre Municipal de Ub\u00e1: Inova\u00e7\u00f5es e Melhorias para 2026 - Ub\u00e1 News","isPartOf":{"@id":"https:\/\/ubanews.com\/site\/#website"},"primaryImageOfPage":{"@id":"https:\/\/ubanews.com\/site\/2026\/01\/09\/feira-livre-municipal-de-uba-inovacoes-e-melhorias-para-2026\/#primaryimage"},"image":{"@id":"https:\/\/ubanews.com\/site\/2026\/01\/09\/feira-livre-municipal-de-uba-inovacoes-e-melhorias-para-2026\/#primaryimage"},"thumbnailUrl":"https:\/\/ubanews.com\/site\/wp-content\/uploads\/2026\/01\/Fala-Sodre-Uba-News-WEB-TV-Feira-Livre-Municipal-Secretario-Salomoao-Curi-.jpeg","datePublished":"2026-01-09T12:44:50+00:00","description":"Feira Livre Municipal de Ub\u00e1: Inova\u00e7\u00f5es e Melhorias para 2026. A Feira Municipal de Ub\u00e1 vive um novo momento.","breadcrumb":{"@id":"https:\/\/ubanews.com\/site\/2026\/01\/09\/feira-livre-municipal-de-uba-inovacoes-e-melhorias-para-2026\/#breadcrumb"},"inLanguage":"pt-BR","potentialAction":[{"@type":"ReadAction","target":["https:\/\/ubanews.com\/site\/2026\/01\/09\/feira-livre-municipal-de-uba-inovacoes-e-melhorias-para-2026\/"]}]},{"@type":"ImageObject","inLanguage":"pt-BR","@id":"https:\/\/ubanews.com\/site\/2026\/01\/09\/feira-livre-municipal-de-uba-inovacoes-e-melhorias-para-2026\/#primaryimage","url":"https:\/\/ubanews.com\/site\/wp-content\/uploads\/2026\/01\/Fala-Sodre-Uba-News-WEB-TV-Feira-Livre-Municipal-Secretario-Salomoao-Curi-.jpeg","contentUrl":"https:\/\/ubanews.com\/site\/wp-content\/uploads\/2026\/01\/Fala-Sodre-Uba-News-WEB-TV-Feira-Livre-Municipal-Secretario-Salomoao-Curi-.jpeg","width":1280,"height":960,"caption":"Feira Municipal de Ub\u00e1: Inova\u00e7\u00f5es e Melhorias para 2026"},{"@type":"BreadcrumbList","@id":"https:\/\/ubanews.com\/site\/2026\/01\/09\/feira-livre-municipal-de-uba-inovacoes-e-melhorias-para-2026\/#breadcrumb","itemListElement":[{"@type":"ListItem","position":1,"name":"Home","item":"https:\/\/ubanews.com\/site\/"},{"@type":"ListItem","position":2,"name":"Feira Livre Municipal de Ub\u00e1: Inova\u00e7\u00f5es e Melhorias para 2026"}]},{"@type":"WebSite","@id":"https:\/\/ubanews.com\/site\/#website","url":"https:\/\/ubanews.com\/site\/","name":"Ub\u00e1 News","description":"","publisher":{"@id":"https:\/\/ubanews.com\/site\/#organization"},"potentialAction":[{"@type":"SearchAction","target":{"@type":"EntryPoint","urlTemplate":"https:\/\/ubanews.com\/site\/?s={search_term_string}"},"query-input":{"@type":"PropertyValueSpecification","valueRequired":true,"valueName":"search_term_string"}}],"inLanguage":"pt-BR"},{"@type":"Organization","@id":"https:\/\/ubanews.com\/site\/#organization","name":"Ub\u00e1 News","url":"https:\/\/ubanews.com\/site\/","logo":{"@type":"ImageObject","inLanguage":"pt-BR","@id":"https:\/\/ubanews.com\/site\/#\/schema\/logo\/image\/","url":"https:\/\/ubanews.com\/site\/wp-content\/uploads\/2018\/01\/logoubanews.png","contentUrl":"https:\/\/ubanews.com\/site\/wp-content\/uploads\/2018\/01\/logoubanews.png","width":261,"height":99,"caption":"Ub\u00e1 News"},"image":{"@id":"https:\/\/ubanews.com\/site\/#\/schema\/logo\/image\/"},"sameAs":["https:\/\/www.facebook.com\/Ub\u00e1News-Carlos-Roberto-Sodr\u00e9-418778301977370"]},{"@type":"Person","@id":"https:\/\/ubanews.com\/site\/#\/schema\/person\/9d8da9ec3c8d00640ab6e8c81e103310","name":"Carlos Roberto Sodr\u00e9","image":{"@type":"ImageObject","inLanguage":"pt-BR","@id":"https:\/\/secure.gravatar.com\/avatar\/aab322e8555b56c468614fafdab8a8f924e394cdc6cfd8232f77e9e4d123a133?s=96&d=mm&r=g","url":"https:\/\/secure.gravatar.com\/avatar\/aab322e8555b56c468614fafdab8a8f924e394cdc6cfd8232f77e9e4d123a133?s=96&d=mm&r=g","contentUrl":"https:\/\/secure.gravatar.com\/avatar\/aab322e8555b56c468614fafdab8a8f924e394cdc6cfd8232f77e9e4d123a133?s=96&d=mm&r=g","caption":"Carlos Roberto Sodr\u00e9"},"url":"https:\/\/ubanews.com\/site\/author\/sodre\/"}]}},"_links":{"self":[{"href":"https:\/\/ubanews.com\/site\/wp-json\/wp\/v2\/posts\/23663","targetHints":{"allow":["GET"]}}],"collection":[{"href":"https:\/\/ubanews.com\/site\/wp-json\/wp\/v2\/posts"}],"about":[{"href":"https:\/\/ubanews.com\/site\/wp-json\/wp\/v2\/types\/post"}],"author":[{"embeddable":true,"href":"https:\/\/ubanews.com\/site\/wp-json\/wp\/v2\/users\/4"}],"replies":[{"embeddable":true,"href":"https:\/\/ubanews.com\/site\/wp-json\/wp\/v2\/comments?post=23663"}],"version-history":[{"count":0,"href":"https:\/\/ubanews.com\/site\/wp-json\/wp\/v2\/posts\/23663\/revisions"}],"wp:featuredmedia":[{"embeddable":true,"href":"https:\/\/ubanews.com\/site\/wp-json\/wp\/v2\/media\/23666"}],"wp:attachment":[{"href":"https:\/\/ubanews.com\/site\/wp-json\/wp\/v2\/media?parent=23663"}],"wp:term":[{"taxonomy":"category","embeddable":true,"href":"https:\/\/ubanews.com\/site\/wp-json\/wp\/v2\/categories?post=23663"},{"taxonomy":"post_tag","embeddable":true,"href":"https:\/\/ubanews.com\/site\/wp-json\/wp\/v2\/tags?post=23663"}],"curies":[{"name":"wp","href":"https:\/\/api.w.org\/{rel}","templated":true}]}}