{"id":23581,"date":"2025-12-18T08:37:24","date_gmt":"2025-12-18T11:37:24","guid":{"rendered":"https:\/\/ubanews.com\/site\/?p=23581"},"modified":"2025-12-18T08:37:24","modified_gmt":"2025-12-18T11:37:24","slug":"operacao-temis-ii","status":"publish","type":"post","link":"https:\/\/ubanews.com\/site\/2025\/12\/18\/operacao-temis-ii\/","title":{"rendered":"Opera\u00e7\u00e3o T\u00eamis II"},"content":{"rendered":"<p>Opera\u00e7\u00e3o T\u00eamis II, A pol\u00edcia Civil de Minas Gerais por interm\u00e9dio da Deam &#8211; delegacia de Mulheres da delegacia regional de Ub\u00e1 prendeu na data de ontem 15\/12\/2025 um indiv\u00edduo de 24 anos de idade por coa\u00e7\u00e3o no curso do processo, amea\u00e7a e sequestro.<br \/>\nEntenda o caso;<\/p>\n<h2>Opera\u00e7\u00e3o T\u00eamis II<\/h2>\n<p><img decoding=\"async\" class=\"aligncenter size-medium wp-image-23582 lazyload\" data-src=\"https:\/\/ubanews.com\/site\/wp-content\/uploads\/2025\/12\/WhatsApp-Image-2025-12-17-at-21.05.04-1-300x294.jpeg\" alt=\"FAto Policial\" width=\"300\" height=\"294\" data-srcset=\"https:\/\/ubanews.com\/site\/wp-content\/uploads\/2025\/12\/WhatsApp-Image-2025-12-17-at-21.05.04-1-300x294.jpeg 300w, https:\/\/ubanews.com\/site\/wp-content\/uploads\/2025\/12\/WhatsApp-Image-2025-12-17-at-21.05.04-1.jpeg 762w\" data-sizes=\"(max-width: 300px) 100vw, 300px\" src=\"data:image\/svg+xml;base64,PHN2ZyB3aWR0aD0iMSIgaGVpZ2h0PSIxIiB4bWxucz0iaHR0cDovL3d3dy53My5vcmcvMjAwMC9zdmciPjwvc3ZnPg==\" style=\"--smush-placeholder-width: 300px; --smush-placeholder-aspect-ratio: 300\/294;\" \/><br \/>\nUm indiv\u00edduo de 18 anos de idade na data de 12\/12\/2025 adentrou na resid\u00eancia de uma jovem de 14 anos, especial, e convenceu esta a ir at\u00e9 a casa deste onde o mesmo abusou sexualmente da v\u00edtima, ap\u00f3s o abuso a v\u00edtima retornou para casa e contou para a sua m\u00e3e o ocorrido que levou sua filha para hospital Santa Isabel, feito os exames ficou constatado les\u00f5es na v\u00edtima, o hospital por sua vez acionou a pol\u00edcia militar.<br \/>\nAp\u00f3s os militares irem at\u00e9 a resid\u00eancia do suspeito, verificou se que ele j\u00e1 n\u00e3o estava mais no local vindo a n\u00e3o ser mais localizado.<br \/>\nNa data de 15\/12\/2025 o irm\u00e3o (de 24 anos) do suspeito de ter abusado da v\u00edtima, levou a m\u00e3e da v\u00edtima at\u00e9 a delegacia sob coa\u00e7\u00e3o e amea\u00e7a para que retirasse a queixa contra o suspeito, ap\u00f3s uma policial desconfiar da situa\u00e7\u00e3o acionou o delegado regional Dr. Bruno Sales que acionou o inspetor Bruno e os investigadores da delegacia de narc\u00f3ticos para averiguarem a situa\u00e7\u00e3o.<br \/>\nQue ficou evidenciado que o suspeito de 24 anos havia invadido a casa da vitima e juntamente com outros membros ligado a organiza\u00e7\u00e3o criminosa comando vermelho obrigaram m\u00e3e e filha a gravarem v\u00eddeos pedindo desculpas ao autor e dizendo que tudo era um mal entendido, que era mentira, ap\u00f3s levou a v\u00edtima para a delegacia onde aguardava do lado de fora da sala acreditando que a m\u00e3e da v\u00edtima fosse desmentir tudo em seu depoimento, os investigadores abordaram o autor que a princ\u00edpio tentou resistir a pris\u00e3o sendo contido pela equipe.<br \/>\nQue ao autor foi dado voz de pris\u00e3o em flagrante por coa\u00e7\u00e3o no curso do processo, amea\u00e7a, sequestro e participa\u00e7\u00e3o em organiza\u00e7\u00e3o criminosa, as investiga\u00e7\u00f5es prosseguem pela delegacia de mulheres.<br \/>\nA Dra. Fabricia Nunes Noronha delegada da delegacia de mulheres de Ub\u00e1 afirma categoricamente que cada caso de viol\u00eancia contra a mulher ser\u00e1 minuciosamente apurado e a resposta ser\u00e1 dada a sociedade.<\/p>\n","protected":false},"excerpt":{"rendered":"<p>Opera\u00e7\u00e3o T\u00eamis II, A pol\u00edcia Civil de Minas Gerais por<\/p>\n","protected":false},"author":4,"featured_media":23582,"comment_status":"open","ping_status":"open","sticky":false,"template":"","format":"standard","meta":{"footnotes":""},"categories":[1,3],"tags":[188],"class_list":["post-23581","post","type-post","status-publish","format-standard","has-post-thumbnail","hentry","category-sem-categoria","category-slide","tag-fato-policial"],"yoast_head":"<!-- This site is optimized with the Yoast SEO plugin v27.2 - https:\/\/yoast.com\/product\/yoast-seo-wordpress\/ -->\n<title>Opera\u00e7\u00e3o T\u00eamis II - Ub\u00e1 News<\/title>\n<meta name=\"description\" content=\"Opera\u00e7\u00e3o T\u00eamis II A pol\u00edcia Civil de Minas Gerais por interm\u00e9dio da Deam - delegacia de Mulheres da delegacia regional de Ub\u00e1 prendeu\" \/>\n<meta name=\"robots\" content=\"index, follow, max-snippet:-1, max-image-preview:large, max-video-preview:-1\" \/>\n<link rel=\"canonical\" href=\"https:\/\/ubanews.com\/site\/2025\/12\/18\/operacao-temis-ii\/\" \/>\n<meta property=\"og:locale\" content=\"pt_BR\" \/>\n<meta property=\"og:type\" content=\"article\" \/>\n<meta property=\"og:title\" content=\"Opera\u00e7\u00e3o T\u00eamis II - Ub\u00e1 News\" \/>\n<meta property=\"og:description\" content=\"Opera\u00e7\u00e3o T\u00eamis II A pol\u00edcia Civil de Minas Gerais por interm\u00e9dio da Deam - delegacia de Mulheres da delegacia regional de Ub\u00e1 prendeu\" \/>\n<meta property=\"og:url\" content=\"https:\/\/ubanews.com\/site\/2025\/12\/18\/operacao-temis-ii\/\" \/>\n<meta property=\"og:site_name\" content=\"Ub\u00e1 News\" \/>\n<meta property=\"article:publisher\" content=\"https:\/\/www.facebook.com\/Ub%c3%a1News-Carlos-Roberto-Sodr%c3%a9-418778301977370\" \/>\n<meta property=\"article:published_time\" content=\"2025-12-18T11:37:24+00:00\" \/>\n<meta property=\"og:image\" content=\"https:\/\/ubanews.com\/site\/wp-content\/uploads\/2025\/12\/WhatsApp-Image-2025-12-17-at-21.05.04-1.jpeg\" \/>\n\t<meta property=\"og:image:width\" content=\"762\" \/>\n\t<meta property=\"og:image:height\" content=\"747\" \/>\n\t<meta property=\"og:image:type\" content=\"image\/jpeg\" \/>\n<meta name=\"author\" content=\"Carlos Roberto Sodr\u00e9\" \/>\n<meta name=\"twitter:card\" content=\"summary_large_image\" \/>\n<meta name=\"twitter:label1\" content=\"Escrito por\" \/>\n\t<meta name=\"twitter:data1\" content=\"Carlos Roberto Sodr\u00e9\" \/>\n\t<meta name=\"twitter:label2\" content=\"Est. tempo de leitura\" \/>\n\t<meta name=\"twitter:data2\" content=\"3 minutos\" \/>\n<script type=\"application\/ld+json\" class=\"yoast-schema-graph\">{\"@context\":\"https:\/\/schema.org\",\"@graph\":[{\"@type\":\"Article\",\"@id\":\"https:\/\/ubanews.com\/site\/2025\/12\/18\/operacao-temis-ii\/#article\",\"isPartOf\":{\"@id\":\"https:\/\/ubanews.com\/site\/2025\/12\/18\/operacao-temis-ii\/\"},\"author\":{\"name\":\"Carlos Roberto Sodr\u00e9\",\"@id\":\"https:\/\/ubanews.com\/site\/#\/schema\/person\/9d8da9ec3c8d00640ab6e8c81e103310\"},\"headline\":\"Opera\u00e7\u00e3o T\u00eamis II\",\"datePublished\":\"2025-12-18T11:37:24+00:00\",\"mainEntityOfPage\":{\"@id\":\"https:\/\/ubanews.com\/site\/2025\/12\/18\/operacao-temis-ii\/\"},\"wordCount\":416,\"commentCount\":0,\"publisher\":{\"@id\":\"https:\/\/ubanews.com\/site\/#organization\"},\"image\":{\"@id\":\"https:\/\/ubanews.com\/site\/2025\/12\/18\/operacao-temis-ii\/#primaryimage\"},\"thumbnailUrl\":\"https:\/\/ubanews.com\/site\/wp-content\/uploads\/2025\/12\/WhatsApp-Image-2025-12-17-at-21.05.04-1.jpeg\",\"keywords\":[\"Fato Policial\"],\"articleSection\":[\"Geral\",\"Slide\"],\"inLanguage\":\"pt-BR\",\"potentialAction\":[{\"@type\":\"CommentAction\",\"name\":\"Comment\",\"target\":[\"https:\/\/ubanews.com\/site\/2025\/12\/18\/operacao-temis-ii\/#respond\"]}]},{\"@type\":\"WebPage\",\"@id\":\"https:\/\/ubanews.com\/site\/2025\/12\/18\/operacao-temis-ii\/\",\"url\":\"https:\/\/ubanews.com\/site\/2025\/12\/18\/operacao-temis-ii\/\",\"name\":\"Opera\u00e7\u00e3o T\u00eamis II - Ub\u00e1 News\",\"isPartOf\":{\"@id\":\"https:\/\/ubanews.com\/site\/#website\"},\"primaryImageOfPage\":{\"@id\":\"https:\/\/ubanews.com\/site\/2025\/12\/18\/operacao-temis-ii\/#primaryimage\"},\"image\":{\"@id\":\"https:\/\/ubanews.com\/site\/2025\/12\/18\/operacao-temis-ii\/#primaryimage\"},\"thumbnailUrl\":\"https:\/\/ubanews.com\/site\/wp-content\/uploads\/2025\/12\/WhatsApp-Image-2025-12-17-at-21.05.04-1.jpeg\",\"datePublished\":\"2025-12-18T11:37:24+00:00\",\"description\":\"Opera\u00e7\u00e3o T\u00eamis II A pol\u00edcia Civil de Minas Gerais por interm\u00e9dio da Deam - delegacia de Mulheres da delegacia regional de Ub\u00e1 prendeu\",\"breadcrumb\":{\"@id\":\"https:\/\/ubanews.com\/site\/2025\/12\/18\/operacao-temis-ii\/#breadcrumb\"},\"inLanguage\":\"pt-BR\",\"potentialAction\":[{\"@type\":\"ReadAction\",\"target\":[\"https:\/\/ubanews.com\/site\/2025\/12\/18\/operacao-temis-ii\/\"]}]},{\"@type\":\"ImageObject\",\"inLanguage\":\"pt-BR\",\"@id\":\"https:\/\/ubanews.com\/site\/2025\/12\/18\/operacao-temis-ii\/#primaryimage\",\"url\":\"https:\/\/ubanews.com\/site\/wp-content\/uploads\/2025\/12\/WhatsApp-Image-2025-12-17-at-21.05.04-1.jpeg\",\"contentUrl\":\"https:\/\/ubanews.com\/site\/wp-content\/uploads\/2025\/12\/WhatsApp-Image-2025-12-17-at-21.05.04-1.jpeg\",\"width\":762,\"height\":747,\"caption\":\"FAto Policial\"},{\"@type\":\"BreadcrumbList\",\"@id\":\"https:\/\/ubanews.com\/site\/2025\/12\/18\/operacao-temis-ii\/#breadcrumb\",\"itemListElement\":[{\"@type\":\"ListItem\",\"position\":1,\"name\":\"Home\",\"item\":\"https:\/\/ubanews.com\/site\/\"},{\"@type\":\"ListItem\",\"position\":2,\"name\":\"Opera\u00e7\u00e3o T\u00eamis II\"}]},{\"@type\":\"WebSite\",\"@id\":\"https:\/\/ubanews.com\/site\/#website\",\"url\":\"https:\/\/ubanews.com\/site\/\",\"name\":\"Ub\u00e1 News\",\"description\":\"\",\"publisher\":{\"@id\":\"https:\/\/ubanews.com\/site\/#organization\"},\"potentialAction\":[{\"@type\":\"SearchAction\",\"target\":{\"@type\":\"EntryPoint\",\"urlTemplate\":\"https:\/\/ubanews.com\/site\/?s={search_term_string}\"},\"query-input\":{\"@type\":\"PropertyValueSpecification\",\"valueRequired\":true,\"valueName\":\"search_term_string\"}}],\"inLanguage\":\"pt-BR\"},{\"@type\":\"Organization\",\"@id\":\"https:\/\/ubanews.com\/site\/#organization\",\"name\":\"Ub\u00e1 News\",\"url\":\"https:\/\/ubanews.com\/site\/\",\"logo\":{\"@type\":\"ImageObject\",\"inLanguage\":\"pt-BR\",\"@id\":\"https:\/\/ubanews.com\/site\/#\/schema\/logo\/image\/\",\"url\":\"https:\/\/ubanews.com\/site\/wp-content\/uploads\/2018\/01\/logoubanews.png\",\"contentUrl\":\"https:\/\/ubanews.com\/site\/wp-content\/uploads\/2018\/01\/logoubanews.png\",\"width\":261,\"height\":99,\"caption\":\"Ub\u00e1 News\"},\"image\":{\"@id\":\"https:\/\/ubanews.com\/site\/#\/schema\/logo\/image\/\"},\"sameAs\":[\"https:\/\/www.facebook.com\/Ub\u00e1News-Carlos-Roberto-Sodr\u00e9-418778301977370\"]},{\"@type\":\"Person\",\"@id\":\"https:\/\/ubanews.com\/site\/#\/schema\/person\/9d8da9ec3c8d00640ab6e8c81e103310\",\"name\":\"Carlos Roberto Sodr\u00e9\",\"image\":{\"@type\":\"ImageObject\",\"inLanguage\":\"pt-BR\",\"@id\":\"https:\/\/secure.gravatar.com\/avatar\/aab322e8555b56c468614fafdab8a8f924e394cdc6cfd8232f77e9e4d123a133?s=96&d=mm&r=g\",\"url\":\"https:\/\/secure.gravatar.com\/avatar\/aab322e8555b56c468614fafdab8a8f924e394cdc6cfd8232f77e9e4d123a133?s=96&d=mm&r=g\",\"contentUrl\":\"https:\/\/secure.gravatar.com\/avatar\/aab322e8555b56c468614fafdab8a8f924e394cdc6cfd8232f77e9e4d123a133?s=96&d=mm&r=g\",\"caption\":\"Carlos Roberto Sodr\u00e9\"},\"url\":\"https:\/\/ubanews.com\/site\/author\/sodre\/\"}]}<\/script>\n<!-- \/ Yoast SEO plugin. -->","yoast_head_json":{"title":"Opera\u00e7\u00e3o T\u00eamis II - Ub\u00e1 News","description":"Opera\u00e7\u00e3o T\u00eamis II A pol\u00edcia Civil de Minas Gerais por interm\u00e9dio da Deam - delegacia de Mulheres da delegacia regional de Ub\u00e1 prendeu","robots":{"index":"index","follow":"follow","max-snippet":"max-snippet:-1","max-image-preview":"max-image-preview:large","max-video-preview":"max-video-preview:-1"},"canonical":"https:\/\/ubanews.com\/site\/2025\/12\/18\/operacao-temis-ii\/","og_locale":"pt_BR","og_type":"article","og_title":"Opera\u00e7\u00e3o T\u00eamis II - Ub\u00e1 News","og_description":"Opera\u00e7\u00e3o T\u00eamis II A pol\u00edcia Civil de Minas Gerais por interm\u00e9dio da Deam - delegacia de Mulheres da delegacia regional de Ub\u00e1 prendeu","og_url":"https:\/\/ubanews.com\/site\/2025\/12\/18\/operacao-temis-ii\/","og_site_name":"Ub\u00e1 News","article_publisher":"https:\/\/www.facebook.com\/Ub%c3%a1News-Carlos-Roberto-Sodr%c3%a9-418778301977370","article_published_time":"2025-12-18T11:37:24+00:00","og_image":[{"width":762,"height":747,"url":"https:\/\/ubanews.com\/site\/wp-content\/uploads\/2025\/12\/WhatsApp-Image-2025-12-17-at-21.05.04-1.jpeg","type":"image\/jpeg"}],"author":"Carlos Roberto Sodr\u00e9","twitter_card":"summary_large_image","twitter_misc":{"Escrito por":"Carlos Roberto Sodr\u00e9","Est. tempo de leitura":"3 minutos"},"schema":{"@context":"https:\/\/schema.org","@graph":[{"@type":"Article","@id":"https:\/\/ubanews.com\/site\/2025\/12\/18\/operacao-temis-ii\/#article","isPartOf":{"@id":"https:\/\/ubanews.com\/site\/2025\/12\/18\/operacao-temis-ii\/"},"author":{"name":"Carlos Roberto Sodr\u00e9","@id":"https:\/\/ubanews.com\/site\/#\/schema\/person\/9d8da9ec3c8d00640ab6e8c81e103310"},"headline":"Opera\u00e7\u00e3o T\u00eamis II","datePublished":"2025-12-18T11:37:24+00:00","mainEntityOfPage":{"@id":"https:\/\/ubanews.com\/site\/2025\/12\/18\/operacao-temis-ii\/"},"wordCount":416,"commentCount":0,"publisher":{"@id":"https:\/\/ubanews.com\/site\/#organization"},"image":{"@id":"https:\/\/ubanews.com\/site\/2025\/12\/18\/operacao-temis-ii\/#primaryimage"},"thumbnailUrl":"https:\/\/ubanews.com\/site\/wp-content\/uploads\/2025\/12\/WhatsApp-Image-2025-12-17-at-21.05.04-1.jpeg","keywords":["Fato Policial"],"articleSection":["Geral","Slide"],"inLanguage":"pt-BR","potentialAction":[{"@type":"CommentAction","name":"Comment","target":["https:\/\/ubanews.com\/site\/2025\/12\/18\/operacao-temis-ii\/#respond"]}]},{"@type":"WebPage","@id":"https:\/\/ubanews.com\/site\/2025\/12\/18\/operacao-temis-ii\/","url":"https:\/\/ubanews.com\/site\/2025\/12\/18\/operacao-temis-ii\/","name":"Opera\u00e7\u00e3o T\u00eamis II - Ub\u00e1 News","isPartOf":{"@id":"https:\/\/ubanews.com\/site\/#website"},"primaryImageOfPage":{"@id":"https:\/\/ubanews.com\/site\/2025\/12\/18\/operacao-temis-ii\/#primaryimage"},"image":{"@id":"https:\/\/ubanews.com\/site\/2025\/12\/18\/operacao-temis-ii\/#primaryimage"},"thumbnailUrl":"https:\/\/ubanews.com\/site\/wp-content\/uploads\/2025\/12\/WhatsApp-Image-2025-12-17-at-21.05.04-1.jpeg","datePublished":"2025-12-18T11:37:24+00:00","description":"Opera\u00e7\u00e3o T\u00eamis II A pol\u00edcia Civil de Minas Gerais por interm\u00e9dio da Deam - delegacia de Mulheres da delegacia regional de Ub\u00e1 prendeu","breadcrumb":{"@id":"https:\/\/ubanews.com\/site\/2025\/12\/18\/operacao-temis-ii\/#breadcrumb"},"inLanguage":"pt-BR","potentialAction":[{"@type":"ReadAction","target":["https:\/\/ubanews.com\/site\/2025\/12\/18\/operacao-temis-ii\/"]}]},{"@type":"ImageObject","inLanguage":"pt-BR","@id":"https:\/\/ubanews.com\/site\/2025\/12\/18\/operacao-temis-ii\/#primaryimage","url":"https:\/\/ubanews.com\/site\/wp-content\/uploads\/2025\/12\/WhatsApp-Image-2025-12-17-at-21.05.04-1.jpeg","contentUrl":"https:\/\/ubanews.com\/site\/wp-content\/uploads\/2025\/12\/WhatsApp-Image-2025-12-17-at-21.05.04-1.jpeg","width":762,"height":747,"caption":"FAto Policial"},{"@type":"BreadcrumbList","@id":"https:\/\/ubanews.com\/site\/2025\/12\/18\/operacao-temis-ii\/#breadcrumb","itemListElement":[{"@type":"ListItem","position":1,"name":"Home","item":"https:\/\/ubanews.com\/site\/"},{"@type":"ListItem","position":2,"name":"Opera\u00e7\u00e3o T\u00eamis II"}]},{"@type":"WebSite","@id":"https:\/\/ubanews.com\/site\/#website","url":"https:\/\/ubanews.com\/site\/","name":"Ub\u00e1 News","description":"","publisher":{"@id":"https:\/\/ubanews.com\/site\/#organization"},"potentialAction":[{"@type":"SearchAction","target":{"@type":"EntryPoint","urlTemplate":"https:\/\/ubanews.com\/site\/?s={search_term_string}"},"query-input":{"@type":"PropertyValueSpecification","valueRequired":true,"valueName":"search_term_string"}}],"inLanguage":"pt-BR"},{"@type":"Organization","@id":"https:\/\/ubanews.com\/site\/#organization","name":"Ub\u00e1 News","url":"https:\/\/ubanews.com\/site\/","logo":{"@type":"ImageObject","inLanguage":"pt-BR","@id":"https:\/\/ubanews.com\/site\/#\/schema\/logo\/image\/","url":"https:\/\/ubanews.com\/site\/wp-content\/uploads\/2018\/01\/logoubanews.png","contentUrl":"https:\/\/ubanews.com\/site\/wp-content\/uploads\/2018\/01\/logoubanews.png","width":261,"height":99,"caption":"Ub\u00e1 News"},"image":{"@id":"https:\/\/ubanews.com\/site\/#\/schema\/logo\/image\/"},"sameAs":["https:\/\/www.facebook.com\/Ub\u00e1News-Carlos-Roberto-Sodr\u00e9-418778301977370"]},{"@type":"Person","@id":"https:\/\/ubanews.com\/site\/#\/schema\/person\/9d8da9ec3c8d00640ab6e8c81e103310","name":"Carlos Roberto Sodr\u00e9","image":{"@type":"ImageObject","inLanguage":"pt-BR","@id":"https:\/\/secure.gravatar.com\/avatar\/aab322e8555b56c468614fafdab8a8f924e394cdc6cfd8232f77e9e4d123a133?s=96&d=mm&r=g","url":"https:\/\/secure.gravatar.com\/avatar\/aab322e8555b56c468614fafdab8a8f924e394cdc6cfd8232f77e9e4d123a133?s=96&d=mm&r=g","contentUrl":"https:\/\/secure.gravatar.com\/avatar\/aab322e8555b56c468614fafdab8a8f924e394cdc6cfd8232f77e9e4d123a133?s=96&d=mm&r=g","caption":"Carlos Roberto Sodr\u00e9"},"url":"https:\/\/ubanews.com\/site\/author\/sodre\/"}]}},"_links":{"self":[{"href":"https:\/\/ubanews.com\/site\/wp-json\/wp\/v2\/posts\/23581","targetHints":{"allow":["GET"]}}],"collection":[{"href":"https:\/\/ubanews.com\/site\/wp-json\/wp\/v2\/posts"}],"about":[{"href":"https:\/\/ubanews.com\/site\/wp-json\/wp\/v2\/types\/post"}],"author":[{"embeddable":true,"href":"https:\/\/ubanews.com\/site\/wp-json\/wp\/v2\/users\/4"}],"replies":[{"embeddable":true,"href":"https:\/\/ubanews.com\/site\/wp-json\/wp\/v2\/comments?post=23581"}],"version-history":[{"count":0,"href":"https:\/\/ubanews.com\/site\/wp-json\/wp\/v2\/posts\/23581\/revisions"}],"wp:featuredmedia":[{"embeddable":true,"href":"https:\/\/ubanews.com\/site\/wp-json\/wp\/v2\/media\/23582"}],"wp:attachment":[{"href":"https:\/\/ubanews.com\/site\/wp-json\/wp\/v2\/media?parent=23581"}],"wp:term":[{"taxonomy":"category","embeddable":true,"href":"https:\/\/ubanews.com\/site\/wp-json\/wp\/v2\/categories?post=23581"},{"taxonomy":"post_tag","embeddable":true,"href":"https:\/\/ubanews.com\/site\/wp-json\/wp\/v2\/tags?post=23581"}],"curies":[{"name":"wp","href":"https:\/\/api.w.org\/{rel}","templated":true}]}}