{"id":23578,"date":"2025-12-17T09:25:35","date_gmt":"2025-12-17T12:25:35","guid":{"rendered":"https:\/\/ubanews.com\/site\/?p=23578"},"modified":"2025-12-17T09:28:29","modified_gmt":"2025-12-17T12:28:29","slug":"pcmg-prende-mulher-e-localiza-bebe-sequestrado-no-rio-de-janeiro-na-cidade-de-cataguases-minas-gerais","status":"publish","type":"post","link":"https:\/\/ubanews.com\/site\/2025\/12\/17\/pcmg-prende-mulher-e-localiza-bebe-sequestrado-no-rio-de-janeiro-na-cidade-de-cataguases-minas-gerais\/","title":{"rendered":"PCMG prende mulher e localiza beb\u00ea sequestrado no Rio de Janeiro na Cidade de Cataguases Minas Gerais"},"content":{"rendered":"<p>PCMG prende mulher e localiza beb\u00ea sequestrado no Rio de Janeiro na cidade de Cataguases Minas Gerais. Suspeita tamb\u00e9m teria abandonado crian\u00e7a de 7 anos em estrada de Guapimirim (RJ).<br \/>\nA Pol\u00edcia Civil de Minas Gerais (PCMG) prendeu em flagrante, em apoio \u00e0 Pol\u00edcia Civil do Estado do Rio de Janeiro (PCERJ), nesta ter\u00e7a-feira (16\/12), em Cataguases, Zona da Mata mineira, uma mulher de 29 anos, investigada pelos crimes de subtra\u00e7\u00e3o de incapaz, abandono e tentativa de homic\u00eddio. A a\u00e7\u00e3o resultou ainda na localiza\u00e7\u00e3o de um beb\u00ea de 8 meses, que havia desaparecido naquele estado.<br \/>\nA suspeita e o beb\u00ea foram encontrados na resid\u00eancia de familiares da investigada, no bairro Leonardo, em Cataguases. A crian\u00e7a foi imediatamente encaminhada ao Conselho Tutelar e permanece sob acompanhamento.<\/p>\n<h2>PCMG prende mulher e localiza beb\u00ea sequestrado no Rio de Janeiro na cidade de Cataguases Minas Gerais.<\/h2>\n<p><img decoding=\"async\" class=\"aligncenter size-medium wp-image-23579 lazyload\" data-src=\"https:\/\/ubanews.com\/site\/wp-content\/uploads\/2025\/12\/WhatsApp-Image-2025-12-16-at-20.53.56-300x236.jpeg\" alt=\"\" width=\"300\" height=\"236\" data-srcset=\"https:\/\/ubanews.com\/site\/wp-content\/uploads\/2025\/12\/WhatsApp-Image-2025-12-16-at-20.53.56-300x236.jpeg 300w, https:\/\/ubanews.com\/site\/wp-content\/uploads\/2025\/12\/WhatsApp-Image-2025-12-16-at-20.53.56-768x605.jpeg 768w, https:\/\/ubanews.com\/site\/wp-content\/uploads\/2025\/12\/WhatsApp-Image-2025-12-16-at-20.53.56.jpeg 800w\" data-sizes=\"(max-width: 300px) 100vw, 300px\" src=\"data:image\/svg+xml;base64,PHN2ZyB3aWR0aD0iMSIgaGVpZ2h0PSIxIiB4bWxucz0iaHR0cDovL3d3dy53My5vcmcvMjAwMC9zdmciPjwvc3ZnPg==\" style=\"--smush-placeholder-width: 300px; --smush-placeholder-aspect-ratio: 300\/236;\" \/><\/p>\n<p>Investiga\u00e7\u00f5es<br \/>\nAs apura\u00e7\u00f5es indicam que uma mulher de 40 anos, que estava com o beb\u00ea de 8 meses e uma filha de 7 anos, desapareceu do Morro da Provid\u00eancia, no Rio de Janeiro, na semana anterior.<br \/>\nDurante os levantamentos, foi constatado que a investigada teria informado a familiares que estava gr\u00e1vida, mas que teria perdido o beb\u00ea, circunst\u00e2ncia at\u00e9 ent\u00e3o desconhecida pela fam\u00edlia. Posteriormente, ela retornou a Cataguases afirmando que a crian\u00e7a era sua.<br \/>\nConforme informa\u00e7\u00f5es repassadas pela PCERJ, a menina de 7 anos foi localizada em Guapimirim (RJ), ap\u00f3s ter sido abandonada em uma estrada. J\u00e1 a m\u00e3e das crian\u00e7as encontra-se em recupera\u00e7\u00e3o, ap\u00f3s ser socorrida pelo Corpo de Bombeiros Militar do Rio de Janeiro, com ferimentos graves provocados por queimaduras.<br \/>\nAtua\u00e7\u00e3o integrada<br \/>\nO caso contou com a atua\u00e7\u00e3o integrada da Pol\u00edcia Civil de Minas Gerais e da Pol\u00edcia Civil do Estado do Rio de Janeiro, por meio da Delegacia de Descoberta de Paradeiros (DDPA).<br \/>\nO delegado em Cataguases, Giovane Dantas, ressalta a gravidade do caso. &#8220;Os elementos iniciais indicam uma sequ\u00eancia de condutas criminosas graves, envolvendo o desaparecimento das crian\u00e7as e o abandono de incapaz. As investiga\u00e7\u00f5es continuam para esclarecer completamente os fatos e apurar todas as responsabilidades&#8221;, explica.<br \/>\nA investigada foi encaminhada ao sistema prisional, e as investiga\u00e7\u00f5es prosseguem para esclarecer a din\u00e2mica completa do caso, bem como eventual participa\u00e7\u00e3o de outras pessoas.<\/p>\n","protected":false},"excerpt":{"rendered":"<p>PCMG prende mulher e localiza beb\u00ea sequestrado no Rio de<\/p>\n","protected":false},"author":4,"featured_media":23579,"comment_status":"open","ping_status":"open","sticky":false,"template":"","format":"standard","meta":{"footnotes":""},"categories":[1,3],"tags":[188],"class_list":["post-23578","post","type-post","status-publish","format-standard","has-post-thumbnail","hentry","category-sem-categoria","category-slide","tag-fato-policial"],"yoast_head":"<!-- This site is optimized with the Yoast SEO plugin v27.2 - https:\/\/yoast.com\/product\/yoast-seo-wordpress\/ -->\n<title>PCMG prende mulher e localiza beb\u00ea sequestrado no Rio de Janeiro na Cidade de Cataguases Minas Gerais - Ub\u00e1 News<\/title>\n<meta name=\"description\" content=\"PCMG prende mulher e localiza beb\u00ea sequestrado no Rio de Janeiro na cidade de Cataguases Minas Gerais.\" \/>\n<meta name=\"robots\" content=\"index, follow, max-snippet:-1, max-image-preview:large, max-video-preview:-1\" \/>\n<link rel=\"canonical\" href=\"https:\/\/ubanews.com\/site\/2025\/12\/17\/pcmg-prende-mulher-e-localiza-bebe-sequestrado-no-rio-de-janeiro-na-cidade-de-cataguases-minas-gerais\/\" \/>\n<meta property=\"og:locale\" content=\"pt_BR\" \/>\n<meta property=\"og:type\" content=\"article\" \/>\n<meta property=\"og:title\" content=\"PCMG prende mulher e localiza beb\u00ea sequestrado no Rio de Janeiro na Cidade de Cataguases Minas Gerais - Ub\u00e1 News\" \/>\n<meta property=\"og:description\" content=\"PCMG prende mulher e localiza beb\u00ea sequestrado no Rio de Janeiro na cidade de Cataguases Minas Gerais.\" \/>\n<meta property=\"og:url\" content=\"https:\/\/ubanews.com\/site\/2025\/12\/17\/pcmg-prende-mulher-e-localiza-bebe-sequestrado-no-rio-de-janeiro-na-cidade-de-cataguases-minas-gerais\/\" \/>\n<meta property=\"og:site_name\" content=\"Ub\u00e1 News\" \/>\n<meta property=\"article:publisher\" content=\"https:\/\/www.facebook.com\/Ub%c3%a1News-Carlos-Roberto-Sodr%c3%a9-418778301977370\" \/>\n<meta property=\"article:published_time\" content=\"2025-12-17T12:25:35+00:00\" \/>\n<meta property=\"article:modified_time\" content=\"2025-12-17T12:28:29+00:00\" \/>\n<meta property=\"og:image\" content=\"https:\/\/ubanews.com\/site\/wp-content\/uploads\/2025\/12\/WhatsApp-Image-2025-12-16-at-20.53.56.jpeg\" \/>\n\t<meta property=\"og:image:width\" content=\"800\" \/>\n\t<meta property=\"og:image:height\" content=\"630\" \/>\n\t<meta property=\"og:image:type\" content=\"image\/jpeg\" \/>\n<meta name=\"author\" content=\"Carlos Roberto Sodr\u00e9\" \/>\n<meta name=\"twitter:card\" content=\"summary_large_image\" \/>\n<meta name=\"twitter:label1\" content=\"Escrito por\" \/>\n\t<meta name=\"twitter:data1\" content=\"Carlos Roberto Sodr\u00e9\" \/>\n\t<meta name=\"twitter:label2\" content=\"Est. tempo de leitura\" \/>\n\t<meta name=\"twitter:data2\" content=\"3 minutos\" \/>\n<script type=\"application\/ld+json\" class=\"yoast-schema-graph\">{\"@context\":\"https:\/\/schema.org\",\"@graph\":[{\"@type\":\"Article\",\"@id\":\"https:\/\/ubanews.com\/site\/2025\/12\/17\/pcmg-prende-mulher-e-localiza-bebe-sequestrado-no-rio-de-janeiro-na-cidade-de-cataguases-minas-gerais\/#article\",\"isPartOf\":{\"@id\":\"https:\/\/ubanews.com\/site\/2025\/12\/17\/pcmg-prende-mulher-e-localiza-bebe-sequestrado-no-rio-de-janeiro-na-cidade-de-cataguases-minas-gerais\/\"},\"author\":{\"name\":\"Carlos Roberto Sodr\u00e9\",\"@id\":\"https:\/\/ubanews.com\/site\/#\/schema\/person\/9d8da9ec3c8d00640ab6e8c81e103310\"},\"headline\":\"PCMG prende mulher e localiza beb\u00ea sequestrado no Rio de Janeiro na Cidade de Cataguases Minas Gerais\",\"datePublished\":\"2025-12-17T12:25:35+00:00\",\"dateModified\":\"2025-12-17T12:28:29+00:00\",\"mainEntityOfPage\":{\"@id\":\"https:\/\/ubanews.com\/site\/2025\/12\/17\/pcmg-prende-mulher-e-localiza-bebe-sequestrado-no-rio-de-janeiro-na-cidade-de-cataguases-minas-gerais\/\"},\"wordCount\":411,\"commentCount\":0,\"publisher\":{\"@id\":\"https:\/\/ubanews.com\/site\/#organization\"},\"image\":{\"@id\":\"https:\/\/ubanews.com\/site\/2025\/12\/17\/pcmg-prende-mulher-e-localiza-bebe-sequestrado-no-rio-de-janeiro-na-cidade-de-cataguases-minas-gerais\/#primaryimage\"},\"thumbnailUrl\":\"https:\/\/ubanews.com\/site\/wp-content\/uploads\/2025\/12\/WhatsApp-Image-2025-12-16-at-20.53.56.jpeg\",\"keywords\":[\"Fato Policial\"],\"articleSection\":[\"Geral\",\"Slide\"],\"inLanguage\":\"pt-BR\",\"potentialAction\":[{\"@type\":\"CommentAction\",\"name\":\"Comment\",\"target\":[\"https:\/\/ubanews.com\/site\/2025\/12\/17\/pcmg-prende-mulher-e-localiza-bebe-sequestrado-no-rio-de-janeiro-na-cidade-de-cataguases-minas-gerais\/#respond\"]}]},{\"@type\":\"WebPage\",\"@id\":\"https:\/\/ubanews.com\/site\/2025\/12\/17\/pcmg-prende-mulher-e-localiza-bebe-sequestrado-no-rio-de-janeiro-na-cidade-de-cataguases-minas-gerais\/\",\"url\":\"https:\/\/ubanews.com\/site\/2025\/12\/17\/pcmg-prende-mulher-e-localiza-bebe-sequestrado-no-rio-de-janeiro-na-cidade-de-cataguases-minas-gerais\/\",\"name\":\"PCMG prende mulher e localiza beb\u00ea sequestrado no Rio de Janeiro na Cidade de Cataguases Minas Gerais - Ub\u00e1 News\",\"isPartOf\":{\"@id\":\"https:\/\/ubanews.com\/site\/#website\"},\"primaryImageOfPage\":{\"@id\":\"https:\/\/ubanews.com\/site\/2025\/12\/17\/pcmg-prende-mulher-e-localiza-bebe-sequestrado-no-rio-de-janeiro-na-cidade-de-cataguases-minas-gerais\/#primaryimage\"},\"image\":{\"@id\":\"https:\/\/ubanews.com\/site\/2025\/12\/17\/pcmg-prende-mulher-e-localiza-bebe-sequestrado-no-rio-de-janeiro-na-cidade-de-cataguases-minas-gerais\/#primaryimage\"},\"thumbnailUrl\":\"https:\/\/ubanews.com\/site\/wp-content\/uploads\/2025\/12\/WhatsApp-Image-2025-12-16-at-20.53.56.jpeg\",\"datePublished\":\"2025-12-17T12:25:35+00:00\",\"dateModified\":\"2025-12-17T12:28:29+00:00\",\"description\":\"PCMG prende mulher e localiza beb\u00ea sequestrado no Rio de Janeiro na cidade de Cataguases Minas Gerais.\",\"breadcrumb\":{\"@id\":\"https:\/\/ubanews.com\/site\/2025\/12\/17\/pcmg-prende-mulher-e-localiza-bebe-sequestrado-no-rio-de-janeiro-na-cidade-de-cataguases-minas-gerais\/#breadcrumb\"},\"inLanguage\":\"pt-BR\",\"potentialAction\":[{\"@type\":\"ReadAction\",\"target\":[\"https:\/\/ubanews.com\/site\/2025\/12\/17\/pcmg-prende-mulher-e-localiza-bebe-sequestrado-no-rio-de-janeiro-na-cidade-de-cataguases-minas-gerais\/\"]}]},{\"@type\":\"ImageObject\",\"inLanguage\":\"pt-BR\",\"@id\":\"https:\/\/ubanews.com\/site\/2025\/12\/17\/pcmg-prende-mulher-e-localiza-bebe-sequestrado-no-rio-de-janeiro-na-cidade-de-cataguases-minas-gerais\/#primaryimage\",\"url\":\"https:\/\/ubanews.com\/site\/wp-content\/uploads\/2025\/12\/WhatsApp-Image-2025-12-16-at-20.53.56.jpeg\",\"contentUrl\":\"https:\/\/ubanews.com\/site\/wp-content\/uploads\/2025\/12\/WhatsApp-Image-2025-12-16-at-20.53.56.jpeg\",\"width\":800,\"height\":630,\"caption\":\"Fato Policial\"},{\"@type\":\"BreadcrumbList\",\"@id\":\"https:\/\/ubanews.com\/site\/2025\/12\/17\/pcmg-prende-mulher-e-localiza-bebe-sequestrado-no-rio-de-janeiro-na-cidade-de-cataguases-minas-gerais\/#breadcrumb\",\"itemListElement\":[{\"@type\":\"ListItem\",\"position\":1,\"name\":\"Home\",\"item\":\"https:\/\/ubanews.com\/site\/\"},{\"@type\":\"ListItem\",\"position\":2,\"name\":\"PCMG prende mulher e localiza beb\u00ea sequestrado no Rio de Janeiro na Cidade de Cataguases Minas Gerais\"}]},{\"@type\":\"WebSite\",\"@id\":\"https:\/\/ubanews.com\/site\/#website\",\"url\":\"https:\/\/ubanews.com\/site\/\",\"name\":\"Ub\u00e1 News\",\"description\":\"\",\"publisher\":{\"@id\":\"https:\/\/ubanews.com\/site\/#organization\"},\"potentialAction\":[{\"@type\":\"SearchAction\",\"target\":{\"@type\":\"EntryPoint\",\"urlTemplate\":\"https:\/\/ubanews.com\/site\/?s={search_term_string}\"},\"query-input\":{\"@type\":\"PropertyValueSpecification\",\"valueRequired\":true,\"valueName\":\"search_term_string\"}}],\"inLanguage\":\"pt-BR\"},{\"@type\":\"Organization\",\"@id\":\"https:\/\/ubanews.com\/site\/#organization\",\"name\":\"Ub\u00e1 News\",\"url\":\"https:\/\/ubanews.com\/site\/\",\"logo\":{\"@type\":\"ImageObject\",\"inLanguage\":\"pt-BR\",\"@id\":\"https:\/\/ubanews.com\/site\/#\/schema\/logo\/image\/\",\"url\":\"https:\/\/ubanews.com\/site\/wp-content\/uploads\/2018\/01\/logoubanews.png\",\"contentUrl\":\"https:\/\/ubanews.com\/site\/wp-content\/uploads\/2018\/01\/logoubanews.png\",\"width\":261,\"height\":99,\"caption\":\"Ub\u00e1 News\"},\"image\":{\"@id\":\"https:\/\/ubanews.com\/site\/#\/schema\/logo\/image\/\"},\"sameAs\":[\"https:\/\/www.facebook.com\/Ub\u00e1News-Carlos-Roberto-Sodr\u00e9-418778301977370\"]},{\"@type\":\"Person\",\"@id\":\"https:\/\/ubanews.com\/site\/#\/schema\/person\/9d8da9ec3c8d00640ab6e8c81e103310\",\"name\":\"Carlos Roberto Sodr\u00e9\",\"image\":{\"@type\":\"ImageObject\",\"inLanguage\":\"pt-BR\",\"@id\":\"https:\/\/secure.gravatar.com\/avatar\/aab322e8555b56c468614fafdab8a8f924e394cdc6cfd8232f77e9e4d123a133?s=96&d=mm&r=g\",\"url\":\"https:\/\/secure.gravatar.com\/avatar\/aab322e8555b56c468614fafdab8a8f924e394cdc6cfd8232f77e9e4d123a133?s=96&d=mm&r=g\",\"contentUrl\":\"https:\/\/secure.gravatar.com\/avatar\/aab322e8555b56c468614fafdab8a8f924e394cdc6cfd8232f77e9e4d123a133?s=96&d=mm&r=g\",\"caption\":\"Carlos Roberto Sodr\u00e9\"},\"url\":\"https:\/\/ubanews.com\/site\/author\/sodre\/\"}]}<\/script>\n<!-- \/ Yoast SEO plugin. -->","yoast_head_json":{"title":"PCMG prende mulher e localiza beb\u00ea sequestrado no Rio de Janeiro na Cidade de Cataguases Minas Gerais - Ub\u00e1 News","description":"PCMG prende mulher e localiza beb\u00ea sequestrado no Rio de Janeiro na cidade de Cataguases Minas Gerais.","robots":{"index":"index","follow":"follow","max-snippet":"max-snippet:-1","max-image-preview":"max-image-preview:large","max-video-preview":"max-video-preview:-1"},"canonical":"https:\/\/ubanews.com\/site\/2025\/12\/17\/pcmg-prende-mulher-e-localiza-bebe-sequestrado-no-rio-de-janeiro-na-cidade-de-cataguases-minas-gerais\/","og_locale":"pt_BR","og_type":"article","og_title":"PCMG prende mulher e localiza beb\u00ea sequestrado no Rio de Janeiro na Cidade de Cataguases Minas Gerais - Ub\u00e1 News","og_description":"PCMG prende mulher e localiza beb\u00ea sequestrado no Rio de Janeiro na cidade de Cataguases Minas Gerais.","og_url":"https:\/\/ubanews.com\/site\/2025\/12\/17\/pcmg-prende-mulher-e-localiza-bebe-sequestrado-no-rio-de-janeiro-na-cidade-de-cataguases-minas-gerais\/","og_site_name":"Ub\u00e1 News","article_publisher":"https:\/\/www.facebook.com\/Ub%c3%a1News-Carlos-Roberto-Sodr%c3%a9-418778301977370","article_published_time":"2025-12-17T12:25:35+00:00","article_modified_time":"2025-12-17T12:28:29+00:00","og_image":[{"width":800,"height":630,"url":"https:\/\/ubanews.com\/site\/wp-content\/uploads\/2025\/12\/WhatsApp-Image-2025-12-16-at-20.53.56.jpeg","type":"image\/jpeg"}],"author":"Carlos Roberto Sodr\u00e9","twitter_card":"summary_large_image","twitter_misc":{"Escrito por":"Carlos Roberto Sodr\u00e9","Est. tempo de leitura":"3 minutos"},"schema":{"@context":"https:\/\/schema.org","@graph":[{"@type":"Article","@id":"https:\/\/ubanews.com\/site\/2025\/12\/17\/pcmg-prende-mulher-e-localiza-bebe-sequestrado-no-rio-de-janeiro-na-cidade-de-cataguases-minas-gerais\/#article","isPartOf":{"@id":"https:\/\/ubanews.com\/site\/2025\/12\/17\/pcmg-prende-mulher-e-localiza-bebe-sequestrado-no-rio-de-janeiro-na-cidade-de-cataguases-minas-gerais\/"},"author":{"name":"Carlos Roberto Sodr\u00e9","@id":"https:\/\/ubanews.com\/site\/#\/schema\/person\/9d8da9ec3c8d00640ab6e8c81e103310"},"headline":"PCMG prende mulher e localiza beb\u00ea sequestrado no Rio de Janeiro na Cidade de Cataguases Minas Gerais","datePublished":"2025-12-17T12:25:35+00:00","dateModified":"2025-12-17T12:28:29+00:00","mainEntityOfPage":{"@id":"https:\/\/ubanews.com\/site\/2025\/12\/17\/pcmg-prende-mulher-e-localiza-bebe-sequestrado-no-rio-de-janeiro-na-cidade-de-cataguases-minas-gerais\/"},"wordCount":411,"commentCount":0,"publisher":{"@id":"https:\/\/ubanews.com\/site\/#organization"},"image":{"@id":"https:\/\/ubanews.com\/site\/2025\/12\/17\/pcmg-prende-mulher-e-localiza-bebe-sequestrado-no-rio-de-janeiro-na-cidade-de-cataguases-minas-gerais\/#primaryimage"},"thumbnailUrl":"https:\/\/ubanews.com\/site\/wp-content\/uploads\/2025\/12\/WhatsApp-Image-2025-12-16-at-20.53.56.jpeg","keywords":["Fato Policial"],"articleSection":["Geral","Slide"],"inLanguage":"pt-BR","potentialAction":[{"@type":"CommentAction","name":"Comment","target":["https:\/\/ubanews.com\/site\/2025\/12\/17\/pcmg-prende-mulher-e-localiza-bebe-sequestrado-no-rio-de-janeiro-na-cidade-de-cataguases-minas-gerais\/#respond"]}]},{"@type":"WebPage","@id":"https:\/\/ubanews.com\/site\/2025\/12\/17\/pcmg-prende-mulher-e-localiza-bebe-sequestrado-no-rio-de-janeiro-na-cidade-de-cataguases-minas-gerais\/","url":"https:\/\/ubanews.com\/site\/2025\/12\/17\/pcmg-prende-mulher-e-localiza-bebe-sequestrado-no-rio-de-janeiro-na-cidade-de-cataguases-minas-gerais\/","name":"PCMG prende mulher e localiza beb\u00ea sequestrado no Rio de Janeiro na Cidade de Cataguases Minas Gerais - Ub\u00e1 News","isPartOf":{"@id":"https:\/\/ubanews.com\/site\/#website"},"primaryImageOfPage":{"@id":"https:\/\/ubanews.com\/site\/2025\/12\/17\/pcmg-prende-mulher-e-localiza-bebe-sequestrado-no-rio-de-janeiro-na-cidade-de-cataguases-minas-gerais\/#primaryimage"},"image":{"@id":"https:\/\/ubanews.com\/site\/2025\/12\/17\/pcmg-prende-mulher-e-localiza-bebe-sequestrado-no-rio-de-janeiro-na-cidade-de-cataguases-minas-gerais\/#primaryimage"},"thumbnailUrl":"https:\/\/ubanews.com\/site\/wp-content\/uploads\/2025\/12\/WhatsApp-Image-2025-12-16-at-20.53.56.jpeg","datePublished":"2025-12-17T12:25:35+00:00","dateModified":"2025-12-17T12:28:29+00:00","description":"PCMG prende mulher e localiza beb\u00ea sequestrado no Rio de Janeiro na cidade de Cataguases Minas Gerais.","breadcrumb":{"@id":"https:\/\/ubanews.com\/site\/2025\/12\/17\/pcmg-prende-mulher-e-localiza-bebe-sequestrado-no-rio-de-janeiro-na-cidade-de-cataguases-minas-gerais\/#breadcrumb"},"inLanguage":"pt-BR","potentialAction":[{"@type":"ReadAction","target":["https:\/\/ubanews.com\/site\/2025\/12\/17\/pcmg-prende-mulher-e-localiza-bebe-sequestrado-no-rio-de-janeiro-na-cidade-de-cataguases-minas-gerais\/"]}]},{"@type":"ImageObject","inLanguage":"pt-BR","@id":"https:\/\/ubanews.com\/site\/2025\/12\/17\/pcmg-prende-mulher-e-localiza-bebe-sequestrado-no-rio-de-janeiro-na-cidade-de-cataguases-minas-gerais\/#primaryimage","url":"https:\/\/ubanews.com\/site\/wp-content\/uploads\/2025\/12\/WhatsApp-Image-2025-12-16-at-20.53.56.jpeg","contentUrl":"https:\/\/ubanews.com\/site\/wp-content\/uploads\/2025\/12\/WhatsApp-Image-2025-12-16-at-20.53.56.jpeg","width":800,"height":630,"caption":"Fato Policial"},{"@type":"BreadcrumbList","@id":"https:\/\/ubanews.com\/site\/2025\/12\/17\/pcmg-prende-mulher-e-localiza-bebe-sequestrado-no-rio-de-janeiro-na-cidade-de-cataguases-minas-gerais\/#breadcrumb","itemListElement":[{"@type":"ListItem","position":1,"name":"Home","item":"https:\/\/ubanews.com\/site\/"},{"@type":"ListItem","position":2,"name":"PCMG prende mulher e localiza beb\u00ea sequestrado no Rio de Janeiro na Cidade de Cataguases Minas Gerais"}]},{"@type":"WebSite","@id":"https:\/\/ubanews.com\/site\/#website","url":"https:\/\/ubanews.com\/site\/","name":"Ub\u00e1 News","description":"","publisher":{"@id":"https:\/\/ubanews.com\/site\/#organization"},"potentialAction":[{"@type":"SearchAction","target":{"@type":"EntryPoint","urlTemplate":"https:\/\/ubanews.com\/site\/?s={search_term_string}"},"query-input":{"@type":"PropertyValueSpecification","valueRequired":true,"valueName":"search_term_string"}}],"inLanguage":"pt-BR"},{"@type":"Organization","@id":"https:\/\/ubanews.com\/site\/#organization","name":"Ub\u00e1 News","url":"https:\/\/ubanews.com\/site\/","logo":{"@type":"ImageObject","inLanguage":"pt-BR","@id":"https:\/\/ubanews.com\/site\/#\/schema\/logo\/image\/","url":"https:\/\/ubanews.com\/site\/wp-content\/uploads\/2018\/01\/logoubanews.png","contentUrl":"https:\/\/ubanews.com\/site\/wp-content\/uploads\/2018\/01\/logoubanews.png","width":261,"height":99,"caption":"Ub\u00e1 News"},"image":{"@id":"https:\/\/ubanews.com\/site\/#\/schema\/logo\/image\/"},"sameAs":["https:\/\/www.facebook.com\/Ub\u00e1News-Carlos-Roberto-Sodr\u00e9-418778301977370"]},{"@type":"Person","@id":"https:\/\/ubanews.com\/site\/#\/schema\/person\/9d8da9ec3c8d00640ab6e8c81e103310","name":"Carlos Roberto Sodr\u00e9","image":{"@type":"ImageObject","inLanguage":"pt-BR","@id":"https:\/\/secure.gravatar.com\/avatar\/aab322e8555b56c468614fafdab8a8f924e394cdc6cfd8232f77e9e4d123a133?s=96&d=mm&r=g","url":"https:\/\/secure.gravatar.com\/avatar\/aab322e8555b56c468614fafdab8a8f924e394cdc6cfd8232f77e9e4d123a133?s=96&d=mm&r=g","contentUrl":"https:\/\/secure.gravatar.com\/avatar\/aab322e8555b56c468614fafdab8a8f924e394cdc6cfd8232f77e9e4d123a133?s=96&d=mm&r=g","caption":"Carlos Roberto Sodr\u00e9"},"url":"https:\/\/ubanews.com\/site\/author\/sodre\/"}]}},"_links":{"self":[{"href":"https:\/\/ubanews.com\/site\/wp-json\/wp\/v2\/posts\/23578","targetHints":{"allow":["GET"]}}],"collection":[{"href":"https:\/\/ubanews.com\/site\/wp-json\/wp\/v2\/posts"}],"about":[{"href":"https:\/\/ubanews.com\/site\/wp-json\/wp\/v2\/types\/post"}],"author":[{"embeddable":true,"href":"https:\/\/ubanews.com\/site\/wp-json\/wp\/v2\/users\/4"}],"replies":[{"embeddable":true,"href":"https:\/\/ubanews.com\/site\/wp-json\/wp\/v2\/comments?post=23578"}],"version-history":[{"count":0,"href":"https:\/\/ubanews.com\/site\/wp-json\/wp\/v2\/posts\/23578\/revisions"}],"wp:featuredmedia":[{"embeddable":true,"href":"https:\/\/ubanews.com\/site\/wp-json\/wp\/v2\/media\/23579"}],"wp:attachment":[{"href":"https:\/\/ubanews.com\/site\/wp-json\/wp\/v2\/media?parent=23578"}],"wp:term":[{"taxonomy":"category","embeddable":true,"href":"https:\/\/ubanews.com\/site\/wp-json\/wp\/v2\/categories?post=23578"},{"taxonomy":"post_tag","embeddable":true,"href":"https:\/\/ubanews.com\/site\/wp-json\/wp\/v2\/tags?post=23578"}],"curies":[{"name":"wp","href":"https:\/\/api.w.org\/{rel}","templated":true}]}}