{"id":23572,"date":"2025-12-17T09:12:00","date_gmt":"2025-12-17T12:12:00","guid":{"rendered":"https:\/\/ubanews.com\/site\/?p=23572"},"modified":"2025-12-17T09:45:37","modified_gmt":"2025-12-17T12:45:37","slug":"uba-promulga-lei-ambiental-historica","status":"publish","type":"post","link":"https:\/\/ubanews.com\/site\/2025\/12\/17\/uba-promulga-lei-ambiental-historica\/","title":{"rendered":"Ub\u00e1 Promulga Lei Ambiental Hist\u00f3rica"},"content":{"rendered":"<p><strong style=\"font-size: 1.0625rem;\">Ub\u00e1 Promulga Lei Ambiental Hist\u00f3rica: Seguran\u00e7a Jur\u00eddica e Desenvolvimento Sustent\u00e1vel. <\/strong><span style=\"font-size: 1.0625rem;\">Em um evento realizado no <\/span><strong style=\"font-size: 1.0625rem;\">Gabinete do Prefeito Municipal de Ub\u00e1<\/strong><span style=\"font-size: 1.0625rem;\">, autoridades de diversos setores se reuniram para celebrar um marco hist\u00f3rico: a san\u00e7\u00e3o da lei que define regras claras para \u00e1reas de preserva\u00e7\u00e3o permanente (APP) e delimita\u00e7\u00e3o de \u00e1reas urbanas consolidadas. A medida promete transformar a rela\u00e7\u00e3o entre meio ambiente, desenvolvimento urbano e seguran\u00e7a jur\u00eddica.<\/span><\/p>\n<div>\n<h1><strong>Ub\u00e1 Promulga Lei Ambiental Hist\u00f3rica: Seguran\u00e7a Jur\u00eddica e Desenvolvimento Sustent\u00e1vel<\/strong><\/h1>\n<p><img decoding=\"async\" class=\"aligncenter size-medium wp-image-23575 lazyload\" data-src=\"https:\/\/ubanews.com\/site\/wp-content\/uploads\/2025\/12\/Poder-Executivo-Antonio-Geraldo-Prefeito-Professor-Jose-Damato-e-Vice-Cabo-Rominho-300x167.jpg\" alt=\"Ant\u00f4nio Geraldo, Professor Jos\u00e9 Damato e o Vice Cabo Rominho \" width=\"300\" height=\"167\" data-srcset=\"https:\/\/ubanews.com\/site\/wp-content\/uploads\/2025\/12\/Poder-Executivo-Antonio-Geraldo-Prefeito-Professor-Jose-Damato-e-Vice-Cabo-Rominho-300x167.jpg 300w, https:\/\/ubanews.com\/site\/wp-content\/uploads\/2025\/12\/Poder-Executivo-Antonio-Geraldo-Prefeito-Professor-Jose-Damato-e-Vice-Cabo-Rominho-1024x569.jpg 1024w, https:\/\/ubanews.com\/site\/wp-content\/uploads\/2025\/12\/Poder-Executivo-Antonio-Geraldo-Prefeito-Professor-Jose-Damato-e-Vice-Cabo-Rominho-768x427.jpg 768w, https:\/\/ubanews.com\/site\/wp-content\/uploads\/2025\/12\/Poder-Executivo-Antonio-Geraldo-Prefeito-Professor-Jose-Damato-e-Vice-Cabo-Rominho-360x200.jpg 360w, https:\/\/ubanews.com\/site\/wp-content\/uploads\/2025\/12\/Poder-Executivo-Antonio-Geraldo-Prefeito-Professor-Jose-Damato-e-Vice-Cabo-Rominho.jpg 1027w\" data-sizes=\"(max-width: 300px) 100vw, 300px\" src=\"data:image\/svg+xml;base64,PHN2ZyB3aWR0aD0iMSIgaGVpZ2h0PSIxIiB4bWxucz0iaHR0cDovL3d3dy53My5vcmcvMjAwMC9zdmciPjwvc3ZnPg==\" style=\"--smush-placeholder-width: 300px; --smush-placeholder-aspect-ratio: 300\/167;\" \/><\/p>\n<h2><strong>Por que essa lei \u00e9 t\u00e3o importante?<\/strong><\/h2>\n<p>Antes da san\u00e7\u00e3o, empres\u00e1rios e moradores enfrentavam inseguran\u00e7a para investir. Obras paradas, projetos engavetados e medo de penalidades eram comuns. Agora, com regras claras, a cidade ganha estabilidade para crescer de forma sustent\u00e1vel.<\/p>\n<p>Segundo <strong>Gilberto Teixeira Pereira Coelho<\/strong>, representante do setor industrial:<br \/>\n<em>&#8220;\u00c9 um momento para celebrar. Agora sabemos onde podemos construir e como avan\u00e7ar. Essa lei traz seguran\u00e7a jur\u00eddica para ind\u00fastrias e moradores. \u00c9 um sonho antigo do empresariado.&#8221;<\/em><\/p>\n<p><img decoding=\"async\" class=\"aligncenter size-medium wp-image-23573 lazyload\" data-src=\"https:\/\/ubanews.com\/site\/wp-content\/uploads\/2025\/12\/Gilberto-Coelho-da-Salleto-e-do-INTERSIND-300x166.jpg\" alt=\"Gilberto da Salleto\" width=\"300\" height=\"166\" data-srcset=\"https:\/\/ubanews.com\/site\/wp-content\/uploads\/2025\/12\/Gilberto-Coelho-da-Salleto-e-do-INTERSIND-300x166.jpg 300w, https:\/\/ubanews.com\/site\/wp-content\/uploads\/2025\/12\/Gilberto-Coelho-da-Salleto-e-do-INTERSIND-1024x568.jpg 1024w, https:\/\/ubanews.com\/site\/wp-content\/uploads\/2025\/12\/Gilberto-Coelho-da-Salleto-e-do-INTERSIND-768x426.jpg 768w, https:\/\/ubanews.com\/site\/wp-content\/uploads\/2025\/12\/Gilberto-Coelho-da-Salleto-e-do-INTERSIND-360x200.jpg 360w, https:\/\/ubanews.com\/site\/wp-content\/uploads\/2025\/12\/Gilberto-Coelho-da-Salleto-e-do-INTERSIND-600x330.jpg 600w, https:\/\/ubanews.com\/site\/wp-content\/uploads\/2025\/12\/Gilberto-Coelho-da-Salleto-e-do-INTERSIND.jpg 1028w\" data-sizes=\"(max-width: 300px) 100vw, 300px\" src=\"data:image\/svg+xml;base64,PHN2ZyB3aWR0aD0iMSIgaGVpZ2h0PSIxIiB4bWxucz0iaHR0cDovL3d3dy53My5vcmcvMjAwMC9zdmciPjwvc3ZnPg==\" style=\"--smush-placeholder-width: 300px; --smush-placeholder-aspect-ratio: 300\/166;\" \/><\/p>\n<h2><strong>Como a lei foi constru\u00edda?<\/strong><\/h2>\n<p>A elabora\u00e7\u00e3o envolveu <strong>Prefeitura Municipal<\/strong>, <strong>Minist\u00e9rio P\u00fablico<\/strong>, <strong>Intersind<\/strong>, t\u00e9cnicos da UFV e participa\u00e7\u00e3o popular. Houve consulta p\u00fablica, audi\u00eancia t\u00e9cnica e aprova\u00e7\u00e3o un\u00e2nime na C\u00e2mara Municipal.<br \/>\nO secret\u00e1rio de planejamento, <strong>Ant\u00f4nio Geraldo<\/strong>, destacou:<br \/>\n<em>&#8220;Foi um projeto constru\u00eddo a v\u00e1rias m\u00e3os. Incorporamos contribui\u00e7\u00f5es da sociedade e \u00f3rg\u00e3os t\u00e9cnicos. Nosso objetivo \u00e9 corrigir distor\u00e7\u00f5es e permitir regulariza\u00e7\u00e3o respons\u00e1vel.&#8221;<\/em><\/p>\n<h2><strong>O que diz o Prefeito?<\/strong><\/h2>\n<p>O prefeito <strong>Professor Jos\u00e9 Damato<\/strong> ressaltou a import\u00e2ncia da medida:<br \/>\n<em>&#8220;Essa lei foi elaborada com base em estudos t\u00e9cnicos da Universidade Federal. Ela garante desenvolvimento sustent\u00e1vel e tranquilidade para empreendedores e moradores. \u00c9 um marco que vai permitir regulariza\u00e7\u00e3o de im\u00f3veis e fomentar investimentos sem abrir m\u00e3o da preserva\u00e7\u00e3o ambiental.&#8221;<\/em><\/p>\n<h2><strong>A vis\u00e3o do Vice-Prefeito Cabo Rominho<\/strong><\/h2>\n<p>O vice-prefeito <strong>Cabo Rominho<\/strong> refor\u00e7ou o car\u00e1ter hist\u00f3rico da decis\u00e3o:<br \/>\n<em>&#8220;Esse projeto \u00e9 grandioso e ser\u00e1 exemplo para outras cidades. Ele atende ao interesse ambiental e ao desenvolvimento econ\u00f4mico, preservando nossa natureza e garantindo seguran\u00e7a jur\u00eddica para quem investe em Ub\u00e1.&#8221;<\/em><\/p>\n<h2><strong>A opini\u00e3o do empres\u00e1rio Natal Ferrari<\/strong><\/h2>\n<p>O empres\u00e1rio <strong>Natal Ferrari<\/strong> tamb\u00e9m destacou o impacto positivo da lei:<br \/>\n<em>&#8220;Esse momento \u00e9 hist\u00f3rico. A quest\u00e3o ambiental travava investimentos h\u00e1 anos. Agora, com essa regulariza\u00e7\u00e3o, Ub\u00e1 vai atrair novos neg\u00f3cios e gerar empregos. \u00c9 um avan\u00e7o para toda a sociedade.&#8221;<\/em><\/p>\n<p><img decoding=\"async\" class=\"aligncenter size-medium wp-image-23574 lazyload\" data-src=\"https:\/\/ubanews.com\/site\/wp-content\/uploads\/2025\/12\/Natal-da-Ferrari-e-do-INTERSIND-300x167.jpg\" alt=\"Natal Ferrari \" width=\"300\" height=\"167\" data-srcset=\"https:\/\/ubanews.com\/site\/wp-content\/uploads\/2025\/12\/Natal-da-Ferrari-e-do-INTERSIND-300x167.jpg 300w, https:\/\/ubanews.com\/site\/wp-content\/uploads\/2025\/12\/Natal-da-Ferrari-e-do-INTERSIND-768x429.jpg 768w, https:\/\/ubanews.com\/site\/wp-content\/uploads\/2025\/12\/Natal-da-Ferrari-e-do-INTERSIND-360x200.jpg 360w, https:\/\/ubanews.com\/site\/wp-content\/uploads\/2025\/12\/Natal-da-Ferrari-e-do-INTERSIND.jpg 1025w\" data-sizes=\"(max-width: 300px) 100vw, 300px\" src=\"data:image\/svg+xml;base64,PHN2ZyB3aWR0aD0iMSIgaGVpZ2h0PSIxIiB4bWxucz0iaHR0cDovL3d3dy53My5vcmcvMjAwMC9zdmciPjwvc3ZnPg==\" style=\"--smush-placeholder-width: 300px; --smush-placeholder-aspect-ratio: 300\/167;\" \/><\/p>\n<h2><strong>O que muda para a popula\u00e7\u00e3o?<\/strong><\/h2>\n<p>Agora, im\u00f3veis constru\u00eddos em \u00e1reas irregulares poder\u00e3o ser regularizados. Isso inclui casas, pr\u00e9dios e f\u00e1bricas. A lei tamb\u00e9m prev\u00ea compensa\u00e7\u00e3o ambiental: recursos arrecadados ser\u00e3o investidos em obras de drenagem e preserva\u00e7\u00e3o.<\/p>\n<p>Al\u00e9m disso, fam\u00edlias de baixa renda ter\u00e3o isen\u00e7\u00e3o de custos para regulariza\u00e7\u00e3o. Essa medida refor\u00e7a o compromisso social da gest\u00e3o municipal.<\/p>\n<h2><strong>Impacto econ\u00f4mico e social<\/strong><\/h2>\n<p>Com a nova legisla\u00e7\u00e3o, Ub\u00e1 destrava investimentos. Empres\u00e1rios que estavam retendo recursos por medo de san\u00e7\u00f5es agora podem investir com tranquilidade.<br \/>\n<em>&#8220;O empreendedor tinha medo de investir. Hoje, com seguran\u00e7a jur\u00eddica, isso muda. A cidade vai crescer, gerar empregos e renda,&#8221;<\/em> afirmou Gilberto Teixeira.<\/p>\n<h2><strong>Fiscaliza\u00e7\u00e3o e responsabilidade<\/strong><\/h2>\n<p>A lei n\u00e3o \u00e9 apenas uma carta branca para construir. Pelo contr\u00e1rio, estabelece regras r\u00edgidas para evitar novos erros. Como disse o representante do Minist\u00e9rio P\u00fablico:<br \/>\n<em>&#8220;Agora vai valer aquela m\u00e1xima: v\u00e1 e n\u00e3o peque mais. Quem infringir a lei ser\u00e1 responsabilizado.&#8221;<\/em><\/p>\n<h2>Lei Integrada e Gest\u00e3o Ambiental<\/h2>\n<div>\n<p>Al\u00e9m disso, essa nova legisla\u00e7\u00e3o est\u00e1 em perfeita sintonia com a <strong>Lei Complementar n\u00ba\u202f191\/2016<\/strong>, que j\u00e1 define os princ\u00edpios da pol\u00edtica ambiental de Ub\u00e1, como prote\u00e7\u00e3o das APPs, licenciamento e educa\u00e7\u00e3o ambiental. Ela tamb\u00e9m se baseou na <strong>Lei Federal 14.285\/2021<\/strong>, que permite aos munic\u00edpios regulamentar faixas marginais em \u00e1reas urbanas, garantindo adapta\u00e7\u00f5es t\u00e9cnicas regionais.<\/p>\n<p>Por fim, a promulga\u00e7\u00e3o do <strong>Projeto de Lei n\u00ba\u202f34\/2025<\/strong>, que pro\u00edbe a entrada de lixo de fora e assegura tratamento exclusivo ao lixo local, mostra o compromisso de Ub\u00e1 com a justi\u00e7a ambiental e a autossufici\u00eancia na gest\u00e3o de res\u00edduos.<\/p>\n<\/div>\n<h2><strong>Investimentos futuros<\/strong><\/h2>\n<p>Durante o evento, o prefeito anunciou outro grande projeto: a constru\u00e7\u00e3o da <strong>Policl\u00ednica Regional<\/strong>, com investimento de R$30 milh\u00f5es. A obra inclui UPA 24 horas e atendimento especializado, refor\u00e7ando o compromisso com sa\u00fade e qualidade de vida.<\/p>\n<p>Al\u00e9m disso, Ub\u00e1 vive um momento hist\u00f3rico em capta\u00e7\u00e3o de recursos. Nos \u00faltimos 11 meses, o munic\u00edpio garantiu cerca de <strong>R$300 milh\u00f5es em investimentos<\/strong>, superando em muito os \u00faltimos 20 anos.<\/p>\n<h2><strong>Conclus\u00e3o: um marco para Ub\u00e1<\/strong><\/h2>\n<p>A san\u00e7\u00e3o da lei ambiental representa mais que uma vit\u00f3ria jur\u00eddica. \u00c9 um passo decisivo para o futuro da cidade. Regulariza\u00e7\u00e3o, seguran\u00e7a para investidores, prote\u00e7\u00e3o ambiental e inclus\u00e3o social caminham juntos.<\/p>\n<p>Como disse o prefeito <strong>Jos\u00e9 Damato<\/strong>:<br \/>\n<em>&#8220;Queremos desenvolvimento com responsabilidade. Ub\u00e1 est\u00e1 pronta para crescer sem abrir m\u00e3o da sustentabilidade.&#8221;<\/em><\/p>\n<p>E o vice-prefeito <strong>Cabo Rominho<\/strong> concluiu:<br \/>\n<em>&#8220;Esse \u00e9 um momento hist\u00f3rico. Ub\u00e1 d\u00e1 exemplo para Minas e para o Brasil.&#8221;<\/em><\/p>\n<p><iframe title=\"Fala Sodr\u00e9: 16\/12\/2025\" width=\"840\" height=\"473\" data-src=\"https:\/\/www.youtube.com\/embed\/_2VEU63Nk5Q?feature=oembed\" frameborder=\"0\" allow=\"accelerometer; autoplay; clipboard-write; encrypted-media; gyroscope; picture-in-picture; web-share\" referrerpolicy=\"strict-origin-when-cross-origin\" allowfullscreen src=\"data:image\/svg+xml;base64,PHN2ZyB3aWR0aD0iMSIgaGVpZ2h0PSIxIiB4bWxucz0iaHR0cDovL3d3dy53My5vcmcvMjAwMC9zdmciPjwvc3ZnPg==\" class=\"lazyload\" data-load-mode=\"1\"><\/iframe><\/p>\n<p style=\"margin: 0in; font-size: 20.0pt;\"><span style=\"font-family: 'Segoe UI Emoji';\">&#x1f4da; <\/span><span style=\"font-weight: bold; font-family: Calibri;\">Cobertura:<\/span><span style=\"font-family: Calibri;\"> Carlos Roberto Sodr\u00e9 <\/span><a href=\"https:\/\/wa.me\/553298481334\"><span style=\"font-family: Calibri;\">WhatsApp<\/span><\/a><\/p>\n<p style=\"margin: 0in; font-size: 20.0pt;\"><span style=\"font-family: 'Segoe UI Emoji';\">&#x1f4f8; <\/span><span style=\"font-weight: bold; font-family: Calibri;\">Imagens:<\/span><span style=\"font-family: Calibri;\"> Laisa Sodr\u00e9<\/span><\/p>\n<p style=\"margin: 0in; font-size: 20.0pt;\"><span style=\"font-family: 'Segoe UI Emoji';\">&#x1f4dd; <\/span><span style=\"font-weight: bold; font-family: Calibri;\">Conte\u00fado: <\/span><a href=\"https:\/\/www.linkedin.com\/in\/pedrohgf\/\"><span style=\"font-family: Calibri;\">Pedro Henriques<\/span><\/a><span style=\"font-family: Calibri;\"> \u2013 <\/span><a href=\"https:\/\/indicca.com.br\/blog\/\"><span style=\"font-family: Calibri;\">INDICCA.COM<\/span><\/a><span style=\"font-family: Calibri;\">\u00a0 <\/span><a href=\"https:\/\/wa.me\/5532988020057\"><span style=\"font-family: Calibri;\">WhatsApp<\/span><\/a><\/p>\n<p style=\"margin: 0in; font-size: 20.0pt;\"><span style=\"font-family: 'Segoe UI Emoji';\">&#x1f393; <\/span><span style=\"font-weight: bold; font-family: Calibri;\">Evento: Ub\u00e1 Promulga Lei Ambiental Hist\u00f3rica: Seguran\u00e7a Jur\u00eddica e Desenvolvimento Sustent\u00e1vel<\/span><\/p>\n<\/div>\n","protected":false},"excerpt":{"rendered":"<p>Ub\u00e1 Promulga Lei Ambiental Hist\u00f3rica: Seguran\u00e7a Jur\u00eddica e Desenvolvimento Sustent\u00e1vel.<\/p>\n","protected":false},"author":4,"featured_media":23576,"comment_status":"open","ping_status":"open","sticky":false,"template":"","format":"standard","meta":{"footnotes":""},"categories":[1,3],"tags":[268,141,264,266,267,265],"class_list":["post-23572","post","type-post","status-publish","format-standard","has-post-thumbnail","hentry","category-sem-categoria","category-slide","tag-gilberto-da-salleto","tag-intersind","tag-meio-ambiente","tag-natal-da-ferrari","tag-natal-ferrari","tag-prefeitura-municipal-de-uba"],"yoast_head":"<!-- This site is optimized with the Yoast SEO plugin v27.2 - https:\/\/yoast.com\/product\/yoast-seo-wordpress\/ -->\n<title>Ub\u00e1 Promulga Lei Ambiental Hist\u00f3rica - Ub\u00e1 News<\/title>\n<meta name=\"description\" content=\"Ub\u00e1 Promulga Lei Ambiental Hist\u00f3rica: Seguran\u00e7a Jur\u00eddica e Desenvolvimento Sustent\u00e1vel\" \/>\n<meta name=\"robots\" content=\"index, follow, max-snippet:-1, max-image-preview:large, max-video-preview:-1\" \/>\n<link rel=\"canonical\" href=\"https:\/\/ubanews.com\/site\/2025\/12\/17\/uba-promulga-lei-ambiental-historica\/\" \/>\n<meta property=\"og:locale\" content=\"pt_BR\" \/>\n<meta property=\"og:type\" content=\"article\" \/>\n<meta property=\"og:title\" content=\"Ub\u00e1 Promulga Lei Ambiental Hist\u00f3rica - Ub\u00e1 News\" \/>\n<meta property=\"og:description\" content=\"Ub\u00e1 Promulga Lei Ambiental Hist\u00f3rica: Seguran\u00e7a Jur\u00eddica e Desenvolvimento Sustent\u00e1vel\" \/>\n<meta property=\"og:url\" content=\"https:\/\/ubanews.com\/site\/2025\/12\/17\/uba-promulga-lei-ambiental-historica\/\" \/>\n<meta property=\"og:site_name\" content=\"Ub\u00e1 News\" \/>\n<meta property=\"article:publisher\" content=\"https:\/\/www.facebook.com\/Ub%c3%a1News-Carlos-Roberto-Sodr%c3%a9-418778301977370\" \/>\n<meta property=\"article:published_time\" content=\"2025-12-17T12:12:00+00:00\" \/>\n<meta property=\"article:modified_time\" content=\"2025-12-17T12:45:37+00:00\" \/>\n<meta property=\"og:image\" content=\"https:\/\/ubanews.com\/site\/wp-content\/uploads\/2025\/12\/Fala-Sodre-Aprovacao-da-Lei-que-Regulamenta-o-Meio-Ambinete.jpg\" \/>\n\t<meta property=\"og:image:width\" content=\"690\" \/>\n\t<meta property=\"og:image:height\" content=\"344\" \/>\n\t<meta property=\"og:image:type\" content=\"image\/jpeg\" \/>\n<meta name=\"author\" content=\"Carlos Roberto Sodr\u00e9\" \/>\n<meta name=\"twitter:card\" content=\"summary_large_image\" \/>\n<meta name=\"twitter:label1\" content=\"Escrito por\" \/>\n\t<meta name=\"twitter:data1\" content=\"Carlos Roberto Sodr\u00e9\" \/>\n\t<meta name=\"twitter:label2\" content=\"Est. tempo de leitura\" \/>\n\t<meta name=\"twitter:data2\" content=\"6 minutos\" \/>\n<script type=\"application\/ld+json\" class=\"yoast-schema-graph\">{\"@context\":\"https:\/\/schema.org\",\"@graph\":[{\"@type\":\"Article\",\"@id\":\"https:\/\/ubanews.com\/site\/2025\/12\/17\/uba-promulga-lei-ambiental-historica\/#article\",\"isPartOf\":{\"@id\":\"https:\/\/ubanews.com\/site\/2025\/12\/17\/uba-promulga-lei-ambiental-historica\/\"},\"author\":{\"name\":\"Carlos Roberto Sodr\u00e9\",\"@id\":\"https:\/\/ubanews.com\/site\/#\/schema\/person\/9d8da9ec3c8d00640ab6e8c81e103310\"},\"headline\":\"Ub\u00e1 Promulga Lei Ambiental Hist\u00f3rica\",\"datePublished\":\"2025-12-17T12:12:00+00:00\",\"dateModified\":\"2025-12-17T12:45:37+00:00\",\"mainEntityOfPage\":{\"@id\":\"https:\/\/ubanews.com\/site\/2025\/12\/17\/uba-promulga-lei-ambiental-historica\/\"},\"wordCount\":940,\"commentCount\":0,\"publisher\":{\"@id\":\"https:\/\/ubanews.com\/site\/#organization\"},\"image\":{\"@id\":\"https:\/\/ubanews.com\/site\/2025\/12\/17\/uba-promulga-lei-ambiental-historica\/#primaryimage\"},\"thumbnailUrl\":\"https:\/\/ubanews.com\/site\/wp-content\/uploads\/2025\/12\/Fala-Sodre-Aprovacao-da-Lei-que-Regulamenta-o-Meio-Ambinete.jpg\",\"keywords\":[\"Gilberto da Salleto\",\"Intersind\",\"Meio Ambiente\",\"Natal da Ferrari\",\"Natal Ferrari\",\"Prefeitura Municipal de Ub\u00e1\"],\"articleSection\":[\"Geral\",\"Slide\"],\"inLanguage\":\"pt-BR\",\"potentialAction\":[{\"@type\":\"CommentAction\",\"name\":\"Comment\",\"target\":[\"https:\/\/ubanews.com\/site\/2025\/12\/17\/uba-promulga-lei-ambiental-historica\/#respond\"]}]},{\"@type\":\"WebPage\",\"@id\":\"https:\/\/ubanews.com\/site\/2025\/12\/17\/uba-promulga-lei-ambiental-historica\/\",\"url\":\"https:\/\/ubanews.com\/site\/2025\/12\/17\/uba-promulga-lei-ambiental-historica\/\",\"name\":\"Ub\u00e1 Promulga Lei Ambiental Hist\u00f3rica - Ub\u00e1 News\",\"isPartOf\":{\"@id\":\"https:\/\/ubanews.com\/site\/#website\"},\"primaryImageOfPage\":{\"@id\":\"https:\/\/ubanews.com\/site\/2025\/12\/17\/uba-promulga-lei-ambiental-historica\/#primaryimage\"},\"image\":{\"@id\":\"https:\/\/ubanews.com\/site\/2025\/12\/17\/uba-promulga-lei-ambiental-historica\/#primaryimage\"},\"thumbnailUrl\":\"https:\/\/ubanews.com\/site\/wp-content\/uploads\/2025\/12\/Fala-Sodre-Aprovacao-da-Lei-que-Regulamenta-o-Meio-Ambinete.jpg\",\"datePublished\":\"2025-12-17T12:12:00+00:00\",\"dateModified\":\"2025-12-17T12:45:37+00:00\",\"description\":\"Ub\u00e1 Promulga Lei Ambiental Hist\u00f3rica: Seguran\u00e7a Jur\u00eddica e Desenvolvimento Sustent\u00e1vel\",\"breadcrumb\":{\"@id\":\"https:\/\/ubanews.com\/site\/2025\/12\/17\/uba-promulga-lei-ambiental-historica\/#breadcrumb\"},\"inLanguage\":\"pt-BR\",\"potentialAction\":[{\"@type\":\"ReadAction\",\"target\":[\"https:\/\/ubanews.com\/site\/2025\/12\/17\/uba-promulga-lei-ambiental-historica\/\"]}]},{\"@type\":\"ImageObject\",\"inLanguage\":\"pt-BR\",\"@id\":\"https:\/\/ubanews.com\/site\/2025\/12\/17\/uba-promulga-lei-ambiental-historica\/#primaryimage\",\"url\":\"https:\/\/ubanews.com\/site\/wp-content\/uploads\/2025\/12\/Fala-Sodre-Aprovacao-da-Lei-que-Regulamenta-o-Meio-Ambinete.jpg\",\"contentUrl\":\"https:\/\/ubanews.com\/site\/wp-content\/uploads\/2025\/12\/Fala-Sodre-Aprovacao-da-Lei-que-Regulamenta-o-Meio-Ambinete.jpg\",\"width\":690,\"height\":344},{\"@type\":\"BreadcrumbList\",\"@id\":\"https:\/\/ubanews.com\/site\/2025\/12\/17\/uba-promulga-lei-ambiental-historica\/#breadcrumb\",\"itemListElement\":[{\"@type\":\"ListItem\",\"position\":1,\"name\":\"Home\",\"item\":\"https:\/\/ubanews.com\/site\/\"},{\"@type\":\"ListItem\",\"position\":2,\"name\":\"Ub\u00e1 Promulga Lei Ambiental Hist\u00f3rica\"}]},{\"@type\":\"WebSite\",\"@id\":\"https:\/\/ubanews.com\/site\/#website\",\"url\":\"https:\/\/ubanews.com\/site\/\",\"name\":\"Ub\u00e1 News\",\"description\":\"\",\"publisher\":{\"@id\":\"https:\/\/ubanews.com\/site\/#organization\"},\"potentialAction\":[{\"@type\":\"SearchAction\",\"target\":{\"@type\":\"EntryPoint\",\"urlTemplate\":\"https:\/\/ubanews.com\/site\/?s={search_term_string}\"},\"query-input\":{\"@type\":\"PropertyValueSpecification\",\"valueRequired\":true,\"valueName\":\"search_term_string\"}}],\"inLanguage\":\"pt-BR\"},{\"@type\":\"Organization\",\"@id\":\"https:\/\/ubanews.com\/site\/#organization\",\"name\":\"Ub\u00e1 News\",\"url\":\"https:\/\/ubanews.com\/site\/\",\"logo\":{\"@type\":\"ImageObject\",\"inLanguage\":\"pt-BR\",\"@id\":\"https:\/\/ubanews.com\/site\/#\/schema\/logo\/image\/\",\"url\":\"https:\/\/ubanews.com\/site\/wp-content\/uploads\/2018\/01\/logoubanews.png\",\"contentUrl\":\"https:\/\/ubanews.com\/site\/wp-content\/uploads\/2018\/01\/logoubanews.png\",\"width\":261,\"height\":99,\"caption\":\"Ub\u00e1 News\"},\"image\":{\"@id\":\"https:\/\/ubanews.com\/site\/#\/schema\/logo\/image\/\"},\"sameAs\":[\"https:\/\/www.facebook.com\/Ub\u00e1News-Carlos-Roberto-Sodr\u00e9-418778301977370\"]},{\"@type\":\"Person\",\"@id\":\"https:\/\/ubanews.com\/site\/#\/schema\/person\/9d8da9ec3c8d00640ab6e8c81e103310\",\"name\":\"Carlos Roberto Sodr\u00e9\",\"image\":{\"@type\":\"ImageObject\",\"inLanguage\":\"pt-BR\",\"@id\":\"https:\/\/secure.gravatar.com\/avatar\/aab322e8555b56c468614fafdab8a8f924e394cdc6cfd8232f77e9e4d123a133?s=96&d=mm&r=g\",\"url\":\"https:\/\/secure.gravatar.com\/avatar\/aab322e8555b56c468614fafdab8a8f924e394cdc6cfd8232f77e9e4d123a133?s=96&d=mm&r=g\",\"contentUrl\":\"https:\/\/secure.gravatar.com\/avatar\/aab322e8555b56c468614fafdab8a8f924e394cdc6cfd8232f77e9e4d123a133?s=96&d=mm&r=g\",\"caption\":\"Carlos Roberto Sodr\u00e9\"},\"url\":\"https:\/\/ubanews.com\/site\/author\/sodre\/\"}]}<\/script>\n<!-- \/ Yoast SEO plugin. -->","yoast_head_json":{"title":"Ub\u00e1 Promulga Lei Ambiental Hist\u00f3rica - Ub\u00e1 News","description":"Ub\u00e1 Promulga Lei Ambiental Hist\u00f3rica: Seguran\u00e7a Jur\u00eddica e Desenvolvimento Sustent\u00e1vel","robots":{"index":"index","follow":"follow","max-snippet":"max-snippet:-1","max-image-preview":"max-image-preview:large","max-video-preview":"max-video-preview:-1"},"canonical":"https:\/\/ubanews.com\/site\/2025\/12\/17\/uba-promulga-lei-ambiental-historica\/","og_locale":"pt_BR","og_type":"article","og_title":"Ub\u00e1 Promulga Lei Ambiental Hist\u00f3rica - Ub\u00e1 News","og_description":"Ub\u00e1 Promulga Lei Ambiental Hist\u00f3rica: Seguran\u00e7a Jur\u00eddica e Desenvolvimento Sustent\u00e1vel","og_url":"https:\/\/ubanews.com\/site\/2025\/12\/17\/uba-promulga-lei-ambiental-historica\/","og_site_name":"Ub\u00e1 News","article_publisher":"https:\/\/www.facebook.com\/Ub%c3%a1News-Carlos-Roberto-Sodr%c3%a9-418778301977370","article_published_time":"2025-12-17T12:12:00+00:00","article_modified_time":"2025-12-17T12:45:37+00:00","og_image":[{"width":690,"height":344,"url":"https:\/\/ubanews.com\/site\/wp-content\/uploads\/2025\/12\/Fala-Sodre-Aprovacao-da-Lei-que-Regulamenta-o-Meio-Ambinete.jpg","type":"image\/jpeg"}],"author":"Carlos Roberto Sodr\u00e9","twitter_card":"summary_large_image","twitter_misc":{"Escrito por":"Carlos Roberto Sodr\u00e9","Est. tempo de leitura":"6 minutos"},"schema":{"@context":"https:\/\/schema.org","@graph":[{"@type":"Article","@id":"https:\/\/ubanews.com\/site\/2025\/12\/17\/uba-promulga-lei-ambiental-historica\/#article","isPartOf":{"@id":"https:\/\/ubanews.com\/site\/2025\/12\/17\/uba-promulga-lei-ambiental-historica\/"},"author":{"name":"Carlos Roberto Sodr\u00e9","@id":"https:\/\/ubanews.com\/site\/#\/schema\/person\/9d8da9ec3c8d00640ab6e8c81e103310"},"headline":"Ub\u00e1 Promulga Lei Ambiental Hist\u00f3rica","datePublished":"2025-12-17T12:12:00+00:00","dateModified":"2025-12-17T12:45:37+00:00","mainEntityOfPage":{"@id":"https:\/\/ubanews.com\/site\/2025\/12\/17\/uba-promulga-lei-ambiental-historica\/"},"wordCount":940,"commentCount":0,"publisher":{"@id":"https:\/\/ubanews.com\/site\/#organization"},"image":{"@id":"https:\/\/ubanews.com\/site\/2025\/12\/17\/uba-promulga-lei-ambiental-historica\/#primaryimage"},"thumbnailUrl":"https:\/\/ubanews.com\/site\/wp-content\/uploads\/2025\/12\/Fala-Sodre-Aprovacao-da-Lei-que-Regulamenta-o-Meio-Ambinete.jpg","keywords":["Gilberto da Salleto","Intersind","Meio Ambiente","Natal da Ferrari","Natal Ferrari","Prefeitura Municipal de Ub\u00e1"],"articleSection":["Geral","Slide"],"inLanguage":"pt-BR","potentialAction":[{"@type":"CommentAction","name":"Comment","target":["https:\/\/ubanews.com\/site\/2025\/12\/17\/uba-promulga-lei-ambiental-historica\/#respond"]}]},{"@type":"WebPage","@id":"https:\/\/ubanews.com\/site\/2025\/12\/17\/uba-promulga-lei-ambiental-historica\/","url":"https:\/\/ubanews.com\/site\/2025\/12\/17\/uba-promulga-lei-ambiental-historica\/","name":"Ub\u00e1 Promulga Lei Ambiental Hist\u00f3rica - Ub\u00e1 News","isPartOf":{"@id":"https:\/\/ubanews.com\/site\/#website"},"primaryImageOfPage":{"@id":"https:\/\/ubanews.com\/site\/2025\/12\/17\/uba-promulga-lei-ambiental-historica\/#primaryimage"},"image":{"@id":"https:\/\/ubanews.com\/site\/2025\/12\/17\/uba-promulga-lei-ambiental-historica\/#primaryimage"},"thumbnailUrl":"https:\/\/ubanews.com\/site\/wp-content\/uploads\/2025\/12\/Fala-Sodre-Aprovacao-da-Lei-que-Regulamenta-o-Meio-Ambinete.jpg","datePublished":"2025-12-17T12:12:00+00:00","dateModified":"2025-12-17T12:45:37+00:00","description":"Ub\u00e1 Promulga Lei Ambiental Hist\u00f3rica: Seguran\u00e7a Jur\u00eddica e Desenvolvimento Sustent\u00e1vel","breadcrumb":{"@id":"https:\/\/ubanews.com\/site\/2025\/12\/17\/uba-promulga-lei-ambiental-historica\/#breadcrumb"},"inLanguage":"pt-BR","potentialAction":[{"@type":"ReadAction","target":["https:\/\/ubanews.com\/site\/2025\/12\/17\/uba-promulga-lei-ambiental-historica\/"]}]},{"@type":"ImageObject","inLanguage":"pt-BR","@id":"https:\/\/ubanews.com\/site\/2025\/12\/17\/uba-promulga-lei-ambiental-historica\/#primaryimage","url":"https:\/\/ubanews.com\/site\/wp-content\/uploads\/2025\/12\/Fala-Sodre-Aprovacao-da-Lei-que-Regulamenta-o-Meio-Ambinete.jpg","contentUrl":"https:\/\/ubanews.com\/site\/wp-content\/uploads\/2025\/12\/Fala-Sodre-Aprovacao-da-Lei-que-Regulamenta-o-Meio-Ambinete.jpg","width":690,"height":344},{"@type":"BreadcrumbList","@id":"https:\/\/ubanews.com\/site\/2025\/12\/17\/uba-promulga-lei-ambiental-historica\/#breadcrumb","itemListElement":[{"@type":"ListItem","position":1,"name":"Home","item":"https:\/\/ubanews.com\/site\/"},{"@type":"ListItem","position":2,"name":"Ub\u00e1 Promulga Lei Ambiental Hist\u00f3rica"}]},{"@type":"WebSite","@id":"https:\/\/ubanews.com\/site\/#website","url":"https:\/\/ubanews.com\/site\/","name":"Ub\u00e1 News","description":"","publisher":{"@id":"https:\/\/ubanews.com\/site\/#organization"},"potentialAction":[{"@type":"SearchAction","target":{"@type":"EntryPoint","urlTemplate":"https:\/\/ubanews.com\/site\/?s={search_term_string}"},"query-input":{"@type":"PropertyValueSpecification","valueRequired":true,"valueName":"search_term_string"}}],"inLanguage":"pt-BR"},{"@type":"Organization","@id":"https:\/\/ubanews.com\/site\/#organization","name":"Ub\u00e1 News","url":"https:\/\/ubanews.com\/site\/","logo":{"@type":"ImageObject","inLanguage":"pt-BR","@id":"https:\/\/ubanews.com\/site\/#\/schema\/logo\/image\/","url":"https:\/\/ubanews.com\/site\/wp-content\/uploads\/2018\/01\/logoubanews.png","contentUrl":"https:\/\/ubanews.com\/site\/wp-content\/uploads\/2018\/01\/logoubanews.png","width":261,"height":99,"caption":"Ub\u00e1 News"},"image":{"@id":"https:\/\/ubanews.com\/site\/#\/schema\/logo\/image\/"},"sameAs":["https:\/\/www.facebook.com\/Ub\u00e1News-Carlos-Roberto-Sodr\u00e9-418778301977370"]},{"@type":"Person","@id":"https:\/\/ubanews.com\/site\/#\/schema\/person\/9d8da9ec3c8d00640ab6e8c81e103310","name":"Carlos Roberto Sodr\u00e9","image":{"@type":"ImageObject","inLanguage":"pt-BR","@id":"https:\/\/secure.gravatar.com\/avatar\/aab322e8555b56c468614fafdab8a8f924e394cdc6cfd8232f77e9e4d123a133?s=96&d=mm&r=g","url":"https:\/\/secure.gravatar.com\/avatar\/aab322e8555b56c468614fafdab8a8f924e394cdc6cfd8232f77e9e4d123a133?s=96&d=mm&r=g","contentUrl":"https:\/\/secure.gravatar.com\/avatar\/aab322e8555b56c468614fafdab8a8f924e394cdc6cfd8232f77e9e4d123a133?s=96&d=mm&r=g","caption":"Carlos Roberto Sodr\u00e9"},"url":"https:\/\/ubanews.com\/site\/author\/sodre\/"}]}},"_links":{"self":[{"href":"https:\/\/ubanews.com\/site\/wp-json\/wp\/v2\/posts\/23572","targetHints":{"allow":["GET"]}}],"collection":[{"href":"https:\/\/ubanews.com\/site\/wp-json\/wp\/v2\/posts"}],"about":[{"href":"https:\/\/ubanews.com\/site\/wp-json\/wp\/v2\/types\/post"}],"author":[{"embeddable":true,"href":"https:\/\/ubanews.com\/site\/wp-json\/wp\/v2\/users\/4"}],"replies":[{"embeddable":true,"href":"https:\/\/ubanews.com\/site\/wp-json\/wp\/v2\/comments?post=23572"}],"version-history":[{"count":0,"href":"https:\/\/ubanews.com\/site\/wp-json\/wp\/v2\/posts\/23572\/revisions"}],"wp:featuredmedia":[{"embeddable":true,"href":"https:\/\/ubanews.com\/site\/wp-json\/wp\/v2\/media\/23576"}],"wp:attachment":[{"href":"https:\/\/ubanews.com\/site\/wp-json\/wp\/v2\/media?parent=23572"}],"wp:term":[{"taxonomy":"category","embeddable":true,"href":"https:\/\/ubanews.com\/site\/wp-json\/wp\/v2\/categories?post=23572"},{"taxonomy":"post_tag","embeddable":true,"href":"https:\/\/ubanews.com\/site\/wp-json\/wp\/v2\/tags?post=23572"}],"curies":[{"name":"wp","href":"https:\/\/api.w.org\/{rel}","templated":true}]}}