{"id":23567,"date":"2025-12-16T11:49:13","date_gmt":"2025-12-16T14:49:13","guid":{"rendered":"https:\/\/ubanews.com\/site\/?p=23567"},"modified":"2025-12-16T11:53:28","modified_gmt":"2025-12-16T14:53:28","slug":"acao-conjunta-cumpre-mandados-contra-lavagem-de-dinheiro","status":"publish","type":"post","link":"https:\/\/ubanews.com\/site\/2025\/12\/16\/acao-conjunta-cumpre-mandados-contra-lavagem-de-dinheiro\/","title":{"rendered":"a\u00e7\u00e3o conjunta cumpre mandados contra lavagem de dinheiro"},"content":{"rendered":"<p>A\u00e7\u00e3o conjunta cumpre mandados contra lavagem de dinheiro em Juiz de Fora. A\u00e7\u00e3o conjunta da PCMG e da PCERJ integra a segunda fase da opera\u00e7\u00e3o Conten\u00e7\u00e3o, deflagrada em tr\u00eas estados.<\/p>\n<h2>A\u00e7\u00e3o conjunta cumpre mandados contra lavagem de dinheiro<\/h2>\n<div style=\"width: 840px;\" class=\"wp-video\"><video class=\"wp-video-shortcode\" id=\"video-23567-1\" width=\"840\" height=\"475\" preload=\"metadata\" controls=\"controls\"><source type=\"video\/mp4\" src=\"https:\/\/ubanews.com\/site\/wp-content\/uploads\/2025\/12\/WhatsApp-Video-2025-12-16-at-10.32.57.mp4?_=1\" \/><a href=\"https:\/\/ubanews.com\/site\/wp-content\/uploads\/2025\/12\/WhatsApp-Video-2025-12-16-at-10.32.57.mp4\">https:\/\/ubanews.com\/site\/wp-content\/uploads\/2025\/12\/WhatsApp-Video-2025-12-16-at-10.32.57.mp4<\/a><\/video><\/div>\n<p><img decoding=\"async\" class=\"aligncenter size-medium wp-image-23569 lazyload\" data-src=\"https:\/\/ubanews.com\/site\/wp-content\/uploads\/2025\/12\/WhatsApp-Image-2025-12-16-at-10.32.57-300x225.jpeg\" alt=\"\" width=\"300\" height=\"225\" data-srcset=\"https:\/\/ubanews.com\/site\/wp-content\/uploads\/2025\/12\/WhatsApp-Image-2025-12-16-at-10.32.57-300x225.jpeg 300w, https:\/\/ubanews.com\/site\/wp-content\/uploads\/2025\/12\/WhatsApp-Image-2025-12-16-at-10.32.57-1024x768.jpeg 1024w, https:\/\/ubanews.com\/site\/wp-content\/uploads\/2025\/12\/WhatsApp-Image-2025-12-16-at-10.32.57-768x576.jpeg 768w, https:\/\/ubanews.com\/site\/wp-content\/uploads\/2025\/12\/WhatsApp-Image-2025-12-16-at-10.32.57-1536x1152.jpeg 1536w, https:\/\/ubanews.com\/site\/wp-content\/uploads\/2025\/12\/WhatsApp-Image-2025-12-16-at-10.32.57.jpeg 1600w\" data-sizes=\"(max-width: 300px) 100vw, 300px\" src=\"data:image\/svg+xml;base64,PHN2ZyB3aWR0aD0iMSIgaGVpZ2h0PSIxIiB4bWxucz0iaHR0cDovL3d3dy53My5vcmcvMjAwMC9zdmciPjwvc3ZnPg==\" style=\"--smush-placeholder-width: 300px; --smush-placeholder-aspect-ratio: 300\/225;\" \/><\/p>\n<p>Nesta ter\u00e7a-feira (16\/12), a Pol\u00edcia Civil de Minas Gerais (PCMG) cumpriu cinco mandados de busca e apreens\u00e3o em Juiz de Fora, na Zona da Mata, no \u00e2mbito da segunda fase da opera\u00e7\u00e3o Conten\u00e7\u00e3o, iniciada em outubro pela Pol\u00edcia Civil do Estado do Rio de Janeiro (PCERJ). A investiga\u00e7\u00e3o apura a atua\u00e7\u00e3o de operadores financeiros de uma fac\u00e7\u00e3o criminosa envolvida com o tr\u00e1fico de drogas.<\/p>\n<p>As ordens judiciais foram executadas nos bairros Cascatinha, Jockey Club e Furtado de Menezes, nas resid\u00eancias de quatro investigados \u2014 dois homens, de 26 e 52 anos, e duas mulheres, de 26 e 49 anos. Eles s\u00e3o apontados como operadores financeiros da fac\u00e7\u00e3o, respons\u00e1veis por viabilizar a log\u00edstica e a lavagem de dinheiro proveniente do tr\u00e1fico de drogas.<\/p>\n<p>Investiga\u00e7\u00f5es<br \/>\nAs apura\u00e7\u00f5es indicam que os investigados atuavam diretamente na movimenta\u00e7\u00e3o e oculta\u00e7\u00e3o de valores il\u00edcitos, prestando suporte financeiro \u00e0 organiza\u00e7\u00e3o criminosa. A opera\u00e7\u00e3o Conten\u00e7\u00e3o tem como objetivo frear o avan\u00e7o da fac\u00e7\u00e3o, atingindo a continuidade de suas atividades ilegais.<\/p>\n<p>Apreens\u00f5es<br \/>\nDurante o cumprimento dos mandados, foram apreendidos aparelhos celulares, m\u00eddias digitais e documentos, que ser\u00e3o analisados e incorporados \u00e0s investiga\u00e7\u00f5es em andamento.<\/p>\n<p>Atua\u00e7\u00e3o integrada<br \/>\nA a\u00e7\u00e3o foi realizada de forma simult\u00e2nea em Minas Gerais, Rio de Janeiro e Mato Grosso. Em Minas Gerais, foram empregadas seis viaturas, sendo tr\u00eas da PCMG e tr\u00eas da PCERJ. Essa fase d\u00e1 continuidade \u00e0 opera\u00e7\u00e3o iniciada em 28 de outubro, no estado do Rio de Janeiro.<\/p>\n<p>O delegado da Pol\u00edcia Civil de Minas Gerais, M\u00e1rcio Rocha, ressalta que o foco da opera\u00e7\u00e3o \u00e9 enfraquecer financeiramente a organiza\u00e7\u00e3o criminosa. &#8220;Ao atingir os operadores respons\u00e1veis pela lavagem de dinheiro, a Pol\u00edcia Civil atua diretamente no n\u00facleo que sustenta a estrutura do tr\u00e1fico, reduzindo a capacidade operacional da fac\u00e7\u00e3o&#8221;, destacou.<\/p>\n<div style=\"width: 832px;\" class=\"wp-video\"><video class=\"wp-video-shortcode\" id=\"video-23567-2\" width=\"832\" height=\"464\" preload=\"metadata\" controls=\"controls\"><source type=\"video\/mp4\" src=\"https:\/\/ubanews.com\/site\/wp-content\/uploads\/2025\/12\/WhatsApp-Video-2025-12-16-at-10.32.57-2.mp4?_=2\" \/><a href=\"https:\/\/ubanews.com\/site\/wp-content\/uploads\/2025\/12\/WhatsApp-Video-2025-12-16-at-10.32.57-2.mp4\">https:\/\/ubanews.com\/site\/wp-content\/uploads\/2025\/12\/WhatsApp-Video-2025-12-16-at-10.32.57-2.mp4<\/a><\/video><\/div>\n","protected":false},"excerpt":{"rendered":"<p>A\u00e7\u00e3o conjunta cumpre mandados contra lavagem de dinheiro em Juiz<\/p>\n","protected":false},"author":4,"featured_media":23569,"comment_status":"open","ping_status":"open","sticky":false,"template":"","format":"standard","meta":{"footnotes":""},"categories":[1,3],"tags":[59,188,67],"class_list":["post-23567","post","type-post","status-publish","format-standard","has-post-thumbnail","hentry","category-sem-categoria","category-slide","tag-fala-sodre","tag-fato-policial","tag-sodre"],"yoast_head":"<!-- This site is optimized with the Yoast SEO plugin v27.2 - https:\/\/yoast.com\/product\/yoast-seo-wordpress\/ -->\n<title>a\u00e7\u00e3o conjunta cumpre mandados contra lavagem de dinheiro - Ub\u00e1 News<\/title>\n<meta name=\"description\" content=\"A\u00e7\u00e3o conjunta cumpre mandados contra lavagem de dinheiro em Juiz de Fora. A\u00e7\u00e3o conjunta da PCMG e da PCERJ integra a segunda fase da opera\u00e7\u00e3o Conten\u00e7\u00e3o\" \/>\n<meta name=\"robots\" content=\"index, follow, max-snippet:-1, max-image-preview:large, max-video-preview:-1\" \/>\n<link rel=\"canonical\" href=\"https:\/\/ubanews.com\/site\/2025\/12\/16\/acao-conjunta-cumpre-mandados-contra-lavagem-de-dinheiro\/\" \/>\n<meta property=\"og:locale\" content=\"pt_BR\" \/>\n<meta property=\"og:type\" content=\"article\" \/>\n<meta property=\"og:title\" content=\"a\u00e7\u00e3o conjunta cumpre mandados contra lavagem de dinheiro - Ub\u00e1 News\" \/>\n<meta property=\"og:description\" content=\"A\u00e7\u00e3o conjunta cumpre mandados contra lavagem de dinheiro em Juiz de Fora. A\u00e7\u00e3o conjunta da PCMG e da PCERJ integra a segunda fase da opera\u00e7\u00e3o Conten\u00e7\u00e3o\" \/>\n<meta property=\"og:url\" content=\"https:\/\/ubanews.com\/site\/2025\/12\/16\/acao-conjunta-cumpre-mandados-contra-lavagem-de-dinheiro\/\" \/>\n<meta property=\"og:site_name\" content=\"Ub\u00e1 News\" \/>\n<meta property=\"article:publisher\" content=\"https:\/\/www.facebook.com\/Ub%c3%a1News-Carlos-Roberto-Sodr%c3%a9-418778301977370\" \/>\n<meta property=\"article:published_time\" content=\"2025-12-16T14:49:13+00:00\" \/>\n<meta property=\"article:modified_time\" content=\"2025-12-16T14:53:28+00:00\" \/>\n<meta property=\"og:image\" content=\"https:\/\/ubanews.com\/site\/wp-content\/uploads\/2025\/12\/WhatsApp-Image-2025-12-16-at-10.32.57.jpeg\" \/>\n\t<meta property=\"og:image:width\" content=\"1600\" \/>\n\t<meta property=\"og:image:height\" content=\"1200\" \/>\n\t<meta property=\"og:image:type\" content=\"image\/jpeg\" \/>\n<meta name=\"author\" content=\"Carlos Roberto Sodr\u00e9\" \/>\n<meta name=\"twitter:card\" content=\"summary_large_image\" \/>\n<meta name=\"twitter:label1\" content=\"Escrito por\" \/>\n\t<meta name=\"twitter:data1\" content=\"Carlos Roberto Sodr\u00e9\" \/>\n\t<meta name=\"twitter:label2\" content=\"Est. tempo de leitura\" \/>\n\t<meta name=\"twitter:data2\" content=\"3 minutos\" \/>\n<script type=\"application\/ld+json\" class=\"yoast-schema-graph\">{\"@context\":\"https:\/\/schema.org\",\"@graph\":[{\"@type\":\"Article\",\"@id\":\"https:\/\/ubanews.com\/site\/2025\/12\/16\/acao-conjunta-cumpre-mandados-contra-lavagem-de-dinheiro\/#article\",\"isPartOf\":{\"@id\":\"https:\/\/ubanews.com\/site\/2025\/12\/16\/acao-conjunta-cumpre-mandados-contra-lavagem-de-dinheiro\/\"},\"author\":{\"name\":\"Carlos Roberto Sodr\u00e9\",\"@id\":\"https:\/\/ubanews.com\/site\/#\/schema\/person\/9d8da9ec3c8d00640ab6e8c81e103310\"},\"headline\":\"a\u00e7\u00e3o conjunta cumpre mandados contra lavagem de dinheiro\",\"datePublished\":\"2025-12-16T14:49:13+00:00\",\"dateModified\":\"2025-12-16T14:53:28+00:00\",\"mainEntityOfPage\":{\"@id\":\"https:\/\/ubanews.com\/site\/2025\/12\/16\/acao-conjunta-cumpre-mandados-contra-lavagem-de-dinheiro\/\"},\"wordCount\":407,\"commentCount\":0,\"publisher\":{\"@id\":\"https:\/\/ubanews.com\/site\/#organization\"},\"image\":{\"@id\":\"https:\/\/ubanews.com\/site\/2025\/12\/16\/acao-conjunta-cumpre-mandados-contra-lavagem-de-dinheiro\/#primaryimage\"},\"thumbnailUrl\":\"https:\/\/ubanews.com\/site\/wp-content\/uploads\/2025\/12\/WhatsApp-Image-2025-12-16-at-10.32.57.jpeg\",\"keywords\":[\"Fala Sodr\u00e9\",\"Fato Policial\",\"Sodr\u00e9\"],\"articleSection\":[\"Geral\",\"Slide\"],\"inLanguage\":\"pt-BR\",\"potentialAction\":[{\"@type\":\"CommentAction\",\"name\":\"Comment\",\"target\":[\"https:\/\/ubanews.com\/site\/2025\/12\/16\/acao-conjunta-cumpre-mandados-contra-lavagem-de-dinheiro\/#respond\"]}]},{\"@type\":\"WebPage\",\"@id\":\"https:\/\/ubanews.com\/site\/2025\/12\/16\/acao-conjunta-cumpre-mandados-contra-lavagem-de-dinheiro\/\",\"url\":\"https:\/\/ubanews.com\/site\/2025\/12\/16\/acao-conjunta-cumpre-mandados-contra-lavagem-de-dinheiro\/\",\"name\":\"a\u00e7\u00e3o conjunta cumpre mandados contra lavagem de dinheiro - Ub\u00e1 News\",\"isPartOf\":{\"@id\":\"https:\/\/ubanews.com\/site\/#website\"},\"primaryImageOfPage\":{\"@id\":\"https:\/\/ubanews.com\/site\/2025\/12\/16\/acao-conjunta-cumpre-mandados-contra-lavagem-de-dinheiro\/#primaryimage\"},\"image\":{\"@id\":\"https:\/\/ubanews.com\/site\/2025\/12\/16\/acao-conjunta-cumpre-mandados-contra-lavagem-de-dinheiro\/#primaryimage\"},\"thumbnailUrl\":\"https:\/\/ubanews.com\/site\/wp-content\/uploads\/2025\/12\/WhatsApp-Image-2025-12-16-at-10.32.57.jpeg\",\"datePublished\":\"2025-12-16T14:49:13+00:00\",\"dateModified\":\"2025-12-16T14:53:28+00:00\",\"description\":\"A\u00e7\u00e3o conjunta cumpre mandados contra lavagem de dinheiro em Juiz de Fora. A\u00e7\u00e3o conjunta da PCMG e da PCERJ integra a segunda fase da opera\u00e7\u00e3o Conten\u00e7\u00e3o\",\"breadcrumb\":{\"@id\":\"https:\/\/ubanews.com\/site\/2025\/12\/16\/acao-conjunta-cumpre-mandados-contra-lavagem-de-dinheiro\/#breadcrumb\"},\"inLanguage\":\"pt-BR\",\"potentialAction\":[{\"@type\":\"ReadAction\",\"target\":[\"https:\/\/ubanews.com\/site\/2025\/12\/16\/acao-conjunta-cumpre-mandados-contra-lavagem-de-dinheiro\/\"]}]},{\"@type\":\"ImageObject\",\"inLanguage\":\"pt-BR\",\"@id\":\"https:\/\/ubanews.com\/site\/2025\/12\/16\/acao-conjunta-cumpre-mandados-contra-lavagem-de-dinheiro\/#primaryimage\",\"url\":\"https:\/\/ubanews.com\/site\/wp-content\/uploads\/2025\/12\/WhatsApp-Image-2025-12-16-at-10.32.57.jpeg\",\"contentUrl\":\"https:\/\/ubanews.com\/site\/wp-content\/uploads\/2025\/12\/WhatsApp-Image-2025-12-16-at-10.32.57.jpeg\",\"width\":1600,\"height\":1200},{\"@type\":\"BreadcrumbList\",\"@id\":\"https:\/\/ubanews.com\/site\/2025\/12\/16\/acao-conjunta-cumpre-mandados-contra-lavagem-de-dinheiro\/#breadcrumb\",\"itemListElement\":[{\"@type\":\"ListItem\",\"position\":1,\"name\":\"Home\",\"item\":\"https:\/\/ubanews.com\/site\/\"},{\"@type\":\"ListItem\",\"position\":2,\"name\":\"a\u00e7\u00e3o conjunta cumpre mandados contra lavagem de dinheiro\"}]},{\"@type\":\"WebSite\",\"@id\":\"https:\/\/ubanews.com\/site\/#website\",\"url\":\"https:\/\/ubanews.com\/site\/\",\"name\":\"Ub\u00e1 News\",\"description\":\"\",\"publisher\":{\"@id\":\"https:\/\/ubanews.com\/site\/#organization\"},\"potentialAction\":[{\"@type\":\"SearchAction\",\"target\":{\"@type\":\"EntryPoint\",\"urlTemplate\":\"https:\/\/ubanews.com\/site\/?s={search_term_string}\"},\"query-input\":{\"@type\":\"PropertyValueSpecification\",\"valueRequired\":true,\"valueName\":\"search_term_string\"}}],\"inLanguage\":\"pt-BR\"},{\"@type\":\"Organization\",\"@id\":\"https:\/\/ubanews.com\/site\/#organization\",\"name\":\"Ub\u00e1 News\",\"url\":\"https:\/\/ubanews.com\/site\/\",\"logo\":{\"@type\":\"ImageObject\",\"inLanguage\":\"pt-BR\",\"@id\":\"https:\/\/ubanews.com\/site\/#\/schema\/logo\/image\/\",\"url\":\"https:\/\/ubanews.com\/site\/wp-content\/uploads\/2018\/01\/logoubanews.png\",\"contentUrl\":\"https:\/\/ubanews.com\/site\/wp-content\/uploads\/2018\/01\/logoubanews.png\",\"width\":261,\"height\":99,\"caption\":\"Ub\u00e1 News\"},\"image\":{\"@id\":\"https:\/\/ubanews.com\/site\/#\/schema\/logo\/image\/\"},\"sameAs\":[\"https:\/\/www.facebook.com\/Ub\u00e1News-Carlos-Roberto-Sodr\u00e9-418778301977370\"]},{\"@type\":\"Person\",\"@id\":\"https:\/\/ubanews.com\/site\/#\/schema\/person\/9d8da9ec3c8d00640ab6e8c81e103310\",\"name\":\"Carlos Roberto Sodr\u00e9\",\"image\":{\"@type\":\"ImageObject\",\"inLanguage\":\"pt-BR\",\"@id\":\"https:\/\/secure.gravatar.com\/avatar\/aab322e8555b56c468614fafdab8a8f924e394cdc6cfd8232f77e9e4d123a133?s=96&d=mm&r=g\",\"url\":\"https:\/\/secure.gravatar.com\/avatar\/aab322e8555b56c468614fafdab8a8f924e394cdc6cfd8232f77e9e4d123a133?s=96&d=mm&r=g\",\"contentUrl\":\"https:\/\/secure.gravatar.com\/avatar\/aab322e8555b56c468614fafdab8a8f924e394cdc6cfd8232f77e9e4d123a133?s=96&d=mm&r=g\",\"caption\":\"Carlos Roberto Sodr\u00e9\"},\"url\":\"https:\/\/ubanews.com\/site\/author\/sodre\/\"}]}<\/script>\n<!-- \/ Yoast SEO plugin. -->","yoast_head_json":{"title":"a\u00e7\u00e3o conjunta cumpre mandados contra lavagem de dinheiro - Ub\u00e1 News","description":"A\u00e7\u00e3o conjunta cumpre mandados contra lavagem de dinheiro em Juiz de Fora. A\u00e7\u00e3o conjunta da PCMG e da PCERJ integra a segunda fase da opera\u00e7\u00e3o Conten\u00e7\u00e3o","robots":{"index":"index","follow":"follow","max-snippet":"max-snippet:-1","max-image-preview":"max-image-preview:large","max-video-preview":"max-video-preview:-1"},"canonical":"https:\/\/ubanews.com\/site\/2025\/12\/16\/acao-conjunta-cumpre-mandados-contra-lavagem-de-dinheiro\/","og_locale":"pt_BR","og_type":"article","og_title":"a\u00e7\u00e3o conjunta cumpre mandados contra lavagem de dinheiro - Ub\u00e1 News","og_description":"A\u00e7\u00e3o conjunta cumpre mandados contra lavagem de dinheiro em Juiz de Fora. A\u00e7\u00e3o conjunta da PCMG e da PCERJ integra a segunda fase da opera\u00e7\u00e3o Conten\u00e7\u00e3o","og_url":"https:\/\/ubanews.com\/site\/2025\/12\/16\/acao-conjunta-cumpre-mandados-contra-lavagem-de-dinheiro\/","og_site_name":"Ub\u00e1 News","article_publisher":"https:\/\/www.facebook.com\/Ub%c3%a1News-Carlos-Roberto-Sodr%c3%a9-418778301977370","article_published_time":"2025-12-16T14:49:13+00:00","article_modified_time":"2025-12-16T14:53:28+00:00","og_image":[{"width":1600,"height":1200,"url":"https:\/\/ubanews.com\/site\/wp-content\/uploads\/2025\/12\/WhatsApp-Image-2025-12-16-at-10.32.57.jpeg","type":"image\/jpeg"}],"author":"Carlos Roberto Sodr\u00e9","twitter_card":"summary_large_image","twitter_misc":{"Escrito por":"Carlos Roberto Sodr\u00e9","Est. tempo de leitura":"3 minutos"},"schema":{"@context":"https:\/\/schema.org","@graph":[{"@type":"Article","@id":"https:\/\/ubanews.com\/site\/2025\/12\/16\/acao-conjunta-cumpre-mandados-contra-lavagem-de-dinheiro\/#article","isPartOf":{"@id":"https:\/\/ubanews.com\/site\/2025\/12\/16\/acao-conjunta-cumpre-mandados-contra-lavagem-de-dinheiro\/"},"author":{"name":"Carlos Roberto Sodr\u00e9","@id":"https:\/\/ubanews.com\/site\/#\/schema\/person\/9d8da9ec3c8d00640ab6e8c81e103310"},"headline":"a\u00e7\u00e3o conjunta cumpre mandados contra lavagem de dinheiro","datePublished":"2025-12-16T14:49:13+00:00","dateModified":"2025-12-16T14:53:28+00:00","mainEntityOfPage":{"@id":"https:\/\/ubanews.com\/site\/2025\/12\/16\/acao-conjunta-cumpre-mandados-contra-lavagem-de-dinheiro\/"},"wordCount":407,"commentCount":0,"publisher":{"@id":"https:\/\/ubanews.com\/site\/#organization"},"image":{"@id":"https:\/\/ubanews.com\/site\/2025\/12\/16\/acao-conjunta-cumpre-mandados-contra-lavagem-de-dinheiro\/#primaryimage"},"thumbnailUrl":"https:\/\/ubanews.com\/site\/wp-content\/uploads\/2025\/12\/WhatsApp-Image-2025-12-16-at-10.32.57.jpeg","keywords":["Fala Sodr\u00e9","Fato Policial","Sodr\u00e9"],"articleSection":["Geral","Slide"],"inLanguage":"pt-BR","potentialAction":[{"@type":"CommentAction","name":"Comment","target":["https:\/\/ubanews.com\/site\/2025\/12\/16\/acao-conjunta-cumpre-mandados-contra-lavagem-de-dinheiro\/#respond"]}]},{"@type":"WebPage","@id":"https:\/\/ubanews.com\/site\/2025\/12\/16\/acao-conjunta-cumpre-mandados-contra-lavagem-de-dinheiro\/","url":"https:\/\/ubanews.com\/site\/2025\/12\/16\/acao-conjunta-cumpre-mandados-contra-lavagem-de-dinheiro\/","name":"a\u00e7\u00e3o conjunta cumpre mandados contra lavagem de dinheiro - Ub\u00e1 News","isPartOf":{"@id":"https:\/\/ubanews.com\/site\/#website"},"primaryImageOfPage":{"@id":"https:\/\/ubanews.com\/site\/2025\/12\/16\/acao-conjunta-cumpre-mandados-contra-lavagem-de-dinheiro\/#primaryimage"},"image":{"@id":"https:\/\/ubanews.com\/site\/2025\/12\/16\/acao-conjunta-cumpre-mandados-contra-lavagem-de-dinheiro\/#primaryimage"},"thumbnailUrl":"https:\/\/ubanews.com\/site\/wp-content\/uploads\/2025\/12\/WhatsApp-Image-2025-12-16-at-10.32.57.jpeg","datePublished":"2025-12-16T14:49:13+00:00","dateModified":"2025-12-16T14:53:28+00:00","description":"A\u00e7\u00e3o conjunta cumpre mandados contra lavagem de dinheiro em Juiz de Fora. A\u00e7\u00e3o conjunta da PCMG e da PCERJ integra a segunda fase da opera\u00e7\u00e3o Conten\u00e7\u00e3o","breadcrumb":{"@id":"https:\/\/ubanews.com\/site\/2025\/12\/16\/acao-conjunta-cumpre-mandados-contra-lavagem-de-dinheiro\/#breadcrumb"},"inLanguage":"pt-BR","potentialAction":[{"@type":"ReadAction","target":["https:\/\/ubanews.com\/site\/2025\/12\/16\/acao-conjunta-cumpre-mandados-contra-lavagem-de-dinheiro\/"]}]},{"@type":"ImageObject","inLanguage":"pt-BR","@id":"https:\/\/ubanews.com\/site\/2025\/12\/16\/acao-conjunta-cumpre-mandados-contra-lavagem-de-dinheiro\/#primaryimage","url":"https:\/\/ubanews.com\/site\/wp-content\/uploads\/2025\/12\/WhatsApp-Image-2025-12-16-at-10.32.57.jpeg","contentUrl":"https:\/\/ubanews.com\/site\/wp-content\/uploads\/2025\/12\/WhatsApp-Image-2025-12-16-at-10.32.57.jpeg","width":1600,"height":1200},{"@type":"BreadcrumbList","@id":"https:\/\/ubanews.com\/site\/2025\/12\/16\/acao-conjunta-cumpre-mandados-contra-lavagem-de-dinheiro\/#breadcrumb","itemListElement":[{"@type":"ListItem","position":1,"name":"Home","item":"https:\/\/ubanews.com\/site\/"},{"@type":"ListItem","position":2,"name":"a\u00e7\u00e3o conjunta cumpre mandados contra lavagem de dinheiro"}]},{"@type":"WebSite","@id":"https:\/\/ubanews.com\/site\/#website","url":"https:\/\/ubanews.com\/site\/","name":"Ub\u00e1 News","description":"","publisher":{"@id":"https:\/\/ubanews.com\/site\/#organization"},"potentialAction":[{"@type":"SearchAction","target":{"@type":"EntryPoint","urlTemplate":"https:\/\/ubanews.com\/site\/?s={search_term_string}"},"query-input":{"@type":"PropertyValueSpecification","valueRequired":true,"valueName":"search_term_string"}}],"inLanguage":"pt-BR"},{"@type":"Organization","@id":"https:\/\/ubanews.com\/site\/#organization","name":"Ub\u00e1 News","url":"https:\/\/ubanews.com\/site\/","logo":{"@type":"ImageObject","inLanguage":"pt-BR","@id":"https:\/\/ubanews.com\/site\/#\/schema\/logo\/image\/","url":"https:\/\/ubanews.com\/site\/wp-content\/uploads\/2018\/01\/logoubanews.png","contentUrl":"https:\/\/ubanews.com\/site\/wp-content\/uploads\/2018\/01\/logoubanews.png","width":261,"height":99,"caption":"Ub\u00e1 News"},"image":{"@id":"https:\/\/ubanews.com\/site\/#\/schema\/logo\/image\/"},"sameAs":["https:\/\/www.facebook.com\/Ub\u00e1News-Carlos-Roberto-Sodr\u00e9-418778301977370"]},{"@type":"Person","@id":"https:\/\/ubanews.com\/site\/#\/schema\/person\/9d8da9ec3c8d00640ab6e8c81e103310","name":"Carlos Roberto Sodr\u00e9","image":{"@type":"ImageObject","inLanguage":"pt-BR","@id":"https:\/\/secure.gravatar.com\/avatar\/aab322e8555b56c468614fafdab8a8f924e394cdc6cfd8232f77e9e4d123a133?s=96&d=mm&r=g","url":"https:\/\/secure.gravatar.com\/avatar\/aab322e8555b56c468614fafdab8a8f924e394cdc6cfd8232f77e9e4d123a133?s=96&d=mm&r=g","contentUrl":"https:\/\/secure.gravatar.com\/avatar\/aab322e8555b56c468614fafdab8a8f924e394cdc6cfd8232f77e9e4d123a133?s=96&d=mm&r=g","caption":"Carlos Roberto Sodr\u00e9"},"url":"https:\/\/ubanews.com\/site\/author\/sodre\/"}]}},"_links":{"self":[{"href":"https:\/\/ubanews.com\/site\/wp-json\/wp\/v2\/posts\/23567","targetHints":{"allow":["GET"]}}],"collection":[{"href":"https:\/\/ubanews.com\/site\/wp-json\/wp\/v2\/posts"}],"about":[{"href":"https:\/\/ubanews.com\/site\/wp-json\/wp\/v2\/types\/post"}],"author":[{"embeddable":true,"href":"https:\/\/ubanews.com\/site\/wp-json\/wp\/v2\/users\/4"}],"replies":[{"embeddable":true,"href":"https:\/\/ubanews.com\/site\/wp-json\/wp\/v2\/comments?post=23567"}],"version-history":[{"count":0,"href":"https:\/\/ubanews.com\/site\/wp-json\/wp\/v2\/posts\/23567\/revisions"}],"wp:featuredmedia":[{"embeddable":true,"href":"https:\/\/ubanews.com\/site\/wp-json\/wp\/v2\/media\/23569"}],"wp:attachment":[{"href":"https:\/\/ubanews.com\/site\/wp-json\/wp\/v2\/media?parent=23567"}],"wp:term":[{"taxonomy":"category","embeddable":true,"href":"https:\/\/ubanews.com\/site\/wp-json\/wp\/v2\/categories?post=23567"},{"taxonomy":"post_tag","embeddable":true,"href":"https:\/\/ubanews.com\/site\/wp-json\/wp\/v2\/tags?post=23567"}],"curies":[{"name":"wp","href":"https:\/\/api.w.org\/{rel}","templated":true}]}}