{"id":23565,"date":"2025-12-16T11:02:41","date_gmt":"2025-12-16T14:02:41","guid":{"rendered":"https:\/\/ubanews.com\/site\/?p=23565"},"modified":"2025-12-16T11:18:05","modified_gmt":"2025-12-16T14:18:05","slug":"unifagoc-e-nucleo-do-cancer","status":"publish","type":"post","link":"https:\/\/ubanews.com\/site\/2025\/12\/16\/unifagoc-e-nucleo-do-cancer\/","title":{"rendered":"Unifagoc e N\u00facleo do C\u00e2ncer: Uma Parceria que Transforma Ub\u00e1"},"content":{"rendered":"<p><strong style=\"font-size: 1.0625rem;\">Unifagoc e N\u00facleo do C\u00e2ncer: Uma Parceria que Transforma Ub\u00e1. <\/strong><span style=\"font-size: 1.0625rem;\">A cidade de Ub\u00e1 vive um momento hist\u00f3rico. A inaugura\u00e7\u00e3o da nova <\/span><strong style=\"font-size: 1.0625rem;\">Cl\u00ednica Escola de Fisioterapia<\/strong><span style=\"font-size: 1.0625rem;\"> marca um avan\u00e7o significativo na sa\u00fade e na educa\u00e7\u00e3o. Essa conquista \u00e9 fruto da parceria entre o <\/span><strong style=\"font-size: 1.0625rem;\">Centro Universit\u00e1rio Unifagoc<\/strong><span style=\"font-size: 1.0625rem;\"> e o <\/span><strong style=\"font-size: 1.0625rem;\">N\u00facleo Regional de Volunt\u00e1rios de Combate ao C\u00e2ncer<\/strong><span style=\"font-size: 1.0625rem;\">.<\/span><\/p>\n<div>\n<h1><strong>Unifagoc e N\u00facleo do C\u00e2ncer: Uma Parceria que Transforma Ub\u00e1<\/strong><\/h1>\n<p><img decoding=\"async\" class=\"aligncenter size-medium wp-image-23566 lazyload\" data-src=\"https:\/\/ubanews.com\/site\/wp-content\/uploads\/2025\/12\/Inauguracao-da-Clinica-Escola-uma-parceria-NRVCC-e-UNIFAGOC-300x167.jpg\" alt=\"Inaugura\u00e7\u00e3o da Cl\u00ednica Escola, uma parceria NRVCC e UNIFAGOC\" width=\"300\" height=\"167\" data-srcset=\"https:\/\/ubanews.com\/site\/wp-content\/uploads\/2025\/12\/Inauguracao-da-Clinica-Escola-uma-parceria-NRVCC-e-UNIFAGOC-300x167.jpg 300w, https:\/\/ubanews.com\/site\/wp-content\/uploads\/2025\/12\/Inauguracao-da-Clinica-Escola-uma-parceria-NRVCC-e-UNIFAGOC-768x426.jpg 768w, https:\/\/ubanews.com\/site\/wp-content\/uploads\/2025\/12\/Inauguracao-da-Clinica-Escola-uma-parceria-NRVCC-e-UNIFAGOC-360x200.jpg 360w, https:\/\/ubanews.com\/site\/wp-content\/uploads\/2025\/12\/Inauguracao-da-Clinica-Escola-uma-parceria-NRVCC-e-UNIFAGOC.jpg 1007w\" data-sizes=\"(max-width: 300px) 100vw, 300px\" src=\"data:image\/svg+xml;base64,PHN2ZyB3aWR0aD0iMSIgaGVpZ2h0PSIxIiB4bWxucz0iaHR0cDovL3d3dy53My5vcmcvMjAwMC9zdmciPjwvc3ZnPg==\" style=\"--smush-placeholder-width: 300px; --smush-placeholder-aspect-ratio: 300\/167;\" \/><\/p>\n<h2><strong>Um Espa\u00e7o para Cuidar e Ensinar<\/strong><\/h2>\n<p>O projeto foi pensado para atender \u00e0 popula\u00e7\u00e3o e oferecer aos alunos um ambiente moderno para pr\u00e1tica profissional. Segundo <strong>Dr. Leonardo Couto<\/strong>, vice-diretor da institui\u00e7\u00e3o, <em>\u201c\u00c9 um espa\u00e7o bel\u00edssimo, um marco arquitet\u00f4nico para a cidade de Ub\u00e1\u201d<\/em>. A cl\u00ednica n\u00e3o \u00e9 apenas um local de atendimento, mas um centro integrado para est\u00e1gios e projetos de extens\u00e3o.<\/p>\n<h2><strong>Estrutura Completa e Tecnologia de Ponta<\/strong><\/h2>\n<p>A obra soma cerca de <strong>650 m\u00b2<\/strong>, chegando a <strong>1.600 m\u00b2<\/strong> quando somadas as \u00e1reas da cl\u00ednica de odontologia e recep\u00e7\u00e3o. O espa\u00e7o conta com salas equipadas para fisioterapia, pilates, mecanoterapia, atendimento neurol\u00f3gico e pedi\u00e1trico, al\u00e9m de consult\u00f3rios individualizados. Tudo foi planejado para oferecer conforto e qualidade. <em>\u201cTrabalhar em um lugar bonito e agrad\u00e1vel valoriza quem atende e quem \u00e9 atendido\u201d<\/em>, destacou Dr. Leonardo.<\/p>\n<h2><strong>Integra\u00e7\u00e3o de Cursos e Atendimento Humanizado<\/strong><\/h2>\n<p>A cl\u00ednica n\u00e3o ser\u00e1 exclusiva para fisioterapia. Ela vai integrar cursos como <strong>Educa\u00e7\u00e3o F\u00edsica, Nutri\u00e7\u00e3o, Psicologia, Fonoaudiologia e Terapia Ocupacional<\/strong>. Em poucos anos, ser\u00e3o <strong>oito gradua\u00e7\u00f5es<\/strong> atuando juntas. <em>\u201cEstamos construindo um verdadeiro hub de sa\u00fade integrado, que far\u00e1 diferen\u00e7a n\u00e3o s\u00f3 em Ub\u00e1, mas em toda a regi\u00e3o\u201d<\/em>, afirmou Leonardo.<\/p>\n<h2><strong>Benef\u00edcios para Alunos e Comunidade<\/strong><\/h2>\n<p>Os alunos ter\u00e3o contato com a pr\u00e1tica desde o primeiro per\u00edodo, participando de projetos de extens\u00e3o. Os est\u00e1gios come\u00e7am no <strong>s\u00e9timo per\u00edodo<\/strong>, com supervis\u00e3o constante dos professores. Para a popula\u00e7\u00e3o, os atendimentos ser\u00e3o agendados e realizados com acolhimento humanizado. <em>\u201cEles v\u00e3o aplicar tudo que aprenderam em sala, com \u00e9tica e cuidado\u201d<\/em>, explicou <strong>Dra. Franciele<\/strong>, diretora do curso de fisioterapia.<\/p>\n<div>\n<h3><strong>Um Sonho Coletivo que Virou Realidade<\/strong><\/h3>\n<p>Durante a inaugura\u00e7\u00e3o, <strong>Guilherme Guilhermino Junior<\/strong>\u00a0destacou a import\u00e2ncia da parceria e do esfor\u00e7o conjunto:<br \/>\n<em>\u201cUm sonho que se sonha s\u00f3 \u00e9 s\u00f3 um sonho, mas um sonho que se sonha junto se torna realidade. \u00c9 isso que estamos vendo aqui hoje\u201d<\/em>.<\/p>\n<p>Essa frase resume o esp\u00edrito do projeto: colabora\u00e7\u00e3o para transformar vidas e fortalecer a sa\u00fade e a educa\u00e7\u00e3o em Ub\u00e1.<\/p>\n<\/div>\n<h2><strong>Servi\u00e7os Oferecidos<\/strong><\/h2>\n<p>A cl\u00ednica atender\u00e1 casos de dores musculoesquel\u00e9ticas, p\u00f3s-operat\u00f3rios, tendinopatias e reabilita\u00e7\u00e3o neurol\u00f3gica. Tamb\u00e9m haver\u00e1 a\u00e7\u00f5es preventivas, como grupos para idosos e pacientes com fibromialgia. <em>\u201cA fisioterapia n\u00e3o \u00e9 s\u00f3 para quem teve fraturas. Ela tamb\u00e9m atua na preven\u00e7\u00e3o e promo\u00e7\u00e3o da sa\u00fade\u201d<\/em>, refor\u00e7ou Franciele.<\/p>\n<h2><strong>Investimento e Prop\u00f3sito<\/strong><\/h2>\n<p>A obra levou nove meses para ser conclu\u00edda. O projeto envolveu visitas a cl\u00ednicas de refer\u00eancia e aprova\u00e7\u00e3o nos \u00f3rg\u00e3os p\u00fablicos. Equipamentos modernos foram adquiridos para garantir excel\u00eancia. <em>\u201cN\u00e3o tenho d\u00favidas de que \u00e9 uma das cl\u00ednicas mais completas de Minas Gerais\u201d<\/em>, destacou Leonardo.<\/p>\n<h2><strong>Educa\u00e7\u00e3o que Transforma Vidas<\/strong><\/h2>\n<p>O lema da Unifagoc \u00e9 claro: <strong>transformar vidas atrav\u00e9s da educa\u00e7\u00e3o<\/strong>. Essa iniciativa refor\u00e7a o compromisso da institui\u00e7\u00e3o com a sociedade. <em>\u201cO papel do centro universit\u00e1rio n\u00e3o \u00e9 ficar entre muros. \u00c9 sair e impactar a comunidade\u201d<\/em>, afirmou Leonardo.<\/p>\n<h2><strong>Como Agendar Atendimento<\/strong><\/h2>\n<p>Os atendimentos ser\u00e3o realizados com hora marcada. As informa\u00e7\u00f5es est\u00e3o dispon\u00edveis nas redes sociais da Unifagoc e do N\u00facleo do C\u00e2ncer. A cl\u00ednica come\u00e7a a funcionar em fevereiro, oferecendo servi\u00e7os gratuitos ou a pre\u00e7os acess\u00edveis.<\/p>\n<hr \/>\n<h3><strong>Por que isso \u00e9 importante para Ub\u00e1?<\/strong><\/h3>\n<p>Essa parceria fortalece a sa\u00fade p\u00fablica, gera oportunidades para estudantes e valoriza a cidade como polo educacional. Como disse Guilherme Guimar\u00e3es J\u00fanior: <em>\u201cUm sonho que se sonha junto se torna realidade. Hoje, vemos esse sonho concretizado\u201d<\/em>.<\/p>\n<p><iframe title=\"Fala Sodr\u00e9: Inaugura\u00e7\u00e3o da Cl\u00ednica Escola, uma parceria NRVCC e UNIFAGOC 15\/12\/2025\" width=\"840\" height=\"473\" data-src=\"https:\/\/www.youtube.com\/embed\/QtzhlQERL0c?feature=oembed\" frameborder=\"0\" allow=\"accelerometer; autoplay; clipboard-write; encrypted-media; gyroscope; picture-in-picture; web-share\" referrerpolicy=\"strict-origin-when-cross-origin\" allowfullscreen src=\"data:image\/svg+xml;base64,PHN2ZyB3aWR0aD0iMSIgaGVpZ2h0PSIxIiB4bWxucz0iaHR0cDovL3d3dy53My5vcmcvMjAwMC9zdmciPjwvc3ZnPg==\" class=\"lazyload\" data-load-mode=\"1\"><\/iframe><\/p>\n<p style=\"margin: 0in; font-size: 20.0pt;\"><span style=\"font-family: 'Segoe UI Emoji';\">&#x1f4da; <\/span><span style=\"font-weight: bold; font-family: Calibri;\">Cobertura:<\/span><span style=\"font-family: Calibri;\"> Carlos Roberto Sodr\u00e9 <\/span><a href=\"https:\/\/wa.me\/553298481334\"><span style=\"font-family: Calibri;\">WhatsApp<\/span><\/a><\/p>\n<p style=\"margin: 0in; font-size: 20.0pt;\"><span style=\"font-family: 'Segoe UI Emoji';\">&#x1f4f8; <\/span><span style=\"font-weight: bold; font-family: Calibri;\">Imagens:<\/span><span style=\"font-family: Calibri;\"> Laisa Sodr\u00e9<\/span><\/p>\n<p style=\"margin: 0in; font-size: 20.0pt;\"><span style=\"font-family: 'Segoe UI Emoji';\">&#x1f4dd; <\/span><span style=\"font-weight: bold; font-family: Calibri;\">Conte\u00fado: <\/span><a href=\"https:\/\/www.linkedin.com\/in\/pedrohgf\/\"><span style=\"font-family: Calibri;\">Pedro Henriques<\/span><\/a><span style=\"font-family: Calibri;\"> \u2013 <\/span><a href=\"https:\/\/indicca.com.br\/blog\/\"><span style=\"font-family: Calibri;\">INDICCA.COM<\/span><\/a><span style=\"font-family: Calibri;\">\u00a0 <\/span><a href=\"https:\/\/wa.me\/5532988020057\"><span style=\"font-family: Calibri;\">WhatsApp<\/span><\/a><\/p>\n<p style=\"margin: 0in; font-size: 20.0pt;\"><span style=\"font-family: 'Segoe UI Emoji';\">&#x1f393; <\/span><span style=\"font-weight: bold; font-family: Calibri;\">Evento: Unifagoc e N\u00facleo do C\u00e2ncer: Uma Parceria que Transforma Ub\u00e1.\u00a0A cidade de Ub\u00e1 vive um momento hist\u00f3rico.<\/span><\/p>\n<\/div>\n<p>&nbsp;<\/p>\n","protected":false},"excerpt":{"rendered":"<p>Unifagoc e N\u00facleo do C\u00e2ncer: Uma Parceria que Transforma Ub\u00e1.<\/p>\n","protected":false},"author":4,"featured_media":23566,"comment_status":"open","ping_status":"open","sticky":false,"template":"","format":"standard","meta":{"footnotes":""},"categories":[1,3],"tags":[170,68],"class_list":["post-23565","post","type-post","status-publish","format-standard","has-post-thumbnail","hentry","category-sem-categoria","category-slide","tag-nucleo-do-cancer","tag-unifagoc"],"yoast_head":"<!-- This site is optimized with the Yoast SEO plugin v27.2 - https:\/\/yoast.com\/product\/yoast-seo-wordpress\/ -->\n<title>Unifagoc e N\u00facleo do C\u00e2ncer: Uma Parceria que Transforma Ub\u00e1 - Ub\u00e1 News<\/title>\n<meta name=\"description\" content=\"Unifagoc e N\u00facleo do C\u00e2ncer: Uma Parceria que Transforma Ub\u00e1.\u00a0A cidade de Ub\u00e1 vive um momento hist\u00f3rico. Vem conhecer!\" \/>\n<meta name=\"robots\" content=\"index, follow, max-snippet:-1, max-image-preview:large, max-video-preview:-1\" \/>\n<link rel=\"canonical\" href=\"https:\/\/ubanews.com\/site\/2025\/12\/16\/unifagoc-e-nucleo-do-cancer\/\" \/>\n<meta property=\"og:locale\" content=\"pt_BR\" \/>\n<meta property=\"og:type\" content=\"article\" \/>\n<meta property=\"og:title\" content=\"Unifagoc e N\u00facleo do C\u00e2ncer: Uma Parceria que Transforma Ub\u00e1 - Ub\u00e1 News\" \/>\n<meta property=\"og:description\" content=\"Unifagoc e N\u00facleo do C\u00e2ncer: Uma Parceria que Transforma Ub\u00e1.\u00a0A cidade de Ub\u00e1 vive um momento hist\u00f3rico. Vem conhecer!\" \/>\n<meta property=\"og:url\" content=\"https:\/\/ubanews.com\/site\/2025\/12\/16\/unifagoc-e-nucleo-do-cancer\/\" \/>\n<meta property=\"og:site_name\" content=\"Ub\u00e1 News\" \/>\n<meta property=\"article:publisher\" content=\"https:\/\/www.facebook.com\/Ub%c3%a1News-Carlos-Roberto-Sodr%c3%a9-418778301977370\" \/>\n<meta property=\"article:published_time\" content=\"2025-12-16T14:02:41+00:00\" \/>\n<meta property=\"article:modified_time\" content=\"2025-12-16T14:18:05+00:00\" \/>\n<meta property=\"og:image\" content=\"https:\/\/ubanews.com\/site\/wp-content\/uploads\/2025\/12\/Inauguracao-da-Clinica-Escola-uma-parceria-NRVCC-e-UNIFAGOC.jpg\" \/>\n\t<meta property=\"og:image:width\" content=\"1007\" \/>\n\t<meta property=\"og:image:height\" content=\"559\" \/>\n\t<meta property=\"og:image:type\" content=\"image\/jpeg\" \/>\n<meta name=\"author\" content=\"Carlos Roberto Sodr\u00e9\" \/>\n<meta name=\"twitter:card\" content=\"summary_large_image\" \/>\n<meta name=\"twitter:label1\" content=\"Escrito por\" \/>\n\t<meta name=\"twitter:data1\" content=\"Carlos Roberto Sodr\u00e9\" \/>\n\t<meta name=\"twitter:label2\" content=\"Est. tempo de leitura\" \/>\n\t<meta name=\"twitter:data2\" content=\"4 minutos\" \/>\n<script type=\"application\/ld+json\" class=\"yoast-schema-graph\">{\"@context\":\"https:\/\/schema.org\",\"@graph\":[{\"@type\":\"Article\",\"@id\":\"https:\/\/ubanews.com\/site\/2025\/12\/16\/unifagoc-e-nucleo-do-cancer\/#article\",\"isPartOf\":{\"@id\":\"https:\/\/ubanews.com\/site\/2025\/12\/16\/unifagoc-e-nucleo-do-cancer\/\"},\"author\":{\"name\":\"Carlos Roberto Sodr\u00e9\",\"@id\":\"https:\/\/ubanews.com\/site\/#\/schema\/person\/9d8da9ec3c8d00640ab6e8c81e103310\"},\"headline\":\"Unifagoc e N\u00facleo do C\u00e2ncer: Uma Parceria que Transforma Ub\u00e1\",\"datePublished\":\"2025-12-16T14:02:41+00:00\",\"dateModified\":\"2025-12-16T14:18:05+00:00\",\"mainEntityOfPage\":{\"@id\":\"https:\/\/ubanews.com\/site\/2025\/12\/16\/unifagoc-e-nucleo-do-cancer\/\"},\"wordCount\":772,\"commentCount\":0,\"publisher\":{\"@id\":\"https:\/\/ubanews.com\/site\/#organization\"},\"image\":{\"@id\":\"https:\/\/ubanews.com\/site\/2025\/12\/16\/unifagoc-e-nucleo-do-cancer\/#primaryimage\"},\"thumbnailUrl\":\"https:\/\/ubanews.com\/site\/wp-content\/uploads\/2025\/12\/Inauguracao-da-Clinica-Escola-uma-parceria-NRVCC-e-UNIFAGOC.jpg\",\"keywords\":[\"N\u00facleo do C\u00e2ncer\",\"UNIFAGOC\"],\"articleSection\":[\"Geral\",\"Slide\"],\"inLanguage\":\"pt-BR\",\"potentialAction\":[{\"@type\":\"CommentAction\",\"name\":\"Comment\",\"target\":[\"https:\/\/ubanews.com\/site\/2025\/12\/16\/unifagoc-e-nucleo-do-cancer\/#respond\"]}]},{\"@type\":\"WebPage\",\"@id\":\"https:\/\/ubanews.com\/site\/2025\/12\/16\/unifagoc-e-nucleo-do-cancer\/\",\"url\":\"https:\/\/ubanews.com\/site\/2025\/12\/16\/unifagoc-e-nucleo-do-cancer\/\",\"name\":\"Unifagoc e N\u00facleo do C\u00e2ncer: Uma Parceria que Transforma Ub\u00e1 - Ub\u00e1 News\",\"isPartOf\":{\"@id\":\"https:\/\/ubanews.com\/site\/#website\"},\"primaryImageOfPage\":{\"@id\":\"https:\/\/ubanews.com\/site\/2025\/12\/16\/unifagoc-e-nucleo-do-cancer\/#primaryimage\"},\"image\":{\"@id\":\"https:\/\/ubanews.com\/site\/2025\/12\/16\/unifagoc-e-nucleo-do-cancer\/#primaryimage\"},\"thumbnailUrl\":\"https:\/\/ubanews.com\/site\/wp-content\/uploads\/2025\/12\/Inauguracao-da-Clinica-Escola-uma-parceria-NRVCC-e-UNIFAGOC.jpg\",\"datePublished\":\"2025-12-16T14:02:41+00:00\",\"dateModified\":\"2025-12-16T14:18:05+00:00\",\"description\":\"Unifagoc e N\u00facleo do C\u00e2ncer: Uma Parceria que Transforma Ub\u00e1.\u00a0A cidade de Ub\u00e1 vive um momento hist\u00f3rico. Vem conhecer!\",\"breadcrumb\":{\"@id\":\"https:\/\/ubanews.com\/site\/2025\/12\/16\/unifagoc-e-nucleo-do-cancer\/#breadcrumb\"},\"inLanguage\":\"pt-BR\",\"potentialAction\":[{\"@type\":\"ReadAction\",\"target\":[\"https:\/\/ubanews.com\/site\/2025\/12\/16\/unifagoc-e-nucleo-do-cancer\/\"]}]},{\"@type\":\"ImageObject\",\"inLanguage\":\"pt-BR\",\"@id\":\"https:\/\/ubanews.com\/site\/2025\/12\/16\/unifagoc-e-nucleo-do-cancer\/#primaryimage\",\"url\":\"https:\/\/ubanews.com\/site\/wp-content\/uploads\/2025\/12\/Inauguracao-da-Clinica-Escola-uma-parceria-NRVCC-e-UNIFAGOC.jpg\",\"contentUrl\":\"https:\/\/ubanews.com\/site\/wp-content\/uploads\/2025\/12\/Inauguracao-da-Clinica-Escola-uma-parceria-NRVCC-e-UNIFAGOC.jpg\",\"width\":1007,\"height\":559,\"caption\":\"Inaugura\u00e7\u00e3o da Cl\u00ednica Escola, uma parceria NRVCC e UNIFAGOC\"},{\"@type\":\"BreadcrumbList\",\"@id\":\"https:\/\/ubanews.com\/site\/2025\/12\/16\/unifagoc-e-nucleo-do-cancer\/#breadcrumb\",\"itemListElement\":[{\"@type\":\"ListItem\",\"position\":1,\"name\":\"Home\",\"item\":\"https:\/\/ubanews.com\/site\/\"},{\"@type\":\"ListItem\",\"position\":2,\"name\":\"Unifagoc e N\u00facleo do C\u00e2ncer: Uma Parceria que Transforma Ub\u00e1\"}]},{\"@type\":\"WebSite\",\"@id\":\"https:\/\/ubanews.com\/site\/#website\",\"url\":\"https:\/\/ubanews.com\/site\/\",\"name\":\"Ub\u00e1 News\",\"description\":\"\",\"publisher\":{\"@id\":\"https:\/\/ubanews.com\/site\/#organization\"},\"potentialAction\":[{\"@type\":\"SearchAction\",\"target\":{\"@type\":\"EntryPoint\",\"urlTemplate\":\"https:\/\/ubanews.com\/site\/?s={search_term_string}\"},\"query-input\":{\"@type\":\"PropertyValueSpecification\",\"valueRequired\":true,\"valueName\":\"search_term_string\"}}],\"inLanguage\":\"pt-BR\"},{\"@type\":\"Organization\",\"@id\":\"https:\/\/ubanews.com\/site\/#organization\",\"name\":\"Ub\u00e1 News\",\"url\":\"https:\/\/ubanews.com\/site\/\",\"logo\":{\"@type\":\"ImageObject\",\"inLanguage\":\"pt-BR\",\"@id\":\"https:\/\/ubanews.com\/site\/#\/schema\/logo\/image\/\",\"url\":\"https:\/\/ubanews.com\/site\/wp-content\/uploads\/2018\/01\/logoubanews.png\",\"contentUrl\":\"https:\/\/ubanews.com\/site\/wp-content\/uploads\/2018\/01\/logoubanews.png\",\"width\":261,\"height\":99,\"caption\":\"Ub\u00e1 News\"},\"image\":{\"@id\":\"https:\/\/ubanews.com\/site\/#\/schema\/logo\/image\/\"},\"sameAs\":[\"https:\/\/www.facebook.com\/Ub\u00e1News-Carlos-Roberto-Sodr\u00e9-418778301977370\"]},{\"@type\":\"Person\",\"@id\":\"https:\/\/ubanews.com\/site\/#\/schema\/person\/9d8da9ec3c8d00640ab6e8c81e103310\",\"name\":\"Carlos Roberto Sodr\u00e9\",\"image\":{\"@type\":\"ImageObject\",\"inLanguage\":\"pt-BR\",\"@id\":\"https:\/\/secure.gravatar.com\/avatar\/aab322e8555b56c468614fafdab8a8f924e394cdc6cfd8232f77e9e4d123a133?s=96&d=mm&r=g\",\"url\":\"https:\/\/secure.gravatar.com\/avatar\/aab322e8555b56c468614fafdab8a8f924e394cdc6cfd8232f77e9e4d123a133?s=96&d=mm&r=g\",\"contentUrl\":\"https:\/\/secure.gravatar.com\/avatar\/aab322e8555b56c468614fafdab8a8f924e394cdc6cfd8232f77e9e4d123a133?s=96&d=mm&r=g\",\"caption\":\"Carlos Roberto Sodr\u00e9\"},\"url\":\"https:\/\/ubanews.com\/site\/author\/sodre\/\"}]}<\/script>\n<!-- \/ Yoast SEO plugin. -->","yoast_head_json":{"title":"Unifagoc e N\u00facleo do C\u00e2ncer: Uma Parceria que Transforma Ub\u00e1 - Ub\u00e1 News","description":"Unifagoc e N\u00facleo do C\u00e2ncer: Uma Parceria que Transforma Ub\u00e1.\u00a0A cidade de Ub\u00e1 vive um momento hist\u00f3rico. Vem conhecer!","robots":{"index":"index","follow":"follow","max-snippet":"max-snippet:-1","max-image-preview":"max-image-preview:large","max-video-preview":"max-video-preview:-1"},"canonical":"https:\/\/ubanews.com\/site\/2025\/12\/16\/unifagoc-e-nucleo-do-cancer\/","og_locale":"pt_BR","og_type":"article","og_title":"Unifagoc e N\u00facleo do C\u00e2ncer: Uma Parceria que Transforma Ub\u00e1 - Ub\u00e1 News","og_description":"Unifagoc e N\u00facleo do C\u00e2ncer: Uma Parceria que Transforma Ub\u00e1.\u00a0A cidade de Ub\u00e1 vive um momento hist\u00f3rico. Vem conhecer!","og_url":"https:\/\/ubanews.com\/site\/2025\/12\/16\/unifagoc-e-nucleo-do-cancer\/","og_site_name":"Ub\u00e1 News","article_publisher":"https:\/\/www.facebook.com\/Ub%c3%a1News-Carlos-Roberto-Sodr%c3%a9-418778301977370","article_published_time":"2025-12-16T14:02:41+00:00","article_modified_time":"2025-12-16T14:18:05+00:00","og_image":[{"width":1007,"height":559,"url":"https:\/\/ubanews.com\/site\/wp-content\/uploads\/2025\/12\/Inauguracao-da-Clinica-Escola-uma-parceria-NRVCC-e-UNIFAGOC.jpg","type":"image\/jpeg"}],"author":"Carlos Roberto Sodr\u00e9","twitter_card":"summary_large_image","twitter_misc":{"Escrito por":"Carlos Roberto Sodr\u00e9","Est. tempo de leitura":"4 minutos"},"schema":{"@context":"https:\/\/schema.org","@graph":[{"@type":"Article","@id":"https:\/\/ubanews.com\/site\/2025\/12\/16\/unifagoc-e-nucleo-do-cancer\/#article","isPartOf":{"@id":"https:\/\/ubanews.com\/site\/2025\/12\/16\/unifagoc-e-nucleo-do-cancer\/"},"author":{"name":"Carlos Roberto Sodr\u00e9","@id":"https:\/\/ubanews.com\/site\/#\/schema\/person\/9d8da9ec3c8d00640ab6e8c81e103310"},"headline":"Unifagoc e N\u00facleo do C\u00e2ncer: Uma Parceria que Transforma Ub\u00e1","datePublished":"2025-12-16T14:02:41+00:00","dateModified":"2025-12-16T14:18:05+00:00","mainEntityOfPage":{"@id":"https:\/\/ubanews.com\/site\/2025\/12\/16\/unifagoc-e-nucleo-do-cancer\/"},"wordCount":772,"commentCount":0,"publisher":{"@id":"https:\/\/ubanews.com\/site\/#organization"},"image":{"@id":"https:\/\/ubanews.com\/site\/2025\/12\/16\/unifagoc-e-nucleo-do-cancer\/#primaryimage"},"thumbnailUrl":"https:\/\/ubanews.com\/site\/wp-content\/uploads\/2025\/12\/Inauguracao-da-Clinica-Escola-uma-parceria-NRVCC-e-UNIFAGOC.jpg","keywords":["N\u00facleo do C\u00e2ncer","UNIFAGOC"],"articleSection":["Geral","Slide"],"inLanguage":"pt-BR","potentialAction":[{"@type":"CommentAction","name":"Comment","target":["https:\/\/ubanews.com\/site\/2025\/12\/16\/unifagoc-e-nucleo-do-cancer\/#respond"]}]},{"@type":"WebPage","@id":"https:\/\/ubanews.com\/site\/2025\/12\/16\/unifagoc-e-nucleo-do-cancer\/","url":"https:\/\/ubanews.com\/site\/2025\/12\/16\/unifagoc-e-nucleo-do-cancer\/","name":"Unifagoc e N\u00facleo do C\u00e2ncer: Uma Parceria que Transforma Ub\u00e1 - Ub\u00e1 News","isPartOf":{"@id":"https:\/\/ubanews.com\/site\/#website"},"primaryImageOfPage":{"@id":"https:\/\/ubanews.com\/site\/2025\/12\/16\/unifagoc-e-nucleo-do-cancer\/#primaryimage"},"image":{"@id":"https:\/\/ubanews.com\/site\/2025\/12\/16\/unifagoc-e-nucleo-do-cancer\/#primaryimage"},"thumbnailUrl":"https:\/\/ubanews.com\/site\/wp-content\/uploads\/2025\/12\/Inauguracao-da-Clinica-Escola-uma-parceria-NRVCC-e-UNIFAGOC.jpg","datePublished":"2025-12-16T14:02:41+00:00","dateModified":"2025-12-16T14:18:05+00:00","description":"Unifagoc e N\u00facleo do C\u00e2ncer: Uma Parceria que Transforma Ub\u00e1.\u00a0A cidade de Ub\u00e1 vive um momento hist\u00f3rico. Vem conhecer!","breadcrumb":{"@id":"https:\/\/ubanews.com\/site\/2025\/12\/16\/unifagoc-e-nucleo-do-cancer\/#breadcrumb"},"inLanguage":"pt-BR","potentialAction":[{"@type":"ReadAction","target":["https:\/\/ubanews.com\/site\/2025\/12\/16\/unifagoc-e-nucleo-do-cancer\/"]}]},{"@type":"ImageObject","inLanguage":"pt-BR","@id":"https:\/\/ubanews.com\/site\/2025\/12\/16\/unifagoc-e-nucleo-do-cancer\/#primaryimage","url":"https:\/\/ubanews.com\/site\/wp-content\/uploads\/2025\/12\/Inauguracao-da-Clinica-Escola-uma-parceria-NRVCC-e-UNIFAGOC.jpg","contentUrl":"https:\/\/ubanews.com\/site\/wp-content\/uploads\/2025\/12\/Inauguracao-da-Clinica-Escola-uma-parceria-NRVCC-e-UNIFAGOC.jpg","width":1007,"height":559,"caption":"Inaugura\u00e7\u00e3o da Cl\u00ednica Escola, uma parceria NRVCC e UNIFAGOC"},{"@type":"BreadcrumbList","@id":"https:\/\/ubanews.com\/site\/2025\/12\/16\/unifagoc-e-nucleo-do-cancer\/#breadcrumb","itemListElement":[{"@type":"ListItem","position":1,"name":"Home","item":"https:\/\/ubanews.com\/site\/"},{"@type":"ListItem","position":2,"name":"Unifagoc e N\u00facleo do C\u00e2ncer: Uma Parceria que Transforma Ub\u00e1"}]},{"@type":"WebSite","@id":"https:\/\/ubanews.com\/site\/#website","url":"https:\/\/ubanews.com\/site\/","name":"Ub\u00e1 News","description":"","publisher":{"@id":"https:\/\/ubanews.com\/site\/#organization"},"potentialAction":[{"@type":"SearchAction","target":{"@type":"EntryPoint","urlTemplate":"https:\/\/ubanews.com\/site\/?s={search_term_string}"},"query-input":{"@type":"PropertyValueSpecification","valueRequired":true,"valueName":"search_term_string"}}],"inLanguage":"pt-BR"},{"@type":"Organization","@id":"https:\/\/ubanews.com\/site\/#organization","name":"Ub\u00e1 News","url":"https:\/\/ubanews.com\/site\/","logo":{"@type":"ImageObject","inLanguage":"pt-BR","@id":"https:\/\/ubanews.com\/site\/#\/schema\/logo\/image\/","url":"https:\/\/ubanews.com\/site\/wp-content\/uploads\/2018\/01\/logoubanews.png","contentUrl":"https:\/\/ubanews.com\/site\/wp-content\/uploads\/2018\/01\/logoubanews.png","width":261,"height":99,"caption":"Ub\u00e1 News"},"image":{"@id":"https:\/\/ubanews.com\/site\/#\/schema\/logo\/image\/"},"sameAs":["https:\/\/www.facebook.com\/Ub\u00e1News-Carlos-Roberto-Sodr\u00e9-418778301977370"]},{"@type":"Person","@id":"https:\/\/ubanews.com\/site\/#\/schema\/person\/9d8da9ec3c8d00640ab6e8c81e103310","name":"Carlos Roberto Sodr\u00e9","image":{"@type":"ImageObject","inLanguage":"pt-BR","@id":"https:\/\/secure.gravatar.com\/avatar\/aab322e8555b56c468614fafdab8a8f924e394cdc6cfd8232f77e9e4d123a133?s=96&d=mm&r=g","url":"https:\/\/secure.gravatar.com\/avatar\/aab322e8555b56c468614fafdab8a8f924e394cdc6cfd8232f77e9e4d123a133?s=96&d=mm&r=g","contentUrl":"https:\/\/secure.gravatar.com\/avatar\/aab322e8555b56c468614fafdab8a8f924e394cdc6cfd8232f77e9e4d123a133?s=96&d=mm&r=g","caption":"Carlos Roberto Sodr\u00e9"},"url":"https:\/\/ubanews.com\/site\/author\/sodre\/"}]}},"_links":{"self":[{"href":"https:\/\/ubanews.com\/site\/wp-json\/wp\/v2\/posts\/23565","targetHints":{"allow":["GET"]}}],"collection":[{"href":"https:\/\/ubanews.com\/site\/wp-json\/wp\/v2\/posts"}],"about":[{"href":"https:\/\/ubanews.com\/site\/wp-json\/wp\/v2\/types\/post"}],"author":[{"embeddable":true,"href":"https:\/\/ubanews.com\/site\/wp-json\/wp\/v2\/users\/4"}],"replies":[{"embeddable":true,"href":"https:\/\/ubanews.com\/site\/wp-json\/wp\/v2\/comments?post=23565"}],"version-history":[{"count":0,"href":"https:\/\/ubanews.com\/site\/wp-json\/wp\/v2\/posts\/23565\/revisions"}],"wp:featuredmedia":[{"embeddable":true,"href":"https:\/\/ubanews.com\/site\/wp-json\/wp\/v2\/media\/23566"}],"wp:attachment":[{"href":"https:\/\/ubanews.com\/site\/wp-json\/wp\/v2\/media?parent=23565"}],"wp:term":[{"taxonomy":"category","embeddable":true,"href":"https:\/\/ubanews.com\/site\/wp-json\/wp\/v2\/categories?post=23565"},{"taxonomy":"post_tag","embeddable":true,"href":"https:\/\/ubanews.com\/site\/wp-json\/wp\/v2\/tags?post=23565"}],"curies":[{"name":"wp","href":"https:\/\/api.w.org\/{rel}","templated":true}]}}