{"id":23556,"date":"2025-12-15T11:54:32","date_gmt":"2025-12-15T14:54:32","guid":{"rendered":"https:\/\/ubanews.com\/site\/?p=23556"},"modified":"2025-12-15T11:56:55","modified_gmt":"2025-12-15T14:56:55","slug":"pcmg-esclarece-investigacao-sobre-feto-localizado-em-lima-duarte","status":"publish","type":"post","link":"https:\/\/ubanews.com\/site\/2025\/12\/15\/pcmg-esclarece-investigacao-sobre-feto-localizado-em-lima-duarte\/","title":{"rendered":"PCMG esclarece investiga\u00e7\u00e3o sobre feto localizado em Lima Duarte"},"content":{"rendered":"<p>PCMG esclarece investiga\u00e7\u00e3o sobre feto localizado em Lima Duarte<br \/>\nInqu\u00e9rito ser\u00e1 conclu\u00eddo e encaminhado ao Minist\u00e9rio P\u00fablico com indiciamento de casal por oculta\u00e7\u00e3o de cad\u00e1ver.<br \/>\nA Pol\u00edcia Civil de Minas Gerais (PCMG) concluiu o inqu\u00e9rito policial que apurou o encontro de um feto no Rio do Peixe, ocorrido em 29 de mar\u00e7o de 2025, nas proximidades da ponte de acesso ao distrito de Ibitipoca, em Lima Duarte, na Zona da Mata.<\/p>\n<h2>PCMG esclarece investiga\u00e7\u00e3o sobre feto localizado em Lima Duarte<\/h2>\n<p><img decoding=\"async\" class=\"aligncenter size-medium wp-image-23557 lazyload\" data-src=\"https:\/\/ubanews.com\/site\/wp-content\/uploads\/2025\/12\/WhatsApp-Image-2025-12-15-at-10.57.59-300x198.jpeg\" alt=\"Fato Policial\" width=\"300\" height=\"198\" data-srcset=\"https:\/\/ubanews.com\/site\/wp-content\/uploads\/2025\/12\/WhatsApp-Image-2025-12-15-at-10.57.59-300x198.jpeg 300w, https:\/\/ubanews.com\/site\/wp-content\/uploads\/2025\/12\/WhatsApp-Image-2025-12-15-at-10.57.59-1024x677.jpeg 1024w, https:\/\/ubanews.com\/site\/wp-content\/uploads\/2025\/12\/WhatsApp-Image-2025-12-15-at-10.57.59-768x508.jpeg 768w, https:\/\/ubanews.com\/site\/wp-content\/uploads\/2025\/12\/WhatsApp-Image-2025-12-15-at-10.57.59-870x570.jpeg 870w, https:\/\/ubanews.com\/site\/wp-content\/uploads\/2025\/12\/WhatsApp-Image-2025-12-15-at-10.57.59-120x80.jpeg 120w, https:\/\/ubanews.com\/site\/wp-content\/uploads\/2025\/12\/WhatsApp-Image-2025-12-15-at-10.57.59.jpeg 1080w\" data-sizes=\"(max-width: 300px) 100vw, 300px\" src=\"data:image\/svg+xml;base64,PHN2ZyB3aWR0aD0iMSIgaGVpZ2h0PSIxIiB4bWxucz0iaHR0cDovL3d3dy53My5vcmcvMjAwMC9zdmciPjwvc3ZnPg==\" style=\"--smush-placeholder-width: 300px; --smush-placeholder-aspect-ratio: 300\/198;\" \/><\/p>\n<p>As investiga\u00e7\u00f5es apontaram que um casal, atualmente preso pela pr\u00e1tica de outros crimes, entre eles tr\u00e1fico de drogas e organiza\u00e7\u00e3o criminosa, foi respons\u00e1vel pelo lan\u00e7amento do feto no curso d\u2019\u00e1gua. Em depoimento, os suspeitos relataram que o feto teria nascido sem vida; contudo, em raz\u00e3o do avan\u00e7ado estado de putrefa\u00e7\u00e3o, n\u00e3o foi poss\u00edvel determinar a causa da morte. O procedimento indiciou os investigados por oculta\u00e7\u00e3o de cad\u00e1ver e ser\u00e1 encaminhado ao Minist\u00e9rio P\u00fablico de Minas Gerais (MPMG).<\/p>\n<div style=\"width: 840px;\" class=\"wp-video\"><video class=\"wp-video-shortcode\" id=\"video-23556-1\" width=\"840\" height=\"473\" preload=\"metadata\" controls=\"controls\"><source type=\"video\/mp4\" src=\"https:\/\/ubanews.com\/site\/wp-content\/uploads\/2025\/12\/WhatsApp-Video-2025-12-15-at-10.58.00.mp4?_=1\" \/><a href=\"https:\/\/ubanews.com\/site\/wp-content\/uploads\/2025\/12\/WhatsApp-Video-2025-12-15-at-10.58.00.mp4\">https:\/\/ubanews.com\/site\/wp-content\/uploads\/2025\/12\/WhatsApp-Video-2025-12-15-at-10.58.00.mp4<\/a><\/video><\/div>\n<p>Relembre<br \/>\nO caso teve in\u00edcio ap\u00f3s a Pol\u00edcia Militar ser acionada por populares que localizaram o feto no rio. No local, foram adotadas as provid\u00eancias iniciais, com o acionamento do Corpo de Bombeiros Militar, respons\u00e1vel pela retirada do corpo do leito do rio, e da per\u00edcia oficial da Pol\u00edcia Civil.<br \/>\nO feto foi encaminhado ao Instituto M\u00e9dico-Legal (IML), onde passou por exames periciais. Ao longo da apura\u00e7\u00e3o, a Pol\u00edcia Civil realizou trabalhos investigativos, oitivas e exames t\u00e9cnicos complementares, incluindo an\u00e1lises no IML de Belo Horizonte.<br \/>\nO delegado respons\u00e1vel pelas investiga\u00e7\u00f5es, Jos\u00e9 M\u00e1rcio Lopes, destacou que \u201ca investiga\u00e7\u00e3o foi conduzida com rigor t\u00e9cnico, responsabilidade e respeito \u00e0s normas legais, refor\u00e7ando o compromisso da institui\u00e7\u00e3o com a elucida\u00e7\u00e3o de crimes e a presta\u00e7\u00e3o de informa\u00e7\u00f5es de interesse p\u00fablico \u00e0 sociedade\u201d.<\/p>\n","protected":false},"excerpt":{"rendered":"<p>PCMG esclarece investiga\u00e7\u00e3o sobre feto localizado em Lima Duarte Inqu\u00e9rito<\/p>\n","protected":false},"author":4,"featured_media":23557,"comment_status":"open","ping_status":"open","sticky":false,"template":"","format":"standard","meta":{"footnotes":""},"categories":[1],"tags":[59,188],"class_list":["post-23556","post","type-post","status-publish","format-standard","has-post-thumbnail","hentry","category-sem-categoria","tag-fala-sodre","tag-fato-policial"],"yoast_head":"<!-- This site is optimized with the Yoast SEO plugin v27.2 - https:\/\/yoast.com\/product\/yoast-seo-wordpress\/ -->\n<title>PCMG esclarece investiga\u00e7\u00e3o sobre feto localizado em Lima Duarte - Ub\u00e1 News<\/title>\n<meta name=\"description\" content=\"PCMG esclarece investiga\u00e7\u00e3o sobre feto localizado em Lima Duarte\" \/>\n<meta name=\"robots\" content=\"index, follow, max-snippet:-1, max-image-preview:large, max-video-preview:-1\" \/>\n<link rel=\"canonical\" href=\"https:\/\/ubanews.com\/site\/2025\/12\/15\/pcmg-esclarece-investigacao-sobre-feto-localizado-em-lima-duarte\/\" \/>\n<meta property=\"og:locale\" content=\"pt_BR\" \/>\n<meta property=\"og:type\" content=\"article\" \/>\n<meta property=\"og:title\" content=\"PCMG esclarece investiga\u00e7\u00e3o sobre feto localizado em Lima Duarte - Ub\u00e1 News\" \/>\n<meta property=\"og:description\" content=\"PCMG esclarece investiga\u00e7\u00e3o sobre feto localizado em Lima Duarte\" \/>\n<meta property=\"og:url\" content=\"https:\/\/ubanews.com\/site\/2025\/12\/15\/pcmg-esclarece-investigacao-sobre-feto-localizado-em-lima-duarte\/\" \/>\n<meta property=\"og:site_name\" content=\"Ub\u00e1 News\" \/>\n<meta property=\"article:publisher\" content=\"https:\/\/www.facebook.com\/Ub%c3%a1News-Carlos-Roberto-Sodr%c3%a9-418778301977370\" \/>\n<meta property=\"article:published_time\" content=\"2025-12-15T14:54:32+00:00\" \/>\n<meta property=\"article:modified_time\" content=\"2025-12-15T14:56:55+00:00\" \/>\n<meta property=\"og:image\" content=\"https:\/\/ubanews.com\/site\/wp-content\/uploads\/2025\/12\/WhatsApp-Image-2025-12-15-at-10.57.59.jpeg\" \/>\n\t<meta property=\"og:image:width\" content=\"1080\" \/>\n\t<meta property=\"og:image:height\" content=\"714\" \/>\n\t<meta property=\"og:image:type\" content=\"image\/jpeg\" \/>\n<meta name=\"author\" content=\"Carlos Roberto Sodr\u00e9\" \/>\n<meta name=\"twitter:card\" content=\"summary_large_image\" \/>\n<meta name=\"twitter:label1\" content=\"Escrito por\" \/>\n\t<meta name=\"twitter:data1\" content=\"Carlos Roberto Sodr\u00e9\" \/>\n\t<meta name=\"twitter:label2\" content=\"Est. tempo de leitura\" \/>\n\t<meta name=\"twitter:data2\" content=\"2 minutos\" \/>\n<script type=\"application\/ld+json\" class=\"yoast-schema-graph\">{\"@context\":\"https:\/\/schema.org\",\"@graph\":[{\"@type\":\"Article\",\"@id\":\"https:\/\/ubanews.com\/site\/2025\/12\/15\/pcmg-esclarece-investigacao-sobre-feto-localizado-em-lima-duarte\/#article\",\"isPartOf\":{\"@id\":\"https:\/\/ubanews.com\/site\/2025\/12\/15\/pcmg-esclarece-investigacao-sobre-feto-localizado-em-lima-duarte\/\"},\"author\":{\"name\":\"Carlos Roberto Sodr\u00e9\",\"@id\":\"https:\/\/ubanews.com\/site\/#\/schema\/person\/9d8da9ec3c8d00640ab6e8c81e103310\"},\"headline\":\"PCMG esclarece investiga\u00e7\u00e3o sobre feto localizado em Lima Duarte\",\"datePublished\":\"2025-12-15T14:54:32+00:00\",\"dateModified\":\"2025-12-15T14:56:55+00:00\",\"mainEntityOfPage\":{\"@id\":\"https:\/\/ubanews.com\/site\/2025\/12\/15\/pcmg-esclarece-investigacao-sobre-feto-localizado-em-lima-duarte\/\"},\"wordCount\":358,\"commentCount\":0,\"publisher\":{\"@id\":\"https:\/\/ubanews.com\/site\/#organization\"},\"image\":{\"@id\":\"https:\/\/ubanews.com\/site\/2025\/12\/15\/pcmg-esclarece-investigacao-sobre-feto-localizado-em-lima-duarte\/#primaryimage\"},\"thumbnailUrl\":\"https:\/\/ubanews.com\/site\/wp-content\/uploads\/2025\/12\/WhatsApp-Image-2025-12-15-at-10.57.59.jpeg\",\"keywords\":[\"Fala Sodr\u00e9\",\"Fato Policial\"],\"articleSection\":[\"Geral\"],\"inLanguage\":\"pt-BR\",\"potentialAction\":[{\"@type\":\"CommentAction\",\"name\":\"Comment\",\"target\":[\"https:\/\/ubanews.com\/site\/2025\/12\/15\/pcmg-esclarece-investigacao-sobre-feto-localizado-em-lima-duarte\/#respond\"]}]},{\"@type\":\"WebPage\",\"@id\":\"https:\/\/ubanews.com\/site\/2025\/12\/15\/pcmg-esclarece-investigacao-sobre-feto-localizado-em-lima-duarte\/\",\"url\":\"https:\/\/ubanews.com\/site\/2025\/12\/15\/pcmg-esclarece-investigacao-sobre-feto-localizado-em-lima-duarte\/\",\"name\":\"PCMG esclarece investiga\u00e7\u00e3o sobre feto localizado em Lima Duarte - Ub\u00e1 News\",\"isPartOf\":{\"@id\":\"https:\/\/ubanews.com\/site\/#website\"},\"primaryImageOfPage\":{\"@id\":\"https:\/\/ubanews.com\/site\/2025\/12\/15\/pcmg-esclarece-investigacao-sobre-feto-localizado-em-lima-duarte\/#primaryimage\"},\"image\":{\"@id\":\"https:\/\/ubanews.com\/site\/2025\/12\/15\/pcmg-esclarece-investigacao-sobre-feto-localizado-em-lima-duarte\/#primaryimage\"},\"thumbnailUrl\":\"https:\/\/ubanews.com\/site\/wp-content\/uploads\/2025\/12\/WhatsApp-Image-2025-12-15-at-10.57.59.jpeg\",\"datePublished\":\"2025-12-15T14:54:32+00:00\",\"dateModified\":\"2025-12-15T14:56:55+00:00\",\"description\":\"PCMG esclarece investiga\u00e7\u00e3o sobre feto localizado em Lima Duarte\",\"breadcrumb\":{\"@id\":\"https:\/\/ubanews.com\/site\/2025\/12\/15\/pcmg-esclarece-investigacao-sobre-feto-localizado-em-lima-duarte\/#breadcrumb\"},\"inLanguage\":\"pt-BR\",\"potentialAction\":[{\"@type\":\"ReadAction\",\"target\":[\"https:\/\/ubanews.com\/site\/2025\/12\/15\/pcmg-esclarece-investigacao-sobre-feto-localizado-em-lima-duarte\/\"]}]},{\"@type\":\"ImageObject\",\"inLanguage\":\"pt-BR\",\"@id\":\"https:\/\/ubanews.com\/site\/2025\/12\/15\/pcmg-esclarece-investigacao-sobre-feto-localizado-em-lima-duarte\/#primaryimage\",\"url\":\"https:\/\/ubanews.com\/site\/wp-content\/uploads\/2025\/12\/WhatsApp-Image-2025-12-15-at-10.57.59.jpeg\",\"contentUrl\":\"https:\/\/ubanews.com\/site\/wp-content\/uploads\/2025\/12\/WhatsApp-Image-2025-12-15-at-10.57.59.jpeg\",\"width\":1080,\"height\":714,\"caption\":\"PCMG esclarece investiga\u00e7\u00e3o sobre feto localizado em Lima Duarte\"},{\"@type\":\"BreadcrumbList\",\"@id\":\"https:\/\/ubanews.com\/site\/2025\/12\/15\/pcmg-esclarece-investigacao-sobre-feto-localizado-em-lima-duarte\/#breadcrumb\",\"itemListElement\":[{\"@type\":\"ListItem\",\"position\":1,\"name\":\"Home\",\"item\":\"https:\/\/ubanews.com\/site\/\"},{\"@type\":\"ListItem\",\"position\":2,\"name\":\"PCMG esclarece investiga\u00e7\u00e3o sobre feto localizado em Lima Duarte\"}]},{\"@type\":\"WebSite\",\"@id\":\"https:\/\/ubanews.com\/site\/#website\",\"url\":\"https:\/\/ubanews.com\/site\/\",\"name\":\"Ub\u00e1 News\",\"description\":\"\",\"publisher\":{\"@id\":\"https:\/\/ubanews.com\/site\/#organization\"},\"potentialAction\":[{\"@type\":\"SearchAction\",\"target\":{\"@type\":\"EntryPoint\",\"urlTemplate\":\"https:\/\/ubanews.com\/site\/?s={search_term_string}\"},\"query-input\":{\"@type\":\"PropertyValueSpecification\",\"valueRequired\":true,\"valueName\":\"search_term_string\"}}],\"inLanguage\":\"pt-BR\"},{\"@type\":\"Organization\",\"@id\":\"https:\/\/ubanews.com\/site\/#organization\",\"name\":\"Ub\u00e1 News\",\"url\":\"https:\/\/ubanews.com\/site\/\",\"logo\":{\"@type\":\"ImageObject\",\"inLanguage\":\"pt-BR\",\"@id\":\"https:\/\/ubanews.com\/site\/#\/schema\/logo\/image\/\",\"url\":\"https:\/\/ubanews.com\/site\/wp-content\/uploads\/2018\/01\/logoubanews.png\",\"contentUrl\":\"https:\/\/ubanews.com\/site\/wp-content\/uploads\/2018\/01\/logoubanews.png\",\"width\":261,\"height\":99,\"caption\":\"Ub\u00e1 News\"},\"image\":{\"@id\":\"https:\/\/ubanews.com\/site\/#\/schema\/logo\/image\/\"},\"sameAs\":[\"https:\/\/www.facebook.com\/Ub\u00e1News-Carlos-Roberto-Sodr\u00e9-418778301977370\"]},{\"@type\":\"Person\",\"@id\":\"https:\/\/ubanews.com\/site\/#\/schema\/person\/9d8da9ec3c8d00640ab6e8c81e103310\",\"name\":\"Carlos Roberto Sodr\u00e9\",\"image\":{\"@type\":\"ImageObject\",\"inLanguage\":\"pt-BR\",\"@id\":\"https:\/\/secure.gravatar.com\/avatar\/aab322e8555b56c468614fafdab8a8f924e394cdc6cfd8232f77e9e4d123a133?s=96&d=mm&r=g\",\"url\":\"https:\/\/secure.gravatar.com\/avatar\/aab322e8555b56c468614fafdab8a8f924e394cdc6cfd8232f77e9e4d123a133?s=96&d=mm&r=g\",\"contentUrl\":\"https:\/\/secure.gravatar.com\/avatar\/aab322e8555b56c468614fafdab8a8f924e394cdc6cfd8232f77e9e4d123a133?s=96&d=mm&r=g\",\"caption\":\"Carlos Roberto Sodr\u00e9\"},\"url\":\"https:\/\/ubanews.com\/site\/author\/sodre\/\"}]}<\/script>\n<!-- \/ Yoast SEO plugin. -->","yoast_head_json":{"title":"PCMG esclarece investiga\u00e7\u00e3o sobre feto localizado em Lima Duarte - Ub\u00e1 News","description":"PCMG esclarece investiga\u00e7\u00e3o sobre feto localizado em Lima Duarte","robots":{"index":"index","follow":"follow","max-snippet":"max-snippet:-1","max-image-preview":"max-image-preview:large","max-video-preview":"max-video-preview:-1"},"canonical":"https:\/\/ubanews.com\/site\/2025\/12\/15\/pcmg-esclarece-investigacao-sobre-feto-localizado-em-lima-duarte\/","og_locale":"pt_BR","og_type":"article","og_title":"PCMG esclarece investiga\u00e7\u00e3o sobre feto localizado em Lima Duarte - Ub\u00e1 News","og_description":"PCMG esclarece investiga\u00e7\u00e3o sobre feto localizado em Lima Duarte","og_url":"https:\/\/ubanews.com\/site\/2025\/12\/15\/pcmg-esclarece-investigacao-sobre-feto-localizado-em-lima-duarte\/","og_site_name":"Ub\u00e1 News","article_publisher":"https:\/\/www.facebook.com\/Ub%c3%a1News-Carlos-Roberto-Sodr%c3%a9-418778301977370","article_published_time":"2025-12-15T14:54:32+00:00","article_modified_time":"2025-12-15T14:56:55+00:00","og_image":[{"width":1080,"height":714,"url":"https:\/\/ubanews.com\/site\/wp-content\/uploads\/2025\/12\/WhatsApp-Image-2025-12-15-at-10.57.59.jpeg","type":"image\/jpeg"}],"author":"Carlos Roberto Sodr\u00e9","twitter_card":"summary_large_image","twitter_misc":{"Escrito por":"Carlos Roberto Sodr\u00e9","Est. tempo de leitura":"2 minutos"},"schema":{"@context":"https:\/\/schema.org","@graph":[{"@type":"Article","@id":"https:\/\/ubanews.com\/site\/2025\/12\/15\/pcmg-esclarece-investigacao-sobre-feto-localizado-em-lima-duarte\/#article","isPartOf":{"@id":"https:\/\/ubanews.com\/site\/2025\/12\/15\/pcmg-esclarece-investigacao-sobre-feto-localizado-em-lima-duarte\/"},"author":{"name":"Carlos Roberto Sodr\u00e9","@id":"https:\/\/ubanews.com\/site\/#\/schema\/person\/9d8da9ec3c8d00640ab6e8c81e103310"},"headline":"PCMG esclarece investiga\u00e7\u00e3o sobre feto localizado em Lima Duarte","datePublished":"2025-12-15T14:54:32+00:00","dateModified":"2025-12-15T14:56:55+00:00","mainEntityOfPage":{"@id":"https:\/\/ubanews.com\/site\/2025\/12\/15\/pcmg-esclarece-investigacao-sobre-feto-localizado-em-lima-duarte\/"},"wordCount":358,"commentCount":0,"publisher":{"@id":"https:\/\/ubanews.com\/site\/#organization"},"image":{"@id":"https:\/\/ubanews.com\/site\/2025\/12\/15\/pcmg-esclarece-investigacao-sobre-feto-localizado-em-lima-duarte\/#primaryimage"},"thumbnailUrl":"https:\/\/ubanews.com\/site\/wp-content\/uploads\/2025\/12\/WhatsApp-Image-2025-12-15-at-10.57.59.jpeg","keywords":["Fala Sodr\u00e9","Fato Policial"],"articleSection":["Geral"],"inLanguage":"pt-BR","potentialAction":[{"@type":"CommentAction","name":"Comment","target":["https:\/\/ubanews.com\/site\/2025\/12\/15\/pcmg-esclarece-investigacao-sobre-feto-localizado-em-lima-duarte\/#respond"]}]},{"@type":"WebPage","@id":"https:\/\/ubanews.com\/site\/2025\/12\/15\/pcmg-esclarece-investigacao-sobre-feto-localizado-em-lima-duarte\/","url":"https:\/\/ubanews.com\/site\/2025\/12\/15\/pcmg-esclarece-investigacao-sobre-feto-localizado-em-lima-duarte\/","name":"PCMG esclarece investiga\u00e7\u00e3o sobre feto localizado em Lima Duarte - Ub\u00e1 News","isPartOf":{"@id":"https:\/\/ubanews.com\/site\/#website"},"primaryImageOfPage":{"@id":"https:\/\/ubanews.com\/site\/2025\/12\/15\/pcmg-esclarece-investigacao-sobre-feto-localizado-em-lima-duarte\/#primaryimage"},"image":{"@id":"https:\/\/ubanews.com\/site\/2025\/12\/15\/pcmg-esclarece-investigacao-sobre-feto-localizado-em-lima-duarte\/#primaryimage"},"thumbnailUrl":"https:\/\/ubanews.com\/site\/wp-content\/uploads\/2025\/12\/WhatsApp-Image-2025-12-15-at-10.57.59.jpeg","datePublished":"2025-12-15T14:54:32+00:00","dateModified":"2025-12-15T14:56:55+00:00","description":"PCMG esclarece investiga\u00e7\u00e3o sobre feto localizado em Lima Duarte","breadcrumb":{"@id":"https:\/\/ubanews.com\/site\/2025\/12\/15\/pcmg-esclarece-investigacao-sobre-feto-localizado-em-lima-duarte\/#breadcrumb"},"inLanguage":"pt-BR","potentialAction":[{"@type":"ReadAction","target":["https:\/\/ubanews.com\/site\/2025\/12\/15\/pcmg-esclarece-investigacao-sobre-feto-localizado-em-lima-duarte\/"]}]},{"@type":"ImageObject","inLanguage":"pt-BR","@id":"https:\/\/ubanews.com\/site\/2025\/12\/15\/pcmg-esclarece-investigacao-sobre-feto-localizado-em-lima-duarte\/#primaryimage","url":"https:\/\/ubanews.com\/site\/wp-content\/uploads\/2025\/12\/WhatsApp-Image-2025-12-15-at-10.57.59.jpeg","contentUrl":"https:\/\/ubanews.com\/site\/wp-content\/uploads\/2025\/12\/WhatsApp-Image-2025-12-15-at-10.57.59.jpeg","width":1080,"height":714,"caption":"PCMG esclarece investiga\u00e7\u00e3o sobre feto localizado em Lima Duarte"},{"@type":"BreadcrumbList","@id":"https:\/\/ubanews.com\/site\/2025\/12\/15\/pcmg-esclarece-investigacao-sobre-feto-localizado-em-lima-duarte\/#breadcrumb","itemListElement":[{"@type":"ListItem","position":1,"name":"Home","item":"https:\/\/ubanews.com\/site\/"},{"@type":"ListItem","position":2,"name":"PCMG esclarece investiga\u00e7\u00e3o sobre feto localizado em Lima Duarte"}]},{"@type":"WebSite","@id":"https:\/\/ubanews.com\/site\/#website","url":"https:\/\/ubanews.com\/site\/","name":"Ub\u00e1 News","description":"","publisher":{"@id":"https:\/\/ubanews.com\/site\/#organization"},"potentialAction":[{"@type":"SearchAction","target":{"@type":"EntryPoint","urlTemplate":"https:\/\/ubanews.com\/site\/?s={search_term_string}"},"query-input":{"@type":"PropertyValueSpecification","valueRequired":true,"valueName":"search_term_string"}}],"inLanguage":"pt-BR"},{"@type":"Organization","@id":"https:\/\/ubanews.com\/site\/#organization","name":"Ub\u00e1 News","url":"https:\/\/ubanews.com\/site\/","logo":{"@type":"ImageObject","inLanguage":"pt-BR","@id":"https:\/\/ubanews.com\/site\/#\/schema\/logo\/image\/","url":"https:\/\/ubanews.com\/site\/wp-content\/uploads\/2018\/01\/logoubanews.png","contentUrl":"https:\/\/ubanews.com\/site\/wp-content\/uploads\/2018\/01\/logoubanews.png","width":261,"height":99,"caption":"Ub\u00e1 News"},"image":{"@id":"https:\/\/ubanews.com\/site\/#\/schema\/logo\/image\/"},"sameAs":["https:\/\/www.facebook.com\/Ub\u00e1News-Carlos-Roberto-Sodr\u00e9-418778301977370"]},{"@type":"Person","@id":"https:\/\/ubanews.com\/site\/#\/schema\/person\/9d8da9ec3c8d00640ab6e8c81e103310","name":"Carlos Roberto Sodr\u00e9","image":{"@type":"ImageObject","inLanguage":"pt-BR","@id":"https:\/\/secure.gravatar.com\/avatar\/aab322e8555b56c468614fafdab8a8f924e394cdc6cfd8232f77e9e4d123a133?s=96&d=mm&r=g","url":"https:\/\/secure.gravatar.com\/avatar\/aab322e8555b56c468614fafdab8a8f924e394cdc6cfd8232f77e9e4d123a133?s=96&d=mm&r=g","contentUrl":"https:\/\/secure.gravatar.com\/avatar\/aab322e8555b56c468614fafdab8a8f924e394cdc6cfd8232f77e9e4d123a133?s=96&d=mm&r=g","caption":"Carlos Roberto Sodr\u00e9"},"url":"https:\/\/ubanews.com\/site\/author\/sodre\/"}]}},"_links":{"self":[{"href":"https:\/\/ubanews.com\/site\/wp-json\/wp\/v2\/posts\/23556","targetHints":{"allow":["GET"]}}],"collection":[{"href":"https:\/\/ubanews.com\/site\/wp-json\/wp\/v2\/posts"}],"about":[{"href":"https:\/\/ubanews.com\/site\/wp-json\/wp\/v2\/types\/post"}],"author":[{"embeddable":true,"href":"https:\/\/ubanews.com\/site\/wp-json\/wp\/v2\/users\/4"}],"replies":[{"embeddable":true,"href":"https:\/\/ubanews.com\/site\/wp-json\/wp\/v2\/comments?post=23556"}],"version-history":[{"count":0,"href":"https:\/\/ubanews.com\/site\/wp-json\/wp\/v2\/posts\/23556\/revisions"}],"wp:featuredmedia":[{"embeddable":true,"href":"https:\/\/ubanews.com\/site\/wp-json\/wp\/v2\/media\/23557"}],"wp:attachment":[{"href":"https:\/\/ubanews.com\/site\/wp-json\/wp\/v2\/media?parent=23556"}],"wp:term":[{"taxonomy":"category","embeddable":true,"href":"https:\/\/ubanews.com\/site\/wp-json\/wp\/v2\/categories?post=23556"},{"taxonomy":"post_tag","embeddable":true,"href":"https:\/\/ubanews.com\/site\/wp-json\/wp\/v2\/tags?post=23556"}],"curies":[{"name":"wp","href":"https:\/\/api.w.org\/{rel}","templated":true}]}}