{"id":23549,"date":"2025-12-12T18:06:38","date_gmt":"2025-12-12T21:06:38","guid":{"rendered":"https:\/\/ubanews.com\/site\/?p=23549"},"modified":"2025-12-12T18:07:33","modified_gmt":"2025-12-12T21:07:33","slug":"pcmg-prende-suspeito-de-agredir-mulher-gravida-em-cinema-de-uba","status":"publish","type":"post","link":"https:\/\/ubanews.com\/site\/2025\/12\/12\/pcmg-prende-suspeito-de-agredir-mulher-gravida-em-cinema-de-uba\/","title":{"rendered":"PCMG prende suspeito de agredir mulher gr\u00e1vida em cinema de Ub\u00e1"},"content":{"rendered":"<p>PCMG prende suspeito de agredir mulher gr\u00e1vida em cinema de Ub\u00e1. Opera\u00e7\u00e3o T\u00eamis foi deflagrada ap\u00f3s o deferimento da pris\u00e3o preventiva do investigado<\/p>\n<p>A Pol\u00edcia Civil de Minas Gerais (PCMG) prendeu, nessa quinta-feira (11\/12), em Ub\u00e1, na Zona da Mata, um homem de 28 anos suspeito de agredir uma jovem gr\u00e1vida, de 19 anos, dentro de uma sala de cinema no \u00faltimo domingo (7\/12). A a\u00e7\u00e3o integra a opera\u00e7\u00e3o T\u00eamis, deflagrada com o objetivo de assegurar a responsabiliza\u00e7\u00e3o do agressor e garantir a prote\u00e7\u00e3o da v\u00edtima.<\/p>\n<h2>PCMG prende suspeito de agredir mulher gr\u00e1vida em cinema de Ub\u00e1<\/h2>\n<div style=\"width: 832px;\" class=\"wp-video\"><video class=\"wp-video-shortcode\" id=\"video-23549-1\" width=\"832\" height=\"464\" preload=\"metadata\" controls=\"controls\"><source type=\"video\/mp4\" src=\"https:\/\/ubanews.com\/site\/wp-content\/uploads\/2025\/12\/PCMG-prende-suspeito-de-agredir-mulher-gravida-em-cinema-de-Uba.mp4?_=1\" \/><a href=\"https:\/\/ubanews.com\/site\/wp-content\/uploads\/2025\/12\/PCMG-prende-suspeito-de-agredir-mulher-gravida-em-cinema-de-Uba.mp4\">https:\/\/ubanews.com\/site\/wp-content\/uploads\/2025\/12\/PCMG-prende-suspeito-de-agredir-mulher-gravida-em-cinema-de-Uba.mp4<\/a><\/video><\/div>\n<p>Assim que o v\u00eddeo das agress\u00f5es viralizou nas redes sociais, a equipe da Delegacia Especializada de Atendimento \u00e0 Mulher (Deam), em parceria com a Guarda Municipal de Ub\u00e1, iniciou trabalho imediato de identifica\u00e7\u00e3o e coleta de elementos informativos.<\/p>\n<p>A delegada respons\u00e1vel pela Deam, Fabr\u00edcia Nunes Noronha, realizou a oitiva da v\u00edtima, requisitou exame pericial e solicitou medida protetiva de urg\u00eancia, assegurando acolhimento imediato. Com base no conjunto probat\u00f3rio, o Poder Judici\u00e1rio deferiu o mandado de pris\u00e3o preventiva do investigado.<\/p>\n<p>Ap\u00f3s o epis\u00f3dio, o suspeito passou a publicar mensagens ofensivas em suas redes sociais, reagindo \u00e0s cr\u00edticas sobre sua conduta no cinema. Diante disso, equipes policiais realizaram monitoramento para impedir qualquer tentativa de fuga. Durante o cumprimento do mandado, tamb\u00e9m foi realizada busca na resid\u00eancia do investigado, onde foram apreendidas por\u00e7\u00f5es de drogas.<\/p>\n<p>A opera\u00e7\u00e3o foi coordenada pelo delegado Jo\u00e3o Paulo Ribeiro Braga, com apoio das equipes da Delegacia Regional em Ub\u00e1.<\/p>\n<p>A investiga\u00e7\u00e3o ser\u00e1 finalizada com o indiciamento do suspeito por les\u00e3o corporal e amea\u00e7a, e o inqu\u00e9rito ser\u00e1 encaminhado ao Poder Judici\u00e1rio para as provid\u00eancias cab\u00edveis. O suspeito foi encaminhado ao sistema prisional.<\/p>\n<p>A delegada Fabr\u00edcia Noronha destacou a import\u00e2ncia da atua\u00e7\u00e3o integrada e refor\u00e7ou a necessidade de den\u00fancias. &#8220;Toda mulher deve saber que n\u00e3o est\u00e1 sozinha. A Pol\u00edcia Civil e as institui\u00e7\u00f5es parceiras trabalham de maneira firme e articulada para acolher, proteger e garantir que casos de viol\u00eancia sejam devidamente investigados e punidos&#8221;, afirmou.<\/p>\n<p>O nome da opera\u00e7\u00e3o faz refer\u00eancia a T\u00eamis, deusa grega da justi\u00e7a, lei e ordem, frequentemente representada pela balan\u00e7a \u2014 s\u00edmbolo da imparcialidade \u2014 e pela espada \u2014 s\u00edmbolo da autoridade legal. A escolha ressalta o compromisso da PCMG com a defesa das v\u00edtimas e a busca constante por justi\u00e7a.<\/p>\n<p><img decoding=\"async\" class=\"aligncenter size-medium wp-image-23551 lazyload\" data-src=\"https:\/\/ubanews.com\/site\/wp-content\/uploads\/2025\/12\/PCMG-prende-suspeito-de-agredir-mulher-gravida-em-cinema-de-Uba-300x167.jpg\" alt=\"\" width=\"300\" height=\"167\" data-srcset=\"https:\/\/ubanews.com\/site\/wp-content\/uploads\/2025\/12\/PCMG-prende-suspeito-de-agredir-mulher-gravida-em-cinema-de-Uba-300x167.jpg 300w, https:\/\/ubanews.com\/site\/wp-content\/uploads\/2025\/12\/PCMG-prende-suspeito-de-agredir-mulher-gravida-em-cinema-de-Uba-360x200.jpg 360w, https:\/\/ubanews.com\/site\/wp-content\/uploads\/2025\/12\/PCMG-prende-suspeito-de-agredir-mulher-gravida-em-cinema-de-Uba.jpg 745w\" data-sizes=\"(max-width: 300px) 100vw, 300px\" src=\"data:image\/svg+xml;base64,PHN2ZyB3aWR0aD0iMSIgaGVpZ2h0PSIxIiB4bWxucz0iaHR0cDovL3d3dy53My5vcmcvMjAwMC9zdmciPjwvc3ZnPg==\" style=\"--smush-placeholder-width: 300px; --smush-placeholder-aspect-ratio: 300\/167;\" \/><\/p>\n","protected":false},"excerpt":{"rendered":"<p>PCMG prende suspeito de agredir mulher gr\u00e1vida em cinema de<\/p>\n","protected":false},"author":4,"featured_media":23551,"comment_status":"open","ping_status":"open","sticky":false,"template":"","format":"standard","meta":{"footnotes":""},"categories":[1,3],"tags":[107],"class_list":["post-23549","post","type-post","status-publish","format-standard","has-post-thumbnail","hentry","category-sem-categoria","category-slide","tag-policia-civil"],"yoast_head":"<!-- This site is optimized with the Yoast SEO plugin v27.2 - https:\/\/yoast.com\/product\/yoast-seo-wordpress\/ -->\n<title>PCMG prende suspeito de agredir mulher gr\u00e1vida em cinema de Ub\u00e1 - Ub\u00e1 News<\/title>\n<meta name=\"description\" content=\"PCMG prende suspeito de agredir mulher gr\u00e1vida em cinema de Ub\u00e1\" \/>\n<meta name=\"robots\" content=\"index, follow, max-snippet:-1, max-image-preview:large, max-video-preview:-1\" \/>\n<link rel=\"canonical\" href=\"https:\/\/ubanews.com\/site\/2025\/12\/12\/pcmg-prende-suspeito-de-agredir-mulher-gravida-em-cinema-de-uba\/\" \/>\n<meta property=\"og:locale\" content=\"pt_BR\" \/>\n<meta property=\"og:type\" content=\"article\" \/>\n<meta property=\"og:title\" content=\"PCMG prende suspeito de agredir mulher gr\u00e1vida em cinema de Ub\u00e1 - Ub\u00e1 News\" \/>\n<meta property=\"og:description\" content=\"PCMG prende suspeito de agredir mulher gr\u00e1vida em cinema de Ub\u00e1\" \/>\n<meta property=\"og:url\" content=\"https:\/\/ubanews.com\/site\/2025\/12\/12\/pcmg-prende-suspeito-de-agredir-mulher-gravida-em-cinema-de-uba\/\" \/>\n<meta property=\"og:site_name\" content=\"Ub\u00e1 News\" \/>\n<meta property=\"article:publisher\" content=\"https:\/\/www.facebook.com\/Ub%c3%a1News-Carlos-Roberto-Sodr%c3%a9-418778301977370\" \/>\n<meta property=\"article:published_time\" content=\"2025-12-12T21:06:38+00:00\" \/>\n<meta property=\"article:modified_time\" content=\"2025-12-12T21:07:33+00:00\" \/>\n<meta property=\"og:image\" content=\"https:\/\/ubanews.com\/site\/wp-content\/uploads\/2025\/12\/PCMG-prende-suspeito-de-agredir-mulher-gravida-em-cinema-de-Uba.jpg\" \/>\n\t<meta property=\"og:image:width\" content=\"745\" \/>\n\t<meta property=\"og:image:height\" content=\"415\" \/>\n\t<meta property=\"og:image:type\" content=\"image\/jpeg\" \/>\n<meta name=\"author\" content=\"Carlos Roberto Sodr\u00e9\" \/>\n<meta name=\"twitter:card\" content=\"summary_large_image\" \/>\n<meta name=\"twitter:label1\" content=\"Escrito por\" \/>\n\t<meta name=\"twitter:data1\" content=\"Carlos Roberto Sodr\u00e9\" \/>\n\t<meta name=\"twitter:label2\" content=\"Est. tempo de leitura\" \/>\n\t<meta name=\"twitter:data2\" content=\"3 minutos\" \/>\n<script type=\"application\/ld+json\" class=\"yoast-schema-graph\">{\"@context\":\"https:\/\/schema.org\",\"@graph\":[{\"@type\":\"Article\",\"@id\":\"https:\/\/ubanews.com\/site\/2025\/12\/12\/pcmg-prende-suspeito-de-agredir-mulher-gravida-em-cinema-de-uba\/#article\",\"isPartOf\":{\"@id\":\"https:\/\/ubanews.com\/site\/2025\/12\/12\/pcmg-prende-suspeito-de-agredir-mulher-gravida-em-cinema-de-uba\/\"},\"author\":{\"name\":\"Carlos Roberto Sodr\u00e9\",\"@id\":\"https:\/\/ubanews.com\/site\/#\/schema\/person\/9d8da9ec3c8d00640ab6e8c81e103310\"},\"headline\":\"PCMG prende suspeito de agredir mulher gr\u00e1vida em cinema de Ub\u00e1\",\"datePublished\":\"2025-12-12T21:06:38+00:00\",\"dateModified\":\"2025-12-12T21:07:33+00:00\",\"mainEntityOfPage\":{\"@id\":\"https:\/\/ubanews.com\/site\/2025\/12\/12\/pcmg-prende-suspeito-de-agredir-mulher-gravida-em-cinema-de-uba\/\"},\"wordCount\":457,\"commentCount\":0,\"publisher\":{\"@id\":\"https:\/\/ubanews.com\/site\/#organization\"},\"image\":{\"@id\":\"https:\/\/ubanews.com\/site\/2025\/12\/12\/pcmg-prende-suspeito-de-agredir-mulher-gravida-em-cinema-de-uba\/#primaryimage\"},\"thumbnailUrl\":\"https:\/\/ubanews.com\/site\/wp-content\/uploads\/2025\/12\/PCMG-prende-suspeito-de-agredir-mulher-gravida-em-cinema-de-Uba.jpg\",\"keywords\":[\"Pol\u00edcia Civil\"],\"articleSection\":[\"Geral\",\"Slide\"],\"inLanguage\":\"pt-BR\",\"potentialAction\":[{\"@type\":\"CommentAction\",\"name\":\"Comment\",\"target\":[\"https:\/\/ubanews.com\/site\/2025\/12\/12\/pcmg-prende-suspeito-de-agredir-mulher-gravida-em-cinema-de-uba\/#respond\"]}]},{\"@type\":\"WebPage\",\"@id\":\"https:\/\/ubanews.com\/site\/2025\/12\/12\/pcmg-prende-suspeito-de-agredir-mulher-gravida-em-cinema-de-uba\/\",\"url\":\"https:\/\/ubanews.com\/site\/2025\/12\/12\/pcmg-prende-suspeito-de-agredir-mulher-gravida-em-cinema-de-uba\/\",\"name\":\"PCMG prende suspeito de agredir mulher gr\u00e1vida em cinema de Ub\u00e1 - Ub\u00e1 News\",\"isPartOf\":{\"@id\":\"https:\/\/ubanews.com\/site\/#website\"},\"primaryImageOfPage\":{\"@id\":\"https:\/\/ubanews.com\/site\/2025\/12\/12\/pcmg-prende-suspeito-de-agredir-mulher-gravida-em-cinema-de-uba\/#primaryimage\"},\"image\":{\"@id\":\"https:\/\/ubanews.com\/site\/2025\/12\/12\/pcmg-prende-suspeito-de-agredir-mulher-gravida-em-cinema-de-uba\/#primaryimage\"},\"thumbnailUrl\":\"https:\/\/ubanews.com\/site\/wp-content\/uploads\/2025\/12\/PCMG-prende-suspeito-de-agredir-mulher-gravida-em-cinema-de-Uba.jpg\",\"datePublished\":\"2025-12-12T21:06:38+00:00\",\"dateModified\":\"2025-12-12T21:07:33+00:00\",\"description\":\"PCMG prende suspeito de agredir mulher gr\u00e1vida em cinema de Ub\u00e1\",\"breadcrumb\":{\"@id\":\"https:\/\/ubanews.com\/site\/2025\/12\/12\/pcmg-prende-suspeito-de-agredir-mulher-gravida-em-cinema-de-uba\/#breadcrumb\"},\"inLanguage\":\"pt-BR\",\"potentialAction\":[{\"@type\":\"ReadAction\",\"target\":[\"https:\/\/ubanews.com\/site\/2025\/12\/12\/pcmg-prende-suspeito-de-agredir-mulher-gravida-em-cinema-de-uba\/\"]}]},{\"@type\":\"ImageObject\",\"inLanguage\":\"pt-BR\",\"@id\":\"https:\/\/ubanews.com\/site\/2025\/12\/12\/pcmg-prende-suspeito-de-agredir-mulher-gravida-em-cinema-de-uba\/#primaryimage\",\"url\":\"https:\/\/ubanews.com\/site\/wp-content\/uploads\/2025\/12\/PCMG-prende-suspeito-de-agredir-mulher-gravida-em-cinema-de-Uba.jpg\",\"contentUrl\":\"https:\/\/ubanews.com\/site\/wp-content\/uploads\/2025\/12\/PCMG-prende-suspeito-de-agredir-mulher-gravida-em-cinema-de-Uba.jpg\",\"width\":745,\"height\":415},{\"@type\":\"BreadcrumbList\",\"@id\":\"https:\/\/ubanews.com\/site\/2025\/12\/12\/pcmg-prende-suspeito-de-agredir-mulher-gravida-em-cinema-de-uba\/#breadcrumb\",\"itemListElement\":[{\"@type\":\"ListItem\",\"position\":1,\"name\":\"Home\",\"item\":\"https:\/\/ubanews.com\/site\/\"},{\"@type\":\"ListItem\",\"position\":2,\"name\":\"PCMG prende suspeito de agredir mulher gr\u00e1vida em cinema de Ub\u00e1\"}]},{\"@type\":\"WebSite\",\"@id\":\"https:\/\/ubanews.com\/site\/#website\",\"url\":\"https:\/\/ubanews.com\/site\/\",\"name\":\"Ub\u00e1 News\",\"description\":\"\",\"publisher\":{\"@id\":\"https:\/\/ubanews.com\/site\/#organization\"},\"potentialAction\":[{\"@type\":\"SearchAction\",\"target\":{\"@type\":\"EntryPoint\",\"urlTemplate\":\"https:\/\/ubanews.com\/site\/?s={search_term_string}\"},\"query-input\":{\"@type\":\"PropertyValueSpecification\",\"valueRequired\":true,\"valueName\":\"search_term_string\"}}],\"inLanguage\":\"pt-BR\"},{\"@type\":\"Organization\",\"@id\":\"https:\/\/ubanews.com\/site\/#organization\",\"name\":\"Ub\u00e1 News\",\"url\":\"https:\/\/ubanews.com\/site\/\",\"logo\":{\"@type\":\"ImageObject\",\"inLanguage\":\"pt-BR\",\"@id\":\"https:\/\/ubanews.com\/site\/#\/schema\/logo\/image\/\",\"url\":\"https:\/\/ubanews.com\/site\/wp-content\/uploads\/2018\/01\/logoubanews.png\",\"contentUrl\":\"https:\/\/ubanews.com\/site\/wp-content\/uploads\/2018\/01\/logoubanews.png\",\"width\":261,\"height\":99,\"caption\":\"Ub\u00e1 News\"},\"image\":{\"@id\":\"https:\/\/ubanews.com\/site\/#\/schema\/logo\/image\/\"},\"sameAs\":[\"https:\/\/www.facebook.com\/Ub\u00e1News-Carlos-Roberto-Sodr\u00e9-418778301977370\"]},{\"@type\":\"Person\",\"@id\":\"https:\/\/ubanews.com\/site\/#\/schema\/person\/9d8da9ec3c8d00640ab6e8c81e103310\",\"name\":\"Carlos Roberto Sodr\u00e9\",\"image\":{\"@type\":\"ImageObject\",\"inLanguage\":\"pt-BR\",\"@id\":\"https:\/\/secure.gravatar.com\/avatar\/aab322e8555b56c468614fafdab8a8f924e394cdc6cfd8232f77e9e4d123a133?s=96&d=mm&r=g\",\"url\":\"https:\/\/secure.gravatar.com\/avatar\/aab322e8555b56c468614fafdab8a8f924e394cdc6cfd8232f77e9e4d123a133?s=96&d=mm&r=g\",\"contentUrl\":\"https:\/\/secure.gravatar.com\/avatar\/aab322e8555b56c468614fafdab8a8f924e394cdc6cfd8232f77e9e4d123a133?s=96&d=mm&r=g\",\"caption\":\"Carlos Roberto Sodr\u00e9\"},\"url\":\"https:\/\/ubanews.com\/site\/author\/sodre\/\"}]}<\/script>\n<!-- \/ Yoast SEO plugin. -->","yoast_head_json":{"title":"PCMG prende suspeito de agredir mulher gr\u00e1vida em cinema de Ub\u00e1 - Ub\u00e1 News","description":"PCMG prende suspeito de agredir mulher gr\u00e1vida em cinema de Ub\u00e1","robots":{"index":"index","follow":"follow","max-snippet":"max-snippet:-1","max-image-preview":"max-image-preview:large","max-video-preview":"max-video-preview:-1"},"canonical":"https:\/\/ubanews.com\/site\/2025\/12\/12\/pcmg-prende-suspeito-de-agredir-mulher-gravida-em-cinema-de-uba\/","og_locale":"pt_BR","og_type":"article","og_title":"PCMG prende suspeito de agredir mulher gr\u00e1vida em cinema de Ub\u00e1 - Ub\u00e1 News","og_description":"PCMG prende suspeito de agredir mulher gr\u00e1vida em cinema de Ub\u00e1","og_url":"https:\/\/ubanews.com\/site\/2025\/12\/12\/pcmg-prende-suspeito-de-agredir-mulher-gravida-em-cinema-de-uba\/","og_site_name":"Ub\u00e1 News","article_publisher":"https:\/\/www.facebook.com\/Ub%c3%a1News-Carlos-Roberto-Sodr%c3%a9-418778301977370","article_published_time":"2025-12-12T21:06:38+00:00","article_modified_time":"2025-12-12T21:07:33+00:00","og_image":[{"width":745,"height":415,"url":"https:\/\/ubanews.com\/site\/wp-content\/uploads\/2025\/12\/PCMG-prende-suspeito-de-agredir-mulher-gravida-em-cinema-de-Uba.jpg","type":"image\/jpeg"}],"author":"Carlos Roberto Sodr\u00e9","twitter_card":"summary_large_image","twitter_misc":{"Escrito por":"Carlos Roberto Sodr\u00e9","Est. tempo de leitura":"3 minutos"},"schema":{"@context":"https:\/\/schema.org","@graph":[{"@type":"Article","@id":"https:\/\/ubanews.com\/site\/2025\/12\/12\/pcmg-prende-suspeito-de-agredir-mulher-gravida-em-cinema-de-uba\/#article","isPartOf":{"@id":"https:\/\/ubanews.com\/site\/2025\/12\/12\/pcmg-prende-suspeito-de-agredir-mulher-gravida-em-cinema-de-uba\/"},"author":{"name":"Carlos Roberto Sodr\u00e9","@id":"https:\/\/ubanews.com\/site\/#\/schema\/person\/9d8da9ec3c8d00640ab6e8c81e103310"},"headline":"PCMG prende suspeito de agredir mulher gr\u00e1vida em cinema de Ub\u00e1","datePublished":"2025-12-12T21:06:38+00:00","dateModified":"2025-12-12T21:07:33+00:00","mainEntityOfPage":{"@id":"https:\/\/ubanews.com\/site\/2025\/12\/12\/pcmg-prende-suspeito-de-agredir-mulher-gravida-em-cinema-de-uba\/"},"wordCount":457,"commentCount":0,"publisher":{"@id":"https:\/\/ubanews.com\/site\/#organization"},"image":{"@id":"https:\/\/ubanews.com\/site\/2025\/12\/12\/pcmg-prende-suspeito-de-agredir-mulher-gravida-em-cinema-de-uba\/#primaryimage"},"thumbnailUrl":"https:\/\/ubanews.com\/site\/wp-content\/uploads\/2025\/12\/PCMG-prende-suspeito-de-agredir-mulher-gravida-em-cinema-de-Uba.jpg","keywords":["Pol\u00edcia Civil"],"articleSection":["Geral","Slide"],"inLanguage":"pt-BR","potentialAction":[{"@type":"CommentAction","name":"Comment","target":["https:\/\/ubanews.com\/site\/2025\/12\/12\/pcmg-prende-suspeito-de-agredir-mulher-gravida-em-cinema-de-uba\/#respond"]}]},{"@type":"WebPage","@id":"https:\/\/ubanews.com\/site\/2025\/12\/12\/pcmg-prende-suspeito-de-agredir-mulher-gravida-em-cinema-de-uba\/","url":"https:\/\/ubanews.com\/site\/2025\/12\/12\/pcmg-prende-suspeito-de-agredir-mulher-gravida-em-cinema-de-uba\/","name":"PCMG prende suspeito de agredir mulher gr\u00e1vida em cinema de Ub\u00e1 - Ub\u00e1 News","isPartOf":{"@id":"https:\/\/ubanews.com\/site\/#website"},"primaryImageOfPage":{"@id":"https:\/\/ubanews.com\/site\/2025\/12\/12\/pcmg-prende-suspeito-de-agredir-mulher-gravida-em-cinema-de-uba\/#primaryimage"},"image":{"@id":"https:\/\/ubanews.com\/site\/2025\/12\/12\/pcmg-prende-suspeito-de-agredir-mulher-gravida-em-cinema-de-uba\/#primaryimage"},"thumbnailUrl":"https:\/\/ubanews.com\/site\/wp-content\/uploads\/2025\/12\/PCMG-prende-suspeito-de-agredir-mulher-gravida-em-cinema-de-Uba.jpg","datePublished":"2025-12-12T21:06:38+00:00","dateModified":"2025-12-12T21:07:33+00:00","description":"PCMG prende suspeito de agredir mulher gr\u00e1vida em cinema de Ub\u00e1","breadcrumb":{"@id":"https:\/\/ubanews.com\/site\/2025\/12\/12\/pcmg-prende-suspeito-de-agredir-mulher-gravida-em-cinema-de-uba\/#breadcrumb"},"inLanguage":"pt-BR","potentialAction":[{"@type":"ReadAction","target":["https:\/\/ubanews.com\/site\/2025\/12\/12\/pcmg-prende-suspeito-de-agredir-mulher-gravida-em-cinema-de-uba\/"]}]},{"@type":"ImageObject","inLanguage":"pt-BR","@id":"https:\/\/ubanews.com\/site\/2025\/12\/12\/pcmg-prende-suspeito-de-agredir-mulher-gravida-em-cinema-de-uba\/#primaryimage","url":"https:\/\/ubanews.com\/site\/wp-content\/uploads\/2025\/12\/PCMG-prende-suspeito-de-agredir-mulher-gravida-em-cinema-de-Uba.jpg","contentUrl":"https:\/\/ubanews.com\/site\/wp-content\/uploads\/2025\/12\/PCMG-prende-suspeito-de-agredir-mulher-gravida-em-cinema-de-Uba.jpg","width":745,"height":415},{"@type":"BreadcrumbList","@id":"https:\/\/ubanews.com\/site\/2025\/12\/12\/pcmg-prende-suspeito-de-agredir-mulher-gravida-em-cinema-de-uba\/#breadcrumb","itemListElement":[{"@type":"ListItem","position":1,"name":"Home","item":"https:\/\/ubanews.com\/site\/"},{"@type":"ListItem","position":2,"name":"PCMG prende suspeito de agredir mulher gr\u00e1vida em cinema de Ub\u00e1"}]},{"@type":"WebSite","@id":"https:\/\/ubanews.com\/site\/#website","url":"https:\/\/ubanews.com\/site\/","name":"Ub\u00e1 News","description":"","publisher":{"@id":"https:\/\/ubanews.com\/site\/#organization"},"potentialAction":[{"@type":"SearchAction","target":{"@type":"EntryPoint","urlTemplate":"https:\/\/ubanews.com\/site\/?s={search_term_string}"},"query-input":{"@type":"PropertyValueSpecification","valueRequired":true,"valueName":"search_term_string"}}],"inLanguage":"pt-BR"},{"@type":"Organization","@id":"https:\/\/ubanews.com\/site\/#organization","name":"Ub\u00e1 News","url":"https:\/\/ubanews.com\/site\/","logo":{"@type":"ImageObject","inLanguage":"pt-BR","@id":"https:\/\/ubanews.com\/site\/#\/schema\/logo\/image\/","url":"https:\/\/ubanews.com\/site\/wp-content\/uploads\/2018\/01\/logoubanews.png","contentUrl":"https:\/\/ubanews.com\/site\/wp-content\/uploads\/2018\/01\/logoubanews.png","width":261,"height":99,"caption":"Ub\u00e1 News"},"image":{"@id":"https:\/\/ubanews.com\/site\/#\/schema\/logo\/image\/"},"sameAs":["https:\/\/www.facebook.com\/Ub\u00e1News-Carlos-Roberto-Sodr\u00e9-418778301977370"]},{"@type":"Person","@id":"https:\/\/ubanews.com\/site\/#\/schema\/person\/9d8da9ec3c8d00640ab6e8c81e103310","name":"Carlos Roberto Sodr\u00e9","image":{"@type":"ImageObject","inLanguage":"pt-BR","@id":"https:\/\/secure.gravatar.com\/avatar\/aab322e8555b56c468614fafdab8a8f924e394cdc6cfd8232f77e9e4d123a133?s=96&d=mm&r=g","url":"https:\/\/secure.gravatar.com\/avatar\/aab322e8555b56c468614fafdab8a8f924e394cdc6cfd8232f77e9e4d123a133?s=96&d=mm&r=g","contentUrl":"https:\/\/secure.gravatar.com\/avatar\/aab322e8555b56c468614fafdab8a8f924e394cdc6cfd8232f77e9e4d123a133?s=96&d=mm&r=g","caption":"Carlos Roberto Sodr\u00e9"},"url":"https:\/\/ubanews.com\/site\/author\/sodre\/"}]}},"_links":{"self":[{"href":"https:\/\/ubanews.com\/site\/wp-json\/wp\/v2\/posts\/23549","targetHints":{"allow":["GET"]}}],"collection":[{"href":"https:\/\/ubanews.com\/site\/wp-json\/wp\/v2\/posts"}],"about":[{"href":"https:\/\/ubanews.com\/site\/wp-json\/wp\/v2\/types\/post"}],"author":[{"embeddable":true,"href":"https:\/\/ubanews.com\/site\/wp-json\/wp\/v2\/users\/4"}],"replies":[{"embeddable":true,"href":"https:\/\/ubanews.com\/site\/wp-json\/wp\/v2\/comments?post=23549"}],"version-history":[{"count":0,"href":"https:\/\/ubanews.com\/site\/wp-json\/wp\/v2\/posts\/23549\/revisions"}],"wp:featuredmedia":[{"embeddable":true,"href":"https:\/\/ubanews.com\/site\/wp-json\/wp\/v2\/media\/23551"}],"wp:attachment":[{"href":"https:\/\/ubanews.com\/site\/wp-json\/wp\/v2\/media?parent=23549"}],"wp:term":[{"taxonomy":"category","embeddable":true,"href":"https:\/\/ubanews.com\/site\/wp-json\/wp\/v2\/categories?post=23549"},{"taxonomy":"post_tag","embeddable":true,"href":"https:\/\/ubanews.com\/site\/wp-json\/wp\/v2\/tags?post=23549"}],"curies":[{"name":"wp","href":"https:\/\/api.w.org\/{rel}","templated":true}]}}