{"id":23541,"date":"2025-12-11T12:27:42","date_gmt":"2025-12-11T15:27:42","guid":{"rendered":"https:\/\/ubanews.com\/site\/?p=23541"},"modified":"2025-12-11T12:32:04","modified_gmt":"2025-12-11T15:32:04","slug":"entrega-de-insignias-da-pcmg-ao-papa-e-realizada-no-vaticano","status":"publish","type":"post","link":"https:\/\/ubanews.com\/site\/2025\/12\/11\/entrega-de-insignias-da-pcmg-ao-papa-e-realizada-no-vaticano\/","title":{"rendered":"Entrega de ins\u00edgnias da PCMG ao papa \u00e9 realizada no Vaticano"},"content":{"rendered":"<p>Entrega de ins\u00edgnias da PCMG ao papa \u00e9 realizada no Vaticano. Delegado regional em Leopoldina representou a institui\u00e7\u00e3o em audi\u00eancia papal.<\/p>\n<h2>Entrega de ins\u00edgnias da PCMG ao papa \u00e9 realizada no Vaticano<\/h2>\n<p><img decoding=\"async\" class=\"aligncenter size-medium wp-image-23542 lazyload\" data-src=\"https:\/\/ubanews.com\/site\/wp-content\/uploads\/2025\/12\/Policia-Militar-de-Minas-Gerais-Papa-em-Roma-recebendo-condecoracao-2-300x200.jpeg\" alt=\"Entrega de ins\u00edgnias da PCMG ao papa \u00e9 realizada no Vaticano\" width=\"300\" height=\"200\" data-srcset=\"https:\/\/ubanews.com\/site\/wp-content\/uploads\/2025\/12\/Policia-Militar-de-Minas-Gerais-Papa-em-Roma-recebendo-condecoracao-2-300x200.jpeg 300w, https:\/\/ubanews.com\/site\/wp-content\/uploads\/2025\/12\/Policia-Militar-de-Minas-Gerais-Papa-em-Roma-recebendo-condecoracao-2-1024x682.jpeg 1024w, https:\/\/ubanews.com\/site\/wp-content\/uploads\/2025\/12\/Policia-Militar-de-Minas-Gerais-Papa-em-Roma-recebendo-condecoracao-2-768x512.jpeg 768w, https:\/\/ubanews.com\/site\/wp-content\/uploads\/2025\/12\/Policia-Militar-de-Minas-Gerais-Papa-em-Roma-recebendo-condecoracao-2-1200x800.jpeg 1200w, https:\/\/ubanews.com\/site\/wp-content\/uploads\/2025\/12\/Policia-Militar-de-Minas-Gerais-Papa-em-Roma-recebendo-condecoracao-2-120x80.jpeg 120w, https:\/\/ubanews.com\/site\/wp-content\/uploads\/2025\/12\/Policia-Militar-de-Minas-Gerais-Papa-em-Roma-recebendo-condecoracao-2.jpeg 1280w\" data-sizes=\"(max-width: 300px) 100vw, 300px\" src=\"data:image\/svg+xml;base64,PHN2ZyB3aWR0aD0iMSIgaGVpZ2h0PSIxIiB4bWxucz0iaHR0cDovL3d3dy53My5vcmcvMjAwMC9zdmciPjwvc3ZnPg==\" style=\"--smush-placeholder-width: 300px; --smush-placeholder-aspect-ratio: 300\/200;\" \/> <img decoding=\"async\" class=\"aligncenter size-medium wp-image-23543 lazyload\" data-src=\"https:\/\/ubanews.com\/site\/wp-content\/uploads\/2025\/12\/Policia-Militar-de-Minas-Gerais-Papa-em-Roma-recebendo-condecoracao-1-300x200.jpeg\" alt=\"\" width=\"300\" height=\"200\" data-srcset=\"https:\/\/ubanews.com\/site\/wp-content\/uploads\/2025\/12\/Policia-Militar-de-Minas-Gerais-Papa-em-Roma-recebendo-condecoracao-1-300x200.jpeg 300w, https:\/\/ubanews.com\/site\/wp-content\/uploads\/2025\/12\/Policia-Militar-de-Minas-Gerais-Papa-em-Roma-recebendo-condecoracao-1-1024x682.jpeg 1024w, https:\/\/ubanews.com\/site\/wp-content\/uploads\/2025\/12\/Policia-Militar-de-Minas-Gerais-Papa-em-Roma-recebendo-condecoracao-1-768x512.jpeg 768w, https:\/\/ubanews.com\/site\/wp-content\/uploads\/2025\/12\/Policia-Militar-de-Minas-Gerais-Papa-em-Roma-recebendo-condecoracao-1-1200x800.jpeg 1200w, https:\/\/ubanews.com\/site\/wp-content\/uploads\/2025\/12\/Policia-Militar-de-Minas-Gerais-Papa-em-Roma-recebendo-condecoracao-1-120x80.jpeg 120w, https:\/\/ubanews.com\/site\/wp-content\/uploads\/2025\/12\/Policia-Militar-de-Minas-Gerais-Papa-em-Roma-recebendo-condecoracao-1.jpeg 1280w\" data-sizes=\"(max-width: 300px) 100vw, 300px\" src=\"data:image\/svg+xml;base64,PHN2ZyB3aWR0aD0iMSIgaGVpZ2h0PSIxIiB4bWxucz0iaHR0cDovL3d3dy53My5vcmcvMjAwMC9zdmciPjwvc3ZnPg==\" style=\"--smush-placeholder-width: 300px; --smush-placeholder-aspect-ratio: 300\/200;\" \/> <img decoding=\"async\" class=\"aligncenter size-medium wp-image-23544 lazyload\" data-src=\"https:\/\/ubanews.com\/site\/wp-content\/uploads\/2025\/12\/Policia-Militar-de-Minas-Gerais-Papa-em-Roma-recebendo-condecoracao-300x236.jpeg\" alt=\"\" width=\"300\" height=\"236\" data-srcset=\"https:\/\/ubanews.com\/site\/wp-content\/uploads\/2025\/12\/Policia-Militar-de-Minas-Gerais-Papa-em-Roma-recebendo-condecoracao-300x236.jpeg 300w, https:\/\/ubanews.com\/site\/wp-content\/uploads\/2025\/12\/Policia-Militar-de-Minas-Gerais-Papa-em-Roma-recebendo-condecoracao-768x605.jpeg 768w, https:\/\/ubanews.com\/site\/wp-content\/uploads\/2025\/12\/Policia-Militar-de-Minas-Gerais-Papa-em-Roma-recebendo-condecoracao.jpeg 800w\" data-sizes=\"(max-width: 300px) 100vw, 300px\" src=\"data:image\/svg+xml;base64,PHN2ZyB3aWR0aD0iMSIgaGVpZ2h0PSIxIiB4bWxucz0iaHR0cDovL3d3dy53My5vcmcvMjAwMC9zdmciPjwvc3ZnPg==\" style=\"--smush-placeholder-width: 300px; --smush-placeholder-aspect-ratio: 300\/236;\" \/><\/p>\n<p>No Vaticano, nessa quarta-feira (10\/12), a Pol\u00edcia Civil de Minas Gerais (PCMG) realizou a entrega oficial das ins\u00edgnias da institui\u00e7\u00e3o ao papa Le\u00e3o XIV. A a\u00e7\u00e3o foi conduzida pelo delegado regional em Leopoldina, Di\u00eago Candian Alves, que representou a PCMG durante a audi\u00eancia p\u00fablica tradicionalmente realizada na Pra\u00e7a S\u00e3o Pedro.<\/p>\n<div style=\"width: 840px;\" class=\"wp-video\"><video class=\"wp-video-shortcode\" id=\"video-23541-1\" width=\"840\" height=\"475\" preload=\"metadata\" controls=\"controls\"><source type=\"video\/mp4\" src=\"https:\/\/ubanews.com\/site\/wp-content\/uploads\/2025\/12\/WhatsApp-Video-2025-12-11-at-12.27.07.mp4?_=1\" \/><a href=\"https:\/\/ubanews.com\/site\/wp-content\/uploads\/2025\/12\/WhatsApp-Video-2025-12-11-at-12.27.07.mp4\">https:\/\/ubanews.com\/site\/wp-content\/uploads\/2025\/12\/WhatsApp-Video-2025-12-11-at-12.27.07.mp4<\/a><\/video><\/div>\n<p>No encontro, o delegado fez a entrega simb\u00f3lica das ins\u00edgnias diretamente ao pont\u00edfice, durante momento destinado ao recebimento de delega\u00e7\u00f5es e autoridades. Foram entregues uma jaqueta oficial da institui\u00e7\u00e3o, um bon\u00e9 e um \u00e1lbum de fotografias do apostolado Dom Jo\u00e3o Bosco de Leopoldina.<\/p>\n<p>&#8220;A entrega das ins\u00edgnias traduz o reconhecimento do trabalho di\u00e1rio da Pol\u00edcia Civil e simboliza a dedica\u00e7\u00e3o da institui\u00e7\u00e3o \u00e0 prote\u00e7\u00e3o da vida, \u00e0 promo\u00e7\u00e3o da justi\u00e7a e \u00e0 defesa dos direitos fundamentais&#8221;, ressalta o delegado respons\u00e1vel pela representa\u00e7\u00e3o oficial.<\/p>\n<p>Audi\u00eancia<br \/>\nA audi\u00eancia papal re\u00fane milhares de fi\u00e9is e visitantes na \u00e1rea externa da Bas\u00edlica de S\u00e3o Pedro, onde o papa sa\u00fada grupos de diferentes pa\u00edses e recebe apresenta\u00e7\u00f5es culturais e institucionais.<\/p>\n","protected":false},"excerpt":{"rendered":"<p>Entrega de ins\u00edgnias da PCMG ao papa \u00e9 realizada no<\/p>\n","protected":false},"author":4,"featured_media":23543,"comment_status":"open","ping_status":"open","sticky":false,"template":"","format":"standard","meta":{"footnotes":""},"categories":[1,3],"tags":[59,258,255,257,67,60,256],"class_list":["post-23541","post","type-post","status-publish","format-standard","has-post-thumbnail","hentry","category-sem-categoria","category-slide","tag-fala-sodre","tag-leopoldina","tag-papa","tag-pmmg","tag-sodre","tag-ubanews","tag-vaticano"],"yoast_head":"<!-- This site is optimized with the Yoast SEO plugin v27.2 - https:\/\/yoast.com\/product\/yoast-seo-wordpress\/ -->\n<title>Entrega de ins\u00edgnias da PCMG ao papa \u00e9 realizada no Vaticano - Ub\u00e1 News<\/title>\n<meta name=\"description\" content=\"Entrega de ins\u00edgnias da PCMG ao papa \u00e9 realizada no Vaticano\" \/>\n<meta name=\"robots\" content=\"index, follow, max-snippet:-1, max-image-preview:large, max-video-preview:-1\" \/>\n<link rel=\"canonical\" href=\"https:\/\/ubanews.com\/site\/2025\/12\/11\/entrega-de-insignias-da-pcmg-ao-papa-e-realizada-no-vaticano\/\" \/>\n<meta property=\"og:locale\" content=\"pt_BR\" \/>\n<meta property=\"og:type\" content=\"article\" \/>\n<meta property=\"og:title\" content=\"Entrega de ins\u00edgnias da PCMG ao papa \u00e9 realizada no Vaticano - Ub\u00e1 News\" \/>\n<meta property=\"og:description\" content=\"Entrega de ins\u00edgnias da PCMG ao papa \u00e9 realizada no Vaticano\" \/>\n<meta property=\"og:url\" content=\"https:\/\/ubanews.com\/site\/2025\/12\/11\/entrega-de-insignias-da-pcmg-ao-papa-e-realizada-no-vaticano\/\" \/>\n<meta property=\"og:site_name\" content=\"Ub\u00e1 News\" \/>\n<meta property=\"article:publisher\" content=\"https:\/\/www.facebook.com\/Ub%c3%a1News-Carlos-Roberto-Sodr%c3%a9-418778301977370\" \/>\n<meta property=\"article:published_time\" content=\"2025-12-11T15:27:42+00:00\" \/>\n<meta property=\"article:modified_time\" content=\"2025-12-11T15:32:04+00:00\" \/>\n<meta property=\"og:image\" content=\"https:\/\/ubanews.com\/site\/wp-content\/uploads\/2025\/12\/Policia-Militar-de-Minas-Gerais-Papa-em-Roma-recebendo-condecoracao-1.jpeg\" \/>\n\t<meta property=\"og:image:width\" content=\"1280\" \/>\n\t<meta property=\"og:image:height\" content=\"853\" \/>\n\t<meta property=\"og:image:type\" content=\"image\/jpeg\" \/>\n<meta name=\"author\" content=\"Carlos Roberto Sodr\u00e9\" \/>\n<meta name=\"twitter:card\" content=\"summary_large_image\" \/>\n<meta name=\"twitter:label1\" content=\"Escrito por\" \/>\n\t<meta name=\"twitter:data1\" content=\"Carlos Roberto Sodr\u00e9\" \/>\n\t<meta name=\"twitter:label2\" content=\"Est. tempo de leitura\" \/>\n\t<meta name=\"twitter:data2\" content=\"2 minutos\" \/>\n<script type=\"application\/ld+json\" class=\"yoast-schema-graph\">{\"@context\":\"https:\/\/schema.org\",\"@graph\":[{\"@type\":\"Article\",\"@id\":\"https:\/\/ubanews.com\/site\/2025\/12\/11\/entrega-de-insignias-da-pcmg-ao-papa-e-realizada-no-vaticano\/#article\",\"isPartOf\":{\"@id\":\"https:\/\/ubanews.com\/site\/2025\/12\/11\/entrega-de-insignias-da-pcmg-ao-papa-e-realizada-no-vaticano\/\"},\"author\":{\"name\":\"Carlos Roberto Sodr\u00e9\",\"@id\":\"https:\/\/ubanews.com\/site\/#\/schema\/person\/9d8da9ec3c8d00640ab6e8c81e103310\"},\"headline\":\"Entrega de ins\u00edgnias da PCMG ao papa \u00e9 realizada no Vaticano\",\"datePublished\":\"2025-12-11T15:27:42+00:00\",\"dateModified\":\"2025-12-11T15:32:04+00:00\",\"mainEntityOfPage\":{\"@id\":\"https:\/\/ubanews.com\/site\/2025\/12\/11\/entrega-de-insignias-da-pcmg-ao-papa-e-realizada-no-vaticano\/\"},\"wordCount\":257,\"commentCount\":0,\"publisher\":{\"@id\":\"https:\/\/ubanews.com\/site\/#organization\"},\"image\":{\"@id\":\"https:\/\/ubanews.com\/site\/2025\/12\/11\/entrega-de-insignias-da-pcmg-ao-papa-e-realizada-no-vaticano\/#primaryimage\"},\"thumbnailUrl\":\"https:\/\/ubanews.com\/site\/wp-content\/uploads\/2025\/12\/Policia-Militar-de-Minas-Gerais-Papa-em-Roma-recebendo-condecoracao-1.jpeg\",\"keywords\":[\"Fala Sodr\u00e9\",\"Leopoldina\",\"Papa\",\"PMMG\",\"Sodr\u00e9\",\"UBANEWS\",\"VAticano\"],\"articleSection\":[\"Geral\",\"Slide\"],\"inLanguage\":\"pt-BR\",\"potentialAction\":[{\"@type\":\"CommentAction\",\"name\":\"Comment\",\"target\":[\"https:\/\/ubanews.com\/site\/2025\/12\/11\/entrega-de-insignias-da-pcmg-ao-papa-e-realizada-no-vaticano\/#respond\"]}]},{\"@type\":\"WebPage\",\"@id\":\"https:\/\/ubanews.com\/site\/2025\/12\/11\/entrega-de-insignias-da-pcmg-ao-papa-e-realizada-no-vaticano\/\",\"url\":\"https:\/\/ubanews.com\/site\/2025\/12\/11\/entrega-de-insignias-da-pcmg-ao-papa-e-realizada-no-vaticano\/\",\"name\":\"Entrega de ins\u00edgnias da PCMG ao papa \u00e9 realizada no Vaticano - Ub\u00e1 News\",\"isPartOf\":{\"@id\":\"https:\/\/ubanews.com\/site\/#website\"},\"primaryImageOfPage\":{\"@id\":\"https:\/\/ubanews.com\/site\/2025\/12\/11\/entrega-de-insignias-da-pcmg-ao-papa-e-realizada-no-vaticano\/#primaryimage\"},\"image\":{\"@id\":\"https:\/\/ubanews.com\/site\/2025\/12\/11\/entrega-de-insignias-da-pcmg-ao-papa-e-realizada-no-vaticano\/#primaryimage\"},\"thumbnailUrl\":\"https:\/\/ubanews.com\/site\/wp-content\/uploads\/2025\/12\/Policia-Militar-de-Minas-Gerais-Papa-em-Roma-recebendo-condecoracao-1.jpeg\",\"datePublished\":\"2025-12-11T15:27:42+00:00\",\"dateModified\":\"2025-12-11T15:32:04+00:00\",\"description\":\"Entrega de ins\u00edgnias da PCMG ao papa \u00e9 realizada no Vaticano\",\"breadcrumb\":{\"@id\":\"https:\/\/ubanews.com\/site\/2025\/12\/11\/entrega-de-insignias-da-pcmg-ao-papa-e-realizada-no-vaticano\/#breadcrumb\"},\"inLanguage\":\"pt-BR\",\"potentialAction\":[{\"@type\":\"ReadAction\",\"target\":[\"https:\/\/ubanews.com\/site\/2025\/12\/11\/entrega-de-insignias-da-pcmg-ao-papa-e-realizada-no-vaticano\/\"]}]},{\"@type\":\"ImageObject\",\"inLanguage\":\"pt-BR\",\"@id\":\"https:\/\/ubanews.com\/site\/2025\/12\/11\/entrega-de-insignias-da-pcmg-ao-papa-e-realizada-no-vaticano\/#primaryimage\",\"url\":\"https:\/\/ubanews.com\/site\/wp-content\/uploads\/2025\/12\/Policia-Militar-de-Minas-Gerais-Papa-em-Roma-recebendo-condecoracao-1.jpeg\",\"contentUrl\":\"https:\/\/ubanews.com\/site\/wp-content\/uploads\/2025\/12\/Policia-Militar-de-Minas-Gerais-Papa-em-Roma-recebendo-condecoracao-1.jpeg\",\"width\":1280,\"height\":853},{\"@type\":\"BreadcrumbList\",\"@id\":\"https:\/\/ubanews.com\/site\/2025\/12\/11\/entrega-de-insignias-da-pcmg-ao-papa-e-realizada-no-vaticano\/#breadcrumb\",\"itemListElement\":[{\"@type\":\"ListItem\",\"position\":1,\"name\":\"Home\",\"item\":\"https:\/\/ubanews.com\/site\/\"},{\"@type\":\"ListItem\",\"position\":2,\"name\":\"Entrega de ins\u00edgnias da PCMG ao papa \u00e9 realizada no Vaticano\"}]},{\"@type\":\"WebSite\",\"@id\":\"https:\/\/ubanews.com\/site\/#website\",\"url\":\"https:\/\/ubanews.com\/site\/\",\"name\":\"Ub\u00e1 News\",\"description\":\"\",\"publisher\":{\"@id\":\"https:\/\/ubanews.com\/site\/#organization\"},\"potentialAction\":[{\"@type\":\"SearchAction\",\"target\":{\"@type\":\"EntryPoint\",\"urlTemplate\":\"https:\/\/ubanews.com\/site\/?s={search_term_string}\"},\"query-input\":{\"@type\":\"PropertyValueSpecification\",\"valueRequired\":true,\"valueName\":\"search_term_string\"}}],\"inLanguage\":\"pt-BR\"},{\"@type\":\"Organization\",\"@id\":\"https:\/\/ubanews.com\/site\/#organization\",\"name\":\"Ub\u00e1 News\",\"url\":\"https:\/\/ubanews.com\/site\/\",\"logo\":{\"@type\":\"ImageObject\",\"inLanguage\":\"pt-BR\",\"@id\":\"https:\/\/ubanews.com\/site\/#\/schema\/logo\/image\/\",\"url\":\"https:\/\/ubanews.com\/site\/wp-content\/uploads\/2018\/01\/logoubanews.png\",\"contentUrl\":\"https:\/\/ubanews.com\/site\/wp-content\/uploads\/2018\/01\/logoubanews.png\",\"width\":261,\"height\":99,\"caption\":\"Ub\u00e1 News\"},\"image\":{\"@id\":\"https:\/\/ubanews.com\/site\/#\/schema\/logo\/image\/\"},\"sameAs\":[\"https:\/\/www.facebook.com\/Ub\u00e1News-Carlos-Roberto-Sodr\u00e9-418778301977370\"]},{\"@type\":\"Person\",\"@id\":\"https:\/\/ubanews.com\/site\/#\/schema\/person\/9d8da9ec3c8d00640ab6e8c81e103310\",\"name\":\"Carlos Roberto Sodr\u00e9\",\"image\":{\"@type\":\"ImageObject\",\"inLanguage\":\"pt-BR\",\"@id\":\"https:\/\/secure.gravatar.com\/avatar\/aab322e8555b56c468614fafdab8a8f924e394cdc6cfd8232f77e9e4d123a133?s=96&d=mm&r=g\",\"url\":\"https:\/\/secure.gravatar.com\/avatar\/aab322e8555b56c468614fafdab8a8f924e394cdc6cfd8232f77e9e4d123a133?s=96&d=mm&r=g\",\"contentUrl\":\"https:\/\/secure.gravatar.com\/avatar\/aab322e8555b56c468614fafdab8a8f924e394cdc6cfd8232f77e9e4d123a133?s=96&d=mm&r=g\",\"caption\":\"Carlos Roberto Sodr\u00e9\"},\"url\":\"https:\/\/ubanews.com\/site\/author\/sodre\/\"}]}<\/script>\n<!-- \/ Yoast SEO plugin. -->","yoast_head_json":{"title":"Entrega de ins\u00edgnias da PCMG ao papa \u00e9 realizada no Vaticano - Ub\u00e1 News","description":"Entrega de ins\u00edgnias da PCMG ao papa \u00e9 realizada no Vaticano","robots":{"index":"index","follow":"follow","max-snippet":"max-snippet:-1","max-image-preview":"max-image-preview:large","max-video-preview":"max-video-preview:-1"},"canonical":"https:\/\/ubanews.com\/site\/2025\/12\/11\/entrega-de-insignias-da-pcmg-ao-papa-e-realizada-no-vaticano\/","og_locale":"pt_BR","og_type":"article","og_title":"Entrega de ins\u00edgnias da PCMG ao papa \u00e9 realizada no Vaticano - Ub\u00e1 News","og_description":"Entrega de ins\u00edgnias da PCMG ao papa \u00e9 realizada no Vaticano","og_url":"https:\/\/ubanews.com\/site\/2025\/12\/11\/entrega-de-insignias-da-pcmg-ao-papa-e-realizada-no-vaticano\/","og_site_name":"Ub\u00e1 News","article_publisher":"https:\/\/www.facebook.com\/Ub%c3%a1News-Carlos-Roberto-Sodr%c3%a9-418778301977370","article_published_time":"2025-12-11T15:27:42+00:00","article_modified_time":"2025-12-11T15:32:04+00:00","og_image":[{"width":1280,"height":853,"url":"https:\/\/ubanews.com\/site\/wp-content\/uploads\/2025\/12\/Policia-Militar-de-Minas-Gerais-Papa-em-Roma-recebendo-condecoracao-1.jpeg","type":"image\/jpeg"}],"author":"Carlos Roberto Sodr\u00e9","twitter_card":"summary_large_image","twitter_misc":{"Escrito por":"Carlos Roberto Sodr\u00e9","Est. tempo de leitura":"2 minutos"},"schema":{"@context":"https:\/\/schema.org","@graph":[{"@type":"Article","@id":"https:\/\/ubanews.com\/site\/2025\/12\/11\/entrega-de-insignias-da-pcmg-ao-papa-e-realizada-no-vaticano\/#article","isPartOf":{"@id":"https:\/\/ubanews.com\/site\/2025\/12\/11\/entrega-de-insignias-da-pcmg-ao-papa-e-realizada-no-vaticano\/"},"author":{"name":"Carlos Roberto Sodr\u00e9","@id":"https:\/\/ubanews.com\/site\/#\/schema\/person\/9d8da9ec3c8d00640ab6e8c81e103310"},"headline":"Entrega de ins\u00edgnias da PCMG ao papa \u00e9 realizada no Vaticano","datePublished":"2025-12-11T15:27:42+00:00","dateModified":"2025-12-11T15:32:04+00:00","mainEntityOfPage":{"@id":"https:\/\/ubanews.com\/site\/2025\/12\/11\/entrega-de-insignias-da-pcmg-ao-papa-e-realizada-no-vaticano\/"},"wordCount":257,"commentCount":0,"publisher":{"@id":"https:\/\/ubanews.com\/site\/#organization"},"image":{"@id":"https:\/\/ubanews.com\/site\/2025\/12\/11\/entrega-de-insignias-da-pcmg-ao-papa-e-realizada-no-vaticano\/#primaryimage"},"thumbnailUrl":"https:\/\/ubanews.com\/site\/wp-content\/uploads\/2025\/12\/Policia-Militar-de-Minas-Gerais-Papa-em-Roma-recebendo-condecoracao-1.jpeg","keywords":["Fala Sodr\u00e9","Leopoldina","Papa","PMMG","Sodr\u00e9","UBANEWS","VAticano"],"articleSection":["Geral","Slide"],"inLanguage":"pt-BR","potentialAction":[{"@type":"CommentAction","name":"Comment","target":["https:\/\/ubanews.com\/site\/2025\/12\/11\/entrega-de-insignias-da-pcmg-ao-papa-e-realizada-no-vaticano\/#respond"]}]},{"@type":"WebPage","@id":"https:\/\/ubanews.com\/site\/2025\/12\/11\/entrega-de-insignias-da-pcmg-ao-papa-e-realizada-no-vaticano\/","url":"https:\/\/ubanews.com\/site\/2025\/12\/11\/entrega-de-insignias-da-pcmg-ao-papa-e-realizada-no-vaticano\/","name":"Entrega de ins\u00edgnias da PCMG ao papa \u00e9 realizada no Vaticano - Ub\u00e1 News","isPartOf":{"@id":"https:\/\/ubanews.com\/site\/#website"},"primaryImageOfPage":{"@id":"https:\/\/ubanews.com\/site\/2025\/12\/11\/entrega-de-insignias-da-pcmg-ao-papa-e-realizada-no-vaticano\/#primaryimage"},"image":{"@id":"https:\/\/ubanews.com\/site\/2025\/12\/11\/entrega-de-insignias-da-pcmg-ao-papa-e-realizada-no-vaticano\/#primaryimage"},"thumbnailUrl":"https:\/\/ubanews.com\/site\/wp-content\/uploads\/2025\/12\/Policia-Militar-de-Minas-Gerais-Papa-em-Roma-recebendo-condecoracao-1.jpeg","datePublished":"2025-12-11T15:27:42+00:00","dateModified":"2025-12-11T15:32:04+00:00","description":"Entrega de ins\u00edgnias da PCMG ao papa \u00e9 realizada no Vaticano","breadcrumb":{"@id":"https:\/\/ubanews.com\/site\/2025\/12\/11\/entrega-de-insignias-da-pcmg-ao-papa-e-realizada-no-vaticano\/#breadcrumb"},"inLanguage":"pt-BR","potentialAction":[{"@type":"ReadAction","target":["https:\/\/ubanews.com\/site\/2025\/12\/11\/entrega-de-insignias-da-pcmg-ao-papa-e-realizada-no-vaticano\/"]}]},{"@type":"ImageObject","inLanguage":"pt-BR","@id":"https:\/\/ubanews.com\/site\/2025\/12\/11\/entrega-de-insignias-da-pcmg-ao-papa-e-realizada-no-vaticano\/#primaryimage","url":"https:\/\/ubanews.com\/site\/wp-content\/uploads\/2025\/12\/Policia-Militar-de-Minas-Gerais-Papa-em-Roma-recebendo-condecoracao-1.jpeg","contentUrl":"https:\/\/ubanews.com\/site\/wp-content\/uploads\/2025\/12\/Policia-Militar-de-Minas-Gerais-Papa-em-Roma-recebendo-condecoracao-1.jpeg","width":1280,"height":853},{"@type":"BreadcrumbList","@id":"https:\/\/ubanews.com\/site\/2025\/12\/11\/entrega-de-insignias-da-pcmg-ao-papa-e-realizada-no-vaticano\/#breadcrumb","itemListElement":[{"@type":"ListItem","position":1,"name":"Home","item":"https:\/\/ubanews.com\/site\/"},{"@type":"ListItem","position":2,"name":"Entrega de ins\u00edgnias da PCMG ao papa \u00e9 realizada no Vaticano"}]},{"@type":"WebSite","@id":"https:\/\/ubanews.com\/site\/#website","url":"https:\/\/ubanews.com\/site\/","name":"Ub\u00e1 News","description":"","publisher":{"@id":"https:\/\/ubanews.com\/site\/#organization"},"potentialAction":[{"@type":"SearchAction","target":{"@type":"EntryPoint","urlTemplate":"https:\/\/ubanews.com\/site\/?s={search_term_string}"},"query-input":{"@type":"PropertyValueSpecification","valueRequired":true,"valueName":"search_term_string"}}],"inLanguage":"pt-BR"},{"@type":"Organization","@id":"https:\/\/ubanews.com\/site\/#organization","name":"Ub\u00e1 News","url":"https:\/\/ubanews.com\/site\/","logo":{"@type":"ImageObject","inLanguage":"pt-BR","@id":"https:\/\/ubanews.com\/site\/#\/schema\/logo\/image\/","url":"https:\/\/ubanews.com\/site\/wp-content\/uploads\/2018\/01\/logoubanews.png","contentUrl":"https:\/\/ubanews.com\/site\/wp-content\/uploads\/2018\/01\/logoubanews.png","width":261,"height":99,"caption":"Ub\u00e1 News"},"image":{"@id":"https:\/\/ubanews.com\/site\/#\/schema\/logo\/image\/"},"sameAs":["https:\/\/www.facebook.com\/Ub\u00e1News-Carlos-Roberto-Sodr\u00e9-418778301977370"]},{"@type":"Person","@id":"https:\/\/ubanews.com\/site\/#\/schema\/person\/9d8da9ec3c8d00640ab6e8c81e103310","name":"Carlos Roberto Sodr\u00e9","image":{"@type":"ImageObject","inLanguage":"pt-BR","@id":"https:\/\/secure.gravatar.com\/avatar\/aab322e8555b56c468614fafdab8a8f924e394cdc6cfd8232f77e9e4d123a133?s=96&d=mm&r=g","url":"https:\/\/secure.gravatar.com\/avatar\/aab322e8555b56c468614fafdab8a8f924e394cdc6cfd8232f77e9e4d123a133?s=96&d=mm&r=g","contentUrl":"https:\/\/secure.gravatar.com\/avatar\/aab322e8555b56c468614fafdab8a8f924e394cdc6cfd8232f77e9e4d123a133?s=96&d=mm&r=g","caption":"Carlos Roberto Sodr\u00e9"},"url":"https:\/\/ubanews.com\/site\/author\/sodre\/"}]}},"_links":{"self":[{"href":"https:\/\/ubanews.com\/site\/wp-json\/wp\/v2\/posts\/23541","targetHints":{"allow":["GET"]}}],"collection":[{"href":"https:\/\/ubanews.com\/site\/wp-json\/wp\/v2\/posts"}],"about":[{"href":"https:\/\/ubanews.com\/site\/wp-json\/wp\/v2\/types\/post"}],"author":[{"embeddable":true,"href":"https:\/\/ubanews.com\/site\/wp-json\/wp\/v2\/users\/4"}],"replies":[{"embeddable":true,"href":"https:\/\/ubanews.com\/site\/wp-json\/wp\/v2\/comments?post=23541"}],"version-history":[{"count":0,"href":"https:\/\/ubanews.com\/site\/wp-json\/wp\/v2\/posts\/23541\/revisions"}],"wp:featuredmedia":[{"embeddable":true,"href":"https:\/\/ubanews.com\/site\/wp-json\/wp\/v2\/media\/23543"}],"wp:attachment":[{"href":"https:\/\/ubanews.com\/site\/wp-json\/wp\/v2\/media?parent=23541"}],"wp:term":[{"taxonomy":"category","embeddable":true,"href":"https:\/\/ubanews.com\/site\/wp-json\/wp\/v2\/categories?post=23541"},{"taxonomy":"post_tag","embeddable":true,"href":"https:\/\/ubanews.com\/site\/wp-json\/wp\/v2\/tags?post=23541"}],"curies":[{"name":"wp","href":"https:\/\/api.w.org\/{rel}","templated":true}]}}