{"id":23534,"date":"2025-12-11T11:56:44","date_gmt":"2025-12-11T14:56:44","guid":{"rendered":"https:\/\/ubanews.com\/site\/?p=23534"},"modified":"2025-12-11T11:59:01","modified_gmt":"2025-12-11T14:59:01","slug":"operacao-chamado-final-11-suspeitos-de-homicidios-sao-presos-em-juiz-de-fora","status":"publish","type":"post","link":"https:\/\/ubanews.com\/site\/2025\/12\/11\/operacao-chamado-final-11-suspeitos-de-homicidios-sao-presos-em-juiz-de-fora\/","title":{"rendered":"Opera\u00e7\u00e3o Chamado Final: 11 suspeitos de homic\u00eddios s\u00e3o presos em Juiz de Fora"},"content":{"rendered":"<p>Opera\u00e7\u00e3o Chamado Final: 11 suspeitos de homic\u00eddios s\u00e3o presos em Juiz de Fora. Tamb\u00e9m foram cumpridos 15 mandados de busca na a\u00e7\u00e3o que mirou o crime organizado na Zona da Mata.<br \/>\nEm Juiz de Fora, na Zona da Mata, a Pol\u00edcia Civil de Minas Gerais (PCMG) prendeu 11 pessoas e cumpriu 15 mandados de busca e apreens\u00e3o durante a opera\u00e7\u00e3o Chamado Final, realizada na manh\u00e3 desta quarta-feira (10\/12).<br \/>\nAs a\u00e7\u00f5es se concentraram em dois casos distintos: o homic\u00eddio de um homem e o atentado contra o irm\u00e3o dele, ocorridos em janeiro deste ano, e a morte de um rapaz espancado ap\u00f3s uma briga, em julho.<\/p>\n<h2>Opera\u00e7\u00e3o Chamado Final: 11 suspeitos de homic\u00eddios s\u00e3o presos em Juiz de Fora<\/h2>\n<p><img decoding=\"async\" class=\"aligncenter size-medium wp-image-23535 lazyload\" data-src=\"https:\/\/ubanews.com\/site\/wp-content\/uploads\/2025\/12\/Fato-Policial-300x236.jpg\" alt=\"Fato Policial \" width=\"300\" height=\"236\" data-srcset=\"https:\/\/ubanews.com\/site\/wp-content\/uploads\/2025\/12\/Fato-Policial-300x236.jpg 300w, https:\/\/ubanews.com\/site\/wp-content\/uploads\/2025\/12\/Fato-Policial-768x605.jpg 768w, https:\/\/ubanews.com\/site\/wp-content\/uploads\/2025\/12\/Fato-Policial.jpg 800w\" data-sizes=\"(max-width: 300px) 100vw, 300px\" src=\"data:image\/svg+xml;base64,PHN2ZyB3aWR0aD0iMSIgaGVpZ2h0PSIxIiB4bWxucz0iaHR0cDovL3d3dy53My5vcmcvMjAwMC9zdmciPjwvc3ZnPg==\" style=\"--smush-placeholder-width: 300px; --smush-placeholder-aspect-ratio: 300\/236;\" \/><\/p>\n<p>Fac\u00e7\u00e3o rival<br \/>\nA partir das investiga\u00e7\u00f5es conduzidas pela equipe dedicada aos casos de homic\u00eddios em Juiz de Fora, foi apurado que, no primeiro caso, dois irm\u00e3os seguiam em uma motocicleta pr\u00f3ximo \u00e0 uma churrascaria, quando ca\u00edram em uma emboscada preparada por uma fac\u00e7\u00e3o criminosa rival. Um deles, de 32 anos, morreu no local, e o outro conseguiu escapar.<\/p>\n<p>Tribunal do crime<br \/>\nNo segundo caso investigado, um jovem de 23 anos teria se envolvido em uma briga no bairro Bonfim, dentro de um bar cujo respons\u00e1vel tamb\u00e9m mantinha v\u00ednculos com fac\u00e7\u00e3o criminosa. De acordo com as apura\u00e7\u00f5es, conflitos no interior do estabelecimento eram proibidos pelas regras internas do grupo.<br \/>\nDias ap\u00f3s o epis\u00f3dio, a v\u00edtima recebeu uma chamada de v\u00eddeo para um acerto de contas e foi brutalmente espancada. Em seguida, foi deixada em casa por indiv\u00edduos que alegaram \u00e0 fam\u00edlia que ele havia sofrido um acidente de motocicleta. A v\u00edtima foi levada a uma unidade de sa\u00fade, mas n\u00e3o resistiu.<br \/>\nA investiga\u00e7\u00e3o revelou que o rapaz havia sido torturado at\u00e9 a morte por descumprir regras da fac\u00e7\u00e3o.<\/p>\n<p>Apreens\u00f5es<br \/>\nDurante as buscas, dois investigados foram presos em flagrante por tr\u00e1fico de drogas, ap\u00f3s a localiza\u00e7\u00e3o de coca\u00edna, maconha, crack, balan\u00e7a de precis\u00e3o e c\u00e2meras de monitoramento.<br \/>\nCoordena\u00e7\u00e3o e apoio<\/p>\n<p>A delegada respons\u00e1vel pelas investiga\u00e7\u00f5es explica que &#8220;o nome da opera\u00e7\u00e3o, Chamado Final, faz refer\u00eancia \u00e0s videochamadas utilizadas pela fac\u00e7\u00e3o para atrair suas v\u00edtimas aos locais onde eram agredidas&#8221;.<br \/>\nOs trabalhos de hoje contaram com a participa\u00e7\u00e3o de equipes das delegacias regionais de Pol\u00edcia Civil em Juiz de Fora e Ub\u00e1, al\u00e9m do apoio da Coordena\u00e7\u00e3o de Opera\u00e7\u00f5es Especiais (Core) e da Coordena\u00e7\u00e3o Aerot\u00e1tica (CAT), que empregou um helic\u00f3ptero no sobrevoo dos pontos de atua\u00e7\u00e3o. Ao todo, cerca de 80 policiais civis foram mobilizados para a a\u00e7\u00e3o.<br \/>\nOs presos foram encaminhados ao sistema prisional. As investiga\u00e7\u00f5es seguem em andamento, bem como as buscas para a localiza\u00e7\u00e3o de outros alvos.<\/p>\n","protected":false},"excerpt":{"rendered":"<p>Opera\u00e7\u00e3o Chamado Final: 11 suspeitos de homic\u00eddios s\u00e3o presos em<\/p>\n","protected":false},"author":4,"featured_media":23535,"comment_status":"open","ping_status":"open","sticky":false,"template":"","format":"standard","meta":{"footnotes":""},"categories":[1,3],"tags":[59,188,60],"class_list":["post-23534","post","type-post","status-publish","format-standard","has-post-thumbnail","hentry","category-sem-categoria","category-slide","tag-fala-sodre","tag-fato-policial","tag-ubanews"],"yoast_head":"<!-- This site is optimized with the Yoast SEO plugin v27.2 - https:\/\/yoast.com\/product\/yoast-seo-wordpress\/ -->\n<title>Opera\u00e7\u00e3o Chamado Final: 11 suspeitos de homic\u00eddios s\u00e3o presos em Juiz de Fora - Ub\u00e1 News<\/title>\n<meta name=\"description\" content=\"Opera\u00e7\u00e3o Chamado Final: 11 suspeitos de homic\u00eddios s\u00e3o presos em Juiz de Fora\" \/>\n<meta name=\"robots\" content=\"index, follow, max-snippet:-1, max-image-preview:large, max-video-preview:-1\" \/>\n<link rel=\"canonical\" href=\"https:\/\/ubanews.com\/site\/2025\/12\/11\/operacao-chamado-final-11-suspeitos-de-homicidios-sao-presos-em-juiz-de-fora\/\" \/>\n<meta property=\"og:locale\" content=\"pt_BR\" \/>\n<meta property=\"og:type\" content=\"article\" \/>\n<meta property=\"og:title\" content=\"Opera\u00e7\u00e3o Chamado Final: 11 suspeitos de homic\u00eddios s\u00e3o presos em Juiz de Fora - Ub\u00e1 News\" \/>\n<meta property=\"og:description\" content=\"Opera\u00e7\u00e3o Chamado Final: 11 suspeitos de homic\u00eddios s\u00e3o presos em Juiz de Fora\" \/>\n<meta property=\"og:url\" content=\"https:\/\/ubanews.com\/site\/2025\/12\/11\/operacao-chamado-final-11-suspeitos-de-homicidios-sao-presos-em-juiz-de-fora\/\" \/>\n<meta property=\"og:site_name\" content=\"Ub\u00e1 News\" \/>\n<meta property=\"article:publisher\" content=\"https:\/\/www.facebook.com\/Ub%c3%a1News-Carlos-Roberto-Sodr%c3%a9-418778301977370\" \/>\n<meta property=\"article:published_time\" content=\"2025-12-11T14:56:44+00:00\" \/>\n<meta property=\"article:modified_time\" content=\"2025-12-11T14:59:01+00:00\" \/>\n<meta property=\"og:image\" content=\"https:\/\/ubanews.com\/site\/wp-content\/uploads\/2025\/12\/Fato-Policial.jpg\" \/>\n\t<meta property=\"og:image:width\" content=\"800\" \/>\n\t<meta property=\"og:image:height\" content=\"630\" \/>\n\t<meta property=\"og:image:type\" content=\"image\/jpeg\" \/>\n<meta name=\"author\" content=\"Carlos Roberto Sodr\u00e9\" \/>\n<meta name=\"twitter:card\" content=\"summary_large_image\" \/>\n<meta name=\"twitter:label1\" content=\"Escrito por\" \/>\n\t<meta name=\"twitter:data1\" content=\"Carlos Roberto Sodr\u00e9\" \/>\n\t<meta name=\"twitter:label2\" content=\"Est. tempo de leitura\" \/>\n\t<meta name=\"twitter:data2\" content=\"3 minutos\" \/>\n<script type=\"application\/ld+json\" class=\"yoast-schema-graph\">{\"@context\":\"https:\/\/schema.org\",\"@graph\":[{\"@type\":\"Article\",\"@id\":\"https:\/\/ubanews.com\/site\/2025\/12\/11\/operacao-chamado-final-11-suspeitos-de-homicidios-sao-presos-em-juiz-de-fora\/#article\",\"isPartOf\":{\"@id\":\"https:\/\/ubanews.com\/site\/2025\/12\/11\/operacao-chamado-final-11-suspeitos-de-homicidios-sao-presos-em-juiz-de-fora\/\"},\"author\":{\"name\":\"Carlos Roberto Sodr\u00e9\",\"@id\":\"https:\/\/ubanews.com\/site\/#\/schema\/person\/9d8da9ec3c8d00640ab6e8c81e103310\"},\"headline\":\"Opera\u00e7\u00e3o Chamado Final: 11 suspeitos de homic\u00eddios s\u00e3o presos em Juiz de Fora\",\"datePublished\":\"2025-12-11T14:56:44+00:00\",\"dateModified\":\"2025-12-11T14:59:01+00:00\",\"mainEntityOfPage\":{\"@id\":\"https:\/\/ubanews.com\/site\/2025\/12\/11\/operacao-chamado-final-11-suspeitos-de-homicidios-sao-presos-em-juiz-de-fora\/\"},\"wordCount\":504,\"commentCount\":0,\"publisher\":{\"@id\":\"https:\/\/ubanews.com\/site\/#organization\"},\"image\":{\"@id\":\"https:\/\/ubanews.com\/site\/2025\/12\/11\/operacao-chamado-final-11-suspeitos-de-homicidios-sao-presos-em-juiz-de-fora\/#primaryimage\"},\"thumbnailUrl\":\"https:\/\/ubanews.com\/site\/wp-content\/uploads\/2025\/12\/Fato-Policial.jpg\",\"keywords\":[\"Fala Sodr\u00e9\",\"Fato Policial\",\"UBANEWS\"],\"articleSection\":[\"Geral\",\"Slide\"],\"inLanguage\":\"pt-BR\",\"potentialAction\":[{\"@type\":\"CommentAction\",\"name\":\"Comment\",\"target\":[\"https:\/\/ubanews.com\/site\/2025\/12\/11\/operacao-chamado-final-11-suspeitos-de-homicidios-sao-presos-em-juiz-de-fora\/#respond\"]}]},{\"@type\":\"WebPage\",\"@id\":\"https:\/\/ubanews.com\/site\/2025\/12\/11\/operacao-chamado-final-11-suspeitos-de-homicidios-sao-presos-em-juiz-de-fora\/\",\"url\":\"https:\/\/ubanews.com\/site\/2025\/12\/11\/operacao-chamado-final-11-suspeitos-de-homicidios-sao-presos-em-juiz-de-fora\/\",\"name\":\"Opera\u00e7\u00e3o Chamado Final: 11 suspeitos de homic\u00eddios s\u00e3o presos em Juiz de Fora - Ub\u00e1 News\",\"isPartOf\":{\"@id\":\"https:\/\/ubanews.com\/site\/#website\"},\"primaryImageOfPage\":{\"@id\":\"https:\/\/ubanews.com\/site\/2025\/12\/11\/operacao-chamado-final-11-suspeitos-de-homicidios-sao-presos-em-juiz-de-fora\/#primaryimage\"},\"image\":{\"@id\":\"https:\/\/ubanews.com\/site\/2025\/12\/11\/operacao-chamado-final-11-suspeitos-de-homicidios-sao-presos-em-juiz-de-fora\/#primaryimage\"},\"thumbnailUrl\":\"https:\/\/ubanews.com\/site\/wp-content\/uploads\/2025\/12\/Fato-Policial.jpg\",\"datePublished\":\"2025-12-11T14:56:44+00:00\",\"dateModified\":\"2025-12-11T14:59:01+00:00\",\"description\":\"Opera\u00e7\u00e3o Chamado Final: 11 suspeitos de homic\u00eddios s\u00e3o presos em Juiz de Fora\",\"breadcrumb\":{\"@id\":\"https:\/\/ubanews.com\/site\/2025\/12\/11\/operacao-chamado-final-11-suspeitos-de-homicidios-sao-presos-em-juiz-de-fora\/#breadcrumb\"},\"inLanguage\":\"pt-BR\",\"potentialAction\":[{\"@type\":\"ReadAction\",\"target\":[\"https:\/\/ubanews.com\/site\/2025\/12\/11\/operacao-chamado-final-11-suspeitos-de-homicidios-sao-presos-em-juiz-de-fora\/\"]}]},{\"@type\":\"ImageObject\",\"inLanguage\":\"pt-BR\",\"@id\":\"https:\/\/ubanews.com\/site\/2025\/12\/11\/operacao-chamado-final-11-suspeitos-de-homicidios-sao-presos-em-juiz-de-fora\/#primaryimage\",\"url\":\"https:\/\/ubanews.com\/site\/wp-content\/uploads\/2025\/12\/Fato-Policial.jpg\",\"contentUrl\":\"https:\/\/ubanews.com\/site\/wp-content\/uploads\/2025\/12\/Fato-Policial.jpg\",\"width\":800,\"height\":630,\"caption\":\"Fato Policial\"},{\"@type\":\"BreadcrumbList\",\"@id\":\"https:\/\/ubanews.com\/site\/2025\/12\/11\/operacao-chamado-final-11-suspeitos-de-homicidios-sao-presos-em-juiz-de-fora\/#breadcrumb\",\"itemListElement\":[{\"@type\":\"ListItem\",\"position\":1,\"name\":\"Home\",\"item\":\"https:\/\/ubanews.com\/site\/\"},{\"@type\":\"ListItem\",\"position\":2,\"name\":\"Opera\u00e7\u00e3o Chamado Final: 11 suspeitos de homic\u00eddios s\u00e3o presos em Juiz de Fora\"}]},{\"@type\":\"WebSite\",\"@id\":\"https:\/\/ubanews.com\/site\/#website\",\"url\":\"https:\/\/ubanews.com\/site\/\",\"name\":\"Ub\u00e1 News\",\"description\":\"\",\"publisher\":{\"@id\":\"https:\/\/ubanews.com\/site\/#organization\"},\"potentialAction\":[{\"@type\":\"SearchAction\",\"target\":{\"@type\":\"EntryPoint\",\"urlTemplate\":\"https:\/\/ubanews.com\/site\/?s={search_term_string}\"},\"query-input\":{\"@type\":\"PropertyValueSpecification\",\"valueRequired\":true,\"valueName\":\"search_term_string\"}}],\"inLanguage\":\"pt-BR\"},{\"@type\":\"Organization\",\"@id\":\"https:\/\/ubanews.com\/site\/#organization\",\"name\":\"Ub\u00e1 News\",\"url\":\"https:\/\/ubanews.com\/site\/\",\"logo\":{\"@type\":\"ImageObject\",\"inLanguage\":\"pt-BR\",\"@id\":\"https:\/\/ubanews.com\/site\/#\/schema\/logo\/image\/\",\"url\":\"https:\/\/ubanews.com\/site\/wp-content\/uploads\/2018\/01\/logoubanews.png\",\"contentUrl\":\"https:\/\/ubanews.com\/site\/wp-content\/uploads\/2018\/01\/logoubanews.png\",\"width\":261,\"height\":99,\"caption\":\"Ub\u00e1 News\"},\"image\":{\"@id\":\"https:\/\/ubanews.com\/site\/#\/schema\/logo\/image\/\"},\"sameAs\":[\"https:\/\/www.facebook.com\/Ub\u00e1News-Carlos-Roberto-Sodr\u00e9-418778301977370\"]},{\"@type\":\"Person\",\"@id\":\"https:\/\/ubanews.com\/site\/#\/schema\/person\/9d8da9ec3c8d00640ab6e8c81e103310\",\"name\":\"Carlos Roberto Sodr\u00e9\",\"image\":{\"@type\":\"ImageObject\",\"inLanguage\":\"pt-BR\",\"@id\":\"https:\/\/secure.gravatar.com\/avatar\/aab322e8555b56c468614fafdab8a8f924e394cdc6cfd8232f77e9e4d123a133?s=96&d=mm&r=g\",\"url\":\"https:\/\/secure.gravatar.com\/avatar\/aab322e8555b56c468614fafdab8a8f924e394cdc6cfd8232f77e9e4d123a133?s=96&d=mm&r=g\",\"contentUrl\":\"https:\/\/secure.gravatar.com\/avatar\/aab322e8555b56c468614fafdab8a8f924e394cdc6cfd8232f77e9e4d123a133?s=96&d=mm&r=g\",\"caption\":\"Carlos Roberto Sodr\u00e9\"},\"url\":\"https:\/\/ubanews.com\/site\/author\/sodre\/\"}]}<\/script>\n<!-- \/ Yoast SEO plugin. -->","yoast_head_json":{"title":"Opera\u00e7\u00e3o Chamado Final: 11 suspeitos de homic\u00eddios s\u00e3o presos em Juiz de Fora - Ub\u00e1 News","description":"Opera\u00e7\u00e3o Chamado Final: 11 suspeitos de homic\u00eddios s\u00e3o presos em Juiz de Fora","robots":{"index":"index","follow":"follow","max-snippet":"max-snippet:-1","max-image-preview":"max-image-preview:large","max-video-preview":"max-video-preview:-1"},"canonical":"https:\/\/ubanews.com\/site\/2025\/12\/11\/operacao-chamado-final-11-suspeitos-de-homicidios-sao-presos-em-juiz-de-fora\/","og_locale":"pt_BR","og_type":"article","og_title":"Opera\u00e7\u00e3o Chamado Final: 11 suspeitos de homic\u00eddios s\u00e3o presos em Juiz de Fora - Ub\u00e1 News","og_description":"Opera\u00e7\u00e3o Chamado Final: 11 suspeitos de homic\u00eddios s\u00e3o presos em Juiz de Fora","og_url":"https:\/\/ubanews.com\/site\/2025\/12\/11\/operacao-chamado-final-11-suspeitos-de-homicidios-sao-presos-em-juiz-de-fora\/","og_site_name":"Ub\u00e1 News","article_publisher":"https:\/\/www.facebook.com\/Ub%c3%a1News-Carlos-Roberto-Sodr%c3%a9-418778301977370","article_published_time":"2025-12-11T14:56:44+00:00","article_modified_time":"2025-12-11T14:59:01+00:00","og_image":[{"width":800,"height":630,"url":"https:\/\/ubanews.com\/site\/wp-content\/uploads\/2025\/12\/Fato-Policial.jpg","type":"image\/jpeg"}],"author":"Carlos Roberto Sodr\u00e9","twitter_card":"summary_large_image","twitter_misc":{"Escrito por":"Carlos Roberto Sodr\u00e9","Est. tempo de leitura":"3 minutos"},"schema":{"@context":"https:\/\/schema.org","@graph":[{"@type":"Article","@id":"https:\/\/ubanews.com\/site\/2025\/12\/11\/operacao-chamado-final-11-suspeitos-de-homicidios-sao-presos-em-juiz-de-fora\/#article","isPartOf":{"@id":"https:\/\/ubanews.com\/site\/2025\/12\/11\/operacao-chamado-final-11-suspeitos-de-homicidios-sao-presos-em-juiz-de-fora\/"},"author":{"name":"Carlos Roberto Sodr\u00e9","@id":"https:\/\/ubanews.com\/site\/#\/schema\/person\/9d8da9ec3c8d00640ab6e8c81e103310"},"headline":"Opera\u00e7\u00e3o Chamado Final: 11 suspeitos de homic\u00eddios s\u00e3o presos em Juiz de Fora","datePublished":"2025-12-11T14:56:44+00:00","dateModified":"2025-12-11T14:59:01+00:00","mainEntityOfPage":{"@id":"https:\/\/ubanews.com\/site\/2025\/12\/11\/operacao-chamado-final-11-suspeitos-de-homicidios-sao-presos-em-juiz-de-fora\/"},"wordCount":504,"commentCount":0,"publisher":{"@id":"https:\/\/ubanews.com\/site\/#organization"},"image":{"@id":"https:\/\/ubanews.com\/site\/2025\/12\/11\/operacao-chamado-final-11-suspeitos-de-homicidios-sao-presos-em-juiz-de-fora\/#primaryimage"},"thumbnailUrl":"https:\/\/ubanews.com\/site\/wp-content\/uploads\/2025\/12\/Fato-Policial.jpg","keywords":["Fala Sodr\u00e9","Fato Policial","UBANEWS"],"articleSection":["Geral","Slide"],"inLanguage":"pt-BR","potentialAction":[{"@type":"CommentAction","name":"Comment","target":["https:\/\/ubanews.com\/site\/2025\/12\/11\/operacao-chamado-final-11-suspeitos-de-homicidios-sao-presos-em-juiz-de-fora\/#respond"]}]},{"@type":"WebPage","@id":"https:\/\/ubanews.com\/site\/2025\/12\/11\/operacao-chamado-final-11-suspeitos-de-homicidios-sao-presos-em-juiz-de-fora\/","url":"https:\/\/ubanews.com\/site\/2025\/12\/11\/operacao-chamado-final-11-suspeitos-de-homicidios-sao-presos-em-juiz-de-fora\/","name":"Opera\u00e7\u00e3o Chamado Final: 11 suspeitos de homic\u00eddios s\u00e3o presos em Juiz de Fora - Ub\u00e1 News","isPartOf":{"@id":"https:\/\/ubanews.com\/site\/#website"},"primaryImageOfPage":{"@id":"https:\/\/ubanews.com\/site\/2025\/12\/11\/operacao-chamado-final-11-suspeitos-de-homicidios-sao-presos-em-juiz-de-fora\/#primaryimage"},"image":{"@id":"https:\/\/ubanews.com\/site\/2025\/12\/11\/operacao-chamado-final-11-suspeitos-de-homicidios-sao-presos-em-juiz-de-fora\/#primaryimage"},"thumbnailUrl":"https:\/\/ubanews.com\/site\/wp-content\/uploads\/2025\/12\/Fato-Policial.jpg","datePublished":"2025-12-11T14:56:44+00:00","dateModified":"2025-12-11T14:59:01+00:00","description":"Opera\u00e7\u00e3o Chamado Final: 11 suspeitos de homic\u00eddios s\u00e3o presos em Juiz de Fora","breadcrumb":{"@id":"https:\/\/ubanews.com\/site\/2025\/12\/11\/operacao-chamado-final-11-suspeitos-de-homicidios-sao-presos-em-juiz-de-fora\/#breadcrumb"},"inLanguage":"pt-BR","potentialAction":[{"@type":"ReadAction","target":["https:\/\/ubanews.com\/site\/2025\/12\/11\/operacao-chamado-final-11-suspeitos-de-homicidios-sao-presos-em-juiz-de-fora\/"]}]},{"@type":"ImageObject","inLanguage":"pt-BR","@id":"https:\/\/ubanews.com\/site\/2025\/12\/11\/operacao-chamado-final-11-suspeitos-de-homicidios-sao-presos-em-juiz-de-fora\/#primaryimage","url":"https:\/\/ubanews.com\/site\/wp-content\/uploads\/2025\/12\/Fato-Policial.jpg","contentUrl":"https:\/\/ubanews.com\/site\/wp-content\/uploads\/2025\/12\/Fato-Policial.jpg","width":800,"height":630,"caption":"Fato Policial"},{"@type":"BreadcrumbList","@id":"https:\/\/ubanews.com\/site\/2025\/12\/11\/operacao-chamado-final-11-suspeitos-de-homicidios-sao-presos-em-juiz-de-fora\/#breadcrumb","itemListElement":[{"@type":"ListItem","position":1,"name":"Home","item":"https:\/\/ubanews.com\/site\/"},{"@type":"ListItem","position":2,"name":"Opera\u00e7\u00e3o Chamado Final: 11 suspeitos de homic\u00eddios s\u00e3o presos em Juiz de Fora"}]},{"@type":"WebSite","@id":"https:\/\/ubanews.com\/site\/#website","url":"https:\/\/ubanews.com\/site\/","name":"Ub\u00e1 News","description":"","publisher":{"@id":"https:\/\/ubanews.com\/site\/#organization"},"potentialAction":[{"@type":"SearchAction","target":{"@type":"EntryPoint","urlTemplate":"https:\/\/ubanews.com\/site\/?s={search_term_string}"},"query-input":{"@type":"PropertyValueSpecification","valueRequired":true,"valueName":"search_term_string"}}],"inLanguage":"pt-BR"},{"@type":"Organization","@id":"https:\/\/ubanews.com\/site\/#organization","name":"Ub\u00e1 News","url":"https:\/\/ubanews.com\/site\/","logo":{"@type":"ImageObject","inLanguage":"pt-BR","@id":"https:\/\/ubanews.com\/site\/#\/schema\/logo\/image\/","url":"https:\/\/ubanews.com\/site\/wp-content\/uploads\/2018\/01\/logoubanews.png","contentUrl":"https:\/\/ubanews.com\/site\/wp-content\/uploads\/2018\/01\/logoubanews.png","width":261,"height":99,"caption":"Ub\u00e1 News"},"image":{"@id":"https:\/\/ubanews.com\/site\/#\/schema\/logo\/image\/"},"sameAs":["https:\/\/www.facebook.com\/Ub\u00e1News-Carlos-Roberto-Sodr\u00e9-418778301977370"]},{"@type":"Person","@id":"https:\/\/ubanews.com\/site\/#\/schema\/person\/9d8da9ec3c8d00640ab6e8c81e103310","name":"Carlos Roberto Sodr\u00e9","image":{"@type":"ImageObject","inLanguage":"pt-BR","@id":"https:\/\/secure.gravatar.com\/avatar\/aab322e8555b56c468614fafdab8a8f924e394cdc6cfd8232f77e9e4d123a133?s=96&d=mm&r=g","url":"https:\/\/secure.gravatar.com\/avatar\/aab322e8555b56c468614fafdab8a8f924e394cdc6cfd8232f77e9e4d123a133?s=96&d=mm&r=g","contentUrl":"https:\/\/secure.gravatar.com\/avatar\/aab322e8555b56c468614fafdab8a8f924e394cdc6cfd8232f77e9e4d123a133?s=96&d=mm&r=g","caption":"Carlos Roberto Sodr\u00e9"},"url":"https:\/\/ubanews.com\/site\/author\/sodre\/"}]}},"_links":{"self":[{"href":"https:\/\/ubanews.com\/site\/wp-json\/wp\/v2\/posts\/23534","targetHints":{"allow":["GET"]}}],"collection":[{"href":"https:\/\/ubanews.com\/site\/wp-json\/wp\/v2\/posts"}],"about":[{"href":"https:\/\/ubanews.com\/site\/wp-json\/wp\/v2\/types\/post"}],"author":[{"embeddable":true,"href":"https:\/\/ubanews.com\/site\/wp-json\/wp\/v2\/users\/4"}],"replies":[{"embeddable":true,"href":"https:\/\/ubanews.com\/site\/wp-json\/wp\/v2\/comments?post=23534"}],"version-history":[{"count":0,"href":"https:\/\/ubanews.com\/site\/wp-json\/wp\/v2\/posts\/23534\/revisions"}],"wp:featuredmedia":[{"embeddable":true,"href":"https:\/\/ubanews.com\/site\/wp-json\/wp\/v2\/media\/23535"}],"wp:attachment":[{"href":"https:\/\/ubanews.com\/site\/wp-json\/wp\/v2\/media?parent=23534"}],"wp:term":[{"taxonomy":"category","embeddable":true,"href":"https:\/\/ubanews.com\/site\/wp-json\/wp\/v2\/categories?post=23534"},{"taxonomy":"post_tag","embeddable":true,"href":"https:\/\/ubanews.com\/site\/wp-json\/wp\/v2\/tags?post=23534"}],"curies":[{"name":"wp","href":"https:\/\/api.w.org\/{rel}","templated":true}]}}