{"id":23523,"date":"2025-12-10T10:42:45","date_gmt":"2025-12-10T13:42:45","guid":{"rendered":"https:\/\/ubanews.com\/site\/?p=23523"},"modified":"2025-12-10T10:42:45","modified_gmt":"2025-12-10T13:42:45","slug":"conexao-rural-no-ginasio-sao-jose","status":"publish","type":"post","link":"https:\/\/ubanews.com\/site\/2025\/12\/10\/conexao-rural-no-ginasio-sao-jose\/","title":{"rendered":"Conex\u00e3o Rural no Gin\u00e1sio S\u00e3o Jos\u00e9"},"content":{"rendered":"<p data-start=\"340\" data-end=\"442\"><strong data-start=\"342\" data-end=\"442\">Conex\u00e3o Rural no Gin\u00e1sio S\u00e3o Jos\u00e9: hist\u00f3rias, pertencimento e a for\u00e7a do Produtor de \u00c1gua em Ub\u00e1. <\/strong>O Conex\u00e3o Rural encerrou o ano com um encontro especial no <strong data-start=\"503\" data-end=\"523\">Gin\u00e1sio S\u00e3o Jos\u00e9<\/strong>, um dos pontos mais marcantes da mem\u00f3ria ubaense. Hoje Museu Cultural, o espa\u00e7o mant\u00e9m viva a hist\u00f3ria da antiga escola e recebe novos cap\u00edtulos da vida comunit\u00e1ria da cidade.<br data-start=\"699\" data-end=\"702\" \/>Nesta edi\u00e7\u00e3o, o rep\u00f3rter <strong data-start=\"727\" data-end=\"751\">Carlos Roberto Sodr\u00e9<\/strong> conversou com dois personagens centrais do movimento: <strong data-start=\"806\" data-end=\"816\">Amaral<\/strong>, refer\u00eancia no Programa Produtor de \u00c1gua, e <strong data-start=\"861\" data-end=\"874\">Jaqueline<\/strong>, produtora rural da Pedra Branca.<br data-start=\"908\" data-end=\"911\" \/>As imagens s\u00e3o de <strong data-start=\"929\" data-end=\"945\">La\u00edssa Sodr\u00e9<\/strong>, com gera\u00e7\u00e3o de conte\u00fado de <strong data-start=\"974\" data-end=\"1007\">Pedro Henriques \u2013 INDICCA.COM<\/strong>.<\/p>\n<h2 data-start=\"340\" data-end=\"442\"><strong data-start=\"342\" data-end=\"442\">Conex\u00e3o Rural no Gin\u00e1sio S\u00e3o Jos\u00e9: hist\u00f3rias, pertencimento e a for\u00e7a do Produtor de \u00c1gua em Ub\u00e1<\/strong><\/h2>\n<p><img decoding=\"async\" class=\"aligncenter size-medium wp-image-23524 lazyload\" data-src=\"https:\/\/ubanews.com\/site\/wp-content\/uploads\/2025\/12\/Conexao-Rural-HD-300x225.jpeg\" alt=\"Conex\u00e3o Rural no Gin\u00e1sio S\u00e3o Jos\u00e9\n\" width=\"300\" height=\"225\" data-srcset=\"https:\/\/ubanews.com\/site\/wp-content\/uploads\/2025\/12\/Conexao-Rural-HD-300x225.jpeg 300w, https:\/\/ubanews.com\/site\/wp-content\/uploads\/2025\/12\/Conexao-Rural-HD-1024x768.jpeg 1024w, https:\/\/ubanews.com\/site\/wp-content\/uploads\/2025\/12\/Conexao-Rural-HD-768x576.jpeg 768w, https:\/\/ubanews.com\/site\/wp-content\/uploads\/2025\/12\/Conexao-Rural-HD.jpeg 1280w\" data-sizes=\"(max-width: 300px) 100vw, 300px\" src=\"data:image\/svg+xml;base64,PHN2ZyB3aWR0aD0iMSIgaGVpZ2h0PSIxIiB4bWxucz0iaHR0cDovL3d3dy53My5vcmcvMjAwMC9zdmciPjwvc3ZnPg==\" style=\"--smush-placeholder-width: 300px; --smush-placeholder-aspect-ratio: 300\/225;\" \/><\/p>\n<p data-start=\"1010\" data-end=\"1155\">O resultado foi um registro vivo de pertencimento, emo\u00e7\u00e3o, prop\u00f3sito e transforma\u00e7\u00e3o, que mostra a for\u00e7a do campo e da uni\u00e3o das fam\u00edlias rurais.<\/p>\n<hr data-start=\"1157\" data-end=\"1160\" \/>\n<h2 data-start=\"1162\" data-end=\"1214\"><strong data-start=\"1165\" data-end=\"1214\">O significado do encontro no Gin\u00e1sio S\u00e3o Jos\u00e9<\/strong><\/h2>\n<p data-start=\"1216\" data-end=\"1497\">O evento marcou a <strong data-start=\"1234\" data-end=\"1270\">23\u00aa edi\u00e7\u00e3o do Caf\u00e9 Compartilhado<\/strong>, um encontro que fortalece v\u00ednculos, resgata mem\u00f3ria e celebra a vida comunit\u00e1ria. Realizado no interior do Museu Cultural do Gin\u00e1sio S\u00e3o Jos\u00e9, o ambiente trouxe simbolismo e acolhimento ao encerramento das atividades de 2025.<\/p>\n<p data-start=\"1499\" data-end=\"1687\">Logo no in\u00edcio da conversa, Amaral resumiu o sentimento geral:<br data-start=\"1561\" data-end=\"1564\" \/>\u201c<strong data-start=\"1565\" data-end=\"1647\">Gra\u00e7as a Deus, encerrando o ano com chave de ouro, cada ano melhor que o outro<\/strong>.\u201d <button class=\"ms-1 flex h-[25px] text-[10px] leading-[13px] rounded-xl corner-superellipse\/1.1 items-center justify-center gap-1 px-2 relative text-token-text-secondary! hover:text-token-text-primary! hover:bg-token-bg-secondary dark:bg-token-main-surface-secondary dark:hover:bg-token-bg-secondary bg-[#f4f4f4] \"><\/button><\/p>\n<p data-start=\"1689\" data-end=\"1864\">A fala reflete a energia do grupo, que cresce mensalmente e cria um espa\u00e7o onde produtores rurais e fam\u00edlias encontram apoio, amizade e motiva\u00e7\u00e3o para continuar seus projetos.<\/p>\n<p data-start=\"1689\" data-end=\"1864\"><img decoding=\"async\" class=\"aligncenter size-medium wp-image-23526 lazyload\" data-src=\"https:\/\/ubanews.com\/site\/wp-content\/uploads\/2025\/12\/Amaral-300x169.jpg\" alt=\"Conex\u00e3o Rural no Gin\u00e1sio S\u00e3o Jos\u00e9\n\" width=\"300\" height=\"169\" data-srcset=\"https:\/\/ubanews.com\/site\/wp-content\/uploads\/2025\/12\/Amaral-300x169.jpg 300w, https:\/\/ubanews.com\/site\/wp-content\/uploads\/2025\/12\/Amaral-1024x576.jpg 1024w, https:\/\/ubanews.com\/site\/wp-content\/uploads\/2025\/12\/Amaral-768x432.jpg 768w, https:\/\/ubanews.com\/site\/wp-content\/uploads\/2025\/12\/Amaral.jpg 1266w\" data-sizes=\"(max-width: 300px) 100vw, 300px\" src=\"data:image\/svg+xml;base64,PHN2ZyB3aWR0aD0iMSIgaGVpZ2h0PSIxIiB4bWxucz0iaHR0cDovL3d3dy53My5vcmcvMjAwMC9zdmciPjwvc3ZnPg==\" style=\"--smush-placeholder-width: 300px; --smush-placeholder-aspect-ratio: 300\/169;\" \/><\/p>\n<h2 data-start=\"1871\" data-end=\"1928\"><strong data-start=\"1874\" data-end=\"1928\">A for\u00e7a do prop\u00f3sito: cuidar das pessoas e da \u00e1gua<\/strong><\/h2>\n<p data-start=\"1930\" data-end=\"2123\">Ao falar sobre o que move o Conex\u00e3o Rural, Amaral foi direto:<br data-start=\"1991\" data-end=\"1994\" \/>\u201c<strong data-start=\"1995\" data-end=\"2083\">A gente trabalha as comunidades rurais, as fam\u00edlias rurais, na recupera\u00e7\u00e3o ambiental<\/strong>.\u201d <button class=\"ms-1 flex h-[25px] text-[10px] leading-[13px] rounded-xl corner-superellipse\/1.1 items-center justify-center gap-1 px-2 relative text-token-text-secondary! hover:text-token-text-primary! hover:bg-token-bg-secondary dark:bg-token-main-surface-secondary dark:hover:bg-token-bg-secondary bg-[#f4f4f4] \"><\/button><\/p>\n<p data-start=\"2125\" data-end=\"2304\">Ele explicou que grande parte das fam\u00edlias presentes participa h\u00e1 anos do <strong data-start=\"2199\" data-end=\"2228\">Programa Produtor de \u00c1gua<\/strong>, o que gerou consci\u00eancia coletiva, aprendizado e sensa\u00e7\u00e3o de pertencimento.<\/p>\n<p data-start=\"2306\" data-end=\"2468\">Segundo ele:<br data-start=\"2318\" data-end=\"2321\" \/>\u201c<strong data-start=\"2322\" data-end=\"2428\">As fam\u00edlias se sentem parte verdadeira do processo. \u00c9 empowerment\u2026 \u00e9 pr\u00e1tica, \u00e9 exist\u00eancia, \u00e9 viv\u00eancia<\/strong>.\u201d <button class=\"ms-1 flex h-[25px] text-[10px] leading-[13px] rounded-xl corner-superellipse\/1.1 items-center justify-center gap-1 px-2 relative text-token-text-secondary! hover:text-token-text-primary! hover:bg-token-bg-secondary dark:bg-token-main-surface-secondary dark:hover:bg-token-bg-secondary bg-[#f4f4f4] \"><\/button><\/p>\n<p data-start=\"2470\" data-end=\"2584\">Essa vis\u00e3o mostra que o cuidado ambiental vai al\u00e9m da t\u00e9cnica. Ele nasce das rela\u00e7\u00f5es e do envolvimento cotidiano.<\/p>\n<h2 data-start=\"2591\" data-end=\"2638\"><strong data-start=\"2594\" data-end=\"2638\">Por que encontros como esse transformam?<\/strong><\/h2>\n<p data-start=\"2640\" data-end=\"2789\">Amaral destacou que, no in\u00edcio, muitos sentem pregui\u00e7a natural de sair de casa. Por\u00e9m, basta chegar ao encontro para perceber o valor da conviv\u00eancia.<\/p>\n<p data-start=\"2791\" data-end=\"2915\">Como ele disse:<br data-start=\"2806\" data-end=\"2809\" \/>\u201c<strong data-start=\"2810\" data-end=\"2875\">Quando chega aqui, pensa\u2026 ainda bem que eu n\u00e3o fiquei em casa<\/strong>.\u201d <button class=\"ms-1 flex h-[25px] text-[10px] leading-[13px] rounded-xl corner-superellipse\/1.1 items-center justify-center gap-1 px-2 relative text-token-text-secondary! hover:text-token-text-primary! hover:bg-token-bg-secondary dark:bg-token-main-surface-secondary dark:hover:bg-token-bg-secondary bg-[#f4f4f4] \"><\/button><\/p>\n<p data-start=\"2917\" data-end=\"3066\">Ele refor\u00e7ou ainda que ver pessoas de 70, 80 anos participando ativamente \u00e9 um sinal de que sempre existe espa\u00e7o para evoluir, aprender e contribuir.<\/p>\n<p data-start=\"3068\" data-end=\"3221\">\u201c<strong data-start=\"3069\" data-end=\"3181\">A gente tem que ter objetivos, ter prop\u00f3sito, ter metas\u2026 e aqui a gente tem isso de maneira leve, espont\u00e2nea<\/strong>.\u201d <button class=\"ms-1 flex h-[25px] text-[10px] leading-[13px] rounded-xl corner-superellipse\/1.1 items-center justify-center gap-1 px-2 relative text-token-text-secondary! hover:text-token-text-primary! hover:bg-token-bg-secondary dark:bg-token-main-surface-secondary dark:hover:bg-token-bg-secondary bg-[#f4f4f4] \"><\/button><\/p>\n<p class=\"not-prose mt-0! mb-0! flex-auto truncate\">\n<h2 data-start=\"3228\" data-end=\"3283\"><strong data-start=\"3231\" data-end=\"3283\">A import\u00e2ncia da continuidade e do pertencimento<\/strong><\/h2>\n<p data-start=\"3285\" data-end=\"3468\">O Produtor de \u00c1gua \u00e9 um programa desafiador e exige persist\u00eancia. Amaral explicou que muitos projetos no Brasil sofrem com mudan\u00e7as de governo, mas n\u00e3o o trabalho que o grupo realiza.<\/p>\n<p data-start=\"3470\" data-end=\"3573\">\u201c<strong data-start=\"3471\" data-end=\"3533\">O programa cresce todo dia porque o grupo n\u00e3o deixa morrer<\/strong>.\u201d <button class=\"ms-1 flex h-[25px] text-[10px] leading-[13px] rounded-xl corner-superellipse\/1.1 items-center justify-center gap-1 px-2 relative text-token-text-secondary! hover:text-token-text-primary! hover:bg-token-bg-secondary dark:bg-token-main-surface-secondary dark:hover:bg-token-bg-secondary bg-[#f4f4f4] \"><\/button><\/p>\n<p data-start=\"3575\" data-end=\"3755\">Ele tamb\u00e9m falou sobre o ideal de envolver mais pessoas:<br data-start=\"3631\" data-end=\"3634\" \/>\u201c<strong data-start=\"3635\" data-end=\"3715\">O ideal \u00e9 que todos os mun\u00edcipes participem, mesmo quem n\u00e3o \u00e9 produtor rural<\/strong>.\u201d <button class=\"ms-1 flex h-[25px] text-[10px] leading-[13px] rounded-xl corner-superellipse\/1.1 items-center justify-center gap-1 px-2 relative text-token-text-secondary! hover:text-token-text-primary! hover:bg-token-bg-secondary dark:bg-token-main-surface-secondary dark:hover:bg-token-bg-secondary bg-[#f4f4f4] \"><\/button><\/p>\n<p data-start=\"3757\" data-end=\"3862\">Essa afirma\u00e7\u00e3o revela que a preserva\u00e7\u00e3o da \u00e1gua depende da cidade inteira \u2014 n\u00e3o somente das \u00e1reas rurais.<\/p>\n<h2 data-start=\"3869\" data-end=\"3908\"><strong data-start=\"3872\" data-end=\"3908\">Clima, \u00e1gua e desafios para 2026<\/strong><\/h2>\n<p data-start=\"3910\" data-end=\"4006\">O fim de 2025 apresentou chuvas abaixo do esperado. Amaral explicou o impacto disso com clareza:<\/p>\n<p data-start=\"4008\" data-end=\"4125\">\u201c<strong data-start=\"4009\" data-end=\"4085\">O que armazena agora, usamos l\u00e1 na frente. A gente precisa de equil\u00edbrio<\/strong>.\u201d <button class=\"ms-1 flex h-[25px] text-[10px] leading-[13px] rounded-xl corner-superellipse\/1.1 items-center justify-center gap-1 px-2 relative text-token-text-secondary! hover:text-token-text-primary! hover:bg-token-bg-secondary dark:bg-token-main-surface-secondary dark:hover:bg-token-bg-secondary bg-[#f4f4f4] \"><\/button><\/p>\n<p data-start=\"4127\" data-end=\"4283\">Ele adiantou que o grupo continuar\u00e1 monitorando as propriedades, coletando dados e fortalecendo o trabalho de campo para ajudar produtores a tomar decis\u00f5es.<\/p>\n<p data-start=\"4285\" data-end=\"4431\">Em 2026, uma novidade deve orientar as a\u00e7\u00f5es:<br data-start=\"4330\" data-end=\"4333\" \/>\u201c<strong data-start=\"4334\" data-end=\"4391\">Vamos mostrar o que chamamos de contabilidade de \u00e1gua<\/strong>.\u201d <button class=\"ms-1 flex h-[25px] text-[10px] leading-[13px] rounded-xl corner-superellipse\/1.1 items-center justify-center gap-1 px-2 relative text-token-text-secondary! hover:text-token-text-primary! hover:bg-token-bg-secondary dark:bg-token-main-surface-secondary dark:hover:bg-token-bg-secondary bg-[#f4f4f4] \"><\/button><\/p>\n<p data-start=\"4433\" data-end=\"4548\">Isso permitir\u00e1 entender melhor o comportamento das chuvas, das barraginhas e da infiltra\u00e7\u00e3o nas \u00e1reas de cabeceira.<\/p>\n<h2 data-start=\"4555\" data-end=\"4627\"><strong data-start=\"4558\" data-end=\"4627\">A hist\u00f3ria de Jaqueline: emo\u00e7\u00e3o, ra\u00edzes e for\u00e7a feminina no campo<\/strong><\/h2>\n<p data-start=\"4629\" data-end=\"4776\">Um dos momentos mais emocionantes da cobertura foi o depoimento da produtora <strong data-start=\"4706\" data-end=\"4719\">Jaqueline<\/strong>, que trouxe uma hist\u00f3ria profunda, humana e inspiradora.<\/p>\n<p data-start=\"4629\" data-end=\"4776\"><img decoding=\"async\" class=\"aligncenter size-medium wp-image-23525 lazyload\" data-src=\"https:\/\/ubanews.com\/site\/wp-content\/uploads\/2025\/12\/Fatinha-300x167.jpg\" alt=\"Conex\u00e3o Rural no Gin\u00e1sio S\u00e3o Jos\u00e9\n\" width=\"300\" height=\"167\" data-srcset=\"https:\/\/ubanews.com\/site\/wp-content\/uploads\/2025\/12\/Fatinha-300x167.jpg 300w, https:\/\/ubanews.com\/site\/wp-content\/uploads\/2025\/12\/Fatinha-1024x570.jpg 1024w, https:\/\/ubanews.com\/site\/wp-content\/uploads\/2025\/12\/Fatinha-768x428.jpg 768w, https:\/\/ubanews.com\/site\/wp-content\/uploads\/2025\/12\/Fatinha-360x200.jpg 360w, https:\/\/ubanews.com\/site\/wp-content\/uploads\/2025\/12\/Fatinha.jpg 1264w\" data-sizes=\"(max-width: 300px) 100vw, 300px\" src=\"data:image\/svg+xml;base64,PHN2ZyB3aWR0aD0iMSIgaGVpZ2h0PSIxIiB4bWxucz0iaHR0cDovL3d3dy53My5vcmcvMjAwMC9zdmciPjwvc3ZnPg==\" style=\"--smush-placeholder-width: 300px; --smush-placeholder-aspect-ratio: 300\/167;\" \/><\/p>\n<p data-start=\"4778\" data-end=\"4837\">Ela come\u00e7ou destacando o esfor\u00e7o para chegar aos encontros:<\/p>\n<p data-start=\"4839\" data-end=\"5000\">\u201c<strong data-start=\"4840\" data-end=\"4960\">A corrida \u00e9 tamanha para chegarmos aqui, mas quando chegamos, encontramos amigos\u2026 \u00e9 muito emocionante e gratificante<\/strong>.\u201d <button class=\"ms-1 flex h-[25px] text-[10px] leading-[13px] rounded-xl corner-superellipse\/1.1 items-center justify-center gap-1 px-2 relative text-token-text-secondary! hover:text-token-text-primary! hover:bg-token-bg-secondary dark:bg-token-main-surface-secondary dark:hover:bg-token-bg-secondary bg-[#f4f4f4] \"><\/button><\/p>\n<p data-start=\"5002\" data-end=\"5119\">Sua trajet\u00f3ria familiar envolve trabalho duro, mudan\u00e7a de cidade, crises econ\u00f4micas, perdas profundas e reconstru\u00e7\u00e3o.<\/p>\n<p data-start=\"5121\" data-end=\"5382\">Jaqueline contou da inf\u00e2ncia em Araponga, do trabalho na fazenda, da disciplina herdada dos pais e da transforma\u00e7\u00e3o quando se mudaram para Ub\u00e1. Ela lembrou tamb\u00e9m do esfor\u00e7o das irm\u00e3s para manter a propriedade ap\u00f3s o falecimento do pai e, mais tarde, do marido.<\/p>\n<p data-start=\"5384\" data-end=\"5442\">Sua fala mais marcante resume a ess\u00eancia do Conex\u00e3o Rural:<\/p>\n<p data-start=\"5444\" data-end=\"5568\">\u201c<strong data-start=\"5445\" data-end=\"5526\">O Conex\u00e3o nos abra\u00e7ou. Cada encontro tem hist\u00f3ria. A amizade dura para sempre<\/strong>.\u201d <button class=\"ms-1 flex h-[25px] text-[10px] leading-[13px] rounded-xl corner-superellipse\/1.1 items-center justify-center gap-1 px-2 relative text-token-text-secondary! hover:text-token-text-primary! hover:bg-token-bg-secondary dark:bg-token-main-surface-secondary dark:hover:bg-token-bg-secondary bg-[#f4f4f4] \"><\/button><\/p>\n<p data-start=\"5570\" data-end=\"5663\">E completa:<br data-start=\"5581\" data-end=\"5584\" \/>\u201c<strong data-start=\"5585\" data-end=\"5621\">A vida do campo transforma vidas<\/strong>.\u201d <button class=\"ms-1 flex h-[25px] text-[10px] leading-[13px] rounded-xl corner-superellipse\/1.1 items-center justify-center gap-1 px-2 relative text-token-text-secondary! hover:text-token-text-primary! hover:bg-token-bg-secondary dark:bg-token-main-surface-secondary dark:hover:bg-token-bg-secondary bg-[#f4f4f4] \"><\/button><\/p>\n<p data-start=\"5665\" data-end=\"5707\">Ela tamb\u00e9m afirmou algo que tocou a todos:<\/p>\n<p data-start=\"5709\" data-end=\"5806\">\u201c<strong data-start=\"5710\" data-end=\"5764\">Eu sou feliz. A felicidade faz parte da minha vida<\/strong>.\u201d <button class=\"ms-1 flex h-[25px] text-[10px] leading-[13px] rounded-xl corner-superellipse\/1.1 items-center justify-center gap-1 px-2 relative text-token-text-secondary! hover:text-token-text-primary! hover:bg-token-bg-secondary dark:bg-token-main-surface-secondary dark:hover:bg-token-bg-secondary bg-[#f4f4f4] \"><\/button><\/p>\n<p class=\"not-prose mt-0! mb-0! flex-auto truncate\">\n<h2 data-start=\"5813\" data-end=\"5853\"><strong data-start=\"5816\" data-end=\"5853\">Um movimento que inspira o futuro<\/strong><\/h2>\n<p data-start=\"5855\" data-end=\"6104\">O Conex\u00e3o Rural encerra 2025 refor\u00e7ando prop\u00f3sito, uni\u00e3o e esperan\u00e7a.<br data-start=\"5924\" data-end=\"5927\" \/>A cada encontro, pessoas chegam, hist\u00f3rias surgem e v\u00ednculos se fortalecem.<br data-start=\"6002\" data-end=\"6005\" \/>\u00c9 um movimento que une gera\u00e7\u00f5es, preserva tradi\u00e7\u00f5es e projeta futuro sustent\u00e1vel para Ub\u00e1 e regi\u00e3o.<\/p>\n<p data-start=\"6106\" data-end=\"6334\">No Gin\u00e1sio S\u00e3o Jos\u00e9, as hist\u00f3rias de Amaral e Jaqueline mostraram que a for\u00e7a das comunidades rurais est\u00e1 nas pessoas \u2014 nas m\u00e3os que plantam, nas fam\u00edlias que persistem, nos amigos que se encontram e nos la\u00e7os que n\u00e3o se rompem.<\/p>\n<p data-start=\"6336\" data-end=\"6408\">E, acima de tudo, na certeza de que <strong data-start=\"6372\" data-end=\"6407\">cuidar da \u00e1gua \u00e9 cuidar da vida<\/strong>.<\/p>\n<p><iframe title=\"Fala Sodr\u00e9: no encerramento das atividades, Grupo Conex\u00e3o Rural promoveu mais um Caf\u00e9 Compartilhado\" width=\"840\" height=\"473\" data-src=\"https:\/\/www.youtube.com\/embed\/thOWYpEUSHI?feature=oembed\" frameborder=\"0\" allow=\"accelerometer; autoplay; clipboard-write; encrypted-media; gyroscope; picture-in-picture; web-share\" referrerpolicy=\"strict-origin-when-cross-origin\" allowfullscreen src=\"data:image\/svg+xml;base64,PHN2ZyB3aWR0aD0iMSIgaGVpZ2h0PSIxIiB4bWxucz0iaHR0cDovL3d3dy53My5vcmcvMjAwMC9zdmciPjwvc3ZnPg==\" class=\"lazyload\" data-load-mode=\"1\"><\/iframe><\/p>\n<p style=\"margin: 0in; font-size: 20.0pt;\"><span style=\"font-family: 'Segoe UI Emoji';\">&#x1f4da; <\/span><span style=\"font-weight: bold; font-family: Calibri;\">Cobertura:<\/span><span style=\"font-family: Calibri;\"> Carlos Roberto Sodr\u00e9 <\/span><a href=\"https:\/\/wa.me\/553298481334\"><span style=\"font-family: Calibri;\">WhatsApp<\/span><\/a><\/p>\n<p style=\"margin: 0in; font-size: 20.0pt;\"><span style=\"font-family: 'Segoe UI Emoji';\">&#x1f4f8; <\/span><span style=\"font-weight: bold; font-family: Calibri;\">Imagens:<\/span><span style=\"font-family: Calibri;\"> Laisa Sodr\u00e9<\/span><\/p>\n<p style=\"margin: 0in; font-size: 20.0pt;\"><span style=\"font-family: 'Segoe UI Emoji';\">&#x1f4dd; <\/span><span style=\"font-weight: bold; font-family: Calibri;\">Conte\u00fado: <\/span><a href=\"https:\/\/www.linkedin.com\/in\/pedrohgf\/\"><span style=\"font-family: Calibri;\">Pedro Henriques<\/span><\/a><span style=\"font-family: Calibri;\"> \u2013 <\/span><a href=\"https:\/\/indicca.com.br\/blog\/\"><span style=\"font-family: Calibri;\">INDICCA.COM<\/span><\/a><span style=\"font-family: Calibri;\">\u00a0 <\/span><a href=\"https:\/\/wa.me\/5532988020057\"><span style=\"font-family: Calibri;\">WhatsApp<\/span><\/a><\/p>\n<p style=\"margin: 0in; font-size: 20.0pt;\"><span style=\"font-family: 'Segoe UI Emoji';\">&#x1f393; <\/span><span style=\"font-weight: bold; font-family: Calibri;\">Evento: Conex\u00e3o Rural no Gin\u00e1sio S\u00e3o Jos\u00e9: hist\u00f3rias, pertencimento e a for\u00e7a do Produtor de \u00c1gua em Ub\u00e1<\/span><\/p>\n","protected":false},"excerpt":{"rendered":"<p>Conex\u00e3o Rural no Gin\u00e1sio S\u00e3o Jos\u00e9: hist\u00f3rias, pertencimento e a<\/p>\n","protected":false},"author":4,"featured_media":23524,"comment_status":"open","ping_status":"open","sticky":false,"template":"","format":"standard","meta":{"footnotes":""},"categories":[1,3],"tags":[247,103,202,248,249,67],"class_list":["post-23523","post","type-post","status-publish","format-standard","has-post-thumbnail","hentry","category-sem-categoria","category-slide","tag-amaral","tag-conexao-rural","tag-daca-rino","tag-jaqueline","tag-pedra-branca","tag-sodre"],"yoast_head":"<!-- This site is optimized with the Yoast SEO plugin v27.2 - https:\/\/yoast.com\/product\/yoast-seo-wordpress\/ -->\n<title>Conex\u00e3o Rural no Gin\u00e1sio S\u00e3o Jos\u00e9 - Ub\u00e1 News<\/title>\n<meta name=\"description\" content=\"Conex\u00e3o Rural no Gin\u00e1sio S\u00e3o Jos\u00e9: hist\u00f3rias, pertencimento e a for\u00e7a do Produtor de \u00c1gua em Ub\u00e1. Hoje Museu Cultural, mant\u00e9m viva a hist\u00f3ria da antiga escola\" \/>\n<meta name=\"robots\" content=\"index, follow, max-snippet:-1, max-image-preview:large, max-video-preview:-1\" \/>\n<link rel=\"canonical\" href=\"https:\/\/ubanews.com\/site\/2025\/12\/10\/conexao-rural-no-ginasio-sao-jose\/\" \/>\n<meta property=\"og:locale\" content=\"pt_BR\" \/>\n<meta property=\"og:type\" content=\"article\" \/>\n<meta property=\"og:title\" content=\"Conex\u00e3o Rural no Gin\u00e1sio S\u00e3o Jos\u00e9 - Ub\u00e1 News\" \/>\n<meta property=\"og:description\" content=\"Conex\u00e3o Rural no Gin\u00e1sio S\u00e3o Jos\u00e9: hist\u00f3rias, pertencimento e a for\u00e7a do Produtor de \u00c1gua em Ub\u00e1. Hoje Museu Cultural, mant\u00e9m viva a hist\u00f3ria da antiga escola\" \/>\n<meta property=\"og:url\" content=\"https:\/\/ubanews.com\/site\/2025\/12\/10\/conexao-rural-no-ginasio-sao-jose\/\" \/>\n<meta property=\"og:site_name\" content=\"Ub\u00e1 News\" \/>\n<meta property=\"article:publisher\" content=\"https:\/\/www.facebook.com\/Ub%c3%a1News-Carlos-Roberto-Sodr%c3%a9-418778301977370\" \/>\n<meta property=\"article:published_time\" content=\"2025-12-10T13:42:45+00:00\" \/>\n<meta property=\"og:image\" content=\"https:\/\/ubanews.com\/site\/wp-content\/uploads\/2025\/12\/Conexao-Rural-HD.jpeg\" \/>\n\t<meta property=\"og:image:width\" content=\"1280\" \/>\n\t<meta property=\"og:image:height\" content=\"960\" \/>\n\t<meta property=\"og:image:type\" content=\"image\/jpeg\" \/>\n<meta name=\"author\" content=\"Carlos Roberto Sodr\u00e9\" \/>\n<meta name=\"twitter:card\" content=\"summary_large_image\" \/>\n<meta name=\"twitter:label1\" content=\"Escrito por\" \/>\n\t<meta name=\"twitter:data1\" content=\"Carlos Roberto Sodr\u00e9\" \/>\n\t<meta name=\"twitter:label2\" content=\"Est. tempo de leitura\" \/>\n\t<meta name=\"twitter:data2\" content=\"6 minutos\" \/>\n<script type=\"application\/ld+json\" class=\"yoast-schema-graph\">{\"@context\":\"https:\/\/schema.org\",\"@graph\":[{\"@type\":\"Article\",\"@id\":\"https:\/\/ubanews.com\/site\/2025\/12\/10\/conexao-rural-no-ginasio-sao-jose\/#article\",\"isPartOf\":{\"@id\":\"https:\/\/ubanews.com\/site\/2025\/12\/10\/conexao-rural-no-ginasio-sao-jose\/\"},\"author\":{\"name\":\"Carlos Roberto Sodr\u00e9\",\"@id\":\"https:\/\/ubanews.com\/site\/#\/schema\/person\/9d8da9ec3c8d00640ab6e8c81e103310\"},\"headline\":\"Conex\u00e3o Rural no Gin\u00e1sio S\u00e3o Jos\u00e9\",\"datePublished\":\"2025-12-10T13:42:45+00:00\",\"mainEntityOfPage\":{\"@id\":\"https:\/\/ubanews.com\/site\/2025\/12\/10\/conexao-rural-no-ginasio-sao-jose\/\"},\"wordCount\":1056,\"commentCount\":0,\"publisher\":{\"@id\":\"https:\/\/ubanews.com\/site\/#organization\"},\"image\":{\"@id\":\"https:\/\/ubanews.com\/site\/2025\/12\/10\/conexao-rural-no-ginasio-sao-jose\/#primaryimage\"},\"thumbnailUrl\":\"https:\/\/ubanews.com\/site\/wp-content\/uploads\/2025\/12\/Conexao-Rural-HD.jpeg\",\"keywords\":[\"Amaral\",\"Conex\u00e3o Rural\",\"Da\u00e7a Rino\",\"Jaqueline\",\"Pedra Branca\",\"Sodr\u00e9\"],\"articleSection\":[\"Geral\",\"Slide\"],\"inLanguage\":\"pt-BR\",\"potentialAction\":[{\"@type\":\"CommentAction\",\"name\":\"Comment\",\"target\":[\"https:\/\/ubanews.com\/site\/2025\/12\/10\/conexao-rural-no-ginasio-sao-jose\/#respond\"]}]},{\"@type\":\"WebPage\",\"@id\":\"https:\/\/ubanews.com\/site\/2025\/12\/10\/conexao-rural-no-ginasio-sao-jose\/\",\"url\":\"https:\/\/ubanews.com\/site\/2025\/12\/10\/conexao-rural-no-ginasio-sao-jose\/\",\"name\":\"Conex\u00e3o Rural no Gin\u00e1sio S\u00e3o Jos\u00e9 - Ub\u00e1 News\",\"isPartOf\":{\"@id\":\"https:\/\/ubanews.com\/site\/#website\"},\"primaryImageOfPage\":{\"@id\":\"https:\/\/ubanews.com\/site\/2025\/12\/10\/conexao-rural-no-ginasio-sao-jose\/#primaryimage\"},\"image\":{\"@id\":\"https:\/\/ubanews.com\/site\/2025\/12\/10\/conexao-rural-no-ginasio-sao-jose\/#primaryimage\"},\"thumbnailUrl\":\"https:\/\/ubanews.com\/site\/wp-content\/uploads\/2025\/12\/Conexao-Rural-HD.jpeg\",\"datePublished\":\"2025-12-10T13:42:45+00:00\",\"description\":\"Conex\u00e3o Rural no Gin\u00e1sio S\u00e3o Jos\u00e9: hist\u00f3rias, pertencimento e a for\u00e7a do Produtor de \u00c1gua em Ub\u00e1. Hoje Museu Cultural, mant\u00e9m viva a hist\u00f3ria da antiga escola\",\"breadcrumb\":{\"@id\":\"https:\/\/ubanews.com\/site\/2025\/12\/10\/conexao-rural-no-ginasio-sao-jose\/#breadcrumb\"},\"inLanguage\":\"pt-BR\",\"potentialAction\":[{\"@type\":\"ReadAction\",\"target\":[\"https:\/\/ubanews.com\/site\/2025\/12\/10\/conexao-rural-no-ginasio-sao-jose\/\"]}]},{\"@type\":\"ImageObject\",\"inLanguage\":\"pt-BR\",\"@id\":\"https:\/\/ubanews.com\/site\/2025\/12\/10\/conexao-rural-no-ginasio-sao-jose\/#primaryimage\",\"url\":\"https:\/\/ubanews.com\/site\/wp-content\/uploads\/2025\/12\/Conexao-Rural-HD.jpeg\",\"contentUrl\":\"https:\/\/ubanews.com\/site\/wp-content\/uploads\/2025\/12\/Conexao-Rural-HD.jpeg\",\"width\":1280,\"height\":960,\"caption\":\"Conex\u00e3o Rural no Gin\u00e1sio S\u00e3o Jos\u00e9\"},{\"@type\":\"BreadcrumbList\",\"@id\":\"https:\/\/ubanews.com\/site\/2025\/12\/10\/conexao-rural-no-ginasio-sao-jose\/#breadcrumb\",\"itemListElement\":[{\"@type\":\"ListItem\",\"position\":1,\"name\":\"Home\",\"item\":\"https:\/\/ubanews.com\/site\/\"},{\"@type\":\"ListItem\",\"position\":2,\"name\":\"Conex\u00e3o Rural no Gin\u00e1sio S\u00e3o Jos\u00e9\"}]},{\"@type\":\"WebSite\",\"@id\":\"https:\/\/ubanews.com\/site\/#website\",\"url\":\"https:\/\/ubanews.com\/site\/\",\"name\":\"Ub\u00e1 News\",\"description\":\"\",\"publisher\":{\"@id\":\"https:\/\/ubanews.com\/site\/#organization\"},\"potentialAction\":[{\"@type\":\"SearchAction\",\"target\":{\"@type\":\"EntryPoint\",\"urlTemplate\":\"https:\/\/ubanews.com\/site\/?s={search_term_string}\"},\"query-input\":{\"@type\":\"PropertyValueSpecification\",\"valueRequired\":true,\"valueName\":\"search_term_string\"}}],\"inLanguage\":\"pt-BR\"},{\"@type\":\"Organization\",\"@id\":\"https:\/\/ubanews.com\/site\/#organization\",\"name\":\"Ub\u00e1 News\",\"url\":\"https:\/\/ubanews.com\/site\/\",\"logo\":{\"@type\":\"ImageObject\",\"inLanguage\":\"pt-BR\",\"@id\":\"https:\/\/ubanews.com\/site\/#\/schema\/logo\/image\/\",\"url\":\"https:\/\/ubanews.com\/site\/wp-content\/uploads\/2018\/01\/logoubanews.png\",\"contentUrl\":\"https:\/\/ubanews.com\/site\/wp-content\/uploads\/2018\/01\/logoubanews.png\",\"width\":261,\"height\":99,\"caption\":\"Ub\u00e1 News\"},\"image\":{\"@id\":\"https:\/\/ubanews.com\/site\/#\/schema\/logo\/image\/\"},\"sameAs\":[\"https:\/\/www.facebook.com\/Ub\u00e1News-Carlos-Roberto-Sodr\u00e9-418778301977370\"]},{\"@type\":\"Person\",\"@id\":\"https:\/\/ubanews.com\/site\/#\/schema\/person\/9d8da9ec3c8d00640ab6e8c81e103310\",\"name\":\"Carlos Roberto Sodr\u00e9\",\"image\":{\"@type\":\"ImageObject\",\"inLanguage\":\"pt-BR\",\"@id\":\"https:\/\/secure.gravatar.com\/avatar\/aab322e8555b56c468614fafdab8a8f924e394cdc6cfd8232f77e9e4d123a133?s=96&d=mm&r=g\",\"url\":\"https:\/\/secure.gravatar.com\/avatar\/aab322e8555b56c468614fafdab8a8f924e394cdc6cfd8232f77e9e4d123a133?s=96&d=mm&r=g\",\"contentUrl\":\"https:\/\/secure.gravatar.com\/avatar\/aab322e8555b56c468614fafdab8a8f924e394cdc6cfd8232f77e9e4d123a133?s=96&d=mm&r=g\",\"caption\":\"Carlos Roberto Sodr\u00e9\"},\"url\":\"https:\/\/ubanews.com\/site\/author\/sodre\/\"}]}<\/script>\n<!-- \/ Yoast SEO plugin. -->","yoast_head_json":{"title":"Conex\u00e3o Rural no Gin\u00e1sio S\u00e3o Jos\u00e9 - Ub\u00e1 News","description":"Conex\u00e3o Rural no Gin\u00e1sio S\u00e3o Jos\u00e9: hist\u00f3rias, pertencimento e a for\u00e7a do Produtor de \u00c1gua em Ub\u00e1. Hoje Museu Cultural, mant\u00e9m viva a hist\u00f3ria da antiga escola","robots":{"index":"index","follow":"follow","max-snippet":"max-snippet:-1","max-image-preview":"max-image-preview:large","max-video-preview":"max-video-preview:-1"},"canonical":"https:\/\/ubanews.com\/site\/2025\/12\/10\/conexao-rural-no-ginasio-sao-jose\/","og_locale":"pt_BR","og_type":"article","og_title":"Conex\u00e3o Rural no Gin\u00e1sio S\u00e3o Jos\u00e9 - Ub\u00e1 News","og_description":"Conex\u00e3o Rural no Gin\u00e1sio S\u00e3o Jos\u00e9: hist\u00f3rias, pertencimento e a for\u00e7a do Produtor de \u00c1gua em Ub\u00e1. Hoje Museu Cultural, mant\u00e9m viva a hist\u00f3ria da antiga escola","og_url":"https:\/\/ubanews.com\/site\/2025\/12\/10\/conexao-rural-no-ginasio-sao-jose\/","og_site_name":"Ub\u00e1 News","article_publisher":"https:\/\/www.facebook.com\/Ub%c3%a1News-Carlos-Roberto-Sodr%c3%a9-418778301977370","article_published_time":"2025-12-10T13:42:45+00:00","og_image":[{"width":1280,"height":960,"url":"https:\/\/ubanews.com\/site\/wp-content\/uploads\/2025\/12\/Conexao-Rural-HD.jpeg","type":"image\/jpeg"}],"author":"Carlos Roberto Sodr\u00e9","twitter_card":"summary_large_image","twitter_misc":{"Escrito por":"Carlos Roberto Sodr\u00e9","Est. tempo de leitura":"6 minutos"},"schema":{"@context":"https:\/\/schema.org","@graph":[{"@type":"Article","@id":"https:\/\/ubanews.com\/site\/2025\/12\/10\/conexao-rural-no-ginasio-sao-jose\/#article","isPartOf":{"@id":"https:\/\/ubanews.com\/site\/2025\/12\/10\/conexao-rural-no-ginasio-sao-jose\/"},"author":{"name":"Carlos Roberto Sodr\u00e9","@id":"https:\/\/ubanews.com\/site\/#\/schema\/person\/9d8da9ec3c8d00640ab6e8c81e103310"},"headline":"Conex\u00e3o Rural no Gin\u00e1sio S\u00e3o Jos\u00e9","datePublished":"2025-12-10T13:42:45+00:00","mainEntityOfPage":{"@id":"https:\/\/ubanews.com\/site\/2025\/12\/10\/conexao-rural-no-ginasio-sao-jose\/"},"wordCount":1056,"commentCount":0,"publisher":{"@id":"https:\/\/ubanews.com\/site\/#organization"},"image":{"@id":"https:\/\/ubanews.com\/site\/2025\/12\/10\/conexao-rural-no-ginasio-sao-jose\/#primaryimage"},"thumbnailUrl":"https:\/\/ubanews.com\/site\/wp-content\/uploads\/2025\/12\/Conexao-Rural-HD.jpeg","keywords":["Amaral","Conex\u00e3o Rural","Da\u00e7a Rino","Jaqueline","Pedra Branca","Sodr\u00e9"],"articleSection":["Geral","Slide"],"inLanguage":"pt-BR","potentialAction":[{"@type":"CommentAction","name":"Comment","target":["https:\/\/ubanews.com\/site\/2025\/12\/10\/conexao-rural-no-ginasio-sao-jose\/#respond"]}]},{"@type":"WebPage","@id":"https:\/\/ubanews.com\/site\/2025\/12\/10\/conexao-rural-no-ginasio-sao-jose\/","url":"https:\/\/ubanews.com\/site\/2025\/12\/10\/conexao-rural-no-ginasio-sao-jose\/","name":"Conex\u00e3o Rural no Gin\u00e1sio S\u00e3o Jos\u00e9 - Ub\u00e1 News","isPartOf":{"@id":"https:\/\/ubanews.com\/site\/#website"},"primaryImageOfPage":{"@id":"https:\/\/ubanews.com\/site\/2025\/12\/10\/conexao-rural-no-ginasio-sao-jose\/#primaryimage"},"image":{"@id":"https:\/\/ubanews.com\/site\/2025\/12\/10\/conexao-rural-no-ginasio-sao-jose\/#primaryimage"},"thumbnailUrl":"https:\/\/ubanews.com\/site\/wp-content\/uploads\/2025\/12\/Conexao-Rural-HD.jpeg","datePublished":"2025-12-10T13:42:45+00:00","description":"Conex\u00e3o Rural no Gin\u00e1sio S\u00e3o Jos\u00e9: hist\u00f3rias, pertencimento e a for\u00e7a do Produtor de \u00c1gua em Ub\u00e1. Hoje Museu Cultural, mant\u00e9m viva a hist\u00f3ria da antiga escola","breadcrumb":{"@id":"https:\/\/ubanews.com\/site\/2025\/12\/10\/conexao-rural-no-ginasio-sao-jose\/#breadcrumb"},"inLanguage":"pt-BR","potentialAction":[{"@type":"ReadAction","target":["https:\/\/ubanews.com\/site\/2025\/12\/10\/conexao-rural-no-ginasio-sao-jose\/"]}]},{"@type":"ImageObject","inLanguage":"pt-BR","@id":"https:\/\/ubanews.com\/site\/2025\/12\/10\/conexao-rural-no-ginasio-sao-jose\/#primaryimage","url":"https:\/\/ubanews.com\/site\/wp-content\/uploads\/2025\/12\/Conexao-Rural-HD.jpeg","contentUrl":"https:\/\/ubanews.com\/site\/wp-content\/uploads\/2025\/12\/Conexao-Rural-HD.jpeg","width":1280,"height":960,"caption":"Conex\u00e3o Rural no Gin\u00e1sio S\u00e3o Jos\u00e9"},{"@type":"BreadcrumbList","@id":"https:\/\/ubanews.com\/site\/2025\/12\/10\/conexao-rural-no-ginasio-sao-jose\/#breadcrumb","itemListElement":[{"@type":"ListItem","position":1,"name":"Home","item":"https:\/\/ubanews.com\/site\/"},{"@type":"ListItem","position":2,"name":"Conex\u00e3o Rural no Gin\u00e1sio S\u00e3o Jos\u00e9"}]},{"@type":"WebSite","@id":"https:\/\/ubanews.com\/site\/#website","url":"https:\/\/ubanews.com\/site\/","name":"Ub\u00e1 News","description":"","publisher":{"@id":"https:\/\/ubanews.com\/site\/#organization"},"potentialAction":[{"@type":"SearchAction","target":{"@type":"EntryPoint","urlTemplate":"https:\/\/ubanews.com\/site\/?s={search_term_string}"},"query-input":{"@type":"PropertyValueSpecification","valueRequired":true,"valueName":"search_term_string"}}],"inLanguage":"pt-BR"},{"@type":"Organization","@id":"https:\/\/ubanews.com\/site\/#organization","name":"Ub\u00e1 News","url":"https:\/\/ubanews.com\/site\/","logo":{"@type":"ImageObject","inLanguage":"pt-BR","@id":"https:\/\/ubanews.com\/site\/#\/schema\/logo\/image\/","url":"https:\/\/ubanews.com\/site\/wp-content\/uploads\/2018\/01\/logoubanews.png","contentUrl":"https:\/\/ubanews.com\/site\/wp-content\/uploads\/2018\/01\/logoubanews.png","width":261,"height":99,"caption":"Ub\u00e1 News"},"image":{"@id":"https:\/\/ubanews.com\/site\/#\/schema\/logo\/image\/"},"sameAs":["https:\/\/www.facebook.com\/Ub\u00e1News-Carlos-Roberto-Sodr\u00e9-418778301977370"]},{"@type":"Person","@id":"https:\/\/ubanews.com\/site\/#\/schema\/person\/9d8da9ec3c8d00640ab6e8c81e103310","name":"Carlos Roberto Sodr\u00e9","image":{"@type":"ImageObject","inLanguage":"pt-BR","@id":"https:\/\/secure.gravatar.com\/avatar\/aab322e8555b56c468614fafdab8a8f924e394cdc6cfd8232f77e9e4d123a133?s=96&d=mm&r=g","url":"https:\/\/secure.gravatar.com\/avatar\/aab322e8555b56c468614fafdab8a8f924e394cdc6cfd8232f77e9e4d123a133?s=96&d=mm&r=g","contentUrl":"https:\/\/secure.gravatar.com\/avatar\/aab322e8555b56c468614fafdab8a8f924e394cdc6cfd8232f77e9e4d123a133?s=96&d=mm&r=g","caption":"Carlos Roberto Sodr\u00e9"},"url":"https:\/\/ubanews.com\/site\/author\/sodre\/"}]}},"_links":{"self":[{"href":"https:\/\/ubanews.com\/site\/wp-json\/wp\/v2\/posts\/23523","targetHints":{"allow":["GET"]}}],"collection":[{"href":"https:\/\/ubanews.com\/site\/wp-json\/wp\/v2\/posts"}],"about":[{"href":"https:\/\/ubanews.com\/site\/wp-json\/wp\/v2\/types\/post"}],"author":[{"embeddable":true,"href":"https:\/\/ubanews.com\/site\/wp-json\/wp\/v2\/users\/4"}],"replies":[{"embeddable":true,"href":"https:\/\/ubanews.com\/site\/wp-json\/wp\/v2\/comments?post=23523"}],"version-history":[{"count":0,"href":"https:\/\/ubanews.com\/site\/wp-json\/wp\/v2\/posts\/23523\/revisions"}],"wp:featuredmedia":[{"embeddable":true,"href":"https:\/\/ubanews.com\/site\/wp-json\/wp\/v2\/media\/23524"}],"wp:attachment":[{"href":"https:\/\/ubanews.com\/site\/wp-json\/wp\/v2\/media?parent=23523"}],"wp:term":[{"taxonomy":"category","embeddable":true,"href":"https:\/\/ubanews.com\/site\/wp-json\/wp\/v2\/categories?post=23523"},{"taxonomy":"post_tag","embeddable":true,"href":"https:\/\/ubanews.com\/site\/wp-json\/wp\/v2\/tags?post=23523"}],"curies":[{"name":"wp","href":"https:\/\/api.w.org\/{rel}","templated":true}]}}