{"id":23507,"date":"2025-12-09T16:13:15","date_gmt":"2025-12-09T19:13:15","guid":{"rendered":"https:\/\/ubanews.com\/site\/?p=23507"},"modified":"2025-12-09T16:13:15","modified_gmt":"2025-12-09T19:13:15","slug":"uma-noite-de-festa-na-camara-municipal-de-uba","status":"publish","type":"post","link":"https:\/\/ubanews.com\/site\/2025\/12\/09\/uma-noite-de-festa-na-camara-municipal-de-uba\/","title":{"rendered":"Uma Noite de Festa na C\u00e2mara Municipal de Ub\u00e1"},"content":{"rendered":"<h1 data-start=\"491\" data-end=\"597\"><strong data-start=\"493\" data-end=\"597\">Uma Noite de Festa na C\u00e2mara Municipal de Ub\u00e1: Homenagens, Hist\u00f3rias e Emo\u00e7\u00f5es que Marcam uma Cidade<\/strong><\/h1>\n<p data-start=\"599\" data-end=\"1080\">A noite de 5 de dezembro de 2025 entrou para as p\u00e1ginas da hist\u00f3ria de Ub\u00e1. A C\u00e2mara Municipal realizou uma sess\u00e3o solene repleta de homenagens, reconhecimento e emo\u00e7\u00e3o. O rep\u00f3rter <strong data-start=\"780\" data-end=\"804\">Carlos Roberto Sodr\u00e9<\/strong> esteve presente nos bastidores e no plen\u00e1rio, registrando cada momento. As imagens ficaram a cargo de <strong data-start=\"907\" data-end=\"922\">Laisa Sodr\u00e9<\/strong>, enquanto a <strong data-start=\"935\" data-end=\"950\">INDICCA.COM<\/strong>, por meio de Pedro Henriques, cuidou da gera\u00e7\u00e3o de conte\u00fado.<br data-start=\"1011\" data-end=\"1014\" \/>A seguir, voc\u00ea vai conhecer os destaques dessa noite inesquec\u00edvel.<\/p>\n<hr data-start=\"1082\" data-end=\"1085\" \/>\n<h2 data-start=\"1087\" data-end=\"1132\"><strong data-start=\"1090\" data-end=\"1132\">Uma Noite de Gratid\u00e3o e Reconhecimento<\/strong><\/h2>\n<p data-start=\"1134\" data-end=\"1386\">Logo na entrada da C\u00e2mara, a movimenta\u00e7\u00e3o mostrava que a solenidade seria especial. Familiares, convidados e autoridades ocupavam cada espa\u00e7o da Casa do Povo.<br data-start=\"1292\" data-end=\"1295\" \/>O presidente do Legislativo abriu a noite com um sentimento forte de orgulho. Ele refor\u00e7ou:<\/p>\n<p data-start=\"1388\" data-end=\"1500\"><strong data-start=\"1388\" data-end=\"1500\">\u201c\u00c9 uma honra premiar pessoas que contribuem com o desenvolvimento da nossa cidade, direta ou indiretamente.\u201d<\/strong><\/p>\n<p data-start=\"1502\" data-end=\"1644\">A cerim\u00f4nia contemplou a entrega de t\u00edtulos de <strong data-start=\"1549\" data-end=\"1578\">Cidad\u00e3o Honor\u00e1rio Ubaense<\/strong> e da <strong data-start=\"1584\" data-end=\"1607\">Comenda Ary Barroso<\/strong>, uma das mais importantes da cidade.<\/p>\n<h2 data-start=\"1651\" data-end=\"1689\"><strong data-start=\"1654\" data-end=\"1689\">Homenagens Que Contam Hist\u00f3rias<\/strong><\/h2>\n<p data-start=\"1691\" data-end=\"1839\">Cada vereador escolheu um homenageado. Cada escolha veio acompanhada de uma hist\u00f3ria de vida. E cada hist\u00f3ria trouxe um motivo claro para estar ali.<\/p>\n<p data-start=\"1691\" data-end=\"1839\"><img decoding=\"async\" class=\"aligncenter size-medium wp-image-23520 lazyload\" data-src=\"https:\/\/ubanews.com\/site\/wp-content\/uploads\/2025\/12\/Camara-de-Vereadores-de-Uba-celebra-Vereador-Jose-Maria-e-300x169.jpg\" alt=\"Uma Noite de Festa na C\u00e2mara Municipal de Ub\u00e1\n\" width=\"300\" height=\"169\" data-srcset=\"https:\/\/ubanews.com\/site\/wp-content\/uploads\/2025\/12\/Camara-de-Vereadores-de-Uba-celebra-Vereador-Jose-Maria-e-300x169.jpg 300w, https:\/\/ubanews.com\/site\/wp-content\/uploads\/2025\/12\/Camara-de-Vereadores-de-Uba-celebra-Vereador-Jose-Maria-e-768x434.jpg 768w, https:\/\/ubanews.com\/site\/wp-content\/uploads\/2025\/12\/Camara-de-Vereadores-de-Uba-celebra-Vereador-Jose-Maria-e.jpg 1008w\" data-sizes=\"(max-width: 300px) 100vw, 300px\" src=\"data:image\/svg+xml;base64,PHN2ZyB3aWR0aD0iMSIgaGVpZ2h0PSIxIiB4bWxucz0iaHR0cDovL3d3dy53My5vcmcvMjAwMC9zdmciPjwvc3ZnPg==\" style=\"--smush-placeholder-width: 300px; --smush-placeholder-aspect-ratio: 300\/169;\" \/><\/p>\n<h3 data-start=\"1841\" data-end=\"1895\"><strong data-start=\"1845\" data-end=\"1895\">Dra. Pamela \u2013 Indica\u00e7\u00e3o do Vereador Jos\u00e9 Maria<\/strong><\/h3>\n<p data-start=\"1896\" data-end=\"1997\">O vereador destacou o trabalho da m\u00e9dica no distrito de Diamante. Ele relembrou um epis\u00f3dio marcante:<\/p>\n<p data-start=\"1999\" data-end=\"2079\"><strong data-start=\"1999\" data-end=\"2079\">\u201cEla fez de tudo para salvar um morador, com profissionalismo e humanidade.\u201d<\/strong><\/p>\n<p data-start=\"2081\" data-end=\"2129\">A m\u00e9dica recebeu a homenagem emocionada e disse:<\/p>\n<p data-start=\"2131\" data-end=\"2228\"><strong data-start=\"2131\" data-end=\"2228\">\u201cFiz o poss\u00edvel. Atendo a comunidade com dedica\u00e7\u00e3o. Ser reconhecida por isso me honra muito.\u201d<\/strong><\/p>\n<p data-start=\"2131\" data-end=\"2228\"><img decoding=\"async\" class=\"aligncenter size-medium wp-image-23517 lazyload\" data-src=\"https:\/\/ubanews.com\/site\/wp-content\/uploads\/2025\/12\/Camara-de-Vereadores-de-Uba-celebra-Vereador-Jose-Maria-300x168.jpg\" alt=\"Uma Noite de Festa na C\u00e2mara Municipal de Ub\u00e1\n\" width=\"300\" height=\"168\" data-srcset=\"https:\/\/ubanews.com\/site\/wp-content\/uploads\/2025\/12\/Camara-de-Vereadores-de-Uba-celebra-Vereador-Jose-Maria-300x168.jpg 300w, https:\/\/ubanews.com\/site\/wp-content\/uploads\/2025\/12\/Camara-de-Vereadores-de-Uba-celebra-Vereador-Jose-Maria-768x431.jpg 768w, https:\/\/ubanews.com\/site\/wp-content\/uploads\/2025\/12\/Camara-de-Vereadores-de-Uba-celebra-Vereador-Jose-Maria-360x200.jpg 360w, https:\/\/ubanews.com\/site\/wp-content\/uploads\/2025\/12\/Camara-de-Vereadores-de-Uba-celebra-Vereador-Jose-Maria.jpg 998w\" data-sizes=\"(max-width: 300px) 100vw, 300px\" src=\"data:image\/svg+xml;base64,PHN2ZyB3aWR0aD0iMSIgaGVpZ2h0PSIxIiB4bWxucz0iaHR0cDovL3d3dy53My5vcmcvMjAwMC9zdmciPjwvc3ZnPg==\" style=\"--smush-placeholder-width: 300px; --smush-placeholder-aspect-ratio: 300\/168;\" \/><\/p>\n<h3 data-start=\"2235\" data-end=\"2290\"><strong data-start=\"2239\" data-end=\"2290\">Paulo Ga\u00facho \u2013 Indica\u00e7\u00e3o do Vereador Breno Reis<\/strong><\/h3>\n<p data-start=\"2291\" data-end=\"2419\">O vereador ressaltou a import\u00e2ncia do homenageado para a economia local e para a comunidade.<br data-start=\"2383\" data-end=\"2386\" \/>Paulo retribuiu com simplicidade:<\/p>\n<p data-start=\"2421\" data-end=\"2518\"><strong data-start=\"2421\" data-end=\"2518\">\u201cCheguei aqui h\u00e1 41 anos. O povo me acolheu, e eu sempre procurei ajudar. Estou muito feliz.\u201d<\/strong><\/p>\n<p data-start=\"2421\" data-end=\"2518\"><img decoding=\"async\" class=\"aligncenter size-medium wp-image-23516 lazyload\" data-src=\"https:\/\/ubanews.com\/site\/wp-content\/uploads\/2025\/12\/Camara-de-Vereadores-de-Uba-celebra-Breno-Reis-300x167.jpg\" alt=\"Uma Noite de Festa na C\u00e2mara Municipal de Ub\u00e1\" width=\"300\" height=\"167\" data-srcset=\"https:\/\/ubanews.com\/site\/wp-content\/uploads\/2025\/12\/Camara-de-Vereadores-de-Uba-celebra-Breno-Reis-300x167.jpg 300w, https:\/\/ubanews.com\/site\/wp-content\/uploads\/2025\/12\/Camara-de-Vereadores-de-Uba-celebra-Breno-Reis-768x428.jpg 768w, https:\/\/ubanews.com\/site\/wp-content\/uploads\/2025\/12\/Camara-de-Vereadores-de-Uba-celebra-Breno-Reis-360x200.jpg 360w, https:\/\/ubanews.com\/site\/wp-content\/uploads\/2025\/12\/Camara-de-Vereadores-de-Uba-celebra-Breno-Reis.jpg 1010w\" data-sizes=\"(max-width: 300px) 100vw, 300px\" src=\"data:image\/svg+xml;base64,PHN2ZyB3aWR0aD0iMSIgaGVpZ2h0PSIxIiB4bWxucz0iaHR0cDovL3d3dy53My5vcmcvMjAwMC9zdmciPjwvc3ZnPg==\" style=\"--smush-placeholder-width: 300px; --smush-placeholder-aspect-ratio: 300\/167;\" \/><\/p>\n<h3 data-start=\"2525\" data-end=\"2582\"><strong data-start=\"2529\" data-end=\"2582\">Amaral \u2013 Indica\u00e7\u00e3o pelo Trabalho no Conex\u00e3o Rural<\/strong><\/h3>\n<p data-start=\"2583\" data-end=\"2724\">Em seguida veio a homenagem ao sempre sorridente Amaral, indicado pelo vereador Amaral (com substitui\u00e7\u00e3o por motivo pessoal).<br data-start=\"2708\" data-end=\"2711\" \/>Ele declarou:<\/p>\n<p data-start=\"2726\" data-end=\"2842\"><strong data-start=\"2726\" data-end=\"2842\">\u201cEstou representando minha fam\u00edlia, os grossienses e o Conex\u00e3o Rural. A semente virou \u00e1rvore e agora d\u00e1 frutos.\u201d<\/strong><\/p>\n<p data-start=\"2726\" data-end=\"2842\"><img decoding=\"async\" class=\"aligncenter size-medium wp-image-23521 lazyload\" data-src=\"https:\/\/ubanews.com\/site\/wp-content\/uploads\/2025\/12\/Camara-de-Vereadores-de-Uba-celebra-Amaral-300x165.jpg\" alt=\"Uma Noite de Festa na C\u00e2mara Municipal de Ub\u00e1\n\" width=\"300\" height=\"165\" data-srcset=\"https:\/\/ubanews.com\/site\/wp-content\/uploads\/2025\/12\/Camara-de-Vereadores-de-Uba-celebra-Amaral-300x165.jpg 300w, https:\/\/ubanews.com\/site\/wp-content\/uploads\/2025\/12\/Camara-de-Vereadores-de-Uba-celebra-Amaral-768x423.jpg 768w, https:\/\/ubanews.com\/site\/wp-content\/uploads\/2025\/12\/Camara-de-Vereadores-de-Uba-celebra-Amaral-600x330.jpg 600w, https:\/\/ubanews.com\/site\/wp-content\/uploads\/2025\/12\/Camara-de-Vereadores-de-Uba-celebra-Amaral.jpg 1003w\" data-sizes=\"(max-width: 300px) 100vw, 300px\" src=\"data:image\/svg+xml;base64,PHN2ZyB3aWR0aD0iMSIgaGVpZ2h0PSIxIiB4bWxucz0iaHR0cDovL3d3dy53My5vcmcvMjAwMC9zdmciPjwvc3ZnPg==\" style=\"--smush-placeholder-width: 300px; --smush-placeholder-aspect-ratio: 300\/165;\" \/><\/p>\n<h3 data-start=\"2849\" data-end=\"2912\"><strong data-start=\"2853\" data-end=\"2912\">Marcelo Paiva \u2013 Indica\u00e7\u00e3o do Vereador Domingos Trindade<\/strong><\/h3>\n<p data-start=\"2913\" data-end=\"3019\">O vereador destacou a carreira de mais de 30 anos do servidor p\u00fablico.<br data-start=\"2983\" data-end=\"2986\" \/>Marcelo agradeceu com maturidade:<\/p>\n<p data-start=\"3021\" data-end=\"3113\"><strong data-start=\"3021\" data-end=\"3113\">\u201cA valoriza\u00e7\u00e3o do servidor p\u00fablico \u00e9 muito importante. Recebo esse t\u00edtulo com gratid\u00e3o.\u201d<\/strong><\/p>\n<p data-start=\"3021\" data-end=\"3113\"><img decoding=\"async\" class=\"aligncenter size-medium wp-image-23514 lazyload\" data-src=\"https:\/\/ubanews.com\/site\/wp-content\/uploads\/2025\/12\/Camara-de-Vereadores-de-Uba-celebra-Domingos-Trindade-300x168.jpg\" alt=\"Uma Noite de Festa na C\u00e2mara Municipal de Ub\u00e1\n\" width=\"300\" height=\"168\" data-srcset=\"https:\/\/ubanews.com\/site\/wp-content\/uploads\/2025\/12\/Camara-de-Vereadores-de-Uba-celebra-Domingos-Trindade-300x168.jpg 300w, https:\/\/ubanews.com\/site\/wp-content\/uploads\/2025\/12\/Camara-de-Vereadores-de-Uba-celebra-Domingos-Trindade-768x431.jpg 768w, https:\/\/ubanews.com\/site\/wp-content\/uploads\/2025\/12\/Camara-de-Vereadores-de-Uba-celebra-Domingos-Trindade-360x200.jpg 360w, https:\/\/ubanews.com\/site\/wp-content\/uploads\/2025\/12\/Camara-de-Vereadores-de-Uba-celebra-Domingos-Trindade.jpg 1005w\" data-sizes=\"(max-width: 300px) 100vw, 300px\" src=\"data:image\/svg+xml;base64,PHN2ZyB3aWR0aD0iMSIgaGVpZ2h0PSIxIiB4bWxucz0iaHR0cDovL3d3dy53My5vcmcvMjAwMC9zdmciPjwvc3ZnPg==\" style=\"--smush-placeholder-width: 300px; --smush-placeholder-aspect-ratio: 300\/168;\" \/><\/p>\n<h3 data-start=\"3120\" data-end=\"3197\"><strong data-start=\"3124\" data-end=\"3197\">Jos\u00e9 Domiciano Soares Junior \u2013 Indica\u00e7\u00e3o da Vereadora Marilda Le\u00f4ncio<\/strong><\/h3>\n<p data-start=\"3198\" data-end=\"3303\">A vereadora se emocionou ao falar de algu\u00e9m que fez parte da sua vida acad\u00eamica e pessoal.<br data-start=\"3288\" data-end=\"3291\" \/>Ela afirmou:<\/p>\n<p data-start=\"3305\" data-end=\"3416\"><strong data-start=\"3305\" data-end=\"3416\">\u201c\u00c9 presente de Deus entregar essa homenagem ao meu padrinho de casamento. Ele merecia esse reconhecimento.\u201d<\/strong><\/p>\n<p data-start=\"3418\" data-end=\"3442\">O homenageado retribuiu:<\/p>\n<p data-start=\"3444\" data-end=\"3524\"><strong data-start=\"3444\" data-end=\"3524\">\u201cEstudei e constru\u00ed minha vida aqui. Receber esse t\u00edtulo \u00e9 especial demais.\u201d<\/strong><\/p>\n<p data-start=\"3444\" data-end=\"3524\"><img decoding=\"async\" class=\"aligncenter size-medium wp-image-23518 lazyload\" data-src=\"https:\/\/ubanews.com\/site\/wp-content\/uploads\/2025\/12\/Camara-de-Vereadores-de-Uba-celebra-homenageado-Domiciano-300x167.jpg\" alt=\"Uma Noite de Festa na C\u00e2mara Municipal de Ub\u00e1\n\" width=\"300\" height=\"167\" data-srcset=\"https:\/\/ubanews.com\/site\/wp-content\/uploads\/2025\/12\/Camara-de-Vereadores-de-Uba-celebra-homenageado-Domiciano-300x167.jpg 300w, https:\/\/ubanews.com\/site\/wp-content\/uploads\/2025\/12\/Camara-de-Vereadores-de-Uba-celebra-homenageado-Domiciano-768x427.jpg 768w, https:\/\/ubanews.com\/site\/wp-content\/uploads\/2025\/12\/Camara-de-Vereadores-de-Uba-celebra-homenageado-Domiciano-360x200.jpg 360w, https:\/\/ubanews.com\/site\/wp-content\/uploads\/2025\/12\/Camara-de-Vereadores-de-Uba-celebra-homenageado-Domiciano.jpg 1005w\" data-sizes=\"(max-width: 300px) 100vw, 300px\" src=\"data:image\/svg+xml;base64,PHN2ZyB3aWR0aD0iMSIgaGVpZ2h0PSIxIiB4bWxucz0iaHR0cDovL3d3dy53My5vcmcvMjAwMC9zdmciPjwvc3ZnPg==\" style=\"--smush-placeholder-width: 300px; --smush-placeholder-aspect-ratio: 300\/167;\" \/><\/p>\n<h3 data-start=\"3531\" data-end=\"3591\"><strong data-start=\"3535\" data-end=\"3591\">Sr. Gilson \u2013 Indica\u00e7\u00e3o do Vereador Paulinho da Sa\u00fade<\/strong><\/h3>\n<p data-start=\"3592\" data-end=\"3657\">A homenagem destacou uma amizade de 30 anos.<br data-start=\"3636\" data-end=\"3639\" \/>Paulinho explicou:<\/p>\n<p data-start=\"3659\" data-end=\"3738\"><strong data-start=\"3659\" data-end=\"3738\">\u201c\u00c9 um amigo de confian\u00e7a. Sempre me apoiou. Essa homenagem vem do cora\u00e7\u00e3o.\u201d<\/strong><\/p>\n<p data-start=\"3740\" data-end=\"3766\">E o homenageado completou:<\/p>\n<p data-start=\"3768\" data-end=\"3842\"><strong data-start=\"3768\" data-end=\"3842\">\u201cEstou na cidade h\u00e1 35 anos. \u00c9 uma honra receber esse reconhecimento.\u201d<\/strong><\/p>\n<p data-start=\"3768\" data-end=\"3842\"><img decoding=\"async\" class=\"aligncenter size-medium wp-image-23513 lazyload\" data-src=\"https:\/\/ubanews.com\/site\/wp-content\/uploads\/2025\/12\/Camara-de-Vereadores-de-Uba-celebra-Paulinho-da-Saude-300x169.jpg\" alt=\"Uma Noite de Festa na C\u00e2mara Municipal de Ub\u00e1\n\" width=\"300\" height=\"169\" data-srcset=\"https:\/\/ubanews.com\/site\/wp-content\/uploads\/2025\/12\/Camara-de-Vereadores-de-Uba-celebra-Paulinho-da-Saude-300x169.jpg 300w, https:\/\/ubanews.com\/site\/wp-content\/uploads\/2025\/12\/Camara-de-Vereadores-de-Uba-celebra-Paulinho-da-Saude-768x432.jpg 768w, https:\/\/ubanews.com\/site\/wp-content\/uploads\/2025\/12\/Camara-de-Vereadores-de-Uba-celebra-Paulinho-da-Saude.jpg 1005w\" data-sizes=\"(max-width: 300px) 100vw, 300px\" src=\"data:image\/svg+xml;base64,PHN2ZyB3aWR0aD0iMSIgaGVpZ2h0PSIxIiB4bWxucz0iaHR0cDovL3d3dy53My5vcmcvMjAwMC9zdmciPjwvc3ZnPg==\" style=\"--smush-placeholder-width: 300px; --smush-placeholder-aspect-ratio: 300\/169;\" \/><\/p>\n<p data-start=\"3768\" data-end=\"3842\">\n<h3 data-start=\"3849\" data-end=\"3908\"><strong data-start=\"3853\" data-end=\"3908\">Sr. Rog\u00e9rio \u2013 Indica\u00e7\u00e3o do Vereador Gilson Pica Pau<\/strong><\/h3>\n<p data-start=\"3909\" data-end=\"4010\">Segundo o vereador, o homenageado \u00e9 um homem dedicado \u00e0 comunidade e ao trabalho.<br data-start=\"3990\" data-end=\"3993\" \/>Rog\u00e9rio refor\u00e7ou:<\/p>\n<p data-start=\"4012\" data-end=\"4104\"><strong data-start=\"4012\" data-end=\"4104\">\u201cEstou feliz. \u00c9 importante saber que meu esfor\u00e7o e minha trajet\u00f3ria foram reconhecidos.\u201d<\/strong><\/p>\n<p data-start=\"4012\" data-end=\"4104\"><img decoding=\"async\" class=\"aligncenter size-medium wp-image-23512 lazyload\" data-src=\"https:\/\/ubanews.com\/site\/wp-content\/uploads\/2025\/12\/Camara-de-Vereadores-de-Uba-celebra-Gilson-Pica-Pau-300x168.jpg\" alt=\"Uma Noite de Festa na C\u00e2mara Municipal de Ub\u00e1\" width=\"300\" height=\"168\" data-srcset=\"https:\/\/ubanews.com\/site\/wp-content\/uploads\/2025\/12\/Camara-de-Vereadores-de-Uba-celebra-Gilson-Pica-Pau-300x168.jpg 300w, https:\/\/ubanews.com\/site\/wp-content\/uploads\/2025\/12\/Camara-de-Vereadores-de-Uba-celebra-Gilson-Pica-Pau-768x431.jpg 768w, https:\/\/ubanews.com\/site\/wp-content\/uploads\/2025\/12\/Camara-de-Vereadores-de-Uba-celebra-Gilson-Pica-Pau-360x200.jpg 360w, https:\/\/ubanews.com\/site\/wp-content\/uploads\/2025\/12\/Camara-de-Vereadores-de-Uba-celebra-Gilson-Pica-Pau.jpg 1004w\" data-sizes=\"(max-width: 300px) 100vw, 300px\" src=\"data:image\/svg+xml;base64,PHN2ZyB3aWR0aD0iMSIgaGVpZ2h0PSIxIiB4bWxucz0iaHR0cDovL3d3dy53My5vcmcvMjAwMC9zdmciPjwvc3ZnPg==\" style=\"--smush-placeholder-width: 300px; --smush-placeholder-aspect-ratio: 300\/168;\" \/><\/p>\n<h3 data-start=\"4111\" data-end=\"4160\"><strong data-start=\"4115\" data-end=\"4160\">Sra. Rosilene \u2013 Indica\u00e7\u00e3o da Vereadora Soninha<\/strong><\/h3>\n<p data-start=\"4161\" data-end=\"4255\">A vereadora destacou a for\u00e7a e a trajet\u00f3ria profissional da homenageada.<br data-start=\"4233\" data-end=\"4236\" \/>Rosilene agradeceu:<\/p>\n<p data-start=\"4257\" data-end=\"4355\"><strong data-start=\"4257\" data-end=\"4355\">\u201cFiquei muito feliz. Cresci aqui e construir minha hist\u00f3ria nessa cidade \u00e9 motivo de orgulho.\u201d<\/strong><\/p>\n<p data-start=\"4257\" data-end=\"4355\"><img decoding=\"async\" class=\"aligncenter size-medium wp-image-23511 lazyload\" data-src=\"https:\/\/ubanews.com\/site\/wp-content\/uploads\/2025\/12\/Camara-de-Vereadores-de-Uba-celebra-Soninha-300x166.jpg\" alt=\"Uma Noite de Festa na C\u00e2mara Municipal de Ub\u00e1\n\" width=\"300\" height=\"166\" data-srcset=\"https:\/\/ubanews.com\/site\/wp-content\/uploads\/2025\/12\/Camara-de-Vereadores-de-Uba-celebra-Soninha-300x166.jpg 300w, https:\/\/ubanews.com\/site\/wp-content\/uploads\/2025\/12\/Camara-de-Vereadores-de-Uba-celebra-Soninha-768x424.jpg 768w, https:\/\/ubanews.com\/site\/wp-content\/uploads\/2025\/12\/Camara-de-Vereadores-de-Uba-celebra-Soninha-360x200.jpg 360w, https:\/\/ubanews.com\/site\/wp-content\/uploads\/2025\/12\/Camara-de-Vereadores-de-Uba-celebra-Soninha-600x330.jpg 600w, https:\/\/ubanews.com\/site\/wp-content\/uploads\/2025\/12\/Camara-de-Vereadores-de-Uba-celebra-Soninha.jpg 1012w\" data-sizes=\"(max-width: 300px) 100vw, 300px\" src=\"data:image\/svg+xml;base64,PHN2ZyB3aWR0aD0iMSIgaGVpZ2h0PSIxIiB4bWxucz0iaHR0cDovL3d3dy53My5vcmcvMjAwMC9zdmciPjwvc3ZnPg==\" style=\"--smush-placeholder-width: 300px; --smush-placeholder-aspect-ratio: 300\/166;\" \/><\/p>\n<h3 data-start=\"4362\" data-end=\"4426\"><strong data-start=\"4366\" data-end=\"4426\">Pastor Ricardo Bas\u00edlio \u2013 Indica\u00e7\u00e3o do Vereador Renatinho<\/strong><\/h3>\n<p data-start=\"4427\" data-end=\"4449\">O vereador justificou:<\/p>\n<p data-start=\"4451\" data-end=\"4513\"><strong data-start=\"4451\" data-end=\"4513\">\u201cEle ajudou muito a minha fam\u00edlia. \u00c9 pastor, pai e amigo.\u201d<\/strong><\/p>\n<p data-start=\"4515\" data-end=\"4533\">O pastor declarou:<\/p>\n<p data-start=\"4535\" data-end=\"4640\"><strong data-start=\"4535\" data-end=\"4640\">\u201cGlorifico a Deus por este momento. Ub\u00e1 me acolheu e me deu oportunidades. Aqui constru\u00ed minha vida.\u201d<\/strong><\/p>\n<p data-start=\"4535\" data-end=\"4640\"><img decoding=\"async\" class=\"aligncenter size-medium wp-image-23510 lazyload\" data-src=\"https:\/\/ubanews.com\/site\/wp-content\/uploads\/2025\/12\/Camara-de-Vereadores-de-Uba-celebra-Renatinho-300x168.jpg\" alt=\"Uma Noite de Festa na C\u00e2mara Municipal de Ub\u00e1\n\" width=\"300\" height=\"168\" data-srcset=\"https:\/\/ubanews.com\/site\/wp-content\/uploads\/2025\/12\/Camara-de-Vereadores-de-Uba-celebra-Renatinho-300x168.jpg 300w, https:\/\/ubanews.com\/site\/wp-content\/uploads\/2025\/12\/Camara-de-Vereadores-de-Uba-celebra-Renatinho-768x431.jpg 768w, https:\/\/ubanews.com\/site\/wp-content\/uploads\/2025\/12\/Camara-de-Vereadores-de-Uba-celebra-Renatinho-360x200.jpg 360w, https:\/\/ubanews.com\/site\/wp-content\/uploads\/2025\/12\/Camara-de-Vereadores-de-Uba-celebra-Renatinho.jpg 1002w\" data-sizes=\"(max-width: 300px) 100vw, 300px\" src=\"data:image\/svg+xml;base64,PHN2ZyB3aWR0aD0iMSIgaGVpZ2h0PSIxIiB4bWxucz0iaHR0cDovL3d3dy53My5vcmcvMjAwMC9zdmciPjwvc3ZnPg==\" style=\"--smush-placeholder-width: 300px; --smush-placeholder-aspect-ratio: 300\/168;\" \/><\/p>\n<h3 data-start=\"4647\" data-end=\"4719\"><strong data-start=\"4651\" data-end=\"4719\">Pastor Edmar \u2013 Indica\u00e7\u00e3o do Vereador Jos\u00e9 Roberto Reis Figueiras<\/strong><\/h3>\n<p data-start=\"4720\" data-end=\"4792\">O vereador ressaltou o trabalho social do pastor.<br data-start=\"4769\" data-end=\"4772\" \/>O homenageado disse:<\/p>\n<p data-start=\"4794\" data-end=\"4888\"><strong data-start=\"4794\" data-end=\"4888\">\u201cAprendi a amar Ub\u00e1 como terra das oportunidades. Tento retribuir o carinho dessa cidade.\u201d<\/strong><\/p>\n<p data-start=\"4794\" data-end=\"4888\"><img decoding=\"async\" class=\"aligncenter size-medium wp-image-23509 lazyload\" data-src=\"https:\/\/ubanews.com\/site\/wp-content\/uploads\/2025\/12\/Camara-de-Vereadores-de-Uba-celebra-Jose-Roberto-300x167.jpg\" alt=\"Uma Noite de Festa na C\u00e2mara Municipal de Ub\u00e1\n\" width=\"300\" height=\"167\" data-srcset=\"https:\/\/ubanews.com\/site\/wp-content\/uploads\/2025\/12\/Camara-de-Vereadores-de-Uba-celebra-Jose-Roberto-300x167.jpg 300w, https:\/\/ubanews.com\/site\/wp-content\/uploads\/2025\/12\/Camara-de-Vereadores-de-Uba-celebra-Jose-Roberto-768x426.jpg 768w, https:\/\/ubanews.com\/site\/wp-content\/uploads\/2025\/12\/Camara-de-Vereadores-de-Uba-celebra-Jose-Roberto-360x200.jpg 360w, https:\/\/ubanews.com\/site\/wp-content\/uploads\/2025\/12\/Camara-de-Vereadores-de-Uba-celebra-Jose-Roberto.jpg 1012w\" data-sizes=\"(max-width: 300px) 100vw, 300px\" src=\"data:image\/svg+xml;base64,PHN2ZyB3aWR0aD0iMSIgaGVpZ2h0PSIxIiB4bWxucz0iaHR0cDovL3d3dy53My5vcmcvMjAwMC9zdmciPjwvc3ZnPg==\" style=\"--smush-placeholder-width: 300px; --smush-placeholder-aspect-ratio: 300\/167;\" \/><\/p>\n<p data-start=\"279\" data-end=\"401\">O Secret\u00e1rio de Meio Ambiente, <strong data-start=\"310\" data-end=\"326\">Salom\u00e3o Curi<\/strong>, participou do evento e registrou sua posi\u00e7\u00e3o de forma clara. Ele afirmou:<\/p>\n<p data-start=\"403\" data-end=\"560\"><strong data-start=\"403\" data-end=\"560\">\u201cReceber uma homenagem da cidade \u00e9 sempre muito gratificante. \u00c9 um reconhecimento que refor\u00e7a nosso compromisso com Ub\u00e1 e com o trabalho que realizamos.\u201d<\/strong><\/p>\n<p data-start=\"403\" data-end=\"560\"><img decoding=\"async\" class=\"aligncenter size-medium wp-image-23508 lazyload\" data-src=\"https:\/\/ubanews.com\/site\/wp-content\/uploads\/2025\/12\/Camara-de-Vereadores-de-Uba-celebra-Solomao-300x166.jpg\" alt=\"Uma Noite de Festa na C\u00e2mara Municipal de Ub\u00e1\n\" width=\"300\" height=\"166\" data-srcset=\"https:\/\/ubanews.com\/site\/wp-content\/uploads\/2025\/12\/Camara-de-Vereadores-de-Uba-celebra-Solomao-300x166.jpg 300w, https:\/\/ubanews.com\/site\/wp-content\/uploads\/2025\/12\/Camara-de-Vereadores-de-Uba-celebra-Solomao-768x426.jpg 768w, https:\/\/ubanews.com\/site\/wp-content\/uploads\/2025\/12\/Camara-de-Vereadores-de-Uba-celebra-Solomao-360x200.jpg 360w, https:\/\/ubanews.com\/site\/wp-content\/uploads\/2025\/12\/Camara-de-Vereadores-de-Uba-celebra-Solomao-600x330.jpg 600w, https:\/\/ubanews.com\/site\/wp-content\/uploads\/2025\/12\/Camara-de-Vereadores-de-Uba-celebra-Solomao.jpg 1006w\" data-sizes=\"(max-width: 300px) 100vw, 300px\" src=\"data:image\/svg+xml;base64,PHN2ZyB3aWR0aD0iMSIgaGVpZ2h0PSIxIiB4bWxucz0iaHR0cDovL3d3dy53My5vcmcvMjAwMC9zdmciPjwvc3ZnPg==\" style=\"--smush-placeholder-width: 300px; --smush-placeholder-aspect-ratio: 300\/166;\" \/><\/p>\n<h2 data-start=\"4895\" data-end=\"4924\"><strong data-start=\"4898\" data-end=\"4924\">A Presen\u00e7a do Prefeito<\/strong><\/h2>\n<p data-start=\"4925\" data-end=\"4964\">O prefeito esteve no evento e destacou:<\/p>\n<p data-start=\"4966\" data-end=\"5054\"><strong data-start=\"4966\" data-end=\"5054\">\u201c\u00c9 importante reconhecer quem constr\u00f3i a cidade. E hoje temos muito o que celebrar.\u201d<\/strong><\/p>\n<p data-start=\"5056\" data-end=\"5129\">Ap\u00f3s a cerim\u00f4nia, ele ainda seguiu para a inaugura\u00e7\u00e3o das luzes de Natal.<\/p>\n<p data-start=\"5056\" data-end=\"5129\"><img decoding=\"async\" class=\"aligncenter size-medium wp-image-23519 lazyload\" data-src=\"https:\/\/ubanews.com\/site\/wp-content\/uploads\/2025\/12\/Camara-de-Vereadores-de-Uba-celebra--300x166.jpg\" alt=\"Uma Noite de Festa na C\u00e2mara Municipal de Ub\u00e1\n\" width=\"300\" height=\"166\" data-srcset=\"https:\/\/ubanews.com\/site\/wp-content\/uploads\/2025\/12\/Camara-de-Vereadores-de-Uba-celebra--300x166.jpg 300w, https:\/\/ubanews.com\/site\/wp-content\/uploads\/2025\/12\/Camara-de-Vereadores-de-Uba-celebra--768x425.jpg 768w, https:\/\/ubanews.com\/site\/wp-content\/uploads\/2025\/12\/Camara-de-Vereadores-de-Uba-celebra--360x200.jpg 360w, https:\/\/ubanews.com\/site\/wp-content\/uploads\/2025\/12\/Camara-de-Vereadores-de-Uba-celebra--600x330.jpg 600w, https:\/\/ubanews.com\/site\/wp-content\/uploads\/2025\/12\/Camara-de-Vereadores-de-Uba-celebra-.jpg 1004w\" data-sizes=\"(max-width: 300px) 100vw, 300px\" src=\"data:image\/svg+xml;base64,PHN2ZyB3aWR0aD0iMSIgaGVpZ2h0PSIxIiB4bWxucz0iaHR0cDovL3d3dy53My5vcmcvMjAwMC9zdmciPjwvc3ZnPg==\" style=\"--smush-placeholder-width: 300px; --smush-placeholder-aspect-ratio: 300\/166;\" \/><\/p>\n<h2 data-start=\"5136\" data-end=\"5185\"><strong data-start=\"5139\" data-end=\"5185\">Um Evento Completo, Registrado em Detalhes<\/strong><\/h2>\n<p data-start=\"5186\" data-end=\"5441\">As entrevistas de <strong data-start=\"5204\" data-end=\"5228\">Carlos Roberto Sodr\u00e9<\/strong>, com o olhar fotogr\u00e1fico de <strong data-start=\"5257\" data-end=\"5272\">Laisa Sodr\u00e9<\/strong>, deram dinamismo \u00e0 cobertura da noite.<br data-start=\"5311\" data-end=\"5314\" \/>A produ\u00e7\u00e3o de conte\u00fado da <strong data-start=\"5340\" data-end=\"5355\">INDICCA.COM<\/strong>, conduzida por Pedro Henriques, garantiu organiza\u00e7\u00e3o, profundidade e narrativa clara.<\/p>\n<p data-start=\"5443\" data-end=\"5633\">A soma desses elementos construiu um registro rico em emo\u00e7\u00e3o, gratid\u00e3o e reconhecimento \u2014 exatamente como pede uma noite em que uma cidade olha para si mesma e enxerga seu patrim\u00f4nio humano.<\/p>\n<p><iframe title=\"Sess\u00e3o Solene na CMU para a entrega da Comenda Ary Barroso e T\u00edtulo de Cidadania Honor\u00e1ria Ubaense\" width=\"840\" height=\"473\" data-src=\"https:\/\/www.youtube.com\/embed\/IChBHyCPJmM?feature=oembed\" frameborder=\"0\" allow=\"accelerometer; autoplay; clipboard-write; encrypted-media; gyroscope; picture-in-picture; web-share\" referrerpolicy=\"strict-origin-when-cross-origin\" allowfullscreen src=\"data:image\/svg+xml;base64,PHN2ZyB3aWR0aD0iMSIgaGVpZ2h0PSIxIiB4bWxucz0iaHR0cDovL3d3dy53My5vcmcvMjAwMC9zdmciPjwvc3ZnPg==\" class=\"lazyload\" data-load-mode=\"1\"><\/iframe><\/p>\n<p style=\"margin: 0in; font-size: 20.0pt;\"><span style=\"font-family: 'Segoe UI Emoji';\">&#x1f4da; <\/span><span style=\"font-weight: bold; font-family: Calibri;\">Cobertura:<\/span><span style=\"font-family: Calibri;\"> Carlos Roberto Sodr\u00e9 <\/span><a href=\"https:\/\/wa.me\/553298481334\"><span style=\"font-family: Calibri;\">WhatsApp<\/span><\/a><\/p>\n<p style=\"margin: 0in; font-size: 20.0pt;\"><span style=\"font-family: 'Segoe UI Emoji';\">&#x1f4f8; <\/span><span style=\"font-weight: bold; font-family: Calibri;\">Imagens:<\/span><span style=\"font-family: Calibri;\"> Laisa Sodr\u00e9<\/span><\/p>\n<p style=\"margin: 0in; font-size: 20.0pt;\"><span style=\"font-family: 'Segoe UI Emoji';\">&#x1f4dd; <\/span><span style=\"font-weight: bold; font-family: Calibri;\">Conte\u00fado: <\/span><a href=\"https:\/\/www.linkedin.com\/in\/pedrohgf\/\"><span style=\"font-family: Calibri;\">Pedro Henriques<\/span><\/a><span style=\"font-family: Calibri;\"> \u2013 <\/span><a href=\"https:\/\/indicca.com.br\/blog\/\"><span style=\"font-family: Calibri;\">INDICCA.COM<\/span><\/a><span style=\"font-family: Calibri;\">\u00a0 <\/span><a href=\"https:\/\/wa.me\/5532988020057\"><span style=\"font-family: Calibri;\">WhatsApp<\/span><\/a><\/p>\n<p style=\"margin: 0in; font-size: 20.0pt;\"><span style=\"font-family: 'Segoe UI Emoji';\">&#x1f393; <\/span><span style=\"font-weight: bold; font-family: Calibri;\">Evento: Uma Noite de Festa na C\u00e2mara Municipal de Ub\u00e1: Homenagens, Hist\u00f3rias e Emo\u00e7\u00f5es que Marcam uma Cidade<\/span><\/p>\n<p>&nbsp;<\/p>\n","protected":false},"excerpt":{"rendered":"<p>Uma Noite de Festa na C\u00e2mara Municipal de Ub\u00e1: Homenagens,<\/p>\n","protected":false},"author":4,"featured_media":23520,"comment_status":"open","ping_status":"open","sticky":false,"template":"","format":"standard","meta":{"footnotes":""},"categories":[1,3],"tags":[111,72,246,139,67,245],"class_list":["post-23507","post","type-post","status-publish","format-standard","has-post-thumbnail","hentry","category-sem-categoria","category-slide","tag-camara-municipal","tag-damato","tag-historias-e-emocoes-que-marcam-uma-cidade","tag-salomao-curi","tag-sodre","tag-uma-noite-de-festa-na-camara-municipal-de-uba-homenagens"],"yoast_head":"<!-- This site is optimized with the Yoast SEO plugin v27.2 - https:\/\/yoast.com\/product\/yoast-seo-wordpress\/ -->\n<title>Uma Noite de Festa na C\u00e2mara Municipal de Ub\u00e1 - Ub\u00e1 News<\/title>\n<meta name=\"description\" content=\"Uma Noite de Festa na C\u00e2mara Municipal de Ub\u00e1: Homenagens, Hist\u00f3rias e Emo\u00e7\u00f5es que Marcam uma Cidade, Cidade Carinho Ub\u00e1.\" \/>\n<meta name=\"robots\" content=\"index, follow, max-snippet:-1, max-image-preview:large, max-video-preview:-1\" \/>\n<link rel=\"canonical\" href=\"https:\/\/ubanews.com\/site\/2025\/12\/09\/uma-noite-de-festa-na-camara-municipal-de-uba\/\" \/>\n<meta property=\"og:locale\" content=\"pt_BR\" \/>\n<meta property=\"og:type\" content=\"article\" \/>\n<meta property=\"og:title\" content=\"Uma Noite de Festa na C\u00e2mara Municipal de Ub\u00e1 - Ub\u00e1 News\" \/>\n<meta property=\"og:description\" content=\"Uma Noite de Festa na C\u00e2mara Municipal de Ub\u00e1: Homenagens, Hist\u00f3rias e Emo\u00e7\u00f5es que Marcam uma Cidade, Cidade Carinho Ub\u00e1.\" \/>\n<meta property=\"og:url\" content=\"https:\/\/ubanews.com\/site\/2025\/12\/09\/uma-noite-de-festa-na-camara-municipal-de-uba\/\" \/>\n<meta property=\"og:site_name\" content=\"Ub\u00e1 News\" \/>\n<meta property=\"article:publisher\" content=\"https:\/\/www.facebook.com\/Ub%c3%a1News-Carlos-Roberto-Sodr%c3%a9-418778301977370\" \/>\n<meta property=\"article:published_time\" content=\"2025-12-09T19:13:15+00:00\" \/>\n<meta property=\"og:image\" content=\"https:\/\/ubanews.com\/site\/wp-content\/uploads\/2025\/12\/Camara-de-Vereadores-de-Uba-celebra-Vereador-Jose-Maria-e.jpg\" \/>\n\t<meta property=\"og:image:width\" content=\"1008\" \/>\n\t<meta property=\"og:image:height\" content=\"569\" \/>\n\t<meta property=\"og:image:type\" content=\"image\/jpeg\" \/>\n<meta name=\"author\" content=\"Carlos Roberto Sodr\u00e9\" \/>\n<meta name=\"twitter:card\" content=\"summary_large_image\" \/>\n<meta name=\"twitter:label1\" content=\"Escrito por\" \/>\n\t<meta name=\"twitter:data1\" content=\"Carlos Roberto Sodr\u00e9\" \/>\n\t<meta name=\"twitter:label2\" content=\"Est. tempo de leitura\" \/>\n\t<meta name=\"twitter:data2\" content=\"8 minutos\" \/>\n<script type=\"application\/ld+json\" class=\"yoast-schema-graph\">{\"@context\":\"https:\/\/schema.org\",\"@graph\":[{\"@type\":\"Article\",\"@id\":\"https:\/\/ubanews.com\/site\/2025\/12\/09\/uma-noite-de-festa-na-camara-municipal-de-uba\/#article\",\"isPartOf\":{\"@id\":\"https:\/\/ubanews.com\/site\/2025\/12\/09\/uma-noite-de-festa-na-camara-municipal-de-uba\/\"},\"author\":{\"name\":\"Carlos Roberto Sodr\u00e9\",\"@id\":\"https:\/\/ubanews.com\/site\/#\/schema\/person\/9d8da9ec3c8d00640ab6e8c81e103310\"},\"headline\":\"Uma Noite de Festa na C\u00e2mara Municipal de Ub\u00e1\",\"datePublished\":\"2025-12-09T19:13:15+00:00\",\"mainEntityOfPage\":{\"@id\":\"https:\/\/ubanews.com\/site\/2025\/12\/09\/uma-noite-de-festa-na-camara-municipal-de-uba\/\"},\"wordCount\":925,\"commentCount\":0,\"publisher\":{\"@id\":\"https:\/\/ubanews.com\/site\/#organization\"},\"image\":{\"@id\":\"https:\/\/ubanews.com\/site\/2025\/12\/09\/uma-noite-de-festa-na-camara-municipal-de-uba\/#primaryimage\"},\"thumbnailUrl\":\"https:\/\/ubanews.com\/site\/wp-content\/uploads\/2025\/12\/Camara-de-Vereadores-de-Uba-celebra-Vereador-Jose-Maria-e.jpg\",\"keywords\":[\"C\u00e2mara Municipal\",\"Damato\",\"Hist\u00f3rias e Emo\u00e7\u00f5es que Marcam uma Cidade\",\"Salom\u00e3o Curi\",\"Sodr\u00e9\",\"Uma Noite de Festa na C\u00e2mara Municipal de Ub\u00e1: Homenagens\"],\"articleSection\":[\"Geral\",\"Slide\"],\"inLanguage\":\"pt-BR\",\"potentialAction\":[{\"@type\":\"CommentAction\",\"name\":\"Comment\",\"target\":[\"https:\/\/ubanews.com\/site\/2025\/12\/09\/uma-noite-de-festa-na-camara-municipal-de-uba\/#respond\"]}]},{\"@type\":\"WebPage\",\"@id\":\"https:\/\/ubanews.com\/site\/2025\/12\/09\/uma-noite-de-festa-na-camara-municipal-de-uba\/\",\"url\":\"https:\/\/ubanews.com\/site\/2025\/12\/09\/uma-noite-de-festa-na-camara-municipal-de-uba\/\",\"name\":\"Uma Noite de Festa na C\u00e2mara Municipal de Ub\u00e1 - Ub\u00e1 News\",\"isPartOf\":{\"@id\":\"https:\/\/ubanews.com\/site\/#website\"},\"primaryImageOfPage\":{\"@id\":\"https:\/\/ubanews.com\/site\/2025\/12\/09\/uma-noite-de-festa-na-camara-municipal-de-uba\/#primaryimage\"},\"image\":{\"@id\":\"https:\/\/ubanews.com\/site\/2025\/12\/09\/uma-noite-de-festa-na-camara-municipal-de-uba\/#primaryimage\"},\"thumbnailUrl\":\"https:\/\/ubanews.com\/site\/wp-content\/uploads\/2025\/12\/Camara-de-Vereadores-de-Uba-celebra-Vereador-Jose-Maria-e.jpg\",\"datePublished\":\"2025-12-09T19:13:15+00:00\",\"description\":\"Uma Noite de Festa na C\u00e2mara Municipal de Ub\u00e1: Homenagens, Hist\u00f3rias e Emo\u00e7\u00f5es que Marcam uma Cidade, Cidade Carinho Ub\u00e1.\",\"breadcrumb\":{\"@id\":\"https:\/\/ubanews.com\/site\/2025\/12\/09\/uma-noite-de-festa-na-camara-municipal-de-uba\/#breadcrumb\"},\"inLanguage\":\"pt-BR\",\"potentialAction\":[{\"@type\":\"ReadAction\",\"target\":[\"https:\/\/ubanews.com\/site\/2025\/12\/09\/uma-noite-de-festa-na-camara-municipal-de-uba\/\"]}]},{\"@type\":\"ImageObject\",\"inLanguage\":\"pt-BR\",\"@id\":\"https:\/\/ubanews.com\/site\/2025\/12\/09\/uma-noite-de-festa-na-camara-municipal-de-uba\/#primaryimage\",\"url\":\"https:\/\/ubanews.com\/site\/wp-content\/uploads\/2025\/12\/Camara-de-Vereadores-de-Uba-celebra-Vereador-Jose-Maria-e.jpg\",\"contentUrl\":\"https:\/\/ubanews.com\/site\/wp-content\/uploads\/2025\/12\/Camara-de-Vereadores-de-Uba-celebra-Vereador-Jose-Maria-e.jpg\",\"width\":1008,\"height\":569,\"caption\":\"Uma Noite de Festa na C\u00e2mara Municipal de Ub\u00e1\"},{\"@type\":\"BreadcrumbList\",\"@id\":\"https:\/\/ubanews.com\/site\/2025\/12\/09\/uma-noite-de-festa-na-camara-municipal-de-uba\/#breadcrumb\",\"itemListElement\":[{\"@type\":\"ListItem\",\"position\":1,\"name\":\"Home\",\"item\":\"https:\/\/ubanews.com\/site\/\"},{\"@type\":\"ListItem\",\"position\":2,\"name\":\"Uma Noite de Festa na C\u00e2mara Municipal de Ub\u00e1\"}]},{\"@type\":\"WebSite\",\"@id\":\"https:\/\/ubanews.com\/site\/#website\",\"url\":\"https:\/\/ubanews.com\/site\/\",\"name\":\"Ub\u00e1 News\",\"description\":\"\",\"publisher\":{\"@id\":\"https:\/\/ubanews.com\/site\/#organization\"},\"potentialAction\":[{\"@type\":\"SearchAction\",\"target\":{\"@type\":\"EntryPoint\",\"urlTemplate\":\"https:\/\/ubanews.com\/site\/?s={search_term_string}\"},\"query-input\":{\"@type\":\"PropertyValueSpecification\",\"valueRequired\":true,\"valueName\":\"search_term_string\"}}],\"inLanguage\":\"pt-BR\"},{\"@type\":\"Organization\",\"@id\":\"https:\/\/ubanews.com\/site\/#organization\",\"name\":\"Ub\u00e1 News\",\"url\":\"https:\/\/ubanews.com\/site\/\",\"logo\":{\"@type\":\"ImageObject\",\"inLanguage\":\"pt-BR\",\"@id\":\"https:\/\/ubanews.com\/site\/#\/schema\/logo\/image\/\",\"url\":\"https:\/\/ubanews.com\/site\/wp-content\/uploads\/2018\/01\/logoubanews.png\",\"contentUrl\":\"https:\/\/ubanews.com\/site\/wp-content\/uploads\/2018\/01\/logoubanews.png\",\"width\":261,\"height\":99,\"caption\":\"Ub\u00e1 News\"},\"image\":{\"@id\":\"https:\/\/ubanews.com\/site\/#\/schema\/logo\/image\/\"},\"sameAs\":[\"https:\/\/www.facebook.com\/Ub\u00e1News-Carlos-Roberto-Sodr\u00e9-418778301977370\"]},{\"@type\":\"Person\",\"@id\":\"https:\/\/ubanews.com\/site\/#\/schema\/person\/9d8da9ec3c8d00640ab6e8c81e103310\",\"name\":\"Carlos Roberto Sodr\u00e9\",\"image\":{\"@type\":\"ImageObject\",\"inLanguage\":\"pt-BR\",\"@id\":\"https:\/\/secure.gravatar.com\/avatar\/aab322e8555b56c468614fafdab8a8f924e394cdc6cfd8232f77e9e4d123a133?s=96&d=mm&r=g\",\"url\":\"https:\/\/secure.gravatar.com\/avatar\/aab322e8555b56c468614fafdab8a8f924e394cdc6cfd8232f77e9e4d123a133?s=96&d=mm&r=g\",\"contentUrl\":\"https:\/\/secure.gravatar.com\/avatar\/aab322e8555b56c468614fafdab8a8f924e394cdc6cfd8232f77e9e4d123a133?s=96&d=mm&r=g\",\"caption\":\"Carlos Roberto Sodr\u00e9\"},\"url\":\"https:\/\/ubanews.com\/site\/author\/sodre\/\"}]}<\/script>\n<!-- \/ Yoast SEO plugin. -->","yoast_head_json":{"title":"Uma Noite de Festa na C\u00e2mara Municipal de Ub\u00e1 - Ub\u00e1 News","description":"Uma Noite de Festa na C\u00e2mara Municipal de Ub\u00e1: Homenagens, Hist\u00f3rias e Emo\u00e7\u00f5es que Marcam uma Cidade, Cidade Carinho Ub\u00e1.","robots":{"index":"index","follow":"follow","max-snippet":"max-snippet:-1","max-image-preview":"max-image-preview:large","max-video-preview":"max-video-preview:-1"},"canonical":"https:\/\/ubanews.com\/site\/2025\/12\/09\/uma-noite-de-festa-na-camara-municipal-de-uba\/","og_locale":"pt_BR","og_type":"article","og_title":"Uma Noite de Festa na C\u00e2mara Municipal de Ub\u00e1 - Ub\u00e1 News","og_description":"Uma Noite de Festa na C\u00e2mara Municipal de Ub\u00e1: Homenagens, Hist\u00f3rias e Emo\u00e7\u00f5es que Marcam uma Cidade, Cidade Carinho Ub\u00e1.","og_url":"https:\/\/ubanews.com\/site\/2025\/12\/09\/uma-noite-de-festa-na-camara-municipal-de-uba\/","og_site_name":"Ub\u00e1 News","article_publisher":"https:\/\/www.facebook.com\/Ub%c3%a1News-Carlos-Roberto-Sodr%c3%a9-418778301977370","article_published_time":"2025-12-09T19:13:15+00:00","og_image":[{"width":1008,"height":569,"url":"https:\/\/ubanews.com\/site\/wp-content\/uploads\/2025\/12\/Camara-de-Vereadores-de-Uba-celebra-Vereador-Jose-Maria-e.jpg","type":"image\/jpeg"}],"author":"Carlos Roberto Sodr\u00e9","twitter_card":"summary_large_image","twitter_misc":{"Escrito por":"Carlos Roberto Sodr\u00e9","Est. tempo de leitura":"8 minutos"},"schema":{"@context":"https:\/\/schema.org","@graph":[{"@type":"Article","@id":"https:\/\/ubanews.com\/site\/2025\/12\/09\/uma-noite-de-festa-na-camara-municipal-de-uba\/#article","isPartOf":{"@id":"https:\/\/ubanews.com\/site\/2025\/12\/09\/uma-noite-de-festa-na-camara-municipal-de-uba\/"},"author":{"name":"Carlos Roberto Sodr\u00e9","@id":"https:\/\/ubanews.com\/site\/#\/schema\/person\/9d8da9ec3c8d00640ab6e8c81e103310"},"headline":"Uma Noite de Festa na C\u00e2mara Municipal de Ub\u00e1","datePublished":"2025-12-09T19:13:15+00:00","mainEntityOfPage":{"@id":"https:\/\/ubanews.com\/site\/2025\/12\/09\/uma-noite-de-festa-na-camara-municipal-de-uba\/"},"wordCount":925,"commentCount":0,"publisher":{"@id":"https:\/\/ubanews.com\/site\/#organization"},"image":{"@id":"https:\/\/ubanews.com\/site\/2025\/12\/09\/uma-noite-de-festa-na-camara-municipal-de-uba\/#primaryimage"},"thumbnailUrl":"https:\/\/ubanews.com\/site\/wp-content\/uploads\/2025\/12\/Camara-de-Vereadores-de-Uba-celebra-Vereador-Jose-Maria-e.jpg","keywords":["C\u00e2mara Municipal","Damato","Hist\u00f3rias e Emo\u00e7\u00f5es que Marcam uma Cidade","Salom\u00e3o Curi","Sodr\u00e9","Uma Noite de Festa na C\u00e2mara Municipal de Ub\u00e1: Homenagens"],"articleSection":["Geral","Slide"],"inLanguage":"pt-BR","potentialAction":[{"@type":"CommentAction","name":"Comment","target":["https:\/\/ubanews.com\/site\/2025\/12\/09\/uma-noite-de-festa-na-camara-municipal-de-uba\/#respond"]}]},{"@type":"WebPage","@id":"https:\/\/ubanews.com\/site\/2025\/12\/09\/uma-noite-de-festa-na-camara-municipal-de-uba\/","url":"https:\/\/ubanews.com\/site\/2025\/12\/09\/uma-noite-de-festa-na-camara-municipal-de-uba\/","name":"Uma Noite de Festa na C\u00e2mara Municipal de Ub\u00e1 - Ub\u00e1 News","isPartOf":{"@id":"https:\/\/ubanews.com\/site\/#website"},"primaryImageOfPage":{"@id":"https:\/\/ubanews.com\/site\/2025\/12\/09\/uma-noite-de-festa-na-camara-municipal-de-uba\/#primaryimage"},"image":{"@id":"https:\/\/ubanews.com\/site\/2025\/12\/09\/uma-noite-de-festa-na-camara-municipal-de-uba\/#primaryimage"},"thumbnailUrl":"https:\/\/ubanews.com\/site\/wp-content\/uploads\/2025\/12\/Camara-de-Vereadores-de-Uba-celebra-Vereador-Jose-Maria-e.jpg","datePublished":"2025-12-09T19:13:15+00:00","description":"Uma Noite de Festa na C\u00e2mara Municipal de Ub\u00e1: Homenagens, Hist\u00f3rias e Emo\u00e7\u00f5es que Marcam uma Cidade, Cidade Carinho Ub\u00e1.","breadcrumb":{"@id":"https:\/\/ubanews.com\/site\/2025\/12\/09\/uma-noite-de-festa-na-camara-municipal-de-uba\/#breadcrumb"},"inLanguage":"pt-BR","potentialAction":[{"@type":"ReadAction","target":["https:\/\/ubanews.com\/site\/2025\/12\/09\/uma-noite-de-festa-na-camara-municipal-de-uba\/"]}]},{"@type":"ImageObject","inLanguage":"pt-BR","@id":"https:\/\/ubanews.com\/site\/2025\/12\/09\/uma-noite-de-festa-na-camara-municipal-de-uba\/#primaryimage","url":"https:\/\/ubanews.com\/site\/wp-content\/uploads\/2025\/12\/Camara-de-Vereadores-de-Uba-celebra-Vereador-Jose-Maria-e.jpg","contentUrl":"https:\/\/ubanews.com\/site\/wp-content\/uploads\/2025\/12\/Camara-de-Vereadores-de-Uba-celebra-Vereador-Jose-Maria-e.jpg","width":1008,"height":569,"caption":"Uma Noite de Festa na C\u00e2mara Municipal de Ub\u00e1"},{"@type":"BreadcrumbList","@id":"https:\/\/ubanews.com\/site\/2025\/12\/09\/uma-noite-de-festa-na-camara-municipal-de-uba\/#breadcrumb","itemListElement":[{"@type":"ListItem","position":1,"name":"Home","item":"https:\/\/ubanews.com\/site\/"},{"@type":"ListItem","position":2,"name":"Uma Noite de Festa na C\u00e2mara Municipal de Ub\u00e1"}]},{"@type":"WebSite","@id":"https:\/\/ubanews.com\/site\/#website","url":"https:\/\/ubanews.com\/site\/","name":"Ub\u00e1 News","description":"","publisher":{"@id":"https:\/\/ubanews.com\/site\/#organization"},"potentialAction":[{"@type":"SearchAction","target":{"@type":"EntryPoint","urlTemplate":"https:\/\/ubanews.com\/site\/?s={search_term_string}"},"query-input":{"@type":"PropertyValueSpecification","valueRequired":true,"valueName":"search_term_string"}}],"inLanguage":"pt-BR"},{"@type":"Organization","@id":"https:\/\/ubanews.com\/site\/#organization","name":"Ub\u00e1 News","url":"https:\/\/ubanews.com\/site\/","logo":{"@type":"ImageObject","inLanguage":"pt-BR","@id":"https:\/\/ubanews.com\/site\/#\/schema\/logo\/image\/","url":"https:\/\/ubanews.com\/site\/wp-content\/uploads\/2018\/01\/logoubanews.png","contentUrl":"https:\/\/ubanews.com\/site\/wp-content\/uploads\/2018\/01\/logoubanews.png","width":261,"height":99,"caption":"Ub\u00e1 News"},"image":{"@id":"https:\/\/ubanews.com\/site\/#\/schema\/logo\/image\/"},"sameAs":["https:\/\/www.facebook.com\/Ub\u00e1News-Carlos-Roberto-Sodr\u00e9-418778301977370"]},{"@type":"Person","@id":"https:\/\/ubanews.com\/site\/#\/schema\/person\/9d8da9ec3c8d00640ab6e8c81e103310","name":"Carlos Roberto Sodr\u00e9","image":{"@type":"ImageObject","inLanguage":"pt-BR","@id":"https:\/\/secure.gravatar.com\/avatar\/aab322e8555b56c468614fafdab8a8f924e394cdc6cfd8232f77e9e4d123a133?s=96&d=mm&r=g","url":"https:\/\/secure.gravatar.com\/avatar\/aab322e8555b56c468614fafdab8a8f924e394cdc6cfd8232f77e9e4d123a133?s=96&d=mm&r=g","contentUrl":"https:\/\/secure.gravatar.com\/avatar\/aab322e8555b56c468614fafdab8a8f924e394cdc6cfd8232f77e9e4d123a133?s=96&d=mm&r=g","caption":"Carlos Roberto Sodr\u00e9"},"url":"https:\/\/ubanews.com\/site\/author\/sodre\/"}]}},"_links":{"self":[{"href":"https:\/\/ubanews.com\/site\/wp-json\/wp\/v2\/posts\/23507","targetHints":{"allow":["GET"]}}],"collection":[{"href":"https:\/\/ubanews.com\/site\/wp-json\/wp\/v2\/posts"}],"about":[{"href":"https:\/\/ubanews.com\/site\/wp-json\/wp\/v2\/types\/post"}],"author":[{"embeddable":true,"href":"https:\/\/ubanews.com\/site\/wp-json\/wp\/v2\/users\/4"}],"replies":[{"embeddable":true,"href":"https:\/\/ubanews.com\/site\/wp-json\/wp\/v2\/comments?post=23507"}],"version-history":[{"count":0,"href":"https:\/\/ubanews.com\/site\/wp-json\/wp\/v2\/posts\/23507\/revisions"}],"wp:featuredmedia":[{"embeddable":true,"href":"https:\/\/ubanews.com\/site\/wp-json\/wp\/v2\/media\/23520"}],"wp:attachment":[{"href":"https:\/\/ubanews.com\/site\/wp-json\/wp\/v2\/media?parent=23507"}],"wp:term":[{"taxonomy":"category","embeddable":true,"href":"https:\/\/ubanews.com\/site\/wp-json\/wp\/v2\/categories?post=23507"},{"taxonomy":"post_tag","embeddable":true,"href":"https:\/\/ubanews.com\/site\/wp-json\/wp\/v2\/tags?post=23507"}],"curies":[{"name":"wp","href":"https:\/\/api.w.org\/{rel}","templated":true}]}}