{"id":23503,"date":"2025-12-09T15:09:41","date_gmt":"2025-12-09T18:09:41","guid":{"rendered":"https:\/\/ubanews.com\/site\/?p=23503"},"modified":"2025-12-09T15:09:41","modified_gmt":"2025-12-09T18:09:41","slug":"renascer-das-luzes-ilumina-uba","status":"publish","type":"post","link":"https:\/\/ubanews.com\/site\/2025\/12\/09\/renascer-das-luzes-ilumina-uba\/","title":{"rendered":"Renascer das Luzes ilumina Ub\u00e1"},"content":{"rendered":"<p data-start=\"334\" data-end=\"413\"><strong data-start=\"336\" data-end=\"413\">Renascer das Luzes ilumina Ub\u00e1: uma noite hist\u00f3rica na Pra\u00e7a S\u00e3o Janu\u00e1rio.\u00a0<\/strong>A noite de 5 de dezembro de 2025 marcou a hist\u00f3ria de Ub\u00e1. A Pra\u00e7a S\u00e3o Janu\u00e1rio recebeu o evento <strong data-start=\"512\" data-end=\"534\">Renascer das Luzes<\/strong>, reunindo fam\u00edlias, crian\u00e7as, jovens e idosos em um clima de emo\u00e7\u00e3o. O rep\u00f3rter <strong data-start=\"615\" data-end=\"639\">Carlos Roberto Sodr\u00e9<\/strong> esteve presente, acompanhado pelas imagens de <strong data-start=\"686\" data-end=\"701\">Laisa Sodr\u00e9<\/strong> e com <strong data-start=\"708\" data-end=\"766\">Gera\u00e7\u00e3o de Conte\u00fado de Pedro Henriques, da INDICCA.COM<\/strong>, para registrar cada detalhe dessa celebra\u00e7\u00e3o que abriu oficialmente o Natal na cidade.<\/p>\n<h2 data-start=\"334\" data-end=\"413\"><strong data-start=\"336\" data-end=\"413\">Renascer das Luzes ilumina Ub\u00e1: uma noite hist\u00f3rica na Pra\u00e7a S\u00e3o Janu\u00e1rio<\/strong><\/h2>\n<p><img decoding=\"async\" class=\"aligncenter size-medium wp-image-23504 lazyload\" data-src=\"https:\/\/ubanews.com\/site\/wp-content\/uploads\/2025\/12\/Natal-Luz-na-Praca-Sao-Januario-300x166.jpg\" alt=\"Feliz Natal na Pra\u00e7a S\u00e3o Janu\u00e1rio. \" width=\"300\" height=\"166\" data-srcset=\"https:\/\/ubanews.com\/site\/wp-content\/uploads\/2025\/12\/Natal-Luz-na-Praca-Sao-Januario-300x166.jpg 300w, https:\/\/ubanews.com\/site\/wp-content\/uploads\/2025\/12\/Natal-Luz-na-Praca-Sao-Januario-768x424.jpg 768w, https:\/\/ubanews.com\/site\/wp-content\/uploads\/2025\/12\/Natal-Luz-na-Praca-Sao-Januario-360x200.jpg 360w, https:\/\/ubanews.com\/site\/wp-content\/uploads\/2025\/12\/Natal-Luz-na-Praca-Sao-Januario-600x330.jpg 600w, https:\/\/ubanews.com\/site\/wp-content\/uploads\/2025\/12\/Natal-Luz-na-Praca-Sao-Januario.jpg 1003w\" data-sizes=\"(max-width: 300px) 100vw, 300px\" src=\"data:image\/svg+xml;base64,PHN2ZyB3aWR0aD0iMSIgaGVpZ2h0PSIxIiB4bWxucz0iaHR0cDovL3d3dy53My5vcmcvMjAwMC9zdmciPjwvc3ZnPg==\" style=\"--smush-placeholder-width: 300px; --smush-placeholder-aspect-ratio: 300\/166;\" \/><\/p>\n<h2 data-start=\"856\" data-end=\"905\"><strong data-start=\"859\" data-end=\"905\">Uma Pra\u00e7a transformada em cen\u00e1rio natalino<\/strong><\/h2>\n<p data-start=\"907\" data-end=\"1138\">Logo no in\u00edcio da transmiss\u00e3o, Sodr\u00e9 destacou a expectativa pelo acender das luzes.<br data-start=\"990\" data-end=\"993\" \/>\u201c<strong data-start=\"994\" data-end=\"1053\">Sete, seis, cinco, quatro, tr\u00eas, dois, um\u2026 Feliz Natal!<\/strong>\u201d \u2014 anunciou o sistema de som, e a multid\u00e3o respondeu com brilho no olhar e aplausos.<\/p>\n<p data-start=\"1140\" data-end=\"1357\">A pra\u00e7a explodiu em luz. \u00c1rvores iluminadas, decora\u00e7\u00e3o in\u00e9dita e uma casinha do Papai Noel criada especialmente para este ano formaram um cen\u00e1rio que surpreendeu at\u00e9 quem j\u00e1 est\u00e1 acostumado a eventos marcantes em Ub\u00e1.<\/p>\n<h2 data-start=\"1359\" data-end=\"1419\"><strong data-start=\"1362\" data-end=\"1419\">A emo\u00e7\u00e3o da Secret\u00e1ria de Cultura, Alessandra Labanca<\/strong><\/h2>\n<p data-start=\"1421\" data-end=\"1588\">Assim que as luzes acenderam, Sodr\u00e9 conversou com <strong data-start=\"1471\" data-end=\"1493\">Alessandra Labanca<\/strong>, Secret\u00e1ria de Cultura e Turismo. Ela falou com orgulho do resultado e da rea\u00e7\u00e3o da popula\u00e7\u00e3o.<\/p>\n<p data-start=\"1590\" data-end=\"1835\">\u201c<strong data-start=\"1591\" data-end=\"1824\">N\u00f3s fizemos uma convoca\u00e7\u00e3o geral, divulgamos muito, e a popula\u00e7\u00e3o atendeu. A pra\u00e7a est\u00e1 linda e cheia. Depois de dias de chuva, dias de luta, ver esse resultado emociona. As crian\u00e7as merecem, os adultos merecem, os idosos merecem<\/strong>\u201d, afirmou.<\/p>\n<p data-start=\"1837\" data-end=\"2020\">Al\u00e9m disso, ela refor\u00e7ou a import\u00e2ncia do acolhimento que o Natal simboliza:<br data-start=\"1913\" data-end=\"1916\" \/>\u201c<strong data-start=\"1917\" data-end=\"2018\">O Natal nos faz parar, respirar e sentir encantamento. Foi isso que quisemos entregar \u00e0 popula\u00e7\u00e3o<\/strong>.\u201d<\/p>\n<p data-start=\"1837\" data-end=\"2020\"><img decoding=\"async\" class=\"aligncenter size-medium wp-image-23506 lazyload\" data-src=\"https:\/\/ubanews.com\/site\/wp-content\/uploads\/2025\/12\/Natal-Luz-na-Praca-Sao-Januario-com-a-Secretaria-Alessandra-Labanca-300x166.jpg\" alt=\"Feliz Natal na Pra\u00e7a S\u00e3o Janu\u00e1rio.\" width=\"300\" height=\"166\" data-srcset=\"https:\/\/ubanews.com\/site\/wp-content\/uploads\/2025\/12\/Natal-Luz-na-Praca-Sao-Januario-com-a-Secretaria-Alessandra-Labanca-300x166.jpg 300w, https:\/\/ubanews.com\/site\/wp-content\/uploads\/2025\/12\/Natal-Luz-na-Praca-Sao-Januario-com-a-Secretaria-Alessandra-Labanca-768x425.jpg 768w, https:\/\/ubanews.com\/site\/wp-content\/uploads\/2025\/12\/Natal-Luz-na-Praca-Sao-Januario-com-a-Secretaria-Alessandra-Labanca-360x200.jpg 360w, https:\/\/ubanews.com\/site\/wp-content\/uploads\/2025\/12\/Natal-Luz-na-Praca-Sao-Januario-com-a-Secretaria-Alessandra-Labanca-600x330.jpg 600w, https:\/\/ubanews.com\/site\/wp-content\/uploads\/2025\/12\/Natal-Luz-na-Praca-Sao-Januario-com-a-Secretaria-Alessandra-Labanca.jpg 1001w\" data-sizes=\"(max-width: 300px) 100vw, 300px\" src=\"data:image\/svg+xml;base64,PHN2ZyB3aWR0aD0iMSIgaGVpZ2h0PSIxIiB4bWxucz0iaHR0cDovL3d3dy53My5vcmcvMjAwMC9zdmciPjwvc3ZnPg==\" style=\"--smush-placeholder-width: 300px; --smush-placeholder-aspect-ratio: 300\/166;\" \/><\/p>\n<h2 data-start=\"2022\" data-end=\"2058\"><strong data-start=\"2025\" data-end=\"2058\">O trabalho por tr\u00e1s da beleza<\/strong><\/h2>\n<p data-start=\"2060\" data-end=\"2184\">Para chegar ao resultado exibido na pra\u00e7a, uma equipe dedicada trabalhou intensamente. Alessandra fez quest\u00e3o de reconhecer:<\/p>\n<p data-start=\"2186\" data-end=\"2327\">\u201c<strong data-start=\"2187\" data-end=\"2326\">A Isabela Cal\u00e7ado e a Denise projetaram tudo com muito carinho. A Lucinha da Luz Jub\u00e1 ajudou demais a definir cada ponto de ilumina\u00e7\u00e3o.<\/strong>\u201d<\/p>\n<p data-start=\"2329\" data-end=\"2387\">Sodr\u00e9 chamou Isabela ao vivo, que tamb\u00e9m falou com emo\u00e7\u00e3o:<\/p>\n<p data-start=\"2389\" data-end=\"2515\">\u201c<strong data-start=\"2390\" data-end=\"2514\">Sempre tivemos o sonho de trazer para Ub\u00e1 o que v\u00edamos em outras cidades. E este ano conseguimos tirar o sonho do papel.<\/strong>\u201d<\/p>\n<p data-start=\"2517\" data-end=\"2697\">Ela refor\u00e7ou que o projeto nasceu de pesquisa, refer\u00eancias e uni\u00e3o de ideias:<br data-start=\"2594\" data-end=\"2597\" \/>\u201c<strong data-start=\"2598\" data-end=\"2696\">N\u00e3o existe uma refer\u00eancia \u00fanica. Buscamos v\u00e1rias inspira\u00e7\u00f5es e adaptamos para nossa realidade.<\/strong>\u201d<\/p>\n<h2 data-start=\"2699\" data-end=\"2728\"><strong data-start=\"2702\" data-end=\"2728\">Um olhar para o futuro<\/strong><\/h2>\n<p data-start=\"2730\" data-end=\"2926\">Alessandra fez quest\u00e3o de garantir que este \u00e9 apenas o come\u00e7o.<br data-start=\"2792\" data-end=\"2795\" \/>\u201c<strong data-start=\"2796\" data-end=\"2925\">Se este ano ficou bonito, pode ter certeza que no pr\u00f3ximo ano ficar\u00e1 ainda melhor. Vamos atr\u00e1s de parcerias p\u00fablico-privadas.<\/strong>\u201d<\/p>\n<p data-start=\"2928\" data-end=\"3079\">A promessa encheu a pra\u00e7a de esperan\u00e7a. A popula\u00e7\u00e3o vibrou ao ouvir que a ornamenta\u00e7\u00e3o natalina poder\u00e1 se expandir por toda a cidade nos pr\u00f3ximos anos.<\/p>\n<h2 data-start=\"3081\" data-end=\"3150\"><strong data-start=\"3084\" data-end=\"3150\">A presen\u00e7a do Prefeito Professor Damato e do Vice Cabo Rominho<\/strong><\/h2>\n<p data-start=\"3152\" data-end=\"3303\">O prefeito <strong data-start=\"3163\" data-end=\"3201\">Professor Jos\u00e9 Marcelo Damato Neto<\/strong> chegou ao evento acompanhado do vice <strong data-start=\"3239\" data-end=\"3255\">Cabo Rominho<\/strong>, e ambos se emocionaram com o p\u00fablico presente.<\/p>\n<p data-start=\"3305\" data-end=\"3439\">Damato declarou:<br data-start=\"3321\" data-end=\"3324\" \/>\u201c<strong data-start=\"3325\" data-end=\"3438\">Nunca vimos a pra\u00e7a t\u00e3o bem enfeitada e iluminada. Com pouco recurso fizemos muito. E vamos fazer ainda mais.<\/strong>\u201d<\/p>\n<p data-start=\"3441\" data-end=\"3631\">Em seguida, o prefeito anunciou uma grande surpresa:<br data-start=\"3493\" data-end=\"3496\" \/><strong data-start=\"3496\" data-end=\"3593\">um presente para a popula\u00e7\u00e3o \u2014 trenzinho gratuito, brinquedos e algod\u00e3o doce para as crian\u00e7as<\/strong>, durante o final de semana do evento.<\/p>\n<p data-start=\"3633\" data-end=\"3833\">J\u00e1 Cabo Rominho destacou a for\u00e7a das fam\u00edlias ubaenses:<br data-start=\"3688\" data-end=\"3691\" \/>\u201c<strong data-start=\"3692\" data-end=\"3832\">A multid\u00e3o que veio hoje mostra que tudo valeu a pena. Quem n\u00e3o p\u00f4de vir hoje, vir\u00e1 amanh\u00e3. Ficou show de bola, do jeito que Ub\u00e1 merece.<\/strong>\u201d<\/p>\n<p data-start=\"3633\" data-end=\"3833\"><img decoding=\"async\" class=\"aligncenter size-medium wp-image-23505 lazyload\" data-src=\"https:\/\/ubanews.com\/site\/wp-content\/uploads\/2025\/12\/Natal-Luz-na-Praca-Sao-Januario-com-o-Prefeito-Prof-Jose-Damato-e-o-Vice-Cabo-Rominho-300x166.jpg\" alt=\"\" width=\"300\" height=\"166\" data-srcset=\"https:\/\/ubanews.com\/site\/wp-content\/uploads\/2025\/12\/Natal-Luz-na-Praca-Sao-Januario-com-o-Prefeito-Prof-Jose-Damato-e-o-Vice-Cabo-Rominho-300x166.jpg 300w, https:\/\/ubanews.com\/site\/wp-content\/uploads\/2025\/12\/Natal-Luz-na-Praca-Sao-Januario-com-o-Prefeito-Prof-Jose-Damato-e-o-Vice-Cabo-Rominho-768x425.jpg 768w, https:\/\/ubanews.com\/site\/wp-content\/uploads\/2025\/12\/Natal-Luz-na-Praca-Sao-Januario-com-o-Prefeito-Prof-Jose-Damato-e-o-Vice-Cabo-Rominho-360x200.jpg 360w, https:\/\/ubanews.com\/site\/wp-content\/uploads\/2025\/12\/Natal-Luz-na-Praca-Sao-Januario-com-o-Prefeito-Prof-Jose-Damato-e-o-Vice-Cabo-Rominho-600x330.jpg 600w, https:\/\/ubanews.com\/site\/wp-content\/uploads\/2025\/12\/Natal-Luz-na-Praca-Sao-Januario-com-o-Prefeito-Prof-Jose-Damato-e-o-Vice-Cabo-Rominho.jpg 1005w\" data-sizes=\"(max-width: 300px) 100vw, 300px\" src=\"data:image\/svg+xml;base64,PHN2ZyB3aWR0aD0iMSIgaGVpZ2h0PSIxIiB4bWxucz0iaHR0cDovL3d3dy53My5vcmcvMjAwMC9zdmciPjwvc3ZnPg==\" style=\"--smush-placeholder-width: 300px; --smush-placeholder-aspect-ratio: 300\/166;\" \/><\/p>\n<h2 data-start=\"3835\" data-end=\"3918\"><strong data-start=\"3838\" data-end=\"3918\">Uma not\u00edcia que mexeu com a popula\u00e7\u00e3o: o asfaltamento do trecho Miragaia\u2013Ub\u00e1<\/strong><\/h2>\n<p data-start=\"3920\" data-end=\"4005\">Durante a transmiss\u00e3o, o prefeito aproveitou para confirmar uma obra muito aguardada:<\/p>\n<p data-start=\"4007\" data-end=\"4120\">\u201c<strong data-start=\"4008\" data-end=\"4119\">Uma obra de 30 milh\u00f5es de reais, que vai trazer o asfalto t\u00e3o sonhado pela comunidade de Miragaia e regi\u00e3o.<\/strong>\u201d<\/p>\n<p data-start=\"4122\" data-end=\"4258\">Ele afirmou ainda:<br data-start=\"4140\" data-end=\"4143\" \/>\u201c<strong data-start=\"4144\" data-end=\"4257\">\u00c9 um problema hist\u00f3rico que estamos corrigindo. A popula\u00e7\u00e3o pediu dignidade no ir e vir. Vamos entregar isso.<\/strong>\u201d<\/p>\n<p data-start=\"4260\" data-end=\"4359\">A promessa impactou a todos presentes, fortalecendo o clima de confian\u00e7a entre gest\u00e3o e comunidade.<\/p>\n<h2 data-start=\"4361\" data-end=\"4410\"><strong data-start=\"4364\" data-end=\"4410\">Tradi\u00e7\u00e3o, renova\u00e7\u00e3o e encontro de gera\u00e7\u00f5es<\/strong><\/h2>\n<p data-start=\"4412\" data-end=\"4577\">Enquanto Sodr\u00e9 caminhava pela pra\u00e7a, registrou o encontro de gera\u00e7\u00f5es.<br data-start=\"4482\" data-end=\"4485\" \/>Crian\u00e7as encantadas, jovens fazendo fotos, idosos emocionados, fam\u00edlias inteiras celebrando.<\/p>\n<p data-start=\"4579\" data-end=\"4728\">\u201c<strong data-start=\"4580\" data-end=\"4613\">Aqui tem encontro de gera\u00e7\u00f5es<\/strong>\u201d, disse o prefeito, refor\u00e7ando que o objetivo da gest\u00e3o \u00e9 tornar Ub\u00e1 uma cidade cada vez mais humana e acolhedora.<\/p>\n<h2 data-start=\"4730\" data-end=\"4774\"><strong data-start=\"4733\" data-end=\"4774\">Show, atra\u00e7\u00f5es e programa\u00e7\u00e3o especial<\/strong><\/h2>\n<p data-start=\"4776\" data-end=\"4920\">A noite n\u00e3o terminou com o acender das luzes. Logo depois, o p\u00fablico curtiu o show de <strong data-start=\"4862\" data-end=\"4880\">Landau e Banda<\/strong>, trazendo ainda mais energia ao evento.<\/p>\n<p data-start=\"4922\" data-end=\"5129\">E a programa\u00e7\u00e3o continua.<br data-start=\"4947\" data-end=\"4950\" \/>Segundo Sodr\u00e9, no dia seguinte haver\u00e1 <strong data-start=\"4988\" data-end=\"5010\">trenzinho gratuito<\/strong>, <strong data-start=\"5012\" data-end=\"5026\">brinquedos<\/strong> e <strong data-start=\"5029\" data-end=\"5058\">divers\u00e3o para as crian\u00e7as<\/strong>. Um gesto da gest\u00e3o municipal para tornar o Natal ainda mais especial.<\/p>\n<h2 data-start=\"5131\" data-end=\"5181\"><strong data-start=\"5134\" data-end=\"5181\">Um Natal para celebrar e renovar esperan\u00e7as<\/strong><\/h2>\n<p data-start=\"5183\" data-end=\"5356\">O Renascer das Luzes marcou o in\u00edcio de um ciclo iluminado em Ub\u00e1.<br data-start=\"5249\" data-end=\"5252\" \/>Com trabalho conjunto, criatividade e forte participa\u00e7\u00e3o popular, a cidade vive um clima natalino \u00fanico.<\/p>\n<p data-start=\"5358\" data-end=\"5461\">As palavras do prefeito resumiram o esp\u00edrito da noite:<br data-start=\"5412\" data-end=\"5415\" \/>\u201c<strong data-start=\"5416\" data-end=\"5460\">Se 2025 foi bom, 2026 ser\u00e1 ainda melhor.<\/strong>\u201d<\/p>\n<p data-start=\"5463\" data-end=\"5577\">E Sodr\u00e9 encerrou a transmiss\u00e3o desejando:<br data-start=\"5504\" data-end=\"5507\" \/>\u201c<strong data-start=\"5508\" data-end=\"5576\">Um Feliz Natal para todos. Que Ub\u00e1 viva esta magia intensamente.<\/strong>\u201d<\/p>\n<p><iframe title=\"Fala Sodr\u00e9: Edi\u00e7\u00e3o Especial de s\u00e1bado - Renascer das Luzes - Pra\u00e7a S\u00e3o Janu\u00e1rio - Ub\u00e1\/MG 06\/12\/2025\" width=\"840\" height=\"473\" data-src=\"https:\/\/www.youtube.com\/embed\/vQolmjywVPA?feature=oembed\" frameborder=\"0\" allow=\"accelerometer; autoplay; clipboard-write; encrypted-media; gyroscope; picture-in-picture; web-share\" referrerpolicy=\"strict-origin-when-cross-origin\" allowfullscreen src=\"data:image\/svg+xml;base64,PHN2ZyB3aWR0aD0iMSIgaGVpZ2h0PSIxIiB4bWxucz0iaHR0cDovL3d3dy53My5vcmcvMjAwMC9zdmciPjwvc3ZnPg==\" class=\"lazyload\" data-load-mode=\"1\"><\/iframe><\/p>\n<p style=\"margin: 0in; font-size: 20.0pt;\"><span style=\"font-family: 'Segoe UI Emoji';\">&#x1f4da; <\/span><span style=\"font-weight: bold; font-family: Calibri;\">Cobertura:<\/span><span style=\"font-family: Calibri;\"> Carlos Roberto Sodr\u00e9 <\/span><a href=\"https:\/\/wa.me\/553298481334\"><span style=\"font-family: Calibri;\">WhatsApp<\/span><\/a><\/p>\n<p style=\"margin: 0in; font-size: 20.0pt;\"><span style=\"font-family: 'Segoe UI Emoji';\">&#x1f4f8; <\/span><span style=\"font-weight: bold; font-family: Calibri;\">Imagens:<\/span><span style=\"font-family: Calibri;\"> Laisa Sodr\u00e9<\/span><\/p>\n<p style=\"margin: 0in; font-size: 20.0pt;\"><span style=\"font-family: 'Segoe UI Emoji';\">&#x1f4dd; <\/span><span style=\"font-weight: bold; font-family: Calibri;\">Conte\u00fado: <\/span><a href=\"https:\/\/www.linkedin.com\/in\/pedrohgf\/\"><span style=\"font-family: Calibri;\">Pedro Henriques<\/span><\/a><span style=\"font-family: Calibri;\"> \u2013 <\/span><a href=\"https:\/\/indicca.com.br\/blog\/\"><span style=\"font-family: Calibri;\">INDICCA.COM<\/span><\/a><span style=\"font-family: Calibri;\">\u00a0 <\/span><a href=\"https:\/\/wa.me\/5532988020057\"><span style=\"font-family: Calibri;\">WhatsApp<\/span><\/a><\/p>\n<p style=\"margin: 0in; font-size: 20.0pt;\"><span style=\"font-family: 'Segoe UI Emoji';\">&#x1f393; <\/span><span style=\"font-weight: bold; font-family: Calibri;\">Evento: Renascer das Luzes ilumina Ub\u00e1: uma noite hist\u00f3rica na Pra\u00e7a S\u00e3o Janu\u00e1rio <\/span><\/p>\n<p data-start=\"5463\" data-end=\"5577\">\n","protected":false},"excerpt":{"rendered":"<p>Renascer das Luzes ilumina Ub\u00e1: uma noite hist\u00f3rica na Pra\u00e7a<\/p>\n","protected":false},"author":4,"featured_media":23505,"comment_status":"open","ping_status":"open","sticky":false,"template":"","format":"standard","meta":{"footnotes":""},"categories":[1],"tags":[72,243,244,148,67],"class_list":["post-23503","post","type-post","status-publish","format-standard","has-post-thumbnail","hentry","category-sem-categoria","tag-damato","tag-feliz-natal","tag-labanca","tag-rominho","tag-sodre"],"yoast_head":"<!-- This site is optimized with the Yoast SEO plugin v27.2 - https:\/\/yoast.com\/product\/yoast-seo-wordpress\/ -->\n<title>Renascer das Luzes ilumina Ub\u00e1 - Ub\u00e1 News<\/title>\n<meta name=\"description\" content=\"Renascer das Luzes ilumina Ub\u00e1: uma noite hist\u00f3rica na Pra\u00e7a S\u00e3o Janu\u00e1rio. A Pra\u00e7a S\u00e3o Janu\u00e1rio recebeu o evento Renascer das Luzes.\" \/>\n<meta name=\"robots\" content=\"index, follow, max-snippet:-1, max-image-preview:large, max-video-preview:-1\" \/>\n<link rel=\"canonical\" href=\"https:\/\/ubanews.com\/site\/2025\/12\/09\/renascer-das-luzes-ilumina-uba\/\" \/>\n<meta property=\"og:locale\" content=\"pt_BR\" \/>\n<meta property=\"og:type\" content=\"article\" \/>\n<meta property=\"og:title\" content=\"Renascer das Luzes ilumina Ub\u00e1 - Ub\u00e1 News\" \/>\n<meta property=\"og:description\" content=\"Renascer das Luzes ilumina Ub\u00e1: uma noite hist\u00f3rica na Pra\u00e7a S\u00e3o Janu\u00e1rio. A Pra\u00e7a S\u00e3o Janu\u00e1rio recebeu o evento Renascer das Luzes.\" \/>\n<meta property=\"og:url\" content=\"https:\/\/ubanews.com\/site\/2025\/12\/09\/renascer-das-luzes-ilumina-uba\/\" \/>\n<meta property=\"og:site_name\" content=\"Ub\u00e1 News\" \/>\n<meta property=\"article:publisher\" content=\"https:\/\/www.facebook.com\/Ub%c3%a1News-Carlos-Roberto-Sodr%c3%a9-418778301977370\" \/>\n<meta property=\"article:published_time\" content=\"2025-12-09T18:09:41+00:00\" \/>\n<meta property=\"og:image\" content=\"https:\/\/ubanews.com\/site\/wp-content\/uploads\/2025\/12\/Natal-Luz-na-Praca-Sao-Januario-com-o-Prefeito-Prof-Jose-Damato-e-o-Vice-Cabo-Rominho.jpg\" \/>\n\t<meta property=\"og:image:width\" content=\"1005\" \/>\n\t<meta property=\"og:image:height\" content=\"556\" \/>\n\t<meta property=\"og:image:type\" content=\"image\/jpeg\" \/>\n<meta name=\"author\" content=\"Carlos Roberto Sodr\u00e9\" \/>\n<meta name=\"twitter:card\" content=\"summary_large_image\" \/>\n<meta name=\"twitter:label1\" content=\"Escrito por\" \/>\n\t<meta name=\"twitter:data1\" content=\"Carlos Roberto Sodr\u00e9\" \/>\n\t<meta name=\"twitter:label2\" content=\"Est. tempo de leitura\" \/>\n\t<meta name=\"twitter:data2\" content=\"6 minutos\" \/>\n<script type=\"application\/ld+json\" class=\"yoast-schema-graph\">{\"@context\":\"https:\/\/schema.org\",\"@graph\":[{\"@type\":\"Article\",\"@id\":\"https:\/\/ubanews.com\/site\/2025\/12\/09\/renascer-das-luzes-ilumina-uba\/#article\",\"isPartOf\":{\"@id\":\"https:\/\/ubanews.com\/site\/2025\/12\/09\/renascer-das-luzes-ilumina-uba\/\"},\"author\":{\"name\":\"Carlos Roberto Sodr\u00e9\",\"@id\":\"https:\/\/ubanews.com\/site\/#\/schema\/person\/9d8da9ec3c8d00640ab6e8c81e103310\"},\"headline\":\"Renascer das Luzes ilumina Ub\u00e1\",\"datePublished\":\"2025-12-09T18:09:41+00:00\",\"mainEntityOfPage\":{\"@id\":\"https:\/\/ubanews.com\/site\/2025\/12\/09\/renascer-das-luzes-ilumina-uba\/\"},\"wordCount\":985,\"commentCount\":0,\"publisher\":{\"@id\":\"https:\/\/ubanews.com\/site\/#organization\"},\"image\":{\"@id\":\"https:\/\/ubanews.com\/site\/2025\/12\/09\/renascer-das-luzes-ilumina-uba\/#primaryimage\"},\"thumbnailUrl\":\"https:\/\/ubanews.com\/site\/wp-content\/uploads\/2025\/12\/Natal-Luz-na-Praca-Sao-Januario-com-o-Prefeito-Prof-Jose-Damato-e-o-Vice-Cabo-Rominho.jpg\",\"keywords\":[\"Damato\",\"Feliz Natal\",\"Labanca\",\"Rominho\",\"Sodr\u00e9\"],\"articleSection\":[\"Geral\"],\"inLanguage\":\"pt-BR\",\"potentialAction\":[{\"@type\":\"CommentAction\",\"name\":\"Comment\",\"target\":[\"https:\/\/ubanews.com\/site\/2025\/12\/09\/renascer-das-luzes-ilumina-uba\/#respond\"]}]},{\"@type\":\"WebPage\",\"@id\":\"https:\/\/ubanews.com\/site\/2025\/12\/09\/renascer-das-luzes-ilumina-uba\/\",\"url\":\"https:\/\/ubanews.com\/site\/2025\/12\/09\/renascer-das-luzes-ilumina-uba\/\",\"name\":\"Renascer das Luzes ilumina Ub\u00e1 - Ub\u00e1 News\",\"isPartOf\":{\"@id\":\"https:\/\/ubanews.com\/site\/#website\"},\"primaryImageOfPage\":{\"@id\":\"https:\/\/ubanews.com\/site\/2025\/12\/09\/renascer-das-luzes-ilumina-uba\/#primaryimage\"},\"image\":{\"@id\":\"https:\/\/ubanews.com\/site\/2025\/12\/09\/renascer-das-luzes-ilumina-uba\/#primaryimage\"},\"thumbnailUrl\":\"https:\/\/ubanews.com\/site\/wp-content\/uploads\/2025\/12\/Natal-Luz-na-Praca-Sao-Januario-com-o-Prefeito-Prof-Jose-Damato-e-o-Vice-Cabo-Rominho.jpg\",\"datePublished\":\"2025-12-09T18:09:41+00:00\",\"description\":\"Renascer das Luzes ilumina Ub\u00e1: uma noite hist\u00f3rica na Pra\u00e7a S\u00e3o Janu\u00e1rio. A Pra\u00e7a S\u00e3o Janu\u00e1rio recebeu o evento Renascer das Luzes.\",\"breadcrumb\":{\"@id\":\"https:\/\/ubanews.com\/site\/2025\/12\/09\/renascer-das-luzes-ilumina-uba\/#breadcrumb\"},\"inLanguage\":\"pt-BR\",\"potentialAction\":[{\"@type\":\"ReadAction\",\"target\":[\"https:\/\/ubanews.com\/site\/2025\/12\/09\/renascer-das-luzes-ilumina-uba\/\"]}]},{\"@type\":\"ImageObject\",\"inLanguage\":\"pt-BR\",\"@id\":\"https:\/\/ubanews.com\/site\/2025\/12\/09\/renascer-das-luzes-ilumina-uba\/#primaryimage\",\"url\":\"https:\/\/ubanews.com\/site\/wp-content\/uploads\/2025\/12\/Natal-Luz-na-Praca-Sao-Januario-com-o-Prefeito-Prof-Jose-Damato-e-o-Vice-Cabo-Rominho.jpg\",\"contentUrl\":\"https:\/\/ubanews.com\/site\/wp-content\/uploads\/2025\/12\/Natal-Luz-na-Praca-Sao-Januario-com-o-Prefeito-Prof-Jose-Damato-e-o-Vice-Cabo-Rominho.jpg\",\"width\":1005,\"height\":556,\"caption\":\"Feliz Natal na Pra\u00e7a S\u00e3o Janu\u00e1rio.\"},{\"@type\":\"BreadcrumbList\",\"@id\":\"https:\/\/ubanews.com\/site\/2025\/12\/09\/renascer-das-luzes-ilumina-uba\/#breadcrumb\",\"itemListElement\":[{\"@type\":\"ListItem\",\"position\":1,\"name\":\"Home\",\"item\":\"https:\/\/ubanews.com\/site\/\"},{\"@type\":\"ListItem\",\"position\":2,\"name\":\"Renascer das Luzes ilumina Ub\u00e1\"}]},{\"@type\":\"WebSite\",\"@id\":\"https:\/\/ubanews.com\/site\/#website\",\"url\":\"https:\/\/ubanews.com\/site\/\",\"name\":\"Ub\u00e1 News\",\"description\":\"\",\"publisher\":{\"@id\":\"https:\/\/ubanews.com\/site\/#organization\"},\"potentialAction\":[{\"@type\":\"SearchAction\",\"target\":{\"@type\":\"EntryPoint\",\"urlTemplate\":\"https:\/\/ubanews.com\/site\/?s={search_term_string}\"},\"query-input\":{\"@type\":\"PropertyValueSpecification\",\"valueRequired\":true,\"valueName\":\"search_term_string\"}}],\"inLanguage\":\"pt-BR\"},{\"@type\":\"Organization\",\"@id\":\"https:\/\/ubanews.com\/site\/#organization\",\"name\":\"Ub\u00e1 News\",\"url\":\"https:\/\/ubanews.com\/site\/\",\"logo\":{\"@type\":\"ImageObject\",\"inLanguage\":\"pt-BR\",\"@id\":\"https:\/\/ubanews.com\/site\/#\/schema\/logo\/image\/\",\"url\":\"https:\/\/ubanews.com\/site\/wp-content\/uploads\/2018\/01\/logoubanews.png\",\"contentUrl\":\"https:\/\/ubanews.com\/site\/wp-content\/uploads\/2018\/01\/logoubanews.png\",\"width\":261,\"height\":99,\"caption\":\"Ub\u00e1 News\"},\"image\":{\"@id\":\"https:\/\/ubanews.com\/site\/#\/schema\/logo\/image\/\"},\"sameAs\":[\"https:\/\/www.facebook.com\/Ub\u00e1News-Carlos-Roberto-Sodr\u00e9-418778301977370\"]},{\"@type\":\"Person\",\"@id\":\"https:\/\/ubanews.com\/site\/#\/schema\/person\/9d8da9ec3c8d00640ab6e8c81e103310\",\"name\":\"Carlos Roberto Sodr\u00e9\",\"image\":{\"@type\":\"ImageObject\",\"inLanguage\":\"pt-BR\",\"@id\":\"https:\/\/secure.gravatar.com\/avatar\/aab322e8555b56c468614fafdab8a8f924e394cdc6cfd8232f77e9e4d123a133?s=96&d=mm&r=g\",\"url\":\"https:\/\/secure.gravatar.com\/avatar\/aab322e8555b56c468614fafdab8a8f924e394cdc6cfd8232f77e9e4d123a133?s=96&d=mm&r=g\",\"contentUrl\":\"https:\/\/secure.gravatar.com\/avatar\/aab322e8555b56c468614fafdab8a8f924e394cdc6cfd8232f77e9e4d123a133?s=96&d=mm&r=g\",\"caption\":\"Carlos Roberto Sodr\u00e9\"},\"url\":\"https:\/\/ubanews.com\/site\/author\/sodre\/\"}]}<\/script>\n<!-- \/ Yoast SEO plugin. -->","yoast_head_json":{"title":"Renascer das Luzes ilumina Ub\u00e1 - Ub\u00e1 News","description":"Renascer das Luzes ilumina Ub\u00e1: uma noite hist\u00f3rica na Pra\u00e7a S\u00e3o Janu\u00e1rio. A Pra\u00e7a S\u00e3o Janu\u00e1rio recebeu o evento Renascer das Luzes.","robots":{"index":"index","follow":"follow","max-snippet":"max-snippet:-1","max-image-preview":"max-image-preview:large","max-video-preview":"max-video-preview:-1"},"canonical":"https:\/\/ubanews.com\/site\/2025\/12\/09\/renascer-das-luzes-ilumina-uba\/","og_locale":"pt_BR","og_type":"article","og_title":"Renascer das Luzes ilumina Ub\u00e1 - Ub\u00e1 News","og_description":"Renascer das Luzes ilumina Ub\u00e1: uma noite hist\u00f3rica na Pra\u00e7a S\u00e3o Janu\u00e1rio. A Pra\u00e7a S\u00e3o Janu\u00e1rio recebeu o evento Renascer das Luzes.","og_url":"https:\/\/ubanews.com\/site\/2025\/12\/09\/renascer-das-luzes-ilumina-uba\/","og_site_name":"Ub\u00e1 News","article_publisher":"https:\/\/www.facebook.com\/Ub%c3%a1News-Carlos-Roberto-Sodr%c3%a9-418778301977370","article_published_time":"2025-12-09T18:09:41+00:00","og_image":[{"width":1005,"height":556,"url":"https:\/\/ubanews.com\/site\/wp-content\/uploads\/2025\/12\/Natal-Luz-na-Praca-Sao-Januario-com-o-Prefeito-Prof-Jose-Damato-e-o-Vice-Cabo-Rominho.jpg","type":"image\/jpeg"}],"author":"Carlos Roberto Sodr\u00e9","twitter_card":"summary_large_image","twitter_misc":{"Escrito por":"Carlos Roberto Sodr\u00e9","Est. tempo de leitura":"6 minutos"},"schema":{"@context":"https:\/\/schema.org","@graph":[{"@type":"Article","@id":"https:\/\/ubanews.com\/site\/2025\/12\/09\/renascer-das-luzes-ilumina-uba\/#article","isPartOf":{"@id":"https:\/\/ubanews.com\/site\/2025\/12\/09\/renascer-das-luzes-ilumina-uba\/"},"author":{"name":"Carlos Roberto Sodr\u00e9","@id":"https:\/\/ubanews.com\/site\/#\/schema\/person\/9d8da9ec3c8d00640ab6e8c81e103310"},"headline":"Renascer das Luzes ilumina Ub\u00e1","datePublished":"2025-12-09T18:09:41+00:00","mainEntityOfPage":{"@id":"https:\/\/ubanews.com\/site\/2025\/12\/09\/renascer-das-luzes-ilumina-uba\/"},"wordCount":985,"commentCount":0,"publisher":{"@id":"https:\/\/ubanews.com\/site\/#organization"},"image":{"@id":"https:\/\/ubanews.com\/site\/2025\/12\/09\/renascer-das-luzes-ilumina-uba\/#primaryimage"},"thumbnailUrl":"https:\/\/ubanews.com\/site\/wp-content\/uploads\/2025\/12\/Natal-Luz-na-Praca-Sao-Januario-com-o-Prefeito-Prof-Jose-Damato-e-o-Vice-Cabo-Rominho.jpg","keywords":["Damato","Feliz Natal","Labanca","Rominho","Sodr\u00e9"],"articleSection":["Geral"],"inLanguage":"pt-BR","potentialAction":[{"@type":"CommentAction","name":"Comment","target":["https:\/\/ubanews.com\/site\/2025\/12\/09\/renascer-das-luzes-ilumina-uba\/#respond"]}]},{"@type":"WebPage","@id":"https:\/\/ubanews.com\/site\/2025\/12\/09\/renascer-das-luzes-ilumina-uba\/","url":"https:\/\/ubanews.com\/site\/2025\/12\/09\/renascer-das-luzes-ilumina-uba\/","name":"Renascer das Luzes ilumina Ub\u00e1 - Ub\u00e1 News","isPartOf":{"@id":"https:\/\/ubanews.com\/site\/#website"},"primaryImageOfPage":{"@id":"https:\/\/ubanews.com\/site\/2025\/12\/09\/renascer-das-luzes-ilumina-uba\/#primaryimage"},"image":{"@id":"https:\/\/ubanews.com\/site\/2025\/12\/09\/renascer-das-luzes-ilumina-uba\/#primaryimage"},"thumbnailUrl":"https:\/\/ubanews.com\/site\/wp-content\/uploads\/2025\/12\/Natal-Luz-na-Praca-Sao-Januario-com-o-Prefeito-Prof-Jose-Damato-e-o-Vice-Cabo-Rominho.jpg","datePublished":"2025-12-09T18:09:41+00:00","description":"Renascer das Luzes ilumina Ub\u00e1: uma noite hist\u00f3rica na Pra\u00e7a S\u00e3o Janu\u00e1rio. A Pra\u00e7a S\u00e3o Janu\u00e1rio recebeu o evento Renascer das Luzes.","breadcrumb":{"@id":"https:\/\/ubanews.com\/site\/2025\/12\/09\/renascer-das-luzes-ilumina-uba\/#breadcrumb"},"inLanguage":"pt-BR","potentialAction":[{"@type":"ReadAction","target":["https:\/\/ubanews.com\/site\/2025\/12\/09\/renascer-das-luzes-ilumina-uba\/"]}]},{"@type":"ImageObject","inLanguage":"pt-BR","@id":"https:\/\/ubanews.com\/site\/2025\/12\/09\/renascer-das-luzes-ilumina-uba\/#primaryimage","url":"https:\/\/ubanews.com\/site\/wp-content\/uploads\/2025\/12\/Natal-Luz-na-Praca-Sao-Januario-com-o-Prefeito-Prof-Jose-Damato-e-o-Vice-Cabo-Rominho.jpg","contentUrl":"https:\/\/ubanews.com\/site\/wp-content\/uploads\/2025\/12\/Natal-Luz-na-Praca-Sao-Januario-com-o-Prefeito-Prof-Jose-Damato-e-o-Vice-Cabo-Rominho.jpg","width":1005,"height":556,"caption":"Feliz Natal na Pra\u00e7a S\u00e3o Janu\u00e1rio."},{"@type":"BreadcrumbList","@id":"https:\/\/ubanews.com\/site\/2025\/12\/09\/renascer-das-luzes-ilumina-uba\/#breadcrumb","itemListElement":[{"@type":"ListItem","position":1,"name":"Home","item":"https:\/\/ubanews.com\/site\/"},{"@type":"ListItem","position":2,"name":"Renascer das Luzes ilumina Ub\u00e1"}]},{"@type":"WebSite","@id":"https:\/\/ubanews.com\/site\/#website","url":"https:\/\/ubanews.com\/site\/","name":"Ub\u00e1 News","description":"","publisher":{"@id":"https:\/\/ubanews.com\/site\/#organization"},"potentialAction":[{"@type":"SearchAction","target":{"@type":"EntryPoint","urlTemplate":"https:\/\/ubanews.com\/site\/?s={search_term_string}"},"query-input":{"@type":"PropertyValueSpecification","valueRequired":true,"valueName":"search_term_string"}}],"inLanguage":"pt-BR"},{"@type":"Organization","@id":"https:\/\/ubanews.com\/site\/#organization","name":"Ub\u00e1 News","url":"https:\/\/ubanews.com\/site\/","logo":{"@type":"ImageObject","inLanguage":"pt-BR","@id":"https:\/\/ubanews.com\/site\/#\/schema\/logo\/image\/","url":"https:\/\/ubanews.com\/site\/wp-content\/uploads\/2018\/01\/logoubanews.png","contentUrl":"https:\/\/ubanews.com\/site\/wp-content\/uploads\/2018\/01\/logoubanews.png","width":261,"height":99,"caption":"Ub\u00e1 News"},"image":{"@id":"https:\/\/ubanews.com\/site\/#\/schema\/logo\/image\/"},"sameAs":["https:\/\/www.facebook.com\/Ub\u00e1News-Carlos-Roberto-Sodr\u00e9-418778301977370"]},{"@type":"Person","@id":"https:\/\/ubanews.com\/site\/#\/schema\/person\/9d8da9ec3c8d00640ab6e8c81e103310","name":"Carlos Roberto Sodr\u00e9","image":{"@type":"ImageObject","inLanguage":"pt-BR","@id":"https:\/\/secure.gravatar.com\/avatar\/aab322e8555b56c468614fafdab8a8f924e394cdc6cfd8232f77e9e4d123a133?s=96&d=mm&r=g","url":"https:\/\/secure.gravatar.com\/avatar\/aab322e8555b56c468614fafdab8a8f924e394cdc6cfd8232f77e9e4d123a133?s=96&d=mm&r=g","contentUrl":"https:\/\/secure.gravatar.com\/avatar\/aab322e8555b56c468614fafdab8a8f924e394cdc6cfd8232f77e9e4d123a133?s=96&d=mm&r=g","caption":"Carlos Roberto Sodr\u00e9"},"url":"https:\/\/ubanews.com\/site\/author\/sodre\/"}]}},"_links":{"self":[{"href":"https:\/\/ubanews.com\/site\/wp-json\/wp\/v2\/posts\/23503","targetHints":{"allow":["GET"]}}],"collection":[{"href":"https:\/\/ubanews.com\/site\/wp-json\/wp\/v2\/posts"}],"about":[{"href":"https:\/\/ubanews.com\/site\/wp-json\/wp\/v2\/types\/post"}],"author":[{"embeddable":true,"href":"https:\/\/ubanews.com\/site\/wp-json\/wp\/v2\/users\/4"}],"replies":[{"embeddable":true,"href":"https:\/\/ubanews.com\/site\/wp-json\/wp\/v2\/comments?post=23503"}],"version-history":[{"count":0,"href":"https:\/\/ubanews.com\/site\/wp-json\/wp\/v2\/posts\/23503\/revisions"}],"wp:featuredmedia":[{"embeddable":true,"href":"https:\/\/ubanews.com\/site\/wp-json\/wp\/v2\/media\/23505"}],"wp:attachment":[{"href":"https:\/\/ubanews.com\/site\/wp-json\/wp\/v2\/media?parent=23503"}],"wp:term":[{"taxonomy":"category","embeddable":true,"href":"https:\/\/ubanews.com\/site\/wp-json\/wp\/v2\/categories?post=23503"},{"taxonomy":"post_tag","embeddable":true,"href":"https:\/\/ubanews.com\/site\/wp-json\/wp\/v2\/tags?post=23503"}],"curies":[{"name":"wp","href":"https:\/\/api.w.org\/{rel}","templated":true}]}}