{"id":23501,"date":"2025-12-08T14:36:51","date_gmt":"2025-12-08T17:36:51","guid":{"rendered":"https:\/\/ubanews.com\/site\/?p=23501"},"modified":"2025-12-08T15:09:34","modified_gmt":"2025-12-08T18:09:34","slug":"suspeito-e-preso-por-furtos-em-apartamentos-de-luxo-em-juiz-de-fora","status":"publish","type":"post","link":"https:\/\/ubanews.com\/site\/2025\/12\/08\/suspeito-e-preso-por-furtos-em-apartamentos-de-luxo-em-juiz-de-fora\/","title":{"rendered":"suspeito \u00e9 preso por furtos em apartamentos de luxo em Juiz de Fora"},"content":{"rendered":"<p>Suspeito \u00e9 preso por furtos em apartamentos de luxo em Juiz de Fora<br \/>\nA\u00e7\u00e3o integrada resulta na captura do suspeito em Uberl\u00e2ndia.<\/p>\n<p>A Pol\u00edcia Civil de Minas Gerais (PCMG) identificou o respons\u00e1vel por uma s\u00e9rie de furtos qualificados com arrombamento em im\u00f3veis de alto padr\u00e3o em Juiz de Fora, na Zona da Mata. Ap\u00f3s levantamentos e rastreamentos envolvendo tr\u00eas equipes de diferentes delegacias de Pol\u00edcia Civil, o investigado foi preso na cidade de Uberl\u00e2ndia, na noite desse domingo (7\/12).<\/p>\n<h2>Suspeito \u00e9 preso por furtos em apartamentos de luxo em Juiz de Fora<\/h2>\n<p><img decoding=\"async\" class=\"aligncenter size-medium wp-image-23502 lazyload\" data-src=\"https:\/\/ubanews.com\/site\/wp-content\/uploads\/2025\/12\/WhatsApp-Image-2025-12-08-at-12.53.59-225x300.jpeg\" alt=\"Fato Policial \" width=\"225\" height=\"300\" data-srcset=\"https:\/\/ubanews.com\/site\/wp-content\/uploads\/2025\/12\/WhatsApp-Image-2025-12-08-at-12.53.59-225x300.jpeg 225w, https:\/\/ubanews.com\/site\/wp-content\/uploads\/2025\/12\/WhatsApp-Image-2025-12-08-at-12.53.59-768x1024.jpeg 768w, https:\/\/ubanews.com\/site\/wp-content\/uploads\/2025\/12\/WhatsApp-Image-2025-12-08-at-12.53.59-1152x1536.jpeg 1152w, https:\/\/ubanews.com\/site\/wp-content\/uploads\/2025\/12\/WhatsApp-Image-2025-12-08-at-12.53.59.jpeg 1200w\" data-sizes=\"(max-width: 225px) 100vw, 225px\" src=\"data:image\/svg+xml;base64,PHN2ZyB3aWR0aD0iMSIgaGVpZ2h0PSIxIiB4bWxucz0iaHR0cDovL3d3dy53My5vcmcvMjAwMC9zdmciPjwvc3ZnPg==\" style=\"--smush-placeholder-width: 225px; --smush-placeholder-aspect-ratio: 225\/300;\" \/><\/p>\n<p>As investiga\u00e7\u00f5es da 7\u00aa Delegacia de Juiz de Fora apuraram que os crimes ocorriam durante o dia, per\u00edodo em que os moradores estavam ausentes. O suspeito ingressava nos edif\u00edcios fingindo estar ao telefone, utilizava bon\u00e9 e camisa polo sobre outra pe\u00e7a de roupa para possibilitar troca r\u00e1pida de vestu\u00e1rio, verificava unidades vazias por meio de frestas nas portas e arrombava fechaduras com o uso de alavanca met\u00e1lica. Os bens subtra\u00eddos inclu\u00edam principalmente joias em ouro, rel\u00f3gios e equipamentos eletr\u00f4nicos.<\/p>\n<p>No dia 1\u00ba de dezembro de 2025, o investigado arrombou uma cobertura localizada no bairro Granbery, quando c\u00e2meras internas e externas registraram detalhadamente a a\u00e7\u00e3o criminosa, permitindo a obten\u00e7\u00e3o de imagens n\u00edtidas do rosto e da din\u00e2mica empregada.<\/p>\n<p>A identifica\u00e7\u00e3o do investigado ocorreu a partir da troca de informa\u00e7\u00f5es com a 2\u00aa Delegacia de Pol\u00edcia Civil de Contagem, que confirmou tratar-se de um homem de 47 anos, natural do Distrito Federal e j\u00e1 procurado por mandado de pris\u00e3o por furtos similares. O suspeito tamb\u00e9m possui hist\u00f3rico de crimes praticados em Contagem.<\/p>\n<p>Com base no monitoramento de suas movimenta\u00e7\u00f5es, foi constatada a compra de passagem com destino ao Distrito Federal para o dia 6 de dezembro. As informa\u00e7\u00f5es foram repassadas \u00e0 Delegacia Regional de Uberl\u00e2ndia, que instalou campana no Terminal Rodovi\u00e1rio. A equipe permaneceu no local at\u00e9 o momento em que o suspeito foi localizado e preso em flagrante, com joias, rel\u00f3gios, objetos furtados e as roupas utilizadas nos crimes.<\/p>\n<p>O delegado respons\u00e1vel pela investiga\u00e7\u00e3o, Samuel Neri, destacou a import\u00e2ncia da coopera\u00e7\u00e3o entre unidades policiais:<\/p>\n<p>&#8220;A integra\u00e7\u00e3o entre delegacias de diferentes cidades foi fundamental para a r\u00e1pida identifica\u00e7\u00e3o e pris\u00e3o do autor. O trabalho conjunto com os delegados Marcos Vin\u00edcius Gontijo Monteiro, de Contagem, e Gustavo Anai, de Uberl\u00e2ndia, refor\u00e7a o compromisso da institui\u00e7\u00e3o com a repress\u00e3o qualificada a crimes patrimoniais&#8221;.<\/p>\n","protected":false},"excerpt":{"rendered":"<p>Suspeito \u00e9 preso por furtos em apartamentos de luxo em<\/p>\n","protected":false},"author":4,"featured_media":23502,"comment_status":"open","ping_status":"open","sticky":false,"template":"","format":"standard","meta":{"footnotes":""},"categories":[1,3],"tags":[],"class_list":["post-23501","post","type-post","status-publish","format-standard","has-post-thumbnail","hentry","category-sem-categoria","category-slide"],"yoast_head":"<!-- This site is optimized with the Yoast SEO plugin v27.2 - https:\/\/yoast.com\/product\/yoast-seo-wordpress\/ -->\n<title>suspeito \u00e9 preso por furtos em apartamentos de luxo em Juiz de Fora - Ub\u00e1 News<\/title>\n<meta name=\"description\" content=\"Suspeito \u00e9 preso por furtos em apartamentos de luxo em Juiz de Fora. A Pol\u00edcia Civil de Minas Gerais (PCMG) identificou o respons\u00e1vel por furtos qualificados em im\u00f3veis de alto padr\u00e3o.\" \/>\n<meta name=\"robots\" content=\"index, follow, max-snippet:-1, max-image-preview:large, max-video-preview:-1\" \/>\n<link rel=\"canonical\" href=\"https:\/\/ubanews.com\/site\/2025\/12\/08\/suspeito-e-preso-por-furtos-em-apartamentos-de-luxo-em-juiz-de-fora\/\" \/>\n<meta property=\"og:locale\" content=\"pt_BR\" \/>\n<meta property=\"og:type\" content=\"article\" \/>\n<meta property=\"og:title\" content=\"suspeito \u00e9 preso por furtos em apartamentos de luxo em Juiz de Fora - Ub\u00e1 News\" \/>\n<meta property=\"og:description\" content=\"Suspeito \u00e9 preso por furtos em apartamentos de luxo em Juiz de Fora. A Pol\u00edcia Civil de Minas Gerais (PCMG) identificou o respons\u00e1vel por furtos qualificados em im\u00f3veis de alto padr\u00e3o.\" \/>\n<meta property=\"og:url\" content=\"https:\/\/ubanews.com\/site\/2025\/12\/08\/suspeito-e-preso-por-furtos-em-apartamentos-de-luxo-em-juiz-de-fora\/\" \/>\n<meta property=\"og:site_name\" content=\"Ub\u00e1 News\" \/>\n<meta property=\"article:publisher\" content=\"https:\/\/www.facebook.com\/Ub%c3%a1News-Carlos-Roberto-Sodr%c3%a9-418778301977370\" \/>\n<meta property=\"article:published_time\" content=\"2025-12-08T17:36:51+00:00\" \/>\n<meta property=\"article:modified_time\" content=\"2025-12-08T18:09:34+00:00\" \/>\n<meta property=\"og:image\" content=\"https:\/\/ubanews.com\/site\/wp-content\/uploads\/2025\/12\/WhatsApp-Image-2025-12-08-at-12.53.59.jpeg\" \/>\n\t<meta property=\"og:image:width\" content=\"1200\" \/>\n\t<meta property=\"og:image:height\" content=\"1600\" \/>\n\t<meta property=\"og:image:type\" content=\"image\/jpeg\" \/>\n<meta name=\"author\" content=\"Carlos Roberto Sodr\u00e9\" \/>\n<meta name=\"twitter:card\" content=\"summary_large_image\" \/>\n<meta name=\"twitter:label1\" content=\"Escrito por\" \/>\n\t<meta name=\"twitter:data1\" content=\"Carlos Roberto Sodr\u00e9\" \/>\n\t<meta name=\"twitter:label2\" content=\"Est. tempo de leitura\" \/>\n\t<meta name=\"twitter:data2\" content=\"3 minutos\" \/>\n<script type=\"application\/ld+json\" class=\"yoast-schema-graph\">{\"@context\":\"https:\/\/schema.org\",\"@graph\":[{\"@type\":\"Article\",\"@id\":\"https:\/\/ubanews.com\/site\/2025\/12\/08\/suspeito-e-preso-por-furtos-em-apartamentos-de-luxo-em-juiz-de-fora\/#article\",\"isPartOf\":{\"@id\":\"https:\/\/ubanews.com\/site\/2025\/12\/08\/suspeito-e-preso-por-furtos-em-apartamentos-de-luxo-em-juiz-de-fora\/\"},\"author\":{\"name\":\"Carlos Roberto Sodr\u00e9\",\"@id\":\"https:\/\/ubanews.com\/site\/#\/schema\/person\/9d8da9ec3c8d00640ab6e8c81e103310\"},\"headline\":\"suspeito \u00e9 preso por furtos em apartamentos de luxo em Juiz de Fora\",\"datePublished\":\"2025-12-08T17:36:51+00:00\",\"dateModified\":\"2025-12-08T18:09:34+00:00\",\"mainEntityOfPage\":{\"@id\":\"https:\/\/ubanews.com\/site\/2025\/12\/08\/suspeito-e-preso-por-furtos-em-apartamentos-de-luxo-em-juiz-de-fora\/\"},\"wordCount\":444,\"commentCount\":0,\"publisher\":{\"@id\":\"https:\/\/ubanews.com\/site\/#organization\"},\"image\":{\"@id\":\"https:\/\/ubanews.com\/site\/2025\/12\/08\/suspeito-e-preso-por-furtos-em-apartamentos-de-luxo-em-juiz-de-fora\/#primaryimage\"},\"thumbnailUrl\":\"https:\/\/ubanews.com\/site\/wp-content\/uploads\/2025\/12\/WhatsApp-Image-2025-12-08-at-12.53.59.jpeg\",\"articleSection\":[\"Geral\",\"Slide\"],\"inLanguage\":\"pt-BR\",\"potentialAction\":[{\"@type\":\"CommentAction\",\"name\":\"Comment\",\"target\":[\"https:\/\/ubanews.com\/site\/2025\/12\/08\/suspeito-e-preso-por-furtos-em-apartamentos-de-luxo-em-juiz-de-fora\/#respond\"]}]},{\"@type\":\"WebPage\",\"@id\":\"https:\/\/ubanews.com\/site\/2025\/12\/08\/suspeito-e-preso-por-furtos-em-apartamentos-de-luxo-em-juiz-de-fora\/\",\"url\":\"https:\/\/ubanews.com\/site\/2025\/12\/08\/suspeito-e-preso-por-furtos-em-apartamentos-de-luxo-em-juiz-de-fora\/\",\"name\":\"suspeito \u00e9 preso por furtos em apartamentos de luxo em Juiz de Fora - Ub\u00e1 News\",\"isPartOf\":{\"@id\":\"https:\/\/ubanews.com\/site\/#website\"},\"primaryImageOfPage\":{\"@id\":\"https:\/\/ubanews.com\/site\/2025\/12\/08\/suspeito-e-preso-por-furtos-em-apartamentos-de-luxo-em-juiz-de-fora\/#primaryimage\"},\"image\":{\"@id\":\"https:\/\/ubanews.com\/site\/2025\/12\/08\/suspeito-e-preso-por-furtos-em-apartamentos-de-luxo-em-juiz-de-fora\/#primaryimage\"},\"thumbnailUrl\":\"https:\/\/ubanews.com\/site\/wp-content\/uploads\/2025\/12\/WhatsApp-Image-2025-12-08-at-12.53.59.jpeg\",\"datePublished\":\"2025-12-08T17:36:51+00:00\",\"dateModified\":\"2025-12-08T18:09:34+00:00\",\"description\":\"Suspeito \u00e9 preso por furtos em apartamentos de luxo em Juiz de Fora. A Pol\u00edcia Civil de Minas Gerais (PCMG) identificou o respons\u00e1vel por furtos qualificados em im\u00f3veis de alto padr\u00e3o.\",\"breadcrumb\":{\"@id\":\"https:\/\/ubanews.com\/site\/2025\/12\/08\/suspeito-e-preso-por-furtos-em-apartamentos-de-luxo-em-juiz-de-fora\/#breadcrumb\"},\"inLanguage\":\"pt-BR\",\"potentialAction\":[{\"@type\":\"ReadAction\",\"target\":[\"https:\/\/ubanews.com\/site\/2025\/12\/08\/suspeito-e-preso-por-furtos-em-apartamentos-de-luxo-em-juiz-de-fora\/\"]}]},{\"@type\":\"ImageObject\",\"inLanguage\":\"pt-BR\",\"@id\":\"https:\/\/ubanews.com\/site\/2025\/12\/08\/suspeito-e-preso-por-furtos-em-apartamentos-de-luxo-em-juiz-de-fora\/#primaryimage\",\"url\":\"https:\/\/ubanews.com\/site\/wp-content\/uploads\/2025\/12\/WhatsApp-Image-2025-12-08-at-12.53.59.jpeg\",\"contentUrl\":\"https:\/\/ubanews.com\/site\/wp-content\/uploads\/2025\/12\/WhatsApp-Image-2025-12-08-at-12.53.59.jpeg\",\"width\":1200,\"height\":1600,\"caption\":\"Fato Policial\"},{\"@type\":\"BreadcrumbList\",\"@id\":\"https:\/\/ubanews.com\/site\/2025\/12\/08\/suspeito-e-preso-por-furtos-em-apartamentos-de-luxo-em-juiz-de-fora\/#breadcrumb\",\"itemListElement\":[{\"@type\":\"ListItem\",\"position\":1,\"name\":\"Home\",\"item\":\"https:\/\/ubanews.com\/site\/\"},{\"@type\":\"ListItem\",\"position\":2,\"name\":\"suspeito \u00e9 preso por furtos em apartamentos de luxo em Juiz de Fora\"}]},{\"@type\":\"WebSite\",\"@id\":\"https:\/\/ubanews.com\/site\/#website\",\"url\":\"https:\/\/ubanews.com\/site\/\",\"name\":\"Ub\u00e1 News\",\"description\":\"\",\"publisher\":{\"@id\":\"https:\/\/ubanews.com\/site\/#organization\"},\"potentialAction\":[{\"@type\":\"SearchAction\",\"target\":{\"@type\":\"EntryPoint\",\"urlTemplate\":\"https:\/\/ubanews.com\/site\/?s={search_term_string}\"},\"query-input\":{\"@type\":\"PropertyValueSpecification\",\"valueRequired\":true,\"valueName\":\"search_term_string\"}}],\"inLanguage\":\"pt-BR\"},{\"@type\":\"Organization\",\"@id\":\"https:\/\/ubanews.com\/site\/#organization\",\"name\":\"Ub\u00e1 News\",\"url\":\"https:\/\/ubanews.com\/site\/\",\"logo\":{\"@type\":\"ImageObject\",\"inLanguage\":\"pt-BR\",\"@id\":\"https:\/\/ubanews.com\/site\/#\/schema\/logo\/image\/\",\"url\":\"https:\/\/ubanews.com\/site\/wp-content\/uploads\/2018\/01\/logoubanews.png\",\"contentUrl\":\"https:\/\/ubanews.com\/site\/wp-content\/uploads\/2018\/01\/logoubanews.png\",\"width\":261,\"height\":99,\"caption\":\"Ub\u00e1 News\"},\"image\":{\"@id\":\"https:\/\/ubanews.com\/site\/#\/schema\/logo\/image\/\"},\"sameAs\":[\"https:\/\/www.facebook.com\/Ub\u00e1News-Carlos-Roberto-Sodr\u00e9-418778301977370\"]},{\"@type\":\"Person\",\"@id\":\"https:\/\/ubanews.com\/site\/#\/schema\/person\/9d8da9ec3c8d00640ab6e8c81e103310\",\"name\":\"Carlos Roberto Sodr\u00e9\",\"image\":{\"@type\":\"ImageObject\",\"inLanguage\":\"pt-BR\",\"@id\":\"https:\/\/secure.gravatar.com\/avatar\/aab322e8555b56c468614fafdab8a8f924e394cdc6cfd8232f77e9e4d123a133?s=96&d=mm&r=g\",\"url\":\"https:\/\/secure.gravatar.com\/avatar\/aab322e8555b56c468614fafdab8a8f924e394cdc6cfd8232f77e9e4d123a133?s=96&d=mm&r=g\",\"contentUrl\":\"https:\/\/secure.gravatar.com\/avatar\/aab322e8555b56c468614fafdab8a8f924e394cdc6cfd8232f77e9e4d123a133?s=96&d=mm&r=g\",\"caption\":\"Carlos Roberto Sodr\u00e9\"},\"url\":\"https:\/\/ubanews.com\/site\/author\/sodre\/\"}]}<\/script>\n<!-- \/ Yoast SEO plugin. -->","yoast_head_json":{"title":"suspeito \u00e9 preso por furtos em apartamentos de luxo em Juiz de Fora - Ub\u00e1 News","description":"Suspeito \u00e9 preso por furtos em apartamentos de luxo em Juiz de Fora. A Pol\u00edcia Civil de Minas Gerais (PCMG) identificou o respons\u00e1vel por furtos qualificados em im\u00f3veis de alto padr\u00e3o.","robots":{"index":"index","follow":"follow","max-snippet":"max-snippet:-1","max-image-preview":"max-image-preview:large","max-video-preview":"max-video-preview:-1"},"canonical":"https:\/\/ubanews.com\/site\/2025\/12\/08\/suspeito-e-preso-por-furtos-em-apartamentos-de-luxo-em-juiz-de-fora\/","og_locale":"pt_BR","og_type":"article","og_title":"suspeito \u00e9 preso por furtos em apartamentos de luxo em Juiz de Fora - Ub\u00e1 News","og_description":"Suspeito \u00e9 preso por furtos em apartamentos de luxo em Juiz de Fora. A Pol\u00edcia Civil de Minas Gerais (PCMG) identificou o respons\u00e1vel por furtos qualificados em im\u00f3veis de alto padr\u00e3o.","og_url":"https:\/\/ubanews.com\/site\/2025\/12\/08\/suspeito-e-preso-por-furtos-em-apartamentos-de-luxo-em-juiz-de-fora\/","og_site_name":"Ub\u00e1 News","article_publisher":"https:\/\/www.facebook.com\/Ub%c3%a1News-Carlos-Roberto-Sodr%c3%a9-418778301977370","article_published_time":"2025-12-08T17:36:51+00:00","article_modified_time":"2025-12-08T18:09:34+00:00","og_image":[{"width":1200,"height":1600,"url":"https:\/\/ubanews.com\/site\/wp-content\/uploads\/2025\/12\/WhatsApp-Image-2025-12-08-at-12.53.59.jpeg","type":"image\/jpeg"}],"author":"Carlos Roberto Sodr\u00e9","twitter_card":"summary_large_image","twitter_misc":{"Escrito por":"Carlos Roberto Sodr\u00e9","Est. tempo de leitura":"3 minutos"},"schema":{"@context":"https:\/\/schema.org","@graph":[{"@type":"Article","@id":"https:\/\/ubanews.com\/site\/2025\/12\/08\/suspeito-e-preso-por-furtos-em-apartamentos-de-luxo-em-juiz-de-fora\/#article","isPartOf":{"@id":"https:\/\/ubanews.com\/site\/2025\/12\/08\/suspeito-e-preso-por-furtos-em-apartamentos-de-luxo-em-juiz-de-fora\/"},"author":{"name":"Carlos Roberto Sodr\u00e9","@id":"https:\/\/ubanews.com\/site\/#\/schema\/person\/9d8da9ec3c8d00640ab6e8c81e103310"},"headline":"suspeito \u00e9 preso por furtos em apartamentos de luxo em Juiz de Fora","datePublished":"2025-12-08T17:36:51+00:00","dateModified":"2025-12-08T18:09:34+00:00","mainEntityOfPage":{"@id":"https:\/\/ubanews.com\/site\/2025\/12\/08\/suspeito-e-preso-por-furtos-em-apartamentos-de-luxo-em-juiz-de-fora\/"},"wordCount":444,"commentCount":0,"publisher":{"@id":"https:\/\/ubanews.com\/site\/#organization"},"image":{"@id":"https:\/\/ubanews.com\/site\/2025\/12\/08\/suspeito-e-preso-por-furtos-em-apartamentos-de-luxo-em-juiz-de-fora\/#primaryimage"},"thumbnailUrl":"https:\/\/ubanews.com\/site\/wp-content\/uploads\/2025\/12\/WhatsApp-Image-2025-12-08-at-12.53.59.jpeg","articleSection":["Geral","Slide"],"inLanguage":"pt-BR","potentialAction":[{"@type":"CommentAction","name":"Comment","target":["https:\/\/ubanews.com\/site\/2025\/12\/08\/suspeito-e-preso-por-furtos-em-apartamentos-de-luxo-em-juiz-de-fora\/#respond"]}]},{"@type":"WebPage","@id":"https:\/\/ubanews.com\/site\/2025\/12\/08\/suspeito-e-preso-por-furtos-em-apartamentos-de-luxo-em-juiz-de-fora\/","url":"https:\/\/ubanews.com\/site\/2025\/12\/08\/suspeito-e-preso-por-furtos-em-apartamentos-de-luxo-em-juiz-de-fora\/","name":"suspeito \u00e9 preso por furtos em apartamentos de luxo em Juiz de Fora - Ub\u00e1 News","isPartOf":{"@id":"https:\/\/ubanews.com\/site\/#website"},"primaryImageOfPage":{"@id":"https:\/\/ubanews.com\/site\/2025\/12\/08\/suspeito-e-preso-por-furtos-em-apartamentos-de-luxo-em-juiz-de-fora\/#primaryimage"},"image":{"@id":"https:\/\/ubanews.com\/site\/2025\/12\/08\/suspeito-e-preso-por-furtos-em-apartamentos-de-luxo-em-juiz-de-fora\/#primaryimage"},"thumbnailUrl":"https:\/\/ubanews.com\/site\/wp-content\/uploads\/2025\/12\/WhatsApp-Image-2025-12-08-at-12.53.59.jpeg","datePublished":"2025-12-08T17:36:51+00:00","dateModified":"2025-12-08T18:09:34+00:00","description":"Suspeito \u00e9 preso por furtos em apartamentos de luxo em Juiz de Fora. A Pol\u00edcia Civil de Minas Gerais (PCMG) identificou o respons\u00e1vel por furtos qualificados em im\u00f3veis de alto padr\u00e3o.","breadcrumb":{"@id":"https:\/\/ubanews.com\/site\/2025\/12\/08\/suspeito-e-preso-por-furtos-em-apartamentos-de-luxo-em-juiz-de-fora\/#breadcrumb"},"inLanguage":"pt-BR","potentialAction":[{"@type":"ReadAction","target":["https:\/\/ubanews.com\/site\/2025\/12\/08\/suspeito-e-preso-por-furtos-em-apartamentos-de-luxo-em-juiz-de-fora\/"]}]},{"@type":"ImageObject","inLanguage":"pt-BR","@id":"https:\/\/ubanews.com\/site\/2025\/12\/08\/suspeito-e-preso-por-furtos-em-apartamentos-de-luxo-em-juiz-de-fora\/#primaryimage","url":"https:\/\/ubanews.com\/site\/wp-content\/uploads\/2025\/12\/WhatsApp-Image-2025-12-08-at-12.53.59.jpeg","contentUrl":"https:\/\/ubanews.com\/site\/wp-content\/uploads\/2025\/12\/WhatsApp-Image-2025-12-08-at-12.53.59.jpeg","width":1200,"height":1600,"caption":"Fato Policial"},{"@type":"BreadcrumbList","@id":"https:\/\/ubanews.com\/site\/2025\/12\/08\/suspeito-e-preso-por-furtos-em-apartamentos-de-luxo-em-juiz-de-fora\/#breadcrumb","itemListElement":[{"@type":"ListItem","position":1,"name":"Home","item":"https:\/\/ubanews.com\/site\/"},{"@type":"ListItem","position":2,"name":"suspeito \u00e9 preso por furtos em apartamentos de luxo em Juiz de Fora"}]},{"@type":"WebSite","@id":"https:\/\/ubanews.com\/site\/#website","url":"https:\/\/ubanews.com\/site\/","name":"Ub\u00e1 News","description":"","publisher":{"@id":"https:\/\/ubanews.com\/site\/#organization"},"potentialAction":[{"@type":"SearchAction","target":{"@type":"EntryPoint","urlTemplate":"https:\/\/ubanews.com\/site\/?s={search_term_string}"},"query-input":{"@type":"PropertyValueSpecification","valueRequired":true,"valueName":"search_term_string"}}],"inLanguage":"pt-BR"},{"@type":"Organization","@id":"https:\/\/ubanews.com\/site\/#organization","name":"Ub\u00e1 News","url":"https:\/\/ubanews.com\/site\/","logo":{"@type":"ImageObject","inLanguage":"pt-BR","@id":"https:\/\/ubanews.com\/site\/#\/schema\/logo\/image\/","url":"https:\/\/ubanews.com\/site\/wp-content\/uploads\/2018\/01\/logoubanews.png","contentUrl":"https:\/\/ubanews.com\/site\/wp-content\/uploads\/2018\/01\/logoubanews.png","width":261,"height":99,"caption":"Ub\u00e1 News"},"image":{"@id":"https:\/\/ubanews.com\/site\/#\/schema\/logo\/image\/"},"sameAs":["https:\/\/www.facebook.com\/Ub\u00e1News-Carlos-Roberto-Sodr\u00e9-418778301977370"]},{"@type":"Person","@id":"https:\/\/ubanews.com\/site\/#\/schema\/person\/9d8da9ec3c8d00640ab6e8c81e103310","name":"Carlos Roberto Sodr\u00e9","image":{"@type":"ImageObject","inLanguage":"pt-BR","@id":"https:\/\/secure.gravatar.com\/avatar\/aab322e8555b56c468614fafdab8a8f924e394cdc6cfd8232f77e9e4d123a133?s=96&d=mm&r=g","url":"https:\/\/secure.gravatar.com\/avatar\/aab322e8555b56c468614fafdab8a8f924e394cdc6cfd8232f77e9e4d123a133?s=96&d=mm&r=g","contentUrl":"https:\/\/secure.gravatar.com\/avatar\/aab322e8555b56c468614fafdab8a8f924e394cdc6cfd8232f77e9e4d123a133?s=96&d=mm&r=g","caption":"Carlos Roberto Sodr\u00e9"},"url":"https:\/\/ubanews.com\/site\/author\/sodre\/"}]}},"_links":{"self":[{"href":"https:\/\/ubanews.com\/site\/wp-json\/wp\/v2\/posts\/23501","targetHints":{"allow":["GET"]}}],"collection":[{"href":"https:\/\/ubanews.com\/site\/wp-json\/wp\/v2\/posts"}],"about":[{"href":"https:\/\/ubanews.com\/site\/wp-json\/wp\/v2\/types\/post"}],"author":[{"embeddable":true,"href":"https:\/\/ubanews.com\/site\/wp-json\/wp\/v2\/users\/4"}],"replies":[{"embeddable":true,"href":"https:\/\/ubanews.com\/site\/wp-json\/wp\/v2\/comments?post=23501"}],"version-history":[{"count":0,"href":"https:\/\/ubanews.com\/site\/wp-json\/wp\/v2\/posts\/23501\/revisions"}],"wp:featuredmedia":[{"embeddable":true,"href":"https:\/\/ubanews.com\/site\/wp-json\/wp\/v2\/media\/23502"}],"wp:attachment":[{"href":"https:\/\/ubanews.com\/site\/wp-json\/wp\/v2\/media?parent=23501"}],"wp:term":[{"taxonomy":"category","embeddable":true,"href":"https:\/\/ubanews.com\/site\/wp-json\/wp\/v2\/categories?post=23501"},{"taxonomy":"post_tag","embeddable":true,"href":"https:\/\/ubanews.com\/site\/wp-json\/wp\/v2\/tags?post=23501"}],"curies":[{"name":"wp","href":"https:\/\/api.w.org\/{rel}","templated":true}]}}