{"id":2349,"date":"2018-04-20T11:20:12","date_gmt":"2018-04-20T14:20:12","guid":{"rendered":"http:\/\/ubanews.com\/site\/?p=2349"},"modified":"2018-04-20T11:20:12","modified_gmt":"2018-04-20T14:20:12","slug":"autor-furta-loja-de-cosmeticos-e-e-preso-em-seguida-pela-policia-militar","status":"publish","type":"post","link":"https:\/\/ubanews.com\/site\/2018\/04\/20\/autor-furta-loja-de-cosmeticos-e-e-preso-em-seguida-pela-policia-militar\/","title":{"rendered":"AUTOR FURTA LOJA DE COSM\u00c9TICOS E \u00c9 PRESO EM SEGUIDA PELA POL\u00cdCIA MILITAR"},"content":{"rendered":"<p>&nbsp; &nbsp; &nbsp; &nbsp; &nbsp; No dia 19 de abril, policiais militares compareceram \u00e0 Avenida Comendador Jacinto Soares de Souza Lima, centro, onde abordaram o autor Paulo Roberto da Silva, 41 anos, submetido a buscas e, em seu poder, foi localizada uma sacola pl\u00e1stica contendo cosm\u00e9ticos furtados de um estabelecimento comercial situado nas proximidades de onde o autor foi abordado, fato que pode ser confirmado atrav\u00e9s das imagens do circuito interno de c\u00e2meras do estabelecimento em quest\u00e3o.<\/p>\n<p>&nbsp; &nbsp; &nbsp; &nbsp; &nbsp; Diante do fato, foi dada voz de pris\u00e3o ao autor pelo crime de furto, sendo ele conduzido \u00e0 DPJ para demais providencias.<\/p>\n","protected":false},"excerpt":{"rendered":"<p>&nbsp; &nbsp; &nbsp; &nbsp; &nbsp; No dia 19 de abril,<\/p>\n","protected":false},"author":2,"featured_media":2350,"comment_status":"open","ping_status":"open","sticky":false,"template":"","format":"standard","meta":{"footnotes":""},"categories":[1],"tags":[],"class_list":["post-2349","post","type-post","status-publish","format-standard","has-post-thumbnail","hentry","category-sem-categoria"],"yoast_head":"<!-- This site is optimized with the Yoast SEO plugin v27.2 - https:\/\/yoast.com\/product\/yoast-seo-wordpress\/ -->\n<title>AUTOR FURTA LOJA DE COSM\u00c9TICOS E \u00c9 PRESO EM SEGUIDA PELA POL\u00cdCIA MILITAR - Ub\u00e1 News<\/title>\n<meta name=\"robots\" content=\"index, follow, max-snippet:-1, max-image-preview:large, max-video-preview:-1\" \/>\n<link rel=\"canonical\" href=\"https:\/\/ubanews.com\/site\/2018\/04\/20\/autor-furta-loja-de-cosmeticos-e-e-preso-em-seguida-pela-policia-militar\/\" \/>\n<meta property=\"og:locale\" content=\"pt_BR\" \/>\n<meta property=\"og:type\" content=\"article\" \/>\n<meta property=\"og:title\" content=\"AUTOR FURTA LOJA DE COSM\u00c9TICOS E \u00c9 PRESO EM SEGUIDA PELA POL\u00cdCIA MILITAR - Ub\u00e1 News\" \/>\n<meta property=\"og:description\" content=\"&nbsp; &nbsp; &nbsp; &nbsp; &nbsp; No dia 19 de abril,\" \/>\n<meta property=\"og:url\" content=\"https:\/\/ubanews.com\/site\/2018\/04\/20\/autor-furta-loja-de-cosmeticos-e-e-preso-em-seguida-pela-policia-militar\/\" \/>\n<meta property=\"og:site_name\" content=\"Ub\u00e1 News\" \/>\n<meta property=\"article:publisher\" content=\"https:\/\/www.facebook.com\/Ub%c3%a1News-Carlos-Roberto-Sodr%c3%a9-418778301977370\" \/>\n<meta property=\"article:author\" content=\"https:\/\/www.facebook.com\/carosroberto.sodre.5\/\" \/>\n<meta property=\"article:published_time\" content=\"2018-04-20T14:20:12+00:00\" \/>\n<meta property=\"og:image\" content=\"https:\/\/ubanews.com\/site\/wp-content\/uploads\/2018\/04\/algemas.jpg\" \/>\n\t<meta property=\"og:image:width\" content=\"800\" \/>\n\t<meta property=\"og:image:height\" content=\"430\" \/>\n\t<meta property=\"og:image:type\" content=\"image\/jpeg\" \/>\n<meta name=\"author\" content=\"Sodr\u00e9\" \/>\n<meta name=\"twitter:card\" content=\"summary_large_image\" \/>\n<meta name=\"twitter:label1\" content=\"Escrito por\" \/>\n\t<meta name=\"twitter:data1\" content=\"Sodr\u00e9\" \/>\n\t<meta name=\"twitter:label2\" content=\"Est. tempo de leitura\" \/>\n\t<meta name=\"twitter:data2\" content=\"1 minuto\" \/>\n<script type=\"application\/ld+json\" class=\"yoast-schema-graph\">{\"@context\":\"https:\/\/schema.org\",\"@graph\":[{\"@type\":\"Article\",\"@id\":\"https:\/\/ubanews.com\/site\/2018\/04\/20\/autor-furta-loja-de-cosmeticos-e-e-preso-em-seguida-pela-policia-militar\/#article\",\"isPartOf\":{\"@id\":\"https:\/\/ubanews.com\/site\/2018\/04\/20\/autor-furta-loja-de-cosmeticos-e-e-preso-em-seguida-pela-policia-militar\/\"},\"author\":{\"name\":\"Sodr\u00e9\",\"@id\":\"https:\/\/ubanews.com\/site\/#\/schema\/person\/d90c9e47252fbb63dcc969fe4c8b9d10\"},\"headline\":\"AUTOR FURTA LOJA DE COSM\u00c9TICOS E \u00c9 PRESO EM SEGUIDA PELA POL\u00cdCIA MILITAR\",\"datePublished\":\"2018-04-20T14:20:12+00:00\",\"mainEntityOfPage\":{\"@id\":\"https:\/\/ubanews.com\/site\/2018\/04\/20\/autor-furta-loja-de-cosmeticos-e-e-preso-em-seguida-pela-policia-militar\/\"},\"wordCount\":120,\"commentCount\":0,\"publisher\":{\"@id\":\"https:\/\/ubanews.com\/site\/#organization\"},\"image\":{\"@id\":\"https:\/\/ubanews.com\/site\/2018\/04\/20\/autor-furta-loja-de-cosmeticos-e-e-preso-em-seguida-pela-policia-militar\/#primaryimage\"},\"thumbnailUrl\":\"https:\/\/ubanews.com\/site\/wp-content\/uploads\/2018\/04\/algemas.jpg\",\"articleSection\":[\"Geral\"],\"inLanguage\":\"pt-BR\",\"potentialAction\":[{\"@type\":\"CommentAction\",\"name\":\"Comment\",\"target\":[\"https:\/\/ubanews.com\/site\/2018\/04\/20\/autor-furta-loja-de-cosmeticos-e-e-preso-em-seguida-pela-policia-militar\/#respond\"]}]},{\"@type\":\"WebPage\",\"@id\":\"https:\/\/ubanews.com\/site\/2018\/04\/20\/autor-furta-loja-de-cosmeticos-e-e-preso-em-seguida-pela-policia-militar\/\",\"url\":\"https:\/\/ubanews.com\/site\/2018\/04\/20\/autor-furta-loja-de-cosmeticos-e-e-preso-em-seguida-pela-policia-militar\/\",\"name\":\"AUTOR FURTA LOJA DE COSM\u00c9TICOS E \u00c9 PRESO EM SEGUIDA PELA POL\u00cdCIA MILITAR - Ub\u00e1 News\",\"isPartOf\":{\"@id\":\"https:\/\/ubanews.com\/site\/#website\"},\"primaryImageOfPage\":{\"@id\":\"https:\/\/ubanews.com\/site\/2018\/04\/20\/autor-furta-loja-de-cosmeticos-e-e-preso-em-seguida-pela-policia-militar\/#primaryimage\"},\"image\":{\"@id\":\"https:\/\/ubanews.com\/site\/2018\/04\/20\/autor-furta-loja-de-cosmeticos-e-e-preso-em-seguida-pela-policia-militar\/#primaryimage\"},\"thumbnailUrl\":\"https:\/\/ubanews.com\/site\/wp-content\/uploads\/2018\/04\/algemas.jpg\",\"datePublished\":\"2018-04-20T14:20:12+00:00\",\"breadcrumb\":{\"@id\":\"https:\/\/ubanews.com\/site\/2018\/04\/20\/autor-furta-loja-de-cosmeticos-e-e-preso-em-seguida-pela-policia-militar\/#breadcrumb\"},\"inLanguage\":\"pt-BR\",\"potentialAction\":[{\"@type\":\"ReadAction\",\"target\":[\"https:\/\/ubanews.com\/site\/2018\/04\/20\/autor-furta-loja-de-cosmeticos-e-e-preso-em-seguida-pela-policia-militar\/\"]}]},{\"@type\":\"ImageObject\",\"inLanguage\":\"pt-BR\",\"@id\":\"https:\/\/ubanews.com\/site\/2018\/04\/20\/autor-furta-loja-de-cosmeticos-e-e-preso-em-seguida-pela-policia-militar\/#primaryimage\",\"url\":\"https:\/\/ubanews.com\/site\/wp-content\/uploads\/2018\/04\/algemas.jpg\",\"contentUrl\":\"https:\/\/ubanews.com\/site\/wp-content\/uploads\/2018\/04\/algemas.jpg\",\"width\":800,\"height\":430},{\"@type\":\"BreadcrumbList\",\"@id\":\"https:\/\/ubanews.com\/site\/2018\/04\/20\/autor-furta-loja-de-cosmeticos-e-e-preso-em-seguida-pela-policia-militar\/#breadcrumb\",\"itemListElement\":[{\"@type\":\"ListItem\",\"position\":1,\"name\":\"Home\",\"item\":\"https:\/\/ubanews.com\/site\/\"},{\"@type\":\"ListItem\",\"position\":2,\"name\":\"AUTOR FURTA LOJA DE COSM\u00c9TICOS E \u00c9 PRESO EM SEGUIDA PELA POL\u00cdCIA MILITAR\"}]},{\"@type\":\"WebSite\",\"@id\":\"https:\/\/ubanews.com\/site\/#website\",\"url\":\"https:\/\/ubanews.com\/site\/\",\"name\":\"Ub\u00e1 News\",\"description\":\"\",\"publisher\":{\"@id\":\"https:\/\/ubanews.com\/site\/#organization\"},\"potentialAction\":[{\"@type\":\"SearchAction\",\"target\":{\"@type\":\"EntryPoint\",\"urlTemplate\":\"https:\/\/ubanews.com\/site\/?s={search_term_string}\"},\"query-input\":{\"@type\":\"PropertyValueSpecification\",\"valueRequired\":true,\"valueName\":\"search_term_string\"}}],\"inLanguage\":\"pt-BR\"},{\"@type\":\"Organization\",\"@id\":\"https:\/\/ubanews.com\/site\/#organization\",\"name\":\"Ub\u00e1 News\",\"url\":\"https:\/\/ubanews.com\/site\/\",\"logo\":{\"@type\":\"ImageObject\",\"inLanguage\":\"pt-BR\",\"@id\":\"https:\/\/ubanews.com\/site\/#\/schema\/logo\/image\/\",\"url\":\"https:\/\/ubanews.com\/site\/wp-content\/uploads\/2018\/01\/logoubanews.png\",\"contentUrl\":\"https:\/\/ubanews.com\/site\/wp-content\/uploads\/2018\/01\/logoubanews.png\",\"width\":261,\"height\":99,\"caption\":\"Ub\u00e1 News\"},\"image\":{\"@id\":\"https:\/\/ubanews.com\/site\/#\/schema\/logo\/image\/\"},\"sameAs\":[\"https:\/\/www.facebook.com\/Ub\u00e1News-Carlos-Roberto-Sodr\u00e9-418778301977370\"]},{\"@type\":\"Person\",\"@id\":\"https:\/\/ubanews.com\/site\/#\/schema\/person\/d90c9e47252fbb63dcc969fe4c8b9d10\",\"name\":\"Sodr\u00e9\",\"image\":{\"@type\":\"ImageObject\",\"inLanguage\":\"pt-BR\",\"@id\":\"https:\/\/secure.gravatar.com\/avatar\/5ba2793f0590b9dbfad3fdec4ee714485b3eef211c9b32ee53d414060454a56c?s=96&d=mm&r=g\",\"url\":\"https:\/\/secure.gravatar.com\/avatar\/5ba2793f0590b9dbfad3fdec4ee714485b3eef211c9b32ee53d414060454a56c?s=96&d=mm&r=g\",\"contentUrl\":\"https:\/\/secure.gravatar.com\/avatar\/5ba2793f0590b9dbfad3fdec4ee714485b3eef211c9b32ee53d414060454a56c?s=96&d=mm&r=g\",\"caption\":\"Sodr\u00e9\"},\"sameAs\":[\"https:\/\/www.facebook.com\/carosroberto.sodre.5\/\"],\"url\":\"https:\/\/ubanews.com\/site\/author\/felipe\/\"}]}<\/script>\n<!-- \/ Yoast SEO plugin. -->","yoast_head_json":{"title":"AUTOR FURTA LOJA DE COSM\u00c9TICOS E \u00c9 PRESO EM SEGUIDA PELA POL\u00cdCIA MILITAR - Ub\u00e1 News","robots":{"index":"index","follow":"follow","max-snippet":"max-snippet:-1","max-image-preview":"max-image-preview:large","max-video-preview":"max-video-preview:-1"},"canonical":"https:\/\/ubanews.com\/site\/2018\/04\/20\/autor-furta-loja-de-cosmeticos-e-e-preso-em-seguida-pela-policia-militar\/","og_locale":"pt_BR","og_type":"article","og_title":"AUTOR FURTA LOJA DE COSM\u00c9TICOS E \u00c9 PRESO EM SEGUIDA PELA POL\u00cdCIA MILITAR - Ub\u00e1 News","og_description":"&nbsp; &nbsp; &nbsp; &nbsp; &nbsp; No dia 19 de abril,","og_url":"https:\/\/ubanews.com\/site\/2018\/04\/20\/autor-furta-loja-de-cosmeticos-e-e-preso-em-seguida-pela-policia-militar\/","og_site_name":"Ub\u00e1 News","article_publisher":"https:\/\/www.facebook.com\/Ub%c3%a1News-Carlos-Roberto-Sodr%c3%a9-418778301977370","article_author":"https:\/\/www.facebook.com\/carosroberto.sodre.5\/","article_published_time":"2018-04-20T14:20:12+00:00","og_image":[{"width":800,"height":430,"url":"https:\/\/ubanews.com\/site\/wp-content\/uploads\/2018\/04\/algemas.jpg","type":"image\/jpeg"}],"author":"Sodr\u00e9","twitter_card":"summary_large_image","twitter_misc":{"Escrito por":"Sodr\u00e9","Est. tempo de leitura":"1 minuto"},"schema":{"@context":"https:\/\/schema.org","@graph":[{"@type":"Article","@id":"https:\/\/ubanews.com\/site\/2018\/04\/20\/autor-furta-loja-de-cosmeticos-e-e-preso-em-seguida-pela-policia-militar\/#article","isPartOf":{"@id":"https:\/\/ubanews.com\/site\/2018\/04\/20\/autor-furta-loja-de-cosmeticos-e-e-preso-em-seguida-pela-policia-militar\/"},"author":{"name":"Sodr\u00e9","@id":"https:\/\/ubanews.com\/site\/#\/schema\/person\/d90c9e47252fbb63dcc969fe4c8b9d10"},"headline":"AUTOR FURTA LOJA DE COSM\u00c9TICOS E \u00c9 PRESO EM SEGUIDA PELA POL\u00cdCIA MILITAR","datePublished":"2018-04-20T14:20:12+00:00","mainEntityOfPage":{"@id":"https:\/\/ubanews.com\/site\/2018\/04\/20\/autor-furta-loja-de-cosmeticos-e-e-preso-em-seguida-pela-policia-militar\/"},"wordCount":120,"commentCount":0,"publisher":{"@id":"https:\/\/ubanews.com\/site\/#organization"},"image":{"@id":"https:\/\/ubanews.com\/site\/2018\/04\/20\/autor-furta-loja-de-cosmeticos-e-e-preso-em-seguida-pela-policia-militar\/#primaryimage"},"thumbnailUrl":"https:\/\/ubanews.com\/site\/wp-content\/uploads\/2018\/04\/algemas.jpg","articleSection":["Geral"],"inLanguage":"pt-BR","potentialAction":[{"@type":"CommentAction","name":"Comment","target":["https:\/\/ubanews.com\/site\/2018\/04\/20\/autor-furta-loja-de-cosmeticos-e-e-preso-em-seguida-pela-policia-militar\/#respond"]}]},{"@type":"WebPage","@id":"https:\/\/ubanews.com\/site\/2018\/04\/20\/autor-furta-loja-de-cosmeticos-e-e-preso-em-seguida-pela-policia-militar\/","url":"https:\/\/ubanews.com\/site\/2018\/04\/20\/autor-furta-loja-de-cosmeticos-e-e-preso-em-seguida-pela-policia-militar\/","name":"AUTOR FURTA LOJA DE COSM\u00c9TICOS E \u00c9 PRESO EM SEGUIDA PELA POL\u00cdCIA MILITAR - Ub\u00e1 News","isPartOf":{"@id":"https:\/\/ubanews.com\/site\/#website"},"primaryImageOfPage":{"@id":"https:\/\/ubanews.com\/site\/2018\/04\/20\/autor-furta-loja-de-cosmeticos-e-e-preso-em-seguida-pela-policia-militar\/#primaryimage"},"image":{"@id":"https:\/\/ubanews.com\/site\/2018\/04\/20\/autor-furta-loja-de-cosmeticos-e-e-preso-em-seguida-pela-policia-militar\/#primaryimage"},"thumbnailUrl":"https:\/\/ubanews.com\/site\/wp-content\/uploads\/2018\/04\/algemas.jpg","datePublished":"2018-04-20T14:20:12+00:00","breadcrumb":{"@id":"https:\/\/ubanews.com\/site\/2018\/04\/20\/autor-furta-loja-de-cosmeticos-e-e-preso-em-seguida-pela-policia-militar\/#breadcrumb"},"inLanguage":"pt-BR","potentialAction":[{"@type":"ReadAction","target":["https:\/\/ubanews.com\/site\/2018\/04\/20\/autor-furta-loja-de-cosmeticos-e-e-preso-em-seguida-pela-policia-militar\/"]}]},{"@type":"ImageObject","inLanguage":"pt-BR","@id":"https:\/\/ubanews.com\/site\/2018\/04\/20\/autor-furta-loja-de-cosmeticos-e-e-preso-em-seguida-pela-policia-militar\/#primaryimage","url":"https:\/\/ubanews.com\/site\/wp-content\/uploads\/2018\/04\/algemas.jpg","contentUrl":"https:\/\/ubanews.com\/site\/wp-content\/uploads\/2018\/04\/algemas.jpg","width":800,"height":430},{"@type":"BreadcrumbList","@id":"https:\/\/ubanews.com\/site\/2018\/04\/20\/autor-furta-loja-de-cosmeticos-e-e-preso-em-seguida-pela-policia-militar\/#breadcrumb","itemListElement":[{"@type":"ListItem","position":1,"name":"Home","item":"https:\/\/ubanews.com\/site\/"},{"@type":"ListItem","position":2,"name":"AUTOR FURTA LOJA DE COSM\u00c9TICOS E \u00c9 PRESO EM SEGUIDA PELA POL\u00cdCIA MILITAR"}]},{"@type":"WebSite","@id":"https:\/\/ubanews.com\/site\/#website","url":"https:\/\/ubanews.com\/site\/","name":"Ub\u00e1 News","description":"","publisher":{"@id":"https:\/\/ubanews.com\/site\/#organization"},"potentialAction":[{"@type":"SearchAction","target":{"@type":"EntryPoint","urlTemplate":"https:\/\/ubanews.com\/site\/?s={search_term_string}"},"query-input":{"@type":"PropertyValueSpecification","valueRequired":true,"valueName":"search_term_string"}}],"inLanguage":"pt-BR"},{"@type":"Organization","@id":"https:\/\/ubanews.com\/site\/#organization","name":"Ub\u00e1 News","url":"https:\/\/ubanews.com\/site\/","logo":{"@type":"ImageObject","inLanguage":"pt-BR","@id":"https:\/\/ubanews.com\/site\/#\/schema\/logo\/image\/","url":"https:\/\/ubanews.com\/site\/wp-content\/uploads\/2018\/01\/logoubanews.png","contentUrl":"https:\/\/ubanews.com\/site\/wp-content\/uploads\/2018\/01\/logoubanews.png","width":261,"height":99,"caption":"Ub\u00e1 News"},"image":{"@id":"https:\/\/ubanews.com\/site\/#\/schema\/logo\/image\/"},"sameAs":["https:\/\/www.facebook.com\/Ub\u00e1News-Carlos-Roberto-Sodr\u00e9-418778301977370"]},{"@type":"Person","@id":"https:\/\/ubanews.com\/site\/#\/schema\/person\/d90c9e47252fbb63dcc969fe4c8b9d10","name":"Sodr\u00e9","image":{"@type":"ImageObject","inLanguage":"pt-BR","@id":"https:\/\/secure.gravatar.com\/avatar\/5ba2793f0590b9dbfad3fdec4ee714485b3eef211c9b32ee53d414060454a56c?s=96&d=mm&r=g","url":"https:\/\/secure.gravatar.com\/avatar\/5ba2793f0590b9dbfad3fdec4ee714485b3eef211c9b32ee53d414060454a56c?s=96&d=mm&r=g","contentUrl":"https:\/\/secure.gravatar.com\/avatar\/5ba2793f0590b9dbfad3fdec4ee714485b3eef211c9b32ee53d414060454a56c?s=96&d=mm&r=g","caption":"Sodr\u00e9"},"sameAs":["https:\/\/www.facebook.com\/carosroberto.sodre.5\/"],"url":"https:\/\/ubanews.com\/site\/author\/felipe\/"}]}},"_links":{"self":[{"href":"https:\/\/ubanews.com\/site\/wp-json\/wp\/v2\/posts\/2349","targetHints":{"allow":["GET"]}}],"collection":[{"href":"https:\/\/ubanews.com\/site\/wp-json\/wp\/v2\/posts"}],"about":[{"href":"https:\/\/ubanews.com\/site\/wp-json\/wp\/v2\/types\/post"}],"author":[{"embeddable":true,"href":"https:\/\/ubanews.com\/site\/wp-json\/wp\/v2\/users\/2"}],"replies":[{"embeddable":true,"href":"https:\/\/ubanews.com\/site\/wp-json\/wp\/v2\/comments?post=2349"}],"version-history":[{"count":0,"href":"https:\/\/ubanews.com\/site\/wp-json\/wp\/v2\/posts\/2349\/revisions"}],"wp:featuredmedia":[{"embeddable":true,"href":"https:\/\/ubanews.com\/site\/wp-json\/wp\/v2\/media\/2350"}],"wp:attachment":[{"href":"https:\/\/ubanews.com\/site\/wp-json\/wp\/v2\/media?parent=2349"}],"wp:term":[{"taxonomy":"category","embeddable":true,"href":"https:\/\/ubanews.com\/site\/wp-json\/wp\/v2\/categories?post=2349"},{"taxonomy":"post_tag","embeddable":true,"href":"https:\/\/ubanews.com\/site\/wp-json\/wp\/v2\/tags?post=2349"}],"curies":[{"name":"wp","href":"https:\/\/api.w.org\/{rel}","templated":true}]}}