{"id":23481,"date":"2025-12-04T19:52:32","date_gmt":"2025-12-04T22:52:32","guid":{"rendered":"https:\/\/ubanews.com\/site\/?p=23481"},"modified":"2025-12-04T19:52:32","modified_gmt":"2025-12-04T22:52:32","slug":"loja-da-apae-uba-presentes-com-amor-e-solidariedade-para-este-natal","status":"publish","type":"post","link":"https:\/\/ubanews.com\/site\/2025\/12\/04\/loja-da-apae-uba-presentes-com-amor-e-solidariedade-para-este-natal\/","title":{"rendered":"Loja da Apae Ub\u00e1: Presentes com Amor e Solidariedade para Este Natal"},"content":{"rendered":"<p><strong style=\"font-size: 1.0625rem;\">Loja da Apae Ub\u00e1: Presentes com Amor e Solidariedade para Este Natal. <\/strong><span style=\"font-size: 1.0625rem;\">O Natal est\u00e1 chegando. E nada melhor do que escolher presentes que carregam significado e ajudam quem mais precisa. A <\/span><strong style=\"font-size: 1.0625rem;\">Loja da Apae Ub\u00e1<\/strong><span style=\"font-size: 1.0625rem;\"> \u00e9 o lugar certo para isso. Com muitas novidades, produtos artesanais e pre\u00e7os justos, voc\u00ea encontra op\u00e7\u00f5es \u00fanicas para presentear familiares e amigos.<\/span><\/p>\n<div>\n<p>Hoje, o rep\u00f3rter <strong>Carlos Roberto Sodr\u00e9<\/strong> visitou a loja e conversou com <strong>Fatinha Valente<\/strong> e <strong>Gisela Haikal<\/strong>. A entrevista trouxe detalhes emocionantes sobre o trabalho volunt\u00e1rio e a import\u00e2ncia da loja para a comunidade.<\/p>\n<h2><strong style=\"font-size: 1.0625rem;\">Loja da Apae Ub\u00e1: Presentes com Amor e Solidariedade para Este Natal<\/strong><\/h2>\n<p><img decoding=\"async\" class=\"aligncenter size-medium wp-image-23482 lazyload\" data-src=\"https:\/\/ubanews.com\/site\/wp-content\/uploads\/2025\/12\/A-Loja-da-Apae-Uba-esta-com-muitas-novidades-para-voce-presentear-neste-Natal-Fala-Sodre-UbaNews-300x167.jpg\" alt=\"Loja da Apae Ub\u00e1: Presentes com Amor e Solidariedade para Este Natal\" width=\"300\" height=\"167\" data-srcset=\"https:\/\/ubanews.com\/site\/wp-content\/uploads\/2025\/12\/A-Loja-da-Apae-Uba-esta-com-muitas-novidades-para-voce-presentear-neste-Natal-Fala-Sodre-UbaNews-300x167.jpg 300w, https:\/\/ubanews.com\/site\/wp-content\/uploads\/2025\/12\/A-Loja-da-Apae-Uba-esta-com-muitas-novidades-para-voce-presentear-neste-Natal-Fala-Sodre-UbaNews-768x428.jpg 768w, https:\/\/ubanews.com\/site\/wp-content\/uploads\/2025\/12\/A-Loja-da-Apae-Uba-esta-com-muitas-novidades-para-voce-presentear-neste-Natal-Fala-Sodre-UbaNews-360x200.jpg 360w, https:\/\/ubanews.com\/site\/wp-content\/uploads\/2025\/12\/A-Loja-da-Apae-Uba-esta-com-muitas-novidades-para-voce-presentear-neste-Natal-Fala-Sodre-UbaNews.jpg 1007w\" data-sizes=\"(max-width: 300px) 100vw, 300px\" src=\"data:image\/svg+xml;base64,PHN2ZyB3aWR0aD0iMSIgaGVpZ2h0PSIxIiB4bWxucz0iaHR0cDovL3d3dy53My5vcmcvMjAwMC9zdmciPjwvc3ZnPg==\" style=\"--smush-placeholder-width: 300px; --smush-placeholder-aspect-ratio: 300\/167;\" \/><\/p>\n<h2><strong>N\u00e3o \u00e9 bazar. \u00c9 loja!<\/strong><\/h2>\n<p>Logo no in\u00edcio da conversa, Sodr\u00e9 destacou:<br \/>\n<em>&#8220;A loja da Apae n\u00e3o \u00e9 um bazar. \u00c9 uma loja completa, organizada e cheia de produtos de qualidade.&#8221;<\/em><\/p>\n<p>Localizada no centro de Ub\u00e1, em frente \u00e0 sede da Apae, a loja existe h\u00e1 10 anos e \u00e9 fruto do esfor\u00e7o de um grupo de m\u00e3es e volunt\u00e1rias. Tudo come\u00e7ou em 2002, com apenas tr\u00eas m\u00e3es. Hoje, s\u00e3o cerca de 50 mulheres unidas por um prop\u00f3sito: ajudar a Apae e oferecer produtos artesanais feitos com carinho.<\/p>\n<hr \/>\n<h2><strong>Produtos que encantam<\/strong><\/h2>\n<p>Na loja, voc\u00ea encontra presentes para todos os gostos. Entre os itens mais procurados est\u00e3o:<\/p>\n<ul>\n<li>Jogos de toalhas de banho e rosto<\/li>\n<li>Toalhas de lavabo e mesa<\/li>\n<li>Almofadas, len\u00e7\u00f3is e fronhas<\/li>\n<li>Bolsinhas tipo n\u00e9cessaire<\/li>\n<li>Porta-vinhos e cestinhas de p\u00e3o<\/li>\n<li>Itens decorativos para cozinha e Natal<\/li>\n<\/ul>\n<p>Cada pe\u00e7a \u00e9 feita \u00e0 m\u00e3o, com aten\u00e7\u00e3o aos detalhes. Como disse Gisela:<br \/>\n<em>&#8220;A gente procura fazer produtos bonitos, com boa apresenta\u00e7\u00e3o. Porque n\u00e3o basta vender, tem que ter qualidade e beleza.&#8221;<\/em><\/p>\n<hr \/>\n<h2><strong>Por que comprar na Loja da Apae?<\/strong><\/h2>\n<p>Quando voc\u00ea compra na loja, n\u00e3o est\u00e1 apenas adquirindo um presente. Est\u00e1 ajudando a manter projetos que beneficiam pessoas com defici\u00eancia intelectual e m\u00faltipla. O dinheiro das vendas \u00e9 revertido para melhorias na institui\u00e7\u00e3o. Um exemplo? Recentemente, a Apae conseguiu instalar cinco aparelhos de ar-condicionado nas salas gra\u00e7as aos recursos da loja.<\/p>\n<p>Fatinha refor\u00e7a:<br \/>\n<em>&#8220;Cada compra ajuda a entidade e tamb\u00e9m as m\u00e3es. Muitas aprendem a costurar, a produzir pe\u00e7as e at\u00e9 conseguem gerar renda extra em casa.&#8221;<\/em><\/p>\n<hr \/>\n<h2><strong>Voluntariado que transforma vidas<\/strong><\/h2>\n<p>O grupo de m\u00e3es e volunt\u00e1rias \u00e9 o cora\u00e7\u00e3o da loja. Elas se re\u00fanem para produzir, trocar experi\u00eancias e aprender novas habilidades. Al\u00e9m disso, contam com apoio de parceiros, como empresas que encomendam presentes para seus funcion\u00e1rios.<\/p>\n<p><em>&#8220;Quando o cora\u00e7\u00e3o resolve abrir para isso, tudo acontece. Aqui, a gente trabalha para somar, para ajudar,&#8221;<\/em> disse Fatinha durante a entrevista.<\/p>\n<hr \/>\n<h2><strong>Parcerias e sonhos para o futuro<\/strong><\/h2>\n<p>A loja j\u00e1 realiza vendas para outras cidades e at\u00e9 para o Distrito Federal. O objetivo agora \u00e9 ampliar a presen\u00e7a online e melhorar as redes sociais.<br \/>\n<em>&#8220;Nosso sonho \u00e9 crescer, ter uma f\u00e1brica e atender mais pessoas,&#8221;<\/em> revelou Gisela.<\/p>\n<p>Empresas interessadas em apoiar a causa podem fazer encomendas personalizadas. Essa parceria \u00e9 fundamental para manter o projeto vivo e forte.<\/p>\n<hr \/>\n<h2><strong>Hor\u00e1rio e localiza\u00e7\u00e3o<\/strong><\/h2>\n<p>A Loja da Apae Ub\u00e1 funciona de segunda a sexta, das 13h \u00e0s 18h. Est\u00e1 localizada em frente \u00e0 sede da Apae, vizinha ao Sicredi, em frente do Pap\u00e3o. Tamb\u00e9m est\u00e1 presente no Instagram e Facebook como <strong>@lojadaapaeuba<\/strong>.<\/p>\n<hr \/>\n<h2><strong>Presenteie com prop\u00f3sito neste Natal<\/strong><\/h2>\n<p>Se voc\u00ea busca um presente diferente, feito com amor e que ajuda quem precisa, visite a Loja da Apae Ub\u00e1. Cada pe\u00e7a carrega dedica\u00e7\u00e3o e solidariedade. Como disse Sodr\u00e9 no encerramento da entrevista:<br \/>\n<em>&#8220;N\u00e3o \u00e9 lojinha, n\u00e3o \u00e9 bazar. \u00c9 loja! E merece ser valorizada.&#8221;<\/em><\/p>\n<p>Com imagens de <strong>La\u00edsa Pereira Sodr\u00e9<\/strong> e gera\u00e7\u00e3o de conte\u00fado de <strong>Pedro Henriques \u2013 INDICCA.COM<\/strong>, esta entrevista refor\u00e7a a import\u00e2ncia de apoiar iniciativas que transformam vidas.<\/p>\n<\/div>\n<p><iframe title=\"Fala Sodr\u00e9: A Loja da Apae Ub\u00e1 est\u00e1 com muitas novidades para voc\u00ea presentear neste Natal 03\/12\/2025\" width=\"840\" height=\"630\" data-src=\"https:\/\/www.youtube.com\/embed\/v2uIPiUq5tA?feature=oembed\" frameborder=\"0\" allow=\"accelerometer; autoplay; clipboard-write; encrypted-media; gyroscope; picture-in-picture; web-share\" referrerpolicy=\"strict-origin-when-cross-origin\" allowfullscreen src=\"data:image\/svg+xml;base64,PHN2ZyB3aWR0aD0iMSIgaGVpZ2h0PSIxIiB4bWxucz0iaHR0cDovL3d3dy53My5vcmcvMjAwMC9zdmciPjwvc3ZnPg==\" class=\"lazyload\" data-load-mode=\"1\"><\/iframe><\/p>\n<p style=\"margin: 0in; font-size: 20.0pt;\"><span style=\"font-family: 'Segoe UI Emoji';\">&#x1f4da; <\/span><span style=\"font-weight: bold; font-family: Calibri;\">Cobertura:<\/span><span style=\"font-family: Calibri;\"> Carlos Roberto Sodr\u00e9 <\/span><a href=\"https:\/\/wa.me\/553298481334\"><span style=\"font-family: Calibri;\">WhatsApp<\/span><\/a><\/p>\n<p style=\"margin: 0in; font-size: 20.0pt;\"><span style=\"font-family: 'Segoe UI Emoji';\">&#x1f4f8; <\/span><span style=\"font-weight: bold; font-family: Calibri;\">Imagens:<\/span><span style=\"font-family: Calibri;\"> Laisa Sodr\u00e9<\/span><\/p>\n<p style=\"margin: 0in; font-size: 20.0pt;\"><span style=\"font-family: 'Segoe UI Emoji';\">&#x1f4dd; <\/span><span style=\"font-weight: bold; font-family: Calibri;\">Conte\u00fado: <\/span><a href=\"https:\/\/www.linkedin.com\/in\/pedrohgf\/\"><span style=\"font-family: Calibri;\">Pedro Henriques<\/span><\/a><span style=\"font-family: Calibri;\"> \u2013 <\/span><a href=\"https:\/\/indicca.com.br\/blog\/\"><span style=\"font-family: Calibri;\">INDICCA.COM<\/span><\/a><span style=\"font-family: Calibri;\">\u00a0 <\/span><a href=\"https:\/\/wa.me\/5532988020057\"><span style=\"font-family: Calibri;\">WhatsApp<\/span><\/a><\/p>\n<p style=\"margin: 0in; font-size: 20.0pt;\"><span style=\"font-family: 'Segoe UI Emoji';\">&#x1f393; <\/span><span style=\"font-weight: bold; font-family: Calibri;\">Evento: <strong style=\"font-size: 1.0625rem;\">Loja da Apae Ub\u00e1: Presentes com Amor e Solidariedade para Este Natal<\/strong><\/span><\/p>\n<p>&nbsp;<\/p>\n","protected":false},"excerpt":{"rendered":"<p>Loja da Apae Ub\u00e1: Presentes com Amor e Solidariedade para<\/p>\n","protected":false},"author":4,"featured_media":23482,"comment_status":"open","ping_status":"open","sticky":false,"template":"","format":"standard","meta":{"footnotes":""},"categories":[1,3],"tags":[194,239,240,60],"class_list":["post-23481","post","type-post","status-publish","format-standard","has-post-thumbnail","hentry","category-sem-categoria","category-slide","tag-apae","tag-apae-uba","tag-fale-sodre","tag-ubanews"],"yoast_head":"<!-- This site is optimized with the Yoast SEO plugin v27.2 - https:\/\/yoast.com\/product\/yoast-seo-wordpress\/ -->\n<title>Loja da Apae Ub\u00e1: Presentes com Amor e Solidariedade para Este Natal - Ub\u00e1 News<\/title>\n<meta name=\"description\" content=\"Loja da Apae Ub\u00e1: Presentes com Amor e Solidariedade para Este Natal. O Natal est\u00e1 chegando. Escolha presentes que carregam significado\" \/>\n<meta name=\"robots\" content=\"index, follow, max-snippet:-1, max-image-preview:large, max-video-preview:-1\" \/>\n<link rel=\"canonical\" href=\"https:\/\/ubanews.com\/site\/2025\/12\/04\/loja-da-apae-uba-presentes-com-amor-e-solidariedade-para-este-natal\/\" \/>\n<meta property=\"og:locale\" content=\"pt_BR\" \/>\n<meta property=\"og:type\" content=\"article\" \/>\n<meta property=\"og:title\" content=\"Loja da Apae Ub\u00e1: Presentes com Amor e Solidariedade para Este Natal - Ub\u00e1 News\" \/>\n<meta property=\"og:description\" content=\"Loja da Apae Ub\u00e1: Presentes com Amor e Solidariedade para Este Natal. O Natal est\u00e1 chegando. Escolha presentes que carregam significado\" \/>\n<meta property=\"og:url\" content=\"https:\/\/ubanews.com\/site\/2025\/12\/04\/loja-da-apae-uba-presentes-com-amor-e-solidariedade-para-este-natal\/\" \/>\n<meta property=\"og:site_name\" content=\"Ub\u00e1 News\" \/>\n<meta property=\"article:publisher\" content=\"https:\/\/www.facebook.com\/Ub%c3%a1News-Carlos-Roberto-Sodr%c3%a9-418778301977370\" \/>\n<meta property=\"article:published_time\" content=\"2025-12-04T22:52:32+00:00\" \/>\n<meta property=\"og:image\" content=\"https:\/\/ubanews.com\/site\/wp-content\/uploads\/2025\/12\/A-Loja-da-Apae-Uba-esta-com-muitas-novidades-para-voce-presentear-neste-Natal-Fala-Sodre-UbaNews.jpg\" \/>\n\t<meta property=\"og:image:width\" content=\"1007\" \/>\n\t<meta property=\"og:image:height\" content=\"561\" \/>\n\t<meta property=\"og:image:type\" content=\"image\/jpeg\" \/>\n<meta name=\"author\" content=\"Carlos Roberto Sodr\u00e9\" \/>\n<meta name=\"twitter:card\" content=\"summary_large_image\" \/>\n<meta name=\"twitter:label1\" content=\"Escrito por\" \/>\n\t<meta name=\"twitter:data1\" content=\"Carlos Roberto Sodr\u00e9\" \/>\n\t<meta name=\"twitter:label2\" content=\"Est. tempo de leitura\" \/>\n\t<meta name=\"twitter:data2\" content=\"4 minutos\" \/>\n<script type=\"application\/ld+json\" class=\"yoast-schema-graph\">{\"@context\":\"https:\/\/schema.org\",\"@graph\":[{\"@type\":\"Article\",\"@id\":\"https:\/\/ubanews.com\/site\/2025\/12\/04\/loja-da-apae-uba-presentes-com-amor-e-solidariedade-para-este-natal\/#article\",\"isPartOf\":{\"@id\":\"https:\/\/ubanews.com\/site\/2025\/12\/04\/loja-da-apae-uba-presentes-com-amor-e-solidariedade-para-este-natal\/\"},\"author\":{\"name\":\"Carlos Roberto Sodr\u00e9\",\"@id\":\"https:\/\/ubanews.com\/site\/#\/schema\/person\/9d8da9ec3c8d00640ab6e8c81e103310\"},\"headline\":\"Loja da Apae Ub\u00e1: Presentes com Amor e Solidariedade para Este Natal\",\"datePublished\":\"2025-12-04T22:52:32+00:00\",\"mainEntityOfPage\":{\"@id\":\"https:\/\/ubanews.com\/site\/2025\/12\/04\/loja-da-apae-uba-presentes-com-amor-e-solidariedade-para-este-natal\/\"},\"wordCount\":705,\"commentCount\":0,\"publisher\":{\"@id\":\"https:\/\/ubanews.com\/site\/#organization\"},\"image\":{\"@id\":\"https:\/\/ubanews.com\/site\/2025\/12\/04\/loja-da-apae-uba-presentes-com-amor-e-solidariedade-para-este-natal\/#primaryimage\"},\"thumbnailUrl\":\"https:\/\/ubanews.com\/site\/wp-content\/uploads\/2025\/12\/A-Loja-da-Apae-Uba-esta-com-muitas-novidades-para-voce-presentear-neste-Natal-Fala-Sodre-UbaNews.jpg\",\"keywords\":[\"APAE\",\"Apae Ub\u00e1\",\"Fale Sodr\u00e9\",\"UBANEWS\"],\"articleSection\":[\"Geral\",\"Slide\"],\"inLanguage\":\"pt-BR\",\"potentialAction\":[{\"@type\":\"CommentAction\",\"name\":\"Comment\",\"target\":[\"https:\/\/ubanews.com\/site\/2025\/12\/04\/loja-da-apae-uba-presentes-com-amor-e-solidariedade-para-este-natal\/#respond\"]}]},{\"@type\":\"WebPage\",\"@id\":\"https:\/\/ubanews.com\/site\/2025\/12\/04\/loja-da-apae-uba-presentes-com-amor-e-solidariedade-para-este-natal\/\",\"url\":\"https:\/\/ubanews.com\/site\/2025\/12\/04\/loja-da-apae-uba-presentes-com-amor-e-solidariedade-para-este-natal\/\",\"name\":\"Loja da Apae Ub\u00e1: Presentes com Amor e Solidariedade para Este Natal - Ub\u00e1 News\",\"isPartOf\":{\"@id\":\"https:\/\/ubanews.com\/site\/#website\"},\"primaryImageOfPage\":{\"@id\":\"https:\/\/ubanews.com\/site\/2025\/12\/04\/loja-da-apae-uba-presentes-com-amor-e-solidariedade-para-este-natal\/#primaryimage\"},\"image\":{\"@id\":\"https:\/\/ubanews.com\/site\/2025\/12\/04\/loja-da-apae-uba-presentes-com-amor-e-solidariedade-para-este-natal\/#primaryimage\"},\"thumbnailUrl\":\"https:\/\/ubanews.com\/site\/wp-content\/uploads\/2025\/12\/A-Loja-da-Apae-Uba-esta-com-muitas-novidades-para-voce-presentear-neste-Natal-Fala-Sodre-UbaNews.jpg\",\"datePublished\":\"2025-12-04T22:52:32+00:00\",\"description\":\"Loja da Apae Ub\u00e1: Presentes com Amor e Solidariedade para Este Natal. O Natal est\u00e1 chegando. Escolha presentes que carregam significado\",\"breadcrumb\":{\"@id\":\"https:\/\/ubanews.com\/site\/2025\/12\/04\/loja-da-apae-uba-presentes-com-amor-e-solidariedade-para-este-natal\/#breadcrumb\"},\"inLanguage\":\"pt-BR\",\"potentialAction\":[{\"@type\":\"ReadAction\",\"target\":[\"https:\/\/ubanews.com\/site\/2025\/12\/04\/loja-da-apae-uba-presentes-com-amor-e-solidariedade-para-este-natal\/\"]}]},{\"@type\":\"ImageObject\",\"inLanguage\":\"pt-BR\",\"@id\":\"https:\/\/ubanews.com\/site\/2025\/12\/04\/loja-da-apae-uba-presentes-com-amor-e-solidariedade-para-este-natal\/#primaryimage\",\"url\":\"https:\/\/ubanews.com\/site\/wp-content\/uploads\/2025\/12\/A-Loja-da-Apae-Uba-esta-com-muitas-novidades-para-voce-presentear-neste-Natal-Fala-Sodre-UbaNews.jpg\",\"contentUrl\":\"https:\/\/ubanews.com\/site\/wp-content\/uploads\/2025\/12\/A-Loja-da-Apae-Uba-esta-com-muitas-novidades-para-voce-presentear-neste-Natal-Fala-Sodre-UbaNews.jpg\",\"width\":1007,\"height\":561,\"caption\":\"Loja da Apae Ub\u00e1: Presentes com Amor e Solidariedade para Este Natal\"},{\"@type\":\"BreadcrumbList\",\"@id\":\"https:\/\/ubanews.com\/site\/2025\/12\/04\/loja-da-apae-uba-presentes-com-amor-e-solidariedade-para-este-natal\/#breadcrumb\",\"itemListElement\":[{\"@type\":\"ListItem\",\"position\":1,\"name\":\"Home\",\"item\":\"https:\/\/ubanews.com\/site\/\"},{\"@type\":\"ListItem\",\"position\":2,\"name\":\"Loja da Apae Ub\u00e1: Presentes com Amor e Solidariedade para Este Natal\"}]},{\"@type\":\"WebSite\",\"@id\":\"https:\/\/ubanews.com\/site\/#website\",\"url\":\"https:\/\/ubanews.com\/site\/\",\"name\":\"Ub\u00e1 News\",\"description\":\"\",\"publisher\":{\"@id\":\"https:\/\/ubanews.com\/site\/#organization\"},\"potentialAction\":[{\"@type\":\"SearchAction\",\"target\":{\"@type\":\"EntryPoint\",\"urlTemplate\":\"https:\/\/ubanews.com\/site\/?s={search_term_string}\"},\"query-input\":{\"@type\":\"PropertyValueSpecification\",\"valueRequired\":true,\"valueName\":\"search_term_string\"}}],\"inLanguage\":\"pt-BR\"},{\"@type\":\"Organization\",\"@id\":\"https:\/\/ubanews.com\/site\/#organization\",\"name\":\"Ub\u00e1 News\",\"url\":\"https:\/\/ubanews.com\/site\/\",\"logo\":{\"@type\":\"ImageObject\",\"inLanguage\":\"pt-BR\",\"@id\":\"https:\/\/ubanews.com\/site\/#\/schema\/logo\/image\/\",\"url\":\"https:\/\/ubanews.com\/site\/wp-content\/uploads\/2018\/01\/logoubanews.png\",\"contentUrl\":\"https:\/\/ubanews.com\/site\/wp-content\/uploads\/2018\/01\/logoubanews.png\",\"width\":261,\"height\":99,\"caption\":\"Ub\u00e1 News\"},\"image\":{\"@id\":\"https:\/\/ubanews.com\/site\/#\/schema\/logo\/image\/\"},\"sameAs\":[\"https:\/\/www.facebook.com\/Ub\u00e1News-Carlos-Roberto-Sodr\u00e9-418778301977370\"]},{\"@type\":\"Person\",\"@id\":\"https:\/\/ubanews.com\/site\/#\/schema\/person\/9d8da9ec3c8d00640ab6e8c81e103310\",\"name\":\"Carlos Roberto Sodr\u00e9\",\"image\":{\"@type\":\"ImageObject\",\"inLanguage\":\"pt-BR\",\"@id\":\"https:\/\/secure.gravatar.com\/avatar\/aab322e8555b56c468614fafdab8a8f924e394cdc6cfd8232f77e9e4d123a133?s=96&d=mm&r=g\",\"url\":\"https:\/\/secure.gravatar.com\/avatar\/aab322e8555b56c468614fafdab8a8f924e394cdc6cfd8232f77e9e4d123a133?s=96&d=mm&r=g\",\"contentUrl\":\"https:\/\/secure.gravatar.com\/avatar\/aab322e8555b56c468614fafdab8a8f924e394cdc6cfd8232f77e9e4d123a133?s=96&d=mm&r=g\",\"caption\":\"Carlos Roberto Sodr\u00e9\"},\"url\":\"https:\/\/ubanews.com\/site\/author\/sodre\/\"}]}<\/script>\n<!-- \/ Yoast SEO plugin. -->","yoast_head_json":{"title":"Loja da Apae Ub\u00e1: Presentes com Amor e Solidariedade para Este Natal - Ub\u00e1 News","description":"Loja da Apae Ub\u00e1: Presentes com Amor e Solidariedade para Este Natal. O Natal est\u00e1 chegando. Escolha presentes que carregam significado","robots":{"index":"index","follow":"follow","max-snippet":"max-snippet:-1","max-image-preview":"max-image-preview:large","max-video-preview":"max-video-preview:-1"},"canonical":"https:\/\/ubanews.com\/site\/2025\/12\/04\/loja-da-apae-uba-presentes-com-amor-e-solidariedade-para-este-natal\/","og_locale":"pt_BR","og_type":"article","og_title":"Loja da Apae Ub\u00e1: Presentes com Amor e Solidariedade para Este Natal - Ub\u00e1 News","og_description":"Loja da Apae Ub\u00e1: Presentes com Amor e Solidariedade para Este Natal. O Natal est\u00e1 chegando. Escolha presentes que carregam significado","og_url":"https:\/\/ubanews.com\/site\/2025\/12\/04\/loja-da-apae-uba-presentes-com-amor-e-solidariedade-para-este-natal\/","og_site_name":"Ub\u00e1 News","article_publisher":"https:\/\/www.facebook.com\/Ub%c3%a1News-Carlos-Roberto-Sodr%c3%a9-418778301977370","article_published_time":"2025-12-04T22:52:32+00:00","og_image":[{"width":1007,"height":561,"url":"https:\/\/ubanews.com\/site\/wp-content\/uploads\/2025\/12\/A-Loja-da-Apae-Uba-esta-com-muitas-novidades-para-voce-presentear-neste-Natal-Fala-Sodre-UbaNews.jpg","type":"image\/jpeg"}],"author":"Carlos Roberto Sodr\u00e9","twitter_card":"summary_large_image","twitter_misc":{"Escrito por":"Carlos Roberto Sodr\u00e9","Est. tempo de leitura":"4 minutos"},"schema":{"@context":"https:\/\/schema.org","@graph":[{"@type":"Article","@id":"https:\/\/ubanews.com\/site\/2025\/12\/04\/loja-da-apae-uba-presentes-com-amor-e-solidariedade-para-este-natal\/#article","isPartOf":{"@id":"https:\/\/ubanews.com\/site\/2025\/12\/04\/loja-da-apae-uba-presentes-com-amor-e-solidariedade-para-este-natal\/"},"author":{"name":"Carlos Roberto Sodr\u00e9","@id":"https:\/\/ubanews.com\/site\/#\/schema\/person\/9d8da9ec3c8d00640ab6e8c81e103310"},"headline":"Loja da Apae Ub\u00e1: Presentes com Amor e Solidariedade para Este Natal","datePublished":"2025-12-04T22:52:32+00:00","mainEntityOfPage":{"@id":"https:\/\/ubanews.com\/site\/2025\/12\/04\/loja-da-apae-uba-presentes-com-amor-e-solidariedade-para-este-natal\/"},"wordCount":705,"commentCount":0,"publisher":{"@id":"https:\/\/ubanews.com\/site\/#organization"},"image":{"@id":"https:\/\/ubanews.com\/site\/2025\/12\/04\/loja-da-apae-uba-presentes-com-amor-e-solidariedade-para-este-natal\/#primaryimage"},"thumbnailUrl":"https:\/\/ubanews.com\/site\/wp-content\/uploads\/2025\/12\/A-Loja-da-Apae-Uba-esta-com-muitas-novidades-para-voce-presentear-neste-Natal-Fala-Sodre-UbaNews.jpg","keywords":["APAE","Apae Ub\u00e1","Fale Sodr\u00e9","UBANEWS"],"articleSection":["Geral","Slide"],"inLanguage":"pt-BR","potentialAction":[{"@type":"CommentAction","name":"Comment","target":["https:\/\/ubanews.com\/site\/2025\/12\/04\/loja-da-apae-uba-presentes-com-amor-e-solidariedade-para-este-natal\/#respond"]}]},{"@type":"WebPage","@id":"https:\/\/ubanews.com\/site\/2025\/12\/04\/loja-da-apae-uba-presentes-com-amor-e-solidariedade-para-este-natal\/","url":"https:\/\/ubanews.com\/site\/2025\/12\/04\/loja-da-apae-uba-presentes-com-amor-e-solidariedade-para-este-natal\/","name":"Loja da Apae Ub\u00e1: Presentes com Amor e Solidariedade para Este Natal - Ub\u00e1 News","isPartOf":{"@id":"https:\/\/ubanews.com\/site\/#website"},"primaryImageOfPage":{"@id":"https:\/\/ubanews.com\/site\/2025\/12\/04\/loja-da-apae-uba-presentes-com-amor-e-solidariedade-para-este-natal\/#primaryimage"},"image":{"@id":"https:\/\/ubanews.com\/site\/2025\/12\/04\/loja-da-apae-uba-presentes-com-amor-e-solidariedade-para-este-natal\/#primaryimage"},"thumbnailUrl":"https:\/\/ubanews.com\/site\/wp-content\/uploads\/2025\/12\/A-Loja-da-Apae-Uba-esta-com-muitas-novidades-para-voce-presentear-neste-Natal-Fala-Sodre-UbaNews.jpg","datePublished":"2025-12-04T22:52:32+00:00","description":"Loja da Apae Ub\u00e1: Presentes com Amor e Solidariedade para Este Natal. O Natal est\u00e1 chegando. Escolha presentes que carregam significado","breadcrumb":{"@id":"https:\/\/ubanews.com\/site\/2025\/12\/04\/loja-da-apae-uba-presentes-com-amor-e-solidariedade-para-este-natal\/#breadcrumb"},"inLanguage":"pt-BR","potentialAction":[{"@type":"ReadAction","target":["https:\/\/ubanews.com\/site\/2025\/12\/04\/loja-da-apae-uba-presentes-com-amor-e-solidariedade-para-este-natal\/"]}]},{"@type":"ImageObject","inLanguage":"pt-BR","@id":"https:\/\/ubanews.com\/site\/2025\/12\/04\/loja-da-apae-uba-presentes-com-amor-e-solidariedade-para-este-natal\/#primaryimage","url":"https:\/\/ubanews.com\/site\/wp-content\/uploads\/2025\/12\/A-Loja-da-Apae-Uba-esta-com-muitas-novidades-para-voce-presentear-neste-Natal-Fala-Sodre-UbaNews.jpg","contentUrl":"https:\/\/ubanews.com\/site\/wp-content\/uploads\/2025\/12\/A-Loja-da-Apae-Uba-esta-com-muitas-novidades-para-voce-presentear-neste-Natal-Fala-Sodre-UbaNews.jpg","width":1007,"height":561,"caption":"Loja da Apae Ub\u00e1: Presentes com Amor e Solidariedade para Este Natal"},{"@type":"BreadcrumbList","@id":"https:\/\/ubanews.com\/site\/2025\/12\/04\/loja-da-apae-uba-presentes-com-amor-e-solidariedade-para-este-natal\/#breadcrumb","itemListElement":[{"@type":"ListItem","position":1,"name":"Home","item":"https:\/\/ubanews.com\/site\/"},{"@type":"ListItem","position":2,"name":"Loja da Apae Ub\u00e1: Presentes com Amor e Solidariedade para Este Natal"}]},{"@type":"WebSite","@id":"https:\/\/ubanews.com\/site\/#website","url":"https:\/\/ubanews.com\/site\/","name":"Ub\u00e1 News","description":"","publisher":{"@id":"https:\/\/ubanews.com\/site\/#organization"},"potentialAction":[{"@type":"SearchAction","target":{"@type":"EntryPoint","urlTemplate":"https:\/\/ubanews.com\/site\/?s={search_term_string}"},"query-input":{"@type":"PropertyValueSpecification","valueRequired":true,"valueName":"search_term_string"}}],"inLanguage":"pt-BR"},{"@type":"Organization","@id":"https:\/\/ubanews.com\/site\/#organization","name":"Ub\u00e1 News","url":"https:\/\/ubanews.com\/site\/","logo":{"@type":"ImageObject","inLanguage":"pt-BR","@id":"https:\/\/ubanews.com\/site\/#\/schema\/logo\/image\/","url":"https:\/\/ubanews.com\/site\/wp-content\/uploads\/2018\/01\/logoubanews.png","contentUrl":"https:\/\/ubanews.com\/site\/wp-content\/uploads\/2018\/01\/logoubanews.png","width":261,"height":99,"caption":"Ub\u00e1 News"},"image":{"@id":"https:\/\/ubanews.com\/site\/#\/schema\/logo\/image\/"},"sameAs":["https:\/\/www.facebook.com\/Ub\u00e1News-Carlos-Roberto-Sodr\u00e9-418778301977370"]},{"@type":"Person","@id":"https:\/\/ubanews.com\/site\/#\/schema\/person\/9d8da9ec3c8d00640ab6e8c81e103310","name":"Carlos Roberto Sodr\u00e9","image":{"@type":"ImageObject","inLanguage":"pt-BR","@id":"https:\/\/secure.gravatar.com\/avatar\/aab322e8555b56c468614fafdab8a8f924e394cdc6cfd8232f77e9e4d123a133?s=96&d=mm&r=g","url":"https:\/\/secure.gravatar.com\/avatar\/aab322e8555b56c468614fafdab8a8f924e394cdc6cfd8232f77e9e4d123a133?s=96&d=mm&r=g","contentUrl":"https:\/\/secure.gravatar.com\/avatar\/aab322e8555b56c468614fafdab8a8f924e394cdc6cfd8232f77e9e4d123a133?s=96&d=mm&r=g","caption":"Carlos Roberto Sodr\u00e9"},"url":"https:\/\/ubanews.com\/site\/author\/sodre\/"}]}},"_links":{"self":[{"href":"https:\/\/ubanews.com\/site\/wp-json\/wp\/v2\/posts\/23481","targetHints":{"allow":["GET"]}}],"collection":[{"href":"https:\/\/ubanews.com\/site\/wp-json\/wp\/v2\/posts"}],"about":[{"href":"https:\/\/ubanews.com\/site\/wp-json\/wp\/v2\/types\/post"}],"author":[{"embeddable":true,"href":"https:\/\/ubanews.com\/site\/wp-json\/wp\/v2\/users\/4"}],"replies":[{"embeddable":true,"href":"https:\/\/ubanews.com\/site\/wp-json\/wp\/v2\/comments?post=23481"}],"version-history":[{"count":0,"href":"https:\/\/ubanews.com\/site\/wp-json\/wp\/v2\/posts\/23481\/revisions"}],"wp:featuredmedia":[{"embeddable":true,"href":"https:\/\/ubanews.com\/site\/wp-json\/wp\/v2\/media\/23482"}],"wp:attachment":[{"href":"https:\/\/ubanews.com\/site\/wp-json\/wp\/v2\/media?parent=23481"}],"wp:term":[{"taxonomy":"category","embeddable":true,"href":"https:\/\/ubanews.com\/site\/wp-json\/wp\/v2\/categories?post=23481"},{"taxonomy":"post_tag","embeddable":true,"href":"https:\/\/ubanews.com\/site\/wp-json\/wp\/v2\/tags?post=23481"}],"curies":[{"name":"wp","href":"https:\/\/api.w.org\/{rel}","templated":true}]}}