{"id":23477,"date":"2025-12-04T14:32:27","date_gmt":"2025-12-04T17:32:27","guid":{"rendered":"https:\/\/ubanews.com\/site\/?p=23477"},"modified":"2025-12-04T14:48:19","modified_gmt":"2025-12-04T17:48:19","slug":"presos-suspeitos-de-roubo","status":"publish","type":"post","link":"https:\/\/ubanews.com\/site\/2025\/12\/04\/presos-suspeitos-de-roubo\/","title":{"rendered":"Presos suspeitos de roubo"},"content":{"rendered":"<p>Presos suspeitos de roubo a estabelecimento rural de S\u00e3o Francisco do Gl\u00f3ria<br \/>\nPol\u00edcia Civil cumpriu mandados em Divino e Fervedouro durante a opera\u00e7\u00e3o V de Vingan\u00e7a.<\/p>\n<p>A Pol\u00edcia Civil de Minas Gerais (PCMG) deflagrou, nesta quinta-feira (4\/12), na Zona da Mata, a opera\u00e7\u00e3o V de Vingan\u00e7a. Dois homens, de 30 e 45 anos, foram presos em Divino e Fervedouro. Eles s\u00e3o investigados por envolvimento no roubo a um estabelecimento do tipo pesque-pague, ocorrido no dia 7 de novembro, em S\u00e3o Francisco do Gl\u00f3ria.<\/p>\n<h2>Presos suspeitos de roubo. Pol\u00edcia Civil cumpriu mandados em Divino e Fervedouro.<\/h2>\n<div style=\"width: 476px;\" class=\"wp-video\"><video class=\"wp-video-shortcode\" id=\"video-23477-1\" width=\"476\" height=\"848\" preload=\"metadata\" controls=\"controls\"><source type=\"video\/mp4\" src=\"https:\/\/ubanews.com\/site\/wp-content\/uploads\/2025\/12\/Policia-Civil-em-Atividade-1.mp4?_=1\" \/><a href=\"https:\/\/ubanews.com\/site\/wp-content\/uploads\/2025\/12\/Policia-Civil-em-Atividade-1.mp4\">https:\/\/ubanews.com\/site\/wp-content\/uploads\/2025\/12\/Policia-Civil-em-Atividade-1.mp4<\/a><\/video><\/div>\n<div style=\"width: 840px;\" class=\"wp-video\"><video class=\"wp-video-shortcode\" id=\"video-23477-2\" width=\"840\" height=\"475\" preload=\"metadata\" controls=\"controls\"><source type=\"video\/mp4\" src=\"https:\/\/ubanews.com\/site\/wp-content\/uploads\/2025\/12\/Policia-Civil-em-Atividade-2.mp4?_=2\" \/><a href=\"https:\/\/ubanews.com\/site\/wp-content\/uploads\/2025\/12\/Policia-Civil-em-Atividade-2.mp4\">https:\/\/ubanews.com\/site\/wp-content\/uploads\/2025\/12\/Policia-Civil-em-Atividade-2.mp4<\/a><\/video><\/div>\n<p><img decoding=\"async\" class=\"aligncenter size-medium wp-image-23480 lazyload\" data-src=\"https:\/\/ubanews.com\/site\/wp-content\/uploads\/2025\/12\/Policia-Civil-em-Atividade-1-300x236.jpeg\" alt=\"Policia Civil\" width=\"300\" height=\"236\" data-srcset=\"https:\/\/ubanews.com\/site\/wp-content\/uploads\/2025\/12\/Policia-Civil-em-Atividade-1-300x236.jpeg 300w, https:\/\/ubanews.com\/site\/wp-content\/uploads\/2025\/12\/Policia-Civil-em-Atividade-1-768x605.jpeg 768w, https:\/\/ubanews.com\/site\/wp-content\/uploads\/2025\/12\/Policia-Civil-em-Atividade-1.jpeg 800w\" data-sizes=\"(max-width: 300px) 100vw, 300px\" src=\"data:image\/svg+xml;base64,PHN2ZyB3aWR0aD0iMSIgaGVpZ2h0PSIxIiB4bWxucz0iaHR0cDovL3d3dy53My5vcmcvMjAwMC9zdmciPjwvc3ZnPg==\" style=\"--smush-placeholder-width: 300px; --smush-placeholder-aspect-ratio: 300\/236;\" \/><\/p>\n<p>A Delegacia de Pol\u00edcia Civil em Carangola apurou que os suspeitos subtra\u00edram o ve\u00edculo das v\u00edtimas, terminais telef\u00f4nicos, aparelhos eletr\u00f4nicos, produtos aliment\u00edcios e aproximadamente R$ 14 mil por meio de transa\u00e7\u00f5es banc\u00e1rias via chave virtual.<\/p>\n<p>O crime foi cometido mediante grave amea\u00e7a, com o uso de uma pistola, e as v\u00edtimas foram mantidas amarradas enquanto os suspeitos exigiam as transfer\u00eancias. O autom\u00f3vel levado no crime foi posteriormente abandonado durante a fuga.<\/p>\n<p>Apreens\u00f5es<\/p>\n<p>No curso da opera\u00e7\u00e3o, durante cumprimento de mandados de busca, os policiais civis apreenderam a m\u00e1scara utilizada por um dos investigados e a arma empregada no crime.<\/p>\n<p>O delegado Glaydson Ferreira destaca o trabalho desenvolvido pelas equipes no esclarecimento dos fatos e informa que os levantamentos prosseguem para verificar se outras pessoas participaram do crime.<\/p>\n<p>Nome da opera\u00e7\u00e3o<\/p>\n<p>O nome dado \u00e0 opera\u00e7\u00e3o, V de Vingan\u00e7a, foi escolhido uma vez que a m\u00e1scara apreendida com um dos investigados \u00e9 semelhante \u00e0 usada por um personagem de filme hom\u00f4nimo.<\/p>\n<p>A a\u00e7\u00e3o contou com o apoio das Delegacias de Pol\u00edcia Civil em Divino e Fervedouro. Os presos foram encaminhados ao sistema prisional e est\u00e3o \u00e0 disposi\u00e7\u00e3o da Justi\u00e7a<\/p>\n","protected":false},"excerpt":{"rendered":"<p>Presos suspeitos de roubo a estabelecimento rural de S\u00e3o Francisco<\/p>\n","protected":false},"author":4,"featured_media":23480,"comment_status":"open","ping_status":"open","sticky":false,"template":"","format":"standard","meta":{"footnotes":""},"categories":[1],"tags":[59,107],"class_list":["post-23477","post","type-post","status-publish","format-standard","has-post-thumbnail","hentry","category-sem-categoria","tag-fala-sodre","tag-policia-civil"],"yoast_head":"<!-- This site is optimized with the Yoast SEO plugin v27.2 - https:\/\/yoast.com\/product\/yoast-seo-wordpress\/ -->\n<title>Presos suspeitos de roubo - Ub\u00e1 News<\/title>\n<meta name=\"description\" content=\"Presos suspeitos de roubo. Pol\u00edcia Civil cumpriu mandados em Divino e Fervedouro, durante a opera\u00e7\u00e3o V de Vingan\u00e7a.\" \/>\n<meta name=\"robots\" content=\"index, follow, max-snippet:-1, max-image-preview:large, max-video-preview:-1\" \/>\n<link rel=\"canonical\" href=\"https:\/\/ubanews.com\/site\/2025\/12\/04\/presos-suspeitos-de-roubo\/\" \/>\n<meta property=\"og:locale\" content=\"pt_BR\" \/>\n<meta property=\"og:type\" content=\"article\" \/>\n<meta property=\"og:title\" content=\"Presos suspeitos de roubo - Ub\u00e1 News\" \/>\n<meta property=\"og:description\" content=\"Presos suspeitos de roubo. Pol\u00edcia Civil cumpriu mandados em Divino e Fervedouro, durante a opera\u00e7\u00e3o V de Vingan\u00e7a.\" \/>\n<meta property=\"og:url\" content=\"https:\/\/ubanews.com\/site\/2025\/12\/04\/presos-suspeitos-de-roubo\/\" \/>\n<meta property=\"og:site_name\" content=\"Ub\u00e1 News\" \/>\n<meta property=\"article:publisher\" content=\"https:\/\/www.facebook.com\/Ub%c3%a1News-Carlos-Roberto-Sodr%c3%a9-418778301977370\" \/>\n<meta property=\"article:published_time\" content=\"2025-12-04T17:32:27+00:00\" \/>\n<meta property=\"article:modified_time\" content=\"2025-12-04T17:48:19+00:00\" \/>\n<meta property=\"og:image\" content=\"https:\/\/ubanews.com\/site\/wp-content\/uploads\/2025\/12\/Policia-Civil-em-Atividade-1.jpeg\" \/>\n\t<meta property=\"og:image:width\" content=\"800\" \/>\n\t<meta property=\"og:image:height\" content=\"630\" \/>\n\t<meta property=\"og:image:type\" content=\"image\/jpeg\" \/>\n<meta name=\"author\" content=\"Carlos Roberto Sodr\u00e9\" \/>\n<meta name=\"twitter:card\" content=\"summary_large_image\" \/>\n<meta name=\"twitter:label1\" content=\"Escrito por\" \/>\n\t<meta name=\"twitter:data1\" content=\"Carlos Roberto Sodr\u00e9\" \/>\n\t<meta name=\"twitter:label2\" content=\"Est. tempo de leitura\" \/>\n\t<meta name=\"twitter:data2\" content=\"3 minutos\" \/>\n<script type=\"application\/ld+json\" class=\"yoast-schema-graph\">{\"@context\":\"https:\/\/schema.org\",\"@graph\":[{\"@type\":\"Article\",\"@id\":\"https:\/\/ubanews.com\/site\/2025\/12\/04\/presos-suspeitos-de-roubo\/#article\",\"isPartOf\":{\"@id\":\"https:\/\/ubanews.com\/site\/2025\/12\/04\/presos-suspeitos-de-roubo\/\"},\"author\":{\"name\":\"Carlos Roberto Sodr\u00e9\",\"@id\":\"https:\/\/ubanews.com\/site\/#\/schema\/person\/9d8da9ec3c8d00640ab6e8c81e103310\"},\"headline\":\"Presos suspeitos de roubo\",\"datePublished\":\"2025-12-04T17:32:27+00:00\",\"dateModified\":\"2025-12-04T17:48:19+00:00\",\"mainEntityOfPage\":{\"@id\":\"https:\/\/ubanews.com\/site\/2025\/12\/04\/presos-suspeitos-de-roubo\/\"},\"wordCount\":342,\"commentCount\":0,\"publisher\":{\"@id\":\"https:\/\/ubanews.com\/site\/#organization\"},\"image\":{\"@id\":\"https:\/\/ubanews.com\/site\/2025\/12\/04\/presos-suspeitos-de-roubo\/#primaryimage\"},\"thumbnailUrl\":\"https:\/\/ubanews.com\/site\/wp-content\/uploads\/2025\/12\/Policia-Civil-em-Atividade-1.jpeg\",\"keywords\":[\"Fala Sodr\u00e9\",\"Pol\u00edcia Civil\"],\"articleSection\":[\"Geral\"],\"inLanguage\":\"pt-BR\",\"potentialAction\":[{\"@type\":\"CommentAction\",\"name\":\"Comment\",\"target\":[\"https:\/\/ubanews.com\/site\/2025\/12\/04\/presos-suspeitos-de-roubo\/#respond\"]}]},{\"@type\":\"WebPage\",\"@id\":\"https:\/\/ubanews.com\/site\/2025\/12\/04\/presos-suspeitos-de-roubo\/\",\"url\":\"https:\/\/ubanews.com\/site\/2025\/12\/04\/presos-suspeitos-de-roubo\/\",\"name\":\"Presos suspeitos de roubo - Ub\u00e1 News\",\"isPartOf\":{\"@id\":\"https:\/\/ubanews.com\/site\/#website\"},\"primaryImageOfPage\":{\"@id\":\"https:\/\/ubanews.com\/site\/2025\/12\/04\/presos-suspeitos-de-roubo\/#primaryimage\"},\"image\":{\"@id\":\"https:\/\/ubanews.com\/site\/2025\/12\/04\/presos-suspeitos-de-roubo\/#primaryimage\"},\"thumbnailUrl\":\"https:\/\/ubanews.com\/site\/wp-content\/uploads\/2025\/12\/Policia-Civil-em-Atividade-1.jpeg\",\"datePublished\":\"2025-12-04T17:32:27+00:00\",\"dateModified\":\"2025-12-04T17:48:19+00:00\",\"description\":\"Presos suspeitos de roubo. Pol\u00edcia Civil cumpriu mandados em Divino e Fervedouro, durante a opera\u00e7\u00e3o V de Vingan\u00e7a.\",\"breadcrumb\":{\"@id\":\"https:\/\/ubanews.com\/site\/2025\/12\/04\/presos-suspeitos-de-roubo\/#breadcrumb\"},\"inLanguage\":\"pt-BR\",\"potentialAction\":[{\"@type\":\"ReadAction\",\"target\":[\"https:\/\/ubanews.com\/site\/2025\/12\/04\/presos-suspeitos-de-roubo\/\"]}]},{\"@type\":\"ImageObject\",\"inLanguage\":\"pt-BR\",\"@id\":\"https:\/\/ubanews.com\/site\/2025\/12\/04\/presos-suspeitos-de-roubo\/#primaryimage\",\"url\":\"https:\/\/ubanews.com\/site\/wp-content\/uploads\/2025\/12\/Policia-Civil-em-Atividade-1.jpeg\",\"contentUrl\":\"https:\/\/ubanews.com\/site\/wp-content\/uploads\/2025\/12\/Policia-Civil-em-Atividade-1.jpeg\",\"width\":800,\"height\":630,\"caption\":\"Policia Civil\"},{\"@type\":\"BreadcrumbList\",\"@id\":\"https:\/\/ubanews.com\/site\/2025\/12\/04\/presos-suspeitos-de-roubo\/#breadcrumb\",\"itemListElement\":[{\"@type\":\"ListItem\",\"position\":1,\"name\":\"Home\",\"item\":\"https:\/\/ubanews.com\/site\/\"},{\"@type\":\"ListItem\",\"position\":2,\"name\":\"Presos suspeitos de roubo\"}]},{\"@type\":\"WebSite\",\"@id\":\"https:\/\/ubanews.com\/site\/#website\",\"url\":\"https:\/\/ubanews.com\/site\/\",\"name\":\"Ub\u00e1 News\",\"description\":\"\",\"publisher\":{\"@id\":\"https:\/\/ubanews.com\/site\/#organization\"},\"potentialAction\":[{\"@type\":\"SearchAction\",\"target\":{\"@type\":\"EntryPoint\",\"urlTemplate\":\"https:\/\/ubanews.com\/site\/?s={search_term_string}\"},\"query-input\":{\"@type\":\"PropertyValueSpecification\",\"valueRequired\":true,\"valueName\":\"search_term_string\"}}],\"inLanguage\":\"pt-BR\"},{\"@type\":\"Organization\",\"@id\":\"https:\/\/ubanews.com\/site\/#organization\",\"name\":\"Ub\u00e1 News\",\"url\":\"https:\/\/ubanews.com\/site\/\",\"logo\":{\"@type\":\"ImageObject\",\"inLanguage\":\"pt-BR\",\"@id\":\"https:\/\/ubanews.com\/site\/#\/schema\/logo\/image\/\",\"url\":\"https:\/\/ubanews.com\/site\/wp-content\/uploads\/2018\/01\/logoubanews.png\",\"contentUrl\":\"https:\/\/ubanews.com\/site\/wp-content\/uploads\/2018\/01\/logoubanews.png\",\"width\":261,\"height\":99,\"caption\":\"Ub\u00e1 News\"},\"image\":{\"@id\":\"https:\/\/ubanews.com\/site\/#\/schema\/logo\/image\/\"},\"sameAs\":[\"https:\/\/www.facebook.com\/Ub\u00e1News-Carlos-Roberto-Sodr\u00e9-418778301977370\"]},{\"@type\":\"Person\",\"@id\":\"https:\/\/ubanews.com\/site\/#\/schema\/person\/9d8da9ec3c8d00640ab6e8c81e103310\",\"name\":\"Carlos Roberto Sodr\u00e9\",\"image\":{\"@type\":\"ImageObject\",\"inLanguage\":\"pt-BR\",\"@id\":\"https:\/\/secure.gravatar.com\/avatar\/aab322e8555b56c468614fafdab8a8f924e394cdc6cfd8232f77e9e4d123a133?s=96&d=mm&r=g\",\"url\":\"https:\/\/secure.gravatar.com\/avatar\/aab322e8555b56c468614fafdab8a8f924e394cdc6cfd8232f77e9e4d123a133?s=96&d=mm&r=g\",\"contentUrl\":\"https:\/\/secure.gravatar.com\/avatar\/aab322e8555b56c468614fafdab8a8f924e394cdc6cfd8232f77e9e4d123a133?s=96&d=mm&r=g\",\"caption\":\"Carlos Roberto Sodr\u00e9\"},\"url\":\"https:\/\/ubanews.com\/site\/author\/sodre\/\"}]}<\/script>\n<!-- \/ Yoast SEO plugin. -->","yoast_head_json":{"title":"Presos suspeitos de roubo - Ub\u00e1 News","description":"Presos suspeitos de roubo. Pol\u00edcia Civil cumpriu mandados em Divino e Fervedouro, durante a opera\u00e7\u00e3o V de Vingan\u00e7a.","robots":{"index":"index","follow":"follow","max-snippet":"max-snippet:-1","max-image-preview":"max-image-preview:large","max-video-preview":"max-video-preview:-1"},"canonical":"https:\/\/ubanews.com\/site\/2025\/12\/04\/presos-suspeitos-de-roubo\/","og_locale":"pt_BR","og_type":"article","og_title":"Presos suspeitos de roubo - Ub\u00e1 News","og_description":"Presos suspeitos de roubo. Pol\u00edcia Civil cumpriu mandados em Divino e Fervedouro, durante a opera\u00e7\u00e3o V de Vingan\u00e7a.","og_url":"https:\/\/ubanews.com\/site\/2025\/12\/04\/presos-suspeitos-de-roubo\/","og_site_name":"Ub\u00e1 News","article_publisher":"https:\/\/www.facebook.com\/Ub%c3%a1News-Carlos-Roberto-Sodr%c3%a9-418778301977370","article_published_time":"2025-12-04T17:32:27+00:00","article_modified_time":"2025-12-04T17:48:19+00:00","og_image":[{"width":800,"height":630,"url":"https:\/\/ubanews.com\/site\/wp-content\/uploads\/2025\/12\/Policia-Civil-em-Atividade-1.jpeg","type":"image\/jpeg"}],"author":"Carlos Roberto Sodr\u00e9","twitter_card":"summary_large_image","twitter_misc":{"Escrito por":"Carlos Roberto Sodr\u00e9","Est. tempo de leitura":"3 minutos"},"schema":{"@context":"https:\/\/schema.org","@graph":[{"@type":"Article","@id":"https:\/\/ubanews.com\/site\/2025\/12\/04\/presos-suspeitos-de-roubo\/#article","isPartOf":{"@id":"https:\/\/ubanews.com\/site\/2025\/12\/04\/presos-suspeitos-de-roubo\/"},"author":{"name":"Carlos Roberto Sodr\u00e9","@id":"https:\/\/ubanews.com\/site\/#\/schema\/person\/9d8da9ec3c8d00640ab6e8c81e103310"},"headline":"Presos suspeitos de roubo","datePublished":"2025-12-04T17:32:27+00:00","dateModified":"2025-12-04T17:48:19+00:00","mainEntityOfPage":{"@id":"https:\/\/ubanews.com\/site\/2025\/12\/04\/presos-suspeitos-de-roubo\/"},"wordCount":342,"commentCount":0,"publisher":{"@id":"https:\/\/ubanews.com\/site\/#organization"},"image":{"@id":"https:\/\/ubanews.com\/site\/2025\/12\/04\/presos-suspeitos-de-roubo\/#primaryimage"},"thumbnailUrl":"https:\/\/ubanews.com\/site\/wp-content\/uploads\/2025\/12\/Policia-Civil-em-Atividade-1.jpeg","keywords":["Fala Sodr\u00e9","Pol\u00edcia Civil"],"articleSection":["Geral"],"inLanguage":"pt-BR","potentialAction":[{"@type":"CommentAction","name":"Comment","target":["https:\/\/ubanews.com\/site\/2025\/12\/04\/presos-suspeitos-de-roubo\/#respond"]}]},{"@type":"WebPage","@id":"https:\/\/ubanews.com\/site\/2025\/12\/04\/presos-suspeitos-de-roubo\/","url":"https:\/\/ubanews.com\/site\/2025\/12\/04\/presos-suspeitos-de-roubo\/","name":"Presos suspeitos de roubo - Ub\u00e1 News","isPartOf":{"@id":"https:\/\/ubanews.com\/site\/#website"},"primaryImageOfPage":{"@id":"https:\/\/ubanews.com\/site\/2025\/12\/04\/presos-suspeitos-de-roubo\/#primaryimage"},"image":{"@id":"https:\/\/ubanews.com\/site\/2025\/12\/04\/presos-suspeitos-de-roubo\/#primaryimage"},"thumbnailUrl":"https:\/\/ubanews.com\/site\/wp-content\/uploads\/2025\/12\/Policia-Civil-em-Atividade-1.jpeg","datePublished":"2025-12-04T17:32:27+00:00","dateModified":"2025-12-04T17:48:19+00:00","description":"Presos suspeitos de roubo. Pol\u00edcia Civil cumpriu mandados em Divino e Fervedouro, durante a opera\u00e7\u00e3o V de Vingan\u00e7a.","breadcrumb":{"@id":"https:\/\/ubanews.com\/site\/2025\/12\/04\/presos-suspeitos-de-roubo\/#breadcrumb"},"inLanguage":"pt-BR","potentialAction":[{"@type":"ReadAction","target":["https:\/\/ubanews.com\/site\/2025\/12\/04\/presos-suspeitos-de-roubo\/"]}]},{"@type":"ImageObject","inLanguage":"pt-BR","@id":"https:\/\/ubanews.com\/site\/2025\/12\/04\/presos-suspeitos-de-roubo\/#primaryimage","url":"https:\/\/ubanews.com\/site\/wp-content\/uploads\/2025\/12\/Policia-Civil-em-Atividade-1.jpeg","contentUrl":"https:\/\/ubanews.com\/site\/wp-content\/uploads\/2025\/12\/Policia-Civil-em-Atividade-1.jpeg","width":800,"height":630,"caption":"Policia Civil"},{"@type":"BreadcrumbList","@id":"https:\/\/ubanews.com\/site\/2025\/12\/04\/presos-suspeitos-de-roubo\/#breadcrumb","itemListElement":[{"@type":"ListItem","position":1,"name":"Home","item":"https:\/\/ubanews.com\/site\/"},{"@type":"ListItem","position":2,"name":"Presos suspeitos de roubo"}]},{"@type":"WebSite","@id":"https:\/\/ubanews.com\/site\/#website","url":"https:\/\/ubanews.com\/site\/","name":"Ub\u00e1 News","description":"","publisher":{"@id":"https:\/\/ubanews.com\/site\/#organization"},"potentialAction":[{"@type":"SearchAction","target":{"@type":"EntryPoint","urlTemplate":"https:\/\/ubanews.com\/site\/?s={search_term_string}"},"query-input":{"@type":"PropertyValueSpecification","valueRequired":true,"valueName":"search_term_string"}}],"inLanguage":"pt-BR"},{"@type":"Organization","@id":"https:\/\/ubanews.com\/site\/#organization","name":"Ub\u00e1 News","url":"https:\/\/ubanews.com\/site\/","logo":{"@type":"ImageObject","inLanguage":"pt-BR","@id":"https:\/\/ubanews.com\/site\/#\/schema\/logo\/image\/","url":"https:\/\/ubanews.com\/site\/wp-content\/uploads\/2018\/01\/logoubanews.png","contentUrl":"https:\/\/ubanews.com\/site\/wp-content\/uploads\/2018\/01\/logoubanews.png","width":261,"height":99,"caption":"Ub\u00e1 News"},"image":{"@id":"https:\/\/ubanews.com\/site\/#\/schema\/logo\/image\/"},"sameAs":["https:\/\/www.facebook.com\/Ub\u00e1News-Carlos-Roberto-Sodr\u00e9-418778301977370"]},{"@type":"Person","@id":"https:\/\/ubanews.com\/site\/#\/schema\/person\/9d8da9ec3c8d00640ab6e8c81e103310","name":"Carlos Roberto Sodr\u00e9","image":{"@type":"ImageObject","inLanguage":"pt-BR","@id":"https:\/\/secure.gravatar.com\/avatar\/aab322e8555b56c468614fafdab8a8f924e394cdc6cfd8232f77e9e4d123a133?s=96&d=mm&r=g","url":"https:\/\/secure.gravatar.com\/avatar\/aab322e8555b56c468614fafdab8a8f924e394cdc6cfd8232f77e9e4d123a133?s=96&d=mm&r=g","contentUrl":"https:\/\/secure.gravatar.com\/avatar\/aab322e8555b56c468614fafdab8a8f924e394cdc6cfd8232f77e9e4d123a133?s=96&d=mm&r=g","caption":"Carlos Roberto Sodr\u00e9"},"url":"https:\/\/ubanews.com\/site\/author\/sodre\/"}]}},"_links":{"self":[{"href":"https:\/\/ubanews.com\/site\/wp-json\/wp\/v2\/posts\/23477","targetHints":{"allow":["GET"]}}],"collection":[{"href":"https:\/\/ubanews.com\/site\/wp-json\/wp\/v2\/posts"}],"about":[{"href":"https:\/\/ubanews.com\/site\/wp-json\/wp\/v2\/types\/post"}],"author":[{"embeddable":true,"href":"https:\/\/ubanews.com\/site\/wp-json\/wp\/v2\/users\/4"}],"replies":[{"embeddable":true,"href":"https:\/\/ubanews.com\/site\/wp-json\/wp\/v2\/comments?post=23477"}],"version-history":[{"count":0,"href":"https:\/\/ubanews.com\/site\/wp-json\/wp\/v2\/posts\/23477\/revisions"}],"wp:featuredmedia":[{"embeddable":true,"href":"https:\/\/ubanews.com\/site\/wp-json\/wp\/v2\/media\/23480"}],"wp:attachment":[{"href":"https:\/\/ubanews.com\/site\/wp-json\/wp\/v2\/media?parent=23477"}],"wp:term":[{"taxonomy":"category","embeddable":true,"href":"https:\/\/ubanews.com\/site\/wp-json\/wp\/v2\/categories?post=23477"},{"taxonomy":"post_tag","embeddable":true,"href":"https:\/\/ubanews.com\/site\/wp-json\/wp\/v2\/tags?post=23477"}],"curies":[{"name":"wp","href":"https:\/\/api.w.org\/{rel}","templated":true}]}}