{"id":23471,"date":"2025-12-03T11:35:39","date_gmt":"2025-12-03T14:35:39","guid":{"rendered":"https:\/\/ubanews.com\/site\/?p=23471"},"modified":"2025-12-03T11:35:39","modified_gmt":"2025-12-03T14:35:39","slug":"a-policia-civil-de-minas-gerais-informa","status":"publish","type":"post","link":"https:\/\/ubanews.com\/site\/2025\/12\/03\/a-policia-civil-de-minas-gerais-informa\/","title":{"rendered":"A Pol\u00edcia Civil de Minas Gerais informa"},"content":{"rendered":"<p>A Pol\u00edcia Civil de Minas Gerais informa que Banco Central acaba de lan\u00e7ar uma ferramenta chamada BC Protege+. Com ela, voc\u00ea pode bloquear a abertura de contas banc\u00e1rias em seu nome evitando que golpistas usem seus dados para criar contas falsas ou movimentar dinheiro de forma fraudulenta.<\/p>\n<h2>A Pol\u00edcia Civil de Minas Gerais informa<\/h2>\n<div style=\"width: 544px;\" class=\"wp-video\"><video class=\"wp-video-shortcode\" id=\"video-23471-1\" width=\"544\" height=\"960\" preload=\"metadata\" controls=\"controls\"><source type=\"video\/mp4\" src=\"https:\/\/ubanews.com\/site\/wp-content\/uploads\/2025\/12\/Fato-Policial-Policia-Civil.mp4?_=1\" \/><a href=\"https:\/\/ubanews.com\/site\/wp-content\/uploads\/2025\/12\/Fato-Policial-Policia-Civil.mp4\">https:\/\/ubanews.com\/site\/wp-content\/uploads\/2025\/12\/Fato-Policial-Policia-Civil.mp4<\/a><\/video><\/div>\n<p>Isso significa mais prote\u00e7\u00e3o para voc\u00ea e para sua fam\u00edlia. O bloqueio \u00e9 gratuito, pode ser ativado facilmente pelo site do BC, no portal &#8220;Meu BC&#8221;. Quem tiver interesse deve acessar, fazer login com gov.br e acionar o BC Protege+.<\/p>\n<p>https:\/\/www.bcb.gov.br\/<\/p>\n<p>N\u00f3s da Pol\u00edcia Civil refor\u00e7amos: sempre confira seus dados, ative esse bloqueio se julgar necess\u00e1rio, e denuncie qualquer movimenta\u00e7\u00e3o suspeita. Juntos podemos evitar fraudes e garantir a seguran\u00e7a de todos.<\/p>\n","protected":false},"excerpt":{"rendered":"<p>A Pol\u00edcia Civil de Minas Gerais informa que Banco Central<\/p>\n","protected":false},"author":4,"featured_media":4873,"comment_status":"open","ping_status":"open","sticky":false,"template":"","format":"standard","meta":{"footnotes":""},"categories":[1,3],"tags":[188,107,67],"class_list":["post-23471","post","type-post","status-publish","format-standard","has-post-thumbnail","hentry","category-sem-categoria","category-slide","tag-fato-policial","tag-policia-civil","tag-sodre"],"yoast_head":"<!-- This site is optimized with the Yoast SEO plugin v27.2 - https:\/\/yoast.com\/product\/yoast-seo-wordpress\/ -->\n<title>A Pol\u00edcia Civil de Minas Gerais informa - Ub\u00e1 News<\/title>\n<meta name=\"description\" content=\"A Pol\u00edcia Civil de Minas Gerais informa que Banco Central acaba de lan\u00e7ar uma ferramenta chamada BC Protege+\" \/>\n<meta name=\"robots\" content=\"index, follow, max-snippet:-1, max-image-preview:large, max-video-preview:-1\" \/>\n<link rel=\"canonical\" href=\"https:\/\/ubanews.com\/site\/2025\/12\/03\/a-policia-civil-de-minas-gerais-informa\/\" \/>\n<meta property=\"og:locale\" content=\"pt_BR\" \/>\n<meta property=\"og:type\" content=\"article\" \/>\n<meta property=\"og:title\" content=\"A Pol\u00edcia Civil de Minas Gerais informa - Ub\u00e1 News\" \/>\n<meta property=\"og:description\" content=\"A Pol\u00edcia Civil de Minas Gerais informa que Banco Central acaba de lan\u00e7ar uma ferramenta chamada BC Protege+\" \/>\n<meta property=\"og:url\" content=\"https:\/\/ubanews.com\/site\/2025\/12\/03\/a-policia-civil-de-minas-gerais-informa\/\" \/>\n<meta property=\"og:site_name\" content=\"Ub\u00e1 News\" \/>\n<meta property=\"article:publisher\" content=\"https:\/\/www.facebook.com\/Ub%c3%a1News-Carlos-Roberto-Sodr%c3%a9-418778301977370\" \/>\n<meta property=\"article:published_time\" content=\"2025-12-03T14:35:39+00:00\" \/>\n<meta property=\"og:image\" content=\"https:\/\/ubanews.com\/site\/wp-content\/uploads\/2018\/06\/Policia-Civil-de-Minas-Gerais-Logo.jpg\" \/>\n\t<meta property=\"og:image:width\" content=\"800\" \/>\n\t<meta property=\"og:image:height\" content=\"438\" \/>\n\t<meta property=\"og:image:type\" content=\"image\/jpeg\" \/>\n<meta name=\"author\" content=\"Carlos Roberto Sodr\u00e9\" \/>\n<meta name=\"twitter:card\" content=\"summary_large_image\" \/>\n<meta name=\"twitter:label1\" content=\"Escrito por\" \/>\n\t<meta name=\"twitter:data1\" content=\"Carlos Roberto Sodr\u00e9\" \/>\n\t<meta name=\"twitter:label2\" content=\"Est. tempo de leitura\" \/>\n\t<meta name=\"twitter:data2\" content=\"1 minuto\" \/>\n<script type=\"application\/ld+json\" class=\"yoast-schema-graph\">{\"@context\":\"https:\/\/schema.org\",\"@graph\":[{\"@type\":\"Article\",\"@id\":\"https:\/\/ubanews.com\/site\/2025\/12\/03\/a-policia-civil-de-minas-gerais-informa\/#article\",\"isPartOf\":{\"@id\":\"https:\/\/ubanews.com\/site\/2025\/12\/03\/a-policia-civil-de-minas-gerais-informa\/\"},\"author\":{\"name\":\"Carlos Roberto Sodr\u00e9\",\"@id\":\"https:\/\/ubanews.com\/site\/#\/schema\/person\/9d8da9ec3c8d00640ab6e8c81e103310\"},\"headline\":\"A Pol\u00edcia Civil de Minas Gerais informa\",\"datePublished\":\"2025-12-03T14:35:39+00:00\",\"mainEntityOfPage\":{\"@id\":\"https:\/\/ubanews.com\/site\/2025\/12\/03\/a-policia-civil-de-minas-gerais-informa\/\"},\"wordCount\":162,\"commentCount\":0,\"publisher\":{\"@id\":\"https:\/\/ubanews.com\/site\/#organization\"},\"image\":{\"@id\":\"https:\/\/ubanews.com\/site\/2025\/12\/03\/a-policia-civil-de-minas-gerais-informa\/#primaryimage\"},\"thumbnailUrl\":\"https:\/\/ubanews.com\/site\/wp-content\/uploads\/2018\/06\/Policia-Civil-de-Minas-Gerais-Logo.jpg\",\"keywords\":[\"Fato Policial\",\"Pol\u00edcia Civil\",\"Sodr\u00e9\"],\"articleSection\":[\"Geral\",\"Slide\"],\"inLanguage\":\"pt-BR\",\"potentialAction\":[{\"@type\":\"CommentAction\",\"name\":\"Comment\",\"target\":[\"https:\/\/ubanews.com\/site\/2025\/12\/03\/a-policia-civil-de-minas-gerais-informa\/#respond\"]}]},{\"@type\":\"WebPage\",\"@id\":\"https:\/\/ubanews.com\/site\/2025\/12\/03\/a-policia-civil-de-minas-gerais-informa\/\",\"url\":\"https:\/\/ubanews.com\/site\/2025\/12\/03\/a-policia-civil-de-minas-gerais-informa\/\",\"name\":\"A Pol\u00edcia Civil de Minas Gerais informa - Ub\u00e1 News\",\"isPartOf\":{\"@id\":\"https:\/\/ubanews.com\/site\/#website\"},\"primaryImageOfPage\":{\"@id\":\"https:\/\/ubanews.com\/site\/2025\/12\/03\/a-policia-civil-de-minas-gerais-informa\/#primaryimage\"},\"image\":{\"@id\":\"https:\/\/ubanews.com\/site\/2025\/12\/03\/a-policia-civil-de-minas-gerais-informa\/#primaryimage\"},\"thumbnailUrl\":\"https:\/\/ubanews.com\/site\/wp-content\/uploads\/2018\/06\/Policia-Civil-de-Minas-Gerais-Logo.jpg\",\"datePublished\":\"2025-12-03T14:35:39+00:00\",\"description\":\"A Pol\u00edcia Civil de Minas Gerais informa que Banco Central acaba de lan\u00e7ar uma ferramenta chamada BC Protege+\",\"breadcrumb\":{\"@id\":\"https:\/\/ubanews.com\/site\/2025\/12\/03\/a-policia-civil-de-minas-gerais-informa\/#breadcrumb\"},\"inLanguage\":\"pt-BR\",\"potentialAction\":[{\"@type\":\"ReadAction\",\"target\":[\"https:\/\/ubanews.com\/site\/2025\/12\/03\/a-policia-civil-de-minas-gerais-informa\/\"]}]},{\"@type\":\"ImageObject\",\"inLanguage\":\"pt-BR\",\"@id\":\"https:\/\/ubanews.com\/site\/2025\/12\/03\/a-policia-civil-de-minas-gerais-informa\/#primaryimage\",\"url\":\"https:\/\/ubanews.com\/site\/wp-content\/uploads\/2018\/06\/Policia-Civil-de-Minas-Gerais-Logo.jpg\",\"contentUrl\":\"https:\/\/ubanews.com\/site\/wp-content\/uploads\/2018\/06\/Policia-Civil-de-Minas-Gerais-Logo.jpg\",\"width\":800,\"height\":438,\"caption\":\"Pol\u00edcia Civil - Fato Policial\"},{\"@type\":\"BreadcrumbList\",\"@id\":\"https:\/\/ubanews.com\/site\/2025\/12\/03\/a-policia-civil-de-minas-gerais-informa\/#breadcrumb\",\"itemListElement\":[{\"@type\":\"ListItem\",\"position\":1,\"name\":\"Home\",\"item\":\"https:\/\/ubanews.com\/site\/\"},{\"@type\":\"ListItem\",\"position\":2,\"name\":\"A Pol\u00edcia Civil de Minas Gerais informa\"}]},{\"@type\":\"WebSite\",\"@id\":\"https:\/\/ubanews.com\/site\/#website\",\"url\":\"https:\/\/ubanews.com\/site\/\",\"name\":\"Ub\u00e1 News\",\"description\":\"\",\"publisher\":{\"@id\":\"https:\/\/ubanews.com\/site\/#organization\"},\"potentialAction\":[{\"@type\":\"SearchAction\",\"target\":{\"@type\":\"EntryPoint\",\"urlTemplate\":\"https:\/\/ubanews.com\/site\/?s={search_term_string}\"},\"query-input\":{\"@type\":\"PropertyValueSpecification\",\"valueRequired\":true,\"valueName\":\"search_term_string\"}}],\"inLanguage\":\"pt-BR\"},{\"@type\":\"Organization\",\"@id\":\"https:\/\/ubanews.com\/site\/#organization\",\"name\":\"Ub\u00e1 News\",\"url\":\"https:\/\/ubanews.com\/site\/\",\"logo\":{\"@type\":\"ImageObject\",\"inLanguage\":\"pt-BR\",\"@id\":\"https:\/\/ubanews.com\/site\/#\/schema\/logo\/image\/\",\"url\":\"https:\/\/ubanews.com\/site\/wp-content\/uploads\/2018\/01\/logoubanews.png\",\"contentUrl\":\"https:\/\/ubanews.com\/site\/wp-content\/uploads\/2018\/01\/logoubanews.png\",\"width\":261,\"height\":99,\"caption\":\"Ub\u00e1 News\"},\"image\":{\"@id\":\"https:\/\/ubanews.com\/site\/#\/schema\/logo\/image\/\"},\"sameAs\":[\"https:\/\/www.facebook.com\/Ub\u00e1News-Carlos-Roberto-Sodr\u00e9-418778301977370\"]},{\"@type\":\"Person\",\"@id\":\"https:\/\/ubanews.com\/site\/#\/schema\/person\/9d8da9ec3c8d00640ab6e8c81e103310\",\"name\":\"Carlos Roberto Sodr\u00e9\",\"image\":{\"@type\":\"ImageObject\",\"inLanguage\":\"pt-BR\",\"@id\":\"https:\/\/secure.gravatar.com\/avatar\/aab322e8555b56c468614fafdab8a8f924e394cdc6cfd8232f77e9e4d123a133?s=96&d=mm&r=g\",\"url\":\"https:\/\/secure.gravatar.com\/avatar\/aab322e8555b56c468614fafdab8a8f924e394cdc6cfd8232f77e9e4d123a133?s=96&d=mm&r=g\",\"contentUrl\":\"https:\/\/secure.gravatar.com\/avatar\/aab322e8555b56c468614fafdab8a8f924e394cdc6cfd8232f77e9e4d123a133?s=96&d=mm&r=g\",\"caption\":\"Carlos Roberto Sodr\u00e9\"},\"url\":\"https:\/\/ubanews.com\/site\/author\/sodre\/\"}]}<\/script>\n<!-- \/ Yoast SEO plugin. -->","yoast_head_json":{"title":"A Pol\u00edcia Civil de Minas Gerais informa - Ub\u00e1 News","description":"A Pol\u00edcia Civil de Minas Gerais informa que Banco Central acaba de lan\u00e7ar uma ferramenta chamada BC Protege+","robots":{"index":"index","follow":"follow","max-snippet":"max-snippet:-1","max-image-preview":"max-image-preview:large","max-video-preview":"max-video-preview:-1"},"canonical":"https:\/\/ubanews.com\/site\/2025\/12\/03\/a-policia-civil-de-minas-gerais-informa\/","og_locale":"pt_BR","og_type":"article","og_title":"A Pol\u00edcia Civil de Minas Gerais informa - Ub\u00e1 News","og_description":"A Pol\u00edcia Civil de Minas Gerais informa que Banco Central acaba de lan\u00e7ar uma ferramenta chamada BC Protege+","og_url":"https:\/\/ubanews.com\/site\/2025\/12\/03\/a-policia-civil-de-minas-gerais-informa\/","og_site_name":"Ub\u00e1 News","article_publisher":"https:\/\/www.facebook.com\/Ub%c3%a1News-Carlos-Roberto-Sodr%c3%a9-418778301977370","article_published_time":"2025-12-03T14:35:39+00:00","og_image":[{"width":800,"height":438,"url":"https:\/\/ubanews.com\/site\/wp-content\/uploads\/2018\/06\/Policia-Civil-de-Minas-Gerais-Logo.jpg","type":"image\/jpeg"}],"author":"Carlos Roberto Sodr\u00e9","twitter_card":"summary_large_image","twitter_misc":{"Escrito por":"Carlos Roberto Sodr\u00e9","Est. tempo de leitura":"1 minuto"},"schema":{"@context":"https:\/\/schema.org","@graph":[{"@type":"Article","@id":"https:\/\/ubanews.com\/site\/2025\/12\/03\/a-policia-civil-de-minas-gerais-informa\/#article","isPartOf":{"@id":"https:\/\/ubanews.com\/site\/2025\/12\/03\/a-policia-civil-de-minas-gerais-informa\/"},"author":{"name":"Carlos Roberto Sodr\u00e9","@id":"https:\/\/ubanews.com\/site\/#\/schema\/person\/9d8da9ec3c8d00640ab6e8c81e103310"},"headline":"A Pol\u00edcia Civil de Minas Gerais informa","datePublished":"2025-12-03T14:35:39+00:00","mainEntityOfPage":{"@id":"https:\/\/ubanews.com\/site\/2025\/12\/03\/a-policia-civil-de-minas-gerais-informa\/"},"wordCount":162,"commentCount":0,"publisher":{"@id":"https:\/\/ubanews.com\/site\/#organization"},"image":{"@id":"https:\/\/ubanews.com\/site\/2025\/12\/03\/a-policia-civil-de-minas-gerais-informa\/#primaryimage"},"thumbnailUrl":"https:\/\/ubanews.com\/site\/wp-content\/uploads\/2018\/06\/Policia-Civil-de-Minas-Gerais-Logo.jpg","keywords":["Fato Policial","Pol\u00edcia Civil","Sodr\u00e9"],"articleSection":["Geral","Slide"],"inLanguage":"pt-BR","potentialAction":[{"@type":"CommentAction","name":"Comment","target":["https:\/\/ubanews.com\/site\/2025\/12\/03\/a-policia-civil-de-minas-gerais-informa\/#respond"]}]},{"@type":"WebPage","@id":"https:\/\/ubanews.com\/site\/2025\/12\/03\/a-policia-civil-de-minas-gerais-informa\/","url":"https:\/\/ubanews.com\/site\/2025\/12\/03\/a-policia-civil-de-minas-gerais-informa\/","name":"A Pol\u00edcia Civil de Minas Gerais informa - Ub\u00e1 News","isPartOf":{"@id":"https:\/\/ubanews.com\/site\/#website"},"primaryImageOfPage":{"@id":"https:\/\/ubanews.com\/site\/2025\/12\/03\/a-policia-civil-de-minas-gerais-informa\/#primaryimage"},"image":{"@id":"https:\/\/ubanews.com\/site\/2025\/12\/03\/a-policia-civil-de-minas-gerais-informa\/#primaryimage"},"thumbnailUrl":"https:\/\/ubanews.com\/site\/wp-content\/uploads\/2018\/06\/Policia-Civil-de-Minas-Gerais-Logo.jpg","datePublished":"2025-12-03T14:35:39+00:00","description":"A Pol\u00edcia Civil de Minas Gerais informa que Banco Central acaba de lan\u00e7ar uma ferramenta chamada BC Protege+","breadcrumb":{"@id":"https:\/\/ubanews.com\/site\/2025\/12\/03\/a-policia-civil-de-minas-gerais-informa\/#breadcrumb"},"inLanguage":"pt-BR","potentialAction":[{"@type":"ReadAction","target":["https:\/\/ubanews.com\/site\/2025\/12\/03\/a-policia-civil-de-minas-gerais-informa\/"]}]},{"@type":"ImageObject","inLanguage":"pt-BR","@id":"https:\/\/ubanews.com\/site\/2025\/12\/03\/a-policia-civil-de-minas-gerais-informa\/#primaryimage","url":"https:\/\/ubanews.com\/site\/wp-content\/uploads\/2018\/06\/Policia-Civil-de-Minas-Gerais-Logo.jpg","contentUrl":"https:\/\/ubanews.com\/site\/wp-content\/uploads\/2018\/06\/Policia-Civil-de-Minas-Gerais-Logo.jpg","width":800,"height":438,"caption":"Pol\u00edcia Civil - Fato Policial"},{"@type":"BreadcrumbList","@id":"https:\/\/ubanews.com\/site\/2025\/12\/03\/a-policia-civil-de-minas-gerais-informa\/#breadcrumb","itemListElement":[{"@type":"ListItem","position":1,"name":"Home","item":"https:\/\/ubanews.com\/site\/"},{"@type":"ListItem","position":2,"name":"A Pol\u00edcia Civil de Minas Gerais informa"}]},{"@type":"WebSite","@id":"https:\/\/ubanews.com\/site\/#website","url":"https:\/\/ubanews.com\/site\/","name":"Ub\u00e1 News","description":"","publisher":{"@id":"https:\/\/ubanews.com\/site\/#organization"},"potentialAction":[{"@type":"SearchAction","target":{"@type":"EntryPoint","urlTemplate":"https:\/\/ubanews.com\/site\/?s={search_term_string}"},"query-input":{"@type":"PropertyValueSpecification","valueRequired":true,"valueName":"search_term_string"}}],"inLanguage":"pt-BR"},{"@type":"Organization","@id":"https:\/\/ubanews.com\/site\/#organization","name":"Ub\u00e1 News","url":"https:\/\/ubanews.com\/site\/","logo":{"@type":"ImageObject","inLanguage":"pt-BR","@id":"https:\/\/ubanews.com\/site\/#\/schema\/logo\/image\/","url":"https:\/\/ubanews.com\/site\/wp-content\/uploads\/2018\/01\/logoubanews.png","contentUrl":"https:\/\/ubanews.com\/site\/wp-content\/uploads\/2018\/01\/logoubanews.png","width":261,"height":99,"caption":"Ub\u00e1 News"},"image":{"@id":"https:\/\/ubanews.com\/site\/#\/schema\/logo\/image\/"},"sameAs":["https:\/\/www.facebook.com\/Ub\u00e1News-Carlos-Roberto-Sodr\u00e9-418778301977370"]},{"@type":"Person","@id":"https:\/\/ubanews.com\/site\/#\/schema\/person\/9d8da9ec3c8d00640ab6e8c81e103310","name":"Carlos Roberto Sodr\u00e9","image":{"@type":"ImageObject","inLanguage":"pt-BR","@id":"https:\/\/secure.gravatar.com\/avatar\/aab322e8555b56c468614fafdab8a8f924e394cdc6cfd8232f77e9e4d123a133?s=96&d=mm&r=g","url":"https:\/\/secure.gravatar.com\/avatar\/aab322e8555b56c468614fafdab8a8f924e394cdc6cfd8232f77e9e4d123a133?s=96&d=mm&r=g","contentUrl":"https:\/\/secure.gravatar.com\/avatar\/aab322e8555b56c468614fafdab8a8f924e394cdc6cfd8232f77e9e4d123a133?s=96&d=mm&r=g","caption":"Carlos Roberto Sodr\u00e9"},"url":"https:\/\/ubanews.com\/site\/author\/sodre\/"}]}},"_links":{"self":[{"href":"https:\/\/ubanews.com\/site\/wp-json\/wp\/v2\/posts\/23471","targetHints":{"allow":["GET"]}}],"collection":[{"href":"https:\/\/ubanews.com\/site\/wp-json\/wp\/v2\/posts"}],"about":[{"href":"https:\/\/ubanews.com\/site\/wp-json\/wp\/v2\/types\/post"}],"author":[{"embeddable":true,"href":"https:\/\/ubanews.com\/site\/wp-json\/wp\/v2\/users\/4"}],"replies":[{"embeddable":true,"href":"https:\/\/ubanews.com\/site\/wp-json\/wp\/v2\/comments?post=23471"}],"version-history":[{"count":0,"href":"https:\/\/ubanews.com\/site\/wp-json\/wp\/v2\/posts\/23471\/revisions"}],"wp:featuredmedia":[{"embeddable":true,"href":"https:\/\/ubanews.com\/site\/wp-json\/wp\/v2\/media\/4873"}],"wp:attachment":[{"href":"https:\/\/ubanews.com\/site\/wp-json\/wp\/v2\/media?parent=23471"}],"wp:term":[{"taxonomy":"category","embeddable":true,"href":"https:\/\/ubanews.com\/site\/wp-json\/wp\/v2\/categories?post=23471"},{"taxonomy":"post_tag","embeddable":true,"href":"https:\/\/ubanews.com\/site\/wp-json\/wp\/v2\/tags?post=23471"}],"curies":[{"name":"wp","href":"https:\/\/api.w.org\/{rel}","templated":true}]}}