{"id":23450,"date":"2025-11-28T12:33:00","date_gmt":"2025-11-28T15:33:00","guid":{"rendered":"https:\/\/ubanews.com\/site\/?p=23450"},"modified":"2025-11-28T12:48:24","modified_gmt":"2025-11-28T15:48:24","slug":"mais-um-foragido-da-operacao-exodo-e-preso-em-juiz-de-fora","status":"publish","type":"post","link":"https:\/\/ubanews.com\/site\/2025\/11\/28\/mais-um-foragido-da-operacao-exodo-e-preso-em-juiz-de-fora\/","title":{"rendered":"Mais um foragido da opera\u00e7\u00e3o \u00caxodo \u00e9 preso em Juiz de Fora"},"content":{"rendered":"<p>Mais um foragido da opera\u00e7\u00e3o \u00caxodo \u00e9 preso em Juiz de Fora. Homem de 28 anos foi capturado no bairro Bandeirantes na noite dessa quinta-feira (27\/11); ao todo, dez investigados j\u00e1 foram presos.<\/p>\n<h2>Mais um foragido da opera\u00e7\u00e3o \u00caxodo \u00e9 preso em Juiz de Fora<\/h2>\n<p><img decoding=\"async\" class=\"aligncenter size-medium wp-image-23451 lazyload\" data-src=\"https:\/\/ubanews.com\/site\/wp-content\/uploads\/2025\/11\/Fato-Policial-Policia-Civil-2-300x225.jpeg\" alt=\"Fato Policial Policia Civil \" width=\"300\" height=\"225\" data-srcset=\"https:\/\/ubanews.com\/site\/wp-content\/uploads\/2025\/11\/Fato-Policial-Policia-Civil-2-300x225.jpeg 300w, https:\/\/ubanews.com\/site\/wp-content\/uploads\/2025\/11\/Fato-Policial-Policia-Civil-2-1024x768.jpeg 1024w, https:\/\/ubanews.com\/site\/wp-content\/uploads\/2025\/11\/Fato-Policial-Policia-Civil-2-768x576.jpeg 768w, https:\/\/ubanews.com\/site\/wp-content\/uploads\/2025\/11\/Fato-Policial-Policia-Civil-2-1536x1152.jpeg 1536w, https:\/\/ubanews.com\/site\/wp-content\/uploads\/2025\/11\/Fato-Policial-Policia-Civil-2.jpeg 1600w\" data-sizes=\"(max-width: 300px) 100vw, 300px\" src=\"data:image\/svg+xml;base64,PHN2ZyB3aWR0aD0iMSIgaGVpZ2h0PSIxIiB4bWxucz0iaHR0cDovL3d3dy53My5vcmcvMjAwMC9zdmciPjwvc3ZnPg==\" style=\"--smush-placeholder-width: 300px; --smush-placeholder-aspect-ratio: 300\/225;\" \/><\/p>\n<p>Uma a\u00e7\u00e3o realizada ap\u00f3s troca de informa\u00e7\u00f5es entre a Pol\u00edcia Civil de Minas Gerais (PCMG) e a Pol\u00edcia Militar (PMMG) resultou na captura, na noite dessa quinta-feira (27\/11), de mais um foragido da opera\u00e7\u00e3o \u00caxodo, deflagrada no in\u00edcio deste m\u00eas para desarticular uma c\u00e9lula de fac\u00e7\u00e3o criminosa envolvida em lavagem de dinheiro, agiotagem e tr\u00e1fico de drogas, com atua\u00e7\u00e3o em Minas Gerais e no litoral do Rio de Janeiro.<\/p>\n<p>Conforme os levantamentos dos setores de intelig\u00eancia da Delegacia Regional de Pol\u00edcia Civil em Juiz de Fora e do 2\u00ba Batalh\u00e3o da PMMG, o suspeito estaria escondido em um condom\u00ednio no bairro Bandeirantes. Ap\u00f3s dias de monitoramento, as equipes se deslocaram at\u00e9 o im\u00f3vel e efetuaram a pris\u00e3o do homem, de 28 anos. No local, foram apreendidos maconha e uma balan\u00e7a de precis\u00e3o.<\/p>\n<p>Relembre<\/p>\n<p>A investiga\u00e7\u00e3o, iniciada ap\u00f3s desdobramento de uma a\u00e7\u00e3o desencadeada em 2024, identificou que a c\u00e9lula da fac\u00e7\u00e3o criminosa movimentou mais de R$ 30 milh\u00f5es, utilizando empresas de fachada e ve\u00edculos clonados para financiar atividades il\u00edcitas e crimes violentos.<\/p>\n<p>Em 4 de novembro deste ano, sete suspeitos foram presos. No mesmo dia, outro investigado foi localizado e detido em raz\u00e3o de mandado de pris\u00e3o relacionado com outra investiga\u00e7\u00e3o de tr\u00e1fico de drogas. Dias depois, o nono suspeito foi preso pela PMMG. A pris\u00e3o ocorrida ontem eleva para dez o n\u00famero de investigados detidos.<\/p>\n<p>As investiga\u00e7\u00f5es seguem em andamento para completa apura\u00e7\u00e3o dos fatos.<\/p>\n","protected":false},"excerpt":{"rendered":"<p>Mais um foragido da opera\u00e7\u00e3o \u00caxodo \u00e9 preso em Juiz<\/p>\n","protected":false},"author":4,"featured_media":23451,"comment_status":"open","ping_status":"open","sticky":false,"template":"","format":"standard","meta":{"footnotes":""},"categories":[1,3],"tags":[59,188,60],"class_list":["post-23450","post","type-post","status-publish","format-standard","has-post-thumbnail","hentry","category-sem-categoria","category-slide","tag-fala-sodre","tag-fato-policial","tag-ubanews"],"yoast_head":"<!-- This site is optimized with the Yoast SEO plugin v27.2 - https:\/\/yoast.com\/product\/yoast-seo-wordpress\/ -->\n<title>Mais um foragido da opera\u00e7\u00e3o \u00caxodo \u00e9 preso em Juiz de Fora - Ub\u00e1 News<\/title>\n<meta name=\"robots\" content=\"index, follow, max-snippet:-1, max-image-preview:large, max-video-preview:-1\" \/>\n<link rel=\"canonical\" href=\"https:\/\/ubanews.com\/site\/2025\/11\/28\/mais-um-foragido-da-operacao-exodo-e-preso-em-juiz-de-fora\/\" \/>\n<meta property=\"og:locale\" content=\"pt_BR\" \/>\n<meta property=\"og:type\" content=\"article\" \/>\n<meta property=\"og:title\" content=\"Mais um foragido da opera\u00e7\u00e3o \u00caxodo \u00e9 preso em Juiz de Fora - Ub\u00e1 News\" \/>\n<meta property=\"og:description\" content=\"Mais um foragido da opera\u00e7\u00e3o \u00caxodo \u00e9 preso em Juiz\" \/>\n<meta property=\"og:url\" content=\"https:\/\/ubanews.com\/site\/2025\/11\/28\/mais-um-foragido-da-operacao-exodo-e-preso-em-juiz-de-fora\/\" \/>\n<meta property=\"og:site_name\" content=\"Ub\u00e1 News\" \/>\n<meta property=\"article:publisher\" content=\"https:\/\/www.facebook.com\/Ub%c3%a1News-Carlos-Roberto-Sodr%c3%a9-418778301977370\" \/>\n<meta property=\"article:published_time\" content=\"2025-11-28T15:33:00+00:00\" \/>\n<meta property=\"article:modified_time\" content=\"2025-11-28T15:48:24+00:00\" \/>\n<meta property=\"og:image\" content=\"https:\/\/ubanews.com\/site\/wp-content\/uploads\/2025\/11\/Fato-Policial-Policia-Civil-2.jpeg\" \/>\n\t<meta property=\"og:image:width\" content=\"1600\" \/>\n\t<meta property=\"og:image:height\" content=\"1200\" \/>\n\t<meta property=\"og:image:type\" content=\"image\/jpeg\" \/>\n<meta name=\"author\" content=\"Carlos Roberto Sodr\u00e9\" \/>\n<meta name=\"twitter:card\" content=\"summary_large_image\" \/>\n<meta name=\"twitter:label1\" content=\"Escrito por\" \/>\n\t<meta name=\"twitter:data1\" content=\"Carlos Roberto Sodr\u00e9\" \/>\n\t<meta name=\"twitter:label2\" content=\"Est. tempo de leitura\" \/>\n\t<meta name=\"twitter:data2\" content=\"2 minutos\" \/>\n<script type=\"application\/ld+json\" class=\"yoast-schema-graph\">{\"@context\":\"https:\/\/schema.org\",\"@graph\":[{\"@type\":\"Article\",\"@id\":\"https:\/\/ubanews.com\/site\/2025\/11\/28\/mais-um-foragido-da-operacao-exodo-e-preso-em-juiz-de-fora\/#article\",\"isPartOf\":{\"@id\":\"https:\/\/ubanews.com\/site\/2025\/11\/28\/mais-um-foragido-da-operacao-exodo-e-preso-em-juiz-de-fora\/\"},\"author\":{\"name\":\"Carlos Roberto Sodr\u00e9\",\"@id\":\"https:\/\/ubanews.com\/site\/#\/schema\/person\/9d8da9ec3c8d00640ab6e8c81e103310\"},\"headline\":\"Mais um foragido da opera\u00e7\u00e3o \u00caxodo \u00e9 preso em Juiz de Fora\",\"datePublished\":\"2025-11-28T15:33:00+00:00\",\"dateModified\":\"2025-11-28T15:48:24+00:00\",\"mainEntityOfPage\":{\"@id\":\"https:\/\/ubanews.com\/site\/2025\/11\/28\/mais-um-foragido-da-operacao-exodo-e-preso-em-juiz-de-fora\/\"},\"wordCount\":321,\"commentCount\":0,\"publisher\":{\"@id\":\"https:\/\/ubanews.com\/site\/#organization\"},\"image\":{\"@id\":\"https:\/\/ubanews.com\/site\/2025\/11\/28\/mais-um-foragido-da-operacao-exodo-e-preso-em-juiz-de-fora\/#primaryimage\"},\"thumbnailUrl\":\"https:\/\/ubanews.com\/site\/wp-content\/uploads\/2025\/11\/Fato-Policial-Policia-Civil-2.jpeg\",\"keywords\":[\"Fala Sodr\u00e9\",\"Fato Policial\",\"UBANEWS\"],\"articleSection\":[\"Geral\",\"Slide\"],\"inLanguage\":\"pt-BR\",\"potentialAction\":[{\"@type\":\"CommentAction\",\"name\":\"Comment\",\"target\":[\"https:\/\/ubanews.com\/site\/2025\/11\/28\/mais-um-foragido-da-operacao-exodo-e-preso-em-juiz-de-fora\/#respond\"]}]},{\"@type\":\"WebPage\",\"@id\":\"https:\/\/ubanews.com\/site\/2025\/11\/28\/mais-um-foragido-da-operacao-exodo-e-preso-em-juiz-de-fora\/\",\"url\":\"https:\/\/ubanews.com\/site\/2025\/11\/28\/mais-um-foragido-da-operacao-exodo-e-preso-em-juiz-de-fora\/\",\"name\":\"Mais um foragido da opera\u00e7\u00e3o \u00caxodo \u00e9 preso em Juiz de Fora - Ub\u00e1 News\",\"isPartOf\":{\"@id\":\"https:\/\/ubanews.com\/site\/#website\"},\"primaryImageOfPage\":{\"@id\":\"https:\/\/ubanews.com\/site\/2025\/11\/28\/mais-um-foragido-da-operacao-exodo-e-preso-em-juiz-de-fora\/#primaryimage\"},\"image\":{\"@id\":\"https:\/\/ubanews.com\/site\/2025\/11\/28\/mais-um-foragido-da-operacao-exodo-e-preso-em-juiz-de-fora\/#primaryimage\"},\"thumbnailUrl\":\"https:\/\/ubanews.com\/site\/wp-content\/uploads\/2025\/11\/Fato-Policial-Policia-Civil-2.jpeg\",\"datePublished\":\"2025-11-28T15:33:00+00:00\",\"dateModified\":\"2025-11-28T15:48:24+00:00\",\"breadcrumb\":{\"@id\":\"https:\/\/ubanews.com\/site\/2025\/11\/28\/mais-um-foragido-da-operacao-exodo-e-preso-em-juiz-de-fora\/#breadcrumb\"},\"inLanguage\":\"pt-BR\",\"potentialAction\":[{\"@type\":\"ReadAction\",\"target\":[\"https:\/\/ubanews.com\/site\/2025\/11\/28\/mais-um-foragido-da-operacao-exodo-e-preso-em-juiz-de-fora\/\"]}]},{\"@type\":\"ImageObject\",\"inLanguage\":\"pt-BR\",\"@id\":\"https:\/\/ubanews.com\/site\/2025\/11\/28\/mais-um-foragido-da-operacao-exodo-e-preso-em-juiz-de-fora\/#primaryimage\",\"url\":\"https:\/\/ubanews.com\/site\/wp-content\/uploads\/2025\/11\/Fato-Policial-Policia-Civil-2.jpeg\",\"contentUrl\":\"https:\/\/ubanews.com\/site\/wp-content\/uploads\/2025\/11\/Fato-Policial-Policia-Civil-2.jpeg\",\"width\":1600,\"height\":1200,\"caption\":\"Fato Policial Policia Civil\"},{\"@type\":\"BreadcrumbList\",\"@id\":\"https:\/\/ubanews.com\/site\/2025\/11\/28\/mais-um-foragido-da-operacao-exodo-e-preso-em-juiz-de-fora\/#breadcrumb\",\"itemListElement\":[{\"@type\":\"ListItem\",\"position\":1,\"name\":\"Home\",\"item\":\"https:\/\/ubanews.com\/site\/\"},{\"@type\":\"ListItem\",\"position\":2,\"name\":\"Mais um foragido da opera\u00e7\u00e3o \u00caxodo \u00e9 preso em Juiz de Fora\"}]},{\"@type\":\"WebSite\",\"@id\":\"https:\/\/ubanews.com\/site\/#website\",\"url\":\"https:\/\/ubanews.com\/site\/\",\"name\":\"Ub\u00e1 News\",\"description\":\"\",\"publisher\":{\"@id\":\"https:\/\/ubanews.com\/site\/#organization\"},\"potentialAction\":[{\"@type\":\"SearchAction\",\"target\":{\"@type\":\"EntryPoint\",\"urlTemplate\":\"https:\/\/ubanews.com\/site\/?s={search_term_string}\"},\"query-input\":{\"@type\":\"PropertyValueSpecification\",\"valueRequired\":true,\"valueName\":\"search_term_string\"}}],\"inLanguage\":\"pt-BR\"},{\"@type\":\"Organization\",\"@id\":\"https:\/\/ubanews.com\/site\/#organization\",\"name\":\"Ub\u00e1 News\",\"url\":\"https:\/\/ubanews.com\/site\/\",\"logo\":{\"@type\":\"ImageObject\",\"inLanguage\":\"pt-BR\",\"@id\":\"https:\/\/ubanews.com\/site\/#\/schema\/logo\/image\/\",\"url\":\"https:\/\/ubanews.com\/site\/wp-content\/uploads\/2018\/01\/logoubanews.png\",\"contentUrl\":\"https:\/\/ubanews.com\/site\/wp-content\/uploads\/2018\/01\/logoubanews.png\",\"width\":261,\"height\":99,\"caption\":\"Ub\u00e1 News\"},\"image\":{\"@id\":\"https:\/\/ubanews.com\/site\/#\/schema\/logo\/image\/\"},\"sameAs\":[\"https:\/\/www.facebook.com\/Ub\u00e1News-Carlos-Roberto-Sodr\u00e9-418778301977370\"]},{\"@type\":\"Person\",\"@id\":\"https:\/\/ubanews.com\/site\/#\/schema\/person\/9d8da9ec3c8d00640ab6e8c81e103310\",\"name\":\"Carlos Roberto Sodr\u00e9\",\"image\":{\"@type\":\"ImageObject\",\"inLanguage\":\"pt-BR\",\"@id\":\"https:\/\/secure.gravatar.com\/avatar\/aab322e8555b56c468614fafdab8a8f924e394cdc6cfd8232f77e9e4d123a133?s=96&d=mm&r=g\",\"url\":\"https:\/\/secure.gravatar.com\/avatar\/aab322e8555b56c468614fafdab8a8f924e394cdc6cfd8232f77e9e4d123a133?s=96&d=mm&r=g\",\"contentUrl\":\"https:\/\/secure.gravatar.com\/avatar\/aab322e8555b56c468614fafdab8a8f924e394cdc6cfd8232f77e9e4d123a133?s=96&d=mm&r=g\",\"caption\":\"Carlos Roberto Sodr\u00e9\"},\"url\":\"https:\/\/ubanews.com\/site\/author\/sodre\/\"}]}<\/script>\n<!-- \/ Yoast SEO plugin. -->","yoast_head_json":{"title":"Mais um foragido da opera\u00e7\u00e3o \u00caxodo \u00e9 preso em Juiz de Fora - Ub\u00e1 News","robots":{"index":"index","follow":"follow","max-snippet":"max-snippet:-1","max-image-preview":"max-image-preview:large","max-video-preview":"max-video-preview:-1"},"canonical":"https:\/\/ubanews.com\/site\/2025\/11\/28\/mais-um-foragido-da-operacao-exodo-e-preso-em-juiz-de-fora\/","og_locale":"pt_BR","og_type":"article","og_title":"Mais um foragido da opera\u00e7\u00e3o \u00caxodo \u00e9 preso em Juiz de Fora - Ub\u00e1 News","og_description":"Mais um foragido da opera\u00e7\u00e3o \u00caxodo \u00e9 preso em Juiz","og_url":"https:\/\/ubanews.com\/site\/2025\/11\/28\/mais-um-foragido-da-operacao-exodo-e-preso-em-juiz-de-fora\/","og_site_name":"Ub\u00e1 News","article_publisher":"https:\/\/www.facebook.com\/Ub%c3%a1News-Carlos-Roberto-Sodr%c3%a9-418778301977370","article_published_time":"2025-11-28T15:33:00+00:00","article_modified_time":"2025-11-28T15:48:24+00:00","og_image":[{"width":1600,"height":1200,"url":"https:\/\/ubanews.com\/site\/wp-content\/uploads\/2025\/11\/Fato-Policial-Policia-Civil-2.jpeg","type":"image\/jpeg"}],"author":"Carlos Roberto Sodr\u00e9","twitter_card":"summary_large_image","twitter_misc":{"Escrito por":"Carlos Roberto Sodr\u00e9","Est. tempo de leitura":"2 minutos"},"schema":{"@context":"https:\/\/schema.org","@graph":[{"@type":"Article","@id":"https:\/\/ubanews.com\/site\/2025\/11\/28\/mais-um-foragido-da-operacao-exodo-e-preso-em-juiz-de-fora\/#article","isPartOf":{"@id":"https:\/\/ubanews.com\/site\/2025\/11\/28\/mais-um-foragido-da-operacao-exodo-e-preso-em-juiz-de-fora\/"},"author":{"name":"Carlos Roberto Sodr\u00e9","@id":"https:\/\/ubanews.com\/site\/#\/schema\/person\/9d8da9ec3c8d00640ab6e8c81e103310"},"headline":"Mais um foragido da opera\u00e7\u00e3o \u00caxodo \u00e9 preso em Juiz de Fora","datePublished":"2025-11-28T15:33:00+00:00","dateModified":"2025-11-28T15:48:24+00:00","mainEntityOfPage":{"@id":"https:\/\/ubanews.com\/site\/2025\/11\/28\/mais-um-foragido-da-operacao-exodo-e-preso-em-juiz-de-fora\/"},"wordCount":321,"commentCount":0,"publisher":{"@id":"https:\/\/ubanews.com\/site\/#organization"},"image":{"@id":"https:\/\/ubanews.com\/site\/2025\/11\/28\/mais-um-foragido-da-operacao-exodo-e-preso-em-juiz-de-fora\/#primaryimage"},"thumbnailUrl":"https:\/\/ubanews.com\/site\/wp-content\/uploads\/2025\/11\/Fato-Policial-Policia-Civil-2.jpeg","keywords":["Fala Sodr\u00e9","Fato Policial","UBANEWS"],"articleSection":["Geral","Slide"],"inLanguage":"pt-BR","potentialAction":[{"@type":"CommentAction","name":"Comment","target":["https:\/\/ubanews.com\/site\/2025\/11\/28\/mais-um-foragido-da-operacao-exodo-e-preso-em-juiz-de-fora\/#respond"]}]},{"@type":"WebPage","@id":"https:\/\/ubanews.com\/site\/2025\/11\/28\/mais-um-foragido-da-operacao-exodo-e-preso-em-juiz-de-fora\/","url":"https:\/\/ubanews.com\/site\/2025\/11\/28\/mais-um-foragido-da-operacao-exodo-e-preso-em-juiz-de-fora\/","name":"Mais um foragido da opera\u00e7\u00e3o \u00caxodo \u00e9 preso em Juiz de Fora - Ub\u00e1 News","isPartOf":{"@id":"https:\/\/ubanews.com\/site\/#website"},"primaryImageOfPage":{"@id":"https:\/\/ubanews.com\/site\/2025\/11\/28\/mais-um-foragido-da-operacao-exodo-e-preso-em-juiz-de-fora\/#primaryimage"},"image":{"@id":"https:\/\/ubanews.com\/site\/2025\/11\/28\/mais-um-foragido-da-operacao-exodo-e-preso-em-juiz-de-fora\/#primaryimage"},"thumbnailUrl":"https:\/\/ubanews.com\/site\/wp-content\/uploads\/2025\/11\/Fato-Policial-Policia-Civil-2.jpeg","datePublished":"2025-11-28T15:33:00+00:00","dateModified":"2025-11-28T15:48:24+00:00","breadcrumb":{"@id":"https:\/\/ubanews.com\/site\/2025\/11\/28\/mais-um-foragido-da-operacao-exodo-e-preso-em-juiz-de-fora\/#breadcrumb"},"inLanguage":"pt-BR","potentialAction":[{"@type":"ReadAction","target":["https:\/\/ubanews.com\/site\/2025\/11\/28\/mais-um-foragido-da-operacao-exodo-e-preso-em-juiz-de-fora\/"]}]},{"@type":"ImageObject","inLanguage":"pt-BR","@id":"https:\/\/ubanews.com\/site\/2025\/11\/28\/mais-um-foragido-da-operacao-exodo-e-preso-em-juiz-de-fora\/#primaryimage","url":"https:\/\/ubanews.com\/site\/wp-content\/uploads\/2025\/11\/Fato-Policial-Policia-Civil-2.jpeg","contentUrl":"https:\/\/ubanews.com\/site\/wp-content\/uploads\/2025\/11\/Fato-Policial-Policia-Civil-2.jpeg","width":1600,"height":1200,"caption":"Fato Policial Policia Civil"},{"@type":"BreadcrumbList","@id":"https:\/\/ubanews.com\/site\/2025\/11\/28\/mais-um-foragido-da-operacao-exodo-e-preso-em-juiz-de-fora\/#breadcrumb","itemListElement":[{"@type":"ListItem","position":1,"name":"Home","item":"https:\/\/ubanews.com\/site\/"},{"@type":"ListItem","position":2,"name":"Mais um foragido da opera\u00e7\u00e3o \u00caxodo \u00e9 preso em Juiz de Fora"}]},{"@type":"WebSite","@id":"https:\/\/ubanews.com\/site\/#website","url":"https:\/\/ubanews.com\/site\/","name":"Ub\u00e1 News","description":"","publisher":{"@id":"https:\/\/ubanews.com\/site\/#organization"},"potentialAction":[{"@type":"SearchAction","target":{"@type":"EntryPoint","urlTemplate":"https:\/\/ubanews.com\/site\/?s={search_term_string}"},"query-input":{"@type":"PropertyValueSpecification","valueRequired":true,"valueName":"search_term_string"}}],"inLanguage":"pt-BR"},{"@type":"Organization","@id":"https:\/\/ubanews.com\/site\/#organization","name":"Ub\u00e1 News","url":"https:\/\/ubanews.com\/site\/","logo":{"@type":"ImageObject","inLanguage":"pt-BR","@id":"https:\/\/ubanews.com\/site\/#\/schema\/logo\/image\/","url":"https:\/\/ubanews.com\/site\/wp-content\/uploads\/2018\/01\/logoubanews.png","contentUrl":"https:\/\/ubanews.com\/site\/wp-content\/uploads\/2018\/01\/logoubanews.png","width":261,"height":99,"caption":"Ub\u00e1 News"},"image":{"@id":"https:\/\/ubanews.com\/site\/#\/schema\/logo\/image\/"},"sameAs":["https:\/\/www.facebook.com\/Ub\u00e1News-Carlos-Roberto-Sodr\u00e9-418778301977370"]},{"@type":"Person","@id":"https:\/\/ubanews.com\/site\/#\/schema\/person\/9d8da9ec3c8d00640ab6e8c81e103310","name":"Carlos Roberto Sodr\u00e9","image":{"@type":"ImageObject","inLanguage":"pt-BR","@id":"https:\/\/secure.gravatar.com\/avatar\/aab322e8555b56c468614fafdab8a8f924e394cdc6cfd8232f77e9e4d123a133?s=96&d=mm&r=g","url":"https:\/\/secure.gravatar.com\/avatar\/aab322e8555b56c468614fafdab8a8f924e394cdc6cfd8232f77e9e4d123a133?s=96&d=mm&r=g","contentUrl":"https:\/\/secure.gravatar.com\/avatar\/aab322e8555b56c468614fafdab8a8f924e394cdc6cfd8232f77e9e4d123a133?s=96&d=mm&r=g","caption":"Carlos Roberto Sodr\u00e9"},"url":"https:\/\/ubanews.com\/site\/author\/sodre\/"}]}},"_links":{"self":[{"href":"https:\/\/ubanews.com\/site\/wp-json\/wp\/v2\/posts\/23450","targetHints":{"allow":["GET"]}}],"collection":[{"href":"https:\/\/ubanews.com\/site\/wp-json\/wp\/v2\/posts"}],"about":[{"href":"https:\/\/ubanews.com\/site\/wp-json\/wp\/v2\/types\/post"}],"author":[{"embeddable":true,"href":"https:\/\/ubanews.com\/site\/wp-json\/wp\/v2\/users\/4"}],"replies":[{"embeddable":true,"href":"https:\/\/ubanews.com\/site\/wp-json\/wp\/v2\/comments?post=23450"}],"version-history":[{"count":0,"href":"https:\/\/ubanews.com\/site\/wp-json\/wp\/v2\/posts\/23450\/revisions"}],"wp:featuredmedia":[{"embeddable":true,"href":"https:\/\/ubanews.com\/site\/wp-json\/wp\/v2\/media\/23451"}],"wp:attachment":[{"href":"https:\/\/ubanews.com\/site\/wp-json\/wp\/v2\/media?parent=23450"}],"wp:term":[{"taxonomy":"category","embeddable":true,"href":"https:\/\/ubanews.com\/site\/wp-json\/wp\/v2\/categories?post=23450"},{"taxonomy":"post_tag","embeddable":true,"href":"https:\/\/ubanews.com\/site\/wp-json\/wp\/v2\/tags?post=23450"}],"curies":[{"name":"wp","href":"https:\/\/api.w.org\/{rel}","templated":true}]}}