{"id":23445,"date":"2025-11-28T10:07:57","date_gmt":"2025-11-28T13:07:57","guid":{"rendered":"https:\/\/ubanews.com\/site\/?p=23445"},"modified":"2025-11-28T10:07:57","modified_gmt":"2025-11-28T13:07:57","slug":"celebracao-cultura-e-futuro","status":"publish","type":"post","link":"https:\/\/ubanews.com\/site\/2025\/11\/28\/celebracao-cultura-e-futuro\/","title":{"rendered":"Celebra\u00e7\u00e3o, Cultura e Futuro"},"content":{"rendered":"<p data-start=\"281\" data-end=\"423\"><strong data-start=\"283\" data-end=\"423\">Celebra\u00e7\u00e3o, Cultura e Futuro: A Secretaria de Cultura e Turismo Detalha as Festividades em Homenagem a Ary Barroso e os Planos para 2026<\/strong><\/p>\n<p data-start=\"425\" data-end=\"856\">A entrevista conduzida pelo rep\u00f3rter <strong data-start=\"462\" data-end=\"486\">Carlos Roberto Sodr\u00e9<\/strong> no programa <em data-start=\"499\" data-end=\"511\">Fala Sodr\u00e9<\/em> trouxe uma verdadeira imers\u00e3o nas a\u00e7\u00f5es da <strong data-start=\"555\" data-end=\"597\">Secretaria de Cultura e Turismo de Ub\u00e1, Alessandra Labanca<\/strong>. Com imagens de <strong data-start=\"614\" data-end=\"629\">Laisa Sodr\u00e9<\/strong> e gera\u00e7\u00e3o de conte\u00fado de <strong data-start=\"655\" data-end=\"695\">Pedro Henriques<\/strong>, da <strong data-start=\"700\" data-end=\"715\">INDICCA.COM<\/strong>, o registro destacou a agenda cultural do munic\u00edpio, os eventos em homenagem ao artista ubaense <strong data-start=\"812\" data-end=\"827\">Ary Barroso<\/strong> e as expectativas para 2026.<\/p>\n<h1 data-start=\"281\" data-end=\"423\"><strong data-start=\"283\" data-end=\"423\">Celebra\u00e7\u00e3o, Cultura e Futuro: A Secretaria de Cultura e Turismo Detalha as Festividades em Homenagem a Ary Barroso e os Planos para 2026<\/strong><\/h1>\n<p><img decoding=\"async\" class=\"aligncenter size-medium wp-image-23446 lazyload\" data-src=\"https:\/\/ubanews.com\/site\/wp-content\/uploads\/2025\/11\/Fala-Sodre-com-Alessandra-Labanca-300x161.jpg\" alt=\"Alessandra Labanca esteve no Fala Sodre \npara contar do trabalho e das expectativas. \" width=\"300\" height=\"161\" data-srcset=\"https:\/\/ubanews.com\/site\/wp-content\/uploads\/2025\/11\/Fala-Sodre-com-Alessandra-Labanca-300x161.jpg 300w, https:\/\/ubanews.com\/site\/wp-content\/uploads\/2025\/11\/Fala-Sodre-com-Alessandra-Labanca.jpg 379w\" data-sizes=\"(max-width: 300px) 100vw, 300px\" src=\"data:image\/svg+xml;base64,PHN2ZyB3aWR0aD0iMSIgaGVpZ2h0PSIxIiB4bWxucz0iaHR0cDovL3d3dy53My5vcmcvMjAwMC9zdmciPjwvc3ZnPg==\" style=\"--smush-placeholder-width: 300px; --smush-placeholder-aspect-ratio: 300\/161;\" \/><\/p>\n<p data-start=\"858\" data-end=\"1222\">Logo no in\u00edcio da conversa, a Secret\u00e1ria de Cultura mostrou entusiasmo. Segundo ela, Alessandra Labanca, Ub\u00e1 vive um momento especial. \u201c<strong data-start=\"974\" data-end=\"1016\">Eu estou feliz demais para esse evento<\/strong>\u201d, disse ao comentar a programa\u00e7\u00e3o de homenagens a Ary Barroso, marcada para come\u00e7ar na sexta-feira. Ela destacou que o artista levou o nome da cidade para o mundo e merece ser celebrado com grande carinho.<\/p>\n<hr data-start=\"1224\" data-end=\"1227\" \/>\n<h2 data-start=\"1229\" data-end=\"1289\"><strong data-start=\"1232\" data-end=\"1289\">Homenagem a Ary Barroso: Um Final de Semana Hist\u00f3rico<\/strong><\/h2>\n<p data-start=\"1291\" data-end=\"1566\">A secret\u00e1ria refor\u00e7ou a import\u00e2ncia do tributo. <strong data-start=\"1339\" data-end=\"1384\">\u201cA popula\u00e7\u00e3o est\u00e1 convidada a participar\u201d<\/strong>, afirmou. A homenagem acontecer\u00e1 na <strong data-start=\"1421\" data-end=\"1444\">Pra\u00e7a Guido Marcelo<\/strong>, local que, segundo ela, carrega mem\u00f3rias que se confundem com a hist\u00f3ria do pr\u00f3prio Ary Barroso e com a hist\u00f3ria de Ub\u00e1.<\/p>\n<p data-start=\"1568\" data-end=\"1782\">Al\u00e9m disso, a programa\u00e7\u00e3o inclui apresenta\u00e7\u00f5es musicais, momentos de leitura e a participa\u00e7\u00e3o especial do neto do artista, <strong data-start=\"1691\" data-end=\"1709\">Marcos Barroso<\/strong>, fortalecendo ainda mais a conex\u00e3o entre legado, mem\u00f3ria e cultura viva.<\/p>\n<p data-start=\"1784\" data-end=\"2093\">Mas n\u00e3o para por a\u00ed. O final de semana ainda contar\u00e1 com o <strong data-start=\"1843\" data-end=\"1865\">Festival de Cinema<\/strong>, com exibi\u00e7\u00f5es relacionadas \u00e0 vida e obra de Ary Barroso. A secret\u00e1ria celebrou o impacto do projeto:<br data-start=\"1967\" data-end=\"1970\" \/><strong data-start=\"1970\" data-end=\"2004\">\u201cOs ingressos j\u00e1 se esgotaram\u201d<\/strong>, revelou, afirmando que a procura surpreendeu e que novas sess\u00f5es est\u00e3o sendo avaliadas.<\/p>\n<hr data-start=\"2095\" data-end=\"2098\" \/>\n<h2 data-start=\"2100\" data-end=\"2145\"><strong data-start=\"2103\" data-end=\"2145\">Agenda Movimentada: Cultura Para Todos<\/strong><\/h2>\n<p data-start=\"2147\" data-end=\"2220\">Al\u00e9m das homenagens ao compositor, outros eventos j\u00e1 est\u00e3o confirmados.<\/p>\n<p data-start=\"2222\" data-end=\"2500\"><strong data-start=\"2222\" data-end=\"2238\">Para come\u00e7ar<\/strong>, Ub\u00e1 recebe o <strong data-start=\"2253\" data-end=\"2290\">Festival de Dan\u00e7a \u00c1rabe Caravanas<\/strong>, no Teatro Santos. O espa\u00e7o lotou rapidamente, mostrando o apetite do p\u00fablico por atividades culturais diversificadas. Conforme ela explicou, at\u00e9 fila de espera se formou: \u201c<strong data-start=\"2464\" data-end=\"2498\">O espa\u00e7o est\u00e1 hiper concorrido<\/strong>\u201d.<\/p>\n<p data-start=\"2502\" data-end=\"2734\"><strong data-start=\"2502\" data-end=\"2520\">Para continuar<\/strong>, a troca de ingressos por alimentos fortalece a a\u00e7\u00e3o social. A secret\u00e1ria refor\u00e7a: \u201c<strong data-start=\"2605\" data-end=\"2664\">Mesmo que tenha acabado, se voc\u00ea queira doar, pode doar<\/strong>\u201d. O gesto refor\u00e7a a miss\u00e3o de unir cultura e responsabilidade social.<\/p>\n<p data-start=\"2736\" data-end=\"2996\">Ainda no s\u00e1bado, o m\u00eas da <strong data-start=\"2762\" data-end=\"2783\">Consci\u00eancia Negra<\/strong> recebe seu \u00faltimo encontro, com atividades voltadas \u00e0 valoriza\u00e7\u00e3o afro-brasileira. Paralelamente, no Horto Florestal, acontece o <strong data-start=\"2913\" data-end=\"2935\">Encontro de Kombinados<\/strong>, atraindo apaixonados por automobilismo e fam\u00edlias inteiras.<\/p>\n<p data-start=\"2998\" data-end=\"3170\">E no domingo, a tradicional <strong data-start=\"3026\" data-end=\"3043\">APAE Night Run<\/strong> tamb\u00e9m ganhar\u00e1 sua edi\u00e7\u00e3o matinal, adaptada para receber ainda mais participantes. A sa\u00edda ser\u00e1 no centro universit\u00e1rio UNIFAGOC.<\/p>\n<hr data-start=\"3172\" data-end=\"3175\" \/>\n<h2 data-start=\"3177\" data-end=\"3216\"><strong data-start=\"3180\" data-end=\"3216\">Natal 2025: O Renascer das Luzes<\/strong><\/h2>\n<p data-start=\"3218\" data-end=\"3406\">Depois, a secret\u00e1ria revelou detalhes de um dos momentos mais aguardados do ano: o <strong data-start=\"3301\" data-end=\"3317\">Natal de Ub\u00e1<\/strong>. O tema escolhido, <strong data-start=\"3337\" data-end=\"3363\">\u201cO Renascer das Luzes\u201d<\/strong>, promete emocionar moradores e visitantes.<\/p>\n<p data-start=\"3408\" data-end=\"3715\">Ela destacou: \u201c<strong data-start=\"3423\" data-end=\"3505\">A gente est\u00e1 trabalhando, n\u00e3o com o que gostaria, mas com o que consegue pagar<\/strong>\u201d. Apesar do or\u00e7amento reduzido, o cuidado e o carinho com a festa s\u00e3o prioridades. Assim, a equipe vai concentrar esfor\u00e7os na <strong data-start=\"3632\" data-end=\"3655\">Pra\u00e7a Guido<\/strong>, que receber\u00e1 ilumina\u00e7\u00e3o, m\u00fasica e apresenta\u00e7\u00f5es especiais.<\/p>\n<p data-start=\"3717\" data-end=\"3738\">A programa\u00e7\u00e3o inclui:<\/p>\n<ul data-start=\"3740\" data-end=\"4074\">\n<li data-start=\"3740\" data-end=\"3788\">\n<p data-start=\"3742\" data-end=\"3788\"><strong data-start=\"3742\" data-end=\"3785\">Orquestra Experimental do Conservat\u00f3rio de Visconde do Rio Branco<\/strong>,<\/p>\n<\/li>\n<li data-start=\"3789\" data-end=\"3813\">\n<p data-start=\"3791\" data-end=\"3813\"><strong data-start=\"3791\" data-end=\"3810\">Coral da AMA<\/strong>,<\/p>\n<\/li>\n<li data-start=\"3814\" data-end=\"3838\">\n<p data-start=\"3816\" data-end=\"3838\"><strong data-start=\"3816\" data-end=\"3835\">Banda Municipal<\/strong>,<\/p>\n<\/li>\n<li data-start=\"3839\" data-end=\"3876\">\n<p data-start=\"3841\" data-end=\"3876\"><strong data-start=\"3841\" data-end=\"3873\">L\u00e9o Santos e artistas locais<\/strong>,<\/p>\n<\/li>\n<li data-start=\"3877\" data-end=\"3971\">\n<p data-start=\"3879\" data-end=\"3971\">Momentos especiais dedicados \u00e0s crian\u00e7as, com <strong data-start=\"3925\" data-end=\"3945\">Cortejo de Natal<\/strong> do Circo da Meia-Noite,<\/p>\n<\/li>\n<li data-start=\"3972\" data-end=\"4074\">\n<p data-start=\"3974\" data-end=\"4074\">E atra\u00e7\u00f5es gratuitas, como o <strong data-start=\"4003\" data-end=\"4027\">Trenzinho do Ronaldo<\/strong>, que estar\u00e1 dispon\u00edvel no s\u00e1bado e no domingo.<\/p>\n<\/li>\n<\/ul>\n<p data-start=\"4076\" data-end=\"4368\">A secret\u00e1ria enfatizou o papel da visibilidade. Ela contou a hist\u00f3ria de um artista que participou do evento <em data-start=\"4185\" data-end=\"4196\">A Palinha<\/em> e, desde ent\u00e3o, viu sua agenda crescer. \u201c<strong data-start=\"4238\" data-end=\"4283\">A agenda dele a partir de ent\u00e3o n\u00e3o parou<\/strong>\u201d, celebrou. Para ela, isso mostra a import\u00e2ncia de abrir espa\u00e7o para novos talentos.<\/p>\n<hr data-start=\"4370\" data-end=\"4373\" \/>\n<h2 data-start=\"4375\" data-end=\"4425\"><strong data-start=\"4378\" data-end=\"4425\">Constru\u00e7\u00e3o de 2026: Planejamento e Tradi\u00e7\u00e3o<\/strong><\/h2>\n<p data-start=\"4427\" data-end=\"4696\">Mesmo com a agenda cheia de 2025, a Secretaria j\u00e1 trabalha no planejamento do pr\u00f3ximo ano. Segundo a secret\u00e1ria, 2026 ser\u00e1 ainda mais estruturado. Ela confirmou que o tradicional evento do <strong data-start=\"4616\" data-end=\"4627\">Congado<\/strong> j\u00e1 tem data e deve ganhar novo formato, mais amplo e representativo.<\/p>\n<p data-start=\"4698\" data-end=\"4811\">\u201c<strong data-start=\"4699\" data-end=\"4737\">N\u00f3s precisamos manter as tradi\u00e7\u00f5es<\/strong>\u201d, afirmou, refor\u00e7ando a miss\u00e3o de preservar a mem\u00f3ria cultural da cidade.<\/p>\n<p data-start=\"4813\" data-end=\"5030\">Ao longo da entrevista, ela repetiu que o trabalho \u00e9 cont\u00ednuo. \u201c<strong data-start=\"4877\" data-end=\"4913\">N\u00f3s estamos dando o nosso melhor<\/strong>\u201d, disse. O compromisso, segundo ela, envolve cultura, esporte, lazer e, principalmente, proximidade com a popula\u00e7\u00e3o.<\/p>\n<hr data-start=\"5032\" data-end=\"5035\" \/>\n<h2 data-start=\"5037\" data-end=\"5070\"><strong data-start=\"5040\" data-end=\"5070\">Um Convite Para Participar<\/strong><\/h2>\n<p data-start=\"5072\" data-end=\"5220\">No encerramento, a secret\u00e1ria refor\u00e7ou o convite:<br data-start=\"5121\" data-end=\"5124\" \/><strong data-start=\"5124\" data-end=\"5219\">\u201cA popula\u00e7\u00e3o est\u00e1 convidada a participar e prestigiar. A tend\u00eancia \u00e9 fazer cada vez melhor\u201d<\/strong>.<\/p>\n<p data-start=\"5222\" data-end=\"5407\">O rep\u00f3rter Carlos Roberto Sodr\u00e9 agradeceu a presen\u00e7a e destacou a import\u00e2ncia de celebrar Ary Barroso, a cultura ubaense e todas as pessoas que constroem a hist\u00f3ria local todos os dias.<\/p>\n<p data-start=\"5409\" data-end=\"5548\">A INDICCA.COM registrou o conte\u00fado com aten\u00e7\u00e3o aos detalhes culturais e sociais, valorizando cada fala e cada a\u00e7\u00e3o comentada na entrevista.<\/p>\n<p><iframe title=\"Fala Sodr\u00e9: a Secret\u00e1ria de Cultura Alessandra Labanca traz a agenda cultural da semana 27\/11\/2025\" width=\"840\" height=\"473\" data-src=\"https:\/\/www.youtube.com\/embed\/5lS3FGP7INI?feature=oembed\" frameborder=\"0\" allow=\"accelerometer; autoplay; clipboard-write; encrypted-media; gyroscope; picture-in-picture; web-share\" referrerpolicy=\"strict-origin-when-cross-origin\" allowfullscreen src=\"data:image\/svg+xml;base64,PHN2ZyB3aWR0aD0iMSIgaGVpZ2h0PSIxIiB4bWxucz0iaHR0cDovL3d3dy53My5vcmcvMjAwMC9zdmciPjwvc3ZnPg==\" class=\"lazyload\" data-load-mode=\"1\"><\/iframe><\/p>\n<p style=\"margin: 0in; font-size: 20.0pt;\"><span style=\"font-family: 'Segoe UI Emoji';\">&#x1f4da; <\/span><span style=\"font-weight: bold; font-family: Calibri;\">Cobertura:<\/span><span style=\"font-family: Calibri;\"> Carlos Roberto Sodr\u00e9 <\/span><a href=\"https:\/\/wa.me\/553298481334\"><span style=\"font-family: Calibri;\">WhatsApp<\/span><\/a><\/p>\n<p style=\"margin: 0in; font-size: 20.0pt;\"><span style=\"font-family: 'Segoe UI Emoji';\">&#x1f4f8; <\/span><span style=\"font-weight: bold; font-family: Calibri;\">Imagens:<\/span><span style=\"font-family: Calibri;\"> Laisa Sodr\u00e9<\/span><\/p>\n<p style=\"margin: 0in; font-size: 20.0pt;\"><span style=\"font-family: 'Segoe UI Emoji';\">&#x1f4dd; <\/span><span style=\"font-weight: bold; font-family: Calibri;\">Conte\u00fado: <\/span><a href=\"https:\/\/www.linkedin.com\/in\/pedrohgf\/\"><span style=\"font-family: Calibri;\">Pedro Henriques<\/span><\/a><span style=\"font-family: Calibri;\"> \u2013 <\/span><a href=\"https:\/\/indicca.com.br\/blog\/\"><span style=\"font-family: Calibri;\">INDICCA.COM<\/span><\/a><span style=\"font-family: Calibri;\">\u00a0 <\/span><a href=\"https:\/\/wa.me\/5532988020057\"><span style=\"font-family: Calibri;\">WhatsApp<\/span><\/a><\/p>\n<p style=\"margin: 0in; font-size: 20.0pt;\"><span style=\"font-family: 'Segoe UI Emoji';\">&#x1f393; <\/span><span style=\"font-weight: bold; font-family: Calibri;\">Evento: Celebra\u00e7\u00e3o, Cultura e Futuro: A Secretaria de Cultura e Turismo Detalha as Festividades em Homenagem a Ary Barroso e os Planos para 2026<\/span><\/p>\n<p data-start=\"5409\" data-end=\"5548\">\n","protected":false},"excerpt":{"rendered":"<p>Celebra\u00e7\u00e3o, Cultura e Futuro: A Secretaria de Cultura e Turismo<\/p>\n","protected":false},"author":4,"featured_media":23446,"comment_status":"open","ping_status":"open","sticky":false,"template":"","format":"standard","meta":{"footnotes":""},"categories":[1,3],"tags":[140,96,235,59,236,237],"class_list":["post-23445","post","type-post","status-publish","format-standard","has-post-thumbnail","hentry","category-sem-categoria","category-slide","tag-alessandra-labanca","tag-ary-barroso","tag-expectativa-para-o-natal-2025","tag-fala-sodre","tag-natal-2025","tag-secretaria-de-cultura"],"yoast_head":"<!-- This site is optimized with the Yoast SEO plugin v27.2 - https:\/\/yoast.com\/product\/yoast-seo-wordpress\/ -->\n<title>Celebra\u00e7\u00e3o, Cultura e Futuro - Ub\u00e1 News<\/title>\n<meta name=\"description\" content=\"Celebra\u00e7\u00e3o, Cultura e Futuro: A Secretaria de Cultura e Turismo Detalha as Festividades em Homenagem a Ary Barroso e os Planos para 2026\" \/>\n<meta name=\"robots\" content=\"index, follow, max-snippet:-1, max-image-preview:large, max-video-preview:-1\" \/>\n<link rel=\"canonical\" href=\"https:\/\/ubanews.com\/site\/2025\/11\/28\/celebracao-cultura-e-futuro\/\" \/>\n<meta property=\"og:locale\" content=\"pt_BR\" \/>\n<meta property=\"og:type\" content=\"article\" \/>\n<meta property=\"og:title\" content=\"Celebra\u00e7\u00e3o, Cultura e Futuro - Ub\u00e1 News\" \/>\n<meta property=\"og:description\" content=\"Celebra\u00e7\u00e3o, Cultura e Futuro: A Secretaria de Cultura e Turismo Detalha as Festividades em Homenagem a Ary Barroso e os Planos para 2026\" \/>\n<meta property=\"og:url\" content=\"https:\/\/ubanews.com\/site\/2025\/11\/28\/celebracao-cultura-e-futuro\/\" \/>\n<meta property=\"og:site_name\" content=\"Ub\u00e1 News\" \/>\n<meta property=\"article:publisher\" content=\"https:\/\/www.facebook.com\/Ub%c3%a1News-Carlos-Roberto-Sodr%c3%a9-418778301977370\" \/>\n<meta property=\"article:published_time\" content=\"2025-11-28T13:07:57+00:00\" \/>\n<meta property=\"og:image\" content=\"https:\/\/ubanews.com\/site\/wp-content\/uploads\/2025\/11\/Fala-Sodre-com-Alessandra-Labanca.jpg\" \/>\n\t<meta property=\"og:image:width\" content=\"379\" \/>\n\t<meta property=\"og:image:height\" content=\"204\" \/>\n\t<meta property=\"og:image:type\" content=\"image\/jpeg\" \/>\n<meta name=\"author\" content=\"Carlos Roberto Sodr\u00e9\" \/>\n<meta name=\"twitter:card\" content=\"summary_large_image\" \/>\n<meta name=\"twitter:label1\" content=\"Escrito por\" \/>\n\t<meta name=\"twitter:data1\" content=\"Carlos Roberto Sodr\u00e9\" \/>\n\t<meta name=\"twitter:label2\" content=\"Est. tempo de leitura\" \/>\n\t<meta name=\"twitter:data2\" content=\"6 minutos\" \/>\n<script type=\"application\/ld+json\" class=\"yoast-schema-graph\">{\"@context\":\"https:\/\/schema.org\",\"@graph\":[{\"@type\":\"Article\",\"@id\":\"https:\/\/ubanews.com\/site\/2025\/11\/28\/celebracao-cultura-e-futuro\/#article\",\"isPartOf\":{\"@id\":\"https:\/\/ubanews.com\/site\/2025\/11\/28\/celebracao-cultura-e-futuro\/\"},\"author\":{\"name\":\"Carlos Roberto Sodr\u00e9\",\"@id\":\"https:\/\/ubanews.com\/site\/#\/schema\/person\/9d8da9ec3c8d00640ab6e8c81e103310\"},\"headline\":\"Celebra\u00e7\u00e3o, Cultura e Futuro\",\"datePublished\":\"2025-11-28T13:07:57+00:00\",\"mainEntityOfPage\":{\"@id\":\"https:\/\/ubanews.com\/site\/2025\/11\/28\/celebracao-cultura-e-futuro\/\"},\"wordCount\":973,\"commentCount\":0,\"publisher\":{\"@id\":\"https:\/\/ubanews.com\/site\/#organization\"},\"image\":{\"@id\":\"https:\/\/ubanews.com\/site\/2025\/11\/28\/celebracao-cultura-e-futuro\/#primaryimage\"},\"thumbnailUrl\":\"https:\/\/ubanews.com\/site\/wp-content\/uploads\/2025\/11\/Fala-Sodre-com-Alessandra-Labanca.jpg\",\"keywords\":[\"Alessandra Labanca\",\"Ary Barroso\",\"Expectativa para o Natal 2025\",\"Fala Sodr\u00e9\",\"Natal 2025\",\"Secretaria de Cultura\"],\"articleSection\":[\"Geral\",\"Slide\"],\"inLanguage\":\"pt-BR\",\"potentialAction\":[{\"@type\":\"CommentAction\",\"name\":\"Comment\",\"target\":[\"https:\/\/ubanews.com\/site\/2025\/11\/28\/celebracao-cultura-e-futuro\/#respond\"]}]},{\"@type\":\"WebPage\",\"@id\":\"https:\/\/ubanews.com\/site\/2025\/11\/28\/celebracao-cultura-e-futuro\/\",\"url\":\"https:\/\/ubanews.com\/site\/2025\/11\/28\/celebracao-cultura-e-futuro\/\",\"name\":\"Celebra\u00e7\u00e3o, Cultura e Futuro - Ub\u00e1 News\",\"isPartOf\":{\"@id\":\"https:\/\/ubanews.com\/site\/#website\"},\"primaryImageOfPage\":{\"@id\":\"https:\/\/ubanews.com\/site\/2025\/11\/28\/celebracao-cultura-e-futuro\/#primaryimage\"},\"image\":{\"@id\":\"https:\/\/ubanews.com\/site\/2025\/11\/28\/celebracao-cultura-e-futuro\/#primaryimage\"},\"thumbnailUrl\":\"https:\/\/ubanews.com\/site\/wp-content\/uploads\/2025\/11\/Fala-Sodre-com-Alessandra-Labanca.jpg\",\"datePublished\":\"2025-11-28T13:07:57+00:00\",\"description\":\"Celebra\u00e7\u00e3o, Cultura e Futuro: A Secretaria de Cultura e Turismo Detalha as Festividades em Homenagem a Ary Barroso e os Planos para 2026\",\"breadcrumb\":{\"@id\":\"https:\/\/ubanews.com\/site\/2025\/11\/28\/celebracao-cultura-e-futuro\/#breadcrumb\"},\"inLanguage\":\"pt-BR\",\"potentialAction\":[{\"@type\":\"ReadAction\",\"target\":[\"https:\/\/ubanews.com\/site\/2025\/11\/28\/celebracao-cultura-e-futuro\/\"]}]},{\"@type\":\"ImageObject\",\"inLanguage\":\"pt-BR\",\"@id\":\"https:\/\/ubanews.com\/site\/2025\/11\/28\/celebracao-cultura-e-futuro\/#primaryimage\",\"url\":\"https:\/\/ubanews.com\/site\/wp-content\/uploads\/2025\/11\/Fala-Sodre-com-Alessandra-Labanca.jpg\",\"contentUrl\":\"https:\/\/ubanews.com\/site\/wp-content\/uploads\/2025\/11\/Fala-Sodre-com-Alessandra-Labanca.jpg\",\"width\":379,\"height\":204,\"caption\":\"Alessandra Labanca esteve no Fala Sodre para contar do trabalho e das expectativas.\"},{\"@type\":\"BreadcrumbList\",\"@id\":\"https:\/\/ubanews.com\/site\/2025\/11\/28\/celebracao-cultura-e-futuro\/#breadcrumb\",\"itemListElement\":[{\"@type\":\"ListItem\",\"position\":1,\"name\":\"Home\",\"item\":\"https:\/\/ubanews.com\/site\/\"},{\"@type\":\"ListItem\",\"position\":2,\"name\":\"Celebra\u00e7\u00e3o, Cultura e Futuro\"}]},{\"@type\":\"WebSite\",\"@id\":\"https:\/\/ubanews.com\/site\/#website\",\"url\":\"https:\/\/ubanews.com\/site\/\",\"name\":\"Ub\u00e1 News\",\"description\":\"\",\"publisher\":{\"@id\":\"https:\/\/ubanews.com\/site\/#organization\"},\"potentialAction\":[{\"@type\":\"SearchAction\",\"target\":{\"@type\":\"EntryPoint\",\"urlTemplate\":\"https:\/\/ubanews.com\/site\/?s={search_term_string}\"},\"query-input\":{\"@type\":\"PropertyValueSpecification\",\"valueRequired\":true,\"valueName\":\"search_term_string\"}}],\"inLanguage\":\"pt-BR\"},{\"@type\":\"Organization\",\"@id\":\"https:\/\/ubanews.com\/site\/#organization\",\"name\":\"Ub\u00e1 News\",\"url\":\"https:\/\/ubanews.com\/site\/\",\"logo\":{\"@type\":\"ImageObject\",\"inLanguage\":\"pt-BR\",\"@id\":\"https:\/\/ubanews.com\/site\/#\/schema\/logo\/image\/\",\"url\":\"https:\/\/ubanews.com\/site\/wp-content\/uploads\/2018\/01\/logoubanews.png\",\"contentUrl\":\"https:\/\/ubanews.com\/site\/wp-content\/uploads\/2018\/01\/logoubanews.png\",\"width\":261,\"height\":99,\"caption\":\"Ub\u00e1 News\"},\"image\":{\"@id\":\"https:\/\/ubanews.com\/site\/#\/schema\/logo\/image\/\"},\"sameAs\":[\"https:\/\/www.facebook.com\/Ub\u00e1News-Carlos-Roberto-Sodr\u00e9-418778301977370\"]},{\"@type\":\"Person\",\"@id\":\"https:\/\/ubanews.com\/site\/#\/schema\/person\/9d8da9ec3c8d00640ab6e8c81e103310\",\"name\":\"Carlos Roberto Sodr\u00e9\",\"image\":{\"@type\":\"ImageObject\",\"inLanguage\":\"pt-BR\",\"@id\":\"https:\/\/secure.gravatar.com\/avatar\/aab322e8555b56c468614fafdab8a8f924e394cdc6cfd8232f77e9e4d123a133?s=96&d=mm&r=g\",\"url\":\"https:\/\/secure.gravatar.com\/avatar\/aab322e8555b56c468614fafdab8a8f924e394cdc6cfd8232f77e9e4d123a133?s=96&d=mm&r=g\",\"contentUrl\":\"https:\/\/secure.gravatar.com\/avatar\/aab322e8555b56c468614fafdab8a8f924e394cdc6cfd8232f77e9e4d123a133?s=96&d=mm&r=g\",\"caption\":\"Carlos Roberto Sodr\u00e9\"},\"url\":\"https:\/\/ubanews.com\/site\/author\/sodre\/\"}]}<\/script>\n<!-- \/ Yoast SEO plugin. -->","yoast_head_json":{"title":"Celebra\u00e7\u00e3o, Cultura e Futuro - Ub\u00e1 News","description":"Celebra\u00e7\u00e3o, Cultura e Futuro: A Secretaria de Cultura e Turismo Detalha as Festividades em Homenagem a Ary Barroso e os Planos para 2026","robots":{"index":"index","follow":"follow","max-snippet":"max-snippet:-1","max-image-preview":"max-image-preview:large","max-video-preview":"max-video-preview:-1"},"canonical":"https:\/\/ubanews.com\/site\/2025\/11\/28\/celebracao-cultura-e-futuro\/","og_locale":"pt_BR","og_type":"article","og_title":"Celebra\u00e7\u00e3o, Cultura e Futuro - Ub\u00e1 News","og_description":"Celebra\u00e7\u00e3o, Cultura e Futuro: A Secretaria de Cultura e Turismo Detalha as Festividades em Homenagem a Ary Barroso e os Planos para 2026","og_url":"https:\/\/ubanews.com\/site\/2025\/11\/28\/celebracao-cultura-e-futuro\/","og_site_name":"Ub\u00e1 News","article_publisher":"https:\/\/www.facebook.com\/Ub%c3%a1News-Carlos-Roberto-Sodr%c3%a9-418778301977370","article_published_time":"2025-11-28T13:07:57+00:00","og_image":[{"width":379,"height":204,"url":"https:\/\/ubanews.com\/site\/wp-content\/uploads\/2025\/11\/Fala-Sodre-com-Alessandra-Labanca.jpg","type":"image\/jpeg"}],"author":"Carlos Roberto Sodr\u00e9","twitter_card":"summary_large_image","twitter_misc":{"Escrito por":"Carlos Roberto Sodr\u00e9","Est. tempo de leitura":"6 minutos"},"schema":{"@context":"https:\/\/schema.org","@graph":[{"@type":"Article","@id":"https:\/\/ubanews.com\/site\/2025\/11\/28\/celebracao-cultura-e-futuro\/#article","isPartOf":{"@id":"https:\/\/ubanews.com\/site\/2025\/11\/28\/celebracao-cultura-e-futuro\/"},"author":{"name":"Carlos Roberto Sodr\u00e9","@id":"https:\/\/ubanews.com\/site\/#\/schema\/person\/9d8da9ec3c8d00640ab6e8c81e103310"},"headline":"Celebra\u00e7\u00e3o, Cultura e Futuro","datePublished":"2025-11-28T13:07:57+00:00","mainEntityOfPage":{"@id":"https:\/\/ubanews.com\/site\/2025\/11\/28\/celebracao-cultura-e-futuro\/"},"wordCount":973,"commentCount":0,"publisher":{"@id":"https:\/\/ubanews.com\/site\/#organization"},"image":{"@id":"https:\/\/ubanews.com\/site\/2025\/11\/28\/celebracao-cultura-e-futuro\/#primaryimage"},"thumbnailUrl":"https:\/\/ubanews.com\/site\/wp-content\/uploads\/2025\/11\/Fala-Sodre-com-Alessandra-Labanca.jpg","keywords":["Alessandra Labanca","Ary Barroso","Expectativa para o Natal 2025","Fala Sodr\u00e9","Natal 2025","Secretaria de Cultura"],"articleSection":["Geral","Slide"],"inLanguage":"pt-BR","potentialAction":[{"@type":"CommentAction","name":"Comment","target":["https:\/\/ubanews.com\/site\/2025\/11\/28\/celebracao-cultura-e-futuro\/#respond"]}]},{"@type":"WebPage","@id":"https:\/\/ubanews.com\/site\/2025\/11\/28\/celebracao-cultura-e-futuro\/","url":"https:\/\/ubanews.com\/site\/2025\/11\/28\/celebracao-cultura-e-futuro\/","name":"Celebra\u00e7\u00e3o, Cultura e Futuro - Ub\u00e1 News","isPartOf":{"@id":"https:\/\/ubanews.com\/site\/#website"},"primaryImageOfPage":{"@id":"https:\/\/ubanews.com\/site\/2025\/11\/28\/celebracao-cultura-e-futuro\/#primaryimage"},"image":{"@id":"https:\/\/ubanews.com\/site\/2025\/11\/28\/celebracao-cultura-e-futuro\/#primaryimage"},"thumbnailUrl":"https:\/\/ubanews.com\/site\/wp-content\/uploads\/2025\/11\/Fala-Sodre-com-Alessandra-Labanca.jpg","datePublished":"2025-11-28T13:07:57+00:00","description":"Celebra\u00e7\u00e3o, Cultura e Futuro: A Secretaria de Cultura e Turismo Detalha as Festividades em Homenagem a Ary Barroso e os Planos para 2026","breadcrumb":{"@id":"https:\/\/ubanews.com\/site\/2025\/11\/28\/celebracao-cultura-e-futuro\/#breadcrumb"},"inLanguage":"pt-BR","potentialAction":[{"@type":"ReadAction","target":["https:\/\/ubanews.com\/site\/2025\/11\/28\/celebracao-cultura-e-futuro\/"]}]},{"@type":"ImageObject","inLanguage":"pt-BR","@id":"https:\/\/ubanews.com\/site\/2025\/11\/28\/celebracao-cultura-e-futuro\/#primaryimage","url":"https:\/\/ubanews.com\/site\/wp-content\/uploads\/2025\/11\/Fala-Sodre-com-Alessandra-Labanca.jpg","contentUrl":"https:\/\/ubanews.com\/site\/wp-content\/uploads\/2025\/11\/Fala-Sodre-com-Alessandra-Labanca.jpg","width":379,"height":204,"caption":"Alessandra Labanca esteve no Fala Sodre para contar do trabalho e das expectativas."},{"@type":"BreadcrumbList","@id":"https:\/\/ubanews.com\/site\/2025\/11\/28\/celebracao-cultura-e-futuro\/#breadcrumb","itemListElement":[{"@type":"ListItem","position":1,"name":"Home","item":"https:\/\/ubanews.com\/site\/"},{"@type":"ListItem","position":2,"name":"Celebra\u00e7\u00e3o, Cultura e Futuro"}]},{"@type":"WebSite","@id":"https:\/\/ubanews.com\/site\/#website","url":"https:\/\/ubanews.com\/site\/","name":"Ub\u00e1 News","description":"","publisher":{"@id":"https:\/\/ubanews.com\/site\/#organization"},"potentialAction":[{"@type":"SearchAction","target":{"@type":"EntryPoint","urlTemplate":"https:\/\/ubanews.com\/site\/?s={search_term_string}"},"query-input":{"@type":"PropertyValueSpecification","valueRequired":true,"valueName":"search_term_string"}}],"inLanguage":"pt-BR"},{"@type":"Organization","@id":"https:\/\/ubanews.com\/site\/#organization","name":"Ub\u00e1 News","url":"https:\/\/ubanews.com\/site\/","logo":{"@type":"ImageObject","inLanguage":"pt-BR","@id":"https:\/\/ubanews.com\/site\/#\/schema\/logo\/image\/","url":"https:\/\/ubanews.com\/site\/wp-content\/uploads\/2018\/01\/logoubanews.png","contentUrl":"https:\/\/ubanews.com\/site\/wp-content\/uploads\/2018\/01\/logoubanews.png","width":261,"height":99,"caption":"Ub\u00e1 News"},"image":{"@id":"https:\/\/ubanews.com\/site\/#\/schema\/logo\/image\/"},"sameAs":["https:\/\/www.facebook.com\/Ub\u00e1News-Carlos-Roberto-Sodr\u00e9-418778301977370"]},{"@type":"Person","@id":"https:\/\/ubanews.com\/site\/#\/schema\/person\/9d8da9ec3c8d00640ab6e8c81e103310","name":"Carlos Roberto Sodr\u00e9","image":{"@type":"ImageObject","inLanguage":"pt-BR","@id":"https:\/\/secure.gravatar.com\/avatar\/aab322e8555b56c468614fafdab8a8f924e394cdc6cfd8232f77e9e4d123a133?s=96&d=mm&r=g","url":"https:\/\/secure.gravatar.com\/avatar\/aab322e8555b56c468614fafdab8a8f924e394cdc6cfd8232f77e9e4d123a133?s=96&d=mm&r=g","contentUrl":"https:\/\/secure.gravatar.com\/avatar\/aab322e8555b56c468614fafdab8a8f924e394cdc6cfd8232f77e9e4d123a133?s=96&d=mm&r=g","caption":"Carlos Roberto Sodr\u00e9"},"url":"https:\/\/ubanews.com\/site\/author\/sodre\/"}]}},"_links":{"self":[{"href":"https:\/\/ubanews.com\/site\/wp-json\/wp\/v2\/posts\/23445","targetHints":{"allow":["GET"]}}],"collection":[{"href":"https:\/\/ubanews.com\/site\/wp-json\/wp\/v2\/posts"}],"about":[{"href":"https:\/\/ubanews.com\/site\/wp-json\/wp\/v2\/types\/post"}],"author":[{"embeddable":true,"href":"https:\/\/ubanews.com\/site\/wp-json\/wp\/v2\/users\/4"}],"replies":[{"embeddable":true,"href":"https:\/\/ubanews.com\/site\/wp-json\/wp\/v2\/comments?post=23445"}],"version-history":[{"count":0,"href":"https:\/\/ubanews.com\/site\/wp-json\/wp\/v2\/posts\/23445\/revisions"}],"wp:featuredmedia":[{"embeddable":true,"href":"https:\/\/ubanews.com\/site\/wp-json\/wp\/v2\/media\/23446"}],"wp:attachment":[{"href":"https:\/\/ubanews.com\/site\/wp-json\/wp\/v2\/media?parent=23445"}],"wp:term":[{"taxonomy":"category","embeddable":true,"href":"https:\/\/ubanews.com\/site\/wp-json\/wp\/v2\/categories?post=23445"},{"taxonomy":"post_tag","embeddable":true,"href":"https:\/\/ubanews.com\/site\/wp-json\/wp\/v2\/tags?post=23445"}],"curies":[{"name":"wp","href":"https:\/\/api.w.org\/{rel}","templated":true}]}}