{"id":23430,"date":"2025-11-24T13:29:41","date_gmt":"2025-11-24T16:29:41","guid":{"rendered":"https:\/\/ubanews.com\/site\/?p=23430"},"modified":"2025-11-24T13:30:52","modified_gmt":"2025-11-24T16:30:52","slug":"a-policia-civil-de-minas-gerais-concluiu-o-inquerito-policial-advogado-marcelo-mendonca","status":"publish","type":"post","link":"https:\/\/ubanews.com\/site\/2025\/11\/24\/a-policia-civil-de-minas-gerais-concluiu-o-inquerito-policial-advogado-marcelo-mendonca\/","title":{"rendered":"A Pol\u00edcia Civil de Minas Gerais concluiu o inqu\u00e9rito policial que apurou o homic\u00eddio do advogado Marcelo Mendon\u00e7a"},"content":{"rendered":"<p>A Pol\u00edcia Civil de Minas Gerais concluiu o inqu\u00e9rito policial que apurou o homic\u00eddio do advogado Marcelo Mendon\u00e7a<\/p>\n<p>A Pol\u00edcia Civil de Minas Gerais (PCMG) informa que concluiu, nesta segunda-feira (24\/11), o inqu\u00e9rito policial que apurou o homic\u00eddio do advogado Marcelo Mendon\u00e7a, de 43 anos, ocorrido em 14 de novembro, em Vi\u00e7osa, na Zona da Mata.<br \/>\nDe acordo com o delegado respons\u00e1vel pelas investiga\u00e7\u00f5es, Mois\u00e9s Albuquerque, o suspeito, de 53 anos, foi indiciado pelo crime de homic\u00eddio duplamente qualificado por motivo f\u00fatil e por meio que tornou imposs\u00edvel a defesa da v\u00edtima.<br \/>\nO procedimento foi encaminhado ao Poder Judici\u00e1rio para prosseguimento da a\u00e7\u00e3o penal.<\/p>\n<div style=\"width: 840px;\" class=\"wp-video\"><video class=\"wp-video-shortcode\" id=\"video-23430-1\" width=\"840\" height=\"388\" preload=\"metadata\" controls=\"controls\"><source type=\"video\/mp4\" src=\"https:\/\/ubanews.com\/site\/wp-content\/uploads\/2025\/11\/Fato-Policial-1.mp4?_=1\" \/><a href=\"https:\/\/ubanews.com\/site\/wp-content\/uploads\/2025\/11\/Fato-Policial-1.mp4\">https:\/\/ubanews.com\/site\/wp-content\/uploads\/2025\/11\/Fato-Policial-1.mp4<\/a><\/video><\/div>\n<div style=\"width: 840px;\" class=\"wp-video\"><video class=\"wp-video-shortcode\" id=\"video-23430-2\" width=\"840\" height=\"388\" preload=\"metadata\" controls=\"controls\"><source type=\"video\/mp4\" src=\"https:\/\/ubanews.com\/site\/wp-content\/uploads\/2025\/11\/Fato-Policial-2.mp4?_=2\" \/><a href=\"https:\/\/ubanews.com\/site\/wp-content\/uploads\/2025\/11\/Fato-Policial-2.mp4\">https:\/\/ubanews.com\/site\/wp-content\/uploads\/2025\/11\/Fato-Policial-2.mp4<\/a><\/video><\/div>\n<div style=\"width: 840px;\" class=\"wp-video\"><video class=\"wp-video-shortcode\" id=\"video-23430-3\" width=\"840\" height=\"388\" preload=\"metadata\" controls=\"controls\"><source type=\"video\/mp4\" src=\"https:\/\/ubanews.com\/site\/wp-content\/uploads\/2025\/11\/Fato-policial-3.mp4?_=3\" \/><a href=\"https:\/\/ubanews.com\/site\/wp-content\/uploads\/2025\/11\/Fato-policial-3.mp4\">https:\/\/ubanews.com\/site\/wp-content\/uploads\/2025\/11\/Fato-policial-3.mp4<\/a><\/video><\/div>\n","protected":false},"excerpt":{"rendered":"<p>A Pol\u00edcia Civil de Minas Gerais concluiu o inqu\u00e9rito policial<\/p>\n","protected":false},"author":4,"featured_media":23179,"comment_status":"open","ping_status":"open","sticky":false,"template":"","format":"standard","meta":{"footnotes":""},"categories":[1],"tags":[188],"class_list":["post-23430","post","type-post","status-publish","format-standard","has-post-thumbnail","hentry","category-sem-categoria","tag-fato-policial"],"yoast_head":"<!-- This site is optimized with the Yoast SEO plugin v27.2 - https:\/\/yoast.com\/product\/yoast-seo-wordpress\/ -->\n<title>A Pol\u00edcia Civil de Minas Gerais concluiu o inqu\u00e9rito policial que apurou o homic\u00eddio do advogado Marcelo Mendon\u00e7a - Ub\u00e1 News<\/title>\n<meta name=\"description\" content=\"A Pol\u00edcia Civil de Minas Gerais concluiu o inqu\u00e9rito policial que apurou o homic\u00eddio do advogado Marcelo Mendon\u00e7a\" \/>\n<meta name=\"robots\" content=\"index, follow, max-snippet:-1, max-image-preview:large, max-video-preview:-1\" \/>\n<link rel=\"canonical\" href=\"https:\/\/ubanews.com\/site\/2025\/11\/24\/a-policia-civil-de-minas-gerais-concluiu-o-inquerito-policial-advogado-marcelo-mendonca\/\" \/>\n<meta property=\"og:locale\" content=\"pt_BR\" \/>\n<meta property=\"og:type\" content=\"article\" \/>\n<meta property=\"og:title\" content=\"A Pol\u00edcia Civil de Minas Gerais concluiu o inqu\u00e9rito policial que apurou o homic\u00eddio do advogado Marcelo Mendon\u00e7a - Ub\u00e1 News\" \/>\n<meta property=\"og:description\" content=\"A Pol\u00edcia Civil de Minas Gerais concluiu o inqu\u00e9rito policial que apurou o homic\u00eddio do advogado Marcelo Mendon\u00e7a\" \/>\n<meta property=\"og:url\" content=\"https:\/\/ubanews.com\/site\/2025\/11\/24\/a-policia-civil-de-minas-gerais-concluiu-o-inquerito-policial-advogado-marcelo-mendonca\/\" \/>\n<meta property=\"og:site_name\" content=\"Ub\u00e1 News\" \/>\n<meta property=\"article:publisher\" content=\"https:\/\/www.facebook.com\/Ub%c3%a1News-Carlos-Roberto-Sodr%c3%a9-418778301977370\" \/>\n<meta property=\"article:published_time\" content=\"2025-11-24T16:29:41+00:00\" \/>\n<meta property=\"article:modified_time\" content=\"2025-11-24T16:30:52+00:00\" \/>\n<meta property=\"og:image\" content=\"https:\/\/ubanews.com\/site\/wp-content\/uploads\/2025\/10\/Fala-Sodre-Policia-Militar-2.jpg\" \/>\n\t<meta property=\"og:image:width\" content=\"1280\" \/>\n\t<meta property=\"og:image:height\" content=\"960\" \/>\n\t<meta property=\"og:image:type\" content=\"image\/jpeg\" \/>\n<meta name=\"author\" content=\"Carlos Roberto Sodr\u00e9\" \/>\n<meta name=\"twitter:card\" content=\"summary_large_image\" \/>\n<meta name=\"twitter:label1\" content=\"Escrito por\" \/>\n\t<meta name=\"twitter:data1\" content=\"Carlos Roberto Sodr\u00e9\" \/>\n\t<meta name=\"twitter:label2\" content=\"Est. tempo de leitura\" \/>\n\t<meta name=\"twitter:data2\" content=\"1 minuto\" \/>\n<script type=\"application\/ld+json\" class=\"yoast-schema-graph\">{\"@context\":\"https:\/\/schema.org\",\"@graph\":[{\"@type\":\"Article\",\"@id\":\"https:\/\/ubanews.com\/site\/2025\/11\/24\/a-policia-civil-de-minas-gerais-concluiu-o-inquerito-policial-advogado-marcelo-mendonca\/#article\",\"isPartOf\":{\"@id\":\"https:\/\/ubanews.com\/site\/2025\/11\/24\/a-policia-civil-de-minas-gerais-concluiu-o-inquerito-policial-advogado-marcelo-mendonca\/\"},\"author\":{\"name\":\"Carlos Roberto Sodr\u00e9\",\"@id\":\"https:\/\/ubanews.com\/site\/#\/schema\/person\/9d8da9ec3c8d00640ab6e8c81e103310\"},\"headline\":\"A Pol\u00edcia Civil de Minas Gerais concluiu o inqu\u00e9rito policial que apurou o homic\u00eddio do advogado Marcelo Mendon\u00e7a\",\"datePublished\":\"2025-11-24T16:29:41+00:00\",\"dateModified\":\"2025-11-24T16:30:52+00:00\",\"mainEntityOfPage\":{\"@id\":\"https:\/\/ubanews.com\/site\/2025\/11\/24\/a-policia-civil-de-minas-gerais-concluiu-o-inquerito-policial-advogado-marcelo-mendonca\/\"},\"wordCount\":179,\"commentCount\":0,\"publisher\":{\"@id\":\"https:\/\/ubanews.com\/site\/#organization\"},\"image\":{\"@id\":\"https:\/\/ubanews.com\/site\/2025\/11\/24\/a-policia-civil-de-minas-gerais-concluiu-o-inquerito-policial-advogado-marcelo-mendonca\/#primaryimage\"},\"thumbnailUrl\":\"https:\/\/ubanews.com\/site\/wp-content\/uploads\/2025\/10\/Fala-Sodre-Policia-Militar-2.jpg\",\"keywords\":[\"Fato Policial\"],\"articleSection\":[\"Geral\"],\"inLanguage\":\"pt-BR\",\"potentialAction\":[{\"@type\":\"CommentAction\",\"name\":\"Comment\",\"target\":[\"https:\/\/ubanews.com\/site\/2025\/11\/24\/a-policia-civil-de-minas-gerais-concluiu-o-inquerito-policial-advogado-marcelo-mendonca\/#respond\"]}]},{\"@type\":\"WebPage\",\"@id\":\"https:\/\/ubanews.com\/site\/2025\/11\/24\/a-policia-civil-de-minas-gerais-concluiu-o-inquerito-policial-advogado-marcelo-mendonca\/\",\"url\":\"https:\/\/ubanews.com\/site\/2025\/11\/24\/a-policia-civil-de-minas-gerais-concluiu-o-inquerito-policial-advogado-marcelo-mendonca\/\",\"name\":\"A Pol\u00edcia Civil de Minas Gerais concluiu o inqu\u00e9rito policial que apurou o homic\u00eddio do advogado Marcelo Mendon\u00e7a - Ub\u00e1 News\",\"isPartOf\":{\"@id\":\"https:\/\/ubanews.com\/site\/#website\"},\"primaryImageOfPage\":{\"@id\":\"https:\/\/ubanews.com\/site\/2025\/11\/24\/a-policia-civil-de-minas-gerais-concluiu-o-inquerito-policial-advogado-marcelo-mendonca\/#primaryimage\"},\"image\":{\"@id\":\"https:\/\/ubanews.com\/site\/2025\/11\/24\/a-policia-civil-de-minas-gerais-concluiu-o-inquerito-policial-advogado-marcelo-mendonca\/#primaryimage\"},\"thumbnailUrl\":\"https:\/\/ubanews.com\/site\/wp-content\/uploads\/2025\/10\/Fala-Sodre-Policia-Militar-2.jpg\",\"datePublished\":\"2025-11-24T16:29:41+00:00\",\"dateModified\":\"2025-11-24T16:30:52+00:00\",\"description\":\"A Pol\u00edcia Civil de Minas Gerais concluiu o inqu\u00e9rito policial que apurou o homic\u00eddio do advogado Marcelo Mendon\u00e7a\",\"breadcrumb\":{\"@id\":\"https:\/\/ubanews.com\/site\/2025\/11\/24\/a-policia-civil-de-minas-gerais-concluiu-o-inquerito-policial-advogado-marcelo-mendonca\/#breadcrumb\"},\"inLanguage\":\"pt-BR\",\"potentialAction\":[{\"@type\":\"ReadAction\",\"target\":[\"https:\/\/ubanews.com\/site\/2025\/11\/24\/a-policia-civil-de-minas-gerais-concluiu-o-inquerito-policial-advogado-marcelo-mendonca\/\"]}]},{\"@type\":\"ImageObject\",\"inLanguage\":\"pt-BR\",\"@id\":\"https:\/\/ubanews.com\/site\/2025\/11\/24\/a-policia-civil-de-minas-gerais-concluiu-o-inquerito-policial-advogado-marcelo-mendonca\/#primaryimage\",\"url\":\"https:\/\/ubanews.com\/site\/wp-content\/uploads\/2025\/10\/Fala-Sodre-Policia-Militar-2.jpg\",\"contentUrl\":\"https:\/\/ubanews.com\/site\/wp-content\/uploads\/2025\/10\/Fala-Sodre-Policia-Militar-2.jpg\",\"width\":1280,\"height\":960,\"caption\":\"Pol\u00edcia Civil\"},{\"@type\":\"BreadcrumbList\",\"@id\":\"https:\/\/ubanews.com\/site\/2025\/11\/24\/a-policia-civil-de-minas-gerais-concluiu-o-inquerito-policial-advogado-marcelo-mendonca\/#breadcrumb\",\"itemListElement\":[{\"@type\":\"ListItem\",\"position\":1,\"name\":\"Home\",\"item\":\"https:\/\/ubanews.com\/site\/\"},{\"@type\":\"ListItem\",\"position\":2,\"name\":\"A Pol\u00edcia Civil de Minas Gerais concluiu o inqu\u00e9rito policial que apurou o homic\u00eddio do advogado Marcelo Mendon\u00e7a\"}]},{\"@type\":\"WebSite\",\"@id\":\"https:\/\/ubanews.com\/site\/#website\",\"url\":\"https:\/\/ubanews.com\/site\/\",\"name\":\"Ub\u00e1 News\",\"description\":\"\",\"publisher\":{\"@id\":\"https:\/\/ubanews.com\/site\/#organization\"},\"potentialAction\":[{\"@type\":\"SearchAction\",\"target\":{\"@type\":\"EntryPoint\",\"urlTemplate\":\"https:\/\/ubanews.com\/site\/?s={search_term_string}\"},\"query-input\":{\"@type\":\"PropertyValueSpecification\",\"valueRequired\":true,\"valueName\":\"search_term_string\"}}],\"inLanguage\":\"pt-BR\"},{\"@type\":\"Organization\",\"@id\":\"https:\/\/ubanews.com\/site\/#organization\",\"name\":\"Ub\u00e1 News\",\"url\":\"https:\/\/ubanews.com\/site\/\",\"logo\":{\"@type\":\"ImageObject\",\"inLanguage\":\"pt-BR\",\"@id\":\"https:\/\/ubanews.com\/site\/#\/schema\/logo\/image\/\",\"url\":\"https:\/\/ubanews.com\/site\/wp-content\/uploads\/2018\/01\/logoubanews.png\",\"contentUrl\":\"https:\/\/ubanews.com\/site\/wp-content\/uploads\/2018\/01\/logoubanews.png\",\"width\":261,\"height\":99,\"caption\":\"Ub\u00e1 News\"},\"image\":{\"@id\":\"https:\/\/ubanews.com\/site\/#\/schema\/logo\/image\/\"},\"sameAs\":[\"https:\/\/www.facebook.com\/Ub\u00e1News-Carlos-Roberto-Sodr\u00e9-418778301977370\"]},{\"@type\":\"Person\",\"@id\":\"https:\/\/ubanews.com\/site\/#\/schema\/person\/9d8da9ec3c8d00640ab6e8c81e103310\",\"name\":\"Carlos Roberto Sodr\u00e9\",\"image\":{\"@type\":\"ImageObject\",\"inLanguage\":\"pt-BR\",\"@id\":\"https:\/\/secure.gravatar.com\/avatar\/aab322e8555b56c468614fafdab8a8f924e394cdc6cfd8232f77e9e4d123a133?s=96&d=mm&r=g\",\"url\":\"https:\/\/secure.gravatar.com\/avatar\/aab322e8555b56c468614fafdab8a8f924e394cdc6cfd8232f77e9e4d123a133?s=96&d=mm&r=g\",\"contentUrl\":\"https:\/\/secure.gravatar.com\/avatar\/aab322e8555b56c468614fafdab8a8f924e394cdc6cfd8232f77e9e4d123a133?s=96&d=mm&r=g\",\"caption\":\"Carlos Roberto Sodr\u00e9\"},\"url\":\"https:\/\/ubanews.com\/site\/author\/sodre\/\"}]}<\/script>\n<!-- \/ Yoast SEO plugin. -->","yoast_head_json":{"title":"A Pol\u00edcia Civil de Minas Gerais concluiu o inqu\u00e9rito policial que apurou o homic\u00eddio do advogado Marcelo Mendon\u00e7a - Ub\u00e1 News","description":"A Pol\u00edcia Civil de Minas Gerais concluiu o inqu\u00e9rito policial que apurou o homic\u00eddio do advogado Marcelo Mendon\u00e7a","robots":{"index":"index","follow":"follow","max-snippet":"max-snippet:-1","max-image-preview":"max-image-preview:large","max-video-preview":"max-video-preview:-1"},"canonical":"https:\/\/ubanews.com\/site\/2025\/11\/24\/a-policia-civil-de-minas-gerais-concluiu-o-inquerito-policial-advogado-marcelo-mendonca\/","og_locale":"pt_BR","og_type":"article","og_title":"A Pol\u00edcia Civil de Minas Gerais concluiu o inqu\u00e9rito policial que apurou o homic\u00eddio do advogado Marcelo Mendon\u00e7a - Ub\u00e1 News","og_description":"A Pol\u00edcia Civil de Minas Gerais concluiu o inqu\u00e9rito policial que apurou o homic\u00eddio do advogado Marcelo Mendon\u00e7a","og_url":"https:\/\/ubanews.com\/site\/2025\/11\/24\/a-policia-civil-de-minas-gerais-concluiu-o-inquerito-policial-advogado-marcelo-mendonca\/","og_site_name":"Ub\u00e1 News","article_publisher":"https:\/\/www.facebook.com\/Ub%c3%a1News-Carlos-Roberto-Sodr%c3%a9-418778301977370","article_published_time":"2025-11-24T16:29:41+00:00","article_modified_time":"2025-11-24T16:30:52+00:00","og_image":[{"width":1280,"height":960,"url":"https:\/\/ubanews.com\/site\/wp-content\/uploads\/2025\/10\/Fala-Sodre-Policia-Militar-2.jpg","type":"image\/jpeg"}],"author":"Carlos Roberto Sodr\u00e9","twitter_card":"summary_large_image","twitter_misc":{"Escrito por":"Carlos Roberto Sodr\u00e9","Est. tempo de leitura":"1 minuto"},"schema":{"@context":"https:\/\/schema.org","@graph":[{"@type":"Article","@id":"https:\/\/ubanews.com\/site\/2025\/11\/24\/a-policia-civil-de-minas-gerais-concluiu-o-inquerito-policial-advogado-marcelo-mendonca\/#article","isPartOf":{"@id":"https:\/\/ubanews.com\/site\/2025\/11\/24\/a-policia-civil-de-minas-gerais-concluiu-o-inquerito-policial-advogado-marcelo-mendonca\/"},"author":{"name":"Carlos Roberto Sodr\u00e9","@id":"https:\/\/ubanews.com\/site\/#\/schema\/person\/9d8da9ec3c8d00640ab6e8c81e103310"},"headline":"A Pol\u00edcia Civil de Minas Gerais concluiu o inqu\u00e9rito policial que apurou o homic\u00eddio do advogado Marcelo Mendon\u00e7a","datePublished":"2025-11-24T16:29:41+00:00","dateModified":"2025-11-24T16:30:52+00:00","mainEntityOfPage":{"@id":"https:\/\/ubanews.com\/site\/2025\/11\/24\/a-policia-civil-de-minas-gerais-concluiu-o-inquerito-policial-advogado-marcelo-mendonca\/"},"wordCount":179,"commentCount":0,"publisher":{"@id":"https:\/\/ubanews.com\/site\/#organization"},"image":{"@id":"https:\/\/ubanews.com\/site\/2025\/11\/24\/a-policia-civil-de-minas-gerais-concluiu-o-inquerito-policial-advogado-marcelo-mendonca\/#primaryimage"},"thumbnailUrl":"https:\/\/ubanews.com\/site\/wp-content\/uploads\/2025\/10\/Fala-Sodre-Policia-Militar-2.jpg","keywords":["Fato Policial"],"articleSection":["Geral"],"inLanguage":"pt-BR","potentialAction":[{"@type":"CommentAction","name":"Comment","target":["https:\/\/ubanews.com\/site\/2025\/11\/24\/a-policia-civil-de-minas-gerais-concluiu-o-inquerito-policial-advogado-marcelo-mendonca\/#respond"]}]},{"@type":"WebPage","@id":"https:\/\/ubanews.com\/site\/2025\/11\/24\/a-policia-civil-de-minas-gerais-concluiu-o-inquerito-policial-advogado-marcelo-mendonca\/","url":"https:\/\/ubanews.com\/site\/2025\/11\/24\/a-policia-civil-de-minas-gerais-concluiu-o-inquerito-policial-advogado-marcelo-mendonca\/","name":"A Pol\u00edcia Civil de Minas Gerais concluiu o inqu\u00e9rito policial que apurou o homic\u00eddio do advogado Marcelo Mendon\u00e7a - Ub\u00e1 News","isPartOf":{"@id":"https:\/\/ubanews.com\/site\/#website"},"primaryImageOfPage":{"@id":"https:\/\/ubanews.com\/site\/2025\/11\/24\/a-policia-civil-de-minas-gerais-concluiu-o-inquerito-policial-advogado-marcelo-mendonca\/#primaryimage"},"image":{"@id":"https:\/\/ubanews.com\/site\/2025\/11\/24\/a-policia-civil-de-minas-gerais-concluiu-o-inquerito-policial-advogado-marcelo-mendonca\/#primaryimage"},"thumbnailUrl":"https:\/\/ubanews.com\/site\/wp-content\/uploads\/2025\/10\/Fala-Sodre-Policia-Militar-2.jpg","datePublished":"2025-11-24T16:29:41+00:00","dateModified":"2025-11-24T16:30:52+00:00","description":"A Pol\u00edcia Civil de Minas Gerais concluiu o inqu\u00e9rito policial que apurou o homic\u00eddio do advogado Marcelo Mendon\u00e7a","breadcrumb":{"@id":"https:\/\/ubanews.com\/site\/2025\/11\/24\/a-policia-civil-de-minas-gerais-concluiu-o-inquerito-policial-advogado-marcelo-mendonca\/#breadcrumb"},"inLanguage":"pt-BR","potentialAction":[{"@type":"ReadAction","target":["https:\/\/ubanews.com\/site\/2025\/11\/24\/a-policia-civil-de-minas-gerais-concluiu-o-inquerito-policial-advogado-marcelo-mendonca\/"]}]},{"@type":"ImageObject","inLanguage":"pt-BR","@id":"https:\/\/ubanews.com\/site\/2025\/11\/24\/a-policia-civil-de-minas-gerais-concluiu-o-inquerito-policial-advogado-marcelo-mendonca\/#primaryimage","url":"https:\/\/ubanews.com\/site\/wp-content\/uploads\/2025\/10\/Fala-Sodre-Policia-Militar-2.jpg","contentUrl":"https:\/\/ubanews.com\/site\/wp-content\/uploads\/2025\/10\/Fala-Sodre-Policia-Militar-2.jpg","width":1280,"height":960,"caption":"Pol\u00edcia Civil"},{"@type":"BreadcrumbList","@id":"https:\/\/ubanews.com\/site\/2025\/11\/24\/a-policia-civil-de-minas-gerais-concluiu-o-inquerito-policial-advogado-marcelo-mendonca\/#breadcrumb","itemListElement":[{"@type":"ListItem","position":1,"name":"Home","item":"https:\/\/ubanews.com\/site\/"},{"@type":"ListItem","position":2,"name":"A Pol\u00edcia Civil de Minas Gerais concluiu o inqu\u00e9rito policial que apurou o homic\u00eddio do advogado Marcelo Mendon\u00e7a"}]},{"@type":"WebSite","@id":"https:\/\/ubanews.com\/site\/#website","url":"https:\/\/ubanews.com\/site\/","name":"Ub\u00e1 News","description":"","publisher":{"@id":"https:\/\/ubanews.com\/site\/#organization"},"potentialAction":[{"@type":"SearchAction","target":{"@type":"EntryPoint","urlTemplate":"https:\/\/ubanews.com\/site\/?s={search_term_string}"},"query-input":{"@type":"PropertyValueSpecification","valueRequired":true,"valueName":"search_term_string"}}],"inLanguage":"pt-BR"},{"@type":"Organization","@id":"https:\/\/ubanews.com\/site\/#organization","name":"Ub\u00e1 News","url":"https:\/\/ubanews.com\/site\/","logo":{"@type":"ImageObject","inLanguage":"pt-BR","@id":"https:\/\/ubanews.com\/site\/#\/schema\/logo\/image\/","url":"https:\/\/ubanews.com\/site\/wp-content\/uploads\/2018\/01\/logoubanews.png","contentUrl":"https:\/\/ubanews.com\/site\/wp-content\/uploads\/2018\/01\/logoubanews.png","width":261,"height":99,"caption":"Ub\u00e1 News"},"image":{"@id":"https:\/\/ubanews.com\/site\/#\/schema\/logo\/image\/"},"sameAs":["https:\/\/www.facebook.com\/Ub\u00e1News-Carlos-Roberto-Sodr\u00e9-418778301977370"]},{"@type":"Person","@id":"https:\/\/ubanews.com\/site\/#\/schema\/person\/9d8da9ec3c8d00640ab6e8c81e103310","name":"Carlos Roberto Sodr\u00e9","image":{"@type":"ImageObject","inLanguage":"pt-BR","@id":"https:\/\/secure.gravatar.com\/avatar\/aab322e8555b56c468614fafdab8a8f924e394cdc6cfd8232f77e9e4d123a133?s=96&d=mm&r=g","url":"https:\/\/secure.gravatar.com\/avatar\/aab322e8555b56c468614fafdab8a8f924e394cdc6cfd8232f77e9e4d123a133?s=96&d=mm&r=g","contentUrl":"https:\/\/secure.gravatar.com\/avatar\/aab322e8555b56c468614fafdab8a8f924e394cdc6cfd8232f77e9e4d123a133?s=96&d=mm&r=g","caption":"Carlos Roberto Sodr\u00e9"},"url":"https:\/\/ubanews.com\/site\/author\/sodre\/"}]}},"_links":{"self":[{"href":"https:\/\/ubanews.com\/site\/wp-json\/wp\/v2\/posts\/23430","targetHints":{"allow":["GET"]}}],"collection":[{"href":"https:\/\/ubanews.com\/site\/wp-json\/wp\/v2\/posts"}],"about":[{"href":"https:\/\/ubanews.com\/site\/wp-json\/wp\/v2\/types\/post"}],"author":[{"embeddable":true,"href":"https:\/\/ubanews.com\/site\/wp-json\/wp\/v2\/users\/4"}],"replies":[{"embeddable":true,"href":"https:\/\/ubanews.com\/site\/wp-json\/wp\/v2\/comments?post=23430"}],"version-history":[{"count":0,"href":"https:\/\/ubanews.com\/site\/wp-json\/wp\/v2\/posts\/23430\/revisions"}],"wp:featuredmedia":[{"embeddable":true,"href":"https:\/\/ubanews.com\/site\/wp-json\/wp\/v2\/media\/23179"}],"wp:attachment":[{"href":"https:\/\/ubanews.com\/site\/wp-json\/wp\/v2\/media?parent=23430"}],"wp:term":[{"taxonomy":"category","embeddable":true,"href":"https:\/\/ubanews.com\/site\/wp-json\/wp\/v2\/categories?post=23430"},{"taxonomy":"post_tag","embeddable":true,"href":"https:\/\/ubanews.com\/site\/wp-json\/wp\/v2\/tags?post=23430"}],"curies":[{"name":"wp","href":"https:\/\/api.w.org\/{rel}","templated":true}]}}