{"id":23414,"date":"2025-11-20T22:14:53","date_gmt":"2025-11-21T01:14:53","guid":{"rendered":"https:\/\/ubanews.com\/site\/?p=23414"},"modified":"2025-11-21T12:39:19","modified_gmt":"2025-11-21T15:39:19","slug":"vamos-dar-um-basta-na-violencia-cabo-rominho-detalha-acao-policial","status":"publish","type":"post","link":"https:\/\/ubanews.com\/site\/2025\/11\/20\/vamos-dar-um-basta-na-violencia-cabo-rominho-detalha-acao-policial\/","title":{"rendered":"Vamos dar um basta na viol\u00eancia Cabo Rominho detalha a\u00e7\u00e3o policial"},"content":{"rendered":"<p data-start=\"505\" data-end=\"610\"><strong data-start=\"507\" data-end=\"610\">\u201cVamos dar um basta na viol\u00eancia\u201d: Cabo Rominho detalha a\u00e7\u00e3o policial e fala sobre pol\u00edtica em 2026.\u00a0<\/strong>A entrevista do programa <strong data-start=\"637\" data-end=\"651\">Fala Sodr\u00e9<\/strong>, conduzida pelo rep\u00f3rter <strong data-start=\"677\" data-end=\"701\">Carlos Roberto Sodr\u00e9<\/strong>, trouxe uma das conversas mais impactantes do ano sobre seguran\u00e7a p\u00fablica em Ub\u00e1 e regi\u00e3o. Com imagens de <strong data-start=\"808\" data-end=\"823\">Laisa Sodr\u00e9<\/strong> e gera\u00e7\u00e3o de conte\u00fado de <strong data-start=\"849\" data-end=\"882\"><a href=\"https:\/\/www.linkedin.com\/in\/pedrohgf\/\" target=\"_blank\" rel=\"noopener\">Pedro Henriques<\/a> (<a href=\"https:\/\/indicca.com.br\/\" target=\"_blank\" rel=\"noopener\">INDICCA.COM<\/a>)<\/strong>, o encontro revelou detalhes in\u00e9ditos sobre a a\u00e7\u00e3o policial que resultou na pris\u00e3o dos suspeitos envolvidos no assalto \u00e0 resid\u00eancia do <strong data-start=\"1018\" data-end=\"1072\">ex-secret\u00e1rio de Educa\u00e7\u00e3o, professor Samuel Gazola<\/strong>.<\/p>\n<p data-start=\"1075\" data-end=\"1277\">Logo no in\u00edcio, Cabo Rominho foi direto.<br data-start=\"1115\" data-end=\"1118\" \/><strong data-start=\"1118\" data-end=\"1155\">\u201cVamos dar um basta na viol\u00eancia\u201d<\/strong>, afirmou, refor\u00e7ando a necessidade de ampliar a\u00e7\u00f5es preventivas, intelig\u00eancia policial e participa\u00e7\u00e3o ativa da popula\u00e7\u00e3o.<\/p>\n<h1 data-start=\"505\" data-end=\"610\"><strong data-start=\"507\" data-end=\"610\">\u201cVamos dar um basta na viol\u00eancia\u201d: Cabo Rominho detalha a\u00e7\u00e3o policial e fala sobre pol\u00edtica em 2026<\/strong><\/h1>\n<p><a href=\"https:\/\/www.youtube.com\/live\/XzM9LmwsQn0?si=Bv_Kzz6s4XhDdd1I\" target=\"_blank\" rel=\"noopener\"><img decoding=\"async\" class=\"aligncenter size-medium wp-image-23415 lazyload\" data-src=\"https:\/\/ubanews.com\/site\/wp-content\/uploads\/2025\/11\/Fala-Sodre-entrevista-o-Cabo-Rominho--300x167.jpg\" alt=\"Cabo Rominho \" width=\"300\" height=\"167\" data-srcset=\"https:\/\/ubanews.com\/site\/wp-content\/uploads\/2025\/11\/Fala-Sodre-entrevista-o-Cabo-Rominho--300x167.jpg 300w, https:\/\/ubanews.com\/site\/wp-content\/uploads\/2025\/11\/Fala-Sodre-entrevista-o-Cabo-Rominho--1024x570.jpg 1024w, https:\/\/ubanews.com\/site\/wp-content\/uploads\/2025\/11\/Fala-Sodre-entrevista-o-Cabo-Rominho--768x428.jpg 768w, https:\/\/ubanews.com\/site\/wp-content\/uploads\/2025\/11\/Fala-Sodre-entrevista-o-Cabo-Rominho--360x200.jpg 360w, https:\/\/ubanews.com\/site\/wp-content\/uploads\/2025\/11\/Fala-Sodre-entrevista-o-Cabo-Rominho-.jpg 1279w\" data-sizes=\"(max-width: 300px) 100vw, 300px\" src=\"data:image\/svg+xml;base64,PHN2ZyB3aWR0aD0iMSIgaGVpZ2h0PSIxIiB4bWxucz0iaHR0cDovL3d3dy53My5vcmcvMjAwMC9zdmciPjwvc3ZnPg==\" style=\"--smush-placeholder-width: 300px; --smush-placeholder-aspect-ratio: 300\/167;\" \/><\/a><\/p>\n<h2 data-start=\"1284\" data-end=\"1335\"><strong data-start=\"1287\" data-end=\"1335\">A opera\u00e7\u00e3o policial que mudou o rumo do caso<\/strong><\/h2>\n<p data-start=\"1337\" data-end=\"1567\">Para contextualizar, o assalto ocorreu pela manh\u00e3. O professor Samuel, sua fam\u00edlia e seus bens foram rendidos e amea\u00e7ados. Al\u00e9m disso, equipamentos eletr\u00f4nicos, objetos pessoais e o carro da fam\u00edlia foram levados pelos criminosos.<\/p>\n<p data-start=\"1569\" data-end=\"1619\">Por\u00e9m, a resposta da seguran\u00e7a p\u00fablica foi r\u00e1pida.<\/p>\n<p data-start=\"1621\" data-end=\"1720\">Cabo Rominho explicou que estava acompanhando outras opera\u00e7\u00f5es quando recebeu o alerta. Ele contou:<\/p>\n<p data-start=\"1722\" data-end=\"1916\"><strong data-start=\"1722\" data-end=\"1916\">\u201cFiz contato imediato com o comandante da Pol\u00edcia Militar. Repassamos o caso para a Copom. Com as informa\u00e7\u00f5es levantadas, a pol\u00edcia conseguiu localizar o ve\u00edculo e iniciar o acompanhamento.\u201d<\/strong><\/p>\n<p data-start=\"1918\" data-end=\"2095\">E ent\u00e3o veio o ponto decisivo.<br data-start=\"1948\" data-end=\"1951\" \/><strong data-start=\"1951\" data-end=\"2095\">\u201cTivemos a sorte da aeronave da Pol\u00edcia Militar estar na regi\u00e3o. Tamb\u00e9m usamos drones. Com isso, conseguimos cercar e prender os suspeitos.\u201d<\/strong><\/p>\n<p data-start=\"2097\" data-end=\"2240\">Essa sinergia entre tecnologia, efetivo policial e informa\u00e7\u00e3o r\u00e1pida foi determinante para garantir a pris\u00e3o dos envolvidos ainda no mesmo dia.<\/p>\n<hr data-start=\"2242\" data-end=\"2245\" \/>\n<h2 data-start=\"2247\" data-end=\"2304\"><strong data-start=\"2250\" data-end=\"2304\">O papel da comunidade: vizinhos foram fundamentais<\/strong><\/h2>\n<p data-start=\"2306\" data-end=\"2391\">Durante a entrevista, Rominho destacou que a participa\u00e7\u00e3o de moradores foi essencial.<\/p>\n<p data-start=\"2393\" data-end=\"2406\">Ele refor\u00e7ou:<\/p>\n<p data-start=\"2408\" data-end=\"2550\"><strong data-start=\"2408\" data-end=\"2550\">\u201cA popula\u00e7\u00e3o ajudou muito. Algumas pessoas indicaram a movimenta\u00e7\u00e3o estranha. A pol\u00edcia n\u00e3o chega sozinha. A informa\u00e7\u00e3o \u00e9 a base de tudo.\u201d<\/strong><\/p>\n<p data-start=\"2552\" data-end=\"2711\">Inclusive, o rep\u00f3rter Sodr\u00e9 leu a mensagem enviada pelo pr\u00f3prio professor Samuel, agradecendo \u00e0 pol\u00edcia e aos vizinhos que prestaram socorro. Em suas palavras:<\/p>\n<p data-start=\"2713\" data-end=\"2822\"><strong data-start=\"2713\" data-end=\"2822\">\u201cAgrade\u00e7o imensamente o excelente trabalho da pol\u00edcia militar e toda dedica\u00e7\u00e3o desde o primeiro momento.\u201d<\/strong><\/p>\n<p data-start=\"2824\" data-end=\"2916\">O secret\u00e1rio refor\u00e7ou que o tratamento dado ao professor foi o mesmo dado a qualquer v\u00edtima.<\/p>\n<p data-start=\"2918\" data-end=\"2969\"><strong data-start=\"2918\" data-end=\"2969\">\u201cEu trato todos iguais. N\u00e3o importa quem seja.\u201d<\/strong><\/p>\n<hr data-start=\"2971\" data-end=\"2974\" \/>\n<h2 data-start=\"2976\" data-end=\"3036\"><strong data-start=\"2979\" data-end=\"3036\">A suspeita de articula\u00e7\u00e3o interna e o alerta pol\u00edtico<\/strong><\/h2>\n<p data-start=\"3038\" data-end=\"3115\">Um trecho da entrevista chamou aten\u00e7\u00e3o pela gravidade da informa\u00e7\u00e3o revelada.<\/p>\n<p data-start=\"3117\" data-end=\"3138\">Segundo Cabo Rominho:<\/p>\n<p data-start=\"3140\" data-end=\"3357\"><strong data-start=\"3140\" data-end=\"3357\">\u201cDurante o crime, um bandido chamava o outro por \u2018Damato\u2019. Isso \u00e9 muito estranho. O professor Samuel \u00e9 primo da esposa do Danato. Algu\u00e9m pode ter passado a rotina da fam\u00edlia. Isso pode ter sido um crime pol\u00edtico.\u201d<\/strong><\/p>\n<p data-start=\"3359\" data-end=\"3538\">Essa declara\u00e7\u00e3o abriu novas frentes de debate.<br data-start=\"3405\" data-end=\"3408\" \/>O secret\u00e1rio afirmou que a Pol\u00edcia Civil j\u00e1 est\u00e1 aprofundando as investiga\u00e7\u00f5es e que o caso envolve mais que apenas a dupla presa.<\/p>\n<p data-start=\"3540\" data-end=\"3552\">Ele alertou:<\/p>\n<p data-start=\"3554\" data-end=\"3692\"><strong data-start=\"3554\" data-end=\"3692\">\u201cEsses bandidos n\u00e3o chegaram l\u00e1 sozinhos. Algu\u00e9m levou, algu\u00e9m mostrou o local, algu\u00e9m passou a rotina. Isso tem que ser esclarecido.\u201d<\/strong><\/p>\n<h2 data-start=\"3699\" data-end=\"3760\"><strong data-start=\"3702\" data-end=\"3760\">O avan\u00e7o da criminalidade e o uso de fac\u00e7\u00f5es na regi\u00e3o<\/strong><\/h2>\n<p data-start=\"3762\" data-end=\"3966\">A entrevista tamb\u00e9m entrou em temas mais amplos sobre a seguran\u00e7a regional.<br data-start=\"3837\" data-end=\"3840\" \/>Cabo Rominho comentou o aumento de crimes violentos, o uso de armas pesadas e a presen\u00e7a crescente de fac\u00e7\u00f5es na Zona da Mata.<\/p>\n<p data-start=\"3968\" data-end=\"3978\">Ele disse:<\/p>\n<p data-start=\"3980\" data-end=\"4107\"><strong data-start=\"3980\" data-end=\"4107\">\u201cInfelizmente s\u00e3o novos tempos. Antes o crime era furto de bicicleta. Hoje invadem resid\u00eancias, fazem ref\u00e9ns e usam fuzis.\u201d<\/strong><\/p>\n<p data-start=\"4109\" data-end=\"4189\">Al\u00e9m disso, refor\u00e7ou a import\u00e2ncia da <strong data-start=\"4147\" data-end=\"4165\">Lei Antifac\u00e7\u00e3o<\/strong>, recentemente aprovada:<\/p>\n<p data-start=\"4191\" data-end=\"4320\"><strong data-start=\"4191\" data-end=\"4320\">\u201cEsse projeto \u00e9 um avan\u00e7o. Precisamos apertar o cerco. As leis antigas davam muita facilidade para quem deveria estar preso.\u201d<\/strong><\/p>\n<h2 data-start=\"4327\" data-end=\"4380\"><strong data-start=\"4330\" data-end=\"4380\">Olho Vivo, c\u00e2meras e tecnologia contra o crime<\/strong><\/h2>\n<p data-start=\"4382\" data-end=\"4487\">Entre as propostas em andamento, o secret\u00e1rio destacou a amplia\u00e7\u00e3o do sistema de monitoramento da cidade:<\/p>\n<p data-start=\"4489\" data-end=\"4622\"><strong data-start=\"4489\" data-end=\"4622\">\u201cVamos colocar c\u00e2meras nas entradas e sa\u00eddas da cidade, com identifica\u00e7\u00e3o veicular. Quando um carro roubado entrar, vamos saber.\u201d<\/strong><\/p>\n<p data-start=\"4624\" data-end=\"4685\">Mas ele fez quest\u00e3o de explicar a dificuldade e a burocracia:<\/p>\n<p data-start=\"4687\" data-end=\"4784\"><strong data-start=\"4687\" data-end=\"4784\">\u201cN\u00e3o \u00e9 s\u00f3 comprar e instalar. Tem norma, tem licita\u00e7\u00e3o, tem processo. Mas estamos avan\u00e7ando.\u201d<\/strong><\/p>\n<h2 data-start=\"4791\" data-end=\"4866\"><strong data-start=\"4794\" data-end=\"4866\">Participa\u00e7\u00e3o da popula\u00e7\u00e3o: a chave para conter o avan\u00e7o da viol\u00eancia<\/strong><\/h2>\n<p data-start=\"4868\" data-end=\"4919\">Durante toda a entrevista, uma mensagem se repetiu:<\/p>\n<p data-start=\"4921\" data-end=\"4967\"><strong data-start=\"4921\" data-end=\"4967\">\u201cA pol\u00edcia precisa da ajuda da popula\u00e7\u00e3o.\u201d<\/strong><\/p>\n<p data-start=\"4969\" data-end=\"5090\">O secret\u00e1rio insistiu que den\u00fancias an\u00f4nimas, observa\u00e7\u00e3o de movimenta\u00e7\u00f5es suspeitas e colabora\u00e7\u00e3o di\u00e1ria fazem diferen\u00e7a.<\/p>\n<p data-start=\"5092\" data-end=\"5102\">E alertou:<\/p>\n<p data-start=\"5104\" data-end=\"5252\"><strong data-start=\"5104\" data-end=\"5252\">\u201cOs criminosos n\u00e3o se teletransportam. Eles passam por ruas, por matas, por propriedades rurais. A popula\u00e7\u00e3o v\u00ea. E quando repassa, salva vidas.\u201d<\/strong><\/p>\n<h2 data-start=\"5259\" data-end=\"5320\"><strong data-start=\"5262\" data-end=\"5320\">O passo para 2026: Cabo Rominho assume pr\u00e9-candidatura<\/strong><\/h2>\n<p data-start=\"5322\" data-end=\"5400\">No encerramento, Sodr\u00e9 perguntou sobre 2026.<br data-start=\"5366\" data-end=\"5369\" \/>O secret\u00e1rio n\u00e3o fugiu do tema:<\/p>\n<p data-start=\"5402\" data-end=\"5446\"><strong data-start=\"5402\" data-end=\"5446\">\u201cSou pr\u00e9-candidato a deputado estadual.\u201d<\/strong><\/p>\n<p data-start=\"5448\" data-end=\"5460\">E completou:<\/p>\n<p data-start=\"5462\" data-end=\"5626\"><strong data-start=\"5462\" data-end=\"5626\">\u201cSabemos o caminho. Sabemos o que um deputado pode fazer por Ub\u00e1 e regi\u00e3o. Mais viaturas, mais efetivo, mais comarca, mais estrutura. E eu pe\u00e7o a oportunidade.\u201d<\/strong><\/p>\n<p data-start=\"5628\" data-end=\"5742\">A fala marcou o tom pol\u00edtico do final da entrevista, alinhando seguran\u00e7a p\u00fablica e representatividade legislativa.<\/p>\n<h2 data-start=\"5749\" data-end=\"5818\"><strong data-start=\"5752\" data-end=\"5818\">Conclus\u00e3o: firmeza, transpar\u00eancia e press\u00e3o contra a viol\u00eancia<\/strong><\/h2>\n<p data-start=\"5820\" data-end=\"5930\">A entrevista refor\u00e7ou um compromisso claro: Ub\u00e1 e regi\u00e3o n\u00e3o aceitar\u00e3o passivamente o avan\u00e7o da criminalidade.<\/p>\n<p data-start=\"5932\" data-end=\"5956\">Como disse Cabo Rominho:<\/p>\n<p data-start=\"5958\" data-end=\"5996\"><strong data-start=\"5958\" data-end=\"5996\">\u201cVamos dar um basta na viol\u00eancia.\u201d<\/strong><\/p>\n<p data-start=\"5998\" data-end=\"6159\">Com opera\u00e7\u00f5es intensificadas, tecnologia aplicada, popula\u00e7\u00e3o participativa e investiga\u00e7\u00e3o rigorosa, a cidade vive uma nova fase de enfrentamento direto ao crime.<\/p>\n<p data-start=\"6161\" data-end=\"6274\">E com a pr\u00e9-candidatura em pauta, a seguran\u00e7a p\u00fablica entra definitivamente no centro do debate pol\u00edtico de 2026.<\/p>\n<p><iframe title=\"Fala Sodr\u00e9: o Secret\u00e1rio de Seguran\u00e7a P\u00fablica Cabo Rominho disse: \u201cvamos dar um basta na viol\u00eancia\u201d\" width=\"840\" height=\"630\" data-src=\"https:\/\/www.youtube.com\/embed\/XzM9LmwsQn0?feature=oembed\" frameborder=\"0\" allow=\"accelerometer; autoplay; clipboard-write; encrypted-media; gyroscope; picture-in-picture; web-share\" referrerpolicy=\"strict-origin-when-cross-origin\" allowfullscreen src=\"data:image\/svg+xml;base64,PHN2ZyB3aWR0aD0iMSIgaGVpZ2h0PSIxIiB4bWxucz0iaHR0cDovL3d3dy53My5vcmcvMjAwMC9zdmciPjwvc3ZnPg==\" class=\"lazyload\" data-load-mode=\"1\"><\/iframe><\/p>\n<p style=\"margin: 0in; font-size: 20.0pt;\"><span style=\"font-family: 'Segoe UI Emoji';\">&#x1f4da; <\/span><span style=\"font-weight: bold; font-family: Calibri;\">Cobertura:<\/span><span style=\"font-family: Calibri;\"> Carlos Roberto Sodr\u00e9 <\/span><a href=\"https:\/\/wa.me\/553298481334\"><span style=\"font-family: Calibri;\">WhatsApp<\/span><\/a><\/p>\n<p style=\"margin: 0in; font-size: 20.0pt;\"><span style=\"font-family: 'Segoe UI Emoji';\">&#x1f4f8; <\/span><span style=\"font-weight: bold; font-family: Calibri;\">Imagens:<\/span><span style=\"font-family: Calibri;\"> Laisa Sodr\u00e9<\/span><\/p>\n<p style=\"margin: 0in; font-size: 20.0pt;\"><span style=\"font-family: 'Segoe UI Emoji';\">&#x1f4dd; <\/span><span style=\"font-weight: bold; font-family: Calibri;\">Conte\u00fado: <\/span><a href=\"https:\/\/www.linkedin.com\/in\/pedrohgf\/\"><span style=\"font-family: Calibri;\">Pedro Henriques<\/span><\/a><span style=\"font-family: Calibri;\"> \u2013 <\/span><a href=\"https:\/\/indicca.com.br\/blog\/\"><span style=\"font-family: Calibri;\">INDICCA.COM<\/span><\/a><span style=\"font-family: Calibri;\">\u00a0 <\/span><a href=\"https:\/\/wa.me\/5532988020057\"><span style=\"font-family: Calibri;\">WhatsApp<\/span><\/a><\/p>\n<p style=\"margin: 0in; font-size: 20.0pt;\"><span style=\"font-family: 'Segoe UI Emoji';\">&#x1f393; <\/span><span style=\"font-weight: bold; font-family: Calibri;\">Evento: \u201cVamos dar um basta na viol\u00eancia\u201d: Cabo Rominho detalha a\u00e7\u00e3o policial e fala sobre pol\u00edtica em 2026<\/span><\/p>\n","protected":false},"excerpt":{"rendered":"<p>\u201cVamos dar um basta na viol\u00eancia\u201d: Cabo Rominho detalha a\u00e7\u00e3o<\/p>\n","protected":false},"author":4,"featured_media":23415,"comment_status":"open","ping_status":"open","sticky":false,"template":"","format":"standard","meta":{"footnotes":""},"categories":[1,3],"tags":[63,59,229,228],"class_list":["post-23414","post","type-post","status-publish","format-standard","has-post-thumbnail","hentry","category-sem-categoria","category-slide","tag-cabo-rominho","tag-fala-sodre","tag-secretaria-de-seguranca-publica","tag-vice-prefeito-de-uba"],"yoast_head":"<!-- This site is optimized with the Yoast SEO plugin v27.2 - https:\/\/yoast.com\/product\/yoast-seo-wordpress\/ -->\n<title>Vamos dar um basta na viol\u00eancia Cabo Rominho detalha a\u00e7\u00e3o policial - Ub\u00e1 News<\/title>\n<meta name=\"description\" content=\"\u201cVamos dar um basta na viol\u00eancia\u201d: Cabo Rominho detalha a\u00e7\u00e3o policial e fala sobre pol\u00edtica em 2026 em tempo de preocupa\u00e7\u00e3o.\" \/>\n<meta name=\"robots\" content=\"index, follow, max-snippet:-1, max-image-preview:large, max-video-preview:-1\" \/>\n<link rel=\"canonical\" href=\"https:\/\/ubanews.com\/site\/2025\/11\/20\/vamos-dar-um-basta-na-violencia-cabo-rominho-detalha-acao-policial\/\" \/>\n<meta property=\"og:locale\" content=\"pt_BR\" \/>\n<meta property=\"og:type\" content=\"article\" \/>\n<meta property=\"og:title\" content=\"Vamos dar um basta na viol\u00eancia Cabo Rominho detalha a\u00e7\u00e3o policial - Ub\u00e1 News\" \/>\n<meta property=\"og:description\" content=\"\u201cVamos dar um basta na viol\u00eancia\u201d: Cabo Rominho detalha a\u00e7\u00e3o policial e fala sobre pol\u00edtica em 2026 em tempo de preocupa\u00e7\u00e3o.\" \/>\n<meta property=\"og:url\" content=\"https:\/\/ubanews.com\/site\/2025\/11\/20\/vamos-dar-um-basta-na-violencia-cabo-rominho-detalha-acao-policial\/\" \/>\n<meta property=\"og:site_name\" content=\"Ub\u00e1 News\" \/>\n<meta property=\"article:publisher\" content=\"https:\/\/www.facebook.com\/Ub%c3%a1News-Carlos-Roberto-Sodr%c3%a9-418778301977370\" \/>\n<meta property=\"article:published_time\" content=\"2025-11-21T01:14:53+00:00\" \/>\n<meta property=\"article:modified_time\" content=\"2025-11-21T15:39:19+00:00\" \/>\n<meta property=\"og:image\" content=\"https:\/\/ubanews.com\/site\/wp-content\/uploads\/2025\/11\/Fala-Sodre-entrevista-o-Cabo-Rominho-.jpg\" \/>\n\t<meta property=\"og:image:width\" content=\"1279\" \/>\n\t<meta property=\"og:image:height\" content=\"712\" \/>\n\t<meta property=\"og:image:type\" content=\"image\/jpeg\" \/>\n<meta name=\"author\" content=\"Carlos Roberto Sodr\u00e9\" \/>\n<meta name=\"twitter:card\" content=\"summary_large_image\" \/>\n<meta name=\"twitter:label1\" content=\"Escrito por\" \/>\n\t<meta name=\"twitter:data1\" content=\"Carlos Roberto Sodr\u00e9\" \/>\n\t<meta name=\"twitter:label2\" content=\"Est. tempo de leitura\" \/>\n\t<meta name=\"twitter:data2\" content=\"6 minutos\" \/>\n<script type=\"application\/ld+json\" class=\"yoast-schema-graph\">{\"@context\":\"https:\/\/schema.org\",\"@graph\":[{\"@type\":\"Article\",\"@id\":\"https:\/\/ubanews.com\/site\/2025\/11\/20\/vamos-dar-um-basta-na-violencia-cabo-rominho-detalha-acao-policial\/#article\",\"isPartOf\":{\"@id\":\"https:\/\/ubanews.com\/site\/2025\/11\/20\/vamos-dar-um-basta-na-violencia-cabo-rominho-detalha-acao-policial\/\"},\"author\":{\"name\":\"Carlos Roberto Sodr\u00e9\",\"@id\":\"https:\/\/ubanews.com\/site\/#\/schema\/person\/9d8da9ec3c8d00640ab6e8c81e103310\"},\"headline\":\"Vamos dar um basta na viol\u00eancia Cabo Rominho detalha a\u00e7\u00e3o policial\",\"datePublished\":\"2025-11-21T01:14:53+00:00\",\"dateModified\":\"2025-11-21T15:39:19+00:00\",\"mainEntityOfPage\":{\"@id\":\"https:\/\/ubanews.com\/site\/2025\/11\/20\/vamos-dar-um-basta-na-violencia-cabo-rominho-detalha-acao-policial\/\"},\"wordCount\":1073,\"commentCount\":0,\"publisher\":{\"@id\":\"https:\/\/ubanews.com\/site\/#organization\"},\"image\":{\"@id\":\"https:\/\/ubanews.com\/site\/2025\/11\/20\/vamos-dar-um-basta-na-violencia-cabo-rominho-detalha-acao-policial\/#primaryimage\"},\"thumbnailUrl\":\"https:\/\/ubanews.com\/site\/wp-content\/uploads\/2025\/11\/Fala-Sodre-entrevista-o-Cabo-Rominho-.jpg\",\"keywords\":[\"Cabo Rominho\",\"Fala Sodr\u00e9\",\"Secretaria de Seguran\u00e7a P\u00fablica\",\"Vice Prefeito de Ub\u00e1\"],\"articleSection\":[\"Geral\",\"Slide\"],\"inLanguage\":\"pt-BR\",\"potentialAction\":[{\"@type\":\"CommentAction\",\"name\":\"Comment\",\"target\":[\"https:\/\/ubanews.com\/site\/2025\/11\/20\/vamos-dar-um-basta-na-violencia-cabo-rominho-detalha-acao-policial\/#respond\"]}]},{\"@type\":\"WebPage\",\"@id\":\"https:\/\/ubanews.com\/site\/2025\/11\/20\/vamos-dar-um-basta-na-violencia-cabo-rominho-detalha-acao-policial\/\",\"url\":\"https:\/\/ubanews.com\/site\/2025\/11\/20\/vamos-dar-um-basta-na-violencia-cabo-rominho-detalha-acao-policial\/\",\"name\":\"Vamos dar um basta na viol\u00eancia Cabo Rominho detalha a\u00e7\u00e3o policial - Ub\u00e1 News\",\"isPartOf\":{\"@id\":\"https:\/\/ubanews.com\/site\/#website\"},\"primaryImageOfPage\":{\"@id\":\"https:\/\/ubanews.com\/site\/2025\/11\/20\/vamos-dar-um-basta-na-violencia-cabo-rominho-detalha-acao-policial\/#primaryimage\"},\"image\":{\"@id\":\"https:\/\/ubanews.com\/site\/2025\/11\/20\/vamos-dar-um-basta-na-violencia-cabo-rominho-detalha-acao-policial\/#primaryimage\"},\"thumbnailUrl\":\"https:\/\/ubanews.com\/site\/wp-content\/uploads\/2025\/11\/Fala-Sodre-entrevista-o-Cabo-Rominho-.jpg\",\"datePublished\":\"2025-11-21T01:14:53+00:00\",\"dateModified\":\"2025-11-21T15:39:19+00:00\",\"description\":\"\u201cVamos dar um basta na viol\u00eancia\u201d: Cabo Rominho detalha a\u00e7\u00e3o policial e fala sobre pol\u00edtica em 2026 em tempo de preocupa\u00e7\u00e3o.\",\"breadcrumb\":{\"@id\":\"https:\/\/ubanews.com\/site\/2025\/11\/20\/vamos-dar-um-basta-na-violencia-cabo-rominho-detalha-acao-policial\/#breadcrumb\"},\"inLanguage\":\"pt-BR\",\"potentialAction\":[{\"@type\":\"ReadAction\",\"target\":[\"https:\/\/ubanews.com\/site\/2025\/11\/20\/vamos-dar-um-basta-na-violencia-cabo-rominho-detalha-acao-policial\/\"]}]},{\"@type\":\"ImageObject\",\"inLanguage\":\"pt-BR\",\"@id\":\"https:\/\/ubanews.com\/site\/2025\/11\/20\/vamos-dar-um-basta-na-violencia-cabo-rominho-detalha-acao-policial\/#primaryimage\",\"url\":\"https:\/\/ubanews.com\/site\/wp-content\/uploads\/2025\/11\/Fala-Sodre-entrevista-o-Cabo-Rominho-.jpg\",\"contentUrl\":\"https:\/\/ubanews.com\/site\/wp-content\/uploads\/2025\/11\/Fala-Sodre-entrevista-o-Cabo-Rominho-.jpg\",\"width\":1279,\"height\":712,\"caption\":\"Cabo Rominho\"},{\"@type\":\"BreadcrumbList\",\"@id\":\"https:\/\/ubanews.com\/site\/2025\/11\/20\/vamos-dar-um-basta-na-violencia-cabo-rominho-detalha-acao-policial\/#breadcrumb\",\"itemListElement\":[{\"@type\":\"ListItem\",\"position\":1,\"name\":\"Home\",\"item\":\"https:\/\/ubanews.com\/site\/\"},{\"@type\":\"ListItem\",\"position\":2,\"name\":\"Vamos dar um basta na viol\u00eancia Cabo Rominho detalha a\u00e7\u00e3o policial\"}]},{\"@type\":\"WebSite\",\"@id\":\"https:\/\/ubanews.com\/site\/#website\",\"url\":\"https:\/\/ubanews.com\/site\/\",\"name\":\"Ub\u00e1 News\",\"description\":\"\",\"publisher\":{\"@id\":\"https:\/\/ubanews.com\/site\/#organization\"},\"potentialAction\":[{\"@type\":\"SearchAction\",\"target\":{\"@type\":\"EntryPoint\",\"urlTemplate\":\"https:\/\/ubanews.com\/site\/?s={search_term_string}\"},\"query-input\":{\"@type\":\"PropertyValueSpecification\",\"valueRequired\":true,\"valueName\":\"search_term_string\"}}],\"inLanguage\":\"pt-BR\"},{\"@type\":\"Organization\",\"@id\":\"https:\/\/ubanews.com\/site\/#organization\",\"name\":\"Ub\u00e1 News\",\"url\":\"https:\/\/ubanews.com\/site\/\",\"logo\":{\"@type\":\"ImageObject\",\"inLanguage\":\"pt-BR\",\"@id\":\"https:\/\/ubanews.com\/site\/#\/schema\/logo\/image\/\",\"url\":\"https:\/\/ubanews.com\/site\/wp-content\/uploads\/2018\/01\/logoubanews.png\",\"contentUrl\":\"https:\/\/ubanews.com\/site\/wp-content\/uploads\/2018\/01\/logoubanews.png\",\"width\":261,\"height\":99,\"caption\":\"Ub\u00e1 News\"},\"image\":{\"@id\":\"https:\/\/ubanews.com\/site\/#\/schema\/logo\/image\/\"},\"sameAs\":[\"https:\/\/www.facebook.com\/Ub\u00e1News-Carlos-Roberto-Sodr\u00e9-418778301977370\"]},{\"@type\":\"Person\",\"@id\":\"https:\/\/ubanews.com\/site\/#\/schema\/person\/9d8da9ec3c8d00640ab6e8c81e103310\",\"name\":\"Carlos Roberto Sodr\u00e9\",\"image\":{\"@type\":\"ImageObject\",\"inLanguage\":\"pt-BR\",\"@id\":\"https:\/\/secure.gravatar.com\/avatar\/aab322e8555b56c468614fafdab8a8f924e394cdc6cfd8232f77e9e4d123a133?s=96&d=mm&r=g\",\"url\":\"https:\/\/secure.gravatar.com\/avatar\/aab322e8555b56c468614fafdab8a8f924e394cdc6cfd8232f77e9e4d123a133?s=96&d=mm&r=g\",\"contentUrl\":\"https:\/\/secure.gravatar.com\/avatar\/aab322e8555b56c468614fafdab8a8f924e394cdc6cfd8232f77e9e4d123a133?s=96&d=mm&r=g\",\"caption\":\"Carlos Roberto Sodr\u00e9\"},\"url\":\"https:\/\/ubanews.com\/site\/author\/sodre\/\"}]}<\/script>\n<!-- \/ Yoast SEO plugin. -->","yoast_head_json":{"title":"Vamos dar um basta na viol\u00eancia Cabo Rominho detalha a\u00e7\u00e3o policial - Ub\u00e1 News","description":"\u201cVamos dar um basta na viol\u00eancia\u201d: Cabo Rominho detalha a\u00e7\u00e3o policial e fala sobre pol\u00edtica em 2026 em tempo de preocupa\u00e7\u00e3o.","robots":{"index":"index","follow":"follow","max-snippet":"max-snippet:-1","max-image-preview":"max-image-preview:large","max-video-preview":"max-video-preview:-1"},"canonical":"https:\/\/ubanews.com\/site\/2025\/11\/20\/vamos-dar-um-basta-na-violencia-cabo-rominho-detalha-acao-policial\/","og_locale":"pt_BR","og_type":"article","og_title":"Vamos dar um basta na viol\u00eancia Cabo Rominho detalha a\u00e7\u00e3o policial - Ub\u00e1 News","og_description":"\u201cVamos dar um basta na viol\u00eancia\u201d: Cabo Rominho detalha a\u00e7\u00e3o policial e fala sobre pol\u00edtica em 2026 em tempo de preocupa\u00e7\u00e3o.","og_url":"https:\/\/ubanews.com\/site\/2025\/11\/20\/vamos-dar-um-basta-na-violencia-cabo-rominho-detalha-acao-policial\/","og_site_name":"Ub\u00e1 News","article_publisher":"https:\/\/www.facebook.com\/Ub%c3%a1News-Carlos-Roberto-Sodr%c3%a9-418778301977370","article_published_time":"2025-11-21T01:14:53+00:00","article_modified_time":"2025-11-21T15:39:19+00:00","og_image":[{"width":1279,"height":712,"url":"https:\/\/ubanews.com\/site\/wp-content\/uploads\/2025\/11\/Fala-Sodre-entrevista-o-Cabo-Rominho-.jpg","type":"image\/jpeg"}],"author":"Carlos Roberto Sodr\u00e9","twitter_card":"summary_large_image","twitter_misc":{"Escrito por":"Carlos Roberto Sodr\u00e9","Est. tempo de leitura":"6 minutos"},"schema":{"@context":"https:\/\/schema.org","@graph":[{"@type":"Article","@id":"https:\/\/ubanews.com\/site\/2025\/11\/20\/vamos-dar-um-basta-na-violencia-cabo-rominho-detalha-acao-policial\/#article","isPartOf":{"@id":"https:\/\/ubanews.com\/site\/2025\/11\/20\/vamos-dar-um-basta-na-violencia-cabo-rominho-detalha-acao-policial\/"},"author":{"name":"Carlos Roberto Sodr\u00e9","@id":"https:\/\/ubanews.com\/site\/#\/schema\/person\/9d8da9ec3c8d00640ab6e8c81e103310"},"headline":"Vamos dar um basta na viol\u00eancia Cabo Rominho detalha a\u00e7\u00e3o policial","datePublished":"2025-11-21T01:14:53+00:00","dateModified":"2025-11-21T15:39:19+00:00","mainEntityOfPage":{"@id":"https:\/\/ubanews.com\/site\/2025\/11\/20\/vamos-dar-um-basta-na-violencia-cabo-rominho-detalha-acao-policial\/"},"wordCount":1073,"commentCount":0,"publisher":{"@id":"https:\/\/ubanews.com\/site\/#organization"},"image":{"@id":"https:\/\/ubanews.com\/site\/2025\/11\/20\/vamos-dar-um-basta-na-violencia-cabo-rominho-detalha-acao-policial\/#primaryimage"},"thumbnailUrl":"https:\/\/ubanews.com\/site\/wp-content\/uploads\/2025\/11\/Fala-Sodre-entrevista-o-Cabo-Rominho-.jpg","keywords":["Cabo Rominho","Fala Sodr\u00e9","Secretaria de Seguran\u00e7a P\u00fablica","Vice Prefeito de Ub\u00e1"],"articleSection":["Geral","Slide"],"inLanguage":"pt-BR","potentialAction":[{"@type":"CommentAction","name":"Comment","target":["https:\/\/ubanews.com\/site\/2025\/11\/20\/vamos-dar-um-basta-na-violencia-cabo-rominho-detalha-acao-policial\/#respond"]}]},{"@type":"WebPage","@id":"https:\/\/ubanews.com\/site\/2025\/11\/20\/vamos-dar-um-basta-na-violencia-cabo-rominho-detalha-acao-policial\/","url":"https:\/\/ubanews.com\/site\/2025\/11\/20\/vamos-dar-um-basta-na-violencia-cabo-rominho-detalha-acao-policial\/","name":"Vamos dar um basta na viol\u00eancia Cabo Rominho detalha a\u00e7\u00e3o policial - Ub\u00e1 News","isPartOf":{"@id":"https:\/\/ubanews.com\/site\/#website"},"primaryImageOfPage":{"@id":"https:\/\/ubanews.com\/site\/2025\/11\/20\/vamos-dar-um-basta-na-violencia-cabo-rominho-detalha-acao-policial\/#primaryimage"},"image":{"@id":"https:\/\/ubanews.com\/site\/2025\/11\/20\/vamos-dar-um-basta-na-violencia-cabo-rominho-detalha-acao-policial\/#primaryimage"},"thumbnailUrl":"https:\/\/ubanews.com\/site\/wp-content\/uploads\/2025\/11\/Fala-Sodre-entrevista-o-Cabo-Rominho-.jpg","datePublished":"2025-11-21T01:14:53+00:00","dateModified":"2025-11-21T15:39:19+00:00","description":"\u201cVamos dar um basta na viol\u00eancia\u201d: Cabo Rominho detalha a\u00e7\u00e3o policial e fala sobre pol\u00edtica em 2026 em tempo de preocupa\u00e7\u00e3o.","breadcrumb":{"@id":"https:\/\/ubanews.com\/site\/2025\/11\/20\/vamos-dar-um-basta-na-violencia-cabo-rominho-detalha-acao-policial\/#breadcrumb"},"inLanguage":"pt-BR","potentialAction":[{"@type":"ReadAction","target":["https:\/\/ubanews.com\/site\/2025\/11\/20\/vamos-dar-um-basta-na-violencia-cabo-rominho-detalha-acao-policial\/"]}]},{"@type":"ImageObject","inLanguage":"pt-BR","@id":"https:\/\/ubanews.com\/site\/2025\/11\/20\/vamos-dar-um-basta-na-violencia-cabo-rominho-detalha-acao-policial\/#primaryimage","url":"https:\/\/ubanews.com\/site\/wp-content\/uploads\/2025\/11\/Fala-Sodre-entrevista-o-Cabo-Rominho-.jpg","contentUrl":"https:\/\/ubanews.com\/site\/wp-content\/uploads\/2025\/11\/Fala-Sodre-entrevista-o-Cabo-Rominho-.jpg","width":1279,"height":712,"caption":"Cabo Rominho"},{"@type":"BreadcrumbList","@id":"https:\/\/ubanews.com\/site\/2025\/11\/20\/vamos-dar-um-basta-na-violencia-cabo-rominho-detalha-acao-policial\/#breadcrumb","itemListElement":[{"@type":"ListItem","position":1,"name":"Home","item":"https:\/\/ubanews.com\/site\/"},{"@type":"ListItem","position":2,"name":"Vamos dar um basta na viol\u00eancia Cabo Rominho detalha a\u00e7\u00e3o policial"}]},{"@type":"WebSite","@id":"https:\/\/ubanews.com\/site\/#website","url":"https:\/\/ubanews.com\/site\/","name":"Ub\u00e1 News","description":"","publisher":{"@id":"https:\/\/ubanews.com\/site\/#organization"},"potentialAction":[{"@type":"SearchAction","target":{"@type":"EntryPoint","urlTemplate":"https:\/\/ubanews.com\/site\/?s={search_term_string}"},"query-input":{"@type":"PropertyValueSpecification","valueRequired":true,"valueName":"search_term_string"}}],"inLanguage":"pt-BR"},{"@type":"Organization","@id":"https:\/\/ubanews.com\/site\/#organization","name":"Ub\u00e1 News","url":"https:\/\/ubanews.com\/site\/","logo":{"@type":"ImageObject","inLanguage":"pt-BR","@id":"https:\/\/ubanews.com\/site\/#\/schema\/logo\/image\/","url":"https:\/\/ubanews.com\/site\/wp-content\/uploads\/2018\/01\/logoubanews.png","contentUrl":"https:\/\/ubanews.com\/site\/wp-content\/uploads\/2018\/01\/logoubanews.png","width":261,"height":99,"caption":"Ub\u00e1 News"},"image":{"@id":"https:\/\/ubanews.com\/site\/#\/schema\/logo\/image\/"},"sameAs":["https:\/\/www.facebook.com\/Ub\u00e1News-Carlos-Roberto-Sodr\u00e9-418778301977370"]},{"@type":"Person","@id":"https:\/\/ubanews.com\/site\/#\/schema\/person\/9d8da9ec3c8d00640ab6e8c81e103310","name":"Carlos Roberto Sodr\u00e9","image":{"@type":"ImageObject","inLanguage":"pt-BR","@id":"https:\/\/secure.gravatar.com\/avatar\/aab322e8555b56c468614fafdab8a8f924e394cdc6cfd8232f77e9e4d123a133?s=96&d=mm&r=g","url":"https:\/\/secure.gravatar.com\/avatar\/aab322e8555b56c468614fafdab8a8f924e394cdc6cfd8232f77e9e4d123a133?s=96&d=mm&r=g","contentUrl":"https:\/\/secure.gravatar.com\/avatar\/aab322e8555b56c468614fafdab8a8f924e394cdc6cfd8232f77e9e4d123a133?s=96&d=mm&r=g","caption":"Carlos Roberto Sodr\u00e9"},"url":"https:\/\/ubanews.com\/site\/author\/sodre\/"}]}},"_links":{"self":[{"href":"https:\/\/ubanews.com\/site\/wp-json\/wp\/v2\/posts\/23414","targetHints":{"allow":["GET"]}}],"collection":[{"href":"https:\/\/ubanews.com\/site\/wp-json\/wp\/v2\/posts"}],"about":[{"href":"https:\/\/ubanews.com\/site\/wp-json\/wp\/v2\/types\/post"}],"author":[{"embeddable":true,"href":"https:\/\/ubanews.com\/site\/wp-json\/wp\/v2\/users\/4"}],"replies":[{"embeddable":true,"href":"https:\/\/ubanews.com\/site\/wp-json\/wp\/v2\/comments?post=23414"}],"version-history":[{"count":0,"href":"https:\/\/ubanews.com\/site\/wp-json\/wp\/v2\/posts\/23414\/revisions"}],"wp:featuredmedia":[{"embeddable":true,"href":"https:\/\/ubanews.com\/site\/wp-json\/wp\/v2\/media\/23415"}],"wp:attachment":[{"href":"https:\/\/ubanews.com\/site\/wp-json\/wp\/v2\/media?parent=23414"}],"wp:term":[{"taxonomy":"category","embeddable":true,"href":"https:\/\/ubanews.com\/site\/wp-json\/wp\/v2\/categories?post=23414"},{"taxonomy":"post_tag","embeddable":true,"href":"https:\/\/ubanews.com\/site\/wp-json\/wp\/v2\/tags?post=23414"}],"curies":[{"name":"wp","href":"https:\/\/api.w.org\/{rel}","templated":true}]}}