{"id":23404,"date":"2025-11-19T12:13:25","date_gmt":"2025-11-19T15:13:25","guid":{"rendered":"https:\/\/ubanews.com\/site\/?p=23404"},"modified":"2025-11-19T12:13:25","modified_gmt":"2025-11-19T15:13:25","slug":"marcelo-paiva-explica-os-desafios-e-responsabilidades-da-governanca","status":"publish","type":"post","link":"https:\/\/ubanews.com\/site\/2025\/11\/19\/marcelo-paiva-explica-os-desafios-e-responsabilidades-da-governanca\/","title":{"rendered":"Marcelo Paiva Explica os Desafios e Responsabilidades da Governan\u00e7a"},"content":{"rendered":"<p data-start=\"519\" data-end=\"632\"><strong data-start=\"521\" data-end=\"632\">Marcelo Paiva Explica os Desafios e Responsabilidades da <\/strong><strong data-start=\"521\" data-end=\"632\">Governan\u00e7a e Gest\u00e3o P\u00fablica no \u00daltimo Ano de Mandato.\u00a0<\/strong>A governan\u00e7a p\u00fablica ganha ainda mais import\u00e2ncia no \u00faltimo ano de mandato. E, durante entrevista conduzida pelo rep\u00f3rter <strong data-start=\"756\" data-end=\"780\">Carlos Roberto Sodr\u00e9<\/strong>, o servidor p\u00fablico <strong data-start=\"801\" data-end=\"818\">Marcelo Paiva<\/strong> trouxe uma an\u00e1lise direta e did\u00e1tica sobre como os gestores devem atuar para manter transpar\u00eancia, planejamento e responsabilidade fiscal.<br data-start=\"957\" data-end=\"960\" \/>Com <strong data-start=\"964\" data-end=\"994\">34 anos de servi\u00e7o p\u00fablico<\/strong> e atua\u00e7\u00e3o t\u00e9cnica reconhecida, Marcelo apresentou uma vis\u00e3o pr\u00e1tica sobre controle interno, or\u00e7amento e os cuidados essenciais para o encerramento de ciclo administrativo.<\/p>\n<p data-start=\"1168\" data-end=\"1239\"><strong data-start=\"1168\" data-end=\"1239\">Imagens de Felipe Oliveira. Conte\u00fado por Pedro Henriques \u2013 INDICCA.COM.<\/strong><\/p>\n<h1 data-start=\"519\" data-end=\"632\"><strong data-start=\"521\" data-end=\"632\">Marcelo Paiva Explica os Desafios e Responsabilidades da <\/strong><strong data-start=\"521\" data-end=\"632\">Governan\u00e7a e Gest\u00e3o P\u00fablica no \u00daltimo Ano de Mandato<\/strong><\/h1>\n<p><img decoding=\"async\" class=\"aligncenter size-medium wp-image-23405 lazyload\" data-src=\"https:\/\/ubanews.com\/site\/wp-content\/uploads\/2025\/11\/Fala-Sodre-Marcelo-Paiva-300x168.jpg\" alt=\"Marcelo Paiva Fala de Gest\u00e3o na Administra\u00e7\u00e3o P\u00fablica\n\" width=\"300\" height=\"168\" data-srcset=\"https:\/\/ubanews.com\/site\/wp-content\/uploads\/2025\/11\/Fala-Sodre-Marcelo-Paiva-300x168.jpg 300w, https:\/\/ubanews.com\/site\/wp-content\/uploads\/2025\/11\/Fala-Sodre-Marcelo-Paiva-1024x575.jpg 1024w, https:\/\/ubanews.com\/site\/wp-content\/uploads\/2025\/11\/Fala-Sodre-Marcelo-Paiva-768x431.jpg 768w, https:\/\/ubanews.com\/site\/wp-content\/uploads\/2025\/11\/Fala-Sodre-Marcelo-Paiva-360x200.jpg 360w, https:\/\/ubanews.com\/site\/wp-content\/uploads\/2025\/11\/Fala-Sodre-Marcelo-Paiva.jpg 1282w\" data-sizes=\"(max-width: 300px) 100vw, 300px\" src=\"data:image\/svg+xml;base64,PHN2ZyB3aWR0aD0iMSIgaGVpZ2h0PSIxIiB4bWxucz0iaHR0cDovL3d3dy53My5vcmcvMjAwMC9zdmciPjwvc3ZnPg==\" style=\"--smush-placeholder-width: 300px; --smush-placeholder-aspect-ratio: 300\/168;\" \/><\/p>\n<p>&nbsp;<\/p>\n<hr data-start=\"1241\" data-end=\"1244\" \/>\n<h2 data-start=\"1246\" data-end=\"1307\"><strong data-start=\"1249\" data-end=\"1307\">A import\u00e2ncia do planejamento no \u00faltimo ano de governo<\/strong><\/h2>\n<p data-start=\"1309\" data-end=\"1535\">Logo no in\u00edcio da conversa, Marcelo destacou um ponto central: <strong data-start=\"1372\" data-end=\"1413\">o \u00faltimo ano n\u00e3o pode ser improvisado<\/strong>.<br data-start=\"1414\" data-end=\"1417\" \/>Ele afirmou com firmeza: <em data-start=\"1442\" data-end=\"1535\">\u201cGest\u00e3o p\u00fablica bem feita exige planejamento adequado todos os anos. N\u00e3o apenas no \u00faltimo.\u201d<\/em><\/p>\n<p data-start=\"1537\" data-end=\"1800\">Esse alerta vale para prefeitos, secret\u00e1rios e toda a equipe t\u00e9cnica. Porque, conforme explicou, a legisla\u00e7\u00e3o fiscal exige que o gestor mantenha o equil\u00edbrio entre receitas e despesas. Al\u00e9m disso, o Tribunal de Contas acompanha de perto cada decis\u00e3o do munic\u00edpio.<\/p>\n<p data-start=\"1802\" data-end=\"2082\">Marcelo lembrou que o <strong data-start=\"1824\" data-end=\"1843\">or\u00e7amento anual<\/strong> \u00e9 a base de tudo. E refor\u00e7ou que o prefeito deve respeitar o que est\u00e1 previsto no plano plurianual.<br data-start=\"1943\" data-end=\"1946\" \/>Segundo ele: <em data-start=\"1959\" data-end=\"2082\">\u201cO gestor pode deixar compromissos. Mas ele precisa ter disponibilidade financeira. Se n\u00e3o tiver, responde pessoalmente.\u201d<\/em><\/p>\n<hr data-start=\"2084\" data-end=\"2087\" \/>\n<h2 data-start=\"2089\" data-end=\"2147\"><strong data-start=\"2092\" data-end=\"2147\">Transpar\u00eancia e controle financeiro como prioridade<\/strong><\/h2>\n<p data-start=\"2149\" data-end=\"2366\">Durante a entrevista, Marcelo explicou como funciona a rotina da Controladoria. Ele e sua equipe acompanham as finan\u00e7as do munic\u00edpio, realizam auditorias, fazem inspe\u00e7\u00f5es nas secretarias e monitoram todas as despesas.<\/p>\n<p data-start=\"2368\" data-end=\"2554\">Ele relatou:<br data-start=\"2380\" data-end=\"2383\" \/><em data-start=\"2383\" data-end=\"2554\">\u201cN\u00f3s visitamos secretarias, analisamos processos, verificamos abastecimento de ve\u00edculos, frota parada e o uso de recursos. E fazemos apontamentos sempre que necess\u00e1rio.\u201d<\/em><\/p>\n<p data-start=\"2556\" data-end=\"2769\">Esse trabalho segue um <strong data-start=\"2579\" data-end=\"2608\">plano anual de auditorias<\/strong>, divulgado no Di\u00e1rio Oficial.<br data-start=\"2638\" data-end=\"2641\" \/>O cronograma inclui visitas t\u00e9cnicas, inspe\u00e7\u00f5es, an\u00e1lises cont\u00e1beis e reuni\u00f5es peri\u00f3dicas com diferentes \u00e1reas da administra\u00e7\u00e3o.<\/p>\n<p data-start=\"2771\" data-end=\"2922\">Marcelo refor\u00e7ou tamb\u00e9m o papel do portal da transpar\u00eancia:<br data-start=\"2830\" data-end=\"2833\" \/><em data-start=\"2833\" data-end=\"2922\">\u201cQualquer cidad\u00e3o pode acompanhar arrecada\u00e7\u00e3o, gastos e relat\u00f3rios. Est\u00e1 tudo p\u00fablico.\u201d<\/em><\/p>\n<hr data-start=\"2924\" data-end=\"2927\" \/>\n<h2 data-start=\"2929\" data-end=\"2985\"><strong data-start=\"2932\" data-end=\"2985\">Receita, despesa e o desafio do equil\u00edbrio fiscal<\/strong><\/h2>\n<p data-start=\"2987\" data-end=\"3242\">Quando o assunto entrou na compara\u00e7\u00e3o entre munic\u00edpios, Marcelo trouxe dados importantes.<br data-start=\"3076\" data-end=\"3079\" \/>Ub\u00e1, com pouco mais de <strong data-start=\"3102\" data-end=\"3124\">100 mil habitantes<\/strong>, opera um or\u00e7amento perto de <strong data-start=\"3154\" data-end=\"3172\">R$ 560 milh\u00f5es<\/strong>.<br data-start=\"3173\" data-end=\"3176\" \/>Muria\u00e9, com porte populacional semelhante, supera <strong data-start=\"3226\" data-end=\"3241\">R$ 1 bilh\u00e3o<\/strong>.<\/p>\n<p data-start=\"3244\" data-end=\"3388\">Segundo Marcelo, v\u00e1rios fatores explicam essa diferen\u00e7a.<br data-start=\"3300\" data-end=\"3303\" \/>Mas ele aponta um ponto crucial: <strong data-start=\"3336\" data-end=\"3387\">o munic\u00edpio precisa ampliar sua receita pr\u00f3pria<\/strong>.<\/p>\n<p data-start=\"3390\" data-end=\"3482\">Ele foi direto:<br data-start=\"3405\" data-end=\"3408\" \/><em data-start=\"3408\" data-end=\"3482\">\u201cO munic\u00edpio n\u00e3o pode renunciar receita. Precisa cobrar o que \u00e9 devido.\u201d<\/em><\/p>\n<p data-start=\"3484\" data-end=\"3506\">Essa cobran\u00e7a envolve:<\/p>\n<ul data-start=\"3508\" data-end=\"3655\">\n<li data-start=\"3508\" data-end=\"3527\">\n<p data-start=\"3510\" data-end=\"3527\">IPTU atualizado<\/p>\n<\/li>\n<li data-start=\"3528\" data-end=\"3551\">\n<p data-start=\"3530\" data-end=\"3551\">Fiscaliza\u00e7\u00e3o do ISS<\/p>\n<\/li>\n<li data-start=\"3552\" data-end=\"3589\">\n<p data-start=\"3554\" data-end=\"3589\">Revis\u00e3o de cadastros imobili\u00e1rios<\/p>\n<\/li>\n<li data-start=\"3590\" data-end=\"3624\">\n<p data-start=\"3592\" data-end=\"3624\">Recupera\u00e7\u00e3o de receita de IPVA<\/p>\n<\/li>\n<li data-start=\"3625\" data-end=\"3655\">\n<p data-start=\"3627\" data-end=\"3655\">Ajustes no C\u00f3digo Tribut\u00e1rio<\/p>\n<\/li>\n<\/ul>\n<p data-start=\"3657\" data-end=\"3774\">Ele lembrou um exemplo pr\u00e1tico:<br data-start=\"3688\" data-end=\"3691\" \/><em data-start=\"3691\" data-end=\"3774\">\u201cRecuperamos muito IPVA quando identificamos ve\u00edculos emplacados fora do estado.\u201d<\/em><\/p>\n<hr data-start=\"3776\" data-end=\"3779\" \/>\n<h2 data-start=\"3781\" data-end=\"3843\"><strong data-start=\"3784\" data-end=\"3843\">C\u00f3digo Tribut\u00e1rio: ajustes necess\u00e1rios e justi\u00e7a fiscal<\/strong><\/h2>\n<p data-start=\"3845\" data-end=\"4063\">A entrevista abordou tamb\u00e9m a pol\u00eamica recente sobre o novo C\u00f3digo Tribut\u00e1rio de Ub\u00e1.<br data-start=\"3930\" data-end=\"3933\" \/>Marcelo explicou que o Tribunal de Contas exigiu essa atualiza\u00e7\u00e3o. E que a prefeitura precisava sancionar o texto ainda neste ano.<\/p>\n<p data-start=\"4065\" data-end=\"4179\">Ele esclareceu:<br data-start=\"4080\" data-end=\"4083\" \/><em data-start=\"4083\" data-end=\"4179\">\u201cIndependentemente da vontade do prefeito, o c\u00f3digo tinha que ser atualizado. Estava vencido.\u201d<\/em><\/p>\n<p data-start=\"4181\" data-end=\"4293\">Ele explicou que o objetivo n\u00e3o \u00e9 aumentar impostos indiscriminadamente, mas corrigir distor\u00e7\u00f5es.<br data-start=\"4278\" data-end=\"4281\" \/>Por exemplo:<\/p>\n<ul data-start=\"4295\" data-end=\"4531\">\n<li data-start=\"4295\" data-end=\"4380\">\n<p data-start=\"4297\" data-end=\"4380\">Im\u00f3veis no centro da cidade pagavam quase o mesmo que im\u00f3veis em bairros simples.<\/p>\n<\/li>\n<li data-start=\"4381\" data-end=\"4466\">\n<p data-start=\"4383\" data-end=\"4466\">Empresas com regime de lucro presumido precisam contribuir de forma proporcional.<\/p>\n<\/li>\n<li data-start=\"4467\" data-end=\"4531\">\n<p data-start=\"4469\" data-end=\"4531\">Terrenos valorizados e abandonados exigem atualiza\u00e7\u00e3o de IPTU.<\/p>\n<\/li>\n<\/ul>\n<p data-start=\"4533\" data-end=\"4609\">Marcelo resumiu:<br data-start=\"4549\" data-end=\"4552\" \/><em data-start=\"4552\" data-end=\"4609\">\u201cO novo c\u00f3digo n\u00e3o resolve tudo. Mas reduz injusti\u00e7as.\u201d<\/em><\/p>\n<hr data-start=\"4611\" data-end=\"4614\" \/>\n<h2 data-start=\"4616\" data-end=\"4680\"><strong data-start=\"4619\" data-end=\"4680\">Licita\u00e7\u00f5es: efici\u00eancia, descri\u00e7\u00e3o correta e economicidade<\/strong><\/h2>\n<p data-start=\"4682\" data-end=\"4848\">O servidor comentou tamb\u00e9m a nova Lei de Licita\u00e7\u00f5es.<br data-start=\"4734\" data-end=\"4737\" \/>Ele destacou a import\u00e2ncia de elaborar editais claros, com especifica\u00e7\u00f5es corretas e alinhados \u00e0 economicidade.<\/p>\n<p data-start=\"4850\" data-end=\"5049\">Marcelo deu um exemplo simples, mas muito ilustrativo.<br data-start=\"4904\" data-end=\"4907\" \/>Segundo ele, se o edital n\u00e3o descreve bem o produto, a prefeitura pode adquirir itens baratos, mas de baixa qualidade, o que gera desperd\u00edcio.<\/p>\n<p data-start=\"5051\" data-end=\"5154\">Ele afirmou:<br data-start=\"5063\" data-end=\"5066\" \/><em data-start=\"5066\" data-end=\"5154\">\u201cA descri\u00e7\u00e3o do produto \u00e9 fundamental. Se ela falha, voc\u00ea compra algo que n\u00e3o atende.\u201d<\/em><\/p>\n<p data-start=\"5156\" data-end=\"5359\">Marcelo citou ainda o <strong data-start=\"5178\" data-end=\"5209\">Plano Anual de Contrata\u00e7\u00f5es<\/strong>, que organiza todas as compras e servi\u00e7os do ano seguinte.<br data-start=\"5268\" data-end=\"5271\" \/>Isso evita improviso, compras emergenciais indevidas e desperd\u00edcio de recursos p\u00fablicos.<\/p>\n<hr data-start=\"5361\" data-end=\"5364\" \/>\n<h2 data-start=\"5366\" data-end=\"5407\"><strong data-start=\"5369\" data-end=\"5407\">O papel humano por tr\u00e1s da t\u00e9cnica<\/strong><\/h2>\n<p data-start=\"5409\" data-end=\"5586\">Mesmo com tantos dados, Marcelo trouxe tamb\u00e9m um lado pessoal.<br data-start=\"5471\" data-end=\"5474\" \/>Ele contou sua hist\u00f3ria, falou da mudan\u00e7a para Minas ainda jovem e da constru\u00e7\u00e3o de sua trajet\u00f3ria profissional.<\/p>\n<p data-start=\"5588\" data-end=\"5681\">Ele disse:<br data-start=\"5598\" data-end=\"5601\" \/><em data-start=\"5601\" data-end=\"5681\">\u201cEstudei muito. Me formei. Fiz p\u00f3s-gradua\u00e7\u00e3o. Sempre investi em conhecimento.\u201d<\/em><\/p>\n<p data-start=\"5683\" data-end=\"5808\">A entrevista revelou um servidor apaixonado pela profiss\u00e3o, comprometido com boas pr\u00e1ticas e com o desenvolvimento da cidade.<\/p>\n<hr data-start=\"5810\" data-end=\"5813\" \/>\n<h2 data-start=\"5815\" data-end=\"5871\"><strong data-start=\"5818\" data-end=\"5871\">O livro sobre governan\u00e7a no \u00faltimo ano de mandato<\/strong><\/h2>\n<p data-start=\"5873\" data-end=\"6048\">Marcelo apresentou tamb\u00e9m o livro do qual participou como coautor.<br data-start=\"5939\" data-end=\"5942\" \/>O material re\u00fane an\u00e1lises de v\u00e1rios munic\u00edpios e especialistas, com orienta\u00e7\u00f5es para prefeitos e gestores.<\/p>\n<p data-start=\"6050\" data-end=\"6193\">Segundo ele:<br data-start=\"6062\" data-end=\"6065\" \/><em data-start=\"6065\" data-end=\"6193\">\u201cO livro orienta o gestor sobre o que pode e o que n\u00e3o pode fazer no \u00faltimo ano. E refor\u00e7a a import\u00e2ncia da responsabilidade.\u201d<\/em><\/p>\n<p data-start=\"6195\" data-end=\"6297\">Ele entregou exemplares para a prefeitura, para universidades e at\u00e9 para a Academia Ubaense de Letras.<\/p>\n<hr data-start=\"6299\" data-end=\"6302\" \/>\n<h2 data-start=\"6304\" data-end=\"6353\"><strong data-start=\"6307\" data-end=\"6353\">Conclus\u00e3o: governan\u00e7a \u00e9 compromisso di\u00e1rio<\/strong><\/h2>\n<p data-start=\"6355\" data-end=\"6465\">A conversa encerrou com uma mensagem clara: <strong data-start=\"6399\" data-end=\"6464\">gest\u00e3o p\u00fablica exige disciplina, transpar\u00eancia e planejamento<\/strong>.<\/p>\n<p data-start=\"6467\" data-end=\"6571\">Marcelo resumiu bem:<br data-start=\"6487\" data-end=\"6490\" \/><em data-start=\"6490\" data-end=\"6571\">\u201cQuanto mais o munic\u00edpio arrecada corretamente, mais o prefeito pode investir.\u201d<\/em><\/p>\n<p data-start=\"6573\" data-end=\"6801\">A entrevista conduzida por Carlos Roberto Sodr\u00e9 trouxe luz a temas que impactam diretamente a vida da popula\u00e7\u00e3o.<br data-start=\"6685\" data-end=\"6688\" \/>E refor\u00e7a que governar exige t\u00e9cnica, \u00e9tica e responsabilidade cont\u00ednua \u2014 especialmente no \u00faltimo ano de mandato.<\/p>\n<p><iframe title=\"O Servidor P\u00fablico Marcelo Paiva explica sobre Governan\u00e7a e Gest\u00e3o P\u00fablica Em \u00daltimo Ano de Mandato\" width=\"840\" height=\"473\" data-src=\"https:\/\/www.youtube.com\/embed\/gAyFnqpqGFU?feature=oembed\" frameborder=\"0\" allow=\"accelerometer; autoplay; clipboard-write; encrypted-media; gyroscope; picture-in-picture; web-share\" referrerpolicy=\"strict-origin-when-cross-origin\" allowfullscreen src=\"data:image\/svg+xml;base64,PHN2ZyB3aWR0aD0iMSIgaGVpZ2h0PSIxIiB4bWxucz0iaHR0cDovL3d3dy53My5vcmcvMjAwMC9zdmciPjwvc3ZnPg==\" class=\"lazyload\" data-load-mode=\"1\"><\/iframe><\/p>\n<p style=\"margin: 0in; font-size: 20.0pt;\"><span style=\"font-family: 'Segoe UI Emoji';\">&#x1f4da; <\/span><span style=\"font-weight: bold; font-family: Calibri;\">Cobertura:<\/span><span style=\"font-family: Calibri;\"> Carlos Roberto Sodr\u00e9 <\/span><a href=\"https:\/\/wa.me\/553298481334\"><span style=\"font-family: Calibri;\">WhatsApp<\/span><\/a><\/p>\n<p style=\"margin: 0in; font-size: 20.0pt;\"><span style=\"font-family: 'Segoe UI Emoji';\">&#x1f4f8; <\/span><span style=\"font-weight: bold; font-family: Calibri;\">Imagens:<\/span><span style=\"font-family: Calibri;\"> Felipe Oliveira<\/span><\/p>\n<p style=\"margin: 0in; font-size: 20.0pt;\"><span style=\"font-family: 'Segoe UI Emoji';\">&#x1f4dd; <\/span><span style=\"font-weight: bold; font-family: Calibri;\">Conte\u00fado: <\/span><a href=\"https:\/\/www.linkedin.com\/in\/pedrohgf\/\"><span style=\"font-family: Calibri;\">Pedro Henriques<\/span><\/a><span style=\"font-family: Calibri;\"> \u2013 <\/span><a href=\"https:\/\/indicca.com.br\/blog\/\"><span style=\"font-family: Calibri;\">INDICCA.COM<\/span><\/a><span style=\"font-family: Calibri;\">\u00a0 <\/span><a href=\"https:\/\/wa.me\/5532988020057\"><span style=\"font-family: Calibri;\">WhatsApp<\/span><\/a><\/p>\n<p style=\"margin: 0in; font-size: 20.0pt;\"><span style=\"font-family: 'Segoe UI Emoji';\">&#x1f393; <\/span><span style=\"font-weight: bold; font-family: Calibri;\">Evento: <\/span><\/p>\n<p data-start=\"6573\" data-end=\"6801\">\n","protected":false},"excerpt":{"rendered":"<p>Marcelo Paiva Explica os Desafios e Responsabilidades da Governan\u00e7a e<\/p>\n","protected":false},"author":4,"featured_media":23405,"comment_status":"open","ping_status":"open","sticky":false,"template":"","format":"standard","meta":{"footnotes":""},"categories":[1,3],"tags":[],"class_list":["post-23404","post","type-post","status-publish","format-standard","has-post-thumbnail","hentry","category-sem-categoria","category-slide"],"yoast_head":"<!-- This site is optimized with the Yoast SEO plugin v27.2 - https:\/\/yoast.com\/product\/yoast-seo-wordpress\/ -->\n<title>Marcelo Paiva Explica os Desafios e Responsabilidades da Governan\u00e7a - Ub\u00e1 News<\/title>\n<meta name=\"description\" content=\"Marcelo Paiva Explica os Desafios e Responsabilidades da Governan\u00e7a e Gest\u00e3o P\u00fablica no \u00daltimo Ano de Mandato\" \/>\n<meta name=\"robots\" content=\"index, follow, max-snippet:-1, max-image-preview:large, max-video-preview:-1\" \/>\n<link rel=\"canonical\" href=\"https:\/\/ubanews.com\/site\/2025\/11\/19\/marcelo-paiva-explica-os-desafios-e-responsabilidades-da-governanca\/\" \/>\n<meta property=\"og:locale\" content=\"pt_BR\" \/>\n<meta property=\"og:type\" content=\"article\" \/>\n<meta property=\"og:title\" content=\"Marcelo Paiva Explica os Desafios e Responsabilidades da Governan\u00e7a - Ub\u00e1 News\" \/>\n<meta property=\"og:description\" content=\"Marcelo Paiva Explica os Desafios e Responsabilidades da Governan\u00e7a e Gest\u00e3o P\u00fablica no \u00daltimo Ano de Mandato\" \/>\n<meta property=\"og:url\" content=\"https:\/\/ubanews.com\/site\/2025\/11\/19\/marcelo-paiva-explica-os-desafios-e-responsabilidades-da-governanca\/\" \/>\n<meta property=\"og:site_name\" content=\"Ub\u00e1 News\" \/>\n<meta property=\"article:publisher\" content=\"https:\/\/www.facebook.com\/Ub%c3%a1News-Carlos-Roberto-Sodr%c3%a9-418778301977370\" \/>\n<meta property=\"article:published_time\" content=\"2025-11-19T15:13:25+00:00\" \/>\n<meta property=\"og:image\" content=\"https:\/\/ubanews.com\/site\/wp-content\/uploads\/2025\/11\/Fala-Sodre-Marcelo-Paiva.jpg\" \/>\n\t<meta property=\"og:image:width\" content=\"1282\" \/>\n\t<meta property=\"og:image:height\" content=\"720\" \/>\n\t<meta property=\"og:image:type\" content=\"image\/jpeg\" \/>\n<meta name=\"author\" content=\"Carlos Roberto Sodr\u00e9\" \/>\n<meta name=\"twitter:card\" content=\"summary_large_image\" \/>\n<meta name=\"twitter:label1\" content=\"Escrito por\" \/>\n\t<meta name=\"twitter:data1\" content=\"Carlos Roberto Sodr\u00e9\" \/>\n\t<meta name=\"twitter:label2\" content=\"Est. tempo de leitura\" \/>\n\t<meta name=\"twitter:data2\" content=\"6 minutos\" \/>\n<script type=\"application\/ld+json\" class=\"yoast-schema-graph\">{\"@context\":\"https:\/\/schema.org\",\"@graph\":[{\"@type\":\"Article\",\"@id\":\"https:\/\/ubanews.com\/site\/2025\/11\/19\/marcelo-paiva-explica-os-desafios-e-responsabilidades-da-governanca\/#article\",\"isPartOf\":{\"@id\":\"https:\/\/ubanews.com\/site\/2025\/11\/19\/marcelo-paiva-explica-os-desafios-e-responsabilidades-da-governanca\/\"},\"author\":{\"name\":\"Carlos Roberto Sodr\u00e9\",\"@id\":\"https:\/\/ubanews.com\/site\/#\/schema\/person\/9d8da9ec3c8d00640ab6e8c81e103310\"},\"headline\":\"Marcelo Paiva Explica os Desafios e Responsabilidades da Governan\u00e7a\",\"datePublished\":\"2025-11-19T15:13:25+00:00\",\"mainEntityOfPage\":{\"@id\":\"https:\/\/ubanews.com\/site\/2025\/11\/19\/marcelo-paiva-explica-os-desafios-e-responsabilidades-da-governanca\/\"},\"wordCount\":1086,\"commentCount\":0,\"publisher\":{\"@id\":\"https:\/\/ubanews.com\/site\/#organization\"},\"image\":{\"@id\":\"https:\/\/ubanews.com\/site\/2025\/11\/19\/marcelo-paiva-explica-os-desafios-e-responsabilidades-da-governanca\/#primaryimage\"},\"thumbnailUrl\":\"https:\/\/ubanews.com\/site\/wp-content\/uploads\/2025\/11\/Fala-Sodre-Marcelo-Paiva.jpg\",\"articleSection\":[\"Geral\",\"Slide\"],\"inLanguage\":\"pt-BR\",\"potentialAction\":[{\"@type\":\"CommentAction\",\"name\":\"Comment\",\"target\":[\"https:\/\/ubanews.com\/site\/2025\/11\/19\/marcelo-paiva-explica-os-desafios-e-responsabilidades-da-governanca\/#respond\"]}]},{\"@type\":\"WebPage\",\"@id\":\"https:\/\/ubanews.com\/site\/2025\/11\/19\/marcelo-paiva-explica-os-desafios-e-responsabilidades-da-governanca\/\",\"url\":\"https:\/\/ubanews.com\/site\/2025\/11\/19\/marcelo-paiva-explica-os-desafios-e-responsabilidades-da-governanca\/\",\"name\":\"Marcelo Paiva Explica os Desafios e Responsabilidades da Governan\u00e7a - Ub\u00e1 News\",\"isPartOf\":{\"@id\":\"https:\/\/ubanews.com\/site\/#website\"},\"primaryImageOfPage\":{\"@id\":\"https:\/\/ubanews.com\/site\/2025\/11\/19\/marcelo-paiva-explica-os-desafios-e-responsabilidades-da-governanca\/#primaryimage\"},\"image\":{\"@id\":\"https:\/\/ubanews.com\/site\/2025\/11\/19\/marcelo-paiva-explica-os-desafios-e-responsabilidades-da-governanca\/#primaryimage\"},\"thumbnailUrl\":\"https:\/\/ubanews.com\/site\/wp-content\/uploads\/2025\/11\/Fala-Sodre-Marcelo-Paiva.jpg\",\"datePublished\":\"2025-11-19T15:13:25+00:00\",\"description\":\"Marcelo Paiva Explica os Desafios e Responsabilidades da Governan\u00e7a e Gest\u00e3o P\u00fablica no \u00daltimo Ano de Mandato\",\"breadcrumb\":{\"@id\":\"https:\/\/ubanews.com\/site\/2025\/11\/19\/marcelo-paiva-explica-os-desafios-e-responsabilidades-da-governanca\/#breadcrumb\"},\"inLanguage\":\"pt-BR\",\"potentialAction\":[{\"@type\":\"ReadAction\",\"target\":[\"https:\/\/ubanews.com\/site\/2025\/11\/19\/marcelo-paiva-explica-os-desafios-e-responsabilidades-da-governanca\/\"]}]},{\"@type\":\"ImageObject\",\"inLanguage\":\"pt-BR\",\"@id\":\"https:\/\/ubanews.com\/site\/2025\/11\/19\/marcelo-paiva-explica-os-desafios-e-responsabilidades-da-governanca\/#primaryimage\",\"url\":\"https:\/\/ubanews.com\/site\/wp-content\/uploads\/2025\/11\/Fala-Sodre-Marcelo-Paiva.jpg\",\"contentUrl\":\"https:\/\/ubanews.com\/site\/wp-content\/uploads\/2025\/11\/Fala-Sodre-Marcelo-Paiva.jpg\",\"width\":1282,\"height\":720,\"caption\":\"Marcelo Paiva Fala de Gest\u00e3o na Administra\u00e7\u00e3o P\u00fablica\"},{\"@type\":\"BreadcrumbList\",\"@id\":\"https:\/\/ubanews.com\/site\/2025\/11\/19\/marcelo-paiva-explica-os-desafios-e-responsabilidades-da-governanca\/#breadcrumb\",\"itemListElement\":[{\"@type\":\"ListItem\",\"position\":1,\"name\":\"Home\",\"item\":\"https:\/\/ubanews.com\/site\/\"},{\"@type\":\"ListItem\",\"position\":2,\"name\":\"Marcelo Paiva Explica os Desafios e Responsabilidades da Governan\u00e7a\"}]},{\"@type\":\"WebSite\",\"@id\":\"https:\/\/ubanews.com\/site\/#website\",\"url\":\"https:\/\/ubanews.com\/site\/\",\"name\":\"Ub\u00e1 News\",\"description\":\"\",\"publisher\":{\"@id\":\"https:\/\/ubanews.com\/site\/#organization\"},\"potentialAction\":[{\"@type\":\"SearchAction\",\"target\":{\"@type\":\"EntryPoint\",\"urlTemplate\":\"https:\/\/ubanews.com\/site\/?s={search_term_string}\"},\"query-input\":{\"@type\":\"PropertyValueSpecification\",\"valueRequired\":true,\"valueName\":\"search_term_string\"}}],\"inLanguage\":\"pt-BR\"},{\"@type\":\"Organization\",\"@id\":\"https:\/\/ubanews.com\/site\/#organization\",\"name\":\"Ub\u00e1 News\",\"url\":\"https:\/\/ubanews.com\/site\/\",\"logo\":{\"@type\":\"ImageObject\",\"inLanguage\":\"pt-BR\",\"@id\":\"https:\/\/ubanews.com\/site\/#\/schema\/logo\/image\/\",\"url\":\"https:\/\/ubanews.com\/site\/wp-content\/uploads\/2018\/01\/logoubanews.png\",\"contentUrl\":\"https:\/\/ubanews.com\/site\/wp-content\/uploads\/2018\/01\/logoubanews.png\",\"width\":261,\"height\":99,\"caption\":\"Ub\u00e1 News\"},\"image\":{\"@id\":\"https:\/\/ubanews.com\/site\/#\/schema\/logo\/image\/\"},\"sameAs\":[\"https:\/\/www.facebook.com\/Ub\u00e1News-Carlos-Roberto-Sodr\u00e9-418778301977370\"]},{\"@type\":\"Person\",\"@id\":\"https:\/\/ubanews.com\/site\/#\/schema\/person\/9d8da9ec3c8d00640ab6e8c81e103310\",\"name\":\"Carlos Roberto Sodr\u00e9\",\"image\":{\"@type\":\"ImageObject\",\"inLanguage\":\"pt-BR\",\"@id\":\"https:\/\/secure.gravatar.com\/avatar\/aab322e8555b56c468614fafdab8a8f924e394cdc6cfd8232f77e9e4d123a133?s=96&d=mm&r=g\",\"url\":\"https:\/\/secure.gravatar.com\/avatar\/aab322e8555b56c468614fafdab8a8f924e394cdc6cfd8232f77e9e4d123a133?s=96&d=mm&r=g\",\"contentUrl\":\"https:\/\/secure.gravatar.com\/avatar\/aab322e8555b56c468614fafdab8a8f924e394cdc6cfd8232f77e9e4d123a133?s=96&d=mm&r=g\",\"caption\":\"Carlos Roberto Sodr\u00e9\"},\"url\":\"https:\/\/ubanews.com\/site\/author\/sodre\/\"}]}<\/script>\n<!-- \/ Yoast SEO plugin. -->","yoast_head_json":{"title":"Marcelo Paiva Explica os Desafios e Responsabilidades da Governan\u00e7a - Ub\u00e1 News","description":"Marcelo Paiva Explica os Desafios e Responsabilidades da Governan\u00e7a e Gest\u00e3o P\u00fablica no \u00daltimo Ano de Mandato","robots":{"index":"index","follow":"follow","max-snippet":"max-snippet:-1","max-image-preview":"max-image-preview:large","max-video-preview":"max-video-preview:-1"},"canonical":"https:\/\/ubanews.com\/site\/2025\/11\/19\/marcelo-paiva-explica-os-desafios-e-responsabilidades-da-governanca\/","og_locale":"pt_BR","og_type":"article","og_title":"Marcelo Paiva Explica os Desafios e Responsabilidades da Governan\u00e7a - Ub\u00e1 News","og_description":"Marcelo Paiva Explica os Desafios e Responsabilidades da Governan\u00e7a e Gest\u00e3o P\u00fablica no \u00daltimo Ano de Mandato","og_url":"https:\/\/ubanews.com\/site\/2025\/11\/19\/marcelo-paiva-explica-os-desafios-e-responsabilidades-da-governanca\/","og_site_name":"Ub\u00e1 News","article_publisher":"https:\/\/www.facebook.com\/Ub%c3%a1News-Carlos-Roberto-Sodr%c3%a9-418778301977370","article_published_time":"2025-11-19T15:13:25+00:00","og_image":[{"width":1282,"height":720,"url":"https:\/\/ubanews.com\/site\/wp-content\/uploads\/2025\/11\/Fala-Sodre-Marcelo-Paiva.jpg","type":"image\/jpeg"}],"author":"Carlos Roberto Sodr\u00e9","twitter_card":"summary_large_image","twitter_misc":{"Escrito por":"Carlos Roberto Sodr\u00e9","Est. tempo de leitura":"6 minutos"},"schema":{"@context":"https:\/\/schema.org","@graph":[{"@type":"Article","@id":"https:\/\/ubanews.com\/site\/2025\/11\/19\/marcelo-paiva-explica-os-desafios-e-responsabilidades-da-governanca\/#article","isPartOf":{"@id":"https:\/\/ubanews.com\/site\/2025\/11\/19\/marcelo-paiva-explica-os-desafios-e-responsabilidades-da-governanca\/"},"author":{"name":"Carlos Roberto Sodr\u00e9","@id":"https:\/\/ubanews.com\/site\/#\/schema\/person\/9d8da9ec3c8d00640ab6e8c81e103310"},"headline":"Marcelo Paiva Explica os Desafios e Responsabilidades da Governan\u00e7a","datePublished":"2025-11-19T15:13:25+00:00","mainEntityOfPage":{"@id":"https:\/\/ubanews.com\/site\/2025\/11\/19\/marcelo-paiva-explica-os-desafios-e-responsabilidades-da-governanca\/"},"wordCount":1086,"commentCount":0,"publisher":{"@id":"https:\/\/ubanews.com\/site\/#organization"},"image":{"@id":"https:\/\/ubanews.com\/site\/2025\/11\/19\/marcelo-paiva-explica-os-desafios-e-responsabilidades-da-governanca\/#primaryimage"},"thumbnailUrl":"https:\/\/ubanews.com\/site\/wp-content\/uploads\/2025\/11\/Fala-Sodre-Marcelo-Paiva.jpg","articleSection":["Geral","Slide"],"inLanguage":"pt-BR","potentialAction":[{"@type":"CommentAction","name":"Comment","target":["https:\/\/ubanews.com\/site\/2025\/11\/19\/marcelo-paiva-explica-os-desafios-e-responsabilidades-da-governanca\/#respond"]}]},{"@type":"WebPage","@id":"https:\/\/ubanews.com\/site\/2025\/11\/19\/marcelo-paiva-explica-os-desafios-e-responsabilidades-da-governanca\/","url":"https:\/\/ubanews.com\/site\/2025\/11\/19\/marcelo-paiva-explica-os-desafios-e-responsabilidades-da-governanca\/","name":"Marcelo Paiva Explica os Desafios e Responsabilidades da Governan\u00e7a - Ub\u00e1 News","isPartOf":{"@id":"https:\/\/ubanews.com\/site\/#website"},"primaryImageOfPage":{"@id":"https:\/\/ubanews.com\/site\/2025\/11\/19\/marcelo-paiva-explica-os-desafios-e-responsabilidades-da-governanca\/#primaryimage"},"image":{"@id":"https:\/\/ubanews.com\/site\/2025\/11\/19\/marcelo-paiva-explica-os-desafios-e-responsabilidades-da-governanca\/#primaryimage"},"thumbnailUrl":"https:\/\/ubanews.com\/site\/wp-content\/uploads\/2025\/11\/Fala-Sodre-Marcelo-Paiva.jpg","datePublished":"2025-11-19T15:13:25+00:00","description":"Marcelo Paiva Explica os Desafios e Responsabilidades da Governan\u00e7a e Gest\u00e3o P\u00fablica no \u00daltimo Ano de Mandato","breadcrumb":{"@id":"https:\/\/ubanews.com\/site\/2025\/11\/19\/marcelo-paiva-explica-os-desafios-e-responsabilidades-da-governanca\/#breadcrumb"},"inLanguage":"pt-BR","potentialAction":[{"@type":"ReadAction","target":["https:\/\/ubanews.com\/site\/2025\/11\/19\/marcelo-paiva-explica-os-desafios-e-responsabilidades-da-governanca\/"]}]},{"@type":"ImageObject","inLanguage":"pt-BR","@id":"https:\/\/ubanews.com\/site\/2025\/11\/19\/marcelo-paiva-explica-os-desafios-e-responsabilidades-da-governanca\/#primaryimage","url":"https:\/\/ubanews.com\/site\/wp-content\/uploads\/2025\/11\/Fala-Sodre-Marcelo-Paiva.jpg","contentUrl":"https:\/\/ubanews.com\/site\/wp-content\/uploads\/2025\/11\/Fala-Sodre-Marcelo-Paiva.jpg","width":1282,"height":720,"caption":"Marcelo Paiva Fala de Gest\u00e3o na Administra\u00e7\u00e3o P\u00fablica"},{"@type":"BreadcrumbList","@id":"https:\/\/ubanews.com\/site\/2025\/11\/19\/marcelo-paiva-explica-os-desafios-e-responsabilidades-da-governanca\/#breadcrumb","itemListElement":[{"@type":"ListItem","position":1,"name":"Home","item":"https:\/\/ubanews.com\/site\/"},{"@type":"ListItem","position":2,"name":"Marcelo Paiva Explica os Desafios e Responsabilidades da Governan\u00e7a"}]},{"@type":"WebSite","@id":"https:\/\/ubanews.com\/site\/#website","url":"https:\/\/ubanews.com\/site\/","name":"Ub\u00e1 News","description":"","publisher":{"@id":"https:\/\/ubanews.com\/site\/#organization"},"potentialAction":[{"@type":"SearchAction","target":{"@type":"EntryPoint","urlTemplate":"https:\/\/ubanews.com\/site\/?s={search_term_string}"},"query-input":{"@type":"PropertyValueSpecification","valueRequired":true,"valueName":"search_term_string"}}],"inLanguage":"pt-BR"},{"@type":"Organization","@id":"https:\/\/ubanews.com\/site\/#organization","name":"Ub\u00e1 News","url":"https:\/\/ubanews.com\/site\/","logo":{"@type":"ImageObject","inLanguage":"pt-BR","@id":"https:\/\/ubanews.com\/site\/#\/schema\/logo\/image\/","url":"https:\/\/ubanews.com\/site\/wp-content\/uploads\/2018\/01\/logoubanews.png","contentUrl":"https:\/\/ubanews.com\/site\/wp-content\/uploads\/2018\/01\/logoubanews.png","width":261,"height":99,"caption":"Ub\u00e1 News"},"image":{"@id":"https:\/\/ubanews.com\/site\/#\/schema\/logo\/image\/"},"sameAs":["https:\/\/www.facebook.com\/Ub\u00e1News-Carlos-Roberto-Sodr\u00e9-418778301977370"]},{"@type":"Person","@id":"https:\/\/ubanews.com\/site\/#\/schema\/person\/9d8da9ec3c8d00640ab6e8c81e103310","name":"Carlos Roberto Sodr\u00e9","image":{"@type":"ImageObject","inLanguage":"pt-BR","@id":"https:\/\/secure.gravatar.com\/avatar\/aab322e8555b56c468614fafdab8a8f924e394cdc6cfd8232f77e9e4d123a133?s=96&d=mm&r=g","url":"https:\/\/secure.gravatar.com\/avatar\/aab322e8555b56c468614fafdab8a8f924e394cdc6cfd8232f77e9e4d123a133?s=96&d=mm&r=g","contentUrl":"https:\/\/secure.gravatar.com\/avatar\/aab322e8555b56c468614fafdab8a8f924e394cdc6cfd8232f77e9e4d123a133?s=96&d=mm&r=g","caption":"Carlos Roberto Sodr\u00e9"},"url":"https:\/\/ubanews.com\/site\/author\/sodre\/"}]}},"_links":{"self":[{"href":"https:\/\/ubanews.com\/site\/wp-json\/wp\/v2\/posts\/23404","targetHints":{"allow":["GET"]}}],"collection":[{"href":"https:\/\/ubanews.com\/site\/wp-json\/wp\/v2\/posts"}],"about":[{"href":"https:\/\/ubanews.com\/site\/wp-json\/wp\/v2\/types\/post"}],"author":[{"embeddable":true,"href":"https:\/\/ubanews.com\/site\/wp-json\/wp\/v2\/users\/4"}],"replies":[{"embeddable":true,"href":"https:\/\/ubanews.com\/site\/wp-json\/wp\/v2\/comments?post=23404"}],"version-history":[{"count":0,"href":"https:\/\/ubanews.com\/site\/wp-json\/wp\/v2\/posts\/23404\/revisions"}],"wp:featuredmedia":[{"embeddable":true,"href":"https:\/\/ubanews.com\/site\/wp-json\/wp\/v2\/media\/23405"}],"wp:attachment":[{"href":"https:\/\/ubanews.com\/site\/wp-json\/wp\/v2\/media?parent=23404"}],"wp:term":[{"taxonomy":"category","embeddable":true,"href":"https:\/\/ubanews.com\/site\/wp-json\/wp\/v2\/categories?post=23404"},{"taxonomy":"post_tag","embeddable":true,"href":"https:\/\/ubanews.com\/site\/wp-json\/wp\/v2\/tags?post=23404"}],"curies":[{"name":"wp","href":"https:\/\/api.w.org\/{rel}","templated":true}]}}