{"id":23402,"date":"2025-11-18T16:56:44","date_gmt":"2025-11-18T19:56:44","guid":{"rendered":"https:\/\/ubanews.com\/site\/?p=23402"},"modified":"2025-11-18T16:56:44","modified_gmt":"2025-11-18T19:56:44","slug":"pcmg-cumpre-mandado-de-internacao-de-adolescente-por-trafico","status":"publish","type":"post","link":"https:\/\/ubanews.com\/site\/2025\/11\/18\/pcmg-cumpre-mandado-de-internacao-de-adolescente-por-trafico\/","title":{"rendered":"PCMG cumpre mandado de interna\u00e7\u00e3o de adolescente por tr\u00e1fico"},"content":{"rendered":"<p>Vi\u00e7osa: PCMG cumpre mandado de interna\u00e7\u00e3o de adolescente por tr\u00e1fico. Jovem de 17 anos \u00e9 apontado como reincidente no com\u00e9rcio de drogas nos bairros Laranjal e Amoras .<\/p>\n<h2>PCMG cumpre mandado de interna\u00e7\u00e3o de adolescente por tr\u00e1fico<\/h2>\n<p><img decoding=\"async\" class=\"aligncenter size-medium wp-image-23403 lazyload\" data-src=\"https:\/\/ubanews.com\/site\/wp-content\/uploads\/2025\/11\/Fato-Policial-2-300x201.jpeg\" alt=\"Fato Policial\n\" width=\"300\" height=\"201\" data-srcset=\"https:\/\/ubanews.com\/site\/wp-content\/uploads\/2025\/11\/Fato-Policial-2-300x201.jpeg 300w, https:\/\/ubanews.com\/site\/wp-content\/uploads\/2025\/11\/Fato-Policial-2-120x80.jpeg 120w, https:\/\/ubanews.com\/site\/wp-content\/uploads\/2025\/11\/Fato-Policial-2.jpeg 504w\" data-sizes=\"(max-width: 300px) 100vw, 300px\" src=\"data:image\/svg+xml;base64,PHN2ZyB3aWR0aD0iMSIgaGVpZ2h0PSIxIiB4bWxucz0iaHR0cDovL3d3dy53My5vcmcvMjAwMC9zdmciPjwvc3ZnPg==\" style=\"--smush-placeholder-width: 300px; --smush-placeholder-aspect-ratio: 300\/201;\" \/><\/p>\n<p>Em Vi\u00e7osa, na Zona da Mata, a Pol\u00edcia Civil de Minas Gerais (PCMG) cumpriu, nesta ter\u00e7a-feira (18\/11), mandado de interna\u00e7\u00e3o provis\u00f3ria contra um adolescente de 17 anos, investigado por ato infracional an\u00e1logo ao tr\u00e1fico de drogas nos bairros Laranjal e Amoras. A medida foi autorizada ap\u00f3s diversas apreens\u00f5es do jovem nos \u00faltimos meses.<br \/>\nA a\u00e7\u00e3o, conduzida pela equipe da Delegacia Regional em Vi\u00e7osa, apura o envolvimento do adolescente com o com\u00e9rcio il\u00edcito de entorpecentes. Segundo levantamentos, o investigado foi apreendido tr\u00eas vezes nos dois meses anteriores, sempre pela mesma raz\u00e3o. Em uma das ocorr\u00eancias, registrada em 10 de novembro, o adolescente teria amea\u00e7ado policiais militares que atuavam no atendimento.<br \/>\nA PCMG representou pela interna\u00e7\u00e3o provis\u00f3ria ap\u00f3s reunir elementos que apontam risco concreto \u00e0 ordem p\u00fablica e continuidade das a\u00e7\u00f5es infracionais. A Justi\u00e7a deferiu o pedido, e o jovem foi encaminhado ao sistema socioeducativo.<br \/>\nO delegado Renato Zanco, respons\u00e1vel pela investiga\u00e7\u00e3o, ressaltou a import\u00e2ncia da medida. &#8220;A atua\u00e7\u00e3o firme e integrada dos \u00f3rg\u00e3os de seguran\u00e7a \u00e9 fundamental para impedir que jovens permane\u00e7am na criminalidade e para preservar a tranquilidade da comunidade. A responsabiliza\u00e7\u00e3o, mesmo no \u00e2mbito infracional, \u00e9 necess\u00e1ria para interromper ciclos de viol\u00eancia e tr\u00e1fico de drogas&#8221;, afirmou.<\/p>\n","protected":false},"excerpt":{"rendered":"<p>Vi\u00e7osa: PCMG cumpre mandado de interna\u00e7\u00e3o de adolescente por tr\u00e1fico.<\/p>\n","protected":false},"author":4,"featured_media":0,"comment_status":"open","ping_status":"open","sticky":false,"template":"","format":"standard","meta":{"footnotes":""},"categories":[1],"tags":[59,188,67,60],"class_list":["post-23402","post","type-post","status-publish","format-standard","hentry","category-sem-categoria","tag-fala-sodre","tag-fato-policial","tag-sodre","tag-ubanews"],"yoast_head":"<!-- This site is optimized with the Yoast SEO plugin v27.2 - https:\/\/yoast.com\/product\/yoast-seo-wordpress\/ -->\n<title>PCMG cumpre mandado de interna\u00e7\u00e3o de adolescente por tr\u00e1fico - Ub\u00e1 News<\/title>\n<meta name=\"description\" content=\"PCMG cumpre mandado de interna\u00e7\u00e3o de adolescente por tr\u00e1fico. Jovem de 17 anos \u00e9 apontado como reincidente no com\u00e9rcio de drogas.\" \/>\n<meta name=\"robots\" content=\"index, follow, max-snippet:-1, max-image-preview:large, max-video-preview:-1\" \/>\n<link rel=\"canonical\" href=\"https:\/\/ubanews.com\/site\/2025\/11\/18\/pcmg-cumpre-mandado-de-internacao-de-adolescente-por-trafico\/\" \/>\n<meta property=\"og:locale\" content=\"pt_BR\" \/>\n<meta property=\"og:type\" content=\"article\" \/>\n<meta property=\"og:title\" content=\"PCMG cumpre mandado de interna\u00e7\u00e3o de adolescente por tr\u00e1fico - Ub\u00e1 News\" \/>\n<meta property=\"og:description\" content=\"PCMG cumpre mandado de interna\u00e7\u00e3o de adolescente por tr\u00e1fico. Jovem de 17 anos \u00e9 apontado como reincidente no com\u00e9rcio de drogas.\" \/>\n<meta property=\"og:url\" content=\"https:\/\/ubanews.com\/site\/2025\/11\/18\/pcmg-cumpre-mandado-de-internacao-de-adolescente-por-trafico\/\" \/>\n<meta property=\"og:site_name\" content=\"Ub\u00e1 News\" \/>\n<meta property=\"article:publisher\" content=\"https:\/\/www.facebook.com\/Ub%c3%a1News-Carlos-Roberto-Sodr%c3%a9-418778301977370\" \/>\n<meta property=\"article:published_time\" content=\"2025-11-18T19:56:44+00:00\" \/>\n<meta property=\"og:image\" content=\"https:\/\/ubanews.com\/site\/wp-content\/uploads\/2025\/11\/Fato-Policial-2.jpeg\" \/>\n\t<meta property=\"og:image:width\" content=\"504\" \/>\n\t<meta property=\"og:image:height\" content=\"337\" \/>\n\t<meta property=\"og:image:type\" content=\"image\/jpeg\" \/>\n<meta name=\"author\" content=\"Carlos Roberto Sodr\u00e9\" \/>\n<meta name=\"twitter:card\" content=\"summary_large_image\" \/>\n<meta name=\"twitter:label1\" content=\"Escrito por\" \/>\n\t<meta name=\"twitter:data1\" content=\"Carlos Roberto Sodr\u00e9\" \/>\n\t<meta name=\"twitter:label2\" content=\"Est. tempo de leitura\" \/>\n\t<meta name=\"twitter:data2\" content=\"2 minutos\" \/>\n<script type=\"application\/ld+json\" class=\"yoast-schema-graph\">{\"@context\":\"https:\/\/schema.org\",\"@graph\":[{\"@type\":\"Article\",\"@id\":\"https:\/\/ubanews.com\/site\/2025\/11\/18\/pcmg-cumpre-mandado-de-internacao-de-adolescente-por-trafico\/#article\",\"isPartOf\":{\"@id\":\"https:\/\/ubanews.com\/site\/2025\/11\/18\/pcmg-cumpre-mandado-de-internacao-de-adolescente-por-trafico\/\"},\"author\":{\"name\":\"Carlos Roberto Sodr\u00e9\",\"@id\":\"https:\/\/ubanews.com\/site\/#\/schema\/person\/9d8da9ec3c8d00640ab6e8c81e103310\"},\"headline\":\"PCMG cumpre mandado de interna\u00e7\u00e3o de adolescente por tr\u00e1fico\",\"datePublished\":\"2025-11-18T19:56:44+00:00\",\"mainEntityOfPage\":{\"@id\":\"https:\/\/ubanews.com\/site\/2025\/11\/18\/pcmg-cumpre-mandado-de-internacao-de-adolescente-por-trafico\/\"},\"wordCount\":277,\"commentCount\":0,\"publisher\":{\"@id\":\"https:\/\/ubanews.com\/site\/#organization\"},\"image\":{\"@id\":\"https:\/\/ubanews.com\/site\/2025\/11\/18\/pcmg-cumpre-mandado-de-internacao-de-adolescente-por-trafico\/#primaryimage\"},\"thumbnailUrl\":\"https:\/\/ubanews.com\/site\/wp-content\/uploads\/2025\/11\/Fato-Policial-2-300x201.jpeg\",\"keywords\":[\"Fala Sodr\u00e9\",\"Fato Policial\",\"Sodr\u00e9\",\"UBANEWS\"],\"articleSection\":[\"Geral\"],\"inLanguage\":\"pt-BR\",\"potentialAction\":[{\"@type\":\"CommentAction\",\"name\":\"Comment\",\"target\":[\"https:\/\/ubanews.com\/site\/2025\/11\/18\/pcmg-cumpre-mandado-de-internacao-de-adolescente-por-trafico\/#respond\"]}]},{\"@type\":\"WebPage\",\"@id\":\"https:\/\/ubanews.com\/site\/2025\/11\/18\/pcmg-cumpre-mandado-de-internacao-de-adolescente-por-trafico\/\",\"url\":\"https:\/\/ubanews.com\/site\/2025\/11\/18\/pcmg-cumpre-mandado-de-internacao-de-adolescente-por-trafico\/\",\"name\":\"PCMG cumpre mandado de interna\u00e7\u00e3o de adolescente por tr\u00e1fico - Ub\u00e1 News\",\"isPartOf\":{\"@id\":\"https:\/\/ubanews.com\/site\/#website\"},\"primaryImageOfPage\":{\"@id\":\"https:\/\/ubanews.com\/site\/2025\/11\/18\/pcmg-cumpre-mandado-de-internacao-de-adolescente-por-trafico\/#primaryimage\"},\"image\":{\"@id\":\"https:\/\/ubanews.com\/site\/2025\/11\/18\/pcmg-cumpre-mandado-de-internacao-de-adolescente-por-trafico\/#primaryimage\"},\"thumbnailUrl\":\"https:\/\/ubanews.com\/site\/wp-content\/uploads\/2025\/11\/Fato-Policial-2-300x201.jpeg\",\"datePublished\":\"2025-11-18T19:56:44+00:00\",\"description\":\"PCMG cumpre mandado de interna\u00e7\u00e3o de adolescente por tr\u00e1fico. Jovem de 17 anos \u00e9 apontado como reincidente no com\u00e9rcio de drogas.\",\"breadcrumb\":{\"@id\":\"https:\/\/ubanews.com\/site\/2025\/11\/18\/pcmg-cumpre-mandado-de-internacao-de-adolescente-por-trafico\/#breadcrumb\"},\"inLanguage\":\"pt-BR\",\"potentialAction\":[{\"@type\":\"ReadAction\",\"target\":[\"https:\/\/ubanews.com\/site\/2025\/11\/18\/pcmg-cumpre-mandado-de-internacao-de-adolescente-por-trafico\/\"]}]},{\"@type\":\"ImageObject\",\"inLanguage\":\"pt-BR\",\"@id\":\"https:\/\/ubanews.com\/site\/2025\/11\/18\/pcmg-cumpre-mandado-de-internacao-de-adolescente-por-trafico\/#primaryimage\",\"url\":\"https:\/\/ubanews.com\/site\/wp-content\/uploads\/2025\/11\/Fato-Policial-2.jpeg\",\"contentUrl\":\"https:\/\/ubanews.com\/site\/wp-content\/uploads\/2025\/11\/Fato-Policial-2.jpeg\",\"width\":504,\"height\":337,\"caption\":\"Fato Policial\"},{\"@type\":\"BreadcrumbList\",\"@id\":\"https:\/\/ubanews.com\/site\/2025\/11\/18\/pcmg-cumpre-mandado-de-internacao-de-adolescente-por-trafico\/#breadcrumb\",\"itemListElement\":[{\"@type\":\"ListItem\",\"position\":1,\"name\":\"Home\",\"item\":\"https:\/\/ubanews.com\/site\/\"},{\"@type\":\"ListItem\",\"position\":2,\"name\":\"PCMG cumpre mandado de interna\u00e7\u00e3o de adolescente por tr\u00e1fico\"}]},{\"@type\":\"WebSite\",\"@id\":\"https:\/\/ubanews.com\/site\/#website\",\"url\":\"https:\/\/ubanews.com\/site\/\",\"name\":\"Ub\u00e1 News\",\"description\":\"\",\"publisher\":{\"@id\":\"https:\/\/ubanews.com\/site\/#organization\"},\"potentialAction\":[{\"@type\":\"SearchAction\",\"target\":{\"@type\":\"EntryPoint\",\"urlTemplate\":\"https:\/\/ubanews.com\/site\/?s={search_term_string}\"},\"query-input\":{\"@type\":\"PropertyValueSpecification\",\"valueRequired\":true,\"valueName\":\"search_term_string\"}}],\"inLanguage\":\"pt-BR\"},{\"@type\":\"Organization\",\"@id\":\"https:\/\/ubanews.com\/site\/#organization\",\"name\":\"Ub\u00e1 News\",\"url\":\"https:\/\/ubanews.com\/site\/\",\"logo\":{\"@type\":\"ImageObject\",\"inLanguage\":\"pt-BR\",\"@id\":\"https:\/\/ubanews.com\/site\/#\/schema\/logo\/image\/\",\"url\":\"https:\/\/ubanews.com\/site\/wp-content\/uploads\/2018\/01\/logoubanews.png\",\"contentUrl\":\"https:\/\/ubanews.com\/site\/wp-content\/uploads\/2018\/01\/logoubanews.png\",\"width\":261,\"height\":99,\"caption\":\"Ub\u00e1 News\"},\"image\":{\"@id\":\"https:\/\/ubanews.com\/site\/#\/schema\/logo\/image\/\"},\"sameAs\":[\"https:\/\/www.facebook.com\/Ub\u00e1News-Carlos-Roberto-Sodr\u00e9-418778301977370\"]},{\"@type\":\"Person\",\"@id\":\"https:\/\/ubanews.com\/site\/#\/schema\/person\/9d8da9ec3c8d00640ab6e8c81e103310\",\"name\":\"Carlos Roberto Sodr\u00e9\",\"image\":{\"@type\":\"ImageObject\",\"inLanguage\":\"pt-BR\",\"@id\":\"https:\/\/secure.gravatar.com\/avatar\/aab322e8555b56c468614fafdab8a8f924e394cdc6cfd8232f77e9e4d123a133?s=96&d=mm&r=g\",\"url\":\"https:\/\/secure.gravatar.com\/avatar\/aab322e8555b56c468614fafdab8a8f924e394cdc6cfd8232f77e9e4d123a133?s=96&d=mm&r=g\",\"contentUrl\":\"https:\/\/secure.gravatar.com\/avatar\/aab322e8555b56c468614fafdab8a8f924e394cdc6cfd8232f77e9e4d123a133?s=96&d=mm&r=g\",\"caption\":\"Carlos Roberto Sodr\u00e9\"},\"url\":\"https:\/\/ubanews.com\/site\/author\/sodre\/\"}]}<\/script>\n<!-- \/ Yoast SEO plugin. -->","yoast_head_json":{"title":"PCMG cumpre mandado de interna\u00e7\u00e3o de adolescente por tr\u00e1fico - Ub\u00e1 News","description":"PCMG cumpre mandado de interna\u00e7\u00e3o de adolescente por tr\u00e1fico. Jovem de 17 anos \u00e9 apontado como reincidente no com\u00e9rcio de drogas.","robots":{"index":"index","follow":"follow","max-snippet":"max-snippet:-1","max-image-preview":"max-image-preview:large","max-video-preview":"max-video-preview:-1"},"canonical":"https:\/\/ubanews.com\/site\/2025\/11\/18\/pcmg-cumpre-mandado-de-internacao-de-adolescente-por-trafico\/","og_locale":"pt_BR","og_type":"article","og_title":"PCMG cumpre mandado de interna\u00e7\u00e3o de adolescente por tr\u00e1fico - Ub\u00e1 News","og_description":"PCMG cumpre mandado de interna\u00e7\u00e3o de adolescente por tr\u00e1fico. Jovem de 17 anos \u00e9 apontado como reincidente no com\u00e9rcio de drogas.","og_url":"https:\/\/ubanews.com\/site\/2025\/11\/18\/pcmg-cumpre-mandado-de-internacao-de-adolescente-por-trafico\/","og_site_name":"Ub\u00e1 News","article_publisher":"https:\/\/www.facebook.com\/Ub%c3%a1News-Carlos-Roberto-Sodr%c3%a9-418778301977370","article_published_time":"2025-11-18T19:56:44+00:00","og_image":[{"width":504,"height":337,"url":"https:\/\/ubanews.com\/site\/wp-content\/uploads\/2025\/11\/Fato-Policial-2.jpeg","type":"image\/jpeg"}],"author":"Carlos Roberto Sodr\u00e9","twitter_card":"summary_large_image","twitter_misc":{"Escrito por":"Carlos Roberto Sodr\u00e9","Est. tempo de leitura":"2 minutos"},"schema":{"@context":"https:\/\/schema.org","@graph":[{"@type":"Article","@id":"https:\/\/ubanews.com\/site\/2025\/11\/18\/pcmg-cumpre-mandado-de-internacao-de-adolescente-por-trafico\/#article","isPartOf":{"@id":"https:\/\/ubanews.com\/site\/2025\/11\/18\/pcmg-cumpre-mandado-de-internacao-de-adolescente-por-trafico\/"},"author":{"name":"Carlos Roberto Sodr\u00e9","@id":"https:\/\/ubanews.com\/site\/#\/schema\/person\/9d8da9ec3c8d00640ab6e8c81e103310"},"headline":"PCMG cumpre mandado de interna\u00e7\u00e3o de adolescente por tr\u00e1fico","datePublished":"2025-11-18T19:56:44+00:00","mainEntityOfPage":{"@id":"https:\/\/ubanews.com\/site\/2025\/11\/18\/pcmg-cumpre-mandado-de-internacao-de-adolescente-por-trafico\/"},"wordCount":277,"commentCount":0,"publisher":{"@id":"https:\/\/ubanews.com\/site\/#organization"},"image":{"@id":"https:\/\/ubanews.com\/site\/2025\/11\/18\/pcmg-cumpre-mandado-de-internacao-de-adolescente-por-trafico\/#primaryimage"},"thumbnailUrl":"https:\/\/ubanews.com\/site\/wp-content\/uploads\/2025\/11\/Fato-Policial-2-300x201.jpeg","keywords":["Fala Sodr\u00e9","Fato Policial","Sodr\u00e9","UBANEWS"],"articleSection":["Geral"],"inLanguage":"pt-BR","potentialAction":[{"@type":"CommentAction","name":"Comment","target":["https:\/\/ubanews.com\/site\/2025\/11\/18\/pcmg-cumpre-mandado-de-internacao-de-adolescente-por-trafico\/#respond"]}]},{"@type":"WebPage","@id":"https:\/\/ubanews.com\/site\/2025\/11\/18\/pcmg-cumpre-mandado-de-internacao-de-adolescente-por-trafico\/","url":"https:\/\/ubanews.com\/site\/2025\/11\/18\/pcmg-cumpre-mandado-de-internacao-de-adolescente-por-trafico\/","name":"PCMG cumpre mandado de interna\u00e7\u00e3o de adolescente por tr\u00e1fico - Ub\u00e1 News","isPartOf":{"@id":"https:\/\/ubanews.com\/site\/#website"},"primaryImageOfPage":{"@id":"https:\/\/ubanews.com\/site\/2025\/11\/18\/pcmg-cumpre-mandado-de-internacao-de-adolescente-por-trafico\/#primaryimage"},"image":{"@id":"https:\/\/ubanews.com\/site\/2025\/11\/18\/pcmg-cumpre-mandado-de-internacao-de-adolescente-por-trafico\/#primaryimage"},"thumbnailUrl":"https:\/\/ubanews.com\/site\/wp-content\/uploads\/2025\/11\/Fato-Policial-2-300x201.jpeg","datePublished":"2025-11-18T19:56:44+00:00","description":"PCMG cumpre mandado de interna\u00e7\u00e3o de adolescente por tr\u00e1fico. Jovem de 17 anos \u00e9 apontado como reincidente no com\u00e9rcio de drogas.","breadcrumb":{"@id":"https:\/\/ubanews.com\/site\/2025\/11\/18\/pcmg-cumpre-mandado-de-internacao-de-adolescente-por-trafico\/#breadcrumb"},"inLanguage":"pt-BR","potentialAction":[{"@type":"ReadAction","target":["https:\/\/ubanews.com\/site\/2025\/11\/18\/pcmg-cumpre-mandado-de-internacao-de-adolescente-por-trafico\/"]}]},{"@type":"ImageObject","inLanguage":"pt-BR","@id":"https:\/\/ubanews.com\/site\/2025\/11\/18\/pcmg-cumpre-mandado-de-internacao-de-adolescente-por-trafico\/#primaryimage","url":"https:\/\/ubanews.com\/site\/wp-content\/uploads\/2025\/11\/Fato-Policial-2.jpeg","contentUrl":"https:\/\/ubanews.com\/site\/wp-content\/uploads\/2025\/11\/Fato-Policial-2.jpeg","width":504,"height":337,"caption":"Fato Policial"},{"@type":"BreadcrumbList","@id":"https:\/\/ubanews.com\/site\/2025\/11\/18\/pcmg-cumpre-mandado-de-internacao-de-adolescente-por-trafico\/#breadcrumb","itemListElement":[{"@type":"ListItem","position":1,"name":"Home","item":"https:\/\/ubanews.com\/site\/"},{"@type":"ListItem","position":2,"name":"PCMG cumpre mandado de interna\u00e7\u00e3o de adolescente por tr\u00e1fico"}]},{"@type":"WebSite","@id":"https:\/\/ubanews.com\/site\/#website","url":"https:\/\/ubanews.com\/site\/","name":"Ub\u00e1 News","description":"","publisher":{"@id":"https:\/\/ubanews.com\/site\/#organization"},"potentialAction":[{"@type":"SearchAction","target":{"@type":"EntryPoint","urlTemplate":"https:\/\/ubanews.com\/site\/?s={search_term_string}"},"query-input":{"@type":"PropertyValueSpecification","valueRequired":true,"valueName":"search_term_string"}}],"inLanguage":"pt-BR"},{"@type":"Organization","@id":"https:\/\/ubanews.com\/site\/#organization","name":"Ub\u00e1 News","url":"https:\/\/ubanews.com\/site\/","logo":{"@type":"ImageObject","inLanguage":"pt-BR","@id":"https:\/\/ubanews.com\/site\/#\/schema\/logo\/image\/","url":"https:\/\/ubanews.com\/site\/wp-content\/uploads\/2018\/01\/logoubanews.png","contentUrl":"https:\/\/ubanews.com\/site\/wp-content\/uploads\/2018\/01\/logoubanews.png","width":261,"height":99,"caption":"Ub\u00e1 News"},"image":{"@id":"https:\/\/ubanews.com\/site\/#\/schema\/logo\/image\/"},"sameAs":["https:\/\/www.facebook.com\/Ub\u00e1News-Carlos-Roberto-Sodr\u00e9-418778301977370"]},{"@type":"Person","@id":"https:\/\/ubanews.com\/site\/#\/schema\/person\/9d8da9ec3c8d00640ab6e8c81e103310","name":"Carlos Roberto Sodr\u00e9","image":{"@type":"ImageObject","inLanguage":"pt-BR","@id":"https:\/\/secure.gravatar.com\/avatar\/aab322e8555b56c468614fafdab8a8f924e394cdc6cfd8232f77e9e4d123a133?s=96&d=mm&r=g","url":"https:\/\/secure.gravatar.com\/avatar\/aab322e8555b56c468614fafdab8a8f924e394cdc6cfd8232f77e9e4d123a133?s=96&d=mm&r=g","contentUrl":"https:\/\/secure.gravatar.com\/avatar\/aab322e8555b56c468614fafdab8a8f924e394cdc6cfd8232f77e9e4d123a133?s=96&d=mm&r=g","caption":"Carlos Roberto Sodr\u00e9"},"url":"https:\/\/ubanews.com\/site\/author\/sodre\/"}]}},"_links":{"self":[{"href":"https:\/\/ubanews.com\/site\/wp-json\/wp\/v2\/posts\/23402","targetHints":{"allow":["GET"]}}],"collection":[{"href":"https:\/\/ubanews.com\/site\/wp-json\/wp\/v2\/posts"}],"about":[{"href":"https:\/\/ubanews.com\/site\/wp-json\/wp\/v2\/types\/post"}],"author":[{"embeddable":true,"href":"https:\/\/ubanews.com\/site\/wp-json\/wp\/v2\/users\/4"}],"replies":[{"embeddable":true,"href":"https:\/\/ubanews.com\/site\/wp-json\/wp\/v2\/comments?post=23402"}],"version-history":[{"count":0,"href":"https:\/\/ubanews.com\/site\/wp-json\/wp\/v2\/posts\/23402\/revisions"}],"wp:attachment":[{"href":"https:\/\/ubanews.com\/site\/wp-json\/wp\/v2\/media?parent=23402"}],"wp:term":[{"taxonomy":"category","embeddable":true,"href":"https:\/\/ubanews.com\/site\/wp-json\/wp\/v2\/categories?post=23402"},{"taxonomy":"post_tag","embeddable":true,"href":"https:\/\/ubanews.com\/site\/wp-json\/wp\/v2\/tags?post=23402"}],"curies":[{"name":"wp","href":"https:\/\/api.w.org\/{rel}","templated":true}]}}