{"id":23399,"date":"2025-11-18T12:54:00","date_gmt":"2025-11-18T15:54:00","guid":{"rendered":"https:\/\/ubanews.com\/site\/?p=23399"},"modified":"2025-11-18T12:55:46","modified_gmt":"2025-11-18T15:55:46","slug":"dia-municipal-da-consciencia-negra","status":"publish","type":"post","link":"https:\/\/ubanews.com\/site\/2025\/11\/18\/dia-municipal-da-consciencia-negra\/","title":{"rendered":"Dia Municipal da Consci\u00eancia Negra"},"content":{"rendered":"<p><strong>Dia Municipal da Consci\u00eancia Negra: Reflex\u00e3o, Cultura e Inclus\u00e3o.\u00a0<\/strong>O <strong>Dia Municipal da Consci\u00eancia Negra<\/strong> \u00e9 mais do que uma data no calend\u00e1rio. \u00c9 um convite para refletir sobre a hist\u00f3ria, valorizar a cultura afro-brasileira e combater o racismo. A entrevista realizada pelo rep\u00f3rter <strong>Carlos Roberto Sodr\u00e9<\/strong>, com imagens de <strong>Laisa Sodr\u00e9<\/strong> e conte\u00fado produzido por <strong>Pedro Henriques da INDICCA.COM<\/strong>, trouxe pontos essenciais para essa discuss\u00e3o.<\/p>\n<p><strong>Dia Municipal da Consci\u00eancia Negra: Reflex\u00e3o, Cultura e Inclus\u00e3o<\/strong><\/p>\n<p><img decoding=\"async\" class=\"aligncenter size-medium wp-image-23400 lazyload\" data-src=\"https:\/\/ubanews.com\/site\/wp-content\/uploads\/2025\/11\/Dia-Municipal-da-Consciencia-Negra-300x167.jpg\" alt=\"Dia Municipal da Consci\u00eancia Negra\" width=\"300\" height=\"167\" data-srcset=\"https:\/\/ubanews.com\/site\/wp-content\/uploads\/2025\/11\/Dia-Municipal-da-Consciencia-Negra-300x167.jpg 300w, https:\/\/ubanews.com\/site\/wp-content\/uploads\/2025\/11\/Dia-Municipal-da-Consciencia-Negra-768x428.jpg 768w, https:\/\/ubanews.com\/site\/wp-content\/uploads\/2025\/11\/Dia-Municipal-da-Consciencia-Negra-360x200.jpg 360w, https:\/\/ubanews.com\/site\/wp-content\/uploads\/2025\/11\/Dia-Municipal-da-Consciencia-Negra.jpg 1005w\" data-sizes=\"(max-width: 300px) 100vw, 300px\" src=\"data:image\/svg+xml;base64,PHN2ZyB3aWR0aD0iMSIgaGVpZ2h0PSIxIiB4bWxucz0iaHR0cDovL3d3dy53My5vcmcvMjAwMC9zdmciPjwvc3ZnPg==\" style=\"--smush-placeholder-width: 300px; --smush-placeholder-aspect-ratio: 300\/167;\" \/><\/p>\n<h2><strong>Por que essa data \u00e9 t\u00e3o importante?<\/strong><\/h2>\n<p>Antes de tudo, precisamos entender o significado. A Consci\u00eancia Negra resgata a mem\u00f3ria de um povo que construiu o Brasil com dor, resist\u00eancia e legado cultural. Como destacou o entrevistado:<\/p>\n<blockquote><p>\u201cTemos uma d\u00edvida impag\u00e1vel com os negros. Essa d\u00edvida come\u00e7a a ser reconhecida quando assumimos nossa hist\u00f3ria e combatemos o preconceito.\u201d<\/p><\/blockquote>\n<p>Essa fala resume a ess\u00eancia do evento: reconhecer, valorizar e agir.<\/p>\n<h2><strong>Educa\u00e7\u00e3o \u00e9 a chave para a mudan\u00e7a<\/strong><\/h2>\n<p>Logo no in\u00edcio da conversa, ficou claro que a educa\u00e7\u00e3o \u00e9 o caminho para transformar mentalidades. O entrevistado refor\u00e7ou:<\/p>\n<blockquote><p>\u201cA melhor maneira de combater a discrimina\u00e7\u00e3o \u00e9 ter consci\u00eancia e educa\u00e7\u00e3o. S\u00f3 assim conseguimos posicionar as pessoas de forma correta.\u201d<\/p><\/blockquote>\n<p>Essa afirma\u00e7\u00e3o mostra que n\u00e3o basta celebrar a data. \u00c9 preciso investir em pol\u00edticas p\u00fablicas, ampliar o acesso \u00e0 educa\u00e7\u00e3o e garantir oportunidades.<\/p>\n<h2><strong>Avan\u00e7os e desafios<\/strong><\/h2>\n<p>Sim, houve avan\u00e7os. Hoje vemos mais negros nas universidades, ocupando espa\u00e7os de poder e protagonismo. No entanto, ainda h\u00e1 muito a fazer. O entrevistado lembrou:<\/p>\n<blockquote><p>\u201cN\u00e3o existe equil\u00edbrio ainda. Avan\u00e7amos em alguns pontos, mas a d\u00edvida hist\u00f3rica continua.\u201d<\/p><\/blockquote>\n<p>Essa reflex\u00e3o refor\u00e7a a necessidade de a\u00e7\u00f5es cont\u00ednuas. Combater o racismo n\u00e3o \u00e9 um ato isolado. \u00c9 um compromisso di\u00e1rio.<\/p>\n<h2><strong>Cultura e representatividade<\/strong><\/h2>\n<p>Durante o evento, grupos culturais como o <strong>Brasil Senzala<\/strong> prestaram homenagens. A presen\u00e7a de artistas e l\u00edderes comunit\u00e1rios mostrou a for\u00e7a da cultura afro-brasileira. Como disse um dos homenageados:<\/p>\n<blockquote><p>\u201cN\u00f3s fazemos parte da hist\u00f3ria do Brasil. Precisamos estar no centro da sociedade, ocupando espa\u00e7os.\u201d<\/p><\/blockquote>\n<p>Essa frase \u00e9 um chamado \u00e0 inclus\u00e3o. Representatividade importa. Ela inspira e transforma.<\/p>\n<h2><strong>Fam\u00edlia e valores<\/strong><\/h2>\n<p>Outro ponto marcante foi a valoriza\u00e7\u00e3o da fam\u00edlia. O entrevistado emocionou ao dedicar sua homenagem:<\/p>\n<blockquote><p>\u201cEu devo muito \u00e0 minha m\u00e3e, que lutou para criar os filhos sozinha. Essa for\u00e7a \u00e9 exemplo para todos n\u00f3s.\u201d<\/p><\/blockquote>\n<p>Hist\u00f3rias como essa mostram que a luta contra o preconceito come\u00e7a dentro de casa. Respeito e valoriza\u00e7\u00e3o devem ser ensinados desde cedo.<\/p>\n<h2><strong>Conclus\u00e3o: um compromisso coletivo<\/strong><\/h2>\n<p>O Dia Municipal da Consci\u00eancia Negra n\u00e3o \u00e9 apenas uma celebra\u00e7\u00e3o. \u00c9 um alerta. Precisamos combater o racismo, valorizar a cultura afro-brasileira e garantir igualdade. Como bem disse o entrevistado:<\/p>\n<blockquote><p>\u201cA democracia s\u00f3 acontece quando n\u00e3o houver mais preconceito.\u201d<\/p><\/blockquote>\n<p>Que essa frase ecoe em cada a\u00e7\u00e3o nossa. Porque construir um Brasil justo \u00e9 responsabilidade de todos.<\/p>\n<p><iframe title=\"Fala Sodr\u00e9: Dia Municipal da Consci\u00eancia Negra; sess\u00e3o solene na C\u00e2mara Municipal de Ub\u00e1 17\/11\/2025\" width=\"840\" height=\"473\" data-src=\"https:\/\/www.youtube.com\/embed\/_9tP_XejHAE?feature=oembed\" frameborder=\"0\" allow=\"accelerometer; autoplay; clipboard-write; encrypted-media; gyroscope; picture-in-picture; web-share\" referrerpolicy=\"strict-origin-when-cross-origin\" allowfullscreen src=\"data:image\/svg+xml;base64,PHN2ZyB3aWR0aD0iMSIgaGVpZ2h0PSIxIiB4bWxucz0iaHR0cDovL3d3dy53My5vcmcvMjAwMC9zdmciPjwvc3ZnPg==\" class=\"lazyload\" data-load-mode=\"1\"><\/iframe><\/p>\n<p>&nbsp;<\/p>\n<p style=\"margin: 0in; font-size: 20.0pt;\"><span style=\"font-family: 'Segoe UI Emoji';\">&#x1f4da; <\/span><span style=\"font-weight: bold; font-family: Calibri;\">Cobertura:<\/span><span style=\"font-family: Calibri;\"> Carlos Roberto Sodr\u00e9 <\/span><a href=\"https:\/\/wa.me\/553298481334\"><span style=\"font-family: Calibri;\">WhatsApp<\/span><\/a><\/p>\n<p style=\"margin: 0in; font-size: 20.0pt;\"><span style=\"font-family: 'Segoe UI Emoji';\">&#x1f4f8; <\/span><span style=\"font-weight: bold; font-family: Calibri;\">Imagens:<\/span><span style=\"font-family: Calibri;\"> Laisa Sodr\u00e9<\/span><\/p>\n<p style=\"margin: 0in; font-size: 20.0pt;\"><span style=\"font-family: 'Segoe UI Emoji';\">&#x1f4dd; <\/span><span style=\"font-weight: bold; font-family: Calibri;\">Conte\u00fado: <\/span><a href=\"https:\/\/www.linkedin.com\/in\/pedrohgf\/\"><span style=\"font-family: Calibri;\">Pedro Henriques<\/span><\/a><span style=\"font-family: Calibri;\"> \u2013 <\/span><a href=\"https:\/\/indicca.com.br\/blog\/\"><span style=\"font-family: Calibri;\">INDICCA.COM<\/span><\/a><span style=\"font-family: Calibri;\">\u00a0 <\/span><a href=\"https:\/\/wa.me\/5532988020057\"><span style=\"font-family: Calibri;\">WhatsApp<\/span><\/a><\/p>\n<p style=\"margin: 0in; font-size: 20.0pt;\"><span style=\"font-family: 'Segoe UI Emoji';\">&#x1f393; <\/span><span style=\"font-weight: bold; font-family: Calibri;\">Evento: Dia Municipal da Consci\u00eancia Negra<\/span><\/p>\n<p>&nbsp;<\/p>\n","protected":false},"excerpt":{"rendered":"<p>Dia Municipal da Consci\u00eancia Negra: Reflex\u00e3o, Cultura e Inclus\u00e3o.\u00a0O Dia<\/p>\n","protected":false},"author":4,"featured_media":23400,"comment_status":"open","ping_status":"open","sticky":false,"template":"","format":"standard","meta":{"footnotes":""},"categories":[1,3],"tags":[224,59,67,60],"class_list":["post-23399","post","type-post","status-publish","format-standard","has-post-thumbnail","hentry","category-sem-categoria","category-slide","tag-dia-municipal-da-consciencia-negra","tag-fala-sodre","tag-sodre","tag-ubanews"],"yoast_head":"<!-- This site is optimized with the Yoast SEO plugin v27.2 - https:\/\/yoast.com\/product\/yoast-seo-wordpress\/ -->\n<title>Dia Municipal da Consci\u00eancia Negra - Ub\u00e1 News<\/title>\n<meta name=\"description\" content=\"Dia Municipal da Consci\u00eancia Negra. O Dia Municipal da Consci\u00eancia Negra \u00e9 mais do que uma data no calend\u00e1rio.\" \/>\n<meta name=\"robots\" content=\"index, follow, max-snippet:-1, max-image-preview:large, max-video-preview:-1\" \/>\n<link rel=\"canonical\" href=\"https:\/\/ubanews.com\/site\/2025\/11\/18\/dia-municipal-da-consciencia-negra\/\" \/>\n<meta property=\"og:locale\" content=\"pt_BR\" \/>\n<meta property=\"og:type\" content=\"article\" \/>\n<meta property=\"og:title\" content=\"Dia Municipal da Consci\u00eancia Negra - Ub\u00e1 News\" \/>\n<meta property=\"og:description\" content=\"Dia Municipal da Consci\u00eancia Negra. O Dia Municipal da Consci\u00eancia Negra \u00e9 mais do que uma data no calend\u00e1rio.\" \/>\n<meta property=\"og:url\" content=\"https:\/\/ubanews.com\/site\/2025\/11\/18\/dia-municipal-da-consciencia-negra\/\" \/>\n<meta property=\"og:site_name\" content=\"Ub\u00e1 News\" \/>\n<meta property=\"article:publisher\" content=\"https:\/\/www.facebook.com\/Ub%c3%a1News-Carlos-Roberto-Sodr%c3%a9-418778301977370\" \/>\n<meta property=\"article:published_time\" content=\"2025-11-18T15:54:00+00:00\" \/>\n<meta property=\"article:modified_time\" content=\"2025-11-18T15:55:46+00:00\" \/>\n<meta property=\"og:image\" content=\"https:\/\/ubanews.com\/site\/wp-content\/uploads\/2025\/11\/Dia-Municipal-da-Consciencia-Negra.jpg\" \/>\n\t<meta property=\"og:image:width\" content=\"1005\" \/>\n\t<meta property=\"og:image:height\" content=\"560\" \/>\n\t<meta property=\"og:image:type\" content=\"image\/jpeg\" \/>\n<meta name=\"author\" content=\"Carlos Roberto Sodr\u00e9\" \/>\n<meta name=\"twitter:card\" content=\"summary_large_image\" \/>\n<meta name=\"twitter:label1\" content=\"Escrito por\" \/>\n\t<meta name=\"twitter:data1\" content=\"Carlos Roberto Sodr\u00e9\" \/>\n\t<meta name=\"twitter:label2\" content=\"Est. tempo de leitura\" \/>\n\t<meta name=\"twitter:data2\" content=\"3 minutos\" \/>\n<script type=\"application\/ld+json\" class=\"yoast-schema-graph\">{\"@context\":\"https:\/\/schema.org\",\"@graph\":[{\"@type\":\"Article\",\"@id\":\"https:\/\/ubanews.com\/site\/2025\/11\/18\/dia-municipal-da-consciencia-negra\/#article\",\"isPartOf\":{\"@id\":\"https:\/\/ubanews.com\/site\/2025\/11\/18\/dia-municipal-da-consciencia-negra\/\"},\"author\":{\"name\":\"Carlos Roberto Sodr\u00e9\",\"@id\":\"https:\/\/ubanews.com\/site\/#\/schema\/person\/9d8da9ec3c8d00640ab6e8c81e103310\"},\"headline\":\"Dia Municipal da Consci\u00eancia Negra\",\"datePublished\":\"2025-11-18T15:54:00+00:00\",\"dateModified\":\"2025-11-18T15:55:46+00:00\",\"mainEntityOfPage\":{\"@id\":\"https:\/\/ubanews.com\/site\/2025\/11\/18\/dia-municipal-da-consciencia-negra\/\"},\"wordCount\":564,\"commentCount\":0,\"publisher\":{\"@id\":\"https:\/\/ubanews.com\/site\/#organization\"},\"image\":{\"@id\":\"https:\/\/ubanews.com\/site\/2025\/11\/18\/dia-municipal-da-consciencia-negra\/#primaryimage\"},\"thumbnailUrl\":\"https:\/\/ubanews.com\/site\/wp-content\/uploads\/2025\/11\/Dia-Municipal-da-Consciencia-Negra.jpg\",\"keywords\":[\"Dia Municipal da Consci\u00eancia Negra\",\"Fala Sodr\u00e9\",\"Sodr\u00e9\",\"UBANEWS\"],\"articleSection\":[\"Geral\",\"Slide\"],\"inLanguage\":\"pt-BR\",\"potentialAction\":[{\"@type\":\"CommentAction\",\"name\":\"Comment\",\"target\":[\"https:\/\/ubanews.com\/site\/2025\/11\/18\/dia-municipal-da-consciencia-negra\/#respond\"]}]},{\"@type\":\"WebPage\",\"@id\":\"https:\/\/ubanews.com\/site\/2025\/11\/18\/dia-municipal-da-consciencia-negra\/\",\"url\":\"https:\/\/ubanews.com\/site\/2025\/11\/18\/dia-municipal-da-consciencia-negra\/\",\"name\":\"Dia Municipal da Consci\u00eancia Negra - Ub\u00e1 News\",\"isPartOf\":{\"@id\":\"https:\/\/ubanews.com\/site\/#website\"},\"primaryImageOfPage\":{\"@id\":\"https:\/\/ubanews.com\/site\/2025\/11\/18\/dia-municipal-da-consciencia-negra\/#primaryimage\"},\"image\":{\"@id\":\"https:\/\/ubanews.com\/site\/2025\/11\/18\/dia-municipal-da-consciencia-negra\/#primaryimage\"},\"thumbnailUrl\":\"https:\/\/ubanews.com\/site\/wp-content\/uploads\/2025\/11\/Dia-Municipal-da-Consciencia-Negra.jpg\",\"datePublished\":\"2025-11-18T15:54:00+00:00\",\"dateModified\":\"2025-11-18T15:55:46+00:00\",\"description\":\"Dia Municipal da Consci\u00eancia Negra. O Dia Municipal da Consci\u00eancia Negra \u00e9 mais do que uma data no calend\u00e1rio.\",\"breadcrumb\":{\"@id\":\"https:\/\/ubanews.com\/site\/2025\/11\/18\/dia-municipal-da-consciencia-negra\/#breadcrumb\"},\"inLanguage\":\"pt-BR\",\"potentialAction\":[{\"@type\":\"ReadAction\",\"target\":[\"https:\/\/ubanews.com\/site\/2025\/11\/18\/dia-municipal-da-consciencia-negra\/\"]}]},{\"@type\":\"ImageObject\",\"inLanguage\":\"pt-BR\",\"@id\":\"https:\/\/ubanews.com\/site\/2025\/11\/18\/dia-municipal-da-consciencia-negra\/#primaryimage\",\"url\":\"https:\/\/ubanews.com\/site\/wp-content\/uploads\/2025\/11\/Dia-Municipal-da-Consciencia-Negra.jpg\",\"contentUrl\":\"https:\/\/ubanews.com\/site\/wp-content\/uploads\/2025\/11\/Dia-Municipal-da-Consciencia-Negra.jpg\",\"width\":1005,\"height\":560,\"caption\":\"Dia Municipal da Consci\u00eancia Negra\"},{\"@type\":\"BreadcrumbList\",\"@id\":\"https:\/\/ubanews.com\/site\/2025\/11\/18\/dia-municipal-da-consciencia-negra\/#breadcrumb\",\"itemListElement\":[{\"@type\":\"ListItem\",\"position\":1,\"name\":\"Home\",\"item\":\"https:\/\/ubanews.com\/site\/\"},{\"@type\":\"ListItem\",\"position\":2,\"name\":\"Dia Municipal da Consci\u00eancia Negra\"}]},{\"@type\":\"WebSite\",\"@id\":\"https:\/\/ubanews.com\/site\/#website\",\"url\":\"https:\/\/ubanews.com\/site\/\",\"name\":\"Ub\u00e1 News\",\"description\":\"\",\"publisher\":{\"@id\":\"https:\/\/ubanews.com\/site\/#organization\"},\"potentialAction\":[{\"@type\":\"SearchAction\",\"target\":{\"@type\":\"EntryPoint\",\"urlTemplate\":\"https:\/\/ubanews.com\/site\/?s={search_term_string}\"},\"query-input\":{\"@type\":\"PropertyValueSpecification\",\"valueRequired\":true,\"valueName\":\"search_term_string\"}}],\"inLanguage\":\"pt-BR\"},{\"@type\":\"Organization\",\"@id\":\"https:\/\/ubanews.com\/site\/#organization\",\"name\":\"Ub\u00e1 News\",\"url\":\"https:\/\/ubanews.com\/site\/\",\"logo\":{\"@type\":\"ImageObject\",\"inLanguage\":\"pt-BR\",\"@id\":\"https:\/\/ubanews.com\/site\/#\/schema\/logo\/image\/\",\"url\":\"https:\/\/ubanews.com\/site\/wp-content\/uploads\/2018\/01\/logoubanews.png\",\"contentUrl\":\"https:\/\/ubanews.com\/site\/wp-content\/uploads\/2018\/01\/logoubanews.png\",\"width\":261,\"height\":99,\"caption\":\"Ub\u00e1 News\"},\"image\":{\"@id\":\"https:\/\/ubanews.com\/site\/#\/schema\/logo\/image\/\"},\"sameAs\":[\"https:\/\/www.facebook.com\/Ub\u00e1News-Carlos-Roberto-Sodr\u00e9-418778301977370\"]},{\"@type\":\"Person\",\"@id\":\"https:\/\/ubanews.com\/site\/#\/schema\/person\/9d8da9ec3c8d00640ab6e8c81e103310\",\"name\":\"Carlos Roberto Sodr\u00e9\",\"image\":{\"@type\":\"ImageObject\",\"inLanguage\":\"pt-BR\",\"@id\":\"https:\/\/secure.gravatar.com\/avatar\/aab322e8555b56c468614fafdab8a8f924e394cdc6cfd8232f77e9e4d123a133?s=96&d=mm&r=g\",\"url\":\"https:\/\/secure.gravatar.com\/avatar\/aab322e8555b56c468614fafdab8a8f924e394cdc6cfd8232f77e9e4d123a133?s=96&d=mm&r=g\",\"contentUrl\":\"https:\/\/secure.gravatar.com\/avatar\/aab322e8555b56c468614fafdab8a8f924e394cdc6cfd8232f77e9e4d123a133?s=96&d=mm&r=g\",\"caption\":\"Carlos Roberto Sodr\u00e9\"},\"url\":\"https:\/\/ubanews.com\/site\/author\/sodre\/\"}]}<\/script>\n<!-- \/ Yoast SEO plugin. -->","yoast_head_json":{"title":"Dia Municipal da Consci\u00eancia Negra - Ub\u00e1 News","description":"Dia Municipal da Consci\u00eancia Negra. O Dia Municipal da Consci\u00eancia Negra \u00e9 mais do que uma data no calend\u00e1rio.","robots":{"index":"index","follow":"follow","max-snippet":"max-snippet:-1","max-image-preview":"max-image-preview:large","max-video-preview":"max-video-preview:-1"},"canonical":"https:\/\/ubanews.com\/site\/2025\/11\/18\/dia-municipal-da-consciencia-negra\/","og_locale":"pt_BR","og_type":"article","og_title":"Dia Municipal da Consci\u00eancia Negra - Ub\u00e1 News","og_description":"Dia Municipal da Consci\u00eancia Negra. O Dia Municipal da Consci\u00eancia Negra \u00e9 mais do que uma data no calend\u00e1rio.","og_url":"https:\/\/ubanews.com\/site\/2025\/11\/18\/dia-municipal-da-consciencia-negra\/","og_site_name":"Ub\u00e1 News","article_publisher":"https:\/\/www.facebook.com\/Ub%c3%a1News-Carlos-Roberto-Sodr%c3%a9-418778301977370","article_published_time":"2025-11-18T15:54:00+00:00","article_modified_time":"2025-11-18T15:55:46+00:00","og_image":[{"width":1005,"height":560,"url":"https:\/\/ubanews.com\/site\/wp-content\/uploads\/2025\/11\/Dia-Municipal-da-Consciencia-Negra.jpg","type":"image\/jpeg"}],"author":"Carlos Roberto Sodr\u00e9","twitter_card":"summary_large_image","twitter_misc":{"Escrito por":"Carlos Roberto Sodr\u00e9","Est. tempo de leitura":"3 minutos"},"schema":{"@context":"https:\/\/schema.org","@graph":[{"@type":"Article","@id":"https:\/\/ubanews.com\/site\/2025\/11\/18\/dia-municipal-da-consciencia-negra\/#article","isPartOf":{"@id":"https:\/\/ubanews.com\/site\/2025\/11\/18\/dia-municipal-da-consciencia-negra\/"},"author":{"name":"Carlos Roberto Sodr\u00e9","@id":"https:\/\/ubanews.com\/site\/#\/schema\/person\/9d8da9ec3c8d00640ab6e8c81e103310"},"headline":"Dia Municipal da Consci\u00eancia Negra","datePublished":"2025-11-18T15:54:00+00:00","dateModified":"2025-11-18T15:55:46+00:00","mainEntityOfPage":{"@id":"https:\/\/ubanews.com\/site\/2025\/11\/18\/dia-municipal-da-consciencia-negra\/"},"wordCount":564,"commentCount":0,"publisher":{"@id":"https:\/\/ubanews.com\/site\/#organization"},"image":{"@id":"https:\/\/ubanews.com\/site\/2025\/11\/18\/dia-municipal-da-consciencia-negra\/#primaryimage"},"thumbnailUrl":"https:\/\/ubanews.com\/site\/wp-content\/uploads\/2025\/11\/Dia-Municipal-da-Consciencia-Negra.jpg","keywords":["Dia Municipal da Consci\u00eancia Negra","Fala Sodr\u00e9","Sodr\u00e9","UBANEWS"],"articleSection":["Geral","Slide"],"inLanguage":"pt-BR","potentialAction":[{"@type":"CommentAction","name":"Comment","target":["https:\/\/ubanews.com\/site\/2025\/11\/18\/dia-municipal-da-consciencia-negra\/#respond"]}]},{"@type":"WebPage","@id":"https:\/\/ubanews.com\/site\/2025\/11\/18\/dia-municipal-da-consciencia-negra\/","url":"https:\/\/ubanews.com\/site\/2025\/11\/18\/dia-municipal-da-consciencia-negra\/","name":"Dia Municipal da Consci\u00eancia Negra - Ub\u00e1 News","isPartOf":{"@id":"https:\/\/ubanews.com\/site\/#website"},"primaryImageOfPage":{"@id":"https:\/\/ubanews.com\/site\/2025\/11\/18\/dia-municipal-da-consciencia-negra\/#primaryimage"},"image":{"@id":"https:\/\/ubanews.com\/site\/2025\/11\/18\/dia-municipal-da-consciencia-negra\/#primaryimage"},"thumbnailUrl":"https:\/\/ubanews.com\/site\/wp-content\/uploads\/2025\/11\/Dia-Municipal-da-Consciencia-Negra.jpg","datePublished":"2025-11-18T15:54:00+00:00","dateModified":"2025-11-18T15:55:46+00:00","description":"Dia Municipal da Consci\u00eancia Negra. O Dia Municipal da Consci\u00eancia Negra \u00e9 mais do que uma data no calend\u00e1rio.","breadcrumb":{"@id":"https:\/\/ubanews.com\/site\/2025\/11\/18\/dia-municipal-da-consciencia-negra\/#breadcrumb"},"inLanguage":"pt-BR","potentialAction":[{"@type":"ReadAction","target":["https:\/\/ubanews.com\/site\/2025\/11\/18\/dia-municipal-da-consciencia-negra\/"]}]},{"@type":"ImageObject","inLanguage":"pt-BR","@id":"https:\/\/ubanews.com\/site\/2025\/11\/18\/dia-municipal-da-consciencia-negra\/#primaryimage","url":"https:\/\/ubanews.com\/site\/wp-content\/uploads\/2025\/11\/Dia-Municipal-da-Consciencia-Negra.jpg","contentUrl":"https:\/\/ubanews.com\/site\/wp-content\/uploads\/2025\/11\/Dia-Municipal-da-Consciencia-Negra.jpg","width":1005,"height":560,"caption":"Dia Municipal da Consci\u00eancia Negra"},{"@type":"BreadcrumbList","@id":"https:\/\/ubanews.com\/site\/2025\/11\/18\/dia-municipal-da-consciencia-negra\/#breadcrumb","itemListElement":[{"@type":"ListItem","position":1,"name":"Home","item":"https:\/\/ubanews.com\/site\/"},{"@type":"ListItem","position":2,"name":"Dia Municipal da Consci\u00eancia Negra"}]},{"@type":"WebSite","@id":"https:\/\/ubanews.com\/site\/#website","url":"https:\/\/ubanews.com\/site\/","name":"Ub\u00e1 News","description":"","publisher":{"@id":"https:\/\/ubanews.com\/site\/#organization"},"potentialAction":[{"@type":"SearchAction","target":{"@type":"EntryPoint","urlTemplate":"https:\/\/ubanews.com\/site\/?s={search_term_string}"},"query-input":{"@type":"PropertyValueSpecification","valueRequired":true,"valueName":"search_term_string"}}],"inLanguage":"pt-BR"},{"@type":"Organization","@id":"https:\/\/ubanews.com\/site\/#organization","name":"Ub\u00e1 News","url":"https:\/\/ubanews.com\/site\/","logo":{"@type":"ImageObject","inLanguage":"pt-BR","@id":"https:\/\/ubanews.com\/site\/#\/schema\/logo\/image\/","url":"https:\/\/ubanews.com\/site\/wp-content\/uploads\/2018\/01\/logoubanews.png","contentUrl":"https:\/\/ubanews.com\/site\/wp-content\/uploads\/2018\/01\/logoubanews.png","width":261,"height":99,"caption":"Ub\u00e1 News"},"image":{"@id":"https:\/\/ubanews.com\/site\/#\/schema\/logo\/image\/"},"sameAs":["https:\/\/www.facebook.com\/Ub\u00e1News-Carlos-Roberto-Sodr\u00e9-418778301977370"]},{"@type":"Person","@id":"https:\/\/ubanews.com\/site\/#\/schema\/person\/9d8da9ec3c8d00640ab6e8c81e103310","name":"Carlos Roberto Sodr\u00e9","image":{"@type":"ImageObject","inLanguage":"pt-BR","@id":"https:\/\/secure.gravatar.com\/avatar\/aab322e8555b56c468614fafdab8a8f924e394cdc6cfd8232f77e9e4d123a133?s=96&d=mm&r=g","url":"https:\/\/secure.gravatar.com\/avatar\/aab322e8555b56c468614fafdab8a8f924e394cdc6cfd8232f77e9e4d123a133?s=96&d=mm&r=g","contentUrl":"https:\/\/secure.gravatar.com\/avatar\/aab322e8555b56c468614fafdab8a8f924e394cdc6cfd8232f77e9e4d123a133?s=96&d=mm&r=g","caption":"Carlos Roberto Sodr\u00e9"},"url":"https:\/\/ubanews.com\/site\/author\/sodre\/"}]}},"_links":{"self":[{"href":"https:\/\/ubanews.com\/site\/wp-json\/wp\/v2\/posts\/23399","targetHints":{"allow":["GET"]}}],"collection":[{"href":"https:\/\/ubanews.com\/site\/wp-json\/wp\/v2\/posts"}],"about":[{"href":"https:\/\/ubanews.com\/site\/wp-json\/wp\/v2\/types\/post"}],"author":[{"embeddable":true,"href":"https:\/\/ubanews.com\/site\/wp-json\/wp\/v2\/users\/4"}],"replies":[{"embeddable":true,"href":"https:\/\/ubanews.com\/site\/wp-json\/wp\/v2\/comments?post=23399"}],"version-history":[{"count":0,"href":"https:\/\/ubanews.com\/site\/wp-json\/wp\/v2\/posts\/23399\/revisions"}],"wp:featuredmedia":[{"embeddable":true,"href":"https:\/\/ubanews.com\/site\/wp-json\/wp\/v2\/media\/23400"}],"wp:attachment":[{"href":"https:\/\/ubanews.com\/site\/wp-json\/wp\/v2\/media?parent=23399"}],"wp:term":[{"taxonomy":"category","embeddable":true,"href":"https:\/\/ubanews.com\/site\/wp-json\/wp\/v2\/categories?post=23399"},{"taxonomy":"post_tag","embeddable":true,"href":"https:\/\/ubanews.com\/site\/wp-json\/wp\/v2\/tags?post=23399"}],"curies":[{"name":"wp","href":"https:\/\/api.w.org\/{rel}","templated":true}]}}