{"id":23387,"date":"2025-11-16T16:31:05","date_gmt":"2025-11-16T19:31:05","guid":{"rendered":"https:\/\/ubanews.com\/site\/?p=23387"},"modified":"2025-11-16T16:38:05","modified_gmt":"2025-11-16T19:38:05","slug":"livro-construindo-o-futuro-tributario-do-brasil","status":"publish","type":"post","link":"https:\/\/ubanews.com\/site\/2025\/11\/16\/livro-construindo-o-futuro-tributario-do-brasil\/","title":{"rendered":"livro Construindo o Futuro Tribut\u00e1rio do Brasil"},"content":{"rendered":"<p data-start=\"469\" data-end=\"572\"><strong data-start=\"471\" data-end=\"572\">Livro <em data-start=\"516\" data-end=\"559\">Construindo o Futuro Tribut\u00e1rio do Brasil<\/em> na OAB Ub\u00e1.\u00a0<\/strong>O programa <strong data-start=\"585\" data-end=\"599\">Fala Sodr\u00e9<\/strong> marcou presen\u00e7a em um dos eventos mais importantes do calend\u00e1rio jur\u00eddico e empresarial da regi\u00e3o. O lan\u00e7amento do livro <em data-start=\"721\" data-end=\"764\">Construindo o Futuro Tribut\u00e1rio do Brasil<\/em> movimentou a <strong data-start=\"778\" data-end=\"808\">30\u00aa Subse\u00e7\u00e3o da OAB de Ub\u00e1<\/strong>, com a presen\u00e7a de profissionais, empres\u00e1rios, advogados e interessados no impacto direto da reforma tribut\u00e1ria na vida de todos.<\/p>\n<h1 data-start=\"469\" data-end=\"572\"><strong data-start=\"471\" data-end=\"572\">Fala Sodr\u00e9 acompanha o lan\u00e7amento do livro <em data-start=\"516\" data-end=\"559\">Construindo o Futuro Tribut\u00e1rio do Brasil<\/em> na OAB Ub\u00e1<\/strong><\/h1>\n<p><a href=\"https:\/\/www.youtube.com\/live\/_giF3oTLt_Q?si=s1fMOgfBnGgH-xWE\" target=\"_blank\" rel=\"noopener\"><img decoding=\"async\" class=\"aligncenter size-medium wp-image-23388 lazyload\" data-src=\"https:\/\/ubanews.com\/site\/wp-content\/uploads\/2025\/11\/CONSTRUINDO-o-FUTURO-TRIBUTARIO-do-BRASIL-300x167.jpg\" alt=\"CONSTRUINDO o FUTURO TRIBUT\u00c1RIO do BRASIL \" width=\"300\" height=\"167\" data-srcset=\"https:\/\/ubanews.com\/site\/wp-content\/uploads\/2025\/11\/CONSTRUINDO-o-FUTURO-TRIBUTARIO-do-BRASIL-300x167.jpg 300w, https:\/\/ubanews.com\/site\/wp-content\/uploads\/2025\/11\/CONSTRUINDO-o-FUTURO-TRIBUTARIO-do-BRASIL-768x427.jpg 768w, https:\/\/ubanews.com\/site\/wp-content\/uploads\/2025\/11\/CONSTRUINDO-o-FUTURO-TRIBUTARIO-do-BRASIL-360x200.jpg 360w, https:\/\/ubanews.com\/site\/wp-content\/uploads\/2025\/11\/CONSTRUINDO-o-FUTURO-TRIBUTARIO-do-BRASIL.jpg 867w\" data-sizes=\"(max-width: 300px) 100vw, 300px\" src=\"data:image\/svg+xml;base64,PHN2ZyB3aWR0aD0iMSIgaGVpZ2h0PSIxIiB4bWxucz0iaHR0cDovL3d3dy53My5vcmcvMjAwMC9zdmciPjwvc3ZnPg==\" style=\"--smush-placeholder-width: 300px; --smush-placeholder-aspect-ratio: 300\/167;\" \/><\/a><\/p>\n<p data-start=\"940\" data-end=\"1173\">Logo no in\u00edcio da noite, o clima j\u00e1 mostrava que o encontro seria especial. Como anfitri\u00e3o, <strong data-start=\"1032\" data-end=\"1074\">Dr. Luiz Tarc\u00edsio N. Peixoto Guimar\u00e3es<\/strong>, presidente da subse\u00e7\u00e3o, recebeu os convidados com entusiasmo e destacou a import\u00e2ncia do momento.<\/p>\n<p data-start=\"1175\" data-end=\"1314\">\u201c<strong data-start=\"1176\" data-end=\"1303\">\u00c9 uma honra enorme para n\u00f3s recebermos autores da nossa terra, comprometidos com um tema t\u00e3o decisivo para o futuro do pa\u00eds<\/strong>\u201d, afirmou.<\/p>\n<p data-start=\"1316\" data-end=\"1522\">As imagens do evento foram registradas por <strong data-start=\"1359\" data-end=\"1374\">Laisa Sodr\u00e9<\/strong>, e o conte\u00fado gerado por <strong data-start=\"1400\" data-end=\"1435\">Pedro Henriques, da INDICCA.COM<\/strong>, em mais uma parceria que refor\u00e7a a valoriza\u00e7\u00e3o da informa\u00e7\u00e3o respons\u00e1vel e acess\u00edvel.<\/p>\n<hr data-start=\"1524\" data-end=\"1527\" \/>\n<h2 data-start=\"1529\" data-end=\"1558\"><strong data-start=\"1532\" data-end=\"1558\">O livro e seus autores<\/strong><\/h2>\n<p data-start=\"1560\" data-end=\"1861\">Os coautores <strong data-start=\"1573\" data-end=\"1606\">Dr. Cristiano Vieira de Paula<\/strong> e <strong data-start=\"1609\" data-end=\"1638\">Dr. Marcelo Fr\u00f3es Padilha<\/strong> comandaram uma palestra din\u00e2mica e direta sobre a reforma tribut\u00e1ria. O conte\u00fado do livro vai al\u00e9m da teoria e busca traduzir, de forma pr\u00e1tica, como as mudan\u00e7as v\u00e3o atingir empresas, consumidores e profissionais liberais.<\/p>\n<p data-start=\"1863\" data-end=\"1982\">Desde o in\u00edcio, os autores deixaram claro que a obra nasceu com uma miss\u00e3o: <strong data-start=\"1939\" data-end=\"1953\">esclarecer<\/strong>. Como afirmou Dr. Cristiano:<\/p>\n<blockquote data-start=\"1984\" data-end=\"2142\">\n<p data-start=\"1986\" data-end=\"2142\">\u201c<strong data-start=\"1987\" data-end=\"2141\">As pessoas s\u00f3 percebem a dimens\u00e3o da mudan\u00e7a quando ela j\u00e1 est\u00e1 em vigor. A reforma n\u00e3o \u00e9 algo distante. Ela j\u00e1 come\u00e7ou. E todos precisam se preparar.<\/strong>\u201d<\/p>\n<\/blockquote>\n<p data-start=\"2144\" data-end=\"2248\">A fala destacou a urg\u00eancia do tema e o compromisso dos autores em democratizar o acesso ao conhecimento.<\/p>\n<p data-start=\"2250\" data-end=\"2344\">J\u00e1 Dr. Marcelo, com sua experi\u00eancia de d\u00e9cadas acompanhando discuss\u00f5es tribut\u00e1rias, completou:<\/p>\n<blockquote data-start=\"2346\" data-end=\"2498\">\n<p data-start=\"2348\" data-end=\"2498\">\u201c<strong data-start=\"2349\" data-end=\"2497\">Estou h\u00e1 25 anos ouvindo falar de reforma tribut\u00e1ria. Agora ela chegou de verdade, com um impacto profundo sobre o modo de empreender no Brasil.<\/strong>\u201d<\/p>\n<\/blockquote>\n<p data-start=\"2500\" data-end=\"2650\">A observa\u00e7\u00e3o trouxe clareza ao p\u00fablico presente, refor\u00e7ando que a reforma n\u00e3o \u00e9 apenas t\u00e9cnica: ela altera a rotina das empresas e redefine processos.<\/p>\n<hr data-start=\"2652\" data-end=\"2655\" \/>\n<h2 data-start=\"2657\" data-end=\"2690\"><strong data-start=\"2660\" data-end=\"2690\">A entrevista no Fala Sodr\u00e9<\/strong><\/h2>\n<p data-start=\"2692\" data-end=\"2953\">O rep\u00f3rter <strong data-start=\"2703\" data-end=\"2727\">Carlos Roberto Sodr\u00e9<\/strong> conduziu uma entrevista objetiva, clara e repleta de informa\u00e7\u00f5es pr\u00e1ticas. Com sua caracter\u00edstica abordagem direta, Sodr\u00e9 pediu aos autores que explicassem, sem rodeios, o que empres\u00e1rios e profissionais precisam fazer agora.<\/p>\n<p data-start=\"2955\" data-end=\"2991\">Dr. Cristiano respondeu com firmeza:<\/p>\n<blockquote data-start=\"2993\" data-end=\"3142\">\n<p data-start=\"2995\" data-end=\"3142\">\u201c<strong data-start=\"2996\" data-end=\"3141\">O empres\u00e1rio que come\u00e7ar a se preparar agora vai sair cinco anos na frente. Quem n\u00e3o se organizar corre risco real de perder competitividade.<\/strong>\u201d<\/p>\n<\/blockquote>\n<p data-start=\"3144\" data-end=\"3180\">Em seguida, ele aprofundou o alerta:<\/p>\n<blockquote data-start=\"3182\" data-end=\"3353\">\n<p data-start=\"3184\" data-end=\"3353\">\u201c<strong data-start=\"3185\" data-end=\"3352\">N\u00e3o ser\u00e1 mais poss\u00edvel manter pr\u00e1ticas informais. A fiscaliza\u00e7\u00e3o digital vai cruzar dados em tempo real. O empres\u00e1rio que insistir no improviso n\u00e3o vai sobreviver.<\/strong>\u201d<\/p>\n<\/blockquote>\n<p data-start=\"3355\" data-end=\"3489\">A fala ecoou entre os presentes. Muitos anotaram, outros gravaram. A mensagem foi clara: <strong data-start=\"3444\" data-end=\"3488\">a reforma tribut\u00e1ria exige a\u00e7\u00e3o imediata<\/strong>.<\/p>\n<p data-start=\"3491\" data-end=\"3520\">Dr. Marcelo refor\u00e7ou o ponto:<\/p>\n<blockquote data-start=\"3522\" data-end=\"3627\">\n<p data-start=\"3524\" data-end=\"3627\">\u201c<strong data-start=\"3525\" data-end=\"3626\">N\u00e3o estamos falando apenas de novos impostos. Estamos falando da mudan\u00e7a da l\u00f3gica de empreender.<\/strong>\u201d<\/p>\n<\/blockquote>\n<p data-start=\"3629\" data-end=\"3832\">O Fala Sodr\u00e9 deu espa\u00e7o ainda para explicar os impactos sobre prestadores de servi\u00e7os, profissionais aut\u00f4nomos, propriet\u00e1rios de im\u00f3veis e empresas de todos os portes. Cada tema foi abordado com clareza.<\/p>\n<hr data-start=\"3834\" data-end=\"3837\" \/>\n<h2 data-start=\"3839\" data-end=\"3895\"><strong data-start=\"3842\" data-end=\"3895\">Reforma tribut\u00e1ria: impactos diretos no cotidiano<\/strong><\/h2>\n<p data-start=\"3897\" data-end=\"4005\">A palestra e a entrevista mostraram que a reforma n\u00e3o afeta apenas o setor cont\u00e1bil ou jur\u00eddico. Ela atinge:<\/p>\n<ul data-start=\"4007\" data-end=\"4246\">\n<li data-start=\"4007\" data-end=\"4034\">\n<p data-start=\"4009\" data-end=\"4034\">pre\u00e7o final de produtos<\/p>\n<\/li>\n<li data-start=\"4035\" data-end=\"4065\">\n<p data-start=\"4037\" data-end=\"4065\">forma de calcular impostos<\/p>\n<\/li>\n<li data-start=\"4066\" data-end=\"4090\">\n<p data-start=\"4068\" data-end=\"4090\">composi\u00e7\u00e3o de custos<\/p>\n<\/li>\n<li data-start=\"4091\" data-end=\"4128\">\n<p data-start=\"4093\" data-end=\"4128\">rela\u00e7\u00e3o entre faturamento e caixa<\/p>\n<\/li>\n<li data-start=\"4129\" data-end=\"4150\">\n<p data-start=\"4131\" data-end=\"4150\">gest\u00e3o financeira<\/p>\n<\/li>\n<li data-start=\"4151\" data-end=\"4174\">\n<p data-start=\"4153\" data-end=\"4174\">presta\u00e7\u00e3o de contas<\/p>\n<\/li>\n<li data-start=\"4175\" data-end=\"4204\">\n<p data-start=\"4177\" data-end=\"4204\">regulariza\u00e7\u00e3o imobili\u00e1ria<\/p>\n<\/li>\n<li data-start=\"4205\" data-end=\"4246\">\n<p data-start=\"4207\" data-end=\"4246\">opera\u00e7\u00e3o de micro e pequenas empresas<\/p>\n<\/li>\n<\/ul>\n<p data-start=\"4248\" data-end=\"4380\">Transi\u00e7\u00f5es constantes e diversas mudan\u00e7as est\u00e3o previstas entre <strong data-start=\"4312\" data-end=\"4327\">2025 e 2033<\/strong>, at\u00e9 que o novo modelo esteja totalmente implantado.<\/p>\n<p data-start=\"4382\" data-end=\"4453\">Dr. Cristiano destacou isso em uma das falas mais importantes da noite:<\/p>\n<blockquote data-start=\"4455\" data-end=\"4565\">\n<p data-start=\"4457\" data-end=\"4565\">\u201c<strong data-start=\"4458\" data-end=\"4564\">A reforma cria tamb\u00e9m uma reforma financeira. Quem n\u00e3o dominar custo, caixa e precifica\u00e7\u00e3o vai sofrer.<\/strong>\u201d<\/p>\n<\/blockquote>\n<hr data-start=\"4567\" data-end=\"4570\" \/>\n<h2 data-start=\"4572\" data-end=\"4619\"><strong data-start=\"4575\" data-end=\"4619\">A OAB Ub\u00e1 como ponte para o conhecimento<\/strong><\/h2>\n<p data-start=\"4621\" data-end=\"4740\">No encerramento, o presidente da subse\u00e7\u00e3o destacou que eventos como esse refor\u00e7am o compromisso da OAB com a sociedade.<\/p>\n<p data-start=\"4742\" data-end=\"4754\">Ele afirmou:<\/p>\n<blockquote data-start=\"4756\" data-end=\"4921\">\n<p data-start=\"4758\" data-end=\"4921\">\u201c<strong data-start=\"4759\" data-end=\"4920\">Nosso papel \u00e9 trazer conhecimento acess\u00edvel. Este livro foi escrito por profissionais comprometidos com a verdade e com a realidade do empres\u00e1rio brasileiro.<\/strong>\u201d<\/p>\n<\/blockquote>\n<p data-start=\"4923\" data-end=\"5081\">O evento contou tamb\u00e9m com a presen\u00e7a de advogados, estudantes e empres\u00e1rios que aproveitaram a oportunidade para tirar d\u00favidas e adquirir exemplares da obra.<\/p>\n<p data-start=\"5083\" data-end=\"5196\">Os livros permanecer\u00e3o dispon\u00edveis na sede da OAB de Ub\u00e1 para quem n\u00e3o conseguiu comparecer no dia do lan\u00e7amento.<\/p>\n<hr data-start=\"5198\" data-end=\"5201\" \/>\n<h2 data-start=\"5203\" data-end=\"5242\"><strong data-start=\"5206\" data-end=\"5242\">Um encontro que fica na hist\u00f3ria<\/strong><\/h2>\n<p data-start=\"5244\" data-end=\"5478\">O registro feito pelo <strong data-start=\"5266\" data-end=\"5280\">Fala Sodr\u00e9<\/strong>, com imagens de <strong data-start=\"5297\" data-end=\"5312\">Laisa Sodr\u00e9<\/strong> e conte\u00fado gerado por <strong data-start=\"5335\" data-end=\"5369\">Pedro Henriques da INDICCA.COM<\/strong>, refor\u00e7a o valor de iniciativas que unem informa\u00e7\u00e3o t\u00e9cnica, linguagem acess\u00edvel e di\u00e1logo com a comunidade.<\/p>\n<p data-start=\"5480\" data-end=\"5711\">Em um momento em que o Brasil passa pela maior transforma\u00e7\u00e3o tribut\u00e1ria de sua hist\u00f3ria, encontros como este tornam o debate mais claro, mais humano e mais pr\u00f3ximo de quem realmente precisa entender: <strong data-start=\"5680\" data-end=\"5710\">o cidad\u00e3o e o empreendedor<\/strong>.<\/p>\n<p data-start=\"5713\" data-end=\"5904\">O lan\u00e7amento de <em data-start=\"5729\" data-end=\"5772\">Construindo o Futuro Tribut\u00e1rio do Brasil<\/em> n\u00e3o foi apenas um evento. Foi uma aula, um alerta e um convite para que todos se preparem para o futuro \u2014 um futuro que j\u00e1 come\u00e7ou.<\/p>\n<p><iframe title=\"Fala Sodr\u00e9: cobertura exclusiva do lan\u00e7amento do livro CONSTRUINDO o FUTURO TRIBUT\u00c1RIO do BRASIL\" width=\"840\" height=\"473\" data-src=\"https:\/\/www.youtube.com\/embed\/_giF3oTLt_Q?feature=oembed\" frameborder=\"0\" allow=\"accelerometer; autoplay; clipboard-write; encrypted-media; gyroscope; picture-in-picture; web-share\" referrerpolicy=\"strict-origin-when-cross-origin\" allowfullscreen src=\"data:image\/svg+xml;base64,PHN2ZyB3aWR0aD0iMSIgaGVpZ2h0PSIxIiB4bWxucz0iaHR0cDovL3d3dy53My5vcmcvMjAwMC9zdmciPjwvc3ZnPg==\" class=\"lazyload\" data-load-mode=\"1\"><\/iframe><\/p>\n<p style=\"margin: 0in; font-size: 20.0pt;\"><span style=\"font-family: 'Segoe UI Emoji';\">&#x1f4da; <\/span><span style=\"font-weight: bold; font-family: Calibri;\">Cobertura:<\/span><span style=\"font-family: Calibri;\"> Carlos Roberto Sodr\u00e9 <\/span><a href=\"https:\/\/wa.me\/553298481334\"><span style=\"font-family: Calibri;\">WhatsApp<\/span><\/a><\/p>\n<p style=\"margin: 0in; font-size: 20.0pt;\"><span style=\"font-family: 'Segoe UI Emoji';\">&#x1f4f8; <\/span><span style=\"font-weight: bold; font-family: Calibri;\">Imagens:<\/span><span style=\"font-family: Calibri;\"> Laisa Sodr\u00e9<\/span><\/p>\n<p style=\"margin: 0in; font-size: 20.0pt;\"><span style=\"font-family: 'Segoe UI Emoji';\">&#x1f4dd; <\/span><span style=\"font-weight: bold; font-family: Calibri;\">Conte\u00fado: <\/span><a href=\"https:\/\/www.linkedin.com\/in\/pedrohgf\/\"><span style=\"font-family: Calibri;\">Pedro Henriques<\/span><\/a><span style=\"font-family: Calibri;\"> \u2013 <\/span><a href=\"https:\/\/indicca.com.br\/blog\/\"><span style=\"font-family: Calibri;\">INDICCA.COM<\/span><\/a><span style=\"font-family: Calibri;\">\u00a0 <\/span><a href=\"https:\/\/wa.me\/5532988020057\"><span style=\"font-family: Calibri;\">WhatsApp<\/span><\/a><\/p>\n<p style=\"margin: 0in; font-size: 20.0pt;\"><span style=\"font-family: 'Segoe UI Emoji';\">&#x1f393; <\/span><span style=\"font-weight: bold; font-family: Calibri;\">Evento: <\/span><strong data-start=\"471\" data-end=\"572\">Fala Sodr\u00e9 acompanha o lan\u00e7amento do livro <em data-start=\"516\" data-end=\"559\">Construindo o Futuro Tribut\u00e1rio do Brasil<\/em> na OAB Ub\u00e1<\/strong><\/p>\n<p data-start=\"5713\" data-end=\"5904\">\n","protected":false},"excerpt":{"rendered":"<p>Livro Construindo o Futuro Tribut\u00e1rio do Brasil na OAB Ub\u00e1.\u00a0O<\/p>\n","protected":false},"author":4,"featured_media":23388,"comment_status":"open","ping_status":"open","sticky":false,"template":"","format":"standard","meta":{"footnotes":""},"categories":[1,3],"tags":[223,59,60],"class_list":["post-23387","post","type-post","status-publish","format-standard","has-post-thumbnail","hentry","category-sem-categoria","category-slide","tag-construindo-o-futuro-tributario-do-brasil","tag-fala-sodre","tag-ubanews"],"yoast_head":"<!-- This site is optimized with the Yoast SEO plugin v27.2 - https:\/\/yoast.com\/product\/yoast-seo-wordpress\/ -->\n<title>livro Construindo o Futuro Tribut\u00e1rio do Brasil - Ub\u00e1 News<\/title>\n<meta name=\"description\" content=\"livro Construindo o Futuro Tribut\u00e1rio do Brasil. Fala Sodr\u00e9 acompanha o lan\u00e7amento do livro na OAB Ub\u00e1 30\u00aa Subse\u00e7\u00e3o.\" \/>\n<meta name=\"robots\" content=\"index, follow, max-snippet:-1, max-image-preview:large, max-video-preview:-1\" \/>\n<link rel=\"canonical\" href=\"https:\/\/ubanews.com\/site\/2025\/11\/16\/livro-construindo-o-futuro-tributario-do-brasil\/\" \/>\n<meta property=\"og:locale\" content=\"pt_BR\" \/>\n<meta property=\"og:type\" content=\"article\" \/>\n<meta property=\"og:title\" content=\"livro Construindo o Futuro Tribut\u00e1rio do Brasil - Ub\u00e1 News\" \/>\n<meta property=\"og:description\" content=\"livro Construindo o Futuro Tribut\u00e1rio do Brasil. Fala Sodr\u00e9 acompanha o lan\u00e7amento do livro na OAB Ub\u00e1 30\u00aa Subse\u00e7\u00e3o.\" \/>\n<meta property=\"og:url\" content=\"https:\/\/ubanews.com\/site\/2025\/11\/16\/livro-construindo-o-futuro-tributario-do-brasil\/\" \/>\n<meta property=\"og:site_name\" content=\"Ub\u00e1 News\" \/>\n<meta property=\"article:publisher\" content=\"https:\/\/www.facebook.com\/Ub%c3%a1News-Carlos-Roberto-Sodr%c3%a9-418778301977370\" \/>\n<meta property=\"article:published_time\" content=\"2025-11-16T19:31:05+00:00\" \/>\n<meta property=\"article:modified_time\" content=\"2025-11-16T19:38:05+00:00\" \/>\n<meta property=\"og:image\" content=\"https:\/\/ubanews.com\/site\/wp-content\/uploads\/2025\/11\/CONSTRUINDO-o-FUTURO-TRIBUTARIO-do-BRASIL.jpg\" \/>\n\t<meta property=\"og:image:width\" content=\"867\" \/>\n\t<meta property=\"og:image:height\" content=\"482\" \/>\n\t<meta property=\"og:image:type\" content=\"image\/jpeg\" \/>\n<meta name=\"author\" content=\"Carlos Roberto Sodr\u00e9\" \/>\n<meta name=\"twitter:card\" content=\"summary_large_image\" \/>\n<meta name=\"twitter:label1\" content=\"Escrito por\" \/>\n\t<meta name=\"twitter:data1\" content=\"Carlos Roberto Sodr\u00e9\" \/>\n\t<meta name=\"twitter:label2\" content=\"Est. tempo de leitura\" \/>\n\t<meta name=\"twitter:data2\" content=\"5 minutos\" \/>\n<script type=\"application\/ld+json\" class=\"yoast-schema-graph\">{\"@context\":\"https:\/\/schema.org\",\"@graph\":[{\"@type\":\"Article\",\"@id\":\"https:\/\/ubanews.com\/site\/2025\/11\/16\/livro-construindo-o-futuro-tributario-do-brasil\/#article\",\"isPartOf\":{\"@id\":\"https:\/\/ubanews.com\/site\/2025\/11\/16\/livro-construindo-o-futuro-tributario-do-brasil\/\"},\"author\":{\"name\":\"Carlos Roberto Sodr\u00e9\",\"@id\":\"https:\/\/ubanews.com\/site\/#\/schema\/person\/9d8da9ec3c8d00640ab6e8c81e103310\"},\"headline\":\"livro Construindo o Futuro Tribut\u00e1rio do Brasil\",\"datePublished\":\"2025-11-16T19:31:05+00:00\",\"dateModified\":\"2025-11-16T19:38:05+00:00\",\"mainEntityOfPage\":{\"@id\":\"https:\/\/ubanews.com\/site\/2025\/11\/16\/livro-construindo-o-futuro-tributario-do-brasil\/\"},\"wordCount\":1013,\"commentCount\":0,\"publisher\":{\"@id\":\"https:\/\/ubanews.com\/site\/#organization\"},\"image\":{\"@id\":\"https:\/\/ubanews.com\/site\/2025\/11\/16\/livro-construindo-o-futuro-tributario-do-brasil\/#primaryimage\"},\"thumbnailUrl\":\"https:\/\/ubanews.com\/site\/wp-content\/uploads\/2025\/11\/CONSTRUINDO-o-FUTURO-TRIBUTARIO-do-BRASIL.jpg\",\"keywords\":[\"CONSTRUINDO o FUTURO TRIBUT\u00c1RIO do BRASIL\",\"Fala Sodr\u00e9\",\"UBANEWS\"],\"articleSection\":[\"Geral\",\"Slide\"],\"inLanguage\":\"pt-BR\",\"potentialAction\":[{\"@type\":\"CommentAction\",\"name\":\"Comment\",\"target\":[\"https:\/\/ubanews.com\/site\/2025\/11\/16\/livro-construindo-o-futuro-tributario-do-brasil\/#respond\"]}]},{\"@type\":\"WebPage\",\"@id\":\"https:\/\/ubanews.com\/site\/2025\/11\/16\/livro-construindo-o-futuro-tributario-do-brasil\/\",\"url\":\"https:\/\/ubanews.com\/site\/2025\/11\/16\/livro-construindo-o-futuro-tributario-do-brasil\/\",\"name\":\"livro Construindo o Futuro Tribut\u00e1rio do Brasil - Ub\u00e1 News\",\"isPartOf\":{\"@id\":\"https:\/\/ubanews.com\/site\/#website\"},\"primaryImageOfPage\":{\"@id\":\"https:\/\/ubanews.com\/site\/2025\/11\/16\/livro-construindo-o-futuro-tributario-do-brasil\/#primaryimage\"},\"image\":{\"@id\":\"https:\/\/ubanews.com\/site\/2025\/11\/16\/livro-construindo-o-futuro-tributario-do-brasil\/#primaryimage\"},\"thumbnailUrl\":\"https:\/\/ubanews.com\/site\/wp-content\/uploads\/2025\/11\/CONSTRUINDO-o-FUTURO-TRIBUTARIO-do-BRASIL.jpg\",\"datePublished\":\"2025-11-16T19:31:05+00:00\",\"dateModified\":\"2025-11-16T19:38:05+00:00\",\"description\":\"livro Construindo o Futuro Tribut\u00e1rio do Brasil. Fala Sodr\u00e9 acompanha o lan\u00e7amento do livro na OAB Ub\u00e1 30\u00aa Subse\u00e7\u00e3o.\",\"breadcrumb\":{\"@id\":\"https:\/\/ubanews.com\/site\/2025\/11\/16\/livro-construindo-o-futuro-tributario-do-brasil\/#breadcrumb\"},\"inLanguage\":\"pt-BR\",\"potentialAction\":[{\"@type\":\"ReadAction\",\"target\":[\"https:\/\/ubanews.com\/site\/2025\/11\/16\/livro-construindo-o-futuro-tributario-do-brasil\/\"]}]},{\"@type\":\"ImageObject\",\"inLanguage\":\"pt-BR\",\"@id\":\"https:\/\/ubanews.com\/site\/2025\/11\/16\/livro-construindo-o-futuro-tributario-do-brasil\/#primaryimage\",\"url\":\"https:\/\/ubanews.com\/site\/wp-content\/uploads\/2025\/11\/CONSTRUINDO-o-FUTURO-TRIBUTARIO-do-BRASIL.jpg\",\"contentUrl\":\"https:\/\/ubanews.com\/site\/wp-content\/uploads\/2025\/11\/CONSTRUINDO-o-FUTURO-TRIBUTARIO-do-BRASIL.jpg\",\"width\":867,\"height\":482,\"caption\":\"CONSTRUINDO o FUTURO TRIBUT\u00c1RIO do BRASIL\"},{\"@type\":\"BreadcrumbList\",\"@id\":\"https:\/\/ubanews.com\/site\/2025\/11\/16\/livro-construindo-o-futuro-tributario-do-brasil\/#breadcrumb\",\"itemListElement\":[{\"@type\":\"ListItem\",\"position\":1,\"name\":\"Home\",\"item\":\"https:\/\/ubanews.com\/site\/\"},{\"@type\":\"ListItem\",\"position\":2,\"name\":\"livro Construindo o Futuro Tribut\u00e1rio do Brasil\"}]},{\"@type\":\"WebSite\",\"@id\":\"https:\/\/ubanews.com\/site\/#website\",\"url\":\"https:\/\/ubanews.com\/site\/\",\"name\":\"Ub\u00e1 News\",\"description\":\"\",\"publisher\":{\"@id\":\"https:\/\/ubanews.com\/site\/#organization\"},\"potentialAction\":[{\"@type\":\"SearchAction\",\"target\":{\"@type\":\"EntryPoint\",\"urlTemplate\":\"https:\/\/ubanews.com\/site\/?s={search_term_string}\"},\"query-input\":{\"@type\":\"PropertyValueSpecification\",\"valueRequired\":true,\"valueName\":\"search_term_string\"}}],\"inLanguage\":\"pt-BR\"},{\"@type\":\"Organization\",\"@id\":\"https:\/\/ubanews.com\/site\/#organization\",\"name\":\"Ub\u00e1 News\",\"url\":\"https:\/\/ubanews.com\/site\/\",\"logo\":{\"@type\":\"ImageObject\",\"inLanguage\":\"pt-BR\",\"@id\":\"https:\/\/ubanews.com\/site\/#\/schema\/logo\/image\/\",\"url\":\"https:\/\/ubanews.com\/site\/wp-content\/uploads\/2018\/01\/logoubanews.png\",\"contentUrl\":\"https:\/\/ubanews.com\/site\/wp-content\/uploads\/2018\/01\/logoubanews.png\",\"width\":261,\"height\":99,\"caption\":\"Ub\u00e1 News\"},\"image\":{\"@id\":\"https:\/\/ubanews.com\/site\/#\/schema\/logo\/image\/\"},\"sameAs\":[\"https:\/\/www.facebook.com\/Ub\u00e1News-Carlos-Roberto-Sodr\u00e9-418778301977370\"]},{\"@type\":\"Person\",\"@id\":\"https:\/\/ubanews.com\/site\/#\/schema\/person\/9d8da9ec3c8d00640ab6e8c81e103310\",\"name\":\"Carlos Roberto Sodr\u00e9\",\"image\":{\"@type\":\"ImageObject\",\"inLanguage\":\"pt-BR\",\"@id\":\"https:\/\/secure.gravatar.com\/avatar\/aab322e8555b56c468614fafdab8a8f924e394cdc6cfd8232f77e9e4d123a133?s=96&d=mm&r=g\",\"url\":\"https:\/\/secure.gravatar.com\/avatar\/aab322e8555b56c468614fafdab8a8f924e394cdc6cfd8232f77e9e4d123a133?s=96&d=mm&r=g\",\"contentUrl\":\"https:\/\/secure.gravatar.com\/avatar\/aab322e8555b56c468614fafdab8a8f924e394cdc6cfd8232f77e9e4d123a133?s=96&d=mm&r=g\",\"caption\":\"Carlos Roberto Sodr\u00e9\"},\"url\":\"https:\/\/ubanews.com\/site\/author\/sodre\/\"}]}<\/script>\n<!-- \/ Yoast SEO plugin. -->","yoast_head_json":{"title":"livro Construindo o Futuro Tribut\u00e1rio do Brasil - Ub\u00e1 News","description":"livro Construindo o Futuro Tribut\u00e1rio do Brasil. Fala Sodr\u00e9 acompanha o lan\u00e7amento do livro na OAB Ub\u00e1 30\u00aa Subse\u00e7\u00e3o.","robots":{"index":"index","follow":"follow","max-snippet":"max-snippet:-1","max-image-preview":"max-image-preview:large","max-video-preview":"max-video-preview:-1"},"canonical":"https:\/\/ubanews.com\/site\/2025\/11\/16\/livro-construindo-o-futuro-tributario-do-brasil\/","og_locale":"pt_BR","og_type":"article","og_title":"livro Construindo o Futuro Tribut\u00e1rio do Brasil - Ub\u00e1 News","og_description":"livro Construindo o Futuro Tribut\u00e1rio do Brasil. Fala Sodr\u00e9 acompanha o lan\u00e7amento do livro na OAB Ub\u00e1 30\u00aa Subse\u00e7\u00e3o.","og_url":"https:\/\/ubanews.com\/site\/2025\/11\/16\/livro-construindo-o-futuro-tributario-do-brasil\/","og_site_name":"Ub\u00e1 News","article_publisher":"https:\/\/www.facebook.com\/Ub%c3%a1News-Carlos-Roberto-Sodr%c3%a9-418778301977370","article_published_time":"2025-11-16T19:31:05+00:00","article_modified_time":"2025-11-16T19:38:05+00:00","og_image":[{"width":867,"height":482,"url":"https:\/\/ubanews.com\/site\/wp-content\/uploads\/2025\/11\/CONSTRUINDO-o-FUTURO-TRIBUTARIO-do-BRASIL.jpg","type":"image\/jpeg"}],"author":"Carlos Roberto Sodr\u00e9","twitter_card":"summary_large_image","twitter_misc":{"Escrito por":"Carlos Roberto Sodr\u00e9","Est. tempo de leitura":"5 minutos"},"schema":{"@context":"https:\/\/schema.org","@graph":[{"@type":"Article","@id":"https:\/\/ubanews.com\/site\/2025\/11\/16\/livro-construindo-o-futuro-tributario-do-brasil\/#article","isPartOf":{"@id":"https:\/\/ubanews.com\/site\/2025\/11\/16\/livro-construindo-o-futuro-tributario-do-brasil\/"},"author":{"name":"Carlos Roberto Sodr\u00e9","@id":"https:\/\/ubanews.com\/site\/#\/schema\/person\/9d8da9ec3c8d00640ab6e8c81e103310"},"headline":"livro Construindo o Futuro Tribut\u00e1rio do Brasil","datePublished":"2025-11-16T19:31:05+00:00","dateModified":"2025-11-16T19:38:05+00:00","mainEntityOfPage":{"@id":"https:\/\/ubanews.com\/site\/2025\/11\/16\/livro-construindo-o-futuro-tributario-do-brasil\/"},"wordCount":1013,"commentCount":0,"publisher":{"@id":"https:\/\/ubanews.com\/site\/#organization"},"image":{"@id":"https:\/\/ubanews.com\/site\/2025\/11\/16\/livro-construindo-o-futuro-tributario-do-brasil\/#primaryimage"},"thumbnailUrl":"https:\/\/ubanews.com\/site\/wp-content\/uploads\/2025\/11\/CONSTRUINDO-o-FUTURO-TRIBUTARIO-do-BRASIL.jpg","keywords":["CONSTRUINDO o FUTURO TRIBUT\u00c1RIO do BRASIL","Fala Sodr\u00e9","UBANEWS"],"articleSection":["Geral","Slide"],"inLanguage":"pt-BR","potentialAction":[{"@type":"CommentAction","name":"Comment","target":["https:\/\/ubanews.com\/site\/2025\/11\/16\/livro-construindo-o-futuro-tributario-do-brasil\/#respond"]}]},{"@type":"WebPage","@id":"https:\/\/ubanews.com\/site\/2025\/11\/16\/livro-construindo-o-futuro-tributario-do-brasil\/","url":"https:\/\/ubanews.com\/site\/2025\/11\/16\/livro-construindo-o-futuro-tributario-do-brasil\/","name":"livro Construindo o Futuro Tribut\u00e1rio do Brasil - Ub\u00e1 News","isPartOf":{"@id":"https:\/\/ubanews.com\/site\/#website"},"primaryImageOfPage":{"@id":"https:\/\/ubanews.com\/site\/2025\/11\/16\/livro-construindo-o-futuro-tributario-do-brasil\/#primaryimage"},"image":{"@id":"https:\/\/ubanews.com\/site\/2025\/11\/16\/livro-construindo-o-futuro-tributario-do-brasil\/#primaryimage"},"thumbnailUrl":"https:\/\/ubanews.com\/site\/wp-content\/uploads\/2025\/11\/CONSTRUINDO-o-FUTURO-TRIBUTARIO-do-BRASIL.jpg","datePublished":"2025-11-16T19:31:05+00:00","dateModified":"2025-11-16T19:38:05+00:00","description":"livro Construindo o Futuro Tribut\u00e1rio do Brasil. Fala Sodr\u00e9 acompanha o lan\u00e7amento do livro na OAB Ub\u00e1 30\u00aa Subse\u00e7\u00e3o.","breadcrumb":{"@id":"https:\/\/ubanews.com\/site\/2025\/11\/16\/livro-construindo-o-futuro-tributario-do-brasil\/#breadcrumb"},"inLanguage":"pt-BR","potentialAction":[{"@type":"ReadAction","target":["https:\/\/ubanews.com\/site\/2025\/11\/16\/livro-construindo-o-futuro-tributario-do-brasil\/"]}]},{"@type":"ImageObject","inLanguage":"pt-BR","@id":"https:\/\/ubanews.com\/site\/2025\/11\/16\/livro-construindo-o-futuro-tributario-do-brasil\/#primaryimage","url":"https:\/\/ubanews.com\/site\/wp-content\/uploads\/2025\/11\/CONSTRUINDO-o-FUTURO-TRIBUTARIO-do-BRASIL.jpg","contentUrl":"https:\/\/ubanews.com\/site\/wp-content\/uploads\/2025\/11\/CONSTRUINDO-o-FUTURO-TRIBUTARIO-do-BRASIL.jpg","width":867,"height":482,"caption":"CONSTRUINDO o FUTURO TRIBUT\u00c1RIO do BRASIL"},{"@type":"BreadcrumbList","@id":"https:\/\/ubanews.com\/site\/2025\/11\/16\/livro-construindo-o-futuro-tributario-do-brasil\/#breadcrumb","itemListElement":[{"@type":"ListItem","position":1,"name":"Home","item":"https:\/\/ubanews.com\/site\/"},{"@type":"ListItem","position":2,"name":"livro Construindo o Futuro Tribut\u00e1rio do Brasil"}]},{"@type":"WebSite","@id":"https:\/\/ubanews.com\/site\/#website","url":"https:\/\/ubanews.com\/site\/","name":"Ub\u00e1 News","description":"","publisher":{"@id":"https:\/\/ubanews.com\/site\/#organization"},"potentialAction":[{"@type":"SearchAction","target":{"@type":"EntryPoint","urlTemplate":"https:\/\/ubanews.com\/site\/?s={search_term_string}"},"query-input":{"@type":"PropertyValueSpecification","valueRequired":true,"valueName":"search_term_string"}}],"inLanguage":"pt-BR"},{"@type":"Organization","@id":"https:\/\/ubanews.com\/site\/#organization","name":"Ub\u00e1 News","url":"https:\/\/ubanews.com\/site\/","logo":{"@type":"ImageObject","inLanguage":"pt-BR","@id":"https:\/\/ubanews.com\/site\/#\/schema\/logo\/image\/","url":"https:\/\/ubanews.com\/site\/wp-content\/uploads\/2018\/01\/logoubanews.png","contentUrl":"https:\/\/ubanews.com\/site\/wp-content\/uploads\/2018\/01\/logoubanews.png","width":261,"height":99,"caption":"Ub\u00e1 News"},"image":{"@id":"https:\/\/ubanews.com\/site\/#\/schema\/logo\/image\/"},"sameAs":["https:\/\/www.facebook.com\/Ub\u00e1News-Carlos-Roberto-Sodr\u00e9-418778301977370"]},{"@type":"Person","@id":"https:\/\/ubanews.com\/site\/#\/schema\/person\/9d8da9ec3c8d00640ab6e8c81e103310","name":"Carlos Roberto Sodr\u00e9","image":{"@type":"ImageObject","inLanguage":"pt-BR","@id":"https:\/\/secure.gravatar.com\/avatar\/aab322e8555b56c468614fafdab8a8f924e394cdc6cfd8232f77e9e4d123a133?s=96&d=mm&r=g","url":"https:\/\/secure.gravatar.com\/avatar\/aab322e8555b56c468614fafdab8a8f924e394cdc6cfd8232f77e9e4d123a133?s=96&d=mm&r=g","contentUrl":"https:\/\/secure.gravatar.com\/avatar\/aab322e8555b56c468614fafdab8a8f924e394cdc6cfd8232f77e9e4d123a133?s=96&d=mm&r=g","caption":"Carlos Roberto Sodr\u00e9"},"url":"https:\/\/ubanews.com\/site\/author\/sodre\/"}]}},"_links":{"self":[{"href":"https:\/\/ubanews.com\/site\/wp-json\/wp\/v2\/posts\/23387","targetHints":{"allow":["GET"]}}],"collection":[{"href":"https:\/\/ubanews.com\/site\/wp-json\/wp\/v2\/posts"}],"about":[{"href":"https:\/\/ubanews.com\/site\/wp-json\/wp\/v2\/types\/post"}],"author":[{"embeddable":true,"href":"https:\/\/ubanews.com\/site\/wp-json\/wp\/v2\/users\/4"}],"replies":[{"embeddable":true,"href":"https:\/\/ubanews.com\/site\/wp-json\/wp\/v2\/comments?post=23387"}],"version-history":[{"count":0,"href":"https:\/\/ubanews.com\/site\/wp-json\/wp\/v2\/posts\/23387\/revisions"}],"wp:featuredmedia":[{"embeddable":true,"href":"https:\/\/ubanews.com\/site\/wp-json\/wp\/v2\/media\/23388"}],"wp:attachment":[{"href":"https:\/\/ubanews.com\/site\/wp-json\/wp\/v2\/media?parent=23387"}],"wp:term":[{"taxonomy":"category","embeddable":true,"href":"https:\/\/ubanews.com\/site\/wp-json\/wp\/v2\/categories?post=23387"},{"taxonomy":"post_tag","embeddable":true,"href":"https:\/\/ubanews.com\/site\/wp-json\/wp\/v2\/tags?post=23387"}],"curies":[{"name":"wp","href":"https:\/\/api.w.org\/{rel}","templated":true}]}}