{"id":23379,"date":"2025-11-13T10:52:54","date_gmt":"2025-11-13T13:52:54","guid":{"rendered":"https:\/\/ubanews.com\/site\/?p=23379"},"modified":"2025-11-13T10:52:54","modified_gmt":"2025-11-13T13:52:54","slug":"boletim-da-gcm-uba-12-novembro-2025","status":"publish","type":"post","link":"https:\/\/ubanews.com\/site\/2025\/11\/13\/boletim-da-gcm-uba-12-novembro-2025\/","title":{"rendered":"Boletim da GCM Ub\u00e1 12 Novembro 2025"},"content":{"rendered":"<p>Boletim da Guarda Civil Municipal de Ub\u00e1, Ub\u00e1, 12 de Novembro de 2025<br \/>\nNesta ter\u00e7a-feira, dia 12, a Guarda Civil Municipal de Ub\u00e1 realizou tr\u00eas importantes pris\u00f5es em<br \/>\ndiferentes pontos da cidade.<\/p>\n<p>Boletim da GCM Ub\u00e1 12 Novembro 2025<\/p>\n<p><img decoding=\"async\" class=\"aligncenter size-medium wp-image-23380 lazyload\" data-src=\"https:\/\/ubanews.com\/site\/wp-content\/uploads\/2025\/11\/Fato-Policial-1-300x225.jpeg\" alt=\"Fato Policial\n\" width=\"300\" height=\"225\" data-srcset=\"https:\/\/ubanews.com\/site\/wp-content\/uploads\/2025\/11\/Fato-Policial-1-300x225.jpeg 300w, https:\/\/ubanews.com\/site\/wp-content\/uploads\/2025\/11\/Fato-Policial-1-1024x768.jpeg 1024w, https:\/\/ubanews.com\/site\/wp-content\/uploads\/2025\/11\/Fato-Policial-1-768x576.jpeg 768w, https:\/\/ubanews.com\/site\/wp-content\/uploads\/2025\/11\/Fato-Policial-1-1536x1153.jpeg 1536w, https:\/\/ubanews.com\/site\/wp-content\/uploads\/2025\/11\/Fato-Policial-1.jpeg 1599w\" data-sizes=\"(max-width: 300px) 100vw, 300px\" src=\"data:image\/svg+xml;base64,PHN2ZyB3aWR0aD0iMSIgaGVpZ2h0PSIxIiB4bWxucz0iaHR0cDovL3d3dy53My5vcmcvMjAwMC9zdmciPjwvc3ZnPg==\" style=\"--smush-placeholder-width: 300px; --smush-placeholder-aspect-ratio: 300\/225;\" \/><br \/>\nPris\u00e3o por importuna\u00e7\u00e3o sexual: por volta das 8 horas, a equipe da Guarda civil municipal composta<br \/>\npelos GCMs Gomes, Parma, foi acionada para atender a uma ocorr\u00eancia grave de importuna\u00e7\u00e3o<br \/>\nsexual. De acordo com o relato da v\u00edtima, o agressor \u2014 seu padrasto \u2014 a segurou pelos cabelos e<br \/>\nencostou seu \u00f3rg\u00e3o genital na altura da cintura. O homem foi preso em flagrante e encaminhado \u00e0<br \/>\nDelegacia de Pol\u00edcia.<br \/>\nPris\u00e3o por viol\u00eancia dom\u00e9stica: ainda durante a manh\u00e3, outra equipe da Guarda Civil Municipal,<br \/>\ncomposta pelos GCMs Souza e Leandro prenderam um homem acusado de agredir a pr\u00f3pria m\u00e3e<br \/>\ndentro de um coletivo. Ap\u00f3s rastreamento o autor foi localizado no bairro S\u00e3o Domingos preso e<br \/>\nconduzido \u00e0 Delegacia de policia civil.<br \/>\nCumprimento de mandado de pris\u00e3o: j\u00e1 no per\u00edodo da tarde, por volta das 14 horas, durante<br \/>\npatrulhamento no bairro Santa Edwiges, a equipe da Guarda Civil Municipal composta pelos GCMs<br \/>\nMartins, Lopes e Pires abordou um cidad\u00e3o constatando um mandado de pris\u00e3o em aberto. O<br \/>\nindiv\u00edduo foi detido, encaminhado a Delegacia de Policia Civil e posteriormente ao pres\u00eddio local.<br \/>\nA Guarda Civil Municipal de Ub\u00e1 segue atuando com firmeza, responsabilidade e compromisso na<br \/>\nseguran\u00e7a e prote\u00e7\u00e3o da popula\u00e7\u00e3o ubaense.<br \/>\nCristiano Soares Bazzolli<br \/>\nComandante da Guarda Civil Municipal de Ub\u00e1 \u2013 MG<\/p>\n","protected":false},"excerpt":{"rendered":"<p>Boletim da Guarda Civil Municipal de Ub\u00e1, Ub\u00e1, 12 de<\/p>\n","protected":false},"author":4,"featured_media":0,"comment_status":"open","ping_status":"open","sticky":false,"template":"","format":"standard","meta":{"footnotes":""},"categories":[1],"tags":[],"class_list":["post-23379","post","type-post","status-publish","format-standard","hentry","category-sem-categoria"],"yoast_head":"<!-- This site is optimized with the Yoast SEO plugin v27.2 - https:\/\/yoast.com\/product\/yoast-seo-wordpress\/ -->\n<title>Boletim da GCM Ub\u00e1 12 Novembro 2025 - Ub\u00e1 News<\/title>\n<meta name=\"description\" content=\"Boletim da GCM Ub\u00e1 12 Novembro 2025\" \/>\n<meta name=\"robots\" content=\"index, follow, max-snippet:-1, max-image-preview:large, max-video-preview:-1\" \/>\n<link rel=\"canonical\" href=\"https:\/\/ubanews.com\/site\/2025\/11\/13\/boletim-da-gcm-uba-12-novembro-2025\/\" \/>\n<meta property=\"og:locale\" content=\"pt_BR\" \/>\n<meta property=\"og:type\" content=\"article\" \/>\n<meta property=\"og:title\" content=\"Boletim da GCM Ub\u00e1 12 Novembro 2025 - Ub\u00e1 News\" \/>\n<meta property=\"og:description\" content=\"Boletim da GCM Ub\u00e1 12 Novembro 2025\" \/>\n<meta property=\"og:url\" content=\"https:\/\/ubanews.com\/site\/2025\/11\/13\/boletim-da-gcm-uba-12-novembro-2025\/\" \/>\n<meta property=\"og:site_name\" content=\"Ub\u00e1 News\" \/>\n<meta property=\"article:publisher\" content=\"https:\/\/www.facebook.com\/Ub%c3%a1News-Carlos-Roberto-Sodr%c3%a9-418778301977370\" \/>\n<meta property=\"article:published_time\" content=\"2025-11-13T13:52:54+00:00\" \/>\n<meta property=\"og:image\" content=\"https:\/\/ubanews.com\/site\/wp-content\/uploads\/2025\/11\/Fato-Policial-1.jpeg\" \/>\n\t<meta property=\"og:image:width\" content=\"1599\" \/>\n\t<meta property=\"og:image:height\" content=\"1200\" \/>\n\t<meta property=\"og:image:type\" content=\"image\/jpeg\" \/>\n<meta name=\"author\" content=\"Carlos Roberto Sodr\u00e9\" \/>\n<meta name=\"twitter:card\" content=\"summary_large_image\" \/>\n<meta name=\"twitter:label1\" content=\"Escrito por\" \/>\n\t<meta name=\"twitter:data1\" content=\"Carlos Roberto Sodr\u00e9\" \/>\n\t<meta name=\"twitter:label2\" content=\"Est. tempo de leitura\" \/>\n\t<meta name=\"twitter:data2\" content=\"2 minutos\" \/>\n<script type=\"application\/ld+json\" class=\"yoast-schema-graph\">{\"@context\":\"https:\/\/schema.org\",\"@graph\":[{\"@type\":\"Article\",\"@id\":\"https:\/\/ubanews.com\/site\/2025\/11\/13\/boletim-da-gcm-uba-12-novembro-2025\/#article\",\"isPartOf\":{\"@id\":\"https:\/\/ubanews.com\/site\/2025\/11\/13\/boletim-da-gcm-uba-12-novembro-2025\/\"},\"author\":{\"name\":\"Carlos Roberto Sodr\u00e9\",\"@id\":\"https:\/\/ubanews.com\/site\/#\/schema\/person\/9d8da9ec3c8d00640ab6e8c81e103310\"},\"headline\":\"Boletim da GCM Ub\u00e1 12 Novembro 2025\",\"datePublished\":\"2025-11-13T13:52:54+00:00\",\"mainEntityOfPage\":{\"@id\":\"https:\/\/ubanews.com\/site\/2025\/11\/13\/boletim-da-gcm-uba-12-novembro-2025\/\"},\"wordCount\":269,\"commentCount\":0,\"publisher\":{\"@id\":\"https:\/\/ubanews.com\/site\/#organization\"},\"image\":{\"@id\":\"https:\/\/ubanews.com\/site\/2025\/11\/13\/boletim-da-gcm-uba-12-novembro-2025\/#primaryimage\"},\"thumbnailUrl\":\"https:\/\/ubanews.com\/site\/wp-content\/uploads\/2025\/11\/Fato-Policial-1-300x225.jpeg\",\"articleSection\":[\"Geral\"],\"inLanguage\":\"pt-BR\",\"potentialAction\":[{\"@type\":\"CommentAction\",\"name\":\"Comment\",\"target\":[\"https:\/\/ubanews.com\/site\/2025\/11\/13\/boletim-da-gcm-uba-12-novembro-2025\/#respond\"]}]},{\"@type\":\"WebPage\",\"@id\":\"https:\/\/ubanews.com\/site\/2025\/11\/13\/boletim-da-gcm-uba-12-novembro-2025\/\",\"url\":\"https:\/\/ubanews.com\/site\/2025\/11\/13\/boletim-da-gcm-uba-12-novembro-2025\/\",\"name\":\"Boletim da GCM Ub\u00e1 12 Novembro 2025 - Ub\u00e1 News\",\"isPartOf\":{\"@id\":\"https:\/\/ubanews.com\/site\/#website\"},\"primaryImageOfPage\":{\"@id\":\"https:\/\/ubanews.com\/site\/2025\/11\/13\/boletim-da-gcm-uba-12-novembro-2025\/#primaryimage\"},\"image\":{\"@id\":\"https:\/\/ubanews.com\/site\/2025\/11\/13\/boletim-da-gcm-uba-12-novembro-2025\/#primaryimage\"},\"thumbnailUrl\":\"https:\/\/ubanews.com\/site\/wp-content\/uploads\/2025\/11\/Fato-Policial-1-300x225.jpeg\",\"datePublished\":\"2025-11-13T13:52:54+00:00\",\"description\":\"Boletim da GCM Ub\u00e1 12 Novembro 2025\",\"breadcrumb\":{\"@id\":\"https:\/\/ubanews.com\/site\/2025\/11\/13\/boletim-da-gcm-uba-12-novembro-2025\/#breadcrumb\"},\"inLanguage\":\"pt-BR\",\"potentialAction\":[{\"@type\":\"ReadAction\",\"target\":[\"https:\/\/ubanews.com\/site\/2025\/11\/13\/boletim-da-gcm-uba-12-novembro-2025\/\"]}]},{\"@type\":\"ImageObject\",\"inLanguage\":\"pt-BR\",\"@id\":\"https:\/\/ubanews.com\/site\/2025\/11\/13\/boletim-da-gcm-uba-12-novembro-2025\/#primaryimage\",\"url\":\"https:\/\/ubanews.com\/site\/wp-content\/uploads\/2025\/11\/Fato-Policial-1.jpeg\",\"contentUrl\":\"https:\/\/ubanews.com\/site\/wp-content\/uploads\/2025\/11\/Fato-Policial-1.jpeg\",\"width\":1599,\"height\":1200,\"caption\":\"Fato Policial\"},{\"@type\":\"BreadcrumbList\",\"@id\":\"https:\/\/ubanews.com\/site\/2025\/11\/13\/boletim-da-gcm-uba-12-novembro-2025\/#breadcrumb\",\"itemListElement\":[{\"@type\":\"ListItem\",\"position\":1,\"name\":\"Home\",\"item\":\"https:\/\/ubanews.com\/site\/\"},{\"@type\":\"ListItem\",\"position\":2,\"name\":\"Boletim da GCM Ub\u00e1 12 Novembro 2025\"}]},{\"@type\":\"WebSite\",\"@id\":\"https:\/\/ubanews.com\/site\/#website\",\"url\":\"https:\/\/ubanews.com\/site\/\",\"name\":\"Ub\u00e1 News\",\"description\":\"\",\"publisher\":{\"@id\":\"https:\/\/ubanews.com\/site\/#organization\"},\"potentialAction\":[{\"@type\":\"SearchAction\",\"target\":{\"@type\":\"EntryPoint\",\"urlTemplate\":\"https:\/\/ubanews.com\/site\/?s={search_term_string}\"},\"query-input\":{\"@type\":\"PropertyValueSpecification\",\"valueRequired\":true,\"valueName\":\"search_term_string\"}}],\"inLanguage\":\"pt-BR\"},{\"@type\":\"Organization\",\"@id\":\"https:\/\/ubanews.com\/site\/#organization\",\"name\":\"Ub\u00e1 News\",\"url\":\"https:\/\/ubanews.com\/site\/\",\"logo\":{\"@type\":\"ImageObject\",\"inLanguage\":\"pt-BR\",\"@id\":\"https:\/\/ubanews.com\/site\/#\/schema\/logo\/image\/\",\"url\":\"https:\/\/ubanews.com\/site\/wp-content\/uploads\/2018\/01\/logoubanews.png\",\"contentUrl\":\"https:\/\/ubanews.com\/site\/wp-content\/uploads\/2018\/01\/logoubanews.png\",\"width\":261,\"height\":99,\"caption\":\"Ub\u00e1 News\"},\"image\":{\"@id\":\"https:\/\/ubanews.com\/site\/#\/schema\/logo\/image\/\"},\"sameAs\":[\"https:\/\/www.facebook.com\/Ub\u00e1News-Carlos-Roberto-Sodr\u00e9-418778301977370\"]},{\"@type\":\"Person\",\"@id\":\"https:\/\/ubanews.com\/site\/#\/schema\/person\/9d8da9ec3c8d00640ab6e8c81e103310\",\"name\":\"Carlos Roberto Sodr\u00e9\",\"image\":{\"@type\":\"ImageObject\",\"inLanguage\":\"pt-BR\",\"@id\":\"https:\/\/secure.gravatar.com\/avatar\/aab322e8555b56c468614fafdab8a8f924e394cdc6cfd8232f77e9e4d123a133?s=96&d=mm&r=g\",\"url\":\"https:\/\/secure.gravatar.com\/avatar\/aab322e8555b56c468614fafdab8a8f924e394cdc6cfd8232f77e9e4d123a133?s=96&d=mm&r=g\",\"contentUrl\":\"https:\/\/secure.gravatar.com\/avatar\/aab322e8555b56c468614fafdab8a8f924e394cdc6cfd8232f77e9e4d123a133?s=96&d=mm&r=g\",\"caption\":\"Carlos Roberto Sodr\u00e9\"},\"url\":\"https:\/\/ubanews.com\/site\/author\/sodre\/\"}]}<\/script>\n<!-- \/ Yoast SEO plugin. -->","yoast_head_json":{"title":"Boletim da GCM Ub\u00e1 12 Novembro 2025 - Ub\u00e1 News","description":"Boletim da GCM Ub\u00e1 12 Novembro 2025","robots":{"index":"index","follow":"follow","max-snippet":"max-snippet:-1","max-image-preview":"max-image-preview:large","max-video-preview":"max-video-preview:-1"},"canonical":"https:\/\/ubanews.com\/site\/2025\/11\/13\/boletim-da-gcm-uba-12-novembro-2025\/","og_locale":"pt_BR","og_type":"article","og_title":"Boletim da GCM Ub\u00e1 12 Novembro 2025 - Ub\u00e1 News","og_description":"Boletim da GCM Ub\u00e1 12 Novembro 2025","og_url":"https:\/\/ubanews.com\/site\/2025\/11\/13\/boletim-da-gcm-uba-12-novembro-2025\/","og_site_name":"Ub\u00e1 News","article_publisher":"https:\/\/www.facebook.com\/Ub%c3%a1News-Carlos-Roberto-Sodr%c3%a9-418778301977370","article_published_time":"2025-11-13T13:52:54+00:00","og_image":[{"width":1599,"height":1200,"url":"https:\/\/ubanews.com\/site\/wp-content\/uploads\/2025\/11\/Fato-Policial-1.jpeg","type":"image\/jpeg"}],"author":"Carlos Roberto Sodr\u00e9","twitter_card":"summary_large_image","twitter_misc":{"Escrito por":"Carlos Roberto Sodr\u00e9","Est. tempo de leitura":"2 minutos"},"schema":{"@context":"https:\/\/schema.org","@graph":[{"@type":"Article","@id":"https:\/\/ubanews.com\/site\/2025\/11\/13\/boletim-da-gcm-uba-12-novembro-2025\/#article","isPartOf":{"@id":"https:\/\/ubanews.com\/site\/2025\/11\/13\/boletim-da-gcm-uba-12-novembro-2025\/"},"author":{"name":"Carlos Roberto Sodr\u00e9","@id":"https:\/\/ubanews.com\/site\/#\/schema\/person\/9d8da9ec3c8d00640ab6e8c81e103310"},"headline":"Boletim da GCM Ub\u00e1 12 Novembro 2025","datePublished":"2025-11-13T13:52:54+00:00","mainEntityOfPage":{"@id":"https:\/\/ubanews.com\/site\/2025\/11\/13\/boletim-da-gcm-uba-12-novembro-2025\/"},"wordCount":269,"commentCount":0,"publisher":{"@id":"https:\/\/ubanews.com\/site\/#organization"},"image":{"@id":"https:\/\/ubanews.com\/site\/2025\/11\/13\/boletim-da-gcm-uba-12-novembro-2025\/#primaryimage"},"thumbnailUrl":"https:\/\/ubanews.com\/site\/wp-content\/uploads\/2025\/11\/Fato-Policial-1-300x225.jpeg","articleSection":["Geral"],"inLanguage":"pt-BR","potentialAction":[{"@type":"CommentAction","name":"Comment","target":["https:\/\/ubanews.com\/site\/2025\/11\/13\/boletim-da-gcm-uba-12-novembro-2025\/#respond"]}]},{"@type":"WebPage","@id":"https:\/\/ubanews.com\/site\/2025\/11\/13\/boletim-da-gcm-uba-12-novembro-2025\/","url":"https:\/\/ubanews.com\/site\/2025\/11\/13\/boletim-da-gcm-uba-12-novembro-2025\/","name":"Boletim da GCM Ub\u00e1 12 Novembro 2025 - Ub\u00e1 News","isPartOf":{"@id":"https:\/\/ubanews.com\/site\/#website"},"primaryImageOfPage":{"@id":"https:\/\/ubanews.com\/site\/2025\/11\/13\/boletim-da-gcm-uba-12-novembro-2025\/#primaryimage"},"image":{"@id":"https:\/\/ubanews.com\/site\/2025\/11\/13\/boletim-da-gcm-uba-12-novembro-2025\/#primaryimage"},"thumbnailUrl":"https:\/\/ubanews.com\/site\/wp-content\/uploads\/2025\/11\/Fato-Policial-1-300x225.jpeg","datePublished":"2025-11-13T13:52:54+00:00","description":"Boletim da GCM Ub\u00e1 12 Novembro 2025","breadcrumb":{"@id":"https:\/\/ubanews.com\/site\/2025\/11\/13\/boletim-da-gcm-uba-12-novembro-2025\/#breadcrumb"},"inLanguage":"pt-BR","potentialAction":[{"@type":"ReadAction","target":["https:\/\/ubanews.com\/site\/2025\/11\/13\/boletim-da-gcm-uba-12-novembro-2025\/"]}]},{"@type":"ImageObject","inLanguage":"pt-BR","@id":"https:\/\/ubanews.com\/site\/2025\/11\/13\/boletim-da-gcm-uba-12-novembro-2025\/#primaryimage","url":"https:\/\/ubanews.com\/site\/wp-content\/uploads\/2025\/11\/Fato-Policial-1.jpeg","contentUrl":"https:\/\/ubanews.com\/site\/wp-content\/uploads\/2025\/11\/Fato-Policial-1.jpeg","width":1599,"height":1200,"caption":"Fato Policial"},{"@type":"BreadcrumbList","@id":"https:\/\/ubanews.com\/site\/2025\/11\/13\/boletim-da-gcm-uba-12-novembro-2025\/#breadcrumb","itemListElement":[{"@type":"ListItem","position":1,"name":"Home","item":"https:\/\/ubanews.com\/site\/"},{"@type":"ListItem","position":2,"name":"Boletim da GCM Ub\u00e1 12 Novembro 2025"}]},{"@type":"WebSite","@id":"https:\/\/ubanews.com\/site\/#website","url":"https:\/\/ubanews.com\/site\/","name":"Ub\u00e1 News","description":"","publisher":{"@id":"https:\/\/ubanews.com\/site\/#organization"},"potentialAction":[{"@type":"SearchAction","target":{"@type":"EntryPoint","urlTemplate":"https:\/\/ubanews.com\/site\/?s={search_term_string}"},"query-input":{"@type":"PropertyValueSpecification","valueRequired":true,"valueName":"search_term_string"}}],"inLanguage":"pt-BR"},{"@type":"Organization","@id":"https:\/\/ubanews.com\/site\/#organization","name":"Ub\u00e1 News","url":"https:\/\/ubanews.com\/site\/","logo":{"@type":"ImageObject","inLanguage":"pt-BR","@id":"https:\/\/ubanews.com\/site\/#\/schema\/logo\/image\/","url":"https:\/\/ubanews.com\/site\/wp-content\/uploads\/2018\/01\/logoubanews.png","contentUrl":"https:\/\/ubanews.com\/site\/wp-content\/uploads\/2018\/01\/logoubanews.png","width":261,"height":99,"caption":"Ub\u00e1 News"},"image":{"@id":"https:\/\/ubanews.com\/site\/#\/schema\/logo\/image\/"},"sameAs":["https:\/\/www.facebook.com\/Ub\u00e1News-Carlos-Roberto-Sodr\u00e9-418778301977370"]},{"@type":"Person","@id":"https:\/\/ubanews.com\/site\/#\/schema\/person\/9d8da9ec3c8d00640ab6e8c81e103310","name":"Carlos Roberto Sodr\u00e9","image":{"@type":"ImageObject","inLanguage":"pt-BR","@id":"https:\/\/secure.gravatar.com\/avatar\/aab322e8555b56c468614fafdab8a8f924e394cdc6cfd8232f77e9e4d123a133?s=96&d=mm&r=g","url":"https:\/\/secure.gravatar.com\/avatar\/aab322e8555b56c468614fafdab8a8f924e394cdc6cfd8232f77e9e4d123a133?s=96&d=mm&r=g","contentUrl":"https:\/\/secure.gravatar.com\/avatar\/aab322e8555b56c468614fafdab8a8f924e394cdc6cfd8232f77e9e4d123a133?s=96&d=mm&r=g","caption":"Carlos Roberto Sodr\u00e9"},"url":"https:\/\/ubanews.com\/site\/author\/sodre\/"}]}},"_links":{"self":[{"href":"https:\/\/ubanews.com\/site\/wp-json\/wp\/v2\/posts\/23379","targetHints":{"allow":["GET"]}}],"collection":[{"href":"https:\/\/ubanews.com\/site\/wp-json\/wp\/v2\/posts"}],"about":[{"href":"https:\/\/ubanews.com\/site\/wp-json\/wp\/v2\/types\/post"}],"author":[{"embeddable":true,"href":"https:\/\/ubanews.com\/site\/wp-json\/wp\/v2\/users\/4"}],"replies":[{"embeddable":true,"href":"https:\/\/ubanews.com\/site\/wp-json\/wp\/v2\/comments?post=23379"}],"version-history":[{"count":0,"href":"https:\/\/ubanews.com\/site\/wp-json\/wp\/v2\/posts\/23379\/revisions"}],"wp:attachment":[{"href":"https:\/\/ubanews.com\/site\/wp-json\/wp\/v2\/media?parent=23379"}],"wp:term":[{"taxonomy":"category","embeddable":true,"href":"https:\/\/ubanews.com\/site\/wp-json\/wp\/v2\/categories?post=23379"},{"taxonomy":"post_tag","embeddable":true,"href":"https:\/\/ubanews.com\/site\/wp-json\/wp\/v2\/tags?post=23379"}],"curies":[{"name":"wp","href":"https:\/\/api.w.org\/{rel}","templated":true}]}}