{"id":23374,"date":"2025-11-12T17:16:08","date_gmt":"2025-11-12T20:16:08","guid":{"rendered":"https:\/\/ubanews.com\/site\/?p=23374"},"modified":"2025-11-12T18:12:46","modified_gmt":"2025-11-12T21:12:46","slug":"policia-civil-desarticula-megarrede-de-receptacao-de-cobre","status":"publish","type":"post","link":"https:\/\/ubanews.com\/site\/2025\/11\/12\/policia-civil-desarticula-megarrede-de-receptacao-de-cobre\/","title":{"rendered":"Pol\u00edcia Civil Desarticula Megarrede de recepta\u00e7\u00e3o de cobre"},"content":{"rendered":"<p>Pol\u00edcia Civil Desarticula Megarrede de recepta\u00e7\u00e3o de cobre em tr\u00eas estados e bloqueia R$ 30 Milh\u00f5es na opera\u00e7\u00e3o Cyprium.\u00a0A Pol\u00edcia Civil de Minas Gerais (PCMG), por meio do N\u00facleo Regional de Intelig\u00eancia de Juiz de Fora e da Delegacia de Visconde do Rio Branco, deflagrou, nesta quarta-feira (12\/11), mais uma fase da Opera\u00e7\u00e3o Cyprium, uma das maiores a\u00e7\u00f5es j\u00e1 realizadas contra o furto e a recepta\u00e7\u00e3o de fios de cobre em Minas Gerais.<\/p>\n<h2>Pol\u00edcia Civil Desarticula Megarrede de recepta\u00e7\u00e3o de cobre<\/h2>\n<p><img decoding=\"async\" class=\"aligncenter size-medium wp-image-23373 lazyload\" data-src=\"https:\/\/ubanews.com\/site\/wp-content\/uploads\/2025\/11\/Fato-Policial-169x300.jpeg\" alt=\"Fato Policial\" width=\"169\" height=\"300\" data-srcset=\"https:\/\/ubanews.com\/site\/wp-content\/uploads\/2025\/11\/Fato-Policial-169x300.jpeg 169w, https:\/\/ubanews.com\/site\/wp-content\/uploads\/2025\/11\/Fato-Policial-576x1024.jpeg 576w, https:\/\/ubanews.com\/site\/wp-content\/uploads\/2025\/11\/Fato-Policial.jpeg 720w\" data-sizes=\"(max-width: 169px) 100vw, 169px\" src=\"data:image\/svg+xml;base64,PHN2ZyB3aWR0aD0iMSIgaGVpZ2h0PSIxIiB4bWxucz0iaHR0cDovL3d3dy53My5vcmcvMjAwMC9zdmciPjwvc3ZnPg==\" style=\"--smush-placeholder-width: 169px; --smush-placeholder-aspect-ratio: 169\/300;\" \/><\/p>\n<p>A opera\u00e7\u00e3o foi realizada simultaneamente em oito cidades de tr\u00eas estados (MG, RJ e BA) e contou com o apoio das Pol\u00edcias Civis do Rio de Janeiro e da Bahia. Ao todo, foram cumpridos 38 mandados de busca e apreens\u00e3o e 9 mandados de pris\u00e3o.<\/p>\n<p>As investiga\u00e7\u00f5es indicam que o grupo criminoso \u2014 considerado a maior organiza\u00e7\u00e3o voltada para esse tipo de crime na Zona da Mata mineira \u2014 movimentou mais de R$ 30 milh\u00f5es nos \u00faltimos anos, enviando semanalmente toneladas de fios de cobre furtados para o Rio de Janeiro e a Bahia.<\/p>\n<div style=\"width: 840px;\" class=\"wp-video\"><video class=\"wp-video-shortcode\" id=\"video-23374-1\" width=\"840\" height=\"475\" preload=\"metadata\" controls=\"controls\"><source type=\"video\/mp4\" src=\"https:\/\/ubanews.com\/site\/wp-content\/uploads\/2025\/11\/Fato-Policial.mp4?_=1\" \/><a href=\"https:\/\/ubanews.com\/site\/wp-content\/uploads\/2025\/11\/Fato-Policial.mp4\">https:\/\/ubanews.com\/site\/wp-content\/uploads\/2025\/11\/Fato-Policial.mp4<\/a><\/video><\/div>\n<p>O esquema envolvia funcion\u00e1rios e ex-funcion\u00e1rios de empresas de telefonia e internet, que facilitavam os furtos e utilizavam uniformes e ordens de servi\u00e7o falsas para disfar\u00e7ar as a\u00e7\u00f5es criminosas.<\/p>\n<p>Outras informa\u00e7\u00f5es ser\u00e3o repassadas em coletiva de imprensa<\/p>\n<p>Entrevistados: delegados Bruno Wink, M\u00e1rcio Rocha Vianna e Pedro Henrique Vasques Fernandes<br \/>\nData: 12 de novembro (quarta-feira)<br \/>\nHor\u00e1rio: 10h30<br \/>\nLocal: Delegacia Regional de Pol\u00edcia Civil em Juiz de Fora<br \/>\nRua Cust\u00f3dio Trist\u00e3o, 76, Santa Terezinha<\/p>\n","protected":false},"excerpt":{"rendered":"<p>Pol\u00edcia Civil Desarticula Megarrede de recepta\u00e7\u00e3o de cobre em tr\u00eas<\/p>\n","protected":false},"author":4,"featured_media":23373,"comment_status":"open","ping_status":"open","sticky":false,"template":"","format":"standard","meta":{"footnotes":""},"categories":[1],"tags":[59,188,60],"class_list":["post-23374","post","type-post","status-publish","format-standard","has-post-thumbnail","hentry","category-sem-categoria","tag-fala-sodre","tag-fato-policial","tag-ubanews"],"yoast_head":"<!-- This site is optimized with the Yoast SEO plugin v27.2 - https:\/\/yoast.com\/product\/yoast-seo-wordpress\/ -->\n<title>Pol\u00edcia Civil Desarticula Megarrede de recepta\u00e7\u00e3o de cobre - Ub\u00e1 News<\/title>\n<meta name=\"description\" content=\"Pol\u00edcia Civil Desarticula Megarrede de recepta\u00e7\u00e3o de cobre\" \/>\n<meta name=\"robots\" content=\"index, follow, max-snippet:-1, max-image-preview:large, max-video-preview:-1\" \/>\n<link rel=\"canonical\" href=\"https:\/\/ubanews.com\/site\/2025\/11\/12\/policia-civil-desarticula-megarrede-de-receptacao-de-cobre\/\" \/>\n<meta property=\"og:locale\" content=\"pt_BR\" \/>\n<meta property=\"og:type\" content=\"article\" \/>\n<meta property=\"og:title\" content=\"Pol\u00edcia Civil Desarticula Megarrede de recepta\u00e7\u00e3o de cobre - Ub\u00e1 News\" \/>\n<meta property=\"og:description\" content=\"Pol\u00edcia Civil Desarticula Megarrede de recepta\u00e7\u00e3o de cobre\" \/>\n<meta property=\"og:url\" content=\"https:\/\/ubanews.com\/site\/2025\/11\/12\/policia-civil-desarticula-megarrede-de-receptacao-de-cobre\/\" \/>\n<meta property=\"og:site_name\" content=\"Ub\u00e1 News\" \/>\n<meta property=\"article:publisher\" content=\"https:\/\/www.facebook.com\/Ub%c3%a1News-Carlos-Roberto-Sodr%c3%a9-418778301977370\" \/>\n<meta property=\"article:published_time\" content=\"2025-11-12T20:16:08+00:00\" \/>\n<meta property=\"article:modified_time\" content=\"2025-11-12T21:12:46+00:00\" \/>\n<meta property=\"og:image\" content=\"https:\/\/ubanews.com\/site\/wp-content\/uploads\/2025\/11\/Fato-Policial.jpeg\" \/>\n\t<meta property=\"og:image:width\" content=\"720\" \/>\n\t<meta property=\"og:image:height\" content=\"1280\" \/>\n\t<meta property=\"og:image:type\" content=\"image\/jpeg\" \/>\n<meta name=\"author\" content=\"Carlos Roberto Sodr\u00e9\" \/>\n<meta name=\"twitter:card\" content=\"summary_large_image\" \/>\n<meta name=\"twitter:label1\" content=\"Escrito por\" \/>\n\t<meta name=\"twitter:data1\" content=\"Carlos Roberto Sodr\u00e9\" \/>\n\t<meta name=\"twitter:label2\" content=\"Est. tempo de leitura\" \/>\n\t<meta name=\"twitter:data2\" content=\"2 minutos\" \/>\n<script type=\"application\/ld+json\" class=\"yoast-schema-graph\">{\"@context\":\"https:\/\/schema.org\",\"@graph\":[{\"@type\":\"Article\",\"@id\":\"https:\/\/ubanews.com\/site\/2025\/11\/12\/policia-civil-desarticula-megarrede-de-receptacao-de-cobre\/#article\",\"isPartOf\":{\"@id\":\"https:\/\/ubanews.com\/site\/2025\/11\/12\/policia-civil-desarticula-megarrede-de-receptacao-de-cobre\/\"},\"author\":{\"name\":\"Carlos Roberto Sodr\u00e9\",\"@id\":\"https:\/\/ubanews.com\/site\/#\/schema\/person\/9d8da9ec3c8d00640ab6e8c81e103310\"},\"headline\":\"Pol\u00edcia Civil Desarticula Megarrede de recepta\u00e7\u00e3o de cobre\",\"datePublished\":\"2025-11-12T20:16:08+00:00\",\"dateModified\":\"2025-11-12T21:12:46+00:00\",\"mainEntityOfPage\":{\"@id\":\"https:\/\/ubanews.com\/site\/2025\/11\/12\/policia-civil-desarticula-megarrede-de-receptacao-de-cobre\/\"},\"wordCount\":295,\"commentCount\":0,\"publisher\":{\"@id\":\"https:\/\/ubanews.com\/site\/#organization\"},\"image\":{\"@id\":\"https:\/\/ubanews.com\/site\/2025\/11\/12\/policia-civil-desarticula-megarrede-de-receptacao-de-cobre\/#primaryimage\"},\"thumbnailUrl\":\"https:\/\/ubanews.com\/site\/wp-content\/uploads\/2025\/11\/Fato-Policial.jpeg\",\"keywords\":[\"Fala Sodr\u00e9\",\"Fato Policial\",\"UBANEWS\"],\"articleSection\":[\"Geral\"],\"inLanguage\":\"pt-BR\",\"potentialAction\":[{\"@type\":\"CommentAction\",\"name\":\"Comment\",\"target\":[\"https:\/\/ubanews.com\/site\/2025\/11\/12\/policia-civil-desarticula-megarrede-de-receptacao-de-cobre\/#respond\"]}]},{\"@type\":\"WebPage\",\"@id\":\"https:\/\/ubanews.com\/site\/2025\/11\/12\/policia-civil-desarticula-megarrede-de-receptacao-de-cobre\/\",\"url\":\"https:\/\/ubanews.com\/site\/2025\/11\/12\/policia-civil-desarticula-megarrede-de-receptacao-de-cobre\/\",\"name\":\"Pol\u00edcia Civil Desarticula Megarrede de recepta\u00e7\u00e3o de cobre - Ub\u00e1 News\",\"isPartOf\":{\"@id\":\"https:\/\/ubanews.com\/site\/#website\"},\"primaryImageOfPage\":{\"@id\":\"https:\/\/ubanews.com\/site\/2025\/11\/12\/policia-civil-desarticula-megarrede-de-receptacao-de-cobre\/#primaryimage\"},\"image\":{\"@id\":\"https:\/\/ubanews.com\/site\/2025\/11\/12\/policia-civil-desarticula-megarrede-de-receptacao-de-cobre\/#primaryimage\"},\"thumbnailUrl\":\"https:\/\/ubanews.com\/site\/wp-content\/uploads\/2025\/11\/Fato-Policial.jpeg\",\"datePublished\":\"2025-11-12T20:16:08+00:00\",\"dateModified\":\"2025-11-12T21:12:46+00:00\",\"description\":\"Pol\u00edcia Civil Desarticula Megarrede de recepta\u00e7\u00e3o de cobre\",\"breadcrumb\":{\"@id\":\"https:\/\/ubanews.com\/site\/2025\/11\/12\/policia-civil-desarticula-megarrede-de-receptacao-de-cobre\/#breadcrumb\"},\"inLanguage\":\"pt-BR\",\"potentialAction\":[{\"@type\":\"ReadAction\",\"target\":[\"https:\/\/ubanews.com\/site\/2025\/11\/12\/policia-civil-desarticula-megarrede-de-receptacao-de-cobre\/\"]}]},{\"@type\":\"ImageObject\",\"inLanguage\":\"pt-BR\",\"@id\":\"https:\/\/ubanews.com\/site\/2025\/11\/12\/policia-civil-desarticula-megarrede-de-receptacao-de-cobre\/#primaryimage\",\"url\":\"https:\/\/ubanews.com\/site\/wp-content\/uploads\/2025\/11\/Fato-Policial.jpeg\",\"contentUrl\":\"https:\/\/ubanews.com\/site\/wp-content\/uploads\/2025\/11\/Fato-Policial.jpeg\",\"width\":720,\"height\":1280,\"caption\":\"Fato Policial\"},{\"@type\":\"BreadcrumbList\",\"@id\":\"https:\/\/ubanews.com\/site\/2025\/11\/12\/policia-civil-desarticula-megarrede-de-receptacao-de-cobre\/#breadcrumb\",\"itemListElement\":[{\"@type\":\"ListItem\",\"position\":1,\"name\":\"Home\",\"item\":\"https:\/\/ubanews.com\/site\/\"},{\"@type\":\"ListItem\",\"position\":2,\"name\":\"Pol\u00edcia Civil Desarticula Megarrede de recepta\u00e7\u00e3o de cobre\"}]},{\"@type\":\"WebSite\",\"@id\":\"https:\/\/ubanews.com\/site\/#website\",\"url\":\"https:\/\/ubanews.com\/site\/\",\"name\":\"Ub\u00e1 News\",\"description\":\"\",\"publisher\":{\"@id\":\"https:\/\/ubanews.com\/site\/#organization\"},\"potentialAction\":[{\"@type\":\"SearchAction\",\"target\":{\"@type\":\"EntryPoint\",\"urlTemplate\":\"https:\/\/ubanews.com\/site\/?s={search_term_string}\"},\"query-input\":{\"@type\":\"PropertyValueSpecification\",\"valueRequired\":true,\"valueName\":\"search_term_string\"}}],\"inLanguage\":\"pt-BR\"},{\"@type\":\"Organization\",\"@id\":\"https:\/\/ubanews.com\/site\/#organization\",\"name\":\"Ub\u00e1 News\",\"url\":\"https:\/\/ubanews.com\/site\/\",\"logo\":{\"@type\":\"ImageObject\",\"inLanguage\":\"pt-BR\",\"@id\":\"https:\/\/ubanews.com\/site\/#\/schema\/logo\/image\/\",\"url\":\"https:\/\/ubanews.com\/site\/wp-content\/uploads\/2018\/01\/logoubanews.png\",\"contentUrl\":\"https:\/\/ubanews.com\/site\/wp-content\/uploads\/2018\/01\/logoubanews.png\",\"width\":261,\"height\":99,\"caption\":\"Ub\u00e1 News\"},\"image\":{\"@id\":\"https:\/\/ubanews.com\/site\/#\/schema\/logo\/image\/\"},\"sameAs\":[\"https:\/\/www.facebook.com\/Ub\u00e1News-Carlos-Roberto-Sodr\u00e9-418778301977370\"]},{\"@type\":\"Person\",\"@id\":\"https:\/\/ubanews.com\/site\/#\/schema\/person\/9d8da9ec3c8d00640ab6e8c81e103310\",\"name\":\"Carlos Roberto Sodr\u00e9\",\"image\":{\"@type\":\"ImageObject\",\"inLanguage\":\"pt-BR\",\"@id\":\"https:\/\/secure.gravatar.com\/avatar\/aab322e8555b56c468614fafdab8a8f924e394cdc6cfd8232f77e9e4d123a133?s=96&d=mm&r=g\",\"url\":\"https:\/\/secure.gravatar.com\/avatar\/aab322e8555b56c468614fafdab8a8f924e394cdc6cfd8232f77e9e4d123a133?s=96&d=mm&r=g\",\"contentUrl\":\"https:\/\/secure.gravatar.com\/avatar\/aab322e8555b56c468614fafdab8a8f924e394cdc6cfd8232f77e9e4d123a133?s=96&d=mm&r=g\",\"caption\":\"Carlos Roberto Sodr\u00e9\"},\"url\":\"https:\/\/ubanews.com\/site\/author\/sodre\/\"}]}<\/script>\n<!-- \/ Yoast SEO plugin. -->","yoast_head_json":{"title":"Pol\u00edcia Civil Desarticula Megarrede de recepta\u00e7\u00e3o de cobre - Ub\u00e1 News","description":"Pol\u00edcia Civil Desarticula Megarrede de recepta\u00e7\u00e3o de cobre","robots":{"index":"index","follow":"follow","max-snippet":"max-snippet:-1","max-image-preview":"max-image-preview:large","max-video-preview":"max-video-preview:-1"},"canonical":"https:\/\/ubanews.com\/site\/2025\/11\/12\/policia-civil-desarticula-megarrede-de-receptacao-de-cobre\/","og_locale":"pt_BR","og_type":"article","og_title":"Pol\u00edcia Civil Desarticula Megarrede de recepta\u00e7\u00e3o de cobre - Ub\u00e1 News","og_description":"Pol\u00edcia Civil Desarticula Megarrede de recepta\u00e7\u00e3o de cobre","og_url":"https:\/\/ubanews.com\/site\/2025\/11\/12\/policia-civil-desarticula-megarrede-de-receptacao-de-cobre\/","og_site_name":"Ub\u00e1 News","article_publisher":"https:\/\/www.facebook.com\/Ub%c3%a1News-Carlos-Roberto-Sodr%c3%a9-418778301977370","article_published_time":"2025-11-12T20:16:08+00:00","article_modified_time":"2025-11-12T21:12:46+00:00","og_image":[{"width":720,"height":1280,"url":"https:\/\/ubanews.com\/site\/wp-content\/uploads\/2025\/11\/Fato-Policial.jpeg","type":"image\/jpeg"}],"author":"Carlos Roberto Sodr\u00e9","twitter_card":"summary_large_image","twitter_misc":{"Escrito por":"Carlos Roberto Sodr\u00e9","Est. tempo de leitura":"2 minutos"},"schema":{"@context":"https:\/\/schema.org","@graph":[{"@type":"Article","@id":"https:\/\/ubanews.com\/site\/2025\/11\/12\/policia-civil-desarticula-megarrede-de-receptacao-de-cobre\/#article","isPartOf":{"@id":"https:\/\/ubanews.com\/site\/2025\/11\/12\/policia-civil-desarticula-megarrede-de-receptacao-de-cobre\/"},"author":{"name":"Carlos Roberto Sodr\u00e9","@id":"https:\/\/ubanews.com\/site\/#\/schema\/person\/9d8da9ec3c8d00640ab6e8c81e103310"},"headline":"Pol\u00edcia Civil Desarticula Megarrede de recepta\u00e7\u00e3o de cobre","datePublished":"2025-11-12T20:16:08+00:00","dateModified":"2025-11-12T21:12:46+00:00","mainEntityOfPage":{"@id":"https:\/\/ubanews.com\/site\/2025\/11\/12\/policia-civil-desarticula-megarrede-de-receptacao-de-cobre\/"},"wordCount":295,"commentCount":0,"publisher":{"@id":"https:\/\/ubanews.com\/site\/#organization"},"image":{"@id":"https:\/\/ubanews.com\/site\/2025\/11\/12\/policia-civil-desarticula-megarrede-de-receptacao-de-cobre\/#primaryimage"},"thumbnailUrl":"https:\/\/ubanews.com\/site\/wp-content\/uploads\/2025\/11\/Fato-Policial.jpeg","keywords":["Fala Sodr\u00e9","Fato Policial","UBANEWS"],"articleSection":["Geral"],"inLanguage":"pt-BR","potentialAction":[{"@type":"CommentAction","name":"Comment","target":["https:\/\/ubanews.com\/site\/2025\/11\/12\/policia-civil-desarticula-megarrede-de-receptacao-de-cobre\/#respond"]}]},{"@type":"WebPage","@id":"https:\/\/ubanews.com\/site\/2025\/11\/12\/policia-civil-desarticula-megarrede-de-receptacao-de-cobre\/","url":"https:\/\/ubanews.com\/site\/2025\/11\/12\/policia-civil-desarticula-megarrede-de-receptacao-de-cobre\/","name":"Pol\u00edcia Civil Desarticula Megarrede de recepta\u00e7\u00e3o de cobre - Ub\u00e1 News","isPartOf":{"@id":"https:\/\/ubanews.com\/site\/#website"},"primaryImageOfPage":{"@id":"https:\/\/ubanews.com\/site\/2025\/11\/12\/policia-civil-desarticula-megarrede-de-receptacao-de-cobre\/#primaryimage"},"image":{"@id":"https:\/\/ubanews.com\/site\/2025\/11\/12\/policia-civil-desarticula-megarrede-de-receptacao-de-cobre\/#primaryimage"},"thumbnailUrl":"https:\/\/ubanews.com\/site\/wp-content\/uploads\/2025\/11\/Fato-Policial.jpeg","datePublished":"2025-11-12T20:16:08+00:00","dateModified":"2025-11-12T21:12:46+00:00","description":"Pol\u00edcia Civil Desarticula Megarrede de recepta\u00e7\u00e3o de cobre","breadcrumb":{"@id":"https:\/\/ubanews.com\/site\/2025\/11\/12\/policia-civil-desarticula-megarrede-de-receptacao-de-cobre\/#breadcrumb"},"inLanguage":"pt-BR","potentialAction":[{"@type":"ReadAction","target":["https:\/\/ubanews.com\/site\/2025\/11\/12\/policia-civil-desarticula-megarrede-de-receptacao-de-cobre\/"]}]},{"@type":"ImageObject","inLanguage":"pt-BR","@id":"https:\/\/ubanews.com\/site\/2025\/11\/12\/policia-civil-desarticula-megarrede-de-receptacao-de-cobre\/#primaryimage","url":"https:\/\/ubanews.com\/site\/wp-content\/uploads\/2025\/11\/Fato-Policial.jpeg","contentUrl":"https:\/\/ubanews.com\/site\/wp-content\/uploads\/2025\/11\/Fato-Policial.jpeg","width":720,"height":1280,"caption":"Fato Policial"},{"@type":"BreadcrumbList","@id":"https:\/\/ubanews.com\/site\/2025\/11\/12\/policia-civil-desarticula-megarrede-de-receptacao-de-cobre\/#breadcrumb","itemListElement":[{"@type":"ListItem","position":1,"name":"Home","item":"https:\/\/ubanews.com\/site\/"},{"@type":"ListItem","position":2,"name":"Pol\u00edcia Civil Desarticula Megarrede de recepta\u00e7\u00e3o de cobre"}]},{"@type":"WebSite","@id":"https:\/\/ubanews.com\/site\/#website","url":"https:\/\/ubanews.com\/site\/","name":"Ub\u00e1 News","description":"","publisher":{"@id":"https:\/\/ubanews.com\/site\/#organization"},"potentialAction":[{"@type":"SearchAction","target":{"@type":"EntryPoint","urlTemplate":"https:\/\/ubanews.com\/site\/?s={search_term_string}"},"query-input":{"@type":"PropertyValueSpecification","valueRequired":true,"valueName":"search_term_string"}}],"inLanguage":"pt-BR"},{"@type":"Organization","@id":"https:\/\/ubanews.com\/site\/#organization","name":"Ub\u00e1 News","url":"https:\/\/ubanews.com\/site\/","logo":{"@type":"ImageObject","inLanguage":"pt-BR","@id":"https:\/\/ubanews.com\/site\/#\/schema\/logo\/image\/","url":"https:\/\/ubanews.com\/site\/wp-content\/uploads\/2018\/01\/logoubanews.png","contentUrl":"https:\/\/ubanews.com\/site\/wp-content\/uploads\/2018\/01\/logoubanews.png","width":261,"height":99,"caption":"Ub\u00e1 News"},"image":{"@id":"https:\/\/ubanews.com\/site\/#\/schema\/logo\/image\/"},"sameAs":["https:\/\/www.facebook.com\/Ub\u00e1News-Carlos-Roberto-Sodr\u00e9-418778301977370"]},{"@type":"Person","@id":"https:\/\/ubanews.com\/site\/#\/schema\/person\/9d8da9ec3c8d00640ab6e8c81e103310","name":"Carlos Roberto Sodr\u00e9","image":{"@type":"ImageObject","inLanguage":"pt-BR","@id":"https:\/\/secure.gravatar.com\/avatar\/aab322e8555b56c468614fafdab8a8f924e394cdc6cfd8232f77e9e4d123a133?s=96&d=mm&r=g","url":"https:\/\/secure.gravatar.com\/avatar\/aab322e8555b56c468614fafdab8a8f924e394cdc6cfd8232f77e9e4d123a133?s=96&d=mm&r=g","contentUrl":"https:\/\/secure.gravatar.com\/avatar\/aab322e8555b56c468614fafdab8a8f924e394cdc6cfd8232f77e9e4d123a133?s=96&d=mm&r=g","caption":"Carlos Roberto Sodr\u00e9"},"url":"https:\/\/ubanews.com\/site\/author\/sodre\/"}]}},"_links":{"self":[{"href":"https:\/\/ubanews.com\/site\/wp-json\/wp\/v2\/posts\/23374","targetHints":{"allow":["GET"]}}],"collection":[{"href":"https:\/\/ubanews.com\/site\/wp-json\/wp\/v2\/posts"}],"about":[{"href":"https:\/\/ubanews.com\/site\/wp-json\/wp\/v2\/types\/post"}],"author":[{"embeddable":true,"href":"https:\/\/ubanews.com\/site\/wp-json\/wp\/v2\/users\/4"}],"replies":[{"embeddable":true,"href":"https:\/\/ubanews.com\/site\/wp-json\/wp\/v2\/comments?post=23374"}],"version-history":[{"count":0,"href":"https:\/\/ubanews.com\/site\/wp-json\/wp\/v2\/posts\/23374\/revisions"}],"wp:featuredmedia":[{"embeddable":true,"href":"https:\/\/ubanews.com\/site\/wp-json\/wp\/v2\/media\/23373"}],"wp:attachment":[{"href":"https:\/\/ubanews.com\/site\/wp-json\/wp\/v2\/media?parent=23374"}],"wp:term":[{"taxonomy":"category","embeddable":true,"href":"https:\/\/ubanews.com\/site\/wp-json\/wp\/v2\/categories?post=23374"},{"taxonomy":"post_tag","embeddable":true,"href":"https:\/\/ubanews.com\/site\/wp-json\/wp\/v2\/tags?post=23374"}],"curies":[{"name":"wp","href":"https:\/\/api.w.org\/{rel}","templated":true}]}}