{"id":23369,"date":"2025-11-12T16:24:33","date_gmt":"2025-11-12T19:24:33","guid":{"rendered":"https:\/\/ubanews.com\/site\/?p=23369"},"modified":"2025-11-16T15:24:44","modified_gmt":"2025-11-16T18:24:44","slug":"feira-multissetorial-de-uba-consolida-sucesso","status":"publish","type":"post","link":"https:\/\/ubanews.com\/site\/2025\/11\/12\/feira-multissetorial-de-uba-consolida-sucesso\/","title":{"rendered":"Feira Multissetorial de Ub\u00e1 consolida sucesso"},"content":{"rendered":"<p data-start=\"476\" data-end=\"572\"><strong data-start=\"479\" data-end=\"572\">Feira Multissetorial de Ub\u00e1 consolida sucesso e j\u00e1 tem nova edi\u00e7\u00e3o confirmada pela ACIUB\u00c1.\u00a0<\/strong>Um evento que superou expectativas e movimentou a economia local<\/p>\n<p data-start=\"644\" data-end=\"1106\">A <strong data-start=\"646\" data-end=\"677\">Feira Multissetorial de Ub\u00e1<\/strong> encerrou sua primeira edi\u00e7\u00e3o deixando um legado de crescimento, uni\u00e3o e inova\u00e7\u00e3o. Realizada pela <strong data-start=\"775\" data-end=\"828\">Associa\u00e7\u00e3o Comercial e Industrial de Ub\u00e1 (ACIUB\u00c1)<\/strong>, a feira mostrou o quanto o associativismo \u00e9 capaz de transformar o cen\u00e1rio econ\u00f4mico e social da regi\u00e3o.<br data-start=\"934\" data-end=\"937\" \/>O presidente da ACIUB\u00c1, <strong data-start=\"961\" data-end=\"980\">Silber Silveira<\/strong>, destacou que o sucesso da feira reflete a for\u00e7a dos empreendedores locais e o esp\u00edrito de colabora\u00e7\u00e3o que move a entidade:<\/p>\n<blockquote data-start=\"1108\" data-end=\"1309\">\n<p data-start=\"1110\" data-end=\"1309\">\u201cA feira j\u00e1 come\u00e7ou grande. S\u00e3o 152 expositores, uma programa\u00e7\u00e3o diversificada e uma cidade inteira envolvida. Mais do que vendas, entregamos experi\u00eancias e conex\u00f5es que fortalecem o com\u00e9rcio local.\u201d<\/p>\n<\/blockquote>\n<h2 data-start=\"476\" data-end=\"572\"><strong data-start=\"479\" data-end=\"572\">Feira Multissetorial de Ub\u00e1 consolida sucesso e j\u00e1 tem nova edi\u00e7\u00e3o confirmada pela ACIUB\u00c1<\/strong><\/h2>\n<p><a href=\"https:\/\/www.youtube.com\/live\/KKQGESIInQw?si=VRNGwS4vfMITImm_\" target=\"_blank\" rel=\"noopener\"><img decoding=\"async\" class=\"aligncenter size-medium wp-image-23370 lazyload\" data-src=\"https:\/\/ubanews.com\/site\/wp-content\/uploads\/2025\/11\/Fala-Sodre-Instituto-Uma-Mulher-Por-Outra-300x168.jpg\" alt=\"Feira Multissetorial de Ub\u00e1 consolida sucesso e j\u00e1 tem nova edi\u00e7\u00e3o confirmada pela ACIUB\u00c1\" width=\"300\" height=\"168\" data-srcset=\"https:\/\/ubanews.com\/site\/wp-content\/uploads\/2025\/11\/Fala-Sodre-Instituto-Uma-Mulher-Por-Outra-300x168.jpg 300w, https:\/\/ubanews.com\/site\/wp-content\/uploads\/2025\/11\/Fala-Sodre-Instituto-Uma-Mulher-Por-Outra-1024x572.jpg 1024w, https:\/\/ubanews.com\/site\/wp-content\/uploads\/2025\/11\/Fala-Sodre-Instituto-Uma-Mulher-Por-Outra-768x429.jpg 768w, https:\/\/ubanews.com\/site\/wp-content\/uploads\/2025\/11\/Fala-Sodre-Instituto-Uma-Mulher-Por-Outra-360x200.jpg 360w, https:\/\/ubanews.com\/site\/wp-content\/uploads\/2025\/11\/Fala-Sodre-Instituto-Uma-Mulher-Por-Outra.jpg 1176w\" data-sizes=\"(max-width: 300px) 100vw, 300px\" src=\"data:image\/svg+xml;base64,PHN2ZyB3aWR0aD0iMSIgaGVpZ2h0PSIxIiB4bWxucz0iaHR0cDovL3d3dy53My5vcmcvMjAwMC9zdmciPjwvc3ZnPg==\" style=\"--smush-placeholder-width: 300px; --smush-placeholder-aspect-ratio: 300\/168;\" \/><\/a><\/p>\n<p data-start=\"1311\" data-end=\"1583\">Mesmo com chuva, o p\u00fablico lotou os corredores da feira, confirmando o entusiasmo da popula\u00e7\u00e3o e dos participantes. A diversidade de segmentos chamou aten\u00e7\u00e3o \u2014 m\u00f3veis, alimenta\u00e7\u00e3o, moda, tecnologia, educa\u00e7\u00e3o e servi\u00e7os \u2014 formando um verdadeiro retrato da economia ubaense.<\/p>\n<hr data-start=\"1585\" data-end=\"1588\" \/>\n<h3 data-start=\"1590\" data-end=\"1623\">Lideran\u00e7a que gera resultados<\/h3>\n<p data-start=\"1625\" data-end=\"1955\">Para <strong data-start=\"1630\" data-end=\"1649\">Silber Silveira<\/strong>, a feira multissetorial representa o amadurecimento do associativismo e o compromisso da ACIUB\u00c1 com o desenvolvimento econ\u00f4mico da cidade.<br data-start=\"1788\" data-end=\"1791\" \/>Ele refor\u00e7ou que o evento n\u00e3o teve como foco o lucro imediato, mas a valoriza\u00e7\u00e3o do com\u00e9rcio local e o fortalecimento das rela\u00e7\u00f5es entre empres\u00e1rios e consumidores:<\/p>\n<blockquote data-start=\"1957\" data-end=\"2177\">\n<p data-start=\"1959\" data-end=\"2177\">\u201cNosso objetivo \u00e9 promover o com\u00e9rcio, a ind\u00fastria e os servi\u00e7os. Cada expositor aqui \u00e9 um protagonista. A ACIUB\u00c1 n\u00e3o mede esfor\u00e7os para criar oportunidades e fazer o empres\u00e1rio acreditar no potencial da nossa cidade.\u201d<\/p>\n<\/blockquote>\n<p data-start=\"2179\" data-end=\"2439\">O resultado foi t\u00e3o expressivo que a <strong data-start=\"2216\" data-end=\"2254\">segunda edi\u00e7\u00e3o j\u00e1 tem data marcada<\/strong>: de <strong data-start=\"2259\" data-end=\"2288\">5 a 8 de novembro de 2026<\/strong>, novamente no Parque Industrial Florestal. O evento contar\u00e1 com o <strong data-start=\"2355\" data-end=\"2387\">Festival Gastron\u00f4mico de Ub\u00e1<\/strong>, ampliando ainda mais a experi\u00eancia para o p\u00fablico.<\/p>\n<hr data-start=\"2441\" data-end=\"2444\" \/>\n<h3 data-start=\"2446\" data-end=\"2496\">Entrevistas que revelam entusiasmo e confian\u00e7a<\/h3>\n<p data-start=\"2498\" data-end=\"2721\">Durante a cobertura feita pelo <strong data-start=\"2529\" data-end=\"2562\">rep\u00f3rter Carlos Roberto Sodr\u00e9<\/strong>, com imagens de <strong data-start=\"2579\" data-end=\"2594\">Laisa Sodr\u00e9<\/strong> e gera\u00e7\u00e3o de conte\u00fado de <strong data-start=\"2620\" data-end=\"2653\">Pedro Henriques (INDICCA.COM)<\/strong>, foi poss\u00edvel captar o sentimento de quem viveu a feira por dentro.<\/p>\n<p data-start=\"2723\" data-end=\"2834\">O empres\u00e1rio <strong data-start=\"2736\" data-end=\"2756\">Rodrigo Trindade<\/strong>, da Real Colch\u00f5es, destacou a import\u00e2ncia de participar da primeira edi\u00e7\u00e3o:<\/p>\n<blockquote data-start=\"2836\" data-end=\"2991\">\n<p data-start=\"2838\" data-end=\"2991\">\u201cA feira veio para ficar. Trouxemos promo\u00e7\u00f5es exclusivas e tivemos excelente retorno. O p\u00fablico \u00e9 receptivo, e a ACIUB\u00c1 est\u00e1 de parab\u00e9ns pela estrutura.\u201d<\/p>\n<\/blockquote>\n<p data-start=\"2993\" data-end=\"3108\">J\u00e1 o produtor <strong data-start=\"3007\" data-end=\"3017\">L\u00e1zaro<\/strong>, da destilaria <strong data-start=\"3033\" data-end=\"3041\">Zaro<\/strong>, ressaltou a oportunidade de mostrar o valor da cacha\u00e7a mineira:<\/p>\n<blockquote data-start=\"3110\" data-end=\"3258\">\n<p data-start=\"3112\" data-end=\"3258\">\u201cEstamos lan\u00e7ando novos produtos, e o p\u00fablico est\u00e1 adorando. A feira abre portas, cria conex\u00f5es e valoriza o trabalho de quem empreende em Minas.\u201d<\/p>\n<\/blockquote>\n<p data-start=\"3260\" data-end=\"3461\">Os consultores <strong data-start=\"3275\" data-end=\"3292\">Luciano Duque<\/strong> e <strong data-start=\"3295\" data-end=\"3309\">Vitor Lima<\/strong> tamb\u00e9m marcaram presen\u00e7a com o tema <strong data-start=\"3346\" data-end=\"3369\">educa\u00e7\u00e3o financeira<\/strong>. Luciano refor\u00e7ou que o conhecimento \u00e9 essencial para o desenvolvimento pessoal e coletivo:<\/p>\n<blockquote data-start=\"3463\" data-end=\"3620\">\n<p data-start=\"3465\" data-end=\"3620\">\u201cA feira mostrou que Ub\u00e1 tem espa\u00e7o para novas ideias e projetos. Queremos levar educa\u00e7\u00e3o financeira para as escolas e formar uma gera\u00e7\u00e3o mais consciente.\u201d<\/p>\n<\/blockquote>\n<hr data-start=\"3622\" data-end=\"3625\" \/>\n<h3 data-start=\"3627\" data-end=\"3664\">Associativismo, inova\u00e7\u00e3o e futuro<\/h3>\n<p data-start=\"3666\" data-end=\"4006\">Al\u00e9m dos expositores, a feira reuniu institui\u00e7\u00f5es parceiras, empreendedoras e iniciativas de impacto social. O <strong data-start=\"3777\" data-end=\"3811\">Instituto Uma Mulher por Outra<\/strong> apresentou hist\u00f3rias inspiradoras de mulheres que empreendem com prop\u00f3sito e colabora\u00e7\u00e3o. Para a representante <a href=\"https:\/\/www.linkedin.com\/in\/priscila-liquer-707bb521a\/\" target=\"_blank\" rel=\"noopener\"><strong data-start=\"3923\" data-end=\"3935\">Priscila<\/strong><\/a>, \u201ca feira foi uma vitrine de oportunidades e uni\u00e3o entre as mulheres\u201d.<\/p>\n<p data-start=\"3666\" data-end=\"4006\"><a href=\"https:\/\/www.youtube.com\/live\/KKQGESIInQw?si=DsTwQsKUs5Jp9cPu&amp;t=4184\" target=\"_blank\" rel=\"noopener\"><img decoding=\"async\" class=\"aligncenter size-medium wp-image-23371 lazyload\" data-src=\"https:\/\/ubanews.com\/site\/wp-content\/uploads\/2025\/11\/Fala-Sodre-Instituto-Uma-Mulher-Por-Outra-a-300x168.jpg\" alt=\"\" width=\"300\" height=\"168\" data-srcset=\"https:\/\/ubanews.com\/site\/wp-content\/uploads\/2025\/11\/Fala-Sodre-Instituto-Uma-Mulher-Por-Outra-a-300x168.jpg 300w, https:\/\/ubanews.com\/site\/wp-content\/uploads\/2025\/11\/Fala-Sodre-Instituto-Uma-Mulher-Por-Outra-a-1024x574.jpg 1024w, https:\/\/ubanews.com\/site\/wp-content\/uploads\/2025\/11\/Fala-Sodre-Instituto-Uma-Mulher-Por-Outra-a-768x430.jpg 768w, https:\/\/ubanews.com\/site\/wp-content\/uploads\/2025\/11\/Fala-Sodre-Instituto-Uma-Mulher-Por-Outra-a-360x200.jpg 360w, https:\/\/ubanews.com\/site\/wp-content\/uploads\/2025\/11\/Fala-Sodre-Instituto-Uma-Mulher-Por-Outra-a.jpg 1165w\" data-sizes=\"(max-width: 300px) 100vw, 300px\" src=\"data:image\/svg+xml;base64,PHN2ZyB3aWR0aD0iMSIgaGVpZ2h0PSIxIiB4bWxucz0iaHR0cDovL3d3dy53My5vcmcvMjAwMC9zdmciPjwvc3ZnPg==\" style=\"--smush-placeholder-width: 300px; --smush-placeholder-aspect-ratio: 300\/168;\" \/><\/a><\/p>\n<p data-start=\"4008\" data-end=\"4085\">O <strong data-start=\"4010\" data-end=\"4053\">vice-presidente da ACIUB\u00c1, Elias Coelho<\/strong>, tamb\u00e9m celebrou o resultado:<\/p>\n<blockquote data-start=\"4087\" data-end=\"4300\">\n<p data-start=\"4089\" data-end=\"4300\">\u201cA feira superou todas as expectativas. Movimentou setores inteiros \u2014 da montagem \u00e0 limpeza, das vendas \u00e0s parcerias institucionais. \u00c9 o tipo de a\u00e7\u00e3o que faz a diferen\u00e7a para o desenvolvimento econ\u00f4mico de Ub\u00e1.\u201d<\/p>\n<\/blockquote>\n<p data-start=\"4302\" data-end=\"4521\">Ele confirmou que mais de <strong data-start=\"4328\" data-end=\"4384\">90% dos expositores j\u00e1 garantiram presen\u00e7a para 2026<\/strong>, sinal claro de satisfa\u00e7\u00e3o e confian\u00e7a. A ACIUB\u00c1 sai fortalecida, com uma nova gera\u00e7\u00e3o de l\u00edderes assumindo a continuidade dos projetos.<\/p>\n<hr data-start=\"4523\" data-end=\"4526\" \/>\n<h3 data-start=\"4528\" data-end=\"4572\">Compromisso com o desenvolvimento de Ub\u00e1<\/h3>\n<p data-start=\"4574\" data-end=\"4838\">A <strong data-start=\"4576\" data-end=\"4600\">Feira Multissetorial<\/strong> n\u00e3o apenas movimentou neg\u00f3cios, mas reafirmou o papel da <strong data-start=\"4658\" data-end=\"4668\">ACIUB\u00c1<\/strong> como agente transformador. Com apoio da Prefeitura Municipal, do Sebrae, e de empresas locais, a associa\u00e7\u00e3o mostrou que \u00e9 poss\u00edvel unir prop\u00f3sito, inova\u00e7\u00e3o e resultados.<\/p>\n<p data-start=\"4840\" data-end=\"4891\"><strong data-start=\"4840\" data-end=\"4859\">Silber Silveira<\/strong> resumiu o esp\u00edrito do evento:<\/p>\n<blockquote data-start=\"4893\" data-end=\"5102\">\n<p data-start=\"4895\" data-end=\"5102\">\u201cUb\u00e1 tem com\u00e9rcio forte, ind\u00fastria ativa e uma popula\u00e7\u00e3o empreendedora. Quando unimos for\u00e7as, criamos oportunidades que beneficiam a todos. A feira veio para ficar \u2014 e j\u00e1 \u00e9 um marco no calend\u00e1rio da cidade.\u201d<\/p>\n<\/blockquote>\n<p data-start=\"5104\" data-end=\"5328\">A pr\u00f3xima edi\u00e7\u00e3o promete ser ainda maior, com novos segmentos, atra\u00e7\u00f5es culturais e experi\u00eancias gastron\u00f4micas. O sucesso de 2025 confirma: <strong data-start=\"5244\" data-end=\"5327\">a ACIUB\u00c1 est\u00e1 pronta para continuar liderando o desenvolvimento de Ub\u00e1 e regi\u00e3o<\/strong>.<\/p>\n<p><iframe title=\"Fala Sodr\u00e9: Encerramento da Feira Multissetorial, uma realiza\u00e7\u00e3o da ACIUB\u00c1 11\/11\/2025\" width=\"840\" height=\"473\" data-src=\"https:\/\/www.youtube.com\/embed\/KKQGESIInQw?feature=oembed\" frameborder=\"0\" allow=\"accelerometer; autoplay; clipboard-write; encrypted-media; gyroscope; picture-in-picture; web-share\" referrerpolicy=\"strict-origin-when-cross-origin\" allowfullscreen src=\"data:image\/svg+xml;base64,PHN2ZyB3aWR0aD0iMSIgaGVpZ2h0PSIxIiB4bWxucz0iaHR0cDovL3d3dy53My5vcmcvMjAwMC9zdmciPjwvc3ZnPg==\" class=\"lazyload\" data-load-mode=\"1\"><\/iframe><\/p>\n<p style=\"margin: 0in; font-size: 20.0pt;\"><span style=\"font-family: 'Segoe UI Emoji';\">&#x1f4da; <\/span><span style=\"font-weight: bold; font-family: Calibri;\">Cobertura:<\/span><span style=\"font-family: Calibri;\"> Carlos Roberto Sodr\u00e9 <\/span><a href=\"https:\/\/wa.me\/553298481334\"><span style=\"font-family: Calibri;\">WhatsApp<\/span><\/a><\/p>\n<p style=\"margin: 0in; font-size: 20.0pt;\"><span style=\"font-family: 'Segoe UI Emoji';\">&#x1f4f8; <\/span><span style=\"font-weight: bold; font-family: Calibri;\">Imagens:<\/span><span style=\"font-family: Calibri;\"> Laisa Sodr\u00e9<\/span><\/p>\n<p style=\"margin: 0in; font-size: 20.0pt;\"><span style=\"font-family: 'Segoe UI Emoji';\">&#x1f4dd; <\/span><span style=\"font-weight: bold; font-family: Calibri;\">Conte\u00fado: <\/span><a href=\"https:\/\/www.linkedin.com\/in\/pedrohgf\/\"><span style=\"font-family: Calibri;\">Pedro Henriques<\/span><\/a><span style=\"font-family: Calibri;\"> \u2013 <\/span><a href=\"https:\/\/indicca.com.br\/blog\/\"><span style=\"font-family: Calibri;\">INDICCA.COM<\/span><\/a><span style=\"font-family: Calibri;\">\u00a0 <\/span><a href=\"https:\/\/wa.me\/5532988020057\"><span style=\"font-family: Calibri;\">WhatsApp<\/span><\/a><\/p>\n<p style=\"margin: 0in; font-size: 20.0pt;\"><span style=\"font-family: 'Segoe UI Emoji';\">&#x1f393; <\/span><span style=\"font-weight: bold; font-family: Calibri;\">Evento:\u00a0<\/span>Feira Multissetorial de Ub\u00e1 consolida sucesso e j\u00e1 tem nova edi\u00e7\u00e3o confirmada pela ACIUB\u00c1.<\/p>\n","protected":false},"excerpt":{"rendered":"<p>Feira Multissetorial de Ub\u00e1 consolida sucesso e j\u00e1 tem nova<\/p>\n","protected":false},"author":4,"featured_media":23370,"comment_status":"open","ping_status":"open","sticky":false,"template":"","format":"standard","meta":{"footnotes":""},"categories":[1,3],"tags":[57,59,200,60],"class_list":["post-23369","post","type-post","status-publish","format-standard","has-post-thumbnail","hentry","category-sem-categoria","category-slide","tag-aciuba","tag-fala-sodre","tag-feira-multissetorial","tag-ubanews"],"yoast_head":"<!-- This site is optimized with the Yoast SEO plugin v27.2 - https:\/\/yoast.com\/product\/yoast-seo-wordpress\/ -->\n<title>Feira Multissetorial de Ub\u00e1 consolida sucesso - Ub\u00e1 News<\/title>\n<meta name=\"description\" content=\"Feira Multissetorial de Ub\u00e1 consolida sucesso e j\u00e1 tem nova edi\u00e7\u00e3o confirmada pela ACIUB\u00c1. Um evento que superou expectativas.\" \/>\n<meta name=\"robots\" content=\"index, follow, max-snippet:-1, max-image-preview:large, max-video-preview:-1\" \/>\n<link rel=\"canonical\" href=\"https:\/\/ubanews.com\/site\/2025\/11\/12\/feira-multissetorial-de-uba-consolida-sucesso\/\" \/>\n<meta property=\"og:locale\" content=\"pt_BR\" \/>\n<meta property=\"og:type\" content=\"article\" \/>\n<meta property=\"og:title\" content=\"Feira Multissetorial de Ub\u00e1 consolida sucesso - Ub\u00e1 News\" \/>\n<meta property=\"og:description\" content=\"Feira Multissetorial de Ub\u00e1 consolida sucesso e j\u00e1 tem nova edi\u00e7\u00e3o confirmada pela ACIUB\u00c1. Um evento que superou expectativas.\" \/>\n<meta property=\"og:url\" content=\"https:\/\/ubanews.com\/site\/2025\/11\/12\/feira-multissetorial-de-uba-consolida-sucesso\/\" \/>\n<meta property=\"og:site_name\" content=\"Ub\u00e1 News\" \/>\n<meta property=\"article:publisher\" content=\"https:\/\/www.facebook.com\/Ub%c3%a1News-Carlos-Roberto-Sodr%c3%a9-418778301977370\" \/>\n<meta property=\"article:published_time\" content=\"2025-11-12T19:24:33+00:00\" \/>\n<meta property=\"article:modified_time\" content=\"2025-11-16T18:24:44+00:00\" \/>\n<meta property=\"og:image\" content=\"https:\/\/ubanews.com\/site\/wp-content\/uploads\/2025\/11\/Fala-Sodre-Instituto-Uma-Mulher-Por-Outra.jpg\" \/>\n\t<meta property=\"og:image:width\" content=\"1176\" \/>\n\t<meta property=\"og:image:height\" content=\"657\" \/>\n\t<meta property=\"og:image:type\" content=\"image\/jpeg\" \/>\n<meta name=\"author\" content=\"Carlos Roberto Sodr\u00e9\" \/>\n<meta name=\"twitter:card\" content=\"summary_large_image\" \/>\n<meta name=\"twitter:label1\" content=\"Escrito por\" \/>\n\t<meta name=\"twitter:data1\" content=\"Carlos Roberto Sodr\u00e9\" \/>\n\t<meta name=\"twitter:label2\" content=\"Est. tempo de leitura\" \/>\n\t<meta name=\"twitter:data2\" content=\"4 minutos\" \/>\n<script type=\"application\/ld+json\" class=\"yoast-schema-graph\">{\"@context\":\"https:\/\/schema.org\",\"@graph\":[{\"@type\":\"Article\",\"@id\":\"https:\/\/ubanews.com\/site\/2025\/11\/12\/feira-multissetorial-de-uba-consolida-sucesso\/#article\",\"isPartOf\":{\"@id\":\"https:\/\/ubanews.com\/site\/2025\/11\/12\/feira-multissetorial-de-uba-consolida-sucesso\/\"},\"author\":{\"name\":\"Carlos Roberto Sodr\u00e9\",\"@id\":\"https:\/\/ubanews.com\/site\/#\/schema\/person\/9d8da9ec3c8d00640ab6e8c81e103310\"},\"headline\":\"Feira Multissetorial de Ub\u00e1 consolida sucesso\",\"datePublished\":\"2025-11-12T19:24:33+00:00\",\"dateModified\":\"2025-11-16T18:24:44+00:00\",\"mainEntityOfPage\":{\"@id\":\"https:\/\/ubanews.com\/site\/2025\/11\/12\/feira-multissetorial-de-uba-consolida-sucesso\/\"},\"wordCount\":869,\"commentCount\":0,\"publisher\":{\"@id\":\"https:\/\/ubanews.com\/site\/#organization\"},\"image\":{\"@id\":\"https:\/\/ubanews.com\/site\/2025\/11\/12\/feira-multissetorial-de-uba-consolida-sucesso\/#primaryimage\"},\"thumbnailUrl\":\"https:\/\/ubanews.com\/site\/wp-content\/uploads\/2025\/11\/Fala-Sodre-Instituto-Uma-Mulher-Por-Outra.jpg\",\"keywords\":[\"ACIUB\u00c1\",\"Fala Sodr\u00e9\",\"Feira Multissetorial\",\"UBANEWS\"],\"articleSection\":[\"Geral\",\"Slide\"],\"inLanguage\":\"pt-BR\",\"potentialAction\":[{\"@type\":\"CommentAction\",\"name\":\"Comment\",\"target\":[\"https:\/\/ubanews.com\/site\/2025\/11\/12\/feira-multissetorial-de-uba-consolida-sucesso\/#respond\"]}]},{\"@type\":\"WebPage\",\"@id\":\"https:\/\/ubanews.com\/site\/2025\/11\/12\/feira-multissetorial-de-uba-consolida-sucesso\/\",\"url\":\"https:\/\/ubanews.com\/site\/2025\/11\/12\/feira-multissetorial-de-uba-consolida-sucesso\/\",\"name\":\"Feira Multissetorial de Ub\u00e1 consolida sucesso - Ub\u00e1 News\",\"isPartOf\":{\"@id\":\"https:\/\/ubanews.com\/site\/#website\"},\"primaryImageOfPage\":{\"@id\":\"https:\/\/ubanews.com\/site\/2025\/11\/12\/feira-multissetorial-de-uba-consolida-sucesso\/#primaryimage\"},\"image\":{\"@id\":\"https:\/\/ubanews.com\/site\/2025\/11\/12\/feira-multissetorial-de-uba-consolida-sucesso\/#primaryimage\"},\"thumbnailUrl\":\"https:\/\/ubanews.com\/site\/wp-content\/uploads\/2025\/11\/Fala-Sodre-Instituto-Uma-Mulher-Por-Outra.jpg\",\"datePublished\":\"2025-11-12T19:24:33+00:00\",\"dateModified\":\"2025-11-16T18:24:44+00:00\",\"description\":\"Feira Multissetorial de Ub\u00e1 consolida sucesso e j\u00e1 tem nova edi\u00e7\u00e3o confirmada pela ACIUB\u00c1. Um evento que superou expectativas.\",\"breadcrumb\":{\"@id\":\"https:\/\/ubanews.com\/site\/2025\/11\/12\/feira-multissetorial-de-uba-consolida-sucesso\/#breadcrumb\"},\"inLanguage\":\"pt-BR\",\"potentialAction\":[{\"@type\":\"ReadAction\",\"target\":[\"https:\/\/ubanews.com\/site\/2025\/11\/12\/feira-multissetorial-de-uba-consolida-sucesso\/\"]}]},{\"@type\":\"ImageObject\",\"inLanguage\":\"pt-BR\",\"@id\":\"https:\/\/ubanews.com\/site\/2025\/11\/12\/feira-multissetorial-de-uba-consolida-sucesso\/#primaryimage\",\"url\":\"https:\/\/ubanews.com\/site\/wp-content\/uploads\/2025\/11\/Fala-Sodre-Instituto-Uma-Mulher-Por-Outra.jpg\",\"contentUrl\":\"https:\/\/ubanews.com\/site\/wp-content\/uploads\/2025\/11\/Fala-Sodre-Instituto-Uma-Mulher-Por-Outra.jpg\",\"width\":1176,\"height\":657,\"caption\":\"Feira Multissetorial de Ub\u00e1 consolida sucesso e j\u00e1 tem nova edi\u00e7\u00e3o confirmada pela ACIUB\u00c1\"},{\"@type\":\"BreadcrumbList\",\"@id\":\"https:\/\/ubanews.com\/site\/2025\/11\/12\/feira-multissetorial-de-uba-consolida-sucesso\/#breadcrumb\",\"itemListElement\":[{\"@type\":\"ListItem\",\"position\":1,\"name\":\"Home\",\"item\":\"https:\/\/ubanews.com\/site\/\"},{\"@type\":\"ListItem\",\"position\":2,\"name\":\"Feira Multissetorial de Ub\u00e1 consolida sucesso\"}]},{\"@type\":\"WebSite\",\"@id\":\"https:\/\/ubanews.com\/site\/#website\",\"url\":\"https:\/\/ubanews.com\/site\/\",\"name\":\"Ub\u00e1 News\",\"description\":\"\",\"publisher\":{\"@id\":\"https:\/\/ubanews.com\/site\/#organization\"},\"potentialAction\":[{\"@type\":\"SearchAction\",\"target\":{\"@type\":\"EntryPoint\",\"urlTemplate\":\"https:\/\/ubanews.com\/site\/?s={search_term_string}\"},\"query-input\":{\"@type\":\"PropertyValueSpecification\",\"valueRequired\":true,\"valueName\":\"search_term_string\"}}],\"inLanguage\":\"pt-BR\"},{\"@type\":\"Organization\",\"@id\":\"https:\/\/ubanews.com\/site\/#organization\",\"name\":\"Ub\u00e1 News\",\"url\":\"https:\/\/ubanews.com\/site\/\",\"logo\":{\"@type\":\"ImageObject\",\"inLanguage\":\"pt-BR\",\"@id\":\"https:\/\/ubanews.com\/site\/#\/schema\/logo\/image\/\",\"url\":\"https:\/\/ubanews.com\/site\/wp-content\/uploads\/2018\/01\/logoubanews.png\",\"contentUrl\":\"https:\/\/ubanews.com\/site\/wp-content\/uploads\/2018\/01\/logoubanews.png\",\"width\":261,\"height\":99,\"caption\":\"Ub\u00e1 News\"},\"image\":{\"@id\":\"https:\/\/ubanews.com\/site\/#\/schema\/logo\/image\/\"},\"sameAs\":[\"https:\/\/www.facebook.com\/Ub\u00e1News-Carlos-Roberto-Sodr\u00e9-418778301977370\"]},{\"@type\":\"Person\",\"@id\":\"https:\/\/ubanews.com\/site\/#\/schema\/person\/9d8da9ec3c8d00640ab6e8c81e103310\",\"name\":\"Carlos Roberto Sodr\u00e9\",\"image\":{\"@type\":\"ImageObject\",\"inLanguage\":\"pt-BR\",\"@id\":\"https:\/\/secure.gravatar.com\/avatar\/aab322e8555b56c468614fafdab8a8f924e394cdc6cfd8232f77e9e4d123a133?s=96&d=mm&r=g\",\"url\":\"https:\/\/secure.gravatar.com\/avatar\/aab322e8555b56c468614fafdab8a8f924e394cdc6cfd8232f77e9e4d123a133?s=96&d=mm&r=g\",\"contentUrl\":\"https:\/\/secure.gravatar.com\/avatar\/aab322e8555b56c468614fafdab8a8f924e394cdc6cfd8232f77e9e4d123a133?s=96&d=mm&r=g\",\"caption\":\"Carlos Roberto Sodr\u00e9\"},\"url\":\"https:\/\/ubanews.com\/site\/author\/sodre\/\"}]}<\/script>\n<!-- \/ Yoast SEO plugin. -->","yoast_head_json":{"title":"Feira Multissetorial de Ub\u00e1 consolida sucesso - Ub\u00e1 News","description":"Feira Multissetorial de Ub\u00e1 consolida sucesso e j\u00e1 tem nova edi\u00e7\u00e3o confirmada pela ACIUB\u00c1. Um evento que superou expectativas.","robots":{"index":"index","follow":"follow","max-snippet":"max-snippet:-1","max-image-preview":"max-image-preview:large","max-video-preview":"max-video-preview:-1"},"canonical":"https:\/\/ubanews.com\/site\/2025\/11\/12\/feira-multissetorial-de-uba-consolida-sucesso\/","og_locale":"pt_BR","og_type":"article","og_title":"Feira Multissetorial de Ub\u00e1 consolida sucesso - Ub\u00e1 News","og_description":"Feira Multissetorial de Ub\u00e1 consolida sucesso e j\u00e1 tem nova edi\u00e7\u00e3o confirmada pela ACIUB\u00c1. Um evento que superou expectativas.","og_url":"https:\/\/ubanews.com\/site\/2025\/11\/12\/feira-multissetorial-de-uba-consolida-sucesso\/","og_site_name":"Ub\u00e1 News","article_publisher":"https:\/\/www.facebook.com\/Ub%c3%a1News-Carlos-Roberto-Sodr%c3%a9-418778301977370","article_published_time":"2025-11-12T19:24:33+00:00","article_modified_time":"2025-11-16T18:24:44+00:00","og_image":[{"width":1176,"height":657,"url":"https:\/\/ubanews.com\/site\/wp-content\/uploads\/2025\/11\/Fala-Sodre-Instituto-Uma-Mulher-Por-Outra.jpg","type":"image\/jpeg"}],"author":"Carlos Roberto Sodr\u00e9","twitter_card":"summary_large_image","twitter_misc":{"Escrito por":"Carlos Roberto Sodr\u00e9","Est. tempo de leitura":"4 minutos"},"schema":{"@context":"https:\/\/schema.org","@graph":[{"@type":"Article","@id":"https:\/\/ubanews.com\/site\/2025\/11\/12\/feira-multissetorial-de-uba-consolida-sucesso\/#article","isPartOf":{"@id":"https:\/\/ubanews.com\/site\/2025\/11\/12\/feira-multissetorial-de-uba-consolida-sucesso\/"},"author":{"name":"Carlos Roberto Sodr\u00e9","@id":"https:\/\/ubanews.com\/site\/#\/schema\/person\/9d8da9ec3c8d00640ab6e8c81e103310"},"headline":"Feira Multissetorial de Ub\u00e1 consolida sucesso","datePublished":"2025-11-12T19:24:33+00:00","dateModified":"2025-11-16T18:24:44+00:00","mainEntityOfPage":{"@id":"https:\/\/ubanews.com\/site\/2025\/11\/12\/feira-multissetorial-de-uba-consolida-sucesso\/"},"wordCount":869,"commentCount":0,"publisher":{"@id":"https:\/\/ubanews.com\/site\/#organization"},"image":{"@id":"https:\/\/ubanews.com\/site\/2025\/11\/12\/feira-multissetorial-de-uba-consolida-sucesso\/#primaryimage"},"thumbnailUrl":"https:\/\/ubanews.com\/site\/wp-content\/uploads\/2025\/11\/Fala-Sodre-Instituto-Uma-Mulher-Por-Outra.jpg","keywords":["ACIUB\u00c1","Fala Sodr\u00e9","Feira Multissetorial","UBANEWS"],"articleSection":["Geral","Slide"],"inLanguage":"pt-BR","potentialAction":[{"@type":"CommentAction","name":"Comment","target":["https:\/\/ubanews.com\/site\/2025\/11\/12\/feira-multissetorial-de-uba-consolida-sucesso\/#respond"]}]},{"@type":"WebPage","@id":"https:\/\/ubanews.com\/site\/2025\/11\/12\/feira-multissetorial-de-uba-consolida-sucesso\/","url":"https:\/\/ubanews.com\/site\/2025\/11\/12\/feira-multissetorial-de-uba-consolida-sucesso\/","name":"Feira Multissetorial de Ub\u00e1 consolida sucesso - Ub\u00e1 News","isPartOf":{"@id":"https:\/\/ubanews.com\/site\/#website"},"primaryImageOfPage":{"@id":"https:\/\/ubanews.com\/site\/2025\/11\/12\/feira-multissetorial-de-uba-consolida-sucesso\/#primaryimage"},"image":{"@id":"https:\/\/ubanews.com\/site\/2025\/11\/12\/feira-multissetorial-de-uba-consolida-sucesso\/#primaryimage"},"thumbnailUrl":"https:\/\/ubanews.com\/site\/wp-content\/uploads\/2025\/11\/Fala-Sodre-Instituto-Uma-Mulher-Por-Outra.jpg","datePublished":"2025-11-12T19:24:33+00:00","dateModified":"2025-11-16T18:24:44+00:00","description":"Feira Multissetorial de Ub\u00e1 consolida sucesso e j\u00e1 tem nova edi\u00e7\u00e3o confirmada pela ACIUB\u00c1. Um evento que superou expectativas.","breadcrumb":{"@id":"https:\/\/ubanews.com\/site\/2025\/11\/12\/feira-multissetorial-de-uba-consolida-sucesso\/#breadcrumb"},"inLanguage":"pt-BR","potentialAction":[{"@type":"ReadAction","target":["https:\/\/ubanews.com\/site\/2025\/11\/12\/feira-multissetorial-de-uba-consolida-sucesso\/"]}]},{"@type":"ImageObject","inLanguage":"pt-BR","@id":"https:\/\/ubanews.com\/site\/2025\/11\/12\/feira-multissetorial-de-uba-consolida-sucesso\/#primaryimage","url":"https:\/\/ubanews.com\/site\/wp-content\/uploads\/2025\/11\/Fala-Sodre-Instituto-Uma-Mulher-Por-Outra.jpg","contentUrl":"https:\/\/ubanews.com\/site\/wp-content\/uploads\/2025\/11\/Fala-Sodre-Instituto-Uma-Mulher-Por-Outra.jpg","width":1176,"height":657,"caption":"Feira Multissetorial de Ub\u00e1 consolida sucesso e j\u00e1 tem nova edi\u00e7\u00e3o confirmada pela ACIUB\u00c1"},{"@type":"BreadcrumbList","@id":"https:\/\/ubanews.com\/site\/2025\/11\/12\/feira-multissetorial-de-uba-consolida-sucesso\/#breadcrumb","itemListElement":[{"@type":"ListItem","position":1,"name":"Home","item":"https:\/\/ubanews.com\/site\/"},{"@type":"ListItem","position":2,"name":"Feira Multissetorial de Ub\u00e1 consolida sucesso"}]},{"@type":"WebSite","@id":"https:\/\/ubanews.com\/site\/#website","url":"https:\/\/ubanews.com\/site\/","name":"Ub\u00e1 News","description":"","publisher":{"@id":"https:\/\/ubanews.com\/site\/#organization"},"potentialAction":[{"@type":"SearchAction","target":{"@type":"EntryPoint","urlTemplate":"https:\/\/ubanews.com\/site\/?s={search_term_string}"},"query-input":{"@type":"PropertyValueSpecification","valueRequired":true,"valueName":"search_term_string"}}],"inLanguage":"pt-BR"},{"@type":"Organization","@id":"https:\/\/ubanews.com\/site\/#organization","name":"Ub\u00e1 News","url":"https:\/\/ubanews.com\/site\/","logo":{"@type":"ImageObject","inLanguage":"pt-BR","@id":"https:\/\/ubanews.com\/site\/#\/schema\/logo\/image\/","url":"https:\/\/ubanews.com\/site\/wp-content\/uploads\/2018\/01\/logoubanews.png","contentUrl":"https:\/\/ubanews.com\/site\/wp-content\/uploads\/2018\/01\/logoubanews.png","width":261,"height":99,"caption":"Ub\u00e1 News"},"image":{"@id":"https:\/\/ubanews.com\/site\/#\/schema\/logo\/image\/"},"sameAs":["https:\/\/www.facebook.com\/Ub\u00e1News-Carlos-Roberto-Sodr\u00e9-418778301977370"]},{"@type":"Person","@id":"https:\/\/ubanews.com\/site\/#\/schema\/person\/9d8da9ec3c8d00640ab6e8c81e103310","name":"Carlos Roberto Sodr\u00e9","image":{"@type":"ImageObject","inLanguage":"pt-BR","@id":"https:\/\/secure.gravatar.com\/avatar\/aab322e8555b56c468614fafdab8a8f924e394cdc6cfd8232f77e9e4d123a133?s=96&d=mm&r=g","url":"https:\/\/secure.gravatar.com\/avatar\/aab322e8555b56c468614fafdab8a8f924e394cdc6cfd8232f77e9e4d123a133?s=96&d=mm&r=g","contentUrl":"https:\/\/secure.gravatar.com\/avatar\/aab322e8555b56c468614fafdab8a8f924e394cdc6cfd8232f77e9e4d123a133?s=96&d=mm&r=g","caption":"Carlos Roberto Sodr\u00e9"},"url":"https:\/\/ubanews.com\/site\/author\/sodre\/"}]}},"_links":{"self":[{"href":"https:\/\/ubanews.com\/site\/wp-json\/wp\/v2\/posts\/23369","targetHints":{"allow":["GET"]}}],"collection":[{"href":"https:\/\/ubanews.com\/site\/wp-json\/wp\/v2\/posts"}],"about":[{"href":"https:\/\/ubanews.com\/site\/wp-json\/wp\/v2\/types\/post"}],"author":[{"embeddable":true,"href":"https:\/\/ubanews.com\/site\/wp-json\/wp\/v2\/users\/4"}],"replies":[{"embeddable":true,"href":"https:\/\/ubanews.com\/site\/wp-json\/wp\/v2\/comments?post=23369"}],"version-history":[{"count":0,"href":"https:\/\/ubanews.com\/site\/wp-json\/wp\/v2\/posts\/23369\/revisions"}],"wp:featuredmedia":[{"embeddable":true,"href":"https:\/\/ubanews.com\/site\/wp-json\/wp\/v2\/media\/23370"}],"wp:attachment":[{"href":"https:\/\/ubanews.com\/site\/wp-json\/wp\/v2\/media?parent=23369"}],"wp:term":[{"taxonomy":"category","embeddable":true,"href":"https:\/\/ubanews.com\/site\/wp-json\/wp\/v2\/categories?post=23369"},{"taxonomy":"post_tag","embeddable":true,"href":"https:\/\/ubanews.com\/site\/wp-json\/wp\/v2\/tags?post=23369"}],"curies":[{"name":"wp","href":"https:\/\/api.w.org\/{rel}","templated":true}]}}