{"id":23363,"date":"2025-11-10T16:26:03","date_gmt":"2025-11-10T19:26:03","guid":{"rendered":"https:\/\/ubanews.com\/site\/?p=23363"},"modified":"2025-11-10T16:32:37","modified_gmt":"2025-11-10T19:32:37","slug":"ocorrencias-policiais","status":"publish","type":"post","link":"https:\/\/ubanews.com\/site\/2025\/11\/10\/ocorrencias-policiais\/","title":{"rendered":"Ocorr\u00eancias Policiais"},"content":{"rendered":"<p><strong>Ocorr\u00eancias Policiais: balan\u00e7o revela for\u00e7a, presen\u00e7a e resultados da Seguran\u00e7a P\u00fablica na regi\u00e3o de Ub\u00e1.\u00a0<\/strong>A mais recente s\u00edntese de ocorr\u00eancias policiais registradas pelo 21\u00ba Batalh\u00e3o da Pol\u00edcia Militar de Minas Gerais, publicada pelo Ub\u00e1 News, apresenta um panorama robusto do trabalho das for\u00e7as de seguran\u00e7a em Ub\u00e1 e em toda a \u00e1rea de abrang\u00eancia da unidade. Entre os dias 23 de outubro e 7 de novembro de 2025, os registros revelam uma s\u00e9rie de opera\u00e7\u00f5es, apreens\u00f5es, pris\u00f5es, resgates e a\u00e7\u00f5es preventivas, indicando uma atua\u00e7\u00e3o intensa e cont\u00ednua da PMMG, Pol\u00edcia Civil e Corpo de Bombeiros no enfrentamento ao crime e na prote\u00e7\u00e3o da popula\u00e7\u00e3o.<\/p>\n<p><strong>Ocorr\u00eancias Policiais: balan\u00e7o revela for\u00e7a, presen\u00e7a e resultados da Seguran\u00e7a P\u00fablica na regi\u00e3o de Ub\u00e1<\/strong><\/p>\n<p><a href=\"https:\/\/ubanews.com\/site\/ocorrencias-policiais-1\/\" target=\"_blank\" rel=\"noopener\"><img decoding=\"async\" class=\"aligncenter size-medium wp-image-23060 lazyload\" data-src=\"https:\/\/ubanews.com\/site\/wp-content\/uploads\/2025\/10\/Policia-Militar-2-300x200.jpeg\" alt=\"Pol\u00edcia Militar\" width=\"300\" height=\"200\" data-srcset=\"https:\/\/ubanews.com\/site\/wp-content\/uploads\/2025\/10\/Policia-Militar-2-300x200.jpeg 300w, https:\/\/ubanews.com\/site\/wp-content\/uploads\/2025\/10\/Policia-Militar-2-1024x682.jpeg 1024w, https:\/\/ubanews.com\/site\/wp-content\/uploads\/2025\/10\/Policia-Militar-2-768x512.jpeg 768w, https:\/\/ubanews.com\/site\/wp-content\/uploads\/2025\/10\/Policia-Militar-2-1536x1023.jpeg 1536w, https:\/\/ubanews.com\/site\/wp-content\/uploads\/2025\/10\/Policia-Militar-2-1200x800.jpeg 1200w, https:\/\/ubanews.com\/site\/wp-content\/uploads\/2025\/10\/Policia-Militar-2-120x80.jpeg 120w, https:\/\/ubanews.com\/site\/wp-content\/uploads\/2025\/10\/Policia-Militar-2.jpeg 1600w\" data-sizes=\"(max-width: 300px) 100vw, 300px\" src=\"data:image\/svg+xml;base64,PHN2ZyB3aWR0aD0iMSIgaGVpZ2h0PSIxIiB4bWxucz0iaHR0cDovL3d3dy53My5vcmcvMjAwMC9zdmciPjwvc3ZnPg==\" style=\"--smush-placeholder-width: 300px; --smush-placeholder-aspect-ratio: 300\/200;\" \/><\/a><\/p>\n<p>Ao todo, o conjunto de ocorr\u00eancias analisadas demonstra <strong>tr\u00eas tend\u00eancias principais<\/strong>:<\/p>\n<ol>\n<li><strong>Crescimento significativo das opera\u00e7\u00f5es de combate ao tr\u00e1fico de drogas<\/strong>, com pris\u00f5es em praticamente todas as cidades da regi\u00e3o.<\/li>\n<li><strong>Aumento na localiza\u00e7\u00e3o e captura de foragidos da Justi\u00e7a<\/strong>, o que refor\u00e7a o trabalho de intelig\u00eancia e circula\u00e7\u00e3o ostensiva das equipes.<\/li>\n<li><strong>Atua\u00e7\u00e3o integrada das for\u00e7as<\/strong>, especialmente em opera\u00e7\u00f5es complexas, cumprimento de mandados e incidentes que envolvem risco \u00e0 vida, como inc\u00eandios e resgates.<\/li>\n<\/ol>\n<p><strong>Tr\u00e1fico de drogas: o crime mais recorrente e combatido<\/strong><\/p>\n<p>No per\u00edodo analisado, o crime mais presente nas ocorr\u00eancias \u00e9, de forma clara, o tr\u00e1fico de drogas. Foram registradas <strong>mais de 30 a\u00e7\u00f5es diretas<\/strong> envolvendo pris\u00e3o de adultos ou apreens\u00e3o de adolescentes por tr\u00e1fico, al\u00e9m de pontos de com\u00e9rcio clandestino fechados em Ub\u00e1, Rodeiro, Visconde do Rio Branco, Tocantins, Pira\u00faba, Merces, Guidoval, Dores do Turvo e Br\u00e1s Pires.<\/p>\n<p><a href=\"https:\/\/ubanews.com\/site\/ocorrencias-policiais-1\/\" target=\"_blank\" rel=\"noopener\"><img decoding=\"async\" class=\"aligncenter size-medium wp-image-23082 lazyload\" data-src=\"https:\/\/ubanews.com\/site\/wp-content\/uploads\/2025\/10\/Policia-Militar-2-300x182.jpg\" alt=\"Pol\u00edcia Militar - Fala Sodr\u00e9\" width=\"300\" height=\"182\" data-srcset=\"https:\/\/ubanews.com\/site\/wp-content\/uploads\/2025\/10\/Policia-Militar-2-300x182.jpg 300w, https:\/\/ubanews.com\/site\/wp-content\/uploads\/2025\/10\/Policia-Militar-2-768x465.jpg 768w, https:\/\/ubanews.com\/site\/wp-content\/uploads\/2025\/10\/Policia-Militar-2.jpg 1010w\" data-sizes=\"(max-width: 300px) 100vw, 300px\" src=\"data:image\/svg+xml;base64,PHN2ZyB3aWR0aD0iMSIgaGVpZ2h0PSIxIiB4bWxucz0iaHR0cDovL3d3dy53My5vcmcvMjAwMC9zdmciPjwvc3ZnPg==\" style=\"--smush-placeholder-width: 300px; --smush-placeholder-aspect-ratio: 300\/182;\" \/><\/a><\/p>\n<p>Somente em Ub\u00e1, bairros como <strong>Primavera, Waldemar de Castro, Universit\u00e1rio, S\u00e3o Domingos, S\u00e3o Sebasti\u00e3o, In\u00eas Groppo, Da Luz e Dep. Pires da Luz<\/strong> aparecem repetidamente como alvos de den\u00fancias e monitoramento.<\/p>\n<p>O padr\u00e3o observado demonstra:<\/p>\n<ul>\n<li>Uso de <strong>adolescentes<\/strong> no transporte e venda (\u201cdelivery\u201d).<\/li>\n<li>Drogas escondidas em <strong>matagal, bananeiras, pastos, barrancos, casas abandonadas e trilhos<\/strong>.<\/li>\n<li>Emprego de <strong>c\u00e3es farejadores<\/strong>, especialmente o c\u00e3o Ogum, em diversas opera\u00e7\u00f5es.<\/li>\n<li>Estruturas fortificadas com c\u00e2meras, port\u00f5es refor\u00e7ados e at\u00e9 c\u00e3es de guarda em algumas cidades.<\/li>\n<\/ul>\n<p>O volume de apreens\u00f5es tamb\u00e9m chama aten\u00e7\u00e3o: centenas de pinos de coca\u00edna, dezenas de pedras de crack e grande quantidade de maconha foram retirados de circula\u00e7\u00e3o.<\/p>\n<p><strong>Porte e posse de armas: a\u00e7oite constante do patrulhamento<\/strong><\/p>\n<p>Outra tend\u00eancia observada \u00e9 o n\u00famero significativo de ocorr\u00eancias envolvendo <strong>armas de fogo<\/strong>. A Pol\u00edcia Militar prendeu indiv\u00edduos por portar ou manter armas irregulares em <strong>Ub\u00e1, Guidoval, Dores do Turvo, Br\u00e1s Pires e Tocantins<\/strong>.<\/p>\n<p>Chama a aten\u00e7\u00e3o a apreens\u00e3o de:<\/p>\n<ul>\n<li>Rev\u00f3lveres calibre .38 e .22<\/li>\n<li>Armas com <strong>numera\u00e7\u00e3o raspada<\/strong><\/li>\n<li>Espingardas tipo polveira<\/li>\n<li>Muni\u00e7\u00f5es intactas<\/li>\n<li>R\u00e1dios comunicadores usados por criminosos<\/li>\n<\/ul>\n<p>A presen\u00e7a de armamento irregular refor\u00e7a a import\u00e2ncia das opera\u00e7\u00f5es preventivas e do patrulhamento t\u00e1tico, que t\u00eam sido efetivos em interceptar \u00e0s atividades ligadas ao tr\u00e1fico e conflitos entre grupos criminosos.<\/p>\n<p><strong>Foragidos da Justi\u00e7a: uma marca da efici\u00eancia no rastreamento<\/strong><\/p>\n<p>Entre os registros, pelo menos <strong>25 pessoas foragidas<\/strong> foram capturadas pela PMMG em Ub\u00e1, Visconde do Rio Branco, Merces, Guarani, Rodeiro, Tocantins, S\u00e3o Geraldo e Rio Pomba. Essa quantidade expressiva evidencia o papel estrat\u00e9gico das equipes de intelig\u00eancia e do patrulhamento ostensivo, que atuam em sinergia para retirar das ruas indiv\u00edduos com mandados ativos.<\/p>\n<p><strong>Bombeiros: atua\u00e7\u00e3o estrat\u00e9gica em eventos cr\u00edticos<\/strong><\/p>\n<p>O Corpo de Bombeiros tamb\u00e9m aparece de forma marcante nos registros, demonstrando sua import\u00e2ncia em situa\u00e7\u00f5es de risco iminente. Entre os destaques:<\/p>\n<ul>\n<li><strong>Inc\u00eandio em resid\u00eancia<\/strong> no Centro de Ub\u00e1, controlado rapidamente.<\/li>\n<li><strong>Grave acidente<\/strong> entre Ubari e Miragaia, com v\u00edtima presa \u00e0s ferragens, exigindo a\u00e7\u00e3o t\u00e9cnica de salvamento.<\/li>\n<li>Participa\u00e7\u00e3o no <strong>Plano de Conting\u00eancia<\/strong> de Guiricema, refor\u00e7ando o trabalho preventivo e comunit\u00e1rio.<\/li>\n<\/ul>\n<p><strong>Conclus\u00e3o: presen\u00e7a forte, resposta r\u00e1pida e integra\u00e7\u00e3o institucional<\/strong><\/p>\n<p>O conjunto de ocorr\u00eancias mostra uma realidade clara:<br \/>\n<strong>a seguran\u00e7a p\u00fablica na regi\u00e3o de Ub\u00e1 est\u00e1 em pleno funcionamento, com equipes atuando de forma integrada, t\u00e9cnica e permanente.<\/strong><\/p>\n<p style=\"margin: 0in; font-size: 20.0pt;\"><span style=\"font-family: 'Segoe UI Emoji';\">&#x1f4da; <\/span><span style=\"font-weight: bold; font-family: Calibri;\">Cobertura:<\/span><span style=\"font-family: Calibri;\"> Carlos Roberto Sodr\u00e9 <\/span><a href=\"https:\/\/wa.me\/553298481334\"><span style=\"font-family: Calibri;\">WhatsApp<\/span><\/a><\/p>\n<p style=\"margin: 0in; font-size: 20.0pt;\"><span style=\"font-family: 'Segoe UI Emoji';\">&#x1f4f8; <\/span><span style=\"font-weight: bold; font-family: Calibri;\">Imagens:<\/span><span style=\"font-family: Calibri;\"> Laisa Sodr\u00e9<\/span><\/p>\n<p style=\"margin: 0in; font-size: 20.0pt;\"><span style=\"font-family: 'Segoe UI Emoji';\">&#x1f4dd; <\/span><span style=\"font-weight: bold; font-family: Calibri;\">Conte\u00fado: <\/span><a href=\"https:\/\/www.linkedin.com\/in\/pedrohgf\/\"><span style=\"font-family: Calibri;\">Pedro Henriques<\/span><\/a><span style=\"font-family: Calibri;\"> \u2013 <\/span><a href=\"https:\/\/indicca.com.br\/blog\/\"><span style=\"font-family: Calibri;\">INDICCA.COM<\/span><\/a><span style=\"font-family: Calibri;\">\u00a0 <\/span><a href=\"https:\/\/wa.me\/5532988020057\"><span style=\"font-family: Calibri;\">WhatsApp<\/span><\/a><\/p>\n<p style=\"margin: 0in; font-size: 20.0pt;\"><span style=\"font-family: 'Segoe UI Emoji';\">&#x1f393; <\/span><span style=\"font-weight: bold; font-family: Calibri;\">Evento: Ocorr\u00eancias Policiais<\/span><\/p>\n","protected":false},"excerpt":{"rendered":"<p>Ocorr\u00eancias Policiais: balan\u00e7o revela for\u00e7a, presen\u00e7a e resultados da Seguran\u00e7a<\/p>\n","protected":false},"author":4,"featured_media":23291,"comment_status":"open","ping_status":"open","sticky":false,"template":"","format":"standard","meta":{"footnotes":""},"categories":[1,3],"tags":[59,188,222,60],"class_list":["post-23363","post","type-post","status-publish","format-standard","has-post-thumbnail","hentry","category-sem-categoria","category-slide","tag-fala-sodre","tag-fato-policial","tag-ocorrencia-policial","tag-ubanews"],"yoast_head":"<!-- This site is optimized with the Yoast SEO plugin v27.2 - https:\/\/yoast.com\/product\/yoast-seo-wordpress\/ -->\n<title>Ocorr\u00eancias Policiais - Ub\u00e1 News<\/title>\n<meta name=\"description\" content=\"Ocorr\u00eancias Policiais: balan\u00e7o revela for\u00e7a, presen\u00e7a e resultados da Seguran\u00e7a P\u00fablica na regi\u00e3o de Ub\u00e1. A mais recente Fato Policial.\" \/>\n<meta name=\"robots\" content=\"index, follow, max-snippet:-1, max-image-preview:large, max-video-preview:-1\" \/>\n<link rel=\"canonical\" href=\"https:\/\/ubanews.com\/site\/2025\/11\/10\/ocorrencias-policiais\/\" \/>\n<meta property=\"og:locale\" content=\"pt_BR\" \/>\n<meta property=\"og:type\" content=\"article\" \/>\n<meta property=\"og:title\" content=\"Ocorr\u00eancias Policiais - Ub\u00e1 News\" \/>\n<meta property=\"og:description\" content=\"Ocorr\u00eancias Policiais: balan\u00e7o revela for\u00e7a, presen\u00e7a e resultados da Seguran\u00e7a P\u00fablica na regi\u00e3o de Ub\u00e1. A mais recente Fato Policial.\" \/>\n<meta property=\"og:url\" content=\"https:\/\/ubanews.com\/site\/2025\/11\/10\/ocorrencias-policiais\/\" \/>\n<meta property=\"og:site_name\" content=\"Ub\u00e1 News\" \/>\n<meta property=\"article:publisher\" content=\"https:\/\/www.facebook.com\/Ub%c3%a1News-Carlos-Roberto-Sodr%c3%a9-418778301977370\" \/>\n<meta property=\"article:published_time\" content=\"2025-11-10T19:26:03+00:00\" \/>\n<meta property=\"article:modified_time\" content=\"2025-11-10T19:32:37+00:00\" \/>\n<meta property=\"og:image\" content=\"https:\/\/ubanews.com\/site\/wp-content\/uploads\/2025\/10\/Fato-Policial-Passarinhos-3.jpeg\" \/>\n\t<meta property=\"og:image:width\" content=\"1600\" \/>\n\t<meta property=\"og:image:height\" content=\"1204\" \/>\n\t<meta property=\"og:image:type\" content=\"image\/jpeg\" \/>\n<meta name=\"author\" content=\"Carlos Roberto Sodr\u00e9\" \/>\n<meta name=\"twitter:card\" content=\"summary_large_image\" \/>\n<meta name=\"twitter:label1\" content=\"Escrito por\" \/>\n\t<meta name=\"twitter:data1\" content=\"Carlos Roberto Sodr\u00e9\" \/>\n\t<meta name=\"twitter:label2\" content=\"Est. tempo de leitura\" \/>\n\t<meta name=\"twitter:data2\" content=\"5 minutos\" \/>\n<script type=\"application\/ld+json\" class=\"yoast-schema-graph\">{\"@context\":\"https:\/\/schema.org\",\"@graph\":[{\"@type\":\"Article\",\"@id\":\"https:\/\/ubanews.com\/site\/2025\/11\/10\/ocorrencias-policiais\/#article\",\"isPartOf\":{\"@id\":\"https:\/\/ubanews.com\/site\/2025\/11\/10\/ocorrencias-policiais\/\"},\"author\":{\"name\":\"Carlos Roberto Sodr\u00e9\",\"@id\":\"https:\/\/ubanews.com\/site\/#\/schema\/person\/9d8da9ec3c8d00640ab6e8c81e103310\"},\"headline\":\"Ocorr\u00eancias Policiais\",\"datePublished\":\"2025-11-10T19:26:03+00:00\",\"dateModified\":\"2025-11-10T19:32:37+00:00\",\"mainEntityOfPage\":{\"@id\":\"https:\/\/ubanews.com\/site\/2025\/11\/10\/ocorrencias-policiais\/\"},\"wordCount\":779,\"commentCount\":0,\"publisher\":{\"@id\":\"https:\/\/ubanews.com\/site\/#organization\"},\"image\":{\"@id\":\"https:\/\/ubanews.com\/site\/2025\/11\/10\/ocorrencias-policiais\/#primaryimage\"},\"thumbnailUrl\":\"https:\/\/ubanews.com\/site\/wp-content\/uploads\/2025\/10\/Fato-Policial-Passarinhos-3.jpeg\",\"keywords\":[\"Fala Sodr\u00e9\",\"Fato Policial\",\"Ocorr\u00eancia Policial\",\"UBANEWS\"],\"articleSection\":[\"Geral\",\"Slide\"],\"inLanguage\":\"pt-BR\",\"potentialAction\":[{\"@type\":\"CommentAction\",\"name\":\"Comment\",\"target\":[\"https:\/\/ubanews.com\/site\/2025\/11\/10\/ocorrencias-policiais\/#respond\"]}]},{\"@type\":\"WebPage\",\"@id\":\"https:\/\/ubanews.com\/site\/2025\/11\/10\/ocorrencias-policiais\/\",\"url\":\"https:\/\/ubanews.com\/site\/2025\/11\/10\/ocorrencias-policiais\/\",\"name\":\"Ocorr\u00eancias Policiais - Ub\u00e1 News\",\"isPartOf\":{\"@id\":\"https:\/\/ubanews.com\/site\/#website\"},\"primaryImageOfPage\":{\"@id\":\"https:\/\/ubanews.com\/site\/2025\/11\/10\/ocorrencias-policiais\/#primaryimage\"},\"image\":{\"@id\":\"https:\/\/ubanews.com\/site\/2025\/11\/10\/ocorrencias-policiais\/#primaryimage\"},\"thumbnailUrl\":\"https:\/\/ubanews.com\/site\/wp-content\/uploads\/2025\/10\/Fato-Policial-Passarinhos-3.jpeg\",\"datePublished\":\"2025-11-10T19:26:03+00:00\",\"dateModified\":\"2025-11-10T19:32:37+00:00\",\"description\":\"Ocorr\u00eancias Policiais: balan\u00e7o revela for\u00e7a, presen\u00e7a e resultados da Seguran\u00e7a P\u00fablica na regi\u00e3o de Ub\u00e1. A mais recente Fato Policial.\",\"breadcrumb\":{\"@id\":\"https:\/\/ubanews.com\/site\/2025\/11\/10\/ocorrencias-policiais\/#breadcrumb\"},\"inLanguage\":\"pt-BR\",\"potentialAction\":[{\"@type\":\"ReadAction\",\"target\":[\"https:\/\/ubanews.com\/site\/2025\/11\/10\/ocorrencias-policiais\/\"]}]},{\"@type\":\"ImageObject\",\"inLanguage\":\"pt-BR\",\"@id\":\"https:\/\/ubanews.com\/site\/2025\/11\/10\/ocorrencias-policiais\/#primaryimage\",\"url\":\"https:\/\/ubanews.com\/site\/wp-content\/uploads\/2025\/10\/Fato-Policial-Passarinhos-3.jpeg\",\"contentUrl\":\"https:\/\/ubanews.com\/site\/wp-content\/uploads\/2025\/10\/Fato-Policial-Passarinhos-3.jpeg\",\"width\":1600,\"height\":1204,\"caption\":\"No decorrer da Opera\u00e7\u00e3o LIBERTAS, na cidade de Ub\u00e1\"},{\"@type\":\"BreadcrumbList\",\"@id\":\"https:\/\/ubanews.com\/site\/2025\/11\/10\/ocorrencias-policiais\/#breadcrumb\",\"itemListElement\":[{\"@type\":\"ListItem\",\"position\":1,\"name\":\"Home\",\"item\":\"https:\/\/ubanews.com\/site\/\"},{\"@type\":\"ListItem\",\"position\":2,\"name\":\"Ocorr\u00eancias Policiais\"}]},{\"@type\":\"WebSite\",\"@id\":\"https:\/\/ubanews.com\/site\/#website\",\"url\":\"https:\/\/ubanews.com\/site\/\",\"name\":\"Ub\u00e1 News\",\"description\":\"\",\"publisher\":{\"@id\":\"https:\/\/ubanews.com\/site\/#organization\"},\"potentialAction\":[{\"@type\":\"SearchAction\",\"target\":{\"@type\":\"EntryPoint\",\"urlTemplate\":\"https:\/\/ubanews.com\/site\/?s={search_term_string}\"},\"query-input\":{\"@type\":\"PropertyValueSpecification\",\"valueRequired\":true,\"valueName\":\"search_term_string\"}}],\"inLanguage\":\"pt-BR\"},{\"@type\":\"Organization\",\"@id\":\"https:\/\/ubanews.com\/site\/#organization\",\"name\":\"Ub\u00e1 News\",\"url\":\"https:\/\/ubanews.com\/site\/\",\"logo\":{\"@type\":\"ImageObject\",\"inLanguage\":\"pt-BR\",\"@id\":\"https:\/\/ubanews.com\/site\/#\/schema\/logo\/image\/\",\"url\":\"https:\/\/ubanews.com\/site\/wp-content\/uploads\/2018\/01\/logoubanews.png\",\"contentUrl\":\"https:\/\/ubanews.com\/site\/wp-content\/uploads\/2018\/01\/logoubanews.png\",\"width\":261,\"height\":99,\"caption\":\"Ub\u00e1 News\"},\"image\":{\"@id\":\"https:\/\/ubanews.com\/site\/#\/schema\/logo\/image\/\"},\"sameAs\":[\"https:\/\/www.facebook.com\/Ub\u00e1News-Carlos-Roberto-Sodr\u00e9-418778301977370\"]},{\"@type\":\"Person\",\"@id\":\"https:\/\/ubanews.com\/site\/#\/schema\/person\/9d8da9ec3c8d00640ab6e8c81e103310\",\"name\":\"Carlos Roberto Sodr\u00e9\",\"image\":{\"@type\":\"ImageObject\",\"inLanguage\":\"pt-BR\",\"@id\":\"https:\/\/secure.gravatar.com\/avatar\/aab322e8555b56c468614fafdab8a8f924e394cdc6cfd8232f77e9e4d123a133?s=96&d=mm&r=g\",\"url\":\"https:\/\/secure.gravatar.com\/avatar\/aab322e8555b56c468614fafdab8a8f924e394cdc6cfd8232f77e9e4d123a133?s=96&d=mm&r=g\",\"contentUrl\":\"https:\/\/secure.gravatar.com\/avatar\/aab322e8555b56c468614fafdab8a8f924e394cdc6cfd8232f77e9e4d123a133?s=96&d=mm&r=g\",\"caption\":\"Carlos Roberto Sodr\u00e9\"},\"url\":\"https:\/\/ubanews.com\/site\/author\/sodre\/\"}]}<\/script>\n<!-- \/ Yoast SEO plugin. -->","yoast_head_json":{"title":"Ocorr\u00eancias Policiais - Ub\u00e1 News","description":"Ocorr\u00eancias Policiais: balan\u00e7o revela for\u00e7a, presen\u00e7a e resultados da Seguran\u00e7a P\u00fablica na regi\u00e3o de Ub\u00e1. A mais recente Fato Policial.","robots":{"index":"index","follow":"follow","max-snippet":"max-snippet:-1","max-image-preview":"max-image-preview:large","max-video-preview":"max-video-preview:-1"},"canonical":"https:\/\/ubanews.com\/site\/2025\/11\/10\/ocorrencias-policiais\/","og_locale":"pt_BR","og_type":"article","og_title":"Ocorr\u00eancias Policiais - Ub\u00e1 News","og_description":"Ocorr\u00eancias Policiais: balan\u00e7o revela for\u00e7a, presen\u00e7a e resultados da Seguran\u00e7a P\u00fablica na regi\u00e3o de Ub\u00e1. A mais recente Fato Policial.","og_url":"https:\/\/ubanews.com\/site\/2025\/11\/10\/ocorrencias-policiais\/","og_site_name":"Ub\u00e1 News","article_publisher":"https:\/\/www.facebook.com\/Ub%c3%a1News-Carlos-Roberto-Sodr%c3%a9-418778301977370","article_published_time":"2025-11-10T19:26:03+00:00","article_modified_time":"2025-11-10T19:32:37+00:00","og_image":[{"width":1600,"height":1204,"url":"https:\/\/ubanews.com\/site\/wp-content\/uploads\/2025\/10\/Fato-Policial-Passarinhos-3.jpeg","type":"image\/jpeg"}],"author":"Carlos Roberto Sodr\u00e9","twitter_card":"summary_large_image","twitter_misc":{"Escrito por":"Carlos Roberto Sodr\u00e9","Est. tempo de leitura":"5 minutos"},"schema":{"@context":"https:\/\/schema.org","@graph":[{"@type":"Article","@id":"https:\/\/ubanews.com\/site\/2025\/11\/10\/ocorrencias-policiais\/#article","isPartOf":{"@id":"https:\/\/ubanews.com\/site\/2025\/11\/10\/ocorrencias-policiais\/"},"author":{"name":"Carlos Roberto Sodr\u00e9","@id":"https:\/\/ubanews.com\/site\/#\/schema\/person\/9d8da9ec3c8d00640ab6e8c81e103310"},"headline":"Ocorr\u00eancias Policiais","datePublished":"2025-11-10T19:26:03+00:00","dateModified":"2025-11-10T19:32:37+00:00","mainEntityOfPage":{"@id":"https:\/\/ubanews.com\/site\/2025\/11\/10\/ocorrencias-policiais\/"},"wordCount":779,"commentCount":0,"publisher":{"@id":"https:\/\/ubanews.com\/site\/#organization"},"image":{"@id":"https:\/\/ubanews.com\/site\/2025\/11\/10\/ocorrencias-policiais\/#primaryimage"},"thumbnailUrl":"https:\/\/ubanews.com\/site\/wp-content\/uploads\/2025\/10\/Fato-Policial-Passarinhos-3.jpeg","keywords":["Fala Sodr\u00e9","Fato Policial","Ocorr\u00eancia Policial","UBANEWS"],"articleSection":["Geral","Slide"],"inLanguage":"pt-BR","potentialAction":[{"@type":"CommentAction","name":"Comment","target":["https:\/\/ubanews.com\/site\/2025\/11\/10\/ocorrencias-policiais\/#respond"]}]},{"@type":"WebPage","@id":"https:\/\/ubanews.com\/site\/2025\/11\/10\/ocorrencias-policiais\/","url":"https:\/\/ubanews.com\/site\/2025\/11\/10\/ocorrencias-policiais\/","name":"Ocorr\u00eancias Policiais - Ub\u00e1 News","isPartOf":{"@id":"https:\/\/ubanews.com\/site\/#website"},"primaryImageOfPage":{"@id":"https:\/\/ubanews.com\/site\/2025\/11\/10\/ocorrencias-policiais\/#primaryimage"},"image":{"@id":"https:\/\/ubanews.com\/site\/2025\/11\/10\/ocorrencias-policiais\/#primaryimage"},"thumbnailUrl":"https:\/\/ubanews.com\/site\/wp-content\/uploads\/2025\/10\/Fato-Policial-Passarinhos-3.jpeg","datePublished":"2025-11-10T19:26:03+00:00","dateModified":"2025-11-10T19:32:37+00:00","description":"Ocorr\u00eancias Policiais: balan\u00e7o revela for\u00e7a, presen\u00e7a e resultados da Seguran\u00e7a P\u00fablica na regi\u00e3o de Ub\u00e1. A mais recente Fato Policial.","breadcrumb":{"@id":"https:\/\/ubanews.com\/site\/2025\/11\/10\/ocorrencias-policiais\/#breadcrumb"},"inLanguage":"pt-BR","potentialAction":[{"@type":"ReadAction","target":["https:\/\/ubanews.com\/site\/2025\/11\/10\/ocorrencias-policiais\/"]}]},{"@type":"ImageObject","inLanguage":"pt-BR","@id":"https:\/\/ubanews.com\/site\/2025\/11\/10\/ocorrencias-policiais\/#primaryimage","url":"https:\/\/ubanews.com\/site\/wp-content\/uploads\/2025\/10\/Fato-Policial-Passarinhos-3.jpeg","contentUrl":"https:\/\/ubanews.com\/site\/wp-content\/uploads\/2025\/10\/Fato-Policial-Passarinhos-3.jpeg","width":1600,"height":1204,"caption":"No decorrer da Opera\u00e7\u00e3o LIBERTAS, na cidade de Ub\u00e1"},{"@type":"BreadcrumbList","@id":"https:\/\/ubanews.com\/site\/2025\/11\/10\/ocorrencias-policiais\/#breadcrumb","itemListElement":[{"@type":"ListItem","position":1,"name":"Home","item":"https:\/\/ubanews.com\/site\/"},{"@type":"ListItem","position":2,"name":"Ocorr\u00eancias Policiais"}]},{"@type":"WebSite","@id":"https:\/\/ubanews.com\/site\/#website","url":"https:\/\/ubanews.com\/site\/","name":"Ub\u00e1 News","description":"","publisher":{"@id":"https:\/\/ubanews.com\/site\/#organization"},"potentialAction":[{"@type":"SearchAction","target":{"@type":"EntryPoint","urlTemplate":"https:\/\/ubanews.com\/site\/?s={search_term_string}"},"query-input":{"@type":"PropertyValueSpecification","valueRequired":true,"valueName":"search_term_string"}}],"inLanguage":"pt-BR"},{"@type":"Organization","@id":"https:\/\/ubanews.com\/site\/#organization","name":"Ub\u00e1 News","url":"https:\/\/ubanews.com\/site\/","logo":{"@type":"ImageObject","inLanguage":"pt-BR","@id":"https:\/\/ubanews.com\/site\/#\/schema\/logo\/image\/","url":"https:\/\/ubanews.com\/site\/wp-content\/uploads\/2018\/01\/logoubanews.png","contentUrl":"https:\/\/ubanews.com\/site\/wp-content\/uploads\/2018\/01\/logoubanews.png","width":261,"height":99,"caption":"Ub\u00e1 News"},"image":{"@id":"https:\/\/ubanews.com\/site\/#\/schema\/logo\/image\/"},"sameAs":["https:\/\/www.facebook.com\/Ub\u00e1News-Carlos-Roberto-Sodr\u00e9-418778301977370"]},{"@type":"Person","@id":"https:\/\/ubanews.com\/site\/#\/schema\/person\/9d8da9ec3c8d00640ab6e8c81e103310","name":"Carlos Roberto Sodr\u00e9","image":{"@type":"ImageObject","inLanguage":"pt-BR","@id":"https:\/\/secure.gravatar.com\/avatar\/aab322e8555b56c468614fafdab8a8f924e394cdc6cfd8232f77e9e4d123a133?s=96&d=mm&r=g","url":"https:\/\/secure.gravatar.com\/avatar\/aab322e8555b56c468614fafdab8a8f924e394cdc6cfd8232f77e9e4d123a133?s=96&d=mm&r=g","contentUrl":"https:\/\/secure.gravatar.com\/avatar\/aab322e8555b56c468614fafdab8a8f924e394cdc6cfd8232f77e9e4d123a133?s=96&d=mm&r=g","caption":"Carlos Roberto Sodr\u00e9"},"url":"https:\/\/ubanews.com\/site\/author\/sodre\/"}]}},"_links":{"self":[{"href":"https:\/\/ubanews.com\/site\/wp-json\/wp\/v2\/posts\/23363","targetHints":{"allow":["GET"]}}],"collection":[{"href":"https:\/\/ubanews.com\/site\/wp-json\/wp\/v2\/posts"}],"about":[{"href":"https:\/\/ubanews.com\/site\/wp-json\/wp\/v2\/types\/post"}],"author":[{"embeddable":true,"href":"https:\/\/ubanews.com\/site\/wp-json\/wp\/v2\/users\/4"}],"replies":[{"embeddable":true,"href":"https:\/\/ubanews.com\/site\/wp-json\/wp\/v2\/comments?post=23363"}],"version-history":[{"count":0,"href":"https:\/\/ubanews.com\/site\/wp-json\/wp\/v2\/posts\/23363\/revisions"}],"wp:featuredmedia":[{"embeddable":true,"href":"https:\/\/ubanews.com\/site\/wp-json\/wp\/v2\/media\/23291"}],"wp:attachment":[{"href":"https:\/\/ubanews.com\/site\/wp-json\/wp\/v2\/media?parent=23363"}],"wp:term":[{"taxonomy":"category","embeddable":true,"href":"https:\/\/ubanews.com\/site\/wp-json\/wp\/v2\/categories?post=23363"},{"taxonomy":"post_tag","embeddable":true,"href":"https:\/\/ubanews.com\/site\/wp-json\/wp\/v2\/tags?post=23363"}],"curies":[{"name":"wp","href":"https:\/\/api.w.org\/{rel}","templated":true}]}}