{"id":23347,"date":"2025-11-08T11:23:44","date_gmt":"2025-11-08T14:23:44","guid":{"rendered":"https:\/\/ubanews.com\/site\/?p=23347"},"modified":"2025-11-08T11:35:08","modified_gmt":"2025-11-08T14:35:08","slug":"feira-multissetorial-aciuba-2025","status":"publish","type":"post","link":"https:\/\/ubanews.com\/site\/2025\/11\/08\/feira-multissetorial-aciuba-2025\/","title":{"rendered":"Feira Multissetorial ACIUB\u00c1 2025"},"content":{"rendered":"<p data-start=\"430\" data-end=\"540\"><strong data-start=\"432\" data-end=\"540\">Feira Multissetorial ACIUB\u00c1 2025: uni\u00e3o, desenvolvimento e as vozes que impulsionam Ub\u00e1 e a Zona da Mata.\u00a0<\/strong>A Feira Multissetorial ACIUB\u00c1 2025 segue movimentando Ub\u00e1, gerando neg\u00f3cios e fortalecendo o ecossistema econ\u00f4mico regional. A cobertura produzida pelo rep\u00f3rter <strong data-start=\"703\" data-end=\"727\">Carlos Roberto Sodr\u00e9<\/strong>, com imagens de <strong data-start=\"744\" data-end=\"759\">Laisa Sodr\u00e9<\/strong> e gera\u00e7\u00e3o de conte\u00fado de <strong data-start=\"785\" data-end=\"818\">Pedro Henriques (INDICCA.COM)<\/strong>, mostra um evento din\u00e2mico, participativo e marcado por depoimentos que revelam a for\u00e7a da uni\u00e3o entre setores p\u00fablico, privado e institucional.<\/p>\n<p data-start=\"430\" data-end=\"540\"><strong data-start=\"432\" data-end=\"540\">Feira Multissetorial ACIUB\u00c1 2025: uni\u00e3o, desenvolvimento e as vozes que impulsionam Ub\u00e1 e a Zona da Mata<\/strong><\/p>\n<p data-start=\"430\" data-end=\"540\"><a href=\"https:\/\/www.youtube.com\/live\/i4CKbeyAoFI?si=H7eWlxq2IqfQYnRN\" target=\"_blank\" rel=\"noopener\"><img decoding=\"async\" class=\"aligncenter size-medium wp-image-23349 lazyload\" data-src=\"https:\/\/ubanews.com\/site\/wp-content\/uploads\/2025\/11\/Foto-Fala-Sodre-UbaNews-300x167.jpg\" alt=\"Feira Multissetorial ACIUB\u00c1 - Fala Sodr\u00e9 \" width=\"300\" height=\"167\" data-srcset=\"https:\/\/ubanews.com\/site\/wp-content\/uploads\/2025\/11\/Foto-Fala-Sodre-UbaNews-300x167.jpg 300w, https:\/\/ubanews.com\/site\/wp-content\/uploads\/2025\/11\/Foto-Fala-Sodre-UbaNews-768x428.jpg 768w, https:\/\/ubanews.com\/site\/wp-content\/uploads\/2025\/11\/Foto-Fala-Sodre-UbaNews-360x200.jpg 360w, https:\/\/ubanews.com\/site\/wp-content\/uploads\/2025\/11\/Foto-Fala-Sodre-UbaNews.jpg 829w\" data-sizes=\"(max-width: 300px) 100vw, 300px\" src=\"data:image\/svg+xml;base64,PHN2ZyB3aWR0aD0iMSIgaGVpZ2h0PSIxIiB4bWxucz0iaHR0cDovL3d3dy53My5vcmcvMjAwMC9zdmciPjwvc3ZnPg==\" style=\"--smush-placeholder-width: 300px; --smush-placeholder-aspect-ratio: 300\/167;\" \/><\/a><\/p>\n<p data-start=\"965\" data-end=\"1244\">Desde a abertura, o clima foi de entusiasmo. O p\u00fablico lotou os corredores, interagiu com os expositores e movimentou o com\u00e9rcio local. Sodr\u00e9 observou essa energia ao afirmar:<br data-start=\"1140\" data-end=\"1143\" \/><strong data-start=\"1143\" data-end=\"1244\">\u201cTem muita gente comprando l\u00e1. Minhas duas filhas compraram na quarta. Eu vou comprar na quinta.\u201d<\/strong><\/p>\n<p data-start=\"1246\" data-end=\"1358\">Assim, o ambiente mostrou que a feira atrai visitantes, gera oportunidades e desperta o interesse do consumidor.<\/p>\n<hr data-start=\"1360\" data-end=\"1363\" \/>\n<h2 data-start=\"1365\" data-end=\"1446\"><strong data-start=\"1368\" data-end=\"1446\">Integra\u00e7\u00e3o e prop\u00f3sito: o papel da ACIUB\u00c1 na constru\u00e7\u00e3o do desenvolvimento<\/strong><\/h2>\n<p data-start=\"1448\" data-end=\"1638\">Durante a abertura, uma mensagem orientou todo o esp\u00edrito do evento:<br data-start=\"1516\" data-end=\"1519\" \/><strong data-start=\"1519\" data-end=\"1638\">\u201cA feira nasce com um prop\u00f3sito muito nobre: integrar o eixo produtivo e fortalecer o ecossistema econ\u00f4mico local.\u201d<\/strong><\/p>\n<p data-start=\"1640\" data-end=\"1914\">O Presidente da ACIUB\u00c1, <strong data-start=\"1664\" data-end=\"1683\">Silber Silveira<\/strong>, refor\u00e7ou essa miss\u00e3o.<br data-start=\"1706\" data-end=\"1709\" \/>Ele destacou que o desenvolvimento precisa de alinhamento, di\u00e1logo e vis\u00e3o conjunta. Sua fala sintetizou esse compromisso:<br data-start=\"1831\" data-end=\"1834\" \/><strong data-start=\"1834\" data-end=\"1914\">\u201cQuando podemos caminhar juntos, os avan\u00e7os acontecem de forma mais s\u00f3lida.\u201d<\/strong><\/p>\n<p data-start=\"1916\" data-end=\"2125\">Silber tamb\u00e9m ressaltou a import\u00e2ncia de dar visibilidade aos empreendedores locais:<br data-start=\"2000\" data-end=\"2003\" \/><strong data-start=\"2003\" data-end=\"2125\">\u201cA feira fortalece quem acredita, quem produz e quem gera oportunidade. As pessoas transformam n\u00fameros em resultados.\u201d<\/strong><\/p>\n<p data-start=\"2127\" data-end=\"2218\">Com isso, a ACIUB\u00c1 reafirmou seu papel como articuladora do crescimento de Ub\u00e1 e da regi\u00e3o.<\/p>\n<p data-start=\"2127\" data-end=\"2218\"><a href=\"https:\/\/www.youtube.com\/live\/i4CKbeyAoFI?si=H7eWlxq2IqfQYnRN\" target=\"_blank\" rel=\"noopener\"><img decoding=\"async\" class=\"aligncenter size-medium wp-image-23351 lazyload\" data-src=\"https:\/\/ubanews.com\/site\/wp-content\/uploads\/2025\/11\/Silber-300x169.jpg\" alt=\"Feira Multissetorial ACIUB\u00c1 - Fala Sodr\u00e9\" width=\"300\" height=\"169\" data-srcset=\"https:\/\/ubanews.com\/site\/wp-content\/uploads\/2025\/11\/Silber-300x169.jpg 300w, https:\/\/ubanews.com\/site\/wp-content\/uploads\/2025\/11\/Silber-1024x576.jpg 1024w, https:\/\/ubanews.com\/site\/wp-content\/uploads\/2025\/11\/Silber-768x432.jpg 768w, https:\/\/ubanews.com\/site\/wp-content\/uploads\/2025\/11\/Silber.jpg 1281w\" data-sizes=\"(max-width: 300px) 100vw, 300px\" src=\"data:image\/svg+xml;base64,PHN2ZyB3aWR0aD0iMSIgaGVpZ2h0PSIxIiB4bWxucz0iaHR0cDovL3d3dy53My5vcmcvMjAwMC9zdmciPjwvc3ZnPg==\" style=\"--smush-placeholder-width: 300px; --smush-placeholder-aspect-ratio: 300\/169;\" \/><\/a><\/p>\n<hr data-start=\"2220\" data-end=\"2223\" \/>\n<h2 data-start=\"2225\" data-end=\"2314\"><strong data-start=\"2228\" data-end=\"2314\">A contribui\u00e7\u00e3o estadual: a presen\u00e7a do Presidente da Federaminas, Valmir Rodrigues<\/strong><\/h2>\n<p data-start=\"2316\" data-end=\"2526\">A participa\u00e7\u00e3o do Presidente da Federaminas, <strong data-start=\"2361\" data-end=\"2381\">Valmir Rodrigues<\/strong>, ampliou a dimens\u00e3o do evento.<br data-start=\"2412\" data-end=\"2415\" \/>Ele trouxe a vis\u00e3o do sistema associativista mineiro e destacou como Ub\u00e1 se tornou refer\u00eancia dentro do estado.<\/p>\n<p data-start=\"2528\" data-end=\"2690\">Segundo Valmir:<br data-start=\"2543\" data-end=\"2546\" \/><strong data-start=\"2546\" data-end=\"2690\">\u201cQuando uma cidade cria um ambiente favor\u00e1vel ao empreendedorismo, toda a regi\u00e3o ganha. Ub\u00e1 demonstra uni\u00e3o, organiza\u00e7\u00e3o e vis\u00e3o de futuro.\u201d<\/strong><\/p>\n<p data-start=\"2692\" data-end=\"2919\">Ele tamb\u00e9m valorizou o trabalho da ACIUB\u00c1 e o esfor\u00e7o da diretoria:<br data-start=\"2759\" data-end=\"2762\" \/><strong data-start=\"2762\" data-end=\"2919\">\u201cA Federaminas apoia iniciativas que fortalecem o com\u00e9rcio e a ind\u00fastria. A ACIUB\u00c1 mostra capacidade de mobiliza\u00e7\u00e3o e compromisso com o desenvolvimento.\u201d<\/strong><\/p>\n<p data-start=\"2921\" data-end=\"3092\">Sua presen\u00e7a confirmou que o impacto da feira vai al\u00e9m das fronteiras municipais.<br data-start=\"3002\" data-end=\"3005\" \/>O evento se consolida como um dos mais relevantes para o movimento empresarial mineiro.<\/p>\n<p data-start=\"2921\" data-end=\"3092\"><a href=\"https:\/\/www.youtube.com\/live\/i4CKbeyAoFI?si=H7eWlxq2IqfQYnRN\" target=\"_blank\" rel=\"noopener\"><img decoding=\"async\" class=\"aligncenter size-medium wp-image-23352 lazyload\" data-src=\"https:\/\/ubanews.com\/site\/wp-content\/uploads\/2025\/11\/Valmir-300x168.jpg\" alt=\"Feira Multissetorial ACIUB\u00c1 - Fala Sodr\u00e9 \" width=\"300\" height=\"168\" data-srcset=\"https:\/\/ubanews.com\/site\/wp-content\/uploads\/2025\/11\/Valmir-300x168.jpg 300w, https:\/\/ubanews.com\/site\/wp-content\/uploads\/2025\/11\/Valmir-1024x574.jpg 1024w, https:\/\/ubanews.com\/site\/wp-content\/uploads\/2025\/11\/Valmir-768x430.jpg 768w, https:\/\/ubanews.com\/site\/wp-content\/uploads\/2025\/11\/Valmir-360x200.jpg 360w, https:\/\/ubanews.com\/site\/wp-content\/uploads\/2025\/11\/Valmir.jpg 1280w\" data-sizes=\"(max-width: 300px) 100vw, 300px\" src=\"data:image\/svg+xml;base64,PHN2ZyB3aWR0aD0iMSIgaGVpZ2h0PSIxIiB4bWxucz0iaHR0cDovL3d3dy53My5vcmcvMjAwMC9zdmciPjwvc3ZnPg==\" style=\"--smush-placeholder-width: 300px; --smush-placeholder-aspect-ratio: 300\/168;\" \/><\/a><\/p>\n<hr data-start=\"3094\" data-end=\"3097\" \/>\n<h2 data-start=\"3099\" data-end=\"3179\"><strong data-start=\"3102\" data-end=\"3179\">A vis\u00e3o do Prefeito Jos\u00e9 Damato: responsabilidade, realismo e crescimento<\/strong><\/h2>\n<p data-start=\"3181\" data-end=\"3344\">A fala do Prefeito <strong data-start=\"3200\" data-end=\"3215\">Jos\u00e9 Damato<\/strong> trouxe profundidade ao debate econ\u00f4mico.<br data-start=\"3256\" data-end=\"3259\" \/>Ele refor\u00e7ou a import\u00e2ncia da responsabilidade fiscal e da maturidade administrativa.<\/p>\n<p data-start=\"3346\" data-end=\"3455\">Sua mensagem foi clara:<br data-start=\"3369\" data-end=\"3372\" \/><strong data-start=\"3372\" data-end=\"3455\">\u201cO econ\u00f4mico tem que ser respons\u00e1vel. Se n\u00e3o arrecadar, n\u00e3o tem como praticar.\u201d<\/strong><\/p>\n<p data-start=\"3457\" data-end=\"3623\">Depois, ele alertou para a necessidade de consci\u00eancia nacional:<br data-start=\"3520\" data-end=\"3523\" \/><strong data-start=\"3523\" data-end=\"3623\">\u201cO Brasil precisa acordar. Precisa se elevar. As pessoas precisam entender o porqu\u00ea das coisas.\u201d<\/strong><\/p>\n<p data-start=\"3625\" data-end=\"3774\">O prefeito tamb\u00e9m destacou o bom momento vivido pelo munic\u00edpio:<br data-start=\"3688\" data-end=\"3691\" \/><strong data-start=\"3691\" data-end=\"3774\">\u201cHoje temos condi\u00e7\u00f5es melhores. Temos que valorizar e trabalhar com seriedade.\u201d<\/strong><\/p>\n<p data-start=\"3776\" data-end=\"3900\">Ao final, deixou uma mensagem carregada de f\u00e9 e uni\u00e3o:<br data-start=\"3830\" data-end=\"3833\" \/><strong data-start=\"3833\" data-end=\"3900\">\u201cAgrade\u00e7o a Deus, aos diretores e a todos que fazem acontecer.\u201d<\/strong><\/p>\n<p data-start=\"3902\" data-end=\"4020\">Sua fala conectou gest\u00e3o p\u00fablica, setor produtivo e comunidade, refor\u00e7ando que desenvolvimento depende de colabora\u00e7\u00e3o.<\/p>\n<p data-start=\"3902\" data-end=\"4020\"><a href=\"https:\/\/www.youtube.com\/live\/i4CKbeyAoFI?si=H7eWlxq2IqfQYnRN\" target=\"_blank\" rel=\"noopener\"><img decoding=\"async\" class=\"aligncenter size-medium wp-image-23350 lazyload\" data-src=\"https:\/\/ubanews.com\/site\/wp-content\/uploads\/2025\/11\/Damato-300x167.jpg\" alt=\"Feira Multissetorial ACIUB\u00c1 - Fala Sodr\u00e9\" width=\"300\" height=\"167\" data-srcset=\"https:\/\/ubanews.com\/site\/wp-content\/uploads\/2025\/11\/Damato-300x167.jpg 300w, https:\/\/ubanews.com\/site\/wp-content\/uploads\/2025\/11\/Damato-1024x570.jpg 1024w, https:\/\/ubanews.com\/site\/wp-content\/uploads\/2025\/11\/Damato-768x428.jpg 768w, https:\/\/ubanews.com\/site\/wp-content\/uploads\/2025\/11\/Damato-360x200.jpg 360w, https:\/\/ubanews.com\/site\/wp-content\/uploads\/2025\/11\/Damato.jpg 1291w\" data-sizes=\"(max-width: 300px) 100vw, 300px\" src=\"data:image\/svg+xml;base64,PHN2ZyB3aWR0aD0iMSIgaGVpZ2h0PSIxIiB4bWxucz0iaHR0cDovL3d3dy53My5vcmcvMjAwMC9zdmciPjwvc3ZnPg==\" style=\"--smush-placeholder-width: 300px; --smush-placeholder-aspect-ratio: 300\/167;\" \/><\/a><\/p>\n<hr data-start=\"4022\" data-end=\"4025\" \/>\n<h2 data-start=\"4027\" data-end=\"4094\"><strong data-start=\"4030\" data-end=\"4094\">Experi\u00eancia e oportunidades: o convite para explorar a feira<\/strong><\/h2>\n<p data-start=\"4096\" data-end=\"4383\">As entrevistas registradas por Sodr\u00e9 destacam o convite para que o p\u00fablico visite o evento.<br data-start=\"4187\" data-end=\"4190\" \/>Uma das falas sintetiza o esp\u00edrito da feira:<br data-start=\"4234\" data-end=\"4237\" \/><strong data-start=\"4237\" data-end=\"4383\">\u201cPercorra os estandes, conhe\u00e7a os talentos que acreditam no que fazem. Que esta semana seja de conquistas, aprendizados e avan\u00e7os para todos.\u201d<\/strong><\/p>\n<p data-start=\"4385\" data-end=\"4553\">Os expositores apresentam produtos, servi\u00e7os, solu\u00e7\u00f5es inovadoras e talentos regionais.<br data-start=\"4472\" data-end=\"4475\" \/>Cada corredor revela hist\u00f3rias de esfor\u00e7o, criatividade e vis\u00e3o empreendedora.<\/p>\n<p data-start=\"4555\" data-end=\"4649\">A feira segue sendo um espa\u00e7o para novos contatos, troca de ideias e cria\u00e7\u00e3o de oportunidades.<\/p>\n<hr data-start=\"4651\" data-end=\"4654\" \/>\n<h2 data-start=\"4656\" data-end=\"4717\"><strong data-start=\"4659\" data-end=\"4717\">Conclus\u00e3o: a uni\u00e3o que move Ub\u00e1 e inspira Minas Gerais<\/strong><\/h2>\n<p data-start=\"4719\" data-end=\"4867\">A Feira Multissetorial ACIUB\u00c1 2025 demonstra que desenvolvimento acontece quando pessoas, entidades e governo se unem em torno de um mesmo objetivo.<\/p>\n<p data-start=\"4869\" data-end=\"4970\">A cobertura de Sodr\u00e9, com o olhar visual de Laisa Sodr\u00e9 e a produ\u00e7\u00e3o de Pedro Henriques, refor\u00e7a que:<\/p>\n<ul data-start=\"4972\" data-end=\"5196\">\n<li data-start=\"4972\" data-end=\"4997\">\n<p data-start=\"4974\" data-end=\"4997\">Ub\u00e1 tem protagonismo.<\/p>\n<\/li>\n<li data-start=\"4998\" data-end=\"5025\">\n<p data-start=\"5000\" data-end=\"5025\">A ACIUB\u00c1 tem lideran\u00e7a.<\/p>\n<\/li>\n<li data-start=\"5026\" data-end=\"5072\">\n<p data-start=\"5028\" data-end=\"5072\">A Federaminas reconhece a for\u00e7a da regi\u00e3o.<\/p>\n<\/li>\n<li data-start=\"5073\" data-end=\"5113\">\n<p data-start=\"5075\" data-end=\"5113\">O munic\u00edpio tem gest\u00e3o comprometida.<\/p>\n<\/li>\n<li data-start=\"5114\" data-end=\"5160\">\n<p data-start=\"5116\" data-end=\"5160\">Os empreendedores sustentam o crescimento.<\/p>\n<\/li>\n<li data-start=\"5161\" data-end=\"5196\">\n<p data-start=\"5163\" data-end=\"5196\">O p\u00fablico valoriza e participa.<\/p>\n<\/li>\n<\/ul>\n<p data-start=\"5198\" data-end=\"5324\">Nesse cen\u00e1rio, uma frase dita durante a abertura resume todo o evento:<br data-start=\"5268\" data-end=\"5271\" \/><strong data-start=\"5271\" data-end=\"5324\">\u201cNenhum de n\u00f3s \u00e9 melhor do que todos n\u00f3s juntos.\u201d<\/strong><\/p>\n<p data-start=\"5326\" data-end=\"5468\">A feira continua, e cada dia revela novas possibilidades, novas conex\u00f5es e novos caminhos para o futuro econ\u00f4mico da cidade e da Zona da Mata.<\/p>\n<p><iframe title=\"Fala Sodr\u00e9: Sucesso o primeiro dia da Feira Multissetorial, uma realiza\u00e7\u00e3o ACIUB\u00c1 06\/11\/2025\" width=\"840\" height=\"473\" data-src=\"https:\/\/www.youtube.com\/embed\/AHeJRETX3Wo?feature=oembed\" frameborder=\"0\" allow=\"accelerometer; autoplay; clipboard-write; encrypted-media; gyroscope; picture-in-picture; web-share\" referrerpolicy=\"strict-origin-when-cross-origin\" allowfullscreen src=\"data:image\/svg+xml;base64,PHN2ZyB3aWR0aD0iMSIgaGVpZ2h0PSIxIiB4bWxucz0iaHR0cDovL3d3dy53My5vcmcvMjAwMC9zdmciPjwvc3ZnPg==\" class=\"lazyload\" data-load-mode=\"1\"><\/iframe><\/p>\n<p style=\"margin: 0in; font-size: 20.0pt;\"><span style=\"font-family: 'Segoe UI Emoji';\">&#x1f4da; <\/span><span style=\"font-weight: bold; font-family: Calibri;\">Cobertura:<\/span><span style=\"font-family: Calibri;\"> Carlos Roberto Sodr\u00e9 <\/span><a href=\"https:\/\/wa.me\/553298481334\"><span style=\"font-family: Calibri;\">WhatsApp<\/span><\/a><\/p>\n<p style=\"margin: 0in; font-size: 20.0pt;\"><span style=\"font-family: 'Segoe UI Emoji';\">&#x1f4f8; <\/span><span style=\"font-weight: bold; font-family: Calibri;\">Imagens:<\/span><span style=\"font-family: Calibri;\"> Laisa Sodr\u00e9<\/span><\/p>\n<p style=\"margin: 0in; font-size: 20.0pt;\"><span style=\"font-family: 'Segoe UI Emoji';\">&#x1f4dd; <\/span><span style=\"font-weight: bold; font-family: Calibri;\">Conte\u00fado: <\/span><a href=\"https:\/\/www.linkedin.com\/in\/pedrohgf\/\"><span style=\"font-family: Calibri;\">Pedro Henriques<\/span><\/a><span style=\"font-family: Calibri;\"> \u2013 <\/span><a href=\"https:\/\/indicca.com.br\/blog\/\"><span style=\"font-family: Calibri;\">INDICCA.COM<\/span><\/a><span style=\"font-family: Calibri;\">\u00a0 <\/span><a href=\"https:\/\/wa.me\/5532988020057\"><span style=\"font-family: Calibri;\">WhatsApp<\/span><\/a><\/p>\n<p style=\"margin: 0in; font-size: 20.0pt;\"><span style=\"font-family: 'Segoe UI Emoji';\">&#x1f393; <\/span><span style=\"font-weight: bold; font-family: Calibri;\">Evento: Feira Multissetorial ACIUB\u00c1 2025: uni\u00e3o, desenvolvimento e as vozes que impulsionam Ub\u00e1 e a Zona da Mata.<\/span><\/p>\n<p data-start=\"5326\" data-end=\"5468\">\n","protected":false},"excerpt":{"rendered":"<p>Feira Multissetorial ACIUB\u00c1 2025: uni\u00e3o, desenvolvimento e as vozes que<\/p>\n","protected":false},"author":4,"featured_media":23349,"comment_status":"open","ping_status":"open","sticky":false,"template":"","format":"standard","meta":{"footnotes":""},"categories":[1,3],"tags":[59,200,218,221,60],"class_list":["post-23347","post","type-post","status-publish","format-standard","has-post-thumbnail","hentry","category-sem-categoria","category-slide","tag-fala-sodre","tag-feira-multissetorial","tag-feira-multissetorial-aciuba","tag-feira-multissetorial-uba","tag-ubanews"],"yoast_head":"<!-- This site is optimized with the Yoast SEO plugin v27.2 - https:\/\/yoast.com\/product\/yoast-seo-wordpress\/ -->\n<title>Feira Multissetorial ACIUB\u00c1 2025 - Ub\u00e1 News<\/title>\n<meta name=\"description\" content=\"Feira Multissetorial ACIUB\u00c1 2025: uni\u00e3o, desenvolvimento e as vozes que impulsionam Ub\u00e1 e a Zona da Mata.\u00a0Ub\u00e1, gerando neg\u00f3cios.\" \/>\n<meta name=\"robots\" content=\"index, follow, max-snippet:-1, max-image-preview:large, max-video-preview:-1\" \/>\n<link rel=\"canonical\" href=\"https:\/\/ubanews.com\/site\/2025\/11\/08\/feira-multissetorial-aciuba-2025\/\" \/>\n<meta property=\"og:locale\" content=\"pt_BR\" \/>\n<meta property=\"og:type\" content=\"article\" \/>\n<meta property=\"og:title\" content=\"Feira Multissetorial ACIUB\u00c1 2025 - Ub\u00e1 News\" \/>\n<meta property=\"og:description\" content=\"Feira Multissetorial ACIUB\u00c1 2025: uni\u00e3o, desenvolvimento e as vozes que impulsionam Ub\u00e1 e a Zona da Mata.\u00a0Ub\u00e1, gerando neg\u00f3cios.\" \/>\n<meta property=\"og:url\" content=\"https:\/\/ubanews.com\/site\/2025\/11\/08\/feira-multissetorial-aciuba-2025\/\" \/>\n<meta property=\"og:site_name\" content=\"Ub\u00e1 News\" \/>\n<meta property=\"article:publisher\" content=\"https:\/\/www.facebook.com\/Ub%c3%a1News-Carlos-Roberto-Sodr%c3%a9-418778301977370\" \/>\n<meta property=\"article:published_time\" content=\"2025-11-08T14:23:44+00:00\" \/>\n<meta property=\"article:modified_time\" content=\"2025-11-08T14:35:08+00:00\" \/>\n<meta property=\"og:image\" content=\"https:\/\/ubanews.com\/site\/wp-content\/uploads\/2025\/11\/Foto-Fala-Sodre-UbaNews.jpg\" \/>\n\t<meta property=\"og:image:width\" content=\"829\" \/>\n\t<meta property=\"og:image:height\" content=\"462\" \/>\n\t<meta property=\"og:image:type\" content=\"image\/jpeg\" \/>\n<meta name=\"author\" content=\"Carlos Roberto Sodr\u00e9\" \/>\n<meta name=\"twitter:card\" content=\"summary_large_image\" \/>\n<meta name=\"twitter:label1\" content=\"Escrito por\" \/>\n\t<meta name=\"twitter:data1\" content=\"Carlos Roberto Sodr\u00e9\" \/>\n\t<meta name=\"twitter:label2\" content=\"Est. tempo de leitura\" \/>\n\t<meta name=\"twitter:data2\" content=\"6 minutos\" \/>\n<script type=\"application\/ld+json\" class=\"yoast-schema-graph\">{\"@context\":\"https:\/\/schema.org\",\"@graph\":[{\"@type\":\"Article\",\"@id\":\"https:\/\/ubanews.com\/site\/2025\/11\/08\/feira-multissetorial-aciuba-2025\/#article\",\"isPartOf\":{\"@id\":\"https:\/\/ubanews.com\/site\/2025\/11\/08\/feira-multissetorial-aciuba-2025\/\"},\"author\":{\"name\":\"Carlos Roberto Sodr\u00e9\",\"@id\":\"https:\/\/ubanews.com\/site\/#\/schema\/person\/9d8da9ec3c8d00640ab6e8c81e103310\"},\"headline\":\"Feira Multissetorial ACIUB\u00c1 2025\",\"datePublished\":\"2025-11-08T14:23:44+00:00\",\"dateModified\":\"2025-11-08T14:35:08+00:00\",\"mainEntityOfPage\":{\"@id\":\"https:\/\/ubanews.com\/site\/2025\/11\/08\/feira-multissetorial-aciuba-2025\/\"},\"wordCount\":894,\"commentCount\":0,\"publisher\":{\"@id\":\"https:\/\/ubanews.com\/site\/#organization\"},\"image\":{\"@id\":\"https:\/\/ubanews.com\/site\/2025\/11\/08\/feira-multissetorial-aciuba-2025\/#primaryimage\"},\"thumbnailUrl\":\"https:\/\/ubanews.com\/site\/wp-content\/uploads\/2025\/11\/Foto-Fala-Sodre-UbaNews.jpg\",\"keywords\":[\"Fala Sodr\u00e9\",\"Feira Multissetorial\",\"Feira Multissetorial Aciub\u00e1\",\"Feira Multissetorial Ub\u00e1\",\"UBANEWS\"],\"articleSection\":[\"Geral\",\"Slide\"],\"inLanguage\":\"pt-BR\",\"potentialAction\":[{\"@type\":\"CommentAction\",\"name\":\"Comment\",\"target\":[\"https:\/\/ubanews.com\/site\/2025\/11\/08\/feira-multissetorial-aciuba-2025\/#respond\"]}]},{\"@type\":\"WebPage\",\"@id\":\"https:\/\/ubanews.com\/site\/2025\/11\/08\/feira-multissetorial-aciuba-2025\/\",\"url\":\"https:\/\/ubanews.com\/site\/2025\/11\/08\/feira-multissetorial-aciuba-2025\/\",\"name\":\"Feira Multissetorial ACIUB\u00c1 2025 - Ub\u00e1 News\",\"isPartOf\":{\"@id\":\"https:\/\/ubanews.com\/site\/#website\"},\"primaryImageOfPage\":{\"@id\":\"https:\/\/ubanews.com\/site\/2025\/11\/08\/feira-multissetorial-aciuba-2025\/#primaryimage\"},\"image\":{\"@id\":\"https:\/\/ubanews.com\/site\/2025\/11\/08\/feira-multissetorial-aciuba-2025\/#primaryimage\"},\"thumbnailUrl\":\"https:\/\/ubanews.com\/site\/wp-content\/uploads\/2025\/11\/Foto-Fala-Sodre-UbaNews.jpg\",\"datePublished\":\"2025-11-08T14:23:44+00:00\",\"dateModified\":\"2025-11-08T14:35:08+00:00\",\"description\":\"Feira Multissetorial ACIUB\u00c1 2025: uni\u00e3o, desenvolvimento e as vozes que impulsionam Ub\u00e1 e a Zona da Mata.\u00a0Ub\u00e1, gerando neg\u00f3cios.\",\"breadcrumb\":{\"@id\":\"https:\/\/ubanews.com\/site\/2025\/11\/08\/feira-multissetorial-aciuba-2025\/#breadcrumb\"},\"inLanguage\":\"pt-BR\",\"potentialAction\":[{\"@type\":\"ReadAction\",\"target\":[\"https:\/\/ubanews.com\/site\/2025\/11\/08\/feira-multissetorial-aciuba-2025\/\"]}]},{\"@type\":\"ImageObject\",\"inLanguage\":\"pt-BR\",\"@id\":\"https:\/\/ubanews.com\/site\/2025\/11\/08\/feira-multissetorial-aciuba-2025\/#primaryimage\",\"url\":\"https:\/\/ubanews.com\/site\/wp-content\/uploads\/2025\/11\/Foto-Fala-Sodre-UbaNews.jpg\",\"contentUrl\":\"https:\/\/ubanews.com\/site\/wp-content\/uploads\/2025\/11\/Foto-Fala-Sodre-UbaNews.jpg\",\"width\":829,\"height\":462,\"caption\":\"Feira Multissetorial ACIUB\u00c1 - Fala Sodr\u00e9\"},{\"@type\":\"BreadcrumbList\",\"@id\":\"https:\/\/ubanews.com\/site\/2025\/11\/08\/feira-multissetorial-aciuba-2025\/#breadcrumb\",\"itemListElement\":[{\"@type\":\"ListItem\",\"position\":1,\"name\":\"Home\",\"item\":\"https:\/\/ubanews.com\/site\/\"},{\"@type\":\"ListItem\",\"position\":2,\"name\":\"Feira Multissetorial ACIUB\u00c1 2025\"}]},{\"@type\":\"WebSite\",\"@id\":\"https:\/\/ubanews.com\/site\/#website\",\"url\":\"https:\/\/ubanews.com\/site\/\",\"name\":\"Ub\u00e1 News\",\"description\":\"\",\"publisher\":{\"@id\":\"https:\/\/ubanews.com\/site\/#organization\"},\"potentialAction\":[{\"@type\":\"SearchAction\",\"target\":{\"@type\":\"EntryPoint\",\"urlTemplate\":\"https:\/\/ubanews.com\/site\/?s={search_term_string}\"},\"query-input\":{\"@type\":\"PropertyValueSpecification\",\"valueRequired\":true,\"valueName\":\"search_term_string\"}}],\"inLanguage\":\"pt-BR\"},{\"@type\":\"Organization\",\"@id\":\"https:\/\/ubanews.com\/site\/#organization\",\"name\":\"Ub\u00e1 News\",\"url\":\"https:\/\/ubanews.com\/site\/\",\"logo\":{\"@type\":\"ImageObject\",\"inLanguage\":\"pt-BR\",\"@id\":\"https:\/\/ubanews.com\/site\/#\/schema\/logo\/image\/\",\"url\":\"https:\/\/ubanews.com\/site\/wp-content\/uploads\/2018\/01\/logoubanews.png\",\"contentUrl\":\"https:\/\/ubanews.com\/site\/wp-content\/uploads\/2018\/01\/logoubanews.png\",\"width\":261,\"height\":99,\"caption\":\"Ub\u00e1 News\"},\"image\":{\"@id\":\"https:\/\/ubanews.com\/site\/#\/schema\/logo\/image\/\"},\"sameAs\":[\"https:\/\/www.facebook.com\/Ub\u00e1News-Carlos-Roberto-Sodr\u00e9-418778301977370\"]},{\"@type\":\"Person\",\"@id\":\"https:\/\/ubanews.com\/site\/#\/schema\/person\/9d8da9ec3c8d00640ab6e8c81e103310\",\"name\":\"Carlos Roberto Sodr\u00e9\",\"image\":{\"@type\":\"ImageObject\",\"inLanguage\":\"pt-BR\",\"@id\":\"https:\/\/secure.gravatar.com\/avatar\/aab322e8555b56c468614fafdab8a8f924e394cdc6cfd8232f77e9e4d123a133?s=96&d=mm&r=g\",\"url\":\"https:\/\/secure.gravatar.com\/avatar\/aab322e8555b56c468614fafdab8a8f924e394cdc6cfd8232f77e9e4d123a133?s=96&d=mm&r=g\",\"contentUrl\":\"https:\/\/secure.gravatar.com\/avatar\/aab322e8555b56c468614fafdab8a8f924e394cdc6cfd8232f77e9e4d123a133?s=96&d=mm&r=g\",\"caption\":\"Carlos Roberto Sodr\u00e9\"},\"url\":\"https:\/\/ubanews.com\/site\/author\/sodre\/\"}]}<\/script>\n<!-- \/ Yoast SEO plugin. -->","yoast_head_json":{"title":"Feira Multissetorial ACIUB\u00c1 2025 - Ub\u00e1 News","description":"Feira Multissetorial ACIUB\u00c1 2025: uni\u00e3o, desenvolvimento e as vozes que impulsionam Ub\u00e1 e a Zona da Mata.\u00a0Ub\u00e1, gerando neg\u00f3cios.","robots":{"index":"index","follow":"follow","max-snippet":"max-snippet:-1","max-image-preview":"max-image-preview:large","max-video-preview":"max-video-preview:-1"},"canonical":"https:\/\/ubanews.com\/site\/2025\/11\/08\/feira-multissetorial-aciuba-2025\/","og_locale":"pt_BR","og_type":"article","og_title":"Feira Multissetorial ACIUB\u00c1 2025 - Ub\u00e1 News","og_description":"Feira Multissetorial ACIUB\u00c1 2025: uni\u00e3o, desenvolvimento e as vozes que impulsionam Ub\u00e1 e a Zona da Mata.\u00a0Ub\u00e1, gerando neg\u00f3cios.","og_url":"https:\/\/ubanews.com\/site\/2025\/11\/08\/feira-multissetorial-aciuba-2025\/","og_site_name":"Ub\u00e1 News","article_publisher":"https:\/\/www.facebook.com\/Ub%c3%a1News-Carlos-Roberto-Sodr%c3%a9-418778301977370","article_published_time":"2025-11-08T14:23:44+00:00","article_modified_time":"2025-11-08T14:35:08+00:00","og_image":[{"width":829,"height":462,"url":"https:\/\/ubanews.com\/site\/wp-content\/uploads\/2025\/11\/Foto-Fala-Sodre-UbaNews.jpg","type":"image\/jpeg"}],"author":"Carlos Roberto Sodr\u00e9","twitter_card":"summary_large_image","twitter_misc":{"Escrito por":"Carlos Roberto Sodr\u00e9","Est. tempo de leitura":"6 minutos"},"schema":{"@context":"https:\/\/schema.org","@graph":[{"@type":"Article","@id":"https:\/\/ubanews.com\/site\/2025\/11\/08\/feira-multissetorial-aciuba-2025\/#article","isPartOf":{"@id":"https:\/\/ubanews.com\/site\/2025\/11\/08\/feira-multissetorial-aciuba-2025\/"},"author":{"name":"Carlos Roberto Sodr\u00e9","@id":"https:\/\/ubanews.com\/site\/#\/schema\/person\/9d8da9ec3c8d00640ab6e8c81e103310"},"headline":"Feira Multissetorial ACIUB\u00c1 2025","datePublished":"2025-11-08T14:23:44+00:00","dateModified":"2025-11-08T14:35:08+00:00","mainEntityOfPage":{"@id":"https:\/\/ubanews.com\/site\/2025\/11\/08\/feira-multissetorial-aciuba-2025\/"},"wordCount":894,"commentCount":0,"publisher":{"@id":"https:\/\/ubanews.com\/site\/#organization"},"image":{"@id":"https:\/\/ubanews.com\/site\/2025\/11\/08\/feira-multissetorial-aciuba-2025\/#primaryimage"},"thumbnailUrl":"https:\/\/ubanews.com\/site\/wp-content\/uploads\/2025\/11\/Foto-Fala-Sodre-UbaNews.jpg","keywords":["Fala Sodr\u00e9","Feira Multissetorial","Feira Multissetorial Aciub\u00e1","Feira Multissetorial Ub\u00e1","UBANEWS"],"articleSection":["Geral","Slide"],"inLanguage":"pt-BR","potentialAction":[{"@type":"CommentAction","name":"Comment","target":["https:\/\/ubanews.com\/site\/2025\/11\/08\/feira-multissetorial-aciuba-2025\/#respond"]}]},{"@type":"WebPage","@id":"https:\/\/ubanews.com\/site\/2025\/11\/08\/feira-multissetorial-aciuba-2025\/","url":"https:\/\/ubanews.com\/site\/2025\/11\/08\/feira-multissetorial-aciuba-2025\/","name":"Feira Multissetorial ACIUB\u00c1 2025 - Ub\u00e1 News","isPartOf":{"@id":"https:\/\/ubanews.com\/site\/#website"},"primaryImageOfPage":{"@id":"https:\/\/ubanews.com\/site\/2025\/11\/08\/feira-multissetorial-aciuba-2025\/#primaryimage"},"image":{"@id":"https:\/\/ubanews.com\/site\/2025\/11\/08\/feira-multissetorial-aciuba-2025\/#primaryimage"},"thumbnailUrl":"https:\/\/ubanews.com\/site\/wp-content\/uploads\/2025\/11\/Foto-Fala-Sodre-UbaNews.jpg","datePublished":"2025-11-08T14:23:44+00:00","dateModified":"2025-11-08T14:35:08+00:00","description":"Feira Multissetorial ACIUB\u00c1 2025: uni\u00e3o, desenvolvimento e as vozes que impulsionam Ub\u00e1 e a Zona da Mata.\u00a0Ub\u00e1, gerando neg\u00f3cios.","breadcrumb":{"@id":"https:\/\/ubanews.com\/site\/2025\/11\/08\/feira-multissetorial-aciuba-2025\/#breadcrumb"},"inLanguage":"pt-BR","potentialAction":[{"@type":"ReadAction","target":["https:\/\/ubanews.com\/site\/2025\/11\/08\/feira-multissetorial-aciuba-2025\/"]}]},{"@type":"ImageObject","inLanguage":"pt-BR","@id":"https:\/\/ubanews.com\/site\/2025\/11\/08\/feira-multissetorial-aciuba-2025\/#primaryimage","url":"https:\/\/ubanews.com\/site\/wp-content\/uploads\/2025\/11\/Foto-Fala-Sodre-UbaNews.jpg","contentUrl":"https:\/\/ubanews.com\/site\/wp-content\/uploads\/2025\/11\/Foto-Fala-Sodre-UbaNews.jpg","width":829,"height":462,"caption":"Feira Multissetorial ACIUB\u00c1 - Fala Sodr\u00e9"},{"@type":"BreadcrumbList","@id":"https:\/\/ubanews.com\/site\/2025\/11\/08\/feira-multissetorial-aciuba-2025\/#breadcrumb","itemListElement":[{"@type":"ListItem","position":1,"name":"Home","item":"https:\/\/ubanews.com\/site\/"},{"@type":"ListItem","position":2,"name":"Feira Multissetorial ACIUB\u00c1 2025"}]},{"@type":"WebSite","@id":"https:\/\/ubanews.com\/site\/#website","url":"https:\/\/ubanews.com\/site\/","name":"Ub\u00e1 News","description":"","publisher":{"@id":"https:\/\/ubanews.com\/site\/#organization"},"potentialAction":[{"@type":"SearchAction","target":{"@type":"EntryPoint","urlTemplate":"https:\/\/ubanews.com\/site\/?s={search_term_string}"},"query-input":{"@type":"PropertyValueSpecification","valueRequired":true,"valueName":"search_term_string"}}],"inLanguage":"pt-BR"},{"@type":"Organization","@id":"https:\/\/ubanews.com\/site\/#organization","name":"Ub\u00e1 News","url":"https:\/\/ubanews.com\/site\/","logo":{"@type":"ImageObject","inLanguage":"pt-BR","@id":"https:\/\/ubanews.com\/site\/#\/schema\/logo\/image\/","url":"https:\/\/ubanews.com\/site\/wp-content\/uploads\/2018\/01\/logoubanews.png","contentUrl":"https:\/\/ubanews.com\/site\/wp-content\/uploads\/2018\/01\/logoubanews.png","width":261,"height":99,"caption":"Ub\u00e1 News"},"image":{"@id":"https:\/\/ubanews.com\/site\/#\/schema\/logo\/image\/"},"sameAs":["https:\/\/www.facebook.com\/Ub\u00e1News-Carlos-Roberto-Sodr\u00e9-418778301977370"]},{"@type":"Person","@id":"https:\/\/ubanews.com\/site\/#\/schema\/person\/9d8da9ec3c8d00640ab6e8c81e103310","name":"Carlos Roberto Sodr\u00e9","image":{"@type":"ImageObject","inLanguage":"pt-BR","@id":"https:\/\/secure.gravatar.com\/avatar\/aab322e8555b56c468614fafdab8a8f924e394cdc6cfd8232f77e9e4d123a133?s=96&d=mm&r=g","url":"https:\/\/secure.gravatar.com\/avatar\/aab322e8555b56c468614fafdab8a8f924e394cdc6cfd8232f77e9e4d123a133?s=96&d=mm&r=g","contentUrl":"https:\/\/secure.gravatar.com\/avatar\/aab322e8555b56c468614fafdab8a8f924e394cdc6cfd8232f77e9e4d123a133?s=96&d=mm&r=g","caption":"Carlos Roberto Sodr\u00e9"},"url":"https:\/\/ubanews.com\/site\/author\/sodre\/"}]}},"_links":{"self":[{"href":"https:\/\/ubanews.com\/site\/wp-json\/wp\/v2\/posts\/23347","targetHints":{"allow":["GET"]}}],"collection":[{"href":"https:\/\/ubanews.com\/site\/wp-json\/wp\/v2\/posts"}],"about":[{"href":"https:\/\/ubanews.com\/site\/wp-json\/wp\/v2\/types\/post"}],"author":[{"embeddable":true,"href":"https:\/\/ubanews.com\/site\/wp-json\/wp\/v2\/users\/4"}],"replies":[{"embeddable":true,"href":"https:\/\/ubanews.com\/site\/wp-json\/wp\/v2\/comments?post=23347"}],"version-history":[{"count":0,"href":"https:\/\/ubanews.com\/site\/wp-json\/wp\/v2\/posts\/23347\/revisions"}],"wp:featuredmedia":[{"embeddable":true,"href":"https:\/\/ubanews.com\/site\/wp-json\/wp\/v2\/media\/23349"}],"wp:attachment":[{"href":"https:\/\/ubanews.com\/site\/wp-json\/wp\/v2\/media?parent=23347"}],"wp:term":[{"taxonomy":"category","embeddable":true,"href":"https:\/\/ubanews.com\/site\/wp-json\/wp\/v2\/categories?post=23347"},{"taxonomy":"post_tag","embeddable":true,"href":"https:\/\/ubanews.com\/site\/wp-json\/wp\/v2\/tags?post=23347"}],"curies":[{"name":"wp","href":"https:\/\/api.w.org\/{rel}","templated":true}]}}