{"id":23341,"date":"2025-11-07T12:12:06","date_gmt":"2025-11-07T15:12:06","guid":{"rendered":"https:\/\/ubanews.com\/site\/?p=23341"},"modified":"2025-11-07T12:12:06","modified_gmt":"2025-11-07T15:12:06","slug":"acao-de-repressao-ao-trafico-foi-realizada-em-miradouro","status":"publish","type":"post","link":"https:\/\/ubanews.com\/site\/2025\/11\/07\/acao-de-repressao-ao-trafico-foi-realizada-em-miradouro\/","title":{"rendered":"A\u00e7\u00e3o de repress\u00e3o ao tr\u00e1fico foi realizada em Miradouro"},"content":{"rendered":"<p>L\u00edder de grupo criminoso e outros seis alvos s\u00e3o presos na opera\u00e7\u00e3o Impacto.\u00a0A\u00e7\u00e3o de repress\u00e3o ao tr\u00e1fico foi realizada em Miradouro com a participa\u00e7\u00e3o de 80 policiais civis.<\/p>\n<h2>A\u00e7\u00e3o de repress\u00e3o ao tr\u00e1fico foi realizada em Miradouro<\/h2>\n<p><img decoding=\"async\" class=\"aligncenter size-medium wp-image-23342 lazyload\" data-src=\"https:\/\/ubanews.com\/site\/wp-content\/uploads\/2025\/11\/Fato-Policial-Policia-Civil-300x188.jpeg\" alt=\"Fala Sodr\u00e9 - Fato Policial\n\" width=\"300\" height=\"188\" data-srcset=\"https:\/\/ubanews.com\/site\/wp-content\/uploads\/2025\/11\/Fato-Policial-Policia-Civil-300x188.jpeg 300w, https:\/\/ubanews.com\/site\/wp-content\/uploads\/2025\/11\/Fato-Policial-Policia-Civil-1024x641.jpeg 1024w, https:\/\/ubanews.com\/site\/wp-content\/uploads\/2025\/11\/Fato-Policial-Policia-Civil-768x480.jpeg 768w, https:\/\/ubanews.com\/site\/wp-content\/uploads\/2025\/11\/Fato-Policial-Policia-Civil.jpeg 1263w\" data-sizes=\"(max-width: 300px) 100vw, 300px\" src=\"data:image\/svg+xml;base64,PHN2ZyB3aWR0aD0iMSIgaGVpZ2h0PSIxIiB4bWxucz0iaHR0cDovL3d3dy53My5vcmcvMjAwMC9zdmciPjwvc3ZnPg==\" style=\"--smush-placeholder-width: 300px; --smush-placeholder-aspect-ratio: 300\/188;\" \/>Ala<\/p>\n<p>Em Miradouro, Zona da Mata, a Pol\u00edcia Civil de Minas Gerais (PCMG) deflagrou, nesta quinta-feira (6\/11), a opera\u00e7\u00e3o Impacto em repress\u00e3o a uma organiza\u00e7\u00e3o criminosa voltada ao tr\u00e1fico de drogas. Sete investigados foram presos, entre eles o l\u00edder do grupo. Houve, ainda, o cumprimento de 14 mandados de busca e apreens\u00e3o.<br \/>\nA a\u00e7\u00e3o \u00e9 resultado de intenso trabalho investigativo e de intelig\u00eancia policial, que identificou a atua\u00e7\u00e3o da organiza\u00e7\u00e3o criminosa na regi\u00e3o. Conforme apurado, o grupo impunha terror \u00e0 comunidade local, chegando a instaurar um &#8220;tribunal do crime&#8221;, respons\u00e1vel por homic\u00eddios e torturas de moradores.<br \/>\nDurante o cumprimento das ordens judiciais, armas e diversos materiais de interesse da investiga\u00e7\u00e3o foram apreendidos.<br \/>\nA opera\u00e7\u00e3o contou com o apoio de 80 policiais civis, al\u00e9m de equipes das coordena\u00e7\u00f5es Aerost\u00e1tica (CAT) e de Opera\u00e7\u00f5es com C\u00e3es (COC) da PCMG.<\/p>\n","protected":false},"excerpt":{"rendered":"<p>L\u00edder de grupo criminoso e outros seis alvos s\u00e3o presos<\/p>\n","protected":false},"author":4,"featured_media":23342,"comment_status":"open","ping_status":"open","sticky":false,"template":"","format":"standard","meta":{"footnotes":""},"categories":[1],"tags":[59,188,60],"class_list":["post-23341","post","type-post","status-publish","format-standard","has-post-thumbnail","hentry","category-sem-categoria","tag-fala-sodre","tag-fato-policial","tag-ubanews"],"yoast_head":"<!-- This site is optimized with the Yoast SEO plugin v27.2 - https:\/\/yoast.com\/product\/yoast-seo-wordpress\/ -->\n<title>A\u00e7\u00e3o de repress\u00e3o ao tr\u00e1fico foi realizada em Miradouro - Ub\u00e1 News<\/title>\n<meta name=\"description\" content=\"A\u00e7\u00e3o de repress\u00e3o ao tr\u00e1fico foi realizada em Miradouro\" \/>\n<meta name=\"robots\" content=\"index, follow, max-snippet:-1, max-image-preview:large, max-video-preview:-1\" \/>\n<link rel=\"canonical\" href=\"https:\/\/ubanews.com\/site\/2025\/11\/07\/acao-de-repressao-ao-trafico-foi-realizada-em-miradouro\/\" \/>\n<meta property=\"og:locale\" content=\"pt_BR\" \/>\n<meta property=\"og:type\" content=\"article\" \/>\n<meta property=\"og:title\" content=\"A\u00e7\u00e3o de repress\u00e3o ao tr\u00e1fico foi realizada em Miradouro - Ub\u00e1 News\" \/>\n<meta property=\"og:description\" content=\"A\u00e7\u00e3o de repress\u00e3o ao tr\u00e1fico foi realizada em Miradouro\" \/>\n<meta property=\"og:url\" content=\"https:\/\/ubanews.com\/site\/2025\/11\/07\/acao-de-repressao-ao-trafico-foi-realizada-em-miradouro\/\" \/>\n<meta property=\"og:site_name\" content=\"Ub\u00e1 News\" \/>\n<meta property=\"article:publisher\" content=\"https:\/\/www.facebook.com\/Ub%c3%a1News-Carlos-Roberto-Sodr%c3%a9-418778301977370\" \/>\n<meta property=\"article:published_time\" content=\"2025-11-07T15:12:06+00:00\" \/>\n<meta property=\"og:image\" content=\"https:\/\/ubanews.com\/site\/wp-content\/uploads\/2025\/11\/Fato-Policial-Policia-Civil.jpeg\" \/>\n\t<meta property=\"og:image:width\" content=\"1263\" \/>\n\t<meta property=\"og:image:height\" content=\"790\" \/>\n\t<meta property=\"og:image:type\" content=\"image\/jpeg\" \/>\n<meta name=\"author\" content=\"Carlos Roberto Sodr\u00e9\" \/>\n<meta name=\"twitter:card\" content=\"summary_large_image\" \/>\n<meta name=\"twitter:label1\" content=\"Escrito por\" \/>\n\t<meta name=\"twitter:data1\" content=\"Carlos Roberto Sodr\u00e9\" \/>\n\t<meta name=\"twitter:label2\" content=\"Est. tempo de leitura\" \/>\n\t<meta name=\"twitter:data2\" content=\"2 minutos\" \/>\n<script type=\"application\/ld+json\" class=\"yoast-schema-graph\">{\"@context\":\"https:\/\/schema.org\",\"@graph\":[{\"@type\":\"Article\",\"@id\":\"https:\/\/ubanews.com\/site\/2025\/11\/07\/acao-de-repressao-ao-trafico-foi-realizada-em-miradouro\/#article\",\"isPartOf\":{\"@id\":\"https:\/\/ubanews.com\/site\/2025\/11\/07\/acao-de-repressao-ao-trafico-foi-realizada-em-miradouro\/\"},\"author\":{\"name\":\"Carlos Roberto Sodr\u00e9\",\"@id\":\"https:\/\/ubanews.com\/site\/#\/schema\/person\/9d8da9ec3c8d00640ab6e8c81e103310\"},\"headline\":\"A\u00e7\u00e3o de repress\u00e3o ao tr\u00e1fico foi realizada em Miradouro\",\"datePublished\":\"2025-11-07T15:12:06+00:00\",\"mainEntityOfPage\":{\"@id\":\"https:\/\/ubanews.com\/site\/2025\/11\/07\/acao-de-repressao-ao-trafico-foi-realizada-em-miradouro\/\"},\"wordCount\":212,\"commentCount\":0,\"publisher\":{\"@id\":\"https:\/\/ubanews.com\/site\/#organization\"},\"image\":{\"@id\":\"https:\/\/ubanews.com\/site\/2025\/11\/07\/acao-de-repressao-ao-trafico-foi-realizada-em-miradouro\/#primaryimage\"},\"thumbnailUrl\":\"https:\/\/ubanews.com\/site\/wp-content\/uploads\/2025\/11\/Fato-Policial-Policia-Civil.jpeg\",\"keywords\":[\"Fala Sodr\u00e9\",\"Fato Policial\",\"UBANEWS\"],\"articleSection\":[\"Geral\"],\"inLanguage\":\"pt-BR\",\"potentialAction\":[{\"@type\":\"CommentAction\",\"name\":\"Comment\",\"target\":[\"https:\/\/ubanews.com\/site\/2025\/11\/07\/acao-de-repressao-ao-trafico-foi-realizada-em-miradouro\/#respond\"]}]},{\"@type\":\"WebPage\",\"@id\":\"https:\/\/ubanews.com\/site\/2025\/11\/07\/acao-de-repressao-ao-trafico-foi-realizada-em-miradouro\/\",\"url\":\"https:\/\/ubanews.com\/site\/2025\/11\/07\/acao-de-repressao-ao-trafico-foi-realizada-em-miradouro\/\",\"name\":\"A\u00e7\u00e3o de repress\u00e3o ao tr\u00e1fico foi realizada em Miradouro - Ub\u00e1 News\",\"isPartOf\":{\"@id\":\"https:\/\/ubanews.com\/site\/#website\"},\"primaryImageOfPage\":{\"@id\":\"https:\/\/ubanews.com\/site\/2025\/11\/07\/acao-de-repressao-ao-trafico-foi-realizada-em-miradouro\/#primaryimage\"},\"image\":{\"@id\":\"https:\/\/ubanews.com\/site\/2025\/11\/07\/acao-de-repressao-ao-trafico-foi-realizada-em-miradouro\/#primaryimage\"},\"thumbnailUrl\":\"https:\/\/ubanews.com\/site\/wp-content\/uploads\/2025\/11\/Fato-Policial-Policia-Civil.jpeg\",\"datePublished\":\"2025-11-07T15:12:06+00:00\",\"description\":\"A\u00e7\u00e3o de repress\u00e3o ao tr\u00e1fico foi realizada em Miradouro\",\"breadcrumb\":{\"@id\":\"https:\/\/ubanews.com\/site\/2025\/11\/07\/acao-de-repressao-ao-trafico-foi-realizada-em-miradouro\/#breadcrumb\"},\"inLanguage\":\"pt-BR\",\"potentialAction\":[{\"@type\":\"ReadAction\",\"target\":[\"https:\/\/ubanews.com\/site\/2025\/11\/07\/acao-de-repressao-ao-trafico-foi-realizada-em-miradouro\/\"]}]},{\"@type\":\"ImageObject\",\"inLanguage\":\"pt-BR\",\"@id\":\"https:\/\/ubanews.com\/site\/2025\/11\/07\/acao-de-repressao-ao-trafico-foi-realizada-em-miradouro\/#primaryimage\",\"url\":\"https:\/\/ubanews.com\/site\/wp-content\/uploads\/2025\/11\/Fato-Policial-Policia-Civil.jpeg\",\"contentUrl\":\"https:\/\/ubanews.com\/site\/wp-content\/uploads\/2025\/11\/Fato-Policial-Policia-Civil.jpeg\",\"width\":1263,\"height\":790,\"caption\":\"Fala Sodr\u00e9 - Fato Policial\"},{\"@type\":\"BreadcrumbList\",\"@id\":\"https:\/\/ubanews.com\/site\/2025\/11\/07\/acao-de-repressao-ao-trafico-foi-realizada-em-miradouro\/#breadcrumb\",\"itemListElement\":[{\"@type\":\"ListItem\",\"position\":1,\"name\":\"Home\",\"item\":\"https:\/\/ubanews.com\/site\/\"},{\"@type\":\"ListItem\",\"position\":2,\"name\":\"A\u00e7\u00e3o de repress\u00e3o ao tr\u00e1fico foi realizada em Miradouro\"}]},{\"@type\":\"WebSite\",\"@id\":\"https:\/\/ubanews.com\/site\/#website\",\"url\":\"https:\/\/ubanews.com\/site\/\",\"name\":\"Ub\u00e1 News\",\"description\":\"\",\"publisher\":{\"@id\":\"https:\/\/ubanews.com\/site\/#organization\"},\"potentialAction\":[{\"@type\":\"SearchAction\",\"target\":{\"@type\":\"EntryPoint\",\"urlTemplate\":\"https:\/\/ubanews.com\/site\/?s={search_term_string}\"},\"query-input\":{\"@type\":\"PropertyValueSpecification\",\"valueRequired\":true,\"valueName\":\"search_term_string\"}}],\"inLanguage\":\"pt-BR\"},{\"@type\":\"Organization\",\"@id\":\"https:\/\/ubanews.com\/site\/#organization\",\"name\":\"Ub\u00e1 News\",\"url\":\"https:\/\/ubanews.com\/site\/\",\"logo\":{\"@type\":\"ImageObject\",\"inLanguage\":\"pt-BR\",\"@id\":\"https:\/\/ubanews.com\/site\/#\/schema\/logo\/image\/\",\"url\":\"https:\/\/ubanews.com\/site\/wp-content\/uploads\/2018\/01\/logoubanews.png\",\"contentUrl\":\"https:\/\/ubanews.com\/site\/wp-content\/uploads\/2018\/01\/logoubanews.png\",\"width\":261,\"height\":99,\"caption\":\"Ub\u00e1 News\"},\"image\":{\"@id\":\"https:\/\/ubanews.com\/site\/#\/schema\/logo\/image\/\"},\"sameAs\":[\"https:\/\/www.facebook.com\/Ub\u00e1News-Carlos-Roberto-Sodr\u00e9-418778301977370\"]},{\"@type\":\"Person\",\"@id\":\"https:\/\/ubanews.com\/site\/#\/schema\/person\/9d8da9ec3c8d00640ab6e8c81e103310\",\"name\":\"Carlos Roberto Sodr\u00e9\",\"image\":{\"@type\":\"ImageObject\",\"inLanguage\":\"pt-BR\",\"@id\":\"https:\/\/secure.gravatar.com\/avatar\/aab322e8555b56c468614fafdab8a8f924e394cdc6cfd8232f77e9e4d123a133?s=96&d=mm&r=g\",\"url\":\"https:\/\/secure.gravatar.com\/avatar\/aab322e8555b56c468614fafdab8a8f924e394cdc6cfd8232f77e9e4d123a133?s=96&d=mm&r=g\",\"contentUrl\":\"https:\/\/secure.gravatar.com\/avatar\/aab322e8555b56c468614fafdab8a8f924e394cdc6cfd8232f77e9e4d123a133?s=96&d=mm&r=g\",\"caption\":\"Carlos Roberto Sodr\u00e9\"},\"url\":\"https:\/\/ubanews.com\/site\/author\/sodre\/\"}]}<\/script>\n<!-- \/ Yoast SEO plugin. -->","yoast_head_json":{"title":"A\u00e7\u00e3o de repress\u00e3o ao tr\u00e1fico foi realizada em Miradouro - Ub\u00e1 News","description":"A\u00e7\u00e3o de repress\u00e3o ao tr\u00e1fico foi realizada em Miradouro","robots":{"index":"index","follow":"follow","max-snippet":"max-snippet:-1","max-image-preview":"max-image-preview:large","max-video-preview":"max-video-preview:-1"},"canonical":"https:\/\/ubanews.com\/site\/2025\/11\/07\/acao-de-repressao-ao-trafico-foi-realizada-em-miradouro\/","og_locale":"pt_BR","og_type":"article","og_title":"A\u00e7\u00e3o de repress\u00e3o ao tr\u00e1fico foi realizada em Miradouro - Ub\u00e1 News","og_description":"A\u00e7\u00e3o de repress\u00e3o ao tr\u00e1fico foi realizada em Miradouro","og_url":"https:\/\/ubanews.com\/site\/2025\/11\/07\/acao-de-repressao-ao-trafico-foi-realizada-em-miradouro\/","og_site_name":"Ub\u00e1 News","article_publisher":"https:\/\/www.facebook.com\/Ub%c3%a1News-Carlos-Roberto-Sodr%c3%a9-418778301977370","article_published_time":"2025-11-07T15:12:06+00:00","og_image":[{"width":1263,"height":790,"url":"https:\/\/ubanews.com\/site\/wp-content\/uploads\/2025\/11\/Fato-Policial-Policia-Civil.jpeg","type":"image\/jpeg"}],"author":"Carlos Roberto Sodr\u00e9","twitter_card":"summary_large_image","twitter_misc":{"Escrito por":"Carlos Roberto Sodr\u00e9","Est. tempo de leitura":"2 minutos"},"schema":{"@context":"https:\/\/schema.org","@graph":[{"@type":"Article","@id":"https:\/\/ubanews.com\/site\/2025\/11\/07\/acao-de-repressao-ao-trafico-foi-realizada-em-miradouro\/#article","isPartOf":{"@id":"https:\/\/ubanews.com\/site\/2025\/11\/07\/acao-de-repressao-ao-trafico-foi-realizada-em-miradouro\/"},"author":{"name":"Carlos Roberto Sodr\u00e9","@id":"https:\/\/ubanews.com\/site\/#\/schema\/person\/9d8da9ec3c8d00640ab6e8c81e103310"},"headline":"A\u00e7\u00e3o de repress\u00e3o ao tr\u00e1fico foi realizada em Miradouro","datePublished":"2025-11-07T15:12:06+00:00","mainEntityOfPage":{"@id":"https:\/\/ubanews.com\/site\/2025\/11\/07\/acao-de-repressao-ao-trafico-foi-realizada-em-miradouro\/"},"wordCount":212,"commentCount":0,"publisher":{"@id":"https:\/\/ubanews.com\/site\/#organization"},"image":{"@id":"https:\/\/ubanews.com\/site\/2025\/11\/07\/acao-de-repressao-ao-trafico-foi-realizada-em-miradouro\/#primaryimage"},"thumbnailUrl":"https:\/\/ubanews.com\/site\/wp-content\/uploads\/2025\/11\/Fato-Policial-Policia-Civil.jpeg","keywords":["Fala Sodr\u00e9","Fato Policial","UBANEWS"],"articleSection":["Geral"],"inLanguage":"pt-BR","potentialAction":[{"@type":"CommentAction","name":"Comment","target":["https:\/\/ubanews.com\/site\/2025\/11\/07\/acao-de-repressao-ao-trafico-foi-realizada-em-miradouro\/#respond"]}]},{"@type":"WebPage","@id":"https:\/\/ubanews.com\/site\/2025\/11\/07\/acao-de-repressao-ao-trafico-foi-realizada-em-miradouro\/","url":"https:\/\/ubanews.com\/site\/2025\/11\/07\/acao-de-repressao-ao-trafico-foi-realizada-em-miradouro\/","name":"A\u00e7\u00e3o de repress\u00e3o ao tr\u00e1fico foi realizada em Miradouro - Ub\u00e1 News","isPartOf":{"@id":"https:\/\/ubanews.com\/site\/#website"},"primaryImageOfPage":{"@id":"https:\/\/ubanews.com\/site\/2025\/11\/07\/acao-de-repressao-ao-trafico-foi-realizada-em-miradouro\/#primaryimage"},"image":{"@id":"https:\/\/ubanews.com\/site\/2025\/11\/07\/acao-de-repressao-ao-trafico-foi-realizada-em-miradouro\/#primaryimage"},"thumbnailUrl":"https:\/\/ubanews.com\/site\/wp-content\/uploads\/2025\/11\/Fato-Policial-Policia-Civil.jpeg","datePublished":"2025-11-07T15:12:06+00:00","description":"A\u00e7\u00e3o de repress\u00e3o ao tr\u00e1fico foi realizada em Miradouro","breadcrumb":{"@id":"https:\/\/ubanews.com\/site\/2025\/11\/07\/acao-de-repressao-ao-trafico-foi-realizada-em-miradouro\/#breadcrumb"},"inLanguage":"pt-BR","potentialAction":[{"@type":"ReadAction","target":["https:\/\/ubanews.com\/site\/2025\/11\/07\/acao-de-repressao-ao-trafico-foi-realizada-em-miradouro\/"]}]},{"@type":"ImageObject","inLanguage":"pt-BR","@id":"https:\/\/ubanews.com\/site\/2025\/11\/07\/acao-de-repressao-ao-trafico-foi-realizada-em-miradouro\/#primaryimage","url":"https:\/\/ubanews.com\/site\/wp-content\/uploads\/2025\/11\/Fato-Policial-Policia-Civil.jpeg","contentUrl":"https:\/\/ubanews.com\/site\/wp-content\/uploads\/2025\/11\/Fato-Policial-Policia-Civil.jpeg","width":1263,"height":790,"caption":"Fala Sodr\u00e9 - Fato Policial"},{"@type":"BreadcrumbList","@id":"https:\/\/ubanews.com\/site\/2025\/11\/07\/acao-de-repressao-ao-trafico-foi-realizada-em-miradouro\/#breadcrumb","itemListElement":[{"@type":"ListItem","position":1,"name":"Home","item":"https:\/\/ubanews.com\/site\/"},{"@type":"ListItem","position":2,"name":"A\u00e7\u00e3o de repress\u00e3o ao tr\u00e1fico foi realizada em Miradouro"}]},{"@type":"WebSite","@id":"https:\/\/ubanews.com\/site\/#website","url":"https:\/\/ubanews.com\/site\/","name":"Ub\u00e1 News","description":"","publisher":{"@id":"https:\/\/ubanews.com\/site\/#organization"},"potentialAction":[{"@type":"SearchAction","target":{"@type":"EntryPoint","urlTemplate":"https:\/\/ubanews.com\/site\/?s={search_term_string}"},"query-input":{"@type":"PropertyValueSpecification","valueRequired":true,"valueName":"search_term_string"}}],"inLanguage":"pt-BR"},{"@type":"Organization","@id":"https:\/\/ubanews.com\/site\/#organization","name":"Ub\u00e1 News","url":"https:\/\/ubanews.com\/site\/","logo":{"@type":"ImageObject","inLanguage":"pt-BR","@id":"https:\/\/ubanews.com\/site\/#\/schema\/logo\/image\/","url":"https:\/\/ubanews.com\/site\/wp-content\/uploads\/2018\/01\/logoubanews.png","contentUrl":"https:\/\/ubanews.com\/site\/wp-content\/uploads\/2018\/01\/logoubanews.png","width":261,"height":99,"caption":"Ub\u00e1 News"},"image":{"@id":"https:\/\/ubanews.com\/site\/#\/schema\/logo\/image\/"},"sameAs":["https:\/\/www.facebook.com\/Ub\u00e1News-Carlos-Roberto-Sodr\u00e9-418778301977370"]},{"@type":"Person","@id":"https:\/\/ubanews.com\/site\/#\/schema\/person\/9d8da9ec3c8d00640ab6e8c81e103310","name":"Carlos Roberto Sodr\u00e9","image":{"@type":"ImageObject","inLanguage":"pt-BR","@id":"https:\/\/secure.gravatar.com\/avatar\/aab322e8555b56c468614fafdab8a8f924e394cdc6cfd8232f77e9e4d123a133?s=96&d=mm&r=g","url":"https:\/\/secure.gravatar.com\/avatar\/aab322e8555b56c468614fafdab8a8f924e394cdc6cfd8232f77e9e4d123a133?s=96&d=mm&r=g","contentUrl":"https:\/\/secure.gravatar.com\/avatar\/aab322e8555b56c468614fafdab8a8f924e394cdc6cfd8232f77e9e4d123a133?s=96&d=mm&r=g","caption":"Carlos Roberto Sodr\u00e9"},"url":"https:\/\/ubanews.com\/site\/author\/sodre\/"}]}},"_links":{"self":[{"href":"https:\/\/ubanews.com\/site\/wp-json\/wp\/v2\/posts\/23341","targetHints":{"allow":["GET"]}}],"collection":[{"href":"https:\/\/ubanews.com\/site\/wp-json\/wp\/v2\/posts"}],"about":[{"href":"https:\/\/ubanews.com\/site\/wp-json\/wp\/v2\/types\/post"}],"author":[{"embeddable":true,"href":"https:\/\/ubanews.com\/site\/wp-json\/wp\/v2\/users\/4"}],"replies":[{"embeddable":true,"href":"https:\/\/ubanews.com\/site\/wp-json\/wp\/v2\/comments?post=23341"}],"version-history":[{"count":0,"href":"https:\/\/ubanews.com\/site\/wp-json\/wp\/v2\/posts\/23341\/revisions"}],"wp:featuredmedia":[{"embeddable":true,"href":"https:\/\/ubanews.com\/site\/wp-json\/wp\/v2\/media\/23342"}],"wp:attachment":[{"href":"https:\/\/ubanews.com\/site\/wp-json\/wp\/v2\/media?parent=23341"}],"wp:term":[{"taxonomy":"category","embeddable":true,"href":"https:\/\/ubanews.com\/site\/wp-json\/wp\/v2\/categories?post=23341"},{"taxonomy":"post_tag","embeddable":true,"href":"https:\/\/ubanews.com\/site\/wp-json\/wp\/v2\/tags?post=23341"}],"curies":[{"name":"wp","href":"https:\/\/api.w.org\/{rel}","templated":true}]}}