{"id":23338,"date":"2025-11-07T09:52:09","date_gmt":"2025-11-07T12:52:09","guid":{"rendered":"https:\/\/ubanews.com\/site\/?p=23338"},"modified":"2025-11-07T09:52:09","modified_gmt":"2025-11-07T12:52:09","slug":"a-feira-multissetorial-da-aciuba","status":"publish","type":"post","link":"https:\/\/ubanews.com\/site\/2025\/11\/07\/a-feira-multissetorial-da-aciuba\/","title":{"rendered":"A Feira Multissetorial da ACIUB\u00c1"},"content":{"rendered":"<p data-start=\"239\" data-end=\"344\">A Feira Multissetorial da ACIUB\u00c1 movimenta neg\u00f3cios e refor\u00e7a o potencial empreendedor de Ub\u00e1 e regi\u00e3o. A cidade de Ub\u00e1 viveu dias de intenso movimento com a realiza\u00e7\u00e3o da <strong data-start=\"414\" data-end=\"448\">Feira Multissetorial da ACIUB\u00c1<\/strong>, evento que reuniu mais de cem expositores e consolidou a for\u00e7a do empreendedorismo local e regional. Promovida pela <strong data-start=\"566\" data-end=\"619\">Associa\u00e7\u00e3o Comercial e Industrial de Ub\u00e1 (ACIUB\u00c1)<\/strong>, a feira mostrou como a uni\u00e3o entre empres\u00e1rios, poder p\u00fablico e institui\u00e7\u00f5es pode transformar o cen\u00e1rio econ\u00f4mico.<\/p>\n<h2 data-start=\"239\" data-end=\"344\">A Feira Multissetorial da ACIUB\u00c1 movimenta neg\u00f3cios e refor\u00e7a o potencial empreendedor de Ub\u00e1 e regi\u00e3o<\/h2>\n<p><img decoding=\"async\" class=\"aligncenter size-medium wp-image-23339 lazyload\" data-src=\"https:\/\/ubanews.com\/site\/wp-content\/uploads\/2025\/11\/Feira-Multissetorial-Aciuba-INDICCA-ponto-COM-2-300x225.jpg\" alt=\"Feira Multissetorial ACIUB\u00c1\" width=\"300\" height=\"225\" data-srcset=\"https:\/\/ubanews.com\/site\/wp-content\/uploads\/2025\/11\/Feira-Multissetorial-Aciuba-INDICCA-ponto-COM-2-300x225.jpg 300w, https:\/\/ubanews.com\/site\/wp-content\/uploads\/2025\/11\/Feira-Multissetorial-Aciuba-INDICCA-ponto-COM-2.jpg 640w\" data-sizes=\"(max-width: 300px) 100vw, 300px\" src=\"data:image\/svg+xml;base64,PHN2ZyB3aWR0aD0iMSIgaGVpZ2h0PSIxIiB4bWxucz0iaHR0cDovL3d3dy53My5vcmcvMjAwMC9zdmciPjwvc3ZnPg==\" style=\"--smush-placeholder-width: 300px; --smush-placeholder-aspect-ratio: 300\/225;\" \/><\/p>\n<h3 data-start=\"737\" data-end=\"768\">Um evento que nasceu grande<\/h3>\n<p data-start=\"770\" data-end=\"1150\">A feira surpreendeu pela estrutura e pela diversidade. De acordo com o presidente da ACIUB\u00c1, Siber Silveira, o evento come\u00e7ou com uma proposta ousada e j\u00e1 nasceu com o tamanho de um sucesso. \u201cCome\u00e7amos com mais de cem expositores, algo que outras cidades alcan\u00e7am depois de anos. Isso mostra a for\u00e7a da nossa regi\u00e3o e a confian\u00e7a dos empreendedores\u201d, destacou Silvio.<\/p>\n<p data-start=\"770\" data-end=\"1150\"><img decoding=\"async\" class=\"aligncenter size-medium wp-image-23340 lazyload\" data-src=\"https:\/\/ubanews.com\/site\/wp-content\/uploads\/2025\/11\/Feira-Multissetorial-Aciuba-INDICCA-ponto-COM-1-300x225.jpg\" alt=\"Feira Multissetorial ACIUB\u00c1\n\" width=\"300\" height=\"225\" data-srcset=\"https:\/\/ubanews.com\/site\/wp-content\/uploads\/2025\/11\/Feira-Multissetorial-Aciuba-INDICCA-ponto-COM-1-300x225.jpg 300w, https:\/\/ubanews.com\/site\/wp-content\/uploads\/2025\/11\/Feira-Multissetorial-Aciuba-INDICCA-ponto-COM-1.jpg 640w\" data-sizes=\"(max-width: 300px) 100vw, 300px\" src=\"data:image\/svg+xml;base64,PHN2ZyB3aWR0aD0iMSIgaGVpZ2h0PSIxIiB4bWxucz0iaHR0cDovL3d3dy53My5vcmcvMjAwMC9zdmciPjwvc3ZnPg==\" style=\"--smush-placeholder-width: 300px; --smush-placeholder-aspect-ratio: 300\/225;\" \/><\/p>\n<p data-start=\"1152\" data-end=\"1595\">A presen\u00e7a de representantes do <strong data-start=\"1184\" data-end=\"1211\">Governo de Minas Gerais<\/strong>, como <strong data-start=\"1274\" data-end=\"1289\">Lucas Pitta<\/strong> e <strong data-start=\"1292\" data-end=\"1303\">Newmara<\/strong>, refor\u00e7ou a import\u00e2ncia da feira como instrumento de desenvolvimento. Para eles, a iniciativa de Ub\u00e1 deve servir de refer\u00eancia para outros munic\u00edpios. \u201cO governo est\u00e1 aqui porque acredita na for\u00e7a da associa\u00e7\u00e3o comercial e na uni\u00e3o dos empres\u00e1rios. Esse tipo de evento gera emprego, renda e movimenta a economia local\u201d, afirmou Lucas Peter.<\/p>\n<h3 data-start=\"1597\" data-end=\"1626\">Uni\u00e3o que gera resultados<\/h3>\n<p data-start=\"1628\" data-end=\"2045\">O rep\u00f3rter <strong data-start=\"1639\" data-end=\"1663\">Carlos Roberto Sodr\u00e9<\/strong> destacou em sua cobertura que a Feira Multissetorial \u00e9 um exemplo concreto de <strong data-start=\"1742\" data-end=\"1771\">associativismo na pr\u00e1tica<\/strong>. A cada estande visitado, era vis\u00edvel o entusiasmo dos empreendedores em mostrar seus produtos e fortalecer parcerias. \u201cQuando o evento nasce da vontade coletiva e do engajamento local, o resultado \u00e9 natural: neg\u00f3cios acontecendo e oportunidades surgindo\u201d, registrou Sodr\u00e9.<\/p>\n<p data-start=\"2047\" data-end=\"2370\">Para o p\u00fablico, a feira foi uma oportunidade de <strong data-start=\"2095\" data-end=\"2146\">comprar produtos locais com pre\u00e7os promocionais<\/strong>, conhecer novas marcas e participar de palestras e apresenta\u00e7\u00f5es culturais. A gastronomia, o artesanato e o setor moveleiro \u2013 s\u00edmbolo da economia ubaense \u2013 marcaram presen\u00e7a e mostraram o potencial de crescimento da regi\u00e3o.<\/p>\n<h3 data-start=\"2372\" data-end=\"2431\">Parceria com prop\u00f3sito: o digital e o f\u00edsico conectados<\/h3>\n<p data-start=\"2433\" data-end=\"2697\">Durante a entrevista, o presidente Silvio ressaltou que o varejo atual exige <strong data-start=\"2510\" data-end=\"2551\">integra\u00e7\u00e3o entre o f\u00edsico e o digital<\/strong>. Segundo ele, \u201co consumidor quer ter op\u00e7\u00f5es, seja para comprar na loja ou pelo celular. Hoje a feira reflete exatamente esse novo comportamento\u201d.<\/p>\n<p data-start=\"2699\" data-end=\"3039\">O estande do <strong data-start=\"2712\" data-end=\"2734\">Vieir\u00e3o Supermercado Rede Supermais<\/strong>, por exemplo, apresenta a plataforma digital pr\u00f3pria que permite ao cliente fazer pedidos pelo aplicativo e receber em casa. Essa integra\u00e7\u00e3o \u00e9 um reflexo das mudan\u00e7as que o com\u00e9rcio enfrenta ap\u00f3s a pandemia, onde a <strong data-start=\"2953\" data-end=\"2973\">presen\u00e7a digital<\/strong> se tornou essencial para a sobreviv\u00eancia e expans\u00e3o das empresas.<\/p>\n<h3 data-start=\"3225\" data-end=\"3262\">A INDICCA e o olhar para o futuro<\/h3>\n<p data-start=\"3264\" data-end=\"3731\">Entre os expositores, a <strong data-start=\"3288\" data-end=\"3303\">INDICCA.COM<\/strong> marcou presen\u00e7a com propostas voltadas \u00e0 inova\u00e7\u00e3o e tecnologia para empresas. O consultor <strong data-start=\"3394\" data-end=\"3429\">Pedro Henriques Guimar\u00e3es Filho<\/strong>, respons\u00e1vel pela gera\u00e7\u00e3o de conte\u00fado e articula\u00e7\u00e3o digital, destacou que o papel da tecnologia \u00e9 aproximar pessoas e neg\u00f3cios. \u201cEstamos aqui para mostrar que o futuro da comunica\u00e7\u00e3o empresarial passa pelo relacionamento humano mediado pela tecnologia. \u00c9 assim que o digital ganha prop\u00f3sito\u201d, afirmou.<\/p>\n<p data-start=\"3733\" data-end=\"4021\">A <strong data-start=\"3735\" data-end=\"3761\">consultora Leila Abr\u00e3o<\/strong> complementou a vis\u00e3o ao enfatizar o papel das pessoas dentro das organiza\u00e7\u00f5es. \u201cAs empresas precisam desenvolver suas equipes, promover autoconhecimento e trabalhar a escuta ativa. Quando o colaborador \u00e9 ouvido, ele se torna mais produtivo e engajado\u201d, disse.<\/p>\n<p data-start=\"3733\" data-end=\"4021\">Al\u00e9m dela, a psic\u00f3loga e consultora <strong data-start=\"3814\" data-end=\"3832\">Leila Recipute<\/strong> tamb\u00e9m destacou o papel das lideran\u00e7as no ambiente organizacional.<br data-start=\"3899\" data-end=\"3902\" \/>Segundo ela, \u201cos l\u00edderes precisam aprender a escutar. O ser humano gosta de ser ouvido e reconhecido. Quando o gestor cria um espa\u00e7o de acolhimento e di\u00e1logo, a equipe trabalha com mais motiva\u00e7\u00e3o e entrega resultados melhores\u201d.<br data-start=\"4129\" data-end=\"4132\" \/>Ela lembrou ainda que a <strong data-start=\"4156\" data-end=\"4182\">intelig\u00eancia emocional<\/strong> \u00e9 um diferencial competitivo dentro das empresas: \u201cQuando a comunica\u00e7\u00e3o \u00e9 clara e emp\u00e1tica, o ambiente melhora, os conflitos diminuem e a produtividade cresce.\u201d<\/p>\n<p data-start=\"4023\" data-end=\"4209\">Essas falas refor\u00e7am a import\u00e2ncia de se unir <strong data-start=\"4391\" data-end=\"4426\">tecnologia, pessoas e prop\u00f3sito<\/strong>.<br data-start=\"4427\" data-end=\"4430\" \/>Ao valorizar o humano dentro das organiza\u00e7\u00f5es, as empresas fortalecem sua cultura e constroem rela\u00e7\u00f5es mais sustent\u00e1veis.<\/p>\n<h3 data-start=\"4553\" data-end=\"4604\">Escuta ativa e associativismo: o DNA do sucesso<\/h3>\n<p data-start=\"4606\" data-end=\"4875\">A feira mostrou que <strong data-start=\"4626\" data-end=\"4681\">o associativismo \u00e9 o motor do desenvolvimento local<\/strong>.<br data-start=\"4682\" data-end=\"4685\" \/>Nas palavras de <strong data-start=\"4701\" data-end=\"4716\">Lucas Pitta<\/strong>, \u201co que estamos vendo aqui \u00e9 o reflexo de uma cidade que acredita na uni\u00e3o. Quando o poder p\u00fablico, as empresas e a comunidade caminham juntos, todos ganham\u201d.<\/p>\n<p data-start=\"4877\" data-end=\"5098\">A fala resume o esp\u00edrito da Feira Multissetorial da ACIUB\u00c1: <strong data-start=\"4937\" data-end=\"4989\">coopera\u00e7\u00e3o, inova\u00e7\u00e3o e protagonismo empreendedor<\/strong>.<br data-start=\"4990\" data-end=\"4993\" \/>Ub\u00e1 mostrou que tem for\u00e7a, tem talento e tem uma comunidade empresarial disposta a crescer coletivamente.<\/p>\n<h3 data-start=\"5100\" data-end=\"5113\">Conclus\u00e3o<\/h3>\n<p data-start=\"5115\" data-end=\"5456\">A primeira edi\u00e7\u00e3o da <strong data-start=\"5136\" data-end=\"5170\">Feira Multissetorial da ACIUB\u00c1<\/strong> foi mais do que um evento.<br data-start=\"5197\" data-end=\"5200\" \/>Foi uma demonstra\u00e7\u00e3o de <strong data-start=\"5224\" data-end=\"5253\">vis\u00e3o, coragem e parceria<\/strong>.<br data-start=\"5254\" data-end=\"5257\" \/>Com a cobertura do <strong data-start=\"5276\" data-end=\"5309\">rep\u00f3rter Carlos Roberto Sodr\u00e9<\/strong>, imagens de <strong data-start=\"5322\" data-end=\"5337\">Laisa Sodr\u00e9<\/strong> e a energia de cada expositor, o encontro se consolidou como um marco para o empreendedorismo na Zona da Mata mineira.<\/p>\n<p data-start=\"5458\" data-end=\"5616\">E o melhor: deixou a certeza de que o pr\u00f3ximo ano trar\u00e1 uma feira ainda maior, com mais neg\u00f3cios, mais inova\u00e7\u00e3o e ainda mais hist\u00f3rias de sucesso para contar.<\/p>\n<p><iframe title=\"Fala Sodr\u00e9: Sucesso o primeiro dia da Feira Multissetorial, uma realiza\u00e7\u00e3o ACIUB\u00c1 06\/11\/2025\" width=\"840\" height=\"473\" data-src=\"https:\/\/www.youtube.com\/embed\/AHeJRETX3Wo?feature=oembed\" frameborder=\"0\" allow=\"accelerometer; autoplay; clipboard-write; encrypted-media; gyroscope; picture-in-picture; web-share\" referrerpolicy=\"strict-origin-when-cross-origin\" allowfullscreen src=\"data:image\/svg+xml;base64,PHN2ZyB3aWR0aD0iMSIgaGVpZ2h0PSIxIiB4bWxucz0iaHR0cDovL3d3dy53My5vcmcvMjAwMC9zdmciPjwvc3ZnPg==\" class=\"lazyload\" data-load-mode=\"1\"><\/iframe><\/p>\n<p style=\"margin: 0in; font-size: 20.0pt;\"><span style=\"font-family: 'Segoe UI Emoji';\">&#x1f4da; <\/span><span style=\"font-weight: bold; font-family: Calibri;\">Cobertura:<\/span><span style=\"font-family: Calibri;\"> Carlos Roberto Sodr\u00e9 <\/span><a href=\"https:\/\/wa.me\/553298481334\"><span style=\"font-family: Calibri;\">WhatsApp<\/span><\/a><\/p>\n<p style=\"margin: 0in; font-size: 20.0pt;\"><span style=\"font-family: 'Segoe UI Emoji';\">&#x1f4f8; <\/span><span style=\"font-weight: bold; font-family: Calibri;\">Imagens:<\/span><span style=\"font-family: Calibri;\"> Laisa Sodr\u00e9<\/span><\/p>\n<p style=\"margin: 0in; font-size: 20.0pt;\"><span style=\"font-family: 'Segoe UI Emoji';\">&#x1f4dd; <\/span><span style=\"font-weight: bold; font-family: Calibri;\">Conte\u00fado: <\/span><a href=\"https:\/\/www.linkedin.com\/in\/pedrohgf\/\"><span style=\"font-family: Calibri;\">Pedro Henriques<\/span><\/a><span style=\"font-family: Calibri;\"> \u2013 <\/span><a href=\"https:\/\/indicca.com.br\/blog\/\"><span style=\"font-family: Calibri;\">INDICCA.COM<\/span><\/a><span style=\"font-family: Calibri;\">\u00a0 <\/span><a href=\"https:\/\/wa.me\/5532988020057\"><span style=\"font-family: Calibri;\">WhatsApp<\/span><\/a><\/p>\n<p style=\"margin: 0in; font-size: 20.0pt;\"><span style=\"font-family: 'Segoe UI Emoji';\">&#x1f393; <\/span><span style=\"font-weight: bold; font-family: Calibri;\">Evento: <\/span>A Feira Multissetorial da ACIUB\u00c1 movimenta neg\u00f3cios e refor\u00e7a o potencial empreendedor de Ub\u00e1 e regi\u00e3o<\/p>\n","protected":false},"excerpt":{"rendered":"<p>A Feira Multissetorial da ACIUB\u00c1 movimenta neg\u00f3cios e refor\u00e7a o<\/p>\n","protected":false},"author":4,"featured_media":23339,"comment_status":"open","ping_status":"open","sticky":false,"template":"","format":"standard","meta":{"footnotes":""},"categories":[1,3],"tags":[59,200,218,219,220,60],"class_list":["post-23338","post","type-post","status-publish","format-standard","has-post-thumbnail","hentry","category-sem-categoria","category-slide","tag-fala-sodre","tag-feira-multissetorial","tag-feira-multissetorial-aciuba","tag-multisetorial","tag-multissetorial","tag-ubanews"],"yoast_head":"<!-- This site is optimized with the Yoast SEO plugin v27.2 - https:\/\/yoast.com\/product\/yoast-seo-wordpress\/ -->\n<title>A Feira Multissetorial da ACIUB\u00c1 - Ub\u00e1 News<\/title>\n<meta name=\"description\" content=\"A Feira Multissetorial da ACIUB\u00c1 movimenta neg\u00f3cios e refor\u00e7a o potencial empreendedor de Ub\u00e1 e regi\u00e3o. Um evento que nasceu grande.\" \/>\n<meta name=\"robots\" content=\"index, follow, max-snippet:-1, max-image-preview:large, max-video-preview:-1\" \/>\n<link rel=\"canonical\" href=\"https:\/\/ubanews.com\/site\/2025\/11\/07\/a-feira-multissetorial-da-aciuba\/\" \/>\n<meta property=\"og:locale\" content=\"pt_BR\" \/>\n<meta property=\"og:type\" content=\"article\" \/>\n<meta property=\"og:title\" content=\"A Feira Multissetorial da ACIUB\u00c1 - Ub\u00e1 News\" \/>\n<meta property=\"og:description\" content=\"A Feira Multissetorial da ACIUB\u00c1 movimenta neg\u00f3cios e refor\u00e7a o potencial empreendedor de Ub\u00e1 e regi\u00e3o. Um evento que nasceu grande.\" \/>\n<meta property=\"og:url\" content=\"https:\/\/ubanews.com\/site\/2025\/11\/07\/a-feira-multissetorial-da-aciuba\/\" \/>\n<meta property=\"og:site_name\" content=\"Ub\u00e1 News\" \/>\n<meta property=\"article:publisher\" content=\"https:\/\/www.facebook.com\/Ub%c3%a1News-Carlos-Roberto-Sodr%c3%a9-418778301977370\" \/>\n<meta property=\"article:published_time\" content=\"2025-11-07T12:52:09+00:00\" \/>\n<meta property=\"og:image\" content=\"https:\/\/ubanews.com\/site\/wp-content\/uploads\/2025\/11\/Feira-Multissetorial-Aciuba-INDICCA-ponto-COM-2.jpg\" \/>\n\t<meta property=\"og:image:width\" content=\"640\" \/>\n\t<meta property=\"og:image:height\" content=\"480\" \/>\n\t<meta property=\"og:image:type\" content=\"image\/jpeg\" \/>\n<meta name=\"author\" content=\"Carlos Roberto Sodr\u00e9\" \/>\n<meta name=\"twitter:card\" content=\"summary_large_image\" \/>\n<meta name=\"twitter:label1\" content=\"Escrito por\" \/>\n\t<meta name=\"twitter:data1\" content=\"Carlos Roberto Sodr\u00e9\" \/>\n\t<meta name=\"twitter:label2\" content=\"Est. tempo de leitura\" \/>\n\t<meta name=\"twitter:data2\" content=\"6 minutos\" \/>\n<script type=\"application\/ld+json\" class=\"yoast-schema-graph\">{\"@context\":\"https:\/\/schema.org\",\"@graph\":[{\"@type\":\"Article\",\"@id\":\"https:\/\/ubanews.com\/site\/2025\/11\/07\/a-feira-multissetorial-da-aciuba\/#article\",\"isPartOf\":{\"@id\":\"https:\/\/ubanews.com\/site\/2025\/11\/07\/a-feira-multissetorial-da-aciuba\/\"},\"author\":{\"name\":\"Carlos Roberto Sodr\u00e9\",\"@id\":\"https:\/\/ubanews.com\/site\/#\/schema\/person\/9d8da9ec3c8d00640ab6e8c81e103310\"},\"headline\":\"A Feira Multissetorial da ACIUB\u00c1\",\"datePublished\":\"2025-11-07T12:52:09+00:00\",\"mainEntityOfPage\":{\"@id\":\"https:\/\/ubanews.com\/site\/2025\/11\/07\/a-feira-multissetorial-da-aciuba\/\"},\"wordCount\":990,\"commentCount\":0,\"publisher\":{\"@id\":\"https:\/\/ubanews.com\/site\/#organization\"},\"image\":{\"@id\":\"https:\/\/ubanews.com\/site\/2025\/11\/07\/a-feira-multissetorial-da-aciuba\/#primaryimage\"},\"thumbnailUrl\":\"https:\/\/ubanews.com\/site\/wp-content\/uploads\/2025\/11\/Feira-Multissetorial-Aciuba-INDICCA-ponto-COM-2.jpg\",\"keywords\":[\"Fala Sodr\u00e9\",\"Feira Multissetorial\",\"Feira Multissetorial Aciub\u00e1\",\"Multisetorial\",\"Multissetorial\",\"UBANEWS\"],\"articleSection\":[\"Geral\",\"Slide\"],\"inLanguage\":\"pt-BR\",\"potentialAction\":[{\"@type\":\"CommentAction\",\"name\":\"Comment\",\"target\":[\"https:\/\/ubanews.com\/site\/2025\/11\/07\/a-feira-multissetorial-da-aciuba\/#respond\"]}]},{\"@type\":\"WebPage\",\"@id\":\"https:\/\/ubanews.com\/site\/2025\/11\/07\/a-feira-multissetorial-da-aciuba\/\",\"url\":\"https:\/\/ubanews.com\/site\/2025\/11\/07\/a-feira-multissetorial-da-aciuba\/\",\"name\":\"A Feira Multissetorial da ACIUB\u00c1 - Ub\u00e1 News\",\"isPartOf\":{\"@id\":\"https:\/\/ubanews.com\/site\/#website\"},\"primaryImageOfPage\":{\"@id\":\"https:\/\/ubanews.com\/site\/2025\/11\/07\/a-feira-multissetorial-da-aciuba\/#primaryimage\"},\"image\":{\"@id\":\"https:\/\/ubanews.com\/site\/2025\/11\/07\/a-feira-multissetorial-da-aciuba\/#primaryimage\"},\"thumbnailUrl\":\"https:\/\/ubanews.com\/site\/wp-content\/uploads\/2025\/11\/Feira-Multissetorial-Aciuba-INDICCA-ponto-COM-2.jpg\",\"datePublished\":\"2025-11-07T12:52:09+00:00\",\"description\":\"A Feira Multissetorial da ACIUB\u00c1 movimenta neg\u00f3cios e refor\u00e7a o potencial empreendedor de Ub\u00e1 e regi\u00e3o. Um evento que nasceu grande.\",\"breadcrumb\":{\"@id\":\"https:\/\/ubanews.com\/site\/2025\/11\/07\/a-feira-multissetorial-da-aciuba\/#breadcrumb\"},\"inLanguage\":\"pt-BR\",\"potentialAction\":[{\"@type\":\"ReadAction\",\"target\":[\"https:\/\/ubanews.com\/site\/2025\/11\/07\/a-feira-multissetorial-da-aciuba\/\"]}]},{\"@type\":\"ImageObject\",\"inLanguage\":\"pt-BR\",\"@id\":\"https:\/\/ubanews.com\/site\/2025\/11\/07\/a-feira-multissetorial-da-aciuba\/#primaryimage\",\"url\":\"https:\/\/ubanews.com\/site\/wp-content\/uploads\/2025\/11\/Feira-Multissetorial-Aciuba-INDICCA-ponto-COM-2.jpg\",\"contentUrl\":\"https:\/\/ubanews.com\/site\/wp-content\/uploads\/2025\/11\/Feira-Multissetorial-Aciuba-INDICCA-ponto-COM-2.jpg\",\"width\":640,\"height\":480,\"caption\":\"Feira Multissetorial ACIUB\u00c1\"},{\"@type\":\"BreadcrumbList\",\"@id\":\"https:\/\/ubanews.com\/site\/2025\/11\/07\/a-feira-multissetorial-da-aciuba\/#breadcrumb\",\"itemListElement\":[{\"@type\":\"ListItem\",\"position\":1,\"name\":\"Home\",\"item\":\"https:\/\/ubanews.com\/site\/\"},{\"@type\":\"ListItem\",\"position\":2,\"name\":\"A Feira Multissetorial da ACIUB\u00c1\"}]},{\"@type\":\"WebSite\",\"@id\":\"https:\/\/ubanews.com\/site\/#website\",\"url\":\"https:\/\/ubanews.com\/site\/\",\"name\":\"Ub\u00e1 News\",\"description\":\"\",\"publisher\":{\"@id\":\"https:\/\/ubanews.com\/site\/#organization\"},\"potentialAction\":[{\"@type\":\"SearchAction\",\"target\":{\"@type\":\"EntryPoint\",\"urlTemplate\":\"https:\/\/ubanews.com\/site\/?s={search_term_string}\"},\"query-input\":{\"@type\":\"PropertyValueSpecification\",\"valueRequired\":true,\"valueName\":\"search_term_string\"}}],\"inLanguage\":\"pt-BR\"},{\"@type\":\"Organization\",\"@id\":\"https:\/\/ubanews.com\/site\/#organization\",\"name\":\"Ub\u00e1 News\",\"url\":\"https:\/\/ubanews.com\/site\/\",\"logo\":{\"@type\":\"ImageObject\",\"inLanguage\":\"pt-BR\",\"@id\":\"https:\/\/ubanews.com\/site\/#\/schema\/logo\/image\/\",\"url\":\"https:\/\/ubanews.com\/site\/wp-content\/uploads\/2018\/01\/logoubanews.png\",\"contentUrl\":\"https:\/\/ubanews.com\/site\/wp-content\/uploads\/2018\/01\/logoubanews.png\",\"width\":261,\"height\":99,\"caption\":\"Ub\u00e1 News\"},\"image\":{\"@id\":\"https:\/\/ubanews.com\/site\/#\/schema\/logo\/image\/\"},\"sameAs\":[\"https:\/\/www.facebook.com\/Ub\u00e1News-Carlos-Roberto-Sodr\u00e9-418778301977370\"]},{\"@type\":\"Person\",\"@id\":\"https:\/\/ubanews.com\/site\/#\/schema\/person\/9d8da9ec3c8d00640ab6e8c81e103310\",\"name\":\"Carlos Roberto Sodr\u00e9\",\"image\":{\"@type\":\"ImageObject\",\"inLanguage\":\"pt-BR\",\"@id\":\"https:\/\/secure.gravatar.com\/avatar\/aab322e8555b56c468614fafdab8a8f924e394cdc6cfd8232f77e9e4d123a133?s=96&d=mm&r=g\",\"url\":\"https:\/\/secure.gravatar.com\/avatar\/aab322e8555b56c468614fafdab8a8f924e394cdc6cfd8232f77e9e4d123a133?s=96&d=mm&r=g\",\"contentUrl\":\"https:\/\/secure.gravatar.com\/avatar\/aab322e8555b56c468614fafdab8a8f924e394cdc6cfd8232f77e9e4d123a133?s=96&d=mm&r=g\",\"caption\":\"Carlos Roberto Sodr\u00e9\"},\"url\":\"https:\/\/ubanews.com\/site\/author\/sodre\/\"}]}<\/script>\n<!-- \/ Yoast SEO plugin. -->","yoast_head_json":{"title":"A Feira Multissetorial da ACIUB\u00c1 - Ub\u00e1 News","description":"A Feira Multissetorial da ACIUB\u00c1 movimenta neg\u00f3cios e refor\u00e7a o potencial empreendedor de Ub\u00e1 e regi\u00e3o. Um evento que nasceu grande.","robots":{"index":"index","follow":"follow","max-snippet":"max-snippet:-1","max-image-preview":"max-image-preview:large","max-video-preview":"max-video-preview:-1"},"canonical":"https:\/\/ubanews.com\/site\/2025\/11\/07\/a-feira-multissetorial-da-aciuba\/","og_locale":"pt_BR","og_type":"article","og_title":"A Feira Multissetorial da ACIUB\u00c1 - Ub\u00e1 News","og_description":"A Feira Multissetorial da ACIUB\u00c1 movimenta neg\u00f3cios e refor\u00e7a o potencial empreendedor de Ub\u00e1 e regi\u00e3o. Um evento que nasceu grande.","og_url":"https:\/\/ubanews.com\/site\/2025\/11\/07\/a-feira-multissetorial-da-aciuba\/","og_site_name":"Ub\u00e1 News","article_publisher":"https:\/\/www.facebook.com\/Ub%c3%a1News-Carlos-Roberto-Sodr%c3%a9-418778301977370","article_published_time":"2025-11-07T12:52:09+00:00","og_image":[{"width":640,"height":480,"url":"https:\/\/ubanews.com\/site\/wp-content\/uploads\/2025\/11\/Feira-Multissetorial-Aciuba-INDICCA-ponto-COM-2.jpg","type":"image\/jpeg"}],"author":"Carlos Roberto Sodr\u00e9","twitter_card":"summary_large_image","twitter_misc":{"Escrito por":"Carlos Roberto Sodr\u00e9","Est. tempo de leitura":"6 minutos"},"schema":{"@context":"https:\/\/schema.org","@graph":[{"@type":"Article","@id":"https:\/\/ubanews.com\/site\/2025\/11\/07\/a-feira-multissetorial-da-aciuba\/#article","isPartOf":{"@id":"https:\/\/ubanews.com\/site\/2025\/11\/07\/a-feira-multissetorial-da-aciuba\/"},"author":{"name":"Carlos Roberto Sodr\u00e9","@id":"https:\/\/ubanews.com\/site\/#\/schema\/person\/9d8da9ec3c8d00640ab6e8c81e103310"},"headline":"A Feira Multissetorial da ACIUB\u00c1","datePublished":"2025-11-07T12:52:09+00:00","mainEntityOfPage":{"@id":"https:\/\/ubanews.com\/site\/2025\/11\/07\/a-feira-multissetorial-da-aciuba\/"},"wordCount":990,"commentCount":0,"publisher":{"@id":"https:\/\/ubanews.com\/site\/#organization"},"image":{"@id":"https:\/\/ubanews.com\/site\/2025\/11\/07\/a-feira-multissetorial-da-aciuba\/#primaryimage"},"thumbnailUrl":"https:\/\/ubanews.com\/site\/wp-content\/uploads\/2025\/11\/Feira-Multissetorial-Aciuba-INDICCA-ponto-COM-2.jpg","keywords":["Fala Sodr\u00e9","Feira Multissetorial","Feira Multissetorial Aciub\u00e1","Multisetorial","Multissetorial","UBANEWS"],"articleSection":["Geral","Slide"],"inLanguage":"pt-BR","potentialAction":[{"@type":"CommentAction","name":"Comment","target":["https:\/\/ubanews.com\/site\/2025\/11\/07\/a-feira-multissetorial-da-aciuba\/#respond"]}]},{"@type":"WebPage","@id":"https:\/\/ubanews.com\/site\/2025\/11\/07\/a-feira-multissetorial-da-aciuba\/","url":"https:\/\/ubanews.com\/site\/2025\/11\/07\/a-feira-multissetorial-da-aciuba\/","name":"A Feira Multissetorial da ACIUB\u00c1 - Ub\u00e1 News","isPartOf":{"@id":"https:\/\/ubanews.com\/site\/#website"},"primaryImageOfPage":{"@id":"https:\/\/ubanews.com\/site\/2025\/11\/07\/a-feira-multissetorial-da-aciuba\/#primaryimage"},"image":{"@id":"https:\/\/ubanews.com\/site\/2025\/11\/07\/a-feira-multissetorial-da-aciuba\/#primaryimage"},"thumbnailUrl":"https:\/\/ubanews.com\/site\/wp-content\/uploads\/2025\/11\/Feira-Multissetorial-Aciuba-INDICCA-ponto-COM-2.jpg","datePublished":"2025-11-07T12:52:09+00:00","description":"A Feira Multissetorial da ACIUB\u00c1 movimenta neg\u00f3cios e refor\u00e7a o potencial empreendedor de Ub\u00e1 e regi\u00e3o. Um evento que nasceu grande.","breadcrumb":{"@id":"https:\/\/ubanews.com\/site\/2025\/11\/07\/a-feira-multissetorial-da-aciuba\/#breadcrumb"},"inLanguage":"pt-BR","potentialAction":[{"@type":"ReadAction","target":["https:\/\/ubanews.com\/site\/2025\/11\/07\/a-feira-multissetorial-da-aciuba\/"]}]},{"@type":"ImageObject","inLanguage":"pt-BR","@id":"https:\/\/ubanews.com\/site\/2025\/11\/07\/a-feira-multissetorial-da-aciuba\/#primaryimage","url":"https:\/\/ubanews.com\/site\/wp-content\/uploads\/2025\/11\/Feira-Multissetorial-Aciuba-INDICCA-ponto-COM-2.jpg","contentUrl":"https:\/\/ubanews.com\/site\/wp-content\/uploads\/2025\/11\/Feira-Multissetorial-Aciuba-INDICCA-ponto-COM-2.jpg","width":640,"height":480,"caption":"Feira Multissetorial ACIUB\u00c1"},{"@type":"BreadcrumbList","@id":"https:\/\/ubanews.com\/site\/2025\/11\/07\/a-feira-multissetorial-da-aciuba\/#breadcrumb","itemListElement":[{"@type":"ListItem","position":1,"name":"Home","item":"https:\/\/ubanews.com\/site\/"},{"@type":"ListItem","position":2,"name":"A Feira Multissetorial da ACIUB\u00c1"}]},{"@type":"WebSite","@id":"https:\/\/ubanews.com\/site\/#website","url":"https:\/\/ubanews.com\/site\/","name":"Ub\u00e1 News","description":"","publisher":{"@id":"https:\/\/ubanews.com\/site\/#organization"},"potentialAction":[{"@type":"SearchAction","target":{"@type":"EntryPoint","urlTemplate":"https:\/\/ubanews.com\/site\/?s={search_term_string}"},"query-input":{"@type":"PropertyValueSpecification","valueRequired":true,"valueName":"search_term_string"}}],"inLanguage":"pt-BR"},{"@type":"Organization","@id":"https:\/\/ubanews.com\/site\/#organization","name":"Ub\u00e1 News","url":"https:\/\/ubanews.com\/site\/","logo":{"@type":"ImageObject","inLanguage":"pt-BR","@id":"https:\/\/ubanews.com\/site\/#\/schema\/logo\/image\/","url":"https:\/\/ubanews.com\/site\/wp-content\/uploads\/2018\/01\/logoubanews.png","contentUrl":"https:\/\/ubanews.com\/site\/wp-content\/uploads\/2018\/01\/logoubanews.png","width":261,"height":99,"caption":"Ub\u00e1 News"},"image":{"@id":"https:\/\/ubanews.com\/site\/#\/schema\/logo\/image\/"},"sameAs":["https:\/\/www.facebook.com\/Ub\u00e1News-Carlos-Roberto-Sodr\u00e9-418778301977370"]},{"@type":"Person","@id":"https:\/\/ubanews.com\/site\/#\/schema\/person\/9d8da9ec3c8d00640ab6e8c81e103310","name":"Carlos Roberto Sodr\u00e9","image":{"@type":"ImageObject","inLanguage":"pt-BR","@id":"https:\/\/secure.gravatar.com\/avatar\/aab322e8555b56c468614fafdab8a8f924e394cdc6cfd8232f77e9e4d123a133?s=96&d=mm&r=g","url":"https:\/\/secure.gravatar.com\/avatar\/aab322e8555b56c468614fafdab8a8f924e394cdc6cfd8232f77e9e4d123a133?s=96&d=mm&r=g","contentUrl":"https:\/\/secure.gravatar.com\/avatar\/aab322e8555b56c468614fafdab8a8f924e394cdc6cfd8232f77e9e4d123a133?s=96&d=mm&r=g","caption":"Carlos Roberto Sodr\u00e9"},"url":"https:\/\/ubanews.com\/site\/author\/sodre\/"}]}},"_links":{"self":[{"href":"https:\/\/ubanews.com\/site\/wp-json\/wp\/v2\/posts\/23338","targetHints":{"allow":["GET"]}}],"collection":[{"href":"https:\/\/ubanews.com\/site\/wp-json\/wp\/v2\/posts"}],"about":[{"href":"https:\/\/ubanews.com\/site\/wp-json\/wp\/v2\/types\/post"}],"author":[{"embeddable":true,"href":"https:\/\/ubanews.com\/site\/wp-json\/wp\/v2\/users\/4"}],"replies":[{"embeddable":true,"href":"https:\/\/ubanews.com\/site\/wp-json\/wp\/v2\/comments?post=23338"}],"version-history":[{"count":0,"href":"https:\/\/ubanews.com\/site\/wp-json\/wp\/v2\/posts\/23338\/revisions"}],"wp:featuredmedia":[{"embeddable":true,"href":"https:\/\/ubanews.com\/site\/wp-json\/wp\/v2\/media\/23339"}],"wp:attachment":[{"href":"https:\/\/ubanews.com\/site\/wp-json\/wp\/v2\/media?parent=23338"}],"wp:term":[{"taxonomy":"category","embeddable":true,"href":"https:\/\/ubanews.com\/site\/wp-json\/wp\/v2\/categories?post=23338"},{"taxonomy":"post_tag","embeddable":true,"href":"https:\/\/ubanews.com\/site\/wp-json\/wp\/v2\/tags?post=23338"}],"curies":[{"name":"wp","href":"https:\/\/api.w.org\/{rel}","templated":true}]}}