{"id":23336,"date":"2025-11-06T14:30:50","date_gmt":"2025-11-06T17:30:50","guid":{"rendered":"https:\/\/ubanews.com\/site\/?p=23336"},"modified":"2025-11-06T14:30:50","modified_gmt":"2025-11-06T17:30:50","slug":"suspeito-de-envolvimento-em-rede-de-trafico-de-drogas-e-preso-em-fervedourosuspeito-de-envolvimento-em-rede-de-trafico-de-drogas-e-preso-em-fervedouro","status":"publish","type":"post","link":"https:\/\/ubanews.com\/site\/2025\/11\/06\/suspeito-de-envolvimento-em-rede-de-trafico-de-drogas-e-preso-em-fervedourosuspeito-de-envolvimento-em-rede-de-trafico-de-drogas-e-preso-em-fervedouro\/","title":{"rendered":"Suspeito de envolvimento em rede de tr\u00e1fico de drogas \u00e9 preso em Fervedouro"},"content":{"rendered":"<p>Suspeito de envolvimento em rede de tr\u00e1fico de drogas \u00e9 preso em Fervedouro.\u00a0Alvo \u00e9 apontado como um dos principais respons\u00e1veis pela distribui\u00e7\u00e3o e pelo armazenamento de entorpecentes em bairros da cidade.<\/p>\n<h2>Suspeito de envolvimento em rede de tr\u00e1fico de drogas \u00e9 preso em Fervedouro<\/h2>\n<p><img decoding=\"async\" class=\"aligncenter size-medium wp-image-23337 lazyload\" data-src=\"https:\/\/ubanews.com\/site\/wp-content\/uploads\/2025\/11\/WhatsApp-Image-2025-11-06-at-07.04.19-300x201.jpeg\" alt=\"Fato Policial\n\" width=\"300\" height=\"201\" data-srcset=\"https:\/\/ubanews.com\/site\/wp-content\/uploads\/2025\/11\/WhatsApp-Image-2025-11-06-at-07.04.19-300x201.jpeg 300w, https:\/\/ubanews.com\/site\/wp-content\/uploads\/2025\/11\/WhatsApp-Image-2025-11-06-at-07.04.19-120x80.jpeg 120w, https:\/\/ubanews.com\/site\/wp-content\/uploads\/2025\/11\/WhatsApp-Image-2025-11-06-at-07.04.19.jpeg 504w\" data-sizes=\"(max-width: 300px) 100vw, 300px\" src=\"data:image\/svg+xml;base64,PHN2ZyB3aWR0aD0iMSIgaGVpZ2h0PSIxIiB4bWxucz0iaHR0cDovL3d3dy53My5vcmcvMjAwMC9zdmciPjwvc3ZnPg==\" style=\"--smush-placeholder-width: 300px; --smush-placeholder-aspect-ratio: 300\/201;\" \/><\/p>\n<p>A Pol\u00edcia Civil de Minas Gerais (PCMG) cumpriu, nessa ter\u00e7a-feira (4\/11), mandado de pris\u00e3o preventiva contra um homem, de 19 anos, investigado por envolvimento em uma rede de tr\u00e1fico de drogas com atua\u00e7\u00e3o na cidade de Fervedouro, Zona da Mata mineira.<\/p>\n<p>Nos registros policiais, o suspeito \u00e9 identificado como um dos principais respons\u00e1veis pela distribui\u00e7\u00e3o e pelo armazenamento de entorpecentes na regi\u00e3o dos bairros Cidade Nova e Bela Vista, utilizando im\u00f3veis e comparsas para ocultar e comercializar subst\u00e2ncias il\u00edcitas, entre elas coca\u00edna e maconha.<\/p>\n<p>A pris\u00e3o decorre de investiga\u00e7\u00f5es e opera\u00e7\u00f5es das pol\u00edcias Civil e Militar realizadas ao longo do ano. As a\u00e7\u00f5es das for\u00e7as de seguran\u00e7a resultaram ainda em diversos flagrantes e apreens\u00f5es de entorpecentes.<\/p>\n<p>Os levantamentos indicaram que o grupo mantinha vigil\u00e2ncia constante sobre a movimenta\u00e7\u00e3o policial, al\u00e9m de utilizar a casa do preso como dep\u00f3sito de entorpecentes e um posto de combust\u00edveis local como ponto de comercializa\u00e7\u00e3o das drogas.<\/p>\n<p>O homem foi encaminhado ao sistema prisional e est\u00e1 \u00e0 disposi\u00e7\u00e3o da Justi\u00e7a.<\/p>\n","protected":false},"excerpt":{"rendered":"<p>Suspeito de envolvimento em rede de tr\u00e1fico de drogas \u00e9<\/p>\n","protected":false},"author":4,"featured_media":23337,"comment_status":"open","ping_status":"open","sticky":false,"template":"","format":"standard","meta":{"footnotes":""},"categories":[1],"tags":[59,188,60],"class_list":["post-23336","post","type-post","status-publish","format-standard","has-post-thumbnail","hentry","category-sem-categoria","tag-fala-sodre","tag-fato-policial","tag-ubanews"],"yoast_head":"<!-- This site is optimized with the Yoast SEO plugin v27.2 - https:\/\/yoast.com\/product\/yoast-seo-wordpress\/ -->\n<title>Suspeito de envolvimento em rede de tr\u00e1fico de drogas \u00e9 preso em Fervedouro - Ub\u00e1 News<\/title>\n<meta name=\"description\" content=\"Suspeito de envolvimento em rede de tr\u00e1fico de drogas \u00e9 preso em Fervedouro\" \/>\n<meta name=\"robots\" content=\"index, follow, max-snippet:-1, max-image-preview:large, max-video-preview:-1\" \/>\n<link rel=\"canonical\" href=\"https:\/\/ubanews.com\/site\/2025\/11\/06\/suspeito-de-envolvimento-em-rede-de-trafico-de-drogas-e-preso-em-fervedourosuspeito-de-envolvimento-em-rede-de-trafico-de-drogas-e-preso-em-fervedouro\/\" \/>\n<meta property=\"og:locale\" content=\"pt_BR\" \/>\n<meta property=\"og:type\" content=\"article\" \/>\n<meta property=\"og:title\" content=\"Suspeito de envolvimento em rede de tr\u00e1fico de drogas \u00e9 preso em Fervedouro - Ub\u00e1 News\" \/>\n<meta property=\"og:description\" content=\"Suspeito de envolvimento em rede de tr\u00e1fico de drogas \u00e9 preso em Fervedouro\" \/>\n<meta property=\"og:url\" content=\"https:\/\/ubanews.com\/site\/2025\/11\/06\/suspeito-de-envolvimento-em-rede-de-trafico-de-drogas-e-preso-em-fervedourosuspeito-de-envolvimento-em-rede-de-trafico-de-drogas-e-preso-em-fervedouro\/\" \/>\n<meta property=\"og:site_name\" content=\"Ub\u00e1 News\" \/>\n<meta property=\"article:publisher\" content=\"https:\/\/www.facebook.com\/Ub%c3%a1News-Carlos-Roberto-Sodr%c3%a9-418778301977370\" \/>\n<meta property=\"article:published_time\" content=\"2025-11-06T17:30:50+00:00\" \/>\n<meta property=\"og:image\" content=\"https:\/\/ubanews.com\/site\/wp-content\/uploads\/2025\/11\/WhatsApp-Image-2025-11-06-at-07.04.19.jpeg\" \/>\n\t<meta property=\"og:image:width\" content=\"504\" \/>\n\t<meta property=\"og:image:height\" content=\"337\" \/>\n\t<meta property=\"og:image:type\" content=\"image\/jpeg\" \/>\n<meta name=\"author\" content=\"Carlos Roberto Sodr\u00e9\" \/>\n<meta name=\"twitter:card\" content=\"summary_large_image\" \/>\n<meta name=\"twitter:label1\" content=\"Escrito por\" \/>\n\t<meta name=\"twitter:data1\" content=\"Carlos Roberto Sodr\u00e9\" \/>\n\t<meta name=\"twitter:label2\" content=\"Est. tempo de leitura\" \/>\n\t<meta name=\"twitter:data2\" content=\"2 minutos\" \/>\n<script type=\"application\/ld+json\" class=\"yoast-schema-graph\">{\"@context\":\"https:\/\/schema.org\",\"@graph\":[{\"@type\":\"Article\",\"@id\":\"https:\/\/ubanews.com\/site\/2025\/11\/06\/suspeito-de-envolvimento-em-rede-de-trafico-de-drogas-e-preso-em-fervedourosuspeito-de-envolvimento-em-rede-de-trafico-de-drogas-e-preso-em-fervedouro\/#article\",\"isPartOf\":{\"@id\":\"https:\/\/ubanews.com\/site\/2025\/11\/06\/suspeito-de-envolvimento-em-rede-de-trafico-de-drogas-e-preso-em-fervedourosuspeito-de-envolvimento-em-rede-de-trafico-de-drogas-e-preso-em-fervedouro\/\"},\"author\":{\"name\":\"Carlos Roberto Sodr\u00e9\",\"@id\":\"https:\/\/ubanews.com\/site\/#\/schema\/person\/9d8da9ec3c8d00640ab6e8c81e103310\"},\"headline\":\"Suspeito de envolvimento em rede de tr\u00e1fico de drogas \u00e9 preso em Fervedouro\",\"datePublished\":\"2025-11-06T17:30:50+00:00\",\"mainEntityOfPage\":{\"@id\":\"https:\/\/ubanews.com\/site\/2025\/11\/06\/suspeito-de-envolvimento-em-rede-de-trafico-de-drogas-e-preso-em-fervedourosuspeito-de-envolvimento-em-rede-de-trafico-de-drogas-e-preso-em-fervedouro\/\"},\"wordCount\":248,\"commentCount\":0,\"publisher\":{\"@id\":\"https:\/\/ubanews.com\/site\/#organization\"},\"image\":{\"@id\":\"https:\/\/ubanews.com\/site\/2025\/11\/06\/suspeito-de-envolvimento-em-rede-de-trafico-de-drogas-e-preso-em-fervedourosuspeito-de-envolvimento-em-rede-de-trafico-de-drogas-e-preso-em-fervedouro\/#primaryimage\"},\"thumbnailUrl\":\"https:\/\/ubanews.com\/site\/wp-content\/uploads\/2025\/11\/WhatsApp-Image-2025-11-06-at-07.04.19.jpeg\",\"keywords\":[\"Fala Sodr\u00e9\",\"Fato Policial\",\"UBANEWS\"],\"articleSection\":[\"Geral\"],\"inLanguage\":\"pt-BR\",\"potentialAction\":[{\"@type\":\"CommentAction\",\"name\":\"Comment\",\"target\":[\"https:\/\/ubanews.com\/site\/2025\/11\/06\/suspeito-de-envolvimento-em-rede-de-trafico-de-drogas-e-preso-em-fervedourosuspeito-de-envolvimento-em-rede-de-trafico-de-drogas-e-preso-em-fervedouro\/#respond\"]}]},{\"@type\":\"WebPage\",\"@id\":\"https:\/\/ubanews.com\/site\/2025\/11\/06\/suspeito-de-envolvimento-em-rede-de-trafico-de-drogas-e-preso-em-fervedourosuspeito-de-envolvimento-em-rede-de-trafico-de-drogas-e-preso-em-fervedouro\/\",\"url\":\"https:\/\/ubanews.com\/site\/2025\/11\/06\/suspeito-de-envolvimento-em-rede-de-trafico-de-drogas-e-preso-em-fervedourosuspeito-de-envolvimento-em-rede-de-trafico-de-drogas-e-preso-em-fervedouro\/\",\"name\":\"Suspeito de envolvimento em rede de tr\u00e1fico de drogas \u00e9 preso em Fervedouro - Ub\u00e1 News\",\"isPartOf\":{\"@id\":\"https:\/\/ubanews.com\/site\/#website\"},\"primaryImageOfPage\":{\"@id\":\"https:\/\/ubanews.com\/site\/2025\/11\/06\/suspeito-de-envolvimento-em-rede-de-trafico-de-drogas-e-preso-em-fervedourosuspeito-de-envolvimento-em-rede-de-trafico-de-drogas-e-preso-em-fervedouro\/#primaryimage\"},\"image\":{\"@id\":\"https:\/\/ubanews.com\/site\/2025\/11\/06\/suspeito-de-envolvimento-em-rede-de-trafico-de-drogas-e-preso-em-fervedourosuspeito-de-envolvimento-em-rede-de-trafico-de-drogas-e-preso-em-fervedouro\/#primaryimage\"},\"thumbnailUrl\":\"https:\/\/ubanews.com\/site\/wp-content\/uploads\/2025\/11\/WhatsApp-Image-2025-11-06-at-07.04.19.jpeg\",\"datePublished\":\"2025-11-06T17:30:50+00:00\",\"description\":\"Suspeito de envolvimento em rede de tr\u00e1fico de drogas \u00e9 preso em Fervedouro\",\"breadcrumb\":{\"@id\":\"https:\/\/ubanews.com\/site\/2025\/11\/06\/suspeito-de-envolvimento-em-rede-de-trafico-de-drogas-e-preso-em-fervedourosuspeito-de-envolvimento-em-rede-de-trafico-de-drogas-e-preso-em-fervedouro\/#breadcrumb\"},\"inLanguage\":\"pt-BR\",\"potentialAction\":[{\"@type\":\"ReadAction\",\"target\":[\"https:\/\/ubanews.com\/site\/2025\/11\/06\/suspeito-de-envolvimento-em-rede-de-trafico-de-drogas-e-preso-em-fervedourosuspeito-de-envolvimento-em-rede-de-trafico-de-drogas-e-preso-em-fervedouro\/\"]}]},{\"@type\":\"ImageObject\",\"inLanguage\":\"pt-BR\",\"@id\":\"https:\/\/ubanews.com\/site\/2025\/11\/06\/suspeito-de-envolvimento-em-rede-de-trafico-de-drogas-e-preso-em-fervedourosuspeito-de-envolvimento-em-rede-de-trafico-de-drogas-e-preso-em-fervedouro\/#primaryimage\",\"url\":\"https:\/\/ubanews.com\/site\/wp-content\/uploads\/2025\/11\/WhatsApp-Image-2025-11-06-at-07.04.19.jpeg\",\"contentUrl\":\"https:\/\/ubanews.com\/site\/wp-content\/uploads\/2025\/11\/WhatsApp-Image-2025-11-06-at-07.04.19.jpeg\",\"width\":504,\"height\":337,\"caption\":\"Fato Policial\"},{\"@type\":\"BreadcrumbList\",\"@id\":\"https:\/\/ubanews.com\/site\/2025\/11\/06\/suspeito-de-envolvimento-em-rede-de-trafico-de-drogas-e-preso-em-fervedourosuspeito-de-envolvimento-em-rede-de-trafico-de-drogas-e-preso-em-fervedouro\/#breadcrumb\",\"itemListElement\":[{\"@type\":\"ListItem\",\"position\":1,\"name\":\"Home\",\"item\":\"https:\/\/ubanews.com\/site\/\"},{\"@type\":\"ListItem\",\"position\":2,\"name\":\"Suspeito de envolvimento em rede de tr\u00e1fico de drogas \u00e9 preso em Fervedouro\"}]},{\"@type\":\"WebSite\",\"@id\":\"https:\/\/ubanews.com\/site\/#website\",\"url\":\"https:\/\/ubanews.com\/site\/\",\"name\":\"Ub\u00e1 News\",\"description\":\"\",\"publisher\":{\"@id\":\"https:\/\/ubanews.com\/site\/#organization\"},\"potentialAction\":[{\"@type\":\"SearchAction\",\"target\":{\"@type\":\"EntryPoint\",\"urlTemplate\":\"https:\/\/ubanews.com\/site\/?s={search_term_string}\"},\"query-input\":{\"@type\":\"PropertyValueSpecification\",\"valueRequired\":true,\"valueName\":\"search_term_string\"}}],\"inLanguage\":\"pt-BR\"},{\"@type\":\"Organization\",\"@id\":\"https:\/\/ubanews.com\/site\/#organization\",\"name\":\"Ub\u00e1 News\",\"url\":\"https:\/\/ubanews.com\/site\/\",\"logo\":{\"@type\":\"ImageObject\",\"inLanguage\":\"pt-BR\",\"@id\":\"https:\/\/ubanews.com\/site\/#\/schema\/logo\/image\/\",\"url\":\"https:\/\/ubanews.com\/site\/wp-content\/uploads\/2018\/01\/logoubanews.png\",\"contentUrl\":\"https:\/\/ubanews.com\/site\/wp-content\/uploads\/2018\/01\/logoubanews.png\",\"width\":261,\"height\":99,\"caption\":\"Ub\u00e1 News\"},\"image\":{\"@id\":\"https:\/\/ubanews.com\/site\/#\/schema\/logo\/image\/\"},\"sameAs\":[\"https:\/\/www.facebook.com\/Ub\u00e1News-Carlos-Roberto-Sodr\u00e9-418778301977370\"]},{\"@type\":\"Person\",\"@id\":\"https:\/\/ubanews.com\/site\/#\/schema\/person\/9d8da9ec3c8d00640ab6e8c81e103310\",\"name\":\"Carlos Roberto Sodr\u00e9\",\"image\":{\"@type\":\"ImageObject\",\"inLanguage\":\"pt-BR\",\"@id\":\"https:\/\/secure.gravatar.com\/avatar\/aab322e8555b56c468614fafdab8a8f924e394cdc6cfd8232f77e9e4d123a133?s=96&d=mm&r=g\",\"url\":\"https:\/\/secure.gravatar.com\/avatar\/aab322e8555b56c468614fafdab8a8f924e394cdc6cfd8232f77e9e4d123a133?s=96&d=mm&r=g\",\"contentUrl\":\"https:\/\/secure.gravatar.com\/avatar\/aab322e8555b56c468614fafdab8a8f924e394cdc6cfd8232f77e9e4d123a133?s=96&d=mm&r=g\",\"caption\":\"Carlos Roberto Sodr\u00e9\"},\"url\":\"https:\/\/ubanews.com\/site\/author\/sodre\/\"}]}<\/script>\n<!-- \/ Yoast SEO plugin. -->","yoast_head_json":{"title":"Suspeito de envolvimento em rede de tr\u00e1fico de drogas \u00e9 preso em Fervedouro - Ub\u00e1 News","description":"Suspeito de envolvimento em rede de tr\u00e1fico de drogas \u00e9 preso em Fervedouro","robots":{"index":"index","follow":"follow","max-snippet":"max-snippet:-1","max-image-preview":"max-image-preview:large","max-video-preview":"max-video-preview:-1"},"canonical":"https:\/\/ubanews.com\/site\/2025\/11\/06\/suspeito-de-envolvimento-em-rede-de-trafico-de-drogas-e-preso-em-fervedourosuspeito-de-envolvimento-em-rede-de-trafico-de-drogas-e-preso-em-fervedouro\/","og_locale":"pt_BR","og_type":"article","og_title":"Suspeito de envolvimento em rede de tr\u00e1fico de drogas \u00e9 preso em Fervedouro - Ub\u00e1 News","og_description":"Suspeito de envolvimento em rede de tr\u00e1fico de drogas \u00e9 preso em Fervedouro","og_url":"https:\/\/ubanews.com\/site\/2025\/11\/06\/suspeito-de-envolvimento-em-rede-de-trafico-de-drogas-e-preso-em-fervedourosuspeito-de-envolvimento-em-rede-de-trafico-de-drogas-e-preso-em-fervedouro\/","og_site_name":"Ub\u00e1 News","article_publisher":"https:\/\/www.facebook.com\/Ub%c3%a1News-Carlos-Roberto-Sodr%c3%a9-418778301977370","article_published_time":"2025-11-06T17:30:50+00:00","og_image":[{"width":504,"height":337,"url":"https:\/\/ubanews.com\/site\/wp-content\/uploads\/2025\/11\/WhatsApp-Image-2025-11-06-at-07.04.19.jpeg","type":"image\/jpeg"}],"author":"Carlos Roberto Sodr\u00e9","twitter_card":"summary_large_image","twitter_misc":{"Escrito por":"Carlos Roberto Sodr\u00e9","Est. tempo de leitura":"2 minutos"},"schema":{"@context":"https:\/\/schema.org","@graph":[{"@type":"Article","@id":"https:\/\/ubanews.com\/site\/2025\/11\/06\/suspeito-de-envolvimento-em-rede-de-trafico-de-drogas-e-preso-em-fervedourosuspeito-de-envolvimento-em-rede-de-trafico-de-drogas-e-preso-em-fervedouro\/#article","isPartOf":{"@id":"https:\/\/ubanews.com\/site\/2025\/11\/06\/suspeito-de-envolvimento-em-rede-de-trafico-de-drogas-e-preso-em-fervedourosuspeito-de-envolvimento-em-rede-de-trafico-de-drogas-e-preso-em-fervedouro\/"},"author":{"name":"Carlos Roberto Sodr\u00e9","@id":"https:\/\/ubanews.com\/site\/#\/schema\/person\/9d8da9ec3c8d00640ab6e8c81e103310"},"headline":"Suspeito de envolvimento em rede de tr\u00e1fico de drogas \u00e9 preso em Fervedouro","datePublished":"2025-11-06T17:30:50+00:00","mainEntityOfPage":{"@id":"https:\/\/ubanews.com\/site\/2025\/11\/06\/suspeito-de-envolvimento-em-rede-de-trafico-de-drogas-e-preso-em-fervedourosuspeito-de-envolvimento-em-rede-de-trafico-de-drogas-e-preso-em-fervedouro\/"},"wordCount":248,"commentCount":0,"publisher":{"@id":"https:\/\/ubanews.com\/site\/#organization"},"image":{"@id":"https:\/\/ubanews.com\/site\/2025\/11\/06\/suspeito-de-envolvimento-em-rede-de-trafico-de-drogas-e-preso-em-fervedourosuspeito-de-envolvimento-em-rede-de-trafico-de-drogas-e-preso-em-fervedouro\/#primaryimage"},"thumbnailUrl":"https:\/\/ubanews.com\/site\/wp-content\/uploads\/2025\/11\/WhatsApp-Image-2025-11-06-at-07.04.19.jpeg","keywords":["Fala Sodr\u00e9","Fato Policial","UBANEWS"],"articleSection":["Geral"],"inLanguage":"pt-BR","potentialAction":[{"@type":"CommentAction","name":"Comment","target":["https:\/\/ubanews.com\/site\/2025\/11\/06\/suspeito-de-envolvimento-em-rede-de-trafico-de-drogas-e-preso-em-fervedourosuspeito-de-envolvimento-em-rede-de-trafico-de-drogas-e-preso-em-fervedouro\/#respond"]}]},{"@type":"WebPage","@id":"https:\/\/ubanews.com\/site\/2025\/11\/06\/suspeito-de-envolvimento-em-rede-de-trafico-de-drogas-e-preso-em-fervedourosuspeito-de-envolvimento-em-rede-de-trafico-de-drogas-e-preso-em-fervedouro\/","url":"https:\/\/ubanews.com\/site\/2025\/11\/06\/suspeito-de-envolvimento-em-rede-de-trafico-de-drogas-e-preso-em-fervedourosuspeito-de-envolvimento-em-rede-de-trafico-de-drogas-e-preso-em-fervedouro\/","name":"Suspeito de envolvimento em rede de tr\u00e1fico de drogas \u00e9 preso em Fervedouro - Ub\u00e1 News","isPartOf":{"@id":"https:\/\/ubanews.com\/site\/#website"},"primaryImageOfPage":{"@id":"https:\/\/ubanews.com\/site\/2025\/11\/06\/suspeito-de-envolvimento-em-rede-de-trafico-de-drogas-e-preso-em-fervedourosuspeito-de-envolvimento-em-rede-de-trafico-de-drogas-e-preso-em-fervedouro\/#primaryimage"},"image":{"@id":"https:\/\/ubanews.com\/site\/2025\/11\/06\/suspeito-de-envolvimento-em-rede-de-trafico-de-drogas-e-preso-em-fervedourosuspeito-de-envolvimento-em-rede-de-trafico-de-drogas-e-preso-em-fervedouro\/#primaryimage"},"thumbnailUrl":"https:\/\/ubanews.com\/site\/wp-content\/uploads\/2025\/11\/WhatsApp-Image-2025-11-06-at-07.04.19.jpeg","datePublished":"2025-11-06T17:30:50+00:00","description":"Suspeito de envolvimento em rede de tr\u00e1fico de drogas \u00e9 preso em Fervedouro","breadcrumb":{"@id":"https:\/\/ubanews.com\/site\/2025\/11\/06\/suspeito-de-envolvimento-em-rede-de-trafico-de-drogas-e-preso-em-fervedourosuspeito-de-envolvimento-em-rede-de-trafico-de-drogas-e-preso-em-fervedouro\/#breadcrumb"},"inLanguage":"pt-BR","potentialAction":[{"@type":"ReadAction","target":["https:\/\/ubanews.com\/site\/2025\/11\/06\/suspeito-de-envolvimento-em-rede-de-trafico-de-drogas-e-preso-em-fervedourosuspeito-de-envolvimento-em-rede-de-trafico-de-drogas-e-preso-em-fervedouro\/"]}]},{"@type":"ImageObject","inLanguage":"pt-BR","@id":"https:\/\/ubanews.com\/site\/2025\/11\/06\/suspeito-de-envolvimento-em-rede-de-trafico-de-drogas-e-preso-em-fervedourosuspeito-de-envolvimento-em-rede-de-trafico-de-drogas-e-preso-em-fervedouro\/#primaryimage","url":"https:\/\/ubanews.com\/site\/wp-content\/uploads\/2025\/11\/WhatsApp-Image-2025-11-06-at-07.04.19.jpeg","contentUrl":"https:\/\/ubanews.com\/site\/wp-content\/uploads\/2025\/11\/WhatsApp-Image-2025-11-06-at-07.04.19.jpeg","width":504,"height":337,"caption":"Fato Policial"},{"@type":"BreadcrumbList","@id":"https:\/\/ubanews.com\/site\/2025\/11\/06\/suspeito-de-envolvimento-em-rede-de-trafico-de-drogas-e-preso-em-fervedourosuspeito-de-envolvimento-em-rede-de-trafico-de-drogas-e-preso-em-fervedouro\/#breadcrumb","itemListElement":[{"@type":"ListItem","position":1,"name":"Home","item":"https:\/\/ubanews.com\/site\/"},{"@type":"ListItem","position":2,"name":"Suspeito de envolvimento em rede de tr\u00e1fico de drogas \u00e9 preso em Fervedouro"}]},{"@type":"WebSite","@id":"https:\/\/ubanews.com\/site\/#website","url":"https:\/\/ubanews.com\/site\/","name":"Ub\u00e1 News","description":"","publisher":{"@id":"https:\/\/ubanews.com\/site\/#organization"},"potentialAction":[{"@type":"SearchAction","target":{"@type":"EntryPoint","urlTemplate":"https:\/\/ubanews.com\/site\/?s={search_term_string}"},"query-input":{"@type":"PropertyValueSpecification","valueRequired":true,"valueName":"search_term_string"}}],"inLanguage":"pt-BR"},{"@type":"Organization","@id":"https:\/\/ubanews.com\/site\/#organization","name":"Ub\u00e1 News","url":"https:\/\/ubanews.com\/site\/","logo":{"@type":"ImageObject","inLanguage":"pt-BR","@id":"https:\/\/ubanews.com\/site\/#\/schema\/logo\/image\/","url":"https:\/\/ubanews.com\/site\/wp-content\/uploads\/2018\/01\/logoubanews.png","contentUrl":"https:\/\/ubanews.com\/site\/wp-content\/uploads\/2018\/01\/logoubanews.png","width":261,"height":99,"caption":"Ub\u00e1 News"},"image":{"@id":"https:\/\/ubanews.com\/site\/#\/schema\/logo\/image\/"},"sameAs":["https:\/\/www.facebook.com\/Ub\u00e1News-Carlos-Roberto-Sodr\u00e9-418778301977370"]},{"@type":"Person","@id":"https:\/\/ubanews.com\/site\/#\/schema\/person\/9d8da9ec3c8d00640ab6e8c81e103310","name":"Carlos Roberto Sodr\u00e9","image":{"@type":"ImageObject","inLanguage":"pt-BR","@id":"https:\/\/secure.gravatar.com\/avatar\/aab322e8555b56c468614fafdab8a8f924e394cdc6cfd8232f77e9e4d123a133?s=96&d=mm&r=g","url":"https:\/\/secure.gravatar.com\/avatar\/aab322e8555b56c468614fafdab8a8f924e394cdc6cfd8232f77e9e4d123a133?s=96&d=mm&r=g","contentUrl":"https:\/\/secure.gravatar.com\/avatar\/aab322e8555b56c468614fafdab8a8f924e394cdc6cfd8232f77e9e4d123a133?s=96&d=mm&r=g","caption":"Carlos Roberto Sodr\u00e9"},"url":"https:\/\/ubanews.com\/site\/author\/sodre\/"}]}},"_links":{"self":[{"href":"https:\/\/ubanews.com\/site\/wp-json\/wp\/v2\/posts\/23336","targetHints":{"allow":["GET"]}}],"collection":[{"href":"https:\/\/ubanews.com\/site\/wp-json\/wp\/v2\/posts"}],"about":[{"href":"https:\/\/ubanews.com\/site\/wp-json\/wp\/v2\/types\/post"}],"author":[{"embeddable":true,"href":"https:\/\/ubanews.com\/site\/wp-json\/wp\/v2\/users\/4"}],"replies":[{"embeddable":true,"href":"https:\/\/ubanews.com\/site\/wp-json\/wp\/v2\/comments?post=23336"}],"version-history":[{"count":0,"href":"https:\/\/ubanews.com\/site\/wp-json\/wp\/v2\/posts\/23336\/revisions"}],"wp:featuredmedia":[{"embeddable":true,"href":"https:\/\/ubanews.com\/site\/wp-json\/wp\/v2\/media\/23337"}],"wp:attachment":[{"href":"https:\/\/ubanews.com\/site\/wp-json\/wp\/v2\/media?parent=23336"}],"wp:term":[{"taxonomy":"category","embeddable":true,"href":"https:\/\/ubanews.com\/site\/wp-json\/wp\/v2\/categories?post=23336"},{"taxonomy":"post_tag","embeddable":true,"href":"https:\/\/ubanews.com\/site\/wp-json\/wp\/v2\/tags?post=23336"}],"curies":[{"name":"wp","href":"https:\/\/api.w.org\/{rel}","templated":true}]}}