{"id":23330,"date":"2025-11-05T08:27:11","date_gmt":"2025-11-05T11:27:11","guid":{"rendered":"https:\/\/ubanews.com\/site\/?p=23330"},"modified":"2025-11-05T08:52:10","modified_gmt":"2025-11-05T11:52:10","slug":"professora-roberta-cardoso-apresenta-o-livro-quando-a-infancia-doi","status":"publish","type":"post","link":"https:\/\/ubanews.com\/site\/2025\/11\/05\/professora-roberta-cardoso-apresenta-o-livro-quando-a-infancia-doi\/","title":{"rendered":"Professora Roberta Cardoso apresenta o livro \u201cQuando a Inf\u00e2ncia D\u00f3i\u201d"},"content":{"rendered":"<p data-start=\"354\" data-end=\"470\"><strong data-start=\"357\" data-end=\"470\">Professora Roberta Cardoso apresenta o livro \u201cQuando a Inf\u00e2ncia D\u00f3i\u201d em evento marcado por emo\u00e7\u00e3o e reflex\u00f5es.\u00a0<\/strong>A noite foi de emo\u00e7\u00e3o, reflex\u00e3o e partilha na Loja Ma\u00e7\u00f4nica de Ub\u00e1. A professora e escritora <strong data-start=\"565\" data-end=\"584\">Roberta Cardoso<\/strong> apresentou o livro <em data-start=\"604\" data-end=\"629\">\u201cQuando a Inf\u00e2ncia D\u00f3i\u201d<\/em>, obra coletiva que re\u00fane autores de diversas partes do Brasil e aborda hist\u00f3rias, mem\u00f3rias e feridas da inf\u00e2ncia com sensibilidade e profundidade.<\/p>\n<h2 data-start=\"354\" data-end=\"470\"><strong data-start=\"357\" data-end=\"470\">Professora Roberta Cardoso apresenta o livro \u201cQuando a Inf\u00e2ncia D\u00f3i\u201d em evento marcado por emo\u00e7\u00e3o e reflex\u00f5es.<\/strong><\/h2>\n<p><a href=\"https:\/\/www.youtube.com\/live\/kJOtvKiCfMQ?si=_KcPPNrdG9QbWKvg\" target=\"_blank\" rel=\"noopener\"><img decoding=\"async\" class=\"aligncenter size-medium wp-image-23331 lazyload\" data-src=\"https:\/\/ubanews.com\/site\/wp-content\/uploads\/2025\/11\/Quando-a-Infancia-Doi-Roberta-Cardoso-Co-Autora-do-Livro-falou-com-no-Fala-Sodre-300x168.jpg\" alt=\"Roberta Cardoso fala com o Sodr\u00e9\" width=\"300\" height=\"168\" data-srcset=\"https:\/\/ubanews.com\/site\/wp-content\/uploads\/2025\/11\/Quando-a-Infancia-Doi-Roberta-Cardoso-Co-Autora-do-Livro-falou-com-no-Fala-Sodre-300x168.jpg 300w, https:\/\/ubanews.com\/site\/wp-content\/uploads\/2025\/11\/Quando-a-Infancia-Doi-Roberta-Cardoso-Co-Autora-do-Livro-falou-com-no-Fala-Sodre-768x429.jpg 768w, https:\/\/ubanews.com\/site\/wp-content\/uploads\/2025\/11\/Quando-a-Infancia-Doi-Roberta-Cardoso-Co-Autora-do-Livro-falou-com-no-Fala-Sodre-360x200.jpg 360w, https:\/\/ubanews.com\/site\/wp-content\/uploads\/2025\/11\/Quando-a-Infancia-Doi-Roberta-Cardoso-Co-Autora-do-Livro-falou-com-no-Fala-Sodre.jpg 1010w\" data-sizes=\"(max-width: 300px) 100vw, 300px\" src=\"data:image\/svg+xml;base64,PHN2ZyB3aWR0aD0iMSIgaGVpZ2h0PSIxIiB4bWxucz0iaHR0cDovL3d3dy53My5vcmcvMjAwMC9zdmciPjwvc3ZnPg==\" style=\"--smush-placeholder-width: 300px; --smush-placeholder-aspect-ratio: 300\/168;\" \/><\/a><\/p>\n<p data-start=\"780\" data-end=\"1143\">O evento foi registrado pelo <strong data-start=\"809\" data-end=\"842\">rep\u00f3rter Carlos Roberto Sodr\u00e9<\/strong>, com imagens de <strong data-start=\"859\" data-end=\"874\">Laisa Sodr\u00e9<\/strong> e <strong data-start=\"877\" data-end=\"919\">gera\u00e7\u00e3o de conte\u00fado de Pedro Henriques<\/strong>, da <strong data-start=\"924\" data-end=\"939\">INDICCA.COM<\/strong>. A ocasi\u00e3o contou com depoimentos de convidados que compartilharam viv\u00eancias e impress\u00f5es sobre a obra e o tema central: as dores e aprendizados que moldam o ser humano desde os primeiros anos de vida.<\/p>\n<hr data-start=\"1145\" data-end=\"1148\" \/>\n<h3 data-start=\"1150\" data-end=\"1184\"><strong data-start=\"1154\" data-end=\"1184\">Um tema que toca o cora\u00e7\u00e3o<\/strong><\/h3>\n<p data-start=\"1186\" data-end=\"1361\">Logo no in\u00edcio da conversa, a professora <strong data-start=\"1227\" data-end=\"1246\">Roberta Cardoso<\/strong>, coautora da obra, destacou que o livro nasceu da necessidade de falar sobre sentimentos muitas vezes guardados.<\/p>\n<blockquote data-start=\"1362\" data-end=\"1525\">\n<p data-start=\"1364\" data-end=\"1525\">\u201cNem sempre a dor da inf\u00e2ncia \u00e9 f\u00edsica. \u00c0s vezes, \u00e9 aquela que a gente carrega na alma, e precisa ser olhada com carinho e responsabilidade\u201d, explicou Roberta.<\/p>\n<\/blockquote>\n<p data-start=\"1527\" data-end=\"1798\">Ela lembrou que <em data-start=\"1543\" data-end=\"1568\">\u201cQuando a Inf\u00e2ncia D\u00f3i\u201d<\/em> surgiu como um projeto de conex\u00e3o entre educadores, terapeutas e escritores. A proposta \u00e9 criar um espa\u00e7o de escuta e acolhimento para quem deseja revisitar a pr\u00f3pria hist\u00f3ria e, com isso, fortalecer la\u00e7os familiares e sociais.<\/p>\n<hr data-start=\"1800\" data-end=\"1803\" \/>\n<h3 data-start=\"1805\" data-end=\"1834\"><strong data-start=\"1809\" data-end=\"1834\">Depoimentos marcantes<\/strong><\/h3>\n<p data-start=\"1836\" data-end=\"2020\">O rep\u00f3rter <strong data-start=\"1847\" data-end=\"1856\">Sodr\u00e9<\/strong> conversou com diversos participantes que ressaltaram a import\u00e2ncia do tema. O <strong data-start=\"1935\" data-end=\"1962\">Sargento Eribaldo Filho<\/strong> emocionou o p\u00fablico ao relatar sua experi\u00eancia pessoal:<\/p>\n<blockquote data-start=\"2021\" data-end=\"2201\">\n<p data-start=\"2023\" data-end=\"2201\">\u201cEssa noite foi um presente. A Roberta nos lembrou que n\u00e3o devemos deixar o mundo educar nossos filhos. Cabe a n\u00f3s, pais e m\u00e3es, abra\u00e7\u00e1-los e mostrar o amor que eles precisam.\u201d<\/p>\n<\/blockquote>\n<p data-start=\"2203\" data-end=\"2263\">A professora <strong data-start=\"2216\" data-end=\"2233\">Izabel Vieira<\/strong> tamb\u00e9m trouxe uma reflex\u00e3o:<\/p>\n<blockquote data-start=\"2264\" data-end=\"2418\">\n<p data-start=\"2266\" data-end=\"2418\">\u201cMinha inf\u00e2ncia foi tranquila, mas aprendi o quanto \u00e9 importante respeitar o outro e valorizar o bom conv\u00edvio. Cada fase da vida tem seu aprendizado.\u201d<\/p>\n<\/blockquote>\n<p data-start=\"2420\" data-end=\"2542\">J\u00e1 a <strong data-start=\"2425\" data-end=\"2453\">professora Luiza Carrara<\/strong> destacou a import\u00e2ncia da educa\u00e7\u00e3o afetiva e da escuta na forma\u00e7\u00e3o das novas gera\u00e7\u00f5es:<\/p>\n<blockquote data-start=\"2543\" data-end=\"2650\">\n<p data-start=\"2545\" data-end=\"2650\">\u201cQuando a gente escuta, a gente acolhe. E isso faz diferen\u00e7a dentro de casa, na escola e na sociedade.\u201d<\/p>\n<\/blockquote>\n<p data-start=\"2652\" data-end=\"2757\">O empres\u00e1rio <strong data-start=\"2665\" data-end=\"2683\">Ronaldo Mazzei<\/strong> elogiou o trabalho coletivo dos autores e a profundidade das mensagens:<\/p>\n<blockquote data-start=\"2758\" data-end=\"2913\">\n<p data-start=\"2760\" data-end=\"2913\">\u201cO livro \u00e9 um convite \u00e0 reflex\u00e3o sobre o papel da fam\u00edlia e da comunidade na forma\u00e7\u00e3o emocional das crian\u00e7as. Foi uma noite muito rica para todos n\u00f3s.\u201d<\/p>\n<\/blockquote>\n<hr data-start=\"2915\" data-end=\"2918\" \/>\n<h3 data-start=\"2920\" data-end=\"2992\"><strong data-start=\"2924\" data-end=\"2992\">Pedro Henriques e a comunica\u00e7\u00e3o como ferramenta de transforma\u00e7\u00e3o<\/strong><\/h3>\n<p data-start=\"2994\" data-end=\"3146\">Durante a entrevista, <strong data-start=\"3016\" data-end=\"3035\">Pedro Henriques<\/strong>, da <strong data-start=\"3040\" data-end=\"3055\">INDICCA.COM<\/strong>, destacou o papel da comunica\u00e7\u00e3o no desenvolvimento humano e nas rela\u00e7\u00f5es interpessoais.<\/p>\n<blockquote data-start=\"3147\" data-end=\"3343\">\n<p data-start=\"3149\" data-end=\"3343\">\u201cA comunica\u00e7\u00e3o \u00e9 um processo de pertencimento. Quando escutamos e damos espa\u00e7o ao outro, criamos la\u00e7os e fortalecemos o coletivo. Isso vale para as empresas, para as escolas e para a fam\u00edlia.\u201d<\/p>\n<\/blockquote>\n<p data-start=\"3345\" data-end=\"3474\">Ele tamb\u00e9m ressaltou a import\u00e2ncia de eventos que aproximam a comunidade e promovem o di\u00e1logo sobre temas sociais e educativos:<\/p>\n<blockquote data-start=\"3475\" data-end=\"3574\">\n<p data-start=\"3477\" data-end=\"3574\">\u201cMomentos como este nos lembram que o aprendizado \u00e9 cont\u00ednuo e que a empatia come\u00e7a na escuta.\u201d<\/p>\n<\/blockquote>\n<hr data-start=\"3576\" data-end=\"3579\" \/>\n<h3 data-start=\"3581\" data-end=\"3611\"><strong data-start=\"3585\" data-end=\"3611\">Reflex\u00f5es que inspiram<\/strong><\/h3>\n<p data-start=\"3613\" data-end=\"3762\">O presidente da Loja Ma\u00e7\u00f4nica, <strong data-start=\"3644\" data-end=\"3671\">Paulo Bragato Tartaglia<\/strong>, anfitri\u00e3o do evento, agradeceu a presen\u00e7a de todos e destacou a relev\u00e2ncia do encontro:<\/p>\n<blockquote data-start=\"3763\" data-end=\"3911\">\n<p data-start=\"3765\" data-end=\"3911\">\u201cEventos assim aproximam pessoas, despertam consci\u00eancia e fortalecem valores. Foi uma honra receber a professora Roberta e todos os convidados.\u201d<\/p>\n<\/blockquote>\n<p data-start=\"3913\" data-end=\"4019\">A <strong data-start=\"3915\" data-end=\"3935\">Martinha Gomides<\/strong>, que tamb\u00e9m acompanhou o evento, ressaltou o poder da obra em despertar mem\u00f3rias:<\/p>\n<blockquote data-start=\"4020\" data-end=\"4138\">\n<p data-start=\"4022\" data-end=\"4138\">\u201cCada hist\u00f3ria do livro faz a gente olhar para dentro e entender que \u00e9 poss\u00edvel transformar a dor em aprendizado.\u201d<\/p>\n<\/blockquote>\n<hr data-start=\"4140\" data-end=\"4143\" \/>\n<h3 data-start=\"4145\" data-end=\"4173\"><strong data-start=\"4149\" data-end=\"4173\">De Ub\u00e1 para o Brasil<\/strong><\/h3>\n<p data-start=\"4175\" data-end=\"4444\">O livro <em data-start=\"4183\" data-end=\"4208\">\u201cQuando a Inf\u00e2ncia D\u00f3i\u201d<\/em> j\u00e1 \u00e9 reconhecido como um dos projetos liter\u00e1rios mais sens\u00edveis sobre o tema no pa\u00eds. Com autores de v\u00e1rios estados, a colet\u00e2nea traz relatos reais e reflex\u00f5es que incentivam o acolhimento emocional dentro das fam\u00edlias e das escolas.<\/p>\n<blockquote data-start=\"4446\" data-end=\"4602\">\n<p data-start=\"4448\" data-end=\"4602\">\u201c\u00c9 um livro para todos\u201d, destacou Roberta Cardoso. \u201cFala da inf\u00e2ncia, mas tamb\u00e9m do adulto que ainda precisa cuidar da crian\u00e7a que existe dentro de si.\u201d<\/p>\n<\/blockquote>\n<hr data-start=\"4604\" data-end=\"4607\" \/>\n<h3 data-start=\"4609\" data-end=\"4661\"><strong data-start=\"4613\" data-end=\"4661\">Convite especial para a Feira Multissetorial<\/strong><\/h3>\n<p data-start=\"4663\" data-end=\"4869\">Ao final da reportagem, <strong data-start=\"4687\" data-end=\"4711\">Carlos Roberto Sodr\u00e9<\/strong> fez um convite ao p\u00fablico para visitar a <strong data-start=\"4753\" data-end=\"4784\">Feira Multissetorial de Ub\u00e1<\/strong>, que come\u00e7a nesta <strong data-start=\"4803\" data-end=\"4834\">quarta-feira, 5 de novembro<\/strong>, e segue at\u00e9 <strong data-start=\"4848\" data-end=\"4866\">domingo, dia 9<\/strong>.<\/p>\n<p data-start=\"4871\" data-end=\"5012\">O evento, promovido pela <strong data-start=\"4896\" data-end=\"4949\">Associa\u00e7\u00e3o Comercial e Industrial de Ub\u00e1 (ACIUB\u00c1)<\/strong>, promete cinco dias de neg\u00f3cios, networking e oportunidades.<\/p>\n<blockquote data-start=\"5013\" data-end=\"5107\">\n<p data-start=\"5015\" data-end=\"5107\">\u201cVai ser um momento de conex\u00f5es e fortalecimento da nossa economia local\u201d, destacou Sodr\u00e9.<\/p>\n<\/blockquote>\n<p><iframe title=\"Fala Sodr\u00e9: a professora Roberta Cardoso apresenta o livro Quando A Inf\u00e2ncia D\u00f3i 04\/11\/2025\" width=\"840\" height=\"473\" data-src=\"https:\/\/www.youtube.com\/embed\/kJOtvKiCfMQ?feature=oembed\" frameborder=\"0\" allow=\"accelerometer; autoplay; clipboard-write; encrypted-media; gyroscope; picture-in-picture; web-share\" referrerpolicy=\"strict-origin-when-cross-origin\" allowfullscreen src=\"data:image\/svg+xml;base64,PHN2ZyB3aWR0aD0iMSIgaGVpZ2h0PSIxIiB4bWxucz0iaHR0cDovL3d3dy53My5vcmcvMjAwMC9zdmciPjwvc3ZnPg==\" class=\"lazyload\" data-load-mode=\"1\"><\/iframe><\/p>\n<p>&nbsp;<\/p>\n<p style=\"margin: 0in; font-size: 20.0pt;\"><span style=\"font-family: 'Segoe UI Emoji';\">&#x1f4da; <\/span><span style=\"font-weight: bold; font-family: Calibri;\">Cobertura:<\/span><span style=\"font-family: Calibri;\"> Carlos Roberto Sodr\u00e9 <\/span><a href=\"https:\/\/wa.me\/553298481334\"><span style=\"font-family: Calibri;\">WhatsApp<\/span><\/a><\/p>\n<p style=\"margin: 0in; font-size: 20.0pt;\"><span style=\"font-family: 'Segoe UI Emoji';\">&#x1f4f8; <\/span><span style=\"font-weight: bold; font-family: Calibri;\">Imagens:<\/span><span style=\"font-family: Calibri;\"> Laisa Sodr\u00e9<\/span><\/p>\n<p style=\"margin: 0in; font-size: 20.0pt;\"><span style=\"font-family: 'Segoe UI Emoji';\">&#x1f4dd; <\/span><span style=\"font-weight: bold; font-family: Calibri;\">Conte\u00fado: <\/span><a href=\"https:\/\/www.linkedin.com\/in\/pedrohgf\/\"><span style=\"font-family: Calibri;\">Pedro Henriques<\/span><\/a><span style=\"font-family: Calibri;\"> \u2013 <\/span><a href=\"https:\/\/indicca.com.br\/blog\/\"><span style=\"font-family: Calibri;\">INDICCA.COM<\/span><\/a><span style=\"font-family: Calibri;\">\u00a0 <\/span><a href=\"https:\/\/wa.me\/5532988020057\"><span style=\"font-family: Calibri;\">WhatsApp<\/span><\/a><\/p>\n<p style=\"margin: 0in; font-size: 20.0pt;\"><span style=\"font-family: 'Segoe UI Emoji';\">&#x1f393; <\/span><span style=\"font-weight: bold; font-family: Calibri;\">Evento: Professora Roberta Cardoso apresenta o livro \u201cQuando a Inf\u00e2ncia D\u00f3i\u201d<\/span><\/p>\n<p data-start=\"5015\" data-end=\"5107\">\n","protected":false},"excerpt":{"rendered":"<p>Professora Roberta Cardoso apresenta o livro \u201cQuando a Inf\u00e2ncia D\u00f3i\u201d<\/p>\n","protected":false},"author":4,"featured_media":23331,"comment_status":"open","ping_status":"open","sticky":false,"template":"","format":"standard","meta":{"footnotes":""},"categories":[1,3],"tags":[59,216,217,60],"class_list":["post-23330","post","type-post","status-publish","format-standard","has-post-thumbnail","hentry","category-sem-categoria","category-slide","tag-fala-sodre","tag-quando-a-infancia-doi","tag-roberta-cardoso","tag-ubanews"],"yoast_head":"<!-- This site is optimized with the Yoast SEO plugin v27.2 - https:\/\/yoast.com\/product\/yoast-seo-wordpress\/ -->\n<title>Professora Roberta Cardoso apresenta o livro \u201cQuando a Inf\u00e2ncia D\u00f3i\u201d - Ub\u00e1 News<\/title>\n<meta name=\"description\" content=\"Professora Roberta Cardoso apresenta o livro \u201cQuando a Inf\u00e2ncia D\u00f3i\u201d em evento marcado por emo\u00e7\u00e3o e reflex\u00f5es.\" \/>\n<meta name=\"robots\" content=\"index, follow, max-snippet:-1, max-image-preview:large, max-video-preview:-1\" \/>\n<link rel=\"canonical\" href=\"https:\/\/ubanews.com\/site\/2025\/11\/05\/professora-roberta-cardoso-apresenta-o-livro-quando-a-infancia-doi\/\" \/>\n<meta property=\"og:locale\" content=\"pt_BR\" \/>\n<meta property=\"og:type\" content=\"article\" \/>\n<meta property=\"og:title\" content=\"Professora Roberta Cardoso apresenta o livro \u201cQuando a Inf\u00e2ncia D\u00f3i\u201d - Ub\u00e1 News\" \/>\n<meta property=\"og:description\" content=\"Professora Roberta Cardoso apresenta o livro \u201cQuando a Inf\u00e2ncia D\u00f3i\u201d em evento marcado por emo\u00e7\u00e3o e reflex\u00f5es.\" \/>\n<meta property=\"og:url\" content=\"https:\/\/ubanews.com\/site\/2025\/11\/05\/professora-roberta-cardoso-apresenta-o-livro-quando-a-infancia-doi\/\" \/>\n<meta property=\"og:site_name\" content=\"Ub\u00e1 News\" \/>\n<meta property=\"article:publisher\" content=\"https:\/\/www.facebook.com\/Ub%c3%a1News-Carlos-Roberto-Sodr%c3%a9-418778301977370\" \/>\n<meta property=\"article:published_time\" content=\"2025-11-05T11:27:11+00:00\" \/>\n<meta property=\"article:modified_time\" content=\"2025-11-05T11:52:10+00:00\" \/>\n<meta property=\"og:image\" content=\"https:\/\/ubanews.com\/site\/wp-content\/uploads\/2025\/11\/Quando-a-Infancia-Doi-Roberta-Cardoso-Co-Autora-do-Livro-falou-com-no-Fala-Sodre.jpg\" \/>\n\t<meta property=\"og:image:width\" content=\"1010\" \/>\n\t<meta property=\"og:image:height\" content=\"564\" \/>\n\t<meta property=\"og:image:type\" content=\"image\/jpeg\" \/>\n<meta name=\"author\" content=\"Carlos Roberto Sodr\u00e9\" \/>\n<meta name=\"twitter:card\" content=\"summary_large_image\" \/>\n<meta name=\"twitter:label1\" content=\"Escrito por\" \/>\n\t<meta name=\"twitter:data1\" content=\"Carlos Roberto Sodr\u00e9\" \/>\n\t<meta name=\"twitter:label2\" content=\"Est. tempo de leitura\" \/>\n\t<meta name=\"twitter:data2\" content=\"4 minutos\" \/>\n<script type=\"application\/ld+json\" class=\"yoast-schema-graph\">{\"@context\":\"https:\/\/schema.org\",\"@graph\":[{\"@type\":\"Article\",\"@id\":\"https:\/\/ubanews.com\/site\/2025\/11\/05\/professora-roberta-cardoso-apresenta-o-livro-quando-a-infancia-doi\/#article\",\"isPartOf\":{\"@id\":\"https:\/\/ubanews.com\/site\/2025\/11\/05\/professora-roberta-cardoso-apresenta-o-livro-quando-a-infancia-doi\/\"},\"author\":{\"name\":\"Carlos Roberto Sodr\u00e9\",\"@id\":\"https:\/\/ubanews.com\/site\/#\/schema\/person\/9d8da9ec3c8d00640ab6e8c81e103310\"},\"headline\":\"Professora Roberta Cardoso apresenta o livro \u201cQuando a Inf\u00e2ncia D\u00f3i\u201d\",\"datePublished\":\"2025-11-05T11:27:11+00:00\",\"dateModified\":\"2025-11-05T11:52:10+00:00\",\"mainEntityOfPage\":{\"@id\":\"https:\/\/ubanews.com\/site\/2025\/11\/05\/professora-roberta-cardoso-apresenta-o-livro-quando-a-infancia-doi\/\"},\"wordCount\":886,\"commentCount\":0,\"publisher\":{\"@id\":\"https:\/\/ubanews.com\/site\/#organization\"},\"image\":{\"@id\":\"https:\/\/ubanews.com\/site\/2025\/11\/05\/professora-roberta-cardoso-apresenta-o-livro-quando-a-infancia-doi\/#primaryimage\"},\"thumbnailUrl\":\"https:\/\/ubanews.com\/site\/wp-content\/uploads\/2025\/11\/Quando-a-Infancia-Doi-Roberta-Cardoso-Co-Autora-do-Livro-falou-com-no-Fala-Sodre.jpg\",\"keywords\":[\"Fala Sodr\u00e9\",\"Quando a inf\u00e2ncia do\u00ed\",\"Roberta Cardoso\",\"UBANEWS\"],\"articleSection\":[\"Geral\",\"Slide\"],\"inLanguage\":\"pt-BR\",\"potentialAction\":[{\"@type\":\"CommentAction\",\"name\":\"Comment\",\"target\":[\"https:\/\/ubanews.com\/site\/2025\/11\/05\/professora-roberta-cardoso-apresenta-o-livro-quando-a-infancia-doi\/#respond\"]}]},{\"@type\":\"WebPage\",\"@id\":\"https:\/\/ubanews.com\/site\/2025\/11\/05\/professora-roberta-cardoso-apresenta-o-livro-quando-a-infancia-doi\/\",\"url\":\"https:\/\/ubanews.com\/site\/2025\/11\/05\/professora-roberta-cardoso-apresenta-o-livro-quando-a-infancia-doi\/\",\"name\":\"Professora Roberta Cardoso apresenta o livro \u201cQuando a Inf\u00e2ncia D\u00f3i\u201d - Ub\u00e1 News\",\"isPartOf\":{\"@id\":\"https:\/\/ubanews.com\/site\/#website\"},\"primaryImageOfPage\":{\"@id\":\"https:\/\/ubanews.com\/site\/2025\/11\/05\/professora-roberta-cardoso-apresenta-o-livro-quando-a-infancia-doi\/#primaryimage\"},\"image\":{\"@id\":\"https:\/\/ubanews.com\/site\/2025\/11\/05\/professora-roberta-cardoso-apresenta-o-livro-quando-a-infancia-doi\/#primaryimage\"},\"thumbnailUrl\":\"https:\/\/ubanews.com\/site\/wp-content\/uploads\/2025\/11\/Quando-a-Infancia-Doi-Roberta-Cardoso-Co-Autora-do-Livro-falou-com-no-Fala-Sodre.jpg\",\"datePublished\":\"2025-11-05T11:27:11+00:00\",\"dateModified\":\"2025-11-05T11:52:10+00:00\",\"description\":\"Professora Roberta Cardoso apresenta o livro \u201cQuando a Inf\u00e2ncia D\u00f3i\u201d em evento marcado por emo\u00e7\u00e3o e reflex\u00f5es.\",\"breadcrumb\":{\"@id\":\"https:\/\/ubanews.com\/site\/2025\/11\/05\/professora-roberta-cardoso-apresenta-o-livro-quando-a-infancia-doi\/#breadcrumb\"},\"inLanguage\":\"pt-BR\",\"potentialAction\":[{\"@type\":\"ReadAction\",\"target\":[\"https:\/\/ubanews.com\/site\/2025\/11\/05\/professora-roberta-cardoso-apresenta-o-livro-quando-a-infancia-doi\/\"]}]},{\"@type\":\"ImageObject\",\"inLanguage\":\"pt-BR\",\"@id\":\"https:\/\/ubanews.com\/site\/2025\/11\/05\/professora-roberta-cardoso-apresenta-o-livro-quando-a-infancia-doi\/#primaryimage\",\"url\":\"https:\/\/ubanews.com\/site\/wp-content\/uploads\/2025\/11\/Quando-a-Infancia-Doi-Roberta-Cardoso-Co-Autora-do-Livro-falou-com-no-Fala-Sodre.jpg\",\"contentUrl\":\"https:\/\/ubanews.com\/site\/wp-content\/uploads\/2025\/11\/Quando-a-Infancia-Doi-Roberta-Cardoso-Co-Autora-do-Livro-falou-com-no-Fala-Sodre.jpg\",\"width\":1010,\"height\":564,\"caption\":\"Roberta Cardoso fala com o Sodr\u00e9\"},{\"@type\":\"BreadcrumbList\",\"@id\":\"https:\/\/ubanews.com\/site\/2025\/11\/05\/professora-roberta-cardoso-apresenta-o-livro-quando-a-infancia-doi\/#breadcrumb\",\"itemListElement\":[{\"@type\":\"ListItem\",\"position\":1,\"name\":\"Home\",\"item\":\"https:\/\/ubanews.com\/site\/\"},{\"@type\":\"ListItem\",\"position\":2,\"name\":\"Professora Roberta Cardoso apresenta o livro \u201cQuando a Inf\u00e2ncia D\u00f3i\u201d\"}]},{\"@type\":\"WebSite\",\"@id\":\"https:\/\/ubanews.com\/site\/#website\",\"url\":\"https:\/\/ubanews.com\/site\/\",\"name\":\"Ub\u00e1 News\",\"description\":\"\",\"publisher\":{\"@id\":\"https:\/\/ubanews.com\/site\/#organization\"},\"potentialAction\":[{\"@type\":\"SearchAction\",\"target\":{\"@type\":\"EntryPoint\",\"urlTemplate\":\"https:\/\/ubanews.com\/site\/?s={search_term_string}\"},\"query-input\":{\"@type\":\"PropertyValueSpecification\",\"valueRequired\":true,\"valueName\":\"search_term_string\"}}],\"inLanguage\":\"pt-BR\"},{\"@type\":\"Organization\",\"@id\":\"https:\/\/ubanews.com\/site\/#organization\",\"name\":\"Ub\u00e1 News\",\"url\":\"https:\/\/ubanews.com\/site\/\",\"logo\":{\"@type\":\"ImageObject\",\"inLanguage\":\"pt-BR\",\"@id\":\"https:\/\/ubanews.com\/site\/#\/schema\/logo\/image\/\",\"url\":\"https:\/\/ubanews.com\/site\/wp-content\/uploads\/2018\/01\/logoubanews.png\",\"contentUrl\":\"https:\/\/ubanews.com\/site\/wp-content\/uploads\/2018\/01\/logoubanews.png\",\"width\":261,\"height\":99,\"caption\":\"Ub\u00e1 News\"},\"image\":{\"@id\":\"https:\/\/ubanews.com\/site\/#\/schema\/logo\/image\/\"},\"sameAs\":[\"https:\/\/www.facebook.com\/Ub\u00e1News-Carlos-Roberto-Sodr\u00e9-418778301977370\"]},{\"@type\":\"Person\",\"@id\":\"https:\/\/ubanews.com\/site\/#\/schema\/person\/9d8da9ec3c8d00640ab6e8c81e103310\",\"name\":\"Carlos Roberto Sodr\u00e9\",\"image\":{\"@type\":\"ImageObject\",\"inLanguage\":\"pt-BR\",\"@id\":\"https:\/\/secure.gravatar.com\/avatar\/aab322e8555b56c468614fafdab8a8f924e394cdc6cfd8232f77e9e4d123a133?s=96&d=mm&r=g\",\"url\":\"https:\/\/secure.gravatar.com\/avatar\/aab322e8555b56c468614fafdab8a8f924e394cdc6cfd8232f77e9e4d123a133?s=96&d=mm&r=g\",\"contentUrl\":\"https:\/\/secure.gravatar.com\/avatar\/aab322e8555b56c468614fafdab8a8f924e394cdc6cfd8232f77e9e4d123a133?s=96&d=mm&r=g\",\"caption\":\"Carlos Roberto Sodr\u00e9\"},\"url\":\"https:\/\/ubanews.com\/site\/author\/sodre\/\"}]}<\/script>\n<!-- \/ Yoast SEO plugin. -->","yoast_head_json":{"title":"Professora Roberta Cardoso apresenta o livro \u201cQuando a Inf\u00e2ncia D\u00f3i\u201d - Ub\u00e1 News","description":"Professora Roberta Cardoso apresenta o livro \u201cQuando a Inf\u00e2ncia D\u00f3i\u201d em evento marcado por emo\u00e7\u00e3o e reflex\u00f5es.","robots":{"index":"index","follow":"follow","max-snippet":"max-snippet:-1","max-image-preview":"max-image-preview:large","max-video-preview":"max-video-preview:-1"},"canonical":"https:\/\/ubanews.com\/site\/2025\/11\/05\/professora-roberta-cardoso-apresenta-o-livro-quando-a-infancia-doi\/","og_locale":"pt_BR","og_type":"article","og_title":"Professora Roberta Cardoso apresenta o livro \u201cQuando a Inf\u00e2ncia D\u00f3i\u201d - Ub\u00e1 News","og_description":"Professora Roberta Cardoso apresenta o livro \u201cQuando a Inf\u00e2ncia D\u00f3i\u201d em evento marcado por emo\u00e7\u00e3o e reflex\u00f5es.","og_url":"https:\/\/ubanews.com\/site\/2025\/11\/05\/professora-roberta-cardoso-apresenta-o-livro-quando-a-infancia-doi\/","og_site_name":"Ub\u00e1 News","article_publisher":"https:\/\/www.facebook.com\/Ub%c3%a1News-Carlos-Roberto-Sodr%c3%a9-418778301977370","article_published_time":"2025-11-05T11:27:11+00:00","article_modified_time":"2025-11-05T11:52:10+00:00","og_image":[{"width":1010,"height":564,"url":"https:\/\/ubanews.com\/site\/wp-content\/uploads\/2025\/11\/Quando-a-Infancia-Doi-Roberta-Cardoso-Co-Autora-do-Livro-falou-com-no-Fala-Sodre.jpg","type":"image\/jpeg"}],"author":"Carlos Roberto Sodr\u00e9","twitter_card":"summary_large_image","twitter_misc":{"Escrito por":"Carlos Roberto Sodr\u00e9","Est. tempo de leitura":"4 minutos"},"schema":{"@context":"https:\/\/schema.org","@graph":[{"@type":"Article","@id":"https:\/\/ubanews.com\/site\/2025\/11\/05\/professora-roberta-cardoso-apresenta-o-livro-quando-a-infancia-doi\/#article","isPartOf":{"@id":"https:\/\/ubanews.com\/site\/2025\/11\/05\/professora-roberta-cardoso-apresenta-o-livro-quando-a-infancia-doi\/"},"author":{"name":"Carlos Roberto Sodr\u00e9","@id":"https:\/\/ubanews.com\/site\/#\/schema\/person\/9d8da9ec3c8d00640ab6e8c81e103310"},"headline":"Professora Roberta Cardoso apresenta o livro \u201cQuando a Inf\u00e2ncia D\u00f3i\u201d","datePublished":"2025-11-05T11:27:11+00:00","dateModified":"2025-11-05T11:52:10+00:00","mainEntityOfPage":{"@id":"https:\/\/ubanews.com\/site\/2025\/11\/05\/professora-roberta-cardoso-apresenta-o-livro-quando-a-infancia-doi\/"},"wordCount":886,"commentCount":0,"publisher":{"@id":"https:\/\/ubanews.com\/site\/#organization"},"image":{"@id":"https:\/\/ubanews.com\/site\/2025\/11\/05\/professora-roberta-cardoso-apresenta-o-livro-quando-a-infancia-doi\/#primaryimage"},"thumbnailUrl":"https:\/\/ubanews.com\/site\/wp-content\/uploads\/2025\/11\/Quando-a-Infancia-Doi-Roberta-Cardoso-Co-Autora-do-Livro-falou-com-no-Fala-Sodre.jpg","keywords":["Fala Sodr\u00e9","Quando a inf\u00e2ncia do\u00ed","Roberta Cardoso","UBANEWS"],"articleSection":["Geral","Slide"],"inLanguage":"pt-BR","potentialAction":[{"@type":"CommentAction","name":"Comment","target":["https:\/\/ubanews.com\/site\/2025\/11\/05\/professora-roberta-cardoso-apresenta-o-livro-quando-a-infancia-doi\/#respond"]}]},{"@type":"WebPage","@id":"https:\/\/ubanews.com\/site\/2025\/11\/05\/professora-roberta-cardoso-apresenta-o-livro-quando-a-infancia-doi\/","url":"https:\/\/ubanews.com\/site\/2025\/11\/05\/professora-roberta-cardoso-apresenta-o-livro-quando-a-infancia-doi\/","name":"Professora Roberta Cardoso apresenta o livro \u201cQuando a Inf\u00e2ncia D\u00f3i\u201d - Ub\u00e1 News","isPartOf":{"@id":"https:\/\/ubanews.com\/site\/#website"},"primaryImageOfPage":{"@id":"https:\/\/ubanews.com\/site\/2025\/11\/05\/professora-roberta-cardoso-apresenta-o-livro-quando-a-infancia-doi\/#primaryimage"},"image":{"@id":"https:\/\/ubanews.com\/site\/2025\/11\/05\/professora-roberta-cardoso-apresenta-o-livro-quando-a-infancia-doi\/#primaryimage"},"thumbnailUrl":"https:\/\/ubanews.com\/site\/wp-content\/uploads\/2025\/11\/Quando-a-Infancia-Doi-Roberta-Cardoso-Co-Autora-do-Livro-falou-com-no-Fala-Sodre.jpg","datePublished":"2025-11-05T11:27:11+00:00","dateModified":"2025-11-05T11:52:10+00:00","description":"Professora Roberta Cardoso apresenta o livro \u201cQuando a Inf\u00e2ncia D\u00f3i\u201d em evento marcado por emo\u00e7\u00e3o e reflex\u00f5es.","breadcrumb":{"@id":"https:\/\/ubanews.com\/site\/2025\/11\/05\/professora-roberta-cardoso-apresenta-o-livro-quando-a-infancia-doi\/#breadcrumb"},"inLanguage":"pt-BR","potentialAction":[{"@type":"ReadAction","target":["https:\/\/ubanews.com\/site\/2025\/11\/05\/professora-roberta-cardoso-apresenta-o-livro-quando-a-infancia-doi\/"]}]},{"@type":"ImageObject","inLanguage":"pt-BR","@id":"https:\/\/ubanews.com\/site\/2025\/11\/05\/professora-roberta-cardoso-apresenta-o-livro-quando-a-infancia-doi\/#primaryimage","url":"https:\/\/ubanews.com\/site\/wp-content\/uploads\/2025\/11\/Quando-a-Infancia-Doi-Roberta-Cardoso-Co-Autora-do-Livro-falou-com-no-Fala-Sodre.jpg","contentUrl":"https:\/\/ubanews.com\/site\/wp-content\/uploads\/2025\/11\/Quando-a-Infancia-Doi-Roberta-Cardoso-Co-Autora-do-Livro-falou-com-no-Fala-Sodre.jpg","width":1010,"height":564,"caption":"Roberta Cardoso fala com o Sodr\u00e9"},{"@type":"BreadcrumbList","@id":"https:\/\/ubanews.com\/site\/2025\/11\/05\/professora-roberta-cardoso-apresenta-o-livro-quando-a-infancia-doi\/#breadcrumb","itemListElement":[{"@type":"ListItem","position":1,"name":"Home","item":"https:\/\/ubanews.com\/site\/"},{"@type":"ListItem","position":2,"name":"Professora Roberta Cardoso apresenta o livro \u201cQuando a Inf\u00e2ncia D\u00f3i\u201d"}]},{"@type":"WebSite","@id":"https:\/\/ubanews.com\/site\/#website","url":"https:\/\/ubanews.com\/site\/","name":"Ub\u00e1 News","description":"","publisher":{"@id":"https:\/\/ubanews.com\/site\/#organization"},"potentialAction":[{"@type":"SearchAction","target":{"@type":"EntryPoint","urlTemplate":"https:\/\/ubanews.com\/site\/?s={search_term_string}"},"query-input":{"@type":"PropertyValueSpecification","valueRequired":true,"valueName":"search_term_string"}}],"inLanguage":"pt-BR"},{"@type":"Organization","@id":"https:\/\/ubanews.com\/site\/#organization","name":"Ub\u00e1 News","url":"https:\/\/ubanews.com\/site\/","logo":{"@type":"ImageObject","inLanguage":"pt-BR","@id":"https:\/\/ubanews.com\/site\/#\/schema\/logo\/image\/","url":"https:\/\/ubanews.com\/site\/wp-content\/uploads\/2018\/01\/logoubanews.png","contentUrl":"https:\/\/ubanews.com\/site\/wp-content\/uploads\/2018\/01\/logoubanews.png","width":261,"height":99,"caption":"Ub\u00e1 News"},"image":{"@id":"https:\/\/ubanews.com\/site\/#\/schema\/logo\/image\/"},"sameAs":["https:\/\/www.facebook.com\/Ub\u00e1News-Carlos-Roberto-Sodr\u00e9-418778301977370"]},{"@type":"Person","@id":"https:\/\/ubanews.com\/site\/#\/schema\/person\/9d8da9ec3c8d00640ab6e8c81e103310","name":"Carlos Roberto Sodr\u00e9","image":{"@type":"ImageObject","inLanguage":"pt-BR","@id":"https:\/\/secure.gravatar.com\/avatar\/aab322e8555b56c468614fafdab8a8f924e394cdc6cfd8232f77e9e4d123a133?s=96&d=mm&r=g","url":"https:\/\/secure.gravatar.com\/avatar\/aab322e8555b56c468614fafdab8a8f924e394cdc6cfd8232f77e9e4d123a133?s=96&d=mm&r=g","contentUrl":"https:\/\/secure.gravatar.com\/avatar\/aab322e8555b56c468614fafdab8a8f924e394cdc6cfd8232f77e9e4d123a133?s=96&d=mm&r=g","caption":"Carlos Roberto Sodr\u00e9"},"url":"https:\/\/ubanews.com\/site\/author\/sodre\/"}]}},"_links":{"self":[{"href":"https:\/\/ubanews.com\/site\/wp-json\/wp\/v2\/posts\/23330","targetHints":{"allow":["GET"]}}],"collection":[{"href":"https:\/\/ubanews.com\/site\/wp-json\/wp\/v2\/posts"}],"about":[{"href":"https:\/\/ubanews.com\/site\/wp-json\/wp\/v2\/types\/post"}],"author":[{"embeddable":true,"href":"https:\/\/ubanews.com\/site\/wp-json\/wp\/v2\/users\/4"}],"replies":[{"embeddable":true,"href":"https:\/\/ubanews.com\/site\/wp-json\/wp\/v2\/comments?post=23330"}],"version-history":[{"count":0,"href":"https:\/\/ubanews.com\/site\/wp-json\/wp\/v2\/posts\/23330\/revisions"}],"wp:featuredmedia":[{"embeddable":true,"href":"https:\/\/ubanews.com\/site\/wp-json\/wp\/v2\/media\/23331"}],"wp:attachment":[{"href":"https:\/\/ubanews.com\/site\/wp-json\/wp\/v2\/media?parent=23330"}],"wp:term":[{"taxonomy":"category","embeddable":true,"href":"https:\/\/ubanews.com\/site\/wp-json\/wp\/v2\/categories?post=23330"},{"taxonomy":"post_tag","embeddable":true,"href":"https:\/\/ubanews.com\/site\/wp-json\/wp\/v2\/tags?post=23330"}],"curies":[{"name":"wp","href":"https:\/\/api.w.org\/{rel}","templated":true}]}}