{"id":23328,"date":"2025-11-05T07:55:42","date_gmt":"2025-11-05T10:55:42","guid":{"rendered":"https:\/\/ubanews.com\/site\/?p=23328"},"modified":"2025-11-05T07:56:55","modified_gmt":"2025-11-05T10:56:55","slug":"policia-civil-de-minas-gerais-realiza-operacao-exodo-e-desarticula-celula-do-comando-vermelho","status":"publish","type":"post","link":"https:\/\/ubanews.com\/site\/2025\/11\/05\/policia-civil-de-minas-gerais-realiza-operacao-exodo-e-desarticula-celula-do-comando-vermelho\/","title":{"rendered":"Pol\u00edcia Civil de Minas Gerais realiza Opera\u00e7\u00e3o \u00caxodo e desarticula c\u00e9lula do Comando Vermelho"},"content":{"rendered":"<p>Pol\u00edcia Civil de Minas Gerais realiza Opera\u00e7\u00e3o \u00caxodo e desarticula c\u00e9lula do Comando Vermelho. Cumprimentos de busca e apreens\u00e3o e de pris\u00e3o foram realizados em munic\u00edpios da Zona da Mata e no litoral do Rio de Janeiro.<\/p>\n<h2>Pol\u00edcia Civil de Minas Gerais realiza Opera\u00e7\u00e3o \u00caxodo e desarticula c\u00e9lula do Comando Vermelho<\/h2>\n<p><img decoding=\"async\" class=\"aligncenter size-medium wp-image-23329 lazyload\" data-src=\"https:\/\/ubanews.com\/site\/wp-content\/uploads\/2025\/11\/Fato-Policial-300x110.jpg\" alt=\"Fato Policial Fala Sodr\u00e9 \" width=\"300\" height=\"110\" data-srcset=\"https:\/\/ubanews.com\/site\/wp-content\/uploads\/2025\/11\/Fato-Policial-300x110.jpg 300w, https:\/\/ubanews.com\/site\/wp-content\/uploads\/2025\/11\/Fato-Policial-1024x377.jpg 1024w, https:\/\/ubanews.com\/site\/wp-content\/uploads\/2025\/11\/Fato-Policial-768x282.jpg 768w, https:\/\/ubanews.com\/site\/wp-content\/uploads\/2025\/11\/Fato-Policial-1536x565.jpg 1536w, https:\/\/ubanews.com\/site\/wp-content\/uploads\/2025\/11\/Fato-Policial.jpg 1637w\" data-sizes=\"(max-width: 300px) 100vw, 300px\" src=\"data:image\/svg+xml;base64,PHN2ZyB3aWR0aD0iMSIgaGVpZ2h0PSIxIiB4bWxucz0iaHR0cDovL3d3dy53My5vcmcvMjAwMC9zdmciPjwvc3ZnPg==\" style=\"--smush-placeholder-width: 300px; --smush-placeholder-aspect-ratio: 300\/110;\" \/><\/p>\n<p>Nesta ter\u00e7a-feira (04), a Pol\u00edcia Civil de Minas Gerais (PCMG) deflagrou a Opera\u00e7\u00e3o \u00caxodo, com o objetivo de desarticular uma c\u00e9lula do Comando Vermelho (CV) envolvida em lavagem de dinheiro, agiotagem e tr\u00e1fico de drogas, com atua\u00e7\u00e3o em Minas Gerais e no litoral do Rio de Janeiro.<br \/>\nA investiga\u00e7\u00e3o, conduzida pelo N\u00facleo Regional de Intelig\u00eancia da 1\u00aa Delegacia Regional de Juiz de Fora, \u00e9 um desdobramento da Opera\u00e7\u00e3o G\u00eanesis (2024) e revelou movimenta\u00e7\u00f5es financeiras superiores a R$ 30 milh\u00f5es, al\u00e9m do uso de empresas de fachada e ve\u00edculos clonados para financiar atividades il\u00edcitas e crimes violentos.<br \/>\nDurante o cumprimento de 24 mandados de busca e apreens\u00e3o e 10 mandados de pris\u00e3o preventiva nas cidades de Juiz de Fora e Ub\u00e1 (MG), al\u00e9m de Arraial do Cabo e Cabo Frio (RJ), a opera\u00e7\u00e3o contou com o apoio da CORE\/MG e do Canil da Pol\u00edcia Civil, alcan\u00e7ando os seguintes resultados parciais:<br \/>\n7 pessoas presas (quatro homens e duas mulheres);<br \/>\n3 armas de fogo apreendidas (duas no RJ e uma em Juiz de Fora);<br \/>\n2 simulacros de pistola;<br \/>\ndrogas;<br \/>\nve\u00edculos;<br \/>\n2 lanchas e 3 jet skis;<br \/>\nR$ 21 mil em esp\u00e9cie apreendidos em Ub\u00e1 (MG).<br \/>\nAs equipes permanecem nas ruas para o cumprimento das demais pris\u00f5es.<br \/>\nA Opera\u00e7\u00e3o \u00caxodo representa um duro golpe na estrutura financeira e log\u00edstica do Comando Vermelho, reafirmando o compromisso da Pol\u00edcia Civil de Minas Gerais no combate ao crime organizado e \u00e0 expans\u00e3o de fac\u00e7\u00f5es interestaduais.<\/p>\n","protected":false},"excerpt":{"rendered":"<p>Pol\u00edcia Civil de Minas Gerais realiza Opera\u00e7\u00e3o \u00caxodo e desarticula<\/p>\n","protected":false},"author":4,"featured_media":23329,"comment_status":"open","ping_status":"open","sticky":false,"template":"","format":"standard","meta":{"footnotes":""},"categories":[1],"tags":[215,59,107,60],"class_list":["post-23328","post","type-post","status-publish","format-standard","has-post-thumbnail","hentry","category-sem-categoria","tag-comando-vermelho","tag-fala-sodre","tag-policia-civil","tag-ubanews"],"yoast_head":"<!-- This site is optimized with the Yoast SEO plugin v27.2 - https:\/\/yoast.com\/product\/yoast-seo-wordpress\/ -->\n<title>Pol\u00edcia Civil de Minas Gerais realiza Opera\u00e7\u00e3o \u00caxodo e desarticula c\u00e9lula do Comando Vermelho - Ub\u00e1 News<\/title>\n<meta name=\"description\" content=\"Pol\u00edcia Civil de Minas Gerais realiza Opera\u00e7\u00e3o \u00caxodo e desarticula c\u00e9lula do Comando Vermelho. Cumprimentos de busca e apreens\u00e3o e de pris\u00e3o.\" \/>\n<meta name=\"robots\" content=\"index, follow, max-snippet:-1, max-image-preview:large, max-video-preview:-1\" \/>\n<link rel=\"canonical\" href=\"https:\/\/ubanews.com\/site\/2025\/11\/05\/policia-civil-de-minas-gerais-realiza-operacao-exodo-e-desarticula-celula-do-comando-vermelho\/\" \/>\n<meta property=\"og:locale\" content=\"pt_BR\" \/>\n<meta property=\"og:type\" content=\"article\" \/>\n<meta property=\"og:title\" content=\"Pol\u00edcia Civil de Minas Gerais realiza Opera\u00e7\u00e3o \u00caxodo e desarticula c\u00e9lula do Comando Vermelho - Ub\u00e1 News\" \/>\n<meta property=\"og:description\" content=\"Pol\u00edcia Civil de Minas Gerais realiza Opera\u00e7\u00e3o \u00caxodo e desarticula c\u00e9lula do Comando Vermelho. Cumprimentos de busca e apreens\u00e3o e de pris\u00e3o.\" \/>\n<meta property=\"og:url\" content=\"https:\/\/ubanews.com\/site\/2025\/11\/05\/policia-civil-de-minas-gerais-realiza-operacao-exodo-e-desarticula-celula-do-comando-vermelho\/\" \/>\n<meta property=\"og:site_name\" content=\"Ub\u00e1 News\" \/>\n<meta property=\"article:publisher\" content=\"https:\/\/www.facebook.com\/Ub%c3%a1News-Carlos-Roberto-Sodr%c3%a9-418778301977370\" \/>\n<meta property=\"article:published_time\" content=\"2025-11-05T10:55:42+00:00\" \/>\n<meta property=\"article:modified_time\" content=\"2025-11-05T10:56:55+00:00\" \/>\n<meta property=\"og:image\" content=\"https:\/\/ubanews.com\/site\/wp-content\/uploads\/2025\/11\/Fato-Policial.jpg\" \/>\n\t<meta property=\"og:image:width\" content=\"1637\" \/>\n\t<meta property=\"og:image:height\" content=\"602\" \/>\n\t<meta property=\"og:image:type\" content=\"image\/jpeg\" \/>\n<meta name=\"author\" content=\"Carlos Roberto Sodr\u00e9\" \/>\n<meta name=\"twitter:card\" content=\"summary_large_image\" \/>\n<meta name=\"twitter:label1\" content=\"Escrito por\" \/>\n\t<meta name=\"twitter:data1\" content=\"Carlos Roberto Sodr\u00e9\" \/>\n\t<meta name=\"twitter:label2\" content=\"Est. tempo de leitura\" \/>\n\t<meta name=\"twitter:data2\" content=\"2 minutos\" \/>\n<script type=\"application\/ld+json\" class=\"yoast-schema-graph\">{\"@context\":\"https:\/\/schema.org\",\"@graph\":[{\"@type\":\"Article\",\"@id\":\"https:\/\/ubanews.com\/site\/2025\/11\/05\/policia-civil-de-minas-gerais-realiza-operacao-exodo-e-desarticula-celula-do-comando-vermelho\/#article\",\"isPartOf\":{\"@id\":\"https:\/\/ubanews.com\/site\/2025\/11\/05\/policia-civil-de-minas-gerais-realiza-operacao-exodo-e-desarticula-celula-do-comando-vermelho\/\"},\"author\":{\"name\":\"Carlos Roberto Sodr\u00e9\",\"@id\":\"https:\/\/ubanews.com\/site\/#\/schema\/person\/9d8da9ec3c8d00640ab6e8c81e103310\"},\"headline\":\"Pol\u00edcia Civil de Minas Gerais realiza Opera\u00e7\u00e3o \u00caxodo e desarticula c\u00e9lula do Comando Vermelho\",\"datePublished\":\"2025-11-05T10:55:42+00:00\",\"dateModified\":\"2025-11-05T10:56:55+00:00\",\"mainEntityOfPage\":{\"@id\":\"https:\/\/ubanews.com\/site\/2025\/11\/05\/policia-civil-de-minas-gerais-realiza-operacao-exodo-e-desarticula-celula-do-comando-vermelho\/\"},\"wordCount\":332,\"commentCount\":0,\"publisher\":{\"@id\":\"https:\/\/ubanews.com\/site\/#organization\"},\"image\":{\"@id\":\"https:\/\/ubanews.com\/site\/2025\/11\/05\/policia-civil-de-minas-gerais-realiza-operacao-exodo-e-desarticula-celula-do-comando-vermelho\/#primaryimage\"},\"thumbnailUrl\":\"https:\/\/ubanews.com\/site\/wp-content\/uploads\/2025\/11\/Fato-Policial.jpg\",\"keywords\":[\"Comando Vermelho\",\"Fala Sodr\u00e9\",\"Pol\u00edcia Civil\",\"UBANEWS\"],\"articleSection\":[\"Geral\"],\"inLanguage\":\"pt-BR\",\"potentialAction\":[{\"@type\":\"CommentAction\",\"name\":\"Comment\",\"target\":[\"https:\/\/ubanews.com\/site\/2025\/11\/05\/policia-civil-de-minas-gerais-realiza-operacao-exodo-e-desarticula-celula-do-comando-vermelho\/#respond\"]}]},{\"@type\":\"WebPage\",\"@id\":\"https:\/\/ubanews.com\/site\/2025\/11\/05\/policia-civil-de-minas-gerais-realiza-operacao-exodo-e-desarticula-celula-do-comando-vermelho\/\",\"url\":\"https:\/\/ubanews.com\/site\/2025\/11\/05\/policia-civil-de-minas-gerais-realiza-operacao-exodo-e-desarticula-celula-do-comando-vermelho\/\",\"name\":\"Pol\u00edcia Civil de Minas Gerais realiza Opera\u00e7\u00e3o \u00caxodo e desarticula c\u00e9lula do Comando Vermelho - Ub\u00e1 News\",\"isPartOf\":{\"@id\":\"https:\/\/ubanews.com\/site\/#website\"},\"primaryImageOfPage\":{\"@id\":\"https:\/\/ubanews.com\/site\/2025\/11\/05\/policia-civil-de-minas-gerais-realiza-operacao-exodo-e-desarticula-celula-do-comando-vermelho\/#primaryimage\"},\"image\":{\"@id\":\"https:\/\/ubanews.com\/site\/2025\/11\/05\/policia-civil-de-minas-gerais-realiza-operacao-exodo-e-desarticula-celula-do-comando-vermelho\/#primaryimage\"},\"thumbnailUrl\":\"https:\/\/ubanews.com\/site\/wp-content\/uploads\/2025\/11\/Fato-Policial.jpg\",\"datePublished\":\"2025-11-05T10:55:42+00:00\",\"dateModified\":\"2025-11-05T10:56:55+00:00\",\"description\":\"Pol\u00edcia Civil de Minas Gerais realiza Opera\u00e7\u00e3o \u00caxodo e desarticula c\u00e9lula do Comando Vermelho. Cumprimentos de busca e apreens\u00e3o e de pris\u00e3o.\",\"breadcrumb\":{\"@id\":\"https:\/\/ubanews.com\/site\/2025\/11\/05\/policia-civil-de-minas-gerais-realiza-operacao-exodo-e-desarticula-celula-do-comando-vermelho\/#breadcrumb\"},\"inLanguage\":\"pt-BR\",\"potentialAction\":[{\"@type\":\"ReadAction\",\"target\":[\"https:\/\/ubanews.com\/site\/2025\/11\/05\/policia-civil-de-minas-gerais-realiza-operacao-exodo-e-desarticula-celula-do-comando-vermelho\/\"]}]},{\"@type\":\"ImageObject\",\"inLanguage\":\"pt-BR\",\"@id\":\"https:\/\/ubanews.com\/site\/2025\/11\/05\/policia-civil-de-minas-gerais-realiza-operacao-exodo-e-desarticula-celula-do-comando-vermelho\/#primaryimage\",\"url\":\"https:\/\/ubanews.com\/site\/wp-content\/uploads\/2025\/11\/Fato-Policial.jpg\",\"contentUrl\":\"https:\/\/ubanews.com\/site\/wp-content\/uploads\/2025\/11\/Fato-Policial.jpg\",\"width\":1637,\"height\":602,\"caption\":\"Fato Policial Fala Sodr\u00e9\"},{\"@type\":\"BreadcrumbList\",\"@id\":\"https:\/\/ubanews.com\/site\/2025\/11\/05\/policia-civil-de-minas-gerais-realiza-operacao-exodo-e-desarticula-celula-do-comando-vermelho\/#breadcrumb\",\"itemListElement\":[{\"@type\":\"ListItem\",\"position\":1,\"name\":\"Home\",\"item\":\"https:\/\/ubanews.com\/site\/\"},{\"@type\":\"ListItem\",\"position\":2,\"name\":\"Pol\u00edcia Civil de Minas Gerais realiza Opera\u00e7\u00e3o \u00caxodo e desarticula c\u00e9lula do Comando Vermelho\"}]},{\"@type\":\"WebSite\",\"@id\":\"https:\/\/ubanews.com\/site\/#website\",\"url\":\"https:\/\/ubanews.com\/site\/\",\"name\":\"Ub\u00e1 News\",\"description\":\"\",\"publisher\":{\"@id\":\"https:\/\/ubanews.com\/site\/#organization\"},\"potentialAction\":[{\"@type\":\"SearchAction\",\"target\":{\"@type\":\"EntryPoint\",\"urlTemplate\":\"https:\/\/ubanews.com\/site\/?s={search_term_string}\"},\"query-input\":{\"@type\":\"PropertyValueSpecification\",\"valueRequired\":true,\"valueName\":\"search_term_string\"}}],\"inLanguage\":\"pt-BR\"},{\"@type\":\"Organization\",\"@id\":\"https:\/\/ubanews.com\/site\/#organization\",\"name\":\"Ub\u00e1 News\",\"url\":\"https:\/\/ubanews.com\/site\/\",\"logo\":{\"@type\":\"ImageObject\",\"inLanguage\":\"pt-BR\",\"@id\":\"https:\/\/ubanews.com\/site\/#\/schema\/logo\/image\/\",\"url\":\"https:\/\/ubanews.com\/site\/wp-content\/uploads\/2018\/01\/logoubanews.png\",\"contentUrl\":\"https:\/\/ubanews.com\/site\/wp-content\/uploads\/2018\/01\/logoubanews.png\",\"width\":261,\"height\":99,\"caption\":\"Ub\u00e1 News\"},\"image\":{\"@id\":\"https:\/\/ubanews.com\/site\/#\/schema\/logo\/image\/\"},\"sameAs\":[\"https:\/\/www.facebook.com\/Ub\u00e1News-Carlos-Roberto-Sodr\u00e9-418778301977370\"]},{\"@type\":\"Person\",\"@id\":\"https:\/\/ubanews.com\/site\/#\/schema\/person\/9d8da9ec3c8d00640ab6e8c81e103310\",\"name\":\"Carlos Roberto Sodr\u00e9\",\"image\":{\"@type\":\"ImageObject\",\"inLanguage\":\"pt-BR\",\"@id\":\"https:\/\/secure.gravatar.com\/avatar\/aab322e8555b56c468614fafdab8a8f924e394cdc6cfd8232f77e9e4d123a133?s=96&d=mm&r=g\",\"url\":\"https:\/\/secure.gravatar.com\/avatar\/aab322e8555b56c468614fafdab8a8f924e394cdc6cfd8232f77e9e4d123a133?s=96&d=mm&r=g\",\"contentUrl\":\"https:\/\/secure.gravatar.com\/avatar\/aab322e8555b56c468614fafdab8a8f924e394cdc6cfd8232f77e9e4d123a133?s=96&d=mm&r=g\",\"caption\":\"Carlos Roberto Sodr\u00e9\"},\"url\":\"https:\/\/ubanews.com\/site\/author\/sodre\/\"}]}<\/script>\n<!-- \/ Yoast SEO plugin. -->","yoast_head_json":{"title":"Pol\u00edcia Civil de Minas Gerais realiza Opera\u00e7\u00e3o \u00caxodo e desarticula c\u00e9lula do Comando Vermelho - Ub\u00e1 News","description":"Pol\u00edcia Civil de Minas Gerais realiza Opera\u00e7\u00e3o \u00caxodo e desarticula c\u00e9lula do Comando Vermelho. Cumprimentos de busca e apreens\u00e3o e de pris\u00e3o.","robots":{"index":"index","follow":"follow","max-snippet":"max-snippet:-1","max-image-preview":"max-image-preview:large","max-video-preview":"max-video-preview:-1"},"canonical":"https:\/\/ubanews.com\/site\/2025\/11\/05\/policia-civil-de-minas-gerais-realiza-operacao-exodo-e-desarticula-celula-do-comando-vermelho\/","og_locale":"pt_BR","og_type":"article","og_title":"Pol\u00edcia Civil de Minas Gerais realiza Opera\u00e7\u00e3o \u00caxodo e desarticula c\u00e9lula do Comando Vermelho - Ub\u00e1 News","og_description":"Pol\u00edcia Civil de Minas Gerais realiza Opera\u00e7\u00e3o \u00caxodo e desarticula c\u00e9lula do Comando Vermelho. Cumprimentos de busca e apreens\u00e3o e de pris\u00e3o.","og_url":"https:\/\/ubanews.com\/site\/2025\/11\/05\/policia-civil-de-minas-gerais-realiza-operacao-exodo-e-desarticula-celula-do-comando-vermelho\/","og_site_name":"Ub\u00e1 News","article_publisher":"https:\/\/www.facebook.com\/Ub%c3%a1News-Carlos-Roberto-Sodr%c3%a9-418778301977370","article_published_time":"2025-11-05T10:55:42+00:00","article_modified_time":"2025-11-05T10:56:55+00:00","og_image":[{"width":1637,"height":602,"url":"https:\/\/ubanews.com\/site\/wp-content\/uploads\/2025\/11\/Fato-Policial.jpg","type":"image\/jpeg"}],"author":"Carlos Roberto Sodr\u00e9","twitter_card":"summary_large_image","twitter_misc":{"Escrito por":"Carlos Roberto Sodr\u00e9","Est. tempo de leitura":"2 minutos"},"schema":{"@context":"https:\/\/schema.org","@graph":[{"@type":"Article","@id":"https:\/\/ubanews.com\/site\/2025\/11\/05\/policia-civil-de-minas-gerais-realiza-operacao-exodo-e-desarticula-celula-do-comando-vermelho\/#article","isPartOf":{"@id":"https:\/\/ubanews.com\/site\/2025\/11\/05\/policia-civil-de-minas-gerais-realiza-operacao-exodo-e-desarticula-celula-do-comando-vermelho\/"},"author":{"name":"Carlos Roberto Sodr\u00e9","@id":"https:\/\/ubanews.com\/site\/#\/schema\/person\/9d8da9ec3c8d00640ab6e8c81e103310"},"headline":"Pol\u00edcia Civil de Minas Gerais realiza Opera\u00e7\u00e3o \u00caxodo e desarticula c\u00e9lula do Comando Vermelho","datePublished":"2025-11-05T10:55:42+00:00","dateModified":"2025-11-05T10:56:55+00:00","mainEntityOfPage":{"@id":"https:\/\/ubanews.com\/site\/2025\/11\/05\/policia-civil-de-minas-gerais-realiza-operacao-exodo-e-desarticula-celula-do-comando-vermelho\/"},"wordCount":332,"commentCount":0,"publisher":{"@id":"https:\/\/ubanews.com\/site\/#organization"},"image":{"@id":"https:\/\/ubanews.com\/site\/2025\/11\/05\/policia-civil-de-minas-gerais-realiza-operacao-exodo-e-desarticula-celula-do-comando-vermelho\/#primaryimage"},"thumbnailUrl":"https:\/\/ubanews.com\/site\/wp-content\/uploads\/2025\/11\/Fato-Policial.jpg","keywords":["Comando Vermelho","Fala Sodr\u00e9","Pol\u00edcia Civil","UBANEWS"],"articleSection":["Geral"],"inLanguage":"pt-BR","potentialAction":[{"@type":"CommentAction","name":"Comment","target":["https:\/\/ubanews.com\/site\/2025\/11\/05\/policia-civil-de-minas-gerais-realiza-operacao-exodo-e-desarticula-celula-do-comando-vermelho\/#respond"]}]},{"@type":"WebPage","@id":"https:\/\/ubanews.com\/site\/2025\/11\/05\/policia-civil-de-minas-gerais-realiza-operacao-exodo-e-desarticula-celula-do-comando-vermelho\/","url":"https:\/\/ubanews.com\/site\/2025\/11\/05\/policia-civil-de-minas-gerais-realiza-operacao-exodo-e-desarticula-celula-do-comando-vermelho\/","name":"Pol\u00edcia Civil de Minas Gerais realiza Opera\u00e7\u00e3o \u00caxodo e desarticula c\u00e9lula do Comando Vermelho - Ub\u00e1 News","isPartOf":{"@id":"https:\/\/ubanews.com\/site\/#website"},"primaryImageOfPage":{"@id":"https:\/\/ubanews.com\/site\/2025\/11\/05\/policia-civil-de-minas-gerais-realiza-operacao-exodo-e-desarticula-celula-do-comando-vermelho\/#primaryimage"},"image":{"@id":"https:\/\/ubanews.com\/site\/2025\/11\/05\/policia-civil-de-minas-gerais-realiza-operacao-exodo-e-desarticula-celula-do-comando-vermelho\/#primaryimage"},"thumbnailUrl":"https:\/\/ubanews.com\/site\/wp-content\/uploads\/2025\/11\/Fato-Policial.jpg","datePublished":"2025-11-05T10:55:42+00:00","dateModified":"2025-11-05T10:56:55+00:00","description":"Pol\u00edcia Civil de Minas Gerais realiza Opera\u00e7\u00e3o \u00caxodo e desarticula c\u00e9lula do Comando Vermelho. Cumprimentos de busca e apreens\u00e3o e de pris\u00e3o.","breadcrumb":{"@id":"https:\/\/ubanews.com\/site\/2025\/11\/05\/policia-civil-de-minas-gerais-realiza-operacao-exodo-e-desarticula-celula-do-comando-vermelho\/#breadcrumb"},"inLanguage":"pt-BR","potentialAction":[{"@type":"ReadAction","target":["https:\/\/ubanews.com\/site\/2025\/11\/05\/policia-civil-de-minas-gerais-realiza-operacao-exodo-e-desarticula-celula-do-comando-vermelho\/"]}]},{"@type":"ImageObject","inLanguage":"pt-BR","@id":"https:\/\/ubanews.com\/site\/2025\/11\/05\/policia-civil-de-minas-gerais-realiza-operacao-exodo-e-desarticula-celula-do-comando-vermelho\/#primaryimage","url":"https:\/\/ubanews.com\/site\/wp-content\/uploads\/2025\/11\/Fato-Policial.jpg","contentUrl":"https:\/\/ubanews.com\/site\/wp-content\/uploads\/2025\/11\/Fato-Policial.jpg","width":1637,"height":602,"caption":"Fato Policial Fala Sodr\u00e9"},{"@type":"BreadcrumbList","@id":"https:\/\/ubanews.com\/site\/2025\/11\/05\/policia-civil-de-minas-gerais-realiza-operacao-exodo-e-desarticula-celula-do-comando-vermelho\/#breadcrumb","itemListElement":[{"@type":"ListItem","position":1,"name":"Home","item":"https:\/\/ubanews.com\/site\/"},{"@type":"ListItem","position":2,"name":"Pol\u00edcia Civil de Minas Gerais realiza Opera\u00e7\u00e3o \u00caxodo e desarticula c\u00e9lula do Comando Vermelho"}]},{"@type":"WebSite","@id":"https:\/\/ubanews.com\/site\/#website","url":"https:\/\/ubanews.com\/site\/","name":"Ub\u00e1 News","description":"","publisher":{"@id":"https:\/\/ubanews.com\/site\/#organization"},"potentialAction":[{"@type":"SearchAction","target":{"@type":"EntryPoint","urlTemplate":"https:\/\/ubanews.com\/site\/?s={search_term_string}"},"query-input":{"@type":"PropertyValueSpecification","valueRequired":true,"valueName":"search_term_string"}}],"inLanguage":"pt-BR"},{"@type":"Organization","@id":"https:\/\/ubanews.com\/site\/#organization","name":"Ub\u00e1 News","url":"https:\/\/ubanews.com\/site\/","logo":{"@type":"ImageObject","inLanguage":"pt-BR","@id":"https:\/\/ubanews.com\/site\/#\/schema\/logo\/image\/","url":"https:\/\/ubanews.com\/site\/wp-content\/uploads\/2018\/01\/logoubanews.png","contentUrl":"https:\/\/ubanews.com\/site\/wp-content\/uploads\/2018\/01\/logoubanews.png","width":261,"height":99,"caption":"Ub\u00e1 News"},"image":{"@id":"https:\/\/ubanews.com\/site\/#\/schema\/logo\/image\/"},"sameAs":["https:\/\/www.facebook.com\/Ub\u00e1News-Carlos-Roberto-Sodr\u00e9-418778301977370"]},{"@type":"Person","@id":"https:\/\/ubanews.com\/site\/#\/schema\/person\/9d8da9ec3c8d00640ab6e8c81e103310","name":"Carlos Roberto Sodr\u00e9","image":{"@type":"ImageObject","inLanguage":"pt-BR","@id":"https:\/\/secure.gravatar.com\/avatar\/aab322e8555b56c468614fafdab8a8f924e394cdc6cfd8232f77e9e4d123a133?s=96&d=mm&r=g","url":"https:\/\/secure.gravatar.com\/avatar\/aab322e8555b56c468614fafdab8a8f924e394cdc6cfd8232f77e9e4d123a133?s=96&d=mm&r=g","contentUrl":"https:\/\/secure.gravatar.com\/avatar\/aab322e8555b56c468614fafdab8a8f924e394cdc6cfd8232f77e9e4d123a133?s=96&d=mm&r=g","caption":"Carlos Roberto Sodr\u00e9"},"url":"https:\/\/ubanews.com\/site\/author\/sodre\/"}]}},"_links":{"self":[{"href":"https:\/\/ubanews.com\/site\/wp-json\/wp\/v2\/posts\/23328","targetHints":{"allow":["GET"]}}],"collection":[{"href":"https:\/\/ubanews.com\/site\/wp-json\/wp\/v2\/posts"}],"about":[{"href":"https:\/\/ubanews.com\/site\/wp-json\/wp\/v2\/types\/post"}],"author":[{"embeddable":true,"href":"https:\/\/ubanews.com\/site\/wp-json\/wp\/v2\/users\/4"}],"replies":[{"embeddable":true,"href":"https:\/\/ubanews.com\/site\/wp-json\/wp\/v2\/comments?post=23328"}],"version-history":[{"count":0,"href":"https:\/\/ubanews.com\/site\/wp-json\/wp\/v2\/posts\/23328\/revisions"}],"wp:featuredmedia":[{"embeddable":true,"href":"https:\/\/ubanews.com\/site\/wp-json\/wp\/v2\/media\/23329"}],"wp:attachment":[{"href":"https:\/\/ubanews.com\/site\/wp-json\/wp\/v2\/media?parent=23328"}],"wp:term":[{"taxonomy":"category","embeddable":true,"href":"https:\/\/ubanews.com\/site\/wp-json\/wp\/v2\/categories?post=23328"},{"taxonomy":"post_tag","embeddable":true,"href":"https:\/\/ubanews.com\/site\/wp-json\/wp\/v2\/tags?post=23328"}],"curies":[{"name":"wp","href":"https:\/\/api.w.org\/{rel}","templated":true}]}}