{"id":23326,"date":"2025-11-04T09:10:07","date_gmt":"2025-11-04T12:10:07","guid":{"rendered":"https:\/\/ubanews.com\/site\/?p=23326"},"modified":"2025-11-04T09:12:35","modified_gmt":"2025-11-04T12:12:35","slug":"casamento-comunitario-da-unifagoc","status":"publish","type":"post","link":"https:\/\/ubanews.com\/site\/2025\/11\/04\/casamento-comunitario-da-unifagoc\/","title":{"rendered":"Casamento Comunit\u00e1rio da UNIFAGOC"},"content":{"rendered":"<p data-start=\"377\" data-end=\"468\">Casamento Comunit\u00e1rio da UNIFAGOC celebra amor, cidadania e compromisso com a comunidade. A UNIFAGOC promoveu mais uma edi\u00e7\u00e3o emocionante do <strong data-start=\"521\" data-end=\"546\">Casamento Comunit\u00e1rio<\/strong>, unindo amor, solidariedade e cidadania. O evento, realizado no s\u00e1bado, dia 1\u00ba de novembro, reuniu <strong data-start=\"646\" data-end=\"661\">seis casais<\/strong> que oficializaram sua uni\u00e3o em uma cerim\u00f4nia repleta de emo\u00e7\u00e3o, f\u00e9 e significado.<br data-start=\"743\" data-end=\"746\" \/>A cobertura foi feita pelo <strong data-start=\"773\" data-end=\"806\">rep\u00f3rter Carlos Roberto Sodr\u00e9<\/strong>, com <strong data-start=\"812\" data-end=\"838\">imagens de Laisa Sodr\u00e9<\/strong> e <strong data-start=\"841\" data-end=\"898\">gera\u00e7\u00e3o de conte\u00fado de Pedro Henriques da INDICCA.COM<\/strong>.<\/p>\n<h2 data-start=\"377\" data-end=\"468\">Casamento Comunit\u00e1rio da UNIFAGOC celebra amor, cidadania e compromisso com a comunidade<\/h2>\n<p><a href=\"https:\/\/www.youtube.com\/live\/HWIi8_Rem8w?si=u0OpKPqDNkFbvGkq\" target=\"_blank\" rel=\"noopener\"><img decoding=\"async\" class=\"aligncenter size-medium wp-image-23327 lazyload\" data-src=\"https:\/\/ubanews.com\/site\/wp-content\/uploads\/2025\/11\/Fala-Sodre-Casamento-Comunitario-UNIFAGOC-300x148.jpg\" alt=\"Fala Sodr\u00e9 - Casamento Comunit\u00e1rio UNIFAGOC\" width=\"300\" height=\"148\" data-srcset=\"https:\/\/ubanews.com\/site\/wp-content\/uploads\/2025\/11\/Fala-Sodre-Casamento-Comunitario-UNIFAGOC-300x148.jpg 300w, https:\/\/ubanews.com\/site\/wp-content\/uploads\/2025\/11\/Fala-Sodre-Casamento-Comunitario-UNIFAGOC-1024x506.jpg 1024w, https:\/\/ubanews.com\/site\/wp-content\/uploads\/2025\/11\/Fala-Sodre-Casamento-Comunitario-UNIFAGOC-768x379.jpg 768w, https:\/\/ubanews.com\/site\/wp-content\/uploads\/2025\/11\/Fala-Sodre-Casamento-Comunitario-UNIFAGOC.jpg 1277w\" data-sizes=\"(max-width: 300px) 100vw, 300px\" src=\"data:image\/svg+xml;base64,PHN2ZyB3aWR0aD0iMSIgaGVpZ2h0PSIxIiB4bWxucz0iaHR0cDovL3d3dy53My5vcmcvMjAwMC9zdmciPjwvc3ZnPg==\" style=\"--smush-placeholder-width: 300px; --smush-placeholder-aspect-ratio: 300\/148;\" \/><\/a><\/p>\n<h3 data-start=\"901\" data-end=\"941\">Um sonho realizado por muitos casais<\/h3>\n<p data-start=\"943\" data-end=\"1166\">O projeto social da UNIFAGOC j\u00e1 transformou a vida de dezenas de casais que aguardavam a chance de formalizar sua uni\u00e3o. Entre eles, <strong data-start=\"1076\" data-end=\"1108\">Luana Cristina Silva <\/strong>expressou a alegria de viver esse momento t\u00e3o esperado:<\/p>\n<blockquote data-start=\"1167\" data-end=\"1308\">\n<p data-start=\"1169\" data-end=\"1308\">\u201cForam 14 anos aguardando essa oportunidade. Hoje podemos realizar esse sonho e agradecer a Deus e a todos que tornaram poss\u00edvel esse dia.\u201d<\/p>\n<\/blockquote>\n<p data-start=\"1310\" data-end=\"1453\">Outro casal destacou que j\u00e1 vivia junto h\u00e1 12 anos e que o casamento foi a coroa\u00e7\u00e3o de uma hist\u00f3ria constru\u00edda com muito amor e perseveran\u00e7a:<\/p>\n<blockquote data-start=\"1454\" data-end=\"1598\">\n<p data-start=\"1456\" data-end=\"1598\">\u201cA gente sempre quis casar, mas as condi\u00e7\u00f5es nunca permitiam. Quando soubemos do projeto, decidimos que era a hora de oficializar nosso amor.\u201d<\/p>\n<\/blockquote>\n<h3 data-start=\"1600\" data-end=\"1644\">Educa\u00e7\u00e3o, cidadania e compromisso social<\/h3>\n<p data-start=\"1646\" data-end=\"2029\">O <strong data-start=\"1648\" data-end=\"1685\">Casamento Comunit\u00e1rio da UNIFAGOC<\/strong> n\u00e3o \u00e9 apenas uma celebra\u00e7\u00e3o simb\u00f3lica. O evento une <strong data-start=\"1738\" data-end=\"1770\">v\u00e1rios cursos da institui\u00e7\u00e3o<\/strong>, integrando ensino e responsabilidade social.<br data-start=\"1816\" data-end=\"1819\" \/>Segundo a organiza\u00e7\u00e3o, <strong data-start=\"1842\" data-end=\"1872\">alunos do curso de Direito<\/strong> atuaram diretamente na formaliza\u00e7\u00e3o dos documentos, enquanto <strong data-start=\"1934\" data-end=\"1976\">estudantes de Odontologia e Enfermagem<\/strong> participaram oferecendo apoio e cuidados aos casais.<\/p>\n<p data-start=\"2031\" data-end=\"2141\">A coordenadora do projeto explicou que o objetivo \u00e9 <strong data-start=\"2083\" data-end=\"2138\">formar profissionais comprometidos com a comunidade<\/strong>:<\/p>\n<blockquote data-start=\"2142\" data-end=\"2284\">\n<p data-start=\"2144\" data-end=\"2284\">\u201cPrecisamos transformar o ato de amor em uma rela\u00e7\u00e3o jur\u00eddica oficial. Nossos alunos aprendem na pr\u00e1tica o papel do Direito e da cidadania.\u201d<\/p>\n<\/blockquote>\n<h3 data-start=\"2286\" data-end=\"2335\">O papel inspirador de Maycon Douglas Henrique<\/h3>\n<p data-start=\"2337\" data-end=\"2548\">O evento tamb\u00e9m contou com a presen\u00e7a marcante de <strong data-start=\"2387\" data-end=\"2414\">Maycon Douglas Henrique<\/strong>, que atuou como <strong data-start=\"2431\" data-end=\"2452\">celebrante social<\/strong>. Reconhecido por seu profissionalismo e sensibilidade, ele destacou a import\u00e2ncia do momento:<\/p>\n<blockquote data-start=\"2549\" data-end=\"2698\">\n<p data-start=\"2551\" data-end=\"2698\">\u201c\u00c9 emocionante ver hist\u00f3rias de amor ganhando for\u00e7a e reconhecimento. Cada casal traz uma trajet\u00f3ria \u00fanica, e poder celebrar isso \u00e9 um privil\u00e9gio.\u201d<\/p>\n<\/blockquote>\n<p data-start=\"2700\" data-end=\"2854\">Sua participa\u00e7\u00e3o refor\u00e7ou a uni\u00e3o entre emo\u00e7\u00e3o e responsabilidade, traduzindo o esp\u00edrito da cerim\u00f4nia \u2014 um verdadeiro encontro de vidas, valores e sonhos.<\/p>\n<h3 data-start=\"2856\" data-end=\"2894\">Um evento que cresce a cada edi\u00e7\u00e3o<\/h3>\n<p data-start=\"2896\" data-end=\"3200\">Esta foi a <strong data-start=\"2907\" data-end=\"2924\">quarta edi\u00e7\u00e3o<\/strong> do Casamento Comunit\u00e1rio da UNIFAGOC. A cada ano, o n\u00famero de casais aumenta, confirmando o sucesso e a relev\u00e2ncia do projeto.<br data-start=\"3051\" data-end=\"3054\" \/>A equipe j\u00e1 se prepara para a pr\u00f3xima edi\u00e7\u00e3o, prevista para o ano seguinte, com novas ideias e a expectativa de ampliar o n\u00famero de participantes.<\/p>\n<blockquote data-start=\"3202\" data-end=\"3397\">\n<p data-start=\"3204\" data-end=\"3397\">\u201cOs casais sempre nos procuram. J\u00e1 em dezembro, come\u00e7a o processo de inscri\u00e7\u00e3o para o pr\u00f3ximo casamento. O evento \u00e9 um sucesso e se tornou tradi\u00e7\u00e3o em nossa institui\u00e7\u00e3o\u201d, afirmou a coordena\u00e7\u00e3o.<\/p>\n<\/blockquote>\n<h3 data-start=\"3399\" data-end=\"3432\">Amor que inspira a comunidade<\/h3>\n<p data-start=\"3434\" data-end=\"3634\">Mais do que um evento, o casamento comunit\u00e1rio \u00e9 uma <strong data-start=\"3487\" data-end=\"3527\">demonstra\u00e7\u00e3o de amor e solidariedade<\/strong>. Ele mostra que a uni\u00e3o vai al\u00e9m do casal \u2014 envolve fam\u00edlias, estudantes, professores e toda a comunidade.<\/p>\n<p data-start=\"3636\" data-end=\"3872\">Ao final, a emo\u00e7\u00e3o tomou conta do p\u00fablico e dos participantes. A celebra\u00e7\u00e3o reafirmou o compromisso da UNIFAGOC com o <strong data-start=\"3754\" data-end=\"3789\">desenvolvimento humano e social<\/strong>, aproximando a educa\u00e7\u00e3o da vida real e valorizando o amor em todas as suas formas.<\/p>\n<p><iframe title=\"Fala Sodr\u00e9: 4\u00b0 Casamento Comunit\u00e1rio uma realiza\u00e7\u00e3o UNIFAGOC 03\/11\/2025\" width=\"840\" height=\"473\" data-src=\"https:\/\/www.youtube.com\/embed\/HWIi8_Rem8w?feature=oembed\" frameborder=\"0\" allow=\"accelerometer; autoplay; clipboard-write; encrypted-media; gyroscope; picture-in-picture; web-share\" referrerpolicy=\"strict-origin-when-cross-origin\" allowfullscreen src=\"data:image\/svg+xml;base64,PHN2ZyB3aWR0aD0iMSIgaGVpZ2h0PSIxIiB4bWxucz0iaHR0cDovL3d3dy53My5vcmcvMjAwMC9zdmciPjwvc3ZnPg==\" class=\"lazyload\" data-load-mode=\"1\"><\/iframe><\/p>\n<p style=\"margin: 0in; font-size: 20.0pt;\"><span style=\"font-family: 'Segoe UI Emoji';\">&#x1f4da; <\/span><span style=\"font-weight: bold; font-family: Calibri;\">Cobertura:<\/span><span style=\"font-family: Calibri;\"> Carlos Roberto Sodr\u00e9 <\/span><a href=\"https:\/\/wa.me\/553298481334\"><span style=\"font-family: Calibri;\">WhatsApp<\/span><\/a><\/p>\n<p style=\"margin: 0in; font-size: 20.0pt;\"><span style=\"font-family: 'Segoe UI Emoji';\">&#x1f4f8; <\/span><span style=\"font-weight: bold; font-family: Calibri;\">Imagens:<\/span><span style=\"font-family: Calibri;\"> Laisa Sodr\u00e9<\/span><\/p>\n<p style=\"margin: 0in; font-size: 20.0pt;\"><span style=\"font-family: 'Segoe UI Emoji';\">&#x1f4dd; <\/span><span style=\"font-weight: bold; font-family: Calibri;\">Conte\u00fado: <\/span><a href=\"https:\/\/www.linkedin.com\/in\/pedrohgf\/\"><span style=\"font-family: Calibri;\">Pedro Henriques<\/span><\/a><span style=\"font-family: Calibri;\"> \u2013 <\/span><a href=\"https:\/\/indicca.com.br\/blog\/\"><span style=\"font-family: Calibri;\">INDICCA.COM<\/span><\/a><span style=\"font-family: Calibri;\">\u00a0 <\/span><a href=\"https:\/\/wa.me\/5532988020057\"><span style=\"font-family: Calibri;\">WhatsApp<\/span><\/a><\/p>\n<p style=\"margin: 0in; font-size: 20.0pt;\"><span style=\"font-family: 'Segoe UI Emoji';\">&#x1f393; <\/span><span style=\"font-weight: bold; font-family: Calibri;\">Evento:\u00a0<\/span>Casamento Comunit\u00e1rio da UNIFAGOC celebra amor, cidadania e compromisso com a comunidade<\/p>\n<p data-start=\"3636\" data-end=\"3872\">\n","protected":false},"excerpt":{"rendered":"<p>Casamento Comunit\u00e1rio da UNIFAGOC celebra amor, cidadania e compromisso com<\/p>\n","protected":false},"author":4,"featured_media":23327,"comment_status":"open","ping_status":"open","sticky":false,"template":"","format":"standard","meta":{"footnotes":""},"categories":[1,3],"tags":[214,59,60,68],"class_list":["post-23326","post","type-post","status-publish","format-standard","has-post-thumbnail","hentry","category-sem-categoria","category-slide","tag-casamento-comunitario","tag-fala-sodre","tag-ubanews","tag-unifagoc"],"yoast_head":"<!-- This site is optimized with the Yoast SEO plugin v27.2 - https:\/\/yoast.com\/product\/yoast-seo-wordpress\/ -->\n<title>Casamento Comunit\u00e1rio da UNIFAGOC - Ub\u00e1 News<\/title>\n<meta name=\"description\" content=\"Casamento Comunit\u00e1rio da UNIFAGOC celebra amor, cidadania e compromisso com a comunidade. Casamento Comunit\u00e1rio, unindo amor e solidariedade.\" \/>\n<meta name=\"robots\" content=\"index, follow, max-snippet:-1, max-image-preview:large, max-video-preview:-1\" \/>\n<link rel=\"canonical\" href=\"https:\/\/ubanews.com\/site\/2025\/11\/04\/casamento-comunitario-da-unifagoc\/\" \/>\n<meta property=\"og:locale\" content=\"pt_BR\" \/>\n<meta property=\"og:type\" content=\"article\" \/>\n<meta property=\"og:title\" content=\"Casamento Comunit\u00e1rio da UNIFAGOC - Ub\u00e1 News\" \/>\n<meta property=\"og:description\" content=\"Casamento Comunit\u00e1rio da UNIFAGOC celebra amor, cidadania e compromisso com a comunidade. Casamento Comunit\u00e1rio, unindo amor e solidariedade.\" \/>\n<meta property=\"og:url\" content=\"https:\/\/ubanews.com\/site\/2025\/11\/04\/casamento-comunitario-da-unifagoc\/\" \/>\n<meta property=\"og:site_name\" content=\"Ub\u00e1 News\" \/>\n<meta property=\"article:publisher\" content=\"https:\/\/www.facebook.com\/Ub%c3%a1News-Carlos-Roberto-Sodr%c3%a9-418778301977370\" \/>\n<meta property=\"article:published_time\" content=\"2025-11-04T12:10:07+00:00\" \/>\n<meta property=\"article:modified_time\" content=\"2025-11-04T12:12:35+00:00\" \/>\n<meta property=\"og:image\" content=\"https:\/\/ubanews.com\/site\/wp-content\/uploads\/2025\/11\/Fala-Sodre-Casamento-Comunitario-UNIFAGOC.jpg\" \/>\n\t<meta property=\"og:image:width\" content=\"1277\" \/>\n\t<meta property=\"og:image:height\" content=\"631\" \/>\n\t<meta property=\"og:image:type\" content=\"image\/jpeg\" \/>\n<meta name=\"author\" content=\"Carlos Roberto Sodr\u00e9\" \/>\n<meta name=\"twitter:card\" content=\"summary_large_image\" \/>\n<meta name=\"twitter:label1\" content=\"Escrito por\" \/>\n\t<meta name=\"twitter:data1\" content=\"Carlos Roberto Sodr\u00e9\" \/>\n\t<meta name=\"twitter:label2\" content=\"Est. tempo de leitura\" \/>\n\t<meta name=\"twitter:data2\" content=\"3 minutos\" \/>\n<script type=\"application\/ld+json\" class=\"yoast-schema-graph\">{\"@context\":\"https:\/\/schema.org\",\"@graph\":[{\"@type\":\"Article\",\"@id\":\"https:\/\/ubanews.com\/site\/2025\/11\/04\/casamento-comunitario-da-unifagoc\/#article\",\"isPartOf\":{\"@id\":\"https:\/\/ubanews.com\/site\/2025\/11\/04\/casamento-comunitario-da-unifagoc\/\"},\"author\":{\"name\":\"Carlos Roberto Sodr\u00e9\",\"@id\":\"https:\/\/ubanews.com\/site\/#\/schema\/person\/9d8da9ec3c8d00640ab6e8c81e103310\"},\"headline\":\"Casamento Comunit\u00e1rio da UNIFAGOC\",\"datePublished\":\"2025-11-04T12:10:07+00:00\",\"dateModified\":\"2025-11-04T12:12:35+00:00\",\"mainEntityOfPage\":{\"@id\":\"https:\/\/ubanews.com\/site\/2025\/11\/04\/casamento-comunitario-da-unifagoc\/\"},\"wordCount\":657,\"commentCount\":0,\"publisher\":{\"@id\":\"https:\/\/ubanews.com\/site\/#organization\"},\"image\":{\"@id\":\"https:\/\/ubanews.com\/site\/2025\/11\/04\/casamento-comunitario-da-unifagoc\/#primaryimage\"},\"thumbnailUrl\":\"https:\/\/ubanews.com\/site\/wp-content\/uploads\/2025\/11\/Fala-Sodre-Casamento-Comunitario-UNIFAGOC.jpg\",\"keywords\":[\"Casamento Comunit\u00e1rio\",\"Fala Sodr\u00e9\",\"UBANEWS\",\"UNIFAGOC\"],\"articleSection\":[\"Geral\",\"Slide\"],\"inLanguage\":\"pt-BR\",\"potentialAction\":[{\"@type\":\"CommentAction\",\"name\":\"Comment\",\"target\":[\"https:\/\/ubanews.com\/site\/2025\/11\/04\/casamento-comunitario-da-unifagoc\/#respond\"]}]},{\"@type\":\"WebPage\",\"@id\":\"https:\/\/ubanews.com\/site\/2025\/11\/04\/casamento-comunitario-da-unifagoc\/\",\"url\":\"https:\/\/ubanews.com\/site\/2025\/11\/04\/casamento-comunitario-da-unifagoc\/\",\"name\":\"Casamento Comunit\u00e1rio da UNIFAGOC - Ub\u00e1 News\",\"isPartOf\":{\"@id\":\"https:\/\/ubanews.com\/site\/#website\"},\"primaryImageOfPage\":{\"@id\":\"https:\/\/ubanews.com\/site\/2025\/11\/04\/casamento-comunitario-da-unifagoc\/#primaryimage\"},\"image\":{\"@id\":\"https:\/\/ubanews.com\/site\/2025\/11\/04\/casamento-comunitario-da-unifagoc\/#primaryimage\"},\"thumbnailUrl\":\"https:\/\/ubanews.com\/site\/wp-content\/uploads\/2025\/11\/Fala-Sodre-Casamento-Comunitario-UNIFAGOC.jpg\",\"datePublished\":\"2025-11-04T12:10:07+00:00\",\"dateModified\":\"2025-11-04T12:12:35+00:00\",\"description\":\"Casamento Comunit\u00e1rio da UNIFAGOC celebra amor, cidadania e compromisso com a comunidade. Casamento Comunit\u00e1rio, unindo amor e solidariedade.\",\"breadcrumb\":{\"@id\":\"https:\/\/ubanews.com\/site\/2025\/11\/04\/casamento-comunitario-da-unifagoc\/#breadcrumb\"},\"inLanguage\":\"pt-BR\",\"potentialAction\":[{\"@type\":\"ReadAction\",\"target\":[\"https:\/\/ubanews.com\/site\/2025\/11\/04\/casamento-comunitario-da-unifagoc\/\"]}]},{\"@type\":\"ImageObject\",\"inLanguage\":\"pt-BR\",\"@id\":\"https:\/\/ubanews.com\/site\/2025\/11\/04\/casamento-comunitario-da-unifagoc\/#primaryimage\",\"url\":\"https:\/\/ubanews.com\/site\/wp-content\/uploads\/2025\/11\/Fala-Sodre-Casamento-Comunitario-UNIFAGOC.jpg\",\"contentUrl\":\"https:\/\/ubanews.com\/site\/wp-content\/uploads\/2025\/11\/Fala-Sodre-Casamento-Comunitario-UNIFAGOC.jpg\",\"width\":1277,\"height\":631,\"caption\":\"Fala Sodr\u00e9 - Casamento Comunit\u00e1rio UNIFAGOC\"},{\"@type\":\"BreadcrumbList\",\"@id\":\"https:\/\/ubanews.com\/site\/2025\/11\/04\/casamento-comunitario-da-unifagoc\/#breadcrumb\",\"itemListElement\":[{\"@type\":\"ListItem\",\"position\":1,\"name\":\"Home\",\"item\":\"https:\/\/ubanews.com\/site\/\"},{\"@type\":\"ListItem\",\"position\":2,\"name\":\"Casamento Comunit\u00e1rio da UNIFAGOC\"}]},{\"@type\":\"WebSite\",\"@id\":\"https:\/\/ubanews.com\/site\/#website\",\"url\":\"https:\/\/ubanews.com\/site\/\",\"name\":\"Ub\u00e1 News\",\"description\":\"\",\"publisher\":{\"@id\":\"https:\/\/ubanews.com\/site\/#organization\"},\"potentialAction\":[{\"@type\":\"SearchAction\",\"target\":{\"@type\":\"EntryPoint\",\"urlTemplate\":\"https:\/\/ubanews.com\/site\/?s={search_term_string}\"},\"query-input\":{\"@type\":\"PropertyValueSpecification\",\"valueRequired\":true,\"valueName\":\"search_term_string\"}}],\"inLanguage\":\"pt-BR\"},{\"@type\":\"Organization\",\"@id\":\"https:\/\/ubanews.com\/site\/#organization\",\"name\":\"Ub\u00e1 News\",\"url\":\"https:\/\/ubanews.com\/site\/\",\"logo\":{\"@type\":\"ImageObject\",\"inLanguage\":\"pt-BR\",\"@id\":\"https:\/\/ubanews.com\/site\/#\/schema\/logo\/image\/\",\"url\":\"https:\/\/ubanews.com\/site\/wp-content\/uploads\/2018\/01\/logoubanews.png\",\"contentUrl\":\"https:\/\/ubanews.com\/site\/wp-content\/uploads\/2018\/01\/logoubanews.png\",\"width\":261,\"height\":99,\"caption\":\"Ub\u00e1 News\"},\"image\":{\"@id\":\"https:\/\/ubanews.com\/site\/#\/schema\/logo\/image\/\"},\"sameAs\":[\"https:\/\/www.facebook.com\/Ub\u00e1News-Carlos-Roberto-Sodr\u00e9-418778301977370\"]},{\"@type\":\"Person\",\"@id\":\"https:\/\/ubanews.com\/site\/#\/schema\/person\/9d8da9ec3c8d00640ab6e8c81e103310\",\"name\":\"Carlos Roberto Sodr\u00e9\",\"image\":{\"@type\":\"ImageObject\",\"inLanguage\":\"pt-BR\",\"@id\":\"https:\/\/secure.gravatar.com\/avatar\/aab322e8555b56c468614fafdab8a8f924e394cdc6cfd8232f77e9e4d123a133?s=96&d=mm&r=g\",\"url\":\"https:\/\/secure.gravatar.com\/avatar\/aab322e8555b56c468614fafdab8a8f924e394cdc6cfd8232f77e9e4d123a133?s=96&d=mm&r=g\",\"contentUrl\":\"https:\/\/secure.gravatar.com\/avatar\/aab322e8555b56c468614fafdab8a8f924e394cdc6cfd8232f77e9e4d123a133?s=96&d=mm&r=g\",\"caption\":\"Carlos Roberto Sodr\u00e9\"},\"url\":\"https:\/\/ubanews.com\/site\/author\/sodre\/\"}]}<\/script>\n<!-- \/ Yoast SEO plugin. -->","yoast_head_json":{"title":"Casamento Comunit\u00e1rio da UNIFAGOC - Ub\u00e1 News","description":"Casamento Comunit\u00e1rio da UNIFAGOC celebra amor, cidadania e compromisso com a comunidade. Casamento Comunit\u00e1rio, unindo amor e solidariedade.","robots":{"index":"index","follow":"follow","max-snippet":"max-snippet:-1","max-image-preview":"max-image-preview:large","max-video-preview":"max-video-preview:-1"},"canonical":"https:\/\/ubanews.com\/site\/2025\/11\/04\/casamento-comunitario-da-unifagoc\/","og_locale":"pt_BR","og_type":"article","og_title":"Casamento Comunit\u00e1rio da UNIFAGOC - Ub\u00e1 News","og_description":"Casamento Comunit\u00e1rio da UNIFAGOC celebra amor, cidadania e compromisso com a comunidade. Casamento Comunit\u00e1rio, unindo amor e solidariedade.","og_url":"https:\/\/ubanews.com\/site\/2025\/11\/04\/casamento-comunitario-da-unifagoc\/","og_site_name":"Ub\u00e1 News","article_publisher":"https:\/\/www.facebook.com\/Ub%c3%a1News-Carlos-Roberto-Sodr%c3%a9-418778301977370","article_published_time":"2025-11-04T12:10:07+00:00","article_modified_time":"2025-11-04T12:12:35+00:00","og_image":[{"width":1277,"height":631,"url":"https:\/\/ubanews.com\/site\/wp-content\/uploads\/2025\/11\/Fala-Sodre-Casamento-Comunitario-UNIFAGOC.jpg","type":"image\/jpeg"}],"author":"Carlos Roberto Sodr\u00e9","twitter_card":"summary_large_image","twitter_misc":{"Escrito por":"Carlos Roberto Sodr\u00e9","Est. tempo de leitura":"3 minutos"},"schema":{"@context":"https:\/\/schema.org","@graph":[{"@type":"Article","@id":"https:\/\/ubanews.com\/site\/2025\/11\/04\/casamento-comunitario-da-unifagoc\/#article","isPartOf":{"@id":"https:\/\/ubanews.com\/site\/2025\/11\/04\/casamento-comunitario-da-unifagoc\/"},"author":{"name":"Carlos Roberto Sodr\u00e9","@id":"https:\/\/ubanews.com\/site\/#\/schema\/person\/9d8da9ec3c8d00640ab6e8c81e103310"},"headline":"Casamento Comunit\u00e1rio da UNIFAGOC","datePublished":"2025-11-04T12:10:07+00:00","dateModified":"2025-11-04T12:12:35+00:00","mainEntityOfPage":{"@id":"https:\/\/ubanews.com\/site\/2025\/11\/04\/casamento-comunitario-da-unifagoc\/"},"wordCount":657,"commentCount":0,"publisher":{"@id":"https:\/\/ubanews.com\/site\/#organization"},"image":{"@id":"https:\/\/ubanews.com\/site\/2025\/11\/04\/casamento-comunitario-da-unifagoc\/#primaryimage"},"thumbnailUrl":"https:\/\/ubanews.com\/site\/wp-content\/uploads\/2025\/11\/Fala-Sodre-Casamento-Comunitario-UNIFAGOC.jpg","keywords":["Casamento Comunit\u00e1rio","Fala Sodr\u00e9","UBANEWS","UNIFAGOC"],"articleSection":["Geral","Slide"],"inLanguage":"pt-BR","potentialAction":[{"@type":"CommentAction","name":"Comment","target":["https:\/\/ubanews.com\/site\/2025\/11\/04\/casamento-comunitario-da-unifagoc\/#respond"]}]},{"@type":"WebPage","@id":"https:\/\/ubanews.com\/site\/2025\/11\/04\/casamento-comunitario-da-unifagoc\/","url":"https:\/\/ubanews.com\/site\/2025\/11\/04\/casamento-comunitario-da-unifagoc\/","name":"Casamento Comunit\u00e1rio da UNIFAGOC - Ub\u00e1 News","isPartOf":{"@id":"https:\/\/ubanews.com\/site\/#website"},"primaryImageOfPage":{"@id":"https:\/\/ubanews.com\/site\/2025\/11\/04\/casamento-comunitario-da-unifagoc\/#primaryimage"},"image":{"@id":"https:\/\/ubanews.com\/site\/2025\/11\/04\/casamento-comunitario-da-unifagoc\/#primaryimage"},"thumbnailUrl":"https:\/\/ubanews.com\/site\/wp-content\/uploads\/2025\/11\/Fala-Sodre-Casamento-Comunitario-UNIFAGOC.jpg","datePublished":"2025-11-04T12:10:07+00:00","dateModified":"2025-11-04T12:12:35+00:00","description":"Casamento Comunit\u00e1rio da UNIFAGOC celebra amor, cidadania e compromisso com a comunidade. Casamento Comunit\u00e1rio, unindo amor e solidariedade.","breadcrumb":{"@id":"https:\/\/ubanews.com\/site\/2025\/11\/04\/casamento-comunitario-da-unifagoc\/#breadcrumb"},"inLanguage":"pt-BR","potentialAction":[{"@type":"ReadAction","target":["https:\/\/ubanews.com\/site\/2025\/11\/04\/casamento-comunitario-da-unifagoc\/"]}]},{"@type":"ImageObject","inLanguage":"pt-BR","@id":"https:\/\/ubanews.com\/site\/2025\/11\/04\/casamento-comunitario-da-unifagoc\/#primaryimage","url":"https:\/\/ubanews.com\/site\/wp-content\/uploads\/2025\/11\/Fala-Sodre-Casamento-Comunitario-UNIFAGOC.jpg","contentUrl":"https:\/\/ubanews.com\/site\/wp-content\/uploads\/2025\/11\/Fala-Sodre-Casamento-Comunitario-UNIFAGOC.jpg","width":1277,"height":631,"caption":"Fala Sodr\u00e9 - Casamento Comunit\u00e1rio UNIFAGOC"},{"@type":"BreadcrumbList","@id":"https:\/\/ubanews.com\/site\/2025\/11\/04\/casamento-comunitario-da-unifagoc\/#breadcrumb","itemListElement":[{"@type":"ListItem","position":1,"name":"Home","item":"https:\/\/ubanews.com\/site\/"},{"@type":"ListItem","position":2,"name":"Casamento Comunit\u00e1rio da UNIFAGOC"}]},{"@type":"WebSite","@id":"https:\/\/ubanews.com\/site\/#website","url":"https:\/\/ubanews.com\/site\/","name":"Ub\u00e1 News","description":"","publisher":{"@id":"https:\/\/ubanews.com\/site\/#organization"},"potentialAction":[{"@type":"SearchAction","target":{"@type":"EntryPoint","urlTemplate":"https:\/\/ubanews.com\/site\/?s={search_term_string}"},"query-input":{"@type":"PropertyValueSpecification","valueRequired":true,"valueName":"search_term_string"}}],"inLanguage":"pt-BR"},{"@type":"Organization","@id":"https:\/\/ubanews.com\/site\/#organization","name":"Ub\u00e1 News","url":"https:\/\/ubanews.com\/site\/","logo":{"@type":"ImageObject","inLanguage":"pt-BR","@id":"https:\/\/ubanews.com\/site\/#\/schema\/logo\/image\/","url":"https:\/\/ubanews.com\/site\/wp-content\/uploads\/2018\/01\/logoubanews.png","contentUrl":"https:\/\/ubanews.com\/site\/wp-content\/uploads\/2018\/01\/logoubanews.png","width":261,"height":99,"caption":"Ub\u00e1 News"},"image":{"@id":"https:\/\/ubanews.com\/site\/#\/schema\/logo\/image\/"},"sameAs":["https:\/\/www.facebook.com\/Ub\u00e1News-Carlos-Roberto-Sodr\u00e9-418778301977370"]},{"@type":"Person","@id":"https:\/\/ubanews.com\/site\/#\/schema\/person\/9d8da9ec3c8d00640ab6e8c81e103310","name":"Carlos Roberto Sodr\u00e9","image":{"@type":"ImageObject","inLanguage":"pt-BR","@id":"https:\/\/secure.gravatar.com\/avatar\/aab322e8555b56c468614fafdab8a8f924e394cdc6cfd8232f77e9e4d123a133?s=96&d=mm&r=g","url":"https:\/\/secure.gravatar.com\/avatar\/aab322e8555b56c468614fafdab8a8f924e394cdc6cfd8232f77e9e4d123a133?s=96&d=mm&r=g","contentUrl":"https:\/\/secure.gravatar.com\/avatar\/aab322e8555b56c468614fafdab8a8f924e394cdc6cfd8232f77e9e4d123a133?s=96&d=mm&r=g","caption":"Carlos Roberto Sodr\u00e9"},"url":"https:\/\/ubanews.com\/site\/author\/sodre\/"}]}},"_links":{"self":[{"href":"https:\/\/ubanews.com\/site\/wp-json\/wp\/v2\/posts\/23326","targetHints":{"allow":["GET"]}}],"collection":[{"href":"https:\/\/ubanews.com\/site\/wp-json\/wp\/v2\/posts"}],"about":[{"href":"https:\/\/ubanews.com\/site\/wp-json\/wp\/v2\/types\/post"}],"author":[{"embeddable":true,"href":"https:\/\/ubanews.com\/site\/wp-json\/wp\/v2\/users\/4"}],"replies":[{"embeddable":true,"href":"https:\/\/ubanews.com\/site\/wp-json\/wp\/v2\/comments?post=23326"}],"version-history":[{"count":0,"href":"https:\/\/ubanews.com\/site\/wp-json\/wp\/v2\/posts\/23326\/revisions"}],"wp:featuredmedia":[{"embeddable":true,"href":"https:\/\/ubanews.com\/site\/wp-json\/wp\/v2\/media\/23327"}],"wp:attachment":[{"href":"https:\/\/ubanews.com\/site\/wp-json\/wp\/v2\/media?parent=23326"}],"wp:term":[{"taxonomy":"category","embeddable":true,"href":"https:\/\/ubanews.com\/site\/wp-json\/wp\/v2\/categories?post=23326"},{"taxonomy":"post_tag","embeddable":true,"href":"https:\/\/ubanews.com\/site\/wp-json\/wp\/v2\/tags?post=23326"}],"curies":[{"name":"wp","href":"https:\/\/api.w.org\/{rel}","templated":true}]}}