{"id":23321,"date":"2025-11-03T12:37:11","date_gmt":"2025-11-03T15:37:11","guid":{"rendered":"https:\/\/ubanews.com\/site\/?p=23321"},"modified":"2025-11-03T12:37:11","modified_gmt":"2025-11-03T15:37:11","slug":"caminhonete-furtada-em-leopoldina-e-recuperada-pela-pcmg-em-juiz-de-fora","status":"publish","type":"post","link":"https:\/\/ubanews.com\/site\/2025\/11\/03\/caminhonete-furtada-em-leopoldina-e-recuperada-pela-pcmg-em-juiz-de-fora\/","title":{"rendered":"Caminhonete furtada em Leopoldina \u00e9 recuperada pela PCMG em Juiz de Fora"},"content":{"rendered":"<p>Caminhonete furtada em Leopoldina \u00e9 recuperada pela PCMG em Juiz de Fora<\/p>\n<p><img decoding=\"async\" class=\"aligncenter size-medium wp-image-23322 lazyload\" data-src=\"https:\/\/ubanews.com\/site\/wp-content\/uploads\/2025\/11\/Fato-Policial-Fala-Sodre-Furto-300x225.jpg\" alt=\"Fato Policial\n\" width=\"300\" height=\"225\" data-srcset=\"https:\/\/ubanews.com\/site\/wp-content\/uploads\/2025\/11\/Fato-Policial-Fala-Sodre-Furto-300x225.jpg 300w, https:\/\/ubanews.com\/site\/wp-content\/uploads\/2025\/11\/Fato-Policial-Fala-Sodre-Furto-1024x768.jpg 1024w, https:\/\/ubanews.com\/site\/wp-content\/uploads\/2025\/11\/Fato-Policial-Fala-Sodre-Furto-768x576.jpg 768w, https:\/\/ubanews.com\/site\/wp-content\/uploads\/2025\/11\/Fato-Policial-Fala-Sodre-Furto.jpg 1280w\" data-sizes=\"(max-width: 300px) 100vw, 300px\" src=\"data:image\/svg+xml;base64,PHN2ZyB3aWR0aD0iMSIgaGVpZ2h0PSIxIiB4bWxucz0iaHR0cDovL3d3dy53My5vcmcvMjAwMC9zdmciPjwvc3ZnPg==\" style=\"--smush-placeholder-width: 300px; --smush-placeholder-aspect-ratio: 300\/225;\" \/><\/p>\n<p>Ve\u00edculo foi encontrado abandonado, destrancado e com placas de identifica\u00e7\u00e3o diferente das originais.<\/p>\n<p>Nessa quinta-feira (30\/10), a Pol\u00edcia Civil de Minas Gerais (PCMG) recuperou, em Juiz de Fora, na Zona da Mata, uma caminhonete que havia sido furtada no dia 20 deste m\u00eas, em Piacatuba, distrito de Leopoldina, a 97 quil\u00f4metros de dist\u00e2ncia.<\/p>\n<p>Por meio de levantamentos, a equipe da Delegacia de Pol\u00edcia em Leopoldina identificou que o autom\u00f3vel havia sido levado para a cidade da mesma regi\u00e3o, possivelmente para o bairro Industrial. Durante levantamentos no local, os policiais encontraram o ve\u00edculo abandonado, destrancado e com placas de identifica\u00e7\u00e3o diferente das originais.<\/p>\n<p>Considerando as caracter\u00edsticas do autom\u00f3vel e o fato de que em seu interior foram encontrados documentos pessoais da v\u00edtima, n\u00e3o restaram d\u00favidas de que se tratava do ve\u00edculo alvo do furto. Ainda assim, a caminhonete passou por per\u00edcia, que confirmou se tratar do mesmo ve\u00edculo.<\/p>\n<p>A a\u00e7\u00e3o, coordenada pela equipe da Delegacia de Pol\u00edcia em Leopoldina, contou com o apoio da Delegacia Regional em Juiz de Fora.<\/p>\n","protected":false},"excerpt":{"rendered":"<p>Caminhonete furtada em Leopoldina \u00e9 recuperada pela PCMG em Juiz<\/p>\n","protected":false},"author":4,"featured_media":23322,"comment_status":"open","ping_status":"open","sticky":false,"template":"","format":"standard","meta":{"footnotes":""},"categories":[1,3],"tags":[59,188,60],"class_list":["post-23321","post","type-post","status-publish","format-standard","has-post-thumbnail","hentry","category-sem-categoria","category-slide","tag-fala-sodre","tag-fato-policial","tag-ubanews"],"yoast_head":"<!-- This site is optimized with the Yoast SEO plugin v27.2 - https:\/\/yoast.com\/product\/yoast-seo-wordpress\/ -->\n<title>Caminhonete furtada em Leopoldina \u00e9 recuperada pela PCMG em Juiz de Fora - Ub\u00e1 News<\/title>\n<meta name=\"description\" content=\"Caminhonete furtada em Leopoldina \u00e9 recuperada pela PCMG em Juiz de Fora. Ve\u00edculo foi encontrado abandonado.\" \/>\n<meta name=\"robots\" content=\"index, follow, max-snippet:-1, max-image-preview:large, max-video-preview:-1\" \/>\n<link rel=\"canonical\" href=\"https:\/\/ubanews.com\/site\/2025\/11\/03\/caminhonete-furtada-em-leopoldina-e-recuperada-pela-pcmg-em-juiz-de-fora\/\" \/>\n<meta property=\"og:locale\" content=\"pt_BR\" \/>\n<meta property=\"og:type\" content=\"article\" \/>\n<meta property=\"og:title\" content=\"Caminhonete furtada em Leopoldina \u00e9 recuperada pela PCMG em Juiz de Fora - Ub\u00e1 News\" \/>\n<meta property=\"og:description\" content=\"Caminhonete furtada em Leopoldina \u00e9 recuperada pela PCMG em Juiz de Fora. Ve\u00edculo foi encontrado abandonado.\" \/>\n<meta property=\"og:url\" content=\"https:\/\/ubanews.com\/site\/2025\/11\/03\/caminhonete-furtada-em-leopoldina-e-recuperada-pela-pcmg-em-juiz-de-fora\/\" \/>\n<meta property=\"og:site_name\" content=\"Ub\u00e1 News\" \/>\n<meta property=\"article:publisher\" content=\"https:\/\/www.facebook.com\/Ub%c3%a1News-Carlos-Roberto-Sodr%c3%a9-418778301977370\" \/>\n<meta property=\"article:published_time\" content=\"2025-11-03T15:37:11+00:00\" \/>\n<meta property=\"og:image\" content=\"https:\/\/ubanews.com\/site\/wp-content\/uploads\/2025\/11\/Fato-Policial-Fala-Sodre-Furto.jpg\" \/>\n\t<meta property=\"og:image:width\" content=\"1280\" \/>\n\t<meta property=\"og:image:height\" content=\"960\" \/>\n\t<meta property=\"og:image:type\" content=\"image\/jpeg\" \/>\n<meta name=\"author\" content=\"Carlos Roberto Sodr\u00e9\" \/>\n<meta name=\"twitter:card\" content=\"summary_large_image\" \/>\n<meta name=\"twitter:label1\" content=\"Escrito por\" \/>\n\t<meta name=\"twitter:data1\" content=\"Carlos Roberto Sodr\u00e9\" \/>\n\t<meta name=\"twitter:label2\" content=\"Est. tempo de leitura\" \/>\n\t<meta name=\"twitter:data2\" content=\"2 minutos\" \/>\n<script type=\"application\/ld+json\" class=\"yoast-schema-graph\">{\"@context\":\"https:\/\/schema.org\",\"@graph\":[{\"@type\":\"Article\",\"@id\":\"https:\/\/ubanews.com\/site\/2025\/11\/03\/caminhonete-furtada-em-leopoldina-e-recuperada-pela-pcmg-em-juiz-de-fora\/#article\",\"isPartOf\":{\"@id\":\"https:\/\/ubanews.com\/site\/2025\/11\/03\/caminhonete-furtada-em-leopoldina-e-recuperada-pela-pcmg-em-juiz-de-fora\/\"},\"author\":{\"name\":\"Carlos Roberto Sodr\u00e9\",\"@id\":\"https:\/\/ubanews.com\/site\/#\/schema\/person\/9d8da9ec3c8d00640ab6e8c81e103310\"},\"headline\":\"Caminhonete furtada em Leopoldina \u00e9 recuperada pela PCMG em Juiz de Fora\",\"datePublished\":\"2025-11-03T15:37:11+00:00\",\"mainEntityOfPage\":{\"@id\":\"https:\/\/ubanews.com\/site\/2025\/11\/03\/caminhonete-furtada-em-leopoldina-e-recuperada-pela-pcmg-em-juiz-de-fora\/\"},\"wordCount\":209,\"commentCount\":0,\"publisher\":{\"@id\":\"https:\/\/ubanews.com\/site\/#organization\"},\"image\":{\"@id\":\"https:\/\/ubanews.com\/site\/2025\/11\/03\/caminhonete-furtada-em-leopoldina-e-recuperada-pela-pcmg-em-juiz-de-fora\/#primaryimage\"},\"thumbnailUrl\":\"https:\/\/ubanews.com\/site\/wp-content\/uploads\/2025\/11\/Fato-Policial-Fala-Sodre-Furto.jpg\",\"keywords\":[\"Fala Sodr\u00e9\",\"Fato Policial\",\"UBANEWS\"],\"articleSection\":[\"Geral\",\"Slide\"],\"inLanguage\":\"pt-BR\",\"potentialAction\":[{\"@type\":\"CommentAction\",\"name\":\"Comment\",\"target\":[\"https:\/\/ubanews.com\/site\/2025\/11\/03\/caminhonete-furtada-em-leopoldina-e-recuperada-pela-pcmg-em-juiz-de-fora\/#respond\"]}]},{\"@type\":\"WebPage\",\"@id\":\"https:\/\/ubanews.com\/site\/2025\/11\/03\/caminhonete-furtada-em-leopoldina-e-recuperada-pela-pcmg-em-juiz-de-fora\/\",\"url\":\"https:\/\/ubanews.com\/site\/2025\/11\/03\/caminhonete-furtada-em-leopoldina-e-recuperada-pela-pcmg-em-juiz-de-fora\/\",\"name\":\"Caminhonete furtada em Leopoldina \u00e9 recuperada pela PCMG em Juiz de Fora - Ub\u00e1 News\",\"isPartOf\":{\"@id\":\"https:\/\/ubanews.com\/site\/#website\"},\"primaryImageOfPage\":{\"@id\":\"https:\/\/ubanews.com\/site\/2025\/11\/03\/caminhonete-furtada-em-leopoldina-e-recuperada-pela-pcmg-em-juiz-de-fora\/#primaryimage\"},\"image\":{\"@id\":\"https:\/\/ubanews.com\/site\/2025\/11\/03\/caminhonete-furtada-em-leopoldina-e-recuperada-pela-pcmg-em-juiz-de-fora\/#primaryimage\"},\"thumbnailUrl\":\"https:\/\/ubanews.com\/site\/wp-content\/uploads\/2025\/11\/Fato-Policial-Fala-Sodre-Furto.jpg\",\"datePublished\":\"2025-11-03T15:37:11+00:00\",\"description\":\"Caminhonete furtada em Leopoldina \u00e9 recuperada pela PCMG em Juiz de Fora. Ve\u00edculo foi encontrado abandonado.\",\"breadcrumb\":{\"@id\":\"https:\/\/ubanews.com\/site\/2025\/11\/03\/caminhonete-furtada-em-leopoldina-e-recuperada-pela-pcmg-em-juiz-de-fora\/#breadcrumb\"},\"inLanguage\":\"pt-BR\",\"potentialAction\":[{\"@type\":\"ReadAction\",\"target\":[\"https:\/\/ubanews.com\/site\/2025\/11\/03\/caminhonete-furtada-em-leopoldina-e-recuperada-pela-pcmg-em-juiz-de-fora\/\"]}]},{\"@type\":\"ImageObject\",\"inLanguage\":\"pt-BR\",\"@id\":\"https:\/\/ubanews.com\/site\/2025\/11\/03\/caminhonete-furtada-em-leopoldina-e-recuperada-pela-pcmg-em-juiz-de-fora\/#primaryimage\",\"url\":\"https:\/\/ubanews.com\/site\/wp-content\/uploads\/2025\/11\/Fato-Policial-Fala-Sodre-Furto.jpg\",\"contentUrl\":\"https:\/\/ubanews.com\/site\/wp-content\/uploads\/2025\/11\/Fato-Policial-Fala-Sodre-Furto.jpg\",\"width\":1280,\"height\":960,\"caption\":\"Fato Policial\"},{\"@type\":\"BreadcrumbList\",\"@id\":\"https:\/\/ubanews.com\/site\/2025\/11\/03\/caminhonete-furtada-em-leopoldina-e-recuperada-pela-pcmg-em-juiz-de-fora\/#breadcrumb\",\"itemListElement\":[{\"@type\":\"ListItem\",\"position\":1,\"name\":\"Home\",\"item\":\"https:\/\/ubanews.com\/site\/\"},{\"@type\":\"ListItem\",\"position\":2,\"name\":\"Caminhonete furtada em Leopoldina \u00e9 recuperada pela PCMG em Juiz de Fora\"}]},{\"@type\":\"WebSite\",\"@id\":\"https:\/\/ubanews.com\/site\/#website\",\"url\":\"https:\/\/ubanews.com\/site\/\",\"name\":\"Ub\u00e1 News\",\"description\":\"\",\"publisher\":{\"@id\":\"https:\/\/ubanews.com\/site\/#organization\"},\"potentialAction\":[{\"@type\":\"SearchAction\",\"target\":{\"@type\":\"EntryPoint\",\"urlTemplate\":\"https:\/\/ubanews.com\/site\/?s={search_term_string}\"},\"query-input\":{\"@type\":\"PropertyValueSpecification\",\"valueRequired\":true,\"valueName\":\"search_term_string\"}}],\"inLanguage\":\"pt-BR\"},{\"@type\":\"Organization\",\"@id\":\"https:\/\/ubanews.com\/site\/#organization\",\"name\":\"Ub\u00e1 News\",\"url\":\"https:\/\/ubanews.com\/site\/\",\"logo\":{\"@type\":\"ImageObject\",\"inLanguage\":\"pt-BR\",\"@id\":\"https:\/\/ubanews.com\/site\/#\/schema\/logo\/image\/\",\"url\":\"https:\/\/ubanews.com\/site\/wp-content\/uploads\/2018\/01\/logoubanews.png\",\"contentUrl\":\"https:\/\/ubanews.com\/site\/wp-content\/uploads\/2018\/01\/logoubanews.png\",\"width\":261,\"height\":99,\"caption\":\"Ub\u00e1 News\"},\"image\":{\"@id\":\"https:\/\/ubanews.com\/site\/#\/schema\/logo\/image\/\"},\"sameAs\":[\"https:\/\/www.facebook.com\/Ub\u00e1News-Carlos-Roberto-Sodr\u00e9-418778301977370\"]},{\"@type\":\"Person\",\"@id\":\"https:\/\/ubanews.com\/site\/#\/schema\/person\/9d8da9ec3c8d00640ab6e8c81e103310\",\"name\":\"Carlos Roberto Sodr\u00e9\",\"image\":{\"@type\":\"ImageObject\",\"inLanguage\":\"pt-BR\",\"@id\":\"https:\/\/secure.gravatar.com\/avatar\/aab322e8555b56c468614fafdab8a8f924e394cdc6cfd8232f77e9e4d123a133?s=96&d=mm&r=g\",\"url\":\"https:\/\/secure.gravatar.com\/avatar\/aab322e8555b56c468614fafdab8a8f924e394cdc6cfd8232f77e9e4d123a133?s=96&d=mm&r=g\",\"contentUrl\":\"https:\/\/secure.gravatar.com\/avatar\/aab322e8555b56c468614fafdab8a8f924e394cdc6cfd8232f77e9e4d123a133?s=96&d=mm&r=g\",\"caption\":\"Carlos Roberto Sodr\u00e9\"},\"url\":\"https:\/\/ubanews.com\/site\/author\/sodre\/\"}]}<\/script>\n<!-- \/ Yoast SEO plugin. -->","yoast_head_json":{"title":"Caminhonete furtada em Leopoldina \u00e9 recuperada pela PCMG em Juiz de Fora - Ub\u00e1 News","description":"Caminhonete furtada em Leopoldina \u00e9 recuperada pela PCMG em Juiz de Fora. Ve\u00edculo foi encontrado abandonado.","robots":{"index":"index","follow":"follow","max-snippet":"max-snippet:-1","max-image-preview":"max-image-preview:large","max-video-preview":"max-video-preview:-1"},"canonical":"https:\/\/ubanews.com\/site\/2025\/11\/03\/caminhonete-furtada-em-leopoldina-e-recuperada-pela-pcmg-em-juiz-de-fora\/","og_locale":"pt_BR","og_type":"article","og_title":"Caminhonete furtada em Leopoldina \u00e9 recuperada pela PCMG em Juiz de Fora - Ub\u00e1 News","og_description":"Caminhonete furtada em Leopoldina \u00e9 recuperada pela PCMG em Juiz de Fora. Ve\u00edculo foi encontrado abandonado.","og_url":"https:\/\/ubanews.com\/site\/2025\/11\/03\/caminhonete-furtada-em-leopoldina-e-recuperada-pela-pcmg-em-juiz-de-fora\/","og_site_name":"Ub\u00e1 News","article_publisher":"https:\/\/www.facebook.com\/Ub%c3%a1News-Carlos-Roberto-Sodr%c3%a9-418778301977370","article_published_time":"2025-11-03T15:37:11+00:00","og_image":[{"width":1280,"height":960,"url":"https:\/\/ubanews.com\/site\/wp-content\/uploads\/2025\/11\/Fato-Policial-Fala-Sodre-Furto.jpg","type":"image\/jpeg"}],"author":"Carlos Roberto Sodr\u00e9","twitter_card":"summary_large_image","twitter_misc":{"Escrito por":"Carlos Roberto Sodr\u00e9","Est. tempo de leitura":"2 minutos"},"schema":{"@context":"https:\/\/schema.org","@graph":[{"@type":"Article","@id":"https:\/\/ubanews.com\/site\/2025\/11\/03\/caminhonete-furtada-em-leopoldina-e-recuperada-pela-pcmg-em-juiz-de-fora\/#article","isPartOf":{"@id":"https:\/\/ubanews.com\/site\/2025\/11\/03\/caminhonete-furtada-em-leopoldina-e-recuperada-pela-pcmg-em-juiz-de-fora\/"},"author":{"name":"Carlos Roberto Sodr\u00e9","@id":"https:\/\/ubanews.com\/site\/#\/schema\/person\/9d8da9ec3c8d00640ab6e8c81e103310"},"headline":"Caminhonete furtada em Leopoldina \u00e9 recuperada pela PCMG em Juiz de Fora","datePublished":"2025-11-03T15:37:11+00:00","mainEntityOfPage":{"@id":"https:\/\/ubanews.com\/site\/2025\/11\/03\/caminhonete-furtada-em-leopoldina-e-recuperada-pela-pcmg-em-juiz-de-fora\/"},"wordCount":209,"commentCount":0,"publisher":{"@id":"https:\/\/ubanews.com\/site\/#organization"},"image":{"@id":"https:\/\/ubanews.com\/site\/2025\/11\/03\/caminhonete-furtada-em-leopoldina-e-recuperada-pela-pcmg-em-juiz-de-fora\/#primaryimage"},"thumbnailUrl":"https:\/\/ubanews.com\/site\/wp-content\/uploads\/2025\/11\/Fato-Policial-Fala-Sodre-Furto.jpg","keywords":["Fala Sodr\u00e9","Fato Policial","UBANEWS"],"articleSection":["Geral","Slide"],"inLanguage":"pt-BR","potentialAction":[{"@type":"CommentAction","name":"Comment","target":["https:\/\/ubanews.com\/site\/2025\/11\/03\/caminhonete-furtada-em-leopoldina-e-recuperada-pela-pcmg-em-juiz-de-fora\/#respond"]}]},{"@type":"WebPage","@id":"https:\/\/ubanews.com\/site\/2025\/11\/03\/caminhonete-furtada-em-leopoldina-e-recuperada-pela-pcmg-em-juiz-de-fora\/","url":"https:\/\/ubanews.com\/site\/2025\/11\/03\/caminhonete-furtada-em-leopoldina-e-recuperada-pela-pcmg-em-juiz-de-fora\/","name":"Caminhonete furtada em Leopoldina \u00e9 recuperada pela PCMG em Juiz de Fora - Ub\u00e1 News","isPartOf":{"@id":"https:\/\/ubanews.com\/site\/#website"},"primaryImageOfPage":{"@id":"https:\/\/ubanews.com\/site\/2025\/11\/03\/caminhonete-furtada-em-leopoldina-e-recuperada-pela-pcmg-em-juiz-de-fora\/#primaryimage"},"image":{"@id":"https:\/\/ubanews.com\/site\/2025\/11\/03\/caminhonete-furtada-em-leopoldina-e-recuperada-pela-pcmg-em-juiz-de-fora\/#primaryimage"},"thumbnailUrl":"https:\/\/ubanews.com\/site\/wp-content\/uploads\/2025\/11\/Fato-Policial-Fala-Sodre-Furto.jpg","datePublished":"2025-11-03T15:37:11+00:00","description":"Caminhonete furtada em Leopoldina \u00e9 recuperada pela PCMG em Juiz de Fora. Ve\u00edculo foi encontrado abandonado.","breadcrumb":{"@id":"https:\/\/ubanews.com\/site\/2025\/11\/03\/caminhonete-furtada-em-leopoldina-e-recuperada-pela-pcmg-em-juiz-de-fora\/#breadcrumb"},"inLanguage":"pt-BR","potentialAction":[{"@type":"ReadAction","target":["https:\/\/ubanews.com\/site\/2025\/11\/03\/caminhonete-furtada-em-leopoldina-e-recuperada-pela-pcmg-em-juiz-de-fora\/"]}]},{"@type":"ImageObject","inLanguage":"pt-BR","@id":"https:\/\/ubanews.com\/site\/2025\/11\/03\/caminhonete-furtada-em-leopoldina-e-recuperada-pela-pcmg-em-juiz-de-fora\/#primaryimage","url":"https:\/\/ubanews.com\/site\/wp-content\/uploads\/2025\/11\/Fato-Policial-Fala-Sodre-Furto.jpg","contentUrl":"https:\/\/ubanews.com\/site\/wp-content\/uploads\/2025\/11\/Fato-Policial-Fala-Sodre-Furto.jpg","width":1280,"height":960,"caption":"Fato Policial"},{"@type":"BreadcrumbList","@id":"https:\/\/ubanews.com\/site\/2025\/11\/03\/caminhonete-furtada-em-leopoldina-e-recuperada-pela-pcmg-em-juiz-de-fora\/#breadcrumb","itemListElement":[{"@type":"ListItem","position":1,"name":"Home","item":"https:\/\/ubanews.com\/site\/"},{"@type":"ListItem","position":2,"name":"Caminhonete furtada em Leopoldina \u00e9 recuperada pela PCMG em Juiz de Fora"}]},{"@type":"WebSite","@id":"https:\/\/ubanews.com\/site\/#website","url":"https:\/\/ubanews.com\/site\/","name":"Ub\u00e1 News","description":"","publisher":{"@id":"https:\/\/ubanews.com\/site\/#organization"},"potentialAction":[{"@type":"SearchAction","target":{"@type":"EntryPoint","urlTemplate":"https:\/\/ubanews.com\/site\/?s={search_term_string}"},"query-input":{"@type":"PropertyValueSpecification","valueRequired":true,"valueName":"search_term_string"}}],"inLanguage":"pt-BR"},{"@type":"Organization","@id":"https:\/\/ubanews.com\/site\/#organization","name":"Ub\u00e1 News","url":"https:\/\/ubanews.com\/site\/","logo":{"@type":"ImageObject","inLanguage":"pt-BR","@id":"https:\/\/ubanews.com\/site\/#\/schema\/logo\/image\/","url":"https:\/\/ubanews.com\/site\/wp-content\/uploads\/2018\/01\/logoubanews.png","contentUrl":"https:\/\/ubanews.com\/site\/wp-content\/uploads\/2018\/01\/logoubanews.png","width":261,"height":99,"caption":"Ub\u00e1 News"},"image":{"@id":"https:\/\/ubanews.com\/site\/#\/schema\/logo\/image\/"},"sameAs":["https:\/\/www.facebook.com\/Ub\u00e1News-Carlos-Roberto-Sodr\u00e9-418778301977370"]},{"@type":"Person","@id":"https:\/\/ubanews.com\/site\/#\/schema\/person\/9d8da9ec3c8d00640ab6e8c81e103310","name":"Carlos Roberto Sodr\u00e9","image":{"@type":"ImageObject","inLanguage":"pt-BR","@id":"https:\/\/secure.gravatar.com\/avatar\/aab322e8555b56c468614fafdab8a8f924e394cdc6cfd8232f77e9e4d123a133?s=96&d=mm&r=g","url":"https:\/\/secure.gravatar.com\/avatar\/aab322e8555b56c468614fafdab8a8f924e394cdc6cfd8232f77e9e4d123a133?s=96&d=mm&r=g","contentUrl":"https:\/\/secure.gravatar.com\/avatar\/aab322e8555b56c468614fafdab8a8f924e394cdc6cfd8232f77e9e4d123a133?s=96&d=mm&r=g","caption":"Carlos Roberto Sodr\u00e9"},"url":"https:\/\/ubanews.com\/site\/author\/sodre\/"}]}},"_links":{"self":[{"href":"https:\/\/ubanews.com\/site\/wp-json\/wp\/v2\/posts\/23321","targetHints":{"allow":["GET"]}}],"collection":[{"href":"https:\/\/ubanews.com\/site\/wp-json\/wp\/v2\/posts"}],"about":[{"href":"https:\/\/ubanews.com\/site\/wp-json\/wp\/v2\/types\/post"}],"author":[{"embeddable":true,"href":"https:\/\/ubanews.com\/site\/wp-json\/wp\/v2\/users\/4"}],"replies":[{"embeddable":true,"href":"https:\/\/ubanews.com\/site\/wp-json\/wp\/v2\/comments?post=23321"}],"version-history":[{"count":0,"href":"https:\/\/ubanews.com\/site\/wp-json\/wp\/v2\/posts\/23321\/revisions"}],"wp:featuredmedia":[{"embeddable":true,"href":"https:\/\/ubanews.com\/site\/wp-json\/wp\/v2\/media\/23322"}],"wp:attachment":[{"href":"https:\/\/ubanews.com\/site\/wp-json\/wp\/v2\/media?parent=23321"}],"wp:term":[{"taxonomy":"category","embeddable":true,"href":"https:\/\/ubanews.com\/site\/wp-json\/wp\/v2\/categories?post=23321"},{"taxonomy":"post_tag","embeddable":true,"href":"https:\/\/ubanews.com\/site\/wp-json\/wp\/v2\/tags?post=23321"}],"curies":[{"name":"wp","href":"https:\/\/api.w.org\/{rel}","templated":true}]}}