{"id":23317,"date":"2025-11-03T12:28:10","date_gmt":"2025-11-03T15:28:10","guid":{"rendered":"https:\/\/ubanews.com\/site\/?p=23317"},"modified":"2025-11-03T12:29:47","modified_gmt":"2025-11-03T15:29:47","slug":"baco-adegas-do-crime","status":"publish","type":"post","link":"https:\/\/ubanews.com\/site\/2025\/11\/03\/baco-adegas-do-crime\/","title":{"rendered":"Baco: Adegas do Crime"},"content":{"rendered":"<p>Na manh\u00e3 desta sexta-feira (31\/10), foi desencadeada a Opera\u00e7\u00e3o \u201cBaco: Adegas do Crime\u201d , uma a\u00e7\u00e3o integrada entre o Instituto Mineiro de Agropecu\u00e1ria (IMA), Vigil\u00e2ncia Sanit\u00e1ria Municipal, Corpo de Bombeiros Militar de Minas Gerais (CBMMG) e a Pol\u00edcia Militar de Minas Gerais (PMMG) .<\/p>\n<h2>Baco: Adegas do Crime<\/h2>\n<div style=\"width: 640px;\" class=\"wp-video\"><video class=\"wp-video-shortcode\" id=\"video-23317-1\" width=\"640\" height=\"360\" preload=\"metadata\" controls=\"controls\"><source type=\"video\/mp4\" src=\"https:\/\/ubanews.com\/site\/wp-content\/uploads\/2025\/11\/WhatsApp-Video-2025-10-31-at-17.54.15.mp4?_=1\" \/><a href=\"https:\/\/ubanews.com\/site\/wp-content\/uploads\/2025\/11\/WhatsApp-Video-2025-10-31-at-17.54.15.mp4\">https:\/\/ubanews.com\/site\/wp-content\/uploads\/2025\/11\/WhatsApp-Video-2025-10-31-at-17.54.15.mp4<\/a><\/video><\/div>\n<p>A opera\u00e7\u00e3o ocorreu simultaneamente em diversos munic\u00edpios do estado, com foco na fiscaliza\u00e7\u00e3o de estabelecimentos comerciais ligados \u00e0 venda e ao armazenamento de bebidas alco\u00f3licas. No \u00e2mbito do 21\u00ba Batalh\u00e3o da Pol\u00edcia Militar, as a\u00e7\u00f5es foram realizadas em dois locais: um no bairro Jardim Primavera, em Ub\u00e1, e outro no bairro Vale do Ouro, em Tocantins.<\/p>\n<p>A Opera\u00e7\u00e3o Adegas do Crime integra a estrat\u00e9gia estadual denominada Opera\u00e7\u00e3o Baco , desencadeada pela PMMG no per\u00edodo de 20 de outubro a 30 de novembro de 2025, com o objetivo de enfraquecer as redes criminosas que se utilizam de com\u00e9rcios formais de bebidas para lavagem de dinheiro, tr\u00e1fico de drogas e outras atividades il\u00edcitas. A opera\u00e7\u00e3o \u00e9 orientada por an\u00e1lises de intelig\u00eancia policial , combinando a\u00e7\u00f5es preventivas e repressivas .<\/p>\n<p>Durante a a\u00e7\u00e3o, foram verificadas condi\u00e7\u00f5es de higiene, regularidade sanit\u00e1ria e documental, e cumprimento das normas de seguran\u00e7a e preven\u00e7\u00e3o contra inc\u00eandio. As equipes conjuntas tamb\u00e9m apuraram ind\u00edcios de irregularidades administrativas e tribut\u00e1rias, refor\u00e7ando o compromisso do Estado com a prote\u00e7\u00e3o da sa\u00fade p\u00fablica e o combate \u00e0 informalidade .<\/p>\n<p>Com a execu\u00e7\u00e3o da opera\u00e7\u00e3o, a Pol\u00edcia Militar reafirma seu compromisso com o enfrentamento ao crime organizado , atuando de forma integrada e estrat\u00e9gica para garantir ordem, seguran\u00e7a e tranquilidade \u00e0 sociedade mineira .<\/p>\n<p>N\u00e3o foram encontradas irregularidades nos estabelecimentos vistoriados<\/p>\n","protected":false},"excerpt":{"rendered":"<p>Na manh\u00e3 desta sexta-feira (31\/10), foi desencadeada a Opera\u00e7\u00e3o \u201cBaco:<\/p>\n","protected":false},"author":4,"featured_media":23058,"comment_status":"open","ping_status":"open","sticky":false,"template":"","format":"standard","meta":{"footnotes":""},"categories":[1],"tags":[59,188,60],"class_list":["post-23317","post","type-post","status-publish","format-standard","has-post-thumbnail","hentry","category-sem-categoria","tag-fala-sodre","tag-fato-policial","tag-ubanews"],"yoast_head":"<!-- This site is optimized with the Yoast SEO plugin v27.2 - https:\/\/yoast.com\/product\/yoast-seo-wordpress\/ -->\n<title>Baco: Adegas do Crime - Ub\u00e1 News<\/title>\n<meta name=\"description\" content=\"Baco: Adegas do Crime\u201d , uma a\u00e7\u00e3o integrada entre o Instituto Mineiro de Agropecu\u00e1ria (IMA)\" \/>\n<meta name=\"robots\" content=\"index, follow, max-snippet:-1, max-image-preview:large, max-video-preview:-1\" \/>\n<link rel=\"canonical\" href=\"https:\/\/ubanews.com\/site\/2025\/11\/03\/baco-adegas-do-crime\/\" \/>\n<meta property=\"og:locale\" content=\"pt_BR\" \/>\n<meta property=\"og:type\" content=\"article\" \/>\n<meta property=\"og:title\" content=\"Baco: Adegas do Crime - Ub\u00e1 News\" \/>\n<meta property=\"og:description\" content=\"Baco: Adegas do Crime\u201d , uma a\u00e7\u00e3o integrada entre o Instituto Mineiro de Agropecu\u00e1ria (IMA)\" \/>\n<meta property=\"og:url\" content=\"https:\/\/ubanews.com\/site\/2025\/11\/03\/baco-adegas-do-crime\/\" \/>\n<meta property=\"og:site_name\" content=\"Ub\u00e1 News\" \/>\n<meta property=\"article:publisher\" content=\"https:\/\/www.facebook.com\/Ub%c3%a1News-Carlos-Roberto-Sodr%c3%a9-418778301977370\" \/>\n<meta property=\"article:published_time\" content=\"2025-11-03T15:28:10+00:00\" \/>\n<meta property=\"article:modified_time\" content=\"2025-11-03T15:29:47+00:00\" \/>\n<meta property=\"og:image\" content=\"https:\/\/ubanews.com\/site\/wp-content\/uploads\/2025\/10\/Logo-Policia-Militar.jpg\" \/>\n\t<meta property=\"og:image:width\" content=\"1080\" \/>\n\t<meta property=\"og:image:height\" content=\"1080\" \/>\n\t<meta property=\"og:image:type\" content=\"image\/jpeg\" \/>\n<meta name=\"author\" content=\"Carlos Roberto Sodr\u00e9\" \/>\n<meta name=\"twitter:card\" content=\"summary_large_image\" \/>\n<meta name=\"twitter:label1\" content=\"Escrito por\" \/>\n\t<meta name=\"twitter:data1\" content=\"Carlos Roberto Sodr\u00e9\" \/>\n\t<meta name=\"twitter:label2\" content=\"Est. tempo de leitura\" \/>\n\t<meta name=\"twitter:data2\" content=\"2 minutos\" \/>\n<script type=\"application\/ld+json\" class=\"yoast-schema-graph\">{\"@context\":\"https:\/\/schema.org\",\"@graph\":[{\"@type\":\"Article\",\"@id\":\"https:\/\/ubanews.com\/site\/2025\/11\/03\/baco-adegas-do-crime\/#article\",\"isPartOf\":{\"@id\":\"https:\/\/ubanews.com\/site\/2025\/11\/03\/baco-adegas-do-crime\/\"},\"author\":{\"name\":\"Carlos Roberto Sodr\u00e9\",\"@id\":\"https:\/\/ubanews.com\/site\/#\/schema\/person\/9d8da9ec3c8d00640ab6e8c81e103310\"},\"headline\":\"Baco: Adegas do Crime\",\"datePublished\":\"2025-11-03T15:28:10+00:00\",\"dateModified\":\"2025-11-03T15:29:47+00:00\",\"mainEntityOfPage\":{\"@id\":\"https:\/\/ubanews.com\/site\/2025\/11\/03\/baco-adegas-do-crime\/\"},\"wordCount\":310,\"commentCount\":0,\"publisher\":{\"@id\":\"https:\/\/ubanews.com\/site\/#organization\"},\"image\":{\"@id\":\"https:\/\/ubanews.com\/site\/2025\/11\/03\/baco-adegas-do-crime\/#primaryimage\"},\"thumbnailUrl\":\"https:\/\/ubanews.com\/site\/wp-content\/uploads\/2025\/10\/Logo-Policia-Militar.jpg\",\"keywords\":[\"Fala Sodr\u00e9\",\"Fato Policial\",\"UBANEWS\"],\"articleSection\":[\"Geral\"],\"inLanguage\":\"pt-BR\",\"potentialAction\":[{\"@type\":\"CommentAction\",\"name\":\"Comment\",\"target\":[\"https:\/\/ubanews.com\/site\/2025\/11\/03\/baco-adegas-do-crime\/#respond\"]}]},{\"@type\":\"WebPage\",\"@id\":\"https:\/\/ubanews.com\/site\/2025\/11\/03\/baco-adegas-do-crime\/\",\"url\":\"https:\/\/ubanews.com\/site\/2025\/11\/03\/baco-adegas-do-crime\/\",\"name\":\"Baco: Adegas do Crime - Ub\u00e1 News\",\"isPartOf\":{\"@id\":\"https:\/\/ubanews.com\/site\/#website\"},\"primaryImageOfPage\":{\"@id\":\"https:\/\/ubanews.com\/site\/2025\/11\/03\/baco-adegas-do-crime\/#primaryimage\"},\"image\":{\"@id\":\"https:\/\/ubanews.com\/site\/2025\/11\/03\/baco-adegas-do-crime\/#primaryimage\"},\"thumbnailUrl\":\"https:\/\/ubanews.com\/site\/wp-content\/uploads\/2025\/10\/Logo-Policia-Militar.jpg\",\"datePublished\":\"2025-11-03T15:28:10+00:00\",\"dateModified\":\"2025-11-03T15:29:47+00:00\",\"description\":\"Baco: Adegas do Crime\u201d , uma a\u00e7\u00e3o integrada entre o Instituto Mineiro de Agropecu\u00e1ria (IMA)\",\"breadcrumb\":{\"@id\":\"https:\/\/ubanews.com\/site\/2025\/11\/03\/baco-adegas-do-crime\/#breadcrumb\"},\"inLanguage\":\"pt-BR\",\"potentialAction\":[{\"@type\":\"ReadAction\",\"target\":[\"https:\/\/ubanews.com\/site\/2025\/11\/03\/baco-adegas-do-crime\/\"]}]},{\"@type\":\"ImageObject\",\"inLanguage\":\"pt-BR\",\"@id\":\"https:\/\/ubanews.com\/site\/2025\/11\/03\/baco-adegas-do-crime\/#primaryimage\",\"url\":\"https:\/\/ubanews.com\/site\/wp-content\/uploads\/2025\/10\/Logo-Policia-Militar.jpg\",\"contentUrl\":\"https:\/\/ubanews.com\/site\/wp-content\/uploads\/2025\/10\/Logo-Policia-Militar.jpg\",\"width\":1080,\"height\":1080,\"caption\":\"Logo Policia Militar Rodovi\u00e1ria\"},{\"@type\":\"BreadcrumbList\",\"@id\":\"https:\/\/ubanews.com\/site\/2025\/11\/03\/baco-adegas-do-crime\/#breadcrumb\",\"itemListElement\":[{\"@type\":\"ListItem\",\"position\":1,\"name\":\"Home\",\"item\":\"https:\/\/ubanews.com\/site\/\"},{\"@type\":\"ListItem\",\"position\":2,\"name\":\"Baco: Adegas do Crime\"}]},{\"@type\":\"WebSite\",\"@id\":\"https:\/\/ubanews.com\/site\/#website\",\"url\":\"https:\/\/ubanews.com\/site\/\",\"name\":\"Ub\u00e1 News\",\"description\":\"\",\"publisher\":{\"@id\":\"https:\/\/ubanews.com\/site\/#organization\"},\"potentialAction\":[{\"@type\":\"SearchAction\",\"target\":{\"@type\":\"EntryPoint\",\"urlTemplate\":\"https:\/\/ubanews.com\/site\/?s={search_term_string}\"},\"query-input\":{\"@type\":\"PropertyValueSpecification\",\"valueRequired\":true,\"valueName\":\"search_term_string\"}}],\"inLanguage\":\"pt-BR\"},{\"@type\":\"Organization\",\"@id\":\"https:\/\/ubanews.com\/site\/#organization\",\"name\":\"Ub\u00e1 News\",\"url\":\"https:\/\/ubanews.com\/site\/\",\"logo\":{\"@type\":\"ImageObject\",\"inLanguage\":\"pt-BR\",\"@id\":\"https:\/\/ubanews.com\/site\/#\/schema\/logo\/image\/\",\"url\":\"https:\/\/ubanews.com\/site\/wp-content\/uploads\/2018\/01\/logoubanews.png\",\"contentUrl\":\"https:\/\/ubanews.com\/site\/wp-content\/uploads\/2018\/01\/logoubanews.png\",\"width\":261,\"height\":99,\"caption\":\"Ub\u00e1 News\"},\"image\":{\"@id\":\"https:\/\/ubanews.com\/site\/#\/schema\/logo\/image\/\"},\"sameAs\":[\"https:\/\/www.facebook.com\/Ub\u00e1News-Carlos-Roberto-Sodr\u00e9-418778301977370\"]},{\"@type\":\"Person\",\"@id\":\"https:\/\/ubanews.com\/site\/#\/schema\/person\/9d8da9ec3c8d00640ab6e8c81e103310\",\"name\":\"Carlos Roberto Sodr\u00e9\",\"image\":{\"@type\":\"ImageObject\",\"inLanguage\":\"pt-BR\",\"@id\":\"https:\/\/secure.gravatar.com\/avatar\/aab322e8555b56c468614fafdab8a8f924e394cdc6cfd8232f77e9e4d123a133?s=96&d=mm&r=g\",\"url\":\"https:\/\/secure.gravatar.com\/avatar\/aab322e8555b56c468614fafdab8a8f924e394cdc6cfd8232f77e9e4d123a133?s=96&d=mm&r=g\",\"contentUrl\":\"https:\/\/secure.gravatar.com\/avatar\/aab322e8555b56c468614fafdab8a8f924e394cdc6cfd8232f77e9e4d123a133?s=96&d=mm&r=g\",\"caption\":\"Carlos Roberto Sodr\u00e9\"},\"url\":\"https:\/\/ubanews.com\/site\/author\/sodre\/\"}]}<\/script>\n<!-- \/ Yoast SEO plugin. -->","yoast_head_json":{"title":"Baco: Adegas do Crime - Ub\u00e1 News","description":"Baco: Adegas do Crime\u201d , uma a\u00e7\u00e3o integrada entre o Instituto Mineiro de Agropecu\u00e1ria (IMA)","robots":{"index":"index","follow":"follow","max-snippet":"max-snippet:-1","max-image-preview":"max-image-preview:large","max-video-preview":"max-video-preview:-1"},"canonical":"https:\/\/ubanews.com\/site\/2025\/11\/03\/baco-adegas-do-crime\/","og_locale":"pt_BR","og_type":"article","og_title":"Baco: Adegas do Crime - Ub\u00e1 News","og_description":"Baco: Adegas do Crime\u201d , uma a\u00e7\u00e3o integrada entre o Instituto Mineiro de Agropecu\u00e1ria (IMA)","og_url":"https:\/\/ubanews.com\/site\/2025\/11\/03\/baco-adegas-do-crime\/","og_site_name":"Ub\u00e1 News","article_publisher":"https:\/\/www.facebook.com\/Ub%c3%a1News-Carlos-Roberto-Sodr%c3%a9-418778301977370","article_published_time":"2025-11-03T15:28:10+00:00","article_modified_time":"2025-11-03T15:29:47+00:00","og_image":[{"width":1080,"height":1080,"url":"https:\/\/ubanews.com\/site\/wp-content\/uploads\/2025\/10\/Logo-Policia-Militar.jpg","type":"image\/jpeg"}],"author":"Carlos Roberto Sodr\u00e9","twitter_card":"summary_large_image","twitter_misc":{"Escrito por":"Carlos Roberto Sodr\u00e9","Est. tempo de leitura":"2 minutos"},"schema":{"@context":"https:\/\/schema.org","@graph":[{"@type":"Article","@id":"https:\/\/ubanews.com\/site\/2025\/11\/03\/baco-adegas-do-crime\/#article","isPartOf":{"@id":"https:\/\/ubanews.com\/site\/2025\/11\/03\/baco-adegas-do-crime\/"},"author":{"name":"Carlos Roberto Sodr\u00e9","@id":"https:\/\/ubanews.com\/site\/#\/schema\/person\/9d8da9ec3c8d00640ab6e8c81e103310"},"headline":"Baco: Adegas do Crime","datePublished":"2025-11-03T15:28:10+00:00","dateModified":"2025-11-03T15:29:47+00:00","mainEntityOfPage":{"@id":"https:\/\/ubanews.com\/site\/2025\/11\/03\/baco-adegas-do-crime\/"},"wordCount":310,"commentCount":0,"publisher":{"@id":"https:\/\/ubanews.com\/site\/#organization"},"image":{"@id":"https:\/\/ubanews.com\/site\/2025\/11\/03\/baco-adegas-do-crime\/#primaryimage"},"thumbnailUrl":"https:\/\/ubanews.com\/site\/wp-content\/uploads\/2025\/10\/Logo-Policia-Militar.jpg","keywords":["Fala Sodr\u00e9","Fato Policial","UBANEWS"],"articleSection":["Geral"],"inLanguage":"pt-BR","potentialAction":[{"@type":"CommentAction","name":"Comment","target":["https:\/\/ubanews.com\/site\/2025\/11\/03\/baco-adegas-do-crime\/#respond"]}]},{"@type":"WebPage","@id":"https:\/\/ubanews.com\/site\/2025\/11\/03\/baco-adegas-do-crime\/","url":"https:\/\/ubanews.com\/site\/2025\/11\/03\/baco-adegas-do-crime\/","name":"Baco: Adegas do Crime - Ub\u00e1 News","isPartOf":{"@id":"https:\/\/ubanews.com\/site\/#website"},"primaryImageOfPage":{"@id":"https:\/\/ubanews.com\/site\/2025\/11\/03\/baco-adegas-do-crime\/#primaryimage"},"image":{"@id":"https:\/\/ubanews.com\/site\/2025\/11\/03\/baco-adegas-do-crime\/#primaryimage"},"thumbnailUrl":"https:\/\/ubanews.com\/site\/wp-content\/uploads\/2025\/10\/Logo-Policia-Militar.jpg","datePublished":"2025-11-03T15:28:10+00:00","dateModified":"2025-11-03T15:29:47+00:00","description":"Baco: Adegas do Crime\u201d , uma a\u00e7\u00e3o integrada entre o Instituto Mineiro de Agropecu\u00e1ria (IMA)","breadcrumb":{"@id":"https:\/\/ubanews.com\/site\/2025\/11\/03\/baco-adegas-do-crime\/#breadcrumb"},"inLanguage":"pt-BR","potentialAction":[{"@type":"ReadAction","target":["https:\/\/ubanews.com\/site\/2025\/11\/03\/baco-adegas-do-crime\/"]}]},{"@type":"ImageObject","inLanguage":"pt-BR","@id":"https:\/\/ubanews.com\/site\/2025\/11\/03\/baco-adegas-do-crime\/#primaryimage","url":"https:\/\/ubanews.com\/site\/wp-content\/uploads\/2025\/10\/Logo-Policia-Militar.jpg","contentUrl":"https:\/\/ubanews.com\/site\/wp-content\/uploads\/2025\/10\/Logo-Policia-Militar.jpg","width":1080,"height":1080,"caption":"Logo Policia Militar Rodovi\u00e1ria"},{"@type":"BreadcrumbList","@id":"https:\/\/ubanews.com\/site\/2025\/11\/03\/baco-adegas-do-crime\/#breadcrumb","itemListElement":[{"@type":"ListItem","position":1,"name":"Home","item":"https:\/\/ubanews.com\/site\/"},{"@type":"ListItem","position":2,"name":"Baco: Adegas do Crime"}]},{"@type":"WebSite","@id":"https:\/\/ubanews.com\/site\/#website","url":"https:\/\/ubanews.com\/site\/","name":"Ub\u00e1 News","description":"","publisher":{"@id":"https:\/\/ubanews.com\/site\/#organization"},"potentialAction":[{"@type":"SearchAction","target":{"@type":"EntryPoint","urlTemplate":"https:\/\/ubanews.com\/site\/?s={search_term_string}"},"query-input":{"@type":"PropertyValueSpecification","valueRequired":true,"valueName":"search_term_string"}}],"inLanguage":"pt-BR"},{"@type":"Organization","@id":"https:\/\/ubanews.com\/site\/#organization","name":"Ub\u00e1 News","url":"https:\/\/ubanews.com\/site\/","logo":{"@type":"ImageObject","inLanguage":"pt-BR","@id":"https:\/\/ubanews.com\/site\/#\/schema\/logo\/image\/","url":"https:\/\/ubanews.com\/site\/wp-content\/uploads\/2018\/01\/logoubanews.png","contentUrl":"https:\/\/ubanews.com\/site\/wp-content\/uploads\/2018\/01\/logoubanews.png","width":261,"height":99,"caption":"Ub\u00e1 News"},"image":{"@id":"https:\/\/ubanews.com\/site\/#\/schema\/logo\/image\/"},"sameAs":["https:\/\/www.facebook.com\/Ub\u00e1News-Carlos-Roberto-Sodr\u00e9-418778301977370"]},{"@type":"Person","@id":"https:\/\/ubanews.com\/site\/#\/schema\/person\/9d8da9ec3c8d00640ab6e8c81e103310","name":"Carlos Roberto Sodr\u00e9","image":{"@type":"ImageObject","inLanguage":"pt-BR","@id":"https:\/\/secure.gravatar.com\/avatar\/aab322e8555b56c468614fafdab8a8f924e394cdc6cfd8232f77e9e4d123a133?s=96&d=mm&r=g","url":"https:\/\/secure.gravatar.com\/avatar\/aab322e8555b56c468614fafdab8a8f924e394cdc6cfd8232f77e9e4d123a133?s=96&d=mm&r=g","contentUrl":"https:\/\/secure.gravatar.com\/avatar\/aab322e8555b56c468614fafdab8a8f924e394cdc6cfd8232f77e9e4d123a133?s=96&d=mm&r=g","caption":"Carlos Roberto Sodr\u00e9"},"url":"https:\/\/ubanews.com\/site\/author\/sodre\/"}]}},"_links":{"self":[{"href":"https:\/\/ubanews.com\/site\/wp-json\/wp\/v2\/posts\/23317","targetHints":{"allow":["GET"]}}],"collection":[{"href":"https:\/\/ubanews.com\/site\/wp-json\/wp\/v2\/posts"}],"about":[{"href":"https:\/\/ubanews.com\/site\/wp-json\/wp\/v2\/types\/post"}],"author":[{"embeddable":true,"href":"https:\/\/ubanews.com\/site\/wp-json\/wp\/v2\/users\/4"}],"replies":[{"embeddable":true,"href":"https:\/\/ubanews.com\/site\/wp-json\/wp\/v2\/comments?post=23317"}],"version-history":[{"count":0,"href":"https:\/\/ubanews.com\/site\/wp-json\/wp\/v2\/posts\/23317\/revisions"}],"wp:featuredmedia":[{"embeddable":true,"href":"https:\/\/ubanews.com\/site\/wp-json\/wp\/v2\/media\/23058"}],"wp:attachment":[{"href":"https:\/\/ubanews.com\/site\/wp-json\/wp\/v2\/media?parent=23317"}],"wp:term":[{"taxonomy":"category","embeddable":true,"href":"https:\/\/ubanews.com\/site\/wp-json\/wp\/v2\/categories?post=23317"},{"taxonomy":"post_tag","embeddable":true,"href":"https:\/\/ubanews.com\/site\/wp-json\/wp\/v2\/tags?post=23317"}],"curies":[{"name":"wp","href":"https:\/\/api.w.org\/{rel}","templated":true}]}}