{"id":23300,"date":"2025-10-31T09:41:43","date_gmt":"2025-10-31T12:41:43","guid":{"rendered":"https:\/\/ubanews.com\/site\/?p=23300"},"modified":"2025-10-31T09:43:08","modified_gmt":"2025-10-31T12:43:08","slug":"ze-silva-vai-a-tribuna-da-camara-municipal","status":"publish","type":"post","link":"https:\/\/ubanews.com\/site\/2025\/10\/31\/ze-silva-vai-a-tribuna-da-camara-municipal\/","title":{"rendered":"Z\u00e9 Silva Vai \u00e0 Tribuna da C\u00e2mara Municipal"},"content":{"rendered":"<p>Z\u00e9 Silva Vai \u00e0 Tribuna da C\u00e2mara Municipal Pedir o Rompimento de Contrato com a Copasa.\u00a0Na noite de segunda-feira, 27 de outubro de 2025, a C\u00e2mara Municipal de Ub\u00e1 foi palco de um discurso contundente. O ativista Jos\u00e9 Silva, figura conhecida na cidade, usou a tribuna para exigir o rompimento do contrato entre o munic\u00edpio e a Copasa. A cobertura foi feita pelo rep\u00f3rter Carlos Roberto Sodr\u00e9, com imagens de Laisa Sodr\u00e9 e conte\u00fado produzido por Pedro Henriques da INDICCA.COM.<\/p>\n<h2>Z\u00e9 Silva Vai \u00e0 Tribuna da C\u00e2mara Municipal Pedir o Rompimento de Contrato com a Copasa<\/h2>\n<p><a href=\"https:\/\/www.youtube.com\/live\/0a73wzP1Mgc?si=jppVWZ4xTQmdsZ0v\" target=\"_blank\" rel=\"noopener\"><img decoding=\"async\" class=\"aligncenter size-medium wp-image-23301 lazyload\" data-src=\"https:\/\/ubanews.com\/site\/wp-content\/uploads\/2025\/10\/Fala-Sodre-Ze-Silva-fala-sobre-a-Copasa-300x167.jpg\" alt=\"Z\u00e9 Silva Vai \u00e0 Tribuna da C\u00e2mara Municipal Pedir o Rompimento de Contrato com a Copasa\" width=\"300\" height=\"167\" data-srcset=\"https:\/\/ubanews.com\/site\/wp-content\/uploads\/2025\/10\/Fala-Sodre-Ze-Silva-fala-sobre-a-Copasa-300x167.jpg 300w, https:\/\/ubanews.com\/site\/wp-content\/uploads\/2025\/10\/Fala-Sodre-Ze-Silva-fala-sobre-a-Copasa-1024x569.jpg 1024w, https:\/\/ubanews.com\/site\/wp-content\/uploads\/2025\/10\/Fala-Sodre-Ze-Silva-fala-sobre-a-Copasa-768x427.jpg 768w, https:\/\/ubanews.com\/site\/wp-content\/uploads\/2025\/10\/Fala-Sodre-Ze-Silva-fala-sobre-a-Copasa-360x200.jpg 360w, https:\/\/ubanews.com\/site\/wp-content\/uploads\/2025\/10\/Fala-Sodre-Ze-Silva-fala-sobre-a-Copasa.jpg 1290w\" data-sizes=\"(max-width: 300px) 100vw, 300px\" src=\"data:image\/svg+xml;base64,PHN2ZyB3aWR0aD0iMSIgaGVpZ2h0PSIxIiB4bWxucz0iaHR0cDovL3d3dy53My5vcmcvMjAwMC9zdmciPjwvc3ZnPg==\" style=\"--smush-placeholder-width: 300px; --smush-placeholder-aspect-ratio: 300\/167;\" \/><\/a>Copapa<\/p>\n<h3>\u201cA Copasa tem que sair de Ub\u00e1\u201d<\/h3>\n<p>Com palavras firmes, Z\u00e9 Silva n\u00e3o poupou cr\u00edticas \u00e0 concession\u00e1ria. Segundo ele, a Copasa falhou em sua principal miss\u00e3o: fornecer \u00e1gua de qualidade e realizar o tratamento de esgoto. \u201cEstamos pagando por um servi\u00e7o que n\u00e3o recebemos. Isso \u00e9 inaceit\u00e1vel\u201d, afirmou.<\/p>\n<p>Ele tamb\u00e9m destacou que a empresa est\u00e1 h\u00e1 mais de 50 anos em Ub\u00e1 e, at\u00e9 hoje, n\u00e3o cumpriu suas promessas. \u201cA Copasa virou um c\u00e2ncer para a cidade\u201d, disparou.<\/p>\n<h3>Abaixo-assinado com 10 mil assinaturas<\/h3>\n<p>Z\u00e9 Silva apresentou um abaixo-assinado com mais de 10 mil assinaturas de cidad\u00e3os ubaenses. O documento, segundo ele, \u00e9 a prova de que a popula\u00e7\u00e3o quer mudan\u00e7as. \u201cSe n\u00e3o s\u00e3o 100%, s\u00e3o 99% dos ubaenses que querem a Copasa fora da cidade\u201d, disse.<\/p>\n<p>O ativista tamb\u00e9m criticou a falta de transpar\u00eancia da empresa. \u201cA Copasa n\u00e3o tem a dignidade de vir a p\u00fablico. N\u00e3o fala com a imprensa, n\u00e3o d\u00e1 explica\u00e7\u00f5es. Isso \u00e9 um desrespeito com o povo\u201d, completou.<\/p>\n<h3>Contrato renovado: e agora?<\/h3>\n<p>Apesar da press\u00e3o popular, h\u00e1 um entrave jur\u00eddico: o contrato com a Copasa foi renovado. Isso torna o rompimento mais complexo. Mesmo assim, Z\u00e9 Silva acredita que, com apoio pol\u00edtico e mobiliza\u00e7\u00e3o popular, \u00e9 poss\u00edvel reverter a situa\u00e7\u00e3o.<\/p>\n<p>\u201cSe o contrato foi cancelado, queremos o dinheiro de volta. O povo pagou por algo que n\u00e3o recebeu. Isso \u00e9 justo\u201d, afirmou.<\/p>\n<h3>Exemplos de sucesso e alternativas vi\u00e1veis<\/h3>\n<p>Durante a entrevista, Z\u00e9 Silva citou cidades vizinhas como Tocantins e Muria\u00e9, que gerenciam seus pr\u00f3prios sistemas de abastecimento. Ele acredita que Ub\u00e1 tamb\u00e9m pode seguir esse caminho.<\/p>\n<p>\u201cO mesmo pessoal que trabalha na Copasa pode continuar. S\u00f3 muda a gest\u00e3o. O recurso fica em Ub\u00e1 e o povo ganha\u201d, explicou.<\/p>\n<h3>\u00c1gua cara e de m\u00e1 qualidade<\/h3>\n<p>Outro ponto cr\u00edtico levantado foi a infraestrutura deficiente. Segundo Z\u00e9 Silva, a Copasa n\u00e3o investiu em reservat\u00f3rios. \u201cNa seca, falta \u00e1gua. Quando chove, a \u00e1gua chega turva, cheia de produtos qu\u00edmicos. Isso n\u00e3o \u00e9 qualidade\u201d, denunciou.<\/p>\n<h3>A sociedade ubaense exige respostas<\/h3>\n<p>A quest\u00e3o da Copasa \u00e9, sem d\u00favida, um tema caro \u00e0 sociedade ubaense. A popula\u00e7\u00e3o quer ser ouvida. Quer respostas. Quer solu\u00e7\u00f5es.<\/p>\n<p>\u00c9 hora da Copasa se pronunciar. \u00c9 hora dos poderes p\u00fablicos se posicionarem. A omiss\u00e3o n\u00e3o \u00e9 mais aceit\u00e1vel.<\/p>\n<p>Z\u00e9 Silva concluiu com firmeza: \u201cEssa luta n\u00e3o vai parar. Vamos at\u00e9 o fim. O povo confiou em mim e eu n\u00e3o vou decepcionar.&#8221;<\/p>\n<p><iframe title=\"Fala Sodr\u00e9: Z\u00e9 Silva vai \u00e0 Tribuna da C\u00e2mara Municipal pedir o rompimento de contrato com a Copasa\" width=\"840\" height=\"473\" data-src=\"https:\/\/www.youtube.com\/embed\/0a73wzP1Mgc?feature=oembed\" frameborder=\"0\" allow=\"accelerometer; autoplay; clipboard-write; encrypted-media; gyroscope; picture-in-picture; web-share\" referrerpolicy=\"strict-origin-when-cross-origin\" allowfullscreen src=\"data:image\/svg+xml;base64,PHN2ZyB3aWR0aD0iMSIgaGVpZ2h0PSIxIiB4bWxucz0iaHR0cDovL3d3dy53My5vcmcvMjAwMC9zdmciPjwvc3ZnPg==\" class=\"lazyload\" data-load-mode=\"1\"><\/iframe><\/p>\n<p style=\"margin: 0in; font-size: 20.0pt;\"><span style=\"font-family: 'Segoe UI Emoji';\">&#x1f4da; <\/span><span style=\"font-weight: bold; font-family: Calibri;\">Cobertura:<\/span><span style=\"font-family: Calibri;\"> Carlos Roberto Sodr\u00e9 <\/span><a href=\"https:\/\/wa.me\/553298481334\"><span style=\"font-family: Calibri;\">WhatsApp<\/span><\/a><\/p>\n<p style=\"margin: 0in; font-size: 20.0pt;\"><span style=\"font-family: 'Segoe UI Emoji';\">&#x1f4f8; <\/span><span style=\"font-weight: bold; font-family: Calibri;\">Imagens:<\/span><span style=\"font-family: Calibri;\"> Laisa Sodr\u00e9<\/span><\/p>\n<p style=\"margin: 0in; font-size: 20.0pt;\"><span style=\"font-family: 'Segoe UI Emoji';\">&#x1f4dd; <\/span><span style=\"font-weight: bold; font-family: Calibri;\">Conte\u00fado: <\/span><a href=\"https:\/\/www.linkedin.com\/in\/pedrohgf\/\"><span style=\"font-family: Calibri;\">Pedro Henriques<\/span><\/a><span style=\"font-family: Calibri;\"> \u2013 <\/span><a href=\"https:\/\/indicca.com.br\/blog\/\"><span style=\"font-family: Calibri;\">INDICCA.COM<\/span><\/a><span style=\"font-family: Calibri;\">\u00a0 <\/span><a href=\"https:\/\/wa.me\/5532988020057\"><span style=\"font-family: Calibri;\">WhatsApp<\/span><\/a><\/p>\n<p style=\"margin: 0in; font-size: 20.0pt;\"><span style=\"font-family: 'Segoe UI Emoji';\">&#x1f393; <\/span><span style=\"font-weight: bold; font-family: Calibri;\">Evento: <\/span>Z\u00e9 Silva Vai \u00e0 Tribuna da C\u00e2mara Municipal Pedir o Rompimento de Contrato com a Copasa<\/p>\n","protected":false},"excerpt":{"rendered":"<p>Z\u00e9 Silva Vai \u00e0 Tribuna da C\u00e2mara Municipal Pedir o<\/p>\n","protected":false},"author":4,"featured_media":23301,"comment_status":"open","ping_status":"open","sticky":false,"template":"","format":"standard","meta":{"footnotes":""},"categories":[1,3],"tags":[210,59,60,211],"class_list":["post-23300","post","type-post","status-publish","format-standard","has-post-thumbnail","hentry","category-sem-categoria","category-slide","tag-copasa","tag-fala-sodre","tag-ubanews","tag-ze-silva"],"yoast_head":"<!-- This site is optimized with the Yoast SEO plugin v27.2 - https:\/\/yoast.com\/product\/yoast-seo-wordpress\/ -->\n<title>Z\u00e9 Silva Vai \u00e0 Tribuna da C\u00e2mara Municipal - Ub\u00e1 News<\/title>\n<meta name=\"description\" content=\"Z\u00e9 Silva Vai \u00e0 Tribuna da C\u00e2mara Municipal Pedir o Rompimento de Contrato com a Copasa. C\u00e2mara Municipal de Ub\u00e1 foi palco de um discurso.\" \/>\n<meta name=\"robots\" content=\"index, follow, max-snippet:-1, max-image-preview:large, max-video-preview:-1\" \/>\n<link rel=\"canonical\" href=\"https:\/\/ubanews.com\/site\/2025\/10\/31\/ze-silva-vai-a-tribuna-da-camara-municipal\/\" \/>\n<meta property=\"og:locale\" content=\"pt_BR\" \/>\n<meta property=\"og:type\" content=\"article\" \/>\n<meta property=\"og:title\" content=\"Z\u00e9 Silva Vai \u00e0 Tribuna da C\u00e2mara Municipal - Ub\u00e1 News\" \/>\n<meta property=\"og:description\" content=\"Z\u00e9 Silva Vai \u00e0 Tribuna da C\u00e2mara Municipal Pedir o Rompimento de Contrato com a Copasa. C\u00e2mara Municipal de Ub\u00e1 foi palco de um discurso.\" \/>\n<meta property=\"og:url\" content=\"https:\/\/ubanews.com\/site\/2025\/10\/31\/ze-silva-vai-a-tribuna-da-camara-municipal\/\" \/>\n<meta property=\"og:site_name\" content=\"Ub\u00e1 News\" \/>\n<meta property=\"article:publisher\" content=\"https:\/\/www.facebook.com\/Ub%c3%a1News-Carlos-Roberto-Sodr%c3%a9-418778301977370\" \/>\n<meta property=\"article:published_time\" content=\"2025-10-31T12:41:43+00:00\" \/>\n<meta property=\"article:modified_time\" content=\"2025-10-31T12:43:08+00:00\" \/>\n<meta property=\"og:image\" content=\"https:\/\/ubanews.com\/site\/wp-content\/uploads\/2025\/10\/Fala-Sodre-Ze-Silva-fala-sobre-a-Copasa.jpg\" \/>\n\t<meta property=\"og:image:width\" content=\"1290\" \/>\n\t<meta property=\"og:image:height\" content=\"717\" \/>\n\t<meta property=\"og:image:type\" content=\"image\/jpeg\" \/>\n<meta name=\"author\" content=\"Carlos Roberto Sodr\u00e9\" \/>\n<meta name=\"twitter:card\" content=\"summary_large_image\" \/>\n<meta name=\"twitter:label1\" content=\"Escrito por\" \/>\n\t<meta name=\"twitter:data1\" content=\"Carlos Roberto Sodr\u00e9\" \/>\n\t<meta name=\"twitter:label2\" content=\"Est. tempo de leitura\" \/>\n\t<meta name=\"twitter:data2\" content=\"4 minutos\" \/>\n<script type=\"application\/ld+json\" class=\"yoast-schema-graph\">{\"@context\":\"https:\/\/schema.org\",\"@graph\":[{\"@type\":\"Article\",\"@id\":\"https:\/\/ubanews.com\/site\/2025\/10\/31\/ze-silva-vai-a-tribuna-da-camara-municipal\/#article\",\"isPartOf\":{\"@id\":\"https:\/\/ubanews.com\/site\/2025\/10\/31\/ze-silva-vai-a-tribuna-da-camara-municipal\/\"},\"author\":{\"name\":\"Carlos Roberto Sodr\u00e9\",\"@id\":\"https:\/\/ubanews.com\/site\/#\/schema\/person\/9d8da9ec3c8d00640ab6e8c81e103310\"},\"headline\":\"Z\u00e9 Silva Vai \u00e0 Tribuna da C\u00e2mara Municipal\",\"datePublished\":\"2025-10-31T12:41:43+00:00\",\"dateModified\":\"2025-10-31T12:43:08+00:00\",\"mainEntityOfPage\":{\"@id\":\"https:\/\/ubanews.com\/site\/2025\/10\/31\/ze-silva-vai-a-tribuna-da-camara-municipal\/\"},\"wordCount\":591,\"commentCount\":0,\"publisher\":{\"@id\":\"https:\/\/ubanews.com\/site\/#organization\"},\"image\":{\"@id\":\"https:\/\/ubanews.com\/site\/2025\/10\/31\/ze-silva-vai-a-tribuna-da-camara-municipal\/#primaryimage\"},\"thumbnailUrl\":\"https:\/\/ubanews.com\/site\/wp-content\/uploads\/2025\/10\/Fala-Sodre-Ze-Silva-fala-sobre-a-Copasa.jpg\",\"keywords\":[\"Copasa\",\"Fala Sodr\u00e9\",\"UBANEWS\",\"Z\u00e9 Silva\"],\"articleSection\":[\"Geral\",\"Slide\"],\"inLanguage\":\"pt-BR\",\"potentialAction\":[{\"@type\":\"CommentAction\",\"name\":\"Comment\",\"target\":[\"https:\/\/ubanews.com\/site\/2025\/10\/31\/ze-silva-vai-a-tribuna-da-camara-municipal\/#respond\"]}]},{\"@type\":\"WebPage\",\"@id\":\"https:\/\/ubanews.com\/site\/2025\/10\/31\/ze-silva-vai-a-tribuna-da-camara-municipal\/\",\"url\":\"https:\/\/ubanews.com\/site\/2025\/10\/31\/ze-silva-vai-a-tribuna-da-camara-municipal\/\",\"name\":\"Z\u00e9 Silva Vai \u00e0 Tribuna da C\u00e2mara Municipal - Ub\u00e1 News\",\"isPartOf\":{\"@id\":\"https:\/\/ubanews.com\/site\/#website\"},\"primaryImageOfPage\":{\"@id\":\"https:\/\/ubanews.com\/site\/2025\/10\/31\/ze-silva-vai-a-tribuna-da-camara-municipal\/#primaryimage\"},\"image\":{\"@id\":\"https:\/\/ubanews.com\/site\/2025\/10\/31\/ze-silva-vai-a-tribuna-da-camara-municipal\/#primaryimage\"},\"thumbnailUrl\":\"https:\/\/ubanews.com\/site\/wp-content\/uploads\/2025\/10\/Fala-Sodre-Ze-Silva-fala-sobre-a-Copasa.jpg\",\"datePublished\":\"2025-10-31T12:41:43+00:00\",\"dateModified\":\"2025-10-31T12:43:08+00:00\",\"description\":\"Z\u00e9 Silva Vai \u00e0 Tribuna da C\u00e2mara Municipal Pedir o Rompimento de Contrato com a Copasa. C\u00e2mara Municipal de Ub\u00e1 foi palco de um discurso.\",\"breadcrumb\":{\"@id\":\"https:\/\/ubanews.com\/site\/2025\/10\/31\/ze-silva-vai-a-tribuna-da-camara-municipal\/#breadcrumb\"},\"inLanguage\":\"pt-BR\",\"potentialAction\":[{\"@type\":\"ReadAction\",\"target\":[\"https:\/\/ubanews.com\/site\/2025\/10\/31\/ze-silva-vai-a-tribuna-da-camara-municipal\/\"]}]},{\"@type\":\"ImageObject\",\"inLanguage\":\"pt-BR\",\"@id\":\"https:\/\/ubanews.com\/site\/2025\/10\/31\/ze-silva-vai-a-tribuna-da-camara-municipal\/#primaryimage\",\"url\":\"https:\/\/ubanews.com\/site\/wp-content\/uploads\/2025\/10\/Fala-Sodre-Ze-Silva-fala-sobre-a-Copasa.jpg\",\"contentUrl\":\"https:\/\/ubanews.com\/site\/wp-content\/uploads\/2025\/10\/Fala-Sodre-Ze-Silva-fala-sobre-a-Copasa.jpg\",\"width\":1290,\"height\":717,\"caption\":\"Z\u00e9 Silva Vai \u00e0 Tribuna da C\u00e2mara Municipal Pedir o Rompimento de Contrato com a Copasa\"},{\"@type\":\"BreadcrumbList\",\"@id\":\"https:\/\/ubanews.com\/site\/2025\/10\/31\/ze-silva-vai-a-tribuna-da-camara-municipal\/#breadcrumb\",\"itemListElement\":[{\"@type\":\"ListItem\",\"position\":1,\"name\":\"Home\",\"item\":\"https:\/\/ubanews.com\/site\/\"},{\"@type\":\"ListItem\",\"position\":2,\"name\":\"Z\u00e9 Silva Vai \u00e0 Tribuna da C\u00e2mara Municipal\"}]},{\"@type\":\"WebSite\",\"@id\":\"https:\/\/ubanews.com\/site\/#website\",\"url\":\"https:\/\/ubanews.com\/site\/\",\"name\":\"Ub\u00e1 News\",\"description\":\"\",\"publisher\":{\"@id\":\"https:\/\/ubanews.com\/site\/#organization\"},\"potentialAction\":[{\"@type\":\"SearchAction\",\"target\":{\"@type\":\"EntryPoint\",\"urlTemplate\":\"https:\/\/ubanews.com\/site\/?s={search_term_string}\"},\"query-input\":{\"@type\":\"PropertyValueSpecification\",\"valueRequired\":true,\"valueName\":\"search_term_string\"}}],\"inLanguage\":\"pt-BR\"},{\"@type\":\"Organization\",\"@id\":\"https:\/\/ubanews.com\/site\/#organization\",\"name\":\"Ub\u00e1 News\",\"url\":\"https:\/\/ubanews.com\/site\/\",\"logo\":{\"@type\":\"ImageObject\",\"inLanguage\":\"pt-BR\",\"@id\":\"https:\/\/ubanews.com\/site\/#\/schema\/logo\/image\/\",\"url\":\"https:\/\/ubanews.com\/site\/wp-content\/uploads\/2018\/01\/logoubanews.png\",\"contentUrl\":\"https:\/\/ubanews.com\/site\/wp-content\/uploads\/2018\/01\/logoubanews.png\",\"width\":261,\"height\":99,\"caption\":\"Ub\u00e1 News\"},\"image\":{\"@id\":\"https:\/\/ubanews.com\/site\/#\/schema\/logo\/image\/\"},\"sameAs\":[\"https:\/\/www.facebook.com\/Ub\u00e1News-Carlos-Roberto-Sodr\u00e9-418778301977370\"]},{\"@type\":\"Person\",\"@id\":\"https:\/\/ubanews.com\/site\/#\/schema\/person\/9d8da9ec3c8d00640ab6e8c81e103310\",\"name\":\"Carlos Roberto Sodr\u00e9\",\"image\":{\"@type\":\"ImageObject\",\"inLanguage\":\"pt-BR\",\"@id\":\"https:\/\/secure.gravatar.com\/avatar\/aab322e8555b56c468614fafdab8a8f924e394cdc6cfd8232f77e9e4d123a133?s=96&d=mm&r=g\",\"url\":\"https:\/\/secure.gravatar.com\/avatar\/aab322e8555b56c468614fafdab8a8f924e394cdc6cfd8232f77e9e4d123a133?s=96&d=mm&r=g\",\"contentUrl\":\"https:\/\/secure.gravatar.com\/avatar\/aab322e8555b56c468614fafdab8a8f924e394cdc6cfd8232f77e9e4d123a133?s=96&d=mm&r=g\",\"caption\":\"Carlos Roberto Sodr\u00e9\"},\"url\":\"https:\/\/ubanews.com\/site\/author\/sodre\/\"}]}<\/script>\n<!-- \/ Yoast SEO plugin. -->","yoast_head_json":{"title":"Z\u00e9 Silva Vai \u00e0 Tribuna da C\u00e2mara Municipal - Ub\u00e1 News","description":"Z\u00e9 Silva Vai \u00e0 Tribuna da C\u00e2mara Municipal Pedir o Rompimento de Contrato com a Copasa. C\u00e2mara Municipal de Ub\u00e1 foi palco de um discurso.","robots":{"index":"index","follow":"follow","max-snippet":"max-snippet:-1","max-image-preview":"max-image-preview:large","max-video-preview":"max-video-preview:-1"},"canonical":"https:\/\/ubanews.com\/site\/2025\/10\/31\/ze-silva-vai-a-tribuna-da-camara-municipal\/","og_locale":"pt_BR","og_type":"article","og_title":"Z\u00e9 Silva Vai \u00e0 Tribuna da C\u00e2mara Municipal - Ub\u00e1 News","og_description":"Z\u00e9 Silva Vai \u00e0 Tribuna da C\u00e2mara Municipal Pedir o Rompimento de Contrato com a Copasa. C\u00e2mara Municipal de Ub\u00e1 foi palco de um discurso.","og_url":"https:\/\/ubanews.com\/site\/2025\/10\/31\/ze-silva-vai-a-tribuna-da-camara-municipal\/","og_site_name":"Ub\u00e1 News","article_publisher":"https:\/\/www.facebook.com\/Ub%c3%a1News-Carlos-Roberto-Sodr%c3%a9-418778301977370","article_published_time":"2025-10-31T12:41:43+00:00","article_modified_time":"2025-10-31T12:43:08+00:00","og_image":[{"width":1290,"height":717,"url":"https:\/\/ubanews.com\/site\/wp-content\/uploads\/2025\/10\/Fala-Sodre-Ze-Silva-fala-sobre-a-Copasa.jpg","type":"image\/jpeg"}],"author":"Carlos Roberto Sodr\u00e9","twitter_card":"summary_large_image","twitter_misc":{"Escrito por":"Carlos Roberto Sodr\u00e9","Est. tempo de leitura":"4 minutos"},"schema":{"@context":"https:\/\/schema.org","@graph":[{"@type":"Article","@id":"https:\/\/ubanews.com\/site\/2025\/10\/31\/ze-silva-vai-a-tribuna-da-camara-municipal\/#article","isPartOf":{"@id":"https:\/\/ubanews.com\/site\/2025\/10\/31\/ze-silva-vai-a-tribuna-da-camara-municipal\/"},"author":{"name":"Carlos Roberto Sodr\u00e9","@id":"https:\/\/ubanews.com\/site\/#\/schema\/person\/9d8da9ec3c8d00640ab6e8c81e103310"},"headline":"Z\u00e9 Silva Vai \u00e0 Tribuna da C\u00e2mara Municipal","datePublished":"2025-10-31T12:41:43+00:00","dateModified":"2025-10-31T12:43:08+00:00","mainEntityOfPage":{"@id":"https:\/\/ubanews.com\/site\/2025\/10\/31\/ze-silva-vai-a-tribuna-da-camara-municipal\/"},"wordCount":591,"commentCount":0,"publisher":{"@id":"https:\/\/ubanews.com\/site\/#organization"},"image":{"@id":"https:\/\/ubanews.com\/site\/2025\/10\/31\/ze-silva-vai-a-tribuna-da-camara-municipal\/#primaryimage"},"thumbnailUrl":"https:\/\/ubanews.com\/site\/wp-content\/uploads\/2025\/10\/Fala-Sodre-Ze-Silva-fala-sobre-a-Copasa.jpg","keywords":["Copasa","Fala Sodr\u00e9","UBANEWS","Z\u00e9 Silva"],"articleSection":["Geral","Slide"],"inLanguage":"pt-BR","potentialAction":[{"@type":"CommentAction","name":"Comment","target":["https:\/\/ubanews.com\/site\/2025\/10\/31\/ze-silva-vai-a-tribuna-da-camara-municipal\/#respond"]}]},{"@type":"WebPage","@id":"https:\/\/ubanews.com\/site\/2025\/10\/31\/ze-silva-vai-a-tribuna-da-camara-municipal\/","url":"https:\/\/ubanews.com\/site\/2025\/10\/31\/ze-silva-vai-a-tribuna-da-camara-municipal\/","name":"Z\u00e9 Silva Vai \u00e0 Tribuna da C\u00e2mara Municipal - Ub\u00e1 News","isPartOf":{"@id":"https:\/\/ubanews.com\/site\/#website"},"primaryImageOfPage":{"@id":"https:\/\/ubanews.com\/site\/2025\/10\/31\/ze-silva-vai-a-tribuna-da-camara-municipal\/#primaryimage"},"image":{"@id":"https:\/\/ubanews.com\/site\/2025\/10\/31\/ze-silva-vai-a-tribuna-da-camara-municipal\/#primaryimage"},"thumbnailUrl":"https:\/\/ubanews.com\/site\/wp-content\/uploads\/2025\/10\/Fala-Sodre-Ze-Silva-fala-sobre-a-Copasa.jpg","datePublished":"2025-10-31T12:41:43+00:00","dateModified":"2025-10-31T12:43:08+00:00","description":"Z\u00e9 Silva Vai \u00e0 Tribuna da C\u00e2mara Municipal Pedir o Rompimento de Contrato com a Copasa. C\u00e2mara Municipal de Ub\u00e1 foi palco de um discurso.","breadcrumb":{"@id":"https:\/\/ubanews.com\/site\/2025\/10\/31\/ze-silva-vai-a-tribuna-da-camara-municipal\/#breadcrumb"},"inLanguage":"pt-BR","potentialAction":[{"@type":"ReadAction","target":["https:\/\/ubanews.com\/site\/2025\/10\/31\/ze-silva-vai-a-tribuna-da-camara-municipal\/"]}]},{"@type":"ImageObject","inLanguage":"pt-BR","@id":"https:\/\/ubanews.com\/site\/2025\/10\/31\/ze-silva-vai-a-tribuna-da-camara-municipal\/#primaryimage","url":"https:\/\/ubanews.com\/site\/wp-content\/uploads\/2025\/10\/Fala-Sodre-Ze-Silva-fala-sobre-a-Copasa.jpg","contentUrl":"https:\/\/ubanews.com\/site\/wp-content\/uploads\/2025\/10\/Fala-Sodre-Ze-Silva-fala-sobre-a-Copasa.jpg","width":1290,"height":717,"caption":"Z\u00e9 Silva Vai \u00e0 Tribuna da C\u00e2mara Municipal Pedir o Rompimento de Contrato com a Copasa"},{"@type":"BreadcrumbList","@id":"https:\/\/ubanews.com\/site\/2025\/10\/31\/ze-silva-vai-a-tribuna-da-camara-municipal\/#breadcrumb","itemListElement":[{"@type":"ListItem","position":1,"name":"Home","item":"https:\/\/ubanews.com\/site\/"},{"@type":"ListItem","position":2,"name":"Z\u00e9 Silva Vai \u00e0 Tribuna da C\u00e2mara Municipal"}]},{"@type":"WebSite","@id":"https:\/\/ubanews.com\/site\/#website","url":"https:\/\/ubanews.com\/site\/","name":"Ub\u00e1 News","description":"","publisher":{"@id":"https:\/\/ubanews.com\/site\/#organization"},"potentialAction":[{"@type":"SearchAction","target":{"@type":"EntryPoint","urlTemplate":"https:\/\/ubanews.com\/site\/?s={search_term_string}"},"query-input":{"@type":"PropertyValueSpecification","valueRequired":true,"valueName":"search_term_string"}}],"inLanguage":"pt-BR"},{"@type":"Organization","@id":"https:\/\/ubanews.com\/site\/#organization","name":"Ub\u00e1 News","url":"https:\/\/ubanews.com\/site\/","logo":{"@type":"ImageObject","inLanguage":"pt-BR","@id":"https:\/\/ubanews.com\/site\/#\/schema\/logo\/image\/","url":"https:\/\/ubanews.com\/site\/wp-content\/uploads\/2018\/01\/logoubanews.png","contentUrl":"https:\/\/ubanews.com\/site\/wp-content\/uploads\/2018\/01\/logoubanews.png","width":261,"height":99,"caption":"Ub\u00e1 News"},"image":{"@id":"https:\/\/ubanews.com\/site\/#\/schema\/logo\/image\/"},"sameAs":["https:\/\/www.facebook.com\/Ub\u00e1News-Carlos-Roberto-Sodr\u00e9-418778301977370"]},{"@type":"Person","@id":"https:\/\/ubanews.com\/site\/#\/schema\/person\/9d8da9ec3c8d00640ab6e8c81e103310","name":"Carlos Roberto Sodr\u00e9","image":{"@type":"ImageObject","inLanguage":"pt-BR","@id":"https:\/\/secure.gravatar.com\/avatar\/aab322e8555b56c468614fafdab8a8f924e394cdc6cfd8232f77e9e4d123a133?s=96&d=mm&r=g","url":"https:\/\/secure.gravatar.com\/avatar\/aab322e8555b56c468614fafdab8a8f924e394cdc6cfd8232f77e9e4d123a133?s=96&d=mm&r=g","contentUrl":"https:\/\/secure.gravatar.com\/avatar\/aab322e8555b56c468614fafdab8a8f924e394cdc6cfd8232f77e9e4d123a133?s=96&d=mm&r=g","caption":"Carlos Roberto Sodr\u00e9"},"url":"https:\/\/ubanews.com\/site\/author\/sodre\/"}]}},"_links":{"self":[{"href":"https:\/\/ubanews.com\/site\/wp-json\/wp\/v2\/posts\/23300","targetHints":{"allow":["GET"]}}],"collection":[{"href":"https:\/\/ubanews.com\/site\/wp-json\/wp\/v2\/posts"}],"about":[{"href":"https:\/\/ubanews.com\/site\/wp-json\/wp\/v2\/types\/post"}],"author":[{"embeddable":true,"href":"https:\/\/ubanews.com\/site\/wp-json\/wp\/v2\/users\/4"}],"replies":[{"embeddable":true,"href":"https:\/\/ubanews.com\/site\/wp-json\/wp\/v2\/comments?post=23300"}],"version-history":[{"count":0,"href":"https:\/\/ubanews.com\/site\/wp-json\/wp\/v2\/posts\/23300\/revisions"}],"wp:featuredmedia":[{"embeddable":true,"href":"https:\/\/ubanews.com\/site\/wp-json\/wp\/v2\/media\/23301"}],"wp:attachment":[{"href":"https:\/\/ubanews.com\/site\/wp-json\/wp\/v2\/media?parent=23300"}],"wp:term":[{"taxonomy":"category","embeddable":true,"href":"https:\/\/ubanews.com\/site\/wp-json\/wp\/v2\/categories?post=23300"},{"taxonomy":"post_tag","embeddable":true,"href":"https:\/\/ubanews.com\/site\/wp-json\/wp\/v2\/tags?post=23300"}],"curies":[{"name":"wp","href":"https:\/\/api.w.org\/{rel}","templated":true}]}}