{"id":23297,"date":"2025-10-31T09:23:43","date_gmt":"2025-10-31T12:23:43","guid":{"rendered":"https:\/\/ubanews.com\/site\/?p=23297"},"modified":"2025-10-31T09:23:43","modified_gmt":"2025-10-31T12:23:43","slug":"policia-civil-deflagra-operacao-desarme-na-zona-da-mata","status":"publish","type":"post","link":"https:\/\/ubanews.com\/site\/2025\/10\/31\/policia-civil-deflagra-operacao-desarme-na-zona-da-mata\/","title":{"rendered":"Pol\u00edcia Civil deflagra opera\u00e7\u00e3o Desarme na Zona da Mata"},"content":{"rendered":"<p>Pol\u00edcia Civil deflagra opera\u00e7\u00e3o Desarme na Zona da Mata. A\u00e7\u00e3o conjunta apura com\u00e9rcio ilegal e adultera\u00e7\u00e3o de armas de fogo em Piau, Descoberto e Coronel Pacheco.<\/p>\n<h2>Pol\u00edcia Civil deflagra opera\u00e7\u00e3o Desarme na Zona da Mata<\/h2>\n<p><img decoding=\"async\" class=\"aligncenter size-medium wp-image-23298 lazyload\" data-src=\"https:\/\/ubanews.com\/site\/wp-content\/uploads\/2025\/10\/Fato-Policial-Policia-Civil-1-300x236.jpeg\" alt=\"Fato Policial\n\" width=\"300\" height=\"236\" data-srcset=\"https:\/\/ubanews.com\/site\/wp-content\/uploads\/2025\/10\/Fato-Policial-Policia-Civil-1-300x236.jpeg 300w, https:\/\/ubanews.com\/site\/wp-content\/uploads\/2025\/10\/Fato-Policial-Policia-Civil-1-768x605.jpeg 768w, https:\/\/ubanews.com\/site\/wp-content\/uploads\/2025\/10\/Fato-Policial-Policia-Civil-1.jpeg 800w\" data-sizes=\"(max-width: 300px) 100vw, 300px\" src=\"data:image\/svg+xml;base64,PHN2ZyB3aWR0aD0iMSIgaGVpZ2h0PSIxIiB4bWxucz0iaHR0cDovL3d3dy53My5vcmcvMjAwMC9zdmciPjwvc3ZnPg==\" style=\"--smush-placeholder-width: 300px; --smush-placeholder-aspect-ratio: 300\/236;\" \/><\/p>\n<p>A Pol\u00edcia Civil de Minas Gerais (PCMG), em a\u00e7\u00e3o conjunta com a Pol\u00edcia Militar de Minas Gerais (PMMG), deflagrou, nessa quinta-feira (30\/10), a opera\u00e7\u00e3o Desarme, voltada ao combate do com\u00e9rcio ilegal, adultera\u00e7\u00e3o e porte irregular de armas de fogo e muni\u00e7\u00f5es na Zona da Mata mineira. A a\u00e7\u00e3o resultou na pris\u00e3o de dois homens, de 48 e 67 anos, em cumprimento a mandados de pris\u00e3o, e de um suspeito de 35 anos, preso em flagrante por tr\u00e1fico de drogas. Ao todo, foram cumpridos sete mandados de busca e apreens\u00e3o nas cidades de Piau, Descoberto e Coronel Pacheco.<br \/>\nDurante as buscas, as equipes apreenderam quatro tabletes de maconha, quatro aparelhos celulares, um tablet e R$ 844 em dinheiro. O material foi recolhido e ser\u00e1 encaminhado \u00e0 Per\u00edcia Oficial da PCMG, refor\u00e7ando os ind\u00edcios da atua\u00e7\u00e3o do grupo investigado.<br \/>\nA opera\u00e7\u00e3o contou com a participa\u00e7\u00e3o de 18 policiais civis e 18 militares, que atuaram de forma integrada para desarticular a a\u00e7\u00e3o criminosa e coibir a circula\u00e7\u00e3o de armas e drogas de origem il\u00edcita na regi\u00e3o.<\/p>\n<p>Monitoramento<br \/>\nDe acordo com a delegada Lujan Pinheiro de Souza, respons\u00e1vel pela coordena\u00e7\u00e3o das investiga\u00e7\u00f5es, os levantamentos tiveram in\u00edcio h\u00e1 cerca de um ano, a partir de uma apreens\u00e3o realizada pela PMMG em Piau. O trabalho foi conduzido pela equipe da Delegacia de Pol\u00edcia Civil em Rio Novo, com apoio do setor de intelig\u00eancia.<br \/>\n&#8220;Trata-se de um trabalho t\u00e9cnico e cont\u00ednuo, que envolveu cruzamento de dados e monitoramento de pessoas e locais suspeitos, resultando na identifica\u00e7\u00e3o de pessoas que operava de forma estruturada na regi\u00e3o&#8221;, explicou a delegada.<br \/>\nAs investiga\u00e7\u00f5es prosseguem para apurar o envolvimento de outros poss\u00edveis suspeitos e a origem do material apreendido. Os presos foram encaminhados ao sistema prisional e permanecem \u00e0 disposi\u00e7\u00e3o da Justi\u00e7a.<\/p>\n","protected":false},"excerpt":{"rendered":"<p>Pol\u00edcia Civil deflagra opera\u00e7\u00e3o Desarme na Zona da Mata. A\u00e7\u00e3o<\/p>\n","protected":false},"author":4,"featured_media":23298,"comment_status":"open","ping_status":"open","sticky":false,"template":"","format":"standard","meta":{"footnotes":""},"categories":[1],"tags":[59,188,107,60],"class_list":["post-23297","post","type-post","status-publish","format-standard","has-post-thumbnail","hentry","category-sem-categoria","tag-fala-sodre","tag-fato-policial","tag-policia-civil","tag-ubanews"],"yoast_head":"<!-- This site is optimized with the Yoast SEO plugin v27.2 - https:\/\/yoast.com\/product\/yoast-seo-wordpress\/ -->\n<title>Pol\u00edcia Civil deflagra opera\u00e7\u00e3o Desarme na Zona da Mata - Ub\u00e1 News<\/title>\n<meta name=\"description\" content=\"Pol\u00edcia Civil deflagra opera\u00e7\u00e3o Desarme na Zona da Mata. A\u00e7\u00e3o conjunta apura com\u00e9rcio ilegal e adultera\u00e7\u00e3o de armas de fogo em Piau.\" \/>\n<meta name=\"robots\" content=\"index, follow, max-snippet:-1, max-image-preview:large, max-video-preview:-1\" \/>\n<link rel=\"canonical\" href=\"https:\/\/ubanews.com\/site\/2025\/10\/31\/policia-civil-deflagra-operacao-desarme-na-zona-da-mata\/\" \/>\n<meta property=\"og:locale\" content=\"pt_BR\" \/>\n<meta property=\"og:type\" content=\"article\" \/>\n<meta property=\"og:title\" content=\"Pol\u00edcia Civil deflagra opera\u00e7\u00e3o Desarme na Zona da Mata - Ub\u00e1 News\" \/>\n<meta property=\"og:description\" content=\"Pol\u00edcia Civil deflagra opera\u00e7\u00e3o Desarme na Zona da Mata. A\u00e7\u00e3o conjunta apura com\u00e9rcio ilegal e adultera\u00e7\u00e3o de armas de fogo em Piau.\" \/>\n<meta property=\"og:url\" content=\"https:\/\/ubanews.com\/site\/2025\/10\/31\/policia-civil-deflagra-operacao-desarme-na-zona-da-mata\/\" \/>\n<meta property=\"og:site_name\" content=\"Ub\u00e1 News\" \/>\n<meta property=\"article:publisher\" content=\"https:\/\/www.facebook.com\/Ub%c3%a1News-Carlos-Roberto-Sodr%c3%a9-418778301977370\" \/>\n<meta property=\"article:published_time\" content=\"2025-10-31T12:23:43+00:00\" \/>\n<meta property=\"og:image\" content=\"https:\/\/ubanews.com\/site\/wp-content\/uploads\/2025\/10\/Fato-Policial-Policia-Civil-1.jpeg\" \/>\n\t<meta property=\"og:image:width\" content=\"800\" \/>\n\t<meta property=\"og:image:height\" content=\"630\" \/>\n\t<meta property=\"og:image:type\" content=\"image\/jpeg\" \/>\n<meta name=\"author\" content=\"Carlos Roberto Sodr\u00e9\" \/>\n<meta name=\"twitter:card\" content=\"summary_large_image\" \/>\n<meta name=\"twitter:label1\" content=\"Escrito por\" \/>\n\t<meta name=\"twitter:data1\" content=\"Carlos Roberto Sodr\u00e9\" \/>\n\t<meta name=\"twitter:label2\" content=\"Est. tempo de leitura\" \/>\n\t<meta name=\"twitter:data2\" content=\"3 minutos\" \/>\n<script type=\"application\/ld+json\" class=\"yoast-schema-graph\">{\"@context\":\"https:\/\/schema.org\",\"@graph\":[{\"@type\":\"Article\",\"@id\":\"https:\/\/ubanews.com\/site\/2025\/10\/31\/policia-civil-deflagra-operacao-desarme-na-zona-da-mata\/#article\",\"isPartOf\":{\"@id\":\"https:\/\/ubanews.com\/site\/2025\/10\/31\/policia-civil-deflagra-operacao-desarme-na-zona-da-mata\/\"},\"author\":{\"name\":\"Carlos Roberto Sodr\u00e9\",\"@id\":\"https:\/\/ubanews.com\/site\/#\/schema\/person\/9d8da9ec3c8d00640ab6e8c81e103310\"},\"headline\":\"Pol\u00edcia Civil deflagra opera\u00e7\u00e3o Desarme na Zona da Mata\",\"datePublished\":\"2025-10-31T12:23:43+00:00\",\"mainEntityOfPage\":{\"@id\":\"https:\/\/ubanews.com\/site\/2025\/10\/31\/policia-civil-deflagra-operacao-desarme-na-zona-da-mata\/\"},\"wordCount\":372,\"commentCount\":0,\"publisher\":{\"@id\":\"https:\/\/ubanews.com\/site\/#organization\"},\"image\":{\"@id\":\"https:\/\/ubanews.com\/site\/2025\/10\/31\/policia-civil-deflagra-operacao-desarme-na-zona-da-mata\/#primaryimage\"},\"thumbnailUrl\":\"https:\/\/ubanews.com\/site\/wp-content\/uploads\/2025\/10\/Fato-Policial-Policia-Civil-1.jpeg\",\"keywords\":[\"Fala Sodr\u00e9\",\"Fato Policial\",\"Pol\u00edcia Civil\",\"UBANEWS\"],\"articleSection\":[\"Geral\"],\"inLanguage\":\"pt-BR\",\"potentialAction\":[{\"@type\":\"CommentAction\",\"name\":\"Comment\",\"target\":[\"https:\/\/ubanews.com\/site\/2025\/10\/31\/policia-civil-deflagra-operacao-desarme-na-zona-da-mata\/#respond\"]}]},{\"@type\":\"WebPage\",\"@id\":\"https:\/\/ubanews.com\/site\/2025\/10\/31\/policia-civil-deflagra-operacao-desarme-na-zona-da-mata\/\",\"url\":\"https:\/\/ubanews.com\/site\/2025\/10\/31\/policia-civil-deflagra-operacao-desarme-na-zona-da-mata\/\",\"name\":\"Pol\u00edcia Civil deflagra opera\u00e7\u00e3o Desarme na Zona da Mata - Ub\u00e1 News\",\"isPartOf\":{\"@id\":\"https:\/\/ubanews.com\/site\/#website\"},\"primaryImageOfPage\":{\"@id\":\"https:\/\/ubanews.com\/site\/2025\/10\/31\/policia-civil-deflagra-operacao-desarme-na-zona-da-mata\/#primaryimage\"},\"image\":{\"@id\":\"https:\/\/ubanews.com\/site\/2025\/10\/31\/policia-civil-deflagra-operacao-desarme-na-zona-da-mata\/#primaryimage\"},\"thumbnailUrl\":\"https:\/\/ubanews.com\/site\/wp-content\/uploads\/2025\/10\/Fato-Policial-Policia-Civil-1.jpeg\",\"datePublished\":\"2025-10-31T12:23:43+00:00\",\"description\":\"Pol\u00edcia Civil deflagra opera\u00e7\u00e3o Desarme na Zona da Mata. A\u00e7\u00e3o conjunta apura com\u00e9rcio ilegal e adultera\u00e7\u00e3o de armas de fogo em Piau.\",\"breadcrumb\":{\"@id\":\"https:\/\/ubanews.com\/site\/2025\/10\/31\/policia-civil-deflagra-operacao-desarme-na-zona-da-mata\/#breadcrumb\"},\"inLanguage\":\"pt-BR\",\"potentialAction\":[{\"@type\":\"ReadAction\",\"target\":[\"https:\/\/ubanews.com\/site\/2025\/10\/31\/policia-civil-deflagra-operacao-desarme-na-zona-da-mata\/\"]}]},{\"@type\":\"ImageObject\",\"inLanguage\":\"pt-BR\",\"@id\":\"https:\/\/ubanews.com\/site\/2025\/10\/31\/policia-civil-deflagra-operacao-desarme-na-zona-da-mata\/#primaryimage\",\"url\":\"https:\/\/ubanews.com\/site\/wp-content\/uploads\/2025\/10\/Fato-Policial-Policia-Civil-1.jpeg\",\"contentUrl\":\"https:\/\/ubanews.com\/site\/wp-content\/uploads\/2025\/10\/Fato-Policial-Policia-Civil-1.jpeg\",\"width\":800,\"height\":630,\"caption\":\"Fato Policial\"},{\"@type\":\"BreadcrumbList\",\"@id\":\"https:\/\/ubanews.com\/site\/2025\/10\/31\/policia-civil-deflagra-operacao-desarme-na-zona-da-mata\/#breadcrumb\",\"itemListElement\":[{\"@type\":\"ListItem\",\"position\":1,\"name\":\"Home\",\"item\":\"https:\/\/ubanews.com\/site\/\"},{\"@type\":\"ListItem\",\"position\":2,\"name\":\"Pol\u00edcia Civil deflagra opera\u00e7\u00e3o Desarme na Zona da Mata\"}]},{\"@type\":\"WebSite\",\"@id\":\"https:\/\/ubanews.com\/site\/#website\",\"url\":\"https:\/\/ubanews.com\/site\/\",\"name\":\"Ub\u00e1 News\",\"description\":\"\",\"publisher\":{\"@id\":\"https:\/\/ubanews.com\/site\/#organization\"},\"potentialAction\":[{\"@type\":\"SearchAction\",\"target\":{\"@type\":\"EntryPoint\",\"urlTemplate\":\"https:\/\/ubanews.com\/site\/?s={search_term_string}\"},\"query-input\":{\"@type\":\"PropertyValueSpecification\",\"valueRequired\":true,\"valueName\":\"search_term_string\"}}],\"inLanguage\":\"pt-BR\"},{\"@type\":\"Organization\",\"@id\":\"https:\/\/ubanews.com\/site\/#organization\",\"name\":\"Ub\u00e1 News\",\"url\":\"https:\/\/ubanews.com\/site\/\",\"logo\":{\"@type\":\"ImageObject\",\"inLanguage\":\"pt-BR\",\"@id\":\"https:\/\/ubanews.com\/site\/#\/schema\/logo\/image\/\",\"url\":\"https:\/\/ubanews.com\/site\/wp-content\/uploads\/2018\/01\/logoubanews.png\",\"contentUrl\":\"https:\/\/ubanews.com\/site\/wp-content\/uploads\/2018\/01\/logoubanews.png\",\"width\":261,\"height\":99,\"caption\":\"Ub\u00e1 News\"},\"image\":{\"@id\":\"https:\/\/ubanews.com\/site\/#\/schema\/logo\/image\/\"},\"sameAs\":[\"https:\/\/www.facebook.com\/Ub\u00e1News-Carlos-Roberto-Sodr\u00e9-418778301977370\"]},{\"@type\":\"Person\",\"@id\":\"https:\/\/ubanews.com\/site\/#\/schema\/person\/9d8da9ec3c8d00640ab6e8c81e103310\",\"name\":\"Carlos Roberto Sodr\u00e9\",\"image\":{\"@type\":\"ImageObject\",\"inLanguage\":\"pt-BR\",\"@id\":\"https:\/\/secure.gravatar.com\/avatar\/aab322e8555b56c468614fafdab8a8f924e394cdc6cfd8232f77e9e4d123a133?s=96&d=mm&r=g\",\"url\":\"https:\/\/secure.gravatar.com\/avatar\/aab322e8555b56c468614fafdab8a8f924e394cdc6cfd8232f77e9e4d123a133?s=96&d=mm&r=g\",\"contentUrl\":\"https:\/\/secure.gravatar.com\/avatar\/aab322e8555b56c468614fafdab8a8f924e394cdc6cfd8232f77e9e4d123a133?s=96&d=mm&r=g\",\"caption\":\"Carlos Roberto Sodr\u00e9\"},\"url\":\"https:\/\/ubanews.com\/site\/author\/sodre\/\"}]}<\/script>\n<!-- \/ Yoast SEO plugin. -->","yoast_head_json":{"title":"Pol\u00edcia Civil deflagra opera\u00e7\u00e3o Desarme na Zona da Mata - Ub\u00e1 News","description":"Pol\u00edcia Civil deflagra opera\u00e7\u00e3o Desarme na Zona da Mata. A\u00e7\u00e3o conjunta apura com\u00e9rcio ilegal e adultera\u00e7\u00e3o de armas de fogo em Piau.","robots":{"index":"index","follow":"follow","max-snippet":"max-snippet:-1","max-image-preview":"max-image-preview:large","max-video-preview":"max-video-preview:-1"},"canonical":"https:\/\/ubanews.com\/site\/2025\/10\/31\/policia-civil-deflagra-operacao-desarme-na-zona-da-mata\/","og_locale":"pt_BR","og_type":"article","og_title":"Pol\u00edcia Civil deflagra opera\u00e7\u00e3o Desarme na Zona da Mata - Ub\u00e1 News","og_description":"Pol\u00edcia Civil deflagra opera\u00e7\u00e3o Desarme na Zona da Mata. A\u00e7\u00e3o conjunta apura com\u00e9rcio ilegal e adultera\u00e7\u00e3o de armas de fogo em Piau.","og_url":"https:\/\/ubanews.com\/site\/2025\/10\/31\/policia-civil-deflagra-operacao-desarme-na-zona-da-mata\/","og_site_name":"Ub\u00e1 News","article_publisher":"https:\/\/www.facebook.com\/Ub%c3%a1News-Carlos-Roberto-Sodr%c3%a9-418778301977370","article_published_time":"2025-10-31T12:23:43+00:00","og_image":[{"width":800,"height":630,"url":"https:\/\/ubanews.com\/site\/wp-content\/uploads\/2025\/10\/Fato-Policial-Policia-Civil-1.jpeg","type":"image\/jpeg"}],"author":"Carlos Roberto Sodr\u00e9","twitter_card":"summary_large_image","twitter_misc":{"Escrito por":"Carlos Roberto Sodr\u00e9","Est. tempo de leitura":"3 minutos"},"schema":{"@context":"https:\/\/schema.org","@graph":[{"@type":"Article","@id":"https:\/\/ubanews.com\/site\/2025\/10\/31\/policia-civil-deflagra-operacao-desarme-na-zona-da-mata\/#article","isPartOf":{"@id":"https:\/\/ubanews.com\/site\/2025\/10\/31\/policia-civil-deflagra-operacao-desarme-na-zona-da-mata\/"},"author":{"name":"Carlos Roberto Sodr\u00e9","@id":"https:\/\/ubanews.com\/site\/#\/schema\/person\/9d8da9ec3c8d00640ab6e8c81e103310"},"headline":"Pol\u00edcia Civil deflagra opera\u00e7\u00e3o Desarme na Zona da Mata","datePublished":"2025-10-31T12:23:43+00:00","mainEntityOfPage":{"@id":"https:\/\/ubanews.com\/site\/2025\/10\/31\/policia-civil-deflagra-operacao-desarme-na-zona-da-mata\/"},"wordCount":372,"commentCount":0,"publisher":{"@id":"https:\/\/ubanews.com\/site\/#organization"},"image":{"@id":"https:\/\/ubanews.com\/site\/2025\/10\/31\/policia-civil-deflagra-operacao-desarme-na-zona-da-mata\/#primaryimage"},"thumbnailUrl":"https:\/\/ubanews.com\/site\/wp-content\/uploads\/2025\/10\/Fato-Policial-Policia-Civil-1.jpeg","keywords":["Fala Sodr\u00e9","Fato Policial","Pol\u00edcia Civil","UBANEWS"],"articleSection":["Geral"],"inLanguage":"pt-BR","potentialAction":[{"@type":"CommentAction","name":"Comment","target":["https:\/\/ubanews.com\/site\/2025\/10\/31\/policia-civil-deflagra-operacao-desarme-na-zona-da-mata\/#respond"]}]},{"@type":"WebPage","@id":"https:\/\/ubanews.com\/site\/2025\/10\/31\/policia-civil-deflagra-operacao-desarme-na-zona-da-mata\/","url":"https:\/\/ubanews.com\/site\/2025\/10\/31\/policia-civil-deflagra-operacao-desarme-na-zona-da-mata\/","name":"Pol\u00edcia Civil deflagra opera\u00e7\u00e3o Desarme na Zona da Mata - Ub\u00e1 News","isPartOf":{"@id":"https:\/\/ubanews.com\/site\/#website"},"primaryImageOfPage":{"@id":"https:\/\/ubanews.com\/site\/2025\/10\/31\/policia-civil-deflagra-operacao-desarme-na-zona-da-mata\/#primaryimage"},"image":{"@id":"https:\/\/ubanews.com\/site\/2025\/10\/31\/policia-civil-deflagra-operacao-desarme-na-zona-da-mata\/#primaryimage"},"thumbnailUrl":"https:\/\/ubanews.com\/site\/wp-content\/uploads\/2025\/10\/Fato-Policial-Policia-Civil-1.jpeg","datePublished":"2025-10-31T12:23:43+00:00","description":"Pol\u00edcia Civil deflagra opera\u00e7\u00e3o Desarme na Zona da Mata. A\u00e7\u00e3o conjunta apura com\u00e9rcio ilegal e adultera\u00e7\u00e3o de armas de fogo em Piau.","breadcrumb":{"@id":"https:\/\/ubanews.com\/site\/2025\/10\/31\/policia-civil-deflagra-operacao-desarme-na-zona-da-mata\/#breadcrumb"},"inLanguage":"pt-BR","potentialAction":[{"@type":"ReadAction","target":["https:\/\/ubanews.com\/site\/2025\/10\/31\/policia-civil-deflagra-operacao-desarme-na-zona-da-mata\/"]}]},{"@type":"ImageObject","inLanguage":"pt-BR","@id":"https:\/\/ubanews.com\/site\/2025\/10\/31\/policia-civil-deflagra-operacao-desarme-na-zona-da-mata\/#primaryimage","url":"https:\/\/ubanews.com\/site\/wp-content\/uploads\/2025\/10\/Fato-Policial-Policia-Civil-1.jpeg","contentUrl":"https:\/\/ubanews.com\/site\/wp-content\/uploads\/2025\/10\/Fato-Policial-Policia-Civil-1.jpeg","width":800,"height":630,"caption":"Fato Policial"},{"@type":"BreadcrumbList","@id":"https:\/\/ubanews.com\/site\/2025\/10\/31\/policia-civil-deflagra-operacao-desarme-na-zona-da-mata\/#breadcrumb","itemListElement":[{"@type":"ListItem","position":1,"name":"Home","item":"https:\/\/ubanews.com\/site\/"},{"@type":"ListItem","position":2,"name":"Pol\u00edcia Civil deflagra opera\u00e7\u00e3o Desarme na Zona da Mata"}]},{"@type":"WebSite","@id":"https:\/\/ubanews.com\/site\/#website","url":"https:\/\/ubanews.com\/site\/","name":"Ub\u00e1 News","description":"","publisher":{"@id":"https:\/\/ubanews.com\/site\/#organization"},"potentialAction":[{"@type":"SearchAction","target":{"@type":"EntryPoint","urlTemplate":"https:\/\/ubanews.com\/site\/?s={search_term_string}"},"query-input":{"@type":"PropertyValueSpecification","valueRequired":true,"valueName":"search_term_string"}}],"inLanguage":"pt-BR"},{"@type":"Organization","@id":"https:\/\/ubanews.com\/site\/#organization","name":"Ub\u00e1 News","url":"https:\/\/ubanews.com\/site\/","logo":{"@type":"ImageObject","inLanguage":"pt-BR","@id":"https:\/\/ubanews.com\/site\/#\/schema\/logo\/image\/","url":"https:\/\/ubanews.com\/site\/wp-content\/uploads\/2018\/01\/logoubanews.png","contentUrl":"https:\/\/ubanews.com\/site\/wp-content\/uploads\/2018\/01\/logoubanews.png","width":261,"height":99,"caption":"Ub\u00e1 News"},"image":{"@id":"https:\/\/ubanews.com\/site\/#\/schema\/logo\/image\/"},"sameAs":["https:\/\/www.facebook.com\/Ub\u00e1News-Carlos-Roberto-Sodr\u00e9-418778301977370"]},{"@type":"Person","@id":"https:\/\/ubanews.com\/site\/#\/schema\/person\/9d8da9ec3c8d00640ab6e8c81e103310","name":"Carlos Roberto Sodr\u00e9","image":{"@type":"ImageObject","inLanguage":"pt-BR","@id":"https:\/\/secure.gravatar.com\/avatar\/aab322e8555b56c468614fafdab8a8f924e394cdc6cfd8232f77e9e4d123a133?s=96&d=mm&r=g","url":"https:\/\/secure.gravatar.com\/avatar\/aab322e8555b56c468614fafdab8a8f924e394cdc6cfd8232f77e9e4d123a133?s=96&d=mm&r=g","contentUrl":"https:\/\/secure.gravatar.com\/avatar\/aab322e8555b56c468614fafdab8a8f924e394cdc6cfd8232f77e9e4d123a133?s=96&d=mm&r=g","caption":"Carlos Roberto Sodr\u00e9"},"url":"https:\/\/ubanews.com\/site\/author\/sodre\/"}]}},"_links":{"self":[{"href":"https:\/\/ubanews.com\/site\/wp-json\/wp\/v2\/posts\/23297","targetHints":{"allow":["GET"]}}],"collection":[{"href":"https:\/\/ubanews.com\/site\/wp-json\/wp\/v2\/posts"}],"about":[{"href":"https:\/\/ubanews.com\/site\/wp-json\/wp\/v2\/types\/post"}],"author":[{"embeddable":true,"href":"https:\/\/ubanews.com\/site\/wp-json\/wp\/v2\/users\/4"}],"replies":[{"embeddable":true,"href":"https:\/\/ubanews.com\/site\/wp-json\/wp\/v2\/comments?post=23297"}],"version-history":[{"count":0,"href":"https:\/\/ubanews.com\/site\/wp-json\/wp\/v2\/posts\/23297\/revisions"}],"wp:featuredmedia":[{"embeddable":true,"href":"https:\/\/ubanews.com\/site\/wp-json\/wp\/v2\/media\/23298"}],"wp:attachment":[{"href":"https:\/\/ubanews.com\/site\/wp-json\/wp\/v2\/media?parent=23297"}],"wp:term":[{"taxonomy":"category","embeddable":true,"href":"https:\/\/ubanews.com\/site\/wp-json\/wp\/v2\/categories?post=23297"},{"taxonomy":"post_tag","embeddable":true,"href":"https:\/\/ubanews.com\/site\/wp-json\/wp\/v2\/tags?post=23297"}],"curies":[{"name":"wp","href":"https:\/\/api.w.org\/{rel}","templated":true}]}}