{"id":23287,"date":"2025-10-30T11:38:20","date_gmt":"2025-10-30T14:38:20","guid":{"rendered":"https:\/\/ubanews.com\/site\/?p=23287"},"modified":"2025-11-01T09:35:13","modified_gmt":"2025-11-01T12:35:13","slug":"descomplicando-a-reforma-tributaria","status":"publish","type":"post","link":"https:\/\/ubanews.com\/site\/2025\/10\/30\/descomplicando-a-reforma-tributaria\/","title":{"rendered":"Descomplicando a Reforma Tribut\u00e1ria"},"content":{"rendered":"<p data-start=\"268\" data-end=\"358\"><strong data-start=\"271\" data-end=\"358\">Descomplicando a Reforma Tribut\u00e1ria: tecnologia e informa\u00e7\u00e3o a servi\u00e7o das empresas.\u00a0<\/strong>A entrevista realizada por <strong data-start=\"387\" data-end=\"422\">Pedro Henriques Guimar\u00e3es Filho<\/strong>, substituindo o rep\u00f3rter <strong data-start=\"448\" data-end=\"472\">Carlos Roberto Sodr\u00e9<\/strong>, trouxe um tema essencial para empres\u00e1rios e profissionais cont\u00e1beis: a <strong data-start=\"545\" data-end=\"567\">Reforma Tribut\u00e1ria<\/strong>. Com a presen\u00e7a de <strong data-start=\"587\" data-end=\"602\">Caio Lucina<\/strong>, da <strong data-start=\"607\" data-end=\"629\">Aliber Inform\u00e1tica<\/strong>, <strong data-start=\"631\" data-end=\"650\">Reginaldo Silva<\/strong>, CEO da <strong data-start=\"659\" data-end=\"678\">Sommus Sistemas<\/strong>, e <strong data-start=\"682\" data-end=\"702\">Deynison Gonzaga<\/strong>, consultor fiscal, o encontro no quadro <strong data-start=\"743\" data-end=\"757\">Fala Sodr\u00e9<\/strong> abordou os impactos e os desafios que a nova legisla\u00e7\u00e3o trar\u00e1 para as empresas.<\/p>\n<h2 data-start=\"268\" data-end=\"358\"><strong data-start=\"271\" data-end=\"358\">Descomplicando a Reforma Tribut\u00e1ria: tecnologia e informa\u00e7\u00e3o a servi\u00e7o das empresas<\/strong><\/h2>\n<p><a href=\"https:\/\/www.youtube.com\/live\/JoEfiN-3PNw?si=E-37Coe8cjviq6bh\" target=\"_blank\" rel=\"noopener\"><img decoding=\"async\" class=\"aligncenter size-medium wp-image-23288 lazyload\" data-src=\"https:\/\/ubanews.com\/site\/wp-content\/uploads\/2025\/10\/Fala-Sodre-Reforma-Tributaria--300x167.jpg\" alt=\"Descomplicando a Reforma Tribut\u00e1ria: tecnologia e informa\u00e7\u00e3o a servi\u00e7o das empresas\" width=\"300\" height=\"167\" data-srcset=\"https:\/\/ubanews.com\/site\/wp-content\/uploads\/2025\/10\/Fala-Sodre-Reforma-Tributaria--300x167.jpg 300w, https:\/\/ubanews.com\/site\/wp-content\/uploads\/2025\/10\/Fala-Sodre-Reforma-Tributaria--1024x569.jpg 1024w, https:\/\/ubanews.com\/site\/wp-content\/uploads\/2025\/10\/Fala-Sodre-Reforma-Tributaria--768x426.jpg 768w, https:\/\/ubanews.com\/site\/wp-content\/uploads\/2025\/10\/Fala-Sodre-Reforma-Tributaria--360x200.jpg 360w, https:\/\/ubanews.com\/site\/wp-content\/uploads\/2025\/10\/Fala-Sodre-Reforma-Tributaria-.jpg 1284w\" data-sizes=\"(max-width: 300px) 100vw, 300px\" src=\"data:image\/svg+xml;base64,PHN2ZyB3aWR0aD0iMSIgaGVpZ2h0PSIxIiB4bWxucz0iaHR0cDovL3d3dy53My5vcmcvMjAwMC9zdmciPjwvc3ZnPg==\" style=\"--smush-placeholder-width: 300px; --smush-placeholder-aspect-ratio: 300\/167;\" \/><\/a><\/p>\n<p>&nbsp;<\/p>\n<p>&nbsp;<\/p>\n<h3 data-start=\"839\" data-end=\"888\"><strong data-start=\"843\" data-end=\"888\">Por que falar de Reforma Tribut\u00e1ria agora<\/strong><\/h3>\n<p data-start=\"890\" data-end=\"1305\">Logo no in\u00edcio, Pedro Henriques destacou que a discuss\u00e3o sobre a Reforma Tribut\u00e1ria ganhou for\u00e7a porque ela est\u00e1 prestes a entrar em vigor. A mudan\u00e7a impacta <strong data-start=\"1048\" data-end=\"1083\">impostos estaduais e municipais<\/strong>, exigindo adequa\u00e7\u00f5es r\u00e1pidas por parte das empresas e dos sistemas de gest\u00e3o.<br data-start=\"1161\" data-end=\"1164\" \/>Segundo os especialistas, a atualiza\u00e7\u00e3o \u00e9 inevit\u00e1vel e deve simplificar processos, embora exija <strong data-start=\"1260\" data-end=\"1304\">preparo t\u00e9cnico e integra\u00e7\u00e3o tecnol\u00f3gica<\/strong>.<\/p>\n<blockquote data-start=\"1307\" data-end=\"1488\">\n<p data-start=\"1309\" data-end=\"1488\">\u201cA prefeitura precisa se adequar, e as empresas tamb\u00e9m. Essa mudan\u00e7a vem para simplificar, mas s\u00f3 quem estiver preparado vai sentir os benef\u00edcios\u201d, ressaltou <strong data-start=\"1467\" data-end=\"1487\">Daynison Gonzaga<\/strong>.<\/p>\n<\/blockquote>\n<h3 data-start=\"1490\" data-end=\"1545\"><strong data-start=\"1494\" data-end=\"1545\">O papel da tecnologia na adapta\u00e7\u00e3o das empresas<\/strong><\/h3>\n<p data-start=\"1547\" data-end=\"1747\">Caio Lucina explicou que a <strong data-start=\"1574\" data-end=\"1596\">Aliber Inform\u00e1tica<\/strong> vem acompanhando de perto as transforma\u00e7\u00f5es fiscais no Brasil. Ele lembrou que o setor de tecnologia tem papel estrat\u00e9gico nesse momento de transi\u00e7\u00e3o.<\/p>\n<blockquote data-start=\"1749\" data-end=\"1932\">\n<p data-start=\"1751\" data-end=\"1932\">\u201cA tecnologia se tornou aliada da gest\u00e3o tribut\u00e1ria. Hoje, \u00e9 imposs\u00edvel pensar em controle fiscal sem sistemas integrados e comunica\u00e7\u00e3o digital eficiente\u201d, observou <strong data-start=\"1916\" data-end=\"1931\">Caio Lucina<\/strong>.<\/p>\n<\/blockquote>\n<p data-start=\"1934\" data-end=\"2172\">A fala de <strong data-start=\"1944\" data-end=\"1963\">Reginaldo Silva<\/strong>, da <strong data-start=\"1968\" data-end=\"1987\">Sommus Sistemas<\/strong>, refor\u00e7ou esse ponto. Ele destacou que a empresa investe constantemente em <strong data-start=\"2063\" data-end=\"2088\">solu\u00e7\u00f5es de automa\u00e7\u00e3o<\/strong> que ajudam clientes a reduzir erros e aumentar a seguran\u00e7a das informa\u00e7\u00f5es fiscais.<\/p>\n<blockquote data-start=\"2174\" data-end=\"2382\">\n<p data-start=\"2176\" data-end=\"2382\">\u201cAs empresas precisam entender que o sistema n\u00e3o \u00e9 apenas uma ferramenta. Ele \u00e9 parte do processo de decis\u00e3o e garante que a empresa esteja em conformidade com as novas regras\u201d, afirmou <strong data-start=\"2362\" data-end=\"2381\">Reginaldo Silva<\/strong>.<\/p>\n<\/blockquote>\n<h3 data-start=\"2614\" data-end=\"2657\"><strong data-start=\"2618\" data-end=\"2657\">A vis\u00e3o t\u00e9cnica de Deynison Gonzaga<\/strong><\/h3>\n<p data-start=\"2659\" data-end=\"2923\">Com experi\u00eancia pr\u00e1tica em consultoria fiscal, <strong data-start=\"2706\" data-end=\"2726\">Deynison Gonzaga<\/strong> trouxe uma an\u00e1lise detalhada sobre os efeitos reais da reforma. Ele lembrou que a principal mudan\u00e7a ser\u00e1 no <strong data-start=\"2835\" data-end=\"2879\">modelo de apura\u00e7\u00e3o e cruzamento de dados<\/strong>, o que exigir\u00e1 mais aten\u00e7\u00e3o das empresas.<\/p>\n<blockquote data-start=\"2925\" data-end=\"3144\">\n<p data-start=\"2927\" data-end=\"3144\">\u201cA base de dados ser\u00e1 o cora\u00e7\u00e3o do novo sistema tribut\u00e1rio. Quem n\u00e3o tiver informa\u00e7\u00f5es organizadas pode enfrentar inconsist\u00eancias e multas. \u00c9 o momento de revisar cadastros e processos internos\u201d, explicou o consultor.<\/p>\n<\/blockquote>\n<p data-start=\"3146\" data-end=\"3335\">Deynison ainda destacou que a simplifica\u00e7\u00e3o prometida pela reforma s\u00f3 se tornar\u00e1 realidade quando as empresas e os munic\u00edpios trabalharem juntos, em sintonia com os novos sistemas digitais.<\/p>\n<h3 data-start=\"2384\" data-end=\"2439\"><strong data-start=\"2388\" data-end=\"2439\">Desafios pr\u00e1ticos e a import\u00e2ncia da informa\u00e7\u00e3o<\/strong><\/h3>\n<p data-start=\"2441\" data-end=\"2715\">Durante a entrevista, os convidados chamaram aten\u00e7\u00e3o para um ponto cr\u00edtico: <strong data-start=\"2517\" data-end=\"2542\">a qualidade dos dados<\/strong>.<br data-start=\"2543\" data-end=\"2546\" \/>Daynison alertou que muitas empresas ainda n\u00e3o tratam corretamente seus bancos de dados, o que pode gerar inconsist\u00eancias na hora de aplicar as novas regras tribut\u00e1rias.<\/p>\n<blockquote data-start=\"2717\" data-end=\"2878\">\n<p data-start=\"2719\" data-end=\"2878\">\u201cSe a base de dados n\u00e3o for confi\u00e1vel, a empresa pode ter s\u00e9rios problemas com a Receita. \u00c9 o momento de revisar cadastros e sistemas\u201d, recomendou o consultor.<\/p>\n<\/blockquote>\n<p data-start=\"2880\" data-end=\"3111\">Pedro Henriques refor\u00e7ou que o canal <strong data-start=\"2917\" data-end=\"2931\">Fala Sodr\u00e9<\/strong> e o portal <strong data-start=\"2943\" data-end=\"2954\">UBANEWS<\/strong> est\u00e3o comprometidos em disseminar esse tipo de informa\u00e7\u00e3o, tornando o conte\u00fado acess\u00edvel tamb\u00e9m para quem prefere ler ou assistir aos v\u00eddeos no <strong data-start=\"3099\" data-end=\"3110\">YouTube<\/strong>.<\/p>\n<h3 data-start=\"3113\" data-end=\"3152\"><strong data-start=\"3117\" data-end=\"3152\">Empres\u00e1rios precisam agir agora<\/strong><\/h3>\n<p data-start=\"3154\" data-end=\"3383\">Os especialistas foram un\u00e2nimes em afirmar que o momento de se preparar \u00e9 <strong data-start=\"3228\" data-end=\"3237\">agora<\/strong>.<br data-start=\"3238\" data-end=\"3241\" \/>A reforma trar\u00e1 impactos diretos na forma como as notas fiscais s\u00e3o emitidas, como os impostos s\u00e3o calculados e at\u00e9 nas obriga\u00e7\u00f5es acess\u00f3rias.<\/p>\n<p data-start=\"3385\" data-end=\"3423\"><strong data-start=\"3385\" data-end=\"3400\">Caio Lucina<\/strong> resumiu bem o cen\u00e1rio:<\/p>\n<blockquote data-start=\"3425\" data-end=\"3582\">\n<p data-start=\"3427\" data-end=\"3582\">\u201cQuem deixar para se adaptar depois, vai enfrentar custos mais altos e retrabalho. A informa\u00e7\u00e3o \u00e9 a base da sobreviv\u00eancia empresarial nesse novo contexto.\u201d<\/p>\n<\/blockquote>\n<h3 data-start=\"3584\" data-end=\"3640\"><strong data-start=\"3588\" data-end=\"3640\">Conex\u00e3o entre tecnologia, contabilidade e gest\u00e3o<\/strong><\/h3>\n<p data-start=\"3642\" data-end=\"3922\">O encontro mostrou que a integra\u00e7\u00e3o entre <strong data-start=\"3684\" data-end=\"3735\">gestores, contadores e provedores de tecnologia<\/strong> ser\u00e1 fundamental.<br data-start=\"3753\" data-end=\"3756\" \/>Empresas que investem em <strong data-start=\"3781\" data-end=\"3805\">sistemas atualizados<\/strong> e <strong data-start=\"3808\" data-end=\"3833\">capacita\u00e7\u00e3o da equipe<\/strong> ter\u00e3o vantagem competitiva, pois conseguir\u00e3o entender e aplicar as mudan\u00e7as com rapidez.<\/p>\n<p data-start=\"3924\" data-end=\"4138\">Al\u00e9m disso, <strong data-start=\"3936\" data-end=\"3955\">Reginaldo Silva<\/strong> lembrou que a <strong data-start=\"3970\" data-end=\"3989\">Sommus Sistemas<\/strong> est\u00e1 desenvolvendo recursos para apoiar escrit\u00f3rios cont\u00e1beis e empresas no processo de transi\u00e7\u00e3o, garantindo conformidade com o novo modelo fiscal.<\/p>\n<h3 data-start=\"4140\" data-end=\"4184\"><strong data-start=\"4144\" data-end=\"4184\">Convite \u00e0 a\u00e7\u00e3o e informa\u00e7\u00e3o cont\u00ednua<\/strong><\/h3>\n<p data-start=\"4186\" data-end=\"4399\">Pedro Henriques encerrou a entrevista convidando empres\u00e1rios, profissionais liberais e estudantes a acompanharem os pr\u00f3ximos epis\u00f3dios do <strong data-start=\"4324\" data-end=\"4338\">Fala Sodr\u00e9<\/strong>, tanto no canal do <strong data-start=\"4358\" data-end=\"4369\">YouTube<\/strong> quanto no <strong data-start=\"4380\" data-end=\"4398\">portal UBANEWS<\/strong>.<\/p>\n<blockquote data-start=\"4401\" data-end=\"4539\">\n<p data-start=\"4403\" data-end=\"4539\">\u201cInforma\u00e7\u00e3o \u00e9 poder. E a reforma tribut\u00e1ria, quando compreendida, pode ser uma oportunidade de moderniza\u00e7\u00e3o para as empresas\u201d, concluiu.<\/p>\n<\/blockquote>\n<p><iframe title=\"Fala Sodr\u00e9: Reforma Tribut\u00e1ria um Convite da Aliber para Entender e Saber Aplicar 29\/10\/2025\" width=\"840\" height=\"473\" data-src=\"https:\/\/www.youtube.com\/embed\/JoEfiN-3PNw?start=136&#038;feature=oembed\" frameborder=\"0\" allow=\"accelerometer; autoplay; clipboard-write; encrypted-media; gyroscope; picture-in-picture; web-share\" referrerpolicy=\"strict-origin-when-cross-origin\" allowfullscreen src=\"data:image\/svg+xml;base64,PHN2ZyB3aWR0aD0iMSIgaGVpZ2h0PSIxIiB4bWxucz0iaHR0cDovL3d3dy53My5vcmcvMjAwMC9zdmciPjwvc3ZnPg==\" class=\"lazyload\" data-load-mode=\"1\"><\/iframe><\/p>\n<p>&nbsp;<\/p>\n<p style=\"margin: 0in; font-size: 20.0pt;\"><span style=\"font-family: 'Segoe UI Emoji';\">&#x1f4da; <\/span><span style=\"font-weight: bold; font-family: Calibri;\">Cobertura:<\/span><span style=\"font-family: Calibri;\"> Carlos Roberto Sodr\u00e9 <\/span><a href=\"https:\/\/wa.me\/553298481334\"><span style=\"font-family: Calibri;\">WhatsApp<\/span><\/a><\/p>\n<p style=\"margin: 0in; font-size: 20.0pt;\"><span style=\"font-family: 'Segoe UI Emoji';\">&#x1f4f8; <\/span><span style=\"font-weight: bold; font-family: Calibri;\">Imagens:<\/span><span style=\"font-family: Calibri;\"> Laisa Sodr\u00e9<\/span><\/p>\n<p style=\"margin: 0in; font-size: 20.0pt;\"><span style=\"font-family: 'Segoe UI Emoji';\">&#x1f4dd; <\/span><span style=\"font-weight: bold; font-family: Calibri;\">Conte\u00fado: <\/span><a href=\"https:\/\/www.linkedin.com\/in\/pedrohgf\/\"><span style=\"font-family: Calibri;\">Pedro Henriques<\/span><\/a><span style=\"font-family: Calibri;\"> \u2013 <\/span><a href=\"https:\/\/indicca.com.br\/blog\/\"><span style=\"font-family: Calibri;\">INDICCA.COM<\/span><\/a><span style=\"font-family: Calibri;\">\u00a0 <\/span><a href=\"https:\/\/wa.me\/5532988020057\"><span style=\"font-family: Calibri;\">WhatsApp<\/span><\/a><\/p>\n<p style=\"margin: 0in; font-size: 20.0pt;\"><span style=\"font-family: 'Segoe UI Emoji';\">&#x1f393; <\/span><span style=\"font-weight: bold; font-family: Calibri;\">Evento:\u00a0<\/span><strong data-start=\"271\" data-end=\"358\">Descomplicando a Reforma Tribut\u00e1ria: tecnologia e informa\u00e7\u00e3o a servi\u00e7o das empresas<\/strong><\/p>\n<p data-start=\"4403\" data-end=\"4539\">\n","protected":false},"excerpt":{"rendered":"<p>Descomplicando a Reforma Tribut\u00e1ria: tecnologia e informa\u00e7\u00e3o a servi\u00e7o das<\/p>\n","protected":false},"author":4,"featured_media":23288,"comment_status":"open","ping_status":"open","sticky":false,"template":"","format":"standard","meta":{"footnotes":""},"categories":[1,3],"tags":[205,204,59,203,110,60],"class_list":["post-23287","post","type-post","status-publish","format-standard","has-post-thumbnail","hentry","category-sem-categoria","category-slide","tag-aliber-informatica","tag-cbs","tag-fala-sodre","tag-ibs","tag-reforma-tributaria","tag-ubanews"],"yoast_head":"<!-- This site is optimized with the Yoast SEO plugin v27.2 - https:\/\/yoast.com\/product\/yoast-seo-wordpress\/ -->\n<title>Descomplicando a Reforma Tribut\u00e1ria - Ub\u00e1 News<\/title>\n<meta name=\"description\" content=\"Descomplicando a Reforma Tribut\u00e1ria: tecnologia e informa\u00e7\u00e3o a servi\u00e7o das empresas. Caio da Aliber, Reginaldo da Sommus e Daynison,\" \/>\n<meta name=\"robots\" content=\"index, follow, max-snippet:-1, max-image-preview:large, max-video-preview:-1\" \/>\n<link rel=\"canonical\" href=\"https:\/\/ubanews.com\/site\/2025\/10\/30\/descomplicando-a-reforma-tributaria\/\" \/>\n<meta property=\"og:locale\" content=\"pt_BR\" \/>\n<meta property=\"og:type\" content=\"article\" \/>\n<meta property=\"og:title\" content=\"Descomplicando a Reforma Tribut\u00e1ria - Ub\u00e1 News\" \/>\n<meta property=\"og:description\" content=\"Descomplicando a Reforma Tribut\u00e1ria: tecnologia e informa\u00e7\u00e3o a servi\u00e7o das empresas. Caio da Aliber, Reginaldo da Sommus e Daynison,\" \/>\n<meta property=\"og:url\" content=\"https:\/\/ubanews.com\/site\/2025\/10\/30\/descomplicando-a-reforma-tributaria\/\" \/>\n<meta property=\"og:site_name\" content=\"Ub\u00e1 News\" \/>\n<meta property=\"article:publisher\" content=\"https:\/\/www.facebook.com\/Ub%c3%a1News-Carlos-Roberto-Sodr%c3%a9-418778301977370\" \/>\n<meta property=\"article:published_time\" content=\"2025-10-30T14:38:20+00:00\" \/>\n<meta property=\"article:modified_time\" content=\"2025-11-01T12:35:13+00:00\" \/>\n<meta property=\"og:image\" content=\"https:\/\/ubanews.com\/site\/wp-content\/uploads\/2025\/10\/Fala-Sodre-Reforma-Tributaria-.jpg\" \/>\n\t<meta property=\"og:image:width\" content=\"1284\" \/>\n\t<meta property=\"og:image:height\" content=\"713\" \/>\n\t<meta property=\"og:image:type\" content=\"image\/jpeg\" \/>\n<meta name=\"author\" content=\"Carlos Roberto Sodr\u00e9\" \/>\n<meta name=\"twitter:card\" content=\"summary_large_image\" \/>\n<meta name=\"twitter:label1\" content=\"Escrito por\" \/>\n\t<meta name=\"twitter:data1\" content=\"Carlos Roberto Sodr\u00e9\" \/>\n\t<meta name=\"twitter:label2\" content=\"Est. tempo de leitura\" \/>\n\t<meta name=\"twitter:data2\" content=\"4 minutos\" \/>\n<script type=\"application\/ld+json\" class=\"yoast-schema-graph\">{\"@context\":\"https:\/\/schema.org\",\"@graph\":[{\"@type\":\"Article\",\"@id\":\"https:\/\/ubanews.com\/site\/2025\/10\/30\/descomplicando-a-reforma-tributaria\/#article\",\"isPartOf\":{\"@id\":\"https:\/\/ubanews.com\/site\/2025\/10\/30\/descomplicando-a-reforma-tributaria\/\"},\"author\":{\"name\":\"Carlos Roberto Sodr\u00e9\",\"@id\":\"https:\/\/ubanews.com\/site\/#\/schema\/person\/9d8da9ec3c8d00640ab6e8c81e103310\"},\"headline\":\"Descomplicando a Reforma Tribut\u00e1ria\",\"datePublished\":\"2025-10-30T14:38:20+00:00\",\"dateModified\":\"2025-11-01T12:35:13+00:00\",\"mainEntityOfPage\":{\"@id\":\"https:\/\/ubanews.com\/site\/2025\/10\/30\/descomplicando-a-reforma-tributaria\/\"},\"wordCount\":887,\"commentCount\":0,\"publisher\":{\"@id\":\"https:\/\/ubanews.com\/site\/#organization\"},\"image\":{\"@id\":\"https:\/\/ubanews.com\/site\/2025\/10\/30\/descomplicando-a-reforma-tributaria\/#primaryimage\"},\"thumbnailUrl\":\"https:\/\/ubanews.com\/site\/wp-content\/uploads\/2025\/10\/Fala-Sodre-Reforma-Tributaria-.jpg\",\"keywords\":[\"Aliber Inform\u00e1tica\",\"CBS\",\"Fala Sodr\u00e9\",\"IBS\",\"Reforma Tribut\u00e1ria\",\"UBANEWS\"],\"articleSection\":[\"Geral\",\"Slide\"],\"inLanguage\":\"pt-BR\",\"potentialAction\":[{\"@type\":\"CommentAction\",\"name\":\"Comment\",\"target\":[\"https:\/\/ubanews.com\/site\/2025\/10\/30\/descomplicando-a-reforma-tributaria\/#respond\"]}]},{\"@type\":\"WebPage\",\"@id\":\"https:\/\/ubanews.com\/site\/2025\/10\/30\/descomplicando-a-reforma-tributaria\/\",\"url\":\"https:\/\/ubanews.com\/site\/2025\/10\/30\/descomplicando-a-reforma-tributaria\/\",\"name\":\"Descomplicando a Reforma Tribut\u00e1ria - Ub\u00e1 News\",\"isPartOf\":{\"@id\":\"https:\/\/ubanews.com\/site\/#website\"},\"primaryImageOfPage\":{\"@id\":\"https:\/\/ubanews.com\/site\/2025\/10\/30\/descomplicando-a-reforma-tributaria\/#primaryimage\"},\"image\":{\"@id\":\"https:\/\/ubanews.com\/site\/2025\/10\/30\/descomplicando-a-reforma-tributaria\/#primaryimage\"},\"thumbnailUrl\":\"https:\/\/ubanews.com\/site\/wp-content\/uploads\/2025\/10\/Fala-Sodre-Reforma-Tributaria-.jpg\",\"datePublished\":\"2025-10-30T14:38:20+00:00\",\"dateModified\":\"2025-11-01T12:35:13+00:00\",\"description\":\"Descomplicando a Reforma Tribut\u00e1ria: tecnologia e informa\u00e7\u00e3o a servi\u00e7o das empresas. Caio da Aliber, Reginaldo da Sommus e Daynison,\",\"breadcrumb\":{\"@id\":\"https:\/\/ubanews.com\/site\/2025\/10\/30\/descomplicando-a-reforma-tributaria\/#breadcrumb\"},\"inLanguage\":\"pt-BR\",\"potentialAction\":[{\"@type\":\"ReadAction\",\"target\":[\"https:\/\/ubanews.com\/site\/2025\/10\/30\/descomplicando-a-reforma-tributaria\/\"]}]},{\"@type\":\"ImageObject\",\"inLanguage\":\"pt-BR\",\"@id\":\"https:\/\/ubanews.com\/site\/2025\/10\/30\/descomplicando-a-reforma-tributaria\/#primaryimage\",\"url\":\"https:\/\/ubanews.com\/site\/wp-content\/uploads\/2025\/10\/Fala-Sodre-Reforma-Tributaria-.jpg\",\"contentUrl\":\"https:\/\/ubanews.com\/site\/wp-content\/uploads\/2025\/10\/Fala-Sodre-Reforma-Tributaria-.jpg\",\"width\":1284,\"height\":713,\"caption\":\"Descomplicando a Reforma Tribut\u00e1ria: tecnologia e informa\u00e7\u00e3o a servi\u00e7o das empresas\"},{\"@type\":\"BreadcrumbList\",\"@id\":\"https:\/\/ubanews.com\/site\/2025\/10\/30\/descomplicando-a-reforma-tributaria\/#breadcrumb\",\"itemListElement\":[{\"@type\":\"ListItem\",\"position\":1,\"name\":\"Home\",\"item\":\"https:\/\/ubanews.com\/site\/\"},{\"@type\":\"ListItem\",\"position\":2,\"name\":\"Descomplicando a Reforma Tribut\u00e1ria\"}]},{\"@type\":\"WebSite\",\"@id\":\"https:\/\/ubanews.com\/site\/#website\",\"url\":\"https:\/\/ubanews.com\/site\/\",\"name\":\"Ub\u00e1 News\",\"description\":\"\",\"publisher\":{\"@id\":\"https:\/\/ubanews.com\/site\/#organization\"},\"potentialAction\":[{\"@type\":\"SearchAction\",\"target\":{\"@type\":\"EntryPoint\",\"urlTemplate\":\"https:\/\/ubanews.com\/site\/?s={search_term_string}\"},\"query-input\":{\"@type\":\"PropertyValueSpecification\",\"valueRequired\":true,\"valueName\":\"search_term_string\"}}],\"inLanguage\":\"pt-BR\"},{\"@type\":\"Organization\",\"@id\":\"https:\/\/ubanews.com\/site\/#organization\",\"name\":\"Ub\u00e1 News\",\"url\":\"https:\/\/ubanews.com\/site\/\",\"logo\":{\"@type\":\"ImageObject\",\"inLanguage\":\"pt-BR\",\"@id\":\"https:\/\/ubanews.com\/site\/#\/schema\/logo\/image\/\",\"url\":\"https:\/\/ubanews.com\/site\/wp-content\/uploads\/2018\/01\/logoubanews.png\",\"contentUrl\":\"https:\/\/ubanews.com\/site\/wp-content\/uploads\/2018\/01\/logoubanews.png\",\"width\":261,\"height\":99,\"caption\":\"Ub\u00e1 News\"},\"image\":{\"@id\":\"https:\/\/ubanews.com\/site\/#\/schema\/logo\/image\/\"},\"sameAs\":[\"https:\/\/www.facebook.com\/Ub\u00e1News-Carlos-Roberto-Sodr\u00e9-418778301977370\"]},{\"@type\":\"Person\",\"@id\":\"https:\/\/ubanews.com\/site\/#\/schema\/person\/9d8da9ec3c8d00640ab6e8c81e103310\",\"name\":\"Carlos Roberto Sodr\u00e9\",\"image\":{\"@type\":\"ImageObject\",\"inLanguage\":\"pt-BR\",\"@id\":\"https:\/\/secure.gravatar.com\/avatar\/aab322e8555b56c468614fafdab8a8f924e394cdc6cfd8232f77e9e4d123a133?s=96&d=mm&r=g\",\"url\":\"https:\/\/secure.gravatar.com\/avatar\/aab322e8555b56c468614fafdab8a8f924e394cdc6cfd8232f77e9e4d123a133?s=96&d=mm&r=g\",\"contentUrl\":\"https:\/\/secure.gravatar.com\/avatar\/aab322e8555b56c468614fafdab8a8f924e394cdc6cfd8232f77e9e4d123a133?s=96&d=mm&r=g\",\"caption\":\"Carlos Roberto Sodr\u00e9\"},\"url\":\"https:\/\/ubanews.com\/site\/author\/sodre\/\"}]}<\/script>\n<!-- \/ Yoast SEO plugin. -->","yoast_head_json":{"title":"Descomplicando a Reforma Tribut\u00e1ria - Ub\u00e1 News","description":"Descomplicando a Reforma Tribut\u00e1ria: tecnologia e informa\u00e7\u00e3o a servi\u00e7o das empresas. Caio da Aliber, Reginaldo da Sommus e Daynison,","robots":{"index":"index","follow":"follow","max-snippet":"max-snippet:-1","max-image-preview":"max-image-preview:large","max-video-preview":"max-video-preview:-1"},"canonical":"https:\/\/ubanews.com\/site\/2025\/10\/30\/descomplicando-a-reforma-tributaria\/","og_locale":"pt_BR","og_type":"article","og_title":"Descomplicando a Reforma Tribut\u00e1ria - Ub\u00e1 News","og_description":"Descomplicando a Reforma Tribut\u00e1ria: tecnologia e informa\u00e7\u00e3o a servi\u00e7o das empresas. Caio da Aliber, Reginaldo da Sommus e Daynison,","og_url":"https:\/\/ubanews.com\/site\/2025\/10\/30\/descomplicando-a-reforma-tributaria\/","og_site_name":"Ub\u00e1 News","article_publisher":"https:\/\/www.facebook.com\/Ub%c3%a1News-Carlos-Roberto-Sodr%c3%a9-418778301977370","article_published_time":"2025-10-30T14:38:20+00:00","article_modified_time":"2025-11-01T12:35:13+00:00","og_image":[{"width":1284,"height":713,"url":"https:\/\/ubanews.com\/site\/wp-content\/uploads\/2025\/10\/Fala-Sodre-Reforma-Tributaria-.jpg","type":"image\/jpeg"}],"author":"Carlos Roberto Sodr\u00e9","twitter_card":"summary_large_image","twitter_misc":{"Escrito por":"Carlos Roberto Sodr\u00e9","Est. tempo de leitura":"4 minutos"},"schema":{"@context":"https:\/\/schema.org","@graph":[{"@type":"Article","@id":"https:\/\/ubanews.com\/site\/2025\/10\/30\/descomplicando-a-reforma-tributaria\/#article","isPartOf":{"@id":"https:\/\/ubanews.com\/site\/2025\/10\/30\/descomplicando-a-reforma-tributaria\/"},"author":{"name":"Carlos Roberto Sodr\u00e9","@id":"https:\/\/ubanews.com\/site\/#\/schema\/person\/9d8da9ec3c8d00640ab6e8c81e103310"},"headline":"Descomplicando a Reforma Tribut\u00e1ria","datePublished":"2025-10-30T14:38:20+00:00","dateModified":"2025-11-01T12:35:13+00:00","mainEntityOfPage":{"@id":"https:\/\/ubanews.com\/site\/2025\/10\/30\/descomplicando-a-reforma-tributaria\/"},"wordCount":887,"commentCount":0,"publisher":{"@id":"https:\/\/ubanews.com\/site\/#organization"},"image":{"@id":"https:\/\/ubanews.com\/site\/2025\/10\/30\/descomplicando-a-reforma-tributaria\/#primaryimage"},"thumbnailUrl":"https:\/\/ubanews.com\/site\/wp-content\/uploads\/2025\/10\/Fala-Sodre-Reforma-Tributaria-.jpg","keywords":["Aliber Inform\u00e1tica","CBS","Fala Sodr\u00e9","IBS","Reforma Tribut\u00e1ria","UBANEWS"],"articleSection":["Geral","Slide"],"inLanguage":"pt-BR","potentialAction":[{"@type":"CommentAction","name":"Comment","target":["https:\/\/ubanews.com\/site\/2025\/10\/30\/descomplicando-a-reforma-tributaria\/#respond"]}]},{"@type":"WebPage","@id":"https:\/\/ubanews.com\/site\/2025\/10\/30\/descomplicando-a-reforma-tributaria\/","url":"https:\/\/ubanews.com\/site\/2025\/10\/30\/descomplicando-a-reforma-tributaria\/","name":"Descomplicando a Reforma Tribut\u00e1ria - Ub\u00e1 News","isPartOf":{"@id":"https:\/\/ubanews.com\/site\/#website"},"primaryImageOfPage":{"@id":"https:\/\/ubanews.com\/site\/2025\/10\/30\/descomplicando-a-reforma-tributaria\/#primaryimage"},"image":{"@id":"https:\/\/ubanews.com\/site\/2025\/10\/30\/descomplicando-a-reforma-tributaria\/#primaryimage"},"thumbnailUrl":"https:\/\/ubanews.com\/site\/wp-content\/uploads\/2025\/10\/Fala-Sodre-Reforma-Tributaria-.jpg","datePublished":"2025-10-30T14:38:20+00:00","dateModified":"2025-11-01T12:35:13+00:00","description":"Descomplicando a Reforma Tribut\u00e1ria: tecnologia e informa\u00e7\u00e3o a servi\u00e7o das empresas. Caio da Aliber, Reginaldo da Sommus e Daynison,","breadcrumb":{"@id":"https:\/\/ubanews.com\/site\/2025\/10\/30\/descomplicando-a-reforma-tributaria\/#breadcrumb"},"inLanguage":"pt-BR","potentialAction":[{"@type":"ReadAction","target":["https:\/\/ubanews.com\/site\/2025\/10\/30\/descomplicando-a-reforma-tributaria\/"]}]},{"@type":"ImageObject","inLanguage":"pt-BR","@id":"https:\/\/ubanews.com\/site\/2025\/10\/30\/descomplicando-a-reforma-tributaria\/#primaryimage","url":"https:\/\/ubanews.com\/site\/wp-content\/uploads\/2025\/10\/Fala-Sodre-Reforma-Tributaria-.jpg","contentUrl":"https:\/\/ubanews.com\/site\/wp-content\/uploads\/2025\/10\/Fala-Sodre-Reforma-Tributaria-.jpg","width":1284,"height":713,"caption":"Descomplicando a Reforma Tribut\u00e1ria: tecnologia e informa\u00e7\u00e3o a servi\u00e7o das empresas"},{"@type":"BreadcrumbList","@id":"https:\/\/ubanews.com\/site\/2025\/10\/30\/descomplicando-a-reforma-tributaria\/#breadcrumb","itemListElement":[{"@type":"ListItem","position":1,"name":"Home","item":"https:\/\/ubanews.com\/site\/"},{"@type":"ListItem","position":2,"name":"Descomplicando a Reforma Tribut\u00e1ria"}]},{"@type":"WebSite","@id":"https:\/\/ubanews.com\/site\/#website","url":"https:\/\/ubanews.com\/site\/","name":"Ub\u00e1 News","description":"","publisher":{"@id":"https:\/\/ubanews.com\/site\/#organization"},"potentialAction":[{"@type":"SearchAction","target":{"@type":"EntryPoint","urlTemplate":"https:\/\/ubanews.com\/site\/?s={search_term_string}"},"query-input":{"@type":"PropertyValueSpecification","valueRequired":true,"valueName":"search_term_string"}}],"inLanguage":"pt-BR"},{"@type":"Organization","@id":"https:\/\/ubanews.com\/site\/#organization","name":"Ub\u00e1 News","url":"https:\/\/ubanews.com\/site\/","logo":{"@type":"ImageObject","inLanguage":"pt-BR","@id":"https:\/\/ubanews.com\/site\/#\/schema\/logo\/image\/","url":"https:\/\/ubanews.com\/site\/wp-content\/uploads\/2018\/01\/logoubanews.png","contentUrl":"https:\/\/ubanews.com\/site\/wp-content\/uploads\/2018\/01\/logoubanews.png","width":261,"height":99,"caption":"Ub\u00e1 News"},"image":{"@id":"https:\/\/ubanews.com\/site\/#\/schema\/logo\/image\/"},"sameAs":["https:\/\/www.facebook.com\/Ub\u00e1News-Carlos-Roberto-Sodr\u00e9-418778301977370"]},{"@type":"Person","@id":"https:\/\/ubanews.com\/site\/#\/schema\/person\/9d8da9ec3c8d00640ab6e8c81e103310","name":"Carlos Roberto Sodr\u00e9","image":{"@type":"ImageObject","inLanguage":"pt-BR","@id":"https:\/\/secure.gravatar.com\/avatar\/aab322e8555b56c468614fafdab8a8f924e394cdc6cfd8232f77e9e4d123a133?s=96&d=mm&r=g","url":"https:\/\/secure.gravatar.com\/avatar\/aab322e8555b56c468614fafdab8a8f924e394cdc6cfd8232f77e9e4d123a133?s=96&d=mm&r=g","contentUrl":"https:\/\/secure.gravatar.com\/avatar\/aab322e8555b56c468614fafdab8a8f924e394cdc6cfd8232f77e9e4d123a133?s=96&d=mm&r=g","caption":"Carlos Roberto Sodr\u00e9"},"url":"https:\/\/ubanews.com\/site\/author\/sodre\/"}]}},"_links":{"self":[{"href":"https:\/\/ubanews.com\/site\/wp-json\/wp\/v2\/posts\/23287","targetHints":{"allow":["GET"]}}],"collection":[{"href":"https:\/\/ubanews.com\/site\/wp-json\/wp\/v2\/posts"}],"about":[{"href":"https:\/\/ubanews.com\/site\/wp-json\/wp\/v2\/types\/post"}],"author":[{"embeddable":true,"href":"https:\/\/ubanews.com\/site\/wp-json\/wp\/v2\/users\/4"}],"replies":[{"embeddable":true,"href":"https:\/\/ubanews.com\/site\/wp-json\/wp\/v2\/comments?post=23287"}],"version-history":[{"count":0,"href":"https:\/\/ubanews.com\/site\/wp-json\/wp\/v2\/posts\/23287\/revisions"}],"wp:featuredmedia":[{"embeddable":true,"href":"https:\/\/ubanews.com\/site\/wp-json\/wp\/v2\/media\/23288"}],"wp:attachment":[{"href":"https:\/\/ubanews.com\/site\/wp-json\/wp\/v2\/media?parent=23287"}],"wp:term":[{"taxonomy":"category","embeddable":true,"href":"https:\/\/ubanews.com\/site\/wp-json\/wp\/v2\/categories?post=23287"},{"taxonomy":"post_tag","embeddable":true,"href":"https:\/\/ubanews.com\/site\/wp-json\/wp\/v2\/tags?post=23287"}],"curies":[{"name":"wp","href":"https:\/\/api.w.org\/{rel}","templated":true}]}}