{"id":23284,"date":"2025-10-29T10:52:39","date_gmt":"2025-10-29T13:52:39","guid":{"rendered":"https:\/\/ubanews.com\/site\/?p=23284"},"modified":"2025-10-29T10:53:21","modified_gmt":"2025-10-29T13:53:21","slug":"a-operacao-reforca-a-importancia-da-integracao-entre-as-unidades-especializadas","status":"publish","type":"post","link":"https:\/\/ubanews.com\/site\/2025\/10\/29\/a-operacao-reforca-a-importancia-da-integracao-entre-as-unidades-especializadas\/","title":{"rendered":"A opera\u00e7\u00e3o refor\u00e7a a import\u00e2ncia da integra\u00e7\u00e3o entre as unidades especializadas"},"content":{"rendered":"<p>&#x1f4c5; Data: 28\/10\/2025<br \/>\n&#x23f0; Hor\u00e1rio: 14h00min<br \/>\n&#x1f4cd; Local: Serra da Prata, Zona Rural \u2013 Astolfo Dutra\/MG<\/p>\n<h2>A opera\u00e7\u00e3o refor\u00e7a a import\u00e2ncia da integra\u00e7\u00e3o entre as unidades especializadas<\/h2>\n<p><img decoding=\"async\" class=\"aligncenter size-medium wp-image-23285 lazyload\" data-src=\"https:\/\/ubanews.com\/site\/wp-content\/uploads\/2025\/10\/Fato-Policial-Mandato-de-Prisao-216x300.jpg\" alt=\"\" width=\"216\" height=\"300\" data-srcset=\"https:\/\/ubanews.com\/site\/wp-content\/uploads\/2025\/10\/Fato-Policial-Mandato-de-Prisao-216x300.jpg 216w, https:\/\/ubanews.com\/site\/wp-content\/uploads\/2025\/10\/Fato-Policial-Mandato-de-Prisao-737x1024.jpg 737w, https:\/\/ubanews.com\/site\/wp-content\/uploads\/2025\/10\/Fato-Policial-Mandato-de-Prisao-768x1067.jpg 768w, https:\/\/ubanews.com\/site\/wp-content\/uploads\/2025\/10\/Fato-Policial-Mandato-de-Prisao-1106x1536.jpg 1106w, https:\/\/ubanews.com\/site\/wp-content\/uploads\/2025\/10\/Fato-Policial-Mandato-de-Prisao.jpg 1152w\" data-sizes=\"(max-width: 216px) 100vw, 216px\" src=\"data:image\/svg+xml;base64,PHN2ZyB3aWR0aD0iMSIgaGVpZ2h0PSIxIiB4bWxucz0iaHR0cDovL3d3dy53My5vcmcvMjAwMC9zdmciPjwvc3ZnPg==\" style=\"--smush-placeholder-width: 216px; --smush-placeholder-aspect-ratio: 216\/300;\" \/><\/p>\n<p>REDS: 2025-049986940-001<\/p>\n<p>&#x1f694; Opera\u00e7\u00e3o Conjunta \u2013 Pel MAMB Cataguases e 2\u00ba Pel\/146\u00aa Cia PM<\/p>\n<p>Foi desencadeada uma opera\u00e7\u00e3o conjunta entre o Pelot\u00e3o de Meio Ambiente de Cataguases (2\u00ba Pel\/4\u00aa Cia MAMB) e o 2\u00ba Pelot\u00e3o da 146\u00aa Cia PM, com o objetivo de prevenir delitos e coibir a criminalidade em \u00e1reas rurais, garantindo maior sensa\u00e7\u00e3o de seguran\u00e7a \u00e0 popula\u00e7\u00e3o e prote\u00e7\u00e3o \u00e0 fauna silvestre.<\/p>\n<p>As a\u00e7\u00f5es foram realizadas nas zonas rurais dos munic\u00edpios de Astolfo Dutra e Dona Euz\u00e9bia, com foco na preven\u00e7\u00e3o qualificada da viol\u00eancia e repress\u00e3o de il\u00edcitos ambientais. Durante o patrulhamento pela regi\u00e3o da Serra da Prata, diversas abordagens e fiscaliza\u00e7\u00f5es foram realizadas, culminando na pris\u00e3o de um foragido da Justi\u00e7a mandado expedido pela Comarca por Tr\u00e1fico de drogas e realizada apreens\u00e3o de aves silvestres e lavratura de registros de ocorr\u00eancias.<\/p>\n<p>A opera\u00e7\u00e3o refor\u00e7a a import\u00e2ncia da integra\u00e7\u00e3o entre as unidades especializadas e convencionais da Pol\u00edcia Militar de Minas Gerais, fortalecendo o combate \u00e0 criminalidade e \u00e0 degrada\u00e7\u00e3o ambiental no interior do estado.<\/p>\n<p>&#x1f4ca; Resultados Obtidos:<\/p>\n<p>&#x2705; 01 autor foragido da Justi\u00e7a preso<br \/>\n&#x2705; 02 REDS\/TCO lavrados<br \/>\n&#x2705; 07 p\u00e1ssaros da fauna silvestre apreendidos<\/p>\n<p>&#x1f46e;&#x200d;&#x2642;&#xfe0f; Equipes Empregadas:<\/p>\n<p>&#x1f694; VP 33.851 \u2013 4\u00aa Cia PM MAMB \/ 2\u00ba Pel<\/p>\n<p>2\u00ba Ten Ribeiro<\/p>\n<p>1\u00ba Sgt Emerson<\/p>\n<p>3\u00ba Sgt Milane<\/p>\n<p>3\u00ba Sgt Fonseca<\/p>\n<p>&#x1f694; VP 32.133 \u2013 2\u00ba Pel\/146\u00aa Cia PM<\/p>\n<p>2\u00ba Ten Silveira<\/p>\n<p>3\u00ba Sgt Duarte<\/p>\n<p>Cb Maur\u00edcio<\/p>\n<p>Sd Leandro<\/p>\n","protected":false},"excerpt":{"rendered":"<p>&#x1f4c5; Data: 28\/10\/2025 &#x23f0; Hor\u00e1rio: 14h00min &#x1f4cd; Local: Serra da<\/p>\n","protected":false},"author":4,"featured_media":23285,"comment_status":"open","ping_status":"open","sticky":false,"template":"","format":"standard","meta":{"footnotes":""},"categories":[1],"tags":[59,188,60],"class_list":["post-23284","post","type-post","status-publish","format-standard","has-post-thumbnail","hentry","category-sem-categoria","tag-fala-sodre","tag-fato-policial","tag-ubanews"],"yoast_head":"<!-- This site is optimized with the Yoast SEO plugin v27.2 - https:\/\/yoast.com\/product\/yoast-seo-wordpress\/ -->\n<title>A opera\u00e7\u00e3o refor\u00e7a a import\u00e2ncia da integra\u00e7\u00e3o entre as unidades especializadas - Ub\u00e1 News<\/title>\n<meta name=\"description\" content=\"A opera\u00e7\u00e3o refor\u00e7a a import\u00e2ncia da integra\u00e7\u00e3o entre as unidades especializadas\" \/>\n<meta name=\"robots\" content=\"index, follow, max-snippet:-1, max-image-preview:large, max-video-preview:-1\" \/>\n<link rel=\"canonical\" href=\"https:\/\/ubanews.com\/site\/2025\/10\/29\/a-operacao-reforca-a-importancia-da-integracao-entre-as-unidades-especializadas\/\" \/>\n<meta property=\"og:locale\" content=\"pt_BR\" \/>\n<meta property=\"og:type\" content=\"article\" \/>\n<meta property=\"og:title\" content=\"A opera\u00e7\u00e3o refor\u00e7a a import\u00e2ncia da integra\u00e7\u00e3o entre as unidades especializadas - Ub\u00e1 News\" \/>\n<meta property=\"og:description\" content=\"A opera\u00e7\u00e3o refor\u00e7a a import\u00e2ncia da integra\u00e7\u00e3o entre as unidades especializadas\" \/>\n<meta property=\"og:url\" content=\"https:\/\/ubanews.com\/site\/2025\/10\/29\/a-operacao-reforca-a-importancia-da-integracao-entre-as-unidades-especializadas\/\" \/>\n<meta property=\"og:site_name\" content=\"Ub\u00e1 News\" \/>\n<meta property=\"article:publisher\" content=\"https:\/\/www.facebook.com\/Ub%c3%a1News-Carlos-Roberto-Sodr%c3%a9-418778301977370\" \/>\n<meta property=\"article:published_time\" content=\"2025-10-29T13:52:39+00:00\" \/>\n<meta property=\"article:modified_time\" content=\"2025-10-29T13:53:21+00:00\" \/>\n<meta property=\"og:image\" content=\"https:\/\/ubanews.com\/site\/wp-content\/uploads\/2025\/10\/Fato-Policial-Mandato-de-Prisao.jpg\" \/>\n\t<meta property=\"og:image:width\" content=\"1152\" \/>\n\t<meta property=\"og:image:height\" content=\"1600\" \/>\n\t<meta property=\"og:image:type\" content=\"image\/jpeg\" \/>\n<meta name=\"author\" content=\"Carlos Roberto Sodr\u00e9\" \/>\n<meta name=\"twitter:card\" content=\"summary_large_image\" \/>\n<meta name=\"twitter:label1\" content=\"Escrito por\" \/>\n\t<meta name=\"twitter:data1\" content=\"Carlos Roberto Sodr\u00e9\" \/>\n\t<meta name=\"twitter:label2\" content=\"Est. tempo de leitura\" \/>\n\t<meta name=\"twitter:data2\" content=\"2 minutos\" \/>\n<script type=\"application\/ld+json\" class=\"yoast-schema-graph\">{\"@context\":\"https:\/\/schema.org\",\"@graph\":[{\"@type\":\"Article\",\"@id\":\"https:\/\/ubanews.com\/site\/2025\/10\/29\/a-operacao-reforca-a-importancia-da-integracao-entre-as-unidades-especializadas\/#article\",\"isPartOf\":{\"@id\":\"https:\/\/ubanews.com\/site\/2025\/10\/29\/a-operacao-reforca-a-importancia-da-integracao-entre-as-unidades-especializadas\/\"},\"author\":{\"name\":\"Carlos Roberto Sodr\u00e9\",\"@id\":\"https:\/\/ubanews.com\/site\/#\/schema\/person\/9d8da9ec3c8d00640ab6e8c81e103310\"},\"headline\":\"A opera\u00e7\u00e3o refor\u00e7a a import\u00e2ncia da integra\u00e7\u00e3o entre as unidades especializadas\",\"datePublished\":\"2025-10-29T13:52:39+00:00\",\"dateModified\":\"2025-10-29T13:53:21+00:00\",\"mainEntityOfPage\":{\"@id\":\"https:\/\/ubanews.com\/site\/2025\/10\/29\/a-operacao-reforca-a-importancia-da-integracao-entre-as-unidades-especializadas\/\"},\"wordCount\":302,\"commentCount\":0,\"publisher\":{\"@id\":\"https:\/\/ubanews.com\/site\/#organization\"},\"image\":{\"@id\":\"https:\/\/ubanews.com\/site\/2025\/10\/29\/a-operacao-reforca-a-importancia-da-integracao-entre-as-unidades-especializadas\/#primaryimage\"},\"thumbnailUrl\":\"https:\/\/ubanews.com\/site\/wp-content\/uploads\/2025\/10\/Fato-Policial-Mandato-de-Prisao.jpg\",\"keywords\":[\"Fala Sodr\u00e9\",\"Fato Policial\",\"UBANEWS\"],\"articleSection\":[\"Geral\"],\"inLanguage\":\"pt-BR\",\"potentialAction\":[{\"@type\":\"CommentAction\",\"name\":\"Comment\",\"target\":[\"https:\/\/ubanews.com\/site\/2025\/10\/29\/a-operacao-reforca-a-importancia-da-integracao-entre-as-unidades-especializadas\/#respond\"]}]},{\"@type\":\"WebPage\",\"@id\":\"https:\/\/ubanews.com\/site\/2025\/10\/29\/a-operacao-reforca-a-importancia-da-integracao-entre-as-unidades-especializadas\/\",\"url\":\"https:\/\/ubanews.com\/site\/2025\/10\/29\/a-operacao-reforca-a-importancia-da-integracao-entre-as-unidades-especializadas\/\",\"name\":\"A opera\u00e7\u00e3o refor\u00e7a a import\u00e2ncia da integra\u00e7\u00e3o entre as unidades especializadas - Ub\u00e1 News\",\"isPartOf\":{\"@id\":\"https:\/\/ubanews.com\/site\/#website\"},\"primaryImageOfPage\":{\"@id\":\"https:\/\/ubanews.com\/site\/2025\/10\/29\/a-operacao-reforca-a-importancia-da-integracao-entre-as-unidades-especializadas\/#primaryimage\"},\"image\":{\"@id\":\"https:\/\/ubanews.com\/site\/2025\/10\/29\/a-operacao-reforca-a-importancia-da-integracao-entre-as-unidades-especializadas\/#primaryimage\"},\"thumbnailUrl\":\"https:\/\/ubanews.com\/site\/wp-content\/uploads\/2025\/10\/Fato-Policial-Mandato-de-Prisao.jpg\",\"datePublished\":\"2025-10-29T13:52:39+00:00\",\"dateModified\":\"2025-10-29T13:53:21+00:00\",\"description\":\"A opera\u00e7\u00e3o refor\u00e7a a import\u00e2ncia da integra\u00e7\u00e3o entre as unidades especializadas\",\"breadcrumb\":{\"@id\":\"https:\/\/ubanews.com\/site\/2025\/10\/29\/a-operacao-reforca-a-importancia-da-integracao-entre-as-unidades-especializadas\/#breadcrumb\"},\"inLanguage\":\"pt-BR\",\"potentialAction\":[{\"@type\":\"ReadAction\",\"target\":[\"https:\/\/ubanews.com\/site\/2025\/10\/29\/a-operacao-reforca-a-importancia-da-integracao-entre-as-unidades-especializadas\/\"]}]},{\"@type\":\"ImageObject\",\"inLanguage\":\"pt-BR\",\"@id\":\"https:\/\/ubanews.com\/site\/2025\/10\/29\/a-operacao-reforca-a-importancia-da-integracao-entre-as-unidades-especializadas\/#primaryimage\",\"url\":\"https:\/\/ubanews.com\/site\/wp-content\/uploads\/2025\/10\/Fato-Policial-Mandato-de-Prisao.jpg\",\"contentUrl\":\"https:\/\/ubanews.com\/site\/wp-content\/uploads\/2025\/10\/Fato-Policial-Mandato-de-Prisao.jpg\",\"width\":1152,\"height\":1600,\"caption\":\"Fato Policial - Pris\u00e3o confirmada\"},{\"@type\":\"BreadcrumbList\",\"@id\":\"https:\/\/ubanews.com\/site\/2025\/10\/29\/a-operacao-reforca-a-importancia-da-integracao-entre-as-unidades-especializadas\/#breadcrumb\",\"itemListElement\":[{\"@type\":\"ListItem\",\"position\":1,\"name\":\"Home\",\"item\":\"https:\/\/ubanews.com\/site\/\"},{\"@type\":\"ListItem\",\"position\":2,\"name\":\"A opera\u00e7\u00e3o refor\u00e7a a import\u00e2ncia da integra\u00e7\u00e3o entre as unidades especializadas\"}]},{\"@type\":\"WebSite\",\"@id\":\"https:\/\/ubanews.com\/site\/#website\",\"url\":\"https:\/\/ubanews.com\/site\/\",\"name\":\"Ub\u00e1 News\",\"description\":\"\",\"publisher\":{\"@id\":\"https:\/\/ubanews.com\/site\/#organization\"},\"potentialAction\":[{\"@type\":\"SearchAction\",\"target\":{\"@type\":\"EntryPoint\",\"urlTemplate\":\"https:\/\/ubanews.com\/site\/?s={search_term_string}\"},\"query-input\":{\"@type\":\"PropertyValueSpecification\",\"valueRequired\":true,\"valueName\":\"search_term_string\"}}],\"inLanguage\":\"pt-BR\"},{\"@type\":\"Organization\",\"@id\":\"https:\/\/ubanews.com\/site\/#organization\",\"name\":\"Ub\u00e1 News\",\"url\":\"https:\/\/ubanews.com\/site\/\",\"logo\":{\"@type\":\"ImageObject\",\"inLanguage\":\"pt-BR\",\"@id\":\"https:\/\/ubanews.com\/site\/#\/schema\/logo\/image\/\",\"url\":\"https:\/\/ubanews.com\/site\/wp-content\/uploads\/2018\/01\/logoubanews.png\",\"contentUrl\":\"https:\/\/ubanews.com\/site\/wp-content\/uploads\/2018\/01\/logoubanews.png\",\"width\":261,\"height\":99,\"caption\":\"Ub\u00e1 News\"},\"image\":{\"@id\":\"https:\/\/ubanews.com\/site\/#\/schema\/logo\/image\/\"},\"sameAs\":[\"https:\/\/www.facebook.com\/Ub\u00e1News-Carlos-Roberto-Sodr\u00e9-418778301977370\"]},{\"@type\":\"Person\",\"@id\":\"https:\/\/ubanews.com\/site\/#\/schema\/person\/9d8da9ec3c8d00640ab6e8c81e103310\",\"name\":\"Carlos Roberto Sodr\u00e9\",\"image\":{\"@type\":\"ImageObject\",\"inLanguage\":\"pt-BR\",\"@id\":\"https:\/\/secure.gravatar.com\/avatar\/aab322e8555b56c468614fafdab8a8f924e394cdc6cfd8232f77e9e4d123a133?s=96&d=mm&r=g\",\"url\":\"https:\/\/secure.gravatar.com\/avatar\/aab322e8555b56c468614fafdab8a8f924e394cdc6cfd8232f77e9e4d123a133?s=96&d=mm&r=g\",\"contentUrl\":\"https:\/\/secure.gravatar.com\/avatar\/aab322e8555b56c468614fafdab8a8f924e394cdc6cfd8232f77e9e4d123a133?s=96&d=mm&r=g\",\"caption\":\"Carlos Roberto Sodr\u00e9\"},\"url\":\"https:\/\/ubanews.com\/site\/author\/sodre\/\"}]}<\/script>\n<!-- \/ Yoast SEO plugin. -->","yoast_head_json":{"title":"A opera\u00e7\u00e3o refor\u00e7a a import\u00e2ncia da integra\u00e7\u00e3o entre as unidades especializadas - Ub\u00e1 News","description":"A opera\u00e7\u00e3o refor\u00e7a a import\u00e2ncia da integra\u00e7\u00e3o entre as unidades especializadas","robots":{"index":"index","follow":"follow","max-snippet":"max-snippet:-1","max-image-preview":"max-image-preview:large","max-video-preview":"max-video-preview:-1"},"canonical":"https:\/\/ubanews.com\/site\/2025\/10\/29\/a-operacao-reforca-a-importancia-da-integracao-entre-as-unidades-especializadas\/","og_locale":"pt_BR","og_type":"article","og_title":"A opera\u00e7\u00e3o refor\u00e7a a import\u00e2ncia da integra\u00e7\u00e3o entre as unidades especializadas - Ub\u00e1 News","og_description":"A opera\u00e7\u00e3o refor\u00e7a a import\u00e2ncia da integra\u00e7\u00e3o entre as unidades especializadas","og_url":"https:\/\/ubanews.com\/site\/2025\/10\/29\/a-operacao-reforca-a-importancia-da-integracao-entre-as-unidades-especializadas\/","og_site_name":"Ub\u00e1 News","article_publisher":"https:\/\/www.facebook.com\/Ub%c3%a1News-Carlos-Roberto-Sodr%c3%a9-418778301977370","article_published_time":"2025-10-29T13:52:39+00:00","article_modified_time":"2025-10-29T13:53:21+00:00","og_image":[{"width":1152,"height":1600,"url":"https:\/\/ubanews.com\/site\/wp-content\/uploads\/2025\/10\/Fato-Policial-Mandato-de-Prisao.jpg","type":"image\/jpeg"}],"author":"Carlos Roberto Sodr\u00e9","twitter_card":"summary_large_image","twitter_misc":{"Escrito por":"Carlos Roberto Sodr\u00e9","Est. tempo de leitura":"2 minutos"},"schema":{"@context":"https:\/\/schema.org","@graph":[{"@type":"Article","@id":"https:\/\/ubanews.com\/site\/2025\/10\/29\/a-operacao-reforca-a-importancia-da-integracao-entre-as-unidades-especializadas\/#article","isPartOf":{"@id":"https:\/\/ubanews.com\/site\/2025\/10\/29\/a-operacao-reforca-a-importancia-da-integracao-entre-as-unidades-especializadas\/"},"author":{"name":"Carlos Roberto Sodr\u00e9","@id":"https:\/\/ubanews.com\/site\/#\/schema\/person\/9d8da9ec3c8d00640ab6e8c81e103310"},"headline":"A opera\u00e7\u00e3o refor\u00e7a a import\u00e2ncia da integra\u00e7\u00e3o entre as unidades especializadas","datePublished":"2025-10-29T13:52:39+00:00","dateModified":"2025-10-29T13:53:21+00:00","mainEntityOfPage":{"@id":"https:\/\/ubanews.com\/site\/2025\/10\/29\/a-operacao-reforca-a-importancia-da-integracao-entre-as-unidades-especializadas\/"},"wordCount":302,"commentCount":0,"publisher":{"@id":"https:\/\/ubanews.com\/site\/#organization"},"image":{"@id":"https:\/\/ubanews.com\/site\/2025\/10\/29\/a-operacao-reforca-a-importancia-da-integracao-entre-as-unidades-especializadas\/#primaryimage"},"thumbnailUrl":"https:\/\/ubanews.com\/site\/wp-content\/uploads\/2025\/10\/Fato-Policial-Mandato-de-Prisao.jpg","keywords":["Fala Sodr\u00e9","Fato Policial","UBANEWS"],"articleSection":["Geral"],"inLanguage":"pt-BR","potentialAction":[{"@type":"CommentAction","name":"Comment","target":["https:\/\/ubanews.com\/site\/2025\/10\/29\/a-operacao-reforca-a-importancia-da-integracao-entre-as-unidades-especializadas\/#respond"]}]},{"@type":"WebPage","@id":"https:\/\/ubanews.com\/site\/2025\/10\/29\/a-operacao-reforca-a-importancia-da-integracao-entre-as-unidades-especializadas\/","url":"https:\/\/ubanews.com\/site\/2025\/10\/29\/a-operacao-reforca-a-importancia-da-integracao-entre-as-unidades-especializadas\/","name":"A opera\u00e7\u00e3o refor\u00e7a a import\u00e2ncia da integra\u00e7\u00e3o entre as unidades especializadas - Ub\u00e1 News","isPartOf":{"@id":"https:\/\/ubanews.com\/site\/#website"},"primaryImageOfPage":{"@id":"https:\/\/ubanews.com\/site\/2025\/10\/29\/a-operacao-reforca-a-importancia-da-integracao-entre-as-unidades-especializadas\/#primaryimage"},"image":{"@id":"https:\/\/ubanews.com\/site\/2025\/10\/29\/a-operacao-reforca-a-importancia-da-integracao-entre-as-unidades-especializadas\/#primaryimage"},"thumbnailUrl":"https:\/\/ubanews.com\/site\/wp-content\/uploads\/2025\/10\/Fato-Policial-Mandato-de-Prisao.jpg","datePublished":"2025-10-29T13:52:39+00:00","dateModified":"2025-10-29T13:53:21+00:00","description":"A opera\u00e7\u00e3o refor\u00e7a a import\u00e2ncia da integra\u00e7\u00e3o entre as unidades especializadas","breadcrumb":{"@id":"https:\/\/ubanews.com\/site\/2025\/10\/29\/a-operacao-reforca-a-importancia-da-integracao-entre-as-unidades-especializadas\/#breadcrumb"},"inLanguage":"pt-BR","potentialAction":[{"@type":"ReadAction","target":["https:\/\/ubanews.com\/site\/2025\/10\/29\/a-operacao-reforca-a-importancia-da-integracao-entre-as-unidades-especializadas\/"]}]},{"@type":"ImageObject","inLanguage":"pt-BR","@id":"https:\/\/ubanews.com\/site\/2025\/10\/29\/a-operacao-reforca-a-importancia-da-integracao-entre-as-unidades-especializadas\/#primaryimage","url":"https:\/\/ubanews.com\/site\/wp-content\/uploads\/2025\/10\/Fato-Policial-Mandato-de-Prisao.jpg","contentUrl":"https:\/\/ubanews.com\/site\/wp-content\/uploads\/2025\/10\/Fato-Policial-Mandato-de-Prisao.jpg","width":1152,"height":1600,"caption":"Fato Policial - Pris\u00e3o confirmada"},{"@type":"BreadcrumbList","@id":"https:\/\/ubanews.com\/site\/2025\/10\/29\/a-operacao-reforca-a-importancia-da-integracao-entre-as-unidades-especializadas\/#breadcrumb","itemListElement":[{"@type":"ListItem","position":1,"name":"Home","item":"https:\/\/ubanews.com\/site\/"},{"@type":"ListItem","position":2,"name":"A opera\u00e7\u00e3o refor\u00e7a a import\u00e2ncia da integra\u00e7\u00e3o entre as unidades especializadas"}]},{"@type":"WebSite","@id":"https:\/\/ubanews.com\/site\/#website","url":"https:\/\/ubanews.com\/site\/","name":"Ub\u00e1 News","description":"","publisher":{"@id":"https:\/\/ubanews.com\/site\/#organization"},"potentialAction":[{"@type":"SearchAction","target":{"@type":"EntryPoint","urlTemplate":"https:\/\/ubanews.com\/site\/?s={search_term_string}"},"query-input":{"@type":"PropertyValueSpecification","valueRequired":true,"valueName":"search_term_string"}}],"inLanguage":"pt-BR"},{"@type":"Organization","@id":"https:\/\/ubanews.com\/site\/#organization","name":"Ub\u00e1 News","url":"https:\/\/ubanews.com\/site\/","logo":{"@type":"ImageObject","inLanguage":"pt-BR","@id":"https:\/\/ubanews.com\/site\/#\/schema\/logo\/image\/","url":"https:\/\/ubanews.com\/site\/wp-content\/uploads\/2018\/01\/logoubanews.png","contentUrl":"https:\/\/ubanews.com\/site\/wp-content\/uploads\/2018\/01\/logoubanews.png","width":261,"height":99,"caption":"Ub\u00e1 News"},"image":{"@id":"https:\/\/ubanews.com\/site\/#\/schema\/logo\/image\/"},"sameAs":["https:\/\/www.facebook.com\/Ub\u00e1News-Carlos-Roberto-Sodr\u00e9-418778301977370"]},{"@type":"Person","@id":"https:\/\/ubanews.com\/site\/#\/schema\/person\/9d8da9ec3c8d00640ab6e8c81e103310","name":"Carlos Roberto Sodr\u00e9","image":{"@type":"ImageObject","inLanguage":"pt-BR","@id":"https:\/\/secure.gravatar.com\/avatar\/aab322e8555b56c468614fafdab8a8f924e394cdc6cfd8232f77e9e4d123a133?s=96&d=mm&r=g","url":"https:\/\/secure.gravatar.com\/avatar\/aab322e8555b56c468614fafdab8a8f924e394cdc6cfd8232f77e9e4d123a133?s=96&d=mm&r=g","contentUrl":"https:\/\/secure.gravatar.com\/avatar\/aab322e8555b56c468614fafdab8a8f924e394cdc6cfd8232f77e9e4d123a133?s=96&d=mm&r=g","caption":"Carlos Roberto Sodr\u00e9"},"url":"https:\/\/ubanews.com\/site\/author\/sodre\/"}]}},"_links":{"self":[{"href":"https:\/\/ubanews.com\/site\/wp-json\/wp\/v2\/posts\/23284","targetHints":{"allow":["GET"]}}],"collection":[{"href":"https:\/\/ubanews.com\/site\/wp-json\/wp\/v2\/posts"}],"about":[{"href":"https:\/\/ubanews.com\/site\/wp-json\/wp\/v2\/types\/post"}],"author":[{"embeddable":true,"href":"https:\/\/ubanews.com\/site\/wp-json\/wp\/v2\/users\/4"}],"replies":[{"embeddable":true,"href":"https:\/\/ubanews.com\/site\/wp-json\/wp\/v2\/comments?post=23284"}],"version-history":[{"count":0,"href":"https:\/\/ubanews.com\/site\/wp-json\/wp\/v2\/posts\/23284\/revisions"}],"wp:featuredmedia":[{"embeddable":true,"href":"https:\/\/ubanews.com\/site\/wp-json\/wp\/v2\/media\/23285"}],"wp:attachment":[{"href":"https:\/\/ubanews.com\/site\/wp-json\/wp\/v2\/media?parent=23284"}],"wp:term":[{"taxonomy":"category","embeddable":true,"href":"https:\/\/ubanews.com\/site\/wp-json\/wp\/v2\/categories?post=23284"},{"taxonomy":"post_tag","embeddable":true,"href":"https:\/\/ubanews.com\/site\/wp-json\/wp\/v2\/tags?post=23284"}],"curies":[{"name":"wp","href":"https:\/\/api.w.org\/{rel}","templated":true}]}}