{"id":23278,"date":"2025-10-29T10:16:45","date_gmt":"2025-10-29T13:16:45","guid":{"rendered":"https:\/\/ubanews.com\/site\/?p=23278"},"modified":"2025-10-29T10:16:45","modified_gmt":"2025-10-29T13:16:45","slug":"conexao-rural-cafe-compartilhado-valoriza-o-produtor-e-destaca-a-forca-das-mulheres-do-campo","status":"publish","type":"post","link":"https:\/\/ubanews.com\/site\/2025\/10\/29\/conexao-rural-cafe-compartilhado-valoriza-o-produtor-e-destaca-a-forca-das-mulheres-do-campo\/","title":{"rendered":"Conex\u00e3o Rural Caf\u00e9 Compartilhado valoriza o Produtor e destaca a for\u00e7a das mulheres do campo"},"content":{"rendered":"<p data-start=\"372\" data-end=\"468\">Conex\u00e3o Rural: Caf\u00e9 Compartilhado valoriza o Produtor e destaca a for\u00e7a das mulheres do campo.\u00a0O movimento <strong data-start=\"482\" data-end=\"520\">Conex\u00e3o Rural \u2013 Caf\u00e9 Compartilhado<\/strong> segue fortalecendo la\u00e7os entre produtores e valorizando o papel das fam\u00edlias que sustentam a vida no campo. Sob a coordena\u00e7\u00e3o de <strong data-start=\"650\" data-end=\"672\">Da\u00e7a Rino e Amaral<\/strong>, o encontro mais recente aconteceu na propriedade da <strong data-start=\"726\" data-end=\"734\">Rose<\/strong>, em <strong data-start=\"739\" data-end=\"754\">Ub\u00e1 Pequeno<\/strong>, reunindo produtores, lideran\u00e7as e convidados em um ambiente de troca e aprendizado.<\/p>\n<h2 data-start=\"372\" data-end=\"468\">Conex\u00e3o Rural: Caf\u00e9 Compartilhado valoriza o Produtor e destaca a for\u00e7a das mulheres do campo<\/h2>\n<p><a href=\"https:\/\/www.youtube.com\/live\/cMDNPdo39Os?si=AUcUpxMUIasKxFDf\" target=\"_blank\" rel=\"noopener\"><img decoding=\"async\" class=\"aligncenter size-medium wp-image-23280 lazyload\" data-src=\"https:\/\/ubanews.com\/site\/wp-content\/uploads\/2025\/10\/IMG_0772-300x169.jpg\" alt=\"Conex\u00e3o Rural Caf\u00e9 Compartilhado\" width=\"300\" height=\"169\" data-srcset=\"https:\/\/ubanews.com\/site\/wp-content\/uploads\/2025\/10\/IMG_0772-300x169.jpg 300w, https:\/\/ubanews.com\/site\/wp-content\/uploads\/2025\/10\/IMG_0772.jpg 640w\" data-sizes=\"(max-width: 300px) 100vw, 300px\" src=\"data:image\/svg+xml;base64,PHN2ZyB3aWR0aD0iMSIgaGVpZ2h0PSIxIiB4bWxucz0iaHR0cDovL3d3dy53My5vcmcvMjAwMC9zdmciPjwvc3ZnPg==\" style=\"--smush-placeholder-width: 300px; --smush-placeholder-aspect-ratio: 300\/169;\" \/><\/a><\/p>\n<h3 data-start=\"841\" data-end=\"889\">Um movimento que conecta pessoas e hist\u00f3rias<\/h3>\n<p data-start=\"891\" data-end=\"1166\">O Conex\u00e3o Rural nasceu com um prop\u00f3sito simples e poderoso: unir produtores rurais em torno da coopera\u00e7\u00e3o, da f\u00e9 e do fortalecimento da agricultura familiar. Durante a recep\u00e7\u00e3o, os coordenadores refor\u00e7aram que o Caf\u00e9 Compartilhado se tornou um espa\u00e7o de integra\u00e7\u00e3o e amizade.<\/p>\n<p data-start=\"1168\" data-end=\"1439\">Al\u00e9m de conversas sobre boas pr\u00e1ticas rurais, o evento \u00e9 um convite \u00e0 reflex\u00e3o sobre o valor de quem trabalha com a terra. Segundo os organizadores, cada encontro representa uma nova oportunidade de compartilhar experi\u00eancias e fortalecer a rede de apoio entre produtores.<\/p>\n<h3 data-start=\"1441\" data-end=\"1496\">A voz feminina que inspira a regi\u00e3o da Pedra Branca<\/h3>\n<p data-start=\"1498\" data-end=\"1947\">Entre os depoimentos mais emocionantes do encontro, <strong data-start=\"1550\" data-end=\"1573\">Jaqueline e Fatinha<\/strong>, produtoras rurais da <strong data-start=\"1596\" data-end=\"1622\">regi\u00e3o da Pedra Branca<\/strong>, contaram suas trajet\u00f3rias marcadas por supera\u00e7\u00e3o, trabalho duro e f\u00e9.<br data-start=\"1693\" data-end=\"1696\" \/>Elas cresceram no terreiro de caf\u00e9 e no ch\u00e3o do feij\u00e3o, acompanhando desde cedo a luta dos pais para sustentar a fam\u00edlia. O relato trouxe \u00e0 tona o cotidiano de muitas mulheres rurais que, mesmo diante das dificuldades, mant\u00eam viva a tradi\u00e7\u00e3o do campo.<\/p>\n<p data-start=\"1949\" data-end=\"2241\">Jaqueline relembrou o esfor\u00e7o da m\u00e3e, descrita como uma mulher guerreira e exemplo de for\u00e7a. Segundo ela, \u201cfoi no amor pela terra que aprendemos o valor da persist\u00eancia e o respeito \u00e0 natureza\u201d.<br data-start=\"2143\" data-end=\"2146\" \/>Fatinha completou: \u201cA gente n\u00e3o desiste. O campo \u00e9 nossa vida, \u00e9 o que nos move todos os dias.\u201d<\/p>\n<p data-start=\"2243\" data-end=\"2476\">Essas palavras tocaram profundamente os presentes, que aplaudiram de p\u00e9 a hist\u00f3ria das duas irm\u00e3s. Elas representam tantas outras mulheres que, com coragem, continuam a produzir e sustentar o meio rural, mesmo em tempos de incerteza.<\/p>\n<h3 data-start=\"2478\" data-end=\"2517\">F\u00e9 e resist\u00eancia no dia a dia rural<\/h3>\n<p data-start=\"2519\" data-end=\"2830\">Durante a entrevista conduzida por <strong data-start=\"2554\" data-end=\"2578\">Carlos Roberto Sodr\u00e9<\/strong>, as produtoras destacaram que a f\u00e9 sempre esteve presente nas decis\u00f5es da fam\u00edlia. Elas mant\u00eam uma pequena igreja na fazenda, s\u00edmbolo da uni\u00e3o da comunidade.<br data-start=\"2736\" data-end=\"2739\" \/>Cada ora\u00e7\u00e3o e cada reuni\u00e3o ali realizada refor\u00e7am o sentimento de pertencimento e gratid\u00e3o.<\/p>\n<p data-start=\"2832\" data-end=\"3042\">A hist\u00f3ria da fam\u00edlia mostra que, com trabalho coletivo e prop\u00f3sito, \u00e9 poss\u00edvel transformar desafios em aprendizado. O depoimento comovente revelou como a f\u00e9 e a coopera\u00e7\u00e3o s\u00e3o pilares essenciais da vida rural.<\/p>\n<h3 data-start=\"3044\" data-end=\"3098\">Produtores de \u00c1gua: um exemplo de sustentabilidade<\/h3>\n<p data-start=\"3100\" data-end=\"3524\">Outro destaque do encontro foi o projeto <strong data-start=\"3141\" data-end=\"3161\">Produtor de \u00c1gua<\/strong>, uma iniciativa que defende pr\u00e1ticas de preserva\u00e7\u00e3o ambiental e incentiva o uso sustent\u00e1vel dos recursos naturais.<br data-start=\"3276\" data-end=\"3279\" \/><strong data-start=\"3279\" data-end=\"3289\">Da\u00e7a Rino<\/strong>, coordenadora do movimento, ressaltou que o cuidado com a \u00e1gua \u00e9 um compromisso que envolve toda a comunidade.<br data-start=\"3399\" data-end=\"3402\" \/>\u201cCada propriedade pode e deve ser exemplo de responsabilidade ambiental. A \u00e1gua \u00e9 o bem mais precioso do campo\u201d, destacou.<\/p>\n<p data-start=\"3526\" data-end=\"3693\">O projeto mostra resultados pr\u00e1ticos: \u00e1reas que antes sofriam com a seca voltaram a armazenar \u00e1gua de forma natural, garantindo mais qualidade de vida e produtividade.<\/p>\n<h3 data-start=\"3695\" data-end=\"3737\">Impress\u00f5es e continuidade do movimento<\/h3>\n<p data-start=\"3739\" data-end=\"3945\">O produtor <strong data-start=\"3750\" data-end=\"3768\">Geraldo Magela<\/strong> tamb\u00e9m compartilhou sua impress\u00e3o sobre o encontro. Ele elogiou a uni\u00e3o do grupo e o papel de lideran\u00e7a das mulheres na constru\u00e7\u00e3o de uma agricultura mais humana e sustent\u00e1vel.<\/p>\n<p data-start=\"3947\" data-end=\"4124\">Para ele, o Conex\u00e3o Rural \u00e9 mais do que um evento. \u00c9 uma corrente de amizade, f\u00e9 e compromisso com o futuro. \u201cCada reuni\u00e3o \u00e9 um aprendizado novo. A gente cresce junto\u201d, afirmou.<\/p>\n<h3 data-start=\"4126\" data-end=\"4161\">Registro e produ\u00e7\u00e3o do conte\u00fado<\/h3>\n<p data-start=\"4163\" data-end=\"4478\">O encontro foi registrado pelo rep\u00f3rter <strong data-start=\"4203\" data-end=\"4227\">Carlos Roberto Sodr\u00e9<\/strong>, com imagens de <strong data-start=\"4244\" data-end=\"4259\">Laisa Sodr\u00e9<\/strong> e <strong data-start=\"4262\" data-end=\"4317\">edi\u00e7\u00e3o de conte\u00fado de Pedro Henriques (INDICCA.COM)<\/strong>.<br data-start=\"4318\" data-end=\"4321\" \/>O material faz parte de uma s\u00e9rie de reportagens que valorizam o produtor rural e mostram o protagonismo de quem vive da terra com dignidade, esfor\u00e7o e amor.<\/p>\n<hr data-start=\"4480\" data-end=\"4483\" \/>\n<p data-start=\"4485\" data-end=\"4715\">Quer saber mais sobre o <strong data-start=\"4509\" data-end=\"4547\">Conex\u00e3o Rural \u2013 Caf\u00e9 Compartilhado<\/strong>?<br data-start=\"4548\" data-end=\"4551\" \/>Acesse o canal do <strong data-start=\"4569\" data-end=\"4583\">Fala Sodr\u00e9<\/strong> no YouTube e acompanhe as entrevistas completas com produtores e l\u00edderes rurais que est\u00e3o transformando o interior de Minas Gerais.<\/p>\n<p><iframe title=\"Fala Sodr\u00e9: Ub\u00e1 Pequeno recebeu a 31\u00aa Edi\u00e7\u00e3o do Caf\u00e9 Compartilhado 28\/10\/2025\" width=\"840\" height=\"473\" data-src=\"https:\/\/www.youtube.com\/embed\/cMDNPdo39Os?feature=oembed\" frameborder=\"0\" allow=\"accelerometer; autoplay; clipboard-write; encrypted-media; gyroscope; picture-in-picture; web-share\" referrerpolicy=\"strict-origin-when-cross-origin\" allowfullscreen src=\"data:image\/svg+xml;base64,PHN2ZyB3aWR0aD0iMSIgaGVpZ2h0PSIxIiB4bWxucz0iaHR0cDovL3d3dy53My5vcmcvMjAwMC9zdmciPjwvc3ZnPg==\" class=\"lazyload\" data-load-mode=\"1\"><\/iframe><\/p>\n<p style=\"margin: 0in; font-size: 20.0pt;\"><span style=\"font-family: 'Segoe UI Emoji';\">&#x1f4da; <\/span><span style=\"font-weight: bold; font-family: Calibri;\">Cobertura:<\/span><span style=\"font-family: Calibri;\"> Carlos Roberto Sodr\u00e9 <\/span><a href=\"https:\/\/wa.me\/553298481334\"><span style=\"font-family: Calibri;\">WhatsApp<\/span><\/a><\/p>\n<p style=\"margin: 0in; font-size: 20.0pt;\"><span style=\"font-family: 'Segoe UI Emoji';\">&#x1f4f8; <\/span><span style=\"font-weight: bold; font-family: Calibri;\">Imagens:<\/span><span style=\"font-family: Calibri;\"> Laisa Sodr\u00e9<\/span><\/p>\n<p style=\"margin: 0in; font-size: 20.0pt;\"><span style=\"font-family: 'Segoe UI Emoji';\">&#x1f4dd; <\/span><span style=\"font-weight: bold; font-family: Calibri;\">Conte\u00fado: <\/span><a href=\"https:\/\/www.linkedin.com\/in\/pedrohgf\/\"><span style=\"font-family: Calibri;\">Pedro Henriques<\/span><\/a><span style=\"font-family: Calibri;\"> \u2013 <\/span><a href=\"https:\/\/indicca.com.br\/blog\/\"><span style=\"font-family: Calibri;\">INDICCA.COM<\/span><\/a><span style=\"font-family: Calibri;\">\u00a0 <\/span><a href=\"https:\/\/wa.me\/5532988020057\"><span style=\"font-family: Calibri;\">WhatsApp<\/span><\/a><\/p>\n<p style=\"margin: 0in; font-size: 20.0pt;\"><span style=\"font-family: 'Segoe UI Emoji';\">&#x1f393; <\/span><span style=\"font-weight: bold; font-family: Calibri;\">Evento:\u00a0<\/span>Conex\u00e3o Rural: Caf\u00e9 Compartilhado valoriza o Produtor e destaca a for\u00e7a das mulheres do campo<\/p>\n<p data-start=\"4485\" data-end=\"4715\">\n<p data-start=\"4485\" data-end=\"4715\">\n","protected":false},"excerpt":{"rendered":"<p>Conex\u00e3o Rural: Caf\u00e9 Compartilhado valoriza o Produtor e destaca a<\/p>\n","protected":false},"author":4,"featured_media":23281,"comment_status":"open","ping_status":"open","sticky":false,"template":"","format":"standard","meta":{"footnotes":""},"categories":[1,3],"tags":[201,103,202,104,60],"class_list":["post-23278","post","type-post","status-publish","format-standard","has-post-thumbnail","hentry","category-sem-categoria","category-slide","tag-cafe-compartilhado","tag-conexao-rural","tag-daca-rino","tag-produtor-de-agua","tag-ubanews"],"yoast_head":"<!-- This site is optimized with the Yoast SEO plugin v27.2 - https:\/\/yoast.com\/product\/yoast-seo-wordpress\/ -->\n<title>Conex\u00e3o Rural Caf\u00e9 Compartilhado valoriza o Produtor e destaca a for\u00e7a das mulheres do campo - Ub\u00e1 News<\/title>\n<meta name=\"description\" content=\"Conex\u00e3o Rural: Caf\u00e9 Compartilhado valoriza o Produtor e destaca a for\u00e7a das mulheres do campo. Sob a coordena\u00e7\u00e3o de Da\u00e7a Rino e Amaral.\" \/>\n<meta name=\"robots\" content=\"index, follow, max-snippet:-1, max-image-preview:large, max-video-preview:-1\" \/>\n<link rel=\"canonical\" href=\"https:\/\/ubanews.com\/site\/2025\/10\/29\/conexao-rural-cafe-compartilhado-valoriza-o-produtor-e-destaca-a-forca-das-mulheres-do-campo\/\" \/>\n<meta property=\"og:locale\" content=\"pt_BR\" \/>\n<meta property=\"og:type\" content=\"article\" \/>\n<meta property=\"og:title\" content=\"Conex\u00e3o Rural Caf\u00e9 Compartilhado valoriza o Produtor e destaca a for\u00e7a das mulheres do campo - Ub\u00e1 News\" \/>\n<meta property=\"og:description\" content=\"Conex\u00e3o Rural: Caf\u00e9 Compartilhado valoriza o Produtor e destaca a for\u00e7a das mulheres do campo. Sob a coordena\u00e7\u00e3o de Da\u00e7a Rino e Amaral.\" \/>\n<meta property=\"og:url\" content=\"https:\/\/ubanews.com\/site\/2025\/10\/29\/conexao-rural-cafe-compartilhado-valoriza-o-produtor-e-destaca-a-forca-das-mulheres-do-campo\/\" \/>\n<meta property=\"og:site_name\" content=\"Ub\u00e1 News\" \/>\n<meta property=\"article:publisher\" content=\"https:\/\/www.facebook.com\/Ub%c3%a1News-Carlos-Roberto-Sodr%c3%a9-418778301977370\" \/>\n<meta property=\"article:published_time\" content=\"2025-10-29T13:16:45+00:00\" \/>\n<meta property=\"og:image\" content=\"https:\/\/ubanews.com\/site\/wp-content\/uploads\/2025\/10\/IMG_0769.jpg\" \/>\n\t<meta property=\"og:image:width\" content=\"640\" \/>\n\t<meta property=\"og:image:height\" content=\"360\" \/>\n\t<meta property=\"og:image:type\" content=\"image\/jpeg\" \/>\n<meta name=\"author\" content=\"Carlos Roberto Sodr\u00e9\" \/>\n<meta name=\"twitter:card\" content=\"summary_large_image\" \/>\n<meta name=\"twitter:label1\" content=\"Escrito por\" \/>\n\t<meta name=\"twitter:data1\" content=\"Carlos Roberto Sodr\u00e9\" \/>\n\t<meta name=\"twitter:label2\" content=\"Est. tempo de leitura\" \/>\n\t<meta name=\"twitter:data2\" content=\"5 minutos\" \/>\n<script type=\"application\/ld+json\" class=\"yoast-schema-graph\">{\"@context\":\"https:\/\/schema.org\",\"@graph\":[{\"@type\":\"Article\",\"@id\":\"https:\/\/ubanews.com\/site\/2025\/10\/29\/conexao-rural-cafe-compartilhado-valoriza-o-produtor-e-destaca-a-forca-das-mulheres-do-campo\/#article\",\"isPartOf\":{\"@id\":\"https:\/\/ubanews.com\/site\/2025\/10\/29\/conexao-rural-cafe-compartilhado-valoriza-o-produtor-e-destaca-a-forca-das-mulheres-do-campo\/\"},\"author\":{\"name\":\"Carlos Roberto Sodr\u00e9\",\"@id\":\"https:\/\/ubanews.com\/site\/#\/schema\/person\/9d8da9ec3c8d00640ab6e8c81e103310\"},\"headline\":\"Conex\u00e3o Rural Caf\u00e9 Compartilhado valoriza o Produtor e destaca a for\u00e7a das mulheres do campo\",\"datePublished\":\"2025-10-29T13:16:45+00:00\",\"mainEntityOfPage\":{\"@id\":\"https:\/\/ubanews.com\/site\/2025\/10\/29\/conexao-rural-cafe-compartilhado-valoriza-o-produtor-e-destaca-a-forca-das-mulheres-do-campo\/\"},\"wordCount\":832,\"commentCount\":0,\"publisher\":{\"@id\":\"https:\/\/ubanews.com\/site\/#organization\"},\"image\":{\"@id\":\"https:\/\/ubanews.com\/site\/2025\/10\/29\/conexao-rural-cafe-compartilhado-valoriza-o-produtor-e-destaca-a-forca-das-mulheres-do-campo\/#primaryimage\"},\"thumbnailUrl\":\"https:\/\/ubanews.com\/site\/wp-content\/uploads\/2025\/10\/IMG_0769.jpg\",\"keywords\":[\"Caf\u00e9 Compartilhado\",\"Conex\u00e3o Rural\",\"Da\u00e7a Rino\",\"Produtor de \u00e1gua\",\"UBANEWS\"],\"articleSection\":[\"Geral\",\"Slide\"],\"inLanguage\":\"pt-BR\",\"potentialAction\":[{\"@type\":\"CommentAction\",\"name\":\"Comment\",\"target\":[\"https:\/\/ubanews.com\/site\/2025\/10\/29\/conexao-rural-cafe-compartilhado-valoriza-o-produtor-e-destaca-a-forca-das-mulheres-do-campo\/#respond\"]}]},{\"@type\":\"WebPage\",\"@id\":\"https:\/\/ubanews.com\/site\/2025\/10\/29\/conexao-rural-cafe-compartilhado-valoriza-o-produtor-e-destaca-a-forca-das-mulheres-do-campo\/\",\"url\":\"https:\/\/ubanews.com\/site\/2025\/10\/29\/conexao-rural-cafe-compartilhado-valoriza-o-produtor-e-destaca-a-forca-das-mulheres-do-campo\/\",\"name\":\"Conex\u00e3o Rural Caf\u00e9 Compartilhado valoriza o Produtor e destaca a for\u00e7a das mulheres do campo - Ub\u00e1 News\",\"isPartOf\":{\"@id\":\"https:\/\/ubanews.com\/site\/#website\"},\"primaryImageOfPage\":{\"@id\":\"https:\/\/ubanews.com\/site\/2025\/10\/29\/conexao-rural-cafe-compartilhado-valoriza-o-produtor-e-destaca-a-forca-das-mulheres-do-campo\/#primaryimage\"},\"image\":{\"@id\":\"https:\/\/ubanews.com\/site\/2025\/10\/29\/conexao-rural-cafe-compartilhado-valoriza-o-produtor-e-destaca-a-forca-das-mulheres-do-campo\/#primaryimage\"},\"thumbnailUrl\":\"https:\/\/ubanews.com\/site\/wp-content\/uploads\/2025\/10\/IMG_0769.jpg\",\"datePublished\":\"2025-10-29T13:16:45+00:00\",\"description\":\"Conex\u00e3o Rural: Caf\u00e9 Compartilhado valoriza o Produtor e destaca a for\u00e7a das mulheres do campo. Sob a coordena\u00e7\u00e3o de Da\u00e7a Rino e Amaral.\",\"breadcrumb\":{\"@id\":\"https:\/\/ubanews.com\/site\/2025\/10\/29\/conexao-rural-cafe-compartilhado-valoriza-o-produtor-e-destaca-a-forca-das-mulheres-do-campo\/#breadcrumb\"},\"inLanguage\":\"pt-BR\",\"potentialAction\":[{\"@type\":\"ReadAction\",\"target\":[\"https:\/\/ubanews.com\/site\/2025\/10\/29\/conexao-rural-cafe-compartilhado-valoriza-o-produtor-e-destaca-a-forca-das-mulheres-do-campo\/\"]}]},{\"@type\":\"ImageObject\",\"inLanguage\":\"pt-BR\",\"@id\":\"https:\/\/ubanews.com\/site\/2025\/10\/29\/conexao-rural-cafe-compartilhado-valoriza-o-produtor-e-destaca-a-forca-das-mulheres-do-campo\/#primaryimage\",\"url\":\"https:\/\/ubanews.com\/site\/wp-content\/uploads\/2025\/10\/IMG_0769.jpg\",\"contentUrl\":\"https:\/\/ubanews.com\/site\/wp-content\/uploads\/2025\/10\/IMG_0769.jpg\",\"width\":640,\"height\":360,\"caption\":\"Conex\u00e3o Rural Caf\u00e9 Compartilhado\"},{\"@type\":\"BreadcrumbList\",\"@id\":\"https:\/\/ubanews.com\/site\/2025\/10\/29\/conexao-rural-cafe-compartilhado-valoriza-o-produtor-e-destaca-a-forca-das-mulheres-do-campo\/#breadcrumb\",\"itemListElement\":[{\"@type\":\"ListItem\",\"position\":1,\"name\":\"Home\",\"item\":\"https:\/\/ubanews.com\/site\/\"},{\"@type\":\"ListItem\",\"position\":2,\"name\":\"Conex\u00e3o Rural Caf\u00e9 Compartilhado valoriza o Produtor e destaca a for\u00e7a das mulheres do campo\"}]},{\"@type\":\"WebSite\",\"@id\":\"https:\/\/ubanews.com\/site\/#website\",\"url\":\"https:\/\/ubanews.com\/site\/\",\"name\":\"Ub\u00e1 News\",\"description\":\"\",\"publisher\":{\"@id\":\"https:\/\/ubanews.com\/site\/#organization\"},\"potentialAction\":[{\"@type\":\"SearchAction\",\"target\":{\"@type\":\"EntryPoint\",\"urlTemplate\":\"https:\/\/ubanews.com\/site\/?s={search_term_string}\"},\"query-input\":{\"@type\":\"PropertyValueSpecification\",\"valueRequired\":true,\"valueName\":\"search_term_string\"}}],\"inLanguage\":\"pt-BR\"},{\"@type\":\"Organization\",\"@id\":\"https:\/\/ubanews.com\/site\/#organization\",\"name\":\"Ub\u00e1 News\",\"url\":\"https:\/\/ubanews.com\/site\/\",\"logo\":{\"@type\":\"ImageObject\",\"inLanguage\":\"pt-BR\",\"@id\":\"https:\/\/ubanews.com\/site\/#\/schema\/logo\/image\/\",\"url\":\"https:\/\/ubanews.com\/site\/wp-content\/uploads\/2018\/01\/logoubanews.png\",\"contentUrl\":\"https:\/\/ubanews.com\/site\/wp-content\/uploads\/2018\/01\/logoubanews.png\",\"width\":261,\"height\":99,\"caption\":\"Ub\u00e1 News\"},\"image\":{\"@id\":\"https:\/\/ubanews.com\/site\/#\/schema\/logo\/image\/\"},\"sameAs\":[\"https:\/\/www.facebook.com\/Ub\u00e1News-Carlos-Roberto-Sodr\u00e9-418778301977370\"]},{\"@type\":\"Person\",\"@id\":\"https:\/\/ubanews.com\/site\/#\/schema\/person\/9d8da9ec3c8d00640ab6e8c81e103310\",\"name\":\"Carlos Roberto Sodr\u00e9\",\"image\":{\"@type\":\"ImageObject\",\"inLanguage\":\"pt-BR\",\"@id\":\"https:\/\/secure.gravatar.com\/avatar\/aab322e8555b56c468614fafdab8a8f924e394cdc6cfd8232f77e9e4d123a133?s=96&d=mm&r=g\",\"url\":\"https:\/\/secure.gravatar.com\/avatar\/aab322e8555b56c468614fafdab8a8f924e394cdc6cfd8232f77e9e4d123a133?s=96&d=mm&r=g\",\"contentUrl\":\"https:\/\/secure.gravatar.com\/avatar\/aab322e8555b56c468614fafdab8a8f924e394cdc6cfd8232f77e9e4d123a133?s=96&d=mm&r=g\",\"caption\":\"Carlos Roberto Sodr\u00e9\"},\"url\":\"https:\/\/ubanews.com\/site\/author\/sodre\/\"}]}<\/script>\n<!-- \/ Yoast SEO plugin. -->","yoast_head_json":{"title":"Conex\u00e3o Rural Caf\u00e9 Compartilhado valoriza o Produtor e destaca a for\u00e7a das mulheres do campo - Ub\u00e1 News","description":"Conex\u00e3o Rural: Caf\u00e9 Compartilhado valoriza o Produtor e destaca a for\u00e7a das mulheres do campo. Sob a coordena\u00e7\u00e3o de Da\u00e7a Rino e Amaral.","robots":{"index":"index","follow":"follow","max-snippet":"max-snippet:-1","max-image-preview":"max-image-preview:large","max-video-preview":"max-video-preview:-1"},"canonical":"https:\/\/ubanews.com\/site\/2025\/10\/29\/conexao-rural-cafe-compartilhado-valoriza-o-produtor-e-destaca-a-forca-das-mulheres-do-campo\/","og_locale":"pt_BR","og_type":"article","og_title":"Conex\u00e3o Rural Caf\u00e9 Compartilhado valoriza o Produtor e destaca a for\u00e7a das mulheres do campo - Ub\u00e1 News","og_description":"Conex\u00e3o Rural: Caf\u00e9 Compartilhado valoriza o Produtor e destaca a for\u00e7a das mulheres do campo. Sob a coordena\u00e7\u00e3o de Da\u00e7a Rino e Amaral.","og_url":"https:\/\/ubanews.com\/site\/2025\/10\/29\/conexao-rural-cafe-compartilhado-valoriza-o-produtor-e-destaca-a-forca-das-mulheres-do-campo\/","og_site_name":"Ub\u00e1 News","article_publisher":"https:\/\/www.facebook.com\/Ub%c3%a1News-Carlos-Roberto-Sodr%c3%a9-418778301977370","article_published_time":"2025-10-29T13:16:45+00:00","og_image":[{"width":640,"height":360,"url":"https:\/\/ubanews.com\/site\/wp-content\/uploads\/2025\/10\/IMG_0769.jpg","type":"image\/jpeg"}],"author":"Carlos Roberto Sodr\u00e9","twitter_card":"summary_large_image","twitter_misc":{"Escrito por":"Carlos Roberto Sodr\u00e9","Est. tempo de leitura":"5 minutos"},"schema":{"@context":"https:\/\/schema.org","@graph":[{"@type":"Article","@id":"https:\/\/ubanews.com\/site\/2025\/10\/29\/conexao-rural-cafe-compartilhado-valoriza-o-produtor-e-destaca-a-forca-das-mulheres-do-campo\/#article","isPartOf":{"@id":"https:\/\/ubanews.com\/site\/2025\/10\/29\/conexao-rural-cafe-compartilhado-valoriza-o-produtor-e-destaca-a-forca-das-mulheres-do-campo\/"},"author":{"name":"Carlos Roberto Sodr\u00e9","@id":"https:\/\/ubanews.com\/site\/#\/schema\/person\/9d8da9ec3c8d00640ab6e8c81e103310"},"headline":"Conex\u00e3o Rural Caf\u00e9 Compartilhado valoriza o Produtor e destaca a for\u00e7a das mulheres do campo","datePublished":"2025-10-29T13:16:45+00:00","mainEntityOfPage":{"@id":"https:\/\/ubanews.com\/site\/2025\/10\/29\/conexao-rural-cafe-compartilhado-valoriza-o-produtor-e-destaca-a-forca-das-mulheres-do-campo\/"},"wordCount":832,"commentCount":0,"publisher":{"@id":"https:\/\/ubanews.com\/site\/#organization"},"image":{"@id":"https:\/\/ubanews.com\/site\/2025\/10\/29\/conexao-rural-cafe-compartilhado-valoriza-o-produtor-e-destaca-a-forca-das-mulheres-do-campo\/#primaryimage"},"thumbnailUrl":"https:\/\/ubanews.com\/site\/wp-content\/uploads\/2025\/10\/IMG_0769.jpg","keywords":["Caf\u00e9 Compartilhado","Conex\u00e3o Rural","Da\u00e7a Rino","Produtor de \u00e1gua","UBANEWS"],"articleSection":["Geral","Slide"],"inLanguage":"pt-BR","potentialAction":[{"@type":"CommentAction","name":"Comment","target":["https:\/\/ubanews.com\/site\/2025\/10\/29\/conexao-rural-cafe-compartilhado-valoriza-o-produtor-e-destaca-a-forca-das-mulheres-do-campo\/#respond"]}]},{"@type":"WebPage","@id":"https:\/\/ubanews.com\/site\/2025\/10\/29\/conexao-rural-cafe-compartilhado-valoriza-o-produtor-e-destaca-a-forca-das-mulheres-do-campo\/","url":"https:\/\/ubanews.com\/site\/2025\/10\/29\/conexao-rural-cafe-compartilhado-valoriza-o-produtor-e-destaca-a-forca-das-mulheres-do-campo\/","name":"Conex\u00e3o Rural Caf\u00e9 Compartilhado valoriza o Produtor e destaca a for\u00e7a das mulheres do campo - Ub\u00e1 News","isPartOf":{"@id":"https:\/\/ubanews.com\/site\/#website"},"primaryImageOfPage":{"@id":"https:\/\/ubanews.com\/site\/2025\/10\/29\/conexao-rural-cafe-compartilhado-valoriza-o-produtor-e-destaca-a-forca-das-mulheres-do-campo\/#primaryimage"},"image":{"@id":"https:\/\/ubanews.com\/site\/2025\/10\/29\/conexao-rural-cafe-compartilhado-valoriza-o-produtor-e-destaca-a-forca-das-mulheres-do-campo\/#primaryimage"},"thumbnailUrl":"https:\/\/ubanews.com\/site\/wp-content\/uploads\/2025\/10\/IMG_0769.jpg","datePublished":"2025-10-29T13:16:45+00:00","description":"Conex\u00e3o Rural: Caf\u00e9 Compartilhado valoriza o Produtor e destaca a for\u00e7a das mulheres do campo. Sob a coordena\u00e7\u00e3o de Da\u00e7a Rino e Amaral.","breadcrumb":{"@id":"https:\/\/ubanews.com\/site\/2025\/10\/29\/conexao-rural-cafe-compartilhado-valoriza-o-produtor-e-destaca-a-forca-das-mulheres-do-campo\/#breadcrumb"},"inLanguage":"pt-BR","potentialAction":[{"@type":"ReadAction","target":["https:\/\/ubanews.com\/site\/2025\/10\/29\/conexao-rural-cafe-compartilhado-valoriza-o-produtor-e-destaca-a-forca-das-mulheres-do-campo\/"]}]},{"@type":"ImageObject","inLanguage":"pt-BR","@id":"https:\/\/ubanews.com\/site\/2025\/10\/29\/conexao-rural-cafe-compartilhado-valoriza-o-produtor-e-destaca-a-forca-das-mulheres-do-campo\/#primaryimage","url":"https:\/\/ubanews.com\/site\/wp-content\/uploads\/2025\/10\/IMG_0769.jpg","contentUrl":"https:\/\/ubanews.com\/site\/wp-content\/uploads\/2025\/10\/IMG_0769.jpg","width":640,"height":360,"caption":"Conex\u00e3o Rural Caf\u00e9 Compartilhado"},{"@type":"BreadcrumbList","@id":"https:\/\/ubanews.com\/site\/2025\/10\/29\/conexao-rural-cafe-compartilhado-valoriza-o-produtor-e-destaca-a-forca-das-mulheres-do-campo\/#breadcrumb","itemListElement":[{"@type":"ListItem","position":1,"name":"Home","item":"https:\/\/ubanews.com\/site\/"},{"@type":"ListItem","position":2,"name":"Conex\u00e3o Rural Caf\u00e9 Compartilhado valoriza o Produtor e destaca a for\u00e7a das mulheres do campo"}]},{"@type":"WebSite","@id":"https:\/\/ubanews.com\/site\/#website","url":"https:\/\/ubanews.com\/site\/","name":"Ub\u00e1 News","description":"","publisher":{"@id":"https:\/\/ubanews.com\/site\/#organization"},"potentialAction":[{"@type":"SearchAction","target":{"@type":"EntryPoint","urlTemplate":"https:\/\/ubanews.com\/site\/?s={search_term_string}"},"query-input":{"@type":"PropertyValueSpecification","valueRequired":true,"valueName":"search_term_string"}}],"inLanguage":"pt-BR"},{"@type":"Organization","@id":"https:\/\/ubanews.com\/site\/#organization","name":"Ub\u00e1 News","url":"https:\/\/ubanews.com\/site\/","logo":{"@type":"ImageObject","inLanguage":"pt-BR","@id":"https:\/\/ubanews.com\/site\/#\/schema\/logo\/image\/","url":"https:\/\/ubanews.com\/site\/wp-content\/uploads\/2018\/01\/logoubanews.png","contentUrl":"https:\/\/ubanews.com\/site\/wp-content\/uploads\/2018\/01\/logoubanews.png","width":261,"height":99,"caption":"Ub\u00e1 News"},"image":{"@id":"https:\/\/ubanews.com\/site\/#\/schema\/logo\/image\/"},"sameAs":["https:\/\/www.facebook.com\/Ub\u00e1News-Carlos-Roberto-Sodr\u00e9-418778301977370"]},{"@type":"Person","@id":"https:\/\/ubanews.com\/site\/#\/schema\/person\/9d8da9ec3c8d00640ab6e8c81e103310","name":"Carlos Roberto Sodr\u00e9","image":{"@type":"ImageObject","inLanguage":"pt-BR","@id":"https:\/\/secure.gravatar.com\/avatar\/aab322e8555b56c468614fafdab8a8f924e394cdc6cfd8232f77e9e4d123a133?s=96&d=mm&r=g","url":"https:\/\/secure.gravatar.com\/avatar\/aab322e8555b56c468614fafdab8a8f924e394cdc6cfd8232f77e9e4d123a133?s=96&d=mm&r=g","contentUrl":"https:\/\/secure.gravatar.com\/avatar\/aab322e8555b56c468614fafdab8a8f924e394cdc6cfd8232f77e9e4d123a133?s=96&d=mm&r=g","caption":"Carlos Roberto Sodr\u00e9"},"url":"https:\/\/ubanews.com\/site\/author\/sodre\/"}]}},"_links":{"self":[{"href":"https:\/\/ubanews.com\/site\/wp-json\/wp\/v2\/posts\/23278","targetHints":{"allow":["GET"]}}],"collection":[{"href":"https:\/\/ubanews.com\/site\/wp-json\/wp\/v2\/posts"}],"about":[{"href":"https:\/\/ubanews.com\/site\/wp-json\/wp\/v2\/types\/post"}],"author":[{"embeddable":true,"href":"https:\/\/ubanews.com\/site\/wp-json\/wp\/v2\/users\/4"}],"replies":[{"embeddable":true,"href":"https:\/\/ubanews.com\/site\/wp-json\/wp\/v2\/comments?post=23278"}],"version-history":[{"count":0,"href":"https:\/\/ubanews.com\/site\/wp-json\/wp\/v2\/posts\/23278\/revisions"}],"wp:featuredmedia":[{"embeddable":true,"href":"https:\/\/ubanews.com\/site\/wp-json\/wp\/v2\/media\/23281"}],"wp:attachment":[{"href":"https:\/\/ubanews.com\/site\/wp-json\/wp\/v2\/media?parent=23278"}],"wp:term":[{"taxonomy":"category","embeddable":true,"href":"https:\/\/ubanews.com\/site\/wp-json\/wp\/v2\/categories?post=23278"},{"taxonomy":"post_tag","embeddable":true,"href":"https:\/\/ubanews.com\/site\/wp-json\/wp\/v2\/tags?post=23278"}],"curies":[{"name":"wp","href":"https:\/\/api.w.org\/{rel}","templated":true}]}}