{"id":23265,"date":"2025-10-28T09:33:21","date_gmt":"2025-10-28T12:33:21","guid":{"rendered":"https:\/\/ubanews.com\/site\/?p=23265"},"modified":"2025-10-28T09:35:40","modified_gmt":"2025-10-28T12:35:40","slug":"aciuba-promove-almoco-empresarial-e-destaca-a-forca-do-metodo-digital-com-flavia-my-charm","status":"publish","type":"post","link":"https:\/\/ubanews.com\/site\/2025\/10\/28\/aciuba-promove-almoco-empresarial-e-destaca-a-forca-do-metodo-digital-com-flavia-my-charm\/","title":{"rendered":"ACIUB\u00c1 promove Almo\u00e7o Empresarial e destaca a for\u00e7a do m\u00e9todo digital com Fl\u00e1via My Charm"},"content":{"rendered":"<p data-start=\"327\" data-end=\"434\"><strong data-start=\"329\" data-end=\"434\">ACIUB\u00c1 promove Almo\u00e7o Empresarial e destaca a for\u00e7a do m\u00e9todo digital com Fl\u00e1via My Charm.\u00a0<\/strong>A poucos dias da realiza\u00e7\u00e3o da <strong data-start=\"467\" data-end=\"498\">Feira Multissetorial de Ub\u00e1<\/strong>, a <strong data-start=\"502\" data-end=\"569\">ACIUB\u00c1 \u2013 Associa\u00e7\u00e3o Comercial, Industrial e Agropecu\u00e1ria de Ub\u00e1<\/strong> promoveu mais um <strong data-start=\"587\" data-end=\"609\">Almo\u00e7o Empresarial<\/strong>. O encontro reuniu empreendedores, gestores e profissionais liberais interessados em aprimorar estrat\u00e9gias e fortalecer conex\u00f5es de neg\u00f3cios.<\/p>\n<h2 data-start=\"327\" data-end=\"434\"><strong data-start=\"329\" data-end=\"434\">ACIUB\u00c1 promove Almo\u00e7o Empresarial e destaca a for\u00e7a do m\u00e9todo digital com Fl\u00e1via My Charm<\/strong><\/h2>\n<p><img decoding=\"async\" class=\"aligncenter size-medium wp-image-23266 lazyload\" data-src=\"https:\/\/ubanews.com\/site\/wp-content\/uploads\/2025\/10\/Fala-Sodre-Flavia-My-Charm-300x133.jpg\" alt=\"ACIUB\u00c1 promove Almo\u00e7o Empresarial e destaca a for\u00e7a do m\u00e9todo digital com Fl\u00e1via My Charm \" width=\"300\" height=\"133\" data-srcset=\"https:\/\/ubanews.com\/site\/wp-content\/uploads\/2025\/10\/Fala-Sodre-Flavia-My-Charm-300x133.jpg 300w, https:\/\/ubanews.com\/site\/wp-content\/uploads\/2025\/10\/Fala-Sodre-Flavia-My-Charm-1024x454.jpg 1024w, https:\/\/ubanews.com\/site\/wp-content\/uploads\/2025\/10\/Fala-Sodre-Flavia-My-Charm-768x340.jpg 768w, https:\/\/ubanews.com\/site\/wp-content\/uploads\/2025\/10\/Fala-Sodre-Flavia-My-Charm-900x400.jpg 900w, https:\/\/ubanews.com\/site\/wp-content\/uploads\/2025\/10\/Fala-Sodre-Flavia-My-Charm.jpg 1287w\" data-sizes=\"(max-width: 300px) 100vw, 300px\" src=\"data:image\/svg+xml;base64,PHN2ZyB3aWR0aD0iMSIgaGVpZ2h0PSIxIiB4bWxucz0iaHR0cDovL3d3dy53My5vcmcvMjAwMC9zdmciPjwvc3ZnPg==\" style=\"--smush-placeholder-width: 300px; --smush-placeholder-aspect-ratio: 300\/133;\" \/><\/p>\n<p data-start=\"755\" data-end=\"1011\">O rep\u00f3rter <strong data-start=\"766\" data-end=\"790\">Carlos Roberto Sodr\u00e9<\/strong> registrou o evento e conversou com a <strong data-start=\"828\" data-end=\"859\">palestrante Fl\u00e1via My Charm<\/strong>, empres\u00e1ria reconhecida por sua atua\u00e7\u00e3o no setor de joias e acess\u00f3rios e pela sua vis\u00e3o sobre <strong data-start=\"954\" data-end=\"1008\">marketing digital e empreendedorismo com prop\u00f3sito<\/strong>.<\/p>\n<p data-start=\"1013\" data-end=\"1137\">As <strong data-start=\"1016\" data-end=\"1027\">imagens<\/strong> foram captadas por <strong data-start=\"1047\" data-end=\"1062\">Laisa Sodr\u00e9<\/strong> e o conte\u00fado foi desenvolvido por <strong data-start=\"1097\" data-end=\"1116\">Pedro Henriques<\/strong>, da <strong data-start=\"1121\" data-end=\"1136\">INDICCA.COM<\/strong>.<\/p>\n<hr data-start=\"1139\" data-end=\"1142\" \/>\n<h2 data-start=\"1144\" data-end=\"1198\"><strong data-start=\"1147\" data-end=\"1198\">Empreender \u00e9 mais que fazer: \u00e9 saber como fazer<\/strong><\/h2>\n<p data-start=\"1200\" data-end=\"1475\">Logo no in\u00edcio da conversa, <strong data-start=\"1228\" data-end=\"1247\">Fl\u00e1via My Charm<\/strong> lan\u00e7ou uma provoca\u00e7\u00e3o: \u201cO sucesso n\u00e3o \u00e9 o que voc\u00ea faz, \u00e9 <strong data-start=\"1306\" data-end=\"1314\">como<\/strong> voc\u00ea faz.\u201d<br data-start=\"1325\" data-end=\"1328\" \/>A partir dessa reflex\u00e3o, ela envolveu os empres\u00e1rios com um tema essencial: a <strong data-start=\"1406\" data-end=\"1472\">import\u00e2ncia do m\u00e9todo e da intencionalidade nas a\u00e7\u00f5es digitais<\/strong>.<\/p>\n<p data-start=\"1477\" data-end=\"1688\">Segundo Fl\u00e1via, muitos empreendedores j\u00e1 atuam nas redes sociais, criam conte\u00fado e anunciam seus produtos. No entanto, poucos seguem uma <strong data-start=\"1614\" data-end=\"1640\">estrat\u00e9gia estruturada<\/strong> que realmente gere valor e fidelize clientes.<\/p>\n<p data-start=\"1690\" data-end=\"1705\">Ela explicou:<\/p>\n<blockquote data-start=\"1706\" data-end=\"1876\">\n<p data-start=\"1708\" data-end=\"1876\">\u201cO segredo est\u00e1 em entender o cliente ideal e oferecer uma experi\u00eancia que fa\u00e7a sentido para ele. O m\u00e9todo precisa ser claro, assertivo e gerar resultados mensur\u00e1veis.\u201d<\/p>\n<\/blockquote>\n<hr data-start=\"1878\" data-end=\"1881\" \/>\n<h2 data-start=\"1883\" data-end=\"1934\"><strong data-start=\"1886\" data-end=\"1934\">A import\u00e2ncia de manter o cliente satisfeito<\/strong><\/h2>\n<p data-start=\"1936\" data-end=\"2156\">Fl\u00e1via destacou ainda que o sucesso empresarial depende diretamente da <strong data-start=\"2007\" data-end=\"2045\">satisfa\u00e7\u00e3o e reten\u00e7\u00e3o dos clientes<\/strong>.<br data-start=\"2046\" data-end=\"2049\" \/>Ela mencionou que uma empresa s\u00f3lida \u00e9 aquela que consegue manter um alto \u00edndice de renova\u00e7\u00e3o e recompra.<\/p>\n<blockquote data-start=\"2158\" data-end=\"2316\">\n<p data-start=\"2160\" data-end=\"2316\">\u201cUma empresa s\u00f3 sobrevive se tiver clientes satisfeitos e retornando. \u00c9 isso que define o verdadeiro sucesso: manter quem confia no seu produto ou servi\u00e7o.\u201d<\/p>\n<\/blockquote>\n<p data-start=\"2318\" data-end=\"2631\">Para ela, o <strong data-start=\"2330\" data-end=\"2354\">\u00edndice de satisfa\u00e7\u00e3o<\/strong> deve ultrapassar os 70%, e cada atendimento precisa ser uma oportunidade de encantamento.<br data-start=\"2444\" data-end=\"2447\" \/>Inspirada em refer\u00eancias internacionais, Fl\u00e1via afirmou que a <strong data-start=\"2509\" data-end=\"2534\">Disney deixou rastros<\/strong> de excel\u00eancia em atendimento e que esse padr\u00e3o pode \u2014 e deve \u2014 ser aplicado nos neg\u00f3cios locais.<\/p>\n<hr data-start=\"2633\" data-end=\"2636\" \/>\n<h2 data-start=\"2638\" data-end=\"2691\"><strong data-start=\"2641\" data-end=\"2691\">O aprendizado com os erros e o poder do m\u00e9todo<\/strong><\/h2>\n<p data-start=\"2693\" data-end=\"2934\">Com mais de 26 anos de trajet\u00f3ria, <strong data-start=\"2728\" data-end=\"2747\">Fl\u00e1via My Charm<\/strong> lan\u00e7ou o livro <em data-start=\"2763\" data-end=\"2831\">\u201cDo Bruto ao Brilhante \u2013 Como transformar obst\u00e1culos em alavancas\u201d<\/em>, no qual compartilha experi\u00eancias e aprendizados sobre o empreendedorismo real, com acertos e erros.<\/p>\n<p data-start=\"2936\" data-end=\"2966\">Ela afirmou com sinceridade:<\/p>\n<blockquote data-start=\"2967\" data-end=\"3063\">\n<p data-start=\"2969\" data-end=\"3063\">\u201cErrar \u00e9 inevit\u00e1vel, mas repetir o erro \u00e9 escolha. O erro deve virar alavanca, n\u00e3o obst\u00e1culo.\u201d<\/p>\n<\/blockquote>\n<p data-start=\"3065\" data-end=\"3320\">O livro, segundo a empres\u00e1ria, re\u00fane li\u00e7\u00f5es pr\u00e1ticas de quem enfrentou desafios e soube transformar dificuldades em oportunidades.<br data-start=\"3195\" data-end=\"3198\" \/>Fl\u00e1via ainda adiantou que j\u00e1 planeja novas publica\u00e7\u00f5es, aprofundando o tema da <strong data-start=\"3277\" data-end=\"3319\">educa\u00e7\u00e3o executiva para empreendedores<\/strong>.<\/p>\n<hr data-start=\"3322\" data-end=\"3325\" \/>\n<h2 data-start=\"3327\" data-end=\"3366\"><strong data-start=\"3330\" data-end=\"3366\">O olhar da ACIUB\u00c1 sobre o evento<\/strong><\/h2>\n<p data-start=\"3368\" data-end=\"3661\">O presidente da ACIUB\u00c1, <strong data-start=\"3392\" data-end=\"3411\">Silber Silveira<\/strong>, tamb\u00e9m falou ao rep\u00f3rter <strong data-start=\"3438\" data-end=\"3462\">Carlos Roberto Sodr\u00e9<\/strong> sobre a relev\u00e2ncia do encontro.<br data-start=\"3494\" data-end=\"3497\" \/>Ele destacou que o <strong data-start=\"3516\" data-end=\"3538\">Almo\u00e7o Empresarial<\/strong> \u00e9 uma iniciativa estrat\u00e9gica que visa fortalecer o <strong data-start=\"3590\" data-end=\"3604\">networking<\/strong> e estimular a gera\u00e7\u00e3o de neg\u00f3cios entre os associados.<\/p>\n<p data-start=\"3663\" data-end=\"3818\">Silber ressaltou que o momento \u00e9 oportuno, pois a cidade se prepara para a <strong data-start=\"3738\" data-end=\"3769\">Feira Multissetorial de Ub\u00e1<\/strong>, um dos principais eventos do setor na regi\u00e3o:<\/p>\n<blockquote data-start=\"3819\" data-end=\"3976\">\n<p data-start=\"3821\" data-end=\"3976\">\u201cEstamos num per\u00edodo de intensa mobiliza\u00e7\u00e3o. Esses encontros fortalecem a uni\u00e3o dos empres\u00e1rios e criam pontes para grandes oportunidades durante a feira.\u201d<\/p>\n<\/blockquote>\n<hr data-start=\"3978\" data-end=\"3981\" \/>\n<h2 data-start=\"3983\" data-end=\"4015\"><strong data-start=\"3986\" data-end=\"4015\">Conex\u00e3o, m\u00e9todo e atitude<\/strong><\/h2>\n<p data-start=\"4017\" data-end=\"4252\">Ao final, o rep\u00f3rter <strong data-start=\"4038\" data-end=\"4062\">Carlos Roberto Sodr\u00e9<\/strong> registrou o clima de entusiasmo entre os participantes.<br data-start=\"4118\" data-end=\"4121\" \/>A fala da palestrante e o di\u00e1logo promovido pela ACIUB\u00c1 refor\u00e7aram a import\u00e2ncia de <strong data-start=\"4205\" data-end=\"4249\">atuar com prop\u00f3sito, m\u00e9todo e const\u00e2ncia<\/strong>.<\/p>\n<p data-start=\"4254\" data-end=\"4298\">Fl\u00e1via resumiu bem o esp\u00edrito do encontro:<\/p>\n<blockquote data-start=\"4299\" data-end=\"4469\">\n<p data-start=\"4301\" data-end=\"4469\">\u201cEmpreender \u00e9 agir com inten\u00e7\u00e3o. Quando o empres\u00e1rio entende o m\u00e9todo, ele transforma cada reuni\u00e3o, cada almo\u00e7o e cada feira em uma grande oportunidade de crescimento.\u201d<\/p>\n<\/blockquote>\n<p data-start=\"4471\" data-end=\"4695\">O <strong data-start=\"4473\" data-end=\"4487\">Fala Sodr\u00e9<\/strong> mais uma vez destacou a for\u00e7a da integra\u00e7\u00e3o entre o setor produtivo e o pensamento inovador.<br data-start=\"4580\" data-end=\"4583\" \/>A ACIUB\u00c1 segue unindo <strong data-start=\"4605\" data-end=\"4649\">lideran\u00e7a, conhecimento e relacionamento<\/strong> em prol do desenvolvimento de Ub\u00e1 e regi\u00e3o.<\/p>\n<p><iframe title=\"Fala Sodr\u00e9: perto da realiza\u00e7\u00e3o da Feira Multissensorial, ACIUB\u00c1 promove mais um Almo\u00e7o Empresarial\" width=\"840\" height=\"473\" data-src=\"https:\/\/www.youtube.com\/embed\/EF68mOTtMvs?feature=oembed\" frameborder=\"0\" allow=\"accelerometer; autoplay; clipboard-write; encrypted-media; gyroscope; picture-in-picture; web-share\" referrerpolicy=\"strict-origin-when-cross-origin\" allowfullscreen src=\"data:image\/svg+xml;base64,PHN2ZyB3aWR0aD0iMSIgaGVpZ2h0PSIxIiB4bWxucz0iaHR0cDovL3d3dy53My5vcmcvMjAwMC9zdmciPjwvc3ZnPg==\" class=\"lazyload\" data-load-mode=\"1\"><\/iframe><\/p>\n<p>&nbsp;<\/p>\n<p style=\"margin: 0in; font-size: 20.0pt;\"><span style=\"font-family: 'Segoe UI Emoji';\">&#x1f4da; <\/span><span style=\"font-weight: bold; font-family: Calibri;\">Cobertura:<\/span><span style=\"font-family: Calibri;\"> Carlos Roberto Sodr\u00e9 <\/span><a href=\"https:\/\/wa.me\/553298481334\"><span style=\"font-family: Calibri;\">WhatsApp<\/span><\/a><\/p>\n<p style=\"margin: 0in; font-size: 20.0pt;\"><span style=\"font-family: 'Segoe UI Emoji';\">&#x1f4f8; <\/span><span style=\"font-weight: bold; font-family: Calibri;\">Imagens:<\/span><span style=\"font-family: Calibri;\"> Laisa Sodr\u00e9<\/span><\/p>\n<p style=\"margin: 0in; font-size: 20.0pt;\"><span style=\"font-family: 'Segoe UI Emoji';\">&#x1f4dd; <\/span><span style=\"font-weight: bold; font-family: Calibri;\">Conte\u00fado: <\/span><a href=\"https:\/\/www.linkedin.com\/in\/pedrohgf\/\"><span style=\"font-family: Calibri;\">Pedro Henriques<\/span><\/a><span style=\"font-family: Calibri;\"> \u2013 <\/span><a href=\"https:\/\/indicca.com.br\/blog\/\"><span style=\"font-family: Calibri;\">INDICCA.COM<\/span><\/a><span style=\"font-family: Calibri;\">\u00a0 <\/span><a href=\"https:\/\/wa.me\/5532988020057\"><span style=\"font-family: Calibri;\">WhatsApp<\/span><\/a><\/p>\n<p style=\"margin: 0in; font-size: 20.0pt;\"><span style=\"font-family: 'Segoe UI Emoji';\">&#x1f393; <\/span><span style=\"font-weight: bold; font-family: Calibri;\">Evento:\u00a0<\/span><strong data-start=\"329\" data-end=\"434\">ACIUB\u00c1 promove Almo\u00e7o Empresarial e destaca a for\u00e7a do m\u00e9todo digital com Fl\u00e1via My Charm<\/strong><\/p>\n<p data-start=\"4471\" data-end=\"4695\">\n","protected":false},"excerpt":{"rendered":"<p>ACIUB\u00c1 promove Almo\u00e7o Empresarial e destaca a for\u00e7a do m\u00e9todo<\/p>\n","protected":false},"author":4,"featured_media":23266,"comment_status":"open","ping_status":"open","sticky":false,"template":"","format":"standard","meta":{"footnotes":""},"categories":[1,3],"tags":[57,59,200,199,198,60],"class_list":["post-23265","post","type-post","status-publish","format-standard","has-post-thumbnail","hentry","category-sem-categoria","category-slide","tag-aciuba","tag-fala-sodre","tag-feira-multissetorial","tag-flavia-my-charm","tag-my-charm","tag-ubanews"],"yoast_head":"<!-- This site is optimized with the Yoast SEO plugin v27.2 - https:\/\/yoast.com\/product\/yoast-seo-wordpress\/ -->\n<title>ACIUB\u00c1 promove Almo\u00e7o Empresarial e destaca a for\u00e7a do m\u00e9todo digital com Fl\u00e1via My Charm - Ub\u00e1 News<\/title>\n<meta name=\"description\" content=\"ACIUB\u00c1 promove Almo\u00e7o Empresarial e destaca a for\u00e7a do m\u00e9todo digital com Fl\u00e1via My Charm. O encontro reuniu empreendedores e gestores.\" \/>\n<meta name=\"robots\" content=\"index, follow, max-snippet:-1, max-image-preview:large, max-video-preview:-1\" \/>\n<link rel=\"canonical\" href=\"https:\/\/ubanews.com\/site\/2025\/10\/28\/aciuba-promove-almoco-empresarial-e-destaca-a-forca-do-metodo-digital-com-flavia-my-charm\/\" \/>\n<meta property=\"og:locale\" content=\"pt_BR\" \/>\n<meta property=\"og:type\" content=\"article\" \/>\n<meta property=\"og:title\" content=\"ACIUB\u00c1 promove Almo\u00e7o Empresarial e destaca a for\u00e7a do m\u00e9todo digital com Fl\u00e1via My Charm - Ub\u00e1 News\" \/>\n<meta property=\"og:description\" content=\"ACIUB\u00c1 promove Almo\u00e7o Empresarial e destaca a for\u00e7a do m\u00e9todo digital com Fl\u00e1via My Charm. O encontro reuniu empreendedores e gestores.\" \/>\n<meta property=\"og:url\" content=\"https:\/\/ubanews.com\/site\/2025\/10\/28\/aciuba-promove-almoco-empresarial-e-destaca-a-forca-do-metodo-digital-com-flavia-my-charm\/\" \/>\n<meta property=\"og:site_name\" content=\"Ub\u00e1 News\" \/>\n<meta property=\"article:publisher\" content=\"https:\/\/www.facebook.com\/Ub%c3%a1News-Carlos-Roberto-Sodr%c3%a9-418778301977370\" \/>\n<meta property=\"article:published_time\" content=\"2025-10-28T12:33:21+00:00\" \/>\n<meta property=\"article:modified_time\" content=\"2025-10-28T12:35:40+00:00\" \/>\n<meta property=\"og:image\" content=\"https:\/\/ubanews.com\/site\/wp-content\/uploads\/2025\/10\/Fala-Sodre-Flavia-My-Charm.jpg\" \/>\n\t<meta property=\"og:image:width\" content=\"1287\" \/>\n\t<meta property=\"og:image:height\" content=\"570\" \/>\n\t<meta property=\"og:image:type\" content=\"image\/jpeg\" \/>\n<meta name=\"author\" content=\"Carlos Roberto Sodr\u00e9\" \/>\n<meta name=\"twitter:card\" content=\"summary_large_image\" \/>\n<meta name=\"twitter:label1\" content=\"Escrito por\" \/>\n\t<meta name=\"twitter:data1\" content=\"Carlos Roberto Sodr\u00e9\" \/>\n\t<meta name=\"twitter:label2\" content=\"Est. tempo de leitura\" \/>\n\t<meta name=\"twitter:data2\" content=\"4 minutos\" \/>\n<script type=\"application\/ld+json\" class=\"yoast-schema-graph\">{\"@context\":\"https:\/\/schema.org\",\"@graph\":[{\"@type\":\"Article\",\"@id\":\"https:\/\/ubanews.com\/site\/2025\/10\/28\/aciuba-promove-almoco-empresarial-e-destaca-a-forca-do-metodo-digital-com-flavia-my-charm\/#article\",\"isPartOf\":{\"@id\":\"https:\/\/ubanews.com\/site\/2025\/10\/28\/aciuba-promove-almoco-empresarial-e-destaca-a-forca-do-metodo-digital-com-flavia-my-charm\/\"},\"author\":{\"name\":\"Carlos Roberto Sodr\u00e9\",\"@id\":\"https:\/\/ubanews.com\/site\/#\/schema\/person\/9d8da9ec3c8d00640ab6e8c81e103310\"},\"headline\":\"ACIUB\u00c1 promove Almo\u00e7o Empresarial e destaca a for\u00e7a do m\u00e9todo digital com Fl\u00e1via My Charm\",\"datePublished\":\"2025-10-28T12:33:21+00:00\",\"dateModified\":\"2025-10-28T12:35:40+00:00\",\"mainEntityOfPage\":{\"@id\":\"https:\/\/ubanews.com\/site\/2025\/10\/28\/aciuba-promove-almoco-empresarial-e-destaca-a-forca-do-metodo-digital-com-flavia-my-charm\/\"},\"wordCount\":820,\"commentCount\":0,\"publisher\":{\"@id\":\"https:\/\/ubanews.com\/site\/#organization\"},\"image\":{\"@id\":\"https:\/\/ubanews.com\/site\/2025\/10\/28\/aciuba-promove-almoco-empresarial-e-destaca-a-forca-do-metodo-digital-com-flavia-my-charm\/#primaryimage\"},\"thumbnailUrl\":\"https:\/\/ubanews.com\/site\/wp-content\/uploads\/2025\/10\/Fala-Sodre-Flavia-My-Charm.jpg\",\"keywords\":[\"ACIUB\u00c1\",\"Fala Sodr\u00e9\",\"Feira Multissetorial\",\"Fl\u00e1via My Charm\",\"My Charm\",\"UBANEWS\"],\"articleSection\":[\"Geral\",\"Slide\"],\"inLanguage\":\"pt-BR\",\"potentialAction\":[{\"@type\":\"CommentAction\",\"name\":\"Comment\",\"target\":[\"https:\/\/ubanews.com\/site\/2025\/10\/28\/aciuba-promove-almoco-empresarial-e-destaca-a-forca-do-metodo-digital-com-flavia-my-charm\/#respond\"]}]},{\"@type\":\"WebPage\",\"@id\":\"https:\/\/ubanews.com\/site\/2025\/10\/28\/aciuba-promove-almoco-empresarial-e-destaca-a-forca-do-metodo-digital-com-flavia-my-charm\/\",\"url\":\"https:\/\/ubanews.com\/site\/2025\/10\/28\/aciuba-promove-almoco-empresarial-e-destaca-a-forca-do-metodo-digital-com-flavia-my-charm\/\",\"name\":\"ACIUB\u00c1 promove Almo\u00e7o Empresarial e destaca a for\u00e7a do m\u00e9todo digital com Fl\u00e1via My Charm - Ub\u00e1 News\",\"isPartOf\":{\"@id\":\"https:\/\/ubanews.com\/site\/#website\"},\"primaryImageOfPage\":{\"@id\":\"https:\/\/ubanews.com\/site\/2025\/10\/28\/aciuba-promove-almoco-empresarial-e-destaca-a-forca-do-metodo-digital-com-flavia-my-charm\/#primaryimage\"},\"image\":{\"@id\":\"https:\/\/ubanews.com\/site\/2025\/10\/28\/aciuba-promove-almoco-empresarial-e-destaca-a-forca-do-metodo-digital-com-flavia-my-charm\/#primaryimage\"},\"thumbnailUrl\":\"https:\/\/ubanews.com\/site\/wp-content\/uploads\/2025\/10\/Fala-Sodre-Flavia-My-Charm.jpg\",\"datePublished\":\"2025-10-28T12:33:21+00:00\",\"dateModified\":\"2025-10-28T12:35:40+00:00\",\"description\":\"ACIUB\u00c1 promove Almo\u00e7o Empresarial e destaca a for\u00e7a do m\u00e9todo digital com Fl\u00e1via My Charm. O encontro reuniu empreendedores e gestores.\",\"breadcrumb\":{\"@id\":\"https:\/\/ubanews.com\/site\/2025\/10\/28\/aciuba-promove-almoco-empresarial-e-destaca-a-forca-do-metodo-digital-com-flavia-my-charm\/#breadcrumb\"},\"inLanguage\":\"pt-BR\",\"potentialAction\":[{\"@type\":\"ReadAction\",\"target\":[\"https:\/\/ubanews.com\/site\/2025\/10\/28\/aciuba-promove-almoco-empresarial-e-destaca-a-forca-do-metodo-digital-com-flavia-my-charm\/\"]}]},{\"@type\":\"ImageObject\",\"inLanguage\":\"pt-BR\",\"@id\":\"https:\/\/ubanews.com\/site\/2025\/10\/28\/aciuba-promove-almoco-empresarial-e-destaca-a-forca-do-metodo-digital-com-flavia-my-charm\/#primaryimage\",\"url\":\"https:\/\/ubanews.com\/site\/wp-content\/uploads\/2025\/10\/Fala-Sodre-Flavia-My-Charm.jpg\",\"contentUrl\":\"https:\/\/ubanews.com\/site\/wp-content\/uploads\/2025\/10\/Fala-Sodre-Flavia-My-Charm.jpg\",\"width\":1287,\"height\":570,\"caption\":\"ACIUB\u00c1 promove Almo\u00e7o Empresarial e destaca a for\u00e7a do m\u00e9todo digital com Fl\u00e1via My Charm\"},{\"@type\":\"BreadcrumbList\",\"@id\":\"https:\/\/ubanews.com\/site\/2025\/10\/28\/aciuba-promove-almoco-empresarial-e-destaca-a-forca-do-metodo-digital-com-flavia-my-charm\/#breadcrumb\",\"itemListElement\":[{\"@type\":\"ListItem\",\"position\":1,\"name\":\"Home\",\"item\":\"https:\/\/ubanews.com\/site\/\"},{\"@type\":\"ListItem\",\"position\":2,\"name\":\"ACIUB\u00c1 promove Almo\u00e7o Empresarial e destaca a for\u00e7a do m\u00e9todo digital com Fl\u00e1via My Charm\"}]},{\"@type\":\"WebSite\",\"@id\":\"https:\/\/ubanews.com\/site\/#website\",\"url\":\"https:\/\/ubanews.com\/site\/\",\"name\":\"Ub\u00e1 News\",\"description\":\"\",\"publisher\":{\"@id\":\"https:\/\/ubanews.com\/site\/#organization\"},\"potentialAction\":[{\"@type\":\"SearchAction\",\"target\":{\"@type\":\"EntryPoint\",\"urlTemplate\":\"https:\/\/ubanews.com\/site\/?s={search_term_string}\"},\"query-input\":{\"@type\":\"PropertyValueSpecification\",\"valueRequired\":true,\"valueName\":\"search_term_string\"}}],\"inLanguage\":\"pt-BR\"},{\"@type\":\"Organization\",\"@id\":\"https:\/\/ubanews.com\/site\/#organization\",\"name\":\"Ub\u00e1 News\",\"url\":\"https:\/\/ubanews.com\/site\/\",\"logo\":{\"@type\":\"ImageObject\",\"inLanguage\":\"pt-BR\",\"@id\":\"https:\/\/ubanews.com\/site\/#\/schema\/logo\/image\/\",\"url\":\"https:\/\/ubanews.com\/site\/wp-content\/uploads\/2018\/01\/logoubanews.png\",\"contentUrl\":\"https:\/\/ubanews.com\/site\/wp-content\/uploads\/2018\/01\/logoubanews.png\",\"width\":261,\"height\":99,\"caption\":\"Ub\u00e1 News\"},\"image\":{\"@id\":\"https:\/\/ubanews.com\/site\/#\/schema\/logo\/image\/\"},\"sameAs\":[\"https:\/\/www.facebook.com\/Ub\u00e1News-Carlos-Roberto-Sodr\u00e9-418778301977370\"]},{\"@type\":\"Person\",\"@id\":\"https:\/\/ubanews.com\/site\/#\/schema\/person\/9d8da9ec3c8d00640ab6e8c81e103310\",\"name\":\"Carlos Roberto Sodr\u00e9\",\"image\":{\"@type\":\"ImageObject\",\"inLanguage\":\"pt-BR\",\"@id\":\"https:\/\/secure.gravatar.com\/avatar\/aab322e8555b56c468614fafdab8a8f924e394cdc6cfd8232f77e9e4d123a133?s=96&d=mm&r=g\",\"url\":\"https:\/\/secure.gravatar.com\/avatar\/aab322e8555b56c468614fafdab8a8f924e394cdc6cfd8232f77e9e4d123a133?s=96&d=mm&r=g\",\"contentUrl\":\"https:\/\/secure.gravatar.com\/avatar\/aab322e8555b56c468614fafdab8a8f924e394cdc6cfd8232f77e9e4d123a133?s=96&d=mm&r=g\",\"caption\":\"Carlos Roberto Sodr\u00e9\"},\"url\":\"https:\/\/ubanews.com\/site\/author\/sodre\/\"}]}<\/script>\n<!-- \/ Yoast SEO plugin. -->","yoast_head_json":{"title":"ACIUB\u00c1 promove Almo\u00e7o Empresarial e destaca a for\u00e7a do m\u00e9todo digital com Fl\u00e1via My Charm - Ub\u00e1 News","description":"ACIUB\u00c1 promove Almo\u00e7o Empresarial e destaca a for\u00e7a do m\u00e9todo digital com Fl\u00e1via My Charm. O encontro reuniu empreendedores e gestores.","robots":{"index":"index","follow":"follow","max-snippet":"max-snippet:-1","max-image-preview":"max-image-preview:large","max-video-preview":"max-video-preview:-1"},"canonical":"https:\/\/ubanews.com\/site\/2025\/10\/28\/aciuba-promove-almoco-empresarial-e-destaca-a-forca-do-metodo-digital-com-flavia-my-charm\/","og_locale":"pt_BR","og_type":"article","og_title":"ACIUB\u00c1 promove Almo\u00e7o Empresarial e destaca a for\u00e7a do m\u00e9todo digital com Fl\u00e1via My Charm - Ub\u00e1 News","og_description":"ACIUB\u00c1 promove Almo\u00e7o Empresarial e destaca a for\u00e7a do m\u00e9todo digital com Fl\u00e1via My Charm. O encontro reuniu empreendedores e gestores.","og_url":"https:\/\/ubanews.com\/site\/2025\/10\/28\/aciuba-promove-almoco-empresarial-e-destaca-a-forca-do-metodo-digital-com-flavia-my-charm\/","og_site_name":"Ub\u00e1 News","article_publisher":"https:\/\/www.facebook.com\/Ub%c3%a1News-Carlos-Roberto-Sodr%c3%a9-418778301977370","article_published_time":"2025-10-28T12:33:21+00:00","article_modified_time":"2025-10-28T12:35:40+00:00","og_image":[{"width":1287,"height":570,"url":"https:\/\/ubanews.com\/site\/wp-content\/uploads\/2025\/10\/Fala-Sodre-Flavia-My-Charm.jpg","type":"image\/jpeg"}],"author":"Carlos Roberto Sodr\u00e9","twitter_card":"summary_large_image","twitter_misc":{"Escrito por":"Carlos Roberto Sodr\u00e9","Est. tempo de leitura":"4 minutos"},"schema":{"@context":"https:\/\/schema.org","@graph":[{"@type":"Article","@id":"https:\/\/ubanews.com\/site\/2025\/10\/28\/aciuba-promove-almoco-empresarial-e-destaca-a-forca-do-metodo-digital-com-flavia-my-charm\/#article","isPartOf":{"@id":"https:\/\/ubanews.com\/site\/2025\/10\/28\/aciuba-promove-almoco-empresarial-e-destaca-a-forca-do-metodo-digital-com-flavia-my-charm\/"},"author":{"name":"Carlos Roberto Sodr\u00e9","@id":"https:\/\/ubanews.com\/site\/#\/schema\/person\/9d8da9ec3c8d00640ab6e8c81e103310"},"headline":"ACIUB\u00c1 promove Almo\u00e7o Empresarial e destaca a for\u00e7a do m\u00e9todo digital com Fl\u00e1via My Charm","datePublished":"2025-10-28T12:33:21+00:00","dateModified":"2025-10-28T12:35:40+00:00","mainEntityOfPage":{"@id":"https:\/\/ubanews.com\/site\/2025\/10\/28\/aciuba-promove-almoco-empresarial-e-destaca-a-forca-do-metodo-digital-com-flavia-my-charm\/"},"wordCount":820,"commentCount":0,"publisher":{"@id":"https:\/\/ubanews.com\/site\/#organization"},"image":{"@id":"https:\/\/ubanews.com\/site\/2025\/10\/28\/aciuba-promove-almoco-empresarial-e-destaca-a-forca-do-metodo-digital-com-flavia-my-charm\/#primaryimage"},"thumbnailUrl":"https:\/\/ubanews.com\/site\/wp-content\/uploads\/2025\/10\/Fala-Sodre-Flavia-My-Charm.jpg","keywords":["ACIUB\u00c1","Fala Sodr\u00e9","Feira Multissetorial","Fl\u00e1via My Charm","My Charm","UBANEWS"],"articleSection":["Geral","Slide"],"inLanguage":"pt-BR","potentialAction":[{"@type":"CommentAction","name":"Comment","target":["https:\/\/ubanews.com\/site\/2025\/10\/28\/aciuba-promove-almoco-empresarial-e-destaca-a-forca-do-metodo-digital-com-flavia-my-charm\/#respond"]}]},{"@type":"WebPage","@id":"https:\/\/ubanews.com\/site\/2025\/10\/28\/aciuba-promove-almoco-empresarial-e-destaca-a-forca-do-metodo-digital-com-flavia-my-charm\/","url":"https:\/\/ubanews.com\/site\/2025\/10\/28\/aciuba-promove-almoco-empresarial-e-destaca-a-forca-do-metodo-digital-com-flavia-my-charm\/","name":"ACIUB\u00c1 promove Almo\u00e7o Empresarial e destaca a for\u00e7a do m\u00e9todo digital com Fl\u00e1via My Charm - Ub\u00e1 News","isPartOf":{"@id":"https:\/\/ubanews.com\/site\/#website"},"primaryImageOfPage":{"@id":"https:\/\/ubanews.com\/site\/2025\/10\/28\/aciuba-promove-almoco-empresarial-e-destaca-a-forca-do-metodo-digital-com-flavia-my-charm\/#primaryimage"},"image":{"@id":"https:\/\/ubanews.com\/site\/2025\/10\/28\/aciuba-promove-almoco-empresarial-e-destaca-a-forca-do-metodo-digital-com-flavia-my-charm\/#primaryimage"},"thumbnailUrl":"https:\/\/ubanews.com\/site\/wp-content\/uploads\/2025\/10\/Fala-Sodre-Flavia-My-Charm.jpg","datePublished":"2025-10-28T12:33:21+00:00","dateModified":"2025-10-28T12:35:40+00:00","description":"ACIUB\u00c1 promove Almo\u00e7o Empresarial e destaca a for\u00e7a do m\u00e9todo digital com Fl\u00e1via My Charm. O encontro reuniu empreendedores e gestores.","breadcrumb":{"@id":"https:\/\/ubanews.com\/site\/2025\/10\/28\/aciuba-promove-almoco-empresarial-e-destaca-a-forca-do-metodo-digital-com-flavia-my-charm\/#breadcrumb"},"inLanguage":"pt-BR","potentialAction":[{"@type":"ReadAction","target":["https:\/\/ubanews.com\/site\/2025\/10\/28\/aciuba-promove-almoco-empresarial-e-destaca-a-forca-do-metodo-digital-com-flavia-my-charm\/"]}]},{"@type":"ImageObject","inLanguage":"pt-BR","@id":"https:\/\/ubanews.com\/site\/2025\/10\/28\/aciuba-promove-almoco-empresarial-e-destaca-a-forca-do-metodo-digital-com-flavia-my-charm\/#primaryimage","url":"https:\/\/ubanews.com\/site\/wp-content\/uploads\/2025\/10\/Fala-Sodre-Flavia-My-Charm.jpg","contentUrl":"https:\/\/ubanews.com\/site\/wp-content\/uploads\/2025\/10\/Fala-Sodre-Flavia-My-Charm.jpg","width":1287,"height":570,"caption":"ACIUB\u00c1 promove Almo\u00e7o Empresarial e destaca a for\u00e7a do m\u00e9todo digital com Fl\u00e1via My Charm"},{"@type":"BreadcrumbList","@id":"https:\/\/ubanews.com\/site\/2025\/10\/28\/aciuba-promove-almoco-empresarial-e-destaca-a-forca-do-metodo-digital-com-flavia-my-charm\/#breadcrumb","itemListElement":[{"@type":"ListItem","position":1,"name":"Home","item":"https:\/\/ubanews.com\/site\/"},{"@type":"ListItem","position":2,"name":"ACIUB\u00c1 promove Almo\u00e7o Empresarial e destaca a for\u00e7a do m\u00e9todo digital com Fl\u00e1via My Charm"}]},{"@type":"WebSite","@id":"https:\/\/ubanews.com\/site\/#website","url":"https:\/\/ubanews.com\/site\/","name":"Ub\u00e1 News","description":"","publisher":{"@id":"https:\/\/ubanews.com\/site\/#organization"},"potentialAction":[{"@type":"SearchAction","target":{"@type":"EntryPoint","urlTemplate":"https:\/\/ubanews.com\/site\/?s={search_term_string}"},"query-input":{"@type":"PropertyValueSpecification","valueRequired":true,"valueName":"search_term_string"}}],"inLanguage":"pt-BR"},{"@type":"Organization","@id":"https:\/\/ubanews.com\/site\/#organization","name":"Ub\u00e1 News","url":"https:\/\/ubanews.com\/site\/","logo":{"@type":"ImageObject","inLanguage":"pt-BR","@id":"https:\/\/ubanews.com\/site\/#\/schema\/logo\/image\/","url":"https:\/\/ubanews.com\/site\/wp-content\/uploads\/2018\/01\/logoubanews.png","contentUrl":"https:\/\/ubanews.com\/site\/wp-content\/uploads\/2018\/01\/logoubanews.png","width":261,"height":99,"caption":"Ub\u00e1 News"},"image":{"@id":"https:\/\/ubanews.com\/site\/#\/schema\/logo\/image\/"},"sameAs":["https:\/\/www.facebook.com\/Ub\u00e1News-Carlos-Roberto-Sodr\u00e9-418778301977370"]},{"@type":"Person","@id":"https:\/\/ubanews.com\/site\/#\/schema\/person\/9d8da9ec3c8d00640ab6e8c81e103310","name":"Carlos Roberto Sodr\u00e9","image":{"@type":"ImageObject","inLanguage":"pt-BR","@id":"https:\/\/secure.gravatar.com\/avatar\/aab322e8555b56c468614fafdab8a8f924e394cdc6cfd8232f77e9e4d123a133?s=96&d=mm&r=g","url":"https:\/\/secure.gravatar.com\/avatar\/aab322e8555b56c468614fafdab8a8f924e394cdc6cfd8232f77e9e4d123a133?s=96&d=mm&r=g","contentUrl":"https:\/\/secure.gravatar.com\/avatar\/aab322e8555b56c468614fafdab8a8f924e394cdc6cfd8232f77e9e4d123a133?s=96&d=mm&r=g","caption":"Carlos Roberto Sodr\u00e9"},"url":"https:\/\/ubanews.com\/site\/author\/sodre\/"}]}},"_links":{"self":[{"href":"https:\/\/ubanews.com\/site\/wp-json\/wp\/v2\/posts\/23265","targetHints":{"allow":["GET"]}}],"collection":[{"href":"https:\/\/ubanews.com\/site\/wp-json\/wp\/v2\/posts"}],"about":[{"href":"https:\/\/ubanews.com\/site\/wp-json\/wp\/v2\/types\/post"}],"author":[{"embeddable":true,"href":"https:\/\/ubanews.com\/site\/wp-json\/wp\/v2\/users\/4"}],"replies":[{"embeddable":true,"href":"https:\/\/ubanews.com\/site\/wp-json\/wp\/v2\/comments?post=23265"}],"version-history":[{"count":0,"href":"https:\/\/ubanews.com\/site\/wp-json\/wp\/v2\/posts\/23265\/revisions"}],"wp:featuredmedia":[{"embeddable":true,"href":"https:\/\/ubanews.com\/site\/wp-json\/wp\/v2\/media\/23266"}],"wp:attachment":[{"href":"https:\/\/ubanews.com\/site\/wp-json\/wp\/v2\/media?parent=23265"}],"wp:term":[{"taxonomy":"category","embeddable":true,"href":"https:\/\/ubanews.com\/site\/wp-json\/wp\/v2\/categories?post=23265"},{"taxonomy":"post_tag","embeddable":true,"href":"https:\/\/ubanews.com\/site\/wp-json\/wp\/v2\/tags?post=23265"}],"curies":[{"name":"wp","href":"https:\/\/api.w.org\/{rel}","templated":true}]}}