{"id":23263,"date":"2025-10-27T16:08:04","date_gmt":"2025-10-27T19:08:04","guid":{"rendered":"https:\/\/ubanews.com\/site\/?p=23263"},"modified":"2025-10-27T16:08:04","modified_gmt":"2025-10-27T19:08:04","slug":"jose-teixeira-pires-recebe-a-medalha-fernando-da-mota","status":"publish","type":"post","link":"https:\/\/ubanews.com\/site\/2025\/10\/27\/jose-teixeira-pires-recebe-a-medalha-fernando-da-mota\/","title":{"rendered":"Jos\u00e9 Teixeira Pires recebe a Medalha Fernando da Mota"},"content":{"rendered":"<p data-start=\"396\" data-end=\"488\">Jos\u00e9 Teixeira Pires recebe a Medalha Fernando da Mota em noite de reconhecimento e emo\u00e7\u00e3o. Na C\u00e2mara Municipal de Ub\u00e1, uma noite de sexta-feira se transformou em um marco de gratid\u00e3o e reconhecimento. O advogado <strong data-start=\"611\" data-end=\"634\">Jos\u00e9 Teixeira Pires<\/strong>, conhecido carinhosamente como <strong data-start=\"666\" data-end=\"681\">Teixeirinha<\/strong>, recebeu a <strong data-start=\"693\" data-end=\"721\">Medalha Fernando da Mota<\/strong>, uma das mais importantes honrarias do munic\u00edpio. A homenagem destacou d\u00e9cadas de dedica\u00e7\u00e3o ao trabalho social e \u00e0 defesa das causas humanit\u00e1rias.<\/p>\n<h2 data-start=\"396\" data-end=\"488\">Jos\u00e9 Teixeira Pires recebe a Medalha Fernando da Mota em noite de reconhecimento e emo\u00e7\u00e3o.<\/h2>\n<p><img decoding=\"async\" class=\"aligncenter size-medium wp-image-23264 lazyload\" data-src=\"https:\/\/ubanews.com\/site\/wp-content\/uploads\/2025\/10\/Fala-Sodre-Medalha-Fernando-da-Mota-Teixeirinha--300x166.jpg\" alt=\"Jos\u00e9 Teixeira Pires recebe a Medalha Fernando da Mota em noite de reconhecimento e emo\u00e7\u00e3o.\n\" width=\"300\" height=\"166\" data-srcset=\"https:\/\/ubanews.com\/site\/wp-content\/uploads\/2025\/10\/Fala-Sodre-Medalha-Fernando-da-Mota-Teixeirinha--300x166.jpg 300w, https:\/\/ubanews.com\/site\/wp-content\/uploads\/2025\/10\/Fala-Sodre-Medalha-Fernando-da-Mota-Teixeirinha--1024x566.jpg 1024w, https:\/\/ubanews.com\/site\/wp-content\/uploads\/2025\/10\/Fala-Sodre-Medalha-Fernando-da-Mota-Teixeirinha--768x424.jpg 768w, https:\/\/ubanews.com\/site\/wp-content\/uploads\/2025\/10\/Fala-Sodre-Medalha-Fernando-da-Mota-Teixeirinha--360x200.jpg 360w, https:\/\/ubanews.com\/site\/wp-content\/uploads\/2025\/10\/Fala-Sodre-Medalha-Fernando-da-Mota-Teixeirinha--600x330.jpg 600w, https:\/\/ubanews.com\/site\/wp-content\/uploads\/2025\/10\/Fala-Sodre-Medalha-Fernando-da-Mota-Teixeirinha-.jpg 1283w\" data-sizes=\"(max-width: 300px) 100vw, 300px\" src=\"data:image\/svg+xml;base64,PHN2ZyB3aWR0aD0iMSIgaGVpZ2h0PSIxIiB4bWxucz0iaHR0cDovL3d3dy53My5vcmcvMjAwMC9zdmciPjwvc3ZnPg==\" style=\"--smush-placeholder-width: 300px; --smush-placeholder-aspect-ratio: 300\/166;\" \/><\/p>\n<p data-start=\"870\" data-end=\"1115\">A solenidade reuniu autoridades, amigos e representantes de diversas entidades. O rep\u00f3rter <strong data-start=\"961\" data-end=\"985\">Carlos Roberto Sodr\u00e9<\/strong> registrou todos os momentos, com <strong data-start=\"1019\" data-end=\"1049\">imagens de Felipe Oliveira<\/strong> e <strong data-start=\"1052\" data-end=\"1094\">gera\u00e7\u00e3o de conte\u00fado de Pedro Henriques<\/strong>, da <strong data-start=\"1099\" data-end=\"1114\">INDICCA.COM<\/strong>.<\/p>\n<hr data-start=\"1117\" data-end=\"1120\" \/>\n<h2 data-start=\"1122\" data-end=\"1159\">Uma homenagem \u00e0 trajet\u00f3ria de vida<\/h2>\n<p data-start=\"1161\" data-end=\"1422\">A cerim\u00f4nia foi marcada pela emo\u00e7\u00e3o. Jos\u00e9 Teixeira Pires, visivelmente comovido, relembrou a caminhada que o trouxe at\u00e9 ali. Ele falou sobre sua atua\u00e7\u00e3o junto \u00e0 <strong data-start=\"1322\" data-end=\"1330\">APAE<\/strong>, ao <strong data-start=\"1335\" data-end=\"1357\">Patronato S\u00e3o Jos\u00e9<\/strong> e a outras institui\u00e7\u00f5es que apoiam pessoas em vulnerabilidade.<\/p>\n<p data-start=\"1424\" data-end=\"1642\">\u201c<strong data-start=\"1425\" data-end=\"1631\">Nunca neguei atendimento a ningu\u00e9m. Sempre procurei ajudar o pobre, o idoso, o deficiente. Muitas vezes, atendi gratuitamente, porque acredito que ser \u00fatil ao pr\u00f3ximo \u00e9 o maior valor que algu\u00e9m pode ter<\/strong>\u201d, afirmou.<\/p>\n<p data-start=\"1644\" data-end=\"1838\">Essas palavras ecoaram entre os presentes. Muitos lembraram o empenho de Teixeirinha desde os anos 1970, quando ainda jovem advogado se envolveu nas causas sociais que moldaram sua trajet\u00f3ria.<\/p>\n<hr data-start=\"1840\" data-end=\"1843\" \/>\n<h2 data-start=\"1845\" data-end=\"1894\">Fernando da Mota: um nome que inspira gera\u00e7\u00f5es<\/h2>\n<p data-start=\"1896\" data-end=\"2180\">A <strong data-start=\"1898\" data-end=\"1926\">Medalha Fernando da Mota<\/strong> leva o nome de um dos grandes benem\u00e9ritos de Ub\u00e1. Fernando foi um vision\u00e1rio. Lutou pela consolida\u00e7\u00e3o da <strong data-start=\"2032\" data-end=\"2040\">APAE<\/strong>, pelo <strong data-start=\"2047\" data-end=\"2068\">Asilo S\u00e3o Vicente<\/strong> e pelo pr\u00f3prio <strong data-start=\"2084\" data-end=\"2097\">Patronato<\/strong>, doando terras e mobilizando esfor\u00e7os para que essas entidades se fortalecessem.<\/p>\n<p data-start=\"2182\" data-end=\"2447\">Em suas palavras, Jos\u00e9 Teixeira Pires destacou o papel de Fernando:<br data-start=\"2249\" data-end=\"2252\" \/>\u201c<strong data-start=\"2253\" data-end=\"2446\">Ele lutou quase sozinho contra tudo e contra todos. Dividiu sua fazenda para garantir o futuro das institui\u00e7\u00f5es sociais de Ub\u00e1. Esse gesto de amor e desprendimento \u00e9 exemplo para todos n\u00f3s.<\/strong>\u201d<\/p>\n<p data-start=\"2449\" data-end=\"2572\">A homenagem, portanto, foi tamb\u00e9m um tributo \u00e0 hist\u00f3ria de quem acreditou na solidariedade como base da comunidade ubaense.<\/p>\n<hr data-start=\"2574\" data-end=\"2577\" \/>\n<h2 data-start=\"2579\" data-end=\"2608\">Palavras de reconhecimento<\/h2>\n<p data-start=\"2610\" data-end=\"2841\">Durante a solenidade, <strong data-start=\"2632\" data-end=\"2662\">Jos\u00e9 Cardoso Neto (Parada)<\/strong>, o advogado <strong data-start=\"2675\" data-end=\"2695\">Miguel Gasparoni<\/strong>, o <strong data-start=\"2699\" data-end=\"2735\">Tenente-Coronel Erick Leal Lopes<\/strong> e <strong data-start=\"2738\" data-end=\"2753\">Sandro Mota<\/strong>, filho de Fernando da Mota, manifestaram palavras de apre\u00e7o e respeito a Teixeirinha.<\/p>\n<p data-start=\"2843\" data-end=\"3081\">Todos ressaltaram o simbolismo da medalha, que conecta duas trajet\u00f3rias inspiradoras: a de <strong data-start=\"2934\" data-end=\"2954\">Fernando da Mota<\/strong>, patrono do social, e a de <strong data-start=\"2982\" data-end=\"3005\">Jos\u00e9 Teixeira Pires<\/strong>, homem que segue o mesmo caminho de altru\u00edsmo e trabalho pelo bem coletivo.<\/p>\n<p data-start=\"3083\" data-end=\"3274\">\u201c<strong data-start=\"3084\" data-end=\"3248\">S\u00e3o pessoas assim que fortalecem o tecido moral e solid\u00e1rio da cidade. Jos\u00e9 Teixeira Pires \u00e9 um exemplo de compromisso com as causas p\u00fablicas e com o ser humano<\/strong>\u201d, disse Miguel Gasparoni.<\/p>\n<hr data-start=\"3276\" data-end=\"3279\" \/>\n<h2 data-start=\"3281\" data-end=\"3306\">Um legado que continua<\/h2>\n<p data-start=\"3308\" data-end=\"3475\">A cerim\u00f4nia terminou sob aplausos e emo\u00e7\u00e3o. O p\u00fablico reconheceu n\u00e3o apenas o homenageado, mas todo o conjunto de a\u00e7\u00f5es que moldaram sua vida profissional e pessoal.<\/p>\n<p data-start=\"3477\" data-end=\"3655\">Teixeirinha refor\u00e7ou o compromisso de continuar atuando:<br data-start=\"3533\" data-end=\"3536\" \/>\u201c<strong data-start=\"3537\" data-end=\"3654\">A fase n\u00e3o \u00e9 boa, a mis\u00e9ria est\u00e1 pr\u00f3xima. Precisamos abrir os olhos e fazer algo. Ajudar \u00e9 um dever de todos n\u00f3s.<\/strong>\u201d<\/p>\n<p data-start=\"3657\" data-end=\"3764\">Essas palavras resumem o esp\u00edrito da medalha e da noite: servir ao pr\u00f3ximo com amor, \u00e9tica e solidariedade.<\/p>\n<hr data-start=\"3766\" data-end=\"3769\" \/>\n<h2 data-start=\"3771\" data-end=\"3811\">Registro audiovisual e agradecimentos<\/h2>\n<p data-start=\"3813\" data-end=\"4011\">A reportagem teve cobertura completa do programa <strong data-start=\"3862\" data-end=\"3876\">Fala Sodr\u00e9<\/strong>, apresentado por <strong data-start=\"3894\" data-end=\"3918\">Carlos Roberto Sodr\u00e9<\/strong>, com imagens de <strong data-start=\"3935\" data-end=\"3954\">Felipe Oliveira<\/strong> e produ\u00e7\u00e3o de <strong data-start=\"3969\" data-end=\"3988\">Pedro Henriques<\/strong>, da <strong data-start=\"3993\" data-end=\"4008\">INDICCA.COM<\/strong>.<\/p>\n<p data-start=\"4013\" data-end=\"4159\">O v\u00eddeo da entrevista est\u00e1 dispon\u00edvel no <strong data-start=\"4054\" data-end=\"4088\">canal do YouTube do Fala Sodr\u00e9<\/strong>, onde \u00e9 poss\u00edvel acompanhar os bastidores e as falas dos homenageados.<\/p>\n<p><iframe title=\"Fala Sodr\u00e9 - Dr. Jos\u00e9 Teixeira Pires (Teixeirinha) agraciado com a Medalha Fernando da Mota 01\/04\/25\" width=\"840\" height=\"473\" data-src=\"https:\/\/www.youtube.com\/embed\/RjFv8GO5_fI?feature=oembed\" frameborder=\"0\" allow=\"accelerometer; autoplay; clipboard-write; encrypted-media; gyroscope; picture-in-picture; web-share\" referrerpolicy=\"strict-origin-when-cross-origin\" allowfullscreen src=\"data:image\/svg+xml;base64,PHN2ZyB3aWR0aD0iMSIgaGVpZ2h0PSIxIiB4bWxucz0iaHR0cDovL3d3dy53My5vcmcvMjAwMC9zdmciPjwvc3ZnPg==\" class=\"lazyload\" data-load-mode=\"1\"><\/iframe><\/p>\n<p style=\"margin: 0in; font-size: 20.0pt;\"><span style=\"font-family: 'Segoe UI Emoji';\">&#x1f4da; <\/span><span style=\"font-weight: bold; font-family: Calibri;\">Cobertura:<\/span><span style=\"font-family: Calibri;\"> Carlos Roberto Sodr\u00e9 <\/span><a href=\"https:\/\/wa.me\/553298481334\"><span style=\"font-family: Calibri;\">WhatsApp<\/span><\/a><\/p>\n<p style=\"margin: 0in; font-size: 20.0pt;\"><span style=\"font-family: 'Segoe UI Emoji';\">&#x1f4f8; <\/span><span style=\"font-weight: bold; font-family: Calibri;\">Imagens:<\/span><span style=\"font-family: Calibri;\"> Filipe Oliveira<\/span><\/p>\n<p style=\"margin: 0in; font-size: 20.0pt;\"><span style=\"font-family: 'Segoe UI Emoji';\">&#x1f4dd; <\/span><span style=\"font-weight: bold; font-family: Calibri;\">Conte\u00fado: <\/span><a href=\"https:\/\/www.linkedin.com\/in\/pedrohgf\/\"><span style=\"font-family: Calibri;\">Pedro Henriques<\/span><\/a><span style=\"font-family: Calibri;\"> \u2013 <\/span><a href=\"https:\/\/indicca.com.br\/blog\/\"><span style=\"font-family: Calibri;\">INDICCA.COM<\/span><\/a><span style=\"font-family: Calibri;\">\u00a0 <\/span><a href=\"https:\/\/wa.me\/5532988020057\"><span style=\"font-family: Calibri;\">WhatsApp<\/span><\/a><\/p>\n<p style=\"margin: 0in; font-size: 20.0pt;\"><span style=\"font-family: 'Segoe UI Emoji';\">&#x1f393; <\/span><span style=\"font-weight: bold; font-family: Calibri;\">Evento: Jos\u00e9 Teixeira Pires recebe a Medalha Fernando da Mota em noite de reconhecimento e emo\u00e7\u00e3o<\/span><\/p>\n<p data-start=\"4013\" data-end=\"4159\">\n","protected":false},"excerpt":{"rendered":"<p>Jos\u00e9 Teixeira Pires recebe a Medalha Fernando da Mota em<\/p>\n","protected":false},"author":4,"featured_media":23264,"comment_status":"open","ping_status":"open","sticky":false,"template":"","format":"standard","meta":{"footnotes":""},"categories":[1,3],"tags":[194,195,193,197,196,192],"class_list":["post-23263","post","type-post","status-publish","format-standard","has-post-thumbnail","hentry","category-sem-categoria","category-slide","tag-apae","tag-asilo-sao-vicente","tag-fernando-da-mota","tag-jose-teixeira-pires","tag-patronato-sao-jose-de-uba","tag-teixerinha"],"yoast_head":"<!-- This site is optimized with the Yoast SEO plugin v27.2 - https:\/\/yoast.com\/product\/yoast-seo-wordpress\/ -->\n<title>Jos\u00e9 Teixeira Pires recebe a Medalha Fernando da Mota - Ub\u00e1 News<\/title>\n<meta name=\"description\" content=\"Jos\u00e9 Teixeira Pires recebe a Medalha Fernando da Mota em noite de reconhecimento e emo\u00e7\u00e3o. Conhecido carinhosamente como Teixeirinha,\" \/>\n<meta name=\"robots\" content=\"index, follow, max-snippet:-1, max-image-preview:large, max-video-preview:-1\" \/>\n<link rel=\"canonical\" href=\"https:\/\/ubanews.com\/site\/2025\/10\/27\/jose-teixeira-pires-recebe-a-medalha-fernando-da-mota\/\" \/>\n<meta property=\"og:locale\" content=\"pt_BR\" \/>\n<meta property=\"og:type\" content=\"article\" \/>\n<meta property=\"og:title\" content=\"Jos\u00e9 Teixeira Pires recebe a Medalha Fernando da Mota - Ub\u00e1 News\" \/>\n<meta property=\"og:description\" content=\"Jos\u00e9 Teixeira Pires recebe a Medalha Fernando da Mota em noite de reconhecimento e emo\u00e7\u00e3o. Conhecido carinhosamente como Teixeirinha,\" \/>\n<meta property=\"og:url\" content=\"https:\/\/ubanews.com\/site\/2025\/10\/27\/jose-teixeira-pires-recebe-a-medalha-fernando-da-mota\/\" \/>\n<meta property=\"og:site_name\" content=\"Ub\u00e1 News\" \/>\n<meta property=\"article:publisher\" content=\"https:\/\/www.facebook.com\/Ub%c3%a1News-Carlos-Roberto-Sodr%c3%a9-418778301977370\" \/>\n<meta property=\"article:published_time\" content=\"2025-10-27T19:08:04+00:00\" \/>\n<meta property=\"og:image\" content=\"https:\/\/ubanews.com\/site\/wp-content\/uploads\/2025\/10\/Fala-Sodre-Medalha-Fernando-da-Mota-Teixeirinha-.jpg\" \/>\n\t<meta property=\"og:image:width\" content=\"1283\" \/>\n\t<meta property=\"og:image:height\" content=\"709\" \/>\n\t<meta property=\"og:image:type\" content=\"image\/jpeg\" \/>\n<meta name=\"author\" content=\"Carlos Roberto Sodr\u00e9\" \/>\n<meta name=\"twitter:card\" content=\"summary_large_image\" \/>\n<meta name=\"twitter:label1\" content=\"Escrito por\" \/>\n\t<meta name=\"twitter:data1\" content=\"Carlos Roberto Sodr\u00e9\" \/>\n\t<meta name=\"twitter:label2\" content=\"Est. tempo de leitura\" \/>\n\t<meta name=\"twitter:data2\" content=\"4 minutos\" \/>\n<script type=\"application\/ld+json\" class=\"yoast-schema-graph\">{\"@context\":\"https:\/\/schema.org\",\"@graph\":[{\"@type\":\"Article\",\"@id\":\"https:\/\/ubanews.com\/site\/2025\/10\/27\/jose-teixeira-pires-recebe-a-medalha-fernando-da-mota\/#article\",\"isPartOf\":{\"@id\":\"https:\/\/ubanews.com\/site\/2025\/10\/27\/jose-teixeira-pires-recebe-a-medalha-fernando-da-mota\/\"},\"author\":{\"name\":\"Carlos Roberto Sodr\u00e9\",\"@id\":\"https:\/\/ubanews.com\/site\/#\/schema\/person\/9d8da9ec3c8d00640ab6e8c81e103310\"},\"headline\":\"Jos\u00e9 Teixeira Pires recebe a Medalha Fernando da Mota\",\"datePublished\":\"2025-10-27T19:08:04+00:00\",\"mainEntityOfPage\":{\"@id\":\"https:\/\/ubanews.com\/site\/2025\/10\/27\/jose-teixeira-pires-recebe-a-medalha-fernando-da-mota\/\"},\"wordCount\":686,\"commentCount\":0,\"publisher\":{\"@id\":\"https:\/\/ubanews.com\/site\/#organization\"},\"image\":{\"@id\":\"https:\/\/ubanews.com\/site\/2025\/10\/27\/jose-teixeira-pires-recebe-a-medalha-fernando-da-mota\/#primaryimage\"},\"thumbnailUrl\":\"https:\/\/ubanews.com\/site\/wp-content\/uploads\/2025\/10\/Fala-Sodre-Medalha-Fernando-da-Mota-Teixeirinha-.jpg\",\"keywords\":[\"APAE\",\"Asilo S\u00e3o Vicente\",\"Fernando da Mota\",\"Jos\u00e9 Teixeira Pires\",\"Patronato S\u00e3o Jos\u00e9 de Ub\u00e1\",\"Teixerinha\"],\"articleSection\":[\"Geral\",\"Slide\"],\"inLanguage\":\"pt-BR\",\"potentialAction\":[{\"@type\":\"CommentAction\",\"name\":\"Comment\",\"target\":[\"https:\/\/ubanews.com\/site\/2025\/10\/27\/jose-teixeira-pires-recebe-a-medalha-fernando-da-mota\/#respond\"]}]},{\"@type\":\"WebPage\",\"@id\":\"https:\/\/ubanews.com\/site\/2025\/10\/27\/jose-teixeira-pires-recebe-a-medalha-fernando-da-mota\/\",\"url\":\"https:\/\/ubanews.com\/site\/2025\/10\/27\/jose-teixeira-pires-recebe-a-medalha-fernando-da-mota\/\",\"name\":\"Jos\u00e9 Teixeira Pires recebe a Medalha Fernando da Mota - Ub\u00e1 News\",\"isPartOf\":{\"@id\":\"https:\/\/ubanews.com\/site\/#website\"},\"primaryImageOfPage\":{\"@id\":\"https:\/\/ubanews.com\/site\/2025\/10\/27\/jose-teixeira-pires-recebe-a-medalha-fernando-da-mota\/#primaryimage\"},\"image\":{\"@id\":\"https:\/\/ubanews.com\/site\/2025\/10\/27\/jose-teixeira-pires-recebe-a-medalha-fernando-da-mota\/#primaryimage\"},\"thumbnailUrl\":\"https:\/\/ubanews.com\/site\/wp-content\/uploads\/2025\/10\/Fala-Sodre-Medalha-Fernando-da-Mota-Teixeirinha-.jpg\",\"datePublished\":\"2025-10-27T19:08:04+00:00\",\"description\":\"Jos\u00e9 Teixeira Pires recebe a Medalha Fernando da Mota em noite de reconhecimento e emo\u00e7\u00e3o. Conhecido carinhosamente como Teixeirinha,\",\"breadcrumb\":{\"@id\":\"https:\/\/ubanews.com\/site\/2025\/10\/27\/jose-teixeira-pires-recebe-a-medalha-fernando-da-mota\/#breadcrumb\"},\"inLanguage\":\"pt-BR\",\"potentialAction\":[{\"@type\":\"ReadAction\",\"target\":[\"https:\/\/ubanews.com\/site\/2025\/10\/27\/jose-teixeira-pires-recebe-a-medalha-fernando-da-mota\/\"]}]},{\"@type\":\"ImageObject\",\"inLanguage\":\"pt-BR\",\"@id\":\"https:\/\/ubanews.com\/site\/2025\/10\/27\/jose-teixeira-pires-recebe-a-medalha-fernando-da-mota\/#primaryimage\",\"url\":\"https:\/\/ubanews.com\/site\/wp-content\/uploads\/2025\/10\/Fala-Sodre-Medalha-Fernando-da-Mota-Teixeirinha-.jpg\",\"contentUrl\":\"https:\/\/ubanews.com\/site\/wp-content\/uploads\/2025\/10\/Fala-Sodre-Medalha-Fernando-da-Mota-Teixeirinha-.jpg\",\"width\":1283,\"height\":709,\"caption\":\"Jos\u00e9 Teixeira Pires recebe a Medalha Fernando da Mota em noite de reconhecimento e emo\u00e7\u00e3o.\"},{\"@type\":\"BreadcrumbList\",\"@id\":\"https:\/\/ubanews.com\/site\/2025\/10\/27\/jose-teixeira-pires-recebe-a-medalha-fernando-da-mota\/#breadcrumb\",\"itemListElement\":[{\"@type\":\"ListItem\",\"position\":1,\"name\":\"Home\",\"item\":\"https:\/\/ubanews.com\/site\/\"},{\"@type\":\"ListItem\",\"position\":2,\"name\":\"Jos\u00e9 Teixeira Pires recebe a Medalha Fernando da Mota\"}]},{\"@type\":\"WebSite\",\"@id\":\"https:\/\/ubanews.com\/site\/#website\",\"url\":\"https:\/\/ubanews.com\/site\/\",\"name\":\"Ub\u00e1 News\",\"description\":\"\",\"publisher\":{\"@id\":\"https:\/\/ubanews.com\/site\/#organization\"},\"potentialAction\":[{\"@type\":\"SearchAction\",\"target\":{\"@type\":\"EntryPoint\",\"urlTemplate\":\"https:\/\/ubanews.com\/site\/?s={search_term_string}\"},\"query-input\":{\"@type\":\"PropertyValueSpecification\",\"valueRequired\":true,\"valueName\":\"search_term_string\"}}],\"inLanguage\":\"pt-BR\"},{\"@type\":\"Organization\",\"@id\":\"https:\/\/ubanews.com\/site\/#organization\",\"name\":\"Ub\u00e1 News\",\"url\":\"https:\/\/ubanews.com\/site\/\",\"logo\":{\"@type\":\"ImageObject\",\"inLanguage\":\"pt-BR\",\"@id\":\"https:\/\/ubanews.com\/site\/#\/schema\/logo\/image\/\",\"url\":\"https:\/\/ubanews.com\/site\/wp-content\/uploads\/2018\/01\/logoubanews.png\",\"contentUrl\":\"https:\/\/ubanews.com\/site\/wp-content\/uploads\/2018\/01\/logoubanews.png\",\"width\":261,\"height\":99,\"caption\":\"Ub\u00e1 News\"},\"image\":{\"@id\":\"https:\/\/ubanews.com\/site\/#\/schema\/logo\/image\/\"},\"sameAs\":[\"https:\/\/www.facebook.com\/Ub\u00e1News-Carlos-Roberto-Sodr\u00e9-418778301977370\"]},{\"@type\":\"Person\",\"@id\":\"https:\/\/ubanews.com\/site\/#\/schema\/person\/9d8da9ec3c8d00640ab6e8c81e103310\",\"name\":\"Carlos Roberto Sodr\u00e9\",\"image\":{\"@type\":\"ImageObject\",\"inLanguage\":\"pt-BR\",\"@id\":\"https:\/\/secure.gravatar.com\/avatar\/aab322e8555b56c468614fafdab8a8f924e394cdc6cfd8232f77e9e4d123a133?s=96&d=mm&r=g\",\"url\":\"https:\/\/secure.gravatar.com\/avatar\/aab322e8555b56c468614fafdab8a8f924e394cdc6cfd8232f77e9e4d123a133?s=96&d=mm&r=g\",\"contentUrl\":\"https:\/\/secure.gravatar.com\/avatar\/aab322e8555b56c468614fafdab8a8f924e394cdc6cfd8232f77e9e4d123a133?s=96&d=mm&r=g\",\"caption\":\"Carlos Roberto Sodr\u00e9\"},\"url\":\"https:\/\/ubanews.com\/site\/author\/sodre\/\"}]}<\/script>\n<!-- \/ Yoast SEO plugin. -->","yoast_head_json":{"title":"Jos\u00e9 Teixeira Pires recebe a Medalha Fernando da Mota - Ub\u00e1 News","description":"Jos\u00e9 Teixeira Pires recebe a Medalha Fernando da Mota em noite de reconhecimento e emo\u00e7\u00e3o. Conhecido carinhosamente como Teixeirinha,","robots":{"index":"index","follow":"follow","max-snippet":"max-snippet:-1","max-image-preview":"max-image-preview:large","max-video-preview":"max-video-preview:-1"},"canonical":"https:\/\/ubanews.com\/site\/2025\/10\/27\/jose-teixeira-pires-recebe-a-medalha-fernando-da-mota\/","og_locale":"pt_BR","og_type":"article","og_title":"Jos\u00e9 Teixeira Pires recebe a Medalha Fernando da Mota - Ub\u00e1 News","og_description":"Jos\u00e9 Teixeira Pires recebe a Medalha Fernando da Mota em noite de reconhecimento e emo\u00e7\u00e3o. Conhecido carinhosamente como Teixeirinha,","og_url":"https:\/\/ubanews.com\/site\/2025\/10\/27\/jose-teixeira-pires-recebe-a-medalha-fernando-da-mota\/","og_site_name":"Ub\u00e1 News","article_publisher":"https:\/\/www.facebook.com\/Ub%c3%a1News-Carlos-Roberto-Sodr%c3%a9-418778301977370","article_published_time":"2025-10-27T19:08:04+00:00","og_image":[{"width":1283,"height":709,"url":"https:\/\/ubanews.com\/site\/wp-content\/uploads\/2025\/10\/Fala-Sodre-Medalha-Fernando-da-Mota-Teixeirinha-.jpg","type":"image\/jpeg"}],"author":"Carlos Roberto Sodr\u00e9","twitter_card":"summary_large_image","twitter_misc":{"Escrito por":"Carlos Roberto Sodr\u00e9","Est. tempo de leitura":"4 minutos"},"schema":{"@context":"https:\/\/schema.org","@graph":[{"@type":"Article","@id":"https:\/\/ubanews.com\/site\/2025\/10\/27\/jose-teixeira-pires-recebe-a-medalha-fernando-da-mota\/#article","isPartOf":{"@id":"https:\/\/ubanews.com\/site\/2025\/10\/27\/jose-teixeira-pires-recebe-a-medalha-fernando-da-mota\/"},"author":{"name":"Carlos Roberto Sodr\u00e9","@id":"https:\/\/ubanews.com\/site\/#\/schema\/person\/9d8da9ec3c8d00640ab6e8c81e103310"},"headline":"Jos\u00e9 Teixeira Pires recebe a Medalha Fernando da Mota","datePublished":"2025-10-27T19:08:04+00:00","mainEntityOfPage":{"@id":"https:\/\/ubanews.com\/site\/2025\/10\/27\/jose-teixeira-pires-recebe-a-medalha-fernando-da-mota\/"},"wordCount":686,"commentCount":0,"publisher":{"@id":"https:\/\/ubanews.com\/site\/#organization"},"image":{"@id":"https:\/\/ubanews.com\/site\/2025\/10\/27\/jose-teixeira-pires-recebe-a-medalha-fernando-da-mota\/#primaryimage"},"thumbnailUrl":"https:\/\/ubanews.com\/site\/wp-content\/uploads\/2025\/10\/Fala-Sodre-Medalha-Fernando-da-Mota-Teixeirinha-.jpg","keywords":["APAE","Asilo S\u00e3o Vicente","Fernando da Mota","Jos\u00e9 Teixeira Pires","Patronato S\u00e3o Jos\u00e9 de Ub\u00e1","Teixerinha"],"articleSection":["Geral","Slide"],"inLanguage":"pt-BR","potentialAction":[{"@type":"CommentAction","name":"Comment","target":["https:\/\/ubanews.com\/site\/2025\/10\/27\/jose-teixeira-pires-recebe-a-medalha-fernando-da-mota\/#respond"]}]},{"@type":"WebPage","@id":"https:\/\/ubanews.com\/site\/2025\/10\/27\/jose-teixeira-pires-recebe-a-medalha-fernando-da-mota\/","url":"https:\/\/ubanews.com\/site\/2025\/10\/27\/jose-teixeira-pires-recebe-a-medalha-fernando-da-mota\/","name":"Jos\u00e9 Teixeira Pires recebe a Medalha Fernando da Mota - Ub\u00e1 News","isPartOf":{"@id":"https:\/\/ubanews.com\/site\/#website"},"primaryImageOfPage":{"@id":"https:\/\/ubanews.com\/site\/2025\/10\/27\/jose-teixeira-pires-recebe-a-medalha-fernando-da-mota\/#primaryimage"},"image":{"@id":"https:\/\/ubanews.com\/site\/2025\/10\/27\/jose-teixeira-pires-recebe-a-medalha-fernando-da-mota\/#primaryimage"},"thumbnailUrl":"https:\/\/ubanews.com\/site\/wp-content\/uploads\/2025\/10\/Fala-Sodre-Medalha-Fernando-da-Mota-Teixeirinha-.jpg","datePublished":"2025-10-27T19:08:04+00:00","description":"Jos\u00e9 Teixeira Pires recebe a Medalha Fernando da Mota em noite de reconhecimento e emo\u00e7\u00e3o. Conhecido carinhosamente como Teixeirinha,","breadcrumb":{"@id":"https:\/\/ubanews.com\/site\/2025\/10\/27\/jose-teixeira-pires-recebe-a-medalha-fernando-da-mota\/#breadcrumb"},"inLanguage":"pt-BR","potentialAction":[{"@type":"ReadAction","target":["https:\/\/ubanews.com\/site\/2025\/10\/27\/jose-teixeira-pires-recebe-a-medalha-fernando-da-mota\/"]}]},{"@type":"ImageObject","inLanguage":"pt-BR","@id":"https:\/\/ubanews.com\/site\/2025\/10\/27\/jose-teixeira-pires-recebe-a-medalha-fernando-da-mota\/#primaryimage","url":"https:\/\/ubanews.com\/site\/wp-content\/uploads\/2025\/10\/Fala-Sodre-Medalha-Fernando-da-Mota-Teixeirinha-.jpg","contentUrl":"https:\/\/ubanews.com\/site\/wp-content\/uploads\/2025\/10\/Fala-Sodre-Medalha-Fernando-da-Mota-Teixeirinha-.jpg","width":1283,"height":709,"caption":"Jos\u00e9 Teixeira Pires recebe a Medalha Fernando da Mota em noite de reconhecimento e emo\u00e7\u00e3o."},{"@type":"BreadcrumbList","@id":"https:\/\/ubanews.com\/site\/2025\/10\/27\/jose-teixeira-pires-recebe-a-medalha-fernando-da-mota\/#breadcrumb","itemListElement":[{"@type":"ListItem","position":1,"name":"Home","item":"https:\/\/ubanews.com\/site\/"},{"@type":"ListItem","position":2,"name":"Jos\u00e9 Teixeira Pires recebe a Medalha Fernando da Mota"}]},{"@type":"WebSite","@id":"https:\/\/ubanews.com\/site\/#website","url":"https:\/\/ubanews.com\/site\/","name":"Ub\u00e1 News","description":"","publisher":{"@id":"https:\/\/ubanews.com\/site\/#organization"},"potentialAction":[{"@type":"SearchAction","target":{"@type":"EntryPoint","urlTemplate":"https:\/\/ubanews.com\/site\/?s={search_term_string}"},"query-input":{"@type":"PropertyValueSpecification","valueRequired":true,"valueName":"search_term_string"}}],"inLanguage":"pt-BR"},{"@type":"Organization","@id":"https:\/\/ubanews.com\/site\/#organization","name":"Ub\u00e1 News","url":"https:\/\/ubanews.com\/site\/","logo":{"@type":"ImageObject","inLanguage":"pt-BR","@id":"https:\/\/ubanews.com\/site\/#\/schema\/logo\/image\/","url":"https:\/\/ubanews.com\/site\/wp-content\/uploads\/2018\/01\/logoubanews.png","contentUrl":"https:\/\/ubanews.com\/site\/wp-content\/uploads\/2018\/01\/logoubanews.png","width":261,"height":99,"caption":"Ub\u00e1 News"},"image":{"@id":"https:\/\/ubanews.com\/site\/#\/schema\/logo\/image\/"},"sameAs":["https:\/\/www.facebook.com\/Ub\u00e1News-Carlos-Roberto-Sodr\u00e9-418778301977370"]},{"@type":"Person","@id":"https:\/\/ubanews.com\/site\/#\/schema\/person\/9d8da9ec3c8d00640ab6e8c81e103310","name":"Carlos Roberto Sodr\u00e9","image":{"@type":"ImageObject","inLanguage":"pt-BR","@id":"https:\/\/secure.gravatar.com\/avatar\/aab322e8555b56c468614fafdab8a8f924e394cdc6cfd8232f77e9e4d123a133?s=96&d=mm&r=g","url":"https:\/\/secure.gravatar.com\/avatar\/aab322e8555b56c468614fafdab8a8f924e394cdc6cfd8232f77e9e4d123a133?s=96&d=mm&r=g","contentUrl":"https:\/\/secure.gravatar.com\/avatar\/aab322e8555b56c468614fafdab8a8f924e394cdc6cfd8232f77e9e4d123a133?s=96&d=mm&r=g","caption":"Carlos Roberto Sodr\u00e9"},"url":"https:\/\/ubanews.com\/site\/author\/sodre\/"}]}},"_links":{"self":[{"href":"https:\/\/ubanews.com\/site\/wp-json\/wp\/v2\/posts\/23263","targetHints":{"allow":["GET"]}}],"collection":[{"href":"https:\/\/ubanews.com\/site\/wp-json\/wp\/v2\/posts"}],"about":[{"href":"https:\/\/ubanews.com\/site\/wp-json\/wp\/v2\/types\/post"}],"author":[{"embeddable":true,"href":"https:\/\/ubanews.com\/site\/wp-json\/wp\/v2\/users\/4"}],"replies":[{"embeddable":true,"href":"https:\/\/ubanews.com\/site\/wp-json\/wp\/v2\/comments?post=23263"}],"version-history":[{"count":0,"href":"https:\/\/ubanews.com\/site\/wp-json\/wp\/v2\/posts\/23263\/revisions"}],"wp:featuredmedia":[{"embeddable":true,"href":"https:\/\/ubanews.com\/site\/wp-json\/wp\/v2\/media\/23264"}],"wp:attachment":[{"href":"https:\/\/ubanews.com\/site\/wp-json\/wp\/v2\/media?parent=23263"}],"wp:term":[{"taxonomy":"category","embeddable":true,"href":"https:\/\/ubanews.com\/site\/wp-json\/wp\/v2\/categories?post=23263"},{"taxonomy":"post_tag","embeddable":true,"href":"https:\/\/ubanews.com\/site\/wp-json\/wp\/v2\/tags?post=23263"}],"curies":[{"name":"wp","href":"https:\/\/api.w.org\/{rel}","templated":true}]}}