{"id":23260,"date":"2025-10-25T11:08:09","date_gmt":"2025-10-25T14:08:09","guid":{"rendered":"https:\/\/ubanews.com\/site\/?p=23260"},"modified":"2025-10-25T11:13:46","modified_gmt":"2025-10-25T14:13:46","slug":"fala-sodre-vanderlei-william-sp-e-ze-do-cavaco-celebram-o-samba-e-a-amizade","status":"publish","type":"post","link":"https:\/\/ubanews.com\/site\/2025\/10\/25\/fala-sodre-vanderlei-william-sp-e-ze-do-cavaco-celebram-o-samba-e-a-amizade\/","title":{"rendered":"Fala Sodr\u00e9: Vanderlei, William SP e Z\u00e9 do Cavaco celebram o samba e a amizade"},"content":{"rendered":"<p data-start=\"529\" data-end=\"631\">Fala Sodr\u00e9: Vanderlei, William SP e Z\u00e9 do Cavaco celebram o samba e a amizade na \u201cSexta Musical\u201d.\u00a0No dia <strong data-start=\"640\" data-end=\"665\">24 de outubro de 2025<\/strong>, o programa <strong data-start=\"678\" data-end=\"692\">Fala Sodr\u00e9<\/strong> trouxe ao p\u00fablico uma edi\u00e7\u00e3o especial e vibrante da <strong data-start=\"745\" data-end=\"762\">Sexta Musical<\/strong>.<\/p>\n<h2 data-start=\"529\" data-end=\"631\">&#x1f3b6; Fala Sodr\u00e9: Vanderlei, William SP e Z\u00e9 do Cavaco celebram o samba e a amizade na \u201cSexta Musical\u201d<a href=\"https:\/\/www.youtube.com\/live\/L5MR3F6NoPI?si=28yPtppNQJsvss9C\" target=\"_blank\" rel=\"noopener\"><img decoding=\"async\" class=\"aligncenter size-full wp-image-23261 lazyload\" data-src=\"https:\/\/ubanews.com\/site\/wp-content\/uploads\/2025\/10\/Fala-Sodre-Sexta-Musical.jpg\" alt=\"&#x1f3b6; Fala Sodr\u00e9: Vanderlei, William SP e Z\u00e9 do Cavaco celebram o samba e a amizade na \u201cSexta Musical\u201d\" width=\"289\" height=\"137\" src=\"data:image\/svg+xml;base64,PHN2ZyB3aWR0aD0iMSIgaGVpZ2h0PSIxIiB4bWxucz0iaHR0cDovL3d3dy53My5vcmcvMjAwMC9zdmciPjwvc3ZnPg==\" style=\"--smush-placeholder-width: 289px; --smush-placeholder-aspect-ratio: 289\/137;\" \/><\/a><\/h2>\n<p>&nbsp;<\/p>\n<p data-start=\"529\" data-end=\"631\"><br data-start=\"763\" data-end=\"766\" \/>O rep\u00f3rter <strong data-start=\"777\" data-end=\"801\">Carlos Roberto Sodr\u00e9<\/strong> recebeu tr\u00eas grandes representantes do samba \u2014 <strong data-start=\"849\" data-end=\"862\">Vanderlei<\/strong>, <strong data-start=\"864\" data-end=\"878\">William SP<\/strong> e <strong data-start=\"881\" data-end=\"897\">Z\u00e9 do Cavaco<\/strong> \u2014 em uma conversa repleta de hist\u00f3rias, m\u00fasica e emo\u00e7\u00e3o.<br data-start=\"954\" data-end=\"957\" \/>Com <strong data-start=\"961\" data-end=\"987\">imagens de Laisa Sodr\u00e9<\/strong> e <strong data-start=\"990\" data-end=\"1032\">gera\u00e7\u00e3o de conte\u00fado de Pedro Henriques<\/strong>, da <strong data-start=\"1037\" data-end=\"1052\">INDICCA.COM<\/strong>, o encontro se transformou em um verdadeiro tributo \u00e0 alegria e \u00e0 cultura popular.<\/p>\n<hr data-start=\"1137\" data-end=\"1140\" \/>\n<h2 data-start=\"1142\" data-end=\"1176\">&#x1f3b5; O samba que nasce da amizade<\/h2>\n<p data-start=\"1178\" data-end=\"1246\">Logo no in\u00edcio, <strong data-start=\"1194\" data-end=\"1207\">Vanderlei<\/strong> resumiu o esp\u00edrito da roda de samba:<\/p>\n<blockquote data-start=\"1247\" data-end=\"1345\">\n<p data-start=\"1249\" data-end=\"1345\">\u201cO samba \u00e9 amizade, \u00e9 uma boa conversa, \u00e9 o contato. Ele faz o fim de semana come\u00e7ar mais leve.\u201d<\/p>\n<\/blockquote>\n<p data-start=\"1347\" data-end=\"1653\">Essa fala definiu o tom da entrevista. Entre risadas, acordes e lembran\u00e7as, o grupo mostrou que o samba \u00e9 mais do que ritmo \u2014 \u00e9 uni\u00e3o, \u00e9 vida compartilhada.<br data-start=\"1503\" data-end=\"1506\" \/>Enquanto o cavaquinho de <strong data-start=\"1531\" data-end=\"1547\">Z\u00e9 do Cavaco<\/strong> marcava o compasso e o pandeiro de <strong data-start=\"1583\" data-end=\"1597\">William SP<\/strong> dava o tom, a conversa fluiu com naturalidade e emo\u00e7\u00e3o.<\/p>\n<hr data-start=\"1655\" data-end=\"1658\" \/>\n<h2 data-start=\"1660\" data-end=\"1704\"><a href=\"https:\/\/www.youtube.com\/live\/L5MR3F6NoPI?si=zssiNaA23A3vfTxw\" target=\"_blank\" rel=\"noopener\"><img decoding=\"async\" class=\"aligncenter size-medium wp-image-23262 lazyload\" data-src=\"https:\/\/ubanews.com\/site\/wp-content\/uploads\/2025\/10\/Fala-Sodre-Sexta-Musical-1-300x166.jpg\" alt=\"Entre risadas, acordes e lembran\u00e7as, o grupo mostrou que o samba \u00e9 mais do que ritmo \" width=\"300\" height=\"166\" data-srcset=\"https:\/\/ubanews.com\/site\/wp-content\/uploads\/2025\/10\/Fala-Sodre-Sexta-Musical-1-300x166.jpg 300w, https:\/\/ubanews.com\/site\/wp-content\/uploads\/2025\/10\/Fala-Sodre-Sexta-Musical-1-1024x567.jpg 1024w, https:\/\/ubanews.com\/site\/wp-content\/uploads\/2025\/10\/Fala-Sodre-Sexta-Musical-1-768x425.jpg 768w, https:\/\/ubanews.com\/site\/wp-content\/uploads\/2025\/10\/Fala-Sodre-Sexta-Musical-1-360x200.jpg 360w, https:\/\/ubanews.com\/site\/wp-content\/uploads\/2025\/10\/Fala-Sodre-Sexta-Musical-1-600x330.jpg 600w, https:\/\/ubanews.com\/site\/wp-content\/uploads\/2025\/10\/Fala-Sodre-Sexta-Musical-1.jpg 1285w\" data-sizes=\"(max-width: 300px) 100vw, 300px\" src=\"data:image\/svg+xml;base64,PHN2ZyB3aWR0aD0iMSIgaGVpZ2h0PSIxIiB4bWxucz0iaHR0cDovL3d3dy53My5vcmcvMjAwMC9zdmciPjwvc3ZnPg==\" style=\"--smush-placeholder-width: 300px; --smush-placeholder-aspect-ratio: 300\/166;\" \/><\/a><\/h2>\n<h2 data-start=\"1660\" data-end=\"1704\">&#x1fa98; A import\u00e2ncia de valorizar cada m\u00fasico<\/h2>\n<p data-start=\"1706\" data-end=\"1883\">Durante a entrevista, os convidados falaram sobre o valor da coletividade dentro do samba.<br data-start=\"1796\" data-end=\"1799\" \/><strong data-start=\"1799\" data-end=\"1813\">William SP<\/strong> destacou como o grupo cresceu ao dar espa\u00e7o a todos os integrantes:<\/p>\n<blockquote data-start=\"1884\" data-end=\"1996\">\n<p data-start=\"1886\" data-end=\"1996\">\u201cA gente gosta de dar oportunidade. V\u00e1rios companheiros foram al\u00e7ados \u00e0 frente para cantar e mostrar talento.\u201d<\/p>\n<\/blockquote>\n<p data-start=\"1998\" data-end=\"2269\">Essa valoriza\u00e7\u00e3o de cada voz reflete a ess\u00eancia do samba aut\u00eantico \u2014 onde todos t\u00eam vez e o palco \u00e9 compartilhado com respeito e alegria.<br data-start=\"2135\" data-end=\"2138\" \/>O rep\u00f3rter <strong data-start=\"2149\" data-end=\"2173\">Carlos Roberto Sodr\u00e9<\/strong> refor\u00e7ou o quanto esse esp\u00edrito de uni\u00e3o faz diferen\u00e7a para o p\u00fablico e para os novos artistas.<\/p>\n<hr data-start=\"2271\" data-end=\"2274\" \/>\n<h2 data-start=\"2276\" data-end=\"2324\">&#x1f3a4; O Fala Sodr\u00e9 como palco da cultura ubaense<\/h2>\n<p data-start=\"2326\" data-end=\"2428\">Ao longo da conversa, ficou evidente o papel do programa como espa\u00e7o de valoriza\u00e7\u00e3o da m\u00fasica local.<\/p>\n<blockquote data-start=\"2429\" data-end=\"2571\">\n<p data-start=\"2431\" data-end=\"2571\">\u201cS\u00e3o pouqu\u00edssimos programas que d\u00e3o oportunidade para os m\u00fasicos falarem o que pensam\u201d, comentou <strong data-start=\"2528\" data-end=\"2544\">Z\u00e9 do Cavaco<\/strong>, agradecendo pelo convite.<\/p>\n<\/blockquote>\n<p data-start=\"2573\" data-end=\"2845\">Essa fala sintetiza a miss\u00e3o do <strong data-start=\"2605\" data-end=\"2619\">Fala Sodr\u00e9<\/strong>: abrir microfones e c\u00e2meras para quem faz cultura com o cora\u00e7\u00e3o.<br data-start=\"2684\" data-end=\"2687\" \/>Com uma linguagem leve e espont\u00e2nea, Sodr\u00e9 conduziu o di\u00e1logo de forma envolvente, deixando os convidados \u00e0 vontade para compartilhar hist\u00f3rias e inspira\u00e7\u00f5es.<\/p>\n<hr data-start=\"2847\" data-end=\"2850\" \/>\n<h2 data-start=\"2852\" data-end=\"2876\">&#x1f3b6; Samba, f\u00e9 e emo\u00e7\u00e3o<\/h2>\n<p data-start=\"2878\" data-end=\"2970\">Em um dos momentos mais marcantes, <strong data-start=\"2913\" data-end=\"2926\">Vanderlei<\/strong> destacou a dimens\u00e3o espiritual da m\u00fasica:<\/p>\n<blockquote data-start=\"2971\" data-end=\"3053\">\n<p data-start=\"2973\" data-end=\"3053\">\u201cA gente pode falar de Deus, de amor, de amizade. O samba serve para o cora\u00e7\u00e3o.\u201d<\/p>\n<\/blockquote>\n<p data-start=\"3055\" data-end=\"3279\">O est\u00fadio da <strong data-start=\"3068\" data-end=\"3078\">TV UB\u00c1<\/strong> se encheu de emo\u00e7\u00e3o. A plateia virtual e os espectadores sentiram a for\u00e7a das palavras e da batida.<br data-start=\"3178\" data-end=\"3181\" \/>Mais do que um g\u00eanero musical, o samba apareceu como express\u00e3o de f\u00e9, amor e resist\u00eancia cultural.<\/p>\n<hr data-start=\"3281\" data-end=\"3284\" \/>\n<h2 data-start=\"3286\" data-end=\"3327\">&#x1f4a1; Comunica\u00e7\u00e3o e cultura de m\u00e3os dadas<\/h2>\n<p data-start=\"3329\" data-end=\"3638\">Com <strong data-start=\"3333\" data-end=\"3364\">produ\u00e7\u00e3o de Pedro Henriques<\/strong>, da <strong data-start=\"3369\" data-end=\"3384\">INDICCA.COM<\/strong>, e <strong data-start=\"3388\" data-end=\"3416\">registros de Laisa Sodr\u00e9<\/strong>, o epis\u00f3dio da <strong data-start=\"3432\" data-end=\"3449\">Sexta Musical<\/strong> mostrou a for\u00e7a da comunica\u00e7\u00e3o quando unida \u00e0 arte.<br data-start=\"3501\" data-end=\"3504\" \/>Cada enquadramento, cada fala e cada acorde transmitiram o compromisso do programa com a valoriza\u00e7\u00e3o da <strong data-start=\"3608\" data-end=\"3637\">cultura ubaense e mineira<\/strong>.<\/p>\n<p data-start=\"3640\" data-end=\"3774\">O <strong data-start=\"3642\" data-end=\"3656\">Fala Sodr\u00e9<\/strong> refor\u00e7ou seu papel como vitrine para artistas e como ponto de encontro para quem acredita na for\u00e7a da m\u00fasica popular.<\/p>\n<hr data-start=\"3776\" data-end=\"3779\" \/>\n<h2 data-start=\"3781\" data-end=\"3835\">&#x1f4fa; Assista e compartilhe a energia da Sexta Musical<\/h2>\n<p data-start=\"3837\" data-end=\"4096\">O epis\u00f3dio completo <strong data-start=\"3857\" data-end=\"3924\">\u201cFala Sodr\u00e9: Vanderlei, William SP e Z\u00e9 do Cavaco \u2013 24\/10\/2025\u201d<\/strong> est\u00e1 dispon\u00edvel no <strong data-start=\"3944\" data-end=\"3978\">canal do YouTube do Fala Sodr\u00e9<\/strong>.<br data-start=\"3979\" data-end=\"3982\" \/>Assista, comente e compartilhe essa energia que contagia.<br data-start=\"4039\" data-end=\"4042\" \/>Porque quando o samba fala, o cora\u00e7\u00e3o de Ub\u00e1 responde.<\/p>\n<p><iframe title=\"Fala Sodr\u00e9: Vanderlei, William SP e Z\u00e9 do Cavaco 24\/10\/2025\" width=\"840\" height=\"473\" data-src=\"https:\/\/www.youtube.com\/embed\/L5MR3F6NoPI?feature=oembed\" frameborder=\"0\" allow=\"accelerometer; autoplay; clipboard-write; encrypted-media; gyroscope; picture-in-picture; web-share\" referrerpolicy=\"strict-origin-when-cross-origin\" allowfullscreen src=\"data:image\/svg+xml;base64,PHN2ZyB3aWR0aD0iMSIgaGVpZ2h0PSIxIiB4bWxucz0iaHR0cDovL3d3dy53My5vcmcvMjAwMC9zdmciPjwvc3ZnPg==\" class=\"lazyload\" data-load-mode=\"1\"><\/iframe><\/p>\n<p style=\"margin: 0in; font-size: 20.0pt;\"><span style=\"font-family: 'Segoe UI Emoji';\">&#x1f4da; <\/span><span style=\"font-weight: bold; font-family: Calibri;\">Cobertura:<\/span><span style=\"font-family: Calibri;\"> Carlos Roberto Sodr\u00e9 <\/span><a href=\"https:\/\/wa.me\/553298481334\"><span style=\"font-family: Calibri;\">WhatsApp<\/span><\/a><\/p>\n<p style=\"margin: 0in; font-size: 20.0pt;\"><span style=\"font-family: 'Segoe UI Emoji';\">&#x1f4f8; <\/span><span style=\"font-weight: bold; font-family: Calibri;\">Imagens:<\/span><span style=\"font-family: Calibri;\"> Laisa Sodr\u00e9<\/span><\/p>\n<p style=\"margin: 0in; font-size: 20.0pt;\"><span style=\"font-family: 'Segoe UI Emoji';\">&#x1f4dd; <\/span><span style=\"font-weight: bold; font-family: Calibri;\">Conte\u00fado: <\/span><a href=\"https:\/\/www.linkedin.com\/in\/pedrohgf\/\"><span style=\"font-family: Calibri;\">Pedro Henriques<\/span><\/a><span style=\"font-family: Calibri;\"> \u2013 <\/span><a href=\"https:\/\/indicca.com.br\/blog\/\"><span style=\"font-family: Calibri;\">INDICCA.COM<\/span><\/a><span style=\"font-family: Calibri;\">\u00a0 <\/span><a href=\"https:\/\/wa.me\/5532988020057\"><span style=\"font-family: Calibri;\">WhatsApp<\/span><\/a><\/p>\n<p style=\"margin: 0in; font-size: 20.0pt;\"><span style=\"font-family: 'Segoe UI Emoji';\">&#x1f393; <\/span><span style=\"font-weight: bold; font-family: Calibri;\">Evento: <\/span>Fala Sodr\u00e9: Vanderlei, William SP e Z\u00e9 do Cavaco celebram o samba e a amizade na \u201cSexta Musical\u201d<\/p>\n<p data-start=\"3837\" data-end=\"4096\">\n","protected":false},"excerpt":{"rendered":"<p>Fala Sodr\u00e9: Vanderlei, William SP e Z\u00e9 do Cavaco celebram<\/p>\n","protected":false},"author":4,"featured_media":23262,"comment_status":"open","ping_status":"open","sticky":false,"template":"","format":"standard","meta":{"footnotes":""},"categories":[1,3],"tags":[191,59,190,189,60],"class_list":["post-23260","post","type-post","status-publish","format-standard","has-post-thumbnail","hentry","category-sem-categoria","category-slide","tag-cavaco","tag-fala-sodre","tag-samba","tag-sexta-musical","tag-ubanews"],"yoast_head":"<!-- This site is optimized with the Yoast SEO plugin v27.2 - https:\/\/yoast.com\/product\/yoast-seo-wordpress\/ -->\n<title>Fala Sodr\u00e9: Vanderlei, William SP e Z\u00e9 do Cavaco celebram o samba e a amizade - Ub\u00e1 News<\/title>\n<meta name=\"description\" content=\"Fala Sodr\u00e9: Vanderlei, William SP e Z\u00e9 do Cavaco celebram a amizade. Entre risadas e acordes, o grupo mostrou que o samba \u00e9 mais do que ritmo\" \/>\n<meta name=\"robots\" content=\"index, follow, max-snippet:-1, max-image-preview:large, max-video-preview:-1\" \/>\n<link rel=\"canonical\" href=\"https:\/\/ubanews.com\/site\/2025\/10\/25\/fala-sodre-vanderlei-william-sp-e-ze-do-cavaco-celebram-o-samba-e-a-amizade\/\" \/>\n<meta property=\"og:locale\" content=\"pt_BR\" \/>\n<meta property=\"og:type\" content=\"article\" \/>\n<meta property=\"og:title\" content=\"Fala Sodr\u00e9: Vanderlei, William SP e Z\u00e9 do Cavaco celebram o samba e a amizade - Ub\u00e1 News\" \/>\n<meta property=\"og:description\" content=\"Fala Sodr\u00e9: Vanderlei, William SP e Z\u00e9 do Cavaco celebram a amizade. Entre risadas e acordes, o grupo mostrou que o samba \u00e9 mais do que ritmo\" \/>\n<meta property=\"og:url\" content=\"https:\/\/ubanews.com\/site\/2025\/10\/25\/fala-sodre-vanderlei-william-sp-e-ze-do-cavaco-celebram-o-samba-e-a-amizade\/\" \/>\n<meta property=\"og:site_name\" content=\"Ub\u00e1 News\" \/>\n<meta property=\"article:publisher\" content=\"https:\/\/www.facebook.com\/Ub%c3%a1News-Carlos-Roberto-Sodr%c3%a9-418778301977370\" \/>\n<meta property=\"article:published_time\" content=\"2025-10-25T14:08:09+00:00\" \/>\n<meta property=\"article:modified_time\" content=\"2025-10-25T14:13:46+00:00\" \/>\n<meta property=\"og:image\" content=\"https:\/\/ubanews.com\/site\/wp-content\/uploads\/2025\/10\/Fala-Sodre-Sexta-Musical-1.jpg\" \/>\n\t<meta property=\"og:image:width\" content=\"1285\" \/>\n\t<meta property=\"og:image:height\" content=\"711\" \/>\n\t<meta property=\"og:image:type\" content=\"image\/jpeg\" \/>\n<meta name=\"author\" content=\"Carlos Roberto Sodr\u00e9\" \/>\n<meta name=\"twitter:card\" content=\"summary_large_image\" \/>\n<meta name=\"twitter:label1\" content=\"Escrito por\" \/>\n\t<meta name=\"twitter:data1\" content=\"Carlos Roberto Sodr\u00e9\" \/>\n\t<meta name=\"twitter:label2\" content=\"Est. tempo de leitura\" \/>\n\t<meta name=\"twitter:data2\" content=\"4 minutos\" \/>\n<script type=\"application\/ld+json\" class=\"yoast-schema-graph\">{\"@context\":\"https:\/\/schema.org\",\"@graph\":[{\"@type\":\"Article\",\"@id\":\"https:\/\/ubanews.com\/site\/2025\/10\/25\/fala-sodre-vanderlei-william-sp-e-ze-do-cavaco-celebram-o-samba-e-a-amizade\/#article\",\"isPartOf\":{\"@id\":\"https:\/\/ubanews.com\/site\/2025\/10\/25\/fala-sodre-vanderlei-william-sp-e-ze-do-cavaco-celebram-o-samba-e-a-amizade\/\"},\"author\":{\"name\":\"Carlos Roberto Sodr\u00e9\",\"@id\":\"https:\/\/ubanews.com\/site\/#\/schema\/person\/9d8da9ec3c8d00640ab6e8c81e103310\"},\"headline\":\"Fala Sodr\u00e9: Vanderlei, William SP e Z\u00e9 do Cavaco celebram o samba e a amizade\",\"datePublished\":\"2025-10-25T14:08:09+00:00\",\"dateModified\":\"2025-10-25T14:13:46+00:00\",\"mainEntityOfPage\":{\"@id\":\"https:\/\/ubanews.com\/site\/2025\/10\/25\/fala-sodre-vanderlei-william-sp-e-ze-do-cavaco-celebram-o-samba-e-a-amizade\/\"},\"wordCount\":730,\"commentCount\":0,\"publisher\":{\"@id\":\"https:\/\/ubanews.com\/site\/#organization\"},\"image\":{\"@id\":\"https:\/\/ubanews.com\/site\/2025\/10\/25\/fala-sodre-vanderlei-william-sp-e-ze-do-cavaco-celebram-o-samba-e-a-amizade\/#primaryimage\"},\"thumbnailUrl\":\"https:\/\/ubanews.com\/site\/wp-content\/uploads\/2025\/10\/Fala-Sodre-Sexta-Musical-1.jpg\",\"keywords\":[\"Cavaco\",\"Fala Sodr\u00e9\",\"Samba\",\"Sexta Musical\",\"UBANEWS\"],\"articleSection\":[\"Geral\",\"Slide\"],\"inLanguage\":\"pt-BR\",\"potentialAction\":[{\"@type\":\"CommentAction\",\"name\":\"Comment\",\"target\":[\"https:\/\/ubanews.com\/site\/2025\/10\/25\/fala-sodre-vanderlei-william-sp-e-ze-do-cavaco-celebram-o-samba-e-a-amizade\/#respond\"]}]},{\"@type\":\"WebPage\",\"@id\":\"https:\/\/ubanews.com\/site\/2025\/10\/25\/fala-sodre-vanderlei-william-sp-e-ze-do-cavaco-celebram-o-samba-e-a-amizade\/\",\"url\":\"https:\/\/ubanews.com\/site\/2025\/10\/25\/fala-sodre-vanderlei-william-sp-e-ze-do-cavaco-celebram-o-samba-e-a-amizade\/\",\"name\":\"Fala Sodr\u00e9: Vanderlei, William SP e Z\u00e9 do Cavaco celebram o samba e a amizade - Ub\u00e1 News\",\"isPartOf\":{\"@id\":\"https:\/\/ubanews.com\/site\/#website\"},\"primaryImageOfPage\":{\"@id\":\"https:\/\/ubanews.com\/site\/2025\/10\/25\/fala-sodre-vanderlei-william-sp-e-ze-do-cavaco-celebram-o-samba-e-a-amizade\/#primaryimage\"},\"image\":{\"@id\":\"https:\/\/ubanews.com\/site\/2025\/10\/25\/fala-sodre-vanderlei-william-sp-e-ze-do-cavaco-celebram-o-samba-e-a-amizade\/#primaryimage\"},\"thumbnailUrl\":\"https:\/\/ubanews.com\/site\/wp-content\/uploads\/2025\/10\/Fala-Sodre-Sexta-Musical-1.jpg\",\"datePublished\":\"2025-10-25T14:08:09+00:00\",\"dateModified\":\"2025-10-25T14:13:46+00:00\",\"description\":\"Fala Sodr\u00e9: Vanderlei, William SP e Z\u00e9 do Cavaco celebram a amizade. Entre risadas e acordes, o grupo mostrou que o samba \u00e9 mais do que ritmo\",\"breadcrumb\":{\"@id\":\"https:\/\/ubanews.com\/site\/2025\/10\/25\/fala-sodre-vanderlei-william-sp-e-ze-do-cavaco-celebram-o-samba-e-a-amizade\/#breadcrumb\"},\"inLanguage\":\"pt-BR\",\"potentialAction\":[{\"@type\":\"ReadAction\",\"target\":[\"https:\/\/ubanews.com\/site\/2025\/10\/25\/fala-sodre-vanderlei-william-sp-e-ze-do-cavaco-celebram-o-samba-e-a-amizade\/\"]}]},{\"@type\":\"ImageObject\",\"inLanguage\":\"pt-BR\",\"@id\":\"https:\/\/ubanews.com\/site\/2025\/10\/25\/fala-sodre-vanderlei-william-sp-e-ze-do-cavaco-celebram-o-samba-e-a-amizade\/#primaryimage\",\"url\":\"https:\/\/ubanews.com\/site\/wp-content\/uploads\/2025\/10\/Fala-Sodre-Sexta-Musical-1.jpg\",\"contentUrl\":\"https:\/\/ubanews.com\/site\/wp-content\/uploads\/2025\/10\/Fala-Sodre-Sexta-Musical-1.jpg\",\"width\":1285,\"height\":711,\"caption\":\"Entre risadas, acordes e lembran\u00e7as, o grupo mostrou que o samba \u00e9 mais do que ritmo\"},{\"@type\":\"BreadcrumbList\",\"@id\":\"https:\/\/ubanews.com\/site\/2025\/10\/25\/fala-sodre-vanderlei-william-sp-e-ze-do-cavaco-celebram-o-samba-e-a-amizade\/#breadcrumb\",\"itemListElement\":[{\"@type\":\"ListItem\",\"position\":1,\"name\":\"Home\",\"item\":\"https:\/\/ubanews.com\/site\/\"},{\"@type\":\"ListItem\",\"position\":2,\"name\":\"Fala Sodr\u00e9: Vanderlei, William SP e Z\u00e9 do Cavaco celebram o samba e a amizade\"}]},{\"@type\":\"WebSite\",\"@id\":\"https:\/\/ubanews.com\/site\/#website\",\"url\":\"https:\/\/ubanews.com\/site\/\",\"name\":\"Ub\u00e1 News\",\"description\":\"\",\"publisher\":{\"@id\":\"https:\/\/ubanews.com\/site\/#organization\"},\"potentialAction\":[{\"@type\":\"SearchAction\",\"target\":{\"@type\":\"EntryPoint\",\"urlTemplate\":\"https:\/\/ubanews.com\/site\/?s={search_term_string}\"},\"query-input\":{\"@type\":\"PropertyValueSpecification\",\"valueRequired\":true,\"valueName\":\"search_term_string\"}}],\"inLanguage\":\"pt-BR\"},{\"@type\":\"Organization\",\"@id\":\"https:\/\/ubanews.com\/site\/#organization\",\"name\":\"Ub\u00e1 News\",\"url\":\"https:\/\/ubanews.com\/site\/\",\"logo\":{\"@type\":\"ImageObject\",\"inLanguage\":\"pt-BR\",\"@id\":\"https:\/\/ubanews.com\/site\/#\/schema\/logo\/image\/\",\"url\":\"https:\/\/ubanews.com\/site\/wp-content\/uploads\/2018\/01\/logoubanews.png\",\"contentUrl\":\"https:\/\/ubanews.com\/site\/wp-content\/uploads\/2018\/01\/logoubanews.png\",\"width\":261,\"height\":99,\"caption\":\"Ub\u00e1 News\"},\"image\":{\"@id\":\"https:\/\/ubanews.com\/site\/#\/schema\/logo\/image\/\"},\"sameAs\":[\"https:\/\/www.facebook.com\/Ub\u00e1News-Carlos-Roberto-Sodr\u00e9-418778301977370\"]},{\"@type\":\"Person\",\"@id\":\"https:\/\/ubanews.com\/site\/#\/schema\/person\/9d8da9ec3c8d00640ab6e8c81e103310\",\"name\":\"Carlos Roberto Sodr\u00e9\",\"image\":{\"@type\":\"ImageObject\",\"inLanguage\":\"pt-BR\",\"@id\":\"https:\/\/secure.gravatar.com\/avatar\/aab322e8555b56c468614fafdab8a8f924e394cdc6cfd8232f77e9e4d123a133?s=96&d=mm&r=g\",\"url\":\"https:\/\/secure.gravatar.com\/avatar\/aab322e8555b56c468614fafdab8a8f924e394cdc6cfd8232f77e9e4d123a133?s=96&d=mm&r=g\",\"contentUrl\":\"https:\/\/secure.gravatar.com\/avatar\/aab322e8555b56c468614fafdab8a8f924e394cdc6cfd8232f77e9e4d123a133?s=96&d=mm&r=g\",\"caption\":\"Carlos Roberto Sodr\u00e9\"},\"url\":\"https:\/\/ubanews.com\/site\/author\/sodre\/\"}]}<\/script>\n<!-- \/ Yoast SEO plugin. -->","yoast_head_json":{"title":"Fala Sodr\u00e9: Vanderlei, William SP e Z\u00e9 do Cavaco celebram o samba e a amizade - Ub\u00e1 News","description":"Fala Sodr\u00e9: Vanderlei, William SP e Z\u00e9 do Cavaco celebram a amizade. Entre risadas e acordes, o grupo mostrou que o samba \u00e9 mais do que ritmo","robots":{"index":"index","follow":"follow","max-snippet":"max-snippet:-1","max-image-preview":"max-image-preview:large","max-video-preview":"max-video-preview:-1"},"canonical":"https:\/\/ubanews.com\/site\/2025\/10\/25\/fala-sodre-vanderlei-william-sp-e-ze-do-cavaco-celebram-o-samba-e-a-amizade\/","og_locale":"pt_BR","og_type":"article","og_title":"Fala Sodr\u00e9: Vanderlei, William SP e Z\u00e9 do Cavaco celebram o samba e a amizade - Ub\u00e1 News","og_description":"Fala Sodr\u00e9: Vanderlei, William SP e Z\u00e9 do Cavaco celebram a amizade. Entre risadas e acordes, o grupo mostrou que o samba \u00e9 mais do que ritmo","og_url":"https:\/\/ubanews.com\/site\/2025\/10\/25\/fala-sodre-vanderlei-william-sp-e-ze-do-cavaco-celebram-o-samba-e-a-amizade\/","og_site_name":"Ub\u00e1 News","article_publisher":"https:\/\/www.facebook.com\/Ub%c3%a1News-Carlos-Roberto-Sodr%c3%a9-418778301977370","article_published_time":"2025-10-25T14:08:09+00:00","article_modified_time":"2025-10-25T14:13:46+00:00","og_image":[{"width":1285,"height":711,"url":"https:\/\/ubanews.com\/site\/wp-content\/uploads\/2025\/10\/Fala-Sodre-Sexta-Musical-1.jpg","type":"image\/jpeg"}],"author":"Carlos Roberto Sodr\u00e9","twitter_card":"summary_large_image","twitter_misc":{"Escrito por":"Carlos Roberto Sodr\u00e9","Est. tempo de leitura":"4 minutos"},"schema":{"@context":"https:\/\/schema.org","@graph":[{"@type":"Article","@id":"https:\/\/ubanews.com\/site\/2025\/10\/25\/fala-sodre-vanderlei-william-sp-e-ze-do-cavaco-celebram-o-samba-e-a-amizade\/#article","isPartOf":{"@id":"https:\/\/ubanews.com\/site\/2025\/10\/25\/fala-sodre-vanderlei-william-sp-e-ze-do-cavaco-celebram-o-samba-e-a-amizade\/"},"author":{"name":"Carlos Roberto Sodr\u00e9","@id":"https:\/\/ubanews.com\/site\/#\/schema\/person\/9d8da9ec3c8d00640ab6e8c81e103310"},"headline":"Fala Sodr\u00e9: Vanderlei, William SP e Z\u00e9 do Cavaco celebram o samba e a amizade","datePublished":"2025-10-25T14:08:09+00:00","dateModified":"2025-10-25T14:13:46+00:00","mainEntityOfPage":{"@id":"https:\/\/ubanews.com\/site\/2025\/10\/25\/fala-sodre-vanderlei-william-sp-e-ze-do-cavaco-celebram-o-samba-e-a-amizade\/"},"wordCount":730,"commentCount":0,"publisher":{"@id":"https:\/\/ubanews.com\/site\/#organization"},"image":{"@id":"https:\/\/ubanews.com\/site\/2025\/10\/25\/fala-sodre-vanderlei-william-sp-e-ze-do-cavaco-celebram-o-samba-e-a-amizade\/#primaryimage"},"thumbnailUrl":"https:\/\/ubanews.com\/site\/wp-content\/uploads\/2025\/10\/Fala-Sodre-Sexta-Musical-1.jpg","keywords":["Cavaco","Fala Sodr\u00e9","Samba","Sexta Musical","UBANEWS"],"articleSection":["Geral","Slide"],"inLanguage":"pt-BR","potentialAction":[{"@type":"CommentAction","name":"Comment","target":["https:\/\/ubanews.com\/site\/2025\/10\/25\/fala-sodre-vanderlei-william-sp-e-ze-do-cavaco-celebram-o-samba-e-a-amizade\/#respond"]}]},{"@type":"WebPage","@id":"https:\/\/ubanews.com\/site\/2025\/10\/25\/fala-sodre-vanderlei-william-sp-e-ze-do-cavaco-celebram-o-samba-e-a-amizade\/","url":"https:\/\/ubanews.com\/site\/2025\/10\/25\/fala-sodre-vanderlei-william-sp-e-ze-do-cavaco-celebram-o-samba-e-a-amizade\/","name":"Fala Sodr\u00e9: Vanderlei, William SP e Z\u00e9 do Cavaco celebram o samba e a amizade - Ub\u00e1 News","isPartOf":{"@id":"https:\/\/ubanews.com\/site\/#website"},"primaryImageOfPage":{"@id":"https:\/\/ubanews.com\/site\/2025\/10\/25\/fala-sodre-vanderlei-william-sp-e-ze-do-cavaco-celebram-o-samba-e-a-amizade\/#primaryimage"},"image":{"@id":"https:\/\/ubanews.com\/site\/2025\/10\/25\/fala-sodre-vanderlei-william-sp-e-ze-do-cavaco-celebram-o-samba-e-a-amizade\/#primaryimage"},"thumbnailUrl":"https:\/\/ubanews.com\/site\/wp-content\/uploads\/2025\/10\/Fala-Sodre-Sexta-Musical-1.jpg","datePublished":"2025-10-25T14:08:09+00:00","dateModified":"2025-10-25T14:13:46+00:00","description":"Fala Sodr\u00e9: Vanderlei, William SP e Z\u00e9 do Cavaco celebram a amizade. Entre risadas e acordes, o grupo mostrou que o samba \u00e9 mais do que ritmo","breadcrumb":{"@id":"https:\/\/ubanews.com\/site\/2025\/10\/25\/fala-sodre-vanderlei-william-sp-e-ze-do-cavaco-celebram-o-samba-e-a-amizade\/#breadcrumb"},"inLanguage":"pt-BR","potentialAction":[{"@type":"ReadAction","target":["https:\/\/ubanews.com\/site\/2025\/10\/25\/fala-sodre-vanderlei-william-sp-e-ze-do-cavaco-celebram-o-samba-e-a-amizade\/"]}]},{"@type":"ImageObject","inLanguage":"pt-BR","@id":"https:\/\/ubanews.com\/site\/2025\/10\/25\/fala-sodre-vanderlei-william-sp-e-ze-do-cavaco-celebram-o-samba-e-a-amizade\/#primaryimage","url":"https:\/\/ubanews.com\/site\/wp-content\/uploads\/2025\/10\/Fala-Sodre-Sexta-Musical-1.jpg","contentUrl":"https:\/\/ubanews.com\/site\/wp-content\/uploads\/2025\/10\/Fala-Sodre-Sexta-Musical-1.jpg","width":1285,"height":711,"caption":"Entre risadas, acordes e lembran\u00e7as, o grupo mostrou que o samba \u00e9 mais do que ritmo"},{"@type":"BreadcrumbList","@id":"https:\/\/ubanews.com\/site\/2025\/10\/25\/fala-sodre-vanderlei-william-sp-e-ze-do-cavaco-celebram-o-samba-e-a-amizade\/#breadcrumb","itemListElement":[{"@type":"ListItem","position":1,"name":"Home","item":"https:\/\/ubanews.com\/site\/"},{"@type":"ListItem","position":2,"name":"Fala Sodr\u00e9: Vanderlei, William SP e Z\u00e9 do Cavaco celebram o samba e a amizade"}]},{"@type":"WebSite","@id":"https:\/\/ubanews.com\/site\/#website","url":"https:\/\/ubanews.com\/site\/","name":"Ub\u00e1 News","description":"","publisher":{"@id":"https:\/\/ubanews.com\/site\/#organization"},"potentialAction":[{"@type":"SearchAction","target":{"@type":"EntryPoint","urlTemplate":"https:\/\/ubanews.com\/site\/?s={search_term_string}"},"query-input":{"@type":"PropertyValueSpecification","valueRequired":true,"valueName":"search_term_string"}}],"inLanguage":"pt-BR"},{"@type":"Organization","@id":"https:\/\/ubanews.com\/site\/#organization","name":"Ub\u00e1 News","url":"https:\/\/ubanews.com\/site\/","logo":{"@type":"ImageObject","inLanguage":"pt-BR","@id":"https:\/\/ubanews.com\/site\/#\/schema\/logo\/image\/","url":"https:\/\/ubanews.com\/site\/wp-content\/uploads\/2018\/01\/logoubanews.png","contentUrl":"https:\/\/ubanews.com\/site\/wp-content\/uploads\/2018\/01\/logoubanews.png","width":261,"height":99,"caption":"Ub\u00e1 News"},"image":{"@id":"https:\/\/ubanews.com\/site\/#\/schema\/logo\/image\/"},"sameAs":["https:\/\/www.facebook.com\/Ub\u00e1News-Carlos-Roberto-Sodr\u00e9-418778301977370"]},{"@type":"Person","@id":"https:\/\/ubanews.com\/site\/#\/schema\/person\/9d8da9ec3c8d00640ab6e8c81e103310","name":"Carlos Roberto Sodr\u00e9","image":{"@type":"ImageObject","inLanguage":"pt-BR","@id":"https:\/\/secure.gravatar.com\/avatar\/aab322e8555b56c468614fafdab8a8f924e394cdc6cfd8232f77e9e4d123a133?s=96&d=mm&r=g","url":"https:\/\/secure.gravatar.com\/avatar\/aab322e8555b56c468614fafdab8a8f924e394cdc6cfd8232f77e9e4d123a133?s=96&d=mm&r=g","contentUrl":"https:\/\/secure.gravatar.com\/avatar\/aab322e8555b56c468614fafdab8a8f924e394cdc6cfd8232f77e9e4d123a133?s=96&d=mm&r=g","caption":"Carlos Roberto Sodr\u00e9"},"url":"https:\/\/ubanews.com\/site\/author\/sodre\/"}]}},"_links":{"self":[{"href":"https:\/\/ubanews.com\/site\/wp-json\/wp\/v2\/posts\/23260","targetHints":{"allow":["GET"]}}],"collection":[{"href":"https:\/\/ubanews.com\/site\/wp-json\/wp\/v2\/posts"}],"about":[{"href":"https:\/\/ubanews.com\/site\/wp-json\/wp\/v2\/types\/post"}],"author":[{"embeddable":true,"href":"https:\/\/ubanews.com\/site\/wp-json\/wp\/v2\/users\/4"}],"replies":[{"embeddable":true,"href":"https:\/\/ubanews.com\/site\/wp-json\/wp\/v2\/comments?post=23260"}],"version-history":[{"count":0,"href":"https:\/\/ubanews.com\/site\/wp-json\/wp\/v2\/posts\/23260\/revisions"}],"wp:featuredmedia":[{"embeddable":true,"href":"https:\/\/ubanews.com\/site\/wp-json\/wp\/v2\/media\/23262"}],"wp:attachment":[{"href":"https:\/\/ubanews.com\/site\/wp-json\/wp\/v2\/media?parent=23260"}],"wp:term":[{"taxonomy":"category","embeddable":true,"href":"https:\/\/ubanews.com\/site\/wp-json\/wp\/v2\/categories?post=23260"},{"taxonomy":"post_tag","embeddable":true,"href":"https:\/\/ubanews.com\/site\/wp-json\/wp\/v2\/tags?post=23260"}],"curies":[{"name":"wp","href":"https:\/\/api.w.org\/{rel}","templated":true}]}}