{"id":23254,"date":"2025-10-24T10:10:06","date_gmt":"2025-10-24T13:10:06","guid":{"rendered":"https:\/\/ubanews.com\/site\/?p=23254"},"modified":"2025-10-24T10:50:09","modified_gmt":"2025-10-24T13:50:09","slug":"fala-sodre-registra-o-coquetel-de-lancamento-da-femur-2026","status":"publish","type":"post","link":"https:\/\/ubanews.com\/site\/2025\/10\/24\/fala-sodre-registra-o-coquetel-de-lancamento-da-femur-2026\/","title":{"rendered":"Fala Sodr\u00e9 registra o Coquetel de Lan\u00e7amento da FEMUR 2026"},"content":{"rendered":"<p data-start=\"321\" data-end=\"395\">Fala Sodr\u00e9 registra o Coquetel de Lan\u00e7amento da FEMUR 2026 \u2013 17\u00aa Edi\u00e7\u00e3o.\u00a0O programa <strong data-start=\"408\" data-end=\"422\">Fala Sodr\u00e9<\/strong> acompanhou de perto o <strong data-start=\"445\" data-end=\"485\">Coquetel de Lan\u00e7amento da FEMUR 2026<\/strong>, um dos maiores eventos do polo moveleiro brasileiro. A grava\u00e7\u00e3o foi realizada no dia <strong data-start=\"572\" data-end=\"597\">23 de outubro de 2025<\/strong>, e reuniu lideran\u00e7as pol\u00edticas, empresariais e setoriais em um clima de entusiasmo e expectativas para a 17\u00aa edi\u00e7\u00e3o da feira, que acontecer\u00e1 entre <strong data-start=\"745\" data-end=\"773\">26 e 29 de mar\u00e7o de 2026<\/strong>.<\/p>\n<h2 data-start=\"321\" data-end=\"395\">Fala Sodr\u00e9 registra o Coquetel de Lan\u00e7amento da FEMUR 2026<\/h2>\n<p><a href=\"https:\/\/www.youtube.com\/live\/bO_ttr8atjs?si=PjRk6ZwwCcobduip\" target=\"_blank\" rel=\"noopener\"><img decoding=\"async\" class=\"aligncenter size-medium wp-image-23255 lazyload\" data-src=\"https:\/\/ubanews.com\/site\/wp-content\/uploads\/2025\/10\/Fala-Sodre-Ludimila-Oliveira-Produtora-da-17a-FEMUR-ano-2026-300x168.jpg\" alt=\"Fala Sodr\u00e9 registra o Coquetel de Lan\u00e7amento da FEMUR 2026\" width=\"300\" height=\"168\" data-srcset=\"https:\/\/ubanews.com\/site\/wp-content\/uploads\/2025\/10\/Fala-Sodre-Ludimila-Oliveira-Produtora-da-17a-FEMUR-ano-2026-300x168.jpg 300w, https:\/\/ubanews.com\/site\/wp-content\/uploads\/2025\/10\/Fala-Sodre-Ludimila-Oliveira-Produtora-da-17a-FEMUR-ano-2026-1024x572.jpg 1024w, https:\/\/ubanews.com\/site\/wp-content\/uploads\/2025\/10\/Fala-Sodre-Ludimila-Oliveira-Produtora-da-17a-FEMUR-ano-2026-768x429.jpg 768w, https:\/\/ubanews.com\/site\/wp-content\/uploads\/2025\/10\/Fala-Sodre-Ludimila-Oliveira-Produtora-da-17a-FEMUR-ano-2026-360x200.jpg 360w, https:\/\/ubanews.com\/site\/wp-content\/uploads\/2025\/10\/Fala-Sodre-Ludimila-Oliveira-Produtora-da-17a-FEMUR-ano-2026.jpg 1281w\" data-sizes=\"(max-width: 300px) 100vw, 300px\" src=\"data:image\/svg+xml;base64,PHN2ZyB3aWR0aD0iMSIgaGVpZ2h0PSIxIiB4bWxucz0iaHR0cDovL3d3dy53My5vcmcvMjAwMC9zdmciPjwvc3ZnPg==\" style=\"--smush-placeholder-width: 300px; --smush-placeholder-aspect-ratio: 300\/168;\" \/><\/a><\/p>\n<p data-start=\"776\" data-end=\"1110\">A cobertura foi conduzida pelo rep\u00f3rter <strong data-start=\"816\" data-end=\"840\">Carlos Roberto Sodr\u00e9<\/strong>, com imagens de <strong data-start=\"857\" data-end=\"872\">Laisa Sodr\u00e9<\/strong> e <strong data-start=\"875\" data-end=\"917\">gera\u00e7\u00e3o de conte\u00fado de Pedro Henriques<\/strong>, da <strong data-start=\"922\" data-end=\"937\">INDICCA.COM<\/strong>.<br data-start=\"938\" data-end=\"941\" \/>Assista \u00e0 entrevista completa no canal do YouTube:<br data-start=\"991\" data-end=\"994\" \/>&#x1f449;<\/p>\n<hr data-start=\"1112\" data-end=\"1115\" \/>\n<h2 data-start=\"1117\" data-end=\"1146\">A FEMUR cresce e se renova<\/h2>\n<p data-start=\"1352\" data-end=\"1550\"><strong data-start=\"1391\" data-end=\"1442\">O Secret\u00e1rio do Executivo, Professor Salom\u00e3o Curi<\/strong>. Em sua fala, ele destacou o papel estrat\u00e9gico da FEMUR como s\u00edmbolo de uni\u00e3o e desenvolvimento regional.<\/p>\n<blockquote data-start=\"1551\" data-end=\"1818\">\n<p data-start=\"1553\" data-end=\"1818\">\u201cA FEMUR n\u00e3o \u00e9 apenas uma feira. \u00c9 um projeto coletivo que representa a for\u00e7a e a compet\u00eancia do nosso polo moveleiro. Ub\u00e1 se reafirma, mais uma vez, como cidade que produz, inova e acolhe. \u00c9 um orgulho ver nossa ind\u00fastria transformando o trabalho em oportunidade.\u201d<\/p>\n<\/blockquote>\n<p data-start=\"1820\" data-end=\"2037\">A fala do Secret\u00e1rio marcou o in\u00edcio das entrevistas e inspirou os empres\u00e1rios presentes, que destacaram a import\u00e2ncia de pensar a feira como um <strong data-start=\"1965\" data-end=\"2037\">espa\u00e7o de aprendizado, neg\u00f3cios e valoriza\u00e7\u00e3o da identidade ubaense.<\/strong><\/p>\n<p data-start=\"1148\" data-end=\"1576\">Em cada edi\u00e7\u00e3o, a <strong data-start=\"1166\" data-end=\"1175\">FEMUR<\/strong> refor\u00e7a o papel de <strong data-start=\"1195\" data-end=\"1250\">Ub\u00e1 como refer\u00eancia nacional na ind\u00fastria moveleira<\/strong>. O evento \u00e9 organizado pelo <strong data-start=\"1279\" data-end=\"1292\">Intersind<\/strong> e se tornou vitrine de neg\u00f3cios, tecnologia, sustentabilidade e inova\u00e7\u00e3o.<br data-start=\"1366\" data-end=\"1369\" \/>Durante o coquetel, o clima era de otimismo. Empres\u00e1rios e autoridades destacaram o esfor\u00e7o conjunto que sustenta o sucesso da feira e a import\u00e2ncia de pensar o futuro com novas parcerias e maior integra\u00e7\u00e3o.<\/p>\n<p data-start=\"1578\" data-end=\"1693\">O <strong data-start=\"1580\" data-end=\"1614\">Prefeito Professor Jos\u00e9 Damato<\/strong> destacou que o evento \u00e9 uma oportunidade para mostrar o potencial da cidade.<\/p>\n<blockquote data-start=\"1694\" data-end=\"1858\">\n<p data-start=\"1696\" data-end=\"1858\">\u201cA FEMUR \u00e9 uma vitrine de tudo o que temos de melhor. \u00c9 o momento de divulgar nossa for\u00e7a e acolher visitantes de todo o pa\u00eds com uma experi\u00eancia \u00fanica\u201d, afirmou.<\/p>\n<\/blockquote>\n<p data-start=\"1860\" data-end=\"1959\">O <strong data-start=\"1862\" data-end=\"1892\">Vice-prefeito Cabo Rominho<\/strong> refor\u00e7ou o papel da uni\u00e3o entre poder p\u00fablico e setor produtivo:<\/p>\n<blockquote data-start=\"1960\" data-end=\"2064\">\n<p data-start=\"1962\" data-end=\"2064\">\u201cEsse \u00e9 o resultado de um trabalho que vem sendo constru\u00eddo h\u00e1 anos, sempre com di\u00e1logo e coopera\u00e7\u00e3o.\u201d<\/p>\n<\/blockquote>\n<hr data-start=\"2066\" data-end=\"2069\" \/>\n<h2 data-start=\"2071\" data-end=\"2116\">Setor produtivo unido pelo desenvolvimento<\/h2>\n<p data-start=\"2118\" data-end=\"2252\">O <strong data-start=\"2120\" data-end=\"2173\">Presidente do Intersind, Gilberto Teixeira Coelho<\/strong>, ressaltou que a FEMUR representa o esp\u00edrito empreendedor do polo moveleiro.<\/p>\n<blockquote data-start=\"2253\" data-end=\"2445\">\n<p data-start=\"2255\" data-end=\"2445\">\u201cUb\u00e1 \u00e9 hoje um dos principais polos moveleiros do Brasil. A FEMUR \u00e9 o reflexo dessa for\u00e7a coletiva. \u00c9 um evento que movimenta a economia, fortalece as marcas e impulsiona o futuro do setor.\u201d<\/p>\n<\/blockquote>\n<p data-start=\"2447\" data-end=\"2572\">J\u00e1 o empres\u00e1rio <strong data-start=\"2463\" data-end=\"2488\">Emilio Medice Candian<\/strong>, da <strong data-start=\"2493\" data-end=\"2510\">JCM Movelaria<\/strong>, destacou o entusiasmo das ind\u00fastrias com a pr\u00f3xima edi\u00e7\u00e3o:<\/p>\n<blockquote data-start=\"2573\" data-end=\"2707\">\n<p data-start=\"2575\" data-end=\"2707\">\u201cEstamos todos mobilizados. A feira \u00e9 um momento de relacionamento e oportunidades. \u00c9 o espa\u00e7o certo para mostrar o que h\u00e1 de novo.\u201d<\/p>\n<\/blockquote>\n<p data-start=\"2709\" data-end=\"2867\">Representando o poder p\u00fablico, o <strong data-start=\"2742\" data-end=\"2795\">Secret\u00e1rio de Planejamento, Ant\u00f4nio Geraldo Alves<\/strong>, comentou sobre as melhorias estruturais da \u00e1rea que abriga o evento:<\/p>\n<blockquote data-start=\"2868\" data-end=\"3037\">\n<p data-start=\"2870\" data-end=\"3037\">\u201cTudo que foi solicitado para garantir o melhor funcionamento da feira j\u00e1 est\u00e1 sendo atendido. A FEMUR vai acontecer em um ambiente ainda mais organizado e preparado.\u201d<\/p>\n<\/blockquote>\n<hr data-start=\"3039\" data-end=\"3042\" \/>\n<h2 data-start=\"3044\" data-end=\"3074\">Cultura, turismo e inova\u00e7\u00e3o<\/h2>\n<p data-start=\"3076\" data-end=\"3203\">A <strong data-start=\"3078\" data-end=\"3133\">Secret\u00e1ria de Cultura e Turismo, Alessandra Labanca<\/strong>, destacou que a FEMUR ultrapassa as fronteiras do setor industrial.<\/p>\n<blockquote data-start=\"3204\" data-end=\"3329\">\n<p data-start=\"3206\" data-end=\"3329\">\u201cA feira \u00e9 tamb\u00e9m uma celebra\u00e7\u00e3o da identidade de Ub\u00e1. Ela movimenta o turismo, a cultura e a economia criativa da cidade.\u201d<\/p>\n<\/blockquote>\n<p data-start=\"3331\" data-end=\"3430\">O <strong data-start=\"3333\" data-end=\"3384\">Secret\u00e1rio do Executivo, Professor Salom\u00e3o Cury<\/strong>, refor\u00e7ou o significado simb\u00f3lico da FEMUR:<\/p>\n<blockquote data-start=\"3431\" data-end=\"3543\">\n<p data-start=\"3433\" data-end=\"3543\">\u201cN\u00e3o \u00e9 apenas uma feira. \u00c9 um projeto de cidade, que expressa nossa capacidade de inovar e de crescer juntos.\u201d<\/p>\n<\/blockquote>\n<hr data-start=\"3545\" data-end=\"3548\" \/>\n<h2 data-start=\"3550\" data-end=\"3588\">Bastidores e expectativas para 2026<\/h2>\n<p data-start=\"3590\" data-end=\"3733\">A jornalista e produtora da FEMUR 2026, <strong data-start=\"3630\" data-end=\"3651\">Ludimila Oliveira<\/strong>, explicou que a nova edi\u00e7\u00e3o aposta em uma comunica\u00e7\u00e3o mais integrada e moderna.<\/p>\n<blockquote data-start=\"3734\" data-end=\"3935\">\n<p data-start=\"3736\" data-end=\"3935\">\u201cTrabalhamos com planejamento e inova\u00e7\u00e3o. Queremos que o visitante viva uma experi\u00eancia completa, desde o convite at\u00e9 o \u00faltimo dia da feira. A FEMUR \u00e9 resultado de um trabalho coletivo e apaixonado.\u201d<\/p>\n<\/blockquote>\n<p data-start=\"3937\" data-end=\"4225\">O empres\u00e1rio <strong data-start=\"3950\" data-end=\"3966\">Mois\u00e9s Peron<\/strong>, da <strong data-start=\"3971\" data-end=\"3996\">M\u00f3veis Novo Horizonte<\/strong>, e <strong data-start=\"4000\" data-end=\"4018\">Carlos Augusto<\/strong>, do <strong data-start=\"4023\" data-end=\"4038\">Grupo Lopas<\/strong>, refor\u00e7aram a import\u00e2ncia de manter o foco em qualidade e competitividade.<br data-start=\"4113\" data-end=\"4116\" \/>Ambos acreditam que a FEMUR 2026 ser\u00e1 uma edi\u00e7\u00e3o hist\u00f3rica, marcada por novos neg\u00f3cios e conex\u00f5es duradouras.<\/p>\n<hr data-start=\"4227\" data-end=\"4230\" \/>\n<h2 data-start=\"4232\" data-end=\"4244\">Conclus\u00e3o<\/h2>\n<p data-start=\"4246\" data-end=\"4503\">A <strong data-start=\"4248\" data-end=\"4262\">FEMUR 2026<\/strong> nasce com o prop\u00f3sito de ser <strong data-start=\"4292\" data-end=\"4341\">mais tecnol\u00f3gica, sustent\u00e1vel e participativa<\/strong>. A uni\u00e3o entre empres\u00e1rios, gestores e comunicadores confirma que Ub\u00e1 est\u00e1 preparada para receber visitantes de todo o pa\u00eds com profissionalismo e hospitalidade.<\/p>\n<p data-start=\"4505\" data-end=\"4741\">Com a cobertura do <strong data-start=\"4524\" data-end=\"4538\">Fala Sodr\u00e9<\/strong>, a parceria entre <strong data-start=\"4557\" data-end=\"4570\">Intersind<\/strong>, <strong data-start=\"4572\" data-end=\"4593\">Prefeitura de Ub\u00e1<\/strong> e <strong data-start=\"4596\" data-end=\"4630\">empres\u00e1rios do setor moveleiro<\/strong> ganha ainda mais visibilidade, mostrando que a cidade segue firme no caminho da inova\u00e7\u00e3o e do desenvolvimento.<\/p>\n<hr data-start=\"4743\" data-end=\"4746\" \/>\n<p data-start=\"4748\" data-end=\"4900\"><strong data-start=\"4748\" data-end=\"4784\">&#x1f4fa; Assista ao registro completo:<\/strong><br data-start=\"4784\" data-end=\"4787\" \/>https:\/\/www.youtube.com\/live\/bO_ttr8atjs?si=PjRk6ZwwCcobduip<\/p>\n<p style=\"margin: 0in; font-size: 20.0pt;\"><span style=\"font-family: 'Segoe UI Emoji';\">&#x1f4da; <\/span><span style=\"font-weight: bold; font-family: Calibri;\">Cobertura:<\/span><span style=\"font-family: Calibri;\"> Carlos Roberto Sodr\u00e9 <\/span><a href=\"https:\/\/wa.me\/553298481334\"><span style=\"font-family: Calibri;\">WhatsApp<\/span><\/a><\/p>\n<p style=\"margin: 0in; font-size: 20.0pt;\"><span style=\"font-family: 'Segoe UI Emoji';\">&#x1f4f8; <\/span><span style=\"font-weight: bold; font-family: Calibri;\">Imagens:<\/span><span style=\"font-family: Calibri;\"> Laisa Sodr\u00e9<\/span><\/p>\n<p style=\"margin: 0in; font-size: 20.0pt;\"><span style=\"font-family: 'Segoe UI Emoji';\">&#x1f4dd; <\/span><span style=\"font-weight: bold; font-family: Calibri;\">Conte\u00fado: <\/span><a href=\"https:\/\/www.linkedin.com\/in\/pedrohgf\/\"><span style=\"font-family: Calibri;\">Pedro Henriques<\/span><\/a><span style=\"font-family: Calibri;\"> \u2013 <\/span><a href=\"https:\/\/indicca.com.br\/blog\/\"><span style=\"font-family: Calibri;\">INDICCA.COM<\/span><\/a><span style=\"font-family: Calibri;\">\u00a0 <\/span><a href=\"https:\/\/wa.me\/5532988020057\"><span style=\"font-family: Calibri;\">WhatsApp<\/span><\/a><\/p>\n<p style=\"margin: 0in; font-size: 20.0pt;\"><span style=\"font-family: 'Segoe UI Emoji';\">&#x1f393; <\/span><span style=\"font-weight: bold; font-family: Calibri;\">Evento: Fala Sodr\u00e9 registra o Coquetel de Lan\u00e7amento da FEMUR 2026<\/span><\/p>\n","protected":false},"excerpt":{"rendered":"<p>Fala Sodr\u00e9 registra o Coquetel de Lan\u00e7amento da FEMUR 2026<\/p>\n","protected":false},"author":4,"featured_media":23255,"comment_status":"open","ping_status":"open","sticky":false,"template":"","format":"standard","meta":{"footnotes":""},"categories":[1,3],"tags":[59,186,187,141,60],"class_list":["post-23254","post","type-post","status-publish","format-standard","has-post-thumbnail","hentry","category-sem-categoria","category-slide","tag-fala-sodre","tag-feira-de-moveis","tag-fermur-2026","tag-intersind","tag-ubanews"],"yoast_head":"<!-- This site is optimized with the Yoast SEO plugin v27.2 - https:\/\/yoast.com\/product\/yoast-seo-wordpress\/ -->\n<title>Fala Sodr\u00e9 registra o Coquetel de Lan\u00e7amento da FEMUR 2026 - Ub\u00e1 News<\/title>\n<meta name=\"description\" content=\"Fala Sodr\u00e9 registra o Coquetel de Lan\u00e7amento da FEMUR 2026. Coquetel de Lan\u00e7amento, um dos maiores eventos do polo moveleiro brasileiro.\" \/>\n<meta name=\"robots\" content=\"index, follow, max-snippet:-1, max-image-preview:large, max-video-preview:-1\" \/>\n<link rel=\"canonical\" href=\"https:\/\/ubanews.com\/site\/2025\/10\/24\/fala-sodre-registra-o-coquetel-de-lancamento-da-femur-2026\/\" \/>\n<meta property=\"og:locale\" content=\"pt_BR\" \/>\n<meta property=\"og:type\" content=\"article\" \/>\n<meta property=\"og:title\" content=\"Fala Sodr\u00e9 registra o Coquetel de Lan\u00e7amento da FEMUR 2026 - Ub\u00e1 News\" \/>\n<meta property=\"og:description\" content=\"Fala Sodr\u00e9 registra o Coquetel de Lan\u00e7amento da FEMUR 2026. Coquetel de Lan\u00e7amento, um dos maiores eventos do polo moveleiro brasileiro.\" \/>\n<meta property=\"og:url\" content=\"https:\/\/ubanews.com\/site\/2025\/10\/24\/fala-sodre-registra-o-coquetel-de-lancamento-da-femur-2026\/\" \/>\n<meta property=\"og:site_name\" content=\"Ub\u00e1 News\" \/>\n<meta property=\"article:publisher\" content=\"https:\/\/www.facebook.com\/Ub%c3%a1News-Carlos-Roberto-Sodr%c3%a9-418778301977370\" \/>\n<meta property=\"article:published_time\" content=\"2025-10-24T13:10:06+00:00\" \/>\n<meta property=\"article:modified_time\" content=\"2025-10-24T13:50:09+00:00\" \/>\n<meta property=\"og:image\" content=\"https:\/\/ubanews.com\/site\/wp-content\/uploads\/2025\/10\/Fala-Sodre-Ludimila-Oliveira-Produtora-da-17a-FEMUR-ano-2026.jpg\" \/>\n\t<meta property=\"og:image:width\" content=\"1281\" \/>\n\t<meta property=\"og:image:height\" content=\"716\" \/>\n\t<meta property=\"og:image:type\" content=\"image\/jpeg\" \/>\n<meta name=\"author\" content=\"Carlos Roberto Sodr\u00e9\" \/>\n<meta name=\"twitter:card\" content=\"summary_large_image\" \/>\n<meta name=\"twitter:label1\" content=\"Escrito por\" \/>\n\t<meta name=\"twitter:data1\" content=\"Carlos Roberto Sodr\u00e9\" \/>\n\t<meta name=\"twitter:label2\" content=\"Est. tempo de leitura\" \/>\n\t<meta name=\"twitter:data2\" content=\"4 minutos\" \/>\n<script type=\"application\/ld+json\" class=\"yoast-schema-graph\">{\"@context\":\"https:\/\/schema.org\",\"@graph\":[{\"@type\":\"Article\",\"@id\":\"https:\/\/ubanews.com\/site\/2025\/10\/24\/fala-sodre-registra-o-coquetel-de-lancamento-da-femur-2026\/#article\",\"isPartOf\":{\"@id\":\"https:\/\/ubanews.com\/site\/2025\/10\/24\/fala-sodre-registra-o-coquetel-de-lancamento-da-femur-2026\/\"},\"author\":{\"name\":\"Carlos Roberto Sodr\u00e9\",\"@id\":\"https:\/\/ubanews.com\/site\/#\/schema\/person\/9d8da9ec3c8d00640ab6e8c81e103310\"},\"headline\":\"Fala Sodr\u00e9 registra o Coquetel de Lan\u00e7amento da FEMUR 2026\",\"datePublished\":\"2025-10-24T13:10:06+00:00\",\"dateModified\":\"2025-10-24T13:50:09+00:00\",\"mainEntityOfPage\":{\"@id\":\"https:\/\/ubanews.com\/site\/2025\/10\/24\/fala-sodre-registra-o-coquetel-de-lancamento-da-femur-2026\/\"},\"wordCount\":895,\"commentCount\":0,\"publisher\":{\"@id\":\"https:\/\/ubanews.com\/site\/#organization\"},\"image\":{\"@id\":\"https:\/\/ubanews.com\/site\/2025\/10\/24\/fala-sodre-registra-o-coquetel-de-lancamento-da-femur-2026\/#primaryimage\"},\"thumbnailUrl\":\"https:\/\/ubanews.com\/site\/wp-content\/uploads\/2025\/10\/Fala-Sodre-Ludimila-Oliveira-Produtora-da-17a-FEMUR-ano-2026.jpg\",\"keywords\":[\"Fala Sodr\u00e9\",\"Feira de M\u00f3veis\",\"FERMUR 2026\",\"Intersind\",\"UBANEWS\"],\"articleSection\":[\"Geral\",\"Slide\"],\"inLanguage\":\"pt-BR\",\"potentialAction\":[{\"@type\":\"CommentAction\",\"name\":\"Comment\",\"target\":[\"https:\/\/ubanews.com\/site\/2025\/10\/24\/fala-sodre-registra-o-coquetel-de-lancamento-da-femur-2026\/#respond\"]}]},{\"@type\":\"WebPage\",\"@id\":\"https:\/\/ubanews.com\/site\/2025\/10\/24\/fala-sodre-registra-o-coquetel-de-lancamento-da-femur-2026\/\",\"url\":\"https:\/\/ubanews.com\/site\/2025\/10\/24\/fala-sodre-registra-o-coquetel-de-lancamento-da-femur-2026\/\",\"name\":\"Fala Sodr\u00e9 registra o Coquetel de Lan\u00e7amento da FEMUR 2026 - Ub\u00e1 News\",\"isPartOf\":{\"@id\":\"https:\/\/ubanews.com\/site\/#website\"},\"primaryImageOfPage\":{\"@id\":\"https:\/\/ubanews.com\/site\/2025\/10\/24\/fala-sodre-registra-o-coquetel-de-lancamento-da-femur-2026\/#primaryimage\"},\"image\":{\"@id\":\"https:\/\/ubanews.com\/site\/2025\/10\/24\/fala-sodre-registra-o-coquetel-de-lancamento-da-femur-2026\/#primaryimage\"},\"thumbnailUrl\":\"https:\/\/ubanews.com\/site\/wp-content\/uploads\/2025\/10\/Fala-Sodre-Ludimila-Oliveira-Produtora-da-17a-FEMUR-ano-2026.jpg\",\"datePublished\":\"2025-10-24T13:10:06+00:00\",\"dateModified\":\"2025-10-24T13:50:09+00:00\",\"description\":\"Fala Sodr\u00e9 registra o Coquetel de Lan\u00e7amento da FEMUR 2026. Coquetel de Lan\u00e7amento, um dos maiores eventos do polo moveleiro brasileiro.\",\"breadcrumb\":{\"@id\":\"https:\/\/ubanews.com\/site\/2025\/10\/24\/fala-sodre-registra-o-coquetel-de-lancamento-da-femur-2026\/#breadcrumb\"},\"inLanguage\":\"pt-BR\",\"potentialAction\":[{\"@type\":\"ReadAction\",\"target\":[\"https:\/\/ubanews.com\/site\/2025\/10\/24\/fala-sodre-registra-o-coquetel-de-lancamento-da-femur-2026\/\"]}]},{\"@type\":\"ImageObject\",\"inLanguage\":\"pt-BR\",\"@id\":\"https:\/\/ubanews.com\/site\/2025\/10\/24\/fala-sodre-registra-o-coquetel-de-lancamento-da-femur-2026\/#primaryimage\",\"url\":\"https:\/\/ubanews.com\/site\/wp-content\/uploads\/2025\/10\/Fala-Sodre-Ludimila-Oliveira-Produtora-da-17a-FEMUR-ano-2026.jpg\",\"contentUrl\":\"https:\/\/ubanews.com\/site\/wp-content\/uploads\/2025\/10\/Fala-Sodre-Ludimila-Oliveira-Produtora-da-17a-FEMUR-ano-2026.jpg\",\"width\":1281,\"height\":716,\"caption\":\"Fala Sodr\u00e9 registra o Coquetel de Lan\u00e7amento da FEMUR 2026\"},{\"@type\":\"BreadcrumbList\",\"@id\":\"https:\/\/ubanews.com\/site\/2025\/10\/24\/fala-sodre-registra-o-coquetel-de-lancamento-da-femur-2026\/#breadcrumb\",\"itemListElement\":[{\"@type\":\"ListItem\",\"position\":1,\"name\":\"Home\",\"item\":\"https:\/\/ubanews.com\/site\/\"},{\"@type\":\"ListItem\",\"position\":2,\"name\":\"Fala Sodr\u00e9 registra o Coquetel de Lan\u00e7amento da FEMUR 2026\"}]},{\"@type\":\"WebSite\",\"@id\":\"https:\/\/ubanews.com\/site\/#website\",\"url\":\"https:\/\/ubanews.com\/site\/\",\"name\":\"Ub\u00e1 News\",\"description\":\"\",\"publisher\":{\"@id\":\"https:\/\/ubanews.com\/site\/#organization\"},\"potentialAction\":[{\"@type\":\"SearchAction\",\"target\":{\"@type\":\"EntryPoint\",\"urlTemplate\":\"https:\/\/ubanews.com\/site\/?s={search_term_string}\"},\"query-input\":{\"@type\":\"PropertyValueSpecification\",\"valueRequired\":true,\"valueName\":\"search_term_string\"}}],\"inLanguage\":\"pt-BR\"},{\"@type\":\"Organization\",\"@id\":\"https:\/\/ubanews.com\/site\/#organization\",\"name\":\"Ub\u00e1 News\",\"url\":\"https:\/\/ubanews.com\/site\/\",\"logo\":{\"@type\":\"ImageObject\",\"inLanguage\":\"pt-BR\",\"@id\":\"https:\/\/ubanews.com\/site\/#\/schema\/logo\/image\/\",\"url\":\"https:\/\/ubanews.com\/site\/wp-content\/uploads\/2018\/01\/logoubanews.png\",\"contentUrl\":\"https:\/\/ubanews.com\/site\/wp-content\/uploads\/2018\/01\/logoubanews.png\",\"width\":261,\"height\":99,\"caption\":\"Ub\u00e1 News\"},\"image\":{\"@id\":\"https:\/\/ubanews.com\/site\/#\/schema\/logo\/image\/\"},\"sameAs\":[\"https:\/\/www.facebook.com\/Ub\u00e1News-Carlos-Roberto-Sodr\u00e9-418778301977370\"]},{\"@type\":\"Person\",\"@id\":\"https:\/\/ubanews.com\/site\/#\/schema\/person\/9d8da9ec3c8d00640ab6e8c81e103310\",\"name\":\"Carlos Roberto Sodr\u00e9\",\"image\":{\"@type\":\"ImageObject\",\"inLanguage\":\"pt-BR\",\"@id\":\"https:\/\/secure.gravatar.com\/avatar\/aab322e8555b56c468614fafdab8a8f924e394cdc6cfd8232f77e9e4d123a133?s=96&d=mm&r=g\",\"url\":\"https:\/\/secure.gravatar.com\/avatar\/aab322e8555b56c468614fafdab8a8f924e394cdc6cfd8232f77e9e4d123a133?s=96&d=mm&r=g\",\"contentUrl\":\"https:\/\/secure.gravatar.com\/avatar\/aab322e8555b56c468614fafdab8a8f924e394cdc6cfd8232f77e9e4d123a133?s=96&d=mm&r=g\",\"caption\":\"Carlos Roberto Sodr\u00e9\"},\"url\":\"https:\/\/ubanews.com\/site\/author\/sodre\/\"}]}<\/script>\n<!-- \/ Yoast SEO plugin. -->","yoast_head_json":{"title":"Fala Sodr\u00e9 registra o Coquetel de Lan\u00e7amento da FEMUR 2026 - Ub\u00e1 News","description":"Fala Sodr\u00e9 registra o Coquetel de Lan\u00e7amento da FEMUR 2026. Coquetel de Lan\u00e7amento, um dos maiores eventos do polo moveleiro brasileiro.","robots":{"index":"index","follow":"follow","max-snippet":"max-snippet:-1","max-image-preview":"max-image-preview:large","max-video-preview":"max-video-preview:-1"},"canonical":"https:\/\/ubanews.com\/site\/2025\/10\/24\/fala-sodre-registra-o-coquetel-de-lancamento-da-femur-2026\/","og_locale":"pt_BR","og_type":"article","og_title":"Fala Sodr\u00e9 registra o Coquetel de Lan\u00e7amento da FEMUR 2026 - Ub\u00e1 News","og_description":"Fala Sodr\u00e9 registra o Coquetel de Lan\u00e7amento da FEMUR 2026. Coquetel de Lan\u00e7amento, um dos maiores eventos do polo moveleiro brasileiro.","og_url":"https:\/\/ubanews.com\/site\/2025\/10\/24\/fala-sodre-registra-o-coquetel-de-lancamento-da-femur-2026\/","og_site_name":"Ub\u00e1 News","article_publisher":"https:\/\/www.facebook.com\/Ub%c3%a1News-Carlos-Roberto-Sodr%c3%a9-418778301977370","article_published_time":"2025-10-24T13:10:06+00:00","article_modified_time":"2025-10-24T13:50:09+00:00","og_image":[{"width":1281,"height":716,"url":"https:\/\/ubanews.com\/site\/wp-content\/uploads\/2025\/10\/Fala-Sodre-Ludimila-Oliveira-Produtora-da-17a-FEMUR-ano-2026.jpg","type":"image\/jpeg"}],"author":"Carlos Roberto Sodr\u00e9","twitter_card":"summary_large_image","twitter_misc":{"Escrito por":"Carlos Roberto Sodr\u00e9","Est. tempo de leitura":"4 minutos"},"schema":{"@context":"https:\/\/schema.org","@graph":[{"@type":"Article","@id":"https:\/\/ubanews.com\/site\/2025\/10\/24\/fala-sodre-registra-o-coquetel-de-lancamento-da-femur-2026\/#article","isPartOf":{"@id":"https:\/\/ubanews.com\/site\/2025\/10\/24\/fala-sodre-registra-o-coquetel-de-lancamento-da-femur-2026\/"},"author":{"name":"Carlos Roberto Sodr\u00e9","@id":"https:\/\/ubanews.com\/site\/#\/schema\/person\/9d8da9ec3c8d00640ab6e8c81e103310"},"headline":"Fala Sodr\u00e9 registra o Coquetel de Lan\u00e7amento da FEMUR 2026","datePublished":"2025-10-24T13:10:06+00:00","dateModified":"2025-10-24T13:50:09+00:00","mainEntityOfPage":{"@id":"https:\/\/ubanews.com\/site\/2025\/10\/24\/fala-sodre-registra-o-coquetel-de-lancamento-da-femur-2026\/"},"wordCount":895,"commentCount":0,"publisher":{"@id":"https:\/\/ubanews.com\/site\/#organization"},"image":{"@id":"https:\/\/ubanews.com\/site\/2025\/10\/24\/fala-sodre-registra-o-coquetel-de-lancamento-da-femur-2026\/#primaryimage"},"thumbnailUrl":"https:\/\/ubanews.com\/site\/wp-content\/uploads\/2025\/10\/Fala-Sodre-Ludimila-Oliveira-Produtora-da-17a-FEMUR-ano-2026.jpg","keywords":["Fala Sodr\u00e9","Feira de M\u00f3veis","FERMUR 2026","Intersind","UBANEWS"],"articleSection":["Geral","Slide"],"inLanguage":"pt-BR","potentialAction":[{"@type":"CommentAction","name":"Comment","target":["https:\/\/ubanews.com\/site\/2025\/10\/24\/fala-sodre-registra-o-coquetel-de-lancamento-da-femur-2026\/#respond"]}]},{"@type":"WebPage","@id":"https:\/\/ubanews.com\/site\/2025\/10\/24\/fala-sodre-registra-o-coquetel-de-lancamento-da-femur-2026\/","url":"https:\/\/ubanews.com\/site\/2025\/10\/24\/fala-sodre-registra-o-coquetel-de-lancamento-da-femur-2026\/","name":"Fala Sodr\u00e9 registra o Coquetel de Lan\u00e7amento da FEMUR 2026 - Ub\u00e1 News","isPartOf":{"@id":"https:\/\/ubanews.com\/site\/#website"},"primaryImageOfPage":{"@id":"https:\/\/ubanews.com\/site\/2025\/10\/24\/fala-sodre-registra-o-coquetel-de-lancamento-da-femur-2026\/#primaryimage"},"image":{"@id":"https:\/\/ubanews.com\/site\/2025\/10\/24\/fala-sodre-registra-o-coquetel-de-lancamento-da-femur-2026\/#primaryimage"},"thumbnailUrl":"https:\/\/ubanews.com\/site\/wp-content\/uploads\/2025\/10\/Fala-Sodre-Ludimila-Oliveira-Produtora-da-17a-FEMUR-ano-2026.jpg","datePublished":"2025-10-24T13:10:06+00:00","dateModified":"2025-10-24T13:50:09+00:00","description":"Fala Sodr\u00e9 registra o Coquetel de Lan\u00e7amento da FEMUR 2026. Coquetel de Lan\u00e7amento, um dos maiores eventos do polo moveleiro brasileiro.","breadcrumb":{"@id":"https:\/\/ubanews.com\/site\/2025\/10\/24\/fala-sodre-registra-o-coquetel-de-lancamento-da-femur-2026\/#breadcrumb"},"inLanguage":"pt-BR","potentialAction":[{"@type":"ReadAction","target":["https:\/\/ubanews.com\/site\/2025\/10\/24\/fala-sodre-registra-o-coquetel-de-lancamento-da-femur-2026\/"]}]},{"@type":"ImageObject","inLanguage":"pt-BR","@id":"https:\/\/ubanews.com\/site\/2025\/10\/24\/fala-sodre-registra-o-coquetel-de-lancamento-da-femur-2026\/#primaryimage","url":"https:\/\/ubanews.com\/site\/wp-content\/uploads\/2025\/10\/Fala-Sodre-Ludimila-Oliveira-Produtora-da-17a-FEMUR-ano-2026.jpg","contentUrl":"https:\/\/ubanews.com\/site\/wp-content\/uploads\/2025\/10\/Fala-Sodre-Ludimila-Oliveira-Produtora-da-17a-FEMUR-ano-2026.jpg","width":1281,"height":716,"caption":"Fala Sodr\u00e9 registra o Coquetel de Lan\u00e7amento da FEMUR 2026"},{"@type":"BreadcrumbList","@id":"https:\/\/ubanews.com\/site\/2025\/10\/24\/fala-sodre-registra-o-coquetel-de-lancamento-da-femur-2026\/#breadcrumb","itemListElement":[{"@type":"ListItem","position":1,"name":"Home","item":"https:\/\/ubanews.com\/site\/"},{"@type":"ListItem","position":2,"name":"Fala Sodr\u00e9 registra o Coquetel de Lan\u00e7amento da FEMUR 2026"}]},{"@type":"WebSite","@id":"https:\/\/ubanews.com\/site\/#website","url":"https:\/\/ubanews.com\/site\/","name":"Ub\u00e1 News","description":"","publisher":{"@id":"https:\/\/ubanews.com\/site\/#organization"},"potentialAction":[{"@type":"SearchAction","target":{"@type":"EntryPoint","urlTemplate":"https:\/\/ubanews.com\/site\/?s={search_term_string}"},"query-input":{"@type":"PropertyValueSpecification","valueRequired":true,"valueName":"search_term_string"}}],"inLanguage":"pt-BR"},{"@type":"Organization","@id":"https:\/\/ubanews.com\/site\/#organization","name":"Ub\u00e1 News","url":"https:\/\/ubanews.com\/site\/","logo":{"@type":"ImageObject","inLanguage":"pt-BR","@id":"https:\/\/ubanews.com\/site\/#\/schema\/logo\/image\/","url":"https:\/\/ubanews.com\/site\/wp-content\/uploads\/2018\/01\/logoubanews.png","contentUrl":"https:\/\/ubanews.com\/site\/wp-content\/uploads\/2018\/01\/logoubanews.png","width":261,"height":99,"caption":"Ub\u00e1 News"},"image":{"@id":"https:\/\/ubanews.com\/site\/#\/schema\/logo\/image\/"},"sameAs":["https:\/\/www.facebook.com\/Ub\u00e1News-Carlos-Roberto-Sodr\u00e9-418778301977370"]},{"@type":"Person","@id":"https:\/\/ubanews.com\/site\/#\/schema\/person\/9d8da9ec3c8d00640ab6e8c81e103310","name":"Carlos Roberto Sodr\u00e9","image":{"@type":"ImageObject","inLanguage":"pt-BR","@id":"https:\/\/secure.gravatar.com\/avatar\/aab322e8555b56c468614fafdab8a8f924e394cdc6cfd8232f77e9e4d123a133?s=96&d=mm&r=g","url":"https:\/\/secure.gravatar.com\/avatar\/aab322e8555b56c468614fafdab8a8f924e394cdc6cfd8232f77e9e4d123a133?s=96&d=mm&r=g","contentUrl":"https:\/\/secure.gravatar.com\/avatar\/aab322e8555b56c468614fafdab8a8f924e394cdc6cfd8232f77e9e4d123a133?s=96&d=mm&r=g","caption":"Carlos Roberto Sodr\u00e9"},"url":"https:\/\/ubanews.com\/site\/author\/sodre\/"}]}},"_links":{"self":[{"href":"https:\/\/ubanews.com\/site\/wp-json\/wp\/v2\/posts\/23254","targetHints":{"allow":["GET"]}}],"collection":[{"href":"https:\/\/ubanews.com\/site\/wp-json\/wp\/v2\/posts"}],"about":[{"href":"https:\/\/ubanews.com\/site\/wp-json\/wp\/v2\/types\/post"}],"author":[{"embeddable":true,"href":"https:\/\/ubanews.com\/site\/wp-json\/wp\/v2\/users\/4"}],"replies":[{"embeddable":true,"href":"https:\/\/ubanews.com\/site\/wp-json\/wp\/v2\/comments?post=23254"}],"version-history":[{"count":0,"href":"https:\/\/ubanews.com\/site\/wp-json\/wp\/v2\/posts\/23254\/revisions"}],"wp:featuredmedia":[{"embeddable":true,"href":"https:\/\/ubanews.com\/site\/wp-json\/wp\/v2\/media\/23255"}],"wp:attachment":[{"href":"https:\/\/ubanews.com\/site\/wp-json\/wp\/v2\/media?parent=23254"}],"wp:term":[{"taxonomy":"category","embeddable":true,"href":"https:\/\/ubanews.com\/site\/wp-json\/wp\/v2\/categories?post=23254"},{"taxonomy":"post_tag","embeddable":true,"href":"https:\/\/ubanews.com\/site\/wp-json\/wp\/v2\/tags?post=23254"}],"curies":[{"name":"wp","href":"https:\/\/api.w.org\/{rel}","templated":true}]}}