{"id":23251,"date":"2025-10-24T09:30:41","date_gmt":"2025-10-24T12:30:41","guid":{"rendered":"https:\/\/ubanews.com\/site\/?p=23251"},"modified":"2025-10-24T09:30:41","modified_gmt":"2025-10-24T12:30:41","slug":"policia-civil-localiza-corpo-de-jovem-desaparecida-em-rodeiro","status":"publish","type":"post","link":"https:\/\/ubanews.com\/site\/2025\/10\/24\/policia-civil-localiza-corpo-de-jovem-desaparecida-em-rodeiro\/","title":{"rendered":"Pol\u00edcia Civil localiza corpo de jovem desaparecida em Rodeiro"},"content":{"rendered":"<p>Pol\u00edcia Civil localiza corpo de jovem desaparecida em Rodeiro, na Zona da Mata<br \/>\nSuspeito de 18 anos se apresentou \u00e0 pol\u00edcia e teve a pris\u00e3o formalizada em Ub\u00e1<\/p>\n<p>A Pol\u00edcia Civil de Minas Gerais (PCMG) localizou, nesta quinta-feira (23\/10), o corpo de uma adolescente de 17 anos que estava desaparecida desde a tarde de ontem (22\/10). O corpo foi encontrado em uma \u00e1rea de pastagem e mata situada entre os munic\u00edpios de Rodeiro e Sobral Pinto, na Zona da Mata mineira.<\/p>\n<h2>Pol\u00edcia Civil localiza corpo de jovem desaparecida em Rodeiro<\/h2>\n<p><img decoding=\"async\" class=\"aligncenter size-medium wp-image-23252 lazyload\" data-src=\"https:\/\/ubanews.com\/site\/wp-content\/uploads\/2025\/10\/Policia-Civil-3-225x300.jpeg\" alt=\"Pol\u00edcia Civil localiza corpo de jovem desaparecida em Rodeiro\" width=\"225\" height=\"300\" data-srcset=\"https:\/\/ubanews.com\/site\/wp-content\/uploads\/2025\/10\/Policia-Civil-3-225x300.jpeg 225w, https:\/\/ubanews.com\/site\/wp-content\/uploads\/2025\/10\/Policia-Civil-3-768x1024.jpeg 768w, https:\/\/ubanews.com\/site\/wp-content\/uploads\/2025\/10\/Policia-Civil-3-1152x1536.jpeg 1152w, https:\/\/ubanews.com\/site\/wp-content\/uploads\/2025\/10\/Policia-Civil-3-1536x2048.jpeg 1536w, https:\/\/ubanews.com\/site\/wp-content\/uploads\/2025\/10\/Policia-Civil-3-scaled.jpeg 1920w\" data-sizes=\"(max-width: 225px) 100vw, 225px\" src=\"data:image\/svg+xml;base64,PHN2ZyB3aWR0aD0iMSIgaGVpZ2h0PSIxIiB4bWxucz0iaHR0cDovL3d3dy53My5vcmcvMjAwMC9zdmciPjwvc3ZnPg==\" style=\"--smush-placeholder-width: 225px; --smush-placeholder-aspect-ratio: 225\/300;\" \/><\/p>\n<p>O suspeito do crime, de 18 anos, apresentou-se acompanhado de advogado na Delegacia Regional de Pol\u00edcia Civil em Ub\u00e1, onde teve a pris\u00e3o em flagrante formalizada pelo delegado Vin\u00edcius Soran\u00e7o.<\/p>\n<p>As equipes policiais apuram as circunst\u00e2ncias da morte e a din\u00e2mica dos fatos, mas, segundo informa\u00e7\u00f5es preliminares, o suspeito teria transportado o corpo da v\u00edtima enrolado em um cobertor em uma motocicleta, por cerca de oito quil\u00f4metros, at\u00e9 o local onde foi encontrado \u2014 fato que chamou a aten\u00e7\u00e3o dos investigadores.<\/p>\n<p>De acordo com o relato do investigado, ele teria mantido um breve relacionamento com a jovem e alegou que ela sofreu um sangramento repentino, evoluindo a \u00f3bito. \u201cO caso est\u00e1 sob apura\u00e7\u00e3o minuciosa. Os exames de necropsia ser\u00e3o fundamentais para esclarecer a causa da morte e confirmar ou refutar a vers\u00e3o apresentada pelo suspeito\u201d, explica o delegado Vin\u00edcius Soran\u00e7o.<\/p>\n<p>As investiga\u00e7\u00f5es est\u00e3o a cargo das equipes de homic\u00eddios, antidrogas e do N\u00facleo Regional de Investiga\u00e7\u00e3o da Delegacia de Pol\u00edcia Civil em Ub\u00e1. O investigado segue preso e \u00e0 disposi\u00e7\u00e3o da Justi\u00e7a, enquanto as apura\u00e7\u00f5es prosseguem para completa elucida\u00e7\u00e3o do caso.<\/p>\n","protected":false},"excerpt":{"rendered":"<p>Pol\u00edcia Civil localiza corpo de jovem desaparecida em Rodeiro, na<\/p>\n","protected":false},"author":4,"featured_media":23252,"comment_status":"open","ping_status":"open","sticky":false,"template":"","format":"standard","meta":{"footnotes":""},"categories":[1],"tags":[59,185,60],"class_list":["post-23251","post","type-post","status-publish","format-standard","has-post-thumbnail","hentry","category-sem-categoria","tag-fala-sodre","tag-feminicidio","tag-ubanews"],"yoast_head":"<!-- This site is optimized with the Yoast SEO plugin v27.2 - https:\/\/yoast.com\/product\/yoast-seo-wordpress\/ -->\n<title>Pol\u00edcia Civil localiza corpo de jovem desaparecida em Rodeiro - Ub\u00e1 News<\/title>\n<meta name=\"description\" content=\"Pol\u00edcia Civil localiza corpo de jovem desaparecida em Rodeiro, na Zona da MataSuspeito de 18 anos se apresentou \u00e0 pol\u00edcia\" \/>\n<meta name=\"robots\" content=\"index, follow, max-snippet:-1, max-image-preview:large, max-video-preview:-1\" \/>\n<link rel=\"canonical\" href=\"https:\/\/ubanews.com\/site\/2025\/10\/24\/policia-civil-localiza-corpo-de-jovem-desaparecida-em-rodeiro\/\" \/>\n<meta property=\"og:locale\" content=\"pt_BR\" \/>\n<meta property=\"og:type\" content=\"article\" \/>\n<meta property=\"og:title\" content=\"Pol\u00edcia Civil localiza corpo de jovem desaparecida em Rodeiro - Ub\u00e1 News\" \/>\n<meta property=\"og:description\" content=\"Pol\u00edcia Civil localiza corpo de jovem desaparecida em Rodeiro, na Zona da MataSuspeito de 18 anos se apresentou \u00e0 pol\u00edcia\" \/>\n<meta property=\"og:url\" content=\"https:\/\/ubanews.com\/site\/2025\/10\/24\/policia-civil-localiza-corpo-de-jovem-desaparecida-em-rodeiro\/\" \/>\n<meta property=\"og:site_name\" content=\"Ub\u00e1 News\" \/>\n<meta property=\"article:publisher\" content=\"https:\/\/www.facebook.com\/Ub%c3%a1News-Carlos-Roberto-Sodr%c3%a9-418778301977370\" \/>\n<meta property=\"article:published_time\" content=\"2025-10-24T12:30:41+00:00\" \/>\n<meta property=\"og:image\" content=\"https:\/\/ubanews.com\/site\/wp-content\/uploads\/2025\/10\/Policia-Civil-3-scaled.jpeg\" \/>\n\t<meta property=\"og:image:width\" content=\"1920\" \/>\n\t<meta property=\"og:image:height\" content=\"2560\" \/>\n\t<meta property=\"og:image:type\" content=\"image\/jpeg\" \/>\n<meta name=\"author\" content=\"Carlos Roberto Sodr\u00e9\" \/>\n<meta name=\"twitter:card\" content=\"summary_large_image\" \/>\n<meta name=\"twitter:label1\" content=\"Escrito por\" \/>\n\t<meta name=\"twitter:data1\" content=\"Carlos Roberto Sodr\u00e9\" \/>\n\t<meta name=\"twitter:label2\" content=\"Est. tempo de leitura\" \/>\n\t<meta name=\"twitter:data2\" content=\"2 minutos\" \/>\n<script type=\"application\/ld+json\" class=\"yoast-schema-graph\">{\"@context\":\"https:\/\/schema.org\",\"@graph\":[{\"@type\":\"Article\",\"@id\":\"https:\/\/ubanews.com\/site\/2025\/10\/24\/policia-civil-localiza-corpo-de-jovem-desaparecida-em-rodeiro\/#article\",\"isPartOf\":{\"@id\":\"https:\/\/ubanews.com\/site\/2025\/10\/24\/policia-civil-localiza-corpo-de-jovem-desaparecida-em-rodeiro\/\"},\"author\":{\"name\":\"Carlos Roberto Sodr\u00e9\",\"@id\":\"https:\/\/ubanews.com\/site\/#\/schema\/person\/9d8da9ec3c8d00640ab6e8c81e103310\"},\"headline\":\"Pol\u00edcia Civil localiza corpo de jovem desaparecida em Rodeiro\",\"datePublished\":\"2025-10-24T12:30:41+00:00\",\"mainEntityOfPage\":{\"@id\":\"https:\/\/ubanews.com\/site\/2025\/10\/24\/policia-civil-localiza-corpo-de-jovem-desaparecida-em-rodeiro\/\"},\"wordCount\":304,\"commentCount\":0,\"publisher\":{\"@id\":\"https:\/\/ubanews.com\/site\/#organization\"},\"image\":{\"@id\":\"https:\/\/ubanews.com\/site\/2025\/10\/24\/policia-civil-localiza-corpo-de-jovem-desaparecida-em-rodeiro\/#primaryimage\"},\"thumbnailUrl\":\"https:\/\/ubanews.com\/site\/wp-content\/uploads\/2025\/10\/Policia-Civil-3-scaled.jpeg\",\"keywords\":[\"Fala Sodr\u00e9\",\"Feminic\u00eddio\",\"UBANEWS\"],\"articleSection\":[\"Geral\"],\"inLanguage\":\"pt-BR\",\"potentialAction\":[{\"@type\":\"CommentAction\",\"name\":\"Comment\",\"target\":[\"https:\/\/ubanews.com\/site\/2025\/10\/24\/policia-civil-localiza-corpo-de-jovem-desaparecida-em-rodeiro\/#respond\"]}]},{\"@type\":\"WebPage\",\"@id\":\"https:\/\/ubanews.com\/site\/2025\/10\/24\/policia-civil-localiza-corpo-de-jovem-desaparecida-em-rodeiro\/\",\"url\":\"https:\/\/ubanews.com\/site\/2025\/10\/24\/policia-civil-localiza-corpo-de-jovem-desaparecida-em-rodeiro\/\",\"name\":\"Pol\u00edcia Civil localiza corpo de jovem desaparecida em Rodeiro - Ub\u00e1 News\",\"isPartOf\":{\"@id\":\"https:\/\/ubanews.com\/site\/#website\"},\"primaryImageOfPage\":{\"@id\":\"https:\/\/ubanews.com\/site\/2025\/10\/24\/policia-civil-localiza-corpo-de-jovem-desaparecida-em-rodeiro\/#primaryimage\"},\"image\":{\"@id\":\"https:\/\/ubanews.com\/site\/2025\/10\/24\/policia-civil-localiza-corpo-de-jovem-desaparecida-em-rodeiro\/#primaryimage\"},\"thumbnailUrl\":\"https:\/\/ubanews.com\/site\/wp-content\/uploads\/2025\/10\/Policia-Civil-3-scaled.jpeg\",\"datePublished\":\"2025-10-24T12:30:41+00:00\",\"description\":\"Pol\u00edcia Civil localiza corpo de jovem desaparecida em Rodeiro, na Zona da MataSuspeito de 18 anos se apresentou \u00e0 pol\u00edcia\",\"breadcrumb\":{\"@id\":\"https:\/\/ubanews.com\/site\/2025\/10\/24\/policia-civil-localiza-corpo-de-jovem-desaparecida-em-rodeiro\/#breadcrumb\"},\"inLanguage\":\"pt-BR\",\"potentialAction\":[{\"@type\":\"ReadAction\",\"target\":[\"https:\/\/ubanews.com\/site\/2025\/10\/24\/policia-civil-localiza-corpo-de-jovem-desaparecida-em-rodeiro\/\"]}]},{\"@type\":\"ImageObject\",\"inLanguage\":\"pt-BR\",\"@id\":\"https:\/\/ubanews.com\/site\/2025\/10\/24\/policia-civil-localiza-corpo-de-jovem-desaparecida-em-rodeiro\/#primaryimage\",\"url\":\"https:\/\/ubanews.com\/site\/wp-content\/uploads\/2025\/10\/Policia-Civil-3-scaled.jpeg\",\"contentUrl\":\"https:\/\/ubanews.com\/site\/wp-content\/uploads\/2025\/10\/Policia-Civil-3-scaled.jpeg\",\"width\":1920,\"height\":2560,\"caption\":\"Pol\u00edcia Civil localiza corpo de jovem desaparecida em Rodeiro\"},{\"@type\":\"BreadcrumbList\",\"@id\":\"https:\/\/ubanews.com\/site\/2025\/10\/24\/policia-civil-localiza-corpo-de-jovem-desaparecida-em-rodeiro\/#breadcrumb\",\"itemListElement\":[{\"@type\":\"ListItem\",\"position\":1,\"name\":\"Home\",\"item\":\"https:\/\/ubanews.com\/site\/\"},{\"@type\":\"ListItem\",\"position\":2,\"name\":\"Pol\u00edcia Civil localiza corpo de jovem desaparecida em Rodeiro\"}]},{\"@type\":\"WebSite\",\"@id\":\"https:\/\/ubanews.com\/site\/#website\",\"url\":\"https:\/\/ubanews.com\/site\/\",\"name\":\"Ub\u00e1 News\",\"description\":\"\",\"publisher\":{\"@id\":\"https:\/\/ubanews.com\/site\/#organization\"},\"potentialAction\":[{\"@type\":\"SearchAction\",\"target\":{\"@type\":\"EntryPoint\",\"urlTemplate\":\"https:\/\/ubanews.com\/site\/?s={search_term_string}\"},\"query-input\":{\"@type\":\"PropertyValueSpecification\",\"valueRequired\":true,\"valueName\":\"search_term_string\"}}],\"inLanguage\":\"pt-BR\"},{\"@type\":\"Organization\",\"@id\":\"https:\/\/ubanews.com\/site\/#organization\",\"name\":\"Ub\u00e1 News\",\"url\":\"https:\/\/ubanews.com\/site\/\",\"logo\":{\"@type\":\"ImageObject\",\"inLanguage\":\"pt-BR\",\"@id\":\"https:\/\/ubanews.com\/site\/#\/schema\/logo\/image\/\",\"url\":\"https:\/\/ubanews.com\/site\/wp-content\/uploads\/2018\/01\/logoubanews.png\",\"contentUrl\":\"https:\/\/ubanews.com\/site\/wp-content\/uploads\/2018\/01\/logoubanews.png\",\"width\":261,\"height\":99,\"caption\":\"Ub\u00e1 News\"},\"image\":{\"@id\":\"https:\/\/ubanews.com\/site\/#\/schema\/logo\/image\/\"},\"sameAs\":[\"https:\/\/www.facebook.com\/Ub\u00e1News-Carlos-Roberto-Sodr\u00e9-418778301977370\"]},{\"@type\":\"Person\",\"@id\":\"https:\/\/ubanews.com\/site\/#\/schema\/person\/9d8da9ec3c8d00640ab6e8c81e103310\",\"name\":\"Carlos Roberto Sodr\u00e9\",\"image\":{\"@type\":\"ImageObject\",\"inLanguage\":\"pt-BR\",\"@id\":\"https:\/\/secure.gravatar.com\/avatar\/aab322e8555b56c468614fafdab8a8f924e394cdc6cfd8232f77e9e4d123a133?s=96&d=mm&r=g\",\"url\":\"https:\/\/secure.gravatar.com\/avatar\/aab322e8555b56c468614fafdab8a8f924e394cdc6cfd8232f77e9e4d123a133?s=96&d=mm&r=g\",\"contentUrl\":\"https:\/\/secure.gravatar.com\/avatar\/aab322e8555b56c468614fafdab8a8f924e394cdc6cfd8232f77e9e4d123a133?s=96&d=mm&r=g\",\"caption\":\"Carlos Roberto Sodr\u00e9\"},\"url\":\"https:\/\/ubanews.com\/site\/author\/sodre\/\"}]}<\/script>\n<!-- \/ Yoast SEO plugin. -->","yoast_head_json":{"title":"Pol\u00edcia Civil localiza corpo de jovem desaparecida em Rodeiro - Ub\u00e1 News","description":"Pol\u00edcia Civil localiza corpo de jovem desaparecida em Rodeiro, na Zona da MataSuspeito de 18 anos se apresentou \u00e0 pol\u00edcia","robots":{"index":"index","follow":"follow","max-snippet":"max-snippet:-1","max-image-preview":"max-image-preview:large","max-video-preview":"max-video-preview:-1"},"canonical":"https:\/\/ubanews.com\/site\/2025\/10\/24\/policia-civil-localiza-corpo-de-jovem-desaparecida-em-rodeiro\/","og_locale":"pt_BR","og_type":"article","og_title":"Pol\u00edcia Civil localiza corpo de jovem desaparecida em Rodeiro - Ub\u00e1 News","og_description":"Pol\u00edcia Civil localiza corpo de jovem desaparecida em Rodeiro, na Zona da MataSuspeito de 18 anos se apresentou \u00e0 pol\u00edcia","og_url":"https:\/\/ubanews.com\/site\/2025\/10\/24\/policia-civil-localiza-corpo-de-jovem-desaparecida-em-rodeiro\/","og_site_name":"Ub\u00e1 News","article_publisher":"https:\/\/www.facebook.com\/Ub%c3%a1News-Carlos-Roberto-Sodr%c3%a9-418778301977370","article_published_time":"2025-10-24T12:30:41+00:00","og_image":[{"width":1920,"height":2560,"url":"https:\/\/ubanews.com\/site\/wp-content\/uploads\/2025\/10\/Policia-Civil-3-scaled.jpeg","type":"image\/jpeg"}],"author":"Carlos Roberto Sodr\u00e9","twitter_card":"summary_large_image","twitter_misc":{"Escrito por":"Carlos Roberto Sodr\u00e9","Est. tempo de leitura":"2 minutos"},"schema":{"@context":"https:\/\/schema.org","@graph":[{"@type":"Article","@id":"https:\/\/ubanews.com\/site\/2025\/10\/24\/policia-civil-localiza-corpo-de-jovem-desaparecida-em-rodeiro\/#article","isPartOf":{"@id":"https:\/\/ubanews.com\/site\/2025\/10\/24\/policia-civil-localiza-corpo-de-jovem-desaparecida-em-rodeiro\/"},"author":{"name":"Carlos Roberto Sodr\u00e9","@id":"https:\/\/ubanews.com\/site\/#\/schema\/person\/9d8da9ec3c8d00640ab6e8c81e103310"},"headline":"Pol\u00edcia Civil localiza corpo de jovem desaparecida em Rodeiro","datePublished":"2025-10-24T12:30:41+00:00","mainEntityOfPage":{"@id":"https:\/\/ubanews.com\/site\/2025\/10\/24\/policia-civil-localiza-corpo-de-jovem-desaparecida-em-rodeiro\/"},"wordCount":304,"commentCount":0,"publisher":{"@id":"https:\/\/ubanews.com\/site\/#organization"},"image":{"@id":"https:\/\/ubanews.com\/site\/2025\/10\/24\/policia-civil-localiza-corpo-de-jovem-desaparecida-em-rodeiro\/#primaryimage"},"thumbnailUrl":"https:\/\/ubanews.com\/site\/wp-content\/uploads\/2025\/10\/Policia-Civil-3-scaled.jpeg","keywords":["Fala Sodr\u00e9","Feminic\u00eddio","UBANEWS"],"articleSection":["Geral"],"inLanguage":"pt-BR","potentialAction":[{"@type":"CommentAction","name":"Comment","target":["https:\/\/ubanews.com\/site\/2025\/10\/24\/policia-civil-localiza-corpo-de-jovem-desaparecida-em-rodeiro\/#respond"]}]},{"@type":"WebPage","@id":"https:\/\/ubanews.com\/site\/2025\/10\/24\/policia-civil-localiza-corpo-de-jovem-desaparecida-em-rodeiro\/","url":"https:\/\/ubanews.com\/site\/2025\/10\/24\/policia-civil-localiza-corpo-de-jovem-desaparecida-em-rodeiro\/","name":"Pol\u00edcia Civil localiza corpo de jovem desaparecida em Rodeiro - Ub\u00e1 News","isPartOf":{"@id":"https:\/\/ubanews.com\/site\/#website"},"primaryImageOfPage":{"@id":"https:\/\/ubanews.com\/site\/2025\/10\/24\/policia-civil-localiza-corpo-de-jovem-desaparecida-em-rodeiro\/#primaryimage"},"image":{"@id":"https:\/\/ubanews.com\/site\/2025\/10\/24\/policia-civil-localiza-corpo-de-jovem-desaparecida-em-rodeiro\/#primaryimage"},"thumbnailUrl":"https:\/\/ubanews.com\/site\/wp-content\/uploads\/2025\/10\/Policia-Civil-3-scaled.jpeg","datePublished":"2025-10-24T12:30:41+00:00","description":"Pol\u00edcia Civil localiza corpo de jovem desaparecida em Rodeiro, na Zona da MataSuspeito de 18 anos se apresentou \u00e0 pol\u00edcia","breadcrumb":{"@id":"https:\/\/ubanews.com\/site\/2025\/10\/24\/policia-civil-localiza-corpo-de-jovem-desaparecida-em-rodeiro\/#breadcrumb"},"inLanguage":"pt-BR","potentialAction":[{"@type":"ReadAction","target":["https:\/\/ubanews.com\/site\/2025\/10\/24\/policia-civil-localiza-corpo-de-jovem-desaparecida-em-rodeiro\/"]}]},{"@type":"ImageObject","inLanguage":"pt-BR","@id":"https:\/\/ubanews.com\/site\/2025\/10\/24\/policia-civil-localiza-corpo-de-jovem-desaparecida-em-rodeiro\/#primaryimage","url":"https:\/\/ubanews.com\/site\/wp-content\/uploads\/2025\/10\/Policia-Civil-3-scaled.jpeg","contentUrl":"https:\/\/ubanews.com\/site\/wp-content\/uploads\/2025\/10\/Policia-Civil-3-scaled.jpeg","width":1920,"height":2560,"caption":"Pol\u00edcia Civil localiza corpo de jovem desaparecida em Rodeiro"},{"@type":"BreadcrumbList","@id":"https:\/\/ubanews.com\/site\/2025\/10\/24\/policia-civil-localiza-corpo-de-jovem-desaparecida-em-rodeiro\/#breadcrumb","itemListElement":[{"@type":"ListItem","position":1,"name":"Home","item":"https:\/\/ubanews.com\/site\/"},{"@type":"ListItem","position":2,"name":"Pol\u00edcia Civil localiza corpo de jovem desaparecida em Rodeiro"}]},{"@type":"WebSite","@id":"https:\/\/ubanews.com\/site\/#website","url":"https:\/\/ubanews.com\/site\/","name":"Ub\u00e1 News","description":"","publisher":{"@id":"https:\/\/ubanews.com\/site\/#organization"},"potentialAction":[{"@type":"SearchAction","target":{"@type":"EntryPoint","urlTemplate":"https:\/\/ubanews.com\/site\/?s={search_term_string}"},"query-input":{"@type":"PropertyValueSpecification","valueRequired":true,"valueName":"search_term_string"}}],"inLanguage":"pt-BR"},{"@type":"Organization","@id":"https:\/\/ubanews.com\/site\/#organization","name":"Ub\u00e1 News","url":"https:\/\/ubanews.com\/site\/","logo":{"@type":"ImageObject","inLanguage":"pt-BR","@id":"https:\/\/ubanews.com\/site\/#\/schema\/logo\/image\/","url":"https:\/\/ubanews.com\/site\/wp-content\/uploads\/2018\/01\/logoubanews.png","contentUrl":"https:\/\/ubanews.com\/site\/wp-content\/uploads\/2018\/01\/logoubanews.png","width":261,"height":99,"caption":"Ub\u00e1 News"},"image":{"@id":"https:\/\/ubanews.com\/site\/#\/schema\/logo\/image\/"},"sameAs":["https:\/\/www.facebook.com\/Ub\u00e1News-Carlos-Roberto-Sodr\u00e9-418778301977370"]},{"@type":"Person","@id":"https:\/\/ubanews.com\/site\/#\/schema\/person\/9d8da9ec3c8d00640ab6e8c81e103310","name":"Carlos Roberto Sodr\u00e9","image":{"@type":"ImageObject","inLanguage":"pt-BR","@id":"https:\/\/secure.gravatar.com\/avatar\/aab322e8555b56c468614fafdab8a8f924e394cdc6cfd8232f77e9e4d123a133?s=96&d=mm&r=g","url":"https:\/\/secure.gravatar.com\/avatar\/aab322e8555b56c468614fafdab8a8f924e394cdc6cfd8232f77e9e4d123a133?s=96&d=mm&r=g","contentUrl":"https:\/\/secure.gravatar.com\/avatar\/aab322e8555b56c468614fafdab8a8f924e394cdc6cfd8232f77e9e4d123a133?s=96&d=mm&r=g","caption":"Carlos Roberto Sodr\u00e9"},"url":"https:\/\/ubanews.com\/site\/author\/sodre\/"}]}},"_links":{"self":[{"href":"https:\/\/ubanews.com\/site\/wp-json\/wp\/v2\/posts\/23251","targetHints":{"allow":["GET"]}}],"collection":[{"href":"https:\/\/ubanews.com\/site\/wp-json\/wp\/v2\/posts"}],"about":[{"href":"https:\/\/ubanews.com\/site\/wp-json\/wp\/v2\/types\/post"}],"author":[{"embeddable":true,"href":"https:\/\/ubanews.com\/site\/wp-json\/wp\/v2\/users\/4"}],"replies":[{"embeddable":true,"href":"https:\/\/ubanews.com\/site\/wp-json\/wp\/v2\/comments?post=23251"}],"version-history":[{"count":0,"href":"https:\/\/ubanews.com\/site\/wp-json\/wp\/v2\/posts\/23251\/revisions"}],"wp:featuredmedia":[{"embeddable":true,"href":"https:\/\/ubanews.com\/site\/wp-json\/wp\/v2\/media\/23252"}],"wp:attachment":[{"href":"https:\/\/ubanews.com\/site\/wp-json\/wp\/v2\/media?parent=23251"}],"wp:term":[{"taxonomy":"category","embeddable":true,"href":"https:\/\/ubanews.com\/site\/wp-json\/wp\/v2\/categories?post=23251"},{"taxonomy":"post_tag","embeddable":true,"href":"https:\/\/ubanews.com\/site\/wp-json\/wp\/v2\/tags?post=23251"}],"curies":[{"name":"wp","href":"https:\/\/api.w.org\/{rel}","templated":true}]}}